{"id":846875,"date":"2021-08-27T07:00:00","date_gmt":"2021-08-27T10:00:00","guid":{"rendered":"https:\/\/www.estrategiaconcursos.com.br\/blog\/?p=846875"},"modified":"2021-08-27T10:36:50","modified_gmt":"2021-08-27T13:36:50","slug":"cgu-prazo-entre-edital-e-provas-reduzido","status":"publish","type":"post","link":"https:\/\/www.estrategiaconcursos.com.br\/blog\/cgu-prazo-entre-edital-e-provas-reduzido\/","title":{"rendered":"CGU: prazo entre edital e provas \u00e9 reduzido em dois meses"},"content":{"rendered":"\n<p>Aten\u00e7\u00e3o, estrategistas! Foi reduzido o prazo entre o edital e as provas do <strong><em>concurso CGU<\/em><\/strong>. Segundo informa\u00e7\u00f5es divulgadas no Di\u00e1rio Oficial da Uni\u00e3o (<strong><a href=\"https:\/\/portal.in.gov.br\/inicio\" target=\"_blank\" rel=\"noreferrer noopener\">DOU<\/a><\/strong>) nesta sexta-feira, 27 de agosto, o intervalo, agora, ser\u00e1 de dois meses.<\/p>\n\n\n\n<p>Com isso, as provas podem ser aplicadas ainda neste ano. Importante ressaltar que, em um primeiro momento, as avalia\u00e7\u00f5es estavam previstas para o\u00a0<a href=\"https:\/\/www.estrategiaconcursos.com.br\/blog\/concurso-cgu-proximos-passos\/\" target=\"_blank\" rel=\"noreferrer noopener\">in\u00edcio de 2022<\/a>, conforme confirmado ao jornalismo do Estrat\u00e9gia. <\/p>\n\n\n\n<p>A\u00a0<strong><a rel=\"noreferrer noopener\" href=\"https:\/\/www.in.gov.br\/en\/web\/dou\/-\/portaria-sedgg\/me-n-10.352-de-24-de-agosto-de-2021-341034383\" target=\"_blank\">portaria autorizativa<\/a>\u00a0<\/strong>foi assinada pelo secret\u00e1rio especial de desburocratiza\u00e7\u00e3o, Caio Mario Paes de Andrade. Confira na \u00edntegra o documento:<\/p>\n\n\n\n<div class=\"wp-block-image\"><figure class=\"aligncenter size-large is-resized\"><img loading=\"lazy\" decoding=\"async\" src=\"https:\/\/dhg1h5j42swfq.cloudfront.net\/2021\/08\/27082356\/image-1-2-1.png\" alt=\"concurso CGU: reduzido em dois meses, prazo entre edital e provas\" class=\"wp-image-846879\" width=\"562\" height=\"416\" srcset=\"https:\/\/dhg1h5j42swfq.cloudfront.net\/2021\/08\/27082356\/image-1-2-1.png 948w, https:\/\/dhg1h5j42swfq.cloudfront.net\/2021\/08\/27082356\/image-1-2-1-300x223.png 300w, https:\/\/dhg1h5j42swfq.cloudfront.net\/2021\/08\/27082356\/image-1-2-1-768x570.png 768w, https:\/\/dhg1h5j42swfq.cloudfront.net\/2021\/08\/27082356\/image-1-2-1-610x453.png 610w\" sizes=\"auto, (max-width: 562px) 100vw, 562px\" \/><\/figure><\/div>\n\n\n\n<p>Por conseguinte, est\u00e1 cada vez mais pr\u00f3ximo o lan\u00e7amento do edital, que j\u00e1 tem\u00a0<strong>375 vagas autorizadas<\/strong>\u00a0para os cargos de\u00a0<strong>Auditor<\/strong>\u00a0e\u00a0<strong>T\u00e9cnico da Controladoria-Geral da Uni\u00e3o<\/strong>. <\/p>\n\n\n\n<p>Ser\u00e3o\u00a0<strong>300 vagas\u00a0<\/strong>para <a href=\"https:\/\/www.estrategiaconcursos.com.br\/curso\/pacotaco-pacote-teorico-pacote-passo-p-cgu-analista-de-financas-area-geral-2021-pre-edital\/\" target=\"_blank\" rel=\"noreferrer noopener\">Auditor Federal de Finan\u00e7as e Controle<\/a> e\u00a0<strong>75\u00a0<\/strong>para <a href=\"https:\/\/www.estrategiaconcursos.com.br\/curso\/pacotaco-pacote-teorico-pacote-passo-p-cgu-tecnico-federal-de-financas-e-controle-pre-edital\/\" target=\"_blank\" rel=\"noreferrer noopener\">T\u00e9cnico Federal de Finan\u00e7as e Controle<\/a>. Agora, o pr\u00f3ximo passo ser\u00e1 a defini\u00e7\u00e3o da banca organizadora.<\/p>\n\n\n\n<div class=\"wp-block-image\"><figure class=\"aligncenter size-large\"><img loading=\"lazy\" decoding=\"async\" width=\"600\" height=\"400\" src=\"https:\/\/dhg1h5j42swfq.cloudfront.net\/2021\/08\/27083457\/whatsapp-image-2020-01-07-at-09-40-22-1-600x400-1.jpeg\" alt=\"Edif\u00edcio CGU | Imagem: reprodu\u00e7\u00e3o\" class=\"wp-image-846891\" srcset=\"https:\/\/dhg1h5j42swfq.cloudfront.net\/2021\/08\/27083457\/whatsapp-image-2020-01-07-at-09-40-22-1-600x400-1.jpeg 600w, https:\/\/dhg1h5j42swfq.cloudfront.net\/2021\/08\/27083457\/whatsapp-image-2020-01-07-at-09-40-22-1-600x400-1-300x200.jpeg 300w\" sizes=\"auto, (max-width: 600px) 100vw, 600px\" \/><figcaption>Edif\u00edcio CGU | Imagem: reprodu\u00e7\u00e3o<\/figcaption><\/figure><\/div>\n\n\n\n<h2 class=\"wp-block-heading\" id=\"ultimo-concurso\">Concurso CGU: \u00faltima edi\u00e7\u00e3o para Analista<\/h2>\n\n\n\n<p>Realizado em 2012 sob organiza\u00e7\u00e3o da ESAF, o\u00a0<strong>\u00faltimo concurso CGU<\/strong>\u00a0contemplou vagas para os cargos de Analista de Finan\u00e7as e Controle. <\/p>\n\n\n\n<p>O edital ofereceu 250 vagas, divididas em oito especialidades. Foram registrados 19.978 candidatos inscritos.<\/p>\n\n\n\n<h3 class=\"wp-block-heading\">Vagas e especialidades:<\/h3>\n\n\n\n<ul class=\"wp-block-list\"><li>Administrativa \u2013 18 vagas<\/li><li>Correi\u00e7\u00e3o \u2013 12 vagas<\/li><li>Comunica\u00e7\u00e3o Social \u2013 04 vagas<\/li><li>Auditoria e Fiscaliza\u00e7\u00e3o (Infraestrutura) \u2013 22 vagas<\/li><li>Auditoria e Fiscaliza\u00e7\u00e3o (Geral) \u2013 118 vagas<\/li><li>TI. \u2013 Sistemas \u2013 32 vagas<\/li><li>T.I. \u2013 Infraestrutura \u2013 14 vagas<\/li><li>Preven\u00e7\u00e3o e Ouvidoria \u2013 30 vagas<\/li><\/ul>\n\n\n\n<p class=\"has-text-align-center\"><em>Para mais detalhes do concurso CGU, cujo prazo entre edital e provas foi reduzido, acesse o link abaixo. Preparamos um artigo completo, separado por t\u00f3picos, para que facilite a sua compreens\u00e3o:<\/em><\/p>\n\n\n\n<p class=\"has-text-align-center has-luminous-vivid-amber-background-color has-background has-medium-font-size\"><strong>Saiba mais: <a href=\"https:\/\/www.estrategiaconcursos.com.br\/blog\/concurso-cgu\/\" target=\"_blank\" rel=\"noreferrer noopener\">concurso CGU<\/a><\/strong><\/p>\n\n\n\n<hr class=\"wp-block-separator\"\/>\n\n\n\n<h2 class=\"has-text-align-center wp-block-heading\" id=\"cursos-assinatura\">Quer estudar para o concurso CGU?<\/h2>\n\n\n\n<div class=\"container\" id=\"boxes\">\n  <div class=\"row\">\n\n    <div class=\"col-sm\">\n      <div class=\"banner-tcg\" id=\"box-assinatura\">\n        <h3 class=\"titulo-assinatura\">Cursos CGU<\/h3>\n        <p class=\"subtitulo-assinatura\">Conhe\u00e7a os cursos<\/p>\n        <div class=\"box-botao\">\n          <a class=\"btn-assinatura\" target=\"_blank\" href=\"https:\/\/www.estrategiaconcursos.com.br\/cursosPorConcurso\/controladoria-geral-da-uniao-cgu\/\" role=\"button\" rel=\"noopener noreferrer\">Conhe\u00e7a mais<\/a>\n        <\/div>\n      <\/div>\n      \n    <\/div>\n\n  <\/div>\n<\/div>\n\n\n\n<div class=\"container\" id=\"boxes\">\n  <div class=\"row\">\n\n    <div class=\"col-sm\">\n      <div class=\"estrategia\" id=\"box-assinatura\">\n        <h3 class=\"titulo-assinatura\">Assinatura Concursos<\/h3>\n        <p class=\"subtitulo-assinatura\">Assinatura de 1 ano ou 2 anos<\/p>\n        <div class=\"box-botao\">\n          <a class=\"btn-assinatura\" target=\"_blank\" href=\"https:\/\/www.estrategiaconcursos.com.br\/assinaturas\/\" role=\"button\" rel=\"noopener noreferrer\">ASSINE AGORA<\/a>\n        <\/div>\n      <\/div><\/div><\/div><\/div>\n\n\n\n<div class=\"container\" id=\"boxes\">\n  <div class=\"row\">\n\n    <div class=\"col-sm\" id=\"boxes-concursos\">\n      <div style=\"background-color: #005DAD;\" class=\"conteudo-concursos\" id=\"box-concursos\">\n        <h3 class=\"titulo-assinatura\">Concursos Abertos<\/h3>\n        <p class=\"subtitulo-assinatura\">Confira os editais publicados<\/p>\n        <div class=\"box-botao\">\n          <a class=\"btn-assinatura\" target=\"_blank\" href=\"https:\/\/www.estrategiaconcursos.com.br\/blog\/concursos-abertos\/\" role=\"button\" rel=\"noopener noreferrer\">Conhe\u00e7a Agora<\/a>\n        <\/div>\n      <\/div>\n    <\/div>\n\n    <div class=\"col-sm\" id=\"boxes-concursos\">\n      <div style=\"background-color: #1A7ED5;\" class=\"conteudo-concursos\" id=\"box-concursos\">\n        <h3 class=\"titulo-assinatura\">Concursos 2021<\/h3>\n        <p class=\"subtitulo-assinatura\">As oportunidades previstas<\/p>\n        <div class=\"box-botao\">\n          <a class=\"btn-assinatura\" target=\"_blank\" href=\"https:\/\/www.estrategiaconcursos.com.br\/blog\/concursos-2021\/\" role=\"button\" rel=\"noopener noreferrer\">Conhe\u00e7a Agora<\/a>\n        <\/div>\n      <\/div>\n    <\/div>\n\n    <div class=\"col-sm\" id=\"boxes-concursos\">\n      <div style=\"background-color: #419FF0;\" class=\"conteudo-concursos\" id=\"box-concursos\">\n        <h3 class=\"titulo-assinatura\">Concursos 2022<\/h3>\n        <p class=\"subtitulo-assinatura\">Vagas para o pr\u00f3ximo ano<\/p>\n        <div class=\"box-botao\">\n          <a class=\"btn-assinatura\" target=\"_blank\" href=\"https:\/\/www.estrategiaconcursos.com.br\/blog\/concursos-2022\/\" role=\"button\" rel=\"noopener noreferrer\">Conhe\u00e7a Agora<\/a>\n        <\/div>\n      <\/div>\n    <\/div>\n\n  <\/div>\n<\/div>\n","protected":false},"excerpt":{"rendered":"<p>Aten\u00e7\u00e3o, estrategistas! Foi reduzido o prazo entre o edital e as provas do concurso CGU. Segundo informa\u00e7\u00f5es divulgadas no Di\u00e1rio Oficial da Uni\u00e3o (DOU) nesta sexta-feira, 27 de agosto, o intervalo, agora, ser\u00e1 de dois meses. Com isso, as provas podem ser aplicadas ainda neste ano. Importante ressaltar que, em um primeiro momento, as avalia\u00e7\u00f5es [&hellip;]<\/p>\n","protected":false},"author":2018,"featured_media":739739,"comment_status":"open","ping_status":"closed","sticky":false,"template":"","format":"standard","meta":{"post_tipo":"news","footnotes":""},"categories":[220180,220219],"tags":[],"tax_estado":[219963],"class_list":["post-846875","post","type-post","status-publish","format-standard","has-post-thumbnail","hentry","category-controle-gestao","category-noticias","tax_estado-concursos-federais"],"acf":[],"yoast_head":"<!-- This site is optimized with the Yoast SEO Premium plugin v27.2 (Yoast SEO v27.2) - https:\/\/yoast.com\/product\/yoast-seo-premium-wordpress\/ -->\n<title>CGU: prazo entre edital e provas \u00e9 reduzido em dois meses<\/title>\n<meta name=\"description\" content=\"Concurso CGU: prazo entre edital e provas \u00e9 reduzido em dois meses. Com isso, avalia\u00e7\u00f5es podem ser aplicadas ainda em 2021. VEJA!\" \/>\n<meta name=\"robots\" content=\"index, follow, max-snippet:-1, max-image-preview:large, max-video-preview:-1\" \/>\n<link rel=\"canonical\" href=\"https:\/\/www.estrategiaconcursos.com.br\/blog\/cgu-prazo-entre-edital-e-provas-reduzido\/\" \/>\n<meta property=\"og:locale\" content=\"pt_BR\" \/>\n<meta property=\"og:type\" content=\"article\" \/>\n<meta property=\"og:title\" content=\"CGU: prazo entre edital e provas \u00e9 reduzido em dois meses\" \/>\n<meta property=\"og:description\" content=\"Concurso CGU: prazo entre edital e provas \u00e9 reduzido em dois meses. Com isso, avalia\u00e7\u00f5es podem ser aplicadas ainda em 2021. VEJA!\" \/>\n<meta property=\"og:url\" content=\"https:\/\/www.estrategiaconcursos.com.br\/blog\/cgu-prazo-entre-edital-e-provas-reduzido\/\" \/>\n<meta property=\"og:site_name\" content=\"Estrat\u00e9gia Concursos\" \/>\n<meta property=\"article:published_time\" content=\"2021-08-27T10:00:00+00:00\" \/>\n<meta property=\"article:modified_time\" content=\"2021-08-27T13:36:50+00:00\" \/>\n<meta property=\"og:image\" content=\"https:\/\/dhg1h5j42swfq.cloudfront.net\/2021\/05\/13140451\/cgu.jpg\" \/>\n\t<meta property=\"og:image:width\" content=\"768\" \/>\n\t<meta property=\"og:image:height\" content=\"432\" \/>\n\t<meta property=\"og:image:type\" content=\"image\/jpeg\" \/>\n<meta name=\"author\" content=\"B\u00e1rbara Carvalho Santos\" \/>\n<meta name=\"twitter:card\" content=\"summary_large_image\" \/>\n<meta name=\"twitter:creator\" content=\"@EstratConcursos\" \/>\n<meta name=\"twitter:site\" content=\"@EstratConcursos\" \/>\n<meta name=\"twitter:label1\" content=\"Escrito por\" \/>\n\t<meta name=\"twitter:data1\" content=\"B\u00e1rbara Carvalho Santos\" \/>\n\t<meta name=\"twitter:label2\" content=\"Est. tempo de leitura\" \/>\n\t<meta name=\"twitter:data2\" content=\"2 minutos\" \/>\n<script type=\"application\/ld+json\" class=\"yoast-schema-graph\">{\"@context\":\"https:\/\/schema.org\",\"@graph\":[{\"@type\":\"NewsArticle\",\"@id\":\"https:\/\/www.estrategiaconcursos.com.br\/blog\/cgu-prazo-entre-edital-e-provas-reduzido\/#article\",\"isPartOf\":{\"@id\":\"https:\/\/www.estrategiaconcursos.com.br\/blog\/cgu-prazo-entre-edital-e-provas-reduzido\/\"},\"author\":{\"name\":\"B\u00e1rbara Carvalho Santos\",\"@id\":\"https:\/\/www.estrategiaconcursos.com.br\/blog\/#\/schema\/person\/e3882259fa157d54c44c21f4ee4e0e60\"},\"headline\":\"CGU: prazo entre edital e provas \u00e9 reduzido em dois meses\",\"datePublished\":\"2021-08-27T10:00:00+00:00\",\"dateModified\":\"2021-08-27T13:36:50+00:00\",\"mainEntityOfPage\":{\"@id\":\"https:\/\/www.estrategiaconcursos.com.br\/blog\/cgu-prazo-entre-edital-e-provas-reduzido\/\"},\"wordCount\":340,\"commentCount\":0,\"publisher\":{\"@id\":\"https:\/\/www.estrategiaconcursos.com.br\/blog\/#organization\"},\"image\":{\"@id\":\"https:\/\/www.estrategiaconcursos.com.br\/blog\/cgu-prazo-entre-edital-e-provas-reduzido\/#primaryimage\"},\"thumbnailUrl\":\"https:\/\/dhg1h5j42swfq.cloudfront.net\/2021\/05\/13140451\/cgu.jpg\",\"articleSection\":[\"Controladorias\/Gest\u00e3o (CGU, CGE, STN, EPPGG)\",\"\u00daltimas not\u00edcias\"],\"inLanguage\":\"pt-BR\",\"potentialAction\":[{\"@type\":\"CommentAction\",\"name\":\"Comment\",\"target\":[\"https:\/\/www.estrategiaconcursos.com.br\/blog\/cgu-prazo-entre-edital-e-provas-reduzido\/#respond\"]}],\"copyrightYear\":\"2021\",\"copyrightHolder\":{\"@id\":\"https:\/\/www.estrategiaconcursos.com.br\/blog\/#organization\"}},{\"@type\":\"WebPage\",\"@id\":\"https:\/\/www.estrategiaconcursos.com.br\/blog\/cgu-prazo-entre-edital-e-provas-reduzido\/\",\"url\":\"https:\/\/www.estrategiaconcursos.com.br\/blog\/cgu-prazo-entre-edital-e-provas-reduzido\/\",\"name\":\"CGU: prazo entre edital e provas \u00e9 reduzido em dois meses\",\"isPartOf\":{\"@id\":\"https:\/\/www.estrategiaconcursos.com.br\/blog\/#website\"},\"primaryImageOfPage\":{\"@id\":\"https:\/\/www.estrategiaconcursos.com.br\/blog\/cgu-prazo-entre-edital-e-provas-reduzido\/#primaryimage\"},\"image\":{\"@id\":\"https:\/\/www.estrategiaconcursos.com.br\/blog\/cgu-prazo-entre-edital-e-provas-reduzido\/#primaryimage\"},\"thumbnailUrl\":\"https:\/\/dhg1h5j42swfq.cloudfront.net\/2021\/05\/13140451\/cgu.jpg\",\"datePublished\":\"2021-08-27T10:00:00+00:00\",\"dateModified\":\"2021-08-27T13:36:50+00:00\",\"description\":\"Concurso CGU: prazo entre edital e provas \u00e9 reduzido em dois meses. Com isso, avalia\u00e7\u00f5es podem ser aplicadas ainda em 2021. VEJA!\",\"breadcrumb\":{\"@id\":\"https:\/\/www.estrategiaconcursos.com.br\/blog\/cgu-prazo-entre-edital-e-provas-reduzido\/#breadcrumb\"},\"inLanguage\":\"pt-BR\",\"potentialAction\":[{\"@type\":\"ReadAction\",\"target\":[\"https:\/\/www.estrategiaconcursos.com.br\/blog\/cgu-prazo-entre-edital-e-provas-reduzido\/\"]}]},{\"@type\":\"ImageObject\",\"inLanguage\":\"pt-BR\",\"@id\":\"https:\/\/www.estrategiaconcursos.com.br\/blog\/cgu-prazo-entre-edital-e-provas-reduzido\/#primaryimage\",\"url\":\"https:\/\/dhg1h5j42swfq.cloudfront.net\/2021\/05\/13140451\/cgu.jpg\",\"contentUrl\":\"https:\/\/dhg1h5j42swfq.cloudfront.net\/2021\/05\/13140451\/cgu.jpg\",\"width\":768,\"height\":432,\"caption\":\"CGU\"},{\"@type\":\"BreadcrumbList\",\"@id\":\"https:\/\/www.estrategiaconcursos.com.br\/blog\/cgu-prazo-entre-edital-e-provas-reduzido\/#breadcrumb\",\"itemListElement\":[{\"@type\":\"ListItem\",\"position\":1,\"name\":\"In\u00edcio\",\"item\":\"https:\/\/www.estrategiaconcursos.com.br\/blog\/\"},{\"@type\":\"ListItem\",\"position\":2,\"name\":\"CGU: prazo entre edital e provas \u00e9 reduzido em dois meses\"}]},{\"@type\":\"WebSite\",\"@id\":\"https:\/\/www.estrategiaconcursos.com.br\/blog\/#website\",\"url\":\"https:\/\/www.estrategiaconcursos.com.br\/blog\/\",\"name\":\"Estrat\u00e9gia Concursos\",\"description\":\"O blog da Estrat\u00e9gia Concursos traz not\u00edcias sobre concursos e artigos de professores oferecendo cursos para concursos (pdf + videaulas) no site.\",\"publisher\":{\"@id\":\"https:\/\/www.estrategiaconcursos.com.br\/blog\/#organization\"},\"potentialAction\":[{\"@type\":\"SearchAction\",\"target\":{\"@type\":\"EntryPoint\",\"urlTemplate\":\"https:\/\/www.estrategiaconcursos.com.br\/blog\/?s={search_term_string}\"},\"query-input\":{\"@type\":\"PropertyValueSpecification\",\"valueRequired\":true,\"valueName\":\"search_term_string\"}}],\"inLanguage\":\"pt-BR\"},{\"@type\":\"Organization\",\"@id\":\"https:\/\/www.estrategiaconcursos.com.br\/blog\/#organization\",\"name\":\"Estrat\u00e9gia Concursos\",\"url\":\"https:\/\/www.estrategiaconcursos.com.br\/blog\/\",\"logo\":{\"@type\":\"ImageObject\",\"inLanguage\":\"pt-BR\",\"@id\":\"https:\/\/www.estrategiaconcursos.com.br\/blog\/#\/schema\/logo\/image\/\",\"url\":\"https:\/\/dhg1h5j42swfq.cloudfront.net\/2025\/06\/03203428\/logo_concursos-1.jpg\",\"contentUrl\":\"https:\/\/dhg1h5j42swfq.cloudfront.net\/2025\/06\/03203428\/logo_concursos-1.jpg\",\"width\":230,\"height\":60,\"caption\":\"Estrat\u00e9gia Concursos\"},\"image\":{\"@id\":\"https:\/\/www.estrategiaconcursos.com.br\/blog\/#\/schema\/logo\/image\/\"},\"sameAs\":[\"https:\/\/x.com\/EstratConcursos\"]},{\"@type\":\"Person\",\"@id\":\"https:\/\/www.estrategiaconcursos.com.br\/blog\/#\/schema\/person\/e3882259fa157d54c44c21f4ee4e0e60\",\"name\":\"B\u00e1rbara Carvalho Santos\",\"image\":{\"@type\":\"ImageObject\",\"inLanguage\":\"pt-BR\",\"@id\":\"https:\/\/secure.gravatar.com\/avatar\/353300f73140f779692b9be2b39f434d1341e4e34c7f55bd5a990fe29ef352eb?s=96&d=mm&r=g\",\"url\":\"https:\/\/secure.gravatar.com\/avatar\/353300f73140f779692b9be2b39f434d1341e4e34c7f55bd5a990fe29ef352eb?s=96&d=mm&r=g\",\"contentUrl\":\"https:\/\/secure.gravatar.com\/avatar\/353300f73140f779692b9be2b39f434d1341e4e34c7f55bd5a990fe29ef352eb?s=96&d=mm&r=g\",\"caption\":\"B\u00e1rbara Carvalho Santos\"},\"description\":\"M\u00e3e e jornalista formada pela UNIP, possui ampla experi\u00eancia na cobertura de entretenimento em grandes ve\u00edculos, como o site da CNN, RedeTV! e Estrat\u00e9gia Educacional. Atuou tamb\u00e9m em ag\u00eancias de marketing, produtoras musicais e assessorias de imprensa, com foco especial no trabalho com personalidades p\u00fablicas. Atualmente, integra a equipe do Estrat\u00e9gia Concursos, onde \u00e9 respons\u00e1vel pela produ\u00e7\u00e3o de conte\u00fados estrat\u00e9gicos voltados para o setor de concursos p\u00fablicos, com destaque para a \u00e1rea fiscal, gest\u00e3o, controle, concursos administrativos e Minist\u00e9rios participantes do CNU, al\u00e9m de diversos \u00f3rg\u00e3os federais. Tem como miss\u00e3o transformar informa\u00e7\u00f5es complexas em conte\u00fados acess\u00edveis, relevantes e de alto valor para quem sonha com uma carreira no servi\u00e7o p\u00fablico.\",\"url\":\"https:\/\/www.estrategiaconcursos.com.br\/blog\/author\/barbara-santos\/\"}]}<\/script>\n<!-- \/ Yoast SEO Premium plugin. -->","yoast_head_json":{"title":"CGU: prazo entre edital e provas \u00e9 reduzido em dois meses","description":"Concurso CGU: prazo entre edital e provas \u00e9 reduzido em dois meses. Com isso, avalia\u00e7\u00f5es podem ser aplicadas ainda em 2021. VEJA!","robots":{"index":"index","follow":"follow","max-snippet":"max-snippet:-1","max-image-preview":"max-image-preview:large","max-video-preview":"max-video-preview:-1"},"canonical":"https:\/\/www.estrategiaconcursos.com.br\/blog\/cgu-prazo-entre-edital-e-provas-reduzido\/","og_locale":"pt_BR","og_type":"article","og_title":"CGU: prazo entre edital e provas \u00e9 reduzido em dois meses","og_description":"Concurso CGU: prazo entre edital e provas \u00e9 reduzido em dois meses. Com isso, avalia\u00e7\u00f5es podem ser aplicadas ainda em 2021. VEJA!","og_url":"https:\/\/www.estrategiaconcursos.com.br\/blog\/cgu-prazo-entre-edital-e-provas-reduzido\/","og_site_name":"Estrat\u00e9gia Concursos","article_published_time":"2021-08-27T10:00:00+00:00","article_modified_time":"2021-08-27T13:36:50+00:00","og_image":[{"width":768,"height":432,"url":"https:\/\/dhg1h5j42swfq.cloudfront.net\/2021\/05\/13140451\/cgu.jpg","type":"image\/jpeg"}],"author":"B\u00e1rbara Carvalho Santos","twitter_card":"summary_large_image","twitter_creator":"@EstratConcursos","twitter_site":"@EstratConcursos","twitter_misc":{"Escrito por":"B\u00e1rbara Carvalho Santos","Est. tempo de leitura":"2 minutos"},"schema":{"@context":"https:\/\/schema.org","@graph":[{"@type":"NewsArticle","@id":"https:\/\/www.estrategiaconcursos.com.br\/blog\/cgu-prazo-entre-edital-e-provas-reduzido\/#article","isPartOf":{"@id":"https:\/\/www.estrategiaconcursos.com.br\/blog\/cgu-prazo-entre-edital-e-provas-reduzido\/"},"author":{"name":"B\u00e1rbara Carvalho Santos","@id":"https:\/\/www.estrategiaconcursos.com.br\/blog\/#\/schema\/person\/e3882259fa157d54c44c21f4ee4e0e60"},"headline":"CGU: prazo entre edital e provas \u00e9 reduzido em dois meses","datePublished":"2021-08-27T10:00:00+00:00","dateModified":"2021-08-27T13:36:50+00:00","mainEntityOfPage":{"@id":"https:\/\/www.estrategiaconcursos.com.br\/blog\/cgu-prazo-entre-edital-e-provas-reduzido\/"},"wordCount":340,"commentCount":0,"publisher":{"@id":"https:\/\/www.estrategiaconcursos.com.br\/blog\/#organization"},"image":{"@id":"https:\/\/www.estrategiaconcursos.com.br\/blog\/cgu-prazo-entre-edital-e-provas-reduzido\/#primaryimage"},"thumbnailUrl":"https:\/\/dhg1h5j42swfq.cloudfront.net\/2021\/05\/13140451\/cgu.jpg","articleSection":["Controladorias\/Gest\u00e3o (CGU, CGE, STN, EPPGG)","\u00daltimas not\u00edcias"],"inLanguage":"pt-BR","potentialAction":[{"@type":"CommentAction","name":"Comment","target":["https:\/\/www.estrategiaconcursos.com.br\/blog\/cgu-prazo-entre-edital-e-provas-reduzido\/#respond"]}],"copyrightYear":"2021","copyrightHolder":{"@id":"https:\/\/www.estrategiaconcursos.com.br\/blog\/#organization"}},{"@type":"WebPage","@id":"https:\/\/www.estrategiaconcursos.com.br\/blog\/cgu-prazo-entre-edital-e-provas-reduzido\/","url":"https:\/\/www.estrategiaconcursos.com.br\/blog\/cgu-prazo-entre-edital-e-provas-reduzido\/","name":"CGU: prazo entre edital e provas \u00e9 reduzido em dois meses","isPartOf":{"@id":"https:\/\/www.estrategiaconcursos.com.br\/blog\/#website"},"primaryImageOfPage":{"@id":"https:\/\/www.estrategiaconcursos.com.br\/blog\/cgu-prazo-entre-edital-e-provas-reduzido\/#primaryimage"},"image":{"@id":"https:\/\/www.estrategiaconcursos.com.br\/blog\/cgu-prazo-entre-edital-e-provas-reduzido\/#primaryimage"},"thumbnailUrl":"https:\/\/dhg1h5j42swfq.cloudfront.net\/2021\/05\/13140451\/cgu.jpg","datePublished":"2021-08-27T10:00:00+00:00","dateModified":"2021-08-27T13:36:50+00:00","description":"Concurso CGU: prazo entre edital e provas \u00e9 reduzido em dois meses. Com isso, avalia\u00e7\u00f5es podem ser aplicadas ainda em 2021. VEJA!","breadcrumb":{"@id":"https:\/\/www.estrategiaconcursos.com.br\/blog\/cgu-prazo-entre-edital-e-provas-reduzido\/#breadcrumb"},"inLanguage":"pt-BR","potentialAction":[{"@type":"ReadAction","target":["https:\/\/www.estrategiaconcursos.com.br\/blog\/cgu-prazo-entre-edital-e-provas-reduzido\/"]}]},{"@type":"ImageObject","inLanguage":"pt-BR","@id":"https:\/\/www.estrategiaconcursos.com.br\/blog\/cgu-prazo-entre-edital-e-provas-reduzido\/#primaryimage","url":"https:\/\/dhg1h5j42swfq.cloudfront.net\/2021\/05\/13140451\/cgu.jpg","contentUrl":"https:\/\/dhg1h5j42swfq.cloudfront.net\/2021\/05\/13140451\/cgu.jpg","width":768,"height":432,"caption":"CGU"},{"@type":"BreadcrumbList","@id":"https:\/\/www.estrategiaconcursos.com.br\/blog\/cgu-prazo-entre-edital-e-provas-reduzido\/#breadcrumb","itemListElement":[{"@type":"ListItem","position":1,"name":"In\u00edcio","item":"https:\/\/www.estrategiaconcursos.com.br\/blog\/"},{"@type":"ListItem","position":2,"name":"CGU: prazo entre edital e provas \u00e9 reduzido em dois meses"}]},{"@type":"WebSite","@id":"https:\/\/www.estrategiaconcursos.com.br\/blog\/#website","url":"https:\/\/www.estrategiaconcursos.com.br\/blog\/","name":"Estrat\u00e9gia Concursos","description":"O blog da Estrat\u00e9gia Concursos traz not\u00edcias sobre concursos e artigos de professores oferecendo cursos para concursos (pdf + videaulas) no site.","publisher":{"@id":"https:\/\/www.estrategiaconcursos.com.br\/blog\/#organization"},"potentialAction":[{"@type":"SearchAction","target":{"@type":"EntryPoint","urlTemplate":"https:\/\/www.estrategiaconcursos.com.br\/blog\/?s={search_term_string}"},"query-input":{"@type":"PropertyValueSpecification","valueRequired":true,"valueName":"search_term_string"}}],"inLanguage":"pt-BR"},{"@type":"Organization","@id":"https:\/\/www.estrategiaconcursos.com.br\/blog\/#organization","name":"Estrat\u00e9gia Concursos","url":"https:\/\/www.estrategiaconcursos.com.br\/blog\/","logo":{"@type":"ImageObject","inLanguage":"pt-BR","@id":"https:\/\/www.estrategiaconcursos.com.br\/blog\/#\/schema\/logo\/image\/","url":"https:\/\/dhg1h5j42swfq.cloudfront.net\/2025\/06\/03203428\/logo_concursos-1.jpg","contentUrl":"https:\/\/dhg1h5j42swfq.cloudfront.net\/2025\/06\/03203428\/logo_concursos-1.jpg","width":230,"height":60,"caption":"Estrat\u00e9gia Concursos"},"image":{"@id":"https:\/\/www.estrategiaconcursos.com.br\/blog\/#\/schema\/logo\/image\/"},"sameAs":["https:\/\/x.com\/EstratConcursos"]},{"@type":"Person","@id":"https:\/\/www.estrategiaconcursos.com.br\/blog\/#\/schema\/person\/e3882259fa157d54c44c21f4ee4e0e60","name":"B\u00e1rbara Carvalho Santos","image":{"@type":"ImageObject","inLanguage":"pt-BR","@id":"https:\/\/secure.gravatar.com\/avatar\/353300f73140f779692b9be2b39f434d1341e4e34c7f55bd5a990fe29ef352eb?s=96&d=mm&r=g","url":"https:\/\/secure.gravatar.com\/avatar\/353300f73140f779692b9be2b39f434d1341e4e34c7f55bd5a990fe29ef352eb?s=96&d=mm&r=g","contentUrl":"https:\/\/secure.gravatar.com\/avatar\/353300f73140f779692b9be2b39f434d1341e4e34c7f55bd5a990fe29ef352eb?s=96&d=mm&r=g","caption":"B\u00e1rbara Carvalho Santos"},"description":"M\u00e3e e jornalista formada pela UNIP, possui ampla experi\u00eancia na cobertura de entretenimento em grandes ve\u00edculos, como o site da CNN, RedeTV! e Estrat\u00e9gia Educacional. Atuou tamb\u00e9m em ag\u00eancias de marketing, produtoras musicais e assessorias de imprensa, com foco especial no trabalho com personalidades p\u00fablicas. Atualmente, integra a equipe do Estrat\u00e9gia Concursos, onde \u00e9 respons\u00e1vel pela produ\u00e7\u00e3o de conte\u00fados estrat\u00e9gicos voltados para o setor de concursos p\u00fablicos, com destaque para a \u00e1rea fiscal, gest\u00e3o, controle, concursos administrativos e Minist\u00e9rios participantes do CNU, al\u00e9m de diversos \u00f3rg\u00e3os federais. Tem como miss\u00e3o transformar informa\u00e7\u00f5es complexas em conte\u00fados acess\u00edveis, relevantes e de alto valor para quem sonha com uma carreira no servi\u00e7o p\u00fablico.","url":"https:\/\/www.estrategiaconcursos.com.br\/blog\/author\/barbara-santos\/"}]}},"_links":{"self":[{"href":"https:\/\/www.estrategiaconcursos.com.br\/blog\/wp-json\/wp\/v2\/posts\/846875","targetHints":{"allow":["GET"]}}],"collection":[{"href":"https:\/\/www.estrategiaconcursos.com.br\/blog\/wp-json\/wp\/v2\/posts"}],"about":[{"href":"https:\/\/www.estrategiaconcursos.com.br\/blog\/wp-json\/wp\/v2\/types\/post"}],"author":[{"embeddable":true,"href":"https:\/\/www.estrategiaconcursos.com.br\/blog\/wp-json\/wp\/v2\/users\/2018"}],"replies":[{"embeddable":true,"href":"https:\/\/www.estrategiaconcursos.com.br\/blog\/wp-json\/wp\/v2\/comments?post=846875"}],"version-history":[{"count":11,"href":"https:\/\/www.estrategiaconcursos.com.br\/blog\/wp-json\/wp\/v2\/posts\/846875\/revisions"}],"predecessor-version":[{"id":847105,"href":"https:\/\/www.estrategiaconcursos.com.br\/blog\/wp-json\/wp\/v2\/posts\/846875\/revisions\/847105"}],"wp:featuredmedia":[{"embeddable":true,"href":"https:\/\/www.estrategiaconcursos.com.br\/blog\/wp-json\/wp\/v2\/media\/739739"}],"wp:attachment":[{"href":"https:\/\/www.estrategiaconcursos.com.br\/blog\/wp-json\/wp\/v2\/media?parent=846875"}],"wp:term":[{"taxonomy":"category","embeddable":true,"href":"https:\/\/www.estrategiaconcursos.com.br\/blog\/wp-json\/wp\/v2\/categories?post=846875"},{"taxonomy":"post_tag","embeddable":true,"href":"https:\/\/www.estrategiaconcursos.com.br\/blog\/wp-json\/wp\/v2\/tags?post=846875"},{"taxonomy":"tax_estado","embeddable":true,"href":"https:\/\/www.estrategiaconcursos.com.br\/blog\/wp-json\/wp\/v2\/tax_estado?post=846875"}],"curies":[{"name":"wp","href":"https:\/\/api.w.org\/{rel}","templated":true}]}}