{"id":846794,"date":"2021-08-27T00:15:42","date_gmt":"2021-08-27T03:15:42","guid":{"rendered":"https:\/\/www.estrategiaconcursos.com.br\/blog\/?p=846794"},"modified":"2022-11-24T15:05:19","modified_gmt":"2022-11-24T18:05:19","slug":"atualidades-para-o-tj-sp","status":"publish","type":"post","link":"https:\/\/www.estrategiaconcursos.com.br\/blog\/atualidades-para-o-tj-sp\/","title":{"rendered":"ATUALIDADES PARA O TJ-SP: 5 acontecimentos de 2021"},"content":{"rendered":"\n<p class=\"has-text-align-center\">ATUALIDADES PARA O TJ-SP: prevista no edital para Escrevente do TJ-SP, nessa disciplina poder\u00e1 cair qualquer acontecimento do ano de 2021. Por isso, confira quais s\u00e3o as nossas apostas!<\/p>\n\n\n\n<figure class=\"wp-block-image aligncenter size-large\"><img loading=\"lazy\" decoding=\"async\" width=\"532\" height=\"642\" src=\"https:\/\/dhg1h5j42swfq.cloudfront.net\/2021\/08\/26235721\/image-802.png\" alt=\"ATUALIDADES PARA O TJ-SP\" class=\"wp-image-846798\" srcset=\"https:\/\/dhg1h5j42swfq.cloudfront.net\/2021\/08\/26235721\/image-802.png 532w, https:\/\/dhg1h5j42swfq.cloudfront.net\/2021\/08\/26235721\/image-802-249x300.png 249w\" sizes=\"auto, (max-width: 532px) 100vw, 532px\" \/><figcaption>Atualidades para o TJ-SP: 5 assuntos quent\u00edssimos para a prova<\/figcaption><\/figure>\n\n\n\n<p>Como j\u00e1 sabem, o <a href=\"https:\/\/www.vunesp.com.br\/TJSP2101\">edital<\/a> do concurso de Escrevente T\u00e9cnico Judici\u00e1rio do TJSP (Tribunal de Justi\u00e7a de S\u00e3o Paulo), para a capital e para o interior, j\u00e1 foi publicado. A prova ser\u00e1 dia 31 de outubro e est\u00e3o previstas 845 vagas!!<\/p>\n\n\n\n<p>Por isso, \u00e9 uma das melhores oportunidades de todos os tempos para concurso de Tribunais, nos quais, geralmente, s\u00f3 se abre cadastro de reserva, ou, no melhor dos casos, disponibilizam-se poucas vagas.<\/p>\n\n\n\n<p>A <span class=\"has-inline-color has-vivid-purple-color\"><strong>prova objetiva conter\u00e1 100 quest\u00f5es<\/strong>, <\/span>distribu\u00eddas em blocos, conforme seguem:<\/p>\n\n\n\n<ul class=\"wp-block-list\"><li><mark style=\"background-color:rgba(0, 0, 0, 0)\" class=\"has-inline-color has-vivid-purple-color\"><strong>Bloco I:<\/strong> <\/mark>L\u00edngua Portuguesa (24);<\/li><li><strong><mark style=\"background-color:rgba(0, 0, 0, 0)\" class=\"has-inline-color has-vivid-purple-color\">Bloco II:<\/mark><\/strong> Conhecimentos em Direito (40);<\/li><li><strong><mark style=\"background-color:rgba(0, 0, 0, 0)\" class=\"has-inline-color has-vivid-purple-color\">Bloco III:<\/mark> <\/strong>Conhecimentos Gerais (36).<\/li><\/ul>\n\n\n\n<h2 class=\"wp-block-heading\" id=\"h-atualidades-para-o-tj-sp\">ATUALIDADES PARA O TJ-SP<\/h2>\n\n\n\n<p>O edital do concurso de Escrevente T\u00e9cnico Judici\u00e1rio do TJ-SP \u00e9 bem enxuto e, dentre as disciplinas, est\u00e1 a de Atualidades, com 6 quest\u00f5es que fazem parte do Bloco III. A princ\u00edpio, a disciplina de Atualidades foi dividida em 2 temas:<\/p>\n\n\n\n<ul class=\"wp-block-list\"><li>Quest\u00f5es relacionadas a <span class=\"has-inline-color has-vivid-purple-color\"><strong>fatos pol\u00edticos, econ\u00f4micos, sociais e culturais, nacionais e internacionais,<\/strong><\/span> ocorridos a partir do <span class=\"has-inline-color has-vivid-purple-color\"><strong>1\u00b0 semestre de 2021, <\/strong><\/span>divulgados na m\u00eddia local e\/ou nacional;<\/li><li>Artigos 1\u00ba ao 13; 34 ao 38 da Lei n\u00ba 13.146\/2015 \u2013 <strong><span class=\"has-inline-color has-vivid-purple-color\">Estatuto da Pessoa com Defici\u00eanci<\/span><\/strong>a, com as altera\u00e7\u00f5es vigentes at\u00e9 a publica\u00e7\u00e3o deste edital.<\/li><\/ul>\n\n\n\n<p>Nesse \u00ednterim, perceba que o segundo item, que trata do <strong><span class=\"has-inline-color has-vivid-purple-color\">Estatuto da Pessoa com Defici\u00eancia<\/span><\/strong><span class=\"has-inline-color has-vivid-purple-color\"><strong>, <\/strong><\/span>pode ser considerado uma mat\u00e9ria aut\u00f4noma e deveria estar junto das disciplinas de Direito, mas acreditamos que colocaram junto com Atualidades para n\u00e3o terem que reduzir o n\u00famero de quest\u00f5es das demais disciplinas do Bloco II.<\/p>\n\n\n\n<p>Por outro lado, se a Banca fizer uma divis\u00e3o equ\u00e2nime, teremos 3 quest\u00f5es de Atualidades e 3 do Estatuto, portanto, apenas 3% da prova. Ao mesmo tempo, nada impede que a Vunesp misture Atualidades com Estatuto das Pessoa com Defici\u00eancia em uma mesma quest\u00e3o (possibilidade remota, mas n\u00e3o \u00e9 imposs\u00edvel).<\/p>\n\n\n\n<p>Logo, n\u00e3o \u00e9 um percentual muito alto se compararmos com Portugu\u00eas, por exemplo, que corresponde a 24% das quest\u00f5es. Contudo, por ser uma prova extremamente concorrida, toda quest\u00e3o importa!<\/p>\n\n\n\n<p>Em s\u00edntese, neste artigo, apresentaremos cinco acontecimentos do ano de 2021 que possuem altas chances de estar na sua prova.<\/p>\n\n\n\n<p>Claro que n\u00e3o ser\u00e3o tratados <em>todos<\/em> os pontos de cada acontecimento, pois n\u00e3o caberiam em um artigo, mas tudo que estiver aqui ser\u00e1 muito relevante para sua prova.<\/p>\n\n\n\n<p><em><strong>Vamos l\u00e1!<\/strong><\/em><\/p>\n\n\n\n<h2 class=\"wp-block-heading\" id=\"h-atualidades-para-o-tj-sp-1\">Atualidades para o TJ-SP: <\/h2>\n\n\n\n<h2 class=\"wp-block-heading\" id=\"h-1-coronavirus\">1. CORONAV\u00cdRUS<\/h2>\n\n\n\n<figure class=\"wp-block-image aligncenter size-large is-resized\"><img loading=\"lazy\" decoding=\"async\" src=\"https:\/\/dhg1h5j42swfq.cloudfront.net\/2021\/08\/27000230\/image-803.png\" alt=\"ATUALIDADES PARA O TJ-SP COVID\" class=\"wp-image-846801\" width=\"452\" height=\"255\" srcset=\"https:\/\/dhg1h5j42swfq.cloudfront.net\/2021\/08\/27000230\/image-803.png 567w, https:\/\/dhg1h5j42swfq.cloudfront.net\/2021\/08\/27000230\/image-803-300x169.png 300w\" sizes=\"auto, (max-width: 452px) 100vw, 452px\" \/><figcaption>COVID-19: Assunto super em alta que envolve muitos outros temas!<\/figcaption><\/figure>\n\n\n\n<p>Como todos sabem, a Pandemia Covid-19 n\u00e3o se iniciou esse ano, mas em dezembro de 2019, ao se espalhar na China. Com o passar do tempo, descobriu-se que os sintomas eram causados por um novo tipo de Coronav\u00edrus e, desde ent\u00e3o, o mundo est\u00e1 em uma corrida contra o tempo para cura dessa doen\u00e7a.<\/p>\n\n\n\n<p>Ent\u00e3o, temos que ficar atentos aos fatos que aconteceram<strong> neste ano de 2021<\/strong> envolvendo o Coronav\u00edrus, mas sem deixar de ter uma vis\u00e3o geral do assunto, claro (s\u00e3o muitos os pontos que podem ser explorados em sua prova).<\/p>\n\n\n\n<p>Nesse sentido, confira alguns dos dados sobre o Coronav\u00edrus que o <em>Professor Leandro Signori<\/em> apontou no nosso curso de Atualidades:<\/p>\n\n\n\n<h3 class=\"wp-block-heading\" id=\"h-atualidades-para-o-tj-sp-2\"><mark style=\"background-color:rgba(0, 0, 0, 0)\" class=\"has-inline-color has-cyan-bluish-gray-color\">ATUALIDADES PARA O TJ-SP<\/mark><\/h3>\n\n\n\n<h3 class=\"wp-block-heading\" id=\"h-medicacao\"><strong>Medica\u00e7\u00e3o<\/strong><\/h3>\n\n\n\n<ul class=\"wp-block-list\"><li> Em <strong><span class=\"has-inline-color has-vivid-purple-color\">janeiro de 2021,<\/span><\/strong> o m\u00e9dico franc\u00eas Didier Raoult, que<strong><span class=\"has-inline-color has-vivid-purple-color\"> pioneiramente prop\u00f4s o uso da cloroquina<\/span><\/strong> como uma op\u00e7\u00e3o no tratamento da doen\u00e7a do novo coronav\u00edrus, admitiu a<strong><span class=\"has-inline-color has-vivid-purple-color\"> inutilidade do rem\u00e9dio <\/span><\/strong>para esse tipo de tratamento.<\/li><li>Outro medicamento bastante citado foi o <span class=\"has-inline-color has-vivid-purple-color\"><strong>Remdesivir<\/strong><\/span>, que tamb\u00e9m <strong><span class=\"has-inline-color has-vivid-purple-color\">n\u00e3o demonstrou efeitos significativos<\/span> <\/strong>na redu\u00e7\u00e3o da mortalidade dos pacientes hospitalizados. Apesar disso,<strong><span class=\"has-inline-color has-vivid-purple-color\"> a Anvisa liberou o antiviral para tratamento da Covid-19.<\/span><\/strong><\/li><li>A <strong><span class=\"has-inline-color has-vivid-purple-color\">Dexametasona<\/span><\/strong> foi apontada pela OMS como um medicamento capaz de reduzir a mortalidade dos pacientes em estado grave, mas que deve ser utilizado somente para pacientes nesses casos. No Brasil,<strong><span class=\"has-inline-color has-vivid-purple-color\"> a Anvisa n\u00e3o se pronunciou sobre o f\u00e1rmaco.<\/span><\/strong><\/li><li>Tamb\u00e9m s\u00e3o frequentemente apontados como medicamentos a <strong><span class=\"has-inline-color has-vivid-purple-color\">ivermectina e a azitromicina<\/span><\/strong>. Ambos n\u00e3o possuem consenso cient\u00edfico e o <strong><span class=\"has-inline-color has-vivid-purple-color\">seu uso n\u00e3o foi indicado pela OMS e nem pela Anvisa.<\/span><\/strong><\/li><li><strong><span class=\"has-inline-color has-vivid-purple-color\">Fato curioso<\/span><\/strong>: a <a href=\"https:\/\/www.cnnbrasil.com.br\/saude\/veneno-de-cobra-brasileira-tem-substancia-que-inibe-coronavirus-revela-pesquisa\/\" target=\"_blank\" rel=\"noreferrer noopener\">CNN<\/a> publicou uma reportagem em agosto sobre um estudo da<strong><code> <span class=\"has-inline-color has-vivid-purple-color\">Unesp<\/span><\/code><\/strong> que identificou uma prote\u00edna na cobra jararacu\u00e7u que pode <span class=\"has-inline-color has-vivid-purple-color\"><strong>conter em at\u00e9 75% replica\u00e7\u00e3o do v\u00edrus.<\/strong><\/span><\/li><\/ul>\n\n\n\n<h3 class=\"wp-block-heading\" id=\"h-atualidades-para-o-tj-sp-3\"><mark style=\"background-color:rgba(0, 0, 0, 0)\" class=\"has-inline-color has-cyan-bluish-gray-color\">ATUALIDADES PARA O TJ-SP<\/mark><\/h3>\n\n\n\n<h3 class=\"wp-block-heading\" id=\"h-vacinas\">Vacinas<\/h3>\n\n\n\n<ul class=\"wp-block-list\"><li>Os pa\u00edses que mais aplicaram doses (em n\u00fameros absolutos) at\u00e9 o momento foram, respectivamente, <strong><span class=\"has-inline-color has-vivid-purple-color\">China, \u00cdndia, Estados Unidos, Brasil, Alemanha e Jap\u00e3o <\/span><\/strong>(agosto de 2021).&nbsp;<\/li><li>Por outro lado, os cinco pa\u00edses que mais vacinaram sua popula\u00e7\u00e3o s\u00e3o <strong><span class=\"has-inline-color has-vivid-purple-color\">Canad\u00e1, Reino Unido, Espanha, It\u00e1lia e Fran\u00e7a<\/span><\/strong> (agosto de 2021).<\/li><li>No<span class=\"has-inline-color has-vivid-purple-color\"> <strong>Brasil<\/strong><\/span><strong>,<\/strong> as vacinas come\u00e7aram a ser aplicadas em <strong><span class=\"has-inline-color has-vivid-purple-color\">janeiro de 2021,<\/span><\/strong> com a vacina\u00e7\u00e3o da enfermeira M\u00f4nica Calazans, de 54 anos. A vacina utilizada foi a <strong><span class=\"has-inline-color has-vivid-purple-color\">CoronaVac<\/span><\/strong>, desenvolvida pela SinoVac em parceria com o Instituto Butantan, do governo do Estado de S\u00e3o Paulo.<\/li><li>At\u00e9 o momento, a <strong><span class=\"has-inline-color has-vivid-purple-color\">Anvisa aprovou quatro vacinas <\/span><\/strong>para uso no Brasil: <strong><span class=\"has-inline-color has-vivid-purple-color\">AstraZeneca, CoronaVac, Pfizer e Janssen<\/span><\/strong>. Al\u00e9m da fabrica\u00e7\u00e3o da CoronaVac, o Instituto Butantan est\u00e1 desenvolvendo a vacina <strong><span class=\"has-inline-color has-vivid-purple-color\">ButanVac<\/span><\/strong>, de tecnologia nacional e do Instituto Mount Sinai (EUA).<\/li><li>A <strong><span class=\"has-inline-color has-vivid-purple-color\">vacina mais utilizada no Brasil \u00e9 a AstraZeneca\/Oxford, <\/span><\/strong>produzida pela Funda\u00e7\u00e3o Oswaldo Cruz (Fiocruz), do governo federal, por meio de acordo com a farmac\u00eautica anglo-sueca.<\/li><li>A Anvisa tamb\u00e9m aprovou, sob condi\u00e7\u00f5es especiais, a importa\u00e7\u00e3o da<strong><span class=\"has-inline-color has-vivid-purple-color\"> Covaxin,<\/span><\/strong> da fabricante indiana Bharat Biotech, e da <strong><span class=\"has-inline-color has-vivid-purple-color\">Sputnik V,<\/span><\/strong> mas essas duas ainda n\u00e3o est\u00e3o sendo utilizadas no pa\u00eds.<\/li><\/ul>\n\n\n\n<h2 class=\"wp-block-heading\" id=\"h-atualidades-para-o-tj-sp-4\">Atualidades para o TJ-SP: <\/h2>\n\n\n\n<h2 class=\"wp-block-heading\" id=\"h-2-olimpiadas-toquio-2020\">2. OLIMP\u00cdADAS &#8211; T\u00d3QUIO 2020<\/h2>\n\n\n\n<figure class=\"wp-block-image aligncenter size-large\"><img loading=\"lazy\" decoding=\"async\" width=\"395\" height=\"332\" src=\"https:\/\/dhg1h5j42swfq.cloudfront.net\/2021\/08\/27001250\/image-805.png\" alt=\"atualidades para o tj-sp olimp\u00edadas\" class=\"wp-image-846811\" srcset=\"https:\/\/dhg1h5j42swfq.cloudfront.net\/2021\/08\/27001250\/image-805.png 395w, https:\/\/dhg1h5j42swfq.cloudfront.net\/2021\/08\/27001250\/image-805-300x252.png 300w\" sizes=\"auto, (max-width: 395px) 100vw, 395px\" \/><figcaption>O nome permaneceu T\u00d3QUIO 2020, mas foi em 2021, n\u00e3o confunda!<\/figcaption><\/figure>\n\n\n\n<p>O tema das Olimp\u00edadas tem grandes chances de estar na sua prova. Lembre-se que, embora tenha ocorrido em 2021 por conta da pandemia, continuou intitulada <strong>\u201cT\u00d3QUIO 2020\u201d.<\/strong><\/p>\n\n\n\n<ul class=\"wp-block-list\"><li>O <strong><span class=\"has-inline-color has-vivid-purple-color\">Brasil conquistou 21 medalhas <\/span><\/strong>(duas a mais que nas Olimp\u00edadas Rio 2016), com 7 ouros, 6 pratas e 8 bronzes, n\u00e3o s\u00f3 em esportes coletivos bem como em individuais.<\/li><li>Kelvin Hoefler ganhou a primeira medalha para o Brasil no Skate, de prata, seguido por <strong><span class=\"has-inline-color has-vivid-purple-color\">Rayssa Leal <\/span><\/strong>(prata) tamb\u00e9m no skate feminino, <strong><span class=\"has-inline-color has-vivid-purple-color\">a medalhista ol\u00edmpica mais jovem da hist\u00f3ria do Brasil<\/span><\/strong>, com 13 anos.<\/li><li>Por sua vez, conquistaram <strong><span class=\"has-inline-color has-vivid-purple-color\">medalhas de ouro<\/span><\/strong>: Italo Ferreira no Surfe, Rebecca Andrade (al\u00e9m de uma de prata) na gin\u00e1stica art\u00edstica, Martine Grael e Kahena Kunze na Vela, 49er FX, Isaquias Queiroz na Canoagem velocidade, C11000M masculino, Hebert Concei\u00e7\u00e3o no Boxe e a Sele\u00e7\u00e3o Brasileira de Futebol Masculino.<\/li><li><strong><span class=\"has-inline-color has-vivid-purple-color\">67 recordes<\/span><\/strong> foram quebrados nas Olimp\u00edadas.<\/li><li>Atualmente, est\u00e3o acontecendo as Paraolimp\u00edadas em T\u00f3quio que encerrar\u00e1 em 05\/09\/2021.<\/li><\/ul>\n\n\n\n<h2 class=\"wp-block-heading\" id=\"h-atualidades-para-o-tj-sp-5\">Atualidades para o TJ-SP: <\/h2>\n\n\n\n<h2 class=\"wp-block-heading\" id=\"h-3-a-volta-do-taliba-ao-poder-no-afeganistao\">3. <strong>A VOLTA DO TALIB\u00c3 AO PODER NO AFEGANIST\u00c3O<\/strong><\/h2>\n\n\n\n<figure class=\"wp-block-image aligncenter size-large is-resized\"><img decoding=\"async\" src=\"https:\/\/dhg1h5j42swfq.cloudfront.net\/2021\/08\/27001503\/image-807.png\" alt=\"atualidades para o tj-sp\" class=\"wp-image-846813\" width=\"-7\" height=\"-3\" srcset=\"https:\/\/dhg1h5j42swfq.cloudfront.net\/2021\/08\/27001503\/image-807.png 567w, https:\/\/dhg1h5j42swfq.cloudfront.net\/2021\/08\/27001503\/image-807-300x160.png 300w\" sizes=\"(max-width: 567px) 100vw, 567px\" \/><figcaption>Afeganist\u00e3o dominado pelo Talib\u00e3 <\/figcaption><\/figure>\n\n\n\n<ul class=\"wp-block-list\"><li>O Talib\u00e3, tamb\u00e9m&nbsp; chamado&nbsp; de&nbsp;Taleb\u00e3&nbsp; ou&nbsp; Taliban,&nbsp; \u00e9 um grupo de&nbsp; mu\u00e7ulmanos&nbsp; sunitas. <\/li><li>Ele controla territ\u00f3rios&nbsp; no&nbsp; Afeganist\u00e3o&nbsp; e&nbsp; s\u00e3o respons\u00e1veis por diversos atentados terroristas&nbsp; no&nbsp; pa\u00eds.<\/li><li>Em <strong><span class=\"has-inline-color has-vivid-purple-color\">15\/08\/2021<\/span><\/strong>, o Talib\u00e3 retomou o poder do Afeganist\u00e3o 20 anos ap\u00f3s serem derrotados pelas tropas norte-americanas que invadiram o pa\u00eds.<\/li><li>Segundo o site do <a href=\"https:\/\/vestibular.brasilescola.uol.com.br\/atualidades\/a-volta-do-taliba-ao-poder-no-afeganistao.htm\" target=\"_blank\" rel=\"noreferrer noopener\">Brasil Escola<\/a>, dentre os fatores que estimularam a invas\u00e3o est\u00e3o:<\/li><\/ul>\n\n\n\n<blockquote class=\"wp-block-quote is-layout-flow wp-block-quote-is-layout-flow\"><p><em>A retirada das tropas estrangeiras deixou o ex\u00e9rcito afeg\u00e3o sem apoio a\u00e9reo;<\/em><\/p><p><em>O ex\u00e9rcito afeg\u00e3o sentiu-se desmoralizado pela retirada das tropas norte-americanas;<\/em><\/p><p><em>O governo de Cabul seria fraco e n\u00e3o motivava as tropas a lutarem por ele;<\/em><\/p><p><em>Corrup\u00e7\u00e3o no interior do ex\u00e9rcito afeg\u00e3o;<\/em><\/p><p>As f<em>or\u00e7as do Talib\u00e3 foram subestimadas.<\/em><\/p><\/blockquote>\n\n\n\n<ul class=\"wp-block-list\"><li>O presidente do pa\u00eds, Ashraf Ghani, fugiu e exilou-se nos Emirados \u00c1rabes Unidos.<\/li><li>Espera-se que a vida no pa\u00eds se<strong><span class=\"has-inline-color has-vivid-purple-color\"> transforme radicalmente<\/span><\/strong>, principalmente para mulheres, minorias \u00e9tnicas e religiosas.<\/li><li><strong><span class=\"has-inline-color has-vivid-purple-color\">R\u00fassia e China<\/span><\/strong> t\u00eam interesse em negociar diplomaticamente com eles.<\/li><li>A ONU teme uma grave crise migrat\u00f3ria com retomada do poder pelo Talib\u00e3. <\/li><li>O Afeganist\u00e3o j\u00e1 \u00e9, atualmente, a <strong><span class=\"has-inline-color has-vivid-purple-color\">terceira maior origem de pessoas refugiadas no mundo<\/span><\/strong>, <strong><span class=\"has-inline-color has-vivid-purple-color\">atr\u00e1s apenas da S\u00edria e da Venezuela<\/span><\/strong><\/li><\/ul>\n\n\n\n<p>Como esse assunto est\u00e1 bem em alta, \u00e9 importante se aprofundar em temas como a Guerra do Afeganist\u00e3o, radicalismo isl\u00e2mico e a Geopol\u00edtica do Oriente M\u00e9dio para entender o contexto.<\/p>\n\n\n\n<h2 class=\"wp-block-heading\" id=\"h-atualidades-para-o-tj-sp-6\">Atualidades para o TJ-SP: <\/h2>\n\n\n\n<h2 class=\"wp-block-heading\" id=\"h-4-proibicao-de-venda-de-veiculos-a-combustao-na-europa\">4. <strong>PROIBI\u00c7\u00c3O DE VENDA DE VE\u00cdCULOS \u00c0 COMBUST\u00c3O NA EUROPA<\/strong><\/h2>\n\n\n\n<figure class=\"wp-block-image aligncenter size-large is-resized is-style-default\"><img loading=\"lazy\" decoding=\"async\" src=\"https:\/\/dhg1h5j42swfq.cloudfront.net\/2021\/08\/27083526\/image-812.png\" alt=\"\" class=\"wp-image-846895\" width=\"420\" height=\"355\" srcset=\"https:\/\/dhg1h5j42swfq.cloudfront.net\/2021\/08\/27083526\/image-812.png 567w, https:\/\/dhg1h5j42swfq.cloudfront.net\/2021\/08\/27083526\/image-812-300x253.png 300w\" sizes=\"auto, (max-width: 420px) 100vw, 420px\" \/><figcaption>A partir de 2035, apenas venda de carros el\u00e9tricos! Esse assunto \u00e9 muito a cara da Vunesp.<\/figcaption><\/figure>\n\n\n\n<ul class=\"wp-block-list\"><li>A Comiss\u00e3o Europeia, em julho de 2021, informou que, se uma empresa n\u00e3o colaborar na luta contra a mudan\u00e7a clim\u00e1tica, ter\u00e1 problemas em operar no mercado europeu.<\/li><li>A Comiss\u00e3o Europeia utiliza como refer\u00eancia as emiss\u00f5es de CO\u2082 dos ve\u00edculos. Em 2030, os carros particulares vendidos dever\u00e3o emitir 55% a menos desse g\u00e1s.<\/li><li>Muitos pa\u00edses j\u00e1 est\u00e3o vetando a venda de carros com motores \u00e0 gasolina, diesel, g\u00e1s e h\u00edbridos a partir de 2035. &nbsp;<\/li><li> Os ve\u00edculos que j\u00e1 est\u00e3o em circula\u00e7\u00e3o poder\u00e3o continuar na ativa<\/li><li>A medida serve para <strong><span class=\"has-inline-color has-vivid-purple-color\">acelerar a fabrica\u00e7\u00e3o dos carros el\u00e9tricos<\/span><\/strong> <span class=\"has-inline-color has-vivid-purple-color\">e com combust\u00e3o de hidrog\u00eanio.<\/span><\/li><li><strong><span class=\"has-inline-color has-vivid-purple-color\">Bruxelas<\/span><\/strong> foi uma das pioneiras e a consideram a capital mundial da luta contra a mudan\u00e7a clim\u00e1tica.<\/li><li>Perceba que esse acontecimento est\u00e1 diretamente ligado ao tema<strong> <span class=\"has-inline-color has-vivid-purple-color\">&#8220;Aquecimento Global&#8221;.<\/span><\/strong><\/li><li>Fonte: <a href=\"https:\/\/brasil.elpais.com\/economia\/2021-07-15\/europa-propoe-para-2035-o-fim-da-venda-de-carros-a-combustao.html\" target=\"_blank\" rel=\"noreferrer noopener\">El Pa\u00eds<\/a><\/li><\/ul>\n\n\n\n<h2 class=\"wp-block-heading\" id=\"h-atualidades-para-o-tj-sp-7\">Atualidades para o TJ-SP: <\/h2>\n\n\n\n<h2 class=\"wp-block-heading\" id=\"h-5-nova-politica-de-educacao-especial\">5. <strong>NOVA POL\u00cdTICA DE EDUCA\u00c7\u00c3O ESPECIAL<\/strong><\/h2>\n\n\n\n<figure class=\"wp-block-image aligncenter size-large is-resized is-style-default\"><img loading=\"lazy\" decoding=\"async\" src=\"https:\/\/dhg1h5j42swfq.cloudfront.net\/2021\/08\/27084139\/image-814.png\" alt=\"nova pol\u00edtica de educa\u00e7\u00e3o especial\" class=\"wp-image-846907\" width=\"344\" height=\"235\" srcset=\"https:\/\/dhg1h5j42swfq.cloudfront.net\/2021\/08\/27084139\/image-814.png 313w, https:\/\/dhg1h5j42swfq.cloudfront.net\/2021\/08\/27084139\/image-814-300x206.png 300w\" sizes=\"auto, (max-width: 344px) 100vw, 344px\" \/><figcaption>A pol\u00eamica ao redor da nova pol\u00edtica de educa\u00e7\u00e3o especial<\/figcaption><\/figure>\n\n\n\n<ul class=\"wp-block-list\"><li>Em 23\/08\/2021, o STF fez uma audi\u00eancia p\u00fablica antes de decidir sobre a a\u00e7\u00e3o que questiona a nova pol\u00edtica de educa\u00e7\u00e3o especial.<\/li><li>O objetivo era ouvir especialistas sobre a nova pol\u00edtica de educa\u00e7\u00e3o especial.<\/li><li>Trata-se de a\u00e7\u00e3o apresentada na corte pelo PSB contra &nbsp;o Decreto n\u00ba 10.502, de 30 de setembro de 2020, que institui a Pol\u00edtica Nacional de Educa\u00e7\u00e3o Especial:<em> Equitativa, Inclusiva e com Aprendizado ao Longo da Vida.<\/em><\/li><li>Segundo o decreto, o Governo Federal, Estados e Munic\u00edpios dever\u00e3o oferecer <em>\u201cinstitui\u00e7\u00f5es de ensino planejadas para o atendimento educacional aos educandos da educa\u00e7\u00e3o especial que n\u00e3o se beneficiam, em seu desenvolvimento, quando inclu\u00eddos em escolas regulares inclusivas e que apresentam demanda por apoios m\u00faltiplos e cont\u00ednuos\u201d.<\/em><\/li><li><em>Especialistas em educa\u00e7\u00e3o consideraram a altera\u00e7\u00e3o um retrocesso. J\u00e1 o governo argumenta que o decreto n\u00e3o gerar\u00e1 segrega\u00e7\u00e3o.<\/em><\/li><li>Fonte: <a href=\"https:\/\/g1.globo.com\/educacao\/noticia\/2021\/08\/23\/stf-faz-audiencia-publica-antes-de-decidir-sobre-acao-que-questiona-nova-politica-de-educacao-especial.ghtml\">G1<\/a><\/li><\/ul>\n\n\n\n<h2 class=\"wp-block-heading\" id=\"h-atualidades-para-o-tj-sp-8\">Atualidades para o TJ-SP: <\/h2>\n\n\n\n<h2 class=\"wp-block-heading\" id=\"h-conclusao\">CONCLUS\u00c3O<\/h2>\n\n\n\n<p>Em resumo, os cinco assuntos que apresentamos foram:<\/p>\n\n\n\n<ol class=\"wp-block-list\" type=\"1\"><li><mark style=\"background-color:rgba(0, 0, 0, 0)\" class=\"has-inline-color has-vivid-purple-color\"><strong>Coronav\u00edrus<\/strong><\/mark><\/li><li><mark style=\"background-color:rgba(0, 0, 0, 0)\" class=\"has-inline-color has-vivid-purple-color\"><strong>Olimp\u00edadas \u2013 T\u00f3quio 2020<\/strong><\/mark><\/li><li><mark style=\"background-color:rgba(0, 0, 0, 0)\" class=\"has-inline-color has-vivid-purple-color\"><strong>A volta do Talib\u00e3 ao poder no Afeganist\u00e3o<\/strong><\/mark><\/li><li><mark style=\"background-color:rgba(0, 0, 0, 0)\" class=\"has-inline-color has-vivid-purple-color\"><strong>Proibi\u00e7\u00e3o de Venda de Ve\u00edculos \u00e0 Combust\u00e3o na Europa.<\/strong><\/mark><\/li><li><mark style=\"background-color:rgba(0, 0, 0, 0)\" class=\"has-inline-color has-vivid-purple-color\"><strong>Nova Pol\u00edtica de Educa\u00e7\u00e3o Especial<\/strong><\/mark><\/li><\/ol>\n\n\n\n<p>Pois bem. Essas foram<strong><span class=\"has-inline-color has-vivid-purple-color\"> 5 apostas para sua prova de Atualidades para Escrevente T\u00e9cnico Judici\u00e1rio do TJ-SP<\/span><\/strong> dentro das mais diversas \u00e1reas. Apresentamos pequenos <em>Bizus <\/em>desses assuntos, que s\u00e3o muito amplos, e que, por \u00f3bvio, precisar\u00e3o ser estudados mais detalhadamente para sua prova.<\/p>\n\n\n\n<p>Embora o edital preveja fatos que ocorreram a partir do primeiro semestre de 2021, por serem temas complexos, <strong><span class=\"has-inline-color has-vivid-purple-color\">precisam ser compreendidos desde a sua origem<\/span><\/strong>.<\/p>\n\n\n\n<p><strong><span class=\"has-inline-color has-vivid-purple-color\">Mantenha-se atualizado<\/span><\/strong> e fique de olhos nas diversas v\u00eddeo-aulas gratuitas com o <em>Professor Rodolfo Gracioli <\/em>que ficam dispon\u00edveis nos Youtube do Estrat\u00e9gia Concursos para voc\u00ea.<\/p>\n\n\n\n<p class=\"has-text-align-left\">Espero ter ajudado.<\/p>\n\n\n\n<p><em>Um abra\u00e7o.<\/em><\/p>\n\n\n\n<p><a href=\"https:\/\/www.instagram.com\/heloisatondinelli\/?hl=pt-br\" target=\"_blank\" rel=\"noreferrer noopener\">Helo\u00edsa Tondinelli<\/a><\/p>\n\n\n\n<p><strong>Saiba mais: <a href=\"https:\/\/www.estrategiaconcursos.com.br\/blog\/concurso-tj-sp-2021\/\" target=\"_blank\" rel=\"noreferrer noopener\">concurso TJ SP<\/a><\/strong><\/p>\n\n\n\n<hr class=\"wp-block-separator has-css-opacity\"\/>\n\n\n\n<h2 class=\"has-text-align-center wp-block-heading\" id=\"cursos-assinatura\">Quer estudar para o edital do concurso TJ SP?<\/h2>\n\n\n\n<div class=\"container\" id=\"boxes\">\n  <div class=\"row\">\n\n    <div class=\"col-sm\">\n      <div class=\"banner-tribunal\" id=\"box-assinatura\">\n        <h3 class=\"titulo-assinatura\">Concurso TJ SP<\/h3>\n        <p class=\"subtitulo-assinatura\">Conhe\u00e7a os cursos<\/p>\n        <div class=\"box-botao\">\n          <a class=\"btn-assinatura\" target=\"_blank\" href=\"https:\/\/www.estrategiaconcursos.com.br\/cursosPorConcurso\/tj-sp-escrevente\/\" role=\"button\" rel=\"noopener noreferrer\">Conhe\u00e7a mais<\/a>\n        <\/div>\n      <\/div>\n     \n    <\/div>\n\n  <\/div>\n<\/div>\n\n\n\n<div class=\"container\" id=\"boxes\">\n  <div class=\"row\">\n\n    <div class=\"col-sm\">\n      <div class=\"estrategia\" id=\"box-assinatura\">\n        <h3 class=\"titulo-assinatura\">Assinatura Concursos<\/h3>\n        <p class=\"subtitulo-assinatura\">Assinatura de 1 ano ou 2 anos<\/p>\n        <div class=\"box-botao\">\n          <a class=\"btn-assinatura\" target=\"_blank\" href=\"https:\/\/www.estrategiaconcursos.com.br\/assinaturas\/\" role=\"button\" rel=\"noopener noreferrer\">ASSINE AGORA<\/a>\n        <\/div>\n      <\/div><\/div><\/div><\/div>\n\n\n\n<div class=\"container\" id=\"boxes\">\n  <div class=\"row\">\n\n    <div class=\"col-sm\" id=\"boxes-concursos\">\n      <div style=\"background-color: #005DAD;\" class=\"conteudo-concursos\" id=\"box-concursos\">\n        <h3 class=\"titulo-assinatura\">Concursos Abertos<\/h3>\n        <p class=\"subtitulo-assinatura\">Os editais publicados<\/p>\n        <div class=\"box-botao\">\n          <a class=\"btn-assinatura\" target=\"_blank\" href=\"https:\/\/www.estrategiaconcursos.com.br\/blog\/concursos-abertos\/\" role=\"button\" rel=\"noopener noreferrer\">Conhe\u00e7a Agora<\/a>\n        <\/div>\n      <\/div>\n    <\/div>\n\n    <div class=\"col-sm\" id=\"boxes-concursos\">\n      <div style=\"background-color: #1A7ED5;\" class=\"conteudo-concursos\" id=\"box-concursos\">\n        <h3 class=\"titulo-assinatura\">Concursos 2021<\/h3>\n        <p class=\"subtitulo-assinatura\">As oportunidades previstas<\/p>\n        <div class=\"box-botao\">\n          <a class=\"btn-assinatura\" target=\"_blank\" href=\"https:\/\/www.estrategiaconcursos.com.br\/blog\/concursos-2021\/\" role=\"button\" rel=\"noopener noreferrer\">Conhe\u00e7a Agora<\/a>\n        <\/div>\n      <\/div>\n    <\/div>\n\n    <div class=\"col-sm\" id=\"boxes-concursos\">\n      <div style=\"background-color: #419FF0;\" class=\"conteudo-concursos\" id=\"box-concursos\">\n        <h3 class=\"titulo-assinatura\">Concursos 2022<\/h3>\n        <p class=\"subtitulo-assinatura\">Vagas para o pr\u00f3ximo ano<\/p>\n        <div class=\"box-botao\">\n          <a class=\"btn-assinatura\" target=\"_blank\" href=\"https:\/\/www.estrategiaconcursos.com.br\/blog\/concursos-2022\/\" role=\"button\" rel=\"noopener noreferrer\">Conhe\u00e7a Agora<\/a>\n        <\/div>\n      <\/div>\n    <\/div>\n\n  <\/div>\n<\/div>\n\n\n\n<figure class=\"wp-block-image size-large is-resized is-style-default\"><img loading=\"lazy\" decoding=\"async\" src=\"https:\/\/dhg1h5j42swfq.cloudfront.net\/2025\/06\/27101122\/ficha-tecnica-1-1024x632.png\" alt=\"Ficha do edital TJ SP\" class=\"wp-image-702728\" width=\"269\" height=\"166\" srcset=\"https:\/\/dhg1h5j42swfq.cloudfront.net\/2025\/06\/27101122\/ficha-tecnica-1-1024x632.png 1024w, https:\/\/dhg1h5j42swfq.cloudfront.net\/2025\/06\/27101122\/ficha-tecnica-1-300x185.png 300w, https:\/\/dhg1h5j42swfq.cloudfront.net\/2025\/06\/27101122\/ficha-tecnica-1-768x474.png 768w, https:\/\/dhg1h5j42swfq.cloudfront.net\/2025\/06\/27101122\/ficha-tecnica-1-1536x948.png 1536w, https:\/\/dhg1h5j42swfq.cloudfront.net\/2025\/06\/27101122\/ficha-tecnica-1-610x377.png 610w, https:\/\/dhg1h5j42swfq.cloudfront.net\/2025\/06\/27101122\/ficha-tecnica-1.png 1571w\" sizes=\"auto, (max-width: 269px) 100vw, 269px\" \/><\/figure>\n\n\n\n<h3 class=\"wp-block-heading\" id=\"ficha\">Informa\u00e7\u00f5es do edital do concurso TJ SP<\/h3>\n\n\n\n<ul class=\"wp-block-list\"><li><strong>Inscri\u00e7\u00f5es<\/strong>: 30 de julho a 02 de setembro de 2021<\/li><li><strong>Provas<\/strong>: 31 de outubro<\/li><li><strong>Vagas<\/strong>: 845<\/li><li><strong>Cargos<\/strong>: Escrevente T\u00e9cnico Judici\u00e1rio<\/li><li><strong>Banca<\/strong>: Vunesp<\/li><li><strong>Escolaridade<\/strong>: N\u00edvel m\u00e9dio<\/li><li><strong>Edital<\/strong>:&nbsp;<strong><a href=\"https:\/\/dhg1h5j42swfq.cloudfront.net\/2021\/07\/29002332\/edital_tjsp_estrategia.pdf\" target=\"_blank\" rel=\"noreferrer noopener nofollow\">Baixe AQUI!<\/a><\/strong><\/li><li><a href=\"https:\/\/www.estrategiaconcursos.com.br\/cursosPorConcurso\/tj-sp-escrevente\/\" target=\"_blank\" rel=\"noreferrer noopener\">Curso Escrevente TJ SP<\/a><\/li><\/ul>\n","protected":false},"excerpt":{"rendered":"<p>ATUALIDADES PARA O TJ-SP: prevista no edital para Escrevente do TJ-SP, nessa disciplina poder\u00e1 cair qualquer acontecimento do ano de 2021. Por isso, confira quais s\u00e3o as nossas apostas! Como j\u00e1 sabem, o edital do concurso de Escrevente T\u00e9cnico Judici\u00e1rio do TJSP (Tribunal de Justi\u00e7a de S\u00e3o Paulo), para a capital e para o interior, [&hellip;]<\/p>\n","protected":false},"author":1621,"featured_media":846798,"comment_status":"open","ping_status":"closed","sticky":false,"template":"","format":"standard","meta":{"post_tipo":"article","footnotes":""},"categories":[1],"tags":[],"tax_estado":[219989],"class_list":["post-846794","post","type-post","status-publish","format-standard","has-post-thumbnail","hentry","category-cursos-e-concursos","tax_estado-sp"],"acf":[],"yoast_head":"<!-- This site is optimized with the Yoast SEO Premium plugin v27.2 (Yoast SEO v27.2) - https:\/\/yoast.com\/product\/yoast-seo-premium-wordpress\/ -->\n<title>ATUALIDADES PARA O TJ-SP: 5 acontecimentos de 2021<\/title>\n<meta name=\"description\" content=\"ATUALIDADES PARA O TJ-SP: poder\u00e1 cair qualquer acontecimento do ano de 2021. Confira quais s\u00e3o nossas apostas para prova de Escrevente!\" \/>\n<meta name=\"robots\" content=\"index, follow, max-snippet:-1, max-image-preview:large, max-video-preview:-1\" \/>\n<link rel=\"canonical\" href=\"https:\/\/www.estrategiaconcursos.com.br\/blog\/atualidades-para-o-tj-sp\/\" \/>\n<meta property=\"og:locale\" content=\"pt_BR\" \/>\n<meta property=\"og:type\" content=\"article\" \/>\n<meta property=\"og:title\" content=\"ATUALIDADES PARA O TJ-SP: 5 acontecimentos de 2021\" \/>\n<meta property=\"og:description\" content=\"ATUALIDADES PARA O TJ-SP: poder\u00e1 cair qualquer acontecimento do ano de 2021. Confira quais s\u00e3o nossas apostas para prova de Escrevente!\" \/>\n<meta property=\"og:url\" content=\"https:\/\/www.estrategiaconcursos.com.br\/blog\/atualidades-para-o-tj-sp\/\" \/>\n<meta property=\"og:site_name\" content=\"Estrat\u00e9gia Concursos\" \/>\n<meta property=\"article:published_time\" content=\"2021-08-27T03:15:42+00:00\" \/>\n<meta property=\"article:modified_time\" content=\"2022-11-24T18:05:19+00:00\" \/>\n<meta property=\"og:image\" content=\"https:\/\/dhg1h5j42swfq.cloudfront.net\/2021\/08\/26235721\/image-802.png\" \/>\n\t<meta property=\"og:image:width\" content=\"532\" \/>\n\t<meta property=\"og:image:height\" content=\"642\" \/>\n\t<meta property=\"og:image:type\" content=\"image\/png\" \/>\n<meta name=\"author\" content=\"Helo\u00edsa Tondinelli\" \/>\n<meta name=\"twitter:card\" content=\"summary_large_image\" \/>\n<meta name=\"twitter:creator\" content=\"@EstratConcursos\" \/>\n<meta name=\"twitter:site\" content=\"@EstratConcursos\" \/>\n<meta name=\"twitter:label1\" content=\"Escrito por\" \/>\n\t<meta name=\"twitter:data1\" content=\"Helo\u00edsa Tondinelli\" \/>\n\t<meta name=\"twitter:label2\" content=\"Est. tempo de leitura\" \/>\n\t<meta name=\"twitter:data2\" content=\"10 minutos\" \/>\n<script type=\"application\/ld+json\" class=\"yoast-schema-graph\">{\"@context\":\"https:\/\/schema.org\",\"@graph\":[{\"@type\":\"NewsArticle\",\"@id\":\"https:\/\/www.estrategiaconcursos.com.br\/blog\/atualidades-para-o-tj-sp\/#article\",\"isPartOf\":{\"@id\":\"https:\/\/www.estrategiaconcursos.com.br\/blog\/atualidades-para-o-tj-sp\/\"},\"author\":{\"name\":\"Helo\u00edsa Tondinelli\",\"@id\":\"https:\/\/www.estrategiaconcursos.com.br\/blog\/#\/schema\/person\/58417749ed06746cdf1e9b4b1b7b41ec\"},\"headline\":\"ATUALIDADES PARA O TJ-SP: 5 acontecimentos de 2021\",\"datePublished\":\"2021-08-27T03:15:42+00:00\",\"dateModified\":\"2022-11-24T18:05:19+00:00\",\"mainEntityOfPage\":{\"@id\":\"https:\/\/www.estrategiaconcursos.com.br\/blog\/atualidades-para-o-tj-sp\/\"},\"wordCount\":2046,\"commentCount\":0,\"publisher\":{\"@id\":\"https:\/\/www.estrategiaconcursos.com.br\/blog\/#organization\"},\"image\":{\"@id\":\"https:\/\/www.estrategiaconcursos.com.br\/blog\/atualidades-para-o-tj-sp\/#primaryimage\"},\"thumbnailUrl\":\"https:\/\/dhg1h5j42swfq.cloudfront.net\/2021\/08\/26235721\/image-802.png\",\"articleSection\":[\"Concursos P\u00fablicos\"],\"inLanguage\":\"pt-BR\",\"potentialAction\":[{\"@type\":\"CommentAction\",\"name\":\"Comment\",\"target\":[\"https:\/\/www.estrategiaconcursos.com.br\/blog\/atualidades-para-o-tj-sp\/#respond\"]}],\"copyrightYear\":\"2021\",\"copyrightHolder\":{\"@id\":\"https:\/\/www.estrategiaconcursos.com.br\/blog\/#organization\"}},{\"@type\":\"WebPage\",\"@id\":\"https:\/\/www.estrategiaconcursos.com.br\/blog\/atualidades-para-o-tj-sp\/\",\"url\":\"https:\/\/www.estrategiaconcursos.com.br\/blog\/atualidades-para-o-tj-sp\/\",\"name\":\"ATUALIDADES PARA O TJ-SP: 5 acontecimentos de 2021\",\"isPartOf\":{\"@id\":\"https:\/\/www.estrategiaconcursos.com.br\/blog\/#website\"},\"primaryImageOfPage\":{\"@id\":\"https:\/\/www.estrategiaconcursos.com.br\/blog\/atualidades-para-o-tj-sp\/#primaryimage\"},\"image\":{\"@id\":\"https:\/\/www.estrategiaconcursos.com.br\/blog\/atualidades-para-o-tj-sp\/#primaryimage\"},\"thumbnailUrl\":\"https:\/\/dhg1h5j42swfq.cloudfront.net\/2021\/08\/26235721\/image-802.png\",\"datePublished\":\"2021-08-27T03:15:42+00:00\",\"dateModified\":\"2022-11-24T18:05:19+00:00\",\"description\":\"ATUALIDADES PARA O TJ-SP: poder\u00e1 cair qualquer acontecimento do ano de 2021. Confira quais s\u00e3o nossas apostas para prova de Escrevente!\",\"breadcrumb\":{\"@id\":\"https:\/\/www.estrategiaconcursos.com.br\/blog\/atualidades-para-o-tj-sp\/#breadcrumb\"},\"inLanguage\":\"pt-BR\",\"potentialAction\":[{\"@type\":\"ReadAction\",\"target\":[\"https:\/\/www.estrategiaconcursos.com.br\/blog\/atualidades-para-o-tj-sp\/\"]}]},{\"@type\":\"ImageObject\",\"inLanguage\":\"pt-BR\",\"@id\":\"https:\/\/www.estrategiaconcursos.com.br\/blog\/atualidades-para-o-tj-sp\/#primaryimage\",\"url\":\"https:\/\/dhg1h5j42swfq.cloudfront.net\/2021\/08\/26235721\/image-802.png\",\"contentUrl\":\"https:\/\/dhg1h5j42swfq.cloudfront.net\/2021\/08\/26235721\/image-802.png\",\"width\":532,\"height\":642,\"caption\":\"ATUALIDADES PARA O TJ-SP\"},{\"@type\":\"BreadcrumbList\",\"@id\":\"https:\/\/www.estrategiaconcursos.com.br\/blog\/atualidades-para-o-tj-sp\/#breadcrumb\",\"itemListElement\":[{\"@type\":\"ListItem\",\"position\":1,\"name\":\"In\u00edcio\",\"item\":\"https:\/\/www.estrategiaconcursos.com.br\/blog\/\"},{\"@type\":\"ListItem\",\"position\":2,\"name\":\"ATUALIDADES PARA O TJ-SP: 5 acontecimentos de 2021\"}]},{\"@type\":\"WebSite\",\"@id\":\"https:\/\/www.estrategiaconcursos.com.br\/blog\/#website\",\"url\":\"https:\/\/www.estrategiaconcursos.com.br\/blog\/\",\"name\":\"Estrat\u00e9gia Concursos\",\"description\":\"O blog da Estrat\u00e9gia Concursos traz not\u00edcias sobre concursos e artigos de professores oferecendo cursos para concursos (pdf + videaulas) no site.\",\"publisher\":{\"@id\":\"https:\/\/www.estrategiaconcursos.com.br\/blog\/#organization\"},\"potentialAction\":[{\"@type\":\"SearchAction\",\"target\":{\"@type\":\"EntryPoint\",\"urlTemplate\":\"https:\/\/www.estrategiaconcursos.com.br\/blog\/?s={search_term_string}\"},\"query-input\":{\"@type\":\"PropertyValueSpecification\",\"valueRequired\":true,\"valueName\":\"search_term_string\"}}],\"inLanguage\":\"pt-BR\"},{\"@type\":\"Organization\",\"@id\":\"https:\/\/www.estrategiaconcursos.com.br\/blog\/#organization\",\"name\":\"Estrat\u00e9gia Concursos\",\"url\":\"https:\/\/www.estrategiaconcursos.com.br\/blog\/\",\"logo\":{\"@type\":\"ImageObject\",\"inLanguage\":\"pt-BR\",\"@id\":\"https:\/\/www.estrategiaconcursos.com.br\/blog\/#\/schema\/logo\/image\/\",\"url\":\"https:\/\/dhg1h5j42swfq.cloudfront.net\/2025\/06\/03203428\/logo_concursos-1.jpg\",\"contentUrl\":\"https:\/\/dhg1h5j42swfq.cloudfront.net\/2025\/06\/03203428\/logo_concursos-1.jpg\",\"width\":230,\"height\":60,\"caption\":\"Estrat\u00e9gia Concursos\"},\"image\":{\"@id\":\"https:\/\/www.estrategiaconcursos.com.br\/blog\/#\/schema\/logo\/image\/\"},\"sameAs\":[\"https:\/\/x.com\/EstratConcursos\"]},{\"@type\":\"Person\",\"@id\":\"https:\/\/www.estrategiaconcursos.com.br\/blog\/#\/schema\/person\/58417749ed06746cdf1e9b4b1b7b41ec\",\"name\":\"Helo\u00edsa Tondinelli\",\"image\":{\"@type\":\"ImageObject\",\"inLanguage\":\"pt-BR\",\"@id\":\"https:\/\/secure.gravatar.com\/avatar\/1f2ae64ae5927cc0ec3c32c24974a05c7b99b52f5c520ccf5278b3e98ee3ca16?s=96&d=mm&r=g\",\"url\":\"https:\/\/secure.gravatar.com\/avatar\/1f2ae64ae5927cc0ec3c32c24974a05c7b99b52f5c520ccf5278b3e98ee3ca16?s=96&d=mm&r=g\",\"contentUrl\":\"https:\/\/secure.gravatar.com\/avatar\/1f2ae64ae5927cc0ec3c32c24974a05c7b99b52f5c520ccf5278b3e98ee3ca16?s=96&d=mm&r=g\",\"caption\":\"Helo\u00edsa Tondinelli\"},\"url\":\"https:\/\/www.estrategiaconcursos.com.br\/blog\/author\/helotondinellihotmail-com\/\"}]}<\/script>\n<!-- \/ Yoast SEO Premium plugin. -->","yoast_head_json":{"title":"ATUALIDADES PARA O TJ-SP: 5 acontecimentos de 2021","description":"ATUALIDADES PARA O TJ-SP: poder\u00e1 cair qualquer acontecimento do ano de 2021. Confira quais s\u00e3o nossas apostas para prova de Escrevente!","robots":{"index":"index","follow":"follow","max-snippet":"max-snippet:-1","max-image-preview":"max-image-preview:large","max-video-preview":"max-video-preview:-1"},"canonical":"https:\/\/www.estrategiaconcursos.com.br\/blog\/atualidades-para-o-tj-sp\/","og_locale":"pt_BR","og_type":"article","og_title":"ATUALIDADES PARA O TJ-SP: 5 acontecimentos de 2021","og_description":"ATUALIDADES PARA O TJ-SP: poder\u00e1 cair qualquer acontecimento do ano de 2021. Confira quais s\u00e3o nossas apostas para prova de Escrevente!","og_url":"https:\/\/www.estrategiaconcursos.com.br\/blog\/atualidades-para-o-tj-sp\/","og_site_name":"Estrat\u00e9gia Concursos","article_published_time":"2021-08-27T03:15:42+00:00","article_modified_time":"2022-11-24T18:05:19+00:00","og_image":[{"width":532,"height":642,"url":"https:\/\/dhg1h5j42swfq.cloudfront.net\/2021\/08\/26235721\/image-802.png","type":"image\/png"}],"author":"Helo\u00edsa Tondinelli","twitter_card":"summary_large_image","twitter_creator":"@EstratConcursos","twitter_site":"@EstratConcursos","twitter_misc":{"Escrito por":"Helo\u00edsa Tondinelli","Est. tempo de leitura":"10 minutos"},"schema":{"@context":"https:\/\/schema.org","@graph":[{"@type":"NewsArticle","@id":"https:\/\/www.estrategiaconcursos.com.br\/blog\/atualidades-para-o-tj-sp\/#article","isPartOf":{"@id":"https:\/\/www.estrategiaconcursos.com.br\/blog\/atualidades-para-o-tj-sp\/"},"author":{"name":"Helo\u00edsa Tondinelli","@id":"https:\/\/www.estrategiaconcursos.com.br\/blog\/#\/schema\/person\/58417749ed06746cdf1e9b4b1b7b41ec"},"headline":"ATUALIDADES PARA O TJ-SP: 5 acontecimentos de 2021","datePublished":"2021-08-27T03:15:42+00:00","dateModified":"2022-11-24T18:05:19+00:00","mainEntityOfPage":{"@id":"https:\/\/www.estrategiaconcursos.com.br\/blog\/atualidades-para-o-tj-sp\/"},"wordCount":2046,"commentCount":0,"publisher":{"@id":"https:\/\/www.estrategiaconcursos.com.br\/blog\/#organization"},"image":{"@id":"https:\/\/www.estrategiaconcursos.com.br\/blog\/atualidades-para-o-tj-sp\/#primaryimage"},"thumbnailUrl":"https:\/\/dhg1h5j42swfq.cloudfront.net\/2021\/08\/26235721\/image-802.png","articleSection":["Concursos P\u00fablicos"],"inLanguage":"pt-BR","potentialAction":[{"@type":"CommentAction","name":"Comment","target":["https:\/\/www.estrategiaconcursos.com.br\/blog\/atualidades-para-o-tj-sp\/#respond"]}],"copyrightYear":"2021","copyrightHolder":{"@id":"https:\/\/www.estrategiaconcursos.com.br\/blog\/#organization"}},{"@type":"WebPage","@id":"https:\/\/www.estrategiaconcursos.com.br\/blog\/atualidades-para-o-tj-sp\/","url":"https:\/\/www.estrategiaconcursos.com.br\/blog\/atualidades-para-o-tj-sp\/","name":"ATUALIDADES PARA O TJ-SP: 5 acontecimentos de 2021","isPartOf":{"@id":"https:\/\/www.estrategiaconcursos.com.br\/blog\/#website"},"primaryImageOfPage":{"@id":"https:\/\/www.estrategiaconcursos.com.br\/blog\/atualidades-para-o-tj-sp\/#primaryimage"},"image":{"@id":"https:\/\/www.estrategiaconcursos.com.br\/blog\/atualidades-para-o-tj-sp\/#primaryimage"},"thumbnailUrl":"https:\/\/dhg1h5j42swfq.cloudfront.net\/2021\/08\/26235721\/image-802.png","datePublished":"2021-08-27T03:15:42+00:00","dateModified":"2022-11-24T18:05:19+00:00","description":"ATUALIDADES PARA O TJ-SP: poder\u00e1 cair qualquer acontecimento do ano de 2021. Confira quais s\u00e3o nossas apostas para prova de Escrevente!","breadcrumb":{"@id":"https:\/\/www.estrategiaconcursos.com.br\/blog\/atualidades-para-o-tj-sp\/#breadcrumb"},"inLanguage":"pt-BR","potentialAction":[{"@type":"ReadAction","target":["https:\/\/www.estrategiaconcursos.com.br\/blog\/atualidades-para-o-tj-sp\/"]}]},{"@type":"ImageObject","inLanguage":"pt-BR","@id":"https:\/\/www.estrategiaconcursos.com.br\/blog\/atualidades-para-o-tj-sp\/#primaryimage","url":"https:\/\/dhg1h5j42swfq.cloudfront.net\/2021\/08\/26235721\/image-802.png","contentUrl":"https:\/\/dhg1h5j42swfq.cloudfront.net\/2021\/08\/26235721\/image-802.png","width":532,"height":642,"caption":"ATUALIDADES PARA O TJ-SP"},{"@type":"BreadcrumbList","@id":"https:\/\/www.estrategiaconcursos.com.br\/blog\/atualidades-para-o-tj-sp\/#breadcrumb","itemListElement":[{"@type":"ListItem","position":1,"name":"In\u00edcio","item":"https:\/\/www.estrategiaconcursos.com.br\/blog\/"},{"@type":"ListItem","position":2,"name":"ATUALIDADES PARA O TJ-SP: 5 acontecimentos de 2021"}]},{"@type":"WebSite","@id":"https:\/\/www.estrategiaconcursos.com.br\/blog\/#website","url":"https:\/\/www.estrategiaconcursos.com.br\/blog\/","name":"Estrat\u00e9gia Concursos","description":"O blog da Estrat\u00e9gia Concursos traz not\u00edcias sobre concursos e artigos de professores oferecendo cursos para concursos (pdf + videaulas) no site.","publisher":{"@id":"https:\/\/www.estrategiaconcursos.com.br\/blog\/#organization"},"potentialAction":[{"@type":"SearchAction","target":{"@type":"EntryPoint","urlTemplate":"https:\/\/www.estrategiaconcursos.com.br\/blog\/?s={search_term_string}"},"query-input":{"@type":"PropertyValueSpecification","valueRequired":true,"valueName":"search_term_string"}}],"inLanguage":"pt-BR"},{"@type":"Organization","@id":"https:\/\/www.estrategiaconcursos.com.br\/blog\/#organization","name":"Estrat\u00e9gia Concursos","url":"https:\/\/www.estrategiaconcursos.com.br\/blog\/","logo":{"@type":"ImageObject","inLanguage":"pt-BR","@id":"https:\/\/www.estrategiaconcursos.com.br\/blog\/#\/schema\/logo\/image\/","url":"https:\/\/dhg1h5j42swfq.cloudfront.net\/2025\/06\/03203428\/logo_concursos-1.jpg","contentUrl":"https:\/\/dhg1h5j42swfq.cloudfront.net\/2025\/06\/03203428\/logo_concursos-1.jpg","width":230,"height":60,"caption":"Estrat\u00e9gia Concursos"},"image":{"@id":"https:\/\/www.estrategiaconcursos.com.br\/blog\/#\/schema\/logo\/image\/"},"sameAs":["https:\/\/x.com\/EstratConcursos"]},{"@type":"Person","@id":"https:\/\/www.estrategiaconcursos.com.br\/blog\/#\/schema\/person\/58417749ed06746cdf1e9b4b1b7b41ec","name":"Helo\u00edsa Tondinelli","image":{"@type":"ImageObject","inLanguage":"pt-BR","@id":"https:\/\/secure.gravatar.com\/avatar\/1f2ae64ae5927cc0ec3c32c24974a05c7b99b52f5c520ccf5278b3e98ee3ca16?s=96&d=mm&r=g","url":"https:\/\/secure.gravatar.com\/avatar\/1f2ae64ae5927cc0ec3c32c24974a05c7b99b52f5c520ccf5278b3e98ee3ca16?s=96&d=mm&r=g","contentUrl":"https:\/\/secure.gravatar.com\/avatar\/1f2ae64ae5927cc0ec3c32c24974a05c7b99b52f5c520ccf5278b3e98ee3ca16?s=96&d=mm&r=g","caption":"Helo\u00edsa Tondinelli"},"url":"https:\/\/www.estrategiaconcursos.com.br\/blog\/author\/helotondinellihotmail-com\/"}]}},"_links":{"self":[{"href":"https:\/\/www.estrategiaconcursos.com.br\/blog\/wp-json\/wp\/v2\/posts\/846794","targetHints":{"allow":["GET"]}}],"collection":[{"href":"https:\/\/www.estrategiaconcursos.com.br\/blog\/wp-json\/wp\/v2\/posts"}],"about":[{"href":"https:\/\/www.estrategiaconcursos.com.br\/blog\/wp-json\/wp\/v2\/types\/post"}],"author":[{"embeddable":true,"href":"https:\/\/www.estrategiaconcursos.com.br\/blog\/wp-json\/wp\/v2\/users\/1621"}],"replies":[{"embeddable":true,"href":"https:\/\/www.estrategiaconcursos.com.br\/blog\/wp-json\/wp\/v2\/comments?post=846794"}],"version-history":[{"count":20,"href":"https:\/\/www.estrategiaconcursos.com.br\/blog\/wp-json\/wp\/v2\/posts\/846794\/revisions"}],"predecessor-version":[{"id":1129160,"href":"https:\/\/www.estrategiaconcursos.com.br\/blog\/wp-json\/wp\/v2\/posts\/846794\/revisions\/1129160"}],"wp:featuredmedia":[{"embeddable":true,"href":"https:\/\/www.estrategiaconcursos.com.br\/blog\/wp-json\/wp\/v2\/media\/846798"}],"wp:attachment":[{"href":"https:\/\/www.estrategiaconcursos.com.br\/blog\/wp-json\/wp\/v2\/media?parent=846794"}],"wp:term":[{"taxonomy":"category","embeddable":true,"href":"https:\/\/www.estrategiaconcursos.com.br\/blog\/wp-json\/wp\/v2\/categories?post=846794"},{"taxonomy":"post_tag","embeddable":true,"href":"https:\/\/www.estrategiaconcursos.com.br\/blog\/wp-json\/wp\/v2\/tags?post=846794"},{"taxonomy":"tax_estado","embeddable":true,"href":"https:\/\/www.estrategiaconcursos.com.br\/blog\/wp-json\/wp\/v2\/tax_estado?post=846794"}],"curies":[{"name":"wp","href":"https:\/\/api.w.org\/{rel}","templated":true}]}}