{"id":846622,"date":"2021-08-26T20:00:00","date_gmt":"2021-08-26T23:00:00","guid":{"rendered":"https:\/\/www.estrategiaconcursos.com.br\/blog\/?p=846622"},"modified":"2023-08-18T11:33:07","modified_gmt":"2023-08-18T14:33:07","slug":"concurso-sefaz-pr-saiba-por-onde-comecar-os-estudos","status":"publish","type":"post","link":"https:\/\/www.estrategiaconcursos.com.br\/blog\/concurso-sefaz-pr-saiba-por-onde-comecar-os-estudos\/","title":{"rendered":"Concurso SEFAZ PR: Saiba por onde come\u00e7ar os estudos"},"content":{"rendered":"\n<p><strong>Aten\u00e7\u00e3o, estrategista!<\/strong> Como a equipe de jornalismo do Estrat\u00e9gia Concursos o informou, os tr\u00e2mites para o concurso da <strong>Secretaria da Fazenda do estado do Paran\u00e1<\/strong>, que deveria ter ocorrido ainda em 2019, est\u00e3o cada vez mais quentes.<\/p>\n\n\n\n<p>Isso porque, recentemente, novas Comiss\u00f5es foram formada, para os cargos de&nbsp;<strong>Auditor Fiscal <\/strong>e<strong> Agente Fazend\u00e1rio A<\/strong>. Ademais, segundo declara\u00e7\u00f5es recentes do secret\u00e1rio Ren\u00ea Garcia J.<strong>&nbsp;o concurso p\u00fablico deve ser realizado em 2022<\/strong>.<\/p>\n\n\n\n<p>Dessa forma, s\u00f3 poder\u00e1 se destacar na sele\u00e7\u00e3o quem, estrategicamente, percebendo as movimenta\u00e7\u00f5es recentes, j\u00e1 iniciar os estudos. N\u00e3o seja que nem a concorr\u00eancia, n\u00e3o espere at\u00e9 a publica\u00e7\u00e3o do edital para se dedicar.<\/p>\n\n\n\n<p>Evidentemente, a partir desse aconselhamento, vai surgir uma d\u00favida: &#8220;Sem o edital, por onde come\u00e7ar os estudos?&#8221;. N\u00e3o precisa se preocupar, porque eu vou responder esse muitos outros questionamentos em aula s\u00edncrona.<\/p>\n\n\n\n<p><strong>A transmiss\u00e3o via YouTube ser\u00e1 \u00e0s 21h<\/strong>. <em>Para o evento, leve consigo um caderno, uma caneta e muita vontade de vencer<\/em>. Temos convic\u00e7\u00e3o de que atingir\u00e1 os melhores resultados. At\u00e9 daqui a pouco!<\/p>\n\n\n\n<h2 class=\"wp-block-heading has-text-align-center\" id=\"h-veja-ao-vivo-as-21h\">Veja AO VIVO, \u00e0s 21h<\/h2>\n\n\n\n<p class=\"has-text-align-center\"><em>Para ficar por dentro de todos os demais detalhes acerca do certame SEFAZ PR (edital, datas e atualiza\u00e7\u00f5es fresquinhas), confira um artigo completo, de f\u00e1cil compreens\u00e3o, que elaboramos EXCLUSIVAMENTE para voc\u00ea!<\/em><\/p>\n\n\n\n<p class=\"has-text-align-center has-pale-cyan-blue-background-color has-background\" style=\"font-size:clamp(14.642px, 0.915rem + ((1vw - 3.2px) * 0.721), 22px);px\"><strong>Mais informa\u00e7\u00f5es: <a href=\"https:\/\/www.estrategiaconcursos.com.br\/blog\/concurso-sefaz-pr\/\" target=\"_blank\" rel=\"noreferrer noopener\">Concurso SEFAZ PR<\/a><\/strong><\/p>\n\n\n\n<hr class=\"wp-block-separator has-css-opacity\"\/>\n\n\n\n<h2 class=\"wp-block-heading has-text-align-center\" id=\"h-quer-estudar-para-o-concurso-sefaz-pr-a-gente-te-ajuda\">Quer estudar para o concurso SEFAZ PR? A gente te ajuda!<\/h2>\n\n\n\n<div class=\"container\" id=\"boxes\">\n  <div class=\"row\">\n\n    <div class=\"col-sm\">\n      <div class=\"banner-fiscal-01\" id=\"box-assinatura\">\n        <h3 class=\"titulo-assinatura\">Carreiras Fiscais<\/h3>\n        <p class=\"subtitulo-assinatura\">Estude conosco<\/p>\n        <div class=\"box-botao\">\n          <a class=\"btn-assinatura\" target=\"_blank\" rel=\"noopener\">Concurso SEFAZ PR<\/a>\n        <\/div>\n      <\/div>\n      \n    <\/div>\n\n  <\/div>\n<\/div>\n\n\n\n<div class=\"container\" id=\"boxes\">\n  <div class=\"row\">\n\n    <div class=\"col-sm\">\n      <div class=\"estrategia\" id=\"box-assinatura\">\n        <h3 class=\"titulo-assinatura\">Assinatura Concursos<\/h3>\n        <p class=\"subtitulo-assinatura\">Assinatura de 1 ano ou 2 anos<\/p>\n        <div class=\"box-botao\">\n          <a class=\"btn-assinatura\" target=\"_blank\" href=\"https:\/\/www.estrategiaconcursos.com.br\/assinaturas\/\" role=\"button\" rel=\"noopener noreferrer\">ASSINE AGORA<\/a>\n        <\/div>\n      <\/div><\/div><\/div><\/div>\n\n\n\n<div class=\"container\" id=\"boxes\">\n  <div class=\"row\">\n\n    <div class=\"col-sm\" id=\"boxes-concursos\">\n      <div style=\"background-color: #005DAD;\" class=\"conteudo-concursos\" id=\"box-concursos\">\n        <h3 class=\"titulo-assinatura\">Concursos Abertos<\/h3>\n        <p class=\"subtitulo-assinatura\">Confira os editais publicados<\/p>\n        <div class=\"box-botao\">\n          <a class=\"btn-assinatura\" target=\"_blank\" href=\"https:\/\/www.estrategiaconcursos.com.br\/blog\/concursos-abertos\/\" role=\"button\" rel=\"noopener noreferrer\">Conhe\u00e7a Agora<\/a>\n        <\/div>\n      <\/div>\n    <\/div>\n\n    <div class=\"col-sm\" id=\"boxes-concursos\">\n      <div style=\"background-color: #1A7ED5;\" class=\"conteudo-concursos\" id=\"box-concursos\">\n        <h3 class=\"titulo-assinatura\">Concursos 2021<\/h3>\n        <p class=\"subtitulo-assinatura\">As oportunidades previstas<\/p>\n        <div class=\"box-botao\">\n          <a class=\"btn-assinatura\" target=\"_blank\" href=\"https:\/\/www.estrategiaconcursos.com.br\/blog\/concursos-2021\/\" role=\"button\" rel=\"noopener noreferrer\">Conhe\u00e7a Agora<\/a>\n        <\/div>\n      <\/div>\n    <\/div>\n\n    <div class=\"col-sm\" id=\"boxes-concursos\">\n      <div style=\"background-color: #419FF0;\" class=\"conteudo-concursos\" id=\"box-concursos\">\n        <h3 class=\"titulo-assinatura\">Concursos 2022<\/h3>\n        <p class=\"subtitulo-assinatura\">Vagas para o pr\u00f3ximo ano<\/p>\n        <div class=\"box-botao\">\n          <a class=\"btn-assinatura\" target=\"_blank\" href=\"https:\/\/www.estrategiaconcursos.com.br\/blog\/concursos-2022\/\" role=\"button\" rel=\"noopener noreferrer\">Conhe\u00e7a Agora<\/a>\n        <\/div>\n      <\/div>\n    <\/div>\n\n  <\/div>\n<\/div>\n","protected":false},"excerpt":{"rendered":"<p>Aten\u00e7\u00e3o, estrategista! Como a equipe de jornalismo do Estrat\u00e9gia Concursos o informou, os tr\u00e2mites para o concurso da Secretaria da Fazenda do estado do Paran\u00e1, que deveria ter ocorrido ainda em 2019, est\u00e3o cada vez mais quentes. Isso porque, recentemente, novas Comiss\u00f5es foram formada, para os cargos de&nbsp;Auditor Fiscal e Agente Fazend\u00e1rio A. Ademais, segundo [&hellip;]<\/p>\n","protected":false},"author":1906,"featured_media":846636,"comment_status":"open","ping_status":"closed","sticky":false,"template":"","format":"standard","meta":{"post_tipo":"news","footnotes":""},"categories":[1983,220219],"tags":[],"tax_estado":[219981],"class_list":["post-846622","post","type-post","status-publish","format-standard","has-post-thumbnail","hentry","category-fiscal-estadual","category-noticias","tax_estado-pr"],"acf":[],"yoast_head":"<!-- This site is optimized with the Yoast SEO Premium plugin v27.2 (Yoast SEO v27.2) - https:\/\/yoast.com\/product\/yoast-seo-premium-wordpress\/ -->\n<title>Concurso SEFAZ PR: Saiba por onde come\u00e7ar os estudos<\/title>\n<meta name=\"description\" content=\"N\u00e3o seja que nem a concorr\u00eancia, n\u00e3o espere at\u00e9 a publica\u00e7\u00e3o do edital para se dedicar. Acesse esse artigo para mais informa\u00e7\u00f5es!\" \/>\n<meta name=\"robots\" content=\"index, follow, max-snippet:-1, max-image-preview:large, max-video-preview:-1\" \/>\n<link rel=\"canonical\" href=\"https:\/\/www.estrategiaconcursos.com.br\/blog\/concurso-sefaz-pr-saiba-por-onde-comecar-os-estudos\/\" \/>\n<meta property=\"og:locale\" content=\"pt_BR\" \/>\n<meta property=\"og:type\" content=\"article\" \/>\n<meta property=\"og:title\" content=\"Concurso SEFAZ PR: Saiba por onde come\u00e7ar os estudos\" \/>\n<meta property=\"og:description\" content=\"N\u00e3o seja que nem a concorr\u00eancia, n\u00e3o espere at\u00e9 a publica\u00e7\u00e3o do edital para se dedicar. Acesse esse artigo para mais informa\u00e7\u00f5es!\" \/>\n<meta property=\"og:url\" content=\"https:\/\/www.estrategiaconcursos.com.br\/blog\/concurso-sefaz-pr-saiba-por-onde-comecar-os-estudos\/\" \/>\n<meta property=\"og:site_name\" content=\"Estrat\u00e9gia Concursos\" \/>\n<meta property=\"article:published_time\" content=\"2021-08-26T23:00:00+00:00\" \/>\n<meta property=\"article:modified_time\" content=\"2023-08-18T14:33:07+00:00\" \/>\n<meta property=\"og:image\" content=\"https:\/\/dhg1h5j42swfq.cloudfront.net\/2021\/08\/26163453\/sefaz-pr.png\" \/>\n\t<meta property=\"og:image:width\" content=\"614\" \/>\n\t<meta property=\"og:image:height\" content=\"614\" \/>\n\t<meta property=\"og:image:type\" content=\"image\/png\" \/>\n<meta name=\"author\" content=\"Bruno Bezerra\" \/>\n<meta name=\"twitter:card\" content=\"summary_large_image\" \/>\n<meta name=\"twitter:creator\" content=\"@EstratConcursos\" \/>\n<meta name=\"twitter:site\" content=\"@EstratConcursos\" \/>\n<meta name=\"twitter:label1\" content=\"Escrito por\" \/>\n\t<meta name=\"twitter:data1\" content=\"Bruno Bezerra\" \/>\n\t<meta name=\"twitter:label2\" content=\"Est. tempo de leitura\" \/>\n\t<meta name=\"twitter:data2\" content=\"2 minutos\" \/>\n<script type=\"application\/ld+json\" class=\"yoast-schema-graph\">{\"@context\":\"https:\/\/schema.org\",\"@graph\":[{\"@type\":\"NewsArticle\",\"@id\":\"https:\/\/www.estrategiaconcursos.com.br\/blog\/concurso-sefaz-pr-saiba-por-onde-comecar-os-estudos\/#article\",\"isPartOf\":{\"@id\":\"https:\/\/www.estrategiaconcursos.com.br\/blog\/concurso-sefaz-pr-saiba-por-onde-comecar-os-estudos\/\"},\"author\":{\"name\":\"Bruno Bezerra\",\"@id\":\"https:\/\/www.estrategiaconcursos.com.br\/blog\/#\/schema\/person\/addb2bc42f2320184427f8f4ff161f88\"},\"headline\":\"Concurso SEFAZ PR: Saiba por onde come\u00e7ar os estudos\",\"datePublished\":\"2021-08-26T23:00:00+00:00\",\"dateModified\":\"2023-08-18T14:33:07+00:00\",\"mainEntityOfPage\":{\"@id\":\"https:\/\/www.estrategiaconcursos.com.br\/blog\/concurso-sefaz-pr-saiba-por-onde-comecar-os-estudos\/\"},\"wordCount\":299,\"commentCount\":0,\"publisher\":{\"@id\":\"https:\/\/www.estrategiaconcursos.com.br\/blog\/#organization\"},\"image\":{\"@id\":\"https:\/\/www.estrategiaconcursos.com.br\/blog\/concurso-sefaz-pr-saiba-por-onde-comecar-os-estudos\/#primaryimage\"},\"thumbnailUrl\":\"https:\/\/dhg1h5j42swfq.cloudfront.net\/2021\/08\/26163453\/sefaz-pr.png\",\"articleSection\":[\"Fiscal - Estadual (ICMS)\",\"\u00daltimas not\u00edcias\"],\"inLanguage\":\"pt-BR\",\"potentialAction\":[{\"@type\":\"CommentAction\",\"name\":\"Comment\",\"target\":[\"https:\/\/www.estrategiaconcursos.com.br\/blog\/concurso-sefaz-pr-saiba-por-onde-comecar-os-estudos\/#respond\"]}],\"copyrightYear\":\"2021\",\"copyrightHolder\":{\"@id\":\"https:\/\/www.estrategiaconcursos.com.br\/blog\/#organization\"}},{\"@type\":\"WebPage\",\"@id\":\"https:\/\/www.estrategiaconcursos.com.br\/blog\/concurso-sefaz-pr-saiba-por-onde-comecar-os-estudos\/\",\"url\":\"https:\/\/www.estrategiaconcursos.com.br\/blog\/concurso-sefaz-pr-saiba-por-onde-comecar-os-estudos\/\",\"name\":\"Concurso SEFAZ PR: Saiba por onde come\u00e7ar os estudos\",\"isPartOf\":{\"@id\":\"https:\/\/www.estrategiaconcursos.com.br\/blog\/#website\"},\"primaryImageOfPage\":{\"@id\":\"https:\/\/www.estrategiaconcursos.com.br\/blog\/concurso-sefaz-pr-saiba-por-onde-comecar-os-estudos\/#primaryimage\"},\"image\":{\"@id\":\"https:\/\/www.estrategiaconcursos.com.br\/blog\/concurso-sefaz-pr-saiba-por-onde-comecar-os-estudos\/#primaryimage\"},\"thumbnailUrl\":\"https:\/\/dhg1h5j42swfq.cloudfront.net\/2021\/08\/26163453\/sefaz-pr.png\",\"datePublished\":\"2021-08-26T23:00:00+00:00\",\"dateModified\":\"2023-08-18T14:33:07+00:00\",\"description\":\"N\u00e3o seja que nem a concorr\u00eancia, n\u00e3o espere at\u00e9 a publica\u00e7\u00e3o do edital para se dedicar. Acesse esse artigo para mais informa\u00e7\u00f5es!\",\"breadcrumb\":{\"@id\":\"https:\/\/www.estrategiaconcursos.com.br\/blog\/concurso-sefaz-pr-saiba-por-onde-comecar-os-estudos\/#breadcrumb\"},\"inLanguage\":\"pt-BR\",\"potentialAction\":[{\"@type\":\"ReadAction\",\"target\":[\"https:\/\/www.estrategiaconcursos.com.br\/blog\/concurso-sefaz-pr-saiba-por-onde-comecar-os-estudos\/\"]}]},{\"@type\":\"ImageObject\",\"inLanguage\":\"pt-BR\",\"@id\":\"https:\/\/www.estrategiaconcursos.com.br\/blog\/concurso-sefaz-pr-saiba-por-onde-comecar-os-estudos\/#primaryimage\",\"url\":\"https:\/\/dhg1h5j42swfq.cloudfront.net\/2021\/08\/26163453\/sefaz-pr.png\",\"contentUrl\":\"https:\/\/dhg1h5j42swfq.cloudfront.net\/2021\/08\/26163453\/sefaz-pr.png\",\"width\":614,\"height\":614},{\"@type\":\"BreadcrumbList\",\"@id\":\"https:\/\/www.estrategiaconcursos.com.br\/blog\/concurso-sefaz-pr-saiba-por-onde-comecar-os-estudos\/#breadcrumb\",\"itemListElement\":[{\"@type\":\"ListItem\",\"position\":1,\"name\":\"In\u00edcio\",\"item\":\"https:\/\/www.estrategiaconcursos.com.br\/blog\/\"},{\"@type\":\"ListItem\",\"position\":2,\"name\":\"Concurso SEFAZ PR: Saiba por onde come\u00e7ar os estudos\"}]},{\"@type\":\"WebSite\",\"@id\":\"https:\/\/www.estrategiaconcursos.com.br\/blog\/#website\",\"url\":\"https:\/\/www.estrategiaconcursos.com.br\/blog\/\",\"name\":\"Estrat\u00e9gia Concursos\",\"description\":\"O blog da Estrat\u00e9gia Concursos traz not\u00edcias sobre concursos e artigos de professores oferecendo cursos para concursos (pdf + videaulas) no site.\",\"publisher\":{\"@id\":\"https:\/\/www.estrategiaconcursos.com.br\/blog\/#organization\"},\"potentialAction\":[{\"@type\":\"SearchAction\",\"target\":{\"@type\":\"EntryPoint\",\"urlTemplate\":\"https:\/\/www.estrategiaconcursos.com.br\/blog\/?s={search_term_string}\"},\"query-input\":{\"@type\":\"PropertyValueSpecification\",\"valueRequired\":true,\"valueName\":\"search_term_string\"}}],\"inLanguage\":\"pt-BR\"},{\"@type\":\"Organization\",\"@id\":\"https:\/\/www.estrategiaconcursos.com.br\/blog\/#organization\",\"name\":\"Estrat\u00e9gia Concursos\",\"url\":\"https:\/\/www.estrategiaconcursos.com.br\/blog\/\",\"logo\":{\"@type\":\"ImageObject\",\"inLanguage\":\"pt-BR\",\"@id\":\"https:\/\/www.estrategiaconcursos.com.br\/blog\/#\/schema\/logo\/image\/\",\"url\":\"https:\/\/dhg1h5j42swfq.cloudfront.net\/2025\/06\/03203428\/logo_concursos-1.jpg\",\"contentUrl\":\"https:\/\/dhg1h5j42swfq.cloudfront.net\/2025\/06\/03203428\/logo_concursos-1.jpg\",\"width\":230,\"height\":60,\"caption\":\"Estrat\u00e9gia Concursos\"},\"image\":{\"@id\":\"https:\/\/www.estrategiaconcursos.com.br\/blog\/#\/schema\/logo\/image\/\"},\"sameAs\":[\"https:\/\/x.com\/EstratConcursos\"]},{\"@type\":\"Person\",\"@id\":\"https:\/\/www.estrategiaconcursos.com.br\/blog\/#\/schema\/person\/addb2bc42f2320184427f8f4ff161f88\",\"name\":\"Bruno Bezerra\",\"image\":{\"@type\":\"ImageObject\",\"inLanguage\":\"pt-BR\",\"@id\":\"https:\/\/secure.gravatar.com\/avatar\/40ea3c769299f1a8cf27f1763fd967425b67870e213668ed09cbc95da7547dfe?s=96&d=mm&r=g\",\"url\":\"https:\/\/secure.gravatar.com\/avatar\/40ea3c769299f1a8cf27f1763fd967425b67870e213668ed09cbc95da7547dfe?s=96&d=mm&r=g\",\"contentUrl\":\"https:\/\/secure.gravatar.com\/avatar\/40ea3c769299f1a8cf27f1763fd967425b67870e213668ed09cbc95da7547dfe?s=96&d=mm&r=g\",\"caption\":\"Bruno Bezerra\"},\"url\":\"https:\/\/www.estrategiaconcursos.com.br\/blog\/author\/antbrunobezerrayahoo-com-br\/\"}]}<\/script>\n<!-- \/ Yoast SEO Premium plugin. -->","yoast_head_json":{"title":"Concurso SEFAZ PR: Saiba por onde come\u00e7ar os estudos","description":"N\u00e3o seja que nem a concorr\u00eancia, n\u00e3o espere at\u00e9 a publica\u00e7\u00e3o do edital para se dedicar. Acesse esse artigo para mais informa\u00e7\u00f5es!","robots":{"index":"index","follow":"follow","max-snippet":"max-snippet:-1","max-image-preview":"max-image-preview:large","max-video-preview":"max-video-preview:-1"},"canonical":"https:\/\/www.estrategiaconcursos.com.br\/blog\/concurso-sefaz-pr-saiba-por-onde-comecar-os-estudos\/","og_locale":"pt_BR","og_type":"article","og_title":"Concurso SEFAZ PR: Saiba por onde come\u00e7ar os estudos","og_description":"N\u00e3o seja que nem a concorr\u00eancia, n\u00e3o espere at\u00e9 a publica\u00e7\u00e3o do edital para se dedicar. Acesse esse artigo para mais informa\u00e7\u00f5es!","og_url":"https:\/\/www.estrategiaconcursos.com.br\/blog\/concurso-sefaz-pr-saiba-por-onde-comecar-os-estudos\/","og_site_name":"Estrat\u00e9gia Concursos","article_published_time":"2021-08-26T23:00:00+00:00","article_modified_time":"2023-08-18T14:33:07+00:00","og_image":[{"width":614,"height":614,"url":"https:\/\/dhg1h5j42swfq.cloudfront.net\/2021\/08\/26163453\/sefaz-pr.png","type":"image\/png"}],"author":"Bruno Bezerra","twitter_card":"summary_large_image","twitter_creator":"@EstratConcursos","twitter_site":"@EstratConcursos","twitter_misc":{"Escrito por":"Bruno Bezerra","Est. tempo de leitura":"2 minutos"},"schema":{"@context":"https:\/\/schema.org","@graph":[{"@type":"NewsArticle","@id":"https:\/\/www.estrategiaconcursos.com.br\/blog\/concurso-sefaz-pr-saiba-por-onde-comecar-os-estudos\/#article","isPartOf":{"@id":"https:\/\/www.estrategiaconcursos.com.br\/blog\/concurso-sefaz-pr-saiba-por-onde-comecar-os-estudos\/"},"author":{"name":"Bruno Bezerra","@id":"https:\/\/www.estrategiaconcursos.com.br\/blog\/#\/schema\/person\/addb2bc42f2320184427f8f4ff161f88"},"headline":"Concurso SEFAZ PR: Saiba por onde come\u00e7ar os estudos","datePublished":"2021-08-26T23:00:00+00:00","dateModified":"2023-08-18T14:33:07+00:00","mainEntityOfPage":{"@id":"https:\/\/www.estrategiaconcursos.com.br\/blog\/concurso-sefaz-pr-saiba-por-onde-comecar-os-estudos\/"},"wordCount":299,"commentCount":0,"publisher":{"@id":"https:\/\/www.estrategiaconcursos.com.br\/blog\/#organization"},"image":{"@id":"https:\/\/www.estrategiaconcursos.com.br\/blog\/concurso-sefaz-pr-saiba-por-onde-comecar-os-estudos\/#primaryimage"},"thumbnailUrl":"https:\/\/dhg1h5j42swfq.cloudfront.net\/2021\/08\/26163453\/sefaz-pr.png","articleSection":["Fiscal - Estadual (ICMS)","\u00daltimas not\u00edcias"],"inLanguage":"pt-BR","potentialAction":[{"@type":"CommentAction","name":"Comment","target":["https:\/\/www.estrategiaconcursos.com.br\/blog\/concurso-sefaz-pr-saiba-por-onde-comecar-os-estudos\/#respond"]}],"copyrightYear":"2021","copyrightHolder":{"@id":"https:\/\/www.estrategiaconcursos.com.br\/blog\/#organization"}},{"@type":"WebPage","@id":"https:\/\/www.estrategiaconcursos.com.br\/blog\/concurso-sefaz-pr-saiba-por-onde-comecar-os-estudos\/","url":"https:\/\/www.estrategiaconcursos.com.br\/blog\/concurso-sefaz-pr-saiba-por-onde-comecar-os-estudos\/","name":"Concurso SEFAZ PR: Saiba por onde come\u00e7ar os estudos","isPartOf":{"@id":"https:\/\/www.estrategiaconcursos.com.br\/blog\/#website"},"primaryImageOfPage":{"@id":"https:\/\/www.estrategiaconcursos.com.br\/blog\/concurso-sefaz-pr-saiba-por-onde-comecar-os-estudos\/#primaryimage"},"image":{"@id":"https:\/\/www.estrategiaconcursos.com.br\/blog\/concurso-sefaz-pr-saiba-por-onde-comecar-os-estudos\/#primaryimage"},"thumbnailUrl":"https:\/\/dhg1h5j42swfq.cloudfront.net\/2021\/08\/26163453\/sefaz-pr.png","datePublished":"2021-08-26T23:00:00+00:00","dateModified":"2023-08-18T14:33:07+00:00","description":"N\u00e3o seja que nem a concorr\u00eancia, n\u00e3o espere at\u00e9 a publica\u00e7\u00e3o do edital para se dedicar. Acesse esse artigo para mais informa\u00e7\u00f5es!","breadcrumb":{"@id":"https:\/\/www.estrategiaconcursos.com.br\/blog\/concurso-sefaz-pr-saiba-por-onde-comecar-os-estudos\/#breadcrumb"},"inLanguage":"pt-BR","potentialAction":[{"@type":"ReadAction","target":["https:\/\/www.estrategiaconcursos.com.br\/blog\/concurso-sefaz-pr-saiba-por-onde-comecar-os-estudos\/"]}]},{"@type":"ImageObject","inLanguage":"pt-BR","@id":"https:\/\/www.estrategiaconcursos.com.br\/blog\/concurso-sefaz-pr-saiba-por-onde-comecar-os-estudos\/#primaryimage","url":"https:\/\/dhg1h5j42swfq.cloudfront.net\/2021\/08\/26163453\/sefaz-pr.png","contentUrl":"https:\/\/dhg1h5j42swfq.cloudfront.net\/2021\/08\/26163453\/sefaz-pr.png","width":614,"height":614},{"@type":"BreadcrumbList","@id":"https:\/\/www.estrategiaconcursos.com.br\/blog\/concurso-sefaz-pr-saiba-por-onde-comecar-os-estudos\/#breadcrumb","itemListElement":[{"@type":"ListItem","position":1,"name":"In\u00edcio","item":"https:\/\/www.estrategiaconcursos.com.br\/blog\/"},{"@type":"ListItem","position":2,"name":"Concurso SEFAZ PR: Saiba por onde come\u00e7ar os estudos"}]},{"@type":"WebSite","@id":"https:\/\/www.estrategiaconcursos.com.br\/blog\/#website","url":"https:\/\/www.estrategiaconcursos.com.br\/blog\/","name":"Estrat\u00e9gia Concursos","description":"O blog da Estrat\u00e9gia Concursos traz not\u00edcias sobre concursos e artigos de professores oferecendo cursos para concursos (pdf + videaulas) no site.","publisher":{"@id":"https:\/\/www.estrategiaconcursos.com.br\/blog\/#organization"},"potentialAction":[{"@type":"SearchAction","target":{"@type":"EntryPoint","urlTemplate":"https:\/\/www.estrategiaconcursos.com.br\/blog\/?s={search_term_string}"},"query-input":{"@type":"PropertyValueSpecification","valueRequired":true,"valueName":"search_term_string"}}],"inLanguage":"pt-BR"},{"@type":"Organization","@id":"https:\/\/www.estrategiaconcursos.com.br\/blog\/#organization","name":"Estrat\u00e9gia Concursos","url":"https:\/\/www.estrategiaconcursos.com.br\/blog\/","logo":{"@type":"ImageObject","inLanguage":"pt-BR","@id":"https:\/\/www.estrategiaconcursos.com.br\/blog\/#\/schema\/logo\/image\/","url":"https:\/\/dhg1h5j42swfq.cloudfront.net\/2025\/06\/03203428\/logo_concursos-1.jpg","contentUrl":"https:\/\/dhg1h5j42swfq.cloudfront.net\/2025\/06\/03203428\/logo_concursos-1.jpg","width":230,"height":60,"caption":"Estrat\u00e9gia Concursos"},"image":{"@id":"https:\/\/www.estrategiaconcursos.com.br\/blog\/#\/schema\/logo\/image\/"},"sameAs":["https:\/\/x.com\/EstratConcursos"]},{"@type":"Person","@id":"https:\/\/www.estrategiaconcursos.com.br\/blog\/#\/schema\/person\/addb2bc42f2320184427f8f4ff161f88","name":"Bruno Bezerra","image":{"@type":"ImageObject","inLanguage":"pt-BR","@id":"https:\/\/secure.gravatar.com\/avatar\/40ea3c769299f1a8cf27f1763fd967425b67870e213668ed09cbc95da7547dfe?s=96&d=mm&r=g","url":"https:\/\/secure.gravatar.com\/avatar\/40ea3c769299f1a8cf27f1763fd967425b67870e213668ed09cbc95da7547dfe?s=96&d=mm&r=g","contentUrl":"https:\/\/secure.gravatar.com\/avatar\/40ea3c769299f1a8cf27f1763fd967425b67870e213668ed09cbc95da7547dfe?s=96&d=mm&r=g","caption":"Bruno Bezerra"},"url":"https:\/\/www.estrategiaconcursos.com.br\/blog\/author\/antbrunobezerrayahoo-com-br\/"}]}},"_links":{"self":[{"href":"https:\/\/www.estrategiaconcursos.com.br\/blog\/wp-json\/wp\/v2\/posts\/846622","targetHints":{"allow":["GET"]}}],"collection":[{"href":"https:\/\/www.estrategiaconcursos.com.br\/blog\/wp-json\/wp\/v2\/posts"}],"about":[{"href":"https:\/\/www.estrategiaconcursos.com.br\/blog\/wp-json\/wp\/v2\/types\/post"}],"author":[{"embeddable":true,"href":"https:\/\/www.estrategiaconcursos.com.br\/blog\/wp-json\/wp\/v2\/users\/1906"}],"replies":[{"embeddable":true,"href":"https:\/\/www.estrategiaconcursos.com.br\/blog\/wp-json\/wp\/v2\/comments?post=846622"}],"version-history":[{"count":7,"href":"https:\/\/www.estrategiaconcursos.com.br\/blog\/wp-json\/wp\/v2\/posts\/846622\/revisions"}],"predecessor-version":[{"id":1266220,"href":"https:\/\/www.estrategiaconcursos.com.br\/blog\/wp-json\/wp\/v2\/posts\/846622\/revisions\/1266220"}],"wp:featuredmedia":[{"embeddable":true,"href":"https:\/\/www.estrategiaconcursos.com.br\/blog\/wp-json\/wp\/v2\/media\/846636"}],"wp:attachment":[{"href":"https:\/\/www.estrategiaconcursos.com.br\/blog\/wp-json\/wp\/v2\/media?parent=846622"}],"wp:term":[{"taxonomy":"category","embeddable":true,"href":"https:\/\/www.estrategiaconcursos.com.br\/blog\/wp-json\/wp\/v2\/categories?post=846622"},{"taxonomy":"post_tag","embeddable":true,"href":"https:\/\/www.estrategiaconcursos.com.br\/blog\/wp-json\/wp\/v2\/tags?post=846622"},{"taxonomy":"tax_estado","embeddable":true,"href":"https:\/\/www.estrategiaconcursos.com.br\/blog\/wp-json\/wp\/v2\/tax_estado?post=846622"}],"curies":[{"name":"wp","href":"https:\/\/api.w.org\/{rel}","templated":true}]}}