{"id":845478,"date":"2021-08-25T14:33:02","date_gmt":"2021-08-25T17:33:02","guid":{"rendered":"https:\/\/www.estrategiaconcursos.com.br\/blog\/?p=845478"},"modified":"2021-08-25T18:24:34","modified_gmt":"2021-08-25T21:24:34","slug":"concurso-pm-sc-edital-agente","status":"publish","type":"post","link":"https:\/\/www.estrategiaconcursos.com.br\/blog\/concurso-pm-sc-edital-agente\/","title":{"rendered":"Concurso PM SC: Edital para Agente Tempor\u00e1rio \u00e9 publicado!"},"content":{"rendered":"\n<h3 class=\"wp-block-heading\" id=\"h-inscri-es-j-est-o-abertas-s-o-723-vagas\"><em>Inscri\u00e7\u00f5es j\u00e1 est\u00e3o abertas. S\u00e3o 723 vagas!<\/em><\/h3>\n\n\n\n<p>Aten\u00e7\u00e3o, concurseiros! Foi publicado o <a href=\"https:\/\/pm.sc.gov.br\/uploads\/concursos\/processos-seletivos-de-agentes-temporarios-da-pmsc\/edital-n-126cgcp2021-processo-seletivo-para-agentes-temporarios\/edital-de-retificacao-n-13cgcp2021-processo-seletivo-para-agentes-temporarios-inscricoes-abertas-2062.pdf\" target=\"_blank\" rel=\"noreferrer noopener\">edital<\/a> do <strong>concurso PM SC para o cargo de Agente Tempor\u00e1rio<\/strong>, com a oferta de <strong>723 vagas<\/strong>, al\u00e9m de cadastro de reserva. Destas, 37 (5%) poder\u00e3o ser preenchidas por pessoas com defici\u00eancia (PCDs). <\/p>\n\n\n\n<p>Com inscri\u00e7\u00f5es abertas, o processo de candidatura poder\u00e1 ser realizado <strong>at\u00e9 12 de setembro<\/strong>, exclusivamente no site da <a href=\"https:\/\/www.pm.sc.gov.br\" target=\"_blank\" rel=\"noreferrer noopener\">Pol\u00edcia Militar de Santa Catarina (PM SC).<\/a><\/p>\n\n\n\n<h2 class=\"wp-block-heading\" id=\"h-sobre-o-cargo-de-agente-tempor-rio-do-concurso-pm-sc\">Sobre o cargo de Agente Tempor\u00e1rio do concurso PM SC<\/h2>\n\n\n\n<p>O Agente Tempor\u00e1rio perceber\u00e1 aux\u00edlio mensal de natureza indenizat\u00f3ria no valor bruto <strong>de R$ 1.017,00 no primeiro ano de contrato.<\/strong> Caso haja <strong>renova\u00e7\u00e3o<\/strong> de contrato por interesse de ambas as partes, o valor do aux\u00edlio indenizat\u00f3rio no segundo ano ser\u00e1 de <strong>R$ 1.356,00.<\/strong><\/p>\n\n\n\n<p>Importante frisar que a presta\u00e7\u00e3o deste servi\u00e7o n\u00e3o gera v\u00ednculo empregat\u00edcio nem obriga\u00e7\u00e3o de natureza trabalhista, previdenci\u00e1ria ou afim, nos termos do par\u00e1grafo 2\u00ba do artigo 6\u00ba da Lei n\u00ba 10.029\/00.<\/p>\n\n\n\n<h2 class=\"wp-block-heading\" id=\"h-etapas-do-concurso-pm-sc-para-agente-tempor-rio\">Etapas do concurso PM SC para Agente Tempor\u00e1rio<\/h2>\n\n\n\n<p>O processo de sele\u00e7\u00e3o conter\u00e1 <strong>cinco etapas<\/strong>: inscri\u00e7\u00e3o, classifica\u00e7\u00e3o pela nota do ENEM, inspe\u00e7\u00e3o de sa\u00fade, investiga\u00e7\u00e3o social e entrega dos documentos para admiss\u00e3o.  O Agente Tempor\u00e1rio dever\u00e1 realizar <strong>Curso Espec\u00edfico de Forma\u00e7\u00e3o<\/strong>, que o habilitar\u00e1 ao desempenho de suas fun\u00e7\u00f5es.<\/p>\n\n\n\n<p>O servi\u00e7o volunt\u00e1rio prestado ser\u00e1 de <strong>um ano, prorrog\u00e1vel por igual per\u00edodo<\/strong>, desde que haja manifesta\u00e7\u00e3o expressa do agente e interesse da PM SC. <\/p>\n\n\n\n<p>As datas concernentes \u00e0 divulga\u00e7\u00e3o dos resultados preliminares das avalia\u00e7\u00f5es e interposi\u00e7\u00e3o de recursos, bem como da classifica\u00e7\u00e3o final e in\u00edcio do curso de forma\u00e7\u00e3o para Agente Tempor\u00e1rio da PM SC, ainda ser\u00e3o anunciadas no site da corpora\u00e7\u00e3o. Fique atento!<\/p>\n\n\n\n<h2 class=\"wp-block-heading\" id=\"h-novo-concurso-pm-sc\">Novo concurso PM SC<\/h2>\n\n\n\n<p>Al\u00e9m disso, \u00e9 v\u00e1lido ressaltar que, conforme contato com a assessoria de comunica\u00e7\u00e3o da <strong>Pol\u00edcia Militar de Santa Catarina <\/strong>(<strong>PM SC<\/strong>), recentemente, foi informado, ao jornalismo do Estrat\u00e9gia, que um novo concurso \u00e9 previsto para o<strong> segundo semestre deste ano<\/strong>.<\/p>\n\n\n\n<p>Embora n\u00e3o tenha sido comunicado quantas vagas ser\u00e3o ofertadas, a assessoria respondeu que o certame deve seguir o quantitativo da \u00faltima edi\u00e7\u00e3o, que ofertou 1.000 vagas para <strong>Soldado<\/strong>, sendo 800 para candidatos do sexo masculino e 200 para candidatas do sexo feminino.<\/p>\n\n\n\n<p class=\"has-text-align-center\"><strong>Para saber mais sobre o concurso PM SC, bem como do novo edital para Agente Tempor\u00e1rio, acesse nosso artigo completo abaixo:<\/strong><\/p>\n\n\n\n<p class=\"has-text-align-center has-black-color has-cyan-bluish-gray-background-color has-text-color has-background has-medium-font-size\"><strong>Saiba mais: <a href=\"https:\/\/www.estrategiaconcursos.com.br\/blog\/concurso-pm-sc\/\" target=\"_blank\" rel=\"noreferrer noopener\">concurso PM SC<\/a><\/strong><\/p>\n\n\n\n<h2 class=\"has-text-align-center wp-block-heading\" id=\"cursos-assinatura\"><strong><em>Quer estudar para concurso PM SC?<\/em><\/strong><\/h2>\n\n\n\n<div id=\"boxes\" class=\"container\">\n<div class=\"row\">\n<div class=\"col-sm\">\n<div id=\"box-assinatura\" class=\"banner-policial\">\n<h3 class=\"titulo-assinatura\">Curso PM SC<\/h3>\n<p class=\"subtitulo-assinatura\">Conhe\u00e7a os cursos<\/p>\n<div class=\"box-botao\"><a class=\"btn-assinatura\" role=\"button\" href=\"https:\/\/https:\/\/www.estrategiaconcursos.com.br\/cursosPorConcurso\/policia-militar-de-santa-catarina-pm-sc\/\" target=\"_blank\" rel=\"noopener noreferrer\">Conhe\u00e7a mais<\/a><\/div>\n<\/div>\n<\/div>\n<\/div>\n<\/div>\n\n\n\n<div id=\"boxes\" class=\"container\">\n<div class=\"row\">\n<div class=\"col-sm\">\n<div id=\"box-assinatura\" class=\"estrategia\">\n<h3 class=\"titulo-assinatura\">Assinatura de Concursos<\/h3>\n<p class=\"subtitulo-assinatura\">Assinatura de 1 ou 2 anos<\/p>\n<div class=\"box-botao\"><a class=\"btn-assinatura\" role=\"button\" href=\"https:\/\/www.estrategiaconcursos.com.br\/assinaturas\/\" target=\"_blank\" rel=\"noopener noreferrer\">ASSINE AGORA<\/a><\/div>\n<\/div>\n<p class=\"texto-auxiliar\">&nbsp;<\/p><\/div><\/div><\/div>\n\n\n\n<div class=\"container\" id=\"boxes\">\n  <div class=\"row\">\n\n    <div class=\"col-sm\" id=\"boxes-concursos\">\n      <div style=\"background-color: #005DAD;\" class=\"conteudo-concursos\" id=\"box-concursos\">\n        <h3 class=\"titulo-assinatura\">Concursos Abertos<\/h3>\n        <p class=\"subtitulo-assinatura\">Os editais publicados<\/p>\n        <div class=\"box-botao\">\n          <a class=\"btn-assinatura\" target=\"_blank\" href=\"https:\/\/www.estrategiaconcursos.com.br\/blog\/concursos-abertos\/\" role=\"button\" rel=\"noopener noreferrer\">Conhe\u00e7a Agora<\/a>\n        <\/div>\n      <\/div>\n    <\/div>\n\n    <div class=\"col-sm\" id=\"boxes-concursos\">\n      <div style=\"background-color: #1A7ED5;\" class=\"conteudo-concursos\" id=\"box-concursos\">\n        <h3 class=\"titulo-assinatura\">Concursos 2021<\/h3>\n        <p class=\"subtitulo-assinatura\">As oportunidades previstas<\/p>\n        <div class=\"box-botao\">\n          <a class=\"btn-assinatura\" target=\"_blank\" href=\"https:\/\/www.estrategiaconcursos.com.br\/blog\/concursos-2021\/\" role=\"button\" rel=\"noopener noreferrer\">Conhe\u00e7a Agora<\/a>\n        <\/div>\n      <\/div>\n    <\/div>\n\n    <div class=\"col-sm\" id=\"boxes-concursos\">\n      <div style=\"background-color: #419FF0;\" class=\"conteudo-concursos\" id=\"box-concursos\">\n        <h3 class=\"titulo-assinatura\">Concursos 2022<\/h3>\n        <p class=\"subtitulo-assinatura\">Vagas para o pr\u00f3ximo ano<\/p>\n        <div class=\"box-botao\">\n          <a class=\"btn-assinatura\" target=\"_blank\" href=\"https:\/\/www.estrategiaconcursos.com.br\/blog\/concursos-2022\/\" role=\"button\" rel=\"noopener noreferrer\">Conhe\u00e7a Agora<\/a>\n        <\/div>\n      <\/div>\n    <\/div>\n\n  <\/div>\n<\/div>\n","protected":false},"excerpt":{"rendered":"<p>Inscri\u00e7\u00f5es j\u00e1 est\u00e3o abertas. S\u00e3o 723 vagas! Aten\u00e7\u00e3o, concurseiros! Foi publicado o edital do concurso PM SC para o cargo de Agente Tempor\u00e1rio, com a oferta de 723 vagas, al\u00e9m de cadastro de reserva. Destas, 37 (5%) poder\u00e3o ser preenchidas por pessoas com defici\u00eancia (PCDs). Com inscri\u00e7\u00f5es abertas, o processo de candidatura poder\u00e1 ser realizado [&hellip;]<\/p>\n","protected":false},"author":1,"featured_media":845537,"comment_status":"open","ping_status":"closed","sticky":false,"template":"","format":"standard","meta":{"post_tipo":"news","footnotes":""},"categories":[220186,220187,220219],"tags":[],"tax_estado":[219987],"class_list":["post-845478","post","type-post","status-publish","format-standard","has-post-thumbnail","hentry","category-policial-oficial","category-policial-pracas","category-noticias","tax_estado-sc"],"acf":[],"yoast_head":"<!-- This site is optimized with the Yoast SEO Premium plugin v27.2 (Yoast SEO v27.2) - https:\/\/yoast.com\/product\/yoast-seo-premium-wordpress\/ -->\n<title>Concurso PM SC: Edital para Agente Tempor\u00e1rio \u00e9 publicado!<\/title>\n<meta name=\"description\" content=\"Foi publicado um novo edital do concurso PM SC para Agente Tempor\u00e1rio. Ser\u00e3o 723 vagas, al\u00e9m de cadastro de reservas. Confira!\" \/>\n<meta name=\"robots\" content=\"index, follow, max-snippet:-1, max-image-preview:large, max-video-preview:-1\" \/>\n<link rel=\"canonical\" href=\"https:\/\/www.estrategiaconcursos.com.br\/blog\/concurso-pm-sc-edital-agente\/\" \/>\n<meta property=\"og:locale\" content=\"pt_BR\" \/>\n<meta property=\"og:type\" content=\"article\" \/>\n<meta property=\"og:title\" content=\"Concurso PM SC: Edital para Agente Tempor\u00e1rio \u00e9 publicado!\" \/>\n<meta property=\"og:description\" content=\"Foi publicado um novo edital do concurso PM SC para Agente Tempor\u00e1rio. Ser\u00e3o 723 vagas, al\u00e9m de cadastro de reservas. Confira!\" \/>\n<meta property=\"og:url\" content=\"https:\/\/www.estrategiaconcursos.com.br\/blog\/concurso-pm-sc-edital-agente\/\" \/>\n<meta property=\"og:site_name\" content=\"Estrat\u00e9gia Concursos\" \/>\n<meta property=\"article:author\" content=\"https:\/\/www.facebook.com\/EstrategiaConcursos\" \/>\n<meta property=\"article:published_time\" content=\"2021-08-25T17:33:02+00:00\" \/>\n<meta property=\"article:modified_time\" content=\"2021-08-25T21:24:34+00:00\" \/>\n<meta property=\"og:image\" content=\"https:\/\/dhg1h5j42swfq.cloudfront.net\/2021\/08\/25143136\/pm-sc.jpeg\" \/>\n\t<meta property=\"og:image:width\" content=\"768\" \/>\n\t<meta property=\"og:image:height\" content=\"432\" \/>\n\t<meta property=\"og:image:type\" content=\"image\/jpeg\" \/>\n<meta name=\"author\" content=\"Coordena\u00e7\u00e3o\" \/>\n<meta name=\"twitter:card\" content=\"summary_large_image\" \/>\n<meta name=\"twitter:creator\" content=\"@EstratConcursos\" \/>\n<meta name=\"twitter:site\" content=\"@EstratConcursos\" \/>\n<meta name=\"twitter:label1\" content=\"Escrito por\" \/>\n\t<meta name=\"twitter:data1\" content=\"Coordena\u00e7\u00e3o\" \/>\n\t<meta name=\"twitter:label2\" content=\"Est. tempo de leitura\" \/>\n\t<meta name=\"twitter:data2\" content=\"2 minutos\" \/>\n<script type=\"application\/ld+json\" class=\"yoast-schema-graph\">{\"@context\":\"https:\/\/schema.org\",\"@graph\":[{\"@type\":\"NewsArticle\",\"@id\":\"https:\/\/www.estrategiaconcursos.com.br\/blog\/concurso-pm-sc-edital-agente\/#article\",\"isPartOf\":{\"@id\":\"https:\/\/www.estrategiaconcursos.com.br\/blog\/concurso-pm-sc-edital-agente\/\"},\"author\":{\"name\":\"Coordena\u00e7\u00e3o\",\"@id\":\"https:\/\/www.estrategiaconcursos.com.br\/blog\/#\/schema\/person\/b4a388c97673c5f483d72185668afa1f\"},\"headline\":\"Concurso PM SC: Edital para Agente Tempor\u00e1rio \u00e9 publicado!\",\"datePublished\":\"2021-08-25T17:33:02+00:00\",\"dateModified\":\"2021-08-25T21:24:34+00:00\",\"mainEntityOfPage\":{\"@id\":\"https:\/\/www.estrategiaconcursos.com.br\/blog\/concurso-pm-sc-edital-agente\/\"},\"wordCount\":483,\"commentCount\":0,\"publisher\":{\"@id\":\"https:\/\/www.estrategiaconcursos.com.br\/blog\/#organization\"},\"image\":{\"@id\":\"https:\/\/www.estrategiaconcursos.com.br\/blog\/concurso-pm-sc-edital-agente\/#primaryimage\"},\"thumbnailUrl\":\"https:\/\/dhg1h5j42swfq.cloudfront.net\/2021\/08\/25143136\/pm-sc.jpeg\",\"articleSection\":[\"Policial (PM\/BM - Oficial)\",\"Policial (PM\/BM - Pra\u00e7as)\",\"\u00daltimas not\u00edcias\"],\"inLanguage\":\"pt-BR\",\"potentialAction\":[{\"@type\":\"CommentAction\",\"name\":\"Comment\",\"target\":[\"https:\/\/www.estrategiaconcursos.com.br\/blog\/concurso-pm-sc-edital-agente\/#respond\"]}],\"copyrightYear\":\"2021\",\"copyrightHolder\":{\"@id\":\"https:\/\/www.estrategiaconcursos.com.br\/blog\/#organization\"}},{\"@type\":\"WebPage\",\"@id\":\"https:\/\/www.estrategiaconcursos.com.br\/blog\/concurso-pm-sc-edital-agente\/\",\"url\":\"https:\/\/www.estrategiaconcursos.com.br\/blog\/concurso-pm-sc-edital-agente\/\",\"name\":\"Concurso PM SC: Edital para Agente Tempor\u00e1rio \u00e9 publicado!\",\"isPartOf\":{\"@id\":\"https:\/\/www.estrategiaconcursos.com.br\/blog\/#website\"},\"primaryImageOfPage\":{\"@id\":\"https:\/\/www.estrategiaconcursos.com.br\/blog\/concurso-pm-sc-edital-agente\/#primaryimage\"},\"image\":{\"@id\":\"https:\/\/www.estrategiaconcursos.com.br\/blog\/concurso-pm-sc-edital-agente\/#primaryimage\"},\"thumbnailUrl\":\"https:\/\/dhg1h5j42swfq.cloudfront.net\/2021\/08\/25143136\/pm-sc.jpeg\",\"datePublished\":\"2021-08-25T17:33:02+00:00\",\"dateModified\":\"2021-08-25T21:24:34+00:00\",\"description\":\"Foi publicado um novo edital do concurso PM SC para Agente Tempor\u00e1rio. Ser\u00e3o 723 vagas, al\u00e9m de cadastro de reservas. Confira!\",\"breadcrumb\":{\"@id\":\"https:\/\/www.estrategiaconcursos.com.br\/blog\/concurso-pm-sc-edital-agente\/#breadcrumb\"},\"inLanguage\":\"pt-BR\",\"potentialAction\":[{\"@type\":\"ReadAction\",\"target\":[\"https:\/\/www.estrategiaconcursos.com.br\/blog\/concurso-pm-sc-edital-agente\/\"]}]},{\"@type\":\"ImageObject\",\"inLanguage\":\"pt-BR\",\"@id\":\"https:\/\/www.estrategiaconcursos.com.br\/blog\/concurso-pm-sc-edital-agente\/#primaryimage\",\"url\":\"https:\/\/dhg1h5j42swfq.cloudfront.net\/2021\/08\/25143136\/pm-sc.jpeg\",\"contentUrl\":\"https:\/\/dhg1h5j42swfq.cloudfront.net\/2021\/08\/25143136\/pm-sc.jpeg\",\"width\":768,\"height\":432,\"caption\":\"concurso pm sc\"},{\"@type\":\"BreadcrumbList\",\"@id\":\"https:\/\/www.estrategiaconcursos.com.br\/blog\/concurso-pm-sc-edital-agente\/#breadcrumb\",\"itemListElement\":[{\"@type\":\"ListItem\",\"position\":1,\"name\":\"In\u00edcio\",\"item\":\"https:\/\/www.estrategiaconcursos.com.br\/blog\/\"},{\"@type\":\"ListItem\",\"position\":2,\"name\":\"Concurso PM SC: Edital para Agente Tempor\u00e1rio \u00e9 publicado!\"}]},{\"@type\":\"WebSite\",\"@id\":\"https:\/\/www.estrategiaconcursos.com.br\/blog\/#website\",\"url\":\"https:\/\/www.estrategiaconcursos.com.br\/blog\/\",\"name\":\"Estrat\u00e9gia Concursos\",\"description\":\"O blog da Estrat\u00e9gia Concursos traz not\u00edcias sobre concursos e artigos de professores oferecendo cursos para concursos (pdf + videaulas) no site.\",\"publisher\":{\"@id\":\"https:\/\/www.estrategiaconcursos.com.br\/blog\/#organization\"},\"potentialAction\":[{\"@type\":\"SearchAction\",\"target\":{\"@type\":\"EntryPoint\",\"urlTemplate\":\"https:\/\/www.estrategiaconcursos.com.br\/blog\/?s={search_term_string}\"},\"query-input\":{\"@type\":\"PropertyValueSpecification\",\"valueRequired\":true,\"valueName\":\"search_term_string\"}}],\"inLanguage\":\"pt-BR\"},{\"@type\":\"Organization\",\"@id\":\"https:\/\/www.estrategiaconcursos.com.br\/blog\/#organization\",\"name\":\"Estrat\u00e9gia Concursos\",\"url\":\"https:\/\/www.estrategiaconcursos.com.br\/blog\/\",\"logo\":{\"@type\":\"ImageObject\",\"inLanguage\":\"pt-BR\",\"@id\":\"https:\/\/www.estrategiaconcursos.com.br\/blog\/#\/schema\/logo\/image\/\",\"url\":\"https:\/\/dhg1h5j42swfq.cloudfront.net\/2025\/06\/03203428\/logo_concursos-1.jpg\",\"contentUrl\":\"https:\/\/dhg1h5j42swfq.cloudfront.net\/2025\/06\/03203428\/logo_concursos-1.jpg\",\"width\":230,\"height\":60,\"caption\":\"Estrat\u00e9gia Concursos\"},\"image\":{\"@id\":\"https:\/\/www.estrategiaconcursos.com.br\/blog\/#\/schema\/logo\/image\/\"},\"sameAs\":[\"https:\/\/x.com\/EstratConcursos\"]},{\"@type\":\"Person\",\"@id\":\"https:\/\/www.estrategiaconcursos.com.br\/blog\/#\/schema\/person\/b4a388c97673c5f483d72185668afa1f\",\"name\":\"Coordena\u00e7\u00e3o\",\"image\":{\"@type\":\"ImageObject\",\"inLanguage\":\"pt-BR\",\"@id\":\"https:\/\/secure.gravatar.com\/avatar\/b720319e4c9a967eb58678d110f4fe35452fc5d5f97b202bac7b8acceb18c6ad?s=96&d=mm&r=g\",\"url\":\"https:\/\/secure.gravatar.com\/avatar\/b720319e4c9a967eb58678d110f4fe35452fc5d5f97b202bac7b8acceb18c6ad?s=96&d=mm&r=g\",\"contentUrl\":\"https:\/\/secure.gravatar.com\/avatar\/b720319e4c9a967eb58678d110f4fe35452fc5d5f97b202bac7b8acceb18c6ad?s=96&d=mm&r=g\",\"caption\":\"Coordena\u00e7\u00e3o\"},\"sameAs\":[\"https:\/\/www.facebook.com\/EstrategiaConcursos\",\"https:\/\/x.com\/EstratConcursos\"],\"url\":\"https:\/\/www.estrategiaconcursos.com.br\/blog\/author\/estrategia2013\/\"}]}<\/script>\n<!-- \/ Yoast SEO Premium plugin. -->","yoast_head_json":{"title":"Concurso PM SC: Edital para Agente Tempor\u00e1rio \u00e9 publicado!","description":"Foi publicado um novo edital do concurso PM SC para Agente Tempor\u00e1rio. Ser\u00e3o 723 vagas, al\u00e9m de cadastro de reservas. Confira!","robots":{"index":"index","follow":"follow","max-snippet":"max-snippet:-1","max-image-preview":"max-image-preview:large","max-video-preview":"max-video-preview:-1"},"canonical":"https:\/\/www.estrategiaconcursos.com.br\/blog\/concurso-pm-sc-edital-agente\/","og_locale":"pt_BR","og_type":"article","og_title":"Concurso PM SC: Edital para Agente Tempor\u00e1rio \u00e9 publicado!","og_description":"Foi publicado um novo edital do concurso PM SC para Agente Tempor\u00e1rio. Ser\u00e3o 723 vagas, al\u00e9m de cadastro de reservas. Confira!","og_url":"https:\/\/www.estrategiaconcursos.com.br\/blog\/concurso-pm-sc-edital-agente\/","og_site_name":"Estrat\u00e9gia Concursos","article_author":"https:\/\/www.facebook.com\/EstrategiaConcursos","article_published_time":"2021-08-25T17:33:02+00:00","article_modified_time":"2021-08-25T21:24:34+00:00","og_image":[{"width":768,"height":432,"url":"https:\/\/dhg1h5j42swfq.cloudfront.net\/2021\/08\/25143136\/pm-sc.jpeg","type":"image\/jpeg"}],"author":"Coordena\u00e7\u00e3o","twitter_card":"summary_large_image","twitter_creator":"@EstratConcursos","twitter_site":"@EstratConcursos","twitter_misc":{"Escrito por":"Coordena\u00e7\u00e3o","Est. tempo de leitura":"2 minutos"},"schema":{"@context":"https:\/\/schema.org","@graph":[{"@type":"NewsArticle","@id":"https:\/\/www.estrategiaconcursos.com.br\/blog\/concurso-pm-sc-edital-agente\/#article","isPartOf":{"@id":"https:\/\/www.estrategiaconcursos.com.br\/blog\/concurso-pm-sc-edital-agente\/"},"author":{"name":"Coordena\u00e7\u00e3o","@id":"https:\/\/www.estrategiaconcursos.com.br\/blog\/#\/schema\/person\/b4a388c97673c5f483d72185668afa1f"},"headline":"Concurso PM SC: Edital para Agente Tempor\u00e1rio \u00e9 publicado!","datePublished":"2021-08-25T17:33:02+00:00","dateModified":"2021-08-25T21:24:34+00:00","mainEntityOfPage":{"@id":"https:\/\/www.estrategiaconcursos.com.br\/blog\/concurso-pm-sc-edital-agente\/"},"wordCount":483,"commentCount":0,"publisher":{"@id":"https:\/\/www.estrategiaconcursos.com.br\/blog\/#organization"},"image":{"@id":"https:\/\/www.estrategiaconcursos.com.br\/blog\/concurso-pm-sc-edital-agente\/#primaryimage"},"thumbnailUrl":"https:\/\/dhg1h5j42swfq.cloudfront.net\/2021\/08\/25143136\/pm-sc.jpeg","articleSection":["Policial (PM\/BM - Oficial)","Policial (PM\/BM - Pra\u00e7as)","\u00daltimas not\u00edcias"],"inLanguage":"pt-BR","potentialAction":[{"@type":"CommentAction","name":"Comment","target":["https:\/\/www.estrategiaconcursos.com.br\/blog\/concurso-pm-sc-edital-agente\/#respond"]}],"copyrightYear":"2021","copyrightHolder":{"@id":"https:\/\/www.estrategiaconcursos.com.br\/blog\/#organization"}},{"@type":"WebPage","@id":"https:\/\/www.estrategiaconcursos.com.br\/blog\/concurso-pm-sc-edital-agente\/","url":"https:\/\/www.estrategiaconcursos.com.br\/blog\/concurso-pm-sc-edital-agente\/","name":"Concurso PM SC: Edital para Agente Tempor\u00e1rio \u00e9 publicado!","isPartOf":{"@id":"https:\/\/www.estrategiaconcursos.com.br\/blog\/#website"},"primaryImageOfPage":{"@id":"https:\/\/www.estrategiaconcursos.com.br\/blog\/concurso-pm-sc-edital-agente\/#primaryimage"},"image":{"@id":"https:\/\/www.estrategiaconcursos.com.br\/blog\/concurso-pm-sc-edital-agente\/#primaryimage"},"thumbnailUrl":"https:\/\/dhg1h5j42swfq.cloudfront.net\/2021\/08\/25143136\/pm-sc.jpeg","datePublished":"2021-08-25T17:33:02+00:00","dateModified":"2021-08-25T21:24:34+00:00","description":"Foi publicado um novo edital do concurso PM SC para Agente Tempor\u00e1rio. Ser\u00e3o 723 vagas, al\u00e9m de cadastro de reservas. Confira!","breadcrumb":{"@id":"https:\/\/www.estrategiaconcursos.com.br\/blog\/concurso-pm-sc-edital-agente\/#breadcrumb"},"inLanguage":"pt-BR","potentialAction":[{"@type":"ReadAction","target":["https:\/\/www.estrategiaconcursos.com.br\/blog\/concurso-pm-sc-edital-agente\/"]}]},{"@type":"ImageObject","inLanguage":"pt-BR","@id":"https:\/\/www.estrategiaconcursos.com.br\/blog\/concurso-pm-sc-edital-agente\/#primaryimage","url":"https:\/\/dhg1h5j42swfq.cloudfront.net\/2021\/08\/25143136\/pm-sc.jpeg","contentUrl":"https:\/\/dhg1h5j42swfq.cloudfront.net\/2021\/08\/25143136\/pm-sc.jpeg","width":768,"height":432,"caption":"concurso pm sc"},{"@type":"BreadcrumbList","@id":"https:\/\/www.estrategiaconcursos.com.br\/blog\/concurso-pm-sc-edital-agente\/#breadcrumb","itemListElement":[{"@type":"ListItem","position":1,"name":"In\u00edcio","item":"https:\/\/www.estrategiaconcursos.com.br\/blog\/"},{"@type":"ListItem","position":2,"name":"Concurso PM SC: Edital para Agente Tempor\u00e1rio \u00e9 publicado!"}]},{"@type":"WebSite","@id":"https:\/\/www.estrategiaconcursos.com.br\/blog\/#website","url":"https:\/\/www.estrategiaconcursos.com.br\/blog\/","name":"Estrat\u00e9gia Concursos","description":"O blog da Estrat\u00e9gia Concursos traz not\u00edcias sobre concursos e artigos de professores oferecendo cursos para concursos (pdf + videaulas) no site.","publisher":{"@id":"https:\/\/www.estrategiaconcursos.com.br\/blog\/#organization"},"potentialAction":[{"@type":"SearchAction","target":{"@type":"EntryPoint","urlTemplate":"https:\/\/www.estrategiaconcursos.com.br\/blog\/?s={search_term_string}"},"query-input":{"@type":"PropertyValueSpecification","valueRequired":true,"valueName":"search_term_string"}}],"inLanguage":"pt-BR"},{"@type":"Organization","@id":"https:\/\/www.estrategiaconcursos.com.br\/blog\/#organization","name":"Estrat\u00e9gia Concursos","url":"https:\/\/www.estrategiaconcursos.com.br\/blog\/","logo":{"@type":"ImageObject","inLanguage":"pt-BR","@id":"https:\/\/www.estrategiaconcursos.com.br\/blog\/#\/schema\/logo\/image\/","url":"https:\/\/dhg1h5j42swfq.cloudfront.net\/2025\/06\/03203428\/logo_concursos-1.jpg","contentUrl":"https:\/\/dhg1h5j42swfq.cloudfront.net\/2025\/06\/03203428\/logo_concursos-1.jpg","width":230,"height":60,"caption":"Estrat\u00e9gia Concursos"},"image":{"@id":"https:\/\/www.estrategiaconcursos.com.br\/blog\/#\/schema\/logo\/image\/"},"sameAs":["https:\/\/x.com\/EstratConcursos"]},{"@type":"Person","@id":"https:\/\/www.estrategiaconcursos.com.br\/blog\/#\/schema\/person\/b4a388c97673c5f483d72185668afa1f","name":"Coordena\u00e7\u00e3o","image":{"@type":"ImageObject","inLanguage":"pt-BR","@id":"https:\/\/secure.gravatar.com\/avatar\/b720319e4c9a967eb58678d110f4fe35452fc5d5f97b202bac7b8acceb18c6ad?s=96&d=mm&r=g","url":"https:\/\/secure.gravatar.com\/avatar\/b720319e4c9a967eb58678d110f4fe35452fc5d5f97b202bac7b8acceb18c6ad?s=96&d=mm&r=g","contentUrl":"https:\/\/secure.gravatar.com\/avatar\/b720319e4c9a967eb58678d110f4fe35452fc5d5f97b202bac7b8acceb18c6ad?s=96&d=mm&r=g","caption":"Coordena\u00e7\u00e3o"},"sameAs":["https:\/\/www.facebook.com\/EstrategiaConcursos","https:\/\/x.com\/EstratConcursos"],"url":"https:\/\/www.estrategiaconcursos.com.br\/blog\/author\/estrategia2013\/"}]}},"_links":{"self":[{"href":"https:\/\/www.estrategiaconcursos.com.br\/blog\/wp-json\/wp\/v2\/posts\/845478","targetHints":{"allow":["GET"]}}],"collection":[{"href":"https:\/\/www.estrategiaconcursos.com.br\/blog\/wp-json\/wp\/v2\/posts"}],"about":[{"href":"https:\/\/www.estrategiaconcursos.com.br\/blog\/wp-json\/wp\/v2\/types\/post"}],"author":[{"embeddable":true,"href":"https:\/\/www.estrategiaconcursos.com.br\/blog\/wp-json\/wp\/v2\/users\/1"}],"replies":[{"embeddable":true,"href":"https:\/\/www.estrategiaconcursos.com.br\/blog\/wp-json\/wp\/v2\/comments?post=845478"}],"version-history":[{"count":14,"href":"https:\/\/www.estrategiaconcursos.com.br\/blog\/wp-json\/wp\/v2\/posts\/845478\/revisions"}],"predecessor-version":[{"id":845837,"href":"https:\/\/www.estrategiaconcursos.com.br\/blog\/wp-json\/wp\/v2\/posts\/845478\/revisions\/845837"}],"wp:featuredmedia":[{"embeddable":true,"href":"https:\/\/www.estrategiaconcursos.com.br\/blog\/wp-json\/wp\/v2\/media\/845537"}],"wp:attachment":[{"href":"https:\/\/www.estrategiaconcursos.com.br\/blog\/wp-json\/wp\/v2\/media?parent=845478"}],"wp:term":[{"taxonomy":"category","embeddable":true,"href":"https:\/\/www.estrategiaconcursos.com.br\/blog\/wp-json\/wp\/v2\/categories?post=845478"},{"taxonomy":"post_tag","embeddable":true,"href":"https:\/\/www.estrategiaconcursos.com.br\/blog\/wp-json\/wp\/v2\/tags?post=845478"},{"taxonomy":"tax_estado","embeddable":true,"href":"https:\/\/www.estrategiaconcursos.com.br\/blog\/wp-json\/wp\/v2\/tax_estado?post=845478"}],"curies":[{"name":"wp","href":"https:\/\/api.w.org\/{rel}","templated":true}]}}