{"id":845236,"date":"2021-08-25T11:45:57","date_gmt":"2021-08-25T14:45:57","guid":{"rendered":"https:\/\/www.estrategiaconcursos.com.br\/blog\/?p=845236"},"modified":"2021-08-27T11:10:40","modified_gmt":"2021-08-27T14:10:40","slug":"provas-do-concurso-sefaz-es","status":"publish","type":"post","link":"https:\/\/www.estrategiaconcursos.com.br\/blog\/provas-do-concurso-sefaz-es\/","title":{"rendered":"Provas do concurso Sefaz ES: hor\u00e1rios, locais e data; TUDO AQUI!"},"content":{"rendered":"\n<p><strong>Aten\u00e7\u00e3o, corujas!<\/strong> Mais um domingo de provas est\u00e1 chegando, e desta vez, ser\u00e1 para os candidatos inscritos no concurso Sefaz ES. De acordo com o edital, os exames ser\u00e3o aplicados no dia<strong> 29 de agosto<\/strong>.<\/p>\n\n\n\n<p>Mais de 14 mil inscritos v\u00e3o disputar as 50 vagas para o cargo de auditor fiscal, al\u00e9m de outras 100 vagas existentes para cadastro de reserva.<\/p>\n\n\n\n<p>E para te ajudar a ficar por dentro de todos os detalhes acerca das provas do concurso Sefaz ES, preparamos esse artigo com <strong>TUDO <\/strong>o que voc\u00ea precisa saber. Seja em rela\u00e7\u00e3o a data, hor\u00e1rios, locais, medidas de preven\u00e7\u00e3o e outras informa\u00e7\u00f5es.<\/p>\n\n\n\n<h2 class=\"has-background wp-block-heading\" id=\"h-data-e-hor-rio-das-provas-do-concurso-sefaz-es\" style=\"background-color:#b6f2da\">Data e hor\u00e1rio das provas do concurso Sefaz ES<\/h2>\n\n\n\n<p>Conforme j\u00e1 mencionamos neste artigo, as provas do concurso Sefaz ES ser\u00e3o aplicadas no pr\u00f3ximo domingo, 29 de agosto, no munic\u00edpio de Vit\u00f3ria, no Estado do Esp\u00edrito Santo.<\/p>\n\n\n\n<p>A parte de conhecimentos espec\u00edficos da prova objetiva ser\u00e1 realizada das 8h \u00e0s 12h. J\u00e1 a parte de conhecimentos gerais da prova objetiva ser\u00e1 realizada das 14h30 \u00e0s 19h, simultaneamente \u00e0 prova discursiva.<\/p>\n\n\n\n<h2 class=\"has-background wp-block-heading\" id=\"h-como-fa-o-para-consultar-o-meu-local-de-provas\" style=\"background-color:#ddf2ff\">Como fa\u00e7o para consultar o meu local de provas?<\/h2>\n\n\n\n<p>Recentemente foi disponibilizado o<strong> link para consulta<\/strong> aos locais de provas do<em><strong>&nbsp;<\/strong><\/em>concurso Sefaz ES. Para efetuar a consulta, basta acessar o site da banca organizadora, a Funda\u00e7\u00e3o Get\u00falio Vargas \u2013&nbsp;<strong>FGV<\/strong>, ou o link abaixo, informando o CPF cadastrado.<\/p>\n\n\n\n<div class=\"wp-block-image\"><figure class=\"aligncenter size-large\"><img loading=\"lazy\" decoding=\"async\" width=\"984\" height=\"386\" src=\"https:\/\/dhg1h5j42swfq.cloudfront.net\/2021\/08\/25114412\/image-743.png\" alt=\"local de provas do concurso Sefaz ES\" class=\"wp-image-845326\" srcset=\"https:\/\/dhg1h5j42swfq.cloudfront.net\/2021\/08\/25114412\/image-743.png 984w, https:\/\/dhg1h5j42swfq.cloudfront.net\/2021\/08\/25114412\/image-743-300x118.png 300w, https:\/\/dhg1h5j42swfq.cloudfront.net\/2021\/08\/25114412\/image-743-768x301.png 768w, https:\/\/dhg1h5j42swfq.cloudfront.net\/2021\/08\/25114412\/image-743-610x239.png 610w\" sizes=\"auto, (max-width: 984px) 100vw, 984px\" \/><\/figure><\/div>\n\n\n\n<h4 class=\"has-text-align-center wp-block-heading\" id=\"h-consulta-aos-locais-de-prova-do-concurso-sefaz-es\"><a href=\"https:\/\/www50.fgv.br\/ConsultaLocalProva.aspx?key=131\" target=\"_blank\" rel=\"noreferrer noopener\">Consulta aos locais de prova do concurso Sefaz ES<\/a><\/h4>\n\n\n\n<h2 class=\"has-background wp-block-heading\" id=\"h-medidas-de-seguran-a-contra-a-covid-19\" style=\"background-color:#aeead2\">Medidas de seguran\u00e7a contra a Covid-19<\/h2>\n\n\n\n<p>\u00c9 importante destacar que o concurso ir\u00e1 seguir todas as regras de preven\u00e7\u00e3o ao novo Coronav\u00edrus (Covid-19). Haver\u00e1 aferi\u00e7\u00e3o de temperatura durante a entrada dos candidatos, bem como distanciamento entre as cadeiras dos locais de aplica\u00e7\u00e3o da prova.<\/p>\n\n\n\n<p>Todos os candidatos dever\u00e3o utilizar m\u00e1scara de prote\u00e7\u00e3o individual que cubra total e simultaneamente boca e nariz. Recomenda-se tamb\u00e9m que os candidatos compare\u00e7am munidos de \u00e1lcool em gel, acondicionado em recipiente de material transparente, para uso pessoal.<\/p>\n\n\n\n<p>Al\u00e9m disso, n\u00e3o ser\u00e1 permitida a utiliza\u00e7\u00e3o dos bebedouros, salvo para encher garrafas e\/ou copos em material transparente e sem r\u00f3tulo. Assim, recomenda-se que cada candidato leve e utilize sua pr\u00f3pria garrafa de \u00e1gua.<\/p>\n\n\n\n<p><strong>Confira na \u00edntegra todas as medidas de seguran\u00e7a impostas pela banca organizadora do certame, a Funda\u00e7\u00e3o Get\u00falio Vargas.<\/strong><\/p>\n\n\n\n<p>A Funda\u00e7\u00e3o Getulio Vargas ser\u00e1 respons\u00e1vel pelas seguintes medidas preventivas, relativamente \u00e0 emerg\u00eancia de sa\u00fade p\u00fablica de import\u00e2ncia internacional decorrente da pandemia da COVID-19, quando da aplica\u00e7\u00e3o das provas:<\/p>\n\n\n\n<ul class=\"wp-block-list\"><li><strong>a)<\/strong> Todos os locais de aplica\u00e7\u00e3o apresentar\u00e3o rotas e marca\u00e7\u00f5es no ch\u00e3o, a fim de garantir o distanciamento seguro. Ser\u00e3o consideradas marca\u00e7\u00f5es de distanciamento nas salas de aplica\u00e7\u00e3o os espa\u00e7os estabelecidos entre as carteiras;<\/li><li><strong>b) <\/strong>As salas de aplica\u00e7\u00e3o ser\u00e3o organizadas com redu\u00e7\u00e3o da capacidade mantendo-se o distanciamento m\u00e1ximo entre as carteiras, e ser\u00e3o submetidas aos cuidados necess\u00e1rios de higiene e ventila\u00e7\u00e3o.<\/li><li><strong>c) <\/strong>Sempre que poss\u00edvel, as portas e janelas ser\u00e3o mantidas abertas;<\/li><li><strong>d) <\/strong>Refor\u00e7o da preven\u00e7\u00e3o individual com cartazes informativos com etiqueta respirat\u00f3ria;<\/li><li><strong>e)<\/strong> Disponibiliza\u00e7\u00e3o de frascos de \u00e1lcool em gel em todas as salas e pontos de circula\u00e7\u00e3o;<\/li><li><strong>f)<\/strong> Libera\u00e7\u00e3o de entrada antecipada e triagem r\u00e1pida na entrada dos(as) candidatos(as), para reduzir o tempo de espera na identifica\u00e7\u00e3o; e<\/li><li><strong>g)<\/strong> Desinfec\u00e7\u00e3o constante de superf\u00edcies mais tocadas, como corrim\u00e3os e ma\u00e7anetas;<\/li><li><strong>h)<\/strong> Todos ser\u00e3o orientados a usar apenas a pr\u00f3pria caneta azul, fabricada em material transparente, para assinatura dos instrumentos de aplica\u00e7\u00e3o; e<\/li><li><strong>i)<\/strong> Controle individual de sa\u00edda dos examinandos ao t\u00e9rmino das provas, evitando tumulto e aglomera\u00e7\u00e3o de pessoas.<\/li><\/ul>\n\n\n\n<p><strong>A equipe de colaboradores da FGV s\u00f3 poder\u00e1 atuar mediante:<\/strong><\/p>\n\n\n\n<ul class=\"wp-block-list\"><li><strong>a) <\/strong>Utiliza\u00e7\u00e3o de m\u00e1scara de prote\u00e7\u00e3o individual e considerando os atos normativos que estabelecem o uso segura delas, sendo recomend\u00e1vel a troca de duas em duas horas no caso de comunica\u00e7\u00e3o frequente;<\/li><li><strong>b)<\/strong> Higieniza\u00e7\u00e3o das m\u00e3os com \u00e1lcool em gel antes e ap\u00f3s o contato com qualquer instrumento de aplica\u00e7\u00e3o ou candidato(a); e<\/li><li><strong>c)<\/strong> Treinamento espec\u00edfico sobre os novos procedimentos adotados.<\/li><\/ul>\n\n\n\n<h2 class=\"has-background wp-block-heading\" id=\"h-o-que-ser-cobrado-nas-provas\" style=\"background-color:#d7effe\">O que ser\u00e1 cobrado nas provas?<\/h2>\n\n\n\n<p>Al\u00e9m das informa\u00e7\u00f5es mais t\u00e9cnicas a respeito das provas do concurso Sefaz ES, fique por dentro dos conte\u00fados que ser\u00e3o cobrados nas avalia\u00e7\u00f5es objetivas, discursiva e de t\u00edtulos:<\/p>\n\n\n\n<ul class=\"wp-block-list\"><li><strong>Prova Objetiva:<\/strong>&nbsp;a prova ser\u00e1 composta por 50 quest\u00f5es de conhecimentos gerais e 60 de conhecimentos espec\u00edficos, com cinco alternativas cada (A, B, C, D e E), sendo uma \u00fanica correta.<\/li><\/ul>\n\n\n\n<ul class=\"wp-block-list\"><li><strong>Prova Discursiva:&nbsp;<\/strong>a etapa ser\u00e1 avaliada de&nbsp;<strong>0 a 30 pontos<\/strong>, considerando o grau de conhecimento sobre o tema demonstrado pelo candidato, bem como a&nbsp;<strong>flu\u00eancia&nbsp;<\/strong>e a&nbsp;<strong>coer\u00eancia&nbsp;<\/strong>da exposi\u00e7\u00e3o.<\/li><\/ul>\n\n\n\n<ul class=\"wp-block-list\"><li><strong>Avalia\u00e7\u00e3o de T\u00edtulos:&nbsp;<\/strong>os candidatos mais bem habilitados nas etapas anteriores ser\u00e3o convocados para a avalia\u00e7\u00e3o de t\u00edtulos, de car\u00e1ter classificat\u00f3rio.<\/li><\/ul>\n\n\n\n<p><strong>Confira tamb\u00e9m tudo o que pode ou n\u00e3o levar&nbsp;para as provas do concurso Sefaz ES, atrav\u00e9s do <a href=\"https:\/\/www.estrategiaconcursos.com.br\/blog\/concurso-sefaz-es-levar-dia-da-prova\/\" target=\"_blank\" rel=\"noreferrer noopener\">artigo exclusivo<\/a> que preparamos para voc\u00ea!<\/strong><\/p>\n\n\n\n<div class=\"wp-block-image\"><figure class=\"aligncenter is-resized\"><img loading=\"lazy\" decoding=\"async\" src=\"https:\/\/dhg1h5j42swfq.cloudfront.net\/2020\/09\/18141901\/Coruja_Concursos%404x-506x1024.png\" alt=\"Concursos 2021 Estrat\u00e9gia Concursos\" width=\"64\" height=\"129\"\/><\/figure><\/div>\n\n\n\n<p class=\"has-text-align-center\" id=\"block-ce66c6d9-f44d-4006-a681-289342bbfd69\" style=\"font-size:clamp(14px, 0.875rem + ((1vw - 3.2px) * 0.392), 18px);px\"><strong><em>Para saber informa\u00e7\u00f5es gerais sobre o concurso Sefaz ES, basta conferir um outro artigo muito mais completo! Para ter acesso, basta clicar no link abaixo<\/em><\/strong><em><strong>:<\/strong><\/em><\/p>\n\n\n\n<p class=\"has-text-align-center has-luminous-vivid-amber-background-color has-background\" id=\"block-cfa023e1-ff60-42ab-93a3-9363555c78d4\" style=\"font-size:clamp(14.642px, 0.915rem + ((1vw - 3.2px) * 0.721), 22px);px\"><strong>Mais informa\u00e7\u00f5es: <a href=\"https:\/\/www.estrategiaconcursos.com.br\/blog\/concurso-sefaz-es\/\" target=\"_blank\" rel=\"noreferrer noopener\">Concurso Sefaz ES<\/a><\/strong><\/p>\n\n\n\n<hr class=\"wp-block-separator\" id=\"block-cb0357ec-a749-4735-a1f8-4806572c7783\"\/>\n\n\n\n<h2 class=\"has-text-align-center wp-block-heading\" id=\"cursos-assinatura\">Quer estudar para o concurso Sefaz ES?<\/h2>\n\n\n\n<div class=\"container\" id=\"boxes\">\n  <div class=\"row\">\n\n    <div class=\"col-sm\">\n      <div class=\"banner-fiscal-01\" id=\"box-assinatura\">\n        <h3 class=\"titulo-assinatura\">Concurso Sefaz ES<\/h3>\n        <p class=\"subtitulo-assinatura\">Estude conosco<\/p>\n        <div class=\"box-botao\">\n          <a class=\"btn-assinatura\" target=\"_blank\" href=\"https:\/\/www.estrategiaconcursos.com.br\/cursosPorConcurso\/sefaz-es-sec-de-fazenda-do-espirito-santo-189\/\" role=\"button\" rel=\"noopener noreferrer\">Conhe\u00e7a os cursos<\/a>\n        <\/div>\n      <\/div>\n     \n    <\/div>\n\n  <\/div>\n<\/div>\n\n\n\n<div class=\"container\" id=\"boxes\">\n  <div class=\"row\">\n\n    <div class=\"col-sm\">\n      <div class=\"estrategia\" id=\"box-assinatura\">\n        <h3 class=\"titulo-assinatura\">Assinatura de Concursos<\/h3>\n        <p class=\"subtitulo-assinatura\">Assinatura de 1 ano ou 2 anos<\/p>\n        <div class=\"box-botao\">\n          <a class=\"btn-assinatura\" target=\"_blank\" href=\"https:\/\/www.estrategiaconcursos.com.br\/assinaturas\/\" role=\"button\" rel=\"noopener noreferrer\">ASSINE AGORA<\/a>\n        <\/div>\n      <\/div>\n     \n    <\/div><\/div><\/div>\n\n\n\n<div class=\"container\" id=\"boxes\">\n  <div class=\"row\">\n\n    <div class=\"col-sm\" id=\"boxes-concursos\">\n      <div style=\"background-color: #005DAD;\" class=\"conteudo-concursos\" id=\"box-concursos\">\n        <h3 class=\"titulo-assinatura\">Concursos Abertos<\/h3>\n        <p class=\"subtitulo-assinatura\">Confira os editais publicados<\/p>\n        <div class=\"box-botao\">\n          <a class=\"btn-assinatura\" target=\"_blank\" href=\"https:\/\/www.estrategiaconcursos.com.br\/blog\/concursos-abertos\/\" role=\"button\" rel=\"noopener noreferrer\">Conhe\u00e7a Agora<\/a>\n        <\/div>\n      <\/div>\n    <\/div>\n\n    <div class=\"col-sm\" id=\"boxes-concursos\">\n      <div style=\"background-color: #1A7ED5;\" class=\"conteudo-concursos\" id=\"box-concursos\">\n        <h3 class=\"titulo-assinatura\">Concursos 2021<\/h3>\n        <p class=\"subtitulo-assinatura\">As oportunidades previstas<\/p>\n        <div class=\"box-botao\">\n          <a class=\"btn-assinatura\" target=\"_blank\" href=\"https:\/\/www.estrategiaconcursos.com.br\/blog\/concursos-2021\/\" role=\"button\" rel=\"noopener noreferrer\">Conhe\u00e7a Agora<\/a>\n        <\/div>\n      <\/div>\n    <\/div>\n\n    <div class=\"col-sm\" id=\"boxes-concursos\">\n      <div style=\"background-color: #419FF0;\" class=\"conteudo-concursos\" id=\"box-concursos\">\n        <h3 class=\"titulo-assinatura\">Concursos 2022<\/h3>\n        <p class=\"subtitulo-assinatura\">Vagas para o pr\u00f3ximo ano<\/p>\n        <div class=\"box-botao\">\n          <a class=\"btn-assinatura\" target=\"_blank\" href=\"https:\/\/www.estrategiaconcursos.com.br\/blog\/concursos-2022\/\" role=\"button\" rel=\"noopener noreferrer\">Conhe\u00e7a Agora<\/a>\n        <\/div>\n      <\/div>\n    <\/div>\n\n  <\/div>\n<\/div>\n","protected":false},"excerpt":{"rendered":"<p>Aten\u00e7\u00e3o, corujas! Mais um domingo de provas est\u00e1 chegando, e desta vez, ser\u00e1 para os candidatos inscritos no concurso Sefaz ES. De acordo com o edital, os exames ser\u00e3o aplicados no dia 29 de agosto. Mais de 14 mil inscritos v\u00e3o disputar as 50 vagas para o cargo de auditor fiscal, al\u00e9m de outras 100 [&hellip;]<\/p>\n","protected":false},"author":656,"featured_media":789172,"comment_status":"open","ping_status":"closed","sticky":false,"template":"","format":"standard","meta":{"post_tipo":"news","footnotes":""},"categories":[1983,220219],"tags":[],"tax_estado":[219971],"class_list":["post-845236","post","type-post","status-publish","format-standard","has-post-thumbnail","hentry","category-fiscal-estadual","category-noticias","tax_estado-es"],"acf":[],"yoast_head":"<!-- This site is optimized with the Yoast SEO Premium plugin v27.2 (Yoast SEO v27.2) - https:\/\/yoast.com\/product\/yoast-seo-premium-wordpress\/ -->\n<title>Provas do concurso Sefaz ES: hor\u00e1rios, locais e data; TUDO AQUI!<\/title>\n<meta name=\"description\" content=\"Provas do concurso Sefaz ES ser\u00e3o aplicadas no pr\u00f3ximo domingo, 29 de agosto. Confira TUDO o que voc\u00ea precisa saber sobre os exames!\" \/>\n<meta name=\"robots\" content=\"index, follow, max-snippet:-1, max-image-preview:large, max-video-preview:-1\" \/>\n<link rel=\"canonical\" href=\"https:\/\/www.estrategiaconcursos.com.br\/blog\/provas-do-concurso-sefaz-es\/\" \/>\n<meta property=\"og:locale\" content=\"pt_BR\" \/>\n<meta property=\"og:type\" content=\"article\" \/>\n<meta property=\"og:title\" content=\"Provas do concurso Sefaz ES: hor\u00e1rios, locais e data; TUDO AQUI!\" \/>\n<meta property=\"og:description\" content=\"Provas do concurso Sefaz ES ser\u00e3o aplicadas no pr\u00f3ximo domingo, 29 de agosto. Confira TUDO o que voc\u00ea precisa saber sobre os exames!\" \/>\n<meta property=\"og:url\" content=\"https:\/\/www.estrategiaconcursos.com.br\/blog\/provas-do-concurso-sefaz-es\/\" \/>\n<meta property=\"og:site_name\" content=\"Estrat\u00e9gia Concursos\" \/>\n<meta property=\"article:published_time\" content=\"2021-08-25T14:45:57+00:00\" \/>\n<meta property=\"article:modified_time\" content=\"2021-08-27T14:10:40+00:00\" \/>\n<meta property=\"og:image\" content=\"https:\/\/dhg1h5j42swfq.cloudfront.net\/2021\/07\/07105445\/sefaz-es.jpg\" \/>\n\t<meta property=\"og:image:width\" content=\"1200\" \/>\n\t<meta property=\"og:image:height\" content=\"628\" \/>\n\t<meta property=\"og:image:type\" content=\"image\/jpeg\" \/>\n<meta name=\"author\" content=\"F\u00e1bio Scaldelai\" \/>\n<meta name=\"twitter:card\" content=\"summary_large_image\" \/>\n<meta name=\"twitter:creator\" content=\"@EstratConcursos\" \/>\n<meta name=\"twitter:site\" content=\"@EstratConcursos\" \/>\n<meta name=\"twitter:label1\" content=\"Escrito por\" \/>\n\t<meta name=\"twitter:data1\" content=\"F\u00e1bio Scaldelai\" \/>\n\t<meta name=\"twitter:label2\" content=\"Est. tempo de leitura\" \/>\n\t<meta name=\"twitter:data2\" content=\"5 minutos\" \/>\n<script type=\"application\/ld+json\" class=\"yoast-schema-graph\">{\"@context\":\"https:\/\/schema.org\",\"@graph\":[{\"@type\":\"NewsArticle\",\"@id\":\"https:\/\/www.estrategiaconcursos.com.br\/blog\/provas-do-concurso-sefaz-es\/#article\",\"isPartOf\":{\"@id\":\"https:\/\/www.estrategiaconcursos.com.br\/blog\/provas-do-concurso-sefaz-es\/\"},\"author\":{\"name\":\"F\u00e1bio Scaldelai\",\"@id\":\"https:\/\/www.estrategiaconcursos.com.br\/blog\/#\/schema\/person\/e3b6b7ce0192dd4ad270655969d61750\"},\"headline\":\"Provas do concurso Sefaz ES: hor\u00e1rios, locais e data; TUDO AQUI!\",\"datePublished\":\"2021-08-25T14:45:57+00:00\",\"dateModified\":\"2021-08-27T14:10:40+00:00\",\"mainEntityOfPage\":{\"@id\":\"https:\/\/www.estrategiaconcursos.com.br\/blog\/provas-do-concurso-sefaz-es\/\"},\"wordCount\":984,\"commentCount\":0,\"publisher\":{\"@id\":\"https:\/\/www.estrategiaconcursos.com.br\/blog\/#organization\"},\"image\":{\"@id\":\"https:\/\/www.estrategiaconcursos.com.br\/blog\/provas-do-concurso-sefaz-es\/#primaryimage\"},\"thumbnailUrl\":\"https:\/\/dhg1h5j42swfq.cloudfront.net\/2021\/07\/07105445\/sefaz-es.jpg\",\"articleSection\":[\"Fiscal - Estadual (ICMS)\",\"\u00daltimas not\u00edcias\"],\"inLanguage\":\"pt-BR\",\"potentialAction\":[{\"@type\":\"CommentAction\",\"name\":\"Comment\",\"target\":[\"https:\/\/www.estrategiaconcursos.com.br\/blog\/provas-do-concurso-sefaz-es\/#respond\"]}],\"copyrightYear\":\"2021\",\"copyrightHolder\":{\"@id\":\"https:\/\/www.estrategiaconcursos.com.br\/blog\/#organization\"}},{\"@type\":\"WebPage\",\"@id\":\"https:\/\/www.estrategiaconcursos.com.br\/blog\/provas-do-concurso-sefaz-es\/\",\"url\":\"https:\/\/www.estrategiaconcursos.com.br\/blog\/provas-do-concurso-sefaz-es\/\",\"name\":\"Provas do concurso Sefaz ES: hor\u00e1rios, locais e data; TUDO AQUI!\",\"isPartOf\":{\"@id\":\"https:\/\/www.estrategiaconcursos.com.br\/blog\/#website\"},\"primaryImageOfPage\":{\"@id\":\"https:\/\/www.estrategiaconcursos.com.br\/blog\/provas-do-concurso-sefaz-es\/#primaryimage\"},\"image\":{\"@id\":\"https:\/\/www.estrategiaconcursos.com.br\/blog\/provas-do-concurso-sefaz-es\/#primaryimage\"},\"thumbnailUrl\":\"https:\/\/dhg1h5j42swfq.cloudfront.net\/2021\/07\/07105445\/sefaz-es.jpg\",\"datePublished\":\"2021-08-25T14:45:57+00:00\",\"dateModified\":\"2021-08-27T14:10:40+00:00\",\"description\":\"Provas do concurso Sefaz ES ser\u00e3o aplicadas no pr\u00f3ximo domingo, 29 de agosto. Confira TUDO o que voc\u00ea precisa saber sobre os exames!\",\"breadcrumb\":{\"@id\":\"https:\/\/www.estrategiaconcursos.com.br\/blog\/provas-do-concurso-sefaz-es\/#breadcrumb\"},\"inLanguage\":\"pt-BR\",\"potentialAction\":[{\"@type\":\"ReadAction\",\"target\":[\"https:\/\/www.estrategiaconcursos.com.br\/blog\/provas-do-concurso-sefaz-es\/\"]}]},{\"@type\":\"ImageObject\",\"inLanguage\":\"pt-BR\",\"@id\":\"https:\/\/www.estrategiaconcursos.com.br\/blog\/provas-do-concurso-sefaz-es\/#primaryimage\",\"url\":\"https:\/\/dhg1h5j42swfq.cloudfront.net\/2021\/07\/07105445\/sefaz-es.jpg\",\"contentUrl\":\"https:\/\/dhg1h5j42swfq.cloudfront.net\/2021\/07\/07105445\/sefaz-es.jpg\",\"width\":1200,\"height\":628,\"caption\":\"concurso sefaz es provas\"},{\"@type\":\"BreadcrumbList\",\"@id\":\"https:\/\/www.estrategiaconcursos.com.br\/blog\/provas-do-concurso-sefaz-es\/#breadcrumb\",\"itemListElement\":[{\"@type\":\"ListItem\",\"position\":1,\"name\":\"In\u00edcio\",\"item\":\"https:\/\/www.estrategiaconcursos.com.br\/blog\/\"},{\"@type\":\"ListItem\",\"position\":2,\"name\":\"Provas do concurso Sefaz ES: hor\u00e1rios, locais e data; TUDO AQUI!\"}]},{\"@type\":\"WebSite\",\"@id\":\"https:\/\/www.estrategiaconcursos.com.br\/blog\/#website\",\"url\":\"https:\/\/www.estrategiaconcursos.com.br\/blog\/\",\"name\":\"Estrat\u00e9gia Concursos\",\"description\":\"O blog da Estrat\u00e9gia Concursos traz not\u00edcias sobre concursos e artigos de professores oferecendo cursos para concursos (pdf + videaulas) no site.\",\"publisher\":{\"@id\":\"https:\/\/www.estrategiaconcursos.com.br\/blog\/#organization\"},\"potentialAction\":[{\"@type\":\"SearchAction\",\"target\":{\"@type\":\"EntryPoint\",\"urlTemplate\":\"https:\/\/www.estrategiaconcursos.com.br\/blog\/?s={search_term_string}\"},\"query-input\":{\"@type\":\"PropertyValueSpecification\",\"valueRequired\":true,\"valueName\":\"search_term_string\"}}],\"inLanguage\":\"pt-BR\"},{\"@type\":\"Organization\",\"@id\":\"https:\/\/www.estrategiaconcursos.com.br\/blog\/#organization\",\"name\":\"Estrat\u00e9gia Concursos\",\"url\":\"https:\/\/www.estrategiaconcursos.com.br\/blog\/\",\"logo\":{\"@type\":\"ImageObject\",\"inLanguage\":\"pt-BR\",\"@id\":\"https:\/\/www.estrategiaconcursos.com.br\/blog\/#\/schema\/logo\/image\/\",\"url\":\"https:\/\/dhg1h5j42swfq.cloudfront.net\/2025\/06\/03203428\/logo_concursos-1.jpg\",\"contentUrl\":\"https:\/\/dhg1h5j42swfq.cloudfront.net\/2025\/06\/03203428\/logo_concursos-1.jpg\",\"width\":230,\"height\":60,\"caption\":\"Estrat\u00e9gia Concursos\"},\"image\":{\"@id\":\"https:\/\/www.estrategiaconcursos.com.br\/blog\/#\/schema\/logo\/image\/\"},\"sameAs\":[\"https:\/\/x.com\/EstratConcursos\"]},{\"@type\":\"Person\",\"@id\":\"https:\/\/www.estrategiaconcursos.com.br\/blog\/#\/schema\/person\/e3b6b7ce0192dd4ad270655969d61750\",\"name\":\"F\u00e1bio Scaldelai\",\"image\":{\"@type\":\"ImageObject\",\"inLanguage\":\"pt-BR\",\"@id\":\"https:\/\/secure.gravatar.com\/avatar\/8ed7492c4d88d8495bc0cb24cda6847b8ae23eec459a919e08e77d0ca0fd79ec?s=96&d=mm&r=g\",\"url\":\"https:\/\/secure.gravatar.com\/avatar\/8ed7492c4d88d8495bc0cb24cda6847b8ae23eec459a919e08e77d0ca0fd79ec?s=96&d=mm&r=g\",\"contentUrl\":\"https:\/\/secure.gravatar.com\/avatar\/8ed7492c4d88d8495bc0cb24cda6847b8ae23eec459a919e08e77d0ca0fd79ec?s=96&d=mm&r=g\",\"caption\":\"F\u00e1bio Scaldelai\"},\"description\":\"Jornalista no Estrat\u00e9gia Concursos e Produtor de Televis\u00e3o, formado em Jornalismo, R\u00e1dio e TV pela Faculdade Integrada Rio Branco, com especializa\u00e7\u00f5es em Gest\u00e3o Empresarial e Marketing pelo M\u00f3dulo. Atuou como produtor no SBT, TV Bandeirantes e R\u00e1dio Band FM, al\u00e9m de acumular tr\u00eas anos de experi\u00eancia no setor de concursos p\u00fablicos pela LFG (Luiz Fl\u00e1vio Gomes). No Estrat\u00e9gia Concursos, atua na apura\u00e7\u00e3o de not\u00edcias da \u00e1rea fiscal, al\u00e9m de coberturas sobre concursos das \u00e1reas de controle (TCU, TCE, etc), concurso AFT, \u00e1rea de gest\u00e3o e administrativa, bem como dos \u00f3rg\u00e3os participantes do CNU. Tamb\u00e9m possui experi\u00eancia em link building e an\u00e1lise de m\u00eddia, adquirida durante sua atua\u00e7\u00e3o na ag\u00eancia SEO Marketing.\",\"url\":\"https:\/\/www.estrategiaconcursos.com.br\/blog\/author\/fabio-scaldelaiestrategiaconcursos-com-br\/\"}]}<\/script>\n<!-- \/ Yoast SEO Premium plugin. -->","yoast_head_json":{"title":"Provas do concurso Sefaz ES: hor\u00e1rios, locais e data; TUDO AQUI!","description":"Provas do concurso Sefaz ES ser\u00e3o aplicadas no pr\u00f3ximo domingo, 29 de agosto. Confira TUDO o que voc\u00ea precisa saber sobre os exames!","robots":{"index":"index","follow":"follow","max-snippet":"max-snippet:-1","max-image-preview":"max-image-preview:large","max-video-preview":"max-video-preview:-1"},"canonical":"https:\/\/www.estrategiaconcursos.com.br\/blog\/provas-do-concurso-sefaz-es\/","og_locale":"pt_BR","og_type":"article","og_title":"Provas do concurso Sefaz ES: hor\u00e1rios, locais e data; TUDO AQUI!","og_description":"Provas do concurso Sefaz ES ser\u00e3o aplicadas no pr\u00f3ximo domingo, 29 de agosto. Confira TUDO o que voc\u00ea precisa saber sobre os exames!","og_url":"https:\/\/www.estrategiaconcursos.com.br\/blog\/provas-do-concurso-sefaz-es\/","og_site_name":"Estrat\u00e9gia Concursos","article_published_time":"2021-08-25T14:45:57+00:00","article_modified_time":"2021-08-27T14:10:40+00:00","og_image":[{"width":1200,"height":628,"url":"https:\/\/dhg1h5j42swfq.cloudfront.net\/2021\/07\/07105445\/sefaz-es.jpg","type":"image\/jpeg"}],"author":"F\u00e1bio Scaldelai","twitter_card":"summary_large_image","twitter_creator":"@EstratConcursos","twitter_site":"@EstratConcursos","twitter_misc":{"Escrito por":"F\u00e1bio Scaldelai","Est. tempo de leitura":"5 minutos"},"schema":{"@context":"https:\/\/schema.org","@graph":[{"@type":"NewsArticle","@id":"https:\/\/www.estrategiaconcursos.com.br\/blog\/provas-do-concurso-sefaz-es\/#article","isPartOf":{"@id":"https:\/\/www.estrategiaconcursos.com.br\/blog\/provas-do-concurso-sefaz-es\/"},"author":{"name":"F\u00e1bio Scaldelai","@id":"https:\/\/www.estrategiaconcursos.com.br\/blog\/#\/schema\/person\/e3b6b7ce0192dd4ad270655969d61750"},"headline":"Provas do concurso Sefaz ES: hor\u00e1rios, locais e data; TUDO AQUI!","datePublished":"2021-08-25T14:45:57+00:00","dateModified":"2021-08-27T14:10:40+00:00","mainEntityOfPage":{"@id":"https:\/\/www.estrategiaconcursos.com.br\/blog\/provas-do-concurso-sefaz-es\/"},"wordCount":984,"commentCount":0,"publisher":{"@id":"https:\/\/www.estrategiaconcursos.com.br\/blog\/#organization"},"image":{"@id":"https:\/\/www.estrategiaconcursos.com.br\/blog\/provas-do-concurso-sefaz-es\/#primaryimage"},"thumbnailUrl":"https:\/\/dhg1h5j42swfq.cloudfront.net\/2021\/07\/07105445\/sefaz-es.jpg","articleSection":["Fiscal - Estadual (ICMS)","\u00daltimas not\u00edcias"],"inLanguage":"pt-BR","potentialAction":[{"@type":"CommentAction","name":"Comment","target":["https:\/\/www.estrategiaconcursos.com.br\/blog\/provas-do-concurso-sefaz-es\/#respond"]}],"copyrightYear":"2021","copyrightHolder":{"@id":"https:\/\/www.estrategiaconcursos.com.br\/blog\/#organization"}},{"@type":"WebPage","@id":"https:\/\/www.estrategiaconcursos.com.br\/blog\/provas-do-concurso-sefaz-es\/","url":"https:\/\/www.estrategiaconcursos.com.br\/blog\/provas-do-concurso-sefaz-es\/","name":"Provas do concurso Sefaz ES: hor\u00e1rios, locais e data; TUDO AQUI!","isPartOf":{"@id":"https:\/\/www.estrategiaconcursos.com.br\/blog\/#website"},"primaryImageOfPage":{"@id":"https:\/\/www.estrategiaconcursos.com.br\/blog\/provas-do-concurso-sefaz-es\/#primaryimage"},"image":{"@id":"https:\/\/www.estrategiaconcursos.com.br\/blog\/provas-do-concurso-sefaz-es\/#primaryimage"},"thumbnailUrl":"https:\/\/dhg1h5j42swfq.cloudfront.net\/2021\/07\/07105445\/sefaz-es.jpg","datePublished":"2021-08-25T14:45:57+00:00","dateModified":"2021-08-27T14:10:40+00:00","description":"Provas do concurso Sefaz ES ser\u00e3o aplicadas no pr\u00f3ximo domingo, 29 de agosto. Confira TUDO o que voc\u00ea precisa saber sobre os exames!","breadcrumb":{"@id":"https:\/\/www.estrategiaconcursos.com.br\/blog\/provas-do-concurso-sefaz-es\/#breadcrumb"},"inLanguage":"pt-BR","potentialAction":[{"@type":"ReadAction","target":["https:\/\/www.estrategiaconcursos.com.br\/blog\/provas-do-concurso-sefaz-es\/"]}]},{"@type":"ImageObject","inLanguage":"pt-BR","@id":"https:\/\/www.estrategiaconcursos.com.br\/blog\/provas-do-concurso-sefaz-es\/#primaryimage","url":"https:\/\/dhg1h5j42swfq.cloudfront.net\/2021\/07\/07105445\/sefaz-es.jpg","contentUrl":"https:\/\/dhg1h5j42swfq.cloudfront.net\/2021\/07\/07105445\/sefaz-es.jpg","width":1200,"height":628,"caption":"concurso sefaz es provas"},{"@type":"BreadcrumbList","@id":"https:\/\/www.estrategiaconcursos.com.br\/blog\/provas-do-concurso-sefaz-es\/#breadcrumb","itemListElement":[{"@type":"ListItem","position":1,"name":"In\u00edcio","item":"https:\/\/www.estrategiaconcursos.com.br\/blog\/"},{"@type":"ListItem","position":2,"name":"Provas do concurso Sefaz ES: hor\u00e1rios, locais e data; TUDO AQUI!"}]},{"@type":"WebSite","@id":"https:\/\/www.estrategiaconcursos.com.br\/blog\/#website","url":"https:\/\/www.estrategiaconcursos.com.br\/blog\/","name":"Estrat\u00e9gia Concursos","description":"O blog da Estrat\u00e9gia Concursos traz not\u00edcias sobre concursos e artigos de professores oferecendo cursos para concursos (pdf + videaulas) no site.","publisher":{"@id":"https:\/\/www.estrategiaconcursos.com.br\/blog\/#organization"},"potentialAction":[{"@type":"SearchAction","target":{"@type":"EntryPoint","urlTemplate":"https:\/\/www.estrategiaconcursos.com.br\/blog\/?s={search_term_string}"},"query-input":{"@type":"PropertyValueSpecification","valueRequired":true,"valueName":"search_term_string"}}],"inLanguage":"pt-BR"},{"@type":"Organization","@id":"https:\/\/www.estrategiaconcursos.com.br\/blog\/#organization","name":"Estrat\u00e9gia Concursos","url":"https:\/\/www.estrategiaconcursos.com.br\/blog\/","logo":{"@type":"ImageObject","inLanguage":"pt-BR","@id":"https:\/\/www.estrategiaconcursos.com.br\/blog\/#\/schema\/logo\/image\/","url":"https:\/\/dhg1h5j42swfq.cloudfront.net\/2025\/06\/03203428\/logo_concursos-1.jpg","contentUrl":"https:\/\/dhg1h5j42swfq.cloudfront.net\/2025\/06\/03203428\/logo_concursos-1.jpg","width":230,"height":60,"caption":"Estrat\u00e9gia Concursos"},"image":{"@id":"https:\/\/www.estrategiaconcursos.com.br\/blog\/#\/schema\/logo\/image\/"},"sameAs":["https:\/\/x.com\/EstratConcursos"]},{"@type":"Person","@id":"https:\/\/www.estrategiaconcursos.com.br\/blog\/#\/schema\/person\/e3b6b7ce0192dd4ad270655969d61750","name":"F\u00e1bio Scaldelai","image":{"@type":"ImageObject","inLanguage":"pt-BR","@id":"https:\/\/secure.gravatar.com\/avatar\/8ed7492c4d88d8495bc0cb24cda6847b8ae23eec459a919e08e77d0ca0fd79ec?s=96&d=mm&r=g","url":"https:\/\/secure.gravatar.com\/avatar\/8ed7492c4d88d8495bc0cb24cda6847b8ae23eec459a919e08e77d0ca0fd79ec?s=96&d=mm&r=g","contentUrl":"https:\/\/secure.gravatar.com\/avatar\/8ed7492c4d88d8495bc0cb24cda6847b8ae23eec459a919e08e77d0ca0fd79ec?s=96&d=mm&r=g","caption":"F\u00e1bio Scaldelai"},"description":"Jornalista no Estrat\u00e9gia Concursos e Produtor de Televis\u00e3o, formado em Jornalismo, R\u00e1dio e TV pela Faculdade Integrada Rio Branco, com especializa\u00e7\u00f5es em Gest\u00e3o Empresarial e Marketing pelo M\u00f3dulo. Atuou como produtor no SBT, TV Bandeirantes e R\u00e1dio Band FM, al\u00e9m de acumular tr\u00eas anos de experi\u00eancia no setor de concursos p\u00fablicos pela LFG (Luiz Fl\u00e1vio Gomes). No Estrat\u00e9gia Concursos, atua na apura\u00e7\u00e3o de not\u00edcias da \u00e1rea fiscal, al\u00e9m de coberturas sobre concursos das \u00e1reas de controle (TCU, TCE, etc), concurso AFT, \u00e1rea de gest\u00e3o e administrativa, bem como dos \u00f3rg\u00e3os participantes do CNU. Tamb\u00e9m possui experi\u00eancia em link building e an\u00e1lise de m\u00eddia, adquirida durante sua atua\u00e7\u00e3o na ag\u00eancia SEO Marketing.","url":"https:\/\/www.estrategiaconcursos.com.br\/blog\/author\/fabio-scaldelaiestrategiaconcursos-com-br\/"}]}},"_links":{"self":[{"href":"https:\/\/www.estrategiaconcursos.com.br\/blog\/wp-json\/wp\/v2\/posts\/845236","targetHints":{"allow":["GET"]}}],"collection":[{"href":"https:\/\/www.estrategiaconcursos.com.br\/blog\/wp-json\/wp\/v2\/posts"}],"about":[{"href":"https:\/\/www.estrategiaconcursos.com.br\/blog\/wp-json\/wp\/v2\/types\/post"}],"author":[{"embeddable":true,"href":"https:\/\/www.estrategiaconcursos.com.br\/blog\/wp-json\/wp\/v2\/users\/656"}],"replies":[{"embeddable":true,"href":"https:\/\/www.estrategiaconcursos.com.br\/blog\/wp-json\/wp\/v2\/comments?post=845236"}],"version-history":[{"count":18,"href":"https:\/\/www.estrategiaconcursos.com.br\/blog\/wp-json\/wp\/v2\/posts\/845236\/revisions"}],"predecessor-version":[{"id":847149,"href":"https:\/\/www.estrategiaconcursos.com.br\/blog\/wp-json\/wp\/v2\/posts\/845236\/revisions\/847149"}],"wp:featuredmedia":[{"embeddable":true,"href":"https:\/\/www.estrategiaconcursos.com.br\/blog\/wp-json\/wp\/v2\/media\/789172"}],"wp:attachment":[{"href":"https:\/\/www.estrategiaconcursos.com.br\/blog\/wp-json\/wp\/v2\/media?parent=845236"}],"wp:term":[{"taxonomy":"category","embeddable":true,"href":"https:\/\/www.estrategiaconcursos.com.br\/blog\/wp-json\/wp\/v2\/categories?post=845236"},{"taxonomy":"post_tag","embeddable":true,"href":"https:\/\/www.estrategiaconcursos.com.br\/blog\/wp-json\/wp\/v2\/tags?post=845236"},{"taxonomy":"tax_estado","embeddable":true,"href":"https:\/\/www.estrategiaconcursos.com.br\/blog\/wp-json\/wp\/v2\/tax_estado?post=845236"}],"curies":[{"name":"wp","href":"https:\/\/api.w.org\/{rel}","templated":true}]}}