{"id":845189,"date":"2021-08-25T10:26:05","date_gmt":"2021-08-25T13:26:05","guid":{"rendered":"https:\/\/www.estrategiaconcursos.com.br\/blog\/?p=845189"},"modified":"2021-08-26T10:12:50","modified_gmt":"2021-08-26T13:12:50","slug":"concurso-pcdf-recursos-prova-agente","status":"publish","type":"post","link":"https:\/\/www.estrategiaconcursos.com.br\/blog\/concurso-pcdf-recursos-prova-agente\/","title":{"rendered":"Concurso PCDF: Confira os recursos da prova de Agente"},"content":{"rendered":"\n<p>Ol\u00e1, candidatos do&nbsp;<strong>concurso PCDF<\/strong>! Nesta quarta-feira, 25 de agosto, se inicia o prazo para&nbsp;<a href=\"https:\/\/security.cebraspe.org.br\/PC_DF_20_AGENTE\/Recursos\/Objetiva\/Recurso_B90E-28E6-26F6-BA17\" target=\"_blank\" rel=\"noreferrer noopener\">interposi\u00e7\u00e3o de recursos<\/a>&nbsp;contra o gabarito preliminar da prova da PCDF para o cargo de Agente. Portanto, para te ajudar, confira os poss\u00edveis recursos dados por nossos professores!<\/p>\n\n\n<figure class=\"wp-block-embed-youtube wp-block-embed is-type-video is-provider-youtube wp-embed-aspect-16-9 wp-has-aspect-ratio\"><div class=\"lyte-wrapper\" style=\"width:853px;max-width:100%;margin:5px;\"><div class=\"lyMe\" id=\"WYL_aHOC42Z0Wt4\"><div id=\"lyte_aHOC42Z0Wt4\" data-src=\"\/\/i.ytimg.com\/vi\/aHOC42Z0Wt4\/hqdefault.jpg\" class=\"pL\"><div class=\"tC\"><div class=\"tT\"><\/div><\/div><div class=\"play\"><\/div><div class=\"ctrl\"><div class=\"Lctrl\"><\/div><div class=\"Rctrl\"><\/div><\/div><\/div><noscript><a href=\"https:\/\/youtu.be\/aHOC42Z0Wt4\" rel=\"nofollow\"><img loading=\"lazy\" decoding=\"async\" src=\"https:\/\/i.ytimg.com\/vi\/aHOC42Z0Wt4\/0.jpg\" alt=\"YouTube video thumbnail\" width=\"853\" height=\"460\" \/><br \/>Assista a este v\u00eddeo no YouTube<\/a><\/noscript><\/div><\/div><div class=\"lL\" style=\"max-width:100%;width:853px;margin:5px;\"><\/div><figcaption><\/figcaption><\/figure>\n\n\n<h2 class=\"has-luminous-vivid-amber-background-color has-background has-medium-font-size wp-block-heading\" id=\"h-recursos-pcdf-agente-conhecimentos-sobre-o-distrito-federal\"><a href=\"https:\/\/www.estrategiaconcursos.com.br\/blog\/recursos-pcdf-agente-conhecimentos-sobre-o-distrito-federal\/\" target=\"_blank\" rel=\"noreferrer noopener\">Recursos PCDF \u2013 Agente: Conhecimentos sobre o Distrito Federal<\/a><\/h2>\n\n\n\n<p><strong>QUEST\u00c3O:<\/strong><\/p>\n\n\n\n<p><strong>A RIDE, em seu recorte territorial, \u00e9 formada por munic\u00edpios de tr\u00eas unidades da Federa\u00e7\u00e3o: Distrito Federal, Goi\u00e1s e Minas Gerais.<\/strong><br \/><br \/><strong>Argumentos para o recurso:<\/strong><\/p>\n\n\n\n<p>A quest\u00e3o afirma que a RIDE \u00e9 formada por munic\u00edpios de tr\u00eas unidades da Federa\u00e7\u00e3o: Distrito Federal, Goi\u00e1s e Minas Gerais. O Distrito Federal \u00e9 uma unidade da Federa\u00e7\u00e3o. Quais os munic\u00edpios existentes no Distrito Federal? Nenhum. N\u00e3o h\u00e1 munic\u00edpios no Distrito Federal, que n\u00e3o pode ser dividido em munic\u00edpios, conforme disp\u00f5e o artigo 32 da Constitui\u00e7\u00e3o Federal (Art. 32. O Distrito Federal, vedada sua divis\u00e3o em Munic\u00edpios \u2026).<\/p>\n\n\n\n<p>Disp\u00f5e a Constitui\u00e7\u00e3o Federal no seu artigo 1\u00ba, que a Rep\u00fablica Federativa do Brasil \u00e9 formada pela uni\u00e3o indissol\u00favel dos Estados e Munic\u00edpios e do Distrito Federal (Art. 1\u00ba A Rep\u00fablica Federativa do Brasil, formada pela uni\u00e3o indissol\u00favel dos Estados e Munic\u00edpios e do Distrito Federal \u2026). \u00c9 pac\u00edfico entre os doutrinadores do direito constitucional que o Distrito Federal n\u00e3o \u00e9 um estado e n\u00e3o \u00e9 um munic\u00edpio. \u00c9 o Distrito Federal, um ente da federa\u00e7\u00e3o de car\u00e1ter at\u00edpico, an\u00f4malo, singular, h\u00edbrido. N\u00e3o \u00e9 estado, nem munic\u00edpio. \u00c9 o Distrito Federal.<\/p>\n\n\n\n<p>O \u00a7 1\u00ba da Lei Complementar n\u00ba 94, de fevereiro de 1998 (lei de cria\u00e7\u00e3o da RIDE) disp\u00f5e que a RIDE \u00e9 formada pelo Distrito Federal e por munic\u00edpios do estado de Goi\u00e1s e Minas Gerais.<\/p>\n\n\n\n<p>Sintetizando: A RIDE \u00e9 formada pela unidade federativa Distrito Federal (que n\u00e3o t\u00eam munic\u00edpios e que n\u00e3o \u00e9 um munic\u00edpio) e por munic\u00edpios de duas unidades federativas: Goi\u00e1s e Minas Gerais.<\/p>\n\n\n\n<p><strong>PLEITO: ALTERA\u00c7\u00c3O DO GABARITO PARA \u201cERRADO\u201d.<\/strong><br \/><br \/><strong>QUEST\u00c3O:<\/strong><\/p>\n\n\n\n<p><strong>A Esta\u00e7\u00e3o Ecol\u00f3gica de \u00c1guas Emendadas constitui uma unidade de conserva\u00e7\u00e3o cuja visita\u00e7\u00e3o p\u00fablica est\u00e1 sujeita \u00e0s normas e restri\u00e7\u00f5es estabelecidas no Plano de Manejo.<\/strong><\/p>\n\n\n\n<p><strong>Argumentos para o recurso:<\/strong><\/p>\n\n\n\n<p>A Esta\u00e7\u00e3o Ecol\u00f3gica de \u00c1guas Emendadas \u00e9 uma unidade de conserva\u00e7\u00e3o do Distrito Federal. A Lei Complementar n\u00ba 827, de 22 de julho de 2010, institui o Sistema Distrital de Unidades de Conserva\u00e7\u00e3o da Natureza \u2013 SDUC e estabelece crit\u00e9rios e normas para a cria\u00e7\u00e3o, implanta\u00e7\u00e3o, altera\u00e7\u00e3o e gest\u00e3o das Unidades de Conserva\u00e7\u00e3o no territ\u00f3rio do Distrito Federal. Link para acessar a lei:<br \/><a href=\"https:\/\/www.fazenda.df.gov.br\/aplicacoes\/legislacao\/legislacao\/TelaSaidaDocumento.cfm?txtNumero=827&amp;txtAno=2010&amp;txtTipo=4&amp;txtParte=.\">https:\/\/www.fazenda.df.gov.br\/aplicacoes\/legislacao\/legislacao\/TelaSaidaDocumento.cfm?txtNumero=827&amp;txtAno=2010&amp;txtTipo=4&amp;txtParte=.<\/a><\/p>\n\n\n\n<p>Vejamos o artigo 9\u00ba e \u00a7 2\u00ba:<\/p>\n\n\n\n<p>Art. 9\u00ba A Esta\u00e7\u00e3o Ecol\u00f3gica tem como objetivo a preserva\u00e7\u00e3o da natureza e a realiza\u00e7\u00e3o de pesquisas cient\u00edficas.<br \/>\u00a7 2\u00ba \u00c9 proibida a visita\u00e7\u00e3o p\u00fablica, exceto com objetivo educacional, de acordo com o que dispuser o plano de manejo da unidade ou regulamento espec\u00edfico.<\/p>\n\n\n\n<p>Ou seja, a visita\u00e7\u00e3o p\u00fablica \u00e9 proibida, mas h\u00e1 uma exce\u00e7\u00e3o. \u00c9 permitida a visita\u00e7\u00e3o p\u00fablica com objetivo educacional, de acordo com o que dispuser o plano de manejo da unidade ou regulamento espec\u00edfico.<\/p>\n\n\n\n<p>O Plano de Manejo da Esta\u00e7\u00e3o Ecol\u00f3gica de \u00c1guas Emendadas estabelece normas e restri\u00e7\u00f5es para a visita\u00e7\u00e3o na unidade de conserva\u00e7\u00e3o. Conforme o Plano de Manejo \u00e9 permitida a visita\u00e7\u00e3o para fins educacionais.<\/p>\n\n\n\n<p>Link para a vers\u00e3o resumida do Plano de Manejo (normas e restri\u00e7\u00f5es de visita\u00e7\u00e3o na p\u00e1gina 61):<br \/><a href=\"http:\/\/www.ibram.df.gov.br\/wp-content\/uploads\/2019\/05\/PlanoManejo_vers%C3%A3o-resumida_Aguas-Emendadas-compactado.pdf\">http:\/\/www.ibram.df.gov.br\/wp-content\/uploads\/2019\/05\/PlanoManejo_vers%C3%A3o-resumida_Aguas-Emendadas-compactado.pdf<\/a><\/p>\n\n\n\n<p>Fins educacionais \u00e9 um tipo de visita\u00e7\u00e3o p\u00fablica, conforme o \u00a7 2\u00ba do art. 9\u00ba da Lei do SDUC. As visitas guiadas para fins educacionais podem ser agendadas no link a seguir:<br \/><a href=\"http:\/\/www.ibram.df.gov.br\/estacao-ecologica-aguas-emendadas\/\">http:\/\/www.ibram.df.gov.br\/estacao-ecologica-aguas-emendadas\/<\/a><\/p>\n\n\n\n<p>Por fim, a quest\u00e3o est\u00e1 correta conceitualmente e pela l\u00edngua portuguesa ao dizer que \u201ca visita\u00e7\u00e3o p\u00fablica est\u00e1 sujeita \u00e0s normas e restri\u00e7\u00f5es estabelecidas no Plano de Manejo\u201d. Sim, o Plano de Manejo estabelece \u00e0s normas e restri\u00e7\u00f5es para a visita\u00e7\u00e3o p\u00fablica.<\/p>\n\n\n\n<p><strong>PLEITO: ALTERA\u00c7\u00c3O DO GABARITO PARA \u201cCERTO\u201d.<\/strong><\/p>\n\n\n\n<h2 class=\"has-luminous-vivid-amber-background-color has-background has-medium-font-size wp-block-heading\" id=\"h-recursos-pcdf-agente-direito-processual-penal\"><a href=\"https:\/\/www.estrategiaconcursos.com.br\/blog\/recursos-pcdf-agente-direito-processual-penal\/\" target=\"_blank\" rel=\"noreferrer noopener\">Recursos PCDF \u2013 Agente: Direito Processual Penal<\/a><\/h2>\n\n\n\n<p>A <strong>quest\u00e3o 71<\/strong> trouxe a seguinte reda\u00e7\u00e3o: \u201cOs elementos informativos do inqu\u00e9rito podem servir como fundamenta\u00e7\u00e3o em decreto condenat\u00f3rio no processo penal, ainda que n\u00e3o confirmados pelo contradit\u00f3rio judicial.\u201d O gabarito apontado pela banca foi de que o item est\u00e1 CERTO.<\/p>\n\n\n\n<p>Em que pese o entendimento colacionado, verifica-se em primeiro lugar a quest\u00e3o n\u00e3o traz a informa\u00e7\u00e3o a que t\u00edtulo que os elementos in formativos foram utilizados. Isso porque, de acordo com o artigo 155 do C\u00f3digo de Processo Penal, \u00e9 poss\u00edvel que o Magistrado utilize dos elementos informativos, mas apenas de forma excepcional, confira:<\/p>\n\n\n\n<p><strong>\u201cO juiz formar\u00e1 sua convic\u00e7\u00e3o pela livre aprecia\u00e7\u00e3o da prova produzida em contradit\u00f3rio judicial,&nbsp;<u>n\u00e3o podendo fundamentar sua decis\u00e3o exclusivamente nos elementos informativos colhidos na investiga\u00e7\u00e3o<\/u>, ressalvadas as provas cautelares, n\u00e3o repet\u00edveis e antecipadas.\u201d (grifei)<\/strong><\/p>\n\n\n\n<p>Dessa feita, os elementos colhidos em sede de Inqu\u00e9rito Policial s\u00e3o renovados em sede de ju\u00edzo (no curso do processo penal) para garantir o contradit\u00f3rio, ampla defesa e o devido processo legal como garantias fundamentais do r\u00e9u.<\/p>\n\n\n\n<p>Assim, a identifica\u00e7\u00e3o de fontes de provas \u00e9 o ato de buscar as provas que ir\u00e3o lastrear o Inqu\u00e9rito Policial e corroborar a den\u00fancia do Minist\u00e9rio P\u00fablico ou a queixa do Querelante, j\u00e1 os elementos informativos de prova isoladamente considerados, n\u00e3o podem fundamentar uma senten\u00e7a condenat\u00f3ria.<\/p>\n\n\n\n<p>A explica\u00e7\u00e3o que a fundamenta a veda\u00e7\u00e3o \u00e9 a seguinte: inqu\u00e9rito policial \u00e9 procedimento administrativo inquisitivo por natureza. Nele n\u00e3o vigora o princ\u00edpio do contradit\u00f3rio (presente somente a partir da fase judicial), da\u00ed porque as provas produzidas em seu bojo precisam de necess\u00e1ria repeti\u00e7\u00e3o no curso do processo para que possam fundamentar eventual decreto condenat\u00f3rio (o inqu\u00e9rito teria, assim, mera fun\u00e7\u00e3o informativa e exauriria sua finalidade com o oferecimento da inicial acusat\u00f3ria \u2013 se for usado como base para a mesma).<\/p>\n\n\n\n<p>Nesse sentido, a unilateralidade das investiga\u00e7\u00f5es desenvolvidas pela pol\u00edcia judici\u00e1ria na fase preliminar da persecu\u00e7\u00e3o penal (informatio delicti) e o car\u00e1ter inquisitivo que assinala a atua\u00e7\u00e3o da autoridade policial n\u00e3o autorizam, sob pena de grave ofensa \u00e0 garantia constitucional do contradit\u00f3rio e da plenitude de defesa, a formula\u00e7\u00e3o de decis\u00e3o condenat\u00f3ria cujo \u00fanico suporte seja a prova, n\u00e3o reproduzida em ju\u00edzo, consubstanciada nas pe\u00e7as do inqu\u00e9rito \u2013 a investiga\u00e7\u00e3o policial \u2013 que tem no inqu\u00e9rito o instrumento de sua concretiza\u00e7\u00e3o \u2013 n\u00e3o se processa, em fun\u00e7\u00e3o de sua pr\u00f3pria natureza, sob o crivo do contradit\u00f3rio, eis que \u00e9 somente em ju\u00edzo que se torna plenamente exig\u00edvel o dever de observ\u00e2ncia ao postulado da bilateralidade da instru\u00e7\u00e3o criminal contradit\u00f3ria.<\/p>\n\n\n\n<p>Esse \u00e9 o entendimento dos Tribunais Superiores P\u00e1trios, em especial, do Superior Tribunal de Justi\u00e7a, que assim preceitua:<\/p>\n\n\n\n<p>\u201cHABEAS CORPUS. ROUBO CIRCUNSTANCIADO PELO CONCURSO DE PESSOAS. SENTEN\u00c7A ABSOLUT\u00d3RIA.&nbsp;<strong>AC\u00d3RD\u00c3O CONDENAT\u00d3RIO EMBASADO EXCLUSIVAMENTE EM ELEMENTOS INFORMATIVOS COLHIDOS DURANTE O INQU\u00c9RITO POLICIAL. OFENSA \u00c0 GARANTIA DO DEVIDO Processo LEGAL. CONSTRANGIMENTO ILEGAL EVIDENCIADO<\/strong>. ORDEM CONCEDIDA. 1. Em respeito \u00e0 garantia constitucional do devido processo legal, a legitimidade do poder-dever do Estado aplicar a san\u00e7\u00e3o prevista em lei ao acusado da pr\u00e1tica de determinada infra\u00e7\u00e3o penal deve ser exercida por meio da a\u00e7\u00e3o penal, no seio da qual ser-lhe-\u00e1 assegurada a ampla defesa e o contradit\u00f3rio. 2. Visando afastar eventuais arbitrariedades, a doutrina e a jurisprud\u00eancia p\u00e1trias j\u00e1 repudiavam a condena\u00e7\u00e3o baseada exclusivamente em elementos de prova colhidos no inqu\u00e9rito policial. 3. Tal veda\u00e7\u00e3o foi abarcada pelo legislador ordin\u00e1rio com a altera\u00e7\u00e3o da&nbsp;<strong><u>reda\u00e7\u00e3o do artigo 155 do C\u00f3digo de Processo Penal, por meio da Lei n. 11.690\/2008, o qual prev\u00ea a proibi\u00e7\u00e3o da condena\u00e7\u00e3o fundada exclusivamente nos elementos informativos colhidos na investiga\u00e7\u00e3o<\/u><\/strong>. 4. Constatado que o Tribunal de origem utilizou-se unicamente de elementos informativos colhidos no inqu\u00e9rito policial para embasar o \u00e9dito condenat\u00f3rio em desfavor da paciente, imperioso o reconhecimento da ofensa \u00e0 garantia constitucional ao devido processo legal.\u201d (STJ, Quinta Turma, HC 200802252070, rel. Min. Jorge Mussi) (grifei)<\/p>\n\n\n\n<p>Dessa feita, a o gabarito do enunciado apresentado pela banca, deve ser retificado para ERRADO, vez que N\u00c3O \u00c9 POSS\u00cdVEL basear \u00e9dito condenat\u00f3rio apenas em elementos informativos colhidos na fase de Inqu\u00e9rito policial, sendo poss\u00edvel, de acordo com a reda\u00e7\u00e3o do dispositivo processual retro, de forma excepcional em provas antecipadas, n\u00e3o repet\u00edveis e cautelares, e em assim sendo, a exce\u00e7\u00e3o da parte final do dispositivo s\u00f3 refor\u00e7a a regra preceituada no artigo 155 do CPP, pois caso contr\u00e1rio, desnecess\u00e1ria seria a parte final sinalizando a excepcionalidade demonstrada.<\/p>\n\n\n\n<p><strong>PLEITO<\/strong>: ANULA\u00c7\u00c3O da quest\u00e3o, vez que n\u00e3o traz de forma clara a que t\u00edtulo os elementos informativos foram utilizados, pela regra ou pela exce\u00e7\u00e3o, conforme determina o artigo 155 do CPP.<\/p>\n\n\n\n<h3 class=\"has-luminous-vivid-amber-background-color has-background has-medium-font-size wp-block-heading\" id=\"h-recursos-pcdf-agente-contabilidade\">Recursos PCDF &#8211; Agente: Contabilidade<\/h3>\n\n\n\n<p><strong>109. &nbsp;A contabilidade foca nos grupos de contas destinadas ao registro dos eventos que afetam o patrim\u00f4nio da entidade cont\u00e1bil.<\/strong><\/p>\n\n\n\n<p><strong>RECURSO<\/strong>: N\u00e3o resta d\u00favida de que o objeto da contabilidade \u00e9 o patrim\u00f4nio e seu objetivo \u00e9 controlar esse patrim\u00f4nio. Entretanto, para controlar o patrim\u00f4nio, \u00e9 necess\u00e1rio fazer os registros dos fatos, e para isso a contabilidade utiliza-se das contas que registram as altera\u00e7\u00f5es patrimoniais.<\/p>\n\n\n\n<p>Como existem grupo de contas que alteram o patrim\u00f4nio e grupo de contas que n\u00e3o alteram o patrim\u00f4nio, o foco da contabilidade \u00e9 justamente no grupo de contas que alteram o patrim\u00f4nio de modo a fazer os registros dos fatos cont\u00e1beis, que s\u00e3o os eventos que provocam altera\u00e7\u00f5es no patrim\u00f4nio das aziendas.<\/p>\n\n\n\n<p>\u00c9 sabido que existem algumas teorias da contabilidade, dentre elas: a contista &#8211; cujo objeto \u00e9 a conta, e a patrimonialista &#8211; cujo objeto \u00e9 o patrim\u00f4nio. Mas essa n\u00e3o foi a abordagem da quest\u00e3o, pois, se assim fosse, deveria falar do objeto da contabilidade.<\/p>\n\n\n\n<p>Diante do exposto, solicitamos a altera\u00e7\u00e3o do gabarito de ERRADA para CERTA.<\/p>\n\n\n\n<p><strong>111. O pagamento de um t\u00edtulo com juros \u00e9 um fato modificativo, pois reduz o montante do patrim\u00f4nio, o que gera uma despesa; no entanto, alguns fatos aumentam ou diminuem o patrim\u00f4nio sem que, simultaneamente, seja gerada qualquer receita ou despesa.<\/strong><\/p>\n\n\n\n<p><strong>RECURSO<\/strong>: Os fatos cont\u00e1beis s\u00e3o aqueles que provocam altera\u00e7\u00e3o no patrim\u00f4nio, podendo ou n\u00e3o alterar o patrim\u00f4nio l\u00edquido. Caso n\u00e3o haja altera\u00e7\u00e3o quantitativa do patrim\u00f4nio l\u00edquido, caracteriza-se um fato permutativo. Entretanto, a altera\u00e7\u00e3o quantitativa do patrim\u00f4nio l\u00edquido pode caracterizar um fato modificativo &#8211; caso haja a altera\u00e7\u00e3o no patrim\u00f4nio l\u00edquido sem que haja permuta entre os elementos patrimoniais; e um fato MISTO &#8211; caso, al\u00e9m de haver a altera\u00e7\u00e3o quantitativa no patrim\u00f4nio l\u00edquido, tamb\u00e9m ocorra permuta dos elementos patrimoniais.&nbsp; A segunda parte da quest\u00e3o est\u00e1 correta. Entretanto, a primeira parte abordou o pagamento de um t\u00edtulo com juros: esse evento, al\u00e9m de provocar a altera\u00e7\u00e3o quantitativa do patrim\u00f4nio l\u00edquido para menos, tamb\u00e9m provoca uma permuta entre os elementos patrimoniais, caracterizando, dessa forma, um FATO CONT\u00c1BIL MISTO.<\/p>\n\n\n\n<p>Diante do exposto, solicitamos a altera\u00e7\u00e3o do gabarito de CERTA para ERRADA.<\/p>\n\n\n\n<p><strong>116. O registro do imposto de renda retido na fonte, advindo da folha de pagamento, proporcionar\u00e1 um aumento no passivo circulante da empresa no momento do reconhecimento da despesa com sal\u00e1rios.<\/strong><\/p>\n\n\n\n<p><strong>RECURSO<\/strong>: Na contabiliza\u00e7\u00e3o da folha de pagamento, existem os encargos que s\u00e3o de responsabilidade da empresa, os que s\u00e3o responsabilidade do empregado e os que s\u00e3o responsabilidade do Governo. Os encargos da empresa, geram despesa, reduzem lucro e na sua contabiliza\u00e7\u00e3o aumenta o passivo da empresa. J\u00e1 os que n\u00e3o s\u00e3o de sua responsabilidade, n\u00e3o impactam seu resultado e n\u00e3o aumentam as suas obriga\u00e7\u00f5es.<\/p>\n\n\n\n<p><em><u>Contabiliza\u00e7\u00e3o dos Encargos da Empresa:<\/u><\/em><\/p>\n\n\n\n<p>D- Despesas com Sal\u00e1rios<\/p>\n\n\n\n<p>C- Sal\u00e1rios a pagar<\/p>\n\n\n\n<p>D- Despesa com INSS (parcela patronal)<\/p>\n\n\n\n<p>C- INSS a Pagar<\/p>\n\n\n\n<p>D \u2013 Despesa com FGTS<\/p>\n\n\n\n<p>C- FGTS a Recolher<\/p>\n\n\n\n<p>Esses, e apenas esses, provocam altera\u00e7\u00e3o no resultado da empresa e consequentemente aumentam o passivo.<\/p>\n\n\n\n<p>As reten\u00e7\u00f5es, como ocorrem com o INSS e o Imposto de Renda Retido na Fonte, s\u00e3o meros fatos permutativos entre elementos do passivo, que n\u00e3o geram despesas para empresa nem aumentam seus passivos, uma vez que ocorre uma&nbsp; troca uma d\u00edvida por outra de igual valor.<\/p>\n\n\n\n<p>D \u2013 Sal\u00e1rios a pagar<\/p>\n\n\n\n<p>C \u2013 IRRF a recolher<\/p>\n\n\n\n<p>Fazer a contabiliza\u00e7\u00e3o juntando os lan\u00e7amentos n\u00e3o seria a forma adequada pois afetaria a representa\u00e7\u00e3o fidedigna, uma fez que a informa\u00e7\u00e3o n\u00e3o estaria completa em todos os seus aspectos e para que a informa\u00e7\u00e3o seja \u00fatil na tomada de decis\u00e3o por parte de seus usu\u00e1rios, ela deve ser simultaneamente relevante e representar fidedignamente o que se prop\u00f5em, sendo que um dos atributos para a representa\u00e7\u00e3o fidedigna \u00e9 que a informa\u00e7\u00e3o deve ser completa em todos seus aspectos.<\/p>\n\n\n\n<p>Diante do exposto, solicitamos a altera\u00e7\u00e3o do gabarito de CERTA para ERRADA.<\/p>\n\n\n\n<h3 class=\"has-luminous-vivid-amber-background-color has-background has-medium-font-size wp-block-heading\" id=\"h-recursos-pcdf-agente-matem-tica-e-racioc-nio-l-gico\"><a href=\"https:\/\/www.estrategiaconcursos.com.br\/blog\/recurso-pcdf-agente-matematica-e-raciocinio-logico\/\">Recursos PCDF &#8211; Agente: Matem\u00e1tica e Racioc\u00ednio L\u00f3gico<\/a><\/h3>\n\n\n\n<div class=\"wp-block-image\"><figure class=\"aligncenter\"><img loading=\"lazy\" decoding=\"async\" width=\"445\" height=\"365\" src=\"https:\/\/dhg1h5j42swfq.cloudfront.net\/2021\/08\/25120125\/image-745.png\" alt=\"\" class=\"wp-image-845346\" srcset=\"https:\/\/dhg1h5j42swfq.cloudfront.net\/2021\/08\/25120125\/image-745.png 445w, https:\/\/dhg1h5j42swfq.cloudfront.net\/2021\/08\/25120125\/image-745-300x246.png 300w\" sizes=\"auto, (max-width: 445px) 100vw, 445px\" \/><\/figure><\/div>\n\n\n\n<div class=\"wp-block-image\"><figure class=\"aligncenter\"><img loading=\"lazy\" decoding=\"async\" width=\"439\" height=\"42\" src=\"https:\/\/dhg1h5j42swfq.cloudfront.net\/2021\/08\/25120149\/image-747.png\" alt=\"\" class=\"wp-image-845348\" srcset=\"https:\/\/dhg1h5j42swfq.cloudfront.net\/2021\/08\/25120149\/image-747.png 439w, https:\/\/dhg1h5j42swfq.cloudfront.net\/2021\/08\/25120149\/image-747-300x29.png 300w\" sizes=\"auto, (max-width: 439px) 100vw, 439px\" \/><\/figure><\/div>\n\n\n\n<p><strong>Gabarito do professor: CERTO.<\/strong><\/p>\n\n\n\n<p><strong>Gabarito preliminar da banca: ERRADO.<\/strong><\/p>\n\n\n\n<p><strong>Resolu\u00e7\u00e3o do problema<\/strong><\/p>\n\n\n\n<p>Antes de resolver a quest\u00e3o, devemos nos atentar para alguns detalhes do enunciado.<\/p>\n\n\n\n<p>Perceba que ocorre uma&nbsp;<strong>distin\u00e7\u00e3o entre dois tipos de cumprimentos<\/strong>: \u201c<strong>apertos de m\u00e3o<\/strong>\u201d e \u201c<strong>acenos<\/strong>\u201c.<\/p>\n\n\n\n<p>Entende-se que um \u201c<strong>aperto de m\u00e3o<\/strong>\u201c, que ocorre entre rapazes, \u00e9&nbsp;<strong>rec\u00edproco<\/strong>. Isto \u00e9, se um rapaz A cumprimenta com um \u201caperto de m\u00e3o\u201d um rapaz B, entende-se que esse \u00fanico \u201caperto de m\u00e3o\u201d tamb\u00e9m corresponde ao \u201caperto de m\u00e3o\u201d de B para A.<\/p>\n\n\n\n<p>Por outro lado, entende-se que&nbsp;<strong>um<\/strong>&nbsp;<strong>aceno n\u00e3o \u00e9 rec\u00edproco<\/strong>, isto \u00e9, se uma mo\u00e7a A acena para uma mo\u00e7a B, esse aceno n\u00e3o corresponde ao aceno de B para A.<\/p>\n\n\n\n<p>Pense na vida real: podemos acenar para uma pessoa sem receber a resposta, correto? Se eu acenar para o meu tio e meu tio n\u00e3o acenar de volta, temos um aceno. Por outro lado, se eu acenar para o meu tio e ele acenar de volta, temos dois acenos. Com o \u201caperto de m\u00e3o\u201d, temos uma situa\u00e7\u00e3o diferente: se eu realizar um aperto de m\u00e3o com o meu tio, necessariamente ele realizou um \u201caperto de m\u00e3o\u201d comigo.<\/p>\n\n\n\n<p><strong>Observe que, na quest\u00e3o, se o \u201caceno\u201d fosse rec\u00edproco, n\u00e3o haveria sentido dizer que cada mo\u00e7a cumprimentou a todos<\/strong>&nbsp;<strong>com um aceno. Isso porque os rapazes n\u00e3o responderiam aos \u201cacenos\u201d, pois eles somente cumprimentam com \u201capertos de m\u00e3o\u201d outros rapazes.<\/strong><\/p>\n\n\n\n<p>Em resumo, deve-se seguir o seguinte entendimento:<\/p>\n\n\n\n<ul class=\"wp-block-list\"><li>Entre dois rapazes: 1 aperto de m\u00e3o;<\/li><li>Entre duas mo\u00e7as: 2 acenos;<\/li><li>De uma mo\u00e7a para um rapaz: 1 aceno.<\/li><\/ul>\n\n\n\n<p>Voltando ao item da quest\u00e3o,&nbsp;<strong>uma vez que os acenos n\u00e3o s\u00e3o rec\u00edprocos<\/strong>, temos um total de 20 mo\u00e7as que cumprimentaram com um aceno as outras 19. Logo o n\u00famero de cumprimentos com acenos entre mo\u00e7as foi:<\/p>\n\n\n\n<div class=\"wp-block-image\"><figure class=\"aligncenter\"><img loading=\"lazy\" decoding=\"async\" width=\"294\" height=\"115\" src=\"https:\/\/dhg1h5j42swfq.cloudfront.net\/2021\/08\/23000713\/image-586.png\" alt=\"\" class=\"wp-image-842828\"\/><\/figure><\/div>\n\n\n\n<p>Portanto, o n\u00famero de cumprimentos com acenos entre mo\u00e7as foi superior a 200.<\/p>\n\n\n\n<p><strong>Entendimento da banca<\/strong><\/p>\n\n\n\n<p>A banca apresentou a seguinte justificativa para dar o gabarito como ERRADO:<\/p>\n\n\n\n<div class=\"wp-block-image\"><figure class=\"aligncenter\"><img loading=\"lazy\" decoding=\"async\" width=\"904\" height=\"248\" src=\"https:\/\/dhg1h5j42swfq.cloudfront.net\/2021\/08\/25121924\/image-752.png\" alt=\"\" class=\"wp-image-845356\" srcset=\"https:\/\/dhg1h5j42swfq.cloudfront.net\/2021\/08\/25121924\/image-752.png 904w, https:\/\/dhg1h5j42swfq.cloudfront.net\/2021\/08\/25121924\/image-752-300x82.png 300w, https:\/\/dhg1h5j42swfq.cloudfront.net\/2021\/08\/25121924\/image-752-768x211.png 768w, https:\/\/dhg1h5j42swfq.cloudfront.net\/2021\/08\/25121924\/image-752-610x167.png 610w\" sizes=\"auto, (max-width: 904px) 100vw, 904px\" \/><\/figure><\/div>\n\n\n\n<p>Note que, em sua justificativa,&nbsp;<strong>a banca incluiu a premissa de que os cumprimentos com acenos s\u00e3o rec\u00edprocos<\/strong>. Essa premissa n\u00e3o corresponde com a realidade e em nenhum momento foi apresentada no enunciado. Assim, para cada par de mo\u00e7as, a banca contabilizou um \u00fanico aceno.<\/p>\n\n\n\n<p><strong>Considerando-se essa premissa equivocada<\/strong>, de fato o n\u00famero de acenos corresponderia ao n\u00famero de maneiras que podemos selecionar duas mo\u00e7as dentre 20:<\/p>\n\n\n\n<div class=\"wp-block-image\"><figure class=\"aligncenter\"><img loading=\"lazy\" decoding=\"async\" width=\"413\" height=\"58\" src=\"https:\/\/dhg1h5j42swfq.cloudfront.net\/2021\/08\/25122333\/image-754.png\" alt=\"\" class=\"wp-image-845359\" srcset=\"https:\/\/dhg1h5j42swfq.cloudfront.net\/2021\/08\/25122333\/image-754.png 413w, https:\/\/dhg1h5j42swfq.cloudfront.net\/2021\/08\/25122333\/image-754-300x42.png 300w\" sizes=\"auto, (max-width: 413px) 100vw, 413px\" \/><\/figure><\/div>\n\n\n\n<h3 class=\"has-luminous-vivid-amber-background-color has-background has-medium-font-size wp-block-heading\" id=\"h-recursos-pcdf-agente-portugu-s\">Recursos PCDF &#8211; Agente: Portugu\u00eas<\/h3>\n\n\n\n<p><strong>BANCA<\/strong>: CEBRASPE<br \/><strong>\u00d3RG\u00c3O<\/strong>: PCDF<br \/><strong>CARGO<\/strong>: AGENTE<\/p>\n\n\n\n<p><strong>QUEST\u00c3O N\u00ba 08<\/strong><br \/><strong>TEXTO DA QUEST\u00c3O<\/strong>:<\/p>\n\n\n\n<p>A sequ\u00eancia de a\u00e7\u00f5es no texto se organiza a partir de uma l\u00f3gica imperativa de que os atos e as palavras referidos devem necessariamente parecer extravagantes, desarrazoados.<\/p>\n\n\n\n<p><strong>GABARITO PRELIMINAR<\/strong>: CERTO<br \/><strong>GABARITO PRETENDIDO<\/strong>: ERRADO<\/p>\n\n\n\n<p><strong>FUNDAMENTA\u00c7\u00c3O<\/strong>:<br \/>A quest\u00e3o traz como correta a afirma\u00e7\u00e3o de que \u201cA sequ\u00eancia de a\u00e7\u00f5es no texto se organiza a partir de uma l\u00f3gica imperativa de que os atos e as palavras referidos devem necessariamente parecer extravagantes, desarrazoados.\u201d Contudo, nota-se um equ\u00edvoco ao considerar CERTO o item, pelo que se exp\u00f5e a seguir.<\/p>\n\n\n\n<p>De fato, a narrativa \u00e9 constru\u00edda a partir de comandos e instru\u00e7\u00f5es, com verbos flexionados no Modo Imperativo.<\/p>\n\n\n\n<p>Contudo, no final do item, afirma-se que que esses comandos devem \u201cnecessariamente parecer extravagantes, desarrazoados\u201d. Por mais que haja um comando para que o indiv\u00edduo aja de forma \u201cextravagante, desarrazoada\u201d, em \u201c<em>componha uma cara de louco quieto e perigoso<\/em>\u201d, &nbsp;em diversos outros momentos h\u00e1 comandos que tentam suavizar e amenizar situa\u00e7\u00f5es, como no caso de \u201c<em>largue tudo de repente sob os olhares \u00e0 sua volta<\/em>\u201d, \u201c<em>Conv\u00e9m n\u00e3o responder aos olhares interrogativos<\/em>\u201d e \u201c<em>Mas n\u00e3o exagere na medida<\/em>\u201d.<\/p>\n\n\n\n<p>Destaque-se o \u00faltimo exemplo citado, \u201c<em>Mas n\u00e3o exagere na medida<\/em>\u201d. Ora, se o pr\u00f3prio narrador pede que a a\u00e7\u00e3o n\u00e3o seja exagerada, n\u00e3o \u00e9 poss\u00edvel afirmar que os comandos s\u00e3o necessariamente desarrazoados. Assim, os exemplos trazidos tornam o item errado.<\/p>\n\n\n\n<p>Ante a fundamenta\u00e7\u00e3o acima, requer, humildemente, a ALTERA\u00c7\u00c3O do gabarito para ERRADO.<\/p>\n\n\n\n<p><strong>BANCA<\/strong>: CESPE\/CEBRASPE<br \/><strong>\u00d3RG\u00c3O<\/strong>: PCDF<br \/><strong>CARGO<\/strong>: AGENTE<\/p>\n\n\n\n<p><strong>QUEST\u00c3O N\u00ba 16<\/strong><br \/><strong>TEXTO DA QUEST\u00c3O<\/strong>:<\/p>\n\n\n\n<p>Feitos os devidos ajustes de mai\u00fasculas e min\u00fasculas, o ponto final que encerra o segundo per\u00edodo do quarto par\u00e1grafo, ap\u00f3s \u201cenfrentar\u201d, poderia ser substitu\u00eddo corretamente pelo sinal de dois-pontos, visto que o per\u00edodo subsequente explica o que \u00e9 o \u201cproblema s\u00e9rio\u201d mencionado.<\/p>\n\n\n\n<p><strong>GABARITO PRELIMINAR<\/strong>: CERTO<br \/><strong>GABARITO PRETENDIDO<\/strong>: ERRADO<\/p>\n\n\n\n<p><strong>FUNDAMENTA\u00c7\u00c3O<\/strong>:<br \/>A quest\u00e3o traz como a reescrita do per\u00edodo entre as linhas 25 e 29 como correta. Contudo, nota-se um equ\u00edvoco ao consider\u00e1-la CORRETA, pelo que se exp\u00f5e a seguir.<\/p>\n\n\n\n<p>O erro na reescrita se encontra no fato de considerar o per\u00edodo composto \u201cNosso pressuposto atual de que n\u00e3o sabemos tudo e de que at\u00e9 mesmo o conhecimento que temos se estende aos mitos partilhados que possibilitam que milh\u00f5es de estranhos cooperem de maneira eficaz.\u201d como explica\u00e7\u00e3o ao \u201cproblema s\u00e9rio\u201d.<\/p>\n\n\n\n<p>Percebe-se que n\u00e3o h\u00e1 uma rela\u00e7\u00e3o de explica\u00e7\u00e3o entre os per\u00edodos, mas a defesa do ponto de vista do autor sobre as consequ\u00eancias da \u201crevolu\u00e7\u00e3o da ignor\u00e2ncia\u201d.<\/p>\n\n\n\n<p>Al\u00e9m disso, por n\u00e3o haver essa rela\u00e7\u00e3o de explica\u00e7\u00e3o, o uso dos dois-pontos perderia sua fun\u00e7\u00e3o, o que torna o item errado.<\/p>\n\n\n\n<p>Ante a fundamenta\u00e7\u00e3o acima, requer, humildemente, a ALTERA\u00c7\u00c3O do gabarito para ERRADO.<\/p>\n\n\n\n<h3 class=\"has-luminous-vivid-amber-background-color has-background has-medium-font-size wp-block-heading\" id=\"h-recursos-pcdf-agente-inform-tica\">Recursos PCDF &#8211; Agente: Inform\u00e1tica<\/h3>\n\n\n\n<p><strong>QUEST\u00c3O<\/strong>: A planilha a seguir apresenta o total de crimes cometidos nas regi\u00f5es X e Y.<\/p>\n\n\n\n<figure class=\"wp-block-image size-large\"><img loading=\"lazy\" decoding=\"async\" width=\"378\" height=\"110\" src=\"https:\/\/dhg1h5j42swfq.cloudfront.net\/2021\/08\/26101144\/image-774.png\" alt=\"\" class=\"wp-image-846115\" srcset=\"https:\/\/dhg1h5j42swfq.cloudfront.net\/2021\/08\/26101144\/image-774.png 378w, https:\/\/dhg1h5j42swfq.cloudfront.net\/2021\/08\/26101144\/image-774-300x87.png 300w\" sizes=\"auto, (max-width: 378px) 100vw, 378px\" \/><\/figure>\n\n\n\n<p>Caso deseje, com base nesses dados, obter a m\u00e9dia de todos os crimes, independentemente da regi\u00e3o onde eles foram cometidos, e inseri-la na c\u00e9lula D4, o usu\u00e1rio dever\u00e1 utilizar a seguinte f\u00f3rmula.<\/p>\n\n\n\n<p>=M\u00c9DIA(B2:C3)<\/p>\n\n\n\n<p><strong>GABARITO PRELIMINAR:<\/strong> CERTO<\/p>\n\n\n\n<p><strong>PEDIDO DE RECURSO: <\/strong>ANULA\u00c7\u00c3O<\/p>\n\n\n\n<p><strong>MOTIVO<\/strong>: Primeiramente, o trecho da quest\u00e3o \u201co usu\u00e1rio DEVER\u00c1 utilizar a seguinte f\u00f3rmula.\u201d, de acordo com os conceitos de palavras da l\u00edngua portugu\u00eas, quando empregado o verbo DEVER, o sentido obtido pela quest\u00e3o \u00e9 de \u201cestar obrigado a se devotar a algo\u201d, quando na verdade a busca da m\u00e9dia aritm\u00e9tica tamb\u00e9m pode ser aplicada atrav\u00e9s da fun\u00e7\u00e3o =SOMA(B2:C3)\/CONT.N\u00daM(B2:C3). Ou seja, o termo DEVER\u00c1 restringe a quest\u00e3o a utiliza\u00e7\u00e3o da fun\u00e7\u00e3o =M\u00c9DIA(), sendo incorreta essa afirma\u00e7\u00e3o, perante a an\u00e1lise gramatical da l\u00edngua portuguesa.<\/p>\n\n\n\n<p>N\u00e3o obstante, a quest\u00e3o tamb\u00e9m n\u00e3o apresenta ao candidato, tanto no texto motivador quanto no enunciado do item, qual \u00e9 a ferramenta utilizada para a cria\u00e7\u00e3o dessa planilha. Caso a planilha fosse elaborada no aplicativo editor de texto Word, seria imposs\u00edvel realizar a opera\u00e7\u00e3o informada no item atrav\u00e9s da fun\u00e7\u00e3o =M\u00c9DIA(). Sendo assim, \u00e9 totalmente imposs\u00edvel julgar o item como certo ou errado, pois desconhecemos qual \u00e9 o aplicativo utilizado pelo examinador para gerar a imagem.<\/p>\n\n\n\n<p><strong>QUEST\u00c3O<\/strong>: Com rela\u00e7\u00e3o a sistemas operacionais e planilhas, julgue os itens a seguir.<\/p>\n\n\n\n<p>No sistema operacional Android, os aplicativos n\u00e3o podem interagir entre si e t\u00eam acesso limitado ao sistema operacional, ou seja, o aplicativo X que tentar fazer algo malicioso, como ler os dados do aplicativo Y, ser\u00e1 impedido de faz\u00ea-lo. Com exce\u00e7\u00e3o de uma pequena quantidade de c\u00f3digo do sistema operacional Android, todo o c\u00f3digo acima do kernel do Linux \u00e9 restrito a application sandbox.<\/p>\n\n\n\n<p><strong>GABARITO PRELIMINAR: <\/strong>CERTO<\/p>\n\n\n\n<p><strong>PEDIDO DE RECURSO:<\/strong> ERRADO<\/p>\n\n\n\n<p>MOTIVO: O primeiro per\u00edodo da quest\u00e3o apresenta informa\u00e7\u00f5es que s\u00e3o teorias gen\u00e9ricas sobre as atividades de aplicativos em sistemas Android, mas n\u00e3o s\u00e3o regras sem exce\u00e7\u00f5es pr\u00e1ticas de uso do sistema. Al\u00e9m disso, est\u00e3o faltando informa\u00e7\u00f5es para identifica\u00e7\u00e3o do tipo de usu\u00e1rio que est\u00e1 executando o processo, pois n\u00e3o \u00e9 poss\u00edvel identificar na leitura do item que os processos est\u00e3o sendo executados em n\u00edvel de usu\u00e1rio comum (com restri\u00e7\u00f5es) ou superusu\u00e1rio (root), tornando imposs\u00edvel julgar o item como correto ou errado sem o conhecimento dos poderes do usu\u00e1rio.<\/p>\n\n\n\n<p>Outra inconsist\u00eancia que o item apresenta \u00e9 n\u00e3o considerar a a\u00e7\u00e3o de programas maliciosos que contaminam o sistema, permitindo que as pragas se comuniquem com outros programas e o pr\u00f3prio n\u00facleo, ainda que em menor escala, mas tornando poss\u00edvel realizar as a\u00e7\u00f5es maliciosas que afetam a funcionalidade da aplica\u00e7\u00e3o ou do sistema. Sendo assim, o item estaria errado.<\/p>\n\n\n\n<p>Abaixo, podemos identificar trecho do site oficial da AVAST Brasil, sobre opera\u00e7\u00f5es de programas maliciosos e ferramentas de seguran\u00e7a em dispositivos Androids:<\/p>\n\n\n\n<p><em>\u201cApps no iOS s\u00e3o tamb\u00e9m colocados em sandbox, o que significa que eles n\u00e3o podem interagir com outros aplicativos ou com o sistema operacional <\/em><em><u>al\u00e9m de um certo ponto<\/u><\/em><em>. Dito isso, os usu\u00e1rios de iOS e Android s\u00e3o igualmente suscept\u00edveis a ataques de phishing por email ou mesmo mensagens SMS.<\/em><\/p>\n\n\n\n<p><em>Apps no Android tamb\u00e9m s\u00e3o colocados em sandbox, <\/em><em><u>mas em menor grau<\/u><\/em><em>&#8230;\u201d<\/em><\/p>\n\n\n\n<p>O trecho acima foi retirado da p\u00e1gina: <a href=\"https:\/\/blog.avast.com\/pt-br\/como-detectar-e-remover-um-virus-do-seu-telefone-android\">https:\/\/blog.avast.com\/pt-br\/como-detectar-e-remover-um-virus-do-seu-telefone-android<\/a><\/p>\n\n\n\n<p>Contudo, realmente o segundo per\u00edodo da quest\u00e3o apresenta um posicionamento correto, no trecho \u201cCom exce\u00e7\u00e3o de uma pequena quantidade de c\u00f3digo do sistema operacional Android, todo o c\u00f3digo acima do kernel do Linux \u00e9 restrito a application sandbox\u201d, mas isso n\u00e3o significa e invalida a comunica\u00e7\u00e3o entre os aplicativos em opera\u00e7\u00e3o acima do n\u00facleo do sistema. Essa caracter\u00edstica do sistema operacional delimita o acesso (diminui a possibilidade) ao nucelo do sistema pelas aplica\u00e7\u00f5es, mas n\u00e3o \u00e9 um fator determinante para que os aplicativos que estejam em comunica\u00e7\u00e3o nas camadas superiores acessem o n\u00facleo ou tenham intera\u00e7\u00f5es entre si, ainda que em menor escala.<\/p>\n\n\n\n<h3 class=\"has-luminous-vivid-amber-background-color has-background has-medium-font-size wp-block-heading\" id=\"h-recursos-pcdf-agente-estat-stica\">Recursos PCDF &#8211; Agente: Estat\u00edstica<\/h3>\n\n\n\n<p><strong>Bloco de quest\u00f5es 103 e 104<\/strong><\/p>\n\n\n\n<p><strong>Em uma pesquisa de campo, realizada por meio de amostragem aleat\u00f3ria simples, mediram-se as alturas de moradores masculinos adultos de determinado munic\u00edpio. Os pesquisadores resolveram aproximar a distribui\u00e7\u00e3o de alturas por uma normal. Eles estimaram os par\u00e2metros da normal por meio do m\u00e9todo de m\u00e1xima verossimilhan\u00e7a.<\/strong><\/p>\n\n\n\n<p><strong>Considerando essa situa\u00e7\u00e3o hipot\u00e9tica, julgue os itens a seguir.<\/strong><\/p>\n\n\n\n<p><strong>Quest\u00e3o<\/strong>. A amostragem estratificada por faixas de renda familiar quando crian\u00e7a possibilitaria uma estima\u00e7\u00e3o intervalar mais precisa dos par\u00e2metros da distribui\u00e7\u00e3o normal.<\/p>\n\n\n\n<p><strong>Coment\u00e1rios:<\/strong><\/p>\n\n\n\n<p>O gabarito preliminar oficial para essa quest\u00e3o \u00e9 \u201cCERTO\u201d e a justificativa apresentada pela banca \u00e9: \u201cA amostragem estratificada permite uma estima\u00e7\u00e3o mais precisa do que a amostragem aleat\u00f3ria simples\u201d.<\/p>\n\n\n\n<p>Inicialmente, cabe pontuar que a amostragem estratificada consiste em dividir a popula\u00e7\u00e3o em grupos (denominados estratos) e extrair uma amostra aleat\u00f3ria de cada estrato. Com esse procedimento, espera-se uma melhor representatividade da popula\u00e7\u00e3o (isto \u00e9, da caracter\u00edstica sendo estudada), uma vez que haver\u00e1, na amostra extra\u00edda, elementos de todos os estratos da popula\u00e7\u00e3o. Ou seja, de fato, uma amostragem estratificada, conduzida de forma&nbsp;<strong>adequada,<\/strong>&nbsp;possibilita uma estima\u00e7\u00e3o mais precisa do que a amostragem simples.<\/p>\n\n\n\n<p>Por\u00e9m, se o crit\u00e9rio para a estratifica\u00e7\u00e3o da popula\u00e7\u00e3o&nbsp;<strong>n\u00e3o<\/strong>&nbsp;tiver&nbsp;<strong>rela\u00e7\u00e3o<\/strong>&nbsp;com a caracter\u00edstica sendo estudada, ela&nbsp;<strong>n\u00e3o<\/strong>&nbsp;trar\u00e1 melhor representatividade da popula\u00e7\u00e3o&nbsp;&nbsp;e, consequentemente,&nbsp;<strong>n\u00e3o<\/strong>&nbsp;apresentar\u00e1 maior precis\u00e3o \u00e0 estimativa. A rigor, se a popula\u00e7\u00e3o for dividida&nbsp;<strong>aleatoriamente<\/strong>&nbsp;em estratos, para que seja conduzida uma amostragem estratificada, esta ter\u00e1 matematicamente a mesma efici\u00eancia de uma amostragem aleat\u00f3ria simples.&nbsp;<\/p>\n\n\n\n<p>De maneira similar, vamos supor que estejamos analisando o n\u00famero m\u00e9dio de horas trabalhadas dos adultos e que iremos dividir a popula\u00e7\u00e3o de acordo com a altura dos seus pais. Nesse caso, tamb\u00e9m n\u00e3o h\u00e1 uma rela\u00e7\u00e3o entre o aspecto sendo mensurado (n\u00famero de horas trabalhadas) e o crit\u00e9rio da segrega\u00e7\u00e3o (altura dos pais). Dessa forma, a estratifica\u00e7\u00e3o aproxima-se de uma estratifica\u00e7\u00e3o aleat\u00f3ria, e a amostragem estratificada torna-se t\u00e3o eficiente quanto a amostragem simples.<\/p>\n\n\n\n<p>Entendemos que o enunciado tr\u00e1s esse tipo de situa\u00e7\u00e3o, uma vez que&nbsp;<strong>n\u00e3o h\u00e1 rela\u00e7\u00e3o<\/strong>&nbsp;aparente entre as alturas de moradores masculinos adultos (popula\u00e7\u00e3o) e a renda familiar quando crian\u00e7a (crit\u00e9rio da estratifica\u00e7\u00e3o), o que torna a amostragem estratificada&nbsp;<strong>t\u00e3o eficiente&nbsp;<\/strong>quanto a amostragem aleat\u00f3ria simples, e&nbsp;<strong>n\u00e3o<\/strong>&nbsp;possibilita uma estima\u00e7\u00e3o mais precisa.<\/p>\n\n\n\n<p>Por isso, pleiteamos pela altera\u00e7\u00e3o do gabarito, de \u201cCERTO\u201d para \u201c<strong>ERRADO<\/strong>\u201d.&nbsp;<\/p>\n\n\n\n<p><strong>Bloco de quest\u00f5es 105 \u2013 107<\/strong><\/p>\n\n\n\n<p><strong>Um rem\u00e9dio para baixar a press\u00e3o arterial foi testado em pessoas com hipertens\u00e3o. O referido medicamento foi comparado a outro medicamento que j\u00e1 estava em uso no mercado, por meio de amostragens aleat\u00f3rias simples. Um teste t foi implementado para verificar se a press\u00e3o arterial dos testados baixava mais, em m\u00e9dia, com o uso do novo rem\u00e9dio. Os pesquisadores escolheram um n\u00edvel de signific\u00e2ncia de 0,01. Se o rem\u00e9dio baixasse a press\u00e3o arterial em mais que certa quantidade, p, o fabricante mudaria sua linha de produ\u00e7\u00e3o para produzir o novo rem\u00e9dio. A pot\u00eancia do teste para detectar uma redu\u00e7\u00e3o dessa quantidade, p, foi 0,9.<\/strong><\/p>\n\n\n\n<p><strong>Com rela\u00e7\u00e3o a essa situa\u00e7\u00e3o hipot\u00e9tica, julgue os itens que se seguem.<\/strong><\/p>\n\n\n\n<p><strong>Quest\u00e3o.&nbsp;<\/strong>Se o verdadeiro valor da redu\u00e7\u00e3o m\u00e9dia de press\u00e3o do novo rem\u00e9dio fosse igual a p, ent\u00e3o existiria uma chance de 90% de o teste ter detectado essa diferen\u00e7a.<\/p>\n\n\n\n<p><strong>Coment\u00e1rios:<\/strong><\/p>\n\n\n\n<p>O gabarito preliminar oficial para essa quest\u00e3o \u00e9 \u201cCERTO\u201d e a justificativa apresentada pela banca \u00e9: \u201cA pot\u00eancia de um teste \u00e9 a probabilidade de detectar uma dada diferen\u00e7a m\u00e9dia, dado que essa diferen\u00e7a existe\u201d.<\/p>\n\n\n\n<p>Inicialmente, cabe destacar que a pot\u00eancia do teste (ou poder do teste) corresponde \u00e0 probabilidade de rejeitar a hip\u00f3tese nula sendo ela falsa e que o enunciado informou que essa probabilidade \u00e9 igual a 0,9 (90%). Pelo enunciado, deduzimos que a hip\u00f3tese nula \u00e9 de que ambos os medicamentos possuam efeito similar e a hip\u00f3tese alternativa \u00e9 de que o novo medicamento seja mais eficiente. Logo, a rejei\u00e7\u00e3o da hip\u00f3tese nula corresponde \u00e0 conclus\u00e3o de que o novo medicamento \u00e9, de fato, mais eficiente.<\/p>\n\n\n\n<p>Ademais, o enunciado informa que a hip\u00f3tese nula ser\u00e1 rejeitada se o novo medicamento baixar a press\u00e3o arterial em mais que p, em m\u00e9dia, na amostra extra\u00edda. Dessa forma, a pot\u00eancia para esse teste corresponde \u00e0 probabilidade de o novo medicamento baixar a press\u00e3o arterial em mais que p, em m\u00e9dia, na amostra extra\u00edda, dado que o novo medicamento \u00e9, de fato,&nbsp;<strong>mais eficiente<\/strong>&nbsp;que o outro (hip\u00f3tese alternativa verdadeira).<\/p>\n\n\n\n<p>Por\u00e9m, o item afirma que a pot\u00eancia do teste corresponde \u00e0 probabilidade de o teste detectar uma redu\u00e7\u00e3o m\u00e9dia da press\u00e3o arterial de p, dado que esse \u00e9 o verdadeiro valor da redu\u00e7\u00e3o provocada pelo novo medicamente. Ou seja, no item, houve uma aparente confus\u00e3o entre o crit\u00e9rio de rejei\u00e7\u00e3o da hip\u00f3tese nula e o par\u00e2metro verdadeiro (m\u00e9dia) da popula\u00e7\u00e3o, que s\u00e3o conceitos distintos.&nbsp;<\/p>\n\n\n\n<p>Inclusive, ainda que a m\u00e9dia de redu\u00e7\u00e3o da press\u00e3o do novo medicamente seja igual a p, a probabilidade de o teste detectar exatamente essa redu\u00e7\u00e3o na amostra \u00e9&nbsp;<strong>nula<\/strong>! Isso porque o n\u00edvel de redu\u00e7\u00e3o da press\u00e3o arterial \u00e9 uma vari\u00e1vel aleat\u00f3ria com distribui\u00e7\u00e3o&nbsp;<strong>cont\u00ednua<\/strong>, em que a probabilidade de se obter exatamente determinado resultado (qualquer que seja) \u00e9 nula.<\/p>\n\n\n\n<p>Considerando a imprecis\u00e3o da reda\u00e7\u00e3o do item, entendemos que a quest\u00e3o deva ser&nbsp;<strong>anulada<\/strong>.&nbsp;<\/p>\n\n\n\n<p><strong>Quest\u00e3o 108.<\/strong><\/p>\n\n\n\n<p><strong>Determinado pesquisador reuniu dados de v\u00e1rios munic\u00edpios brasileiros e estimou um modelo de regress\u00e3o linear m\u00faltipla por m\u00ednimos quadrados ordin\u00e1rios. A vari\u00e1vel dependente foi a taxa de homic\u00eddios, e as vari\u00e1veis independentes inclu\u00edam vari\u00e1veis, como, por exemplo, PIB per capita, m\u00e9dia de anos de estudo, \u00edndice de Gini e outras vari\u00e1veis socioecon\u00f4micas. Ap\u00f3s a estima\u00e7\u00e3o, o pesquisador calculou a correla\u00e7\u00e3o entre os res\u00edduos e as vari\u00e1veis independentes e notou que essas correla\u00e7\u00f5es foram iguais a zero.<\/strong><\/p>\n\n\n\n<p><strong>Com refer\u00eancia a essa situa\u00e7\u00e3o hipot\u00e9tica, julgue o pr\u00f3ximo item.<\/strong><\/p>\n\n\n\n<p><strong>Quest\u00e3o.&nbsp;<\/strong>A aus\u00eancia de correla\u00e7\u00e3o entre as vari\u00e1veis independentes e os res\u00edduos da regress\u00e3o mostra que as vari\u00e1veis independentes s\u00e3o ex\u00f3genas.<\/p>\n\n\n\n<p><strong>Coment\u00e1rios:<\/strong><\/p>\n\n\n\n<p>O gabarito preliminar oficial para essa quest\u00e3o \u00e9 \u201cERRADO\u201d e a justificativa apresentada pela banca \u00e9: \u201cA mec\u00e2nica de c\u00e1lculo dos coeficientes de M\u00ednimos Quadrados Ordin\u00e1rios faz que os res\u00edduos n\u00e3o sejam correlacionados com as vari\u00e1veis independentes. Ent\u00e3o, esse fato de n\u00e3o correla\u00e7\u00e3o n\u00e3o traz informa\u00e7\u00e3o sobre o fato de as vari\u00e1veis independentes serem ou n\u00e3o ex\u00f3genas\u201d.<\/p>\n\n\n\n<p>No entanto, entendemos que o conceito de vari\u00e1veis end\u00f3genas e ex\u00f3genas, para tratar das rela\u00e7\u00f5es de depend\u00eancia e independ\u00eancia, s\u00e3o conceitos aplic\u00e1veis \u00e0 Economia e \u00e0 Econometria. Isso porque tais termos est\u00e3o associados a modelos cuja finalidade \u00e9 explicar o funcionamento da Economia, e n\u00e3o modelos puramente Estat\u00edsticos.&nbsp;<\/p>\n\n\n\n<p>Sem qualquer pretens\u00e3o de esgotar a literatura sobre o assunto, apresentamos a seguir alguns livros relevantes que tratam dessa mat\u00e9ria:<\/p>\n\n\n\n<p>Abel, A.B.; Bernarke, B.S.; Croushore, D. Macroeconomia.&nbsp;Pearson Universidades; 6\u00aa edi\u00e7\u00e3o; 512p; 2008.<\/p>\n\n\n\n<p>Maia, A. G. Econometria: Conceitos e Aplica\u00e7\u00f5es. Editora Saint Paul, 2017.<\/p>\n\n\n\n<p>Wooldridge, J. M. Introdu\u00e7\u00e3o \u00e0 econometria: uma abordagem moderna; tradu\u00e7\u00e3o Jos\u00e9 Ant\u00f4nio Ferreira \u2013 S\u00e3o Paulo: Cengage Learning, 2010. T\u00edtulo original:&nbsp;<em>Introductory econometrics: a modern approach 4<\/em>.ed. norte-americana.<\/p>\n\n\n\n<p>Verifica-se que s\u00e3o, de fato, livros de Economia e Econometria, e n\u00e3o livros voltados para a \u00e1rea de Estat\u00edstica.<\/p>\n\n\n\n<p>Assim, entendemos que a quest\u00e3o exige conhecimentos n\u00e3o constantes no edital do concurso, motivo pelo qual pleiteamos pela sua&nbsp;<strong>anula\u00e7\u00e3o<\/strong>.&nbsp;&nbsp;<\/p>\n","protected":false},"excerpt":{"rendered":"<p>Ol\u00e1, candidatos do&nbsp;concurso PCDF! Nesta quarta-feira, 25 de agosto, se inicia o prazo para&nbsp;interposi\u00e7\u00e3o de recursos&nbsp;contra o gabarito preliminar da prova da PCDF para o cargo de Agente. Portanto, para te ajudar, confira os poss\u00edveis recursos dados por nossos professores! Recursos PCDF \u2013 Agente: Conhecimentos sobre o Distrito Federal QUEST\u00c3O: A RIDE, em seu recorte [&hellip;]<\/p>\n","protected":false},"author":1,"featured_media":756189,"comment_status":"open","ping_status":"closed","sticky":false,"template":"","format":"standard","meta":{"post_tipo":"article","footnotes":""},"categories":[1988],"tags":[],"tax_estado":[219970],"class_list":["post-845189","post","type-post","status-publish","format-standard","has-post-thumbnail","hentry","category-policia","tax_estado-df"],"acf":[],"yoast_head":"<!-- This site is optimized with the Yoast SEO Premium plugin v27.2 (Yoast SEO v27.2) - https:\/\/yoast.com\/product\/yoast-seo-premium-wordpress\/ -->\n<title>Concurso PCDF: Confira os recursos da prova de Agente<\/title>\n<meta name=\"description\" content=\"Confira em nosso site alguns poss\u00edveis recursos para serem interpostos contra o gabarito preliminar da prova PCDF de Agente.\" \/>\n<meta name=\"robots\" content=\"index, follow, max-snippet:-1, max-image-preview:large, max-video-preview:-1\" \/>\n<link rel=\"canonical\" href=\"https:\/\/www.estrategiaconcursos.com.br\/blog\/concurso-pcdf-recursos-prova-agente\/\" \/>\n<meta property=\"og:locale\" content=\"pt_BR\" \/>\n<meta property=\"og:type\" content=\"article\" \/>\n<meta property=\"og:title\" content=\"Concurso PCDF: Confira os recursos da prova de Agente\" \/>\n<meta property=\"og:description\" content=\"Confira em nosso site alguns poss\u00edveis recursos para serem interpostos contra o gabarito preliminar da prova PCDF de Agente.\" \/>\n<meta property=\"og:url\" content=\"https:\/\/www.estrategiaconcursos.com.br\/blog\/concurso-pcdf-recursos-prova-agente\/\" \/>\n<meta property=\"og:site_name\" content=\"Estrat\u00e9gia Concursos\" \/>\n<meta property=\"article:author\" content=\"https:\/\/www.facebook.com\/EstrategiaConcursos\" \/>\n<meta property=\"article:published_time\" content=\"2021-08-25T13:26:05+00:00\" \/>\n<meta property=\"article:modified_time\" content=\"2021-08-26T13:12:50+00:00\" \/>\n<meta property=\"og:image\" content=\"https:\/\/dhg1h5j42swfq.cloudfront.net\/2021\/05\/31162924\/pc-df.jpg\" \/>\n\t<meta property=\"og:image:width\" content=\"768\" \/>\n\t<meta property=\"og:image:height\" content=\"432\" \/>\n\t<meta property=\"og:image:type\" content=\"image\/jpeg\" \/>\n<meta name=\"author\" content=\"Coordena\u00e7\u00e3o\" \/>\n<meta name=\"twitter:card\" content=\"summary_large_image\" \/>\n<meta name=\"twitter:creator\" content=\"@EstratConcursos\" \/>\n<meta name=\"twitter:site\" content=\"@EstratConcursos\" \/>\n<meta name=\"twitter:label1\" content=\"Escrito por\" \/>\n\t<meta name=\"twitter:data1\" content=\"Coordena\u00e7\u00e3o\" \/>\n\t<meta name=\"twitter:label2\" content=\"Est. tempo de leitura\" \/>\n\t<meta name=\"twitter:data2\" content=\"22 minutos\" \/>\n<script type=\"application\/ld+json\" class=\"yoast-schema-graph\">{\"@context\":\"https:\/\/schema.org\",\"@graph\":[{\"@type\":\"NewsArticle\",\"@id\":\"https:\/\/www.estrategiaconcursos.com.br\/blog\/concurso-pcdf-recursos-prova-agente\/#article\",\"isPartOf\":{\"@id\":\"https:\/\/www.estrategiaconcursos.com.br\/blog\/concurso-pcdf-recursos-prova-agente\/\"},\"author\":{\"name\":\"Coordena\u00e7\u00e3o\",\"@id\":\"https:\/\/www.estrategiaconcursos.com.br\/blog\/#\/schema\/person\/b4a388c97673c5f483d72185668afa1f\"},\"headline\":\"Concurso PCDF: Confira os recursos da prova de Agente\",\"datePublished\":\"2021-08-25T13:26:05+00:00\",\"dateModified\":\"2021-08-26T13:12:50+00:00\",\"mainEntityOfPage\":{\"@id\":\"https:\/\/www.estrategiaconcursos.com.br\/blog\/concurso-pcdf-recursos-prova-agente\/\"},\"wordCount\":5433,\"commentCount\":0,\"publisher\":{\"@id\":\"https:\/\/www.estrategiaconcursos.com.br\/blog\/#organization\"},\"image\":{\"@id\":\"https:\/\/www.estrategiaconcursos.com.br\/blog\/concurso-pcdf-recursos-prova-agente\/#primaryimage\"},\"thumbnailUrl\":\"https:\/\/dhg1h5j42swfq.cloudfront.net\/2021\/05\/31162924\/pc-df.jpg\",\"articleSection\":[\"Policial (Agente, Escriv\u00e3o e Investigador)\"],\"inLanguage\":\"pt-BR\",\"potentialAction\":[{\"@type\":\"CommentAction\",\"name\":\"Comment\",\"target\":[\"https:\/\/www.estrategiaconcursos.com.br\/blog\/concurso-pcdf-recursos-prova-agente\/#respond\"]}],\"copyrightYear\":\"2021\",\"copyrightHolder\":{\"@id\":\"https:\/\/www.estrategiaconcursos.com.br\/blog\/#organization\"}},{\"@type\":\"WebPage\",\"@id\":\"https:\/\/www.estrategiaconcursos.com.br\/blog\/concurso-pcdf-recursos-prova-agente\/\",\"url\":\"https:\/\/www.estrategiaconcursos.com.br\/blog\/concurso-pcdf-recursos-prova-agente\/\",\"name\":\"Concurso PCDF: Confira os recursos da prova de Agente\",\"isPartOf\":{\"@id\":\"https:\/\/www.estrategiaconcursos.com.br\/blog\/#website\"},\"primaryImageOfPage\":{\"@id\":\"https:\/\/www.estrategiaconcursos.com.br\/blog\/concurso-pcdf-recursos-prova-agente\/#primaryimage\"},\"image\":{\"@id\":\"https:\/\/www.estrategiaconcursos.com.br\/blog\/concurso-pcdf-recursos-prova-agente\/#primaryimage\"},\"thumbnailUrl\":\"https:\/\/dhg1h5j42swfq.cloudfront.net\/2021\/05\/31162924\/pc-df.jpg\",\"datePublished\":\"2021-08-25T13:26:05+00:00\",\"dateModified\":\"2021-08-26T13:12:50+00:00\",\"description\":\"Confira em nosso site alguns poss\u00edveis recursos para serem interpostos contra o gabarito preliminar da prova PCDF de Agente.\",\"breadcrumb\":{\"@id\":\"https:\/\/www.estrategiaconcursos.com.br\/blog\/concurso-pcdf-recursos-prova-agente\/#breadcrumb\"},\"inLanguage\":\"pt-BR\",\"potentialAction\":[{\"@type\":\"ReadAction\",\"target\":[\"https:\/\/www.estrategiaconcursos.com.br\/blog\/concurso-pcdf-recursos-prova-agente\/\"]}]},{\"@type\":\"ImageObject\",\"inLanguage\":\"pt-BR\",\"@id\":\"https:\/\/www.estrategiaconcursos.com.br\/blog\/concurso-pcdf-recursos-prova-agente\/#primaryimage\",\"url\":\"https:\/\/dhg1h5j42swfq.cloudfront.net\/2021\/05\/31162924\/pc-df.jpg\",\"contentUrl\":\"https:\/\/dhg1h5j42swfq.cloudfront.net\/2021\/05\/31162924\/pc-df.jpg\",\"width\":768,\"height\":432,\"caption\":\"concurso pcdf\"},{\"@type\":\"BreadcrumbList\",\"@id\":\"https:\/\/www.estrategiaconcursos.com.br\/blog\/concurso-pcdf-recursos-prova-agente\/#breadcrumb\",\"itemListElement\":[{\"@type\":\"ListItem\",\"position\":1,\"name\":\"In\u00edcio\",\"item\":\"https:\/\/www.estrategiaconcursos.com.br\/blog\/\"},{\"@type\":\"ListItem\",\"position\":2,\"name\":\"Concurso PCDF: Confira os recursos da prova de Agente\"}]},{\"@type\":\"WebSite\",\"@id\":\"https:\/\/www.estrategiaconcursos.com.br\/blog\/#website\",\"url\":\"https:\/\/www.estrategiaconcursos.com.br\/blog\/\",\"name\":\"Estrat\u00e9gia Concursos\",\"description\":\"O blog da Estrat\u00e9gia Concursos traz not\u00edcias sobre concursos e artigos de professores oferecendo cursos para concursos (pdf + videaulas) no site.\",\"publisher\":{\"@id\":\"https:\/\/www.estrategiaconcursos.com.br\/blog\/#organization\"},\"potentialAction\":[{\"@type\":\"SearchAction\",\"target\":{\"@type\":\"EntryPoint\",\"urlTemplate\":\"https:\/\/www.estrategiaconcursos.com.br\/blog\/?s={search_term_string}\"},\"query-input\":{\"@type\":\"PropertyValueSpecification\",\"valueRequired\":true,\"valueName\":\"search_term_string\"}}],\"inLanguage\":\"pt-BR\"},{\"@type\":\"Organization\",\"@id\":\"https:\/\/www.estrategiaconcursos.com.br\/blog\/#organization\",\"name\":\"Estrat\u00e9gia Concursos\",\"url\":\"https:\/\/www.estrategiaconcursos.com.br\/blog\/\",\"logo\":{\"@type\":\"ImageObject\",\"inLanguage\":\"pt-BR\",\"@id\":\"https:\/\/www.estrategiaconcursos.com.br\/blog\/#\/schema\/logo\/image\/\",\"url\":\"https:\/\/dhg1h5j42swfq.cloudfront.net\/2025\/06\/03203428\/logo_concursos-1.jpg\",\"contentUrl\":\"https:\/\/dhg1h5j42swfq.cloudfront.net\/2025\/06\/03203428\/logo_concursos-1.jpg\",\"width\":230,\"height\":60,\"caption\":\"Estrat\u00e9gia Concursos\"},\"image\":{\"@id\":\"https:\/\/www.estrategiaconcursos.com.br\/blog\/#\/schema\/logo\/image\/\"},\"sameAs\":[\"https:\/\/x.com\/EstratConcursos\"]},{\"@type\":\"Person\",\"@id\":\"https:\/\/www.estrategiaconcursos.com.br\/blog\/#\/schema\/person\/b4a388c97673c5f483d72185668afa1f\",\"name\":\"Coordena\u00e7\u00e3o\",\"image\":{\"@type\":\"ImageObject\",\"inLanguage\":\"pt-BR\",\"@id\":\"https:\/\/secure.gravatar.com\/avatar\/b720319e4c9a967eb58678d110f4fe35452fc5d5f97b202bac7b8acceb18c6ad?s=96&d=mm&r=g\",\"url\":\"https:\/\/secure.gravatar.com\/avatar\/b720319e4c9a967eb58678d110f4fe35452fc5d5f97b202bac7b8acceb18c6ad?s=96&d=mm&r=g\",\"contentUrl\":\"https:\/\/secure.gravatar.com\/avatar\/b720319e4c9a967eb58678d110f4fe35452fc5d5f97b202bac7b8acceb18c6ad?s=96&d=mm&r=g\",\"caption\":\"Coordena\u00e7\u00e3o\"},\"sameAs\":[\"https:\/\/www.facebook.com\/EstrategiaConcursos\",\"https:\/\/x.com\/EstratConcursos\"],\"url\":\"https:\/\/www.estrategiaconcursos.com.br\/blog\/author\/estrategia2013\/\"}]}<\/script>\n<!-- \/ Yoast SEO Premium plugin. -->","yoast_head_json":{"title":"Concurso PCDF: Confira os recursos da prova de Agente","description":"Confira em nosso site alguns poss\u00edveis recursos para serem interpostos contra o gabarito preliminar da prova PCDF de Agente.","robots":{"index":"index","follow":"follow","max-snippet":"max-snippet:-1","max-image-preview":"max-image-preview:large","max-video-preview":"max-video-preview:-1"},"canonical":"https:\/\/www.estrategiaconcursos.com.br\/blog\/concurso-pcdf-recursos-prova-agente\/","og_locale":"pt_BR","og_type":"article","og_title":"Concurso PCDF: Confira os recursos da prova de Agente","og_description":"Confira em nosso site alguns poss\u00edveis recursos para serem interpostos contra o gabarito preliminar da prova PCDF de Agente.","og_url":"https:\/\/www.estrategiaconcursos.com.br\/blog\/concurso-pcdf-recursos-prova-agente\/","og_site_name":"Estrat\u00e9gia Concursos","article_author":"https:\/\/www.facebook.com\/EstrategiaConcursos","article_published_time":"2021-08-25T13:26:05+00:00","article_modified_time":"2021-08-26T13:12:50+00:00","og_image":[{"width":768,"height":432,"url":"https:\/\/dhg1h5j42swfq.cloudfront.net\/2021\/05\/31162924\/pc-df.jpg","type":"image\/jpeg"}],"author":"Coordena\u00e7\u00e3o","twitter_card":"summary_large_image","twitter_creator":"@EstratConcursos","twitter_site":"@EstratConcursos","twitter_misc":{"Escrito por":"Coordena\u00e7\u00e3o","Est. tempo de leitura":"22 minutos"},"schema":{"@context":"https:\/\/schema.org","@graph":[{"@type":"NewsArticle","@id":"https:\/\/www.estrategiaconcursos.com.br\/blog\/concurso-pcdf-recursos-prova-agente\/#article","isPartOf":{"@id":"https:\/\/www.estrategiaconcursos.com.br\/blog\/concurso-pcdf-recursos-prova-agente\/"},"author":{"name":"Coordena\u00e7\u00e3o","@id":"https:\/\/www.estrategiaconcursos.com.br\/blog\/#\/schema\/person\/b4a388c97673c5f483d72185668afa1f"},"headline":"Concurso PCDF: Confira os recursos da prova de Agente","datePublished":"2021-08-25T13:26:05+00:00","dateModified":"2021-08-26T13:12:50+00:00","mainEntityOfPage":{"@id":"https:\/\/www.estrategiaconcursos.com.br\/blog\/concurso-pcdf-recursos-prova-agente\/"},"wordCount":5433,"commentCount":0,"publisher":{"@id":"https:\/\/www.estrategiaconcursos.com.br\/blog\/#organization"},"image":{"@id":"https:\/\/www.estrategiaconcursos.com.br\/blog\/concurso-pcdf-recursos-prova-agente\/#primaryimage"},"thumbnailUrl":"https:\/\/dhg1h5j42swfq.cloudfront.net\/2021\/05\/31162924\/pc-df.jpg","articleSection":["Policial (Agente, Escriv\u00e3o e Investigador)"],"inLanguage":"pt-BR","potentialAction":[{"@type":"CommentAction","name":"Comment","target":["https:\/\/www.estrategiaconcursos.com.br\/blog\/concurso-pcdf-recursos-prova-agente\/#respond"]}],"copyrightYear":"2021","copyrightHolder":{"@id":"https:\/\/www.estrategiaconcursos.com.br\/blog\/#organization"}},{"@type":"WebPage","@id":"https:\/\/www.estrategiaconcursos.com.br\/blog\/concurso-pcdf-recursos-prova-agente\/","url":"https:\/\/www.estrategiaconcursos.com.br\/blog\/concurso-pcdf-recursos-prova-agente\/","name":"Concurso PCDF: Confira os recursos da prova de Agente","isPartOf":{"@id":"https:\/\/www.estrategiaconcursos.com.br\/blog\/#website"},"primaryImageOfPage":{"@id":"https:\/\/www.estrategiaconcursos.com.br\/blog\/concurso-pcdf-recursos-prova-agente\/#primaryimage"},"image":{"@id":"https:\/\/www.estrategiaconcursos.com.br\/blog\/concurso-pcdf-recursos-prova-agente\/#primaryimage"},"thumbnailUrl":"https:\/\/dhg1h5j42swfq.cloudfront.net\/2021\/05\/31162924\/pc-df.jpg","datePublished":"2021-08-25T13:26:05+00:00","dateModified":"2021-08-26T13:12:50+00:00","description":"Confira em nosso site alguns poss\u00edveis recursos para serem interpostos contra o gabarito preliminar da prova PCDF de Agente.","breadcrumb":{"@id":"https:\/\/www.estrategiaconcursos.com.br\/blog\/concurso-pcdf-recursos-prova-agente\/#breadcrumb"},"inLanguage":"pt-BR","potentialAction":[{"@type":"ReadAction","target":["https:\/\/www.estrategiaconcursos.com.br\/blog\/concurso-pcdf-recursos-prova-agente\/"]}]},{"@type":"ImageObject","inLanguage":"pt-BR","@id":"https:\/\/www.estrategiaconcursos.com.br\/blog\/concurso-pcdf-recursos-prova-agente\/#primaryimage","url":"https:\/\/dhg1h5j42swfq.cloudfront.net\/2021\/05\/31162924\/pc-df.jpg","contentUrl":"https:\/\/dhg1h5j42swfq.cloudfront.net\/2021\/05\/31162924\/pc-df.jpg","width":768,"height":432,"caption":"concurso pcdf"},{"@type":"BreadcrumbList","@id":"https:\/\/www.estrategiaconcursos.com.br\/blog\/concurso-pcdf-recursos-prova-agente\/#breadcrumb","itemListElement":[{"@type":"ListItem","position":1,"name":"In\u00edcio","item":"https:\/\/www.estrategiaconcursos.com.br\/blog\/"},{"@type":"ListItem","position":2,"name":"Concurso PCDF: Confira os recursos da prova de Agente"}]},{"@type":"WebSite","@id":"https:\/\/www.estrategiaconcursos.com.br\/blog\/#website","url":"https:\/\/www.estrategiaconcursos.com.br\/blog\/","name":"Estrat\u00e9gia Concursos","description":"O blog da Estrat\u00e9gia Concursos traz not\u00edcias sobre concursos e artigos de professores oferecendo cursos para concursos (pdf + videaulas) no site.","publisher":{"@id":"https:\/\/www.estrategiaconcursos.com.br\/blog\/#organization"},"potentialAction":[{"@type":"SearchAction","target":{"@type":"EntryPoint","urlTemplate":"https:\/\/www.estrategiaconcursos.com.br\/blog\/?s={search_term_string}"},"query-input":{"@type":"PropertyValueSpecification","valueRequired":true,"valueName":"search_term_string"}}],"inLanguage":"pt-BR"},{"@type":"Organization","@id":"https:\/\/www.estrategiaconcursos.com.br\/blog\/#organization","name":"Estrat\u00e9gia Concursos","url":"https:\/\/www.estrategiaconcursos.com.br\/blog\/","logo":{"@type":"ImageObject","inLanguage":"pt-BR","@id":"https:\/\/www.estrategiaconcursos.com.br\/blog\/#\/schema\/logo\/image\/","url":"https:\/\/dhg1h5j42swfq.cloudfront.net\/2025\/06\/03203428\/logo_concursos-1.jpg","contentUrl":"https:\/\/dhg1h5j42swfq.cloudfront.net\/2025\/06\/03203428\/logo_concursos-1.jpg","width":230,"height":60,"caption":"Estrat\u00e9gia Concursos"},"image":{"@id":"https:\/\/www.estrategiaconcursos.com.br\/blog\/#\/schema\/logo\/image\/"},"sameAs":["https:\/\/x.com\/EstratConcursos"]},{"@type":"Person","@id":"https:\/\/www.estrategiaconcursos.com.br\/blog\/#\/schema\/person\/b4a388c97673c5f483d72185668afa1f","name":"Coordena\u00e7\u00e3o","image":{"@type":"ImageObject","inLanguage":"pt-BR","@id":"https:\/\/secure.gravatar.com\/avatar\/b720319e4c9a967eb58678d110f4fe35452fc5d5f97b202bac7b8acceb18c6ad?s=96&d=mm&r=g","url":"https:\/\/secure.gravatar.com\/avatar\/b720319e4c9a967eb58678d110f4fe35452fc5d5f97b202bac7b8acceb18c6ad?s=96&d=mm&r=g","contentUrl":"https:\/\/secure.gravatar.com\/avatar\/b720319e4c9a967eb58678d110f4fe35452fc5d5f97b202bac7b8acceb18c6ad?s=96&d=mm&r=g","caption":"Coordena\u00e7\u00e3o"},"sameAs":["https:\/\/www.facebook.com\/EstrategiaConcursos","https:\/\/x.com\/EstratConcursos"],"url":"https:\/\/www.estrategiaconcursos.com.br\/blog\/author\/estrategia2013\/"}]}},"_links":{"self":[{"href":"https:\/\/www.estrategiaconcursos.com.br\/blog\/wp-json\/wp\/v2\/posts\/845189","targetHints":{"allow":["GET"]}}],"collection":[{"href":"https:\/\/www.estrategiaconcursos.com.br\/blog\/wp-json\/wp\/v2\/posts"}],"about":[{"href":"https:\/\/www.estrategiaconcursos.com.br\/blog\/wp-json\/wp\/v2\/types\/post"}],"author":[{"embeddable":true,"href":"https:\/\/www.estrategiaconcursos.com.br\/blog\/wp-json\/wp\/v2\/users\/1"}],"replies":[{"embeddable":true,"href":"https:\/\/www.estrategiaconcursos.com.br\/blog\/wp-json\/wp\/v2\/comments?post=845189"}],"version-history":[{"count":8,"href":"https:\/\/www.estrategiaconcursos.com.br\/blog\/wp-json\/wp\/v2\/posts\/845189\/revisions"}],"predecessor-version":[{"id":846117,"href":"https:\/\/www.estrategiaconcursos.com.br\/blog\/wp-json\/wp\/v2\/posts\/845189\/revisions\/846117"}],"wp:featuredmedia":[{"embeddable":true,"href":"https:\/\/www.estrategiaconcursos.com.br\/blog\/wp-json\/wp\/v2\/media\/756189"}],"wp:attachment":[{"href":"https:\/\/www.estrategiaconcursos.com.br\/blog\/wp-json\/wp\/v2\/media?parent=845189"}],"wp:term":[{"taxonomy":"category","embeddable":true,"href":"https:\/\/www.estrategiaconcursos.com.br\/blog\/wp-json\/wp\/v2\/categories?post=845189"},{"taxonomy":"post_tag","embeddable":true,"href":"https:\/\/www.estrategiaconcursos.com.br\/blog\/wp-json\/wp\/v2\/tags?post=845189"},{"taxonomy":"tax_estado","embeddable":true,"href":"https:\/\/www.estrategiaconcursos.com.br\/blog\/wp-json\/wp\/v2\/tax_estado?post=845189"}],"curies":[{"name":"wp","href":"https:\/\/api.w.org\/{rel}","templated":true}]}}