{"id":845178,"date":"2021-08-28T06:30:00","date_gmt":"2021-08-28T09:30:00","guid":{"rendered":"https:\/\/www.estrategiaconcursos.com.br\/blog\/?p=845178"},"modified":"2021-08-27T17:05:09","modified_gmt":"2021-08-27T20:05:09","slug":"revisao-de-vespera-pg-df-tecnico-juridico","status":"publish","type":"post","link":"https:\/\/www.estrategiaconcursos.com.br\/blog\/revisao-de-vespera-pg-df-tecnico-juridico\/","title":{"rendered":"Revis\u00e3o de V\u00e9spera PG DF para o cargo de T\u00e9cnico Jur\u00eddico"},"content":{"rendered":"\n<h3 class=\"wp-block-heading\" id=\"h-revis-o-aborda-a-especialidade-apoio-administrativo\">Revis\u00e3o aborda a Especialidade: Apoio Administrativo<\/h3>\n\n\n\n<p>A<strong> revis\u00e3o de v\u00e9spera do concurso PG DF<\/strong> \u00e9 primordial para que voc\u00ea reforce os conte\u00fados das principais disciplinas. O evento acontece neste s\u00e1bado, 28 de agosto de 2021, a partir das 07:00. Confira abaixo: <\/p>\n\n\n\n<h3 class=\"wp-block-heading\" id=\"h-revis-o-de-v-spera-pg-df-cronograma\">Revis\u00e3o de V\u00e9spera PG DF: Cronograma<\/h3>\n\n\n\n<figure class=\"wp-block-table is-style-stripes\"><table class=\"has-background\" style=\"background-color:#fcf0ef\"><tbody><tr><td class=\"has-text-align-center\" data-align=\"center\"><strong>Hor\u00e1rio<\/strong><\/td><td class=\"has-text-align-center\" data-align=\"center\"><strong>Disciplina<\/strong><\/td><td class=\"has-text-align-center\" data-align=\"center\"><strong>Professor<\/strong><\/td><\/tr><tr><td class=\"has-text-align-center\" data-align=\"center\"><strong><\/strong><strong>06h45 \u00e0s 07h15<\/strong><\/td><td class=\"has-text-align-center\" data-align=\"center\"><strong>LODF<\/strong><\/td><td class=\"has-text-align-center\" data-align=\"center\"><strong>Rodrigo Francelino<\/strong><\/td><\/tr><tr><td class=\"has-text-align-center\" data-align=\"center\"><strong><\/strong><strong>07h15 \u00e0s 08h<\/strong><\/td><td class=\"has-text-align-center\" data-align=\"center\"><strong>Regime Jur\u00eddico dos Servidores P\u00fablicos Civis do Distrito Federal<\/strong><\/td><td class=\"has-text-align-center\" data-align=\"center\"><strong>Herbert Almeida<\/strong><\/td><\/tr><tr><td class=\"has-text-align-center\" data-align=\"center\"><strong><\/strong><strong>08h \u00e0s 8h30<\/strong><\/td><td class=\"has-text-align-center\" data-align=\"center\"><strong><\/strong><strong>Decretos Distritais<\/strong><\/td><td class=\"has-text-align-center\" data-align=\"center\"><strong>Marcos Gir\u00e3o<\/strong><\/td><\/tr><tr><td class=\"has-text-align-center\" data-align=\"center\"><strong><\/strong><strong>8h30 \u00e0s 9h30<\/strong><\/td><td class=\"has-text-align-center\" data-align=\"center\"><strong>Portugu\u00eas<\/strong><\/td><td class=\"has-text-align-center\" data-align=\"center\"><strong>Adriana Figueiredo<\/strong><\/td><\/tr><tr><td class=\"has-text-align-center\" data-align=\"center\"><strong>09h30 \u00e0s 10h30<\/strong><\/td><td class=\"has-text-align-center\" data-align=\"center\"><strong>Conhecimentos Sobre o DF<\/strong><\/td><td class=\"has-text-align-center\" data-align=\"center\"><strong>Leandro Signori<\/strong><\/td><\/tr><tr><td class=\"has-text-align-center\" data-align=\"center\"><strong>10h30 \u00e0s 11h30<\/strong><\/td><td class=\"has-text-align-center\" data-align=\"center\"><strong>No\u00e7\u00f5es de Administra\u00e7\u00e3o<\/strong><\/td><td class=\"has-text-align-center\" data-align=\"center\"><strong>Stefan Fantini<\/strong><\/td><\/tr><tr><td class=\"has-text-align-center\" data-align=\"center\"><strong>11h30 \u00e0s 13h<\/strong><\/td><td class=\"has-text-align-center\" data-align=\"center\"><strong>AFO e Or\u00e7amento P\u00fablico<\/strong><\/td><td class=\"has-text-align-center\" data-align=\"center\"><strong>Luciana Marinho<\/strong><\/td><\/tr><tr><td class=\"has-text-align-center\" data-align=\"center\"><strong>13h \u00e0s 14h15<\/strong><\/td><td class=\"has-text-align-center\" data-align=\"center\"><strong>No\u00e7\u00f5es De Arquivologia<\/strong><\/td><td class=\"has-text-align-center\" data-align=\"center\"><strong>Ricardo Campan\u00e1rio<\/strong><\/td><\/tr><tr><td class=\"has-text-align-center\" data-align=\"center\"><strong>14h15 \u00e0s 15h30<\/strong><\/td><td class=\"has-text-align-center\" data-align=\"center\"><strong>No\u00e7\u00f5es De Recursos Materiais<\/strong><\/td><td class=\"has-text-align-center\" data-align=\"center\"><strong>Heron Lemos<\/strong><\/td><\/tr><tr><td class=\"has-text-align-center\" data-align=\"center\"><strong>15h30 \u00e0s 16h30<\/strong><\/td><td class=\"has-text-align-center\" data-align=\"center\"><strong>\u00a0Direito Administrativo<\/strong><\/td><td class=\"has-text-align-center\" data-align=\"center\"><strong>Ant\u00f4nio Daud<\/strong><\/td><\/tr><\/tbody><\/table><\/figure>\n\n\n\n<h3 class=\"wp-block-heading\" id=\"h-revis-o-de-v-spera-pg-df-evento-ao-vivo\">Revis\u00e3o de V\u00e9spera PG DF: Evento ao vivo <\/h3>\n\n\n\n<p class=\"has-text-align-center\"><a href=\"https:\/\/www.youtube.com\/c\/EstrategiaConcursosBrasil\/videos?view=2&amp;live_view=502\" target=\"_blank\" rel=\"noreferrer noopener\">ASSISTA AO VIVO AQUI!<\/a><\/p>\n\n\n\n<h3 class=\"wp-block-heading\" id=\"h-revis-o-de-v-spera-pg-df-curiosidades\">Revis\u00e3o de V\u00e9spera PG DF: Curiosidades<\/h3>\n\n\n\n<p>O edital do concurso PGDF trouxe a remunera\u00e7\u00e3o inicial de R$ 4.720,00 para uma jornada de 40 horas semanais.<\/p>\n\n\n\n<figure class=\"wp-block-table is-style-stripes\"><table class=\"has-background\" style=\"background-color:#e7f5fe\"><tbody><tr><td class=\"has-text-align-center\" data-align=\"center\">Classe\/ Padr\u00e3o<\/td><td class=\"has-text-align-center\" data-align=\"center\">Venc. B\u00e1sico\/30h<\/td><td class=\"has-text-align-center\" data-align=\"center\">Venc. B\u00e1sico\/40h<\/td><\/tr><tr><td class=\"has-text-align-center\" data-align=\"center\">Especial\/ V<\/td><td class=\"has-text-align-center\" data-align=\"center\">4.405,00<\/td><td class=\"has-text-align-center\" data-align=\"center\">5.873,33<\/td><\/tr><tr><td class=\"has-text-align-center\" data-align=\"center\">Especial\/ IV<\/td><td class=\"has-text-align-center\" data-align=\"center\">4.361,38<\/td><td class=\"has-text-align-center\" data-align=\"center\">5.815,18<\/td><\/tr><tr><td class=\"has-text-align-center\" data-align=\"center\">Especial\/ III<\/td><td class=\"has-text-align-center\" data-align=\"center\">4.318,20<\/td><td class=\"has-text-align-center\" data-align=\"center\">5.757,60<\/td><\/tr><tr><td class=\"has-text-align-center\" data-align=\"center\">Especial\/ II<\/td><td class=\"has-text-align-center\" data-align=\"center\">4.275,45<\/td><td class=\"has-text-align-center\" data-align=\"center\">5.700,60<\/td><\/tr><tr><td class=\"has-text-align-center\" data-align=\"center\">Especial\/ I<\/td><td class=\"has-text-align-center\" data-align=\"center\">4.233,12<\/td><td class=\"has-text-align-center\" data-align=\"center\">5.644,16<\/td><\/tr><tr><td class=\"has-text-align-center\" data-align=\"center\">Primeira\/ V<\/td><td class=\"has-text-align-center\" data-align=\"center\">4.150,11<\/td><td class=\"has-text-align-center\" data-align=\"center\">5.533,49<\/td><\/tr><tr><td class=\"has-text-align-center\" data-align=\"center\">Primeira\/ IV<\/td><td class=\"has-text-align-center\" data-align=\"center\">4.109,02<\/td><td class=\"has-text-align-center\" data-align=\"center\">5.478,70<\/td><\/tr><tr><td class=\"has-text-align-center\" data-align=\"center\">Primeira\/ III<\/td><td class=\"has-text-align-center\" data-align=\"center\">4.068,34<\/td><td class=\"has-text-align-center\" data-align=\"center\">5.478,70<\/td><\/tr><tr><td class=\"has-text-align-center\" data-align=\"center\">Primeira\/ II<\/td><td class=\"has-text-align-center\" data-align=\"center\">4.028,06<\/td><td class=\"has-text-align-center\" data-align=\"center\">5.370,75<\/td><\/tr><tr><td class=\"has-text-align-center\" data-align=\"center\">Primeira\/ I<\/td><td class=\"has-text-align-center\" data-align=\"center\">3.988,18<\/td><td class=\"has-text-align-center\" data-align=\"center\">5.370,75<\/td><\/tr><tr><td class=\"has-text-align-center\" data-align=\"center\">Segunda\/ V<\/td><td class=\"has-text-align-center\" data-align=\"center\">3.909,98<\/td><td class=\"has-text-align-center\" data-align=\"center\">5.213,31<\/td><\/tr><tr><td class=\"has-text-align-center\" data-align=\"center\">Segunda\/ IV<\/td><td class=\"has-text-align-center\" data-align=\"center\">3.871,27<\/td><td class=\"has-text-align-center\" data-align=\"center\">5.213,31<\/td><\/tr><tr><td class=\"has-text-align-center\" data-align=\"center\">Segunda\/ III<\/td><td class=\"has-text-align-center\" data-align=\"center\">3.832,94<\/td><td class=\"has-text-align-center\" data-align=\"center\">5.213,31<\/td><\/tr><tr><td class=\"has-text-align-center\" data-align=\"center\">Segunda\/ II<\/td><td class=\"has-text-align-center\" data-align=\"center\">3.794,99<\/td><td class=\"has-text-align-center\" data-align=\"center\">5.213,31<\/td><\/tr><tr><td class=\"has-text-align-center\" data-align=\"center\">Segunda\/ I<\/td><td class=\"has-text-align-center\" data-align=\"center\">3.757,41<\/td><td class=\"has-text-align-center\" data-align=\"center\">5.213,31<\/td><\/tr><tr><td class=\"has-text-align-center\" data-align=\"center\">Terceira\/ V<\/td><td class=\"has-text-align-center\" data-align=\"center\">3.683,74<\/td><td class=\"has-text-align-center\" data-align=\"center\">5.213,31<\/td><\/tr><tr><td class=\"has-text-align-center\" data-align=\"center\">Terceira\/ IV<\/td><td class=\"has-text-align-center\" data-align=\"center\">3.647,27<\/td><td class=\"has-text-align-center\" data-align=\"center\">5.213,31<\/td><\/tr><tr><td class=\"has-text-align-center\" data-align=\"center\">Terceira\/ III<\/td><td class=\"has-text-align-center\" data-align=\"center\">3.611,15<\/td><td class=\"has-text-align-center\" data-align=\"center\">5.213,31<\/td><\/tr><tr><td class=\"has-text-align-center\" data-align=\"center\">Terceira\/ II<\/td><td class=\"has-text-align-center\" data-align=\"center\">3.575,40<\/td><td class=\"has-text-align-center\" data-align=\"center\">5.213,31<\/td><\/tr><tr><td class=\"has-text-align-center\" data-align=\"center\">Terceira\/ I<\/td><td class=\"has-text-align-center\" data-align=\"center\">3.540,00<\/td><td class=\"has-text-align-center\" data-align=\"center\">4.720,00<\/td><\/tr><\/tbody><\/table><\/figure>\n\n\n\n<p class=\"has-text-align-center\"><strong>Saiba mais: <a href=\"https:\/\/www.estrategiaconcursos.com.br\/blog\/concurso-pgdf-2020\/\" target=\"_blank\" rel=\"noreferrer noopener\">Concurso PGDF<\/a><\/strong><\/p>\n\n\n\n<p class=\"has-text-align-center\"><a href=\"https:\/\/www.youtube.com\/channel\/UChvwkhC3eHxJsVxW_ItDjdA\" target=\"_blank\" rel=\"noreferrer noopener\"><strong>Youtube &#8211; Estrat\u00e9gia Concursos <\/strong><\/a><\/p>\n\n\n\n<h3 class=\"wp-block-heading\" id=\"guia-de-estudos-pgdf\">Guia de Estudos para PGDF<\/h3>\n\n\n\n<p class=\"has-text-align-center has-cyan-bluish-gray-background-color has-background\" style=\"font-size:clamp(16.293px, 1.018rem + ((1vw - 3.2px) * 0.854), 25px);px\"><a href=\"https:\/\/www.estrategiaconcursos.com.br\/blog\/guia-de-estudos-para-pgdf-2020\/\" target=\"_blank\" rel=\"noreferrer noopener nofollow\"><strong>ACESSE: Guia de Estudos para PGDF<\/strong><\/a><\/p>\n\n\n\n<h2 class=\"has-text-align-center wp-block-heading\" id=\"cursos-assinatura\">Quer estudar para o concurso PGDF?<\/h2>\n\n\n\n<div class=\"container\" id=\"boxes\">\n  <div class=\"row\">\n\n    <div class=\"col-sm\">\n      <div class=\"banner-tribunal\" id=\"box-assinatura\">\n        <h3 class=\"titulo-assinatura\">Curso PGDF<\/h3>\n        <p class=\"subtitulo-assinatura\">Conhe\u00e7a os cursos<\/p>\n        <div class=\"box-botao\">\n          <a class=\"btn-assinatura\" target=\"_blank\" href=\"https:\/\/www.estrategiaconcursos.com.br\/cursosPorConcurso\/procuradoria-geral-do-distrito-federal-pg-df\/\" role=\"button\" rel=\"noopener noreferrer\">Conhe\u00e7a mais<\/a>\n        <\/div>\n      <\/div>\n      <p class=\"texto-auxiliar\">Prepare-se com o melhor material e com quem mais aprova em Concursos P\u00fablicos em todo o pa\u00eds.<\/p>\n    <\/div>\n\n  <\/div>\n<\/div>\n\n\n\n<div class=\"container\" id=\"boxes\">\n  <div class=\"row\">\n\n    <div class=\"col-sm\">\n      <div class=\"estrategia\" id=\"box-assinatura\">\n        <h3 class=\"titulo-assinatura\">Assinatura Concursos<\/h3>\n        <p class=\"subtitulo-assinatura\">Assinatura de 1 ano ou 2 anos<\/p>\n        <div class=\"box-botao\">\n          <a class=\"btn-assinatura\" target=\"_blank\" href=\"https:\/\/www.estrategiaconcursos.com.br\/assinaturas\/\" role=\"button\" rel=\"noopener noreferrer\">ASSINE AGORA<\/a>\n        <\/div>\n      <\/div>\n     \n    <\/div>\n\n    <div class=\"col-sm\">\n      <div class=\"questoes\" id=\"box-assinatura\">\n        <h3 class=\"titulo-assinatura\">Sistema de Quest\u00f5es<\/h3>\n        <p class=\"subtitulo-assinatura\">Assinatura de 1 ano ou 2 anos\n<\/p>\n        <div class=\"box-botao\">\n          <a class=\"btn-assinatura\" target=\"_blank\" href=\"https:\/\/questoes.estrategiaconcursos.com.br\/\" role=\"button\" rel=\"noopener noreferrer\">ASSINE AGORA<\/a>\n        <\/div>\n      <\/div>\n    \n    <\/div>\n  <\/div>\n<\/div>\n\n\n\n<div class=\"container\" id=\"boxes\">\n  <div class=\"row\">\n\n    <div class=\"col-sm\" id=\"boxes-concursos\">\n      <div style=\"background-color: #005DAD;\" class=\"conteudo-concursos\" id=\"box-concursos\">\n        <h3 class=\"titulo-assinatura\">Concursos Abertos<\/h3>\n        <p class=\"subtitulo-assinatura\">Os editais publicados<\/p>\n        <div class=\"box-botao\">\n          <a class=\"btn-assinatura\" target=\"_blank\" href=\"https:\/\/www.estrategiaconcursos.com.br\/blog\/concursos-abertos\/\" role=\"button\" rel=\"noopener noreferrer\">Conhe\u00e7a Agora<\/a>\n        <\/div>\n      <\/div>\n    <\/div>\n\n    <div class=\"col-sm\" id=\"boxes-concursos\">\n      <div style=\"background-color: #1A7ED5;\" class=\"conteudo-concursos\" id=\"box-concursos\">\n        <h3 class=\"titulo-assinatura\">Concursos 2021<\/h3>\n        <p class=\"subtitulo-assinatura\">As oportunidades previstas<\/p>\n        <div class=\"box-botao\">\n          <a class=\"btn-assinatura\" target=\"_blank\" href=\"https:\/\/www.estrategiaconcursos.com.br\/blog\/concursos-2021\/\" role=\"button\" rel=\"noopener noreferrer\">Conhe\u00e7a Agora<\/a>\n        <\/div>\n      <\/div>\n    <\/div>\n\n    <div class=\"col-sm\" id=\"boxes-concursos\">\n      <div style=\"background-color: #419FF0;\" class=\"conteudo-concursos\" id=\"box-concursos\">\n        <h3 class=\"titulo-assinatura\">Concursos 2022<\/h3>\n        <p class=\"subtitulo-assinatura\">Vagas para o pr\u00f3ximo ano<\/p>\n        <div class=\"box-botao\">\n          <a class=\"btn-assinatura\" target=\"_blank\" href=\"https:\/\/www.estrategiaconcursos.com.br\/blog\/concursos-2022\/\" role=\"button\" rel=\"noopener noreferrer\">Conhe\u00e7a Agora<\/a>\n        <\/div>\n      <\/div>\n    <\/div>\n\n  <\/div>\n<\/div>\n","protected":false},"excerpt":{"rendered":"<p>Revis\u00e3o aborda a Especialidade: Apoio Administrativo A revis\u00e3o de v\u00e9spera do concurso PG DF \u00e9 primordial para que voc\u00ea reforce os conte\u00fados das principais disciplinas. O evento acontece neste s\u00e1bado, 28 de agosto de 2021, a partir das 07:00. Confira abaixo: Revis\u00e3o de V\u00e9spera PG DF: Cronograma Hor\u00e1rio Disciplina Professor 06h45 \u00e0s 07h15 LODF Rodrigo [&hellip;]<\/p>\n","protected":false},"author":1,"featured_media":680959,"comment_status":"open","ping_status":"closed","sticky":false,"template":"","format":"standard","meta":{"post_tipo":"news_page","footnotes":""},"categories":[1984],"tags":[],"tax_estado":[219970],"class_list":["post-845178","post","type-post","status-publish","format-standard","has-post-thumbnail","hentry","category-tribunais","tax_estado-df"],"acf":[],"yoast_head":"<!-- This site is optimized with the Yoast SEO Premium plugin v27.2 (Yoast SEO v27.2) - https:\/\/yoast.com\/product\/yoast-seo-premium-wordpress\/ -->\n<title>Revis\u00e3o de V\u00e9spera PG DF para o cargo de T\u00e9cnico Jur\u00eddico<\/title>\n<meta name=\"description\" content=\"Revis\u00e3o de V\u00e9spera PG DF para o cargo de T\u00e9cnico Jur\u00eddico Especialidade: Apoio Administrativo. Saiba mais neste artigo!\" \/>\n<meta name=\"robots\" content=\"index, follow, max-snippet:-1, max-image-preview:large, max-video-preview:-1\" \/>\n<link rel=\"canonical\" href=\"https:\/\/www.estrategiaconcursos.com.br\/blog\/revisao-de-vespera-pg-df-tecnico-juridico\/\" \/>\n<meta property=\"og:locale\" content=\"pt_BR\" \/>\n<meta property=\"og:type\" content=\"article\" \/>\n<meta property=\"og:title\" content=\"Revis\u00e3o de V\u00e9spera PG DF para o cargo de T\u00e9cnico Jur\u00eddico\" \/>\n<meta property=\"og:description\" content=\"Revis\u00e3o de V\u00e9spera PG DF para o cargo de T\u00e9cnico Jur\u00eddico Especialidade: Apoio Administrativo. Saiba mais neste artigo!\" \/>\n<meta property=\"og:url\" content=\"https:\/\/www.estrategiaconcursos.com.br\/blog\/revisao-de-vespera-pg-df-tecnico-juridico\/\" \/>\n<meta property=\"og:site_name\" content=\"Estrat\u00e9gia Concursos\" \/>\n<meta property=\"article:author\" content=\"https:\/\/www.facebook.com\/EstrategiaConcursos\" \/>\n<meta property=\"article:published_time\" content=\"2021-08-28T09:30:00+00:00\" \/>\n<meta property=\"og:image\" content=\"https:\/\/dhg1h5j42swfq.cloudfront.net\/2021\/02\/26105813\/pgdf.jpg\" \/>\n\t<meta property=\"og:image:width\" content=\"1200\" \/>\n\t<meta property=\"og:image:height\" content=\"628\" \/>\n\t<meta property=\"og:image:type\" content=\"image\/jpeg\" \/>\n<meta name=\"author\" content=\"Coordena\u00e7\u00e3o\" \/>\n<meta name=\"twitter:card\" content=\"summary_large_image\" \/>\n<meta name=\"twitter:creator\" content=\"@EstratConcursos\" \/>\n<meta name=\"twitter:site\" content=\"@EstratConcursos\" \/>\n<meta name=\"twitter:label1\" content=\"Escrito por\" \/>\n\t<meta name=\"twitter:data1\" content=\"Coordena\u00e7\u00e3o\" \/>\n\t<meta name=\"twitter:label2\" content=\"Est. tempo de leitura\" \/>\n\t<meta name=\"twitter:data2\" content=\"2 minutos\" \/>\n<script type=\"application\/ld+json\" class=\"yoast-schema-graph\">{\"@context\":\"https:\/\/schema.org\",\"@graph\":[{\"@type\":\"NewsArticle\",\"@id\":\"https:\/\/www.estrategiaconcursos.com.br\/blog\/revisao-de-vespera-pg-df-tecnico-juridico\/#article\",\"isPartOf\":{\"@id\":\"https:\/\/www.estrategiaconcursos.com.br\/blog\/revisao-de-vespera-pg-df-tecnico-juridico\/\"},\"author\":{\"name\":\"Coordena\u00e7\u00e3o\",\"@id\":\"https:\/\/www.estrategiaconcursos.com.br\/blog\/#\/schema\/person\/b4a388c97673c5f483d72185668afa1f\"},\"headline\":\"Revis\u00e3o de V\u00e9spera PG DF para o cargo de T\u00e9cnico Jur\u00eddico\",\"datePublished\":\"2021-08-28T09:30:00+00:00\",\"mainEntityOfPage\":{\"@id\":\"https:\/\/www.estrategiaconcursos.com.br\/blog\/revisao-de-vespera-pg-df-tecnico-juridico\/\"},\"wordCount\":354,\"commentCount\":0,\"publisher\":{\"@id\":\"https:\/\/www.estrategiaconcursos.com.br\/blog\/#organization\"},\"image\":{\"@id\":\"https:\/\/www.estrategiaconcursos.com.br\/blog\/revisao-de-vespera-pg-df-tecnico-juridico\/#primaryimage\"},\"thumbnailUrl\":\"https:\/\/dhg1h5j42swfq.cloudfront.net\/2021\/02\/26105813\/pgdf.jpg\",\"articleSection\":[\"Tribunais\"],\"inLanguage\":\"pt-BR\",\"potentialAction\":[{\"@type\":\"CommentAction\",\"name\":\"Comment\",\"target\":[\"https:\/\/www.estrategiaconcursos.com.br\/blog\/revisao-de-vespera-pg-df-tecnico-juridico\/#respond\"]}],\"copyrightYear\":\"2021\",\"copyrightHolder\":{\"@id\":\"https:\/\/www.estrategiaconcursos.com.br\/blog\/#organization\"}},{\"@type\":\"WebPage\",\"@id\":\"https:\/\/www.estrategiaconcursos.com.br\/blog\/revisao-de-vespera-pg-df-tecnico-juridico\/\",\"url\":\"https:\/\/www.estrategiaconcursos.com.br\/blog\/revisao-de-vespera-pg-df-tecnico-juridico\/\",\"name\":\"Revis\u00e3o de V\u00e9spera PG DF para o cargo de T\u00e9cnico Jur\u00eddico\",\"isPartOf\":{\"@id\":\"https:\/\/www.estrategiaconcursos.com.br\/blog\/#website\"},\"primaryImageOfPage\":{\"@id\":\"https:\/\/www.estrategiaconcursos.com.br\/blog\/revisao-de-vespera-pg-df-tecnico-juridico\/#primaryimage\"},\"image\":{\"@id\":\"https:\/\/www.estrategiaconcursos.com.br\/blog\/revisao-de-vespera-pg-df-tecnico-juridico\/#primaryimage\"},\"thumbnailUrl\":\"https:\/\/dhg1h5j42swfq.cloudfront.net\/2021\/02\/26105813\/pgdf.jpg\",\"datePublished\":\"2021-08-28T09:30:00+00:00\",\"description\":\"Revis\u00e3o de V\u00e9spera PG DF para o cargo de T\u00e9cnico Jur\u00eddico Especialidade: Apoio Administrativo. Saiba mais neste artigo!\",\"breadcrumb\":{\"@id\":\"https:\/\/www.estrategiaconcursos.com.br\/blog\/revisao-de-vespera-pg-df-tecnico-juridico\/#breadcrumb\"},\"inLanguage\":\"pt-BR\",\"potentialAction\":[{\"@type\":\"ReadAction\",\"target\":[\"https:\/\/www.estrategiaconcursos.com.br\/blog\/revisao-de-vespera-pg-df-tecnico-juridico\/\"]}]},{\"@type\":\"ImageObject\",\"inLanguage\":\"pt-BR\",\"@id\":\"https:\/\/www.estrategiaconcursos.com.br\/blog\/revisao-de-vespera-pg-df-tecnico-juridico\/#primaryimage\",\"url\":\"https:\/\/dhg1h5j42swfq.cloudfront.net\/2021\/02\/26105813\/pgdf.jpg\",\"contentUrl\":\"https:\/\/dhg1h5j42swfq.cloudfront.net\/2021\/02\/26105813\/pgdf.jpg\",\"width\":1200,\"height\":628,\"caption\":\"pg-df\"},{\"@type\":\"BreadcrumbList\",\"@id\":\"https:\/\/www.estrategiaconcursos.com.br\/blog\/revisao-de-vespera-pg-df-tecnico-juridico\/#breadcrumb\",\"itemListElement\":[{\"@type\":\"ListItem\",\"position\":1,\"name\":\"In\u00edcio\",\"item\":\"https:\/\/www.estrategiaconcursos.com.br\/blog\/\"},{\"@type\":\"ListItem\",\"position\":2,\"name\":\"Revis\u00e3o de V\u00e9spera PG DF para o cargo de T\u00e9cnico Jur\u00eddico\"}]},{\"@type\":\"WebSite\",\"@id\":\"https:\/\/www.estrategiaconcursos.com.br\/blog\/#website\",\"url\":\"https:\/\/www.estrategiaconcursos.com.br\/blog\/\",\"name\":\"Estrat\u00e9gia Concursos\",\"description\":\"O blog da Estrat\u00e9gia Concursos traz not\u00edcias sobre concursos e artigos de professores oferecendo cursos para concursos (pdf + videaulas) no site.\",\"publisher\":{\"@id\":\"https:\/\/www.estrategiaconcursos.com.br\/blog\/#organization\"},\"potentialAction\":[{\"@type\":\"SearchAction\",\"target\":{\"@type\":\"EntryPoint\",\"urlTemplate\":\"https:\/\/www.estrategiaconcursos.com.br\/blog\/?s={search_term_string}\"},\"query-input\":{\"@type\":\"PropertyValueSpecification\",\"valueRequired\":true,\"valueName\":\"search_term_string\"}}],\"inLanguage\":\"pt-BR\"},{\"@type\":\"Organization\",\"@id\":\"https:\/\/www.estrategiaconcursos.com.br\/blog\/#organization\",\"name\":\"Estrat\u00e9gia Concursos\",\"url\":\"https:\/\/www.estrategiaconcursos.com.br\/blog\/\",\"logo\":{\"@type\":\"ImageObject\",\"inLanguage\":\"pt-BR\",\"@id\":\"https:\/\/www.estrategiaconcursos.com.br\/blog\/#\/schema\/logo\/image\/\",\"url\":\"https:\/\/dhg1h5j42swfq.cloudfront.net\/2025\/06\/03203428\/logo_concursos-1.jpg\",\"contentUrl\":\"https:\/\/dhg1h5j42swfq.cloudfront.net\/2025\/06\/03203428\/logo_concursos-1.jpg\",\"width\":230,\"height\":60,\"caption\":\"Estrat\u00e9gia Concursos\"},\"image\":{\"@id\":\"https:\/\/www.estrategiaconcursos.com.br\/blog\/#\/schema\/logo\/image\/\"},\"sameAs\":[\"https:\/\/x.com\/EstratConcursos\"]},{\"@type\":\"Person\",\"@id\":\"https:\/\/www.estrategiaconcursos.com.br\/blog\/#\/schema\/person\/b4a388c97673c5f483d72185668afa1f\",\"name\":\"Coordena\u00e7\u00e3o\",\"image\":{\"@type\":\"ImageObject\",\"inLanguage\":\"pt-BR\",\"@id\":\"https:\/\/secure.gravatar.com\/avatar\/b720319e4c9a967eb58678d110f4fe35452fc5d5f97b202bac7b8acceb18c6ad?s=96&d=mm&r=g\",\"url\":\"https:\/\/secure.gravatar.com\/avatar\/b720319e4c9a967eb58678d110f4fe35452fc5d5f97b202bac7b8acceb18c6ad?s=96&d=mm&r=g\",\"contentUrl\":\"https:\/\/secure.gravatar.com\/avatar\/b720319e4c9a967eb58678d110f4fe35452fc5d5f97b202bac7b8acceb18c6ad?s=96&d=mm&r=g\",\"caption\":\"Coordena\u00e7\u00e3o\"},\"sameAs\":[\"https:\/\/www.facebook.com\/EstrategiaConcursos\",\"https:\/\/x.com\/EstratConcursos\"],\"url\":\"https:\/\/www.estrategiaconcursos.com.br\/blog\/author\/estrategia2013\/\"}]}<\/script>\n<!-- \/ Yoast SEO Premium plugin. -->","yoast_head_json":{"title":"Revis\u00e3o de V\u00e9spera PG DF para o cargo de T\u00e9cnico Jur\u00eddico","description":"Revis\u00e3o de V\u00e9spera PG DF para o cargo de T\u00e9cnico Jur\u00eddico Especialidade: Apoio Administrativo. Saiba mais neste artigo!","robots":{"index":"index","follow":"follow","max-snippet":"max-snippet:-1","max-image-preview":"max-image-preview:large","max-video-preview":"max-video-preview:-1"},"canonical":"https:\/\/www.estrategiaconcursos.com.br\/blog\/revisao-de-vespera-pg-df-tecnico-juridico\/","og_locale":"pt_BR","og_type":"article","og_title":"Revis\u00e3o de V\u00e9spera PG DF para o cargo de T\u00e9cnico Jur\u00eddico","og_description":"Revis\u00e3o de V\u00e9spera PG DF para o cargo de T\u00e9cnico Jur\u00eddico Especialidade: Apoio Administrativo. Saiba mais neste artigo!","og_url":"https:\/\/www.estrategiaconcursos.com.br\/blog\/revisao-de-vespera-pg-df-tecnico-juridico\/","og_site_name":"Estrat\u00e9gia Concursos","article_author":"https:\/\/www.facebook.com\/EstrategiaConcursos","article_published_time":"2021-08-28T09:30:00+00:00","og_image":[{"width":1200,"height":628,"url":"https:\/\/dhg1h5j42swfq.cloudfront.net\/2021\/02\/26105813\/pgdf.jpg","type":"image\/jpeg"}],"author":"Coordena\u00e7\u00e3o","twitter_card":"summary_large_image","twitter_creator":"@EstratConcursos","twitter_site":"@EstratConcursos","twitter_misc":{"Escrito por":"Coordena\u00e7\u00e3o","Est. tempo de leitura":"2 minutos"},"schema":{"@context":"https:\/\/schema.org","@graph":[{"@type":"NewsArticle","@id":"https:\/\/www.estrategiaconcursos.com.br\/blog\/revisao-de-vespera-pg-df-tecnico-juridico\/#article","isPartOf":{"@id":"https:\/\/www.estrategiaconcursos.com.br\/blog\/revisao-de-vespera-pg-df-tecnico-juridico\/"},"author":{"name":"Coordena\u00e7\u00e3o","@id":"https:\/\/www.estrategiaconcursos.com.br\/blog\/#\/schema\/person\/b4a388c97673c5f483d72185668afa1f"},"headline":"Revis\u00e3o de V\u00e9spera PG DF para o cargo de T\u00e9cnico Jur\u00eddico","datePublished":"2021-08-28T09:30:00+00:00","mainEntityOfPage":{"@id":"https:\/\/www.estrategiaconcursos.com.br\/blog\/revisao-de-vespera-pg-df-tecnico-juridico\/"},"wordCount":354,"commentCount":0,"publisher":{"@id":"https:\/\/www.estrategiaconcursos.com.br\/blog\/#organization"},"image":{"@id":"https:\/\/www.estrategiaconcursos.com.br\/blog\/revisao-de-vespera-pg-df-tecnico-juridico\/#primaryimage"},"thumbnailUrl":"https:\/\/dhg1h5j42swfq.cloudfront.net\/2021\/02\/26105813\/pgdf.jpg","articleSection":["Tribunais"],"inLanguage":"pt-BR","potentialAction":[{"@type":"CommentAction","name":"Comment","target":["https:\/\/www.estrategiaconcursos.com.br\/blog\/revisao-de-vespera-pg-df-tecnico-juridico\/#respond"]}],"copyrightYear":"2021","copyrightHolder":{"@id":"https:\/\/www.estrategiaconcursos.com.br\/blog\/#organization"}},{"@type":"WebPage","@id":"https:\/\/www.estrategiaconcursos.com.br\/blog\/revisao-de-vespera-pg-df-tecnico-juridico\/","url":"https:\/\/www.estrategiaconcursos.com.br\/blog\/revisao-de-vespera-pg-df-tecnico-juridico\/","name":"Revis\u00e3o de V\u00e9spera PG DF para o cargo de T\u00e9cnico Jur\u00eddico","isPartOf":{"@id":"https:\/\/www.estrategiaconcursos.com.br\/blog\/#website"},"primaryImageOfPage":{"@id":"https:\/\/www.estrategiaconcursos.com.br\/blog\/revisao-de-vespera-pg-df-tecnico-juridico\/#primaryimage"},"image":{"@id":"https:\/\/www.estrategiaconcursos.com.br\/blog\/revisao-de-vespera-pg-df-tecnico-juridico\/#primaryimage"},"thumbnailUrl":"https:\/\/dhg1h5j42swfq.cloudfront.net\/2021\/02\/26105813\/pgdf.jpg","datePublished":"2021-08-28T09:30:00+00:00","description":"Revis\u00e3o de V\u00e9spera PG DF para o cargo de T\u00e9cnico Jur\u00eddico Especialidade: Apoio Administrativo. Saiba mais neste artigo!","breadcrumb":{"@id":"https:\/\/www.estrategiaconcursos.com.br\/blog\/revisao-de-vespera-pg-df-tecnico-juridico\/#breadcrumb"},"inLanguage":"pt-BR","potentialAction":[{"@type":"ReadAction","target":["https:\/\/www.estrategiaconcursos.com.br\/blog\/revisao-de-vespera-pg-df-tecnico-juridico\/"]}]},{"@type":"ImageObject","inLanguage":"pt-BR","@id":"https:\/\/www.estrategiaconcursos.com.br\/blog\/revisao-de-vespera-pg-df-tecnico-juridico\/#primaryimage","url":"https:\/\/dhg1h5j42swfq.cloudfront.net\/2021\/02\/26105813\/pgdf.jpg","contentUrl":"https:\/\/dhg1h5j42swfq.cloudfront.net\/2021\/02\/26105813\/pgdf.jpg","width":1200,"height":628,"caption":"pg-df"},{"@type":"BreadcrumbList","@id":"https:\/\/www.estrategiaconcursos.com.br\/blog\/revisao-de-vespera-pg-df-tecnico-juridico\/#breadcrumb","itemListElement":[{"@type":"ListItem","position":1,"name":"In\u00edcio","item":"https:\/\/www.estrategiaconcursos.com.br\/blog\/"},{"@type":"ListItem","position":2,"name":"Revis\u00e3o de V\u00e9spera PG DF para o cargo de T\u00e9cnico Jur\u00eddico"}]},{"@type":"WebSite","@id":"https:\/\/www.estrategiaconcursos.com.br\/blog\/#website","url":"https:\/\/www.estrategiaconcursos.com.br\/blog\/","name":"Estrat\u00e9gia Concursos","description":"O blog da Estrat\u00e9gia Concursos traz not\u00edcias sobre concursos e artigos de professores oferecendo cursos para concursos (pdf + videaulas) no site.","publisher":{"@id":"https:\/\/www.estrategiaconcursos.com.br\/blog\/#organization"},"potentialAction":[{"@type":"SearchAction","target":{"@type":"EntryPoint","urlTemplate":"https:\/\/www.estrategiaconcursos.com.br\/blog\/?s={search_term_string}"},"query-input":{"@type":"PropertyValueSpecification","valueRequired":true,"valueName":"search_term_string"}}],"inLanguage":"pt-BR"},{"@type":"Organization","@id":"https:\/\/www.estrategiaconcursos.com.br\/blog\/#organization","name":"Estrat\u00e9gia Concursos","url":"https:\/\/www.estrategiaconcursos.com.br\/blog\/","logo":{"@type":"ImageObject","inLanguage":"pt-BR","@id":"https:\/\/www.estrategiaconcursos.com.br\/blog\/#\/schema\/logo\/image\/","url":"https:\/\/dhg1h5j42swfq.cloudfront.net\/2025\/06\/03203428\/logo_concursos-1.jpg","contentUrl":"https:\/\/dhg1h5j42swfq.cloudfront.net\/2025\/06\/03203428\/logo_concursos-1.jpg","width":230,"height":60,"caption":"Estrat\u00e9gia Concursos"},"image":{"@id":"https:\/\/www.estrategiaconcursos.com.br\/blog\/#\/schema\/logo\/image\/"},"sameAs":["https:\/\/x.com\/EstratConcursos"]},{"@type":"Person","@id":"https:\/\/www.estrategiaconcursos.com.br\/blog\/#\/schema\/person\/b4a388c97673c5f483d72185668afa1f","name":"Coordena\u00e7\u00e3o","image":{"@type":"ImageObject","inLanguage":"pt-BR","@id":"https:\/\/secure.gravatar.com\/avatar\/b720319e4c9a967eb58678d110f4fe35452fc5d5f97b202bac7b8acceb18c6ad?s=96&d=mm&r=g","url":"https:\/\/secure.gravatar.com\/avatar\/b720319e4c9a967eb58678d110f4fe35452fc5d5f97b202bac7b8acceb18c6ad?s=96&d=mm&r=g","contentUrl":"https:\/\/secure.gravatar.com\/avatar\/b720319e4c9a967eb58678d110f4fe35452fc5d5f97b202bac7b8acceb18c6ad?s=96&d=mm&r=g","caption":"Coordena\u00e7\u00e3o"},"sameAs":["https:\/\/www.facebook.com\/EstrategiaConcursos","https:\/\/x.com\/EstratConcursos"],"url":"https:\/\/www.estrategiaconcursos.com.br\/blog\/author\/estrategia2013\/"}]}},"_links":{"self":[{"href":"https:\/\/www.estrategiaconcursos.com.br\/blog\/wp-json\/wp\/v2\/posts\/845178","targetHints":{"allow":["GET"]}}],"collection":[{"href":"https:\/\/www.estrategiaconcursos.com.br\/blog\/wp-json\/wp\/v2\/posts"}],"about":[{"href":"https:\/\/www.estrategiaconcursos.com.br\/blog\/wp-json\/wp\/v2\/types\/post"}],"author":[{"embeddable":true,"href":"https:\/\/www.estrategiaconcursos.com.br\/blog\/wp-json\/wp\/v2\/users\/1"}],"replies":[{"embeddable":true,"href":"https:\/\/www.estrategiaconcursos.com.br\/blog\/wp-json\/wp\/v2\/comments?post=845178"}],"version-history":[{"count":7,"href":"https:\/\/www.estrategiaconcursos.com.br\/blog\/wp-json\/wp\/v2\/posts\/845178\/revisions"}],"predecessor-version":[{"id":847569,"href":"https:\/\/www.estrategiaconcursos.com.br\/blog\/wp-json\/wp\/v2\/posts\/845178\/revisions\/847569"}],"wp:featuredmedia":[{"embeddable":true,"href":"https:\/\/www.estrategiaconcursos.com.br\/blog\/wp-json\/wp\/v2\/media\/680959"}],"wp:attachment":[{"href":"https:\/\/www.estrategiaconcursos.com.br\/blog\/wp-json\/wp\/v2\/media?parent=845178"}],"wp:term":[{"taxonomy":"category","embeddable":true,"href":"https:\/\/www.estrategiaconcursos.com.br\/blog\/wp-json\/wp\/v2\/categories?post=845178"},{"taxonomy":"post_tag","embeddable":true,"href":"https:\/\/www.estrategiaconcursos.com.br\/blog\/wp-json\/wp\/v2\/tags?post=845178"},{"taxonomy":"tax_estado","embeddable":true,"href":"https:\/\/www.estrategiaconcursos.com.br\/blog\/wp-json\/wp\/v2\/tax_estado?post=845178"}],"curies":[{"name":"wp","href":"https:\/\/api.w.org\/{rel}","templated":true}]}}