{"id":844961,"date":"2021-08-25T08:59:00","date_gmt":"2021-08-25T11:59:00","guid":{"rendered":"https:\/\/www.estrategiaconcursos.com.br\/blog\/?p=844961"},"modified":"2021-08-26T16:30:16","modified_gmt":"2021-08-26T19:30:16","slug":"constituicao-estadual-p-es-p2","status":"publish","type":"post","link":"https:\/\/www.estrategiaconcursos.com.br\/blog\/constituicao-estadual-p-es-p2\/","title":{"rendered":"Resumo Final da Constitui\u00e7\u00e3o Estadual para ES \u2013 parte 2"},"content":{"rendered":"\n<p>Ol\u00e1, pessoal. Tudo certo? No artigo de hoje veremos a segunda e \u00faltima parte do Resumo da Constitui\u00e7\u00e3o Estadual para ES.<\/p>\n\n\n\n<p>A ideia, obviamente, n\u00e3o \u00e9 trazer toda a Constitui\u00e7\u00e3o Estadual, mas apenas apontar alguns pontos que podem ser cobrados em sua prova.<\/p>\n\n\n\n<p>Vimos no<a href=\"https:\/\/www.estrategiaconcursos.com.br\/blog\/constituicao-estadual-do-espirito-santo-p1\/\"> primeiro artigo <\/a>do tema sobre os seguintes t\u00f3picos:<\/p>\n\n\n\n<ul class=\"wp-block-list\"><li>Direitos e Garantias individuais e coletivos<\/li><li>Organiza\u00e7\u00e3o pol\u00edtico-administrativa<\/li><li>Administra\u00e7\u00e3o P\u00fablica<\/li><li>Do Processo Legislativo<\/li><li>Poder executivo<\/li><\/ul>\n\n\n\n<p>Agora adentraremos em partes muito importantes para uma prova de fiscal e que tem muita chance de aparecer em sua prova<\/p>\n\n\n\n<ul class=\"wp-block-list\"><li>Sistema Tribut\u00e1rio Estadual<\/li><li>Finan\u00e7as p\u00fablicas<\/li><li>Da ordem econ\u00f4mica e financeira<\/li><\/ul>\n\n\n\n<div class=\"wp-block-image\"><figure class=\"aligncenter size-large\"><img loading=\"lazy\" decoding=\"async\" width=\"622\" height=\"124\" src=\"https:\/\/dhg1h5j42swfq.cloudfront.net\/2021\/08\/24211011\/image-735.png\" alt=\"Resumo Final da Constitui\u00e7\u00e3o Estadual para ES \u2013 parte 2\" class=\"wp-image-844964\" srcset=\"https:\/\/dhg1h5j42swfq.cloudfront.net\/2021\/08\/24211011\/image-735.png 622w, https:\/\/dhg1h5j42swfq.cloudfront.net\/2021\/08\/24211011\/image-735-300x60.png 300w, https:\/\/dhg1h5j42swfq.cloudfront.net\/2021\/08\/24211011\/image-735-610x122.png 610w\" sizes=\"auto, (max-width: 622px) 100vw, 622px\" \/><figcaption>Resumo Final da Constitui\u00e7\u00e3o Estadual para ES \u2013 parte 2<\/figcaption><\/figure><\/div>\n\n\n\n<p>Sem mais delongas, vamos l\u00e1.<\/p>\n\n\n\n<p>Vamos l\u00e1.<\/p>\n\n\n\n<h2 class=\"wp-block-heading\">Sistema Tribut\u00e1rio Estadual<\/h2>\n\n\n\n<p>Iniciando o&nbsp;Resumo Final da Constitui\u00e7\u00e3o Estadual para ES pelo Sistema Tribut\u00e1rio Estadual.<\/p>\n\n\n\n<p>Dos Princ\u00edpios Gerais, temos que o <strong><span class=\"has-inline-color has-vivid-cyan-blue-color\">Estado pode delegar ou receber<\/span><\/strong> da Uni\u00e3o, de outros Estados ou de Munic\u00edpios <strong>encargos de administra\u00e7\u00e3o tribut\u00e1ria<\/strong> (Art. 136, \u00a73\u00ba)<\/p>\n\n\n\n<p>Quanto \u00e0 <strong><span class=\"has-inline-color has-vivid-green-cyan-color\">limita\u00e7\u00e3o do poder de tributar<\/span><\/strong>, atente-se que qualquer <strong>anistia ou remiss\u00e3o<\/strong> que envolva <strong>mat\u00e9ria tribut\u00e1ria ou <\/strong><span class=\"has-inline-color has-vivid-red-color\"><strong>previdenci\u00e1ria<\/strong> <\/span>s\u00f3 poder\u00e1 ser concedida atrav\u00e9s de <strong>lei espec\u00edfica, estadual ou municipal<\/strong>.&nbsp;<\/p>\n\n\n\n<h3 class=\"wp-block-heading\">Dos Impostos do Estado<\/h3>\n\n\n\n<p>Agora aten\u00e7\u00e3o, veremos duas partes com a literalidade \u201cestranha\u201d, por isso apenas transcreveremos sem maiores detalhes.<\/p>\n\n\n\n<p><strong><em>Art. 139 &#8211;<\/em><\/strong><em>&nbsp;&nbsp;<\/em><strong><em><span class=\"has-inline-color has-vivid-cyan-blue-color\">Compete ao<\/span> <\/em><span class=\"has-inline-color has-vivid-cyan-blue-color\"><em>Estado<\/em><\/span><\/strong><em><span class=\"has-inline-color has-vivid-cyan-blue-color\"> <\/span>instituir:&nbsp;<\/em><\/p>\n\n\n\n<p><strong><em>II&nbsp;&nbsp;&#8211;<\/em><\/strong><em>&nbsp;<\/em><strong><span class=\"has-inline-color has-vivid-green-cyan-color\">adicional<\/span><\/strong><em><span class=\"has-inline-color has-vivid-green-cyan-color\">&nbsp;&nbsp;<\/span>de&nbsp;&nbsp;<strong>at\u00e9&nbsp;&nbsp;5%<\/strong>&nbsp;&nbsp;do&nbsp;&nbsp;que&nbsp;&nbsp;<strong>for&nbsp;&nbsp;pago&nbsp;&nbsp;\u00e0&nbsp;&nbsp;Uni\u00e3o<\/strong> <strong>por pessoas<\/strong> f\u00edsicas ou jur\u00eddicas <strong>domiciliadas no territ\u00f3rio do Estado<\/strong>, a t\u00edtulo do imposto previsto no Art.158, III, da&nbsp;<\/em><a href=\"http:\/\/www.planalto.gov.br\/ccivil_03\/constituicao\/constituicao.htm\"><em>Constitui\u00e7\u00e3o Federal<\/em><\/a><em>, incidente sobre lucros, ganhos e rendimentos de capital.&nbsp;<\/em><\/p>\n\n\n\n<p><strong><em>Art. 139, \u00a7 6\u00ba &#8211;<\/em><\/strong><em>&nbsp;Em rela\u00e7\u00e3o \u00e0s <\/em><strong><em><span class=\"has-inline-color has-vivid-green-cyan-color\">opera\u00e7\u00f5es e presta\u00e7\u00f5es<\/span><\/em><\/strong><em> que destinem bens e servi\u00e7os <\/em><strong><em>a consumidor final localizado em outro Estado <\/em><\/strong><em>ou Distrito Federal, adotar-se-\u00e1:&nbsp;&nbsp;<\/em><\/p>\n\n\n\n<ul class=\"wp-block-list\"><li><strong><em>I&nbsp;&#8211;<\/em><\/strong><em>&nbsp;a <\/em><strong><em><span class=\"has-inline-color has-vivid-purple-color\">al\u00edquota interestadual<\/span> <\/em><\/strong><em>quando o destinat\u00e1rio for contribuinte do imposto;&nbsp;<\/em><\/li><li><strong><em>II&nbsp;&nbsp;&#8211;<\/em><\/strong><em>&nbsp;a<span class=\"has-inline-color has-vivid-purple-color\"> <\/span><\/em><strong><span class=\"has-inline-color has-vivid-purple-color\"><em>al\u00edquota interna<\/em><\/span><\/strong><em>, quando o destinat\u00e1rio n\u00e3o for contribuinte dele.&nbsp;<\/em><\/li><\/ul>\n\n\n\n<h3 class=\"wp-block-heading\">Da Reparti\u00e7\u00e3o das Receitas Tribut\u00e1rias<\/h3>\n\n\n\n<p>J\u00e1 para a Reparti\u00e7\u00e3o das Receitas Tribut\u00e1rias, atente-se que:<\/p>\n\n\n\n<p>N\u00e3o h\u00e1 previs\u00e3o do repasse total para o caso dos munic\u00edpios que fiscalizem e cobrem o ITR.<\/p>\n\n\n\n<p><strong><em>Art. 142<\/em><\/strong><em>&nbsp;&#8211;&nbsp;<\/em><strong><em><span class=\"has-inline-color has-vivid-cyan-blue-color\">Pertencem aos Munic\u00edpios<\/span><\/em><\/strong><em>:&nbsp;<\/em><\/p>\n\n\n\n<p><strong><em>II&nbsp;&#8211;<\/em><\/strong><em>&nbsp;<strong>50%<\/strong> do produto da arrecada\u00e7\u00e3o do imposto da Uni\u00e3o sobre a <\/em><strong><span class=\"has-inline-color has-vivid-green-cyan-color\"><em>propriedade territorial rural<\/em><\/span><\/strong><em><span class=\"has-inline-color has-vivid-green-cyan-color\">,<\/span> relativamente aos im\u00f3veis neles situados;<\/em><\/p>\n\n\n\n<p>Al\u00e9m disso, os <span style=\"text-decoration: underline;\">crit\u00e9rios para repasse do ICMS est\u00e3o desatualizados.<\/span><\/p>\n\n\n\n<p><em><strong>Art. 142, \u00a7 \u00fanico &#8211;<\/strong>&nbsp;As parcelas de receitas pertencentes aos Munic\u00edpios, mencionadas no inciso IV (25% do ICMS), ser\u00e3o creditadas conforme os seguintes crit\u00e9rios:&nbsp;<\/em><\/p>\n\n\n\n<ul class=\"wp-block-list\"><li><em><strong>I&nbsp;\u2013<\/strong>&nbsp;3\/4, no m\u00ednimo, na propor\u00e7\u00e3o do valor adicionado nas opera\u00e7\u00f5es relativas \u00e0 circula\u00e7\u00e3o de mercadorias e nas presta\u00e7\u00f5es de servi\u00e7os realizadas em seus territ\u00f3rios;&nbsp;<\/em><\/li><li><em><strong>II&nbsp;&#8211;<\/strong>&nbsp;at\u00e9 1\/4, de acordo com o que dispuser a lei estadual.&nbsp;<\/em><\/li><\/ul>\n\n\n\n<p>Da Constitui\u00e7\u00e3o Federal:<\/p>\n\n\n\n<p>At. 158, \u00a7\u00fa. As parcelas de receita pertencentes aos Munic\u00edpios, mencionadas no inciso IV, ser\u00e3o creditadas conforme os seguintes crit\u00e9rios:<\/p>\n\n\n\n<ul class=\"wp-block-list\"><li>I &#8211; <strong>65% <\/strong>no m\u00ednimo, na propor\u00e7\u00e3o do valor adicionado nas opera\u00e7\u00f5es relativas \u00e0 circula\u00e7\u00e3o de mercadorias e nas presta\u00e7\u00f5es de servi\u00e7os, realizadas em seus territ\u00f3rios;&nbsp;&nbsp;&nbsp;&nbsp;&nbsp;<\/li><li>II &#8211; <strong>at\u00e9 35% <\/strong>de acordo com o que dispuser lei estadual, observada, obrigatoriamente, a distribui\u00e7\u00e3o de, no m\u00ednimo, 10 pontos percentuais com base em indicadores de melhoria nos resultados de aprendizagem e de aumento da equidade, considerado o n\u00edvel socioecon\u00f4mico dos educandos.&nbsp;&nbsp;&nbsp;<\/li><\/ul>\n\n\n\n<p>Ainda, a Constitui\u00e7\u00e3o Estadual trouxe o prazo que se considera crime de responsabilidade a reten\u00e7\u00e3o.<\/p>\n\n\n\n<p><strong><em>Art. 146&nbsp;&#8211; <\/em><\/strong><em>\u00c9 <\/em><strong><em>vedada ao Estado a reten\u00e7\u00e3o<\/em><\/strong><em> ou qualquer restri\u00e7\u00e3o \u00e0 entrega dos tributos ou de outros recursos devidos ou destinados ao Munic\u00edpio, neles compreendidos adicionais e acr\u00e9scimos relativos a impostos, <strong>importando <span class=\"has-inline-color has-vivid-green-cyan-color\">crime de responsabilidade<\/span> a sua reten\u00e7\u00e3o<\/strong> por <strong>prazo superior a <span class=\"has-inline-color has-vivid-red-color\">15 dias<\/span><\/strong> do seu <strong>real recebimento no caixa do Estado.<\/strong>&nbsp;<\/em><\/p>\n\n\n\n<h2 class=\"wp-block-heading\">Finan\u00e7as P\u00fablicas<\/h2>\n\n\n\n<p>Continuando no Resumo Final da Constitui\u00e7\u00e3o Estadual para ES, tratemos sobre as Finan\u00e7as P\u00fablicas.<\/p>\n\n\n\n<p>A Constitui\u00e7\u00e3o Estadual apresenta uma defini\u00e7\u00e3o bem interessante de or\u00e7amento p\u00fablico.<\/p>\n\n\n\n<p><strong><span class=\"has-inline-color has-vivid-cyan-blue-color\">Or\u00e7amento p\u00fablico<\/span><\/strong> (Art. 149): express\u00e3o f\u00edsico-financeira do planejamento governamental, ser\u00e1 entendido <strong>n\u00e3o s\u00f3 como um documento<\/strong> formal de decis\u00f5es sobre a aloca\u00e7\u00e3o de recursos, mas sobretudo como um <strong>instrumento que expressa<\/strong>, anualmente, o <strong>conjunto de a\u00e7\u00f5es<\/strong> visando alcan\u00e7ar, setorial e especialmente, maiores n\u00edveis de efici\u00eancia e efic\u00e1cia da a\u00e7\u00e3o do governo.<\/p>\n\n\n\n<p>Em rela\u00e7\u00e3o ao or\u00e7amento fiscal e o or\u00e7amento de investimento, sabemos que eles buscam reduzir as desigualdades regionais e pela Constitui\u00e7\u00e3o Federal conforme o crit\u00e9rio populacional, entretanto atente-se a CE:<\/p>\n\n\n\n<p><strong><em>Art. 150<\/em><\/strong><em>, <strong>\u00a7 7\u00ba &#8211;<\/strong>&nbsp;Os or\u00e7amentos previstos no \u00a7 5\u00ba, I e II, compatibilizados com o plano plurianual, ter\u00e3o entre suas fun\u00e7\u00f5es, a de <\/em><strong><em><span class=\"has-inline-color has-vivid-green-cyan-color\">reduzir as desigualdades<\/span><\/em><\/strong><em> regionais <strong>segundo crit\u00e9rio estabelecido em <\/strong><\/em><strong><em><span class=\"has-inline-color has-vivid-red-color\">lei<\/span>.<\/em><\/strong><em>&nbsp;<\/em><\/p>\n\n\n\n<p>Por fim, veja a seguinte literalidade.<\/p>\n\n\n\n<p><strong><em>Art. 153.<\/em><\/strong><em>&nbsp;Os recursos correspondentes \u00e0s <\/em><strong><em><span class=\"has-inline-color has-vivid-cyan-blue-color\">dota\u00e7\u00f5es or\u00e7ament\u00e1rias<\/span><\/em><\/strong><em>, compreendidos os cr\u00e9ditos suplementares e especiais, destinados aos \u00f3rg\u00e3os dos Poderes Legislativo e Judici\u00e1rio, do Minist\u00e9rio P\u00fablico e da Defensoria P\u00fablica, <strong>ser-lhes-\u00e3o entregues at\u00e9 o dia 20 de <\/strong><\/em><strong><em>cada m\u00eas<\/em><\/strong><em>.&nbsp;<\/em><\/p>\n\n\n\n<p>A falta do famoso \u201cem duod\u00e9cimos (CF, 168)\u201d pode confundir, aten\u00e7\u00e3o, pois se \u00e9 a cada m\u00eas, tamb\u00e9m \u00e9 1\/12.<\/p>\n\n\n\n<h2 class=\"wp-block-heading\">Ordem Econ\u00f4mica e Financeira<\/h2>\n\n\n\n<p>Para finalizar o Resumo Final da Constitui\u00e7\u00e3o Estadual para ES, fechamos com as disposi\u00e7\u00f5es da<span class=\"has-inline-color has-vivid-cyan-blue-color\"> <strong>Ordem econ\u00f4mica e Financeira<\/strong><\/span>.<\/p>\n\n\n\n<p>Uma disposi\u00e7\u00e3o bem importante \u00e9 as <strong><span class=\"has-inline-color has-vivid-green-cyan-color\">fun\u00e7\u00f5es <\/span>exercidas pelo Estado <\/strong>na atividade econ\u00f4mica, desde que n\u00e3o contrarie o interesse p\u00fablico, conhecemos (Art. 207):<\/p>\n\n\n\n<ul class=\"wp-block-list\"><li>Fiscaliza\u00e7\u00e3o;<\/li><li>Incentivo; e<\/li><li>Planejamento<\/li><\/ul>\n\n\n\n<p>Ainda, observe que n\u00e3o se fala em \u201cimperativo da seguran\u00e7a\u201d, tradicionalmente abordado na Constitui\u00e7\u00e3o Federal como uma das exce\u00e7\u00f5es para a explora\u00e7\u00e3o da atividade econ\u00f4mica pelo Estado.<\/p>\n\n\n\n<p><strong><em>Art. 207, \u00a71\u00ba &#8211;<\/em><\/strong><em>&nbsp;A<strong><span class=\"has-inline-color has-vivid-green-cyan-color\"> explora\u00e7\u00e3o direta<\/span><span class=\"has-inline-color has-vivid-cyan-blue-color\"> <\/span><\/strong>de atividade econ\u00f4mica pelo Estado s\u00f3 ser\u00e1 permitida quando motivada <strong>por relevante interesse coletivo.<\/strong><\/em><\/p>\n\n\n\n<p>Quanto \u00e0&nbsp;<strong><span class=\"has-inline-color has-vivid-purple-color\">presta\u00e7\u00e3o de servi\u00e7o p\u00fablico<\/span>, <\/strong>o <strong>Estado garantir\u00e1 na fixa\u00e7\u00e3o da pol\u00edtica tarif\u00e1ria tratamento diferenciado<\/strong>, considerando as diversas classes de renda da popula\u00e7\u00e3o, beneficiando aquela de menor renda (Art. 210, \u00a7\u00fa).&nbsp;<\/p>\n\n\n\n<h3 class=\"wp-block-heading\">Do Sistema Financeiro Estadual<\/h3>\n\n\n\n<p>Finalizando de fato temos as disposi\u00e7\u00f5es do<span class=\"has-inline-color has-vivid-cyan-blue-color\"> <strong>Sistema Financeiro Estadual<\/strong><\/span>.<\/p>\n\n\n\n<ul class=\"wp-block-list\"><li><span class=\"has-inline-color has-vivid-green-cyan-color\"><strong>Objetivo<\/strong> <\/span>(Art. 219): cumprir os objetivos da pol\u00edtica de <strong>desenvolvimento estadual<\/strong>.&nbsp;<\/li><li><strong><span class=\"has-inline-color has-vivid-green-cyan-color\">Integram o sistema financeiro estadual<\/span><\/strong> (Art. 219, \u00a7\u00fa): <strong>institui\u00e7\u00f5es p\u00fablicas de car\u00e1ter financeiro<\/strong> incorporadas, fundidas ou criadas com o objetivo expresso neste artigo<\/li><\/ul>\n\n\n\n<p>Referente \u00e0s institui\u00e7\u00f5es de fomento, temos uma disposi\u00e7\u00e3o bem interessante em rela\u00e7\u00e3o \u00e0 preocupa\u00e7\u00e3o com a gera\u00e7\u00e3o de tecnologia no Estado.<\/p>\n\n\n\n<p><em>Art. 220&nbsp;&#8211; As <span class=\"has-inline-color has-vivid-cyan-blue-color\"><strong>institui\u00e7\u00f5es<\/strong> <\/span>integrantes do sistema financeiro estadual que <strong>exer\u00e7am atividade<\/strong> <strong>de <span class=\"has-inline-color has-vivid-cyan-blue-color\">fomento <\/span>elaborar\u00e3o<\/strong>, na forma do Art.150, \u00a7 2\u00ba, a pol\u00edtica de <strong>aplica\u00e7\u00e3o de seus recursos direcionada, <span class=\"has-inline-color has-vivid-red-color\">preferencialmente<\/span><\/strong>, para o desenvolvimento da produ\u00e7\u00e3o, de <strong>servi\u00e7os e de gera\u00e7\u00e3o de <\/strong><span class=\"has-inline-color has-vivid-red-color\"><strong>tecnologia<\/strong> <\/span>que <strong>atendam ao mercado interno<\/strong>.&nbsp;<\/em><\/p>\n\n\n\n<p>Tamb\u00e9m podemos ver uma grande preocupa\u00e7\u00e3o no aspecto social. Veja:<\/p>\n\n\n\n<p><strong><em>Art. 221<\/em><\/strong><em>&nbsp;&#8211;&nbsp;O <\/em><strong><em>Governo<\/em><\/strong><em> Estadual <\/em><strong><em>alocar\u00e1 recursos<\/em><\/strong><em> em seu <strong>or\u00e7amento anual, <\/strong>sob a forma de fundo espec\u00edfico ou para a capitaliza\u00e7\u00e3o das institui\u00e7\u00f5es financeiras, destinadas a <strong>apoiar os <span class=\"has-inline-color has-vivid-green-cyan-color\">programas de alta relev\u00e2ncia econ\u00f4mica e social<\/span><\/strong> e, <\/em><strong><em><span class=\"has-inline-color has-vivid-red-color\">principalmente<\/span><\/em><\/strong><em>, os destinados ao <strong>fomento da pequena produ\u00e7\u00e3o <span class=\"has-inline-color has-vivid-purple-color\">agr\u00edcola<\/span><\/strong>, \u00e0 <strong>democratiza\u00e7\u00e3o&nbsp;do acesso \u00e0 terra<\/strong>, \u00e0s terras particulares cobertas com florestas nativas, \u00e0 <\/em><strong><em><span class=\"has-inline-color has-vivid-purple-color\">habita\u00e7\u00e3o popular<\/span><\/em><\/strong><em>, ao saneamento b\u00e1sico e a obras de urbaniza\u00e7\u00e3o.&nbsp;<\/em><\/p>\n\n\n\n<p>Quanto \u00e0 habita\u00e7\u00e3o popular temos algumas disposi\u00e7\u00f5es importantes.<\/p>\n\n\n\n<p><strong><span class=\"has-inline-color has-vivid-purple-color\">Companhia Habitacional do ES:<\/span><\/strong><\/p>\n\n\n\n<ul class=\"wp-block-list\"><li>Adequar\u00e1 seu programa de a\u00e7\u00e3o de forma a viabilizar, efetivamente, a constru\u00e7\u00e3o de habita\u00e7\u00e3o para a popula\u00e7\u00e3o de baixa renda, rural e urbana (Art. 221, \u00a71\u00ba)<\/li><li>O governo alocar\u00e1 recursos para aquisi\u00e7\u00e3o de \u00e1rea destinada \u00e0 constru\u00e7\u00e3o de habita\u00e7\u00e3o e implanta\u00e7\u00e3o de infraestrutura b\u00e1sica n\u00e3o-incidente sobre a presta\u00e7\u00e3o da casa pr\u00f3pria (Art. 221, \u00a72\u00ba).<\/li><\/ul>\n\n\n\n<h2 class=\"wp-block-heading\">Considera\u00e7\u00f5es Finais<\/h2>\n\n\n\n<p>Pessoal, chegamos ao final do Resumo da Constitui\u00e7\u00e3o Estadual do Esp\u00edrito Santo. Espero que tenham gostado.<\/p>\n\n\n\n<p>Como dissemos, a ideia \u00e9 tentar direcion\u00e1-los para aquilo que tem mais probabilidade de ser cobrado, entretanto, por \u00f3bvio, que n\u00e3o afasta a necessidade de conhecer as demais disposi\u00e7\u00f5es.<\/p>\n\n\n\n<p>Espero que fa\u00e7am uma grande prova!<\/p>\n\n\n\n<p class=\"has-text-align-center\">@resumospassarin<\/p>\n\n\n\n<h2 class=\"has-text-align-center wp-block-heading\" id=\"h-cursos-e-assinaturas\">Cursos e Assinaturas<\/h2>\n\n\n\n<div class=\"container\" id=\"boxes\">\n  <div class=\"row\">\n\n    <div class=\"col-sm\">\n      <div class=\"estrategia\" id=\"box-assinatura\">\n        <h3 class=\"titulo-assinatura\">Assinatura Concursos<\/h3>\n        <p class=\"subtitulo-assinatura\">Assinatura de 1 ano ou 2 anos<\/p>\n        <div class=\"box-botao\">\n          <a class=\"btn-assinatura\" target=\"_blank\" href=\"https:\/\/www.estrategiaconcursos.com.br\/assinaturas\/\" role=\"button\" rel=\"noopener noreferrer\">ASSINE AGORA<\/a>\n        <\/div>\n      <\/div><\/div><\/div><\/div>\n\n\n\n<div class=\"container\" id=\"boxes\">\n  <div class=\"row\">\n\n    <div class=\"col-sm\" id=\"boxes-concursos\">\n      <div style=\"background-color: #005DAD;\" class=\"conteudo-concursos\" id=\"box-concursos\">\n        <h3 class=\"titulo-assinatura\">Concursos Abertos<\/h3>\n        <p class=\"subtitulo-assinatura\">Os editais publicados<\/p>\n        <div class=\"box-botao\">\n          <a class=\"btn-assinatura\" target=\"_blank\" href=\"https:\/\/www.estrategiaconcursos.com.br\/blog\/concursos-abertos\/\" role=\"button\" rel=\"noopener noreferrer\">Conhe\u00e7a Agora<\/a>\n        <\/div>\n      <\/div>\n    <\/div>\n\n    <div class=\"col-sm\" id=\"boxes-concursos\">\n      <div style=\"background-color: #1A7ED5;\" class=\"conteudo-concursos\" id=\"box-concursos\">\n        <h3 class=\"titulo-assinatura\">Concursos 2021<\/h3>\n        <p class=\"subtitulo-assinatura\">As oportunidades previstas<\/p>\n        <div class=\"box-botao\">\n          <a class=\"btn-assinatura\" target=\"_blank\" href=\"https:\/\/www.estrategiaconcursos.com.br\/blog\/concursos-2021\/\" role=\"button\" rel=\"noopener noreferrer\">Conhe\u00e7a Agora<\/a>\n        <\/div>\n      <\/div>\n    <\/div>\n\n    <div class=\"col-sm\" id=\"boxes-concursos\">\n      <div style=\"background-color: #419FF0;\" class=\"conteudo-concursos\" id=\"box-concursos\">\n        <h3 class=\"titulo-assinatura\">Concursos 2022<\/h3>\n        <p class=\"subtitulo-assinatura\">Vagas para o pr\u00f3ximo ano<\/p>\n        <div class=\"box-botao\">\n          <a class=\"btn-assinatura\" target=\"_blank\" href=\"https:\/\/www.estrategiaconcursos.com.br\/blog\/concursos-2022\/\" role=\"button\" rel=\"noopener noreferrer\">Conhe\u00e7a Agora<\/a>\n        <\/div>\n      <\/div>\n    <\/div>\n\n  <\/div>\n<\/div>\n\n\n\n<div class=\"container\" id=\"boxes\">\n  <div class=\"row\">\n\n    <div class=\"col-sm\">\n      <div class=\"banner-tribunal\" id=\"box-assinatura\">\n        <h3 class=\"titulo-assinatura\">Cursos para Carreiras Jur\u00eddicas<\/h3>\n        <p class=\"subtitulo-assinatura\">Conhe\u00e7a os cursos<\/p>\n        <div class=\"box-botao\">\n          <a class=\"btn-assinatura\" target=\"_blank\" href=\"https:\/\/www.estrategiaconcursos.com.br\/cursosPorConcurso\/assinaturas-carreira-juridica\/\" rel=\"noopener noreferrer\">Conhe\u00e7a mais<\/a>\n        <\/div>\n      <\/div>\n      <p class=\"texto-auxiliar\">Prepare-se com o melhor material e com quem mais aprova em Concursos P\u00fablicos em todo o pa\u00eds.<\/p>\n    <\/div>\n\n  <\/div>\n<\/div>\n\n\n\n<p>At\u00e9 mais e bons estudos!<\/p>\n","protected":false},"excerpt":{"rendered":"<p>Ol\u00e1, pessoal. Tudo certo? No artigo de hoje veremos a segunda e \u00faltima parte do Resumo da Constitui\u00e7\u00e3o Estadual para ES. A ideia, obviamente, n\u00e3o \u00e9 trazer toda a Constitui\u00e7\u00e3o Estadual, mas apenas apontar alguns pontos que podem ser cobrados em sua prova. Vimos no primeiro artigo do tema sobre os seguintes t\u00f3picos: Direitos e [&hellip;]<\/p>\n","protected":false},"author":1763,"featured_media":840986,"comment_status":"open","ping_status":"closed","sticky":false,"template":"","format":"standard","meta":{"post_tipo":"article","footnotes":""},"categories":[1983],"tags":[],"tax_estado":[219971],"class_list":["post-844961","post","type-post","status-publish","format-standard","has-post-thumbnail","hentry","category-fiscal-estadual","tax_estado-es"],"acf":[],"yoast_head":"<!-- This site is optimized with the Yoast SEO Premium plugin v27.2 (Yoast SEO v27.2) - https:\/\/yoast.com\/product\/yoast-seo-premium-wordpress\/ -->\n<title>Resumo Final da Constitui\u00e7\u00e3o Estadual para ES \u2013 parte 2<\/title>\n<meta name=\"description\" content=\"Veja neste artigo a \u00faltima parte do Resumo da Constitui\u00e7\u00e3o Estadual para ES, abordando pontos de extrema import\u00e2ncia para a prova!\" \/>\n<meta name=\"robots\" content=\"index, follow, max-snippet:-1, max-image-preview:large, max-video-preview:-1\" \/>\n<link rel=\"canonical\" href=\"https:\/\/www.estrategiaconcursos.com.br\/blog\/constituicao-estadual-p-es-p2\/\" \/>\n<meta property=\"og:locale\" content=\"pt_BR\" \/>\n<meta property=\"og:type\" content=\"article\" \/>\n<meta property=\"og:title\" content=\"Resumo Final da Constitui\u00e7\u00e3o Estadual para ES \u2013 parte 2\" \/>\n<meta property=\"og:description\" content=\"Veja neste artigo a \u00faltima parte do Resumo da Constitui\u00e7\u00e3o Estadual para ES, abordando pontos de extrema import\u00e2ncia para a prova!\" \/>\n<meta property=\"og:url\" content=\"https:\/\/www.estrategiaconcursos.com.br\/blog\/constituicao-estadual-p-es-p2\/\" \/>\n<meta property=\"og:site_name\" content=\"Estrat\u00e9gia Concursos\" \/>\n<meta property=\"article:published_time\" content=\"2021-08-25T11:59:00+00:00\" \/>\n<meta property=\"article:modified_time\" content=\"2021-08-26T19:30:16+00:00\" \/>\n<meta property=\"og:image\" content=\"https:\/\/dhg1h5j42swfq.cloudfront.net\/2021\/08\/19193829\/sefaz-es.png\" \/>\n\t<meta property=\"og:image:width\" content=\"770\" \/>\n\t<meta property=\"og:image:height\" content=\"631\" \/>\n\t<meta property=\"og:image:type\" content=\"image\/png\" \/>\n<meta name=\"author\" content=\"Leonardo Menezes Passarin\" \/>\n<meta name=\"twitter:card\" content=\"summary_large_image\" \/>\n<meta name=\"twitter:creator\" content=\"@EstratConcursos\" \/>\n<meta name=\"twitter:site\" content=\"@EstratConcursos\" \/>\n<meta name=\"twitter:label1\" content=\"Escrito por\" \/>\n\t<meta name=\"twitter:data1\" content=\"Leonardo Menezes Passarin\" \/>\n\t<meta name=\"twitter:label2\" content=\"Est. tempo de leitura\" \/>\n\t<meta name=\"twitter:data2\" content=\"6 minutos\" \/>\n<script type=\"application\/ld+json\" class=\"yoast-schema-graph\">{\"@context\":\"https:\/\/schema.org\",\"@graph\":[{\"@type\":\"NewsArticle\",\"@id\":\"https:\/\/www.estrategiaconcursos.com.br\/blog\/constituicao-estadual-p-es-p2\/#article\",\"isPartOf\":{\"@id\":\"https:\/\/www.estrategiaconcursos.com.br\/blog\/constituicao-estadual-p-es-p2\/\"},\"author\":{\"name\":\"Leonardo Menezes Passarin\",\"@id\":\"https:\/\/www.estrategiaconcursos.com.br\/blog\/#\/schema\/person\/245b44e43eb13f0dbd04a7a078cd0d0d\"},\"headline\":\"Resumo Final da Constitui\u00e7\u00e3o Estadual para ES \u2013 parte 2\",\"datePublished\":\"2021-08-25T11:59:00+00:00\",\"dateModified\":\"2021-08-26T19:30:16+00:00\",\"mainEntityOfPage\":{\"@id\":\"https:\/\/www.estrategiaconcursos.com.br\/blog\/constituicao-estadual-p-es-p2\/\"},\"wordCount\":1556,\"commentCount\":0,\"publisher\":{\"@id\":\"https:\/\/www.estrategiaconcursos.com.br\/blog\/#organization\"},\"image\":{\"@id\":\"https:\/\/www.estrategiaconcursos.com.br\/blog\/constituicao-estadual-p-es-p2\/#primaryimage\"},\"thumbnailUrl\":\"https:\/\/dhg1h5j42swfq.cloudfront.net\/2021\/08\/19193829\/sefaz-es.png\",\"articleSection\":[\"Fiscal - Estadual (ICMS)\"],\"inLanguage\":\"pt-BR\",\"potentialAction\":[{\"@type\":\"CommentAction\",\"name\":\"Comment\",\"target\":[\"https:\/\/www.estrategiaconcursos.com.br\/blog\/constituicao-estadual-p-es-p2\/#respond\"]}],\"copyrightYear\":\"2021\",\"copyrightHolder\":{\"@id\":\"https:\/\/www.estrategiaconcursos.com.br\/blog\/#organization\"}},{\"@type\":\"WebPage\",\"@id\":\"https:\/\/www.estrategiaconcursos.com.br\/blog\/constituicao-estadual-p-es-p2\/\",\"url\":\"https:\/\/www.estrategiaconcursos.com.br\/blog\/constituicao-estadual-p-es-p2\/\",\"name\":\"Resumo Final da Constitui\u00e7\u00e3o Estadual para ES \u2013 parte 2\",\"isPartOf\":{\"@id\":\"https:\/\/www.estrategiaconcursos.com.br\/blog\/#website\"},\"primaryImageOfPage\":{\"@id\":\"https:\/\/www.estrategiaconcursos.com.br\/blog\/constituicao-estadual-p-es-p2\/#primaryimage\"},\"image\":{\"@id\":\"https:\/\/www.estrategiaconcursos.com.br\/blog\/constituicao-estadual-p-es-p2\/#primaryimage\"},\"thumbnailUrl\":\"https:\/\/dhg1h5j42swfq.cloudfront.net\/2021\/08\/19193829\/sefaz-es.png\",\"datePublished\":\"2021-08-25T11:59:00+00:00\",\"dateModified\":\"2021-08-26T19:30:16+00:00\",\"description\":\"Veja neste artigo a \u00faltima parte do Resumo da Constitui\u00e7\u00e3o Estadual para ES, abordando pontos de extrema import\u00e2ncia para a prova!\",\"breadcrumb\":{\"@id\":\"https:\/\/www.estrategiaconcursos.com.br\/blog\/constituicao-estadual-p-es-p2\/#breadcrumb\"},\"inLanguage\":\"pt-BR\",\"potentialAction\":[{\"@type\":\"ReadAction\",\"target\":[\"https:\/\/www.estrategiaconcursos.com.br\/blog\/constituicao-estadual-p-es-p2\/\"]}]},{\"@type\":\"ImageObject\",\"inLanguage\":\"pt-BR\",\"@id\":\"https:\/\/www.estrategiaconcursos.com.br\/blog\/constituicao-estadual-p-es-p2\/#primaryimage\",\"url\":\"https:\/\/dhg1h5j42swfq.cloudfront.net\/2021\/08\/19193829\/sefaz-es.png\",\"contentUrl\":\"https:\/\/dhg1h5j42swfq.cloudfront.net\/2021\/08\/19193829\/sefaz-es.png\",\"width\":770,\"height\":631},{\"@type\":\"BreadcrumbList\",\"@id\":\"https:\/\/www.estrategiaconcursos.com.br\/blog\/constituicao-estadual-p-es-p2\/#breadcrumb\",\"itemListElement\":[{\"@type\":\"ListItem\",\"position\":1,\"name\":\"In\u00edcio\",\"item\":\"https:\/\/www.estrategiaconcursos.com.br\/blog\/\"},{\"@type\":\"ListItem\",\"position\":2,\"name\":\"Resumo Final da Constitui\u00e7\u00e3o Estadual para ES \u2013 parte 2\"}]},{\"@type\":\"WebSite\",\"@id\":\"https:\/\/www.estrategiaconcursos.com.br\/blog\/#website\",\"url\":\"https:\/\/www.estrategiaconcursos.com.br\/blog\/\",\"name\":\"Estrat\u00e9gia Concursos\",\"description\":\"O blog da Estrat\u00e9gia Concursos traz not\u00edcias sobre concursos e artigos de professores oferecendo cursos para concursos (pdf + videaulas) no site.\",\"publisher\":{\"@id\":\"https:\/\/www.estrategiaconcursos.com.br\/blog\/#organization\"},\"potentialAction\":[{\"@type\":\"SearchAction\",\"target\":{\"@type\":\"EntryPoint\",\"urlTemplate\":\"https:\/\/www.estrategiaconcursos.com.br\/blog\/?s={search_term_string}\"},\"query-input\":{\"@type\":\"PropertyValueSpecification\",\"valueRequired\":true,\"valueName\":\"search_term_string\"}}],\"inLanguage\":\"pt-BR\"},{\"@type\":\"Organization\",\"@id\":\"https:\/\/www.estrategiaconcursos.com.br\/blog\/#organization\",\"name\":\"Estrat\u00e9gia Concursos\",\"url\":\"https:\/\/www.estrategiaconcursos.com.br\/blog\/\",\"logo\":{\"@type\":\"ImageObject\",\"inLanguage\":\"pt-BR\",\"@id\":\"https:\/\/www.estrategiaconcursos.com.br\/blog\/#\/schema\/logo\/image\/\",\"url\":\"https:\/\/dhg1h5j42swfq.cloudfront.net\/2025\/06\/03203428\/logo_concursos-1.jpg\",\"contentUrl\":\"https:\/\/dhg1h5j42swfq.cloudfront.net\/2025\/06\/03203428\/logo_concursos-1.jpg\",\"width\":230,\"height\":60,\"caption\":\"Estrat\u00e9gia Concursos\"},\"image\":{\"@id\":\"https:\/\/www.estrategiaconcursos.com.br\/blog\/#\/schema\/logo\/image\/\"},\"sameAs\":[\"https:\/\/x.com\/EstratConcursos\"]},{\"@type\":\"Person\",\"@id\":\"https:\/\/www.estrategiaconcursos.com.br\/blog\/#\/schema\/person\/245b44e43eb13f0dbd04a7a078cd0d0d\",\"name\":\"Leonardo Menezes Passarin\",\"image\":{\"@type\":\"ImageObject\",\"inLanguage\":\"pt-BR\",\"@id\":\"https:\/\/secure.gravatar.com\/avatar\/fc0e5714ceaa97f24e6e6a30eab74ba8a701c2b62f8cab100ffdb22c6d8f42c3?s=96&d=mm&r=g\",\"url\":\"https:\/\/secure.gravatar.com\/avatar\/fc0e5714ceaa97f24e6e6a30eab74ba8a701c2b62f8cab100ffdb22c6d8f42c3?s=96&d=mm&r=g\",\"contentUrl\":\"https:\/\/secure.gravatar.com\/avatar\/fc0e5714ceaa97f24e6e6a30eab74ba8a701c2b62f8cab100ffdb22c6d8f42c3?s=96&d=mm&r=g\",\"caption\":\"Leonardo Menezes Passarin\"},\"url\":\"https:\/\/www.estrategiaconcursos.com.br\/blog\/author\/passarin-leonardohotmail-com\/\"}]}<\/script>\n<!-- \/ Yoast SEO Premium plugin. -->","yoast_head_json":{"title":"Resumo Final da Constitui\u00e7\u00e3o Estadual para ES \u2013 parte 2","description":"Veja neste artigo a \u00faltima parte do Resumo da Constitui\u00e7\u00e3o Estadual para ES, abordando pontos de extrema import\u00e2ncia para a prova!","robots":{"index":"index","follow":"follow","max-snippet":"max-snippet:-1","max-image-preview":"max-image-preview:large","max-video-preview":"max-video-preview:-1"},"canonical":"https:\/\/www.estrategiaconcursos.com.br\/blog\/constituicao-estadual-p-es-p2\/","og_locale":"pt_BR","og_type":"article","og_title":"Resumo Final da Constitui\u00e7\u00e3o Estadual para ES \u2013 parte 2","og_description":"Veja neste artigo a \u00faltima parte do Resumo da Constitui\u00e7\u00e3o Estadual para ES, abordando pontos de extrema import\u00e2ncia para a prova!","og_url":"https:\/\/www.estrategiaconcursos.com.br\/blog\/constituicao-estadual-p-es-p2\/","og_site_name":"Estrat\u00e9gia Concursos","article_published_time":"2021-08-25T11:59:00+00:00","article_modified_time":"2021-08-26T19:30:16+00:00","og_image":[{"width":770,"height":631,"url":"https:\/\/dhg1h5j42swfq.cloudfront.net\/2021\/08\/19193829\/sefaz-es.png","type":"image\/png"}],"author":"Leonardo Menezes Passarin","twitter_card":"summary_large_image","twitter_creator":"@EstratConcursos","twitter_site":"@EstratConcursos","twitter_misc":{"Escrito por":"Leonardo Menezes Passarin","Est. tempo de leitura":"6 minutos"},"schema":{"@context":"https:\/\/schema.org","@graph":[{"@type":"NewsArticle","@id":"https:\/\/www.estrategiaconcursos.com.br\/blog\/constituicao-estadual-p-es-p2\/#article","isPartOf":{"@id":"https:\/\/www.estrategiaconcursos.com.br\/blog\/constituicao-estadual-p-es-p2\/"},"author":{"name":"Leonardo Menezes Passarin","@id":"https:\/\/www.estrategiaconcursos.com.br\/blog\/#\/schema\/person\/245b44e43eb13f0dbd04a7a078cd0d0d"},"headline":"Resumo Final da Constitui\u00e7\u00e3o Estadual para ES \u2013 parte 2","datePublished":"2021-08-25T11:59:00+00:00","dateModified":"2021-08-26T19:30:16+00:00","mainEntityOfPage":{"@id":"https:\/\/www.estrategiaconcursos.com.br\/blog\/constituicao-estadual-p-es-p2\/"},"wordCount":1556,"commentCount":0,"publisher":{"@id":"https:\/\/www.estrategiaconcursos.com.br\/blog\/#organization"},"image":{"@id":"https:\/\/www.estrategiaconcursos.com.br\/blog\/constituicao-estadual-p-es-p2\/#primaryimage"},"thumbnailUrl":"https:\/\/dhg1h5j42swfq.cloudfront.net\/2021\/08\/19193829\/sefaz-es.png","articleSection":["Fiscal - Estadual (ICMS)"],"inLanguage":"pt-BR","potentialAction":[{"@type":"CommentAction","name":"Comment","target":["https:\/\/www.estrategiaconcursos.com.br\/blog\/constituicao-estadual-p-es-p2\/#respond"]}],"copyrightYear":"2021","copyrightHolder":{"@id":"https:\/\/www.estrategiaconcursos.com.br\/blog\/#organization"}},{"@type":"WebPage","@id":"https:\/\/www.estrategiaconcursos.com.br\/blog\/constituicao-estadual-p-es-p2\/","url":"https:\/\/www.estrategiaconcursos.com.br\/blog\/constituicao-estadual-p-es-p2\/","name":"Resumo Final da Constitui\u00e7\u00e3o Estadual para ES \u2013 parte 2","isPartOf":{"@id":"https:\/\/www.estrategiaconcursos.com.br\/blog\/#website"},"primaryImageOfPage":{"@id":"https:\/\/www.estrategiaconcursos.com.br\/blog\/constituicao-estadual-p-es-p2\/#primaryimage"},"image":{"@id":"https:\/\/www.estrategiaconcursos.com.br\/blog\/constituicao-estadual-p-es-p2\/#primaryimage"},"thumbnailUrl":"https:\/\/dhg1h5j42swfq.cloudfront.net\/2021\/08\/19193829\/sefaz-es.png","datePublished":"2021-08-25T11:59:00+00:00","dateModified":"2021-08-26T19:30:16+00:00","description":"Veja neste artigo a \u00faltima parte do Resumo da Constitui\u00e7\u00e3o Estadual para ES, abordando pontos de extrema import\u00e2ncia para a prova!","breadcrumb":{"@id":"https:\/\/www.estrategiaconcursos.com.br\/blog\/constituicao-estadual-p-es-p2\/#breadcrumb"},"inLanguage":"pt-BR","potentialAction":[{"@type":"ReadAction","target":["https:\/\/www.estrategiaconcursos.com.br\/blog\/constituicao-estadual-p-es-p2\/"]}]},{"@type":"ImageObject","inLanguage":"pt-BR","@id":"https:\/\/www.estrategiaconcursos.com.br\/blog\/constituicao-estadual-p-es-p2\/#primaryimage","url":"https:\/\/dhg1h5j42swfq.cloudfront.net\/2021\/08\/19193829\/sefaz-es.png","contentUrl":"https:\/\/dhg1h5j42swfq.cloudfront.net\/2021\/08\/19193829\/sefaz-es.png","width":770,"height":631},{"@type":"BreadcrumbList","@id":"https:\/\/www.estrategiaconcursos.com.br\/blog\/constituicao-estadual-p-es-p2\/#breadcrumb","itemListElement":[{"@type":"ListItem","position":1,"name":"In\u00edcio","item":"https:\/\/www.estrategiaconcursos.com.br\/blog\/"},{"@type":"ListItem","position":2,"name":"Resumo Final da Constitui\u00e7\u00e3o Estadual para ES \u2013 parte 2"}]},{"@type":"WebSite","@id":"https:\/\/www.estrategiaconcursos.com.br\/blog\/#website","url":"https:\/\/www.estrategiaconcursos.com.br\/blog\/","name":"Estrat\u00e9gia Concursos","description":"O blog da Estrat\u00e9gia Concursos traz not\u00edcias sobre concursos e artigos de professores oferecendo cursos para concursos (pdf + videaulas) no site.","publisher":{"@id":"https:\/\/www.estrategiaconcursos.com.br\/blog\/#organization"},"potentialAction":[{"@type":"SearchAction","target":{"@type":"EntryPoint","urlTemplate":"https:\/\/www.estrategiaconcursos.com.br\/blog\/?s={search_term_string}"},"query-input":{"@type":"PropertyValueSpecification","valueRequired":true,"valueName":"search_term_string"}}],"inLanguage":"pt-BR"},{"@type":"Organization","@id":"https:\/\/www.estrategiaconcursos.com.br\/blog\/#organization","name":"Estrat\u00e9gia Concursos","url":"https:\/\/www.estrategiaconcursos.com.br\/blog\/","logo":{"@type":"ImageObject","inLanguage":"pt-BR","@id":"https:\/\/www.estrategiaconcursos.com.br\/blog\/#\/schema\/logo\/image\/","url":"https:\/\/dhg1h5j42swfq.cloudfront.net\/2025\/06\/03203428\/logo_concursos-1.jpg","contentUrl":"https:\/\/dhg1h5j42swfq.cloudfront.net\/2025\/06\/03203428\/logo_concursos-1.jpg","width":230,"height":60,"caption":"Estrat\u00e9gia Concursos"},"image":{"@id":"https:\/\/www.estrategiaconcursos.com.br\/blog\/#\/schema\/logo\/image\/"},"sameAs":["https:\/\/x.com\/EstratConcursos"]},{"@type":"Person","@id":"https:\/\/www.estrategiaconcursos.com.br\/blog\/#\/schema\/person\/245b44e43eb13f0dbd04a7a078cd0d0d","name":"Leonardo Menezes Passarin","image":{"@type":"ImageObject","inLanguage":"pt-BR","@id":"https:\/\/secure.gravatar.com\/avatar\/fc0e5714ceaa97f24e6e6a30eab74ba8a701c2b62f8cab100ffdb22c6d8f42c3?s=96&d=mm&r=g","url":"https:\/\/secure.gravatar.com\/avatar\/fc0e5714ceaa97f24e6e6a30eab74ba8a701c2b62f8cab100ffdb22c6d8f42c3?s=96&d=mm&r=g","contentUrl":"https:\/\/secure.gravatar.com\/avatar\/fc0e5714ceaa97f24e6e6a30eab74ba8a701c2b62f8cab100ffdb22c6d8f42c3?s=96&d=mm&r=g","caption":"Leonardo Menezes Passarin"},"url":"https:\/\/www.estrategiaconcursos.com.br\/blog\/author\/passarin-leonardohotmail-com\/"}]}},"_links":{"self":[{"href":"https:\/\/www.estrategiaconcursos.com.br\/blog\/wp-json\/wp\/v2\/posts\/844961","targetHints":{"allow":["GET"]}}],"collection":[{"href":"https:\/\/www.estrategiaconcursos.com.br\/blog\/wp-json\/wp\/v2\/posts"}],"about":[{"href":"https:\/\/www.estrategiaconcursos.com.br\/blog\/wp-json\/wp\/v2\/types\/post"}],"author":[{"embeddable":true,"href":"https:\/\/www.estrategiaconcursos.com.br\/blog\/wp-json\/wp\/v2\/users\/1763"}],"replies":[{"embeddable":true,"href":"https:\/\/www.estrategiaconcursos.com.br\/blog\/wp-json\/wp\/v2\/comments?post=844961"}],"version-history":[{"count":4,"href":"https:\/\/www.estrategiaconcursos.com.br\/blog\/wp-json\/wp\/v2\/posts\/844961\/revisions"}],"predecessor-version":[{"id":844996,"href":"https:\/\/www.estrategiaconcursos.com.br\/blog\/wp-json\/wp\/v2\/posts\/844961\/revisions\/844996"}],"wp:featuredmedia":[{"embeddable":true,"href":"https:\/\/www.estrategiaconcursos.com.br\/blog\/wp-json\/wp\/v2\/media\/840986"}],"wp:attachment":[{"href":"https:\/\/www.estrategiaconcursos.com.br\/blog\/wp-json\/wp\/v2\/media?parent=844961"}],"wp:term":[{"taxonomy":"category","embeddable":true,"href":"https:\/\/www.estrategiaconcursos.com.br\/blog\/wp-json\/wp\/v2\/categories?post=844961"},{"taxonomy":"post_tag","embeddable":true,"href":"https:\/\/www.estrategiaconcursos.com.br\/blog\/wp-json\/wp\/v2\/tags?post=844961"},{"taxonomy":"tax_estado","embeddable":true,"href":"https:\/\/www.estrategiaconcursos.com.br\/blog\/wp-json\/wp\/v2\/tax_estado?post=844961"}],"curies":[{"name":"wp","href":"https:\/\/api.w.org\/{rel}","templated":true}]}}