{"id":844952,"date":"2021-08-24T21:40:27","date_gmt":"2021-08-25T00:40:27","guid":{"rendered":"https:\/\/www.estrategiaconcursos.com.br\/blog\/?p=844952"},"modified":"2023-02-09T15:06:37","modified_gmt":"2023-02-09T18:06:37","slug":"estrategia-entrevista-presidente-comissao-bombeiro-es","status":"publish","type":"post","link":"https:\/\/www.estrategiaconcursos.com.br\/blog\/estrategia-entrevista-presidente-comissao-bombeiro-es\/","title":{"rendered":"Estrat\u00e9gia entrevista presidente da comiss\u00e3o Bombeiro ES"},"content":{"rendered":"\n<p>Em nova <strong>entrevista EXCLUSIVA<\/strong> \u00e0 jornalista Ana Lu\u00edza Marques, do Estrat\u00e9gia Concursos, o presidente da comiss\u00e3o do <strong>concurso Bombeiro ES<\/strong>, tenente-coronel Ben\u00edcio Ferrari, revelou detalhes da futura sele\u00e7\u00e3o da corpora\u00e7\u00e3o.<\/p>\n\n\n\n<figure class=\"wp-block-image aligncenter size-large is-resized\"><img loading=\"lazy\" decoding=\"async\" src=\"https:\/\/dhg1h5j42swfq.cloudfront.net\/2021\/08\/23155349\/bombeiros_romero-mendonca-1024x680.jpg\" alt=\"\" class=\"wp-image-843451\" width=\"666\" height=\"441\" srcset=\"https:\/\/dhg1h5j42swfq.cloudfront.net\/2021\/08\/23155349\/bombeiros_romero-mendonca-1024x680.jpg 1024w, https:\/\/dhg1h5j42swfq.cloudfront.net\/2021\/08\/23155349\/bombeiros_romero-mendonca-300x199.jpg 300w, https:\/\/dhg1h5j42swfq.cloudfront.net\/2021\/08\/23155349\/bombeiros_romero-mendonca-768x510.jpg 768w, https:\/\/dhg1h5j42swfq.cloudfront.net\/2021\/08\/23155349\/bombeiros_romero-mendonca-610x405.jpg 610w, https:\/\/dhg1h5j42swfq.cloudfront.net\/2021\/08\/23155349\/bombeiros_romero-mendonca.jpg 1156w\" sizes=\"auto, (max-width: 666px) 100vw, 666px\" \/><figcaption class=\"wp-element-caption\">Presidente da comiss\u00e3o do concurso Bombeiro ES concede entrevista ao Estrat\u00e9gia Concursos | Imagem: reprodu\u00e7\u00e3o<\/figcaption><\/figure>\n\n\n\n<p>Conforme antecipado por n\u00f3s, o&nbsp;edital do certame, que est\u00e1 finalizado, passa por an\u00e1lise da Procuradoria-Geral do Estado antes de ser publicado. Al\u00e9m disso, a&nbsp;<strong>banca j\u00e1 est\u00e1 definida<\/strong>, mas n\u00e3o contratada, motivo pelo qual o nome n\u00e3o ser\u00e1 revelado por ora.<\/p>\n\n\n\n<h3 class=\"wp-block-heading\" id=\"h-confira-abaixo-os-principais-pontos-da-nova-entrevista-com-o-presidente-da-comissao-do-concurso-bombeiro-es\">Confira abaixo os principais pontos da nova entrevista com o presidente da comiss\u00e3o do concurso Bombeiro ES! <\/h3>\n\n\n\n<p><strong>Estrat\u00e9gia Concursos: Como est\u00e1 a organiza\u00e7\u00e3o do concurso?<\/strong><\/p>\n\n\n\n<p><strong>Ferrari:<\/strong> A banca est\u00e1 escolhida. O processo de contrata\u00e7\u00e3o precisou, pela tramita\u00e7\u00e3o normal, ser submetido \u00e0 Procuradoria-Geral do Estado, porque a contrata\u00e7\u00e3o de uma organizadora de concurso n\u00e3o \u00e9 uma contrata\u00e7\u00e3o comum. Ent\u00e3o a PGE precisou analisar todos os detalhes e <strong>aprovou a contrata\u00e7\u00e3o da empresa por dispensa de licita\u00e7\u00e3o<\/strong>.<br \/><br \/>Agora, n\u00f3s estamos entregando, talvez amanh\u00e3, o edital \u00e0 PGE para que ela analise e assim que ela der o OK a gente publica. <\/p>\n\n\n\n<p><strong>EC: Existe um prazo para isso?<\/strong><\/p>\n\n\n\n<p><strong>Ferrari:<\/strong> n\u00e3o tem um prazo pr\u00f3prio. Depende da Procuradoria. Talvez, em duas semanas, eles tenham analisado j\u00e1 e a gente possa lan\u00e7ar.<\/p>\n\n\n\n<p><strong>EC: Em declara\u00e7\u00f5es anteriores, o Cebraspe foi apontado como a banca favorita. Ele ainda \u00e9 o favorito?<\/strong><\/p>\n\n\n\n<p><strong>Ferrari:<\/strong> N\u00e3o, ela n\u00e3o \u00e9 a favorita. Como n\u00e3o contratamos efetivamente, n\u00e3o vou divulgar a banca. Ela j\u00e1 est\u00e1 escolhida e n\u00e3o \u00e9 o Cebraspe, pelo tipo de prova. Como optamos por trazer mais candidatos para a prova, optamos pela prova do tipo m\u00faltipla escolha. <\/p>\n\n\n\n<p><strong>EC: Ser\u00e3o provas objetivas e discursivas?<\/strong><\/p>\n\n\n\n<p>Para agilizar, n\u00e3o teremos na primeira etapa a prova discursiva. As provas discursivas ser\u00e3o na \u00faltima etapa, durante o Curso de Forma\u00e7\u00e3o. <\/p>\n\n\n\n<p> <strong>EC: Quantas pessoas ser\u00e3o convocadas para o Curso de Forma\u00e7\u00e3o?<\/strong><\/p>\n\n\n\n<p><strong>Ferrari:<\/strong> Para o Curso de Forma\u00e7\u00e3o n\u00f3s temos autoriza\u00e7\u00e3o legal para 80 pessoas. Ent\u00e3o este concurso foi elaborado para a contrata\u00e7\u00e3o de 80 novos soldados. Mas colocaremos o prazo de validade de dois anos, podendo ser prorrogado por mais dois anos. E \u00e9 bem comum que o Executivo autorize novas contrata\u00e7\u00f5es com o cadastro de reserva. <\/p>\n\n\n\n<p><strong>EC: A remunera\u00e7\u00e3o do Curso de Forma\u00e7\u00e3o \u00e9 de R$ 1.260,00 mais R$ 300 de aux\u00edlio-alimenta\u00e7\u00e3o e depois de formado \u00e9 de R$ 3.130,00 mais 300 de alimenta\u00e7\u00e3o. \u00c9 isso mesmo?<\/strong><\/p>\n\n\n\n<p><strong>Ferrari:<\/strong> \u00c9 isso mesmo! Depois de formado, al\u00e9m dos R$ 3.130,00 mais R$ 300,00, ele come\u00e7a a concorrer \u00e0 escala especial e tem uma gratifica\u00e7\u00e3o de servi\u00e7o que aumenta um pouco mais. <\/p>\n\n\n\n<p><strong>EC: Quando poder\u00e3o ser feitas as inscri\u00e7\u00f5es?<\/strong><\/p>\n\n\n\n<p><strong>Ferrari:<\/strong> Uma vez lan\u00e7ado o edital, a gente deve ter pelo menos 30 dias de prazo para as inscri\u00e7\u00f5es e da\u00ed tem, primeiramente, aqueles que pretendem a isen\u00e7\u00e3o de taxa. <\/p>\n\n\n\n<p><strong>EC: Quais ser\u00e3o as etapas do concurso?<\/strong><\/p>\n\n\n\n<p><strong>Ferrari:<\/strong> A primeira etapa \u00e9 o Exame Intelectual. Nele, iremos selecionar mil candidatos que ser\u00e3o submetidos \u00e0s demais etapas. As etapas seguintes n\u00e3o t\u00eam necessariamente uma ordem, que s\u00e3o: Exame Toxicol\u00f3gico, Teste de Aptid\u00e3o F\u00edsica, Inspe\u00e7\u00e3o de Sa\u00fade, Investiga\u00e7\u00e3o Social e algumas etapas burocr\u00e1ticas de entregas de documentos e depois o Curso de Forma\u00e7\u00e3o. \u00c9 importante frisar que a investiga\u00e7\u00e3o social perdura at\u00e9 o fim do Curso de Forma\u00e7\u00e3o.<\/p>\n\n\n\n<p class=\"has-text-align-center\"><strong>Para mais informa\u00e7\u00f5es sobre o andamento do concurso <a href=\"https:\/\/cb.es.gov.br\/\" target=\"_blank\" rel=\"noreferrer noopener\">Bombeiro ES<\/a>, cujo presidente da comiss\u00e3o acaba de conceder nova entrevista, acesse o link abaixo. Preparamos um artigo completo para voc\u00ea!<\/strong><\/p>\n\n\n\n<p class=\"has-text-align-center has-background\" style=\"background-color:#bfdbfe;font-size:clamp(14.642px, 0.915rem + ((1vw - 3.2px) * 0.721), 22px);px\"><a href=\"https:\/\/www.estrategiaconcursos.com.br\/blog\/concurso-bombeiro-es-2\/\" target=\"_blank\" rel=\"noreferrer noopener\"><strong>Concurso Bombeiro ES<\/strong><\/a><\/p>\n\n\n\n<h2 class=\"has-text-align-center wp-block-heading\" id=\"cursos\">Quer estudar para o concurso Bombeiro ES?<\/h2>\n\n\n\n<div class=\"container\" id=\"boxes\">\n  <div class=\"row\">\n\n    <div class=\"col-sm\">\n      <div class=\"banner-policial\" id=\"box-assinatura\">\n        <h3 class=\"titulo-assinatura\">Concurso Bombeiro ES<\/h3>\n        <p class=\"subtitulo-assinatura\">Conhe\u00e7a os cursos<\/p>\n        <div class=\"box-botao\">\n          <a class=\"btn-assinatura\" target=\"_blank\" href=\"https:\/\/www.estrategiaconcursos.com.br\/cursosPorConcurso\/corpo-de-bombeiros-militar-do-espirito-santo-cbm-es\/\" role=\"button\" rel=\"noopener noreferrer\">Conhe\u00e7a mais<\/a>\n        <\/div>\n      <\/div><\/div><\/div><\/div>\n\n\n\n<div class=\"container\" id=\"boxes\">\n  <div class=\"row\">\n\n    <div class=\"col-sm\">\n      <div class=\"estrategia\" id=\"box-assinatura\">\n        <h3 class=\"titulo-assinatura\">Assinatura Concursos<\/h3>\n        <p class=\"subtitulo-assinatura\">Assinatura de 1 ano ou 2 anos<\/p>\n        <div class=\"box-botao\">\n          <a class=\"btn-assinatura\" target=\"_blank\" href=\"https:\/\/www.estrategiaconcursos.com.br\/assinaturas\/\" role=\"button\" rel=\"noopener noreferrer\">ASSINE AGORA<\/a>\n        <\/div>\n      <\/div>\n     \n    <\/div><\/div><\/div>\n\n\n\n<div class=\"container\" id=\"boxes\">\n  <div class=\"row\">\n\n    <div class=\"col-sm\" id=\"boxes-concursos\">\n      <div style=\"background-color: #005DAD;\" class=\"conteudo-concursos\" id=\"box-concursos\">\n        <h3 class=\"titulo-assinatura\">Concursos Abertos<\/h3>\n        <p class=\"subtitulo-assinatura\">Os editais publicados<\/p>\n        <div class=\"box-botao\">\n          <a class=\"btn-assinatura\" target=\"_blank\" href=\"https:\/\/www.estrategiaconcursos.com.br\/blog\/concursos-abertos\/\" role=\"button\" rel=\"noopener noreferrer\">Conhe\u00e7a Agora<\/a>\n        <\/div>\n      <\/div>\n    <\/div>\n\n    <div class=\"col-sm\" id=\"boxes-concursos\">\n      <div style=\"background-color: #1A7ED5;\" class=\"conteudo-concursos\" id=\"box-concursos\">\n        <h3 class=\"titulo-assinatura\">Concursos 2021<\/h3>\n        <p class=\"subtitulo-assinatura\">As oportunidades previstas<\/p>\n        <div class=\"box-botao\">\n          <a class=\"btn-assinatura\" target=\"_blank\" href=\"https:\/\/www.estrategiaconcursos.com.br\/blog\/concursos-2021\/\" role=\"button\" rel=\"noopener noreferrer\">Conhe\u00e7a Agora<\/a>\n        <\/div>\n      <\/div>\n    <\/div>\n\n    <div class=\"col-sm\" id=\"boxes-concursos\">\n      <div style=\"background-color: #419FF0;\" class=\"conteudo-concursos\" id=\"box-concursos\">\n        <h3 class=\"titulo-assinatura\">Concursos 2022<\/h3>\n        <p class=\"subtitulo-assinatura\">Vagas para o pr\u00f3ximo ano<\/p>\n        <div class=\"box-botao\">\n          <a class=\"btn-assinatura\" target=\"_blank\" href=\"https:\/\/www.estrategiaconcursos.com.br\/blog\/concursos-2022\/\" role=\"button\" rel=\"noopener noreferrer\">Conhe\u00e7a Agora<\/a>\n        <\/div>\n      <\/div>\n    <\/div>\n\n  <\/div>\n<\/div>\n","protected":false},"excerpt":{"rendered":"<p>Em nova entrevista EXCLUSIVA \u00e0 jornalista Ana Lu\u00edza Marques, do Estrat\u00e9gia Concursos, o presidente da comiss\u00e3o do concurso Bombeiro ES, tenente-coronel Ben\u00edcio Ferrari, revelou detalhes da futura sele\u00e7\u00e3o da corpora\u00e7\u00e3o. Conforme antecipado por n\u00f3s, o&nbsp;edital do certame, que est\u00e1 finalizado, passa por an\u00e1lise da Procuradoria-Geral do Estado antes de ser publicado. Al\u00e9m disso, a&nbsp;banca j\u00e1 [&hellip;]<\/p>\n","protected":false},"author":1,"featured_media":739734,"comment_status":"open","ping_status":"closed","sticky":false,"template":"","format":"standard","meta":{"post_tipo":"news","footnotes":""},"categories":[220187,220219],"tags":[],"tax_estado":[219971],"class_list":["post-844952","post","type-post","status-publish","format-standard","has-post-thumbnail","hentry","category-policial-pracas","category-noticias","tax_estado-es"],"acf":[],"yoast_head":"<!-- This site is optimized with the Yoast SEO Premium plugin v27.2 (Yoast SEO v27.2) - https:\/\/yoast.com\/product\/yoast-seo-premium-wordpress\/ -->\n<title>Estrat\u00e9gia entrevista presidente da comiss\u00e3o Bombeiro ES<\/title>\n<meta name=\"description\" content=\"Em nova entrevista EXCLUSIVA, o presidente da comiss\u00e3o do concurso Bombeiro ES, tenente-coronel Ben\u00edcio Ferrari, revelou detalhes da sele\u00e7\u00e3o!\" \/>\n<meta name=\"robots\" content=\"index, follow, max-snippet:-1, max-image-preview:large, max-video-preview:-1\" \/>\n<link rel=\"canonical\" href=\"https:\/\/www.estrategiaconcursos.com.br\/blog\/estrategia-entrevista-presidente-comissao-bombeiro-es\/\" \/>\n<meta property=\"og:locale\" content=\"pt_BR\" \/>\n<meta property=\"og:type\" content=\"article\" \/>\n<meta property=\"og:title\" content=\"Estrat\u00e9gia entrevista presidente da comiss\u00e3o Bombeiro ES\" \/>\n<meta property=\"og:description\" content=\"Em nova entrevista EXCLUSIVA, o presidente da comiss\u00e3o do concurso Bombeiro ES, tenente-coronel Ben\u00edcio Ferrari, revelou detalhes da sele\u00e7\u00e3o!\" \/>\n<meta property=\"og:url\" content=\"https:\/\/www.estrategiaconcursos.com.br\/blog\/estrategia-entrevista-presidente-comissao-bombeiro-es\/\" \/>\n<meta property=\"og:site_name\" content=\"Estrat\u00e9gia Concursos\" \/>\n<meta property=\"article:author\" content=\"https:\/\/www.facebook.com\/EstrategiaConcursos\" \/>\n<meta property=\"article:published_time\" content=\"2021-08-25T00:40:27+00:00\" \/>\n<meta property=\"article:modified_time\" content=\"2023-02-09T18:06:37+00:00\" \/>\n<meta property=\"og:image\" content=\"https:\/\/dhg1h5j42swfq.cloudfront.net\/2021\/05\/13140223\/bombeiro-es.jpg\" \/>\n\t<meta property=\"og:image:width\" content=\"768\" \/>\n\t<meta property=\"og:image:height\" content=\"432\" \/>\n\t<meta property=\"og:image:type\" content=\"image\/jpeg\" \/>\n<meta name=\"author\" content=\"Coordena\u00e7\u00e3o\" \/>\n<meta name=\"twitter:card\" content=\"summary_large_image\" \/>\n<meta name=\"twitter:creator\" content=\"@EstratConcursos\" \/>\n<meta name=\"twitter:site\" content=\"@EstratConcursos\" \/>\n<meta name=\"twitter:label1\" content=\"Escrito por\" \/>\n\t<meta name=\"twitter:data1\" content=\"Coordena\u00e7\u00e3o\" \/>\n\t<meta name=\"twitter:label2\" content=\"Est. tempo de leitura\" \/>\n\t<meta name=\"twitter:data2\" content=\"4 minutos\" \/>\n<script type=\"application\/ld+json\" class=\"yoast-schema-graph\">{\"@context\":\"https:\/\/schema.org\",\"@graph\":[{\"@type\":\"NewsArticle\",\"@id\":\"https:\/\/www.estrategiaconcursos.com.br\/blog\/estrategia-entrevista-presidente-comissao-bombeiro-es\/#article\",\"isPartOf\":{\"@id\":\"https:\/\/www.estrategiaconcursos.com.br\/blog\/estrategia-entrevista-presidente-comissao-bombeiro-es\/\"},\"author\":{\"name\":\"Coordena\u00e7\u00e3o\",\"@id\":\"https:\/\/www.estrategiaconcursos.com.br\/blog\/#\/schema\/person\/b4a388c97673c5f483d72185668afa1f\"},\"headline\":\"Estrat\u00e9gia entrevista presidente da comiss\u00e3o Bombeiro ES\",\"datePublished\":\"2021-08-25T00:40:27+00:00\",\"dateModified\":\"2023-02-09T18:06:37+00:00\",\"mainEntityOfPage\":{\"@id\":\"https:\/\/www.estrategiaconcursos.com.br\/blog\/estrategia-entrevista-presidente-comissao-bombeiro-es\/\"},\"wordCount\":694,\"commentCount\":0,\"publisher\":{\"@id\":\"https:\/\/www.estrategiaconcursos.com.br\/blog\/#organization\"},\"image\":{\"@id\":\"https:\/\/www.estrategiaconcursos.com.br\/blog\/estrategia-entrevista-presidente-comissao-bombeiro-es\/#primaryimage\"},\"thumbnailUrl\":\"https:\/\/dhg1h5j42swfq.cloudfront.net\/2021\/05\/13140223\/bombeiro-es.jpg\",\"articleSection\":[\"Policial (PM\/BM - Pra\u00e7as)\",\"\u00daltimas not\u00edcias\"],\"inLanguage\":\"pt-BR\",\"potentialAction\":[{\"@type\":\"CommentAction\",\"name\":\"Comment\",\"target\":[\"https:\/\/www.estrategiaconcursos.com.br\/blog\/estrategia-entrevista-presidente-comissao-bombeiro-es\/#respond\"]}],\"copyrightYear\":\"2021\",\"copyrightHolder\":{\"@id\":\"https:\/\/www.estrategiaconcursos.com.br\/blog\/#organization\"}},{\"@type\":\"WebPage\",\"@id\":\"https:\/\/www.estrategiaconcursos.com.br\/blog\/estrategia-entrevista-presidente-comissao-bombeiro-es\/\",\"url\":\"https:\/\/www.estrategiaconcursos.com.br\/blog\/estrategia-entrevista-presidente-comissao-bombeiro-es\/\",\"name\":\"Estrat\u00e9gia entrevista presidente da comiss\u00e3o Bombeiro ES\",\"isPartOf\":{\"@id\":\"https:\/\/www.estrategiaconcursos.com.br\/blog\/#website\"},\"primaryImageOfPage\":{\"@id\":\"https:\/\/www.estrategiaconcursos.com.br\/blog\/estrategia-entrevista-presidente-comissao-bombeiro-es\/#primaryimage\"},\"image\":{\"@id\":\"https:\/\/www.estrategiaconcursos.com.br\/blog\/estrategia-entrevista-presidente-comissao-bombeiro-es\/#primaryimage\"},\"thumbnailUrl\":\"https:\/\/dhg1h5j42swfq.cloudfront.net\/2021\/05\/13140223\/bombeiro-es.jpg\",\"datePublished\":\"2021-08-25T00:40:27+00:00\",\"dateModified\":\"2023-02-09T18:06:37+00:00\",\"description\":\"Em nova entrevista EXCLUSIVA, o presidente da comiss\u00e3o do concurso Bombeiro ES, tenente-coronel Ben\u00edcio Ferrari, revelou detalhes da sele\u00e7\u00e3o!\",\"breadcrumb\":{\"@id\":\"https:\/\/www.estrategiaconcursos.com.br\/blog\/estrategia-entrevista-presidente-comissao-bombeiro-es\/#breadcrumb\"},\"inLanguage\":\"pt-BR\",\"potentialAction\":[{\"@type\":\"ReadAction\",\"target\":[\"https:\/\/www.estrategiaconcursos.com.br\/blog\/estrategia-entrevista-presidente-comissao-bombeiro-es\/\"]}]},{\"@type\":\"ImageObject\",\"inLanguage\":\"pt-BR\",\"@id\":\"https:\/\/www.estrategiaconcursos.com.br\/blog\/estrategia-entrevista-presidente-comissao-bombeiro-es\/#primaryimage\",\"url\":\"https:\/\/dhg1h5j42swfq.cloudfront.net\/2021\/05\/13140223\/bombeiro-es.jpg\",\"contentUrl\":\"https:\/\/dhg1h5j42swfq.cloudfront.net\/2021\/05\/13140223\/bombeiro-es.jpg\",\"width\":768,\"height\":432,\"caption\":\"Concurso BOMBEIRO ES\"},{\"@type\":\"BreadcrumbList\",\"@id\":\"https:\/\/www.estrategiaconcursos.com.br\/blog\/estrategia-entrevista-presidente-comissao-bombeiro-es\/#breadcrumb\",\"itemListElement\":[{\"@type\":\"ListItem\",\"position\":1,\"name\":\"In\u00edcio\",\"item\":\"https:\/\/www.estrategiaconcursos.com.br\/blog\/\"},{\"@type\":\"ListItem\",\"position\":2,\"name\":\"Estrat\u00e9gia entrevista presidente da comiss\u00e3o Bombeiro ES\"}]},{\"@type\":\"WebSite\",\"@id\":\"https:\/\/www.estrategiaconcursos.com.br\/blog\/#website\",\"url\":\"https:\/\/www.estrategiaconcursos.com.br\/blog\/\",\"name\":\"Estrat\u00e9gia Concursos\",\"description\":\"O blog da Estrat\u00e9gia Concursos traz not\u00edcias sobre concursos e artigos de professores oferecendo cursos para concursos (pdf + videaulas) no site.\",\"publisher\":{\"@id\":\"https:\/\/www.estrategiaconcursos.com.br\/blog\/#organization\"},\"potentialAction\":[{\"@type\":\"SearchAction\",\"target\":{\"@type\":\"EntryPoint\",\"urlTemplate\":\"https:\/\/www.estrategiaconcursos.com.br\/blog\/?s={search_term_string}\"},\"query-input\":{\"@type\":\"PropertyValueSpecification\",\"valueRequired\":true,\"valueName\":\"search_term_string\"}}],\"inLanguage\":\"pt-BR\"},{\"@type\":\"Organization\",\"@id\":\"https:\/\/www.estrategiaconcursos.com.br\/blog\/#organization\",\"name\":\"Estrat\u00e9gia Concursos\",\"url\":\"https:\/\/www.estrategiaconcursos.com.br\/blog\/\",\"logo\":{\"@type\":\"ImageObject\",\"inLanguage\":\"pt-BR\",\"@id\":\"https:\/\/www.estrategiaconcursos.com.br\/blog\/#\/schema\/logo\/image\/\",\"url\":\"https:\/\/dhg1h5j42swfq.cloudfront.net\/2025\/06\/03203428\/logo_concursos-1.jpg\",\"contentUrl\":\"https:\/\/dhg1h5j42swfq.cloudfront.net\/2025\/06\/03203428\/logo_concursos-1.jpg\",\"width\":230,\"height\":60,\"caption\":\"Estrat\u00e9gia Concursos\"},\"image\":{\"@id\":\"https:\/\/www.estrategiaconcursos.com.br\/blog\/#\/schema\/logo\/image\/\"},\"sameAs\":[\"https:\/\/x.com\/EstratConcursos\"]},{\"@type\":\"Person\",\"@id\":\"https:\/\/www.estrategiaconcursos.com.br\/blog\/#\/schema\/person\/b4a388c97673c5f483d72185668afa1f\",\"name\":\"Coordena\u00e7\u00e3o\",\"image\":{\"@type\":\"ImageObject\",\"inLanguage\":\"pt-BR\",\"@id\":\"https:\/\/secure.gravatar.com\/avatar\/b720319e4c9a967eb58678d110f4fe35452fc5d5f97b202bac7b8acceb18c6ad?s=96&d=mm&r=g\",\"url\":\"https:\/\/secure.gravatar.com\/avatar\/b720319e4c9a967eb58678d110f4fe35452fc5d5f97b202bac7b8acceb18c6ad?s=96&d=mm&r=g\",\"contentUrl\":\"https:\/\/secure.gravatar.com\/avatar\/b720319e4c9a967eb58678d110f4fe35452fc5d5f97b202bac7b8acceb18c6ad?s=96&d=mm&r=g\",\"caption\":\"Coordena\u00e7\u00e3o\"},\"sameAs\":[\"https:\/\/www.facebook.com\/EstrategiaConcursos\",\"https:\/\/x.com\/EstratConcursos\"],\"url\":\"https:\/\/www.estrategiaconcursos.com.br\/blog\/author\/estrategia2013\/\"}]}<\/script>\n<!-- \/ Yoast SEO Premium plugin. -->","yoast_head_json":{"title":"Estrat\u00e9gia entrevista presidente da comiss\u00e3o Bombeiro ES","description":"Em nova entrevista EXCLUSIVA, o presidente da comiss\u00e3o do concurso Bombeiro ES, tenente-coronel Ben\u00edcio Ferrari, revelou detalhes da sele\u00e7\u00e3o!","robots":{"index":"index","follow":"follow","max-snippet":"max-snippet:-1","max-image-preview":"max-image-preview:large","max-video-preview":"max-video-preview:-1"},"canonical":"https:\/\/www.estrategiaconcursos.com.br\/blog\/estrategia-entrevista-presidente-comissao-bombeiro-es\/","og_locale":"pt_BR","og_type":"article","og_title":"Estrat\u00e9gia entrevista presidente da comiss\u00e3o Bombeiro ES","og_description":"Em nova entrevista EXCLUSIVA, o presidente da comiss\u00e3o do concurso Bombeiro ES, tenente-coronel Ben\u00edcio Ferrari, revelou detalhes da sele\u00e7\u00e3o!","og_url":"https:\/\/www.estrategiaconcursos.com.br\/blog\/estrategia-entrevista-presidente-comissao-bombeiro-es\/","og_site_name":"Estrat\u00e9gia Concursos","article_author":"https:\/\/www.facebook.com\/EstrategiaConcursos","article_published_time":"2021-08-25T00:40:27+00:00","article_modified_time":"2023-02-09T18:06:37+00:00","og_image":[{"width":768,"height":432,"url":"https:\/\/dhg1h5j42swfq.cloudfront.net\/2021\/05\/13140223\/bombeiro-es.jpg","type":"image\/jpeg"}],"author":"Coordena\u00e7\u00e3o","twitter_card":"summary_large_image","twitter_creator":"@EstratConcursos","twitter_site":"@EstratConcursos","twitter_misc":{"Escrito por":"Coordena\u00e7\u00e3o","Est. tempo de leitura":"4 minutos"},"schema":{"@context":"https:\/\/schema.org","@graph":[{"@type":"NewsArticle","@id":"https:\/\/www.estrategiaconcursos.com.br\/blog\/estrategia-entrevista-presidente-comissao-bombeiro-es\/#article","isPartOf":{"@id":"https:\/\/www.estrategiaconcursos.com.br\/blog\/estrategia-entrevista-presidente-comissao-bombeiro-es\/"},"author":{"name":"Coordena\u00e7\u00e3o","@id":"https:\/\/www.estrategiaconcursos.com.br\/blog\/#\/schema\/person\/b4a388c97673c5f483d72185668afa1f"},"headline":"Estrat\u00e9gia entrevista presidente da comiss\u00e3o Bombeiro ES","datePublished":"2021-08-25T00:40:27+00:00","dateModified":"2023-02-09T18:06:37+00:00","mainEntityOfPage":{"@id":"https:\/\/www.estrategiaconcursos.com.br\/blog\/estrategia-entrevista-presidente-comissao-bombeiro-es\/"},"wordCount":694,"commentCount":0,"publisher":{"@id":"https:\/\/www.estrategiaconcursos.com.br\/blog\/#organization"},"image":{"@id":"https:\/\/www.estrategiaconcursos.com.br\/blog\/estrategia-entrevista-presidente-comissao-bombeiro-es\/#primaryimage"},"thumbnailUrl":"https:\/\/dhg1h5j42swfq.cloudfront.net\/2021\/05\/13140223\/bombeiro-es.jpg","articleSection":["Policial (PM\/BM - Pra\u00e7as)","\u00daltimas not\u00edcias"],"inLanguage":"pt-BR","potentialAction":[{"@type":"CommentAction","name":"Comment","target":["https:\/\/www.estrategiaconcursos.com.br\/blog\/estrategia-entrevista-presidente-comissao-bombeiro-es\/#respond"]}],"copyrightYear":"2021","copyrightHolder":{"@id":"https:\/\/www.estrategiaconcursos.com.br\/blog\/#organization"}},{"@type":"WebPage","@id":"https:\/\/www.estrategiaconcursos.com.br\/blog\/estrategia-entrevista-presidente-comissao-bombeiro-es\/","url":"https:\/\/www.estrategiaconcursos.com.br\/blog\/estrategia-entrevista-presidente-comissao-bombeiro-es\/","name":"Estrat\u00e9gia entrevista presidente da comiss\u00e3o Bombeiro ES","isPartOf":{"@id":"https:\/\/www.estrategiaconcursos.com.br\/blog\/#website"},"primaryImageOfPage":{"@id":"https:\/\/www.estrategiaconcursos.com.br\/blog\/estrategia-entrevista-presidente-comissao-bombeiro-es\/#primaryimage"},"image":{"@id":"https:\/\/www.estrategiaconcursos.com.br\/blog\/estrategia-entrevista-presidente-comissao-bombeiro-es\/#primaryimage"},"thumbnailUrl":"https:\/\/dhg1h5j42swfq.cloudfront.net\/2021\/05\/13140223\/bombeiro-es.jpg","datePublished":"2021-08-25T00:40:27+00:00","dateModified":"2023-02-09T18:06:37+00:00","description":"Em nova entrevista EXCLUSIVA, o presidente da comiss\u00e3o do concurso Bombeiro ES, tenente-coronel Ben\u00edcio Ferrari, revelou detalhes da sele\u00e7\u00e3o!","breadcrumb":{"@id":"https:\/\/www.estrategiaconcursos.com.br\/blog\/estrategia-entrevista-presidente-comissao-bombeiro-es\/#breadcrumb"},"inLanguage":"pt-BR","potentialAction":[{"@type":"ReadAction","target":["https:\/\/www.estrategiaconcursos.com.br\/blog\/estrategia-entrevista-presidente-comissao-bombeiro-es\/"]}]},{"@type":"ImageObject","inLanguage":"pt-BR","@id":"https:\/\/www.estrategiaconcursos.com.br\/blog\/estrategia-entrevista-presidente-comissao-bombeiro-es\/#primaryimage","url":"https:\/\/dhg1h5j42swfq.cloudfront.net\/2021\/05\/13140223\/bombeiro-es.jpg","contentUrl":"https:\/\/dhg1h5j42swfq.cloudfront.net\/2021\/05\/13140223\/bombeiro-es.jpg","width":768,"height":432,"caption":"Concurso BOMBEIRO ES"},{"@type":"BreadcrumbList","@id":"https:\/\/www.estrategiaconcursos.com.br\/blog\/estrategia-entrevista-presidente-comissao-bombeiro-es\/#breadcrumb","itemListElement":[{"@type":"ListItem","position":1,"name":"In\u00edcio","item":"https:\/\/www.estrategiaconcursos.com.br\/blog\/"},{"@type":"ListItem","position":2,"name":"Estrat\u00e9gia entrevista presidente da comiss\u00e3o Bombeiro ES"}]},{"@type":"WebSite","@id":"https:\/\/www.estrategiaconcursos.com.br\/blog\/#website","url":"https:\/\/www.estrategiaconcursos.com.br\/blog\/","name":"Estrat\u00e9gia Concursos","description":"O blog da Estrat\u00e9gia Concursos traz not\u00edcias sobre concursos e artigos de professores oferecendo cursos para concursos (pdf + videaulas) no site.","publisher":{"@id":"https:\/\/www.estrategiaconcursos.com.br\/blog\/#organization"},"potentialAction":[{"@type":"SearchAction","target":{"@type":"EntryPoint","urlTemplate":"https:\/\/www.estrategiaconcursos.com.br\/blog\/?s={search_term_string}"},"query-input":{"@type":"PropertyValueSpecification","valueRequired":true,"valueName":"search_term_string"}}],"inLanguage":"pt-BR"},{"@type":"Organization","@id":"https:\/\/www.estrategiaconcursos.com.br\/blog\/#organization","name":"Estrat\u00e9gia Concursos","url":"https:\/\/www.estrategiaconcursos.com.br\/blog\/","logo":{"@type":"ImageObject","inLanguage":"pt-BR","@id":"https:\/\/www.estrategiaconcursos.com.br\/blog\/#\/schema\/logo\/image\/","url":"https:\/\/dhg1h5j42swfq.cloudfront.net\/2025\/06\/03203428\/logo_concursos-1.jpg","contentUrl":"https:\/\/dhg1h5j42swfq.cloudfront.net\/2025\/06\/03203428\/logo_concursos-1.jpg","width":230,"height":60,"caption":"Estrat\u00e9gia Concursos"},"image":{"@id":"https:\/\/www.estrategiaconcursos.com.br\/blog\/#\/schema\/logo\/image\/"},"sameAs":["https:\/\/x.com\/EstratConcursos"]},{"@type":"Person","@id":"https:\/\/www.estrategiaconcursos.com.br\/blog\/#\/schema\/person\/b4a388c97673c5f483d72185668afa1f","name":"Coordena\u00e7\u00e3o","image":{"@type":"ImageObject","inLanguage":"pt-BR","@id":"https:\/\/secure.gravatar.com\/avatar\/b720319e4c9a967eb58678d110f4fe35452fc5d5f97b202bac7b8acceb18c6ad?s=96&d=mm&r=g","url":"https:\/\/secure.gravatar.com\/avatar\/b720319e4c9a967eb58678d110f4fe35452fc5d5f97b202bac7b8acceb18c6ad?s=96&d=mm&r=g","contentUrl":"https:\/\/secure.gravatar.com\/avatar\/b720319e4c9a967eb58678d110f4fe35452fc5d5f97b202bac7b8acceb18c6ad?s=96&d=mm&r=g","caption":"Coordena\u00e7\u00e3o"},"sameAs":["https:\/\/www.facebook.com\/EstrategiaConcursos","https:\/\/x.com\/EstratConcursos"],"url":"https:\/\/www.estrategiaconcursos.com.br\/blog\/author\/estrategia2013\/"}]}},"_links":{"self":[{"href":"https:\/\/www.estrategiaconcursos.com.br\/blog\/wp-json\/wp\/v2\/posts\/844952","targetHints":{"allow":["GET"]}}],"collection":[{"href":"https:\/\/www.estrategiaconcursos.com.br\/blog\/wp-json\/wp\/v2\/posts"}],"about":[{"href":"https:\/\/www.estrategiaconcursos.com.br\/blog\/wp-json\/wp\/v2\/types\/post"}],"author":[{"embeddable":true,"href":"https:\/\/www.estrategiaconcursos.com.br\/blog\/wp-json\/wp\/v2\/users\/1"}],"replies":[{"embeddable":true,"href":"https:\/\/www.estrategiaconcursos.com.br\/blog\/wp-json\/wp\/v2\/comments?post=844952"}],"version-history":[{"count":7,"href":"https:\/\/www.estrategiaconcursos.com.br\/blog\/wp-json\/wp\/v2\/posts\/844952\/revisions"}],"predecessor-version":[{"id":1168665,"href":"https:\/\/www.estrategiaconcursos.com.br\/blog\/wp-json\/wp\/v2\/posts\/844952\/revisions\/1168665"}],"wp:featuredmedia":[{"embeddable":true,"href":"https:\/\/www.estrategiaconcursos.com.br\/blog\/wp-json\/wp\/v2\/media\/739734"}],"wp:attachment":[{"href":"https:\/\/www.estrategiaconcursos.com.br\/blog\/wp-json\/wp\/v2\/media?parent=844952"}],"wp:term":[{"taxonomy":"category","embeddable":true,"href":"https:\/\/www.estrategiaconcursos.com.br\/blog\/wp-json\/wp\/v2\/categories?post=844952"},{"taxonomy":"post_tag","embeddable":true,"href":"https:\/\/www.estrategiaconcursos.com.br\/blog\/wp-json\/wp\/v2\/tags?post=844952"},{"taxonomy":"tax_estado","embeddable":true,"href":"https:\/\/www.estrategiaconcursos.com.br\/blog\/wp-json\/wp\/v2\/tax_estado?post=844952"}],"curies":[{"name":"wp","href":"https:\/\/api.w.org\/{rel}","templated":true}]}}