{"id":844794,"date":"2021-08-29T17:00:00","date_gmt":"2021-08-29T20:00:00","guid":{"rendered":"https:\/\/www.estrategiaconcursos.com.br\/blog\/?p=844794"},"modified":"2023-03-09T10:15:53","modified_gmt":"2023-03-09T13:15:53","slug":"gabarito-extraoficial-pc-al","status":"publish","type":"post","link":"https:\/\/www.estrategiaconcursos.com.br\/blog\/gabarito-extraoficial-pc-al\/","title":{"rendered":"Gabarito Extraoficial PC AL: Confira a corre\u00e7\u00e3o da prova!"},"content":{"rendered":"\n<p>Ol\u00e1, candidatos do concurso PC AL! Foram bem na prova? Ansiosos pelo resultado? <\/p>\n\n\n\n<p>As provas objetivas foram constitu\u00eddas <strong>120 quest\u00f5es<\/strong>, divididas em <em>conhecimentos b\u00e1sicos<\/em> (L\u00edngua Portuguesa, \u00c9tica no Servi\u00e7o P\u00fablico, No\u00e7\u00f5es de Inform\u00e1tica e No\u00e7\u00f5es de Direitos Humanos) e <em>conhecimentos espec\u00edficos<\/em> (No\u00e7\u00f5es de Direito Constitucional, Administrativo, Penal, Processual Penal e Legisla\u00e7\u00e3o). <\/p>\n\n\n\n<p>O <a href=\"https:\/\/www.cebraspe.org.br\/concursos\/PC_AL_21\" target=\"_blank\" rel=\"noreferrer noopener\">Cebraspe<\/a> (Centro Brasileiro de Pesquisa em Avalia\u00e7\u00e3o e Sele\u00e7\u00e3o e de Promo\u00e7\u00e3o de Eventos) foi a banca organizadora<strong> <\/strong>contratada pela aplica\u00e7\u00e3o das avalia\u00e7\u00f5es do certame, que oferta <strong>500 vagas para o cargo de n\u00edvel superior<\/strong>, com sal\u00e1rio inicial de <strong>R$ 3.971,76<\/strong>. <\/p>\n\n\n\n<p>Para candidatos residentes em Sergipe, os exames foram aplicados na cidade de Aracaju, enquanto para os candidatos que residem no estado de Pernambuco, as provas foram aplicadas no munic\u00edpio de Recife. Para os demais candidatos, elas foram realizadas nas localidades que j\u00e1 estavam estabelecidas, Macei\u00f3 e Arapiraca.<\/p>\n\n\n\n<p>A fim de sanar um pouco da ansiedade e descobrir se voc\u00ea foi bem ou n\u00e3o em um concurso t\u00e3o visado e importante como esse, <strong>realizamos a corre\u00e7\u00e3o do<\/strong>&nbsp;<strong>gabarito extraoficial PC AL<\/strong>. Isso porque n\u00f3s, do Estrat\u00e9gia, a todo o instante queremos estar perto e ajudar nossos alunos. <\/p>\n\n\n\n<p>Confira ent\u00e3o, antecipadamente, seu desempenho, no nosso Gabarito Extraoficial PC AL Agente e ainda receba dicas de recursos (se houver necessidade, claro!). Lembramos que o gabarito oficial preliminar ser\u00e1 publicado pelo<strong> Cebraspe<\/strong> apenas na <strong>ter\u00e7a-feira, 31 de agosto, a partir das 19 horas.<\/strong> <\/p>\n\n\n\n<h2 class=\"wp-block-heading\" id=\"h-gabarito-extraoficial-pc-al-participe-do-ranking\">Gabarito Extraoficial PC AL: Participe do ranking<\/h2>\n\n\n\n<p class=\"has-text-align-center has-pale-cyan-blue-background-color has-background\" style=\"font-size:clamp(14px, 0.875rem + ((1vw - 3.2px) * 0.392), 18px);\"><strong><a href=\"https:\/\/docs.google.com\/forms\/d\/e\/1FAIpQLSd85ExmVXggRd7SSaoRgzhyB_ip_m8crHrgMFXyKzBZ2Nvw2Q\/viewform\" target=\"_blank\" rel=\"noreferrer noopener\">Preencha o gabarito eletr\u00f4nico<\/a><\/strong><\/p>\n\n\n\n<p class=\"has-text-align-center has-pale-cyan-blue-background-color has-background\" style=\"font-size:clamp(14px, 0.875rem + ((1vw - 3.2px) * 0.392), 18px);\"><strong> <a href=\"https:\/\/docs.google.com\/spreadsheets\/d\/1_n-Pv-VQEplEA8GEXENJ1IFbh_YGv-x986oA52ykOGI\/edit#gid=569530903\" target=\"_blank\" rel=\"noreferrer noopener\"><strong>Ranking PC AL &#8211; Agente<\/strong><\/a><\/strong> | <strong><a href=\"https:\/\/docs.google.com\/spreadsheets\/d\/1lsbJieEecb7dn5npmnydHxjHkoy79wRMvosN_aziPnU\/edit#gid=569530903\" target=\"_blank\" rel=\"noreferrer noopener\">Ranking PC AL &#8211; Escriv\u00e3o<\/a><\/strong><\/p>\n\n\n\n<h2 class=\"wp-block-heading\" id=\"h-programacao-do-gabarito-extraoficial-pc-al\">Programa\u00e7\u00e3o do Gabarito Extraoficial PC AL <\/h2>\n\n\n\n<p>Veja abaixo a programa\u00e7\u00e3o do Gabarito Extraoficial PC AL:<\/p>\n\n\n\n<figure class=\"wp-block-table is-style-stripes\"><table class=\"has-background has-fixed-layout\" style=\"background-color:#e7f5fe\"><tbody><tr><td class=\"has-text-align-center\" data-align=\"center\"><strong>Disciplina<\/strong><\/td><td class=\"has-text-align-center\" data-align=\"center\"><strong>Professor<\/strong><\/td><\/tr><tr><td class=\"has-text-align-center\" data-align=\"center\">Direito Administrativo<\/td><td class=\"has-text-align-center\" data-align=\"center\">Th\u00e1llius Moraes<\/td><\/tr><tr><td class=\"has-text-align-center\" data-align=\"center\">Portugu\u00eas<\/td><td class=\"has-text-align-center\" data-align=\"center\">Jana\u00edna Arruda e Patr\u00edcia&nbsp;<\/td><\/tr><tr><td class=\"has-text-align-center\" data-align=\"center\">Estatuto dos Servidores P\u00fablicos de Alagoas e Lei n\u00ba 5.247\/1991<\/td><td class=\"has-text-align-center\" data-align=\"center\">Thiago Farias<\/td><\/tr><tr><td class=\"has-text-align-center\" data-align=\"center\">Constitui\u00e7\u00e3o do Estado de Alagoas<\/td><td class=\"has-text-align-center\" data-align=\"center\">Emerson Bruno<\/td><\/tr><tr><td class=\"has-text-align-center\" data-align=\"center\">\u00c9tica No Servi\u00e7o P\u00fablico<\/td><td class=\"has-text-align-center\" data-align=\"center\">Herbert Almeida<\/td><\/tr><tr><td class=\"has-text-align-center\" data-align=\"center\">Discursivas<\/td><td class=\"has-text-align-center\" data-align=\"center\">Rodolfo Gracioli<\/td><\/tr><tr><td class=\"has-text-align-center\" data-align=\"center\">Direito Penal<\/td><td class=\"has-text-align-center\" data-align=\"center\">Ant\u00f4nio Pequeno<\/td><\/tr><tr><td class=\"has-text-align-center\" data-align=\"center\">Direito Processual Penal<\/td><td class=\"has-text-align-center\" data-align=\"center\">Renan Araujo<\/td><\/tr><tr><td class=\"has-text-align-center\" data-align=\"center\">Inform\u00e1tica<\/td><td class=\"has-text-align-center\" data-align=\"center\">Rani Passos<\/td><\/tr><tr><td class=\"has-text-align-center\" data-align=\"center\">Direito Constitucional<\/td><td class=\"has-text-align-center\" data-align=\"center\">Adriane Fauth<\/td><\/tr><\/tbody><\/table><\/figure>\n\n\n\n<h2 class=\"wp-block-heading\" id=\"h-gabarito-extraoficial-pc-al-correcao\"><a href=\"https:\/\/youtu.be\/nAtKM7L4oeM\" target=\"_blank\" rel=\"noreferrer noopener\"> Gabarito Extraoficial PC AL &#8211; Corre\u00e7\u00e3o<\/a><\/h2>\n\n\n\n<h2 class=\"wp-block-heading\" id=\"h-gabarito-extraoficial-pc-al-agente\">Gabarito Extraoficial PC AL AGENTE<\/h2>\n\n\n\n<p>Abaixo, voc\u00ea pode consultar o gabarito extraoficial PC AL AGENTE com as quest\u00f5es corrigidas pelos nossos professores. Como existem v\u00e1rios tipos de provas, voc\u00ea pode conferindo o in\u00edcio da quest\u00e3o.<\/p>\n\n\n\n<p class=\"has-text-align-left\"><strong>Quest\u00e3o 1:&nbsp;<\/strong>&#8220;Sem preju\u00edzo da corre\u00e7\u00e3o gramatical e do sentido do primeiro per\u00edodo&#8230;.&#8221;<br \/><strong><em>Resposta: <\/em><\/strong>ERRADO<\/p>\n\n\n\n<p><strong>Quest\u00e3o 2:<\/strong> &#8220;O texto que se classifica como dissertativo-expositivo quanto \u00e0 tipologia&#8230;&#8221;<br \/><strong><em>Resposta:<\/em><\/strong> ERRADO<\/p>\n\n\n\n<p><strong>Quest\u00e3o 3:&nbsp;<\/strong>&#8220;Embora o primeiro per\u00edodo do segundo par\u00e1grafo se refira especificamente&#8230;&#8221;<br \/><strong><em>Resposta:<\/em><\/strong> CERTO<\/p>\n\n\n\n<p><strong>Quest\u00e3o 4:<\/strong> &#8220;Mantendo-se a corre\u00e7\u00e3o gramatical e o sentido original do texto, o primeiro&#8230;&#8221;<br \/><strong><em>Resposta:<\/em><\/strong>  ERRADO <\/p>\n\n\n\n<p><strong>Quest\u00e3o 5:<\/strong> &#8220;Sem preju\u00edzo da corre\u00e7\u00e3o gramatical do texto e das informa\u00e7\u00f5es nele veiculadas&#8230;&#8221;<br \/><strong><em>Resposta:<\/em><\/strong> CERTO  <\/p>\n\n\n\n<p><strong>Quest\u00e3o 6:&nbsp;<\/strong>&#8220;A substitui\u00e7\u00e3o da forma verbal &#8220;busca&#8221; (\u00faltimo per\u00edodo do texto) por busque&#8230;&#8221;<br \/><strong><em>Resposta:<\/em><\/strong> CERTO <\/p>\n\n\n\n<p><strong>Quest\u00e3o 7:&nbsp;<\/strong>&#8220;Depreende-se do texto que a prefeitura de Macei\u00f3 direcionou no m\u00ednimo cinquenta&#8230;&#8221;<br \/><strong><em>Resposta:<\/em><\/strong> ERRADO   <\/p>\n\n\n\n<p><strong>Quest\u00e3o 8:&nbsp;<\/strong>&#8220;De acordo com a fala do capit\u00e3o subcomandante apresentada no terceiro par\u00e1grafo&#8230;&#8221;<br \/><strong><em>Resposta:<\/em><\/strong> ERRADO   <\/p>\n\n\n\n<p><strong>Quest\u00e3o 9:&nbsp;<\/strong>&#8220;A corre\u00e7\u00e3o gramatical e o sentido do texto seriam preservados caso o&#8230;&#8221; <br \/><strong><em>Resposta:<\/em><\/strong> ERRADO   <\/p>\n\n\n\n<p><strong>Quest\u00e3o 10:&nbsp;<\/strong>&#8220;O emprego dos termos &#8216;combina&#8217;, &#8216;aliando&#8217; e &#8216;conciliando&#8217; no texto contribui para&#8230;&#8221;<br \/><strong><em>Resposta:<\/em><\/strong> CERTO<\/p>\n\n\n\n<p><strong>Quest\u00e3o 11:&nbsp;<\/strong>&#8220;No primeiro par\u00e1grafo do texto, tanto o trecho &#8216;um dos bairros mais populosos de Macei\u00f3&#8217;&#8230;&#8221;<br \/><strong><em>Resposta:<\/em><\/strong> CERTO<\/p>\n\n\n\n<p><strong>Quest\u00e3o 12:&nbsp;<\/strong>&#8220;Sem preju\u00edzo da coer\u00eancia do texto, no trecho &#8216;conciliando o operacional com o social&#8217;&#8230;&#8221;<br \/><strong><em>Resposta:<\/em><\/strong> CERTO<\/p>\n\n\n\n<p><strong>Quest\u00e3o 13:<\/strong> &#8220;O sentido do segundo par\u00e1grafo do texto seria alterado caso a v\u00edrgula empregada imediatamente&#8230;.&#8221;<br \/><strong><em>Resposta:<\/em><\/strong> CERTO<\/p>\n\n\n\n<p><strong>Quest\u00e3o 14:&nbsp;<\/strong>&#8220;Conclui-se do texto o folclore \u00e9 uma manifesta\u00e7\u00e3o marcadamente hist\u00f3rica e contextualizada&#8230;&#8221;<br \/><strong><em>Resposta:<\/em><\/strong> CERTO<\/p>\n\n\n\n<p><strong>Quest\u00e3o 15:<\/strong> &#8220;A men\u00e7\u00e3o feita a Th\u00e9o Brand\u00e3o e a qualifica\u00e7\u00e3o de sua obra s\u00e3o recursos utilizados para&#8230;&#8221;<br \/><strong><em>Resposta:<\/em><\/strong> CERTO<\/p>\n\n\n\n<p><strong>Quest\u00e3o 16:&nbsp;<\/strong>&#8220;Em &#8216;Ele nada faz sem motivo&#8217;, o termo &#8216;sem motivo&#8217; exerce a fun\u00e7\u00e3o de complemento&#8230;&#8221;<br \/><strong><em>Resposta:<\/em><\/strong> ERRADO<\/p>\n\n\n\n<p><strong>Quest\u00e3o 17:&nbsp;<\/strong>&#8220;Estaria gramaticalmente correta a substitui\u00e7\u00e3o de &#8216;h\u00e1&#8217; por existe em&#8230;.&#8221;<br \/><strong><em>Resposta:<\/em><\/strong> ERRADO<\/p>\n\n\n\n<p><strong>Quest\u00e3o 18:&nbsp;<\/strong>&#8220;A supress\u00e3o da v\u00edrgula empregada logo ap\u00f3s &#8216;motivo&#8217; no segundo per\u00edodo&#8230;&#8221;<br \/><strong><em>Resposta:<\/em><\/strong> CERTO<\/p>\n\n\n\n<p><strong>Quest\u00e3o 19:&nbsp;<\/strong>&#8220;A ora\u00e7\u00e3o iniciada pelo verbo &#8216;chegar exerce, no quarto per\u00edodo do \u00faltimo par\u00e1grafo&#8230;&#8221;<br \/><strong><em>Resposta:<\/em><\/strong> CERTO<\/p>\n\n\n\n<p><strong>Quest\u00e3o 20:<\/strong> &#8220;No primeiro per\u00edodo do segundo par\u00e1grafo, a forma pronominal &#8216;o&#8217; retoma&#8230;&#8221;<br \/><strong><em>Resposta:<\/em><\/strong> CERTO<\/p>\n\n\n\n<p><strong>Quest\u00e3o 21:<\/strong> &#8220;A \u00e9tica pode ser entendida como uma escolha&#8230;&#8221;<br \/><strong><em>Resposta:<\/em><\/strong> ERRADO<\/p>\n\n\n\n<p><strong>Quest\u00e3o 22:&nbsp;<\/strong>&#8220;O objetivo de estudo da \u00e9tica \u00e9 o comportamento&#8230;&#8221;<br \/><strong><em>Resposta:<\/em><\/strong> CERTO<\/p>\n\n\n\n<p><strong>Quest\u00e3o 23:&nbsp;<\/strong>&#8220;A \u00e9tica pode alterar as regras morais enraizadas&#8230;&#8221;<br \/><strong><em>Resposta:<\/em><\/strong> CERTO (quest\u00e3o bem gen\u00e9rica)<\/p>\n\n\n\n<p><strong>Quest\u00e3o 24:<\/strong> &#8220;No servi\u00e7o p\u00fablico a \u00e9tica \u00e9 mitigada j\u00e1 que o&#8230;&#8221;<br \/><strong><em>Resposta:<\/em><\/strong> ERRADO<\/p>\n\n\n\n<p><strong>Quest\u00e3o 25:&nbsp;<\/strong>&#8220;O exerc\u00edcio da cidadania por meio da elei\u00e7\u00e3o de&#8230;&#8221;<br \/><strong><em>Resposta:<\/em><\/strong> ERRADO<\/p>\n\n\n\n<p><strong>Quest\u00e3o 26:&nbsp;<\/strong>&#8220;O decoro e a consci\u00eancia dos princ\u00edpios morais&#8230;&#8221;<br \/><strong><em>Resposta:<\/em><\/strong> CERTO <\/p>\n\n\n\n<p><strong>Quest\u00e3o 27:<\/strong> &#8220;\u00c9 vedado ao servidor ligar seu nome a empreendimento&#8230;&#8221;<br \/><strong><em>Resposta:<\/em><\/strong> CERTO <\/p>\n\n\n\n<p><strong>Quest\u00e3o 28:&nbsp;<\/strong>&#8220;O servidor p\u00fablico, quando estiver diante de duas op\u00e7\u00f5es&#8230;&#8221;<br \/><strong><em>Resposta:<\/em><\/strong> ERRADO <\/p>\n\n\n\n<p><strong>Quest\u00e3o 29:&nbsp;<\/strong>&#8220;A presta\u00e7\u00e3o de servi\u00e7o de natureza excepcional, sem remunera\u00e7\u00e3o&#8230;&#8221;<br \/><strong><em>Resposta:<\/em><\/strong> ERRADO <\/p>\n\n\n\n<p><strong>Quest\u00e3o 30:&nbsp;<\/strong>&#8220;Nas decis\u00f5es tomadas pela Comiss\u00e3o de \u00c9tica em an\u00e1lise de&#8230;&#8221;<br \/><strong><em>Resposta:<\/em><\/strong> CERTA<\/p>\n\n\n\n<p><strong>Quest\u00e3o 31:&nbsp;<\/strong>&#8220;A apologia ao \u00f3dio religioso que constitua incita\u00e7\u00e3o&#8230;&#8221;<br \/><strong><em>Resposta:<\/em><\/strong> CERTO<\/p>\n\n\n\n<p><strong>Quest\u00e3o 32:<\/strong> &#8220;A pena de reclus\u00e3o tem por principal finalidade a a prote\u00e7\u00e3o&#8230;&#8221;<br \/><strong><em>Resposta:<\/em><\/strong> ERRADO<\/p>\n\n\n\n<p><strong>Quest\u00e3o 33:<\/strong> &#8220;O Estado que abolir a pena de morte n\u00e3o poder\u00e1 restabelec\u00ea-la&#8230;&#8221;<br \/><strong><em>Resposta:<\/em><\/strong> CERTO<\/p>\n\n\n\n<p><strong>Quest\u00e3o 34:<\/strong> &#8220;Todos os cidad\u00e3os devem possuir o direito de participar da dire\u00e7\u00e3o&#8230;&#8221;<br \/><strong><em>Resposta:<\/em><\/strong> CERTO<\/p>\n\n\n\n<p><strong>Quest\u00e3o 35:<\/strong> &#8220;A sujei\u00e7\u00e3o do r\u00e9u a medida restritiva representa exce\u00e7\u00e3o \u00e0 proibi\u00e7\u00e3o&#8230;&#8221;<br \/><strong><em>Resposta:<\/em><\/strong> ERRADO <\/p>\n\n\n\n<p><strong>Quest\u00e3o 36:&nbsp;<\/strong>&#8220;A fim de garantir a prote\u00e7\u00e3o dos direitos humanos, a Constitui\u00e7\u00e3o&#8230;&#8221;<br \/><strong><em>Resposta:<\/em><\/strong> CERTO<\/p>\n\n\n\n<p><strong>Quest\u00e3o 37:&nbsp;<\/strong>&#8220;Os direitos humanos s\u00e3o classificados como universais porque mudam&#8230;&#8221;<br \/><strong><em>Resposta:<\/em><\/strong> ERRADO<\/p>\n\n\n\n<p><strong>Quest\u00e3o 38:&nbsp;<\/strong>&#8220;A Declara\u00e7\u00e3o Universal dos direitos humanos n\u00e3o cria direitos humanos&#8230;&#8221;<br \/><strong><em>Resposta:<\/em><\/strong> CERTO (CABE RECURSO &#8211; n\u00e3o est\u00e1 no programa)<\/p>\n\n\n\n<p><strong>Quest\u00e3o 39:&nbsp;<\/strong>&#8220;Embora os Estados devam desenvolver mecanismos para garantir que&#8230;&#8221;<br \/><strong><em>Resposta:<\/em><\/strong> ERRADO<\/p>\n\n\n\n<p><strong>Quest\u00e3o 40:&nbsp;<\/strong>&#8220;A inser\u00e7\u00e3o de regras sobre os direitos fundamentais na Constitui\u00e7\u00e3o&#8230;&#8221;<br \/><strong><em>Resposta:<\/em><\/strong> CERTO (CABE RECURSO)<\/p>\n\n\n\n<p><strong>Quest\u00e3o 41:<\/strong> &#8220;Os direitos humanos s\u00e3o direitos b\u00e1sicos essenciais \u00e0 vida&#8230;&#8221;<br \/><strong><em>Resposta:<\/em><\/strong> ERRADO (CABE RECURSO &#8211; quest\u00e3o da dignidade humana) <\/p>\n\n\n\n<p><strong>Quest\u00e3o 42:&nbsp;<\/strong>&#8220;O Brasil ainda n\u00e3o possui um programa de direitos humanos, com regras&#8230;&#8221;<br \/><strong><em>Resposta:<\/em><\/strong> ERRADO<\/p>\n\n\n\n<p><strong>Quest\u00e3o 43:&nbsp;<\/strong>&#8220;A computa\u00e7\u00e3o na nuvem (<em>cloud computing<\/em>) possibilita que aplica\u00e7\u00f5es&#8230;&#8221;<br \/><strong><em>Resposta:<\/em><\/strong> CERTO (PODE CABER RECURSO)<\/p>\n\n\n\n<p><strong>Quest\u00e3o 44:&nbsp;<\/strong>&#8220;Rede metropolitana (MAN) \u00e9 aquela que abrange uma grande \u00e1rea geogr\u00e1fica&#8230;&#8221;<br \/><strong><em>Resposta:<\/em><\/strong> ERRADO<\/p>\n\n\n\n<p><strong>Quest\u00e3o 45:&nbsp;<\/strong>&#8220;Denomina-se cabo coaxial, em uma rede de comunica\u00e7\u00e3o, o tipo de m\u00eddia&#8230;&#8221;<br \/><strong><em>Resposta:<\/em><\/strong> ERRADO<\/p>\n\n\n\n<p><strong>Quest\u00e3o 46:<\/strong> &#8220;No s\u00edtio de buscas do Google, uma pesquisa pela express\u00e3o &#8220;CIDADE DE MACEI\u00d3&#8221;&#8230;&#8217;<br \/><strong><em>Resposta:<\/em><\/strong> CERTO<\/p>\n\n\n\n<p><strong>Quest\u00e3o 47:&nbsp;<\/strong>&#8220;Em se tratando de Sistema Operacional Windows 10, os nomes dos arquivos podem&#8230;&#8221;<br \/><strong><em>Resposta:<\/em><\/strong> ERRADO<\/p>\n\n\n\n<p><strong>Quest\u00e3o 48:<\/strong> &#8220;No Sistema Operacional Windows 10, o nome de um arquivo <strong><s>\u00e9<\/s><\/strong> criptografado \u00e9 apresentado&#8230;&#8221;<br \/><strong><em>Resposta:<\/em><\/strong> CERTO (se for erro grafia)<\/p>\n\n\n\n<p><strong>Quest\u00e3o 49:<\/strong> &#8220;A heur\u00edstica \u00e9 um dos m\u00e9todos de detec\u00e7\u00e3o de ferramentas <em>antimalware<\/em>&#8230;&#8221;<br \/><strong><em>Resposta:<\/em><\/strong> CERTO<\/p>\n\n\n\n<p><strong>Quest\u00e3o 50:&nbsp;<\/strong>&#8220;A grande diferen\u00e7a entre v\u00edrus e <em>worms<\/em> est\u00e1 na forma como eles se propagam:&#8230;&#8221;<br \/><strong><em>Resposta:<\/em><\/strong> ERRADO<\/p>\n\n\n\n<p><strong>Quest\u00e3o 51:&nbsp;<\/strong>&#8220;As fun\u00e7\u00f5es p\u00fablicas podem ser exercidas apenas por agentes p\u00fablicos aprovados&#8230;&#8221;<br \/><strong><em>Resposta:<\/em><\/strong> ERRADO <\/p>\n\n\n\n<p><strong>Quest\u00e3o 52:<\/strong> &#8220;\u00c0s pol\u00edcias civis incumbem, ressalvada a compet\u00eancia da Uni\u00e3o, as fun\u00e7\u00f5es de pol\u00edcia&#8230;&#8221;<br \/><strong><em>Resposta:<\/em><\/strong> ERRADO <\/p>\n\n\n\n<p><strong>Quest\u00e3o 53:&nbsp;<\/strong>&#8220;Quando h\u00e1 convalida\u00e7\u00e3o da conduta abusiva na esfera administrativa, \u00e9 exercido o poder&#8230;&#8221;<br \/><strong><em>Resposta:<\/em><\/strong> ERRADO (PASS\u00cdVEL DE RECURSO: Convalidar \u00e9 discricion\u00e1rio, o saneamento \u00e9 da validade n\u00e3o do ato; n\u00e3o \u00e9 m\u00e9rito)<\/p>\n\n\n\n<p><strong>Quest\u00e3o 54:&nbsp;<\/strong>&#8220;O poder disciplinar n\u00e3o abrange as san\u00e7\u00f5es impostas a particulares, que n\u00e3o estejam sujeitos&#8230;&#8221;<br \/><strong><em>Resposta:<\/em><\/strong> ERRADO <\/p>\n\n\n\n<p><strong>Quest\u00e3o 55:&nbsp;<\/strong>&#8220;Quando h\u00e1 convalida\u00e7\u00e3o da conduta abusiva na esfera administrativa, \u00e9 exercido o poder&#8230;&#8221;<br \/><strong><em>Resposta:<\/em><\/strong> ERRADO <\/p>\n\n\n\n<p><strong>Quest\u00e3o 56:&nbsp;<\/strong>&#8220;O poder disciplinar n\u00e3o abrange as san\u00e7\u00f5es impostas a particulares que n\u00e3o estejam sujeitos&#8230;&#8221;<br \/><strong><em>Resposta:<\/em><\/strong> CERTO  <\/p>\n\n\n\n<p><strong>Quest\u00e3o 57: <\/strong>&#8220;A discricionariedade \u00e9 um dos atributos do poder de pol\u00edcia, mas n\u00e3o se faz presente, por exemplo&#8230;&#8221;<br \/><strong><em>Resposta:<\/em><\/strong> CERTO <\/p>\n\n\n\n<p><strong>Quest\u00e3o 58:&nbsp;<\/strong>&#8220;Nessa situa\u00e7\u00e3o, a licita\u00e7\u00e3o pode ser dispensada, conforme a lei&#8230;&#8221;<br \/><strong><em>Resposta:<\/em><\/strong> ERRADO <\/p>\n\n\n\n<p><strong>Quest\u00e3o 59:&nbsp;<\/strong>&#8220;A contrata\u00e7\u00e3o pretendida dever\u00e1 ser precedida de divulga\u00e7\u00e3o de aviso em s\u00edtio eletr\u00f4nico&#8230;&#8221;<br \/><strong><em>Resposta:<\/em><\/strong> ERRADO <\/p>\n\n\n\n<p><strong>Quest\u00e3o 60:<\/strong> &#8220;A fiscaliza\u00e7\u00e3o ou supervis\u00e3o dessa obra poder\u00e1 ser contratada atrav\u00e9s de empresa com&#8230;&#8221;<br \/><strong><em>Resposta:<\/em><\/strong> CERTO<\/p>\n\n\n\n<p><strong>Quest\u00e3o 61:&nbsp;<\/strong>&#8220;A licita\u00e7\u00e3o n\u00e3o poder\u00e1 sigilosa, sendo p\u00fablicos e acess\u00edveis todos os atos de seu procedimento&#8230;&#8221;<br \/><strong><em>Resposta: <\/em><\/strong>ERRADO<\/p>\n\n\n\n<p><strong>Quest\u00e3o 62:&nbsp;<\/strong>&#8220;A desconcentra\u00e7\u00e3o administrativa caracteriza-se pela divis\u00e3o de compet\u00eancias entre \u00f3rg\u00e3os de&#8230;&#8221;<br \/><strong><em>Resposta:<\/em><\/strong> CERTO<\/p>\n\n\n\n<p><strong>Quest\u00e3o 63:&nbsp;<\/strong>&#8220;Caso a v\u00edtima tenha, de alguma forma, concorrido para a ocorr\u00eancia do evento danoso, a&#8230;&#8221;<br \/><strong><em>Resposta:<\/em><\/strong> ERRADO<\/p>\n\n\n\n<p><strong>Quest\u00e3o 64:<\/strong> &#8220;A veda\u00e7\u00e3o da constitui\u00e7\u00e3o de empresa p\u00fablica com finalidade gen\u00e9rica est\u00e1 em conson\u00e2ncia&#8230;&#8221;<br \/><strong><em>Resposta:<\/em><\/strong> CERTO<\/p>\n\n\n\n<p><strong>Quest\u00e3o 65:<\/strong> &#8220;Sob pena de configurar ofensa \u00e0 liberdade, o exerc\u00edcio da manifesta\u00e7\u00e3o do pensamento&#8230;&#8221;<br \/><strong><em>Resposta:<\/em><\/strong> ERRADO<\/p>\n\n\n\n<p><strong>Quest\u00e3o 66:&nbsp;<\/strong>&#8220;A entrada for\u00e7ada em domic\u00edlio sem mandado judicial s\u00f3 \u00e9 l\u00edcita, mesmo no per\u00edodo noturno&#8230;&#8221;<br \/><strong><em>Resposta:<\/em><\/strong> CERTO (jurisprud\u00eancia do STF)<\/p>\n\n\n\n<p><strong>Quest\u00e3o 67:&nbsp;<\/strong>&#8220;Dado que a autoridade policial tem a obriga\u00e7\u00e3o de colher todas as provas que possam influenciar&#8230;&#8221;<br \/><strong><em>Resposta:<\/em><\/strong> ERRADO<\/p>\n\n\n\n<p><strong>Quest\u00e3o 68:&nbsp;<\/strong>&#8220;Ao agente que tiver praticado fato criminoso ser\u00e1 garantido o privil\u00e9gio contra a autoincrimina\u00e7\u00e3o&#8230;&#8221;<br \/><strong><em>Resposta:<\/em><\/strong> CERTO<\/p>\n\n\n\n<p><strong>Quest\u00e3o 69:&nbsp;<\/strong>&#8220;\u00c9 vedada a utiliza\u00e7\u00e3o, como prova de crime, de arma de fogo com numera\u00e7\u00e3o raspada&#8230;&#8221;<br \/><strong><em>Resposta:<\/em><\/strong> CERTO<\/p>\n\n\n\n<p><strong>Quest\u00e3o 70:&nbsp;<\/strong>&#8220;Apenas ap\u00f3s processo judicial no qual seja homologada a op\u00e7\u00e3o ser\u00e1 considerada brasileira nata&#8230;&#8221;<br \/><strong><em>Resposta:<\/em><\/strong> ERRADO<\/p>\n\n\n\n<p><strong>Quest\u00e3o 71:<\/strong> &#8220;Se a autoridade policial deixar de informar \u00e0 pessoa indicada pelo preso a pris\u00e3o e o local&#8230;&#8221;<br \/><strong><em>Resposta:<\/em><\/strong> ERRADO<\/p>\n\n\n\n<p><strong>Quest\u00e3o 72:&nbsp;<\/strong>&#8220;O exerc\u00edcio do direito de greve por policial civil somente \u00e9 aceito pela CF quando comprovadamente&#8230;&#8221;<br \/><strong><em>Resposta:<\/em><\/strong> ERRADO<\/p>\n\n\n\n<p><strong>Quest\u00e3o 73:<\/strong> &#8220;A seguran\u00e7a p\u00fablica tem como finalidades prec\u00edpuas preservar a ordem p\u00fablica e garantir a&#8230;&#8221;<br \/><strong><em>Resposta:<\/em><\/strong> CERTO<\/p>\n\n\n\n<p><strong>Quest\u00e3o 74:&nbsp;<\/strong>&#8220;A execu\u00e7\u00e3o das atividades inerentes \u00e0 defesa civil, assim como das de preserva\u00e7\u00e3o da ordem p\u00fablica&#8230;&#8221;<br \/><strong><em>Resposta:<\/em><\/strong> CERTO<\/p>\n\n\n\n<p><strong>Quest\u00e3o 75:<\/strong> &#8220;A repress\u00e3o de crime de tr\u00e1fico de entorpecentes que n\u00e3o tenha repercuss\u00e3o internacional&#8230;&#8221;<br \/><strong><em>Resposta:<\/em><\/strong> CERTO<\/p>\n\n\n\n<p><strong>Quest\u00e3o 76:&nbsp;<\/strong>&#8220;Considere que um sargento militar, de posse de cart\u00e3o banc\u00e1rio furado de um colega, tamb\u00e9m militar&#8230;&#8221;<br \/><strong><em>Resposta:<\/em><\/strong> CERTO (CABE RECURSO &#8211; Gen\u00e9rica e extrapola o edital)<\/p>\n\n\n\n<p><strong>Quest\u00e3o 77:&nbsp;<\/strong>&#8220;Ainda que Lucas soubesse a idade de Rafael quando do cometimento do crime, n\u00e3o haver\u00e1 a&#8230;&#8221;<br \/><strong><em>Resposta:<\/em><\/strong> ERRADO<\/p>\n\n\n\n<p><strong>Quest\u00e3o 78:<\/strong> &#8220;Lucas cometeu crime de homic\u00eddio doloso qualificado pela impossibilidade de defesa da v\u00edtima&#8230;&#8221;<br \/><strong><em>Resposta:<\/em><\/strong>  ERRADO (PODE CABER RECURSO)<\/p>\n\n\n\n<p><strong>Quest\u00e3o 79:&nbsp;<\/strong>&#8220;O delito de infantic\u00eddio, por ser crime pr\u00f3prio n\u00e3o admite coautoria e participa\u00e7\u00e3o&#8230;&#8221;<br \/><strong><em>Resposta:<\/em><\/strong>  ERRADO <\/p>\n\n\n\n<p><strong>Quest\u00e3o 80:<\/strong> &#8220;N\u00e3o h\u00e1 o crime de amea\u00e7a quando o agente promete um mal injusto e grave contra pessoas&#8230;&#8221;<br \/><strong><em>Resposta:<\/em><\/strong> CERTO<\/p>\n\n\n\n<p><strong>Quest\u00e3o 81:<\/strong> &#8220;O agente que jogar \u00f3leo quente na v\u00edtima com o <em>animus laedende<\/em>, causando, assim&#8230;&#8221;<br \/><strong><em>Resposta:<\/em><\/strong> CERTO <\/p>\n\n\n\n<p><strong>Quest\u00e3o 82:&nbsp;<\/strong>&#8220;O crime de amea\u00e7a praticado por marido contra sua esposa \u00e9 processado por a\u00e7\u00e3o penal p\u00fablica&#8230;&#8221;<br \/><strong><em>Resposta:<\/em><\/strong> ERRADO<\/p>\n\n\n\n<p><strong>Quest\u00e3o 83:<\/strong> &#8220;Incorrer\u00e1 em crime de induzimento ao suic\u00eddio majorado o agente que induzir uma pessoa de doze\u2026 <br \/><strong><em>Resposta:<\/em><\/strong> ERRADO (PODE CABER RECURSO &#8211; dissenso \u00e9 presumido)<\/p>\n\n\n\n<p><strong>Quest\u00e3o 84:<\/strong> &#8220;Para a consuma\u00e7\u00e3o do crime de peculato desvio &#8211; por ser crime formal &#8211; n\u00e3o se exige que o&#8230;&#8221;<br \/><strong><em>Resposta:<\/em><\/strong> CERTO (entendimento do STJ)<\/p>\n\n\n\n<p><strong>Quest\u00e3o 85:&nbsp;<\/strong>&#8220;O Fato de o agente ser funcion\u00e1rio p\u00fablico ocupante de cargo p\u00fablico de alto escal\u00e3o n\u00e3o permite&#8221;<br \/><strong><em>Resposta:<\/em><\/strong> ERRADO<\/p>\n\n\n\n<p><strong>Quest\u00e3o 86:&nbsp;<\/strong>&#8220;O crime de facilita\u00e7\u00e3o de contrabando e descaminho \u00e9 um crime acess\u00f3rio, exigindo-se&#8230;&#8221;<br \/><strong><em>Resposta:<\/em><\/strong> ERRADO<\/p>\n\n\n\n<p><strong>Quest\u00e3o 87:<\/strong> &#8220;Os advogados dativos, nomeados por ju\u00edzes para exercer a defesa t\u00e9cnica em local onde n\u00e3o h\u00e1..&#8221;<br \/><strong><em>Resposta:<\/em><\/strong> CERTO<\/p>\n\n\n\n<p><strong>Quest\u00e3o 88:<\/strong> &#8220;Comete crime de furto mediante fraude o agente que utiliza de um artif\u00edcio ou ardil&#8230;&#8221;<br \/><strong><em>Resposta:<\/em><\/strong>  CERTO<\/p>\n\n\n\n<p><strong>Quest\u00e3o 89:&nbsp;<\/strong>&#8220;O agente que, durante uma persegui\u00e7\u00e3o policial tenha subtra\u00eddo um ve\u00edculo, sem emprego de&#8230;&#8221;<br \/><strong><em>Resposta:<\/em><\/strong> ERRADO<\/p>\n\n\n\n<p><strong>Quest\u00e3o 90:&nbsp;<\/strong>&#8220;N\u00e3o h\u00e1 crime de latroc\u00ednio quando a vitima reage ao roubo e mata um dos comparsas do crime&#8230;&#8221;<br \/><strong><em>Resposta:<\/em><\/strong> CERTO<\/p>\n\n\n\n<p><strong>Quest\u00e3o 91:&nbsp;<\/strong>Configura-se o crime permanente de furto de energia el\u00e9trica quando o agente instala, no interior da&#8230;&#8221;<br \/><strong><em>Resposta:<\/em><\/strong> CERTO (PODE CABER RECURSO)<\/p>\n\n\n\n<p><strong>Quest\u00e3o 92:&nbsp;<\/strong>&#8220;Por se tratar de a\u00e7\u00e3o p\u00fablica incondicionada, \u00e9 correto afirmar que a instaura\u00e7\u00e3o&#8230;&#8221;<br \/><strong><em>Resposta:<\/em><\/strong> CERTO <\/p>\n\n\n\n<p><strong>Quest\u00e3o 93:<\/strong> &#8220;Como se trata de crime de menor potencial ofensivo, o delegado de pol\u00edcia&#8230;&#8221;<br \/><strong><em>Resposta:<\/em><\/strong> ERRADO<\/p>\n\n\n\n<p><strong>Quest\u00e3o 94:&nbsp;<\/strong>&#8220;Ausente a materialidade das les\u00f5es e tendo conclu\u00eddo pela exist\u00eancia de contraven\u00e7\u00e3o&#8230;&#8221;<br \/><strong><em>Resposta:<\/em><\/strong> ERRADO <\/p>\n\n\n\n<p><strong>Quest\u00e3o 95:&nbsp;<\/strong>&#8220;Se o munic\u00edpio onde se deu a instaura\u00e7\u00e3o do inqu\u00e9rito n\u00e3o for a sede da comarca&#8230;&#8221;<br \/><strong><em>Resposta:<\/em><\/strong> CERTO (CABE RECURSO &#8211; extrapola\u00e7\u00e3o do edital, pois se trata de tema que depende <br \/>de conhecimentos sobre a Lei 11.340\/06)<\/p>\n\n\n\n<p><strong>Quest\u00e3o 96:<\/strong> &#8220;Caso o inqu\u00e9rito policial tenha sido instaurado por auto de pris\u00e3o em flagrante&#8230;&#8221;<br \/><strong><em>Resposta:<\/em><\/strong> ERRADO<\/p>\n\n\n\n<p><strong>Quest\u00e3o 97:&nbsp;<\/strong>&#8220;Fere o princ\u00edpio constitucional da n\u00e3o culpabilidade a defini\u00e7\u00e3o de maus antecedentes&#8230;&#8221;<br \/><strong><em>Resposta:<\/em><\/strong> CERTO<\/p>\n\n\n\n<p><strong>Quest\u00e3o 98:&nbsp;<\/strong>&#8220;O investigado que se atribui falsa identidade perante a autoridade policial age de forma&#8230;&#8221;<br \/><strong><em>Resposta:<\/em><\/strong> ERRADO (CABE RECURSO, extrapola\u00e7\u00e3o do edital, pois se trata de conte\u00fado relativo a <br \/>crimes contra a f\u00e9 p\u00fablica)<\/p>\n\n\n\n<p><strong>Quest\u00e3o 99:&nbsp;<\/strong>&#8220;A\u00e7\u00e3o penal iniciada por den\u00fancia que n\u00e3o contenha a exposi\u00e7\u00e3o do fato criminoso&#8230;&#8221;<br \/><strong><em>Resposta:<\/em><\/strong> CERTO (CABE RECURSO &#8211; extrapola\u00e7\u00e3o do edital &#8211; tema de a\u00e7\u00e3o penal)<\/p>\n\n\n\n<p><strong>Quest\u00e3o 100:&nbsp;<\/strong>&#8220;Condena\u00e7\u00e3o baseada em elementos de inqu\u00e9rito policial complementados por provas&#8230;&#8221;<br \/><strong><em>Resposta:<\/em><\/strong> CERTO<\/p>\n\n\n\n<p><strong>Quest\u00e3o 101:&nbsp;<\/strong>&#8220;Se nomeado defensor pelo juiz, a determina\u00e7\u00e3o da continuidade do processo do acusado&#8230;&#8221;<br \/><strong><em>Resposta:<\/em><\/strong> ERRADO<\/p>\n\n\n\n<p><strong>Quest\u00e3o 102:&nbsp;<\/strong>&#8220;Em se tratando de crime de a\u00e7\u00e3o privada, o inqu\u00e9rito poder\u00e1 ser instaurado por requisi\u00e7\u00e3o&#8230;&#8221;<br \/><strong><em>Resposta:<\/em><\/strong> ERRADO <\/p>\n\n\n\n<p><strong>Quest\u00e3o 103:&nbsp;<\/strong>&#8220;Verificado equ\u00edvoco na instaura\u00e7\u00e3o de inqu\u00e9rito para apurar crime de a\u00e7\u00e3o privada, dever\u00e1&#8230;&#8221;<br \/><strong><em>Resposta:<\/em><\/strong> ERRADO <\/p>\n\n\n\n<p><strong>Quest\u00e3o 104:&nbsp;<\/strong>&#8220;Tratando-se de crime de les\u00e3o corporal leve, o inqu\u00e9rito policial s\u00f3 poder\u00e1 ser iniciado&#8230;&#8221;<br \/><strong><em>Resposta:<\/em><\/strong> CERTO<\/p>\n\n\n\n<p><strong>Quest\u00e3o 105:&nbsp;<\/strong>&#8220;O inqu\u00e9rito policial pode ser dispensado com base em elementos colhidos em inqu\u00e9rito&#8230;&#8221;<br \/><strong><em>Resposta:<\/em><\/strong>  CERTO <\/p>\n\n\n\n<p><strong>Quest\u00e3o 106:<\/strong> &#8220;Pode a autoridade policial deferir ou indeferir pedido de prova feito pelo indiciado&#8230;&#8221;<br \/><strong><em>Resposta:<\/em><\/strong> CERTO <\/p>\n\n\n\n<p><strong>Quest\u00e3o 107:&nbsp;<\/strong>&#8220;Em raz\u00e3o de sua natureza restritiva, \u00e9 taxativo o rol de requisitos para o ingresso&#8230;&#8221;<br \/><strong><em>Resposta:<\/em><\/strong> ERRADO<\/p>\n\n\n\n<p><strong>Quest\u00e3o 108:&nbsp;<\/strong>&#8220;O direito aos adicionais de insalubridade ou periculosidade\u2026&#8221;<br \/><strong><em>Resposta:<\/em><\/strong> CERTO  <\/p>\n\n\n\n<p><strong>Quest\u00e3o 109:<\/strong> &#8220;S\u00e3o prerrogativas da administra\u00e7\u00e3o p\u00fablica tanto a concess\u00e3o\u2026&#8221;<br \/><strong><em>Resposta:<\/em><\/strong> CERTO  <\/p>\n\n\n\n<p><strong>Quest\u00e3o 110:&nbsp;<\/strong>&#8220;A remo\u00e7\u00e3o de of\u00edcio poder\u00e1 se dar entre \u00f3rg\u00e3os distintos\u2026&#8221;<br \/><strong><em>Resposta:<\/em><\/strong> ERRADO<\/p>\n\n\n\n<p><strong>Quest\u00e3o 111:&nbsp;<\/strong>&#8220;Considera-se regularmente investido em cargo p\u00fablico aquele que\u2026&#8221;<br \/><strong><em>Resposta:<\/em><\/strong> ERRADO<\/p>\n\n\n\n<p><strong>Quest\u00e3o 112:&nbsp;<\/strong>&#8220;\u00c9 finalidade do Estado do Alagoas a promo\u00e7\u00e3o das condi\u00e7\u00f5es necess\u00e1rias&#8230;&#8221;<br \/><strong><em>Resposta:<\/em><\/strong> CERTO<\/p>\n\n\n\n<p><strong>Quest\u00e3o 113:&nbsp;<\/strong>&#8220;Salvo se a proposta pelo do estado ou pela mesa da assembleia legislativa&#8230;&#8221;<br \/><strong><em>Resposta:<\/em><\/strong> ERRADO<\/p>\n\n\n\n<p><strong>Quest\u00e3o 114:&nbsp;<\/strong>&#8220;A lei \u00e9 indispens\u00e1vel para a cria\u00e7\u00e3o de cargos, fun\u00e7\u00f5es e empregos p\u00fablicos&#8230;&#8221;<br \/><strong><em>Resposta:<\/em><\/strong> CERTO<\/p>\n\n\n\n<p><strong>Quest\u00e3o 115:&nbsp;<\/strong>&#8220;Os munic\u00edpios do estado do Alagoas subordinam-se administrativa e financeiramente&#8230;&#8221;<br \/><strong><em>Resposta:<\/em><\/strong> ERRADO<\/p>\n\n\n\n<p><strong>Quest\u00e3o 116:&nbsp;<\/strong>&#8220;S\u00e3o indeleg\u00e1veis as atribui\u00e7\u00f5es do governador e dos secret\u00e1rios de estado previstas&#8230;&#8221;<br \/><strong><em>Resposta:<\/em><\/strong> ERRADO<\/p>\n\n\n\n<p><strong>Quest\u00e3o 117: <\/strong>&#8220;\u00c9 permitido ao membro da pol\u00edcia judici\u00e1ria, observados os requisitos legais, o exerc\u00edcio&#8230;&#8221;<br \/><strong><em>Resposta:<\/em><\/strong> CERTO (PODE CABER RECURSO)<\/p>\n\n\n\n<p><strong>Quest\u00e3o 118:&nbsp;<\/strong>&#8220;Embora a Pol\u00edcia Civil do Alagoas n\u00e3o possua um car\u00e1ter militar, a preced\u00eancia hier\u00e1rquica&#8230;&#8221;<br \/><strong><em>Resposta:<\/em><\/strong> CERTO<\/p>\n\n\n\n<p><strong>Quest\u00e3o 119:&nbsp;<\/strong>&#8220;O Conselho Superior da Pol\u00edcia \u00e9 o \u00f3rg\u00e3o consultivo e opinativo para assuntos de pol\u00edcia&#8230;&#8221;<br \/><strong><em>Resposta:<\/em><\/strong> ERRADO<\/p>\n\n\n\n<p><strong>Quest\u00e3o 120:<\/strong> &#8220;\u00c9 vedada a concess\u00e3o de gratifica\u00e7\u00e3o pela presta\u00e7\u00e3o de servi\u00e7o extraordin\u00e1rio ao funcion\u00e1rio&#8230;&#8221;<br \/><strong><em>Resposta:<\/em><\/strong> ERRADO<\/p>\n\n\n\n<p class=\"has-black-color has-cyan-bluish-gray-background-color has-text-color has-background has-medium-font-size\"><strong>Obs.: Prova de Escriv\u00e3o:<\/strong> as disciplinas <em>Direito Penal, Direito Processual Penal, Direito Administrativo e Direito Constitucional <\/em>s\u00e3o <strong>diferentes<\/strong> da <strong>Prova de Agente<\/strong>. <br \/><strong>O restante \u00e9 id\u00eantico<\/strong>, podendo mudar apenas a ordem das quest\u00f5es. <\/p>\n\n\n\n<h2 class=\"wp-block-heading\" id=\"h-gabarito-extraoficial-pc-al-escrivao\">Gabarito Extraoficial PC AL ESCRIV\u00c3O<\/h2>\n\n\n\n<p>Abaixo, voc\u00ea pode consultar o <strong>gabarito extraoficial PC AL ESCRIV\u00c3O<\/strong> com as quest\u00f5es corrigidas pelos nossos professores. Como existem v\u00e1rios tipos de provas, voc\u00ea pode conferindo o in\u00edcio da quest\u00e3o.<\/p>\n\n\n<p class=\"has-text-align-left\"><strong>Quest\u00e3o 1:&nbsp;<\/strong>&#8220;Sem preju\u00edzo da corre\u00e7\u00e3o gramatical e do sentido do primeiro per\u00edodo&#8230;.&#8221;<br \/><em><b>Resposta: <\/b><\/em>ERRADO<\/p>\n<p><!-- \/wp:post-content --><!-- wp:paragraph --><\/p>\n<p><strong>Quest\u00e3o 2:<\/strong> &#8220;O texto que se classifica como dissertativo-expositivo quanto \u00e0 tipologia&#8230;&#8221;<br \/><em><b>Resposta:<\/b><\/em> ERRADO<\/p>\n<p><!-- \/wp:paragraph --><!-- wp:paragraph --><\/p>\n<p><strong>Quest\u00e3o 3:&nbsp;<\/strong>&#8220;Embora o primeiro per\u00edodo do segundo par\u00e1grafo se refira especificamente&#8230;&#8221;<br \/><em><b>Resposta:<\/b><\/em> CERTO<\/p>\n<p><!-- \/wp:paragraph --><!-- wp:paragraph --><\/p>\n<p><strong>Quest\u00e3o 4:<\/strong> &#8220;Mantendo-se a corre\u00e7\u00e3o gramatical e o sentido original do texto, o primeiro&#8230;&#8221;<br \/><em><b>Resposta:<\/b><\/em> ERRADO<\/p>\n<p><!-- \/wp:paragraph --><!-- wp:paragraph --><\/p>\n<p><strong>Quest\u00e3o 5:<\/strong> &#8220;Sem preju\u00edzo da corre\u00e7\u00e3o gramatical do texto e das informa\u00e7\u00f5es nele veiculadas&#8230;&#8221;<br \/><em><b>Resposta:<\/b><\/em> CERTO<\/p>\n<p><!-- \/wp:paragraph --><!-- wp:paragraph --><\/p>\n<p><strong>Quest\u00e3o 6:&nbsp;<\/strong>&#8220;A substitui\u00e7\u00e3o da forma verbal &#8220;busca&#8221; (\u00faltimo per\u00edodo do texto) por busque&#8230;&#8221;<br \/><em><b>Resposta:<\/b><\/em> CERTO<\/p>\n<p><!-- \/wp:paragraph --><!-- wp:paragraph --><\/p>\n<p><strong>Quest\u00e3o 7:&nbsp;<\/strong>&#8220;Depreende-se do texto que a prefeitura de Macei\u00f3 direcionou no m\u00ednimo cinquenta&#8230;&#8221;<br \/><em><b>Resposta:<\/b><\/em> ERRADO<\/p>\n<p><!-- \/wp:paragraph --><!-- wp:paragraph --><\/p>\n<p><strong>Quest\u00e3o 8:&nbsp;<\/strong>&#8220;De acordo com a fala do capit\u00e3o subcomandante apresentada no terceiro par\u00e1grafo&#8230;&#8221;<br \/><em><b>Resposta:<\/b><\/em> ERRADO<\/p>\n<p><!-- \/wp:paragraph --><!-- wp:paragraph --><\/p>\n<p><strong>Quest\u00e3o 9:&nbsp;<\/strong>&#8220;A corre\u00e7\u00e3o gramatical e o sentido do texto seriam preservados caso o&#8230;&#8221; <br \/><em><b>Resposta:<\/b><\/em> ERRADO<\/p>\n<p><!-- \/wp:paragraph --><!-- wp:paragraph --><\/p>\n<p><strong>Quest\u00e3o 10:&nbsp;<\/strong>&#8220;O emprego dos termos &#8216;combina&#8217;, &#8216;aliando&#8217; e &#8216;conciliando&#8217; no texto contribui para&#8230;&#8221;<br \/><em><b>Resposta:<\/b><\/em> CERTO<\/p>\n<p><!-- \/wp:paragraph --><!-- wp:paragraph --><\/p>\n<p><strong>Quest\u00e3o 11:&nbsp;<\/strong>&#8220;No primeiro par\u00e1grafo do texto, tanto o trecho &#8216;um dos bairros mais populosos de Macei\u00f3&#8217;&#8230;&#8221;<br \/><em><b>Resposta:<\/b><\/em> CERTO<\/p>\n<p><!-- \/wp:paragraph --><!-- wp:paragraph --><\/p>\n<p><strong>Quest\u00e3o 12:&nbsp;<\/strong>&#8220;Sem preju\u00edzo da coer\u00eancia do texto, no trecho &#8216;conciliando o operacional com o social&#8217;&#8230;&#8221;<br \/><em><b>Resposta:<\/b><\/em> CERTO<\/p>\n<p><!-- \/wp:paragraph --><!-- wp:paragraph --><\/p>\n<p><strong>Quest\u00e3o 13:<\/strong> &#8220;O sentido do segundo par\u00e1grafo do texto seria alterado caso a v\u00edrgula empregada imediatamente&#8230;.&#8221;<br \/><em><b>Resposta:<\/b><\/em> CERTO<\/p>\n<p><!-- \/wp:paragraph --><!-- wp:paragraph --><\/p>\n<p><strong>Quest\u00e3o 14:&nbsp;<\/strong>&#8220;Conclui-se do texto o folclore \u00e9 uma manifesta\u00e7\u00e3o marcadamente hist\u00f3rica e contextualizada&#8230;&#8221;<br \/><em><b>Resposta:<\/b><\/em> CERTO<\/p>\n<p><!-- \/wp:paragraph --><!-- wp:paragraph --><\/p>\n<p><strong>Quest\u00e3o 15:<\/strong> &#8220;A men\u00e7\u00e3o feita a Th\u00e9o Brand\u00e3o e a qualifica\u00e7\u00e3o de sua obra s\u00e3o recursos utilizados para&#8230;&#8221;<br \/><em><b>Resposta:<\/b><\/em> CERTO<\/p>\n<p><!-- \/wp:paragraph --><!-- wp:paragraph --><\/p>\n<p><strong>Quest\u00e3o 16:&nbsp;<\/strong>&#8220;Em &#8216;Ele nada faz sem motivo&#8217;, o termo &#8216;sem motivo&#8217; exerce a fun\u00e7\u00e3o de complemento&#8230;&#8221;<br \/><em><b>Resposta:<\/b><\/em> ERRADO<\/p>\n<p><!-- \/wp:paragraph --><!-- wp:paragraph --><\/p>\n<p><strong>Quest\u00e3o 17:&nbsp;<\/strong>&#8220;Estaria gramaticalmente correta a substitui\u00e7\u00e3o de &#8216;h\u00e1&#8217; por existe em&#8230;.&#8221;<br \/><em><b>Resposta:<\/b><\/em> ERRADO<\/p>\n<p><!-- \/wp:paragraph --><!-- wp:paragraph --><\/p>\n<p><strong>Quest\u00e3o 18:&nbsp;<\/strong>&#8220;A supress\u00e3o da v\u00edrgula empregada logo ap\u00f3s &#8216;motivo&#8217; no segundo per\u00edodo&#8230;&#8221;<br \/><em><b>Resposta:<\/b><\/em> CERTO<\/p>\n<p><!-- \/wp:paragraph --><!-- wp:paragraph --><\/p>\n<p><strong>Quest\u00e3o 19:&nbsp;<\/strong>&#8220;A ora\u00e7\u00e3o iniciada pelo verbo &#8216;chegar exerce, no quarto per\u00edodo do \u00faltimo par\u00e1grafo&#8230;&#8221;<br \/><em><b>Resposta:<\/b><\/em> CERTO<\/p>\n<p><!-- \/wp:paragraph --><!-- wp:paragraph --><\/p>\n<p><strong>Quest\u00e3o 20:<\/strong> &#8220;No primeiro per\u00edodo do segundo par\u00e1grafo, a forma pronominal &#8216;o&#8217; retoma&#8230;&#8221;<br \/><em><b>Resposta:<\/b><\/em> CERTO<\/p>\n<p><!-- \/wp:paragraph --><!-- wp:paragraph --><\/p>\n<p><strong>Quest\u00e3o 21:<\/strong> &#8220;A \u00e9tica pode ser entendida como uma escolha&#8230;&#8221;<br \/><em><b>Resposta:<\/b><\/em> ERRADO<\/p>\n<p><!-- \/wp:paragraph --><!-- wp:paragraph --><\/p>\n<p><strong>Quest\u00e3o 22:&nbsp;<\/strong>&#8220;O objetivo de estudo da \u00e9tica \u00e9 o comportamento&#8230;&#8221;<br \/><em><b>Resposta:<\/b><\/em> CERTO<\/p>\n<p><!-- \/wp:paragraph --><!-- wp:paragraph --><\/p>\n<p><strong>Quest\u00e3o 23:&nbsp;<\/strong>&#8220;A \u00e9tica pode alterar as regras morais enraizadas&#8230;&#8221;<br \/><em><b>Resposta:<\/b><\/em> CERTO (quest\u00e3o bem gen\u00e9rica)<\/p>\n<p><!-- \/wp:paragraph --><!-- wp:paragraph --><\/p>\n<p><strong>Quest\u00e3o 24:<\/strong> &#8220;No servi\u00e7o p\u00fablico a \u00e9tica \u00e9 mitigada j\u00e1 que o&#8230;&#8221;<br \/><em><b>Resposta:<\/b><\/em> ERRADO<\/p>\n<p><!-- \/wp:paragraph --><!-- wp:paragraph --><\/p>\n<p><strong>Quest\u00e3o 25:&nbsp;<\/strong>&#8220;O exerc\u00edcio da cidadania por meio da elei\u00e7\u00e3o de&#8230;&#8221;<br \/><em><b>Resposta:<\/b><\/em> ERRADO<\/p>\n<p><!-- \/wp:paragraph --><!-- wp:paragraph --><\/p>\n<p><strong>Quest\u00e3o 26:&nbsp;<\/strong>&#8220;O decoro e a consci\u00eancia dos princ\u00edpios morais&#8230;&#8221;<br \/><em><b>Resposta:<\/b><\/em> CERTO<\/p>\n<p><!-- \/wp:paragraph --><!-- wp:paragraph --><\/p>\n<p><strong>Quest\u00e3o 27:<\/strong> &#8220;\u00c9 vedado ao servidor ligar seu nome a empreendimento&#8230;&#8221;<br \/><em><b>Resposta:<\/b><\/em> CERTO<\/p>\n<p><!-- \/wp:paragraph --><!-- wp:paragraph --><\/p>\n<p><strong>Quest\u00e3o 28:&nbsp;<\/strong>&#8220;O servidor p\u00fablico, quando estiver diante de duas op\u00e7\u00f5es&#8230;&#8221;<br \/><em><b>Resposta:<\/b><\/em> ERRADO<\/p>\n<p><!-- \/wp:paragraph --><!-- wp:paragraph --><\/p>\n<p><strong>Quest\u00e3o 29:&nbsp;<\/strong>&#8220;A presta\u00e7\u00e3o de servi\u00e7o de natureza excepcional, sem remunera\u00e7\u00e3o&#8230;&#8221;<br \/><em><b>Resposta:<\/b><\/em> ERRADO<\/p>\n<p><!-- \/wp:paragraph --><!-- wp:paragraph --><\/p>\n<p><strong>Quest\u00e3o 30:&nbsp;<\/strong>&#8220;Nas decis\u00f5es tomadas pela Comiss\u00e3o de \u00c9tica em an\u00e1lise de&#8230;&#8221;<br \/><em><b>Resposta:<\/b><\/em> CERTA<\/p>\n<p><!-- \/wp:paragraph --><!-- wp:paragraph --><\/p>\n<p><strong>Quest\u00e3o 31:&nbsp;<\/strong>&#8220;A apologia ao \u00f3dio religioso que constitua incita\u00e7\u00e3o&#8230;&#8221;<br \/><em><b>Resposta:<\/b><\/em> CERTO<\/p>\n<p><!-- \/wp:paragraph --><!-- wp:paragraph --><\/p>\n<p><strong>Quest\u00e3o 32:<\/strong> &#8220;A pena de reclus\u00e3o tem por principal finalidade a a prote\u00e7\u00e3o&#8230;&#8221;<br \/><em><b>Resposta:<\/b><\/em> ERRADO<\/p>\n<p><!-- \/wp:paragraph --><!-- wp:paragraph --><\/p>\n<p><strong>Quest\u00e3o 33:<\/strong> &#8220;O Estado que abolir a pena de morte n\u00e3o poder\u00e1 restabelec\u00ea-la&#8230;&#8221;<br \/><em><b>Resposta:<\/b><\/em> CERTO<\/p>\n<p><!-- \/wp:paragraph --><!-- wp:paragraph --><\/p>\n<p><strong>Quest\u00e3o 34:<\/strong> &#8220;Todos os cidad\u00e3os devem possuir o direito de participar da dire\u00e7\u00e3o&#8230;&#8221;<br \/><em><b>Resposta:<\/b><\/em> CERTO<\/p>\n<p><!-- \/wp:paragraph --><!-- wp:paragraph --><\/p>\n<p><strong>Quest\u00e3o 35:<\/strong> &#8220;A sujei\u00e7\u00e3o do r\u00e9u a medida restritiva representa exce\u00e7\u00e3o \u00e0 proibi\u00e7\u00e3o&#8230;&#8221;<br \/><em><b>Resposta:<\/b><\/em> ERRADO<\/p>\n<p><!-- \/wp:paragraph --><!-- wp:paragraph --><\/p>\n<p><strong>Quest\u00e3o 36:&nbsp;<\/strong>&#8220;A fim de garantir a prote\u00e7\u00e3o dos direitos humanos, a Constitui\u00e7\u00e3o&#8230;&#8221;<br \/><em><b>Resposta:<\/b><\/em> CERTO<\/p>\n<p><!-- \/wp:paragraph --><!-- wp:paragraph --><\/p>\n<p><strong>Quest\u00e3o 37:&nbsp;<\/strong>&#8220;Os direitos humanos s\u00e3o classificados como universais porque mudam&#8230;&#8221;<br \/><em><b>Resposta:<\/b><\/em> ERRADO<\/p>\n<p><!-- \/wp:paragraph --><!-- wp:paragraph --><\/p>\n<p><strong>Quest\u00e3o 38:&nbsp;<\/strong>&#8220;A Declara\u00e7\u00e3o Universal dos direitos humanos n\u00e3o cria direitos humanos&#8230;&#8221;<br \/><em><b>Resposta:<\/b><\/em> CERTO (CABE RECURSO &#8211; n\u00e3o est\u00e1 no programa)<\/p>\n<p><!-- \/wp:paragraph --><!-- wp:paragraph --><\/p>\n<p><strong>Quest\u00e3o 39:&nbsp;<\/strong>&#8220;Embora os Estados devam desenvolver mecanismos para garantir que&#8230;&#8221;<br \/><em><b>Resposta:<\/b><\/em> ERRADO<\/p>\n<p><!-- \/wp:paragraph --><!-- wp:paragraph --><\/p>\n<p><strong>Quest\u00e3o 40:&nbsp;<\/strong>&#8220;A inser\u00e7\u00e3o de regras sobre os direitos fundamentais na Constitui\u00e7\u00e3o&#8230;&#8221;<br \/><em><b>Resposta:<\/b><\/em> CERTO (CABE RECURSO)<\/p>\n<p><!-- \/wp:paragraph --><!-- wp:paragraph --><\/p>\n<p><strong>Quest\u00e3o 41:<\/strong> &#8220;Os direitos humanos s\u00e3o direitos b\u00e1sicos essenciais \u00e0 vida&#8230;&#8221;<br \/><em><b>Resposta:<\/b><\/em> ERRADO (CABE RECURSO &#8211; quest\u00e3o da dignidade humana)<\/p>\n<p><!-- \/wp:paragraph --><!-- wp:paragraph --><\/p>\n<p><strong>Quest\u00e3o 42:&nbsp;<\/strong>&#8220;O Brasil ainda n\u00e3o possui um programa de direitos humanos, com regras&#8230;&#8221;<br \/><em><b>Resposta:<\/b><\/em> ERRADO<\/p>\n<p><!-- \/wp:paragraph --><!-- wp:paragraph --><\/p>\n<p><strong>Quest\u00e3o 43:&nbsp;<\/strong>&#8220;A computa\u00e7\u00e3o na nuvem (<em>cloud computing<\/em>) possibilita que aplica\u00e7\u00f5es&#8230;&#8221;<br \/><em><b>Resposta:<\/b><\/em> CERTO (PODE CABER RECURSO)<\/p>\n<p><!-- \/wp:paragraph --><!-- wp:paragraph --><\/p>\n<p><strong>Quest\u00e3o 44:&nbsp;<\/strong>&#8220;Rede metropolitana (MAN) \u00e9 aquela que abrange uma grande \u00e1rea geogr\u00e1fica&#8230;&#8221;<br \/><em><b>Resposta:<\/b><\/em> ERRADO<\/p>\n<p><!-- \/wp:paragraph --><!-- wp:paragraph --><\/p>\n<p><strong>Quest\u00e3o 45:&nbsp;<\/strong>&#8220;Denomina-se cabo coaxial, em uma rede de comunica\u00e7\u00e3o, o tipo de m\u00eddia&#8230;&#8221;<br \/><em><b>Resposta:<\/b><\/em> ERRADO<\/p>\n<p><!-- \/wp:paragraph --><!-- wp:paragraph --><\/p>\n<p><strong>Quest\u00e3o 46:<\/strong> &#8220;No s\u00edtio de buscas do Google, uma pesquisa pela express\u00e3o &#8220;CIDADE DE MACEI\u00d3&#8221;&#8230;&#8217;<br \/><em><b>Resposta:<\/b><\/em> CERTO<\/p>\n<p><!-- \/wp:paragraph --><!-- wp:paragraph --><\/p>\n<p><strong>Quest\u00e3o 47:&nbsp;<\/strong>&#8220;Em se tratando de Sistema Operacional Windows 10, os nomes dos arquivos podem&#8230;&#8221;<br \/><em><b>Resposta:<\/b><\/em> ERRADO<\/p>\n<p><!-- \/wp:paragraph --><!-- wp:paragraph --><\/p>\n<p><strong>Quest\u00e3o 48:<\/strong> &#8220;No Sistema Operacional Windows 10, o nome de um arquivo <strong><s>\u00e9<\/s><\/strong> criptografado \u00e9 apresentado&#8230;&#8221;<br \/><em><b>Resposta:<\/b><\/em> CERTO (se for erro grafia)<\/p>\n<p><!-- \/wp:paragraph --><!-- wp:paragraph --><\/p>\n<p><strong>Quest\u00e3o 49:<\/strong> &#8220;A heur\u00edstica \u00e9 um dos m\u00e9todos de detec\u00e7\u00e3o de ferramentas <em>antimalware<\/em>&#8230;&#8221;<br \/><em><b>Resposta:<\/b><\/em> CERTO<\/p>\n<p><!-- \/wp:paragraph --><!-- wp:paragraph --><\/p>\n<p><strong>Quest\u00e3o 50:&nbsp;<\/strong>&#8220;A grande diferen\u00e7a entre v\u00edrus e <em>worms<\/em> est\u00e1 na forma como eles se propagam:&#8230;&#8221;<br \/><em><b>Resposta:<\/b><\/em> ERRADO<\/p>\n<p style=\"text-align: justify;\"><strong>Quest\u00e3o 51:&nbsp;<\/strong>&#8220;A autoridade competente agiu equivocadamente ao realizar a contrata\u00e7\u00e3o..&#8221;<br \/><em><b>Resposta:<\/b><\/em> CERTO<\/p>\n<p><!-- \/wp:paragraph --><!-- wp:paragraph --><\/p>\n<p><strong>Quest\u00e3o 52:<\/strong> &#8220;O descumprimento \u00e0s regras contidas no edital de licita\u00e7\u00e3o viola o princ\u00edpio&#8230;&#8221;<br \/><em><b>Resposta:<\/b><\/em> CERTO<\/p>\n<p><strong>Quest\u00e3o 53:&nbsp;<\/strong>&#8220;A contrata\u00e7\u00e3o da empresa do primo configura viola\u00e7\u00e3o ao princ\u00edpio da&#8230;&#8221;<br \/><em><b>Resposta:<\/b><\/em> ERRADO<\/p>\n<p><strong>Quest\u00e3o 54:&nbsp;<\/strong>&#8220;Agiu corretamente a Administra\u00e7\u00e3o ao utilizar o leil\u00e3o, uma vez que \u00e9 modalidade&#8230;&#8221;<br \/><em><b>Resposta:<\/b><\/em> ERRADO<\/p>\n<p><!-- \/wp:paragraph --><!-- wp:paragraph --><\/p>\n<p><strong>Quest\u00e3o 55:&nbsp;<\/strong>&#8220;O crime foi cometido em uma sociedade de economia mista, entidade da&#8230;&#8221;<br \/><em><b>Resposta:<\/b><\/em> ERRADO<\/p>\n<p><!-- \/wp:paragraph --><!-- wp:paragraph --><\/p>\n<p><strong>Quest\u00e3o 56:&nbsp;<\/strong>&#8220;A ordem conferida ao agente pelo delegado confira exerc\u00edcio de poder&#8230;&#8221;<br \/><em><b>Resposta:<\/b><\/em> ERRADO<\/p>\n<p><!-- \/wp:paragraph --><!-- wp:paragraph --><\/p>\n<p><strong>Quest\u00e3o 57: <\/strong>&#8220;A aplica\u00e7\u00e3o da san\u00e7\u00e3o pelo delegado configura exerc\u00edcio do poder disciplinar&#8230;&#8221;<br \/><em><b>Resposta:<\/b><\/em> ERRADO<\/p>\n<p><strong>Quest\u00e3o 58:&nbsp;<\/strong>&#8220;Os agentes p\u00fablicos subordinados n\u00e3o devem cumprir as ordens manifestamente&#8230;&#8221;<br \/><em><b>Resposta:<\/b><\/em> ERRADO<\/p>\n<p><!-- \/wp:paragraph --><!-- wp:paragraph --><\/p>\n<p><strong>Quest\u00e3o 59:&nbsp;<\/strong>&#8220;O ajuizamento de mandado de seguran\u00e7a para anular o ato administrativo&#8230;\u201d<br \/><em><b>Resposta:<\/b><\/em> ERRADO<\/p>\n<p><!-- \/wp:paragraph --><!-- wp:paragraph --><\/p>\n<p><strong>Quest\u00e3o 60:<\/strong> &#8220;N\u00e3o demonstrada nenhuma causa excludente, o Estado dever\u00e1 se responsabilizar&#8230;&#8221;<br \/><em><b>Resposta:<\/b><\/em> CERTO<\/p>\n<p><!-- \/wp:paragraph --><!-- wp:paragraph --><\/p>\n<p><strong>Quest\u00e3o 61:&nbsp;<\/strong>&#8220;Para o Estado ser responsabilizado, Maria tem de comprovar o ato danoso&#8230;&#8221;<br \/><em><b>Resposta: <\/b><\/em>ERRADO<\/p>\n<p><!-- \/wp:paragraph --><!-- wp:paragraph --><\/p>\n<p><strong>Quest\u00e3o 62:&nbsp;<\/strong>&#8220;A investidura em cargo comissionado n\u00e3o depende de provas ou &#8230;&#8221;<br \/><em><b>Resposta:<\/b><\/em> CERTO<\/p>\n<p><!-- \/wp:paragraph --><!-- wp:paragraph --><\/p>\n<p><strong>Quest\u00e3o 63:&nbsp;<\/strong>&#8220;S\u00e3o classificados simples os atos administrativos editados a partir da&#8230;&#8221;<br \/><em><b>Resposta:<\/b><\/em> CERTO<\/p>\n<p><!-- \/wp:paragraph --><!-- wp:paragraph --><\/p>\n<p><strong>Quest\u00e3o 64:<\/strong> &#8220;A presun\u00e7\u00e3o de que os atos administrativos s\u00e3o editados em conformidade&#8230;&#8221;<br \/><em><b>Resposta:<\/b><\/em> CERTO<\/p>\n<p><strong style=\"font-size: revert; color: initial;\">Quest\u00e3o 65:<\/strong><span style=\"font-size: revert; color: initial;\"> &#8220;A intercepta\u00e7\u00e3o telef\u00f4nica pode ser realizada independentemente de ordem&#8230;&#8221;<br \/><\/span><em style=\"font-size: revert; color: initial;\"><b>Resposta:<\/b><\/em><span style=\"font-size: revert; color: initial;\"> ERRADO<\/span><\/p>\n<p><!-- \/wp:paragraph --><!-- wp:paragraph --><\/p>\n<p><strong>Quest\u00e3o 66:&nbsp;<\/strong>&#8220;Sendo a casa o asilo inviol\u00e1vel, ningu\u00e9m pode nela adentrar sem consentimento&#8230;&#8221;<br \/><em><b>Resposta:<\/b><\/em> ERRADO<\/p>\n<p><!-- \/wp:paragraph --><!-- wp:paragraph --><\/p>\n<p><strong>Quest\u00e3o 67:&nbsp;<\/strong>&#8220;Para anular a pris\u00e3o, cabe ao preso interpor mandado de seguran\u00e7a&#8230;&#8221;<br \/><em><b>Resposta:<\/b><\/em> ERRADO<\/p>\n<p><!-- \/wp:paragraph --><!-- wp:paragraph --><\/p>\n<p><strong>Quest\u00e3o 68:&nbsp;<\/strong>&#8220;Agiu equivocadamente o policial ao n\u00e3o comunicar ao juiz competente logo&#8230;&#8221;<br \/><em><b>Resposta:<\/b><\/em> CERTO<\/p>\n<p><!-- \/wp:paragraph --><!-- wp:paragraph --><\/p>\n<p><strong>Quest\u00e3o 69:&nbsp;<\/strong>\u201cOs objetos colhidos na casa do suspeito n\u00e3o poder\u00e3o ser admiss\u00edveis como&#8230;&#8221;<br \/><em><b>Resposta:<\/b><\/em> CERTO<\/p>\n<p><!-- \/wp:paragraph --><!-- wp:paragraph --><\/p>\n<p><strong>Quest\u00e3o 70:&nbsp;<\/strong>\u201cAgiu corretamente o policial ao informar o preso que ele tinha o direito&#8230;&#8221;<br \/><em><b>Resposta:<\/b><\/em> CERTO<\/p>\n<p><!-- \/wp:paragraph --><!-- wp:paragraph --><\/p>\n<p><strong>Quest\u00e3o 71:<\/strong> &#8220;A seguran\u00e7a \u00e9 um direito social assegurado expressamente na CF&#8230;&#8221;<br \/><em><b>Resposta:<\/b><\/em> CERTO<\/p>\n<p><!-- \/wp:paragraph --><!-- wp:paragraph --><\/p>\n<p><strong>Quest\u00e3o 72:&nbsp;<\/strong>&#8220;Perder\u00e1 a nacionalidade o brasileiro cuja naturaliza\u00e7\u00e3o for cancelada, por&#8230;&#8221;<br \/><em><b>Resposta:<\/b><\/em> ERRADO<\/p>\n<p><!-- \/wp:paragraph --><!-- wp:paragraph --><\/p>\n<p><strong>Quest\u00e3o 73:<\/strong> &#8220;A condena\u00e7\u00e3o judicial por pr\u00e1tica de ato de improbidade administrativa acarreta&#8230;&#8221;<br \/><em><b>Resposta:<\/b><\/em> ERRADO<\/p>\n<p><!-- \/wp:paragraph --><!-- wp:paragraph --><\/p>\n<p><strong>Quest\u00e3o 74:&nbsp;<\/strong>&#8220;As pol\u00edcias civis estaduais devem ser necessariamente dirigidas por delegado&#8230;&#8221;<br \/><em><b>Resposta:<\/b><\/em> CERTO<\/p>\n<p><!-- \/wp:paragraph --><!-- wp:paragraph --><\/p>\n<p><strong>Quest\u00e3o 75:<\/strong> &#8220;\u00c0s pol\u00edcias civis estaduais compete apurar infra\u00e7\u00f5es penais e reprimir o&#8230;&#8221;<br \/><em><b>Resposta:<\/b><\/em> ERRADO<\/p>\n<p><!-- \/wp:paragraph --><!-- wp:paragraph --><\/p>\n<p><strong>Quest\u00e3o 76:&nbsp;<\/strong>&#8220;A remunera\u00e7\u00e3o dos policiais civis deve ser fixada exclusivamente por subs\u00eddio&#8230;&#8221;<br \/><em><b>Resposta:<\/b><\/em> CERTO<\/p>\n<p><strong>Quest\u00e3o 77:&nbsp;<\/strong>&#8220;Para fins de tipifica\u00e7\u00e3o penal, admite-se a possibilidade de incid\u00eancia de qualificadora&#8230;&#8221;<br \/><em><b>Resposta:<\/b><\/em> CERTO<\/p>\n<p><!-- \/wp:paragraph --><!-- wp:paragraph --><\/p>\n<p><strong>Quest\u00e3o 78:<\/strong> &#8220;O crime de les\u00e3o corporal qualificado pela viol\u00eancia dom\u00e9stica admite mulher&#8230;&#8221;<br \/><em><b>Resposta:<\/b><\/em> CERTO<\/p>\n<p><!-- \/wp:paragraph --><!-- wp:paragraph --><\/p>\n<p><strong>Quest\u00e3o 79:&nbsp;<\/strong>&#8220;O crime de maus-tratos \u00e9 classificado como delito de forma vinculada, pois..&#8221;<br \/><em><b>Resposta:<\/b><\/em> ERRADO<\/p>\n<p><!-- \/wp:paragraph --><!-- wp:paragraph --><\/p>\n<p><strong>Quest\u00e3o 80:<\/strong> &#8220;Comete crime de amea\u00e7a o agente que, mediante grave amea\u00e7a, mandar que um &#8230;&#8221;<br \/><em><b>Resposta:<\/b><\/em> ERRADO<\/p>\n<p><!-- \/wp:paragraph --><!-- wp:paragraph --><\/p>\n<p><strong>Quest\u00e3o 81:<\/strong> &#8220;O crime de consentimento para o aborto n\u00e3o admite coautoria, consumando-se&#8230;&#8221;<br \/><em><b>Resposta:<\/b><\/em> ERRADO<\/p>\n<p><strong>Quest\u00e3o 82:&nbsp;<\/strong>&#8220;Para a caracteriza\u00e7\u00e3o de crime de cal\u00fania \u00e9 indispens\u00e1vel que o agente tenha ci\u00eancia&#8230;&#8221;<br \/><em><b>Resposta:<\/b><\/em> CERTO<\/p>\n<p><!-- \/wp:paragraph --><!-- wp:paragraph --><\/p>\n<p><strong>Quest\u00e3o 83:<\/strong> &#8220;Na hip\u00f3tese de um agente cabalmente retratar-se de inj\u00faria irrogada em rede social\u2026 <br \/><em><b>Resposta:<\/b><\/em> ERRADO<\/p>\n<p><!-- \/wp:paragraph --><!-- wp:paragraph --><\/p>\n<p><strong>Quest\u00e3o 84:<\/strong> &#8220;A concess\u00e3o de indulto \u00e9 ato privativo do Presidente da Rep\u00fablica que atinge&#8230;&#8221;<br \/><em><b>Resposta:<\/b><\/em> CERTO<\/p>\n<p><!-- \/wp:paragraph --><!-- wp:paragraph --><\/p>\n<p><strong>Quest\u00e3o 85:&nbsp;<\/strong>\u201cN\u00e3o \u00e9 poss\u00edvel a concess\u00e3o de indulto a condenados por crime comum que sejam&#8230;&#8221;<br \/><em><b>Resposta:<\/b><\/em> ERRADO<\/p>\n<p><!-- \/wp:paragraph --><!-- wp:paragraph --><\/p>\n<p><strong>Quest\u00e3o 86:&nbsp;<\/strong>&#8220;N\u00e3o incide o princ\u00edpio da insignific\u00e2ncia na tipicidade material do delito de furto&#8230;&#8221;<br \/><em><b>Resposta:<\/b><\/em> CERTO<\/p>\n<p><!-- \/wp:paragraph --><!-- wp:paragraph --><\/p>\n<p><strong>Quest\u00e3o 87:<\/strong> &#8220;O agente que quebrar o vidro de um ve\u00edculo para subtrair o autom\u00f3vel..&#8221;<br \/><em><b>Resposta:<\/b><\/em> CERTO<\/p>\n<p><!-- \/wp:paragraph --><!-- wp:paragraph --><\/p>\n<p><strong>Quest\u00e3o 88:<\/strong> &#8220;Crime de estelionato que seja cometido contra pessoa idosa que tenha 62 anos de idade&#8230;\u201d<br \/><em><b>Resposta:<\/b><\/em> CERTO<\/p>\n<p><!-- \/wp:paragraph --><!-- wp:paragraph --><\/p>\n<p><strong>Quest\u00e3o 89:&nbsp;<\/strong>&#8220;Roberto incorrer\u00e1 em crime de extors\u00e3o se empregar viol\u00eancia ou grave amea\u00e7a para&#8230;&#8221;<br \/><em><b>Resposta:<\/b><\/em> CERTO<\/p>\n<p><!-- \/wp:paragraph --><!-- wp:paragraph --><\/p>\n<p><strong>Quest\u00e3o 90:&nbsp;<\/strong>&#8220;O flagrante por delito de corrup\u00e7\u00e3o ativa se configuraria, neste caso, no momento&#8230;&#8221;<br \/><em><b>Resposta:<\/b><\/em> ERRADO<\/p>\n<p><!-- \/wp:paragraph --><!-- wp:paragraph --><\/p>\n<p><strong>Quest\u00e3o 91:&nbsp;<\/strong>\u201cAgenor incorrer\u00e1 no crime de corrup\u00e7\u00e3o mesmo que Roberto n\u00e3o aceite a promessa&#8230;&#8221;<br \/><em><b>Resposta:<\/b><\/em> CERTO<\/p>\n<p><!-- \/wp:paragraph --><!-- wp:paragraph --><\/p>\n<p><strong>Quest\u00e3o 92:&nbsp;<\/strong>&#8220;Conclui-se das informa\u00e7\u00f5es que Joacir praticou crime de menor potencial ofensivo&#8230;&#8221;<br \/><em><b>Resposta:<\/b><\/em> ERRADO<\/p>\n<p><!-- \/wp:paragraph --><!-- wp:paragraph --><\/p>\n<p><strong>Quest\u00e3o 93:<\/strong> &#8220;Considerando-se apenas a pena abstrata prevista para o crime, o delegado poder\u00e1&#8230;&#8221;<br \/><em><b>Resposta:<\/b><\/em> CERTO<\/p>\n<p><!-- \/wp:paragraph --><!-- wp:paragraph --><\/p>\n<p><strong>Quest\u00e3o 94:&nbsp;<\/strong>&#8220;Em face do leg\u00edtimo interesse p\u00fablico da sociedade na elucida\u00e7\u00e3o dos crimes,&#8230;&#8221;<br \/><em><b>Resposta:<\/b><\/em> ERRADO<\/p>\n<p><!-- \/wp:paragraph --><!-- wp:paragraph --><\/p>\n<p><strong>Quest\u00e3o 95:&nbsp;<\/strong>&#8220;A pris\u00e3o de Joacir dever\u00e1 ser imediatamente relaxada se for reconhecida a legalidade&#8230;&#8221;<br \/><em><b>Resposta:<\/b><\/em> CERTO<\/p>\n<p><!-- \/wp:paragraph --><!-- wp:paragraph --><\/p>\n<p><strong>Quest\u00e3o 96:<\/strong> &#8220;Caso fique comprovado que a v\u00edtima forjou o flagrante de Joacir, o delegado poder\u00e1&#8230;&#8221;<br \/><em><b>Resposta:<\/b><\/em> ERRADO<\/p>\n<p><!-- \/wp:paragraph --><!-- wp:paragraph --><\/p>\n<p><strong>Quest\u00e3o 97:&nbsp;<\/strong>&#8220;Por se tratar de crime hediondo, justifica-se a imediata decreta\u00e7\u00e3o da pris\u00e3o&#8230;&#8221;<br \/><em><b>Resposta:<\/b><\/em> ERRADO<\/p>\n<p><!-- \/wp:paragraph --><!-- wp:paragraph --><\/p>\n<p><strong>Quest\u00e3o 98:&nbsp;<\/strong>&#8220;O inqu\u00e9rito policial dever\u00e1 ser conclu\u00eddo em at\u00e9 30 dias, podendo o delegado&#8230;&#8221;<br \/><em><b>Resposta:<\/b><\/em> CERTO<\/p>\n<p><strong>Quest\u00e3o 99:&nbsp;<\/strong>&#8220;Margarida ser\u00e1 submetida \u00e0 identifica\u00e7\u00e3o criminal pelo procedimento datilosc\u00f3pico&#8230;&#8221;<br \/><em><b>Resposta:<\/b><\/em> CERTO<\/p>\n<p><!-- \/wp:paragraph --><!-- wp:paragraph --><\/p>\n<p><strong>Quest\u00e3o 100:&nbsp;<\/strong>&#8220;Ao delegado \u00e9 permitido determinar busca no domic\u00edlio de Margarida no&#8230;&#8221;<br \/><em><b>Resposta:<\/b><\/em> ERRADO<\/p>\n<p><!-- \/wp:paragraph --><!-- wp:paragraph --><\/p>\n<p><strong>Quest\u00e3o 101:&nbsp;<\/strong>&#8220;O termo de confiss\u00e3o de Margarida, que poderia, se quisesse, ter permanecido&#8230;&#8221;<br \/><em><b>Resposta:<\/b><\/em> CERTO<\/p>\n<p><!-- \/wp:paragraph --><!-- wp:paragraph --><\/p>\n<p><strong>Quest\u00e3o 102:&nbsp;<\/strong>&#8220;Caso o autor do fato tenha aceitado a proposta de transa\u00e7\u00e3o penal prevista na&#8230;&#8221;<br \/><em><b>Resposta:<\/b><\/em> ERRADO<\/p>\n<p><!-- \/wp:paragraph --><!-- wp:paragraph --><\/p>\n<p><strong>Quest\u00e3o 103:&nbsp;<\/strong>&#8220;Lei nova mais ben\u00e9fica, quando modifica procedimentos no processo penal&#8230;&#8221;<br \/><em><b>Resposta:<\/b><\/em> ERRADO<\/p>\n<p><!-- \/wp:paragraph --><!-- wp:paragraph --><\/p>\n<p><strong>Quest\u00e3o 104:&nbsp;<\/strong>&#8220;Em se tratando de lei processual penal, admitem-se a interpreta\u00e7\u00e3o extensiva&#8230;&#8221;<br \/><em><b>Resposta:<\/b><\/em> CERTO<\/p>\n<p><!-- \/wp:paragraph --><!-- wp:paragraph --><\/p>\n<p><strong>Quest\u00e3o 105:&nbsp;<\/strong>&#8220;A aplica\u00e7\u00e3o de pena restritiva de direitos ou multa em proposta de transa\u00e7\u00e3o penal&#8230;&#8221;<br \/><em><b>Resposta:<\/b><\/em> ERRADO<\/p>\n<p><!-- \/wp:paragraph --><!-- wp:paragraph --><\/p>\n<p><strong>Quest\u00e3o 106:<\/strong> \u201cA suspens\u00e3o condicional do processo prevista na Lei n.\u00ba 9.099\/1995 pode ser&#8230;&#8221;<br \/><em><b>Resposta:<\/b><\/em> CERTO<\/p>\n<p><strong>Quest\u00e3o 107:&nbsp;<\/strong>&#8220;Em raz\u00e3o de sua natureza restritiva, \u00e9 taxativo o rol de requisitos para o ingresso..&#8221;<br \/><em><strong>Resposta:<\/strong><\/em> ERRADO<\/p>\n<p><strong>Quest\u00e3o 108:&nbsp;<\/strong>&#8220;O direito aos adicionais de insalubridade ou periculosidade\u2026&#8221;<br \/><em><strong>Resposta:<\/strong><\/em> CERTO<\/p>\n<p><strong>Quest\u00e3o 109:<\/strong> &#8220;S\u00e3o prerrogativas da administra\u00e7\u00e3o p\u00fablica tanto a concess\u00e3o\u2026&#8221;<br \/><em><strong>Resposta:<\/strong><\/em> CERTO<\/p>\n<p><strong>Quest\u00e3o 110:&nbsp;<\/strong>&#8220;A remo\u00e7\u00e3o de of\u00edcio poder\u00e1 se dar entre \u00f3rg\u00e3os distintos\u2026&#8221;<br \/><em><strong>Resposta:<\/strong><\/em> ERRADO<\/p>\n<p><strong>Quest\u00e3o 111:&nbsp;<\/strong>&#8220;Considera-se regularmente investido em cargo p\u00fablico aquele que\u2026&#8221;<br \/><em><strong>Resposta:<\/strong><\/em> ERRADO<\/p>\n<p><strong>Quest\u00e3o 112:&nbsp;<\/strong>&#8220;\u00c9 finalidade do Estado do Alagoas a promo\u00e7\u00e3o das condi\u00e7\u00f5es necess\u00e1rias&#8230;&#8221;<br \/><em><strong>Resposta:<\/strong><\/em> CERTO<\/p>\n<p><strong>Quest\u00e3o 113:&nbsp;<\/strong>&#8220;Salvo se a proposta pelo do estado ou pela mesa da assembleia legislativa&#8230;&#8221;<br \/><em><strong>Resposta:<\/strong><\/em> ERRADO<\/p>\n<p><strong>Quest\u00e3o 114:&nbsp;<\/strong>&#8220;A lei \u00e9 indispens\u00e1vel para a cria\u00e7\u00e3o de cargos, fun\u00e7\u00f5es e empregos p\u00fablicos&#8230;&#8221;<br \/><em><strong>Resposta:<\/strong><\/em> CERTO<\/p>\n<p><strong>Quest\u00e3o 115:&nbsp;<\/strong>&#8220;Os munic\u00edpios do estado do Alagoas subordinam-se administrativa e financeiramente&#8230;&#8221;<br \/><em><strong>Resposta:<\/strong><\/em> ERRADO<\/p>\n<p><strong>Quest\u00e3o 116:&nbsp;<\/strong>&#8220;S\u00e3o indeleg\u00e1veis as atribui\u00e7\u00f5es do governador e dos secret\u00e1rios de estado previstas&#8230;&#8221;<br \/><em><strong>Resposta:<\/strong><\/em> ERRADO<\/p>\n<p><strong>Quest\u00e3o 117: <\/strong>&#8220;\u00c9 permitido ao membro da pol\u00edcia judici\u00e1ria, observados os requisitos legais, o exerc\u00edcio&#8230;&#8221;<br \/><em><strong>Resposta:<\/strong><\/em> CERTO (PODE CABER RECURSO)<\/p>\n<p><strong>Quest\u00e3o 118:&nbsp;<\/strong>&#8220;Embora a Pol\u00edcia Civil do Alagoas n\u00e3o possua um car\u00e1ter militar, a preced\u00eancia hier\u00e1rquica&#8230;&#8221;<br \/><em><strong>Resposta:<\/strong><\/em> CERTO<\/p>\n<p><strong>Quest\u00e3o 119:&nbsp;<\/strong>&#8220;O Conselho Superior da Pol\u00edcia \u00e9 o \u00f3rg\u00e3o consultivo e opinativo para assuntos de pol\u00edcia&#8230;&#8221;<br \/><em><strong>Resposta:<\/strong><\/em> ERRADO<\/p>\n<p><strong>Quest\u00e3o 120:<\/strong> &#8220;\u00c9 vedada a concess\u00e3o de gratifica\u00e7\u00e3o pela presta\u00e7\u00e3o de servi\u00e7o extraordin\u00e1rio ao funcion\u00e1rio&#8230;&#8221;<br \/><em><strong>Resposta:<\/strong><\/em> ERRADO<\/p>\n<p><!-- wp:paragraph {\"align\":\"center\",\"style\":{\"color\":{\"background\":\"#acc5da\"}},\"fontSize\":\"medium\"} --><\/p>\n<p class=\"has-text-align-center has-background has-medium-font-size\" style=\"background-color: #acc5da;\"><strong>Saiba mais: <a href=\"https:\/\/www.estrategiaconcursos.com.br\/blog\/concurso-pc-al\" target=\"_blank\" rel=\"noreferrer noopener\">Concurso PC AL<\/a><\/strong><\/p>\n<p><!-- \/wp:paragraph --><\/p>\n<p><!-- wp:heading {\"textAlign\":\"center\"} --><\/p>\n<h2 id=\"cursos-assinatura\" class=\"has-text-align-center\">Quer estudar para o concurso PC AL?<\/h2>\n<p style=\"text-align: center;\">Prestou a prova? Gostou dos seus resultados no Gabarito Extraoficial PC AL? <br \/>Quer saber mais sobre os cursos e assinaturas para esse concurso?<\/p>\n<p><!-- \/wp:heading --><\/p>\n<p><!-- wp:html --><\/p>\n<div id=\"boxes\" class=\"container\">\n<div class=\"row\">\n<div class=\"col-sm\">\n<div id=\"box-assinatura\" class=\"banner-policial\">\n<h3 class=\"titulo-assinatura\">Concurso PC AL<\/h3>\n<p class=\"subtitulo-assinatura\">Conhe\u00e7a os cursos<\/p>\n<div class=\"box-botao\"><a class=\"btn-assinatura\" role=\"button\" href=\"https:\/\/www.estrategiaconcursos.com.br\/cursosPorConcurso\/policia-civil-al-agente-e-escrivao\/\/\/\" target=\"_blank\" rel=\"noopener noreferrer\">Conhe\u00e7a mais<\/a><\/div>\n<\/div>\n<\/div>\n<\/div>\n<\/div>\n<p><!-- \/wp:html --><\/p>\n<p><!-- wp:html --><\/p>\n<div id=\"boxes\" class=\"container\">\n<div class=\"row\">\n<div class=\"col-sm\">\n<div id=\"box-assinatura\" class=\"estrategia\">\n<h3 class=\"titulo-assinatura\">Assinatura<\/h3>\n<p class=\"subtitulo-assinatura\">Assinatura de 1 ano ou 2 anos<\/p>\n<div class=\"box-botao\"><a class=\"btn-assinatura\" role=\"button\" href=\"https:\/\/www.estrategiaconcursos.com.br\/assinaturas\/\" target=\"_blank\" rel=\"noopener noreferrer\">ASSINE AGORA<\/a><\/div>\n<\/div>\n<\/div>\n<\/div>\n<\/div>\n<p><!-- \/wp:html --><\/p>\n<p><!-- wp:html --><\/p>\n<div id=\"boxes\" class=\"container\">\n<div class=\"row\">\n<div id=\"boxes-concursos\" class=\"col-sm\">\n<div id=\"box-concursos\" class=\"conteudo-concursos\" style=\"background-color: #005dad;\">\n<h3 class=\"titulo-assinatura\">Concursos Abertos<\/h3>\n<p class=\"subtitulo-assinatura\">Os editais publicados<\/p>\n<div class=\"box-botao\"><a class=\"btn-assinatura\" role=\"button\" href=\"https:\/\/www.estrategiaconcursos.com.br\/blog\/concursos-abertos\/\" target=\"_blank\" rel=\"noopener noreferrer\">Conhe\u00e7a Agora<\/a><\/div>\n<p><\/p>\n<\/div>\n<\/div>\n<div id=\"boxes-concursos\" class=\"col-sm\">\n<div id=\"box-concursos\" class=\"conteudo-concursos\" style=\"background-color: #1a7ed5;\">\n<h3 class=\"titulo-assinatura\">Concursos 2021<\/h3>\n<p class=\"subtitulo-assinatura\">As oportunidades previstas<\/p>\n<div class=\"box-botao\"><a class=\"btn-assinatura\" role=\"button\" href=\"https:\/\/www.estrategiaconcursos.com.br\/blog\/concursos-2021\/\" target=\"_blank\" rel=\"noopener noreferrer\">Conhe\u00e7a Agora<\/a><\/div>\n<p><\/p>\n<\/div>\n<\/div>\n<div id=\"boxes-concursos\" class=\"col-sm\">\n<div id=\"box-concursos\" class=\"conteudo-concursos\" style=\"background-color: #419ff0;\">\n<h3 class=\"titulo-assinatura\">Concursos 2022<\/h3>\n<p class=\"subtitulo-assinatura\">Vagas para o pr\u00f3ximo ano<\/p>\n<div class=\"box-botao\"><a class=\"btn-assinatura\" role=\"button\" href=\"https:\/\/www.estrategiaconcursos.com.br\/blog\/concursos-2022\/\" target=\"_blank\" rel=\"noopener noreferrer\">Conhe\u00e7a Agora<\/a><\/div>\n<p><\/p>\n<\/div>\n<\/div>\n<\/div>\n<\/div>\n<p><!-- \/wp:html --><\/p>","protected":false},"excerpt":{"rendered":"<p>Ol\u00e1, candidatos do concurso PC AL! Foram bem na prova? Ansiosos pelo resultado? As provas objetivas foram constitu\u00eddas 120 quest\u00f5es, divididas em conhecimentos b\u00e1sicos (L\u00edngua Portuguesa, \u00c9tica no Servi\u00e7o P\u00fablico, No\u00e7\u00f5es de Inform\u00e1tica e No\u00e7\u00f5es de Direitos Humanos) e conhecimentos espec\u00edficos (No\u00e7\u00f5es de Direito Constitucional, Administrativo, Penal, Processual Penal e Legisla\u00e7\u00e3o). O Cebraspe (Centro Brasileiro [&hellip;]<\/p>\n","protected":false},"author":1,"featured_media":844812,"comment_status":"open","ping_status":"closed","sticky":false,"template":"","format":"standard","meta":{"post_tipo":"news_page","footnotes":""},"categories":[1988],"tags":[],"tax_estado":[219965],"class_list":["post-844794","post","type-post","status-publish","format-standard","has-post-thumbnail","hentry","category-policia","tax_estado-al"],"acf":[],"yoast_head":"<!-- This site is optimized with the Yoast SEO Premium plugin v27.2 (Yoast SEO v27.2) - https:\/\/yoast.com\/product\/yoast-seo-premium-wordpress\/ -->\n<title>Gabarito Extraoficial PC AL: Confira a corre\u00e7\u00e3o da prova!<\/title>\n<meta name=\"description\" content=\"Acompanhe neste domingo, 29, a partir das 18h45, o Gabarito Extraoficial PC AL depois de ter realizado sua prova e confira suas respostas!\" \/>\n<meta name=\"robots\" content=\"index, follow, max-snippet:-1, max-image-preview:large, max-video-preview:-1\" \/>\n<link rel=\"canonical\" href=\"https:\/\/www.estrategiaconcursos.com.br\/blog\/gabarito-extraoficial-pc-al\/\" \/>\n<meta property=\"og:locale\" content=\"pt_BR\" \/>\n<meta property=\"og:type\" content=\"article\" \/>\n<meta property=\"og:title\" content=\"Gabarito Extraoficial PC AL: Confira a corre\u00e7\u00e3o da prova!\" \/>\n<meta property=\"og:description\" content=\"Acompanhe neste domingo, 29, a partir das 18h45, o Gabarito Extraoficial PC AL depois de ter realizado sua prova e confira suas respostas!\" \/>\n<meta property=\"og:url\" content=\"https:\/\/www.estrategiaconcursos.com.br\/blog\/gabarito-extraoficial-pc-al\/\" \/>\n<meta property=\"og:site_name\" content=\"Estrat\u00e9gia Concursos\" \/>\n<meta property=\"article:author\" content=\"https:\/\/www.facebook.com\/EstrategiaConcursos\" \/>\n<meta property=\"article:published_time\" content=\"2021-08-29T20:00:00+00:00\" \/>\n<meta property=\"article:modified_time\" content=\"2023-03-09T13:15:53+00:00\" \/>\n<meta property=\"og:image\" content=\"https:\/\/dhg1h5j42swfq.cloudfront.net\/2021\/08\/24181948\/1280-720-max-2-3.jpg\" \/>\n\t<meta property=\"og:image:width\" content=\"1280\" \/>\n\t<meta property=\"og:image:height\" content=\"720\" \/>\n\t<meta property=\"og:image:type\" content=\"image\/jpeg\" \/>\n<meta name=\"author\" content=\"Coordena\u00e7\u00e3o\" \/>\n<meta name=\"twitter:card\" content=\"summary_large_image\" \/>\n<meta name=\"twitter:creator\" content=\"@EstratConcursos\" \/>\n<meta name=\"twitter:site\" content=\"@EstratConcursos\" \/>\n<meta name=\"twitter:label1\" content=\"Escrito por\" \/>\n\t<meta name=\"twitter:data1\" content=\"Coordena\u00e7\u00e3o\" \/>\n\t<meta name=\"twitter:label2\" content=\"Est. tempo de leitura\" \/>\n\t<meta name=\"twitter:data2\" content=\"20 minutos\" \/>\n<script type=\"application\/ld+json\" class=\"yoast-schema-graph\">{\"@context\":\"https:\/\/schema.org\",\"@graph\":[{\"@type\":\"NewsArticle\",\"@id\":\"https:\/\/www.estrategiaconcursos.com.br\/blog\/gabarito-extraoficial-pc-al\/#article\",\"isPartOf\":{\"@id\":\"https:\/\/www.estrategiaconcursos.com.br\/blog\/gabarito-extraoficial-pc-al\/\"},\"author\":{\"name\":\"Coordena\u00e7\u00e3o\",\"@id\":\"https:\/\/www.estrategiaconcursos.com.br\/blog\/#\/schema\/person\/b4a388c97673c5f483d72185668afa1f\"},\"headline\":\"Gabarito Extraoficial PC AL: Confira a corre\u00e7\u00e3o da prova!\",\"datePublished\":\"2021-08-29T20:00:00+00:00\",\"dateModified\":\"2023-03-09T13:15:53+00:00\",\"mainEntityOfPage\":{\"@id\":\"https:\/\/www.estrategiaconcursos.com.br\/blog\/gabarito-extraoficial-pc-al\/\"},\"wordCount\":5158,\"commentCount\":0,\"publisher\":{\"@id\":\"https:\/\/www.estrategiaconcursos.com.br\/blog\/#organization\"},\"image\":{\"@id\":\"https:\/\/www.estrategiaconcursos.com.br\/blog\/gabarito-extraoficial-pc-al\/#primaryimage\"},\"thumbnailUrl\":\"https:\/\/dhg1h5j42swfq.cloudfront.net\/2021\/08\/24181948\/1280-720-max-2-3.jpg\",\"articleSection\":[\"Policial (Agente, Escriv\u00e3o e Investigador)\"],\"inLanguage\":\"pt-BR\",\"potentialAction\":[{\"@type\":\"CommentAction\",\"name\":\"Comment\",\"target\":[\"https:\/\/www.estrategiaconcursos.com.br\/blog\/gabarito-extraoficial-pc-al\/#respond\"]}],\"copyrightYear\":\"2021\",\"copyrightHolder\":{\"@id\":\"https:\/\/www.estrategiaconcursos.com.br\/blog\/#organization\"}},{\"@type\":\"WebPage\",\"@id\":\"https:\/\/www.estrategiaconcursos.com.br\/blog\/gabarito-extraoficial-pc-al\/\",\"url\":\"https:\/\/www.estrategiaconcursos.com.br\/blog\/gabarito-extraoficial-pc-al\/\",\"name\":\"Gabarito Extraoficial PC AL: Confira a corre\u00e7\u00e3o da prova!\",\"isPartOf\":{\"@id\":\"https:\/\/www.estrategiaconcursos.com.br\/blog\/#website\"},\"primaryImageOfPage\":{\"@id\":\"https:\/\/www.estrategiaconcursos.com.br\/blog\/gabarito-extraoficial-pc-al\/#primaryimage\"},\"image\":{\"@id\":\"https:\/\/www.estrategiaconcursos.com.br\/blog\/gabarito-extraoficial-pc-al\/#primaryimage\"},\"thumbnailUrl\":\"https:\/\/dhg1h5j42swfq.cloudfront.net\/2021\/08\/24181948\/1280-720-max-2-3.jpg\",\"datePublished\":\"2021-08-29T20:00:00+00:00\",\"dateModified\":\"2023-03-09T13:15:53+00:00\",\"description\":\"Acompanhe neste domingo, 29, a partir das 18h45, o Gabarito Extraoficial PC AL depois de ter realizado sua prova e confira suas respostas!\",\"breadcrumb\":{\"@id\":\"https:\/\/www.estrategiaconcursos.com.br\/blog\/gabarito-extraoficial-pc-al\/#breadcrumb\"},\"inLanguage\":\"pt-BR\",\"potentialAction\":[{\"@type\":\"ReadAction\",\"target\":[\"https:\/\/www.estrategiaconcursos.com.br\/blog\/gabarito-extraoficial-pc-al\/\"]}]},{\"@type\":\"ImageObject\",\"inLanguage\":\"pt-BR\",\"@id\":\"https:\/\/www.estrategiaconcursos.com.br\/blog\/gabarito-extraoficial-pc-al\/#primaryimage\",\"url\":\"https:\/\/dhg1h5j42swfq.cloudfront.net\/2021\/08\/24181948\/1280-720-max-2-3.jpg\",\"contentUrl\":\"https:\/\/dhg1h5j42swfq.cloudfront.net\/2021\/08\/24181948\/1280-720-max-2-3.jpg\",\"width\":1280,\"height\":720,\"caption\":\"Gabarito Extraoficial PC AL\"},{\"@type\":\"BreadcrumbList\",\"@id\":\"https:\/\/www.estrategiaconcursos.com.br\/blog\/gabarito-extraoficial-pc-al\/#breadcrumb\",\"itemListElement\":[{\"@type\":\"ListItem\",\"position\":1,\"name\":\"In\u00edcio\",\"item\":\"https:\/\/www.estrategiaconcursos.com.br\/blog\/\"},{\"@type\":\"ListItem\",\"position\":2,\"name\":\"Gabarito Extraoficial PC AL: Confira a corre\u00e7\u00e3o da prova!\"}]},{\"@type\":\"WebSite\",\"@id\":\"https:\/\/www.estrategiaconcursos.com.br\/blog\/#website\",\"url\":\"https:\/\/www.estrategiaconcursos.com.br\/blog\/\",\"name\":\"Estrat\u00e9gia Concursos\",\"description\":\"O blog da Estrat\u00e9gia Concursos traz not\u00edcias sobre concursos e artigos de professores oferecendo cursos para concursos (pdf + videaulas) no site.\",\"publisher\":{\"@id\":\"https:\/\/www.estrategiaconcursos.com.br\/blog\/#organization\"},\"potentialAction\":[{\"@type\":\"SearchAction\",\"target\":{\"@type\":\"EntryPoint\",\"urlTemplate\":\"https:\/\/www.estrategiaconcursos.com.br\/blog\/?s={search_term_string}\"},\"query-input\":{\"@type\":\"PropertyValueSpecification\",\"valueRequired\":true,\"valueName\":\"search_term_string\"}}],\"inLanguage\":\"pt-BR\"},{\"@type\":\"Organization\",\"@id\":\"https:\/\/www.estrategiaconcursos.com.br\/blog\/#organization\",\"name\":\"Estrat\u00e9gia Concursos\",\"url\":\"https:\/\/www.estrategiaconcursos.com.br\/blog\/\",\"logo\":{\"@type\":\"ImageObject\",\"inLanguage\":\"pt-BR\",\"@id\":\"https:\/\/www.estrategiaconcursos.com.br\/blog\/#\/schema\/logo\/image\/\",\"url\":\"https:\/\/dhg1h5j42swfq.cloudfront.net\/2025\/06\/03203428\/logo_concursos-1.jpg\",\"contentUrl\":\"https:\/\/dhg1h5j42swfq.cloudfront.net\/2025\/06\/03203428\/logo_concursos-1.jpg\",\"width\":230,\"height\":60,\"caption\":\"Estrat\u00e9gia Concursos\"},\"image\":{\"@id\":\"https:\/\/www.estrategiaconcursos.com.br\/blog\/#\/schema\/logo\/image\/\"},\"sameAs\":[\"https:\/\/x.com\/EstratConcursos\"]},{\"@type\":\"Person\",\"@id\":\"https:\/\/www.estrategiaconcursos.com.br\/blog\/#\/schema\/person\/b4a388c97673c5f483d72185668afa1f\",\"name\":\"Coordena\u00e7\u00e3o\",\"image\":{\"@type\":\"ImageObject\",\"inLanguage\":\"pt-BR\",\"@id\":\"https:\/\/secure.gravatar.com\/avatar\/b720319e4c9a967eb58678d110f4fe35452fc5d5f97b202bac7b8acceb18c6ad?s=96&d=mm&r=g\",\"url\":\"https:\/\/secure.gravatar.com\/avatar\/b720319e4c9a967eb58678d110f4fe35452fc5d5f97b202bac7b8acceb18c6ad?s=96&d=mm&r=g\",\"contentUrl\":\"https:\/\/secure.gravatar.com\/avatar\/b720319e4c9a967eb58678d110f4fe35452fc5d5f97b202bac7b8acceb18c6ad?s=96&d=mm&r=g\",\"caption\":\"Coordena\u00e7\u00e3o\"},\"sameAs\":[\"https:\/\/www.facebook.com\/EstrategiaConcursos\",\"https:\/\/x.com\/EstratConcursos\"],\"url\":\"https:\/\/www.estrategiaconcursos.com.br\/blog\/author\/estrategia2013\/\"}]}<\/script>\n<!-- \/ Yoast SEO Premium plugin. -->","yoast_head_json":{"title":"Gabarito Extraoficial PC AL: Confira a corre\u00e7\u00e3o da prova!","description":"Acompanhe neste domingo, 29, a partir das 18h45, o Gabarito Extraoficial PC AL depois de ter realizado sua prova e confira suas respostas!","robots":{"index":"index","follow":"follow","max-snippet":"max-snippet:-1","max-image-preview":"max-image-preview:large","max-video-preview":"max-video-preview:-1"},"canonical":"https:\/\/www.estrategiaconcursos.com.br\/blog\/gabarito-extraoficial-pc-al\/","og_locale":"pt_BR","og_type":"article","og_title":"Gabarito Extraoficial PC AL: Confira a corre\u00e7\u00e3o da prova!","og_description":"Acompanhe neste domingo, 29, a partir das 18h45, o Gabarito Extraoficial PC AL depois de ter realizado sua prova e confira suas respostas!","og_url":"https:\/\/www.estrategiaconcursos.com.br\/blog\/gabarito-extraoficial-pc-al\/","og_site_name":"Estrat\u00e9gia Concursos","article_author":"https:\/\/www.facebook.com\/EstrategiaConcursos","article_published_time":"2021-08-29T20:00:00+00:00","article_modified_time":"2023-03-09T13:15:53+00:00","og_image":[{"width":1280,"height":720,"url":"https:\/\/dhg1h5j42swfq.cloudfront.net\/2021\/08\/24181948\/1280-720-max-2-3.jpg","type":"image\/jpeg"}],"author":"Coordena\u00e7\u00e3o","twitter_card":"summary_large_image","twitter_creator":"@EstratConcursos","twitter_site":"@EstratConcursos","twitter_misc":{"Escrito por":"Coordena\u00e7\u00e3o","Est. tempo de leitura":"20 minutos"},"schema":{"@context":"https:\/\/schema.org","@graph":[{"@type":"NewsArticle","@id":"https:\/\/www.estrategiaconcursos.com.br\/blog\/gabarito-extraoficial-pc-al\/#article","isPartOf":{"@id":"https:\/\/www.estrategiaconcursos.com.br\/blog\/gabarito-extraoficial-pc-al\/"},"author":{"name":"Coordena\u00e7\u00e3o","@id":"https:\/\/www.estrategiaconcursos.com.br\/blog\/#\/schema\/person\/b4a388c97673c5f483d72185668afa1f"},"headline":"Gabarito Extraoficial PC AL: Confira a corre\u00e7\u00e3o da prova!","datePublished":"2021-08-29T20:00:00+00:00","dateModified":"2023-03-09T13:15:53+00:00","mainEntityOfPage":{"@id":"https:\/\/www.estrategiaconcursos.com.br\/blog\/gabarito-extraoficial-pc-al\/"},"wordCount":5158,"commentCount":0,"publisher":{"@id":"https:\/\/www.estrategiaconcursos.com.br\/blog\/#organization"},"image":{"@id":"https:\/\/www.estrategiaconcursos.com.br\/blog\/gabarito-extraoficial-pc-al\/#primaryimage"},"thumbnailUrl":"https:\/\/dhg1h5j42swfq.cloudfront.net\/2021\/08\/24181948\/1280-720-max-2-3.jpg","articleSection":["Policial (Agente, Escriv\u00e3o e Investigador)"],"inLanguage":"pt-BR","potentialAction":[{"@type":"CommentAction","name":"Comment","target":["https:\/\/www.estrategiaconcursos.com.br\/blog\/gabarito-extraoficial-pc-al\/#respond"]}],"copyrightYear":"2021","copyrightHolder":{"@id":"https:\/\/www.estrategiaconcursos.com.br\/blog\/#organization"}},{"@type":"WebPage","@id":"https:\/\/www.estrategiaconcursos.com.br\/blog\/gabarito-extraoficial-pc-al\/","url":"https:\/\/www.estrategiaconcursos.com.br\/blog\/gabarito-extraoficial-pc-al\/","name":"Gabarito Extraoficial PC AL: Confira a corre\u00e7\u00e3o da prova!","isPartOf":{"@id":"https:\/\/www.estrategiaconcursos.com.br\/blog\/#website"},"primaryImageOfPage":{"@id":"https:\/\/www.estrategiaconcursos.com.br\/blog\/gabarito-extraoficial-pc-al\/#primaryimage"},"image":{"@id":"https:\/\/www.estrategiaconcursos.com.br\/blog\/gabarito-extraoficial-pc-al\/#primaryimage"},"thumbnailUrl":"https:\/\/dhg1h5j42swfq.cloudfront.net\/2021\/08\/24181948\/1280-720-max-2-3.jpg","datePublished":"2021-08-29T20:00:00+00:00","dateModified":"2023-03-09T13:15:53+00:00","description":"Acompanhe neste domingo, 29, a partir das 18h45, o Gabarito Extraoficial PC AL depois de ter realizado sua prova e confira suas respostas!","breadcrumb":{"@id":"https:\/\/www.estrategiaconcursos.com.br\/blog\/gabarito-extraoficial-pc-al\/#breadcrumb"},"inLanguage":"pt-BR","potentialAction":[{"@type":"ReadAction","target":["https:\/\/www.estrategiaconcursos.com.br\/blog\/gabarito-extraoficial-pc-al\/"]}]},{"@type":"ImageObject","inLanguage":"pt-BR","@id":"https:\/\/www.estrategiaconcursos.com.br\/blog\/gabarito-extraoficial-pc-al\/#primaryimage","url":"https:\/\/dhg1h5j42swfq.cloudfront.net\/2021\/08\/24181948\/1280-720-max-2-3.jpg","contentUrl":"https:\/\/dhg1h5j42swfq.cloudfront.net\/2021\/08\/24181948\/1280-720-max-2-3.jpg","width":1280,"height":720,"caption":"Gabarito Extraoficial PC AL"},{"@type":"BreadcrumbList","@id":"https:\/\/www.estrategiaconcursos.com.br\/blog\/gabarito-extraoficial-pc-al\/#breadcrumb","itemListElement":[{"@type":"ListItem","position":1,"name":"In\u00edcio","item":"https:\/\/www.estrategiaconcursos.com.br\/blog\/"},{"@type":"ListItem","position":2,"name":"Gabarito Extraoficial PC AL: Confira a corre\u00e7\u00e3o da prova!"}]},{"@type":"WebSite","@id":"https:\/\/www.estrategiaconcursos.com.br\/blog\/#website","url":"https:\/\/www.estrategiaconcursos.com.br\/blog\/","name":"Estrat\u00e9gia Concursos","description":"O blog da Estrat\u00e9gia Concursos traz not\u00edcias sobre concursos e artigos de professores oferecendo cursos para concursos (pdf + videaulas) no site.","publisher":{"@id":"https:\/\/www.estrategiaconcursos.com.br\/blog\/#organization"},"potentialAction":[{"@type":"SearchAction","target":{"@type":"EntryPoint","urlTemplate":"https:\/\/www.estrategiaconcursos.com.br\/blog\/?s={search_term_string}"},"query-input":{"@type":"PropertyValueSpecification","valueRequired":true,"valueName":"search_term_string"}}],"inLanguage":"pt-BR"},{"@type":"Organization","@id":"https:\/\/www.estrategiaconcursos.com.br\/blog\/#organization","name":"Estrat\u00e9gia Concursos","url":"https:\/\/www.estrategiaconcursos.com.br\/blog\/","logo":{"@type":"ImageObject","inLanguage":"pt-BR","@id":"https:\/\/www.estrategiaconcursos.com.br\/blog\/#\/schema\/logo\/image\/","url":"https:\/\/dhg1h5j42swfq.cloudfront.net\/2025\/06\/03203428\/logo_concursos-1.jpg","contentUrl":"https:\/\/dhg1h5j42swfq.cloudfront.net\/2025\/06\/03203428\/logo_concursos-1.jpg","width":230,"height":60,"caption":"Estrat\u00e9gia Concursos"},"image":{"@id":"https:\/\/www.estrategiaconcursos.com.br\/blog\/#\/schema\/logo\/image\/"},"sameAs":["https:\/\/x.com\/EstratConcursos"]},{"@type":"Person","@id":"https:\/\/www.estrategiaconcursos.com.br\/blog\/#\/schema\/person\/b4a388c97673c5f483d72185668afa1f","name":"Coordena\u00e7\u00e3o","image":{"@type":"ImageObject","inLanguage":"pt-BR","@id":"https:\/\/secure.gravatar.com\/avatar\/b720319e4c9a967eb58678d110f4fe35452fc5d5f97b202bac7b8acceb18c6ad?s=96&d=mm&r=g","url":"https:\/\/secure.gravatar.com\/avatar\/b720319e4c9a967eb58678d110f4fe35452fc5d5f97b202bac7b8acceb18c6ad?s=96&d=mm&r=g","contentUrl":"https:\/\/secure.gravatar.com\/avatar\/b720319e4c9a967eb58678d110f4fe35452fc5d5f97b202bac7b8acceb18c6ad?s=96&d=mm&r=g","caption":"Coordena\u00e7\u00e3o"},"sameAs":["https:\/\/www.facebook.com\/EstrategiaConcursos","https:\/\/x.com\/EstratConcursos"],"url":"https:\/\/www.estrategiaconcursos.com.br\/blog\/author\/estrategia2013\/"}]}},"_links":{"self":[{"href":"https:\/\/www.estrategiaconcursos.com.br\/blog\/wp-json\/wp\/v2\/posts\/844794","targetHints":{"allow":["GET"]}}],"collection":[{"href":"https:\/\/www.estrategiaconcursos.com.br\/blog\/wp-json\/wp\/v2\/posts"}],"about":[{"href":"https:\/\/www.estrategiaconcursos.com.br\/blog\/wp-json\/wp\/v2\/types\/post"}],"author":[{"embeddable":true,"href":"https:\/\/www.estrategiaconcursos.com.br\/blog\/wp-json\/wp\/v2\/users\/1"}],"replies":[{"embeddable":true,"href":"https:\/\/www.estrategiaconcursos.com.br\/blog\/wp-json\/wp\/v2\/comments?post=844794"}],"version-history":[{"count":97,"href":"https:\/\/www.estrategiaconcursos.com.br\/blog\/wp-json\/wp\/v2\/posts\/844794\/revisions"}],"predecessor-version":[{"id":1184149,"href":"https:\/\/www.estrategiaconcursos.com.br\/blog\/wp-json\/wp\/v2\/posts\/844794\/revisions\/1184149"}],"wp:featuredmedia":[{"embeddable":true,"href":"https:\/\/www.estrategiaconcursos.com.br\/blog\/wp-json\/wp\/v2\/media\/844812"}],"wp:attachment":[{"href":"https:\/\/www.estrategiaconcursos.com.br\/blog\/wp-json\/wp\/v2\/media?parent=844794"}],"wp:term":[{"taxonomy":"category","embeddable":true,"href":"https:\/\/www.estrategiaconcursos.com.br\/blog\/wp-json\/wp\/v2\/categories?post=844794"},{"taxonomy":"post_tag","embeddable":true,"href":"https:\/\/www.estrategiaconcursos.com.br\/blog\/wp-json\/wp\/v2\/tags?post=844794"},{"taxonomy":"tax_estado","embeddable":true,"href":"https:\/\/www.estrategiaconcursos.com.br\/blog\/wp-json\/wp\/v2\/tax_estado?post=844794"}],"curies":[{"name":"wp","href":"https:\/\/api.w.org\/{rel}","templated":true}]}}