{"id":844529,"date":"2021-08-24T18:00:00","date_gmt":"2021-08-24T21:00:00","guid":{"rendered":"https:\/\/www.estrategiaconcursos.com.br\/blog\/?p=844529"},"modified":"2021-08-30T17:10:43","modified_gmt":"2021-08-30T20:10:43","slug":"concurso-publico-editais-publicados-24-08-21","status":"publish","type":"post","link":"https:\/\/www.estrategiaconcursos.com.br\/blog\/concurso-publico-editais-publicados-24-08-21\/","title":{"rendered":"Concurso P\u00fablico: 03 editais publicados hoje (24\/08)"},"content":{"rendered":"\n<p>Nesta <strong><em>ter\u00e7a-feira, 24 de agosto de 2021<\/em><\/strong>, tr\u00eas editais de processos seletivos foram publicados. Mais especificamente, para programas de Resid\u00eancias, sendo dois deles na \u00e1rea da <a href=\"https:\/\/www.estrategiaconcursos.com.br\/blog\/concursos-area-da-saude\/\" target=\"_blank\" rel=\"noreferrer noopener\">sa\u00fade<\/a>.<\/p>\n\n\n\n<p>Neste caso, ambos s\u00e3o para o Hospital S\u00edrio-Liban\u00eas, em <strong>S\u00e3o Paulo\/capital<\/strong>. S\u00e3o vagas com dura\u00e7\u00e3o de dois, tr\u00eas ou quatro anos, a depender da habilita\u00e7\u00e3o desejada.<\/p>\n\n\n\n<p>J\u00e1 o terceiro \u00e9 para a Prefeitura de <strong>Porto Alegre<\/strong>, que traz vagas para o Programa de Resid\u00eancia T\u00e9cnico-Superior, em \u00e1reas como Administra\u00e7\u00e3o, Economia, Engenharia e outras.<\/p>\n\n\n\n<p>Se voc\u00ea ficou meio desligado ao longo do dia, confira os principais detalhes sobre esses certames. N\u00e3o deixe tamb\u00e9m de conferir as&nbsp;<a href=\"https:\/\/www.estrategiaconcursos.com.br\/blog\/principais-noticias-do-dia\/\" target=\"_blank\" rel=\"noreferrer noopener\"><strong>principais not\u00edcias do dia<\/strong><\/a>.<\/p>\n\n\n\n<div class=\"container\" id=\"boxes\">\n  <div class=\"row\">\n\n    <div class=\"col-sm\">\n      <div class=\"banner-estrategia\" id=\"box-assinatura\">\n        <h3 class=\"titulo-assinatura\">Cursos para concursos<\/h3>\n        <p class=\"subtitulo-assinatura\">Estude conosco<\/p>\n        <div class=\"box-botao\">\n          <a class=\"btn-assinatura\" target=\"_blank\" href=\"https:\/\/www.estrategiaconcursos.com.br\/cursos\/\" role=\"button\" rel=\"noopener noreferrer\">Conhe\u00e7a os cursos<\/a>\n        <\/div>\n      <\/div>\n     \n    <\/div>\n\n  <\/div>\n<\/div>\n\n\n\n<h2 class=\"has-text-align-center has-background wp-block-heading\" id=\"h-confira-os-editais-publicados\" style=\"background-color:#e4dbec\">Confira os editais publicados:<\/h2>\n\n\n\n<h3 class=\"wp-block-heading\" id=\"h-processo-seletivo-prefeitura-de-porto-alegre-rs\"><a href=\"https:\/\/www.estrategiaconcursos.com.br\/blog\/processo-seletivo-porto-alegre\/\" target=\"_blank\" rel=\"noreferrer noopener\">Processo Seletivo Prefeitura de Porto Alegre<\/a> (RS)<\/h3>\n\n\n\n<p>O edital de processo seletivo da&nbsp;prefeitura de Porto Alegre se destina ao provimento de&nbsp;06 bolsistas&nbsp;para o&nbsp;Programa de Resid\u00eancia T\u00e9cnico-Superior. As provas ser\u00e3o realizadas na modalidade<strong>&nbsp;<\/strong>on-line.<\/p>\n\n\n\n<ul class=\"wp-block-list\" id=\"block-bbf7119f-5427-4ef3-a5ba-d19132ecf51d\"><li><strong>Banca<\/strong>: <a href=\"https:\/\/www.institutoconsulplan.org.br\/Index.aspx\" target=\"_blank\" rel=\"noreferrer noopener\">Instituto Consulplan<\/a><\/li><li><strong>Per\u00edodo de inscri\u00e7\u00f5es<\/strong>:&nbsp;25 de agosto a 17 de setembro<\/li><li><strong>Data da prova:<\/strong> 10 de outubro<\/li><li><strong>Vagas:<\/strong>&nbsp;06 + CR<\/li><li><strong>Habilita\u00e7\u00f5es:<\/strong>&nbsp;Administra\u00e7\u00e3o, Arquitetura, Biologia, Ci\u00eancias Cont\u00e1beis, Economia e Engenharia Civil<\/li><li><strong>Bolsa-aux\u00edlio:&nbsp;<\/strong>R$ 2.500,00<\/li><li><strong>Mais informa\u00e7\u00f5es<\/strong>:&nbsp;<a href=\"https:\/\/www.estrategiaconcursos.com.br\/blog\/processo-seletivo-porto-alegre\/\" target=\"_blank\" rel=\"noreferrer noopener\">PSS Porto Alegre<\/a><\/li><li><strong>Curso:<\/strong>&nbsp;<a href=\"https:\/\/www.estrategiaconcursos.com.br\/cursos\/concurso\/\" target=\"_blank\" rel=\"noreferrer noopener\">PSS Porto Alegre<\/a><\/li><\/ul>\n\n\n\n<h3 class=\"wp-block-heading\" id=\"h-processo-seletivo-resid-ncia-hospital-s-rio-liban-s-sp\"><a href=\"https:\/\/www.estrategiaconcursos.com.br\/blog\/residencia-hospital-sirio-libanes\/\" target=\"_blank\" rel=\"noreferrer noopener\">Processo Seletivo Resid\u00eancia Hospital S\u00edrio-Liban\u00eas<\/a> (SP)<\/h3>\n\n\n\n<p>A &#8220;Sociedade Beneficente de Senhoras Hospital S\u00edrio-Liban\u00eas&#8221; publicou dois editais para Resid\u00eancia em \u00c1rea Profissional da Sa\u00fade e Resid\u00eancia Multiprofissional.<\/p>\n\n\n\n<p>Juntos, os dois documentos ofertam 134 vagas em diversas especializa\u00e7\u00f5es. A bolsa foi definida no valor de R$ 3.330,43. O programa ter\u00e1 dura\u00e7\u00e3o de 2, 3 ou 4 anos.<\/p>\n\n\n\n<ul class=\"wp-block-list\" id=\"block-bbf7119f-5427-4ef3-a5ba-d19132ecf51d\"><li><strong>Banca<\/strong>: <a href=\"https:\/\/www.concursosfcc.com.br\/concursos\/hslrm121\/index.html\" target=\"_blank\" rel=\"noreferrer noopener\">FCC<\/a><\/li><li><strong>Per\u00edodo de inscri\u00e7\u00f5es<\/strong>:&nbsp;08 de setembro a 12 de novembro<\/li><li><strong>Data da prova:<\/strong> 06 de dezembro<\/li><li><strong>Vagas:<\/strong>&nbsp;134<\/li><li><strong>Habilita\u00e7\u00f5es:<\/strong>&nbsp;V\u00e1rias<\/li><li><strong>Bolsa-aux\u00edlio:&nbsp;<\/strong>R$ 3.330,43<\/li><li><strong>Mais informa\u00e7\u00f5es<\/strong>:&nbsp;<a href=\"https:\/\/www.estrategiaconcursos.com.br\/blog\/residencia-hospital-sirio-libanes\/\" target=\"_blank\" rel=\"noreferrer noopener\">PSS S\u00edrio Liban\u00eas<\/a><\/li><li><strong>Curso:<\/strong>&nbsp;<a href=\"https:\/\/www.estrategiaconcursos.com.br\/cursosPorConcurso\/preparatorios-para-residencias\/\" target=\"_blank\" rel=\"noreferrer noopener\">PSS S\u00edrio Liban\u00eas<\/a><\/li><\/ul>\n\n\n\n<p class=\"has-text-align-center\"><em>Quer ficar informado tamb\u00e9m sobre outras not\u00edcias relevantes que sa\u00edram hoje? Ent\u00e3o n\u00e3o deixe de conferir nosso artigo com o resumo do dia! Acesse:<\/em><\/p>\n\n\n\n<p class=\"has-text-align-center has-luminous-vivid-amber-background-color has-background\" style=\"font-size:clamp(14.642px, 0.915rem + ((1vw - 3.2px) * 0.721), 22px);px\"><strong>Veja tamb\u00e9m: <a href=\"https:\/\/www.estrategiaconcursos.com.br\/blog\/principais-noticias-do-dia\/\" target=\"_blank\" rel=\"noreferrer noopener\">Principais not\u00edcias do dia<\/a><\/strong><\/p>\n\n\n\n<div class=\"wp-block-image\"><figure class=\"aligncenter size-large is-resized\"><img loading=\"lazy\" decoding=\"async\" src=\"https:\/\/dhg1h5j42swfq.cloudfront.net\/2020\/09\/18141901\/Coruja_Concursos%404x-506x1024.png\" alt=\"Concurso P\u00fablico: 03 editais publicados hoje (24\/08)\" class=\"wp-image-574355\" width=\"35\" height=\"71\" srcset=\"https:\/\/dhg1h5j42swfq.cloudfront.net\/2020\/09\/18141901\/Coruja_Concursos%404x-506x1024.png 506w, https:\/\/dhg1h5j42swfq.cloudfront.net\/2020\/09\/18141901\/Coruja_Concursos%404x-148x300.png 148w, https:\/\/dhg1h5j42swfq.cloudfront.net\/2020\/09\/18141901\/Coruja_Concursos%404x-610x1236.png 610w, https:\/\/dhg1h5j42swfq.cloudfront.net\/2020\/09\/18141901\/Coruja_Concursos%404x.png 745w\" sizes=\"auto, (max-width: 35px) 100vw, 35px\" \/><\/figure><\/div>\n\n\n\n<div class=\"container\" id=\"boxes\">\n  <div class=\"row\">\n\n    <div class=\"col-sm\">\n      <div class=\"estrategia\" id=\"box-assinatura\">\n        <h3 class=\"titulo-assinatura\">Assinatura Concursos<\/h3>\n        <p class=\"subtitulo-assinatura\">Assinatura de 1 ano ou 2 anos<\/p>\n        <div class=\"box-botao\">\n          <a class=\"btn-assinatura\" target=\"_blank\" href=\"https:\/\/www.estrategiaconcursos.com.br\/assinaturas\/\" role=\"button\" rel=\"noopener noreferrer\">ASSINE AGORA<\/a>\n        <\/div>\n      <\/div><\/div><\/div><\/div>\n\n\n\n<div class=\"container\" id=\"boxes\">\n  <div class=\"row\">\n\n    <div class=\"col-sm\" id=\"boxes-concursos\">\n      <div style=\"background-color: #005DAD;\" class=\"conteudo-concursos\" id=\"box-concursos\">\n        <h3 class=\"titulo-assinatura\">Concursos Abertos<\/h3>\n        <p class=\"subtitulo-assinatura\">Confira os editais publicados<\/p>\n        <div class=\"box-botao\">\n          <a class=\"btn-assinatura\" target=\"_blank\" href=\"https:\/\/www.estrategiaconcursos.com.br\/blog\/concursos-abertos\/\" role=\"button\" rel=\"noopener noreferrer\">Conhe\u00e7a Agora<\/a>\n        <\/div>\n      <\/div>\n    <\/div>\n\n    <div class=\"col-sm\" id=\"boxes-concursos\">\n      <div style=\"background-color: #1A7ED5;\" class=\"conteudo-concursos\" id=\"box-concursos\">\n        <h3 class=\"titulo-assinatura\">Concursos 2021<\/h3>\n        <p class=\"subtitulo-assinatura\">As oportunidades previstas<\/p>\n        <div class=\"box-botao\">\n          <a class=\"btn-assinatura\" target=\"_blank\" href=\"https:\/\/www.estrategiaconcursos.com.br\/blog\/concursos-2021\/\" role=\"button\" rel=\"noopener noreferrer\">Conhe\u00e7a Agora<\/a>\n        <\/div>\n      <\/div>\n    <\/div>\n\n    <div class=\"col-sm\" id=\"boxes-concursos\">\n      <div style=\"background-color: #419FF0;\" class=\"conteudo-concursos\" id=\"box-concursos\">\n        <h3 class=\"titulo-assinatura\">Concursos 2022<\/h3>\n        <p class=\"subtitulo-assinatura\">Vagas para o pr\u00f3ximo ano<\/p>\n        <div class=\"box-botao\">\n          <a class=\"btn-assinatura\" target=\"_blank\" href=\"https:\/\/www.estrategiaconcursos.com.br\/blog\/concursos-2022\/\" role=\"button\" rel=\"noopener noreferrer\">Conhe\u00e7a Agora<\/a>\n        <\/div>\n      <\/div>\n    <\/div>\n\n  <\/div>\n<\/div>\n\n\n\n<p><\/p>\n","protected":false},"excerpt":{"rendered":"<p>Nesta ter\u00e7a-feira, 24 de agosto de 2021, tr\u00eas editais de processos seletivos foram publicados. Mais especificamente, para programas de Resid\u00eancias, sendo dois deles na \u00e1rea da sa\u00fade. Neste caso, ambos s\u00e3o para o Hospital S\u00edrio-Liban\u00eas, em S\u00e3o Paulo\/capital. S\u00e3o vagas com dura\u00e7\u00e3o de dois, tr\u00eas ou quatro anos, a depender da habilita\u00e7\u00e3o desejada. J\u00e1 o [&hellip;]<\/p>\n","protected":false},"author":659,"featured_media":834708,"comment_status":"open","ping_status":"closed","sticky":false,"template":"","format":"standard","meta":{"post_tipo":"news","footnotes":""},"categories":[220184,214992,1981],"tags":[],"tax_estado":[219986,219989],"class_list":["post-844529","post","type-post","status-publish","format-standard","has-post-thumbnail","hentry","category-engenharias-e-ti","category-concursos-administrativos","category-saude","tax_estado-rs","tax_estado-sp"],"acf":[],"yoast_head":"<!-- This site is optimized with the Yoast SEO Premium plugin v27.2 (Yoast SEO v27.2) - https:\/\/yoast.com\/product\/yoast-seo-premium-wordpress\/ -->\n<title>Concurso P\u00fablico: 03 editais publicados hoje (24\/08)<\/title>\n<meta name=\"description\" content=\"Concurso P\u00fablico 2021: tr\u00eas editais sa\u00edram nesta ter\u00e7a-feira. Confira n\u00famero de vagas, remunera\u00e7\u00e3o, principais datas e muito mais!\" \/>\n<meta name=\"robots\" content=\"index, follow, max-snippet:-1, max-image-preview:large, max-video-preview:-1\" \/>\n<link rel=\"canonical\" href=\"https:\/\/www.estrategiaconcursos.com.br\/blog\/concurso-publico-editais-publicados-24-08-21\/\" \/>\n<meta property=\"og:locale\" content=\"pt_BR\" \/>\n<meta property=\"og:type\" content=\"article\" \/>\n<meta property=\"og:title\" content=\"Concurso P\u00fablico: 03 editais publicados hoje (24\/08)\" \/>\n<meta property=\"og:description\" content=\"Concurso P\u00fablico 2021: tr\u00eas editais sa\u00edram nesta ter\u00e7a-feira. Confira n\u00famero de vagas, remunera\u00e7\u00e3o, principais datas e muito mais!\" \/>\n<meta property=\"og:url\" content=\"https:\/\/www.estrategiaconcursos.com.br\/blog\/concurso-publico-editais-publicados-24-08-21\/\" \/>\n<meta property=\"og:site_name\" content=\"Estrat\u00e9gia Concursos\" \/>\n<meta property=\"article:published_time\" content=\"2021-08-24T21:00:00+00:00\" \/>\n<meta property=\"article:modified_time\" content=\"2021-08-30T20:10:43+00:00\" \/>\n<meta property=\"og:image\" content=\"https:\/\/dhg1h5j42swfq.cloudfront.net\/2021\/08\/12154611\/editais-do-dia.jpg\" \/>\n\t<meta property=\"og:image:width\" content=\"767\" \/>\n\t<meta property=\"og:image:height\" content=\"434\" \/>\n\t<meta property=\"og:image:type\" content=\"image\/jpeg\" \/>\n<meta name=\"author\" content=\"Camila Leite\" \/>\n<meta name=\"twitter:card\" content=\"summary_large_image\" \/>\n<meta name=\"twitter:creator\" content=\"@EstratConcursos\" \/>\n<meta name=\"twitter:site\" content=\"@EstratConcursos\" \/>\n<meta name=\"twitter:label1\" content=\"Escrito por\" \/>\n\t<meta name=\"twitter:data1\" content=\"Camila Leite\" \/>\n\t<meta name=\"twitter:label2\" content=\"Est. tempo de leitura\" \/>\n\t<meta name=\"twitter:data2\" content=\"2 minutos\" \/>\n<script type=\"application\/ld+json\" class=\"yoast-schema-graph\">{\"@context\":\"https:\/\/schema.org\",\"@graph\":[{\"@type\":\"NewsArticle\",\"@id\":\"https:\/\/www.estrategiaconcursos.com.br\/blog\/concurso-publico-editais-publicados-24-08-21\/#article\",\"isPartOf\":{\"@id\":\"https:\/\/www.estrategiaconcursos.com.br\/blog\/concurso-publico-editais-publicados-24-08-21\/\"},\"author\":{\"name\":\"Camila Leite\",\"@id\":\"https:\/\/www.estrategiaconcursos.com.br\/blog\/#\/schema\/person\/84ecdc6eb58d3cf1689bf76c5cd8fb38\"},\"headline\":\"Concurso P\u00fablico: 03 editais publicados hoje (24\/08)\",\"datePublished\":\"2021-08-24T21:00:00+00:00\",\"dateModified\":\"2021-08-30T20:10:43+00:00\",\"mainEntityOfPage\":{\"@id\":\"https:\/\/www.estrategiaconcursos.com.br\/blog\/concurso-publico-editais-publicados-24-08-21\/\"},\"wordCount\":416,\"commentCount\":0,\"publisher\":{\"@id\":\"https:\/\/www.estrategiaconcursos.com.br\/blog\/#organization\"},\"image\":{\"@id\":\"https:\/\/www.estrategiaconcursos.com.br\/blog\/concurso-publico-editais-publicados-24-08-21\/#primaryimage\"},\"thumbnailUrl\":\"https:\/\/dhg1h5j42swfq.cloudfront.net\/2021\/08\/12154611\/editais-do-dia.jpg\",\"articleSection\":[\"Engenharias e TI\",\"Executivo (Administrativa)\",\"Sa\u00fade\"],\"inLanguage\":\"pt-BR\",\"potentialAction\":[{\"@type\":\"CommentAction\",\"name\":\"Comment\",\"target\":[\"https:\/\/www.estrategiaconcursos.com.br\/blog\/concurso-publico-editais-publicados-24-08-21\/#respond\"]}],\"copyrightYear\":\"2021\",\"copyrightHolder\":{\"@id\":\"https:\/\/www.estrategiaconcursos.com.br\/blog\/#organization\"}},{\"@type\":\"WebPage\",\"@id\":\"https:\/\/www.estrategiaconcursos.com.br\/blog\/concurso-publico-editais-publicados-24-08-21\/\",\"url\":\"https:\/\/www.estrategiaconcursos.com.br\/blog\/concurso-publico-editais-publicados-24-08-21\/\",\"name\":\"Concurso P\u00fablico: 03 editais publicados hoje (24\/08)\",\"isPartOf\":{\"@id\":\"https:\/\/www.estrategiaconcursos.com.br\/blog\/#website\"},\"primaryImageOfPage\":{\"@id\":\"https:\/\/www.estrategiaconcursos.com.br\/blog\/concurso-publico-editais-publicados-24-08-21\/#primaryimage\"},\"image\":{\"@id\":\"https:\/\/www.estrategiaconcursos.com.br\/blog\/concurso-publico-editais-publicados-24-08-21\/#primaryimage\"},\"thumbnailUrl\":\"https:\/\/dhg1h5j42swfq.cloudfront.net\/2021\/08\/12154611\/editais-do-dia.jpg\",\"datePublished\":\"2021-08-24T21:00:00+00:00\",\"dateModified\":\"2021-08-30T20:10:43+00:00\",\"description\":\"Concurso P\u00fablico 2021: tr\u00eas editais sa\u00edram nesta ter\u00e7a-feira. Confira n\u00famero de vagas, remunera\u00e7\u00e3o, principais datas e muito mais!\",\"breadcrumb\":{\"@id\":\"https:\/\/www.estrategiaconcursos.com.br\/blog\/concurso-publico-editais-publicados-24-08-21\/#breadcrumb\"},\"inLanguage\":\"pt-BR\",\"potentialAction\":[{\"@type\":\"ReadAction\",\"target\":[\"https:\/\/www.estrategiaconcursos.com.br\/blog\/concurso-publico-editais-publicados-24-08-21\/\"]}]},{\"@type\":\"ImageObject\",\"inLanguage\":\"pt-BR\",\"@id\":\"https:\/\/www.estrategiaconcursos.com.br\/blog\/concurso-publico-editais-publicados-24-08-21\/#primaryimage\",\"url\":\"https:\/\/dhg1h5j42swfq.cloudfront.net\/2021\/08\/12154611\/editais-do-dia.jpg\",\"contentUrl\":\"https:\/\/dhg1h5j42swfq.cloudfront.net\/2021\/08\/12154611\/editais-do-dia.jpg\",\"width\":767,\"height\":434,\"caption\":\"Editais do dia\"},{\"@type\":\"BreadcrumbList\",\"@id\":\"https:\/\/www.estrategiaconcursos.com.br\/blog\/concurso-publico-editais-publicados-24-08-21\/#breadcrumb\",\"itemListElement\":[{\"@type\":\"ListItem\",\"position\":1,\"name\":\"In\u00edcio\",\"item\":\"https:\/\/www.estrategiaconcursos.com.br\/blog\/\"},{\"@type\":\"ListItem\",\"position\":2,\"name\":\"Concurso P\u00fablico: 03 editais publicados hoje (24\/08)\"}]},{\"@type\":\"WebSite\",\"@id\":\"https:\/\/www.estrategiaconcursos.com.br\/blog\/#website\",\"url\":\"https:\/\/www.estrategiaconcursos.com.br\/blog\/\",\"name\":\"Estrat\u00e9gia Concursos\",\"description\":\"O blog da Estrat\u00e9gia Concursos traz not\u00edcias sobre concursos e artigos de professores oferecendo cursos para concursos (pdf + videaulas) no site.\",\"publisher\":{\"@id\":\"https:\/\/www.estrategiaconcursos.com.br\/blog\/#organization\"},\"potentialAction\":[{\"@type\":\"SearchAction\",\"target\":{\"@type\":\"EntryPoint\",\"urlTemplate\":\"https:\/\/www.estrategiaconcursos.com.br\/blog\/?s={search_term_string}\"},\"query-input\":{\"@type\":\"PropertyValueSpecification\",\"valueRequired\":true,\"valueName\":\"search_term_string\"}}],\"inLanguage\":\"pt-BR\"},{\"@type\":\"Organization\",\"@id\":\"https:\/\/www.estrategiaconcursos.com.br\/blog\/#organization\",\"name\":\"Estrat\u00e9gia Concursos\",\"url\":\"https:\/\/www.estrategiaconcursos.com.br\/blog\/\",\"logo\":{\"@type\":\"ImageObject\",\"inLanguage\":\"pt-BR\",\"@id\":\"https:\/\/www.estrategiaconcursos.com.br\/blog\/#\/schema\/logo\/image\/\",\"url\":\"https:\/\/dhg1h5j42swfq.cloudfront.net\/2025\/06\/03203428\/logo_concursos-1.jpg\",\"contentUrl\":\"https:\/\/dhg1h5j42swfq.cloudfront.net\/2025\/06\/03203428\/logo_concursos-1.jpg\",\"width\":230,\"height\":60,\"caption\":\"Estrat\u00e9gia Concursos\"},\"image\":{\"@id\":\"https:\/\/www.estrategiaconcursos.com.br\/blog\/#\/schema\/logo\/image\/\"},\"sameAs\":[\"https:\/\/x.com\/EstratConcursos\"]},{\"@type\":\"Person\",\"@id\":\"https:\/\/www.estrategiaconcursos.com.br\/blog\/#\/schema\/person\/84ecdc6eb58d3cf1689bf76c5cd8fb38\",\"name\":\"Camila Leite\",\"image\":{\"@type\":\"ImageObject\",\"inLanguage\":\"pt-BR\",\"@id\":\"https:\/\/secure.gravatar.com\/avatar\/f2f8faef639c8a2bfb7fb909912a56917f4c3a0aed064500168e2fb8ea55cf61?s=96&d=mm&r=g\",\"url\":\"https:\/\/secure.gravatar.com\/avatar\/f2f8faef639c8a2bfb7fb909912a56917f4c3a0aed064500168e2fb8ea55cf61?s=96&d=mm&r=g\",\"contentUrl\":\"https:\/\/secure.gravatar.com\/avatar\/f2f8faef639c8a2bfb7fb909912a56917f4c3a0aed064500168e2fb8ea55cf61?s=96&d=mm&r=g\",\"caption\":\"Camila Leite\"},\"description\":\"Formada em Design Gr\u00e1fico e em Propaganda e Marketing pela UNIP, integra a equipe de jornalismo do Estrat\u00e9gia Concursos desde 2018. Ao longo dos anos, construiu uma s\u00f3lida experi\u00eancia na produ\u00e7\u00e3o de conte\u00fado informativo e relevante para concurseiros. Desde 2020, atua na cobertura das \u00e1reas Fiscal \u2014 com \u00eanfase nas Secretarias de Fazenda (Sefaz) das regi\u00f5es Sul e Sudeste \u2014, al\u00e9m da cobertura de concursos federais, como CNU, Petrobras, CGU, Receita Federal, ag\u00eancias reguladoras (Anvisa, ANAC, entre outras) e INSS. Mant\u00e9m contato direto com os principais \u00f3rg\u00e3os p\u00fablicos, acompanhando editais, atualiza\u00e7\u00f5es e movimenta\u00e7\u00f5es importantes para os candidatos.\",\"sameAs\":[\"https:\/\/www.linkedin.com\/in\/camila-pinheiro-leite-9ba135b6\/\"],\"url\":\"https:\/\/www.estrategiaconcursos.com.br\/blog\/author\/camila-leiteestrategiaconcursos-com-br\/\"}]}<\/script>\n<!-- \/ Yoast SEO Premium plugin. -->","yoast_head_json":{"title":"Concurso P\u00fablico: 03 editais publicados hoje (24\/08)","description":"Concurso P\u00fablico 2021: tr\u00eas editais sa\u00edram nesta ter\u00e7a-feira. Confira n\u00famero de vagas, remunera\u00e7\u00e3o, principais datas e muito mais!","robots":{"index":"index","follow":"follow","max-snippet":"max-snippet:-1","max-image-preview":"max-image-preview:large","max-video-preview":"max-video-preview:-1"},"canonical":"https:\/\/www.estrategiaconcursos.com.br\/blog\/concurso-publico-editais-publicados-24-08-21\/","og_locale":"pt_BR","og_type":"article","og_title":"Concurso P\u00fablico: 03 editais publicados hoje (24\/08)","og_description":"Concurso P\u00fablico 2021: tr\u00eas editais sa\u00edram nesta ter\u00e7a-feira. Confira n\u00famero de vagas, remunera\u00e7\u00e3o, principais datas e muito mais!","og_url":"https:\/\/www.estrategiaconcursos.com.br\/blog\/concurso-publico-editais-publicados-24-08-21\/","og_site_name":"Estrat\u00e9gia Concursos","article_published_time":"2021-08-24T21:00:00+00:00","article_modified_time":"2021-08-30T20:10:43+00:00","og_image":[{"width":767,"height":434,"url":"https:\/\/dhg1h5j42swfq.cloudfront.net\/2021\/08\/12154611\/editais-do-dia.jpg","type":"image\/jpeg"}],"author":"Camila Leite","twitter_card":"summary_large_image","twitter_creator":"@EstratConcursos","twitter_site":"@EstratConcursos","twitter_misc":{"Escrito por":"Camila Leite","Est. tempo de leitura":"2 minutos"},"schema":{"@context":"https:\/\/schema.org","@graph":[{"@type":"NewsArticle","@id":"https:\/\/www.estrategiaconcursos.com.br\/blog\/concurso-publico-editais-publicados-24-08-21\/#article","isPartOf":{"@id":"https:\/\/www.estrategiaconcursos.com.br\/blog\/concurso-publico-editais-publicados-24-08-21\/"},"author":{"name":"Camila Leite","@id":"https:\/\/www.estrategiaconcursos.com.br\/blog\/#\/schema\/person\/84ecdc6eb58d3cf1689bf76c5cd8fb38"},"headline":"Concurso P\u00fablico: 03 editais publicados hoje (24\/08)","datePublished":"2021-08-24T21:00:00+00:00","dateModified":"2021-08-30T20:10:43+00:00","mainEntityOfPage":{"@id":"https:\/\/www.estrategiaconcursos.com.br\/blog\/concurso-publico-editais-publicados-24-08-21\/"},"wordCount":416,"commentCount":0,"publisher":{"@id":"https:\/\/www.estrategiaconcursos.com.br\/blog\/#organization"},"image":{"@id":"https:\/\/www.estrategiaconcursos.com.br\/blog\/concurso-publico-editais-publicados-24-08-21\/#primaryimage"},"thumbnailUrl":"https:\/\/dhg1h5j42swfq.cloudfront.net\/2021\/08\/12154611\/editais-do-dia.jpg","articleSection":["Engenharias e TI","Executivo (Administrativa)","Sa\u00fade"],"inLanguage":"pt-BR","potentialAction":[{"@type":"CommentAction","name":"Comment","target":["https:\/\/www.estrategiaconcursos.com.br\/blog\/concurso-publico-editais-publicados-24-08-21\/#respond"]}],"copyrightYear":"2021","copyrightHolder":{"@id":"https:\/\/www.estrategiaconcursos.com.br\/blog\/#organization"}},{"@type":"WebPage","@id":"https:\/\/www.estrategiaconcursos.com.br\/blog\/concurso-publico-editais-publicados-24-08-21\/","url":"https:\/\/www.estrategiaconcursos.com.br\/blog\/concurso-publico-editais-publicados-24-08-21\/","name":"Concurso P\u00fablico: 03 editais publicados hoje (24\/08)","isPartOf":{"@id":"https:\/\/www.estrategiaconcursos.com.br\/blog\/#website"},"primaryImageOfPage":{"@id":"https:\/\/www.estrategiaconcursos.com.br\/blog\/concurso-publico-editais-publicados-24-08-21\/#primaryimage"},"image":{"@id":"https:\/\/www.estrategiaconcursos.com.br\/blog\/concurso-publico-editais-publicados-24-08-21\/#primaryimage"},"thumbnailUrl":"https:\/\/dhg1h5j42swfq.cloudfront.net\/2021\/08\/12154611\/editais-do-dia.jpg","datePublished":"2021-08-24T21:00:00+00:00","dateModified":"2021-08-30T20:10:43+00:00","description":"Concurso P\u00fablico 2021: tr\u00eas editais sa\u00edram nesta ter\u00e7a-feira. Confira n\u00famero de vagas, remunera\u00e7\u00e3o, principais datas e muito mais!","breadcrumb":{"@id":"https:\/\/www.estrategiaconcursos.com.br\/blog\/concurso-publico-editais-publicados-24-08-21\/#breadcrumb"},"inLanguage":"pt-BR","potentialAction":[{"@type":"ReadAction","target":["https:\/\/www.estrategiaconcursos.com.br\/blog\/concurso-publico-editais-publicados-24-08-21\/"]}]},{"@type":"ImageObject","inLanguage":"pt-BR","@id":"https:\/\/www.estrategiaconcursos.com.br\/blog\/concurso-publico-editais-publicados-24-08-21\/#primaryimage","url":"https:\/\/dhg1h5j42swfq.cloudfront.net\/2021\/08\/12154611\/editais-do-dia.jpg","contentUrl":"https:\/\/dhg1h5j42swfq.cloudfront.net\/2021\/08\/12154611\/editais-do-dia.jpg","width":767,"height":434,"caption":"Editais do dia"},{"@type":"BreadcrumbList","@id":"https:\/\/www.estrategiaconcursos.com.br\/blog\/concurso-publico-editais-publicados-24-08-21\/#breadcrumb","itemListElement":[{"@type":"ListItem","position":1,"name":"In\u00edcio","item":"https:\/\/www.estrategiaconcursos.com.br\/blog\/"},{"@type":"ListItem","position":2,"name":"Concurso P\u00fablico: 03 editais publicados hoje (24\/08)"}]},{"@type":"WebSite","@id":"https:\/\/www.estrategiaconcursos.com.br\/blog\/#website","url":"https:\/\/www.estrategiaconcursos.com.br\/blog\/","name":"Estrat\u00e9gia Concursos","description":"O blog da Estrat\u00e9gia Concursos traz not\u00edcias sobre concursos e artigos de professores oferecendo cursos para concursos (pdf + videaulas) no site.","publisher":{"@id":"https:\/\/www.estrategiaconcursos.com.br\/blog\/#organization"},"potentialAction":[{"@type":"SearchAction","target":{"@type":"EntryPoint","urlTemplate":"https:\/\/www.estrategiaconcursos.com.br\/blog\/?s={search_term_string}"},"query-input":{"@type":"PropertyValueSpecification","valueRequired":true,"valueName":"search_term_string"}}],"inLanguage":"pt-BR"},{"@type":"Organization","@id":"https:\/\/www.estrategiaconcursos.com.br\/blog\/#organization","name":"Estrat\u00e9gia Concursos","url":"https:\/\/www.estrategiaconcursos.com.br\/blog\/","logo":{"@type":"ImageObject","inLanguage":"pt-BR","@id":"https:\/\/www.estrategiaconcursos.com.br\/blog\/#\/schema\/logo\/image\/","url":"https:\/\/dhg1h5j42swfq.cloudfront.net\/2025\/06\/03203428\/logo_concursos-1.jpg","contentUrl":"https:\/\/dhg1h5j42swfq.cloudfront.net\/2025\/06\/03203428\/logo_concursos-1.jpg","width":230,"height":60,"caption":"Estrat\u00e9gia Concursos"},"image":{"@id":"https:\/\/www.estrategiaconcursos.com.br\/blog\/#\/schema\/logo\/image\/"},"sameAs":["https:\/\/x.com\/EstratConcursos"]},{"@type":"Person","@id":"https:\/\/www.estrategiaconcursos.com.br\/blog\/#\/schema\/person\/84ecdc6eb58d3cf1689bf76c5cd8fb38","name":"Camila Leite","image":{"@type":"ImageObject","inLanguage":"pt-BR","@id":"https:\/\/secure.gravatar.com\/avatar\/f2f8faef639c8a2bfb7fb909912a56917f4c3a0aed064500168e2fb8ea55cf61?s=96&d=mm&r=g","url":"https:\/\/secure.gravatar.com\/avatar\/f2f8faef639c8a2bfb7fb909912a56917f4c3a0aed064500168e2fb8ea55cf61?s=96&d=mm&r=g","contentUrl":"https:\/\/secure.gravatar.com\/avatar\/f2f8faef639c8a2bfb7fb909912a56917f4c3a0aed064500168e2fb8ea55cf61?s=96&d=mm&r=g","caption":"Camila Leite"},"description":"Formada em Design Gr\u00e1fico e em Propaganda e Marketing pela UNIP, integra a equipe de jornalismo do Estrat\u00e9gia Concursos desde 2018. Ao longo dos anos, construiu uma s\u00f3lida experi\u00eancia na produ\u00e7\u00e3o de conte\u00fado informativo e relevante para concurseiros. Desde 2020, atua na cobertura das \u00e1reas Fiscal \u2014 com \u00eanfase nas Secretarias de Fazenda (Sefaz) das regi\u00f5es Sul e Sudeste \u2014, al\u00e9m da cobertura de concursos federais, como CNU, Petrobras, CGU, Receita Federal, ag\u00eancias reguladoras (Anvisa, ANAC, entre outras) e INSS. Mant\u00e9m contato direto com os principais \u00f3rg\u00e3os p\u00fablicos, acompanhando editais, atualiza\u00e7\u00f5es e movimenta\u00e7\u00f5es importantes para os candidatos.","sameAs":["https:\/\/www.linkedin.com\/in\/camila-pinheiro-leite-9ba135b6\/"],"url":"https:\/\/www.estrategiaconcursos.com.br\/blog\/author\/camila-leiteestrategiaconcursos-com-br\/"}]}},"_links":{"self":[{"href":"https:\/\/www.estrategiaconcursos.com.br\/blog\/wp-json\/wp\/v2\/posts\/844529","targetHints":{"allow":["GET"]}}],"collection":[{"href":"https:\/\/www.estrategiaconcursos.com.br\/blog\/wp-json\/wp\/v2\/posts"}],"about":[{"href":"https:\/\/www.estrategiaconcursos.com.br\/blog\/wp-json\/wp\/v2\/types\/post"}],"author":[{"embeddable":true,"href":"https:\/\/www.estrategiaconcursos.com.br\/blog\/wp-json\/wp\/v2\/users\/659"}],"replies":[{"embeddable":true,"href":"https:\/\/www.estrategiaconcursos.com.br\/blog\/wp-json\/wp\/v2\/comments?post=844529"}],"version-history":[{"count":9,"href":"https:\/\/www.estrategiaconcursos.com.br\/blog\/wp-json\/wp\/v2\/posts\/844529\/revisions"}],"predecessor-version":[{"id":849370,"href":"https:\/\/www.estrategiaconcursos.com.br\/blog\/wp-json\/wp\/v2\/posts\/844529\/revisions\/849370"}],"wp:featuredmedia":[{"embeddable":true,"href":"https:\/\/www.estrategiaconcursos.com.br\/blog\/wp-json\/wp\/v2\/media\/834708"}],"wp:attachment":[{"href":"https:\/\/www.estrategiaconcursos.com.br\/blog\/wp-json\/wp\/v2\/media?parent=844529"}],"wp:term":[{"taxonomy":"category","embeddable":true,"href":"https:\/\/www.estrategiaconcursos.com.br\/blog\/wp-json\/wp\/v2\/categories?post=844529"},{"taxonomy":"post_tag","embeddable":true,"href":"https:\/\/www.estrategiaconcursos.com.br\/blog\/wp-json\/wp\/v2\/tags?post=844529"},{"taxonomy":"tax_estado","embeddable":true,"href":"https:\/\/www.estrategiaconcursos.com.br\/blog\/wp-json\/wp\/v2\/tax_estado?post=844529"}],"curies":[{"name":"wp","href":"https:\/\/api.w.org\/{rel}","templated":true}]}}