{"id":844493,"date":"2021-08-24T15:18:02","date_gmt":"2021-08-24T18:18:02","guid":{"rendered":"https:\/\/www.estrategiaconcursos.com.br\/blog\/?p=844493"},"modified":"2021-08-25T12:33:21","modified_gmt":"2021-08-25T15:33:21","slug":"concurso-pcdf-recursos-prova-escrivao","status":"publish","type":"post","link":"https:\/\/www.estrategiaconcursos.com.br\/blog\/concurso-pcdf-recursos-prova-escrivao\/","title":{"rendered":"Concurso PCDF: Confira os recursos da prova de Escriv\u00e3o"},"content":{"rendered":"\n<p>Ol\u00e1, candidatos do <strong>concurso PCDF<\/strong>! Nesta ter\u00e7a-feira, 24 de agosto, se inicia o prazo para <a href=\"https:\/\/security.cebraspe.org.br\/PC_DF_19_ESCRIVAO\/Recursos\/Objetiva\/Recurso_8303-45DC-12B9-D687\" target=\"_blank\" rel=\"noreferrer noopener\">interposi\u00e7\u00e3o de recursos<\/a> contra o gabarito preliminar da prova da PCDF para o cargo de Escriv\u00e3o. Portanto, para te ajudar, confira os poss\u00edveis recursos dados por nossos professores!<\/p>\n\n\n<figure class=\"wp-block-embed-youtube wp-block-embed is-type-video is-provider-youtube wp-embed-aspect-16-9 wp-has-aspect-ratio lyte-align aligncenter\"><div class=\"lyte-wrapper\" style=\"width:853px;max-width:100%;margin:5px;\"><div class=\"lyMe\" id=\"WYL_aHOC42Z0Wt4\"><div id=\"lyte_aHOC42Z0Wt4\" data-src=\"\/\/i.ytimg.com\/vi\/aHOC42Z0Wt4\/hqdefault.jpg\" class=\"pL\"><div class=\"tC\"><div class=\"tT\"><\/div><\/div><div class=\"play\"><\/div><div class=\"ctrl\"><div class=\"Lctrl\"><\/div><div class=\"Rctrl\"><\/div><\/div><\/div><noscript><a href=\"https:\/\/youtu.be\/aHOC42Z0Wt4\" rel=\"nofollow\"><img loading=\"lazy\" decoding=\"async\" src=\"https:\/\/i.ytimg.com\/vi\/aHOC42Z0Wt4\/0.jpg\" alt=\"YouTube video thumbnail\" width=\"853\" height=\"460\" \/><br \/>Assista a este v\u00eddeo no YouTube<\/a><\/noscript><\/div><\/div><div class=\"lL\" style=\"max-width:100%;width:853px;margin:5px;\"><\/div><figcaption><\/figcaption><\/figure>\n\n\n<h2 class=\"has-luminous-vivid-amber-background-color has-background wp-block-heading\" id=\"h-recursos-pcdf-escriv-o-penal-e-processo-penal\" style=\"font-size:clamp(14.642px, 0.915rem + ((1vw - 3.2px) * 0.721), 22px);px\"><a href=\"https:\/\/www.estrategiaconcursos.com.br\/blog\/pcdf-recursos-penal\/\" target=\"_blank\" rel=\"noreferrer noopener\">Recursos PCDF &#8211; Escriv\u00e3o: Penal e Processo Penal<\/a><\/h2>\n\n\n\n<p><strong>70. &nbsp;Em se tratando do crime de roubo impr\u00f3prio, embora seja ele material e plurissubsistente, n\u00e3o se admite a tentativa, pois a consuma\u00e7\u00e3o ocorre antes do emprego de grave amea\u00e7a ou viol\u00eancia.<\/strong><\/p>\n\n\n\n<p><strong><em>JUSTIFICATIVA DA BANCA \u2013 CERTO.&nbsp;<\/em><\/strong><em>O roubo impr\u00f3prio se configura quando o agente, ap\u00f3s a subtra\u00e7\u00e3o da coisa, emprega grave amea\u00e7a ou viol\u00eancia para assegurar a coisa ou a impunidade do delito, n\u00e3o se admitindo a sua tentativa. Caso o agente n\u00e3o empregue viol\u00eancia ou grave amea\u00e7a, resta configurado o crime de furto. Caso contr\u00e1rio, roubo impr\u00f3prio consumado. \u00c9 uma hip\u00f3tese excepcional, quando se trata de crime material (aquele que, para a consuma\u00e7\u00e3o, exige-se o resultado natural\u00edstico) e plurissubsistente (cuja conduta admite ser fracionada em atos). Ressalta-se que o roubo se consuma com a subtra\u00e7\u00e3o da coisa. Por isso, o roubo impr\u00f3prio n\u00e3o admite tentativa.<\/em><\/p>\n\n\n\n<p><strong>FUNDAMENTOS RECURSAIS<\/strong><\/p>\n\n\n\n<p>O crime de roubo impr\u00f3prio est\u00e1 tipificado no art. 157, \u00a71\u00ba do CP:<\/p>\n\n\n\n<p><em>Art. 157 (\u2026) \u00a7 1\u00ba \u2013 Na mesma pena incorre quem, logo depois de subtra\u00edda a coisa, emprega viol\u00eancia contra pessoa ou grave amea\u00e7a, a fim de assegurar a impunidade do crime ou a deten\u00e7\u00e3o da coisa para si ou para terceiro.<\/em><\/p>\n\n\n\n<p>Ao contr\u00e1rio do que afirma a quest\u00e3o, n\u00e3o se trata de crime material, pois n\u00e3o \u00e9 necess\u00e1rio que o agente consiga obter seu intento de assegurar a deten\u00e7\u00e3o da coisa ou a impunidade do crime, bastando que empregue a viol\u00eancia ou grave amea\u00e7a, tratando-se, portanto, de crime formal (MASSON, Cleber. Direito Penal, vol. 2, parte especial, 2014, p. 410).<\/p>\n\n\n\n<p>Ademais, o item menciona que, no crime de roubo impr\u00f3prio, a consuma\u00e7\u00e3o ocorre \u201cantes do emprego de grave amea\u00e7a ou viol\u00eancia\u201d, o que \u00e9 um FLAGRANTE equ\u00edvoco.&nbsp;<strong>No roubo impr\u00f3prio, a consuma\u00e7\u00e3o se d\u00e1 com o emprego da viol\u00eancia ou grave amea\u00e7a, logo ap\u00f3s realizada a subtra\u00e7\u00e3o<\/strong>. Ou seja, a consuma\u00e7\u00e3o n\u00e3o ocorre antes da viol\u00eancia ou grave amea\u00e7a, e sim no exato momento em que empregada a viol\u00eancia ou grave amea\u00e7a (MASSON, Cleber. Direito Penal, vol. 2, parte especial, 2014, p. 410 e CUNHA, Rog\u00e9rio Sanches. Manual de Direito Penal. Parte Especial. 7\u00ba edi\u00e7\u00e3o. Ed. Juspodivm. Salvador, 2015, p. 258).<\/p>\n\n\n\n<p>Posto isso, deve o gabarito ser alterado para \u201cerrada\u201d.<\/p>\n\n\n\n<p><strong>PLEITO: ALTERA\u00c7\u00c3O DE GABARITO PARA \u201cERRADA\u201d<\/strong><\/p>\n\n\n\n<p><strong>76. O delegado n\u00e3o poder\u00e1 lavrar auto de pris\u00e3o em flagrante em face de Janu\u00e1rio, mas poder\u00e1 requerer ou cumprir mandado de pris\u00e3o preventiva ou tempor\u00e1ria expedido por autoridade judici\u00e1ria competente.<\/strong><\/p>\n\n\n\n<p><em>JUSTIFICATIVA \u2013 CERTO. Na situa\u00e7\u00e3o hipot\u00e9tica, n\u00e3o est\u00e3o preenchidos os requisitos da pris\u00e3o em flagrante, e n\u00e3o h\u00e1 o alcance a nenhuma das hip\u00f3teses previstas no art. 302 do CPP, que trata do assunto. No caso, h\u00e1 aus\u00eancia do quesito atualidade, necess\u00e1rio para configura\u00e7\u00e3o da situa\u00e7\u00e3o flagrancial, uma vez que o fato supostamente criminoso ocorrera sete dias antes da apresenta\u00e7\u00e3o.<\/em><\/p>\n\n\n\n<p><em>Nada impede, contudo, que o delegado venha a requerer, ainda que durante a presen\u00e7a do investigado na delegacia, o mandado de pris\u00e3o preventiva ou tempor\u00e1ria, a ser expedido por autoridade competente. N\u00e3o impede, no mesmo sentido, o cumprimento de mandado judicial de pris\u00e3o<\/em><\/p>\n\n\n\n<p><strong>FUNDAMENTOS RECURSAIS<\/strong><\/p>\n\n\n\n<p>De fato, por ter havido apresenta\u00e7\u00e3o espont\u00e2nea do imputado, bem como considerado o prazo transcorrido desde a data do suposto crime, incab\u00edvel falar-se em flagrante delito.<\/p>\n\n\n\n<p>Todavia, embora o delegado possa, nessas circunst\u00e2ncias, representar ao Ju\u00edzo pela decreta\u00e7\u00e3o da pris\u00e3o preventiva, n\u00e3o ser\u00e1 cab\u00edvel a decreta\u00e7\u00e3o da pris\u00e3o tempor\u00e1ria, posto que o suposto crime praticado (corrup\u00e7\u00e3o ativa) n\u00e3o admite a decreta\u00e7\u00e3o da pris\u00e3o tempor\u00e1ria, por n\u00e3o estar previsto no art. 1\u00ba, III da Lei 7.960\/89 nem se tratar de crime hediondo ou equiparado.<\/p>\n\n\n\n<p>Logo, a despeito do cabimento da pris\u00e3o preventiva, por se tratar de crime cuja pena m\u00e1xima exceda 04 anos, n\u00e3o h\u00e1 possibilidade de o delegado representar ao Juiz pela decreta\u00e7\u00e3o da pris\u00e3o tempor\u00e1ria, por aus\u00eancia de cabimento na hip\u00f3tese.<\/p>\n\n\n\n<p><strong>PLEITO: ALTERA\u00c7\u00c3O DE GABARITO PARA \u201cERRADA\u201d<\/strong><\/p>\n\n\n\n<p><strong>77. O conduzido n\u00e3o poder\u00e1 se negar \u00e0 realiza\u00e7\u00e3o do exame de corpo de delito quando da lavratura do auto de pris\u00e3o em flagrante.<\/strong><\/p>\n\n\n\n<p><strong><em>JUSTIFICATIVA \u2013 ERRADO.&nbsp;<\/em><\/strong><em>Al\u00e9m da previs\u00e3o constitucional de que \u201cningu\u00e9m ser\u00e1 obrigado a fazer ou deixar de fazer alguma coisa sen\u00e3o em virtude de lei\u201d (CF, art. 5.\u00ba, II), o conduzido n\u00e3o poder\u00e1 ser submetido \u00e0 for\u00e7a a procedimento que n\u00e3o deseja realizar (a n\u00e3o ser nas rar\u00edssimas hip\u00f3teses legais, como de identifica\u00e7\u00e3o criminal e coleta de material gen\u00e9tico), devendo aceitar, contudo, as poss\u00edveis consequ\u00eancias de tal escolha.<\/em><\/p>\n\n\n\n<p><strong>FUNDAMENTOS RECURSAIS<\/strong><\/p>\n\n\n\n<p>De fato, o imputado n\u00e3o pode ser compelido a produzir prova contr\u00e1ria ao seu interesse, pelo princ\u00edpio da veda\u00e7\u00e3o \u00e0 autoincrimina\u00e7\u00e3o, ou&nbsp;<em>nemo tenetur se detegere<\/em>, de forma que n\u00e3o poder\u00e1 ser submetido a qualquer procedimento invasivo que possa resultar na produ\u00e7\u00e3o de prova prejudicial \u00e0 sua defesa, salvo hip\u00f3teses excepcional\u00edssimas.<\/p>\n\n\n\n<p>Todavia, o item n\u00e3o \u00e9 claro o suficiente quanto \u00e0 natureza do exame de corpo de delito indicado. Ou seja, n\u00e3o fica claro para o candidato se est\u00e1 a se falar do exame de corpo de delito para atestar a materialidade do crime pelo qual houve a pris\u00e3o em flagrante (e, de fato, nesse caso o imputado n\u00e3o poder\u00e1 ser obrigado a colaborar) ou se o item se refere ao exame de corpo de delito para atestar a incolumidade f\u00edsica do preso em flagrante.<\/p>\n\n\n\n<p>Nesse \u00faltimo caso, a realiza\u00e7\u00e3o do exame de corpo de delito \u00e9 obrigat\u00f3ria, at\u00e9 pelo que disp\u00f5e o art. 5\u00ba, XLIX:<\/p>\n\n\n\n<p><em>Art. 5\u00ba (\u2026) XLIX \u2013 \u00e9 assegurado aos presos o respeito \u00e0 integridade f\u00edsica e moral;<\/em><\/p>\n\n\n\n<p>N\u00e3o por outro motivo a realiza\u00e7\u00e3o do exame de corpo de delito no preso em flagrante DEVE ser determinada pelo Juiz que conhecer do APFD, caso o delegado ainda n\u00e3o tenha providenciado sua realiza\u00e7\u00e3o. Vejamos o que disp\u00f5e o art. 8\u00ba, VII, \u201ca\u201d da Resolu\u00e7\u00e3o n\u00ba 213 do CNJ, que trata das audi\u00eancias de cust\u00f3dia:<\/p>\n\n\n\n<p><em>Art. 8\u00ba Na audi\u00eancia de cust\u00f3dia, a autoridade judicial entrevistar\u00e1 a pessoa presa em flagrante, devendo:<\/em><\/p>\n\n\n\n<p><em>(\u2026)<\/em><\/p>\n\n\n\n<p><em>VII \u2013 verificar se houve a realiza\u00e7\u00e3o de exame de corpo de delito,&nbsp;<strong>determinando sua realiza\u00e7\u00e3o nos casos em que:<\/strong><\/em><\/p>\n\n\n\n<p><strong><em>a) n\u00e3o tiver sido realizado;<\/em><\/strong><\/p>\n\n\n\n<p>Percebe-se, assim, que a realiza\u00e7\u00e3o do exame de corpo de delito NO PRESO, de forma a atestar sua incolumidade f\u00edsica (ou n\u00e3o) \u00e9 obrigat\u00f3ria.<\/p>\n\n\n\n<p><strong>PLEITO: ANULA\u00c7\u00c3O DA QUEST\u00c3O<\/strong><\/p>\n\n\n\n<h2 class=\"has-luminous-vivid-amber-background-color has-background wp-block-heading\" id=\"h-recursos-pcdf-escriv-o-matem-tica-e-racioc-nio-l-gico\" style=\"font-size:clamp(14.642px, 0.915rem + ((1vw - 3.2px) * 0.721), 22px);px\"><a href=\"https:\/\/www.estrategiaconcursos.com.br\/blog\/recurso-pcdf-escrivao-matematica-e-raciocinio-logico\/\" target=\"_blank\" rel=\"noreferrer noopener\">Recursos PCDF &#8211; Escriv\u00e3o: Matem\u00e1tica e Racioc\u00ednio L\u00f3gico<\/a><\/h2>\n\n\n\n<p><strong>Seis pessoas devem se reunir em uma mesa redonda, mas duas delas n\u00e3o podem se sentar uma ao lado da outra. Nessa situa\u00e7\u00e3o, a quantidade de maneiras distintas de essas seis pessoas sentarem em torno dessa mesa \u00e9 superior a 400.<\/strong><\/p>\n\n\n\n<p><strong>Gabarito do professor: ERRADO.<\/strong><\/p>\n\n\n\n<p><strong>Gabarito preliminar da banca: CERTO.<\/strong><\/p>\n\n\n\n<p><strong>An\u00e1lise da justificativa da banca<\/strong><\/p>\n\n\n\n<p>Vejamos a justificativa apontada pela banca:<\/p>\n\n\n\n<div class=\"wp-block-image\"><figure class=\"aligncenter is-resized\"><img loading=\"lazy\" decoding=\"async\" src=\"https:\/\/dhg1h5j42swfq.cloudfront.net\/2021\/08\/23221056\/image-691.png\" alt=\"Concurso PCDF: Confira os recursos da prova de Escriv\u00e3o\" class=\"wp-image-843765\" width=\"520\" height=\"194\" srcset=\"https:\/\/dhg1h5j42swfq.cloudfront.net\/2021\/08\/23221056\/image-691.png 872w, https:\/\/dhg1h5j42swfq.cloudfront.net\/2021\/08\/23221056\/image-691-300x112.png 300w, https:\/\/dhg1h5j42swfq.cloudfront.net\/2021\/08\/23221056\/image-691-768x287.png 768w, https:\/\/dhg1h5j42swfq.cloudfront.net\/2021\/08\/23221056\/image-691-610x228.png 610w\" sizes=\"auto, (max-width: 520px) 100vw, 520px\" \/><figcaption>Concurso PCDF: Confira os recursos da prova de Escriv\u00e3o<\/figcaption><\/figure><\/div>\n\n\n\n<p>Observe que a banca se equivocou ao dizer que \u201c<strong>uma das pessoas que tem restri\u00e7\u00e3o de posicionamento na mesa tem&nbsp;<\/strong><strong><u>seis possibilidades<\/u><\/strong><strong>&nbsp;de tomar assento nessa mesa<\/strong>\u201c.<\/p>\n\n\n\n<p>Isso porque,&nbsp;<strong><u>em uma disposi\u00e7\u00e3o circular<\/u><\/strong>,&nbsp;<strong><u>a primeira pessoa inserida na mesa apenas cria um referencial<\/u><\/strong>.<\/p>\n\n\n\n<p>Suponha que uma das pessoas que tem restri\u00e7\u00e3o de posicionamento \u00e9 a pessoa&nbsp;<strong>A<\/strong>. Vamos inseri-la na mesa:<\/p>\n\n\n\n<div class=\"wp-block-image\"><figure class=\"aligncenter\"><img loading=\"lazy\" decoding=\"async\" width=\"210\" height=\"209\" src=\"https:\/\/dhg1h5j42swfq.cloudfront.net\/2021\/08\/23221143\/image-693.png\" alt=\"\" class=\"wp-image-843767\" srcset=\"https:\/\/dhg1h5j42swfq.cloudfront.net\/2021\/08\/23221143\/image-693.png 210w, https:\/\/dhg1h5j42swfq.cloudfront.net\/2021\/08\/23221143\/image-693-150x150.png 150w\" sizes=\"auto, (max-width: 210px) 100vw, 210px\" \/><figcaption>Concurso PCDF: Confira os recursos da prova de Escriv\u00e3o<\/figcaption><\/figure><\/div>\n\n\n\n<p>Note que, observando essa mesa de um outro \u00e2ngulo (girando ela em 180 graus), temos a seguinte disposi\u00e7\u00e3o:<\/p>\n\n\n\n<div class=\"wp-block-image\"><figure class=\"aligncenter\"><img loading=\"lazy\" decoding=\"async\" width=\"209\" height=\"207\" src=\"https:\/\/dhg1h5j42swfq.cloudfront.net\/2021\/08\/23221159\/image-695.png\" alt=\"Concurso PCDF: Confira os recursos da prova de Escriv\u00e3o\" class=\"wp-image-843769\" srcset=\"https:\/\/dhg1h5j42swfq.cloudfront.net\/2021\/08\/23221159\/image-695.png 209w, https:\/\/dhg1h5j42swfq.cloudfront.net\/2021\/08\/23221159\/image-695-150x150.png 150w\" sizes=\"auto, (max-width: 209px) 100vw, 209px\" \/><figcaption>Concurso PCDF: Confira os recursos da prova de Escriv\u00e3o<\/figcaption><\/figure><\/div>\n\n\n\n<p>Em outras palavras,&nbsp;<strong><u>n\u00e3o existem seis possibilidades para se inserir a primeira pessoa<\/u><\/strong>&nbsp;pois, na verdade, essa pessoa criou apenas um referencial.<\/p>\n\n\n\n<p>Considerando que&nbsp;<strong>h\u00e1 apenas&nbsp;<u>uma forma<\/u>&nbsp;de inserir a primeira pessoa<\/strong>, o restante do racioc\u00ednio da banca est\u00e1 correto. Portanto, o racioc\u00ednio correto seria o seguinte:<\/p>\n\n\n\n<p><em>\u201c<\/em><strong><em>Ao selecionar uma das pessoas que tem restri\u00e7\u00e3o de posicionamento na mesa, ela cria um referencial, havendo uma \u00fanica possibilidade de ela tomar assento na mesa<\/em><\/strong><em>. A segunda pessoa com restri\u00e7\u00e3o,&nbsp;<\/em><strong><em>uma vez j\u00e1 fixado esse referencial<\/em><\/strong><em>, teria ent\u00e3o tr\u00eas possibilidades de tomar assento \u00e0 mesa. Portanto, as duas pessoas com restri\u00e7\u00e3o de posicionamento teriam&nbsp;<\/em><strong>1 \u00d7 3 = 3&nbsp;<em>possibilidade<\/em>s de&nbsp;<em>posicionamento<\/em><\/strong><em>. Como as outras quatro pessoas podem se sentar em qualquer local, ent\u00e3o tem-se&nbsp;<\/em><strong>3<\/strong>\u00d74! =&nbsp;<strong>3<\/strong>&nbsp;\u00d7 24 =&nbsp;<strong>72<em>&nbsp;possibilidades<\/em><\/strong><em>&nbsp;de essas pessoas tomarem assento \u00e0 mesa.\u201d<\/em><\/p>\n\n\n\n<p><strong>Outra forma de resolver o problema<\/strong><\/p>\n\n\n\n<p>Primeiramente, vamos&nbsp;<strong><u>desconsiderar<\/u><\/strong>&nbsp;a restri\u00e7\u00e3o de que duas pessoas n\u00e3o podem sentar lado a lado. Nesse caso, o&nbsp;<strong><u>n\u00famero de possibilidades em que 6 pessoas podem se reunir em uma mesa redonda<\/u><\/strong>&nbsp;\u00e9 a Permuta\u00e7\u00e3o Circular de 6:<\/p>\n\n\n\n<div class=\"wp-block-image\"><figure class=\"aligncenter\"><img loading=\"lazy\" decoding=\"async\" width=\"404\" height=\"58\" src=\"https:\/\/dhg1h5j42swfq.cloudfront.net\/2021\/08\/23221300\/image-697.png\" alt=\"\" class=\"wp-image-843771\" srcset=\"https:\/\/dhg1h5j42swfq.cloudfront.net\/2021\/08\/23221300\/image-697.png 404w, https:\/\/dhg1h5j42swfq.cloudfront.net\/2021\/08\/23221300\/image-697-300x43.png 300w\" sizes=\"auto, (max-width: 404px) 100vw, 404px\" \/><figcaption>Concurso PCDF: Confira os recursos da prova de Escriv\u00e3o<\/figcaption><\/figure><\/div>\n\n\n\n<p>Desses 120 casos,&nbsp;<strong><u>devemos subtrair os casos em que as duas pessoas sentam juntas<\/u><\/strong>. Considere a seguinte disposi\u00e7\u00e3o em que fixamos as pessoas A e B que n\u00e3o poderiam sentar juntas:<\/p>\n\n\n\n<div class=\"wp-block-image\"><figure class=\"aligncenter\"><img loading=\"lazy\" decoding=\"async\" width=\"247\" height=\"234\" src=\"https:\/\/dhg1h5j42swfq.cloudfront.net\/2021\/08\/23221312\/image-699.png\" alt=\"Concurso PCDF: Confira os recursos da prova de Escriv\u00e3o\" class=\"wp-image-843773\"\/><figcaption>Concurso PCDF: Confira os recursos da prova de Escriv\u00e3o<\/figcaption><\/figure><\/div>\n\n\n\n<p>O n\u00famero de possibilidades de as 6 pessoas sentarem com a disposi\u00e7\u00e3o \u201cA-B\u201d \u00e9 a permuta\u00e7\u00e3o circular de 5 elementos:<\/p>\n\n\n\n<div class=\"wp-block-image\"><figure class=\"aligncenter\"><img loading=\"lazy\" decoding=\"async\" width=\"396\" height=\"66\" src=\"https:\/\/dhg1h5j42swfq.cloudfront.net\/2021\/08\/23221400\/image-701.png\" alt=\"\" class=\"wp-image-843775\" srcset=\"https:\/\/dhg1h5j42swfq.cloudfront.net\/2021\/08\/23221400\/image-701.png 396w, https:\/\/dhg1h5j42swfq.cloudfront.net\/2021\/08\/23221400\/image-701-300x50.png 300w\" sizes=\"auto, (max-width: 396px) 100vw, 396px\" \/><figcaption>Concurso PCDF: Confira os recursos da prova de Escriv\u00e3o<\/figcaption><\/figure><\/div>\n\n\n\n<p>Veja essa nova disposi\u00e7\u00e3o em que A e B sentam juntas: \u201cB-A\u201d.<\/p>\n\n\n\n<div class=\"wp-block-image\"><figure class=\"aligncenter\"><img loading=\"lazy\" decoding=\"async\" width=\"282\" height=\"260\" src=\"https:\/\/dhg1h5j42swfq.cloudfront.net\/2021\/08\/23221417\/image-703.png\" alt=\"\" class=\"wp-image-843777\"\/><figcaption>Concurso PCDF: Confira os recursos da prova de Escriv\u00e3o<\/figcaption><\/figure><\/div>\n\n\n\n<p>O n\u00famero de possibilidades de as 6 pessoas sentarem com a disposi\u00e7\u00e3o \u201cB-A\u201d tamb\u00e9m \u00e9 a permuta\u00e7\u00e3o circular de 5 elementos:<\/p>\n\n\n\n<div class=\"wp-block-image\"><figure class=\"aligncenter is-resized\"><img loading=\"lazy\" decoding=\"async\" src=\"https:\/\/dhg1h5j42swfq.cloudfront.net\/2021\/08\/23221429\/image-705.png\" alt=\"\" class=\"wp-image-843779\" width=\"381\" height=\"60\" srcset=\"https:\/\/dhg1h5j42swfq.cloudfront.net\/2021\/08\/23221429\/image-705.png 381w, https:\/\/dhg1h5j42swfq.cloudfront.net\/2021\/08\/23221429\/image-705-300x47.png 300w\" sizes=\"auto, (max-width: 381px) 100vw, 381px\" \/><figcaption>Concurso PCDF: Confira os recursos da prova de Escriv\u00e3o<\/figcaption><\/figure><\/div>\n\n\n\n<p>Logo,&nbsp;<strong>descontando todos os casos em que as duas pessoas n\u00e3o podem sentar juntas<\/strong>, ficamos com as 72 possibilidades j\u00e1 obtidas:<\/p>\n\n\n\n<div class=\"wp-block-image\"><figure class=\"aligncenter\"><img loading=\"lazy\" decoding=\"async\" width=\"538\" height=\"65\" src=\"https:\/\/dhg1h5j42swfq.cloudfront.net\/2021\/08\/23221450\/image-707.png\" alt=\"\" class=\"wp-image-843781\" srcset=\"https:\/\/dhg1h5j42swfq.cloudfront.net\/2021\/08\/23221450\/image-707.png 538w, https:\/\/dhg1h5j42swfq.cloudfront.net\/2021\/08\/23221450\/image-707-300x36.png 300w\" sizes=\"auto, (max-width: 538px) 100vw, 538px\" \/><figcaption>Concurso PCDF: Confira os recursos da prova de Escriv\u00e3o<\/figcaption><\/figure><\/div>\n\n\n\n<p>Em resumo, a resposta correta \u00e9:<\/p>\n\n\n\n<div class=\"wp-block-image\"><figure class=\"aligncenter\"><img loading=\"lazy\" decoding=\"async\" width=\"263\" height=\"61\" src=\"https:\/\/dhg1h5j42swfq.cloudfront.net\/2021\/08\/23221503\/image-709.png\" alt=\"Concurso PCDF: Confira os recursos da prova de Escriv\u00e3o\" class=\"wp-image-843783\"\/><figcaption>Concurso PCDF: Confira os recursos da prova de Escriv\u00e3o<\/figcaption><\/figure><\/div>\n\n\n\n<p>Logo, a quantidade de maneiras distintas de essas seis pessoas sentarem em torno dessa mesa \u00e9&nbsp;<strong>inferior<\/strong>&nbsp;a 400.<\/p>\n\n\n\n<h2 class=\"has-luminous-vivid-amber-background-color has-background wp-block-heading\" id=\"h-recursos-pcdf-escriv-o-direito-constitucional\" style=\"font-size:clamp(14.642px, 0.915rem + ((1vw - 3.2px) * 0.721), 22px);px\"><a href=\"https:\/\/www.estrategiaconcursos.com.br\/blog\/recurso-pcdf-direito-constitucional-escrivao\/\" target=\"_blank\" rel=\"noreferrer noopener\">Recursos PCDF &#8211; Escriv\u00e3o: Direito Constitucional<\/a><\/h2>\n\n\n\n<p><strong>Quest\u00f5es 53<\/strong><\/p>\n\n\n\n<p>Se for comprovado que o referido cidad\u00e3o norte-americano praticou o crime de tr\u00e1fico il\u00edcito de entorpecentes, ele poder\u00e1 ser extraditado para o seu pa\u00eds de origem.<\/p>\n\n\n\n<p><strong>GABARITO PRELIMINAR<\/strong>: ERRADA<\/p>\n\n\n\n<p><strong>JUSTIFICATIVA<\/strong>&nbsp;<strong>DA BANCA:<\/strong>&nbsp;A extradi\u00e7\u00e3o \u00e9 o modo de entregar o estrangeiro ou, excepcionalmente, o brasileiro naturalizado ao outro Estado por delito nele praticado.<\/p>\n\n\n\n<p><strong>REQUERIMENTO:&nbsp;<\/strong>ALTERA\u00c7\u00c3O DE GABARITO OU ANULA\u00c7\u00c3O<\/p>\n\n\n\n<p><strong>FUNDAMENTA\u00c7\u00c3O:<\/strong>&nbsp;O enunciado da quest\u00e3o afirma que o indiv\u00edduo \u00e9 estrangeiro, n\u00e3o residente no Brasil e que teria sido preso pelo crime de HOMIC\u00cdDIO, ao sair de uma cena de crime de tr\u00e1fico il\u00edcito de entorpecentes.<\/p>\n\n\n\n<p>Observa-se que, pelo enunciado, fica claro que o crime de homic\u00eddio foi cometido no Brasil, contudo n\u00e3o se pode afirmar que o crime de tr\u00e1fico teria acontecido apenas no Brasil, o pr\u00f3prio item deixa a interpreta\u00e7\u00e3o poss\u00edvel de que o estrangeiro poderia ter cometido crime de tr\u00e1fico em outro pa\u00eds, o que geraria o pedido de extradi\u00e7\u00e3o.<\/p>\n\n\n\n<p>E mais, como n\u00e3o se trata de crime pol\u00edtico ou de opini\u00e3o, a extradi\u00e7\u00e3o seria sim poss\u00edvel.<\/p>\n\n\n\n<p>Para que o gabarito da banca fosse correto ela deveria ter constru\u00eddo o enunciado da seguinte forma:<\/p>\n\n\n\n<p>Se for comprovado que o referido cidad\u00e3o norte-americano praticou, em solo brasileiro, o crime de tr\u00e1fico il\u00edcito de entorpecentes, ele poder\u00e1 ser extraditado para o seu pa\u00eds de origem.<\/p>\n\n\n\n<p>Dessa forma, considerando a diversidade de interpreta\u00e7\u00f5es poss\u00edveis do caso apresentado requer-se a altera\u00e7\u00e3o do gabarito para CERTO ou melhor, a anula\u00e7\u00e3o do item.<\/p>\n\n\n\n<p><strong>Quest\u00f5es 58<\/strong><\/p>\n\n\n\n<p>Os fundamentos que regem o Brasil em suas rela\u00e7\u00f5es internacionais inclui o rep\u00fadio ao racismo.<\/p>\n\n\n\n<p><strong>GABARITO PRELIMINAR<\/strong>: CERTO<\/p>\n\n\n\n<p><strong>JUSTIFICATIVA<\/strong>&nbsp;<strong>DA BANCA:<\/strong>&nbsp;Conforme previsto expressamente no inc. VIII do art. 4.\u00ba da CF, a Rep\u00fablica Federativa do Brasil rege-se em suas rela\u00e7\u00f5es internacionais pelos&nbsp;<strong>princ\u00edpios<\/strong>&nbsp;do rep\u00fadio ao terrorismo e ao racismo.<\/p>\n\n\n\n<p><strong>REQUERIMENTO:&nbsp;<\/strong>ANULA\u00c7\u00c3O<\/p>\n\n\n\n<p><strong>FUNDAMENTA\u00c7\u00c3O:<\/strong>&nbsp;Conforme justificativa da pr\u00f3pria banca a quest\u00e3o encontra fundamento no art. 4\u00ba, inciso VIII da CF, item esse que n\u00e3o consta no edital, conforme se observa do conte\u00fado program\u00e1tico abaixo:<\/p>\n\n\n\n<p><em>NO\u00c7\u00d5ES DE DIREITO CONSTITUCIONAL: 1 Constitui\u00e7\u00e3o Federal de 1988. 1.1 Direitos e Garantias Fundamentais. 1.2 T\u00edtulo V, Cap\u00edtulo III \u2015 Da Seguran\u00e7a P\u00fablica.<\/em><\/p>\n\n\n\n<p>Pelo edital o conte\u00fado program\u00e1tico engloba os artigos 5\u00ba ao 17\u00ba e o art. 144.<\/p>\n\n\n\n<p>Ademais, ainda que estivesse no edital a quest\u00e3o deveria ser considerada como ERRADA, isso porque n\u00e3o se pode confundir princ\u00edpios nas rela\u00e7\u00f5es internacionais que regem o Brasil, com os fundamentos que regem o Brasil.<\/p>\n\n\n\n<p>Os fundamentos est\u00e3o elencados nos incisos do art. 1\u00ba, a saber: soberania, cidadania, dignidade da pessoa humana, valores sociais do trabalho e da livre iniciativa e pluralismo pol\u00edtico; enquanto os princ\u00edpios que regem as rela\u00e7\u00f5es internacionais est\u00e3o no art. 4\u00ba, ali\u00e1s, essa diferen\u00e7a \u00e9 um dos principais itens objeto de quest\u00e3o das bancas, fazendo a invers\u00e3o entre fundamentos, objetivos e princ\u00edpios nas rela\u00e7\u00f5es internacionais.<\/p>\n\n\n\n<p>Dessa forma, o rep\u00fadio ao racismo n\u00e3o \u00e9 um fundamento da Rep\u00fablica Federativa do Brasil e sim um princ\u00edpio que rege a sua atua\u00e7\u00e3o em um plano internacional.<\/p>\n\n\n\n<p>Considerando o exposto, deve a quest\u00e3o primeiramente ser ANULADA e caso assim a banca n\u00e3o considere deve ter seu gabarito alterado para ERRADO.<\/p>\n\n\n\n<h3 class=\"has-luminous-vivid-amber-background-color has-background wp-block-heading\" id=\"h-recursos-pcdf-escriv-o-inform-tica\">Recursos PCDF &#8211; Escriv\u00e3o: Inform\u00e1tica<\/h3>\n\n\n\n<p><strong><span class=\"has-inline-color has-vivid-red-color\">QUEST\u00c3O:<\/span> <\/strong>Sempre que uma URL \u00e9 salva pelo gerenciador de favoritos do Google Chrome, ela \u00e9 sincronizada em todos os dispositivos utilizados pelo usu\u00e1rio, na sua conta do Google.<\/p>\n\n\n\n<p><strong>GABARITO PRELIMINAR: <\/strong>ERRADO<\/p>\n\n\n\n<p><strong>PEDIDO DE RECURSO<\/strong>: ANULA\u00c7\u00c3O<\/p>\n\n\n\n<p><strong>MOTIVO: <\/strong>A forma como o item foi redigido, apresentando a express\u00e3o \u201c&#8230; na sua conta do Google.\u201d, fora remetida a an\u00e1lise de uma condi\u00e7\u00e3o especificativa. Assim, valendo saber que pelas configura\u00e7\u00f5es padr\u00f5es, que \u00e9 o elemento a ser considerado pelo candidato, sempre que a URL \u00e9 salva na conta google, ela ser\u00e1 sincronizada com os dispositivos do usu\u00e1rio.<\/p>\n\n\n\n<p>Por fim, diferentemente de como foi apresentado na justificativa do item \u201cAs informa\u00e7\u00f5es do usu\u00e1rio s\u00e3o &nbsp;salvas na sua conta do Google somente quando \u00e9 ligada no Chrome a op\u00e7\u00e3o ativar e desativar a sincroniza\u00e7\u00e3o.\u201d, a op\u00e7\u00e3o de sincroniza\u00e7\u00e3o j\u00e1 est\u00e1 habilitada por padr\u00e3o com a sess\u00e3o do usu\u00e1rio, devendo ser desativada caso necess\u00e1rio.<\/p>\n\n\n\n<p><strong><span class=\"has-inline-color has-vivid-red-color\">QUEST\u00c3O:<\/span><\/strong><span class=\"has-inline-color has-luminous-vivid-amber-color\"> <\/span>Firewall de proxy \u00e9 um aplicativo de seguran\u00e7a que monitora e controla o tr\u00e1fico de dados de uma rede interna para a rede externa e impede o ataque externo.<\/p>\n\n\n\n<p><strong>GABARITO PRELIMINAR: <\/strong>CERTO<\/p>\n\n\n\n<p><strong>PEDIDO DE RECURSO: <\/strong>ANULA\u00c7\u00c3O<\/p>\n\n\n\n<p><strong>MOTIVO: <\/strong>Primeiramente, o trecho \u201c&#8230;tr\u00e1fico de dados&#8230;\u201d impossibilita qualquer forma de julgar a quest\u00e3o. O termo \u201ctr\u00e1fico\u201d n\u00e3o \u00e9 utilizado em redes de computadores, pois, de acordo coma l\u00edngua portuguesa, est\u00e1 relacionado a um trato mercantil, negocia\u00e7\u00e3o, com\u00e9rcio, neg\u00f3cios clandestinos e il\u00edcito, n\u00e3o havendo qualquer rela\u00e7\u00e3o com a transfer\u00eancia de dados na inform\u00e1tica. Sendo assim, esse termo torna o item errado, diferentemente do gabarito preliminar apresentado pela organizadora.<\/p>\n\n\n\n<p>Al\u00e9m disso, um sistema de proxy n\u00e3o realiza controle de fluxo e an\u00e1lise de pacotes, pois seu papel \u00e9 realizar controle de acesso baseado em regras de bloqueios, por exemplo, e n\u00e3o controlar fluxo de dados, tornando incorreto o trecho, \u201c&#8230; monitora e controla o tr\u00e1fego de dados&#8230;\u201d.<\/p>\n\n\n\n<p>Por fim, a express\u00e3o \u201cimpede\u201d n\u00e3o est\u00e1 correta, pois o termo, da forma como foi utilizado, n\u00e3o condiz com a a\u00e7\u00e3o de barreira, mas sim um bloqueio de acesso e n\u00e3o h\u00e1 garantia disso. A base utilizada para isso \u00e9 uma quest\u00e3o elaborada pela organizadora, no ano de 2014, para o concurso SUFRAMA, que afirma:<\/p>\n\n\n\n<p><em>A respeito de seguran\u00e7a da informa\u00e7\u00e3o, julgue o item subsequente.<\/em><\/p>\n\n\n\n<p><em>O Microsoft Windows 7 Ultimate possui originariamente um aplicativo de firewall, o qual permite verificar informa\u00e7\u00f5es provenientes da Internet, bloqueando ou permitindo que elas cheguem ao computador do usu\u00e1rio. Um firewall pode ainda ajudar a impedir que hackers ou worms obtenham acesso ao computador por meio de uma rede de computadores.<\/em><\/p>\n\n\n\n<p>GABARITO OFICIAL: CERTO<\/p>\n\n\n\n<p>COMENT\u00c1RIO: O termo PODE IMPEDIR \u00e9 adequado a essa situa\u00e7\u00e3o, pois n\u00e3o h\u00e1 garantias do controle de acesso.<\/p>\n\n\n\n<h3 class=\"has-luminous-vivid-amber-background-color has-background wp-block-heading\" id=\"h-recursos-pcdf-escriv-o-l-ngua-portuguesa\"><a href=\"https:\/\/estrategiaconcursos.com.br\/blog\/recurso-pcdf-escrivao-lp\">Recursos PCDF &#8211; Escriv\u00e3o: L\u00edngua Portuguesa<\/a><\/h3>\n\n\n\n<p><strong>QUEST\u00c3O N\u00ba 05<\/strong><br \/><strong>TEXTO DA QUEST\u00c3O<\/strong>:<\/p>\n\n\n\n<p>Sem preju\u00edzo da corre\u00e7\u00e3o gramatical e dos sentidos originais do texto, o trecho \u201cOutra medida que teve papel important\u00edssimo foi a implementa\u00e7\u00e3o de cortes (tribunais), nos anos 90, para tratar de crimes menores, mediar conflitos comunit\u00e1rios e casos de viol\u00eancia dom\u00e9stica e para lidar com usu\u00e1rios de drogas.\u201d (\u2113. 25 a 29) poderia ser reescrito da seguinte forma: Outra medida cujo papel foi muito importante foi a implanta\u00e7\u00e3o, nos anos 90, de cortes (tribunais) para tratar de crimes menores, mediar conflitos nas comunidades e casos de viol\u00eancia dom\u00e9stica e lidar com usu\u00e1rios de drogas.<\/p>\n\n\n\n<p><strong>GABARITO PRELIMINAR<\/strong>: CERTO<br \/><strong>GABARITO PRETENDIDO<\/strong>: ERRADO<\/p>\n\n\n\n<p><strong>FUNDAMENTA\u00c7\u00c3O<\/strong>:<br \/>A quest\u00e3o traz como a reescrita do per\u00edodo entre as linhas 25 e 29 como correta. Contudo, nota-se um equ\u00edvoco ao consider\u00e1-la CORRETA, pelo que se exp\u00f5e a seguir. <br \/>O erro na reescrita n\u00e3o se encontra nos aspectos gramaticais, que est\u00e3o, inclusive, de acordo com a gram\u00e1tica normativa, mas na altera\u00e7\u00e3o de sentido ocasionada pela troca de \u201cimplementa\u00e7\u00e3o\u201d por \u201cimplanta\u00e7\u00e3o\u201d.<br \/>\u201cImplantar\u201d e \u201cimplementar\u201d n\u00e3o s\u00e3o sin\u00f4nimos, e sim <strong>par\u00f4nimos<\/strong>, ou seja, a escrita \u00e9 parecida, mas os sentidos distintos. \u201cImplantar\u201d significa <em>iniciar algo<\/em>, j\u00e1 \u201cimplementar\u201d tem o sentido de <em>p\u00f4r algo em pr\u00e1tica<\/em>, ou seja n\u00e3o podem ser utilizados como sin\u00f4nimos.<br \/>Assim, por mais que n\u00e3o haja erro gramatical, a substitui\u00e7\u00e3o de um pelo outro n\u00e3o mant\u00e9m o sentido original do texto.<br \/>Dessa forma, como o comando do item pede que sejam mantidos \u201ccorre\u00e7\u00e3o gramatical e dos sentidos originais do texto\u201d, a substitui\u00e7\u00e3o pretendida fere o que \u00e9 pedido, o que torna o item errado.<br \/>Ante a fundamenta\u00e7\u00e3o acima, requer, humildemente, a ALTERA\u00c7\u00c3O do gabarito para ERRADO.<\/p>\n\n\n\n<p><strong>QUEST\u00c3O N\u00ba 15<\/strong><br \/><strong>TEXTO DA QUEST\u00c3O<\/strong>:<\/p>\n\n\n\n<p>No \u00faltimo per\u00edodo do texto, a ora\u00e7\u00e3o \u201cque a nomina\u00e7\u00e3o de seu desaparecimento seja uma opera\u00e7\u00e3o de resist\u00eancia\u201d exerce a fun\u00e7\u00e3o de complemento da forma verbal \u201cacredita\u201d, cujo sujeito \u00e9 indeterminado, conforme comprova o emprego da part\u00edcula \u201cse\u201d.<\/p>\n\n\n\n<p><strong>GABARITO PRELIMINAR<\/strong>: ERRADO<br \/><strong>GABARITO PRETENDIDO<\/strong>: CERTO<\/p>\n\n\n\n<p><strong>FUNDAMENTA\u00c7\u00c3O<\/strong>:<br \/>A quest\u00e3o traz como errada a afirma\u00e7\u00e3o de que o sujeito de \u201cAcredita\u201d \u00e9 indeterminado e a part\u00edcula \u201cse\u201d na fun\u00e7\u00e3o de \u00edndice de indetermina\u00e7\u00e3o do sujeito. Contudo, nota-se um equ\u00edvoco ao considerar ERRADO o item, pelo que se exp\u00f5e a seguir.<br \/>A palavra \u201cse\u201d pode ter muitas fun\u00e7\u00f5es, dentre elas:<br \/>&#8211; Pronome apassivador (PA): acompanha um verbo transitivo direto e indica voz passiva.<br \/>Ex: Vendem-se casas.<br \/>&#8211; \u00cdndice de Indetermina\u00e7\u00e3o do Sujeito: vem acompanhando um verbo transitivo indireto, um verbo intransitivo ou um verbo de liga\u00e7\u00e3o &nbsp;<br \/>Ex: Necessita-se de volunt\u00e1rios para o hospital. (VTI)<br \/>&nbsp;&nbsp;&nbsp;&nbsp;&nbsp;&nbsp; Neste lugar se \u00e9 tratado como um animal. (VL)<br \/>&nbsp;&nbsp;&nbsp;&nbsp;&nbsp;&nbsp; Ainda se corre o risco de perder o oxig\u00eanio. (VI)<br \/>Segundo o Dicion\u00e1rio de Reg\u00eancia Verbal de Celso Luft, o verbo \u201cacreditar\u201d pode ser VTD e VTI.<br \/>Voltando ao texto, entende-se que a part\u00edcula \u201cse\u201d \u00e9 \u00cdndice de Indetermina\u00e7\u00e3o do Sujeito e \u201cque a nomina\u00e7\u00e3o (..)\u201d \u00e9 objeto indireto do verbo \u201cacreditar\u201d.<br \/>Ressalta-se que, de acordo com a gram\u00e1tica normativa, ora\u00e7\u00e3o subordinada objetiva indireta pode ter preposi\u00e7\u00e3o suprimida, por isso n\u00e3o haveria necessidade da preposi\u00e7\u00e3o \u201cem\u201d, que \u00e9 aquela que rege o verbo \u201cacreditar\u201d.<br \/>Al\u00e9m disso, ao se considerar a part\u00edcula \u201cse\u201d como \u201cPart\u00edcula Apassivadora\u201d, pressup\u00f5e-se que a voz passiva anal\u00edtica \u00e9 \u201cisso \u00e9 acreditado\u201d, o que n\u00e3o faria sentido no texto.<br \/>Dessa forma, pela fundamenta\u00e7\u00e3o acima, requer, humildemente, a ALTERA\u00c7\u00c3O do gabarito para CERTO.<\/p>\n","protected":false},"excerpt":{"rendered":"<p>Ol\u00e1, candidatos do concurso PCDF! Nesta ter\u00e7a-feira, 24 de agosto, se inicia o prazo para interposi\u00e7\u00e3o de recursos contra o gabarito preliminar da prova da PCDF para o cargo de Escriv\u00e3o. Portanto, para te ajudar, confira os poss\u00edveis recursos dados por nossos professores! Recursos PCDF &#8211; Escriv\u00e3o: Penal e Processo Penal 70. &nbsp;Em se tratando [&hellip;]<\/p>\n","protected":false},"author":1,"featured_media":756189,"comment_status":"open","ping_status":"closed","sticky":false,"template":"","format":"standard","meta":{"post_tipo":"article","footnotes":""},"categories":[1988],"tags":[],"tax_estado":[219970],"class_list":["post-844493","post","type-post","status-publish","format-standard","has-post-thumbnail","hentry","category-policia","tax_estado-df"],"acf":[],"yoast_head":"<!-- This site is optimized with the Yoast SEO Premium plugin v27.2 (Yoast SEO v27.2) - https:\/\/yoast.com\/product\/yoast-seo-premium-wordpress\/ -->\n<title>Concurso PCDF: Confira os recursos da prova de Escriv\u00e3o<\/title>\n<meta name=\"description\" content=\"Confira em nosso site alguns poss\u00edveis recursos para serem interpostos contra o gabarito preliminar da prova PCDF de Escriv\u00e3o.\" \/>\n<meta name=\"robots\" content=\"index, follow, max-snippet:-1, max-image-preview:large, max-video-preview:-1\" \/>\n<link rel=\"canonical\" href=\"https:\/\/www.estrategiaconcursos.com.br\/blog\/concurso-pcdf-recursos-prova-escrivao\/\" \/>\n<meta property=\"og:locale\" content=\"pt_BR\" \/>\n<meta property=\"og:type\" content=\"article\" \/>\n<meta property=\"og:title\" content=\"Concurso PCDF: Confira os recursos da prova de Escriv\u00e3o\" \/>\n<meta property=\"og:description\" content=\"Confira em nosso site alguns poss\u00edveis recursos para serem interpostos contra o gabarito preliminar da prova PCDF de Escriv\u00e3o.\" \/>\n<meta property=\"og:url\" content=\"https:\/\/www.estrategiaconcursos.com.br\/blog\/concurso-pcdf-recursos-prova-escrivao\/\" \/>\n<meta property=\"og:site_name\" content=\"Estrat\u00e9gia Concursos\" \/>\n<meta property=\"article:author\" content=\"https:\/\/www.facebook.com\/EstrategiaConcursos\" \/>\n<meta property=\"article:published_time\" content=\"2021-08-24T18:18:02+00:00\" \/>\n<meta property=\"article:modified_time\" content=\"2021-08-25T15:33:21+00:00\" \/>\n<meta property=\"og:image\" content=\"https:\/\/dhg1h5j42swfq.cloudfront.net\/2021\/05\/31162924\/pc-df.jpg\" \/>\n\t<meta property=\"og:image:width\" content=\"768\" \/>\n\t<meta property=\"og:image:height\" content=\"432\" \/>\n\t<meta property=\"og:image:type\" content=\"image\/jpeg\" \/>\n<meta name=\"author\" content=\"Coordena\u00e7\u00e3o\" \/>\n<meta name=\"twitter:card\" content=\"summary_large_image\" \/>\n<meta name=\"twitter:creator\" content=\"@EstratConcursos\" \/>\n<meta name=\"twitter:site\" content=\"@EstratConcursos\" \/>\n<meta name=\"twitter:label1\" content=\"Escrito por\" \/>\n\t<meta name=\"twitter:data1\" content=\"Coordena\u00e7\u00e3o\" \/>\n\t<meta name=\"twitter:label2\" content=\"Est. tempo de leitura\" \/>\n\t<meta name=\"twitter:data2\" content=\"16 minutos\" \/>\n<script type=\"application\/ld+json\" class=\"yoast-schema-graph\">{\"@context\":\"https:\/\/schema.org\",\"@graph\":[{\"@type\":\"NewsArticle\",\"@id\":\"https:\/\/www.estrategiaconcursos.com.br\/blog\/concurso-pcdf-recursos-prova-escrivao\/#article\",\"isPartOf\":{\"@id\":\"https:\/\/www.estrategiaconcursos.com.br\/blog\/concurso-pcdf-recursos-prova-escrivao\/\"},\"author\":{\"name\":\"Coordena\u00e7\u00e3o\",\"@id\":\"https:\/\/www.estrategiaconcursos.com.br\/blog\/#\/schema\/person\/b4a388c97673c5f483d72185668afa1f\"},\"headline\":\"Concurso PCDF: Confira os recursos da prova de Escriv\u00e3o\",\"datePublished\":\"2021-08-24T18:18:02+00:00\",\"dateModified\":\"2021-08-25T15:33:21+00:00\",\"mainEntityOfPage\":{\"@id\":\"https:\/\/www.estrategiaconcursos.com.br\/blog\/concurso-pcdf-recursos-prova-escrivao\/\"},\"wordCount\":3525,\"commentCount\":0,\"publisher\":{\"@id\":\"https:\/\/www.estrategiaconcursos.com.br\/blog\/#organization\"},\"image\":{\"@id\":\"https:\/\/www.estrategiaconcursos.com.br\/blog\/concurso-pcdf-recursos-prova-escrivao\/#primaryimage\"},\"thumbnailUrl\":\"https:\/\/dhg1h5j42swfq.cloudfront.net\/2021\/05\/31162924\/pc-df.jpg\",\"articleSection\":[\"Policial (Agente, Escriv\u00e3o e Investigador)\"],\"inLanguage\":\"pt-BR\",\"potentialAction\":[{\"@type\":\"CommentAction\",\"name\":\"Comment\",\"target\":[\"https:\/\/www.estrategiaconcursos.com.br\/blog\/concurso-pcdf-recursos-prova-escrivao\/#respond\"]}],\"copyrightYear\":\"2021\",\"copyrightHolder\":{\"@id\":\"https:\/\/www.estrategiaconcursos.com.br\/blog\/#organization\"}},{\"@type\":\"WebPage\",\"@id\":\"https:\/\/www.estrategiaconcursos.com.br\/blog\/concurso-pcdf-recursos-prova-escrivao\/\",\"url\":\"https:\/\/www.estrategiaconcursos.com.br\/blog\/concurso-pcdf-recursos-prova-escrivao\/\",\"name\":\"Concurso PCDF: Confira os recursos da prova de Escriv\u00e3o\",\"isPartOf\":{\"@id\":\"https:\/\/www.estrategiaconcursos.com.br\/blog\/#website\"},\"primaryImageOfPage\":{\"@id\":\"https:\/\/www.estrategiaconcursos.com.br\/blog\/concurso-pcdf-recursos-prova-escrivao\/#primaryimage\"},\"image\":{\"@id\":\"https:\/\/www.estrategiaconcursos.com.br\/blog\/concurso-pcdf-recursos-prova-escrivao\/#primaryimage\"},\"thumbnailUrl\":\"https:\/\/dhg1h5j42swfq.cloudfront.net\/2021\/05\/31162924\/pc-df.jpg\",\"datePublished\":\"2021-08-24T18:18:02+00:00\",\"dateModified\":\"2021-08-25T15:33:21+00:00\",\"description\":\"Confira em nosso site alguns poss\u00edveis recursos para serem interpostos contra o gabarito preliminar da prova PCDF de Escriv\u00e3o.\",\"breadcrumb\":{\"@id\":\"https:\/\/www.estrategiaconcursos.com.br\/blog\/concurso-pcdf-recursos-prova-escrivao\/#breadcrumb\"},\"inLanguage\":\"pt-BR\",\"potentialAction\":[{\"@type\":\"ReadAction\",\"target\":[\"https:\/\/www.estrategiaconcursos.com.br\/blog\/concurso-pcdf-recursos-prova-escrivao\/\"]}]},{\"@type\":\"ImageObject\",\"inLanguage\":\"pt-BR\",\"@id\":\"https:\/\/www.estrategiaconcursos.com.br\/blog\/concurso-pcdf-recursos-prova-escrivao\/#primaryimage\",\"url\":\"https:\/\/dhg1h5j42swfq.cloudfront.net\/2021\/05\/31162924\/pc-df.jpg\",\"contentUrl\":\"https:\/\/dhg1h5j42swfq.cloudfront.net\/2021\/05\/31162924\/pc-df.jpg\",\"width\":768,\"height\":432,\"caption\":\"concurso pcdf\"},{\"@type\":\"BreadcrumbList\",\"@id\":\"https:\/\/www.estrategiaconcursos.com.br\/blog\/concurso-pcdf-recursos-prova-escrivao\/#breadcrumb\",\"itemListElement\":[{\"@type\":\"ListItem\",\"position\":1,\"name\":\"In\u00edcio\",\"item\":\"https:\/\/www.estrategiaconcursos.com.br\/blog\/\"},{\"@type\":\"ListItem\",\"position\":2,\"name\":\"Concurso PCDF: Confira os recursos da prova de Escriv\u00e3o\"}]},{\"@type\":\"WebSite\",\"@id\":\"https:\/\/www.estrategiaconcursos.com.br\/blog\/#website\",\"url\":\"https:\/\/www.estrategiaconcursos.com.br\/blog\/\",\"name\":\"Estrat\u00e9gia Concursos\",\"description\":\"O blog da Estrat\u00e9gia Concursos traz not\u00edcias sobre concursos e artigos de professores oferecendo cursos para concursos (pdf + videaulas) no site.\",\"publisher\":{\"@id\":\"https:\/\/www.estrategiaconcursos.com.br\/blog\/#organization\"},\"potentialAction\":[{\"@type\":\"SearchAction\",\"target\":{\"@type\":\"EntryPoint\",\"urlTemplate\":\"https:\/\/www.estrategiaconcursos.com.br\/blog\/?s={search_term_string}\"},\"query-input\":{\"@type\":\"PropertyValueSpecification\",\"valueRequired\":true,\"valueName\":\"search_term_string\"}}],\"inLanguage\":\"pt-BR\"},{\"@type\":\"Organization\",\"@id\":\"https:\/\/www.estrategiaconcursos.com.br\/blog\/#organization\",\"name\":\"Estrat\u00e9gia Concursos\",\"url\":\"https:\/\/www.estrategiaconcursos.com.br\/blog\/\",\"logo\":{\"@type\":\"ImageObject\",\"inLanguage\":\"pt-BR\",\"@id\":\"https:\/\/www.estrategiaconcursos.com.br\/blog\/#\/schema\/logo\/image\/\",\"url\":\"https:\/\/dhg1h5j42swfq.cloudfront.net\/2025\/06\/03203428\/logo_concursos-1.jpg\",\"contentUrl\":\"https:\/\/dhg1h5j42swfq.cloudfront.net\/2025\/06\/03203428\/logo_concursos-1.jpg\",\"width\":230,\"height\":60,\"caption\":\"Estrat\u00e9gia Concursos\"},\"image\":{\"@id\":\"https:\/\/www.estrategiaconcursos.com.br\/blog\/#\/schema\/logo\/image\/\"},\"sameAs\":[\"https:\/\/x.com\/EstratConcursos\"]},{\"@type\":\"Person\",\"@id\":\"https:\/\/www.estrategiaconcursos.com.br\/blog\/#\/schema\/person\/b4a388c97673c5f483d72185668afa1f\",\"name\":\"Coordena\u00e7\u00e3o\",\"image\":{\"@type\":\"ImageObject\",\"inLanguage\":\"pt-BR\",\"@id\":\"https:\/\/secure.gravatar.com\/avatar\/b720319e4c9a967eb58678d110f4fe35452fc5d5f97b202bac7b8acceb18c6ad?s=96&d=mm&r=g\",\"url\":\"https:\/\/secure.gravatar.com\/avatar\/b720319e4c9a967eb58678d110f4fe35452fc5d5f97b202bac7b8acceb18c6ad?s=96&d=mm&r=g\",\"contentUrl\":\"https:\/\/secure.gravatar.com\/avatar\/b720319e4c9a967eb58678d110f4fe35452fc5d5f97b202bac7b8acceb18c6ad?s=96&d=mm&r=g\",\"caption\":\"Coordena\u00e7\u00e3o\"},\"sameAs\":[\"https:\/\/www.facebook.com\/EstrategiaConcursos\",\"https:\/\/x.com\/EstratConcursos\"],\"url\":\"https:\/\/www.estrategiaconcursos.com.br\/blog\/author\/estrategia2013\/\"}]}<\/script>\n<!-- \/ Yoast SEO Premium plugin. -->","yoast_head_json":{"title":"Concurso PCDF: Confira os recursos da prova de Escriv\u00e3o","description":"Confira em nosso site alguns poss\u00edveis recursos para serem interpostos contra o gabarito preliminar da prova PCDF de Escriv\u00e3o.","robots":{"index":"index","follow":"follow","max-snippet":"max-snippet:-1","max-image-preview":"max-image-preview:large","max-video-preview":"max-video-preview:-1"},"canonical":"https:\/\/www.estrategiaconcursos.com.br\/blog\/concurso-pcdf-recursos-prova-escrivao\/","og_locale":"pt_BR","og_type":"article","og_title":"Concurso PCDF: Confira os recursos da prova de Escriv\u00e3o","og_description":"Confira em nosso site alguns poss\u00edveis recursos para serem interpostos contra o gabarito preliminar da prova PCDF de Escriv\u00e3o.","og_url":"https:\/\/www.estrategiaconcursos.com.br\/blog\/concurso-pcdf-recursos-prova-escrivao\/","og_site_name":"Estrat\u00e9gia Concursos","article_author":"https:\/\/www.facebook.com\/EstrategiaConcursos","article_published_time":"2021-08-24T18:18:02+00:00","article_modified_time":"2021-08-25T15:33:21+00:00","og_image":[{"width":768,"height":432,"url":"https:\/\/dhg1h5j42swfq.cloudfront.net\/2021\/05\/31162924\/pc-df.jpg","type":"image\/jpeg"}],"author":"Coordena\u00e7\u00e3o","twitter_card":"summary_large_image","twitter_creator":"@EstratConcursos","twitter_site":"@EstratConcursos","twitter_misc":{"Escrito por":"Coordena\u00e7\u00e3o","Est. tempo de leitura":"16 minutos"},"schema":{"@context":"https:\/\/schema.org","@graph":[{"@type":"NewsArticle","@id":"https:\/\/www.estrategiaconcursos.com.br\/blog\/concurso-pcdf-recursos-prova-escrivao\/#article","isPartOf":{"@id":"https:\/\/www.estrategiaconcursos.com.br\/blog\/concurso-pcdf-recursos-prova-escrivao\/"},"author":{"name":"Coordena\u00e7\u00e3o","@id":"https:\/\/www.estrategiaconcursos.com.br\/blog\/#\/schema\/person\/b4a388c97673c5f483d72185668afa1f"},"headline":"Concurso PCDF: Confira os recursos da prova de Escriv\u00e3o","datePublished":"2021-08-24T18:18:02+00:00","dateModified":"2021-08-25T15:33:21+00:00","mainEntityOfPage":{"@id":"https:\/\/www.estrategiaconcursos.com.br\/blog\/concurso-pcdf-recursos-prova-escrivao\/"},"wordCount":3525,"commentCount":0,"publisher":{"@id":"https:\/\/www.estrategiaconcursos.com.br\/blog\/#organization"},"image":{"@id":"https:\/\/www.estrategiaconcursos.com.br\/blog\/concurso-pcdf-recursos-prova-escrivao\/#primaryimage"},"thumbnailUrl":"https:\/\/dhg1h5j42swfq.cloudfront.net\/2021\/05\/31162924\/pc-df.jpg","articleSection":["Policial (Agente, Escriv\u00e3o e Investigador)"],"inLanguage":"pt-BR","potentialAction":[{"@type":"CommentAction","name":"Comment","target":["https:\/\/www.estrategiaconcursos.com.br\/blog\/concurso-pcdf-recursos-prova-escrivao\/#respond"]}],"copyrightYear":"2021","copyrightHolder":{"@id":"https:\/\/www.estrategiaconcursos.com.br\/blog\/#organization"}},{"@type":"WebPage","@id":"https:\/\/www.estrategiaconcursos.com.br\/blog\/concurso-pcdf-recursos-prova-escrivao\/","url":"https:\/\/www.estrategiaconcursos.com.br\/blog\/concurso-pcdf-recursos-prova-escrivao\/","name":"Concurso PCDF: Confira os recursos da prova de Escriv\u00e3o","isPartOf":{"@id":"https:\/\/www.estrategiaconcursos.com.br\/blog\/#website"},"primaryImageOfPage":{"@id":"https:\/\/www.estrategiaconcursos.com.br\/blog\/concurso-pcdf-recursos-prova-escrivao\/#primaryimage"},"image":{"@id":"https:\/\/www.estrategiaconcursos.com.br\/blog\/concurso-pcdf-recursos-prova-escrivao\/#primaryimage"},"thumbnailUrl":"https:\/\/dhg1h5j42swfq.cloudfront.net\/2021\/05\/31162924\/pc-df.jpg","datePublished":"2021-08-24T18:18:02+00:00","dateModified":"2021-08-25T15:33:21+00:00","description":"Confira em nosso site alguns poss\u00edveis recursos para serem interpostos contra o gabarito preliminar da prova PCDF de Escriv\u00e3o.","breadcrumb":{"@id":"https:\/\/www.estrategiaconcursos.com.br\/blog\/concurso-pcdf-recursos-prova-escrivao\/#breadcrumb"},"inLanguage":"pt-BR","potentialAction":[{"@type":"ReadAction","target":["https:\/\/www.estrategiaconcursos.com.br\/blog\/concurso-pcdf-recursos-prova-escrivao\/"]}]},{"@type":"ImageObject","inLanguage":"pt-BR","@id":"https:\/\/www.estrategiaconcursos.com.br\/blog\/concurso-pcdf-recursos-prova-escrivao\/#primaryimage","url":"https:\/\/dhg1h5j42swfq.cloudfront.net\/2021\/05\/31162924\/pc-df.jpg","contentUrl":"https:\/\/dhg1h5j42swfq.cloudfront.net\/2021\/05\/31162924\/pc-df.jpg","width":768,"height":432,"caption":"concurso pcdf"},{"@type":"BreadcrumbList","@id":"https:\/\/www.estrategiaconcursos.com.br\/blog\/concurso-pcdf-recursos-prova-escrivao\/#breadcrumb","itemListElement":[{"@type":"ListItem","position":1,"name":"In\u00edcio","item":"https:\/\/www.estrategiaconcursos.com.br\/blog\/"},{"@type":"ListItem","position":2,"name":"Concurso PCDF: Confira os recursos da prova de Escriv\u00e3o"}]},{"@type":"WebSite","@id":"https:\/\/www.estrategiaconcursos.com.br\/blog\/#website","url":"https:\/\/www.estrategiaconcursos.com.br\/blog\/","name":"Estrat\u00e9gia Concursos","description":"O blog da Estrat\u00e9gia Concursos traz not\u00edcias sobre concursos e artigos de professores oferecendo cursos para concursos (pdf + videaulas) no site.","publisher":{"@id":"https:\/\/www.estrategiaconcursos.com.br\/blog\/#organization"},"potentialAction":[{"@type":"SearchAction","target":{"@type":"EntryPoint","urlTemplate":"https:\/\/www.estrategiaconcursos.com.br\/blog\/?s={search_term_string}"},"query-input":{"@type":"PropertyValueSpecification","valueRequired":true,"valueName":"search_term_string"}}],"inLanguage":"pt-BR"},{"@type":"Organization","@id":"https:\/\/www.estrategiaconcursos.com.br\/blog\/#organization","name":"Estrat\u00e9gia Concursos","url":"https:\/\/www.estrategiaconcursos.com.br\/blog\/","logo":{"@type":"ImageObject","inLanguage":"pt-BR","@id":"https:\/\/www.estrategiaconcursos.com.br\/blog\/#\/schema\/logo\/image\/","url":"https:\/\/dhg1h5j42swfq.cloudfront.net\/2025\/06\/03203428\/logo_concursos-1.jpg","contentUrl":"https:\/\/dhg1h5j42swfq.cloudfront.net\/2025\/06\/03203428\/logo_concursos-1.jpg","width":230,"height":60,"caption":"Estrat\u00e9gia Concursos"},"image":{"@id":"https:\/\/www.estrategiaconcursos.com.br\/blog\/#\/schema\/logo\/image\/"},"sameAs":["https:\/\/x.com\/EstratConcursos"]},{"@type":"Person","@id":"https:\/\/www.estrategiaconcursos.com.br\/blog\/#\/schema\/person\/b4a388c97673c5f483d72185668afa1f","name":"Coordena\u00e7\u00e3o","image":{"@type":"ImageObject","inLanguage":"pt-BR","@id":"https:\/\/secure.gravatar.com\/avatar\/b720319e4c9a967eb58678d110f4fe35452fc5d5f97b202bac7b8acceb18c6ad?s=96&d=mm&r=g","url":"https:\/\/secure.gravatar.com\/avatar\/b720319e4c9a967eb58678d110f4fe35452fc5d5f97b202bac7b8acceb18c6ad?s=96&d=mm&r=g","contentUrl":"https:\/\/secure.gravatar.com\/avatar\/b720319e4c9a967eb58678d110f4fe35452fc5d5f97b202bac7b8acceb18c6ad?s=96&d=mm&r=g","caption":"Coordena\u00e7\u00e3o"},"sameAs":["https:\/\/www.facebook.com\/EstrategiaConcursos","https:\/\/x.com\/EstratConcursos"],"url":"https:\/\/www.estrategiaconcursos.com.br\/blog\/author\/estrategia2013\/"}]}},"_links":{"self":[{"href":"https:\/\/www.estrategiaconcursos.com.br\/blog\/wp-json\/wp\/v2\/posts\/844493","targetHints":{"allow":["GET"]}}],"collection":[{"href":"https:\/\/www.estrategiaconcursos.com.br\/blog\/wp-json\/wp\/v2\/posts"}],"about":[{"href":"https:\/\/www.estrategiaconcursos.com.br\/blog\/wp-json\/wp\/v2\/types\/post"}],"author":[{"embeddable":true,"href":"https:\/\/www.estrategiaconcursos.com.br\/blog\/wp-json\/wp\/v2\/users\/1"}],"replies":[{"embeddable":true,"href":"https:\/\/www.estrategiaconcursos.com.br\/blog\/wp-json\/wp\/v2\/comments?post=844493"}],"version-history":[{"count":5,"href":"https:\/\/www.estrategiaconcursos.com.br\/blog\/wp-json\/wp\/v2\/posts\/844493\/revisions"}],"predecessor-version":[{"id":845371,"href":"https:\/\/www.estrategiaconcursos.com.br\/blog\/wp-json\/wp\/v2\/posts\/844493\/revisions\/845371"}],"wp:featuredmedia":[{"embeddable":true,"href":"https:\/\/www.estrategiaconcursos.com.br\/blog\/wp-json\/wp\/v2\/media\/756189"}],"wp:attachment":[{"href":"https:\/\/www.estrategiaconcursos.com.br\/blog\/wp-json\/wp\/v2\/media?parent=844493"}],"wp:term":[{"taxonomy":"category","embeddable":true,"href":"https:\/\/www.estrategiaconcursos.com.br\/blog\/wp-json\/wp\/v2\/categories?post=844493"},{"taxonomy":"post_tag","embeddable":true,"href":"https:\/\/www.estrategiaconcursos.com.br\/blog\/wp-json\/wp\/v2\/tags?post=844493"},{"taxonomy":"tax_estado","embeddable":true,"href":"https:\/\/www.estrategiaconcursos.com.br\/blog\/wp-json\/wp\/v2\/tax_estado?post=844493"}],"curies":[{"name":"wp","href":"https:\/\/api.w.org\/{rel}","templated":true}]}}