{"id":84444,"date":"2017-08-08T15:55:11","date_gmt":"2017-08-08T18:55:11","guid":{"rendered":"https:\/\/www.estrategiaconcursos.com.br\/blog\/?p=84444"},"modified":"2017-08-08T16:48:54","modified_gmt":"2017-08-08T19:48:54","slug":"bicicleta-sem-rodinha","status":"publish","type":"post","link":"https:\/\/www.estrategiaconcursos.com.br\/blog\/bicicleta-sem-rodinha\/","title":{"rendered":"Bicicleta sem rodinha"},"content":{"rendered":"<p style=\"text-align: justify\"><span style=\"font-family: verdana, geneva, sans-serif;font-size: 10pt\"><span style=\"color: #0000ff\"><strong>Quando eu estava na escola, lembro dos adultos me dizendo que quando eu crescesse, a vida seria \u201csem rede de prote\u00e7\u00e3o\u201d. Confesso que n\u00e3o entendia muito, mas j\u00e1 ficava morta de medo.<\/strong><\/span> N\u00e3o entendia principalmente porque n\u00e3o conseguia enxergar as ajudas, os mimos. Meus pais eram amorosos, por\u00e9m linha dura. \u201cComo assim n\u00e3o vai ter mais rede de prote\u00e7\u00e3o? N\u00e3o vejo rede nenhuma!\u201d Na minha cabe\u00e7a de crian\u00e7a e de adolescente, a vida era dur\u00edssima! Kkkk<\/span><\/p>\n<p>&nbsp;<\/p>\n<p style=\"text-align: justify\"><span style=\"font-family: verdana, geneva, sans-serif;font-size: 10pt\"><strong><span style=\"color: #0000ff\">Quando me formei, veio a primeira porrada. O que eu iria fazer da vida<\/span>?<\/strong> Eu tinha decis\u00f5es s\u00e9rias a tomar. Cada uma implicava, como sempre, uma ren\u00fancia. Em outras palavras, um risco. As consequ\u00eancias? Teria que suportar todas. NINGU\u00c9M poderia facilitar para mim, por mais que tivesse boa vontade. \u201cVida adulta, cheguei! Favor pegar leve!\u201d<\/span><\/p>\n<p>&nbsp;<\/p>\n<p style=\"text-align: justify\"><span style=\"font-family: verdana, geneva, sans-serif;font-size: 10pt\"><span style=\"color: #ff0000\"><strong>Escolhi o concurso.<\/strong><\/span> Depois dessa decis\u00e3o, era pelo menos uma porrada por dia. Era mat\u00e9ria que n\u00e3o acabava mais, press\u00e3o social, zero dinheiro, medo de n\u00e3o passar nunca, risco alto, investimento alto, zero garantias.<span style=\"color: #0000ff\"> <strong>Eu digo que \u201cquebrei\u201d muitas vezes nessa \u00e9poca.<\/strong><\/span><\/span><\/p>\n<p>&nbsp;<\/p>\n<p style=\"text-align: justify\"><span style=\"font-family: verdana, geneva, sans-serif;font-size: 10pt\">O que quero dizer com \u201cquebrar\u201d \u00e9 chorar de desespero, sentir uma tristeza em um grau que voc\u00ea antes desconhecia, uma ansiedade dura de tolerar. Era perder a f\u00e9 em mim 32 vezes ao dia, s\u00f3 para engolir o choro e seguir por total falta de op\u00e7\u00e3o melhor.<\/span><\/p>\n<p style=\"text-align: justify\"><span style=\"font-family: verdana, geneva, sans-serif;font-size: 10pt\"><strong>\u00a0<\/strong><\/span><\/p>\n<p style=\"text-align: justify\"><span style=\"font-family: verdana, geneva, sans-serif;font-size: 10pt\"><span style=\"color: #ff0000\"><strong>Muitos de n\u00f3s chegam \u00e0 idade adulta condicionados a esperar um \u201cempurr\u00e3ozinho\u201d.<\/strong><\/span> Natural. Afinal de contas, sempre rolou antes. \u00c9 o dia meio tristinho que os pais deixam a gente matar aula. \u00c9 a nota baixa que o professor gente boa d\u00e1 um \u201ctrabalho extra\u201d para melhorar o boletim. \u00c9 a grana que acabou e o pai complementa. \u00c9 um est\u00e1gio chat\u00e9rrimo que voc\u00ea pode se dar ao luxo de pular fora. \u00c9 a possibilidade de \u201cbater de frente\u201d com quem quer que seja pois voc\u00ea n\u00e3o dependia de ningu\u00e9m al\u00e9m da sua fam\u00edlia. O problema \u00e9 que agora <span style=\"color: #0000ff\"><strong>VOC\u00ca DEPENDE DE VOC\u00ca e NINGU\u00c9M PODE TE \u201cSALVAR\u201c DESSA REALIDADE.<\/strong><\/span><\/span><\/p>\n<p style=\"text-align: justify\"><span style=\"font-family: verdana, geneva, sans-serif;color: #0000ff;font-size: 10pt\"><strong>\u00a0<\/strong><\/span><\/p>\n<p style=\"text-align: justify\"><span style=\"font-family: verdana, geneva, sans-serif;font-size: 10pt\"><span style=\"color: #0000ff\"><strong>Tem gente que \u201cquebra\u201d muito cedo.<\/strong><\/span> Passa muito perrengue, come\u00e7a a trabalhar cedo para ajudar em casa, perde o pai, a m\u00e3e&#8230; A pessoa aprende cedo a criar uma coura\u00e7a para enfrentar a vida e fica mais forte. <span style=\"color: #ff0000\"><strong>Essa pessoa tende a chegar na idade adulta e enfrentar um desafio como um atleta enfrenta uma prova.<\/strong><\/span><\/span><\/p>\n<p>&nbsp;<\/p>\n<p style=\"text-align: justify\"><span style=\"font-family: verdana, geneva, sans-serif;font-size: 10pt\"><strong><span style=\"color: #0000ff\">Quando comecei a estudar, nada de muito ruim tinha me acontecido. Tinha apenas 21 anos quando comecei. Muito do choro, do desespero, das d\u00favidas era fruto de falta de refer\u00eancia, de falta de experi\u00eancia de vida<\/span>.<\/strong> Hoje posso ver isso com clareza. No meio da minha prepara\u00e7\u00e3o sofri grandes baques, como mortes na fam\u00edlia, a mudan\u00e7a de pa\u00eds do meu irm\u00e3o (com quem eu era mega agarrada) e tantos outros percal\u00e7os que n\u00e3o caberiam aqui no artigo. Em alguns momentos, sentia uma forte sensa\u00e7\u00e3o de abandono. As grandes porradas da vida pareciam ter se concentrado em 3 anos. Preferia que tivesse sido mais \u201cdilu\u00eddo\u201d. Mas eu n\u00e3o mando em tudo. Mal mando em mim! Seguindo o exemplo dado no par\u00e1grafo acima, <span style=\"color: #ff0000\"><strong>eu era como uma sedent\u00e1ria disputando as Olimp\u00edadas! Kkkkk<\/strong><\/span><\/span><\/p>\n<p>&nbsp;<\/p>\n<p style=\"text-align: justify\"><span style=\"font-family: verdana, geneva, sans-serif;font-size: 10pt\"><span style=\"color: #0000ff\"><strong>O que estou tentando dizer \u00e9 que muitos de n\u00f3s concurseiros (no meu caso, ex-concurseira) somos MIMADOS e n\u00e3o percebemos.<\/strong> <\/span>Isso n\u00e3o \u00e9 uma cr\u00edtica, ok? \u00c9 uma constata\u00e7\u00e3o. Calcule se todo o desespero que sente REALMENTE se justifica. Compare sua vida com a de gente que daria TUDO para ter sua \u201csofrida vida de concurseiro\u201d. N\u00e3o estou diminuindo seus esfor\u00e7os. Eu vivi o que voc\u00ea vive hoje e sei que \u00e9 DUREZA. <span style=\"color: #ff0000\"><strong>Estou tentando te dar um pouco de PERSPECTIVA.<\/strong><\/span><\/span><\/p>\n<p>&nbsp;<\/p>\n<p style=\"text-align: justify\"><span style=\"font-family: verdana, geneva, sans-serif;font-size: 10pt\"><span style=\"color: #0000ff\"><strong>Fato \u00e9 que a gente vai \u201cquebrar\u201d muitas vezes.<\/strong> <\/span>Separa\u00e7\u00f5es. Mortes. Demiss\u00f5es. Decep\u00e7\u00f5es. Tudo isso \u00e9 parte da vida. <span style=\"color: #0000ff\"><strong>Depois de \u201csobreviver\u201d a cada evento citado, voc\u00ea renasce das cinzas, mais forte, mais preparado para enfrentar desafios. Mais sereno diante do caos e MAIS GRATO PELOS BONS MOMENTOS, PELOS PLANOS QUE D\u00c3O CERTO, PELOS ENCONTROS COM PESSOAS INCR\u00cdVEIS. A essa capacidade damos o nome de resili\u00eancia.<\/strong><\/span><\/span><\/p>\n<p>&nbsp;<\/p>\n<p style=\"text-align: justify\"><span style=\"font-family: verdana, geneva, sans-serif;font-size: 10pt\"><span style=\"color: #0000ff\"><strong>N\u00e3o importa a idade que tenha. Se voc\u00ea est\u00e1 se apavorando demais com a vida de concurseiro, pare para pensar se n\u00e3o est\u00e1 com a perspectiva emba\u00e7ada, se n\u00e3o se encaixa no que falei acima.<\/strong><\/span> Agora n\u00e3o tem mesmo rede de prote\u00e7\u00e3o. Ningu\u00e9m vai abaixar os par\u00e2metros, afrouxar a cobran\u00e7a, te dar empurr\u00e3ozinho, \u201cdar trabalho para aumentar a nota\u201d. <\/span><\/p>\n<p>&nbsp;<\/p>\n<p style=\"text-align: justify\"><span style=\"font-size: 10pt\"><span style=\"font-family: verdana, geneva, sans-serif\"><span style=\"color: #ff0000\"><strong>Agora \u00e9 bicicleta sem rodinha!<\/strong> <\/span>Se cair, vai doer SIM. Mas com o tempo cair\u00e1 menos e saber\u00e1 administrar melhor a dor. <strong><span style=\"color: #0000ff\">Pare de ver as quedas como puni\u00e7\u00e3o ou m\u00e1 sorte e passe a encarar como ETAPA NATURAL DO PROCESSO DE APRENDIZAGEM.<\/span> \u00a0<span style=\"color: #0000ff\">PERMITA-SE QUEBRAR! <\/span><\/strong><span style=\"color: #000000\">N\u00e3o tenha medo do que vem depois. O que voc\u00ea tem pela frente \u00e9 FOR\u00c7A!<\/span><strong><span style=\"color: #0000ff\">\u00a0<\/span><\/strong>Brevemente, ser\u00e3o mais alegrias do que dores. Aguente firme!\u00a0<\/span><span style=\"font-family: verdana, geneva, sans-serif;color: #0000ff\"><strong>Foco, for\u00e7a e f\u00e9!<\/strong><\/span><\/span><\/p>\n<p style=\"text-align: justify\"><span style=\"font-family: verdana, geneva, sans-serif;font-size: 12pt\"><strong>\u00a0<\/strong><\/span><\/p>\n<p style=\"text-align: justify\"><span style=\"font-family: verdana, geneva, sans-serif;font-size: 10pt\"><strong>Abs<\/strong><\/span><\/p>\n<p style=\"text-align: justify\"><span style=\"font-family: verdana, geneva, sans-serif;font-size: 10pt\"><strong>Gabi<\/strong><\/span><\/p>\n","protected":false},"excerpt":{"rendered":"<p>Quando eu estava na escola, lembro dos adultos me dizendo que quando eu crescesse, a vida seria \u201csem rede de prote\u00e7\u00e3o\u201d. Confesso que n\u00e3o entendia muito, mas j\u00e1 ficava morta de medo. N\u00e3o entendia principalmente porque n\u00e3o conseguia enxergar as ajudas, os mimos. Meus pais eram amorosos, por\u00e9m linha dura. \u201cComo assim n\u00e3o vai ter [&hellip;]<\/p>\n","protected":false},"author":423,"featured_media":0,"comment_status":"open","ping_status":"open","sticky":false,"template":"","format":"standard","meta":{"post_tipo":"article","footnotes":""},"categories":[1],"tags":[],"tax_estado":[],"class_list":["post-84444","post","type-post","status-publish","format-standard","hentry","category-cursos-e-concursos"],"acf":[],"yoast_head":"<!-- This site is optimized with the Yoast SEO Premium plugin v27.2 (Yoast SEO v27.2) - https:\/\/yoast.com\/product\/yoast-seo-premium-wordpress\/ -->\n<title>Bicicleta sem rodinha<\/title>\n<meta name=\"robots\" content=\"index, follow, max-snippet:-1, max-image-preview:large, max-video-preview:-1\" \/>\n<link rel=\"canonical\" href=\"https:\/\/www.estrategiaconcursos.com.br\/blog\/bicicleta-sem-rodinha\/\" \/>\n<meta property=\"og:locale\" content=\"pt_BR\" \/>\n<meta property=\"og:type\" content=\"article\" \/>\n<meta property=\"og:title\" content=\"Bicicleta sem rodinha\" \/>\n<meta property=\"og:description\" content=\"Quando eu estava na escola, lembro dos adultos me dizendo que quando eu crescesse, a vida seria \u201csem rede de prote\u00e7\u00e3o\u201d. Confesso que n\u00e3o entendia muito, mas j\u00e1 ficava morta de medo. N\u00e3o entendia principalmente porque n\u00e3o conseguia enxergar as ajudas, os mimos. Meus pais eram amorosos, por\u00e9m linha dura. \u201cComo assim n\u00e3o vai ter [&hellip;]\" \/>\n<meta property=\"og:url\" content=\"https:\/\/www.estrategiaconcursos.com.br\/blog\/bicicleta-sem-rodinha\/\" \/>\n<meta property=\"og:site_name\" content=\"Estrat\u00e9gia Concursos\" \/>\n<meta property=\"article:published_time\" content=\"2017-08-08T18:55:11+00:00\" \/>\n<meta property=\"article:modified_time\" content=\"2017-08-08T19:48:54+00:00\" \/>\n<meta name=\"author\" content=\"Gabriela Knoblauch\" \/>\n<meta name=\"twitter:card\" content=\"summary_large_image\" \/>\n<meta name=\"twitter:creator\" content=\"@EstratConcursos\" \/>\n<meta name=\"twitter:site\" content=\"@EstratConcursos\" \/>\n<meta name=\"twitter:label1\" content=\"Escrito por\" \/>\n\t<meta name=\"twitter:data1\" content=\"Gabriela Knoblauch\" \/>\n\t<meta name=\"twitter:label2\" content=\"Est. tempo de leitura\" \/>\n\t<meta name=\"twitter:data2\" content=\"4 minutos\" \/>\n<script type=\"application\/ld+json\" class=\"yoast-schema-graph\">{\"@context\":\"https:\/\/schema.org\",\"@graph\":[{\"@type\":\"NewsArticle\",\"@id\":\"https:\/\/www.estrategiaconcursos.com.br\/blog\/bicicleta-sem-rodinha\/#article\",\"isPartOf\":{\"@id\":\"https:\/\/www.estrategiaconcursos.com.br\/blog\/bicicleta-sem-rodinha\/\"},\"author\":{\"name\":\"Gabriela Knoblauch\",\"@id\":\"https:\/\/www.estrategiaconcursos.com.br\/blog\/#\/schema\/person\/622d93253cb9ef3af014a0ce658d184a\"},\"headline\":\"Bicicleta sem rodinha\",\"datePublished\":\"2017-08-08T18:55:11+00:00\",\"dateModified\":\"2017-08-08T19:48:54+00:00\",\"mainEntityOfPage\":{\"@id\":\"https:\/\/www.estrategiaconcursos.com.br\/blog\/bicicleta-sem-rodinha\/\"},\"wordCount\":868,\"commentCount\":27,\"publisher\":{\"@id\":\"https:\/\/www.estrategiaconcursos.com.br\/blog\/#organization\"},\"articleSection\":[\"Concursos P\u00fablicos\"],\"inLanguage\":\"pt-BR\",\"potentialAction\":[{\"@type\":\"CommentAction\",\"name\":\"Comment\",\"target\":[\"https:\/\/www.estrategiaconcursos.com.br\/blog\/bicicleta-sem-rodinha\/#respond\"]}],\"copyrightYear\":\"2017\",\"copyrightHolder\":{\"@id\":\"https:\/\/www.estrategiaconcursos.com.br\/blog\/#organization\"}},{\"@type\":\"WebPage\",\"@id\":\"https:\/\/www.estrategiaconcursos.com.br\/blog\/bicicleta-sem-rodinha\/\",\"url\":\"https:\/\/www.estrategiaconcursos.com.br\/blog\/bicicleta-sem-rodinha\/\",\"name\":\"Bicicleta sem rodinha\",\"isPartOf\":{\"@id\":\"https:\/\/www.estrategiaconcursos.com.br\/blog\/#website\"},\"datePublished\":\"2017-08-08T18:55:11+00:00\",\"dateModified\":\"2017-08-08T19:48:54+00:00\",\"breadcrumb\":{\"@id\":\"https:\/\/www.estrategiaconcursos.com.br\/blog\/bicicleta-sem-rodinha\/#breadcrumb\"},\"inLanguage\":\"pt-BR\",\"potentialAction\":[{\"@type\":\"ReadAction\",\"target\":[\"https:\/\/www.estrategiaconcursos.com.br\/blog\/bicicleta-sem-rodinha\/\"]}]},{\"@type\":\"BreadcrumbList\",\"@id\":\"https:\/\/www.estrategiaconcursos.com.br\/blog\/bicicleta-sem-rodinha\/#breadcrumb\",\"itemListElement\":[{\"@type\":\"ListItem\",\"position\":1,\"name\":\"In\u00edcio\",\"item\":\"https:\/\/www.estrategiaconcursos.com.br\/blog\/\"},{\"@type\":\"ListItem\",\"position\":2,\"name\":\"Bicicleta sem rodinha\"}]},{\"@type\":\"WebSite\",\"@id\":\"https:\/\/www.estrategiaconcursos.com.br\/blog\/#website\",\"url\":\"https:\/\/www.estrategiaconcursos.com.br\/blog\/\",\"name\":\"Estrat\u00e9gia Concursos\",\"description\":\"O blog da Estrat\u00e9gia Concursos traz not\u00edcias sobre concursos e artigos de professores oferecendo cursos para concursos (pdf + videaulas) no site.\",\"publisher\":{\"@id\":\"https:\/\/www.estrategiaconcursos.com.br\/blog\/#organization\"},\"potentialAction\":[{\"@type\":\"SearchAction\",\"target\":{\"@type\":\"EntryPoint\",\"urlTemplate\":\"https:\/\/www.estrategiaconcursos.com.br\/blog\/?s={search_term_string}\"},\"query-input\":{\"@type\":\"PropertyValueSpecification\",\"valueRequired\":true,\"valueName\":\"search_term_string\"}}],\"inLanguage\":\"pt-BR\"},{\"@type\":\"Organization\",\"@id\":\"https:\/\/www.estrategiaconcursos.com.br\/blog\/#organization\",\"name\":\"Estrat\u00e9gia Concursos\",\"url\":\"https:\/\/www.estrategiaconcursos.com.br\/blog\/\",\"logo\":{\"@type\":\"ImageObject\",\"inLanguage\":\"pt-BR\",\"@id\":\"https:\/\/www.estrategiaconcursos.com.br\/blog\/#\/schema\/logo\/image\/\",\"url\":\"https:\/\/dhg1h5j42swfq.cloudfront.net\/2025\/06\/03203428\/logo_concursos-1.jpg\",\"contentUrl\":\"https:\/\/dhg1h5j42swfq.cloudfront.net\/2025\/06\/03203428\/logo_concursos-1.jpg\",\"width\":230,\"height\":60,\"caption\":\"Estrat\u00e9gia Concursos\"},\"image\":{\"@id\":\"https:\/\/www.estrategiaconcursos.com.br\/blog\/#\/schema\/logo\/image\/\"},\"sameAs\":[\"https:\/\/x.com\/EstratConcursos\"]},{\"@type\":\"Person\",\"@id\":\"https:\/\/www.estrategiaconcursos.com.br\/blog\/#\/schema\/person\/622d93253cb9ef3af014a0ce658d184a\",\"name\":\"Gabriela Knoblauch\",\"image\":{\"@type\":\"ImageObject\",\"inLanguage\":\"pt-BR\",\"@id\":\"https:\/\/secure.gravatar.com\/avatar\/d26c5a121c8db2de08ffbc428752dadaae2055eefb797f261688ca1ac09b241f?s=96&d=mm&r=g\",\"url\":\"https:\/\/secure.gravatar.com\/avatar\/d26c5a121c8db2de08ffbc428752dadaae2055eefb797f261688ca1ac09b241f?s=96&d=mm&r=g\",\"contentUrl\":\"https:\/\/secure.gravatar.com\/avatar\/d26c5a121c8db2de08ffbc428752dadaae2055eefb797f261688ca1ac09b241f?s=96&d=mm&r=g\",\"caption\":\"Gabriela Knoblauch\"},\"description\":\"Acredito no poder da persist\u00eancia e na import\u00e2ncia da estrat\u00e9gia nos estudos para acelerar a aprova\u00e7\u00e3o. No meu curso de Coaching trabalho em 2 frentes: 1 - T\u00e9cnicas de estudo 2 - Intelig\u00eancia emocional para concursos Entendo que ambas s\u00e3o fundamentais para obter um resultado excelente em qualquer certame. Toda ter\u00e7a posto artigo no site sobre os temas citados. N\u00e3o perca! :)\",\"url\":\"https:\/\/www.estrategiaconcursos.com.br\/blog\/author\/gabrielaknobluachestrategiaconcursos-com-br\/\"}]}<\/script>\n<!-- \/ Yoast SEO Premium plugin. -->","yoast_head_json":{"title":"Bicicleta sem rodinha","robots":{"index":"index","follow":"follow","max-snippet":"max-snippet:-1","max-image-preview":"max-image-preview:large","max-video-preview":"max-video-preview:-1"},"canonical":"https:\/\/www.estrategiaconcursos.com.br\/blog\/bicicleta-sem-rodinha\/","og_locale":"pt_BR","og_type":"article","og_title":"Bicicleta sem rodinha","og_description":"Quando eu estava na escola, lembro dos adultos me dizendo que quando eu crescesse, a vida seria \u201csem rede de prote\u00e7\u00e3o\u201d. Confesso que n\u00e3o entendia muito, mas j\u00e1 ficava morta de medo. N\u00e3o entendia principalmente porque n\u00e3o conseguia enxergar as ajudas, os mimos. Meus pais eram amorosos, por\u00e9m linha dura. \u201cComo assim n\u00e3o vai ter [&hellip;]","og_url":"https:\/\/www.estrategiaconcursos.com.br\/blog\/bicicleta-sem-rodinha\/","og_site_name":"Estrat\u00e9gia Concursos","article_published_time":"2017-08-08T18:55:11+00:00","article_modified_time":"2017-08-08T19:48:54+00:00","author":"Gabriela Knoblauch","twitter_card":"summary_large_image","twitter_creator":"@EstratConcursos","twitter_site":"@EstratConcursos","twitter_misc":{"Escrito por":"Gabriela Knoblauch","Est. tempo de leitura":"4 minutos"},"schema":{"@context":"https:\/\/schema.org","@graph":[{"@type":"NewsArticle","@id":"https:\/\/www.estrategiaconcursos.com.br\/blog\/bicicleta-sem-rodinha\/#article","isPartOf":{"@id":"https:\/\/www.estrategiaconcursos.com.br\/blog\/bicicleta-sem-rodinha\/"},"author":{"name":"Gabriela Knoblauch","@id":"https:\/\/www.estrategiaconcursos.com.br\/blog\/#\/schema\/person\/622d93253cb9ef3af014a0ce658d184a"},"headline":"Bicicleta sem rodinha","datePublished":"2017-08-08T18:55:11+00:00","dateModified":"2017-08-08T19:48:54+00:00","mainEntityOfPage":{"@id":"https:\/\/www.estrategiaconcursos.com.br\/blog\/bicicleta-sem-rodinha\/"},"wordCount":868,"commentCount":27,"publisher":{"@id":"https:\/\/www.estrategiaconcursos.com.br\/blog\/#organization"},"articleSection":["Concursos P\u00fablicos"],"inLanguage":"pt-BR","potentialAction":[{"@type":"CommentAction","name":"Comment","target":["https:\/\/www.estrategiaconcursos.com.br\/blog\/bicicleta-sem-rodinha\/#respond"]}],"copyrightYear":"2017","copyrightHolder":{"@id":"https:\/\/www.estrategiaconcursos.com.br\/blog\/#organization"}},{"@type":"WebPage","@id":"https:\/\/www.estrategiaconcursos.com.br\/blog\/bicicleta-sem-rodinha\/","url":"https:\/\/www.estrategiaconcursos.com.br\/blog\/bicicleta-sem-rodinha\/","name":"Bicicleta sem rodinha","isPartOf":{"@id":"https:\/\/www.estrategiaconcursos.com.br\/blog\/#website"},"datePublished":"2017-08-08T18:55:11+00:00","dateModified":"2017-08-08T19:48:54+00:00","breadcrumb":{"@id":"https:\/\/www.estrategiaconcursos.com.br\/blog\/bicicleta-sem-rodinha\/#breadcrumb"},"inLanguage":"pt-BR","potentialAction":[{"@type":"ReadAction","target":["https:\/\/www.estrategiaconcursos.com.br\/blog\/bicicleta-sem-rodinha\/"]}]},{"@type":"BreadcrumbList","@id":"https:\/\/www.estrategiaconcursos.com.br\/blog\/bicicleta-sem-rodinha\/#breadcrumb","itemListElement":[{"@type":"ListItem","position":1,"name":"In\u00edcio","item":"https:\/\/www.estrategiaconcursos.com.br\/blog\/"},{"@type":"ListItem","position":2,"name":"Bicicleta sem rodinha"}]},{"@type":"WebSite","@id":"https:\/\/www.estrategiaconcursos.com.br\/blog\/#website","url":"https:\/\/www.estrategiaconcursos.com.br\/blog\/","name":"Estrat\u00e9gia Concursos","description":"O blog da Estrat\u00e9gia Concursos traz not\u00edcias sobre concursos e artigos de professores oferecendo cursos para concursos (pdf + videaulas) no site.","publisher":{"@id":"https:\/\/www.estrategiaconcursos.com.br\/blog\/#organization"},"potentialAction":[{"@type":"SearchAction","target":{"@type":"EntryPoint","urlTemplate":"https:\/\/www.estrategiaconcursos.com.br\/blog\/?s={search_term_string}"},"query-input":{"@type":"PropertyValueSpecification","valueRequired":true,"valueName":"search_term_string"}}],"inLanguage":"pt-BR"},{"@type":"Organization","@id":"https:\/\/www.estrategiaconcursos.com.br\/blog\/#organization","name":"Estrat\u00e9gia Concursos","url":"https:\/\/www.estrategiaconcursos.com.br\/blog\/","logo":{"@type":"ImageObject","inLanguage":"pt-BR","@id":"https:\/\/www.estrategiaconcursos.com.br\/blog\/#\/schema\/logo\/image\/","url":"https:\/\/dhg1h5j42swfq.cloudfront.net\/2025\/06\/03203428\/logo_concursos-1.jpg","contentUrl":"https:\/\/dhg1h5j42swfq.cloudfront.net\/2025\/06\/03203428\/logo_concursos-1.jpg","width":230,"height":60,"caption":"Estrat\u00e9gia Concursos"},"image":{"@id":"https:\/\/www.estrategiaconcursos.com.br\/blog\/#\/schema\/logo\/image\/"},"sameAs":["https:\/\/x.com\/EstratConcursos"]},{"@type":"Person","@id":"https:\/\/www.estrategiaconcursos.com.br\/blog\/#\/schema\/person\/622d93253cb9ef3af014a0ce658d184a","name":"Gabriela Knoblauch","image":{"@type":"ImageObject","inLanguage":"pt-BR","@id":"https:\/\/secure.gravatar.com\/avatar\/d26c5a121c8db2de08ffbc428752dadaae2055eefb797f261688ca1ac09b241f?s=96&d=mm&r=g","url":"https:\/\/secure.gravatar.com\/avatar\/d26c5a121c8db2de08ffbc428752dadaae2055eefb797f261688ca1ac09b241f?s=96&d=mm&r=g","contentUrl":"https:\/\/secure.gravatar.com\/avatar\/d26c5a121c8db2de08ffbc428752dadaae2055eefb797f261688ca1ac09b241f?s=96&d=mm&r=g","caption":"Gabriela Knoblauch"},"description":"Acredito no poder da persist\u00eancia e na import\u00e2ncia da estrat\u00e9gia nos estudos para acelerar a aprova\u00e7\u00e3o. No meu curso de Coaching trabalho em 2 frentes: 1 - T\u00e9cnicas de estudo 2 - Intelig\u00eancia emocional para concursos Entendo que ambas s\u00e3o fundamentais para obter um resultado excelente em qualquer certame. Toda ter\u00e7a posto artigo no site sobre os temas citados. N\u00e3o perca! :)","url":"https:\/\/www.estrategiaconcursos.com.br\/blog\/author\/gabrielaknobluachestrategiaconcursos-com-br\/"}]}},"_links":{"self":[{"href":"https:\/\/www.estrategiaconcursos.com.br\/blog\/wp-json\/wp\/v2\/posts\/84444","targetHints":{"allow":["GET"]}}],"collection":[{"href":"https:\/\/www.estrategiaconcursos.com.br\/blog\/wp-json\/wp\/v2\/posts"}],"about":[{"href":"https:\/\/www.estrategiaconcursos.com.br\/blog\/wp-json\/wp\/v2\/types\/post"}],"author":[{"embeddable":true,"href":"https:\/\/www.estrategiaconcursos.com.br\/blog\/wp-json\/wp\/v2\/users\/423"}],"replies":[{"embeddable":true,"href":"https:\/\/www.estrategiaconcursos.com.br\/blog\/wp-json\/wp\/v2\/comments?post=84444"}],"version-history":[{"count":4,"href":"https:\/\/www.estrategiaconcursos.com.br\/blog\/wp-json\/wp\/v2\/posts\/84444\/revisions"}],"predecessor-version":[{"id":84482,"href":"https:\/\/www.estrategiaconcursos.com.br\/blog\/wp-json\/wp\/v2\/posts\/84444\/revisions\/84482"}],"wp:attachment":[{"href":"https:\/\/www.estrategiaconcursos.com.br\/blog\/wp-json\/wp\/v2\/media?parent=84444"}],"wp:term":[{"taxonomy":"category","embeddable":true,"href":"https:\/\/www.estrategiaconcursos.com.br\/blog\/wp-json\/wp\/v2\/categories?post=84444"},{"taxonomy":"post_tag","embeddable":true,"href":"https:\/\/www.estrategiaconcursos.com.br\/blog\/wp-json\/wp\/v2\/tags?post=84444"},{"taxonomy":"tax_estado","embeddable":true,"href":"https:\/\/www.estrategiaconcursos.com.br\/blog\/wp-json\/wp\/v2\/tax_estado?post=84444"}],"curies":[{"name":"wp","href":"https:\/\/api.w.org\/{rel}","templated":true}]}}