{"id":84421,"date":"2017-08-08T14:28:27","date_gmt":"2017-08-08T17:28:27","guid":{"rendered":"https:\/\/www.estrategiaconcursos.com.br\/blog\/?p=84421"},"modified":"2023-05-24T17:37:48","modified_gmt":"2023-05-24T20:37:48","slug":"prova-comentada-direito-constitucional-p-soldado-da-pmba-banca-ibfc","status":"publish","type":"post","link":"https:\/\/www.estrategiaconcursos.com.br\/blog\/prova-comentada-direito-constitucional-p-soldado-da-pmba-banca-ibfc\/","title":{"rendered":"Prova Comentada &#8211; Direito Constitucional p\/ Soldado da PM\/BA (Banca IBFC)"},"content":{"rendered":"<p>Ol\u00e1, aluno\u00a0do Estrat\u00e9gia Concursos!<\/p>\n<p>Hoje comentarei a prova da PM\/BA de Direito Constitucional (Soldado), banca IBFC. N\u00e3o vejo qualquer possibilidade de recurso.<\/p>\n<p>Vamos l\u00e1?<\/p>\n<p>&#8230;&#8230;&#8230;&#8230;&#8230;&#8230;&#8230;&#8230;&#8230;&#8230;&#8230;&#8230;&#8230;&#8230;&#8230;&#8230;&#8230;&#8230;&#8230;&#8230;&#8230;&#8230;&#8230;&#8230;&#8230;&#8230;&#8230;&#8230;&#8230;&#8230;&#8230;&#8230;&#8230;&#8230;&#8230;&#8230;&#8230;&#8230;&#8230;&#8230;&#8230;&#8230;&#8230;&#8230;&#8230;&#8230;&#8230;&#8230;&#8230;&#8230;&#8230;&#8230;&#8230;&#8230;&#8230;&#8230;&#8230;&#8230;&#8230;&#8230;&#8230;&#8230;..<\/p>\n<p style=\"text-align: center;\"><span style=\"text-decoration: underline;\"><span style=\"color: #0000ff;\"><strong>2017 \u2013 PM\/BA (Soldado)<\/strong><\/span><\/span><\/p>\n<p><strong>1. (IBFC\/ PM-BA &#8211; 2017) Assinale a alternativa que completa corretamente a lacuna. O poder capaz de criar uma nova realidade a partir da elabora\u00e7\u00e3o de uma Constitui\u00e7\u00e3o Federal \u00e9 chamado___________________________.<\/strong><\/p>\n<p>a) Poder Constituinte Origin\u00e1rio.<\/p>\n<p>b) Poder Constituinte Derivado.<\/p>\n<p>c) Poder Constituinte de Grau Inicial.<\/p>\n<p>d) Poder Constituinte Contextual.<\/p>\n<p>e) Poder Constituinte Estruturativo.<\/p>\n<p><strong>Coment\u00e1rio:<\/strong><\/p>\n<p>O Poder Constituinte Origin\u00e1rio \u00e9 aquele que pode criar uma Constitui\u00e7\u00e3o, inaugurando uma nova ordem jur\u00eddica. O gabarito \u00e9 a letra A.<\/p>\n<p><strong>2. (IBFC\/ PM-BA &#8211; 2017) Assinale a alternativa correta sobre os rem\u00e9dios constitucionais nos termos da Constitui\u00e7\u00e3o da Rep\u00fablica Federativa do Brasil.<\/strong><\/p>\n<p>a) Conceder-se-\u00e1 <em>habeas corpus<\/em> para proteger direito l\u00edquido e certo, n\u00e3o amparado por habeas data, quando o respons\u00e1vel pela ilegalidade ou abuso de poder for autoridade p\u00fablica ou agente de pessoa jur\u00eddica no exerc\u00edcio de atribui\u00e7\u00f5es do Poder P\u00fablico.<\/p>\n<p>b) Conceder-se-\u00e1 mandado de seguran\u00e7a para proteger direito l\u00edquido e certo, n\u00e3o amparado por habeas corpus ou habeas data, quando o respons\u00e1vel pela ilegalidade ou abuso de poder for autoridade p\u00fablica, n\u00e3o se aplicando essa regra ao agente de pessoa jur\u00eddica no exerc\u00edcio de atribui\u00e7\u00f5es do Poder P\u00fablico.<\/p>\n<p>c) Conceder-se-\u00e1 <em>habeas data<\/em> para proteger direito l\u00edquido e certo, n\u00e3o amparado por habeas corpus, quando o respons\u00e1vel pela ilegalidade ou abuso de poder for autoridade p\u00fablica, n\u00e3o se aplicando essa regra ao agente de pessoa jur\u00eddica no exerc\u00edcio de atribui\u00e7\u00f5es do Poder P\u00fablico.<\/p>\n<p>d) Conceder-se-\u00e1 mandado de seguran\u00e7a para proteger direito l\u00edquido e certo, n\u00e3o amparado por habeas corpus ou habeas data, quando o respons\u00e1vel pela ilegalidade ou abuso de poder for autoridade p\u00fablica ou agente de pessoa jur\u00eddica no exerc\u00edcio de atribui\u00e7\u00f5es do Poder P\u00fablico.<\/p>\n<p>e) Conceder-se-\u00e1 mandado de seguran\u00e7a para proteger direito l\u00edquido e certo, n\u00e3o amparado por habeas corpus ou habeas data, quando o respons\u00e1vel pela ilegalidade ou abuso de poder for autoridade p\u00fablica ou agente de pessoa jur\u00eddica no exerc\u00edcio de atribui\u00e7\u00f5es da iniciativa privada.<\/p>\n<p><strong>Coment\u00e1rios:<\/strong><\/p>\n<p>A quest\u00e3o cobra o conhecimento do art. 5\u00ba, LXIX, da Constitui\u00e7\u00e3o, segundo o qual \u201cconceder-se-\u00e1 <strong><em>mandado de seguran\u00e7a<\/em><\/strong> para proteger direito l\u00edquido e certo, <strong><em>n\u00e3o amparado por\u00a0habeas corpus\u00a0ou\u00a0habeas data<\/em><\/strong>, quando o respons\u00e1vel pela ilegalidade ou abuso de poder for <strong><em>autoridade p\u00fablica<\/em><\/strong> ou <strong><em>agente de pessoa jur\u00eddica no exerc\u00edcio de atribui\u00e7\u00f5es do Poder P\u00fablico<\/em><\/strong>\u201d. O gabarito \u00e9 a letra D.<\/p>\n<p><strong>3. (IBFC\/ PM-BA &#8211; 2017) Assinale a alternativa correta sobre a condi\u00e7\u00e3o de uma crian\u00e7a nascida no Brasil, enquanto seus pais estejam visitando o pa\u00eds como turistas, nos termos da Constitui\u00e7\u00e3o da Rep\u00fablica Federativa do Brasil.<\/strong><\/p>\n<p>a) Brasileira naturalizada<\/p>\n<p>b) Estrangeira<\/p>\n<p>c) Estrangeira residente<\/p>\n<p>d) Brasileira desde que seja sua op\u00e7\u00e3o volunt\u00e1ria, assim declarada por pelo menos um dos genitores.<\/p>\n<p>e) Brasileira nata.<\/p>\n<p><strong>Coment\u00e1rio:<\/strong><\/p>\n<p>Uma crian\u00e7a nascida no Brasil enquanto seus pais viajam como turistas \u00e9 brasileira nata, conforme disposi\u00e7\u00e3o do art. 12, I, \u201ca\u201d, da Constitui\u00e7\u00e3o:<\/p>\n<p style=\"padding-left: 90px;\"><em>Art. 12. <strong>S\u00e3o brasileiros<\/strong>:<\/em><\/p>\n<p style=\"padding-left: 90px;\"><em>I &#8211; <strong>natos<\/strong>:<\/em><\/p>\n<p style=\"padding-left: 90px;\"><em>a) os nascidos na Rep\u00fablica Federativa do Brasil, ainda que de pais estrangeiros, <strong>desde que estes n\u00e3o estejam a servi\u00e7o de seu pa\u00eds<\/strong> (&#8230;).<\/em><\/p>\n<p>O gabarito \u00e9 a letra E.<\/p>\n<p><strong>4. (IBFC\/ PM-BA &#8211; 2017) Assinale a alternativa correta sobre a idade m\u00ednima para candidatura nos termos da Constitui\u00e7\u00e3o da Rep\u00fablica Federativa do Brasil.<\/strong><\/p>\n<p>a) Vinte e um anos para o cargo de Presidente da Rep\u00fablica e dezoito anos para o cargo de Vereador.<\/p>\n<p>b) Trinta e cinco anos para o cargo de Senador e dezoito anos para o cargo de Vereador.<\/p>\n<p>c) Trinta e cinco anos para o cargo de Presidente da Rep\u00fablica e dezoito anos para o cargo de Deputado Estadual.<\/p>\n<p>d) Trinta anos para o cargo de Deputado Federal e Vinte e cinco anos para o cargo de Vereador.<\/p>\n<p>e) Trinta e cinco anos para o cargo de Presidente da Rep\u00fablica e dezoito anos para o cargo de Deputado Federal.<\/p>\n<p><strong>Coment\u00e1rios:<\/strong><\/p>\n<p>A quest\u00e3o cobra o conhecimento da idade m\u00ednima estabelecida pela Constitui\u00e7\u00e3o como condi\u00e7\u00e3o de elegibilidade para alguns cargos. Vejamos o que determina o art. 14, \u00a7 3\u00ba, VI, da Constitui\u00e7\u00e3o:<\/p>\n<p style=\"padding-left: 90px;\"><strong><em>Art. 14.<\/em><\/strong><em> A soberania popular ser\u00e1 exercida pelo sufr\u00e1gio universal e pelo voto direto e secreto, com valor igual para todos, e, nos termos da lei, mediante:<\/em><\/p>\n<p style=\"padding-left: 90px;\"><strong><em>3\u00ba<\/em><\/strong><em> S\u00e3o condi\u00e7\u00f5es de elegibilidade, na forma da lei:<\/em><\/p>\n<p style=\"padding-left: 90px;\"><strong><em>VI <\/em><\/strong><em>&#8211; a idade m\u00ednima de:<\/em><\/p>\n<p style=\"padding-left: 90px;\"><strong><em>a) trinta e cinco anos<\/em><\/strong><em> para Presidente e Vice-Presidente da Rep\u00fablica e <strong>Senador<\/strong>;<\/em><\/p>\n<p style=\"padding-left: 90px;\"><strong><em>b)<\/em><\/strong><em> trinta anos para Governador e Vice-Governador de Estado e do Distrito Federal;<\/em><\/p>\n<p style=\"padding-left: 90px;\"><strong><em>c)<\/em><\/strong><em> vinte e um anos para Deputado Federal, Deputado Estadual ou Distrital, Prefeito, Vice-Prefeito e juiz de paz;<\/em><\/p>\n<p style=\"padding-left: 90px;\"><strong><em>d)<\/em><\/strong><em> <strong>dezoito anos para Vereador<\/strong>.<\/em><\/p>\n<p>O gabarito \u00e9 a letra B.<\/p>\n<p><strong>5. (IBFC\/ PM-BA &#8211; 2017) Assinale a alternativa correta sobre a Administra\u00e7\u00e3o P\u00fablica, nos termos da Constitui\u00e7\u00e3o da Rep\u00fablica Federativa do Brasil.<\/strong><\/p>\n<p>a) Os atos de improbidade administrativa importar\u00e3o a suspens\u00e3o dos direitos pol\u00edticos, a perda da fun\u00e7\u00e3o p\u00fablica, a indisponibilidade dos bens e o ressarcimento ao er\u00e1rio, na forma e grada\u00e7\u00e3o previstas em lei, ficando exclu\u00edda a possibilidade da a\u00e7\u00e3o penal cab\u00edvel.<\/p>\n<p>b) N\u00e3o haver\u00e1 prescri\u00e7\u00e3o para il\u00edcitos praticados por qualquer agente, servidor ou n\u00e3o, que causem preju\u00edzos ao er\u00e1rio.<\/p>\n<p>c) A lei estabelecer\u00e1 os prazos de prescri\u00e7\u00e3o para il\u00edcitos praticados por qualquer agente, servidor ou n\u00e3o, que causem preju\u00edzos ao er\u00e1rio, afastadas quaisquer a\u00e7\u00f5es de ressarcimento.<\/p>\n<p>d) Os atos de improbidade administrativa importar\u00e3o a suspens\u00e3o dos direitos pol\u00edticos, a perda da fun\u00e7\u00e3o p\u00fablica, a indisponibilidade dos bens e o ressarcimento ao er\u00e1rio, na forma e grada\u00e7\u00e3o previstas em lei, sem preju\u00edzo da a\u00e7\u00e3o penal cab\u00edvel.<\/p>\n<p>e) As pessoas jur\u00eddicas de direito p\u00fablico e as de direito privado prestadoras de servi\u00e7os p\u00fablicos responder\u00e3o pelos danos que seus agentes, nessa qualidade, causarem a terceiros, ficando afastado o direito de regresso contra o respons\u00e1vel nos casos de dolo ou culpa.<\/p>\n<p><strong>Coment\u00e1rios:<\/strong><\/p>\n<p>Letra A: errada. A possibilidade da a\u00e7\u00e3o penal cab\u00edvel <em>n\u00e3o fica exclu\u00edda<\/em> (art. 37, \u00a7 4\u00ba, CF).<\/p>\n<p>Letra B: errada: Ao contr\u00e1rio do que se afirma na alternativa, h\u00e1 sim prescri\u00e7\u00e3o, ressalvadas as respectivas a\u00e7\u00f5es de ressarcimento (art. 37, \u00a7 5\u00ba, CF).<\/p>\n<p>Letra C: errada. As a\u00e7\u00f5es de ressarcimento n\u00e3o s\u00e3o afastadas (art. 37, \u00a7 5\u00ba, CF).<\/p>\n<p>Letra D: correta. \u00c9 o que disp\u00f5e a literalidade do art. 37, \u00a7 4\u00ba, da Constitui\u00e7\u00e3o.<\/p>\n<p>Letra E: errada. O direito de regresso contra o respons\u00e1vel nos casos de dolo ou culpa \u00e9 assegurado pela Constitui\u00e7\u00e3o Federal (art. 37, \u00a7 6\u00ba, CF).<\/p>\n<p>O gabarito \u00e9 a letra D.<\/p>\n<p><strong>6. (IBFC\/ PM-BA &#8211; 2017) Assinale a alternativa correta sobre o Servidor P\u00fablico, nos termos da Constitui\u00e7\u00e3o da Rep\u00fablica Federativa do Brasil.<\/strong><\/p>\n<p>a) S\u00e3o est\u00e1veis ap\u00f3s tr\u00eas anos de efetivo exerc\u00edcio, os servidores nomeados para cargo de provimento efetivo em virtude de concurso p\u00fablico e o servidor p\u00fablico est\u00e1vel s\u00f3 perder\u00e1 o cargo em virtude de senten\u00e7a judicial transitada em julgado.<\/p>\n<p>b) S\u00e3o est\u00e1veis ap\u00f3s cinco anos de efetivo exerc\u00edcio os servidores nomeados para cargo de provimento efetivo em virtude de concurso p\u00fablico e o servidor p\u00fablico est\u00e1vel s\u00f3 perder\u00e1 o cargo em virtude de senten\u00e7a judicial transitada em julgado.<\/p>\n<p>c) S\u00e3o est\u00e1veis ap\u00f3s tr\u00eas anos de efetivo exerc\u00edcio os servidores nomeados para cargo de provimento efetivo em virtude de concurso p\u00fablico e o servidor p\u00fablico est\u00e1vel perder\u00e1 o cargo, entre outras hip\u00f3teses, em virtude de senten\u00e7a judicial transitada em julgado.<\/p>\n<p>d) S\u00e3o est\u00e1veis ap\u00f3s cinco anos de efetivo exerc\u00edcio os servidores nomeados para cargo de provimento efetivo em virtude de concurso p\u00fablico e o servidor p\u00fablico est\u00e1vel s\u00f3 perder\u00e1 o cargo mediante processo administrativo em que lhe seja assegurada ampla defesa.<\/p>\n<p>e) S\u00e3o est\u00e1veis ap\u00f3s tr\u00eas anos de efetivo exerc\u00edcio os servidores nomeados para cargo de provimento efetivo em virtude de concurso p\u00fablico e o servidor p\u00fablico est\u00e1vel s\u00f3 perder\u00e1 o cargo mediante processo administrativo em que lhe seja assegurada ampla defesa.<\/p>\n<p><strong>Coment\u00e1rio:<\/strong><\/p>\n<p>A quest\u00e3o cobra o conhecimento do art. 41, \u00a7 1\u00ba, que trata da estabilidade dos servidores p\u00fablicos e das hip\u00f3teses em que o est\u00e1vel perder\u00e1 o cargo. Vejamos o que diz o texto constitucional:<\/p>\n<p style=\"padding-left: 90px;\"><em><strong>Art. 41.<\/strong> S\u00e3o est\u00e1veis ap\u00f3s <strong>tr\u00eas anos<\/strong> de efetivo exerc\u00edcio os servidores nomeados para cargo de provimento efetivo em virtude de concurso p\u00fablico.<\/em><\/p>\n<p style=\"padding-left: 90px;\"><em><strong>\u00a71\u00ba<\/strong> O servidor p\u00fablico est\u00e1vel <strong>s\u00f3 perder\u00e1 o cargo<\/strong>:<\/em><\/p>\n<p style=\"padding-left: 90px;\"><em><strong>I<\/strong> &#8211; em virtude de <strong>senten\u00e7a judicial<\/strong> transitada em julgado;<\/em><\/p>\n<p style=\"padding-left: 90px;\"><em><strong>II<\/strong> &#8211; mediante <strong>processo administrativo<\/strong> em que lhe seja assegurada ampla defesa;<\/em><\/p>\n<p style=\"padding-left: 90px;\"><em><strong>III<\/strong> &#8211; mediante procedimento de <strong>avalia\u00e7\u00e3o peri\u00f3dica de desempenho<\/strong>, na forma de lei complementar, assegurada ampla defesa.<\/em><\/p>\n<p>O gabarito \u00e9 a letra C.<\/p>\n<p><strong>7. (IBFC\/ PM-BA &#8211; 2017) Assinale a alternativa correta sobre a seguran\u00e7a p\u00fablica nos termos da Constitui\u00e7\u00e3o da Rep\u00fablica Federativa do Brasil.<\/strong><\/p>\n<p>a) A pol\u00edcia federal, institu\u00edda por lei como \u00f3rg\u00e3o provis\u00f3rio, organizado e mantido pela Uni\u00e3o e estruturado em carreira.<\/p>\n<p>b) A pol\u00edcia federal, institu\u00edda por lei como \u00f3rg\u00e3o permanente, organizado e mantido pela Uni\u00e3o e pelos Estados e estruturado em carreira.<\/p>\n<p>c) A pol\u00edcia federal, institu\u00edda por lei como \u00f3rg\u00e3o provis\u00f3rio, organizado e mantido pela Uni\u00e3o e pelos Estados e estruturado em carreira.<\/p>\n<p>d) A pol\u00edcia federal, institu\u00edda por lei como \u00f3rg\u00e3o permanente, organizado e mantido pela Uni\u00e3o e pelos Estados e n\u00e3o estruturado em carreira.<\/p>\n<p>e) A pol\u00edcia federal, institu\u00edda por lei como \u00f3rg\u00e3o permanente, organizado e mantido pela Uni\u00e3o e estruturado em carreira.<\/p>\n<p><strong>Coment\u00e1rio:<\/strong><\/p>\n<p>Reza o art. 144, \u00a7 1\u00ba, da Constitui\u00e7\u00e3o, que a pol\u00edcia federal \u00e9 institu\u00edda por <strong><em>lei<\/em><\/strong> como <strong><em>\u00f3rg\u00e3o permanente, organizado<\/em><\/strong> <strong><em>e mantido pela Uni\u00e3o e estruturado em carreira<\/em><\/strong>. O gabarito \u00e9 a letra E.<\/p>\n<p><strong>8. (IBFC\/ PM-BA &#8211; 2017) Assinale a alternativa correta sobre a Defensoria P\u00fablica nos termos da Constitui\u00e7\u00e3o do Estado da Bahia.<\/strong><\/p>\n<p>a) O Defensor P\u00fablico-Geral ser\u00e1 nomeado pelo Governador e escolhido, dentre os integrantes da carreira com mais de 35 anos de idade, de lista tr\u00edplice composta pelos candidatos mais votados pelos Defensores P\u00fablicos, no efetivo exerc\u00edcio de suas fun\u00e7\u00f5es.<\/p>\n<p>b) O Defensor P\u00fablico-Geral ser\u00e1 nomeado pelo Governador e escolhido, dentre os integrantes da carreira com mais de 30 anos de idade, de lista tr\u00edplice composta pelos candidatos melhor classificados no Concurso P\u00fablico espec\u00edfico para a fun\u00e7\u00e3o de Defensor P\u00fablico-Geral.<\/p>\n<p>c) O Defensor P\u00fablico-Geral ser\u00e1 nomeado pelo Presidente da Ordem dos Advogados do Brasil e escolhido, dentre os integrantes da carreira com mais de 35 anos de idade, de lista tr\u00edplice composta pelos candidatos mais votados pelos Advogados, no efetivo exerc\u00edcio de suas fun\u00e7\u00f5es.<\/p>\n<p>d) O Defensor P\u00fablico-Geral ser\u00e1 nomeado pelo Presidente do Tribunal de Justi\u00e7a e escolhido, dentre os integrantes da carreira com mais de 25 anos de idade, de lista tr\u00edplice composta pelos candidatos melhor classificados no Concurso P\u00fablico espec\u00edfico para a fun\u00e7\u00e3o de Defensor P\u00fablico-Geral.<\/p>\n<p>e) O Defensor P\u00fablico-Geral ser\u00e1 nomeado pelo Presidente da Ordem dos Advogados do Brasil e escolhido, dentre os integrantes da carreira com mais de 30 anos de idade, de lista tr\u00edplice composta pelos candidatos mais votados pelos Defensores P\u00fablicos e Promotores de Justi\u00e7a, no efetivo exerc\u00edcio de suas fun\u00e7\u00f5es ou em afastamento.<\/p>\n<p><strong>Coment\u00e1rio:<\/strong><\/p>\n<p>Segundo o art. 145, \u00a7 1\u00ba, da Constitui\u00e7\u00e3o do Estado da Bahia: \u201co Defensor P\u00fablico-Geral ser\u00e1 <strong><em>nomeado pelo Governador<\/em><\/strong> e escolhido, dentre os <strong><em>integrantes da carreira<\/em><\/strong> com <strong><em>mais de 35 anos<\/em><\/strong> de idade, de <strong><em>lista tr\u00edplice composta pelos candidatos mais votados pelos Defensores P\u00fablicos, no efetivo exerc\u00edcio de suas fun\u00e7\u00f5es<\/em><\/strong>\u201d. O gabarito \u00e9 a letra A.<\/p>\n<p>&#8230;&#8230;&#8230;&#8230;&#8230;&#8230;&#8230;&#8230;&#8230;&#8230;&#8230;&#8230;&#8230;&#8230;&#8230;&#8230;&#8230;&#8230;&#8230;&#8230;&#8230;&#8230;&#8230;&#8230;&#8230;&#8230;&#8230;&#8230;&#8230;&#8230;&#8230;&#8230;..<\/p>\n<p>Abra\u00e7os,<\/p>\n<p>N\u00e1dia Carolina<\/p>\n","protected":false},"excerpt":{"rendered":"<p>Ol\u00e1, aluno\u00a0do Estrat\u00e9gia Concursos! Hoje comentarei a prova da PM\/BA de Direito Constitucional (Soldado), banca IBFC. N\u00e3o vejo qualquer possibilidade de recurso. Vamos l\u00e1? &#8230;&#8230;&#8230;&#8230;&#8230;&#8230;&#8230;&#8230;&#8230;&#8230;&#8230;&#8230;&#8230;&#8230;&#8230;&#8230;&#8230;&#8230;&#8230;&#8230;&#8230;&#8230;&#8230;&#8230;&#8230;&#8230;&#8230;&#8230;&#8230;&#8230;&#8230;&#8230;&#8230;&#8230;&#8230;&#8230;&#8230;&#8230;&#8230;&#8230;&#8230;&#8230;&#8230;&#8230;&#8230;&#8230;&#8230;&#8230;&#8230;&#8230;&#8230;&#8230;&#8230;&#8230;&#8230;&#8230;&#8230;&#8230;&#8230;&#8230;&#8230;&#8230;.. 2017 \u2013 PM\/BA (Soldado) 1. (IBFC\/ PM-BA &#8211; 2017) Assinale a alternativa que completa corretamente a lacuna. O poder capaz de criar uma nova realidade a partir da elabora\u00e7\u00e3o de [&hellip;]<\/p>\n","protected":false},"author":58,"featured_media":0,"comment_status":"open","ping_status":"open","sticky":false,"template":"","format":"standard","meta":{"post_tipo":"article","footnotes":""},"categories":[1],"tags":[],"tax_estado":[],"class_list":["post-84421","post","type-post","status-publish","format-standard","hentry","category-cursos-e-concursos"],"acf":[],"yoast_head":"<!-- This site is optimized with the Yoast SEO Premium plugin v27.2 (Yoast SEO v27.2) - https:\/\/yoast.com\/product\/yoast-seo-premium-wordpress\/ -->\n<title>Prova Comentada - Direito Constitucional p\/ Soldado da PM\/BA (Banca IBFC)<\/title>\n<meta name=\"robots\" content=\"index, follow, max-snippet:-1, max-image-preview:large, max-video-preview:-1\" \/>\n<link rel=\"canonical\" href=\"https:\/\/www.estrategiaconcursos.com.br\/blog\/prova-comentada-direito-constitucional-p-soldado-da-pmba-banca-ibfc\/\" \/>\n<meta property=\"og:locale\" content=\"pt_BR\" \/>\n<meta property=\"og:type\" content=\"article\" \/>\n<meta property=\"og:title\" content=\"Prova Comentada - Direito Constitucional p\/ Soldado da PM\/BA (Banca IBFC)\" \/>\n<meta property=\"og:description\" content=\"Ol\u00e1, aluno\u00a0do Estrat\u00e9gia Concursos! Hoje comentarei a prova da PM\/BA de Direito Constitucional (Soldado), banca IBFC. N\u00e3o vejo qualquer possibilidade de recurso. Vamos l\u00e1? &#8230;&#8230;&#8230;&#8230;&#8230;&#8230;&#8230;&#8230;&#8230;&#8230;&#8230;&#8230;&#8230;&#8230;&#8230;&#8230;&#8230;&#8230;&#8230;&#8230;&#8230;&#8230;&#8230;&#8230;&#8230;&#8230;&#8230;&#8230;&#8230;&#8230;&#8230;&#8230;&#8230;&#8230;&#8230;&#8230;&#8230;&#8230;&#8230;&#8230;&#8230;&#8230;&#8230;&#8230;&#8230;&#8230;&#8230;&#8230;&#8230;&#8230;&#8230;&#8230;&#8230;&#8230;&#8230;&#8230;&#8230;&#8230;&#8230;&#8230;&#8230;&#8230;.. 2017 \u2013 PM\/BA (Soldado) 1. (IBFC\/ PM-BA &#8211; 2017) Assinale a alternativa que completa corretamente a lacuna. O poder capaz de criar uma nova realidade a partir da elabora\u00e7\u00e3o de [&hellip;]\" \/>\n<meta property=\"og:url\" content=\"https:\/\/www.estrategiaconcursos.com.br\/blog\/prova-comentada-direito-constitucional-p-soldado-da-pmba-banca-ibfc\/\" \/>\n<meta property=\"og:site_name\" content=\"Estrat\u00e9gia Concursos\" \/>\n<meta property=\"article:author\" content=\"https:\/\/www.facebook.com\/nadia.c.santos.16\" \/>\n<meta property=\"article:published_time\" content=\"2017-08-08T17:28:27+00:00\" \/>\n<meta property=\"article:modified_time\" content=\"2023-05-24T20:37:48+00:00\" \/>\n<meta name=\"author\" content=\"N\u00e1dia Carolina\" \/>\n<meta name=\"twitter:card\" content=\"summary_large_image\" \/>\n<meta name=\"twitter:creator\" content=\"@EstratConcursos\" \/>\n<meta name=\"twitter:site\" content=\"@EstratConcursos\" \/>\n<meta name=\"twitter:label1\" content=\"Escrito por\" \/>\n\t<meta name=\"twitter:data1\" content=\"N\u00e1dia Carolina\" \/>\n\t<meta name=\"twitter:label2\" content=\"Est. tempo de leitura\" \/>\n\t<meta name=\"twitter:data2\" content=\"10 minutos\" \/>\n<script type=\"application\/ld+json\" class=\"yoast-schema-graph\">{\"@context\":\"https:\/\/schema.org\",\"@graph\":[{\"@type\":\"NewsArticle\",\"@id\":\"https:\/\/www.estrategiaconcursos.com.br\/blog\/prova-comentada-direito-constitucional-p-soldado-da-pmba-banca-ibfc\/#article\",\"isPartOf\":{\"@id\":\"https:\/\/www.estrategiaconcursos.com.br\/blog\/prova-comentada-direito-constitucional-p-soldado-da-pmba-banca-ibfc\/\"},\"author\":{\"name\":\"N\u00e1dia Carolina\",\"@id\":\"https:\/\/www.estrategiaconcursos.com.br\/blog\/#\/schema\/person\/bf1b1d1865628ae32d608d5bad5442c6\"},\"headline\":\"Prova Comentada &#8211; Direito Constitucional p\/ Soldado da PM\/BA (Banca IBFC)\",\"datePublished\":\"2017-08-08T17:28:27+00:00\",\"dateModified\":\"2023-05-24T20:37:48+00:00\",\"mainEntityOfPage\":{\"@id\":\"https:\/\/www.estrategiaconcursos.com.br\/blog\/prova-comentada-direito-constitucional-p-soldado-da-pmba-banca-ibfc\/\"},\"wordCount\":2106,\"commentCount\":2,\"publisher\":{\"@id\":\"https:\/\/www.estrategiaconcursos.com.br\/blog\/#organization\"},\"articleSection\":[\"Concursos P\u00fablicos\"],\"inLanguage\":\"pt-BR\",\"potentialAction\":[{\"@type\":\"CommentAction\",\"name\":\"Comment\",\"target\":[\"https:\/\/www.estrategiaconcursos.com.br\/blog\/prova-comentada-direito-constitucional-p-soldado-da-pmba-banca-ibfc\/#respond\"]}],\"copyrightYear\":\"2017\",\"copyrightHolder\":{\"@id\":\"https:\/\/www.estrategiaconcursos.com.br\/blog\/#organization\"}},{\"@type\":\"WebPage\",\"@id\":\"https:\/\/www.estrategiaconcursos.com.br\/blog\/prova-comentada-direito-constitucional-p-soldado-da-pmba-banca-ibfc\/\",\"url\":\"https:\/\/www.estrategiaconcursos.com.br\/blog\/prova-comentada-direito-constitucional-p-soldado-da-pmba-banca-ibfc\/\",\"name\":\"Prova Comentada - Direito Constitucional p\/ Soldado da PM\/BA (Banca IBFC)\",\"isPartOf\":{\"@id\":\"https:\/\/www.estrategiaconcursos.com.br\/blog\/#website\"},\"datePublished\":\"2017-08-08T17:28:27+00:00\",\"dateModified\":\"2023-05-24T20:37:48+00:00\",\"breadcrumb\":{\"@id\":\"https:\/\/www.estrategiaconcursos.com.br\/blog\/prova-comentada-direito-constitucional-p-soldado-da-pmba-banca-ibfc\/#breadcrumb\"},\"inLanguage\":\"pt-BR\",\"potentialAction\":[{\"@type\":\"ReadAction\",\"target\":[\"https:\/\/www.estrategiaconcursos.com.br\/blog\/prova-comentada-direito-constitucional-p-soldado-da-pmba-banca-ibfc\/\"]}]},{\"@type\":\"BreadcrumbList\",\"@id\":\"https:\/\/www.estrategiaconcursos.com.br\/blog\/prova-comentada-direito-constitucional-p-soldado-da-pmba-banca-ibfc\/#breadcrumb\",\"itemListElement\":[{\"@type\":\"ListItem\",\"position\":1,\"name\":\"In\u00edcio\",\"item\":\"https:\/\/www.estrategiaconcursos.com.br\/blog\/\"},{\"@type\":\"ListItem\",\"position\":2,\"name\":\"Prova Comentada &#8211; Direito Constitucional p\/ Soldado da PM\/BA (Banca IBFC)\"}]},{\"@type\":\"WebSite\",\"@id\":\"https:\/\/www.estrategiaconcursos.com.br\/blog\/#website\",\"url\":\"https:\/\/www.estrategiaconcursos.com.br\/blog\/\",\"name\":\"Estrat\u00e9gia Concursos\",\"description\":\"O blog da Estrat\u00e9gia Concursos traz not\u00edcias sobre concursos e artigos de professores oferecendo cursos para concursos (pdf + videaulas) no site.\",\"publisher\":{\"@id\":\"https:\/\/www.estrategiaconcursos.com.br\/blog\/#organization\"},\"potentialAction\":[{\"@type\":\"SearchAction\",\"target\":{\"@type\":\"EntryPoint\",\"urlTemplate\":\"https:\/\/www.estrategiaconcursos.com.br\/blog\/?s={search_term_string}\"},\"query-input\":{\"@type\":\"PropertyValueSpecification\",\"valueRequired\":true,\"valueName\":\"search_term_string\"}}],\"inLanguage\":\"pt-BR\"},{\"@type\":\"Organization\",\"@id\":\"https:\/\/www.estrategiaconcursos.com.br\/blog\/#organization\",\"name\":\"Estrat\u00e9gia Concursos\",\"url\":\"https:\/\/www.estrategiaconcursos.com.br\/blog\/\",\"logo\":{\"@type\":\"ImageObject\",\"inLanguage\":\"pt-BR\",\"@id\":\"https:\/\/www.estrategiaconcursos.com.br\/blog\/#\/schema\/logo\/image\/\",\"url\":\"https:\/\/dhg1h5j42swfq.cloudfront.net\/2025\/06\/03203428\/logo_concursos-1.jpg\",\"contentUrl\":\"https:\/\/dhg1h5j42swfq.cloudfront.net\/2025\/06\/03203428\/logo_concursos-1.jpg\",\"width\":230,\"height\":60,\"caption\":\"Estrat\u00e9gia Concursos\"},\"image\":{\"@id\":\"https:\/\/www.estrategiaconcursos.com.br\/blog\/#\/schema\/logo\/image\/\"},\"sameAs\":[\"https:\/\/x.com\/EstratConcursos\"]},{\"@type\":\"Person\",\"@id\":\"https:\/\/www.estrategiaconcursos.com.br\/blog\/#\/schema\/person\/bf1b1d1865628ae32d608d5bad5442c6\",\"name\":\"N\u00e1dia Carolina\",\"image\":{\"@type\":\"ImageObject\",\"inLanguage\":\"pt-BR\",\"@id\":\"https:\/\/secure.gravatar.com\/avatar\/0ec0c484339a071f22ea5ced30956ccdaab0f83125b2dc1857c3b038404136a7?s=96&d=mm&r=g\",\"url\":\"https:\/\/secure.gravatar.com\/avatar\/0ec0c484339a071f22ea5ced30956ccdaab0f83125b2dc1857c3b038404136a7?s=96&d=mm&r=g\",\"contentUrl\":\"https:\/\/secure.gravatar.com\/avatar\/0ec0c484339a071f22ea5ced30956ccdaab0f83125b2dc1857c3b038404136a7?s=96&d=mm&r=g\",\"caption\":\"N\u00e1dia Carolina\"},\"sameAs\":[\"https:\/\/www.facebook.com\/nadia.c.santos.16\"],\"url\":\"https:\/\/www.estrategiaconcursos.com.br\/blog\/author\/nadiaestrategiaconcursos-com-br\/\"}]}<\/script>\n<!-- \/ Yoast SEO Premium plugin. -->","yoast_head_json":{"title":"Prova Comentada - Direito Constitucional p\/ Soldado da PM\/BA (Banca IBFC)","robots":{"index":"index","follow":"follow","max-snippet":"max-snippet:-1","max-image-preview":"max-image-preview:large","max-video-preview":"max-video-preview:-1"},"canonical":"https:\/\/www.estrategiaconcursos.com.br\/blog\/prova-comentada-direito-constitucional-p-soldado-da-pmba-banca-ibfc\/","og_locale":"pt_BR","og_type":"article","og_title":"Prova Comentada - Direito Constitucional p\/ Soldado da PM\/BA (Banca IBFC)","og_description":"Ol\u00e1, aluno\u00a0do Estrat\u00e9gia Concursos! Hoje comentarei a prova da PM\/BA de Direito Constitucional (Soldado), banca IBFC. N\u00e3o vejo qualquer possibilidade de recurso. Vamos l\u00e1? &#8230;&#8230;&#8230;&#8230;&#8230;&#8230;&#8230;&#8230;&#8230;&#8230;&#8230;&#8230;&#8230;&#8230;&#8230;&#8230;&#8230;&#8230;&#8230;&#8230;&#8230;&#8230;&#8230;&#8230;&#8230;&#8230;&#8230;&#8230;&#8230;&#8230;&#8230;&#8230;&#8230;&#8230;&#8230;&#8230;&#8230;&#8230;&#8230;&#8230;&#8230;&#8230;&#8230;&#8230;&#8230;&#8230;&#8230;&#8230;&#8230;&#8230;&#8230;&#8230;&#8230;&#8230;&#8230;&#8230;&#8230;&#8230;&#8230;&#8230;&#8230;&#8230;.. 2017 \u2013 PM\/BA (Soldado) 1. (IBFC\/ PM-BA &#8211; 2017) Assinale a alternativa que completa corretamente a lacuna. O poder capaz de criar uma nova realidade a partir da elabora\u00e7\u00e3o de [&hellip;]","og_url":"https:\/\/www.estrategiaconcursos.com.br\/blog\/prova-comentada-direito-constitucional-p-soldado-da-pmba-banca-ibfc\/","og_site_name":"Estrat\u00e9gia Concursos","article_author":"https:\/\/www.facebook.com\/nadia.c.santos.16","article_published_time":"2017-08-08T17:28:27+00:00","article_modified_time":"2023-05-24T20:37:48+00:00","author":"N\u00e1dia Carolina","twitter_card":"summary_large_image","twitter_creator":"@EstratConcursos","twitter_site":"@EstratConcursos","twitter_misc":{"Escrito por":"N\u00e1dia Carolina","Est. tempo de leitura":"10 minutos"},"schema":{"@context":"https:\/\/schema.org","@graph":[{"@type":"NewsArticle","@id":"https:\/\/www.estrategiaconcursos.com.br\/blog\/prova-comentada-direito-constitucional-p-soldado-da-pmba-banca-ibfc\/#article","isPartOf":{"@id":"https:\/\/www.estrategiaconcursos.com.br\/blog\/prova-comentada-direito-constitucional-p-soldado-da-pmba-banca-ibfc\/"},"author":{"name":"N\u00e1dia Carolina","@id":"https:\/\/www.estrategiaconcursos.com.br\/blog\/#\/schema\/person\/bf1b1d1865628ae32d608d5bad5442c6"},"headline":"Prova Comentada &#8211; Direito Constitucional p\/ Soldado da PM\/BA (Banca IBFC)","datePublished":"2017-08-08T17:28:27+00:00","dateModified":"2023-05-24T20:37:48+00:00","mainEntityOfPage":{"@id":"https:\/\/www.estrategiaconcursos.com.br\/blog\/prova-comentada-direito-constitucional-p-soldado-da-pmba-banca-ibfc\/"},"wordCount":2106,"commentCount":2,"publisher":{"@id":"https:\/\/www.estrategiaconcursos.com.br\/blog\/#organization"},"articleSection":["Concursos P\u00fablicos"],"inLanguage":"pt-BR","potentialAction":[{"@type":"CommentAction","name":"Comment","target":["https:\/\/www.estrategiaconcursos.com.br\/blog\/prova-comentada-direito-constitucional-p-soldado-da-pmba-banca-ibfc\/#respond"]}],"copyrightYear":"2017","copyrightHolder":{"@id":"https:\/\/www.estrategiaconcursos.com.br\/blog\/#organization"}},{"@type":"WebPage","@id":"https:\/\/www.estrategiaconcursos.com.br\/blog\/prova-comentada-direito-constitucional-p-soldado-da-pmba-banca-ibfc\/","url":"https:\/\/www.estrategiaconcursos.com.br\/blog\/prova-comentada-direito-constitucional-p-soldado-da-pmba-banca-ibfc\/","name":"Prova Comentada - Direito Constitucional p\/ Soldado da PM\/BA (Banca IBFC)","isPartOf":{"@id":"https:\/\/www.estrategiaconcursos.com.br\/blog\/#website"},"datePublished":"2017-08-08T17:28:27+00:00","dateModified":"2023-05-24T20:37:48+00:00","breadcrumb":{"@id":"https:\/\/www.estrategiaconcursos.com.br\/blog\/prova-comentada-direito-constitucional-p-soldado-da-pmba-banca-ibfc\/#breadcrumb"},"inLanguage":"pt-BR","potentialAction":[{"@type":"ReadAction","target":["https:\/\/www.estrategiaconcursos.com.br\/blog\/prova-comentada-direito-constitucional-p-soldado-da-pmba-banca-ibfc\/"]}]},{"@type":"BreadcrumbList","@id":"https:\/\/www.estrategiaconcursos.com.br\/blog\/prova-comentada-direito-constitucional-p-soldado-da-pmba-banca-ibfc\/#breadcrumb","itemListElement":[{"@type":"ListItem","position":1,"name":"In\u00edcio","item":"https:\/\/www.estrategiaconcursos.com.br\/blog\/"},{"@type":"ListItem","position":2,"name":"Prova Comentada &#8211; Direito Constitucional p\/ Soldado da PM\/BA (Banca IBFC)"}]},{"@type":"WebSite","@id":"https:\/\/www.estrategiaconcursos.com.br\/blog\/#website","url":"https:\/\/www.estrategiaconcursos.com.br\/blog\/","name":"Estrat\u00e9gia Concursos","description":"O blog da Estrat\u00e9gia Concursos traz not\u00edcias sobre concursos e artigos de professores oferecendo cursos para concursos (pdf + videaulas) no site.","publisher":{"@id":"https:\/\/www.estrategiaconcursos.com.br\/blog\/#organization"},"potentialAction":[{"@type":"SearchAction","target":{"@type":"EntryPoint","urlTemplate":"https:\/\/www.estrategiaconcursos.com.br\/blog\/?s={search_term_string}"},"query-input":{"@type":"PropertyValueSpecification","valueRequired":true,"valueName":"search_term_string"}}],"inLanguage":"pt-BR"},{"@type":"Organization","@id":"https:\/\/www.estrategiaconcursos.com.br\/blog\/#organization","name":"Estrat\u00e9gia Concursos","url":"https:\/\/www.estrategiaconcursos.com.br\/blog\/","logo":{"@type":"ImageObject","inLanguage":"pt-BR","@id":"https:\/\/www.estrategiaconcursos.com.br\/blog\/#\/schema\/logo\/image\/","url":"https:\/\/dhg1h5j42swfq.cloudfront.net\/2025\/06\/03203428\/logo_concursos-1.jpg","contentUrl":"https:\/\/dhg1h5j42swfq.cloudfront.net\/2025\/06\/03203428\/logo_concursos-1.jpg","width":230,"height":60,"caption":"Estrat\u00e9gia Concursos"},"image":{"@id":"https:\/\/www.estrategiaconcursos.com.br\/blog\/#\/schema\/logo\/image\/"},"sameAs":["https:\/\/x.com\/EstratConcursos"]},{"@type":"Person","@id":"https:\/\/www.estrategiaconcursos.com.br\/blog\/#\/schema\/person\/bf1b1d1865628ae32d608d5bad5442c6","name":"N\u00e1dia Carolina","image":{"@type":"ImageObject","inLanguage":"pt-BR","@id":"https:\/\/secure.gravatar.com\/avatar\/0ec0c484339a071f22ea5ced30956ccdaab0f83125b2dc1857c3b038404136a7?s=96&d=mm&r=g","url":"https:\/\/secure.gravatar.com\/avatar\/0ec0c484339a071f22ea5ced30956ccdaab0f83125b2dc1857c3b038404136a7?s=96&d=mm&r=g","contentUrl":"https:\/\/secure.gravatar.com\/avatar\/0ec0c484339a071f22ea5ced30956ccdaab0f83125b2dc1857c3b038404136a7?s=96&d=mm&r=g","caption":"N\u00e1dia Carolina"},"sameAs":["https:\/\/www.facebook.com\/nadia.c.santos.16"],"url":"https:\/\/www.estrategiaconcursos.com.br\/blog\/author\/nadiaestrategiaconcursos-com-br\/"}]}},"_links":{"self":[{"href":"https:\/\/www.estrategiaconcursos.com.br\/blog\/wp-json\/wp\/v2\/posts\/84421","targetHints":{"allow":["GET"]}}],"collection":[{"href":"https:\/\/www.estrategiaconcursos.com.br\/blog\/wp-json\/wp\/v2\/posts"}],"about":[{"href":"https:\/\/www.estrategiaconcursos.com.br\/blog\/wp-json\/wp\/v2\/types\/post"}],"author":[{"embeddable":true,"href":"https:\/\/www.estrategiaconcursos.com.br\/blog\/wp-json\/wp\/v2\/users\/58"}],"replies":[{"embeddable":true,"href":"https:\/\/www.estrategiaconcursos.com.br\/blog\/wp-json\/wp\/v2\/comments?post=84421"}],"version-history":[{"count":5,"href":"https:\/\/www.estrategiaconcursos.com.br\/blog\/wp-json\/wp\/v2\/posts\/84421\/revisions"}],"predecessor-version":[{"id":1221752,"href":"https:\/\/www.estrategiaconcursos.com.br\/blog\/wp-json\/wp\/v2\/posts\/84421\/revisions\/1221752"}],"wp:attachment":[{"href":"https:\/\/www.estrategiaconcursos.com.br\/blog\/wp-json\/wp\/v2\/media?parent=84421"}],"wp:term":[{"taxonomy":"category","embeddable":true,"href":"https:\/\/www.estrategiaconcursos.com.br\/blog\/wp-json\/wp\/v2\/categories?post=84421"},{"taxonomy":"post_tag","embeddable":true,"href":"https:\/\/www.estrategiaconcursos.com.br\/blog\/wp-json\/wp\/v2\/tags?post=84421"},{"taxonomy":"tax_estado","embeddable":true,"href":"https:\/\/www.estrategiaconcursos.com.br\/blog\/wp-json\/wp\/v2\/tax_estado?post=84421"}],"curies":[{"name":"wp","href":"https:\/\/api.w.org\/{rel}","templated":true}]}}