{"id":843994,"date":"2021-08-24T09:00:00","date_gmt":"2021-08-24T12:00:00","guid":{"rendered":"https:\/\/www.estrategiaconcursos.com.br\/blog\/?p=843994"},"modified":"2023-03-21T11:18:20","modified_gmt":"2023-03-21T14:18:20","slug":"concurso-sefaz-pr-comissao-auditor","status":"publish","type":"post","link":"https:\/\/www.estrategiaconcursos.com.br\/blog\/concurso-sefaz-pr-comissao-auditor\/","title":{"rendered":"Concurso Sefaz PR: nova comiss\u00e3o formada para Auditor Fiscal"},"content":{"rendered":"\n<p>Aten\u00e7\u00e3o, corujinhas! A <strong>Secretaria da Fazenda do Paran\u00e1 <\/strong>formou <strong>mais uma comiss\u00e3o<\/strong> organizadora para o concurso p\u00fablico <strong><em>Sefaz PR<\/em><\/strong>. Desta vez, membros foram nomeados, especificamente, para a sele\u00e7\u00e3o de<strong> Auditor Fiscal<\/strong>.<\/p>\n\n\n\n<p>A informa\u00e7\u00e3o foi divulgada no Di\u00e1rio Oficial do Estado da \u00faltima sexta-feira, 20 de agosto, isto \u00e9, dias ap\u00f3s ser institu\u00eddo o Grupo de Trabalho para <strong>Agente Fazend\u00e1rio Estadual<\/strong>. Confira no link abaixo:<\/p>\n\n\n\n<p class=\"has-text-align-center has-background\" style=\"background-color:#d6dfe6\"><strong><a href=\"https:\/\/dhg1h5j42swfq.cloudfront.net\/2021\/08\/24100301\/ex_2021-08-20_50-1.pdf\" target=\"_blank\" rel=\"noreferrer noopener nofollow\">Comiss\u00e3o formada para Auditor<\/a><\/strong><\/p>\n\n\n\n<figure class=\"wp-block-image aligncenter size-large\"><img loading=\"lazy\" decoding=\"async\" width=\"512\" height=\"341\" src=\"https:\/\/dhg1h5j42swfq.cloudfront.net\/2021\/08\/24100801\/sefaz-pr-1.jpg\" alt=\"Edif\u00edcio Sefaz PR | Imagem: divulga\u00e7\u00e3o\" class=\"wp-image-844013\" srcset=\"https:\/\/dhg1h5j42swfq.cloudfront.net\/2021\/08\/24100801\/sefaz-pr-1.jpg 512w, https:\/\/dhg1h5j42swfq.cloudfront.net\/2021\/08\/24100801\/sefaz-pr-1-300x200.jpg 300w\" sizes=\"auto, (max-width: 512px) 100vw, 512px\" \/><figcaption class=\"wp-element-caption\">Edif\u00edcio Sefaz PR | Imagem: AEN PR<\/figcaption><\/figure>\n\n\n\n<p>Vale salientar que o jornalismo do Estrat\u00e9gia Concursos j\u00e1 havia adiantado esta <a href=\"https:\/\/www.estrategiaconcursos.com.br\/blog\/sefaz-pr-auditor-fiscal\/\" target=\"_blank\" rel=\"noreferrer noopener\">not\u00edcia<\/a>. A informa\u00e7\u00e3o foi obtida,&nbsp;<strong>exclusivamente,&nbsp;<\/strong>por meio de contato realizado diretamente com o \u00f3rg\u00e3o. <\/p>\n\n\n\n<p>Com isso,<strong>&nbsp;o concurso Sefaz PR ofertar\u00e1 vagas para ambas as fun\u00e7\u00f5es<\/strong>, assim como era previsto no ano de 2019, antes das atividades do certame terem sido suspensas. <\/p>\n\n\n\n<p>Inclusive, as novas comiss\u00f5es devem aproveitar, na medida do poss\u00edvel, os trabalhos realizados pela anterior, institu\u00edda pela Resolu\u00e7\u00e3o <a href=\"https:\/\/www.fazenda.pr.gov.br\/\" target=\"_blank\" rel=\"noreferrer noopener\">SEFA<\/a> n. 679\/2019.<\/p>\n\n\n\n<p>Ambas as fun\u00e7\u00f5es exigem n\u00edvel superior em qualquer \u00e1rea de forma\u00e7\u00e3o. Os&nbsp;<strong>sal\u00e1rios iniciais&nbsp;<\/strong>podem chegar a mais de R$ 20 mil, contando com as gratifica\u00e7\u00f5es e adicionais ao vencimento base.<\/p>\n\n\n\n<p>At\u00e9 o momento, ainda n\u00e3o se t\u00eam informa\u00e7\u00f5es a respeito do quantitativo de vagas que ser\u00e3o ofertadas, uma vez que as novas comiss\u00f5es ter\u00e3o que reavaliar o atual d\u00e9ficit no quadro de pessoal, bem como as vigentes necessidades do \u00f3rg\u00e3o.<\/p>\n\n\n\n<h2 class=\"wp-block-heading\" id=\"evento\">Evento AO VIVO!<\/h2>\n\n\n\n<p>Participe da transmiss\u00e3o do evento &#8220;<a href=\"https:\/\/youtu.be\/gNFE4sNfldY\" target=\"_blank\" rel=\"noreferrer noopener\">Concurso Sefaz PR: Comiss\u00e3o formada para Auditor Fiscal<\/a>&#8220;, <strong>a partir das 12h do dia 24 de agosto de 2021.<\/strong><\/p>\n\n\n\n<h3 class=\"wp-block-heading\" id=\"h-concurso-sefaz-pr-ultima-edicao\">Concurso Sefaz PR: \u00faltima edi\u00e7\u00e3o<\/h3>\n\n\n\n<p>Sob organiza\u00e7\u00e3o da COPS\/UEL, o \u00faltimo concurso Sefaz PR ocorreu em 2012 e ofertou&nbsp;<strong>100 vagas<\/strong>&nbsp;para o cargo de Auditor Fiscal \u201cA\u201d.<\/p>\n\n\n\n<h4 class=\"wp-block-heading\" id=\"objetiva\"><strong>Prova Objetiva<\/strong><\/h4>\n\n\n\n<p>As Provas Objetivas foram compostas por P1 (Prova 1), que conteve 70 quest\u00f5es e P2 (Prova 2), com 90 quest\u00f5es, assim totalizando 160 quest\u00f5es de m\u00faltipla escolha. A pontua\u00e7\u00e3o das Provas Objetivas foi a soma dos pontos obtidos nas 4 \u00e1reas que compuseram as duas provas.<\/p>\n\n\n\n<p>A Prova Objetiva teve car\u00e1ter eliminat\u00f3rio e classificat\u00f3rio com quest\u00f5es de m\u00faltipla escolha (a, b, c, d, e). O certame foi dividido em duas etapas:<\/p>\n\n\n\n<p><strong><em>1\u00b0&nbsp;<\/em><\/strong><strong><em>Prova Objetiva<\/em><\/strong><\/p>\n\n\n\n<p><strong>Tecnologia da Informa\u00e7\u00e3o<\/strong>&nbsp;\u2013 50 quest\u00f5es<\/p>\n\n\n\n<ul class=\"wp-block-list\">\n<li>40 quest\u00f5es de L\u00edngua Portuguesa<\/li>\n\n\n\n<li>10 quest\u00f5es de L\u00edngua Inglesa<\/li>\n<\/ul>\n\n\n\n<p><strong>Conhecimentos Gerais<\/strong>&nbsp;\u2013 20 quest\u00f5es<\/p>\n\n\n\n<ul class=\"wp-block-list\">\n<li>8 quest\u00f5es de L\u00edngua Portuguesa<\/li>\n\n\n\n<li>12 quest\u00f5es abrangendo Matem\u00e1tica, Estat\u00edstica e L\u00f3gica<\/li>\n<\/ul>\n\n\n\n<p><strong><em>2\u00aa&nbsp;<\/em>Prova Objetiva<\/strong><\/p>\n\n\n\n<p><strong>Direito&nbsp;<\/strong>\u2013 40 quest\u00f5es<\/p>\n\n\n\n<ul class=\"wp-block-list\">\n<li>40 quest\u00f5es abrangendo Direito Constitucional, Tribut\u00e1rio, Administrativo, Privado, Penal e Legisla\u00e7\u00e3o Tribut\u00e1ria do Estado do Paran\u00e1;<\/li>\n<\/ul>\n\n\n\n<p><strong>Contabilidade e Auditoria<\/strong>&nbsp;\u2013 50 quest\u00f5es<\/p>\n\n\n\n<ul class=\"wp-block-list\">\n<li>50 quest\u00f5es abrangendo conte\u00fados dessas disciplinas<\/li>\n<\/ul>\n\n\n\n<p class=\"has-text-align-center\"><em>Para mais detalhes do concurso Sefaz PR, cuja nova comiss\u00e3o foi formada para Auditor Fiscal, acesse o link abaixo. Preparamos um artigo completo, separado por t\u00f3picos, para que facilite a sua compreens\u00e3o:<\/em><\/p>\n\n\n\n<p class=\"has-text-align-center has-luminous-vivid-amber-background-color has-background\" style=\"font-size:clamp(14.642px, 0.915rem + ((1vw - 3.2px) * 0.721), 22px);px\"><strong>Saiba mais: <a href=\"https:\/\/www.estrategiaconcursos.com.br\/blog\/concurso-sefaz-pr\/\" target=\"_blank\" rel=\"noreferrer noopener\">Sefaz PR<\/a><\/strong><\/p>\n\n\n\n<hr class=\"wp-block-separator has-css-opacity\"\/>\n\n\n\n<h2 class=\"has-text-align-center wp-block-heading\" id=\"cursos-assinatura\">Cursos e Assinaturas para o concurso Sefaz PR Auditor Fiscal e Agente Fazend\u00e1rio<\/h2>\n\n\n\n<div id=\"boxes\" class=\"container\">\n<div class=\"row\">\n<div class=\"col-sm\">\n<div id=\"box-assinatura\" class=\"banner-fiscal-01\">\n<h3 class=\"titulo-assinatura\">Carreiras Fiscais<\/h3>\n<p class=\"subtitulo-assinatura\">Conhe\u00e7a os cursos para Sefaz PR<\/p>\n<div class=\"box-botao\"><a class=\"btn-assinatura\" role=\"button\" href=\"https:\/\/www.estrategiaconcursos.com.br\/cursosPorConcurso\/secretaria-da-fazenda-do-estado-do-parana-sefaz-pr\/\" target=\"_blank\" rel=\"noopener noreferrer\">Conhe\u00e7a mais<\/a><\/div>\n<\/div>\n<\/div>\n<\/div>\n<\/div>\n\n\n\n<div class=\"container\" id=\"boxes\">\n  <div class=\"row\">\n\n    <div class=\"col-sm\">\n      <div class=\"estrategia\" id=\"box-assinatura\">\n        <h3 class=\"titulo-assinatura\">Assinatura Concursos<\/h3>\n        <p class=\"subtitulo-assinatura\">Assinatura de 1 ano ou 2 anos<\/p>\n        <div class=\"box-botao\">\n          <a class=\"btn-assinatura\" target=\"_blank\" href=\"https:\/\/www.estrategiaconcursos.com.br\/assinaturas\/\" role=\"button\" rel=\"noopener noreferrer\">ASSINE AGORA<\/a>\n        <\/div>\n      <\/div><\/div><\/div><\/div>\n\n\n\n<div class=\"container\" id=\"boxes\">\n  <div class=\"row\">\n\n    <div class=\"col-sm\" id=\"boxes-concursos\">\n      <div style=\"background-color: #005DAD;\" class=\"conteudo-concursos\" id=\"box-concursos\">\n        <h3 class=\"titulo-assinatura\">Concursos Abertos<\/h3>\n        <p class=\"subtitulo-assinatura\">Confira os editais publicados<\/p>\n        <div class=\"box-botao\">\n          <a class=\"btn-assinatura\" target=\"_blank\" href=\"https:\/\/www.estrategiaconcursos.com.br\/blog\/concursos-abertos\/\" role=\"button\" rel=\"noopener noreferrer\">Conhe\u00e7a Agora<\/a>\n        <\/div>\n      <\/div>\n    <\/div>\n\n    <div class=\"col-sm\" id=\"boxes-concursos\">\n      <div style=\"background-color: #1A7ED5;\" class=\"conteudo-concursos\" id=\"box-concursos\">\n        <h3 class=\"titulo-assinatura\">Concursos 2021<\/h3>\n        <p class=\"subtitulo-assinatura\">As oportunidades previstas<\/p>\n        <div class=\"box-botao\">\n          <a class=\"btn-assinatura\" target=\"_blank\" href=\"https:\/\/www.estrategiaconcursos.com.br\/blog\/concursos-2021\/\" role=\"button\" rel=\"noopener noreferrer\">Conhe\u00e7a Agora<\/a>\n        <\/div>\n      <\/div>\n    <\/div>\n\n    <div class=\"col-sm\" id=\"boxes-concursos\">\n      <div style=\"background-color: #419FF0;\" class=\"conteudo-concursos\" id=\"box-concursos\">\n        <h3 class=\"titulo-assinatura\">Concursos 2022<\/h3>\n        <p class=\"subtitulo-assinatura\">Vagas para o pr\u00f3ximo ano<\/p>\n        <div class=\"box-botao\">\n          <a class=\"btn-assinatura\" target=\"_blank\" href=\"https:\/\/www.estrategiaconcursos.com.br\/blog\/concursos-2022\/\" role=\"button\" rel=\"noopener noreferrer\">Conhe\u00e7a Agora<\/a>\n        <\/div>\n      <\/div>\n    <\/div>\n\n  <\/div>\n<\/div>\n","protected":false},"excerpt":{"rendered":"<p>Aten\u00e7\u00e3o, corujinhas! A Secretaria da Fazenda do Paran\u00e1 formou mais uma comiss\u00e3o organizadora para o concurso p\u00fablico Sefaz PR. Desta vez, membros foram nomeados, especificamente, para a sele\u00e7\u00e3o de Auditor Fiscal. A informa\u00e7\u00e3o foi divulgada no Di\u00e1rio Oficial do Estado da \u00faltima sexta-feira, 20 de agosto, isto \u00e9, dias ap\u00f3s ser institu\u00eddo o Grupo de [&hellip;]<\/p>\n","protected":false},"author":2018,"featured_media":700049,"comment_status":"open","ping_status":"closed","sticky":false,"template":"","format":"standard","meta":{"post_tipo":"news","footnotes":""},"categories":[1983,220219],"tags":[],"tax_estado":[219981],"class_list":["post-843994","post","type-post","status-publish","format-standard","has-post-thumbnail","hentry","category-fiscal-estadual","category-noticias","tax_estado-pr"],"acf":[],"yoast_head":"<!-- This site is optimized with the Yoast SEO Premium plugin v27.2 (Yoast SEO v27.2) - https:\/\/yoast.com\/product\/yoast-seo-premium-wordpress\/ -->\n<title>Concurso Sefaz PR: nova comiss\u00e3o formada para Auditor Fiscal<\/title>\n<meta name=\"description\" content=\"Concurso Sefaz PR: conforme j\u00e1 anunciado, foi formada nova comiss\u00e3o, respectivamente para o cargo de Auditor Fiscal. Saiba mais!\" \/>\n<meta name=\"robots\" content=\"index, follow, max-snippet:-1, max-image-preview:large, max-video-preview:-1\" \/>\n<link rel=\"canonical\" href=\"https:\/\/www.estrategiaconcursos.com.br\/blog\/concurso-sefaz-pr-comissao-auditor\/\" \/>\n<meta property=\"og:locale\" content=\"pt_BR\" \/>\n<meta property=\"og:type\" content=\"article\" \/>\n<meta property=\"og:title\" content=\"Concurso Sefaz PR: nova comiss\u00e3o formada para Auditor Fiscal\" \/>\n<meta property=\"og:description\" content=\"Concurso Sefaz PR: conforme j\u00e1 anunciado, foi formada nova comiss\u00e3o, respectivamente para o cargo de Auditor Fiscal. Saiba mais!\" \/>\n<meta property=\"og:url\" content=\"https:\/\/www.estrategiaconcursos.com.br\/blog\/concurso-sefaz-pr-comissao-auditor\/\" \/>\n<meta property=\"og:site_name\" content=\"Estrat\u00e9gia Concursos\" \/>\n<meta property=\"article:published_time\" content=\"2021-08-24T12:00:00+00:00\" \/>\n<meta property=\"article:modified_time\" content=\"2023-03-21T14:18:20+00:00\" \/>\n<meta property=\"og:image\" content=\"https:\/\/dhg1h5j42swfq.cloudfront.net\/2021\/03\/24101943\/sefaz-pr.jpg\" \/>\n\t<meta property=\"og:image:width\" content=\"1200\" \/>\n\t<meta property=\"og:image:height\" content=\"628\" \/>\n\t<meta property=\"og:image:type\" content=\"image\/jpeg\" \/>\n<meta name=\"author\" content=\"B\u00e1rbara Carvalho Santos\" \/>\n<meta name=\"twitter:card\" content=\"summary_large_image\" \/>\n<meta name=\"twitter:creator\" content=\"@EstratConcursos\" \/>\n<meta name=\"twitter:site\" content=\"@EstratConcursos\" \/>\n<meta name=\"twitter:label1\" content=\"Escrito por\" \/>\n\t<meta name=\"twitter:data1\" content=\"B\u00e1rbara Carvalho Santos\" \/>\n\t<meta name=\"twitter:label2\" content=\"Est. tempo de leitura\" \/>\n\t<meta name=\"twitter:data2\" content=\"3 minutos\" \/>\n<script type=\"application\/ld+json\" class=\"yoast-schema-graph\">{\"@context\":\"https:\/\/schema.org\",\"@graph\":[{\"@type\":\"NewsArticle\",\"@id\":\"https:\/\/www.estrategiaconcursos.com.br\/blog\/concurso-sefaz-pr-comissao-auditor\/#article\",\"isPartOf\":{\"@id\":\"https:\/\/www.estrategiaconcursos.com.br\/blog\/concurso-sefaz-pr-comissao-auditor\/\"},\"author\":{\"name\":\"B\u00e1rbara Carvalho Santos\",\"@id\":\"https:\/\/www.estrategiaconcursos.com.br\/blog\/#\/schema\/person\/e3882259fa157d54c44c21f4ee4e0e60\"},\"headline\":\"Concurso Sefaz PR: nova comiss\u00e3o formada para Auditor Fiscal\",\"datePublished\":\"2021-08-24T12:00:00+00:00\",\"dateModified\":\"2023-03-21T14:18:20+00:00\",\"mainEntityOfPage\":{\"@id\":\"https:\/\/www.estrategiaconcursos.com.br\/blog\/concurso-sefaz-pr-comissao-auditor\/\"},\"wordCount\":581,\"commentCount\":0,\"publisher\":{\"@id\":\"https:\/\/www.estrategiaconcursos.com.br\/blog\/#organization\"},\"image\":{\"@id\":\"https:\/\/www.estrategiaconcursos.com.br\/blog\/concurso-sefaz-pr-comissao-auditor\/#primaryimage\"},\"thumbnailUrl\":\"https:\/\/dhg1h5j42swfq.cloudfront.net\/2021\/03\/24101943\/sefaz-pr.jpg\",\"articleSection\":[\"Fiscal - Estadual (ICMS)\",\"\u00daltimas not\u00edcias\"],\"inLanguage\":\"pt-BR\",\"potentialAction\":[{\"@type\":\"CommentAction\",\"name\":\"Comment\",\"target\":[\"https:\/\/www.estrategiaconcursos.com.br\/blog\/concurso-sefaz-pr-comissao-auditor\/#respond\"]}],\"copyrightYear\":\"2021\",\"copyrightHolder\":{\"@id\":\"https:\/\/www.estrategiaconcursos.com.br\/blog\/#organization\"}},{\"@type\":\"WebPage\",\"@id\":\"https:\/\/www.estrategiaconcursos.com.br\/blog\/concurso-sefaz-pr-comissao-auditor\/\",\"url\":\"https:\/\/www.estrategiaconcursos.com.br\/blog\/concurso-sefaz-pr-comissao-auditor\/\",\"name\":\"Concurso Sefaz PR: nova comiss\u00e3o formada para Auditor Fiscal\",\"isPartOf\":{\"@id\":\"https:\/\/www.estrategiaconcursos.com.br\/blog\/#website\"},\"primaryImageOfPage\":{\"@id\":\"https:\/\/www.estrategiaconcursos.com.br\/blog\/concurso-sefaz-pr-comissao-auditor\/#primaryimage\"},\"image\":{\"@id\":\"https:\/\/www.estrategiaconcursos.com.br\/blog\/concurso-sefaz-pr-comissao-auditor\/#primaryimage\"},\"thumbnailUrl\":\"https:\/\/dhg1h5j42swfq.cloudfront.net\/2021\/03\/24101943\/sefaz-pr.jpg\",\"datePublished\":\"2021-08-24T12:00:00+00:00\",\"dateModified\":\"2023-03-21T14:18:20+00:00\",\"description\":\"Concurso Sefaz PR: conforme j\u00e1 anunciado, foi formada nova comiss\u00e3o, respectivamente para o cargo de Auditor Fiscal. Saiba mais!\",\"breadcrumb\":{\"@id\":\"https:\/\/www.estrategiaconcursos.com.br\/blog\/concurso-sefaz-pr-comissao-auditor\/#breadcrumb\"},\"inLanguage\":\"pt-BR\",\"potentialAction\":[{\"@type\":\"ReadAction\",\"target\":[\"https:\/\/www.estrategiaconcursos.com.br\/blog\/concurso-sefaz-pr-comissao-auditor\/\"]}]},{\"@type\":\"ImageObject\",\"inLanguage\":\"pt-BR\",\"@id\":\"https:\/\/www.estrategiaconcursos.com.br\/blog\/concurso-sefaz-pr-comissao-auditor\/#primaryimage\",\"url\":\"https:\/\/dhg1h5j42swfq.cloudfront.net\/2021\/03\/24101943\/sefaz-pr.jpg\",\"contentUrl\":\"https:\/\/dhg1h5j42swfq.cloudfront.net\/2021\/03\/24101943\/sefaz-pr.jpg\",\"width\":1200,\"height\":628,\"caption\":\"Concurso Sefaz PR: divulgado resultado final da discursiva!\"},{\"@type\":\"BreadcrumbList\",\"@id\":\"https:\/\/www.estrategiaconcursos.com.br\/blog\/concurso-sefaz-pr-comissao-auditor\/#breadcrumb\",\"itemListElement\":[{\"@type\":\"ListItem\",\"position\":1,\"name\":\"In\u00edcio\",\"item\":\"https:\/\/www.estrategiaconcursos.com.br\/blog\/\"},{\"@type\":\"ListItem\",\"position\":2,\"name\":\"Concurso Sefaz PR: nova comiss\u00e3o formada para Auditor Fiscal\"}]},{\"@type\":\"WebSite\",\"@id\":\"https:\/\/www.estrategiaconcursos.com.br\/blog\/#website\",\"url\":\"https:\/\/www.estrategiaconcursos.com.br\/blog\/\",\"name\":\"Estrat\u00e9gia Concursos\",\"description\":\"O blog da Estrat\u00e9gia Concursos traz not\u00edcias sobre concursos e artigos de professores oferecendo cursos para concursos (pdf + videaulas) no site.\",\"publisher\":{\"@id\":\"https:\/\/www.estrategiaconcursos.com.br\/blog\/#organization\"},\"potentialAction\":[{\"@type\":\"SearchAction\",\"target\":{\"@type\":\"EntryPoint\",\"urlTemplate\":\"https:\/\/www.estrategiaconcursos.com.br\/blog\/?s={search_term_string}\"},\"query-input\":{\"@type\":\"PropertyValueSpecification\",\"valueRequired\":true,\"valueName\":\"search_term_string\"}}],\"inLanguage\":\"pt-BR\"},{\"@type\":\"Organization\",\"@id\":\"https:\/\/www.estrategiaconcursos.com.br\/blog\/#organization\",\"name\":\"Estrat\u00e9gia Concursos\",\"url\":\"https:\/\/www.estrategiaconcursos.com.br\/blog\/\",\"logo\":{\"@type\":\"ImageObject\",\"inLanguage\":\"pt-BR\",\"@id\":\"https:\/\/www.estrategiaconcursos.com.br\/blog\/#\/schema\/logo\/image\/\",\"url\":\"https:\/\/dhg1h5j42swfq.cloudfront.net\/2025\/06\/03203428\/logo_concursos-1.jpg\",\"contentUrl\":\"https:\/\/dhg1h5j42swfq.cloudfront.net\/2025\/06\/03203428\/logo_concursos-1.jpg\",\"width\":230,\"height\":60,\"caption\":\"Estrat\u00e9gia Concursos\"},\"image\":{\"@id\":\"https:\/\/www.estrategiaconcursos.com.br\/blog\/#\/schema\/logo\/image\/\"},\"sameAs\":[\"https:\/\/x.com\/EstratConcursos\"]},{\"@type\":\"Person\",\"@id\":\"https:\/\/www.estrategiaconcursos.com.br\/blog\/#\/schema\/person\/e3882259fa157d54c44c21f4ee4e0e60\",\"name\":\"B\u00e1rbara Carvalho Santos\",\"image\":{\"@type\":\"ImageObject\",\"inLanguage\":\"pt-BR\",\"@id\":\"https:\/\/secure.gravatar.com\/avatar\/353300f73140f779692b9be2b39f434d1341e4e34c7f55bd5a990fe29ef352eb?s=96&d=mm&r=g\",\"url\":\"https:\/\/secure.gravatar.com\/avatar\/353300f73140f779692b9be2b39f434d1341e4e34c7f55bd5a990fe29ef352eb?s=96&d=mm&r=g\",\"contentUrl\":\"https:\/\/secure.gravatar.com\/avatar\/353300f73140f779692b9be2b39f434d1341e4e34c7f55bd5a990fe29ef352eb?s=96&d=mm&r=g\",\"caption\":\"B\u00e1rbara Carvalho Santos\"},\"description\":\"M\u00e3e e jornalista formada pela UNIP, possui ampla experi\u00eancia na cobertura de entretenimento em grandes ve\u00edculos, como o site da CNN, RedeTV! e Estrat\u00e9gia Educacional. Atuou tamb\u00e9m em ag\u00eancias de marketing, produtoras musicais e assessorias de imprensa, com foco especial no trabalho com personalidades p\u00fablicas. Atualmente, integra a equipe do Estrat\u00e9gia Concursos, onde \u00e9 respons\u00e1vel pela produ\u00e7\u00e3o de conte\u00fados estrat\u00e9gicos voltados para o setor de concursos p\u00fablicos, com destaque para a \u00e1rea fiscal, gest\u00e3o, controle, concursos administrativos e Minist\u00e9rios participantes do CNU, al\u00e9m de diversos \u00f3rg\u00e3os federais. Tem como miss\u00e3o transformar informa\u00e7\u00f5es complexas em conte\u00fados acess\u00edveis, relevantes e de alto valor para quem sonha com uma carreira no servi\u00e7o p\u00fablico.\",\"url\":\"https:\/\/www.estrategiaconcursos.com.br\/blog\/author\/barbara-santos\/\"}]}<\/script>\n<!-- \/ Yoast SEO Premium plugin. -->","yoast_head_json":{"title":"Concurso Sefaz PR: nova comiss\u00e3o formada para Auditor Fiscal","description":"Concurso Sefaz PR: conforme j\u00e1 anunciado, foi formada nova comiss\u00e3o, respectivamente para o cargo de Auditor Fiscal. Saiba mais!","robots":{"index":"index","follow":"follow","max-snippet":"max-snippet:-1","max-image-preview":"max-image-preview:large","max-video-preview":"max-video-preview:-1"},"canonical":"https:\/\/www.estrategiaconcursos.com.br\/blog\/concurso-sefaz-pr-comissao-auditor\/","og_locale":"pt_BR","og_type":"article","og_title":"Concurso Sefaz PR: nova comiss\u00e3o formada para Auditor Fiscal","og_description":"Concurso Sefaz PR: conforme j\u00e1 anunciado, foi formada nova comiss\u00e3o, respectivamente para o cargo de Auditor Fiscal. Saiba mais!","og_url":"https:\/\/www.estrategiaconcursos.com.br\/blog\/concurso-sefaz-pr-comissao-auditor\/","og_site_name":"Estrat\u00e9gia Concursos","article_published_time":"2021-08-24T12:00:00+00:00","article_modified_time":"2023-03-21T14:18:20+00:00","og_image":[{"width":1200,"height":628,"url":"https:\/\/dhg1h5j42swfq.cloudfront.net\/2021\/03\/24101943\/sefaz-pr.jpg","type":"image\/jpeg"}],"author":"B\u00e1rbara Carvalho Santos","twitter_card":"summary_large_image","twitter_creator":"@EstratConcursos","twitter_site":"@EstratConcursos","twitter_misc":{"Escrito por":"B\u00e1rbara Carvalho Santos","Est. tempo de leitura":"3 minutos"},"schema":{"@context":"https:\/\/schema.org","@graph":[{"@type":"NewsArticle","@id":"https:\/\/www.estrategiaconcursos.com.br\/blog\/concurso-sefaz-pr-comissao-auditor\/#article","isPartOf":{"@id":"https:\/\/www.estrategiaconcursos.com.br\/blog\/concurso-sefaz-pr-comissao-auditor\/"},"author":{"name":"B\u00e1rbara Carvalho Santos","@id":"https:\/\/www.estrategiaconcursos.com.br\/blog\/#\/schema\/person\/e3882259fa157d54c44c21f4ee4e0e60"},"headline":"Concurso Sefaz PR: nova comiss\u00e3o formada para Auditor Fiscal","datePublished":"2021-08-24T12:00:00+00:00","dateModified":"2023-03-21T14:18:20+00:00","mainEntityOfPage":{"@id":"https:\/\/www.estrategiaconcursos.com.br\/blog\/concurso-sefaz-pr-comissao-auditor\/"},"wordCount":581,"commentCount":0,"publisher":{"@id":"https:\/\/www.estrategiaconcursos.com.br\/blog\/#organization"},"image":{"@id":"https:\/\/www.estrategiaconcursos.com.br\/blog\/concurso-sefaz-pr-comissao-auditor\/#primaryimage"},"thumbnailUrl":"https:\/\/dhg1h5j42swfq.cloudfront.net\/2021\/03\/24101943\/sefaz-pr.jpg","articleSection":["Fiscal - Estadual (ICMS)","\u00daltimas not\u00edcias"],"inLanguage":"pt-BR","potentialAction":[{"@type":"CommentAction","name":"Comment","target":["https:\/\/www.estrategiaconcursos.com.br\/blog\/concurso-sefaz-pr-comissao-auditor\/#respond"]}],"copyrightYear":"2021","copyrightHolder":{"@id":"https:\/\/www.estrategiaconcursos.com.br\/blog\/#organization"}},{"@type":"WebPage","@id":"https:\/\/www.estrategiaconcursos.com.br\/blog\/concurso-sefaz-pr-comissao-auditor\/","url":"https:\/\/www.estrategiaconcursos.com.br\/blog\/concurso-sefaz-pr-comissao-auditor\/","name":"Concurso Sefaz PR: nova comiss\u00e3o formada para Auditor Fiscal","isPartOf":{"@id":"https:\/\/www.estrategiaconcursos.com.br\/blog\/#website"},"primaryImageOfPage":{"@id":"https:\/\/www.estrategiaconcursos.com.br\/blog\/concurso-sefaz-pr-comissao-auditor\/#primaryimage"},"image":{"@id":"https:\/\/www.estrategiaconcursos.com.br\/blog\/concurso-sefaz-pr-comissao-auditor\/#primaryimage"},"thumbnailUrl":"https:\/\/dhg1h5j42swfq.cloudfront.net\/2021\/03\/24101943\/sefaz-pr.jpg","datePublished":"2021-08-24T12:00:00+00:00","dateModified":"2023-03-21T14:18:20+00:00","description":"Concurso Sefaz PR: conforme j\u00e1 anunciado, foi formada nova comiss\u00e3o, respectivamente para o cargo de Auditor Fiscal. Saiba mais!","breadcrumb":{"@id":"https:\/\/www.estrategiaconcursos.com.br\/blog\/concurso-sefaz-pr-comissao-auditor\/#breadcrumb"},"inLanguage":"pt-BR","potentialAction":[{"@type":"ReadAction","target":["https:\/\/www.estrategiaconcursos.com.br\/blog\/concurso-sefaz-pr-comissao-auditor\/"]}]},{"@type":"ImageObject","inLanguage":"pt-BR","@id":"https:\/\/www.estrategiaconcursos.com.br\/blog\/concurso-sefaz-pr-comissao-auditor\/#primaryimage","url":"https:\/\/dhg1h5j42swfq.cloudfront.net\/2021\/03\/24101943\/sefaz-pr.jpg","contentUrl":"https:\/\/dhg1h5j42swfq.cloudfront.net\/2021\/03\/24101943\/sefaz-pr.jpg","width":1200,"height":628,"caption":"Concurso Sefaz PR: divulgado resultado final da discursiva!"},{"@type":"BreadcrumbList","@id":"https:\/\/www.estrategiaconcursos.com.br\/blog\/concurso-sefaz-pr-comissao-auditor\/#breadcrumb","itemListElement":[{"@type":"ListItem","position":1,"name":"In\u00edcio","item":"https:\/\/www.estrategiaconcursos.com.br\/blog\/"},{"@type":"ListItem","position":2,"name":"Concurso Sefaz PR: nova comiss\u00e3o formada para Auditor Fiscal"}]},{"@type":"WebSite","@id":"https:\/\/www.estrategiaconcursos.com.br\/blog\/#website","url":"https:\/\/www.estrategiaconcursos.com.br\/blog\/","name":"Estrat\u00e9gia Concursos","description":"O blog da Estrat\u00e9gia Concursos traz not\u00edcias sobre concursos e artigos de professores oferecendo cursos para concursos (pdf + videaulas) no site.","publisher":{"@id":"https:\/\/www.estrategiaconcursos.com.br\/blog\/#organization"},"potentialAction":[{"@type":"SearchAction","target":{"@type":"EntryPoint","urlTemplate":"https:\/\/www.estrategiaconcursos.com.br\/blog\/?s={search_term_string}"},"query-input":{"@type":"PropertyValueSpecification","valueRequired":true,"valueName":"search_term_string"}}],"inLanguage":"pt-BR"},{"@type":"Organization","@id":"https:\/\/www.estrategiaconcursos.com.br\/blog\/#organization","name":"Estrat\u00e9gia Concursos","url":"https:\/\/www.estrategiaconcursos.com.br\/blog\/","logo":{"@type":"ImageObject","inLanguage":"pt-BR","@id":"https:\/\/www.estrategiaconcursos.com.br\/blog\/#\/schema\/logo\/image\/","url":"https:\/\/dhg1h5j42swfq.cloudfront.net\/2025\/06\/03203428\/logo_concursos-1.jpg","contentUrl":"https:\/\/dhg1h5j42swfq.cloudfront.net\/2025\/06\/03203428\/logo_concursos-1.jpg","width":230,"height":60,"caption":"Estrat\u00e9gia Concursos"},"image":{"@id":"https:\/\/www.estrategiaconcursos.com.br\/blog\/#\/schema\/logo\/image\/"},"sameAs":["https:\/\/x.com\/EstratConcursos"]},{"@type":"Person","@id":"https:\/\/www.estrategiaconcursos.com.br\/blog\/#\/schema\/person\/e3882259fa157d54c44c21f4ee4e0e60","name":"B\u00e1rbara Carvalho Santos","image":{"@type":"ImageObject","inLanguage":"pt-BR","@id":"https:\/\/secure.gravatar.com\/avatar\/353300f73140f779692b9be2b39f434d1341e4e34c7f55bd5a990fe29ef352eb?s=96&d=mm&r=g","url":"https:\/\/secure.gravatar.com\/avatar\/353300f73140f779692b9be2b39f434d1341e4e34c7f55bd5a990fe29ef352eb?s=96&d=mm&r=g","contentUrl":"https:\/\/secure.gravatar.com\/avatar\/353300f73140f779692b9be2b39f434d1341e4e34c7f55bd5a990fe29ef352eb?s=96&d=mm&r=g","caption":"B\u00e1rbara Carvalho Santos"},"description":"M\u00e3e e jornalista formada pela UNIP, possui ampla experi\u00eancia na cobertura de entretenimento em grandes ve\u00edculos, como o site da CNN, RedeTV! e Estrat\u00e9gia Educacional. Atuou tamb\u00e9m em ag\u00eancias de marketing, produtoras musicais e assessorias de imprensa, com foco especial no trabalho com personalidades p\u00fablicas. Atualmente, integra a equipe do Estrat\u00e9gia Concursos, onde \u00e9 respons\u00e1vel pela produ\u00e7\u00e3o de conte\u00fados estrat\u00e9gicos voltados para o setor de concursos p\u00fablicos, com destaque para a \u00e1rea fiscal, gest\u00e3o, controle, concursos administrativos e Minist\u00e9rios participantes do CNU, al\u00e9m de diversos \u00f3rg\u00e3os federais. Tem como miss\u00e3o transformar informa\u00e7\u00f5es complexas em conte\u00fados acess\u00edveis, relevantes e de alto valor para quem sonha com uma carreira no servi\u00e7o p\u00fablico.","url":"https:\/\/www.estrategiaconcursos.com.br\/blog\/author\/barbara-santos\/"}]}},"_links":{"self":[{"href":"https:\/\/www.estrategiaconcursos.com.br\/blog\/wp-json\/wp\/v2\/posts\/843994","targetHints":{"allow":["GET"]}}],"collection":[{"href":"https:\/\/www.estrategiaconcursos.com.br\/blog\/wp-json\/wp\/v2\/posts"}],"about":[{"href":"https:\/\/www.estrategiaconcursos.com.br\/blog\/wp-json\/wp\/v2\/types\/post"}],"author":[{"embeddable":true,"href":"https:\/\/www.estrategiaconcursos.com.br\/blog\/wp-json\/wp\/v2\/users\/2018"}],"replies":[{"embeddable":true,"href":"https:\/\/www.estrategiaconcursos.com.br\/blog\/wp-json\/wp\/v2\/comments?post=843994"}],"version-history":[{"count":16,"href":"https:\/\/www.estrategiaconcursos.com.br\/blog\/wp-json\/wp\/v2\/posts\/843994\/revisions"}],"predecessor-version":[{"id":1189774,"href":"https:\/\/www.estrategiaconcursos.com.br\/blog\/wp-json\/wp\/v2\/posts\/843994\/revisions\/1189774"}],"wp:featuredmedia":[{"embeddable":true,"href":"https:\/\/www.estrategiaconcursos.com.br\/blog\/wp-json\/wp\/v2\/media\/700049"}],"wp:attachment":[{"href":"https:\/\/www.estrategiaconcursos.com.br\/blog\/wp-json\/wp\/v2\/media?parent=843994"}],"wp:term":[{"taxonomy":"category","embeddable":true,"href":"https:\/\/www.estrategiaconcursos.com.br\/blog\/wp-json\/wp\/v2\/categories?post=843994"},{"taxonomy":"post_tag","embeddable":true,"href":"https:\/\/www.estrategiaconcursos.com.br\/blog\/wp-json\/wp\/v2\/tags?post=843994"},{"taxonomy":"tax_estado","embeddable":true,"href":"https:\/\/www.estrategiaconcursos.com.br\/blog\/wp-json\/wp\/v2\/tax_estado?post=843994"}],"curies":[{"name":"wp","href":"https:\/\/api.w.org\/{rel}","templated":true}]}}