{"id":843709,"date":"2021-08-23T20:30:00","date_gmt":"2021-08-23T23:30:00","guid":{"rendered":"https:\/\/www.estrategiaconcursos.com.br\/blog\/?p=843709"},"modified":"2021-08-24T15:53:26","modified_gmt":"2021-08-24T18:53:26","slug":"concurso-pm-pb-passo-estrategico-de-revisao","status":"publish","type":"post","link":"https:\/\/www.estrategiaconcursos.com.br\/blog\/concurso-pm-pb-passo-estrategico-de-revisao\/","title":{"rendered":"Concurso PM PB: Passo Estrat\u00e9gico de Revis\u00e3o"},"content":{"rendered":"\n<p>Ol\u00e1, corujas! Est\u00e3o abertas as inscri\u00e7\u00f5es do concurso Pol\u00edcia Militar da Para\u00edba (<a href=\"https:\/\/www.pm.pb.gov.br\/\" target=\"_blank\" rel=\"noreferrer noopener\">PM PB<\/a>) para o cargo de Oficial (feminino e masculino). O processo de candidatura pode ser realizado at\u00e9 30 de agosto de 2021, no site da banca organizadora, Funda\u00e7\u00e3o Get\u00falio Vargas (FGV), ao custo de R$ 100,00.<\/p>\n\n\n\n<p>A sele\u00e7\u00e3o oferta 30 vagas, destas, 25 ser\u00e3o para CFO PM 2022 (sexo masculino) e 5 para CFO PM 2022 (sexo feminino).  A remunera\u00e7\u00e3o pode chegar at\u00e9 o valor de <strong>R$ 7.791,20<\/strong> (soldo + aux\u00edlios) para o cargo de 2\u00ba Tenente PM. As provas est\u00e3o previstas para serem aplicadas na <strong>data prov\u00e1vel de 31 de outubro de 2021<\/strong>.<\/p>\n\n\n\n<p>Diante disso, pensando em ajud\u00e1-lo a ficar mais pr\u00f3ximo da aprova\u00e7\u00e3o, o professor Carlos Alberto ministrar\u00e1 o evento:&nbsp;<strong>\u201cConcurso PM PB: Passo Estrat\u00e9gico de Revis\u00e3o\u201d<\/strong>, com dicas exclusivas para te auxiliar a conquistar a t\u00e3o sonhada vaga em um concurso p\u00fablico!<\/p>\n\n\n\n<p>A transmiss\u00e3o ocorrer\u00e1 ao vivo em nosso canal do Youtube,&nbsp;<strong>nesta segunda-feira, 23 de agosto, \u00e0s 21 horas.&nbsp;<\/strong>Est\u00e1 imperd\u00edvel.<\/p>\n\n\n<figure class=\"wp-block-embed-youtube wp-block-embed is-type-video is-provider-youtube wp-embed-aspect-16-9 wp-has-aspect-ratio\"><div class=\"lyte-wrapper\" style=\"width:853px;max-width:100%;margin:5px;\"><div class=\"lyMe\" id=\"WYL_GOz8j16k8Kg\"><div id=\"lyte_GOz8j16k8Kg\" data-src=\"\/\/i.ytimg.com\/vi\/GOz8j16k8Kg\/hqdefault.jpg\" class=\"pL\"><div class=\"tC\"><div class=\"tT\"><\/div><\/div><div class=\"play\"><\/div><div class=\"ctrl\"><div class=\"Lctrl\"><\/div><div class=\"Rctrl\"><\/div><\/div><\/div><noscript><a href=\"https:\/\/youtu.be\/GOz8j16k8Kg\" rel=\"nofollow\"><img loading=\"lazy\" decoding=\"async\" src=\"https:\/\/i.ytimg.com\/vi\/GOz8j16k8Kg\/0.jpg\" alt=\"YouTube video thumbnail\" width=\"853\" height=\"460\" \/><br \/>Assista a este v\u00eddeo no YouTube<\/a><\/noscript><\/div><\/div><div class=\"lL\" style=\"max-width:100%;width:853px;margin:5px;\"><\/div><figcaption><\/figcaption><\/figure>\n\n\n<p class=\"has-text-align-center has-black-color has-cyan-bluish-gray-background-color has-text-color has-background has-medium-font-size\"><strong><a href=\"https:\/\/www.estrategiaconcursos.com.br\/blog\/concurso-pm-pb\/\" target=\"_blank\" rel=\"noreferrer noopener\">Concurso PM PB<\/a><\/strong><\/p>\n\n\n\n<h2 class=\"has-text-align-center wp-block-heading\" id=\"cursos-assinatura\"><strong><em>Quer estudar para o concurso PM PB?<\/em><\/strong><\/h2>\n\n\n\n<div class=\"container\" id=\"boxes\">\n  <div class=\"row\">\n\n    <div class=\"col-sm\">\n      <div class=\"banner-policial\" id=\"box-assinatura\">\n        <h3 class=\"titulo-assinatura\">Concurso PM PB<\/h3>\n        <p class=\"subtitulo-assinatura\">Conhe\u00e7a os cursos<\/p>\n        <div class=\"box-botao\">\n          <a class=\"btn-assinatura\" target=\"_blank\" href=\"https:\/\/www.estrategiaconcursos.com.br\/cursosPorConcurso\/cursos-para-concursos-policiais\/\" role=\"button\" rel=\"noopener noreferrer\">Conhe\u00e7a mais<\/a>\n        <\/div>\n      <\/div>\n    \n    <\/div>\n\n  <\/div>\n<\/div>\n\n\n\n<div id=\"boxes\" class=\"container\">\n<div class=\"row\">\n<div class=\"col-sm\">\n<div id=\"box-assinatura\" class=\"estrategia\">\n<h3 class=\"titulo-assinatura\">Assinatura de Concursos<\/h3>\n<p class=\"subtitulo-assinatura\">Assinatura de 1 ou 2 anos<\/p>\n<div class=\"box-botao\"><a class=\"btn-assinatura\" role=\"button\" href=\"https:\/\/www.estrategiaconcursos.com.br\/assinaturas\/\" target=\"_blank\" rel=\"noopener noreferrer\">ASSINE AGORA<\/a><\/div>\n<\/div>\n<p class=\"texto-auxiliar\">&nbsp;<\/p><\/div><\/div><\/div>\n\n\n\n<div class=\"container\" id=\"boxes\">\n  <div class=\"row\">\n\n    <div class=\"col-sm\" id=\"boxes-concursos\">\n      <div style=\"background-color: #005DAD;\" class=\"conteudo-concursos\" id=\"box-concursos\">\n        <h3 class=\"titulo-assinatura\">Concursos Abertos<\/h3>\n        <p class=\"subtitulo-assinatura\">Os editais publicados<\/p>\n        <div class=\"box-botao\">\n          <a class=\"btn-assinatura\" target=\"_blank\" href=\"https:\/\/www.estrategiaconcursos.com.br\/blog\/concursos-abertos\/\" role=\"button\" rel=\"noopener noreferrer\">Conhe\u00e7a Agora<\/a>\n        <\/div>\n      <\/div>\n    <\/div>\n\n    <div class=\"col-sm\" id=\"boxes-concursos\">\n      <div style=\"background-color: #1A7ED5;\" class=\"conteudo-concursos\" id=\"box-concursos\">\n        <h3 class=\"titulo-assinatura\">Concursos 2021<\/h3>\n        <p class=\"subtitulo-assinatura\">As oportunidades previstas<\/p>\n        <div class=\"box-botao\">\n          <a class=\"btn-assinatura\" target=\"_blank\" href=\"https:\/\/www.estrategiaconcursos.com.br\/blog\/concursos-2021\/\" role=\"button\" rel=\"noopener noreferrer\">Conhe\u00e7a Agora<\/a>\n        <\/div>\n      <\/div>\n    <\/div>\n\n    <div class=\"col-sm\" id=\"boxes-concursos\">\n      <div style=\"background-color: #419FF0;\" class=\"conteudo-concursos\" id=\"box-concursos\">\n        <h3 class=\"titulo-assinatura\">Concursos 2022<\/h3>\n        <p class=\"subtitulo-assinatura\">Vagas para o pr\u00f3ximo ano<\/p>\n        <div class=\"box-botao\">\n          <a class=\"btn-assinatura\" target=\"_blank\" href=\"https:\/\/www.estrategiaconcursos.com.br\/blog\/concursos-2022\/\" role=\"button\" rel=\"noopener noreferrer\">Conhe\u00e7a Agora<\/a>\n        <\/div>\n      <\/div>\n    <\/div>\n\n  <\/div>\n<\/div>\n","protected":false},"excerpt":{"rendered":"<p>Ol\u00e1, corujas! Est\u00e3o abertas as inscri\u00e7\u00f5es do concurso Pol\u00edcia Militar da Para\u00edba (PM PB) para o cargo de Oficial (feminino e masculino). O processo de candidatura pode ser realizado at\u00e9 30 de agosto de 2021, no site da banca organizadora, Funda\u00e7\u00e3o Get\u00falio Vargas (FGV), ao custo de R$ 100,00. A sele\u00e7\u00e3o oferta 30 vagas, destas, [&hellip;]<\/p>\n","protected":false},"author":2134,"featured_media":843715,"comment_status":"open","ping_status":"closed","sticky":false,"template":"","format":"standard","meta":{"post_tipo":"news","footnotes":""},"categories":[220186,220219],"tags":[],"tax_estado":[219978],"class_list":["post-843709","post","type-post","status-publish","format-standard","has-post-thumbnail","hentry","category-policial-oficial","category-noticias","tax_estado-pb"],"acf":[],"yoast_head":"<!-- This site is optimized with the Yoast SEO Premium plugin v27.2 (Yoast SEO v27.2) - https:\/\/yoast.com\/product\/yoast-seo-premium-wordpress\/ -->\n<title>Concurso PM PB: Passo Estrat\u00e9gico de Revis\u00e3o<\/title>\n<meta name=\"description\" content=\"Concurso PM PB: Passo Estrat\u00e9gico de Revis\u00e3o\" \/>\n<meta name=\"robots\" content=\"index, follow, max-snippet:-1, max-image-preview:large, max-video-preview:-1\" \/>\n<link rel=\"canonical\" href=\"https:\/\/www.estrategiaconcursos.com.br\/blog\/concurso-pm-pb-passo-estrategico-de-revisao\/\" \/>\n<meta property=\"og:locale\" content=\"pt_BR\" \/>\n<meta property=\"og:type\" content=\"article\" \/>\n<meta property=\"og:title\" content=\"Concurso PM PB: Passo Estrat\u00e9gico de Revis\u00e3o\" \/>\n<meta property=\"og:description\" content=\"Concurso PM PB: Passo Estrat\u00e9gico de Revis\u00e3o\" \/>\n<meta property=\"og:url\" content=\"https:\/\/www.estrategiaconcursos.com.br\/blog\/concurso-pm-pb-passo-estrategico-de-revisao\/\" \/>\n<meta property=\"og:site_name\" content=\"Estrat\u00e9gia Concursos\" \/>\n<meta property=\"article:published_time\" content=\"2021-08-23T23:30:00+00:00\" \/>\n<meta property=\"article:modified_time\" content=\"2021-08-24T18:53:26+00:00\" \/>\n<meta property=\"og:image\" content=\"https:\/\/dhg1h5j42swfq.cloudfront.net\/2021\/08\/23202535\/1280-720-max-40.jpg\" \/>\n\t<meta property=\"og:image:width\" content=\"1280\" \/>\n\t<meta property=\"og:image:height\" content=\"720\" \/>\n\t<meta property=\"og:image:type\" content=\"image\/jpeg\" \/>\n<meta name=\"author\" content=\"Rafaela Teixeira\" \/>\n<meta name=\"twitter:card\" content=\"summary_large_image\" \/>\n<meta name=\"twitter:creator\" content=\"@EstratConcursos\" \/>\n<meta name=\"twitter:site\" content=\"@EstratConcursos\" \/>\n<meta name=\"twitter:label1\" content=\"Escrito por\" \/>\n\t<meta name=\"twitter:data1\" content=\"Rafaela Teixeira\" \/>\n\t<meta name=\"twitter:label2\" content=\"Est. tempo de leitura\" \/>\n\t<meta name=\"twitter:data2\" content=\"1 minuto\" \/>\n<script type=\"application\/ld+json\" class=\"yoast-schema-graph\">{\"@context\":\"https:\/\/schema.org\",\"@graph\":[{\"@type\":\"NewsArticle\",\"@id\":\"https:\/\/www.estrategiaconcursos.com.br\/blog\/concurso-pm-pb-passo-estrategico-de-revisao\/#article\",\"isPartOf\":{\"@id\":\"https:\/\/www.estrategiaconcursos.com.br\/blog\/concurso-pm-pb-passo-estrategico-de-revisao\/\"},\"author\":{\"name\":\"Rafaela Teixeira\",\"@id\":\"https:\/\/www.estrategiaconcursos.com.br\/blog\/#\/schema\/person\/e75352021ea7f60781c599934f916eb1\"},\"headline\":\"Concurso PM PB: Passo Estrat\u00e9gico de Revis\u00e3o\",\"datePublished\":\"2021-08-23T23:30:00+00:00\",\"dateModified\":\"2021-08-24T18:53:26+00:00\",\"mainEntityOfPage\":{\"@id\":\"https:\/\/www.estrategiaconcursos.com.br\/blog\/concurso-pm-pb-passo-estrategico-de-revisao\/\"},\"wordCount\":255,\"commentCount\":0,\"publisher\":{\"@id\":\"https:\/\/www.estrategiaconcursos.com.br\/blog\/#organization\"},\"image\":{\"@id\":\"https:\/\/www.estrategiaconcursos.com.br\/blog\/concurso-pm-pb-passo-estrategico-de-revisao\/#primaryimage\"},\"thumbnailUrl\":\"https:\/\/dhg1h5j42swfq.cloudfront.net\/2021\/08\/23202535\/1280-720-max-40.jpg\",\"articleSection\":[\"Policial (PM\/BM - Oficial)\",\"\u00daltimas not\u00edcias\"],\"inLanguage\":\"pt-BR\",\"potentialAction\":[{\"@type\":\"CommentAction\",\"name\":\"Comment\",\"target\":[\"https:\/\/www.estrategiaconcursos.com.br\/blog\/concurso-pm-pb-passo-estrategico-de-revisao\/#respond\"]}],\"copyrightYear\":\"2021\",\"copyrightHolder\":{\"@id\":\"https:\/\/www.estrategiaconcursos.com.br\/blog\/#organization\"}},{\"@type\":\"WebPage\",\"@id\":\"https:\/\/www.estrategiaconcursos.com.br\/blog\/concurso-pm-pb-passo-estrategico-de-revisao\/\",\"url\":\"https:\/\/www.estrategiaconcursos.com.br\/blog\/concurso-pm-pb-passo-estrategico-de-revisao\/\",\"name\":\"Concurso PM PB: Passo Estrat\u00e9gico de Revis\u00e3o\",\"isPartOf\":{\"@id\":\"https:\/\/www.estrategiaconcursos.com.br\/blog\/#website\"},\"primaryImageOfPage\":{\"@id\":\"https:\/\/www.estrategiaconcursos.com.br\/blog\/concurso-pm-pb-passo-estrategico-de-revisao\/#primaryimage\"},\"image\":{\"@id\":\"https:\/\/www.estrategiaconcursos.com.br\/blog\/concurso-pm-pb-passo-estrategico-de-revisao\/#primaryimage\"},\"thumbnailUrl\":\"https:\/\/dhg1h5j42swfq.cloudfront.net\/2021\/08\/23202535\/1280-720-max-40.jpg\",\"datePublished\":\"2021-08-23T23:30:00+00:00\",\"dateModified\":\"2021-08-24T18:53:26+00:00\",\"description\":\"Concurso PM PB: Passo Estrat\u00e9gico de Revis\u00e3o\",\"breadcrumb\":{\"@id\":\"https:\/\/www.estrategiaconcursos.com.br\/blog\/concurso-pm-pb-passo-estrategico-de-revisao\/#breadcrumb\"},\"inLanguage\":\"pt-BR\",\"potentialAction\":[{\"@type\":\"ReadAction\",\"target\":[\"https:\/\/www.estrategiaconcursos.com.br\/blog\/concurso-pm-pb-passo-estrategico-de-revisao\/\"]}]},{\"@type\":\"ImageObject\",\"inLanguage\":\"pt-BR\",\"@id\":\"https:\/\/www.estrategiaconcursos.com.br\/blog\/concurso-pm-pb-passo-estrategico-de-revisao\/#primaryimage\",\"url\":\"https:\/\/dhg1h5j42swfq.cloudfront.net\/2021\/08\/23202535\/1280-720-max-40.jpg\",\"contentUrl\":\"https:\/\/dhg1h5j42swfq.cloudfront.net\/2021\/08\/23202535\/1280-720-max-40.jpg\",\"width\":1280,\"height\":720},{\"@type\":\"BreadcrumbList\",\"@id\":\"https:\/\/www.estrategiaconcursos.com.br\/blog\/concurso-pm-pb-passo-estrategico-de-revisao\/#breadcrumb\",\"itemListElement\":[{\"@type\":\"ListItem\",\"position\":1,\"name\":\"In\u00edcio\",\"item\":\"https:\/\/www.estrategiaconcursos.com.br\/blog\/\"},{\"@type\":\"ListItem\",\"position\":2,\"name\":\"Concurso PM PB: Passo Estrat\u00e9gico de Revis\u00e3o\"}]},{\"@type\":\"WebSite\",\"@id\":\"https:\/\/www.estrategiaconcursos.com.br\/blog\/#website\",\"url\":\"https:\/\/www.estrategiaconcursos.com.br\/blog\/\",\"name\":\"Estrat\u00e9gia Concursos\",\"description\":\"O blog da Estrat\u00e9gia Concursos traz not\u00edcias sobre concursos e artigos de professores oferecendo cursos para concursos (pdf + videaulas) no site.\",\"publisher\":{\"@id\":\"https:\/\/www.estrategiaconcursos.com.br\/blog\/#organization\"},\"potentialAction\":[{\"@type\":\"SearchAction\",\"target\":{\"@type\":\"EntryPoint\",\"urlTemplate\":\"https:\/\/www.estrategiaconcursos.com.br\/blog\/?s={search_term_string}\"},\"query-input\":{\"@type\":\"PropertyValueSpecification\",\"valueRequired\":true,\"valueName\":\"search_term_string\"}}],\"inLanguage\":\"pt-BR\"},{\"@type\":\"Organization\",\"@id\":\"https:\/\/www.estrategiaconcursos.com.br\/blog\/#organization\",\"name\":\"Estrat\u00e9gia Concursos\",\"url\":\"https:\/\/www.estrategiaconcursos.com.br\/blog\/\",\"logo\":{\"@type\":\"ImageObject\",\"inLanguage\":\"pt-BR\",\"@id\":\"https:\/\/www.estrategiaconcursos.com.br\/blog\/#\/schema\/logo\/image\/\",\"url\":\"https:\/\/dhg1h5j42swfq.cloudfront.net\/2025\/06\/03203428\/logo_concursos-1.jpg\",\"contentUrl\":\"https:\/\/dhg1h5j42swfq.cloudfront.net\/2025\/06\/03203428\/logo_concursos-1.jpg\",\"width\":230,\"height\":60,\"caption\":\"Estrat\u00e9gia Concursos\"},\"image\":{\"@id\":\"https:\/\/www.estrategiaconcursos.com.br\/blog\/#\/schema\/logo\/image\/\"},\"sameAs\":[\"https:\/\/x.com\/EstratConcursos\"]},{\"@type\":\"Person\",\"@id\":\"https:\/\/www.estrategiaconcursos.com.br\/blog\/#\/schema\/person\/e75352021ea7f60781c599934f916eb1\",\"name\":\"Rafaela Teixeira\",\"image\":{\"@type\":\"ImageObject\",\"inLanguage\":\"pt-BR\",\"@id\":\"https:\/\/secure.gravatar.com\/avatar\/8a349a2b22039b1ee88fc06461487c950fd6aa411ea8af8633314b43334ae793?s=96&d=mm&r=g\",\"url\":\"https:\/\/secure.gravatar.com\/avatar\/8a349a2b22039b1ee88fc06461487c950fd6aa411ea8af8633314b43334ae793?s=96&d=mm&r=g\",\"contentUrl\":\"https:\/\/secure.gravatar.com\/avatar\/8a349a2b22039b1ee88fc06461487c950fd6aa411ea8af8633314b43334ae793?s=96&d=mm&r=g\",\"caption\":\"Rafaela Teixeira\"},\"description\":\"Rafaela Teixeira \u00e9 advogada conveniada \u00e0 Defensoria P\u00fablica de S\u00e3o Paulo pela OAB, com experi\u00eancia em reda\u00e7\u00e3o jur\u00eddica e atua\u00e7\u00e3o em institui\u00e7\u00f5es p\u00fablicas, incluindo est\u00e1gio no TRE-SP. Possui mais de 7 anos de experi\u00eancia na produ\u00e7\u00e3o de conte\u00fados voltados ao nicho de concursos p\u00fablicos, com foco em apura\u00e7\u00e3o jornal\u00edstica cont\u00ednua, an\u00e1lise de editais e obten\u00e7\u00e3o de informa\u00e7\u00f5es diretamente junto a \u00f3rg\u00e3os e fontes oficiais. No Blog do Estrat\u00e9gia Concursos, atua como Analista de Conte\u00fado S\u00eanior, respons\u00e1vel pelo jornalismo do per\u00edodo noturno e da madrugada, com atua\u00e7\u00e3o transversal na cobertura de concursos p\u00fablicos, garantindo a continuidade, fluidez e confiabilidade das publica\u00e7\u00f5es e dos bastidores dos certames.\",\"url\":\"https:\/\/www.estrategiaconcursos.com.br\/blog\/author\/rafaela-teixeira\/\"}]}<\/script>\n<!-- \/ Yoast SEO Premium plugin. -->","yoast_head_json":{"title":"Concurso PM PB: Passo Estrat\u00e9gico de Revis\u00e3o","description":"Concurso PM PB: Passo Estrat\u00e9gico de Revis\u00e3o","robots":{"index":"index","follow":"follow","max-snippet":"max-snippet:-1","max-image-preview":"max-image-preview:large","max-video-preview":"max-video-preview:-1"},"canonical":"https:\/\/www.estrategiaconcursos.com.br\/blog\/concurso-pm-pb-passo-estrategico-de-revisao\/","og_locale":"pt_BR","og_type":"article","og_title":"Concurso PM PB: Passo Estrat\u00e9gico de Revis\u00e3o","og_description":"Concurso PM PB: Passo Estrat\u00e9gico de Revis\u00e3o","og_url":"https:\/\/www.estrategiaconcursos.com.br\/blog\/concurso-pm-pb-passo-estrategico-de-revisao\/","og_site_name":"Estrat\u00e9gia Concursos","article_published_time":"2021-08-23T23:30:00+00:00","article_modified_time":"2021-08-24T18:53:26+00:00","og_image":[{"width":1280,"height":720,"url":"https:\/\/dhg1h5j42swfq.cloudfront.net\/2021\/08\/23202535\/1280-720-max-40.jpg","type":"image\/jpeg"}],"author":"Rafaela Teixeira","twitter_card":"summary_large_image","twitter_creator":"@EstratConcursos","twitter_site":"@EstratConcursos","twitter_misc":{"Escrito por":"Rafaela Teixeira","Est. tempo de leitura":"1 minuto"},"schema":{"@context":"https:\/\/schema.org","@graph":[{"@type":"NewsArticle","@id":"https:\/\/www.estrategiaconcursos.com.br\/blog\/concurso-pm-pb-passo-estrategico-de-revisao\/#article","isPartOf":{"@id":"https:\/\/www.estrategiaconcursos.com.br\/blog\/concurso-pm-pb-passo-estrategico-de-revisao\/"},"author":{"name":"Rafaela Teixeira","@id":"https:\/\/www.estrategiaconcursos.com.br\/blog\/#\/schema\/person\/e75352021ea7f60781c599934f916eb1"},"headline":"Concurso PM PB: Passo Estrat\u00e9gico de Revis\u00e3o","datePublished":"2021-08-23T23:30:00+00:00","dateModified":"2021-08-24T18:53:26+00:00","mainEntityOfPage":{"@id":"https:\/\/www.estrategiaconcursos.com.br\/blog\/concurso-pm-pb-passo-estrategico-de-revisao\/"},"wordCount":255,"commentCount":0,"publisher":{"@id":"https:\/\/www.estrategiaconcursos.com.br\/blog\/#organization"},"image":{"@id":"https:\/\/www.estrategiaconcursos.com.br\/blog\/concurso-pm-pb-passo-estrategico-de-revisao\/#primaryimage"},"thumbnailUrl":"https:\/\/dhg1h5j42swfq.cloudfront.net\/2021\/08\/23202535\/1280-720-max-40.jpg","articleSection":["Policial (PM\/BM - Oficial)","\u00daltimas not\u00edcias"],"inLanguage":"pt-BR","potentialAction":[{"@type":"CommentAction","name":"Comment","target":["https:\/\/www.estrategiaconcursos.com.br\/blog\/concurso-pm-pb-passo-estrategico-de-revisao\/#respond"]}],"copyrightYear":"2021","copyrightHolder":{"@id":"https:\/\/www.estrategiaconcursos.com.br\/blog\/#organization"}},{"@type":"WebPage","@id":"https:\/\/www.estrategiaconcursos.com.br\/blog\/concurso-pm-pb-passo-estrategico-de-revisao\/","url":"https:\/\/www.estrategiaconcursos.com.br\/blog\/concurso-pm-pb-passo-estrategico-de-revisao\/","name":"Concurso PM PB: Passo Estrat\u00e9gico de Revis\u00e3o","isPartOf":{"@id":"https:\/\/www.estrategiaconcursos.com.br\/blog\/#website"},"primaryImageOfPage":{"@id":"https:\/\/www.estrategiaconcursos.com.br\/blog\/concurso-pm-pb-passo-estrategico-de-revisao\/#primaryimage"},"image":{"@id":"https:\/\/www.estrategiaconcursos.com.br\/blog\/concurso-pm-pb-passo-estrategico-de-revisao\/#primaryimage"},"thumbnailUrl":"https:\/\/dhg1h5j42swfq.cloudfront.net\/2021\/08\/23202535\/1280-720-max-40.jpg","datePublished":"2021-08-23T23:30:00+00:00","dateModified":"2021-08-24T18:53:26+00:00","description":"Concurso PM PB: Passo Estrat\u00e9gico de Revis\u00e3o","breadcrumb":{"@id":"https:\/\/www.estrategiaconcursos.com.br\/blog\/concurso-pm-pb-passo-estrategico-de-revisao\/#breadcrumb"},"inLanguage":"pt-BR","potentialAction":[{"@type":"ReadAction","target":["https:\/\/www.estrategiaconcursos.com.br\/blog\/concurso-pm-pb-passo-estrategico-de-revisao\/"]}]},{"@type":"ImageObject","inLanguage":"pt-BR","@id":"https:\/\/www.estrategiaconcursos.com.br\/blog\/concurso-pm-pb-passo-estrategico-de-revisao\/#primaryimage","url":"https:\/\/dhg1h5j42swfq.cloudfront.net\/2021\/08\/23202535\/1280-720-max-40.jpg","contentUrl":"https:\/\/dhg1h5j42swfq.cloudfront.net\/2021\/08\/23202535\/1280-720-max-40.jpg","width":1280,"height":720},{"@type":"BreadcrumbList","@id":"https:\/\/www.estrategiaconcursos.com.br\/blog\/concurso-pm-pb-passo-estrategico-de-revisao\/#breadcrumb","itemListElement":[{"@type":"ListItem","position":1,"name":"In\u00edcio","item":"https:\/\/www.estrategiaconcursos.com.br\/blog\/"},{"@type":"ListItem","position":2,"name":"Concurso PM PB: Passo Estrat\u00e9gico de Revis\u00e3o"}]},{"@type":"WebSite","@id":"https:\/\/www.estrategiaconcursos.com.br\/blog\/#website","url":"https:\/\/www.estrategiaconcursos.com.br\/blog\/","name":"Estrat\u00e9gia Concursos","description":"O blog da Estrat\u00e9gia Concursos traz not\u00edcias sobre concursos e artigos de professores oferecendo cursos para concursos (pdf + videaulas) no site.","publisher":{"@id":"https:\/\/www.estrategiaconcursos.com.br\/blog\/#organization"},"potentialAction":[{"@type":"SearchAction","target":{"@type":"EntryPoint","urlTemplate":"https:\/\/www.estrategiaconcursos.com.br\/blog\/?s={search_term_string}"},"query-input":{"@type":"PropertyValueSpecification","valueRequired":true,"valueName":"search_term_string"}}],"inLanguage":"pt-BR"},{"@type":"Organization","@id":"https:\/\/www.estrategiaconcursos.com.br\/blog\/#organization","name":"Estrat\u00e9gia Concursos","url":"https:\/\/www.estrategiaconcursos.com.br\/blog\/","logo":{"@type":"ImageObject","inLanguage":"pt-BR","@id":"https:\/\/www.estrategiaconcursos.com.br\/blog\/#\/schema\/logo\/image\/","url":"https:\/\/dhg1h5j42swfq.cloudfront.net\/2025\/06\/03203428\/logo_concursos-1.jpg","contentUrl":"https:\/\/dhg1h5j42swfq.cloudfront.net\/2025\/06\/03203428\/logo_concursos-1.jpg","width":230,"height":60,"caption":"Estrat\u00e9gia Concursos"},"image":{"@id":"https:\/\/www.estrategiaconcursos.com.br\/blog\/#\/schema\/logo\/image\/"},"sameAs":["https:\/\/x.com\/EstratConcursos"]},{"@type":"Person","@id":"https:\/\/www.estrategiaconcursos.com.br\/blog\/#\/schema\/person\/e75352021ea7f60781c599934f916eb1","name":"Rafaela Teixeira","image":{"@type":"ImageObject","inLanguage":"pt-BR","@id":"https:\/\/secure.gravatar.com\/avatar\/8a349a2b22039b1ee88fc06461487c950fd6aa411ea8af8633314b43334ae793?s=96&d=mm&r=g","url":"https:\/\/secure.gravatar.com\/avatar\/8a349a2b22039b1ee88fc06461487c950fd6aa411ea8af8633314b43334ae793?s=96&d=mm&r=g","contentUrl":"https:\/\/secure.gravatar.com\/avatar\/8a349a2b22039b1ee88fc06461487c950fd6aa411ea8af8633314b43334ae793?s=96&d=mm&r=g","caption":"Rafaela Teixeira"},"description":"Rafaela Teixeira \u00e9 advogada conveniada \u00e0 Defensoria P\u00fablica de S\u00e3o Paulo pela OAB, com experi\u00eancia em reda\u00e7\u00e3o jur\u00eddica e atua\u00e7\u00e3o em institui\u00e7\u00f5es p\u00fablicas, incluindo est\u00e1gio no TRE-SP. Possui mais de 7 anos de experi\u00eancia na produ\u00e7\u00e3o de conte\u00fados voltados ao nicho de concursos p\u00fablicos, com foco em apura\u00e7\u00e3o jornal\u00edstica cont\u00ednua, an\u00e1lise de editais e obten\u00e7\u00e3o de informa\u00e7\u00f5es diretamente junto a \u00f3rg\u00e3os e fontes oficiais. No Blog do Estrat\u00e9gia Concursos, atua como Analista de Conte\u00fado S\u00eanior, respons\u00e1vel pelo jornalismo do per\u00edodo noturno e da madrugada, com atua\u00e7\u00e3o transversal na cobertura de concursos p\u00fablicos, garantindo a continuidade, fluidez e confiabilidade das publica\u00e7\u00f5es e dos bastidores dos certames.","url":"https:\/\/www.estrategiaconcursos.com.br\/blog\/author\/rafaela-teixeira\/"}]}},"_links":{"self":[{"href":"https:\/\/www.estrategiaconcursos.com.br\/blog\/wp-json\/wp\/v2\/posts\/843709","targetHints":{"allow":["GET"]}}],"collection":[{"href":"https:\/\/www.estrategiaconcursos.com.br\/blog\/wp-json\/wp\/v2\/posts"}],"about":[{"href":"https:\/\/www.estrategiaconcursos.com.br\/blog\/wp-json\/wp\/v2\/types\/post"}],"author":[{"embeddable":true,"href":"https:\/\/www.estrategiaconcursos.com.br\/blog\/wp-json\/wp\/v2\/users\/2134"}],"replies":[{"embeddable":true,"href":"https:\/\/www.estrategiaconcursos.com.br\/blog\/wp-json\/wp\/v2\/comments?post=843709"}],"version-history":[{"count":13,"href":"https:\/\/www.estrategiaconcursos.com.br\/blog\/wp-json\/wp\/v2\/posts\/843709\/revisions"}],"predecessor-version":[{"id":844564,"href":"https:\/\/www.estrategiaconcursos.com.br\/blog\/wp-json\/wp\/v2\/posts\/843709\/revisions\/844564"}],"wp:featuredmedia":[{"embeddable":true,"href":"https:\/\/www.estrategiaconcursos.com.br\/blog\/wp-json\/wp\/v2\/media\/843715"}],"wp:attachment":[{"href":"https:\/\/www.estrategiaconcursos.com.br\/blog\/wp-json\/wp\/v2\/media?parent=843709"}],"wp:term":[{"taxonomy":"category","embeddable":true,"href":"https:\/\/www.estrategiaconcursos.com.br\/blog\/wp-json\/wp\/v2\/categories?post=843709"},{"taxonomy":"post_tag","embeddable":true,"href":"https:\/\/www.estrategiaconcursos.com.br\/blog\/wp-json\/wp\/v2\/tags?post=843709"},{"taxonomy":"tax_estado","embeddable":true,"href":"https:\/\/www.estrategiaconcursos.com.br\/blog\/wp-json\/wp\/v2\/tax_estado?post=843709"}],"curies":[{"name":"wp","href":"https:\/\/api.w.org\/{rel}","templated":true}]}}