{"id":843343,"date":"2021-08-23T18:20:00","date_gmt":"2021-08-23T21:20:00","guid":{"rendered":"https:\/\/www.estrategiaconcursos.com.br\/blog\/?p=843343"},"modified":"2021-08-24T15:54:03","modified_gmt":"2021-08-24T18:54:03","slug":"preparacao-gratuita-comecando-do-zero-policia-penal-mg-pos-edital","status":"publish","type":"post","link":"https:\/\/www.estrategiaconcursos.com.br\/blog\/preparacao-gratuita-comecando-do-zero-policia-penal-mg-pos-edital\/","title":{"rendered":"Prepara\u00e7\u00e3o Gratuita &#8211; Come\u00e7ando do Zero: Pol\u00edcia Penal MG"},"content":{"rendered":"\n<p>Ol\u00e1, corujas! Recentemente foi publicado o t\u00e3o aguardado edital do concurso Pol\u00edcia Penal MG. De acordo com o documento, s\u00e3o ofertadas <strong>2.420 vagas<\/strong> para o cargo de <strong><a href=\"https:\/\/www.estrategiaconcursos.com.br\/cursosPorConcurso\/agepen-mg\/\" target=\"_blank\" rel=\"noreferrer noopener\">Agente de Seguran\u00e7a Penitenci\u00e1rio<\/a><\/strong>.<\/p>\n\n\n\n<p>Ao todo, s\u00e3o 1.944 oportunidades para o sexo masculino e 476 para o sexo feminino. Entre as principais exig\u00eancias est\u00e1 forma\u00e7\u00e3o de <strong>n\u00edvel m\u00e9dio<\/strong>. O sal\u00e1rio inicial \u00e9 de <strong>R$ 4.631,25.<\/strong><\/p>\n\n\n\n<p>Os interessados em participar da sele\u00e7\u00e3o devem realizar as inscri\u00e7\u00f5es no per\u00edodo de <strong>22 de outubro a 21 de novembro<\/strong>, no site da banca organizadora, Instituto Selecon, ao custo de <strong>R$ 49,16<\/strong>. A aplica\u00e7\u00e3o da prova est\u00e1 prevista para 16 de janeiro de 2022.<\/p>\n\n\n\n<p class=\"has-text-align-center has-background\" style=\"background-color:#ecf6fa\">E para voc\u00ea que deseja obter a t\u00e3o sonhada aprova\u00e7\u00e3o e estabilidade na carreira p\u00fablica, o Estrat\u00e9gia Concursos tem novidades!<\/p>\n\n\n\n<p>Nesta segunda<strong>&#8211;<\/strong>feira<strong>, 23 de agosto, a partir das 19h,<\/strong> nossos professores come\u00e7ar\u00e3o a ministrar o evento:&nbsp;<strong>\u201cPrepara\u00e7\u00e3o Gratuita &#8211; Come\u00e7ando do Zero: Pol\u00edcia Penal MG \u2013 P\u00f3s-edital<\/strong>\u201c, com dicas exclusivas acerca do certame, que se estender\u00e1 at\u00e9 outubro. Veja abaixo a programa\u00e7\u00e3o das aulas previstas:<\/p>\n\n\n\n<ul class=\"wp-block-list\"><li>4 aulas &#8211; L\u00edngua Portuguesa \u2013 Jana\u00edna Arruda<\/li><li>3 aulas &#8211; Racioc\u00ednio L\u00f3gico \u2013 Brunno Lima<\/li><li>3 aulas &#8211; No\u00e7\u00f5es de Direito Constitucional \u2013 Adriane Fauth<\/li><li>2 aulas &#8211; No\u00e7\u00f5es de Direito Penal \u2013 Renan Araujo<\/li><li>2 aulas &#8211; No\u00e7\u00f5es de Direitos Humanos E Participa\u00e7\u00e3o Social &#8211; Lilian Novakoski<\/li><li>3 aulas &#8211; Legisla\u00e7\u00e3o Especial \u2013 Alexandre Herculano<\/li><li>3 aulas &#8211; Inform\u00e1tica \u2013 Rani Passos<\/li><li>1 aula &#8211; Estatuto dos Funcion\u00e1rios P\u00fablicos Civis do Estado de Minas Gerais \u2013 Emerson Bruno<\/li><\/ul>\n\n\n\n<p>Os hor\u00e1rios e datas das disciplinas ministradas no evento ainda ser\u00e3o divulgadas posteriormente. Fique Atento!<\/p>\n\n\n<figure class=\"wp-block-embed-youtube wp-block-embed is-type-video is-provider-youtube wp-embed-aspect-16-9 wp-has-aspect-ratio\"><div class=\"lyte-wrapper\" style=\"width:853px;max-width:100%;margin:5px;\"><div class=\"lyMe\" id=\"WYL_R2y9gOXN58c\"><div id=\"lyte_R2y9gOXN58c\" data-src=\"\/\/i.ytimg.com\/vi\/R2y9gOXN58c\/hqdefault.jpg\" class=\"pL\"><div class=\"tC\"><div class=\"tT\"><\/div><\/div><div class=\"play\"><\/div><div class=\"ctrl\"><div class=\"Lctrl\"><\/div><div class=\"Rctrl\"><\/div><\/div><\/div><noscript><a href=\"https:\/\/youtu.be\/R2y9gOXN58c\" rel=\"nofollow\"><img loading=\"lazy\" decoding=\"async\" src=\"https:\/\/i.ytimg.com\/vi\/R2y9gOXN58c\/0.jpg\" alt=\"YouTube video thumbnail\" width=\"853\" height=\"460\" \/><br \/>Assista a este v\u00eddeo no YouTube<\/a><\/noscript><\/div><\/div><div class=\"lL\" style=\"max-width:100%;width:853px;margin:5px;\"><\/div><figcaption><\/figcaption><\/figure>\n\n\n<p class=\"has-text-align-center has-cyan-bluish-gray-background-color has-background has-medium-font-size\"><strong>Saiba mais: <a href=\"https:\/\/www.estrategiaconcursos.com.br\/blog\/concurso-agente-penitenciario-mg\/\" target=\"_blank\" rel=\"noreferrer noopener\">concurso PP MG<\/a><\/strong><\/p>\n\n\n\n<h2 class=\"has-text-align-center wp-block-heading\" id=\"cursos-assinatura\">Quer estudar para o concurso Pol\u00edcia Penal MG?<\/h2>\n\n\n\n<div class=\"container\" id=\"boxes\">\n  <div class=\"row\">\n\n    <div class=\"col-sm\">\n      <div class=\"banner-policial\" id=\"box-assinatura\">\n        <h3 class=\"titulo-assinatura\">Concurso Pol\u00edcia Penal MG <\/h3>\n        <p class=\"subtitulo-assinatura\">Conhe\u00e7a os cursos<\/p>\n        <div class=\"box-botao\">\n          <a class=\"btn-assinatura\" target=\"_blank\" href=\"https:\/\/www.estrategiaconcursos.com.br\/cursosPorConcurso\/agepen-mg\/\" role=\"button\" rel=\"noopener noreferrer\">Conhe\u00e7a mais<\/a>\n        <\/div>\n      <\/div>\n  \n    <\/div>\n\n  <\/div>\n<\/div>\n\n\n\n<div class=\"container\" id=\"boxes\">\n  <div class=\"row\">\n\n    <div class=\"col-sm\">\n      <div class=\"estrategia\" id=\"box-assinatura\">\n        <h3 class=\"titulo-assinatura\">Assinatura Concursos<\/h3>\n        <p class=\"subtitulo-assinatura\">Assinatura de 1 ano ou 2 anos<\/p>\n        <div class=\"box-botao\">\n          <a class=\"btn-assinatura\" target=\"_blank\" href=\"https:\/\/www.estrategiaconcursos.com.br\/assinaturas\/\" role=\"button\" rel=\"noopener noreferrer\">ASSINE AGORA<\/a>\n        <\/div>\n      <\/div>\n     \n    <\/div><\/div><\/div>\n\n\n\n<div class=\"container\" id=\"boxes\">\n  <div class=\"row\">\n\n    <div class=\"col-sm\" id=\"boxes-concursos\">\n      <div style=\"background-color: #005DAD;\" class=\"conteudo-concursos\" id=\"box-concursos\">\n        <h3 class=\"titulo-assinatura\">Concursos Abertos<\/h3>\n        <p class=\"subtitulo-assinatura\">Os editais publicados<\/p>\n        <div class=\"box-botao\">\n          <a class=\"btn-assinatura\" target=\"_blank\" href=\"https:\/\/www.estrategiaconcursos.com.br\/blog\/concursos-abertos\/\" role=\"button\" rel=\"noopener noreferrer\">Conhe\u00e7a Agora<\/a>\n        <\/div>\n      <\/div>\n    <\/div>\n\n    <div class=\"col-sm\" id=\"boxes-concursos\">\n      <div style=\"background-color: #1A7ED5;\" class=\"conteudo-concursos\" id=\"box-concursos\">\n        <h3 class=\"titulo-assinatura\">Concursos 2021<\/h3>\n        <p class=\"subtitulo-assinatura\">As oportunidades previstas<\/p>\n        <div class=\"box-botao\">\n          <a class=\"btn-assinatura\" target=\"_blank\" href=\"https:\/\/www.estrategiaconcursos.com.br\/blog\/concursos-2021\/\" role=\"button\" rel=\"noopener noreferrer\">Conhe\u00e7a Agora<\/a>\n        <\/div>\n      <\/div>\n    <\/div>\n\n    <div class=\"col-sm\" id=\"boxes-concursos\">\n      <div style=\"background-color: #419FF0;\" class=\"conteudo-concursos\" id=\"box-concursos\">\n        <h3 class=\"titulo-assinatura\">Concursos 2022<\/h3>\n        <p class=\"subtitulo-assinatura\">Vagas para o pr\u00f3ximo ano<\/p>\n        <div class=\"box-botao\">\n          <a class=\"btn-assinatura\" target=\"_blank\" href=\"https:\/\/www.estrategiaconcursos.com.br\/blog\/concursos-2022\/\" role=\"button\" rel=\"noopener noreferrer\">Conhe\u00e7a Agora<\/a>\n        <\/div>\n      <\/div>\n    <\/div>\n\n  <\/div>\n<\/div>\n","protected":false},"excerpt":{"rendered":"<p>Ol\u00e1, corujas! Recentemente foi publicado o t\u00e3o aguardado edital do concurso Pol\u00edcia Penal MG. De acordo com o documento, s\u00e3o ofertadas 2.420 vagas para o cargo de Agente de Seguran\u00e7a Penitenci\u00e1rio. Ao todo, s\u00e3o 1.944 oportunidades para o sexo masculino e 476 para o sexo feminino. Entre as principais exig\u00eancias est\u00e1 forma\u00e7\u00e3o de n\u00edvel m\u00e9dio. [&hellip;]<\/p>\n","protected":false},"author":2134,"featured_media":843390,"comment_status":"open","ping_status":"closed","sticky":false,"template":"","format":"standard","meta":{"post_tipo":"news","footnotes":""},"categories":[220188,220219],"tags":[],"tax_estado":[219974],"class_list":["post-843343","post","type-post","status-publish","format-standard","has-post-thumbnail","hentry","category-policial-agente-penitenciario","category-noticias","tax_estado-mg"],"acf":[],"yoast_head":"<!-- This site is optimized with the Yoast SEO Premium plugin v27.2 (Yoast SEO v27.2) - https:\/\/yoast.com\/product\/yoast-seo-premium-wordpress\/ -->\n<title>Prepara\u00e7\u00e3o Gratuita - Come\u00e7ando do Zero: Pol\u00edcia Penal MG<\/title>\n<meta name=\"description\" content=\"Prepara\u00e7\u00e3o Gratuita - Come\u00e7ando do Zero: Pol\u00edcia Penal MG \u2013 P\u00f3s-edital\" \/>\n<meta name=\"robots\" content=\"index, follow, max-snippet:-1, max-image-preview:large, max-video-preview:-1\" \/>\n<link rel=\"canonical\" href=\"https:\/\/www.estrategiaconcursos.com.br\/blog\/preparacao-gratuita-comecando-do-zero-policia-penal-mg-pos-edital\/\" \/>\n<meta property=\"og:locale\" content=\"pt_BR\" \/>\n<meta property=\"og:type\" content=\"article\" \/>\n<meta property=\"og:title\" content=\"Prepara\u00e7\u00e3o Gratuita - Come\u00e7ando do Zero: Pol\u00edcia Penal MG\" \/>\n<meta property=\"og:description\" content=\"Prepara\u00e7\u00e3o Gratuita - Come\u00e7ando do Zero: Pol\u00edcia Penal MG \u2013 P\u00f3s-edital\" \/>\n<meta property=\"og:url\" content=\"https:\/\/www.estrategiaconcursos.com.br\/blog\/preparacao-gratuita-comecando-do-zero-policia-penal-mg-pos-edital\/\" \/>\n<meta property=\"og:site_name\" content=\"Estrat\u00e9gia Concursos\" \/>\n<meta property=\"article:published_time\" content=\"2021-08-23T21:20:00+00:00\" \/>\n<meta property=\"article:modified_time\" content=\"2021-08-24T18:54:03+00:00\" \/>\n<meta property=\"og:image\" content=\"https:\/\/dhg1h5j42swfq.cloudfront.net\/2021\/08\/23152753\/1280-720-max-38.jpg\" \/>\n\t<meta property=\"og:image:width\" content=\"1280\" \/>\n\t<meta property=\"og:image:height\" content=\"720\" \/>\n\t<meta property=\"og:image:type\" content=\"image\/jpeg\" \/>\n<meta name=\"author\" content=\"Rafaela Teixeira\" \/>\n<meta name=\"twitter:card\" content=\"summary_large_image\" \/>\n<meta name=\"twitter:creator\" content=\"@EstratConcursos\" \/>\n<meta name=\"twitter:site\" content=\"@EstratConcursos\" \/>\n<meta name=\"twitter:label1\" content=\"Escrito por\" \/>\n\t<meta name=\"twitter:data1\" content=\"Rafaela Teixeira\" \/>\n\t<meta name=\"twitter:label2\" content=\"Est. tempo de leitura\" \/>\n\t<meta name=\"twitter:data2\" content=\"2 minutos\" \/>\n<script type=\"application\/ld+json\" class=\"yoast-schema-graph\">{\"@context\":\"https:\/\/schema.org\",\"@graph\":[{\"@type\":\"NewsArticle\",\"@id\":\"https:\/\/www.estrategiaconcursos.com.br\/blog\/preparacao-gratuita-comecando-do-zero-policia-penal-mg-pos-edital\/#article\",\"isPartOf\":{\"@id\":\"https:\/\/www.estrategiaconcursos.com.br\/blog\/preparacao-gratuita-comecando-do-zero-policia-penal-mg-pos-edital\/\"},\"author\":{\"name\":\"Rafaela Teixeira\",\"@id\":\"https:\/\/www.estrategiaconcursos.com.br\/blog\/#\/schema\/person\/e75352021ea7f60781c599934f916eb1\"},\"headline\":\"Prepara\u00e7\u00e3o Gratuita &#8211; Come\u00e7ando do Zero: Pol\u00edcia Penal MG\",\"datePublished\":\"2021-08-23T21:20:00+00:00\",\"dateModified\":\"2021-08-24T18:54:03+00:00\",\"mainEntityOfPage\":{\"@id\":\"https:\/\/www.estrategiaconcursos.com.br\/blog\/preparacao-gratuita-comecando-do-zero-policia-penal-mg-pos-edital\/\"},\"wordCount\":366,\"commentCount\":0,\"publisher\":{\"@id\":\"https:\/\/www.estrategiaconcursos.com.br\/blog\/#organization\"},\"image\":{\"@id\":\"https:\/\/www.estrategiaconcursos.com.br\/blog\/preparacao-gratuita-comecando-do-zero-policia-penal-mg-pos-edital\/#primaryimage\"},\"thumbnailUrl\":\"https:\/\/dhg1h5j42swfq.cloudfront.net\/2021\/08\/23152753\/1280-720-max-38.jpg\",\"articleSection\":[\"Policial (Agente Penitenci\u00e1rio)\",\"\u00daltimas not\u00edcias\"],\"inLanguage\":\"pt-BR\",\"potentialAction\":[{\"@type\":\"CommentAction\",\"name\":\"Comment\",\"target\":[\"https:\/\/www.estrategiaconcursos.com.br\/blog\/preparacao-gratuita-comecando-do-zero-policia-penal-mg-pos-edital\/#respond\"]}],\"copyrightYear\":\"2021\",\"copyrightHolder\":{\"@id\":\"https:\/\/www.estrategiaconcursos.com.br\/blog\/#organization\"}},{\"@type\":\"WebPage\",\"@id\":\"https:\/\/www.estrategiaconcursos.com.br\/blog\/preparacao-gratuita-comecando-do-zero-policia-penal-mg-pos-edital\/\",\"url\":\"https:\/\/www.estrategiaconcursos.com.br\/blog\/preparacao-gratuita-comecando-do-zero-policia-penal-mg-pos-edital\/\",\"name\":\"Prepara\u00e7\u00e3o Gratuita - Come\u00e7ando do Zero: Pol\u00edcia Penal MG\",\"isPartOf\":{\"@id\":\"https:\/\/www.estrategiaconcursos.com.br\/blog\/#website\"},\"primaryImageOfPage\":{\"@id\":\"https:\/\/www.estrategiaconcursos.com.br\/blog\/preparacao-gratuita-comecando-do-zero-policia-penal-mg-pos-edital\/#primaryimage\"},\"image\":{\"@id\":\"https:\/\/www.estrategiaconcursos.com.br\/blog\/preparacao-gratuita-comecando-do-zero-policia-penal-mg-pos-edital\/#primaryimage\"},\"thumbnailUrl\":\"https:\/\/dhg1h5j42swfq.cloudfront.net\/2021\/08\/23152753\/1280-720-max-38.jpg\",\"datePublished\":\"2021-08-23T21:20:00+00:00\",\"dateModified\":\"2021-08-24T18:54:03+00:00\",\"description\":\"Prepara\u00e7\u00e3o Gratuita - Come\u00e7ando do Zero: Pol\u00edcia Penal MG \u2013 P\u00f3s-edital\",\"breadcrumb\":{\"@id\":\"https:\/\/www.estrategiaconcursos.com.br\/blog\/preparacao-gratuita-comecando-do-zero-policia-penal-mg-pos-edital\/#breadcrumb\"},\"inLanguage\":\"pt-BR\",\"potentialAction\":[{\"@type\":\"ReadAction\",\"target\":[\"https:\/\/www.estrategiaconcursos.com.br\/blog\/preparacao-gratuita-comecando-do-zero-policia-penal-mg-pos-edital\/\"]}]},{\"@type\":\"ImageObject\",\"inLanguage\":\"pt-BR\",\"@id\":\"https:\/\/www.estrategiaconcursos.com.br\/blog\/preparacao-gratuita-comecando-do-zero-policia-penal-mg-pos-edital\/#primaryimage\",\"url\":\"https:\/\/dhg1h5j42swfq.cloudfront.net\/2021\/08\/23152753\/1280-720-max-38.jpg\",\"contentUrl\":\"https:\/\/dhg1h5j42swfq.cloudfront.net\/2021\/08\/23152753\/1280-720-max-38.jpg\",\"width\":1280,\"height\":720},{\"@type\":\"BreadcrumbList\",\"@id\":\"https:\/\/www.estrategiaconcursos.com.br\/blog\/preparacao-gratuita-comecando-do-zero-policia-penal-mg-pos-edital\/#breadcrumb\",\"itemListElement\":[{\"@type\":\"ListItem\",\"position\":1,\"name\":\"In\u00edcio\",\"item\":\"https:\/\/www.estrategiaconcursos.com.br\/blog\/\"},{\"@type\":\"ListItem\",\"position\":2,\"name\":\"Prepara\u00e7\u00e3o Gratuita &#8211; Come\u00e7ando do Zero: Pol\u00edcia Penal MG\"}]},{\"@type\":\"WebSite\",\"@id\":\"https:\/\/www.estrategiaconcursos.com.br\/blog\/#website\",\"url\":\"https:\/\/www.estrategiaconcursos.com.br\/blog\/\",\"name\":\"Estrat\u00e9gia Concursos\",\"description\":\"O blog da Estrat\u00e9gia Concursos traz not\u00edcias sobre concursos e artigos de professores oferecendo cursos para concursos (pdf + videaulas) no site.\",\"publisher\":{\"@id\":\"https:\/\/www.estrategiaconcursos.com.br\/blog\/#organization\"},\"potentialAction\":[{\"@type\":\"SearchAction\",\"target\":{\"@type\":\"EntryPoint\",\"urlTemplate\":\"https:\/\/www.estrategiaconcursos.com.br\/blog\/?s={search_term_string}\"},\"query-input\":{\"@type\":\"PropertyValueSpecification\",\"valueRequired\":true,\"valueName\":\"search_term_string\"}}],\"inLanguage\":\"pt-BR\"},{\"@type\":\"Organization\",\"@id\":\"https:\/\/www.estrategiaconcursos.com.br\/blog\/#organization\",\"name\":\"Estrat\u00e9gia Concursos\",\"url\":\"https:\/\/www.estrategiaconcursos.com.br\/blog\/\",\"logo\":{\"@type\":\"ImageObject\",\"inLanguage\":\"pt-BR\",\"@id\":\"https:\/\/www.estrategiaconcursos.com.br\/blog\/#\/schema\/logo\/image\/\",\"url\":\"https:\/\/dhg1h5j42swfq.cloudfront.net\/2025\/06\/03203428\/logo_concursos-1.jpg\",\"contentUrl\":\"https:\/\/dhg1h5j42swfq.cloudfront.net\/2025\/06\/03203428\/logo_concursos-1.jpg\",\"width\":230,\"height\":60,\"caption\":\"Estrat\u00e9gia Concursos\"},\"image\":{\"@id\":\"https:\/\/www.estrategiaconcursos.com.br\/blog\/#\/schema\/logo\/image\/\"},\"sameAs\":[\"https:\/\/x.com\/EstratConcursos\"]},{\"@type\":\"Person\",\"@id\":\"https:\/\/www.estrategiaconcursos.com.br\/blog\/#\/schema\/person\/e75352021ea7f60781c599934f916eb1\",\"name\":\"Rafaela Teixeira\",\"image\":{\"@type\":\"ImageObject\",\"inLanguage\":\"pt-BR\",\"@id\":\"https:\/\/secure.gravatar.com\/avatar\/8a349a2b22039b1ee88fc06461487c950fd6aa411ea8af8633314b43334ae793?s=96&d=mm&r=g\",\"url\":\"https:\/\/secure.gravatar.com\/avatar\/8a349a2b22039b1ee88fc06461487c950fd6aa411ea8af8633314b43334ae793?s=96&d=mm&r=g\",\"contentUrl\":\"https:\/\/secure.gravatar.com\/avatar\/8a349a2b22039b1ee88fc06461487c950fd6aa411ea8af8633314b43334ae793?s=96&d=mm&r=g\",\"caption\":\"Rafaela Teixeira\"},\"description\":\"Rafaela Teixeira \u00e9 advogada conveniada \u00e0 Defensoria P\u00fablica de S\u00e3o Paulo pela OAB, com experi\u00eancia em reda\u00e7\u00e3o jur\u00eddica e atua\u00e7\u00e3o em institui\u00e7\u00f5es p\u00fablicas, incluindo est\u00e1gio no TRE-SP. Possui mais de 7 anos de experi\u00eancia na produ\u00e7\u00e3o de conte\u00fados voltados ao nicho de concursos p\u00fablicos, com foco em apura\u00e7\u00e3o jornal\u00edstica cont\u00ednua, an\u00e1lise de editais e obten\u00e7\u00e3o de informa\u00e7\u00f5es diretamente junto a \u00f3rg\u00e3os e fontes oficiais. No Blog do Estrat\u00e9gia Concursos, atua como Analista de Conte\u00fado S\u00eanior, respons\u00e1vel pelo jornalismo do per\u00edodo noturno e da madrugada, com atua\u00e7\u00e3o transversal na cobertura de concursos p\u00fablicos, garantindo a continuidade, fluidez e confiabilidade das publica\u00e7\u00f5es e dos bastidores dos certames.\",\"url\":\"https:\/\/www.estrategiaconcursos.com.br\/blog\/author\/rafaela-teixeira\/\"}]}<\/script>\n<!-- \/ Yoast SEO Premium plugin. -->","yoast_head_json":{"title":"Prepara\u00e7\u00e3o Gratuita - Come\u00e7ando do Zero: Pol\u00edcia Penal MG","description":"Prepara\u00e7\u00e3o Gratuita - Come\u00e7ando do Zero: Pol\u00edcia Penal MG \u2013 P\u00f3s-edital","robots":{"index":"index","follow":"follow","max-snippet":"max-snippet:-1","max-image-preview":"max-image-preview:large","max-video-preview":"max-video-preview:-1"},"canonical":"https:\/\/www.estrategiaconcursos.com.br\/blog\/preparacao-gratuita-comecando-do-zero-policia-penal-mg-pos-edital\/","og_locale":"pt_BR","og_type":"article","og_title":"Prepara\u00e7\u00e3o Gratuita - Come\u00e7ando do Zero: Pol\u00edcia Penal MG","og_description":"Prepara\u00e7\u00e3o Gratuita - Come\u00e7ando do Zero: Pol\u00edcia Penal MG \u2013 P\u00f3s-edital","og_url":"https:\/\/www.estrategiaconcursos.com.br\/blog\/preparacao-gratuita-comecando-do-zero-policia-penal-mg-pos-edital\/","og_site_name":"Estrat\u00e9gia Concursos","article_published_time":"2021-08-23T21:20:00+00:00","article_modified_time":"2021-08-24T18:54:03+00:00","og_image":[{"width":1280,"height":720,"url":"https:\/\/dhg1h5j42swfq.cloudfront.net\/2021\/08\/23152753\/1280-720-max-38.jpg","type":"image\/jpeg"}],"author":"Rafaela Teixeira","twitter_card":"summary_large_image","twitter_creator":"@EstratConcursos","twitter_site":"@EstratConcursos","twitter_misc":{"Escrito por":"Rafaela Teixeira","Est. tempo de leitura":"2 minutos"},"schema":{"@context":"https:\/\/schema.org","@graph":[{"@type":"NewsArticle","@id":"https:\/\/www.estrategiaconcursos.com.br\/blog\/preparacao-gratuita-comecando-do-zero-policia-penal-mg-pos-edital\/#article","isPartOf":{"@id":"https:\/\/www.estrategiaconcursos.com.br\/blog\/preparacao-gratuita-comecando-do-zero-policia-penal-mg-pos-edital\/"},"author":{"name":"Rafaela Teixeira","@id":"https:\/\/www.estrategiaconcursos.com.br\/blog\/#\/schema\/person\/e75352021ea7f60781c599934f916eb1"},"headline":"Prepara\u00e7\u00e3o Gratuita &#8211; Come\u00e7ando do Zero: Pol\u00edcia Penal MG","datePublished":"2021-08-23T21:20:00+00:00","dateModified":"2021-08-24T18:54:03+00:00","mainEntityOfPage":{"@id":"https:\/\/www.estrategiaconcursos.com.br\/blog\/preparacao-gratuita-comecando-do-zero-policia-penal-mg-pos-edital\/"},"wordCount":366,"commentCount":0,"publisher":{"@id":"https:\/\/www.estrategiaconcursos.com.br\/blog\/#organization"},"image":{"@id":"https:\/\/www.estrategiaconcursos.com.br\/blog\/preparacao-gratuita-comecando-do-zero-policia-penal-mg-pos-edital\/#primaryimage"},"thumbnailUrl":"https:\/\/dhg1h5j42swfq.cloudfront.net\/2021\/08\/23152753\/1280-720-max-38.jpg","articleSection":["Policial (Agente Penitenci\u00e1rio)","\u00daltimas not\u00edcias"],"inLanguage":"pt-BR","potentialAction":[{"@type":"CommentAction","name":"Comment","target":["https:\/\/www.estrategiaconcursos.com.br\/blog\/preparacao-gratuita-comecando-do-zero-policia-penal-mg-pos-edital\/#respond"]}],"copyrightYear":"2021","copyrightHolder":{"@id":"https:\/\/www.estrategiaconcursos.com.br\/blog\/#organization"}},{"@type":"WebPage","@id":"https:\/\/www.estrategiaconcursos.com.br\/blog\/preparacao-gratuita-comecando-do-zero-policia-penal-mg-pos-edital\/","url":"https:\/\/www.estrategiaconcursos.com.br\/blog\/preparacao-gratuita-comecando-do-zero-policia-penal-mg-pos-edital\/","name":"Prepara\u00e7\u00e3o Gratuita - Come\u00e7ando do Zero: Pol\u00edcia Penal MG","isPartOf":{"@id":"https:\/\/www.estrategiaconcursos.com.br\/blog\/#website"},"primaryImageOfPage":{"@id":"https:\/\/www.estrategiaconcursos.com.br\/blog\/preparacao-gratuita-comecando-do-zero-policia-penal-mg-pos-edital\/#primaryimage"},"image":{"@id":"https:\/\/www.estrategiaconcursos.com.br\/blog\/preparacao-gratuita-comecando-do-zero-policia-penal-mg-pos-edital\/#primaryimage"},"thumbnailUrl":"https:\/\/dhg1h5j42swfq.cloudfront.net\/2021\/08\/23152753\/1280-720-max-38.jpg","datePublished":"2021-08-23T21:20:00+00:00","dateModified":"2021-08-24T18:54:03+00:00","description":"Prepara\u00e7\u00e3o Gratuita - Come\u00e7ando do Zero: Pol\u00edcia Penal MG \u2013 P\u00f3s-edital","breadcrumb":{"@id":"https:\/\/www.estrategiaconcursos.com.br\/blog\/preparacao-gratuita-comecando-do-zero-policia-penal-mg-pos-edital\/#breadcrumb"},"inLanguage":"pt-BR","potentialAction":[{"@type":"ReadAction","target":["https:\/\/www.estrategiaconcursos.com.br\/blog\/preparacao-gratuita-comecando-do-zero-policia-penal-mg-pos-edital\/"]}]},{"@type":"ImageObject","inLanguage":"pt-BR","@id":"https:\/\/www.estrategiaconcursos.com.br\/blog\/preparacao-gratuita-comecando-do-zero-policia-penal-mg-pos-edital\/#primaryimage","url":"https:\/\/dhg1h5j42swfq.cloudfront.net\/2021\/08\/23152753\/1280-720-max-38.jpg","contentUrl":"https:\/\/dhg1h5j42swfq.cloudfront.net\/2021\/08\/23152753\/1280-720-max-38.jpg","width":1280,"height":720},{"@type":"BreadcrumbList","@id":"https:\/\/www.estrategiaconcursos.com.br\/blog\/preparacao-gratuita-comecando-do-zero-policia-penal-mg-pos-edital\/#breadcrumb","itemListElement":[{"@type":"ListItem","position":1,"name":"In\u00edcio","item":"https:\/\/www.estrategiaconcursos.com.br\/blog\/"},{"@type":"ListItem","position":2,"name":"Prepara\u00e7\u00e3o Gratuita &#8211; Come\u00e7ando do Zero: Pol\u00edcia Penal MG"}]},{"@type":"WebSite","@id":"https:\/\/www.estrategiaconcursos.com.br\/blog\/#website","url":"https:\/\/www.estrategiaconcursos.com.br\/blog\/","name":"Estrat\u00e9gia Concursos","description":"O blog da Estrat\u00e9gia Concursos traz not\u00edcias sobre concursos e artigos de professores oferecendo cursos para concursos (pdf + videaulas) no site.","publisher":{"@id":"https:\/\/www.estrategiaconcursos.com.br\/blog\/#organization"},"potentialAction":[{"@type":"SearchAction","target":{"@type":"EntryPoint","urlTemplate":"https:\/\/www.estrategiaconcursos.com.br\/blog\/?s={search_term_string}"},"query-input":{"@type":"PropertyValueSpecification","valueRequired":true,"valueName":"search_term_string"}}],"inLanguage":"pt-BR"},{"@type":"Organization","@id":"https:\/\/www.estrategiaconcursos.com.br\/blog\/#organization","name":"Estrat\u00e9gia Concursos","url":"https:\/\/www.estrategiaconcursos.com.br\/blog\/","logo":{"@type":"ImageObject","inLanguage":"pt-BR","@id":"https:\/\/www.estrategiaconcursos.com.br\/blog\/#\/schema\/logo\/image\/","url":"https:\/\/dhg1h5j42swfq.cloudfront.net\/2025\/06\/03203428\/logo_concursos-1.jpg","contentUrl":"https:\/\/dhg1h5j42swfq.cloudfront.net\/2025\/06\/03203428\/logo_concursos-1.jpg","width":230,"height":60,"caption":"Estrat\u00e9gia Concursos"},"image":{"@id":"https:\/\/www.estrategiaconcursos.com.br\/blog\/#\/schema\/logo\/image\/"},"sameAs":["https:\/\/x.com\/EstratConcursos"]},{"@type":"Person","@id":"https:\/\/www.estrategiaconcursos.com.br\/blog\/#\/schema\/person\/e75352021ea7f60781c599934f916eb1","name":"Rafaela Teixeira","image":{"@type":"ImageObject","inLanguage":"pt-BR","@id":"https:\/\/secure.gravatar.com\/avatar\/8a349a2b22039b1ee88fc06461487c950fd6aa411ea8af8633314b43334ae793?s=96&d=mm&r=g","url":"https:\/\/secure.gravatar.com\/avatar\/8a349a2b22039b1ee88fc06461487c950fd6aa411ea8af8633314b43334ae793?s=96&d=mm&r=g","contentUrl":"https:\/\/secure.gravatar.com\/avatar\/8a349a2b22039b1ee88fc06461487c950fd6aa411ea8af8633314b43334ae793?s=96&d=mm&r=g","caption":"Rafaela Teixeira"},"description":"Rafaela Teixeira \u00e9 advogada conveniada \u00e0 Defensoria P\u00fablica de S\u00e3o Paulo pela OAB, com experi\u00eancia em reda\u00e7\u00e3o jur\u00eddica e atua\u00e7\u00e3o em institui\u00e7\u00f5es p\u00fablicas, incluindo est\u00e1gio no TRE-SP. Possui mais de 7 anos de experi\u00eancia na produ\u00e7\u00e3o de conte\u00fados voltados ao nicho de concursos p\u00fablicos, com foco em apura\u00e7\u00e3o jornal\u00edstica cont\u00ednua, an\u00e1lise de editais e obten\u00e7\u00e3o de informa\u00e7\u00f5es diretamente junto a \u00f3rg\u00e3os e fontes oficiais. No Blog do Estrat\u00e9gia Concursos, atua como Analista de Conte\u00fado S\u00eanior, respons\u00e1vel pelo jornalismo do per\u00edodo noturno e da madrugada, com atua\u00e7\u00e3o transversal na cobertura de concursos p\u00fablicos, garantindo a continuidade, fluidez e confiabilidade das publica\u00e7\u00f5es e dos bastidores dos certames.","url":"https:\/\/www.estrategiaconcursos.com.br\/blog\/author\/rafaela-teixeira\/"}]}},"_links":{"self":[{"href":"https:\/\/www.estrategiaconcursos.com.br\/blog\/wp-json\/wp\/v2\/posts\/843343","targetHints":{"allow":["GET"]}}],"collection":[{"href":"https:\/\/www.estrategiaconcursos.com.br\/blog\/wp-json\/wp\/v2\/posts"}],"about":[{"href":"https:\/\/www.estrategiaconcursos.com.br\/blog\/wp-json\/wp\/v2\/types\/post"}],"author":[{"embeddable":true,"href":"https:\/\/www.estrategiaconcursos.com.br\/blog\/wp-json\/wp\/v2\/users\/2134"}],"replies":[{"embeddable":true,"href":"https:\/\/www.estrategiaconcursos.com.br\/blog\/wp-json\/wp\/v2\/comments?post=843343"}],"version-history":[{"count":7,"href":"https:\/\/www.estrategiaconcursos.com.br\/blog\/wp-json\/wp\/v2\/posts\/843343\/revisions"}],"predecessor-version":[{"id":844566,"href":"https:\/\/www.estrategiaconcursos.com.br\/blog\/wp-json\/wp\/v2\/posts\/843343\/revisions\/844566"}],"wp:featuredmedia":[{"embeddable":true,"href":"https:\/\/www.estrategiaconcursos.com.br\/blog\/wp-json\/wp\/v2\/media\/843390"}],"wp:attachment":[{"href":"https:\/\/www.estrategiaconcursos.com.br\/blog\/wp-json\/wp\/v2\/media?parent=843343"}],"wp:term":[{"taxonomy":"category","embeddable":true,"href":"https:\/\/www.estrategiaconcursos.com.br\/blog\/wp-json\/wp\/v2\/categories?post=843343"},{"taxonomy":"post_tag","embeddable":true,"href":"https:\/\/www.estrategiaconcursos.com.br\/blog\/wp-json\/wp\/v2\/tags?post=843343"},{"taxonomy":"tax_estado","embeddable":true,"href":"https:\/\/www.estrategiaconcursos.com.br\/blog\/wp-json\/wp\/v2\/tax_estado?post=843343"}],"curies":[{"name":"wp","href":"https:\/\/api.w.org\/{rel}","templated":true}]}}