{"id":843285,"date":"2021-08-23T15:46:18","date_gmt":"2021-08-23T18:46:18","guid":{"rendered":"https:\/\/www.estrategiaconcursos.com.br\/blog\/?p=843285"},"modified":"2022-10-19T16:18:34","modified_gmt":"2022-10-19T19:18:34","slug":"concurso-sefaz-rr-principais-datas-cronograma","status":"publish","type":"post","link":"https:\/\/www.estrategiaconcursos.com.br\/blog\/concurso-sefaz-rr-principais-datas-cronograma\/","title":{"rendered":"Concurso Sefaz RR: confira as principais datas do cronograma!"},"content":{"rendered":"\n<p>Voc\u00ea j\u00e1 deve estar sabendo que foi publicado, na \u00faltima sexta-feira (20), o edital do <em><strong>concurso da Sefaz RR<\/strong><\/em> (Secretaria de Estado da Fazenda de Roraima).<\/p>\n\n\n\n<p>Com oferta de 20 vagas imediatas, bem como forma\u00e7\u00e3o de cadastro reserva para <a href=\"https:\/\/www.estrategiaconcursos.com.br\/curso\/sefaz-rr-auditor-fiscal-de-tributos-pacote-completo-2021-pos-edital\/\" target=\"_blank\" rel=\"noreferrer noopener\">Auditor Fiscal de Tributos Estaduais<\/a>, as inscri\u00e7\u00f5es para o certame come\u00e7am j\u00e1 nesta semana.<\/p>\n\n\n\n<h2 class=\"wp-block-heading\" id=\"h-cronograma-do-concurso-sefaz-rr\">Cronograma do concurso Sefaz RR<\/h2>\n\n\n\n<h3 class=\"wp-block-heading\" id=\"h-inscri-es\">Inscri\u00e7\u00f5es<\/h3>\n\n\n\n<ul class=\"has-vivid-cyan-blue-color has-text-color wp-block-list\"><li><strong><\/strong><strong>26 de agosto a 24 de setembro, das 10 horas do primeiro dia \u00e0s 18 horas do \u00faltimo dia (hor\u00e1rio oficial de Bras\u00edlia\/DF)<\/strong><\/li><\/ul>\n\n\n\n<p>O \u00faltimo dia para garantir sua candidatura no certame ser\u00e1 24 de setembro. Depois disso, voc\u00ea s\u00f3 ter\u00e1 outra chance daqui h\u00e1 alguns anos, quando uma nova sele\u00e7\u00e3o for realizada.<\/p>\n\n\n\n<p>Al\u00e9m disso, fique sempre de olho no site da banca organizadora, o <a href=\"https:\/\/www.cebraspe.org.br\/concursos\/SEFAZ_RR_21\" target=\"_blank\" rel=\"noreferrer noopener\">Cebraspe<\/a>, e no <a href=\"https:\/\/www.estrategiaconcursos.com.br\/blog\/\" target=\"_blank\" rel=\"noreferrer noopener\">blog do Estrat\u00e9gia<\/a>, pois qualquer altera\u00e7\u00e3o nessa data, como uma prorroga\u00e7\u00e3o, ser\u00e1 divulgada!<\/p>\n\n\n\n<h3 class=\"wp-block-heading\" id=\"h-isen-o-da-taxa-de-inscri-o\">Isen\u00e7\u00e3o da taxa de inscri\u00e7\u00e3o<\/h3>\n\n\n\n<ul class=\"has-vivid-cyan-blue-color has-text-color wp-block-list\"><li><strong>26 de agosto a 24 de setembro, das 10 horas do primeiro dia \u00e0s 18 horas do \u00faltimo dia (hor\u00e1rio oficial de Bras\u00edlia\/DF)<\/strong><\/li><\/ul>\n\n\n\n<p>Conforme estabelecido no edital, somente haver\u00e1 isen\u00e7\u00e3o no valor da taxa de inscri\u00e7\u00e3o (R$ 110,00) aos candidatos que sejam, comprovadamente, doadores de sangue.<\/p>\n\n\n\n<p>Para isso ser\u00e1 necess\u00e1rio enviar imagem leg\u00edvel de declara\u00e7\u00e3o fornecida pelo banco de sangue da rede hospitalar estadual, comprovando a condi\u00e7\u00e3o de doador regular nos seis meses que antecederam a publica\u00e7\u00e3o do edital.<\/p>\n\n\n\n<h3 class=\"wp-block-heading\" id=\"h-aplica-o-da-prova-objetiva\">Aplica\u00e7\u00e3o da prova objetiva<\/h3>\n\n\n\n<ul class=\"has-vivid-cyan-blue-color has-text-color wp-block-list\"><li><strong>07 de <\/strong><strong>novembro<\/strong><\/li><\/ul>\n\n\n\n<p>As provas objetivas ter\u00e3o a dura\u00e7\u00e3o de 5 horas e ser\u00e3o aplicadas na data estabelecida, no turno da manh\u00e3. Entretanto, o hor\u00e1rio somente ser\u00e1 divulgado no dia 1\u00ba.<\/p>\n\n\n\n<h3 class=\"wp-block-heading\" id=\"h-divulga-o-do-gabarito\">Divulga\u00e7\u00e3o do gabarito <\/h3>\n\n\n\n<ul class=\"has-vivid-cyan-blue-color has-text-color wp-block-list\"><li><strong>9 de <\/strong><strong>novembro<\/strong> &#8211; a partir das 19 horas (hor\u00e1rio oficial de Bras\u00edlia\/DF)<\/li><\/ul>\n\n\n\n<p>A consulta individual aos gabaritos preliminares ser\u00e1 disponibilizada dois dias ap\u00f3s as provas. Para tal, o candidato dever\u00e1 informar o CPF e a senha cadastrada.<\/p>\n\n\n\n<h3 class=\"wp-block-heading\" id=\"h-interposi-o-de-recursos-contra-o-gabarito\"><strong>Interposi\u00e7\u00e3o de recursos contra o gabarito<\/strong><\/h3>\n\n\n\n<ul class=\"has-vivid-cyan-blue-color has-text-color wp-block-list\"><li><strong>10 a 12 de novembro &#8211; das 10 horas do primeiro dia \u00e0s 18 horas do \u00faltimo dia (hor\u00e1rio oficial de Bras\u00edlia\/DF)<\/strong><\/li><\/ul>\n\n\n\n<p>Ap\u00f3s a divulga\u00e7\u00e3o dos gabaritos preliminares, os candidatos ter\u00e3o o prazo de dois dias para interpor recurso, caso n\u00e3o concordem com alguma resposta.<\/p>\n\n\n\n<figure class=\"wp-block-image aligncenter size-large is-resized\"><img loading=\"lazy\" decoding=\"async\" src=\"https:\/\/dhg1h5j42swfq.cloudfront.net\/2020\/09\/18141901\/Coruja_Concursos%404x-506x1024.png\" alt=\"Concurso Sefaz RR: confira as principais datas do cronograma!\" class=\"wp-image-574355\" width=\"28\" height=\"56\" srcset=\"https:\/\/dhg1h5j42swfq.cloudfront.net\/2020\/09\/18141901\/Coruja_Concursos%404x-506x1024.png 506w, https:\/\/dhg1h5j42swfq.cloudfront.net\/2020\/09\/18141901\/Coruja_Concursos%404x-148x300.png 148w, https:\/\/dhg1h5j42swfq.cloudfront.net\/2020\/09\/18141901\/Coruja_Concursos%404x-610x1236.png 610w, https:\/\/dhg1h5j42swfq.cloudfront.net\/2020\/09\/18141901\/Coruja_Concursos%404x.png 745w\" sizes=\"auto, (max-width: 28px) 100vw, 28px\" \/><\/figure>\n\n\n\n<p class=\"has-text-align-center\"><em>Quer ficar por dentro de outros detalhes do edital do concurso Sefaz RR (etapas de prova, cronograma, distribui\u00e7\u00e3o das vagas&#8230;)? Ent\u00e3o n\u00e3o deixe de conferir nosso artigo completo:<\/em><\/p>\n\n\n\n<p class=\"has-text-align-center has-luminous-vivid-amber-background-color has-background has-medium-font-size\"><strong>Mais informa\u00e7\u00f5es: <a href=\"https:\/\/www.estrategiaconcursos.com.br\/blog\/concurso-sefaz-rr\/\" target=\"_blank\" rel=\"noreferrer noopener\">Concurso Sefaz RR<\/a><\/strong><\/p>\n\n\n\n<hr class=\"wp-block-separator has-css-opacity\"\/>\n\n\n\n<h2 class=\"has-text-align-center wp-block-heading\" id=\"h-quer-estudar-para-o-concurso-sefaz-rr\">Quer estudar para o concurso Sefaz RR?<\/h2>\n\n\n\n<div class=\"container\" id=\"boxes\">\n  <div class=\"row\">\n\n    <div class=\"col-sm\">\n      <div class=\"banner-estrategia\" id=\"box-assinatura\">\n        <h3 class=\"titulo-assinatura\">Concurso Sefaz RR<\/h3>\n        <p class=\"subtitulo-assinatura\">Conhe\u00e7a os cursos<\/p>\n        <div class=\"box-botao\">\n          <a class=\"btn-assinatura\" target=\"_blank\" href=\"https:\/\/www.estrategiaconcursos.com.br\/cursosPorConcurso\/secretaria-da-fazenda-do-estado-de-roraima-sefaz-rr\/\" role=\"button\" rel=\"noopener noreferrer\">Conhe\u00e7a mais<\/a>\n        <\/div>\n      <\/div><\/div><\/div><\/div>\n\n\n\n<div class=\"container\" id=\"boxes\">\n  <div class=\"row\">\n\n    <div class=\"col-sm\">\n      <div class=\"estrategia\" id=\"box-assinatura\">\n        <h3 class=\"titulo-assinatura\">Assinatura Concursos<\/h3>\n        <p class=\"subtitulo-assinatura\">Assinatura de 1 ano ou 2 anos<\/p>\n        <div class=\"box-botao\">\n          <a class=\"btn-assinatura\" target=\"_blank\" href=\"https:\/\/www.estrategiaconcursos.com.br\/assinaturas\/\" role=\"button\" rel=\"noopener noreferrer\">ASSINE AGORA<\/a>\n        <\/div>\n      <\/div><\/div><\/div><\/div>\n\n\n\n<div class=\"container\" id=\"boxes\">\n  <div class=\"row\">\n\n    <div class=\"col-sm\" id=\"boxes-concursos\">\n      <div style=\"background-color: #005DAD;\" class=\"conteudo-concursos\" id=\"box-concursos\">\n        <h3 class=\"titulo-assinatura\">Concursos Abertos<\/h3>\n        <p class=\"subtitulo-assinatura\">Confira os editais publicados<\/p>\n        <div class=\"box-botao\">\n          <a class=\"btn-assinatura\" target=\"_blank\" href=\"https:\/\/www.estrategiaconcursos.com.br\/blog\/concursos-abertos\/\" role=\"button\" rel=\"noopener noreferrer\">Conhe\u00e7a Agora<\/a>\n        <\/div>\n      <\/div>\n    <\/div>\n\n    <div class=\"col-sm\" id=\"boxes-concursos\">\n      <div style=\"background-color: #1A7ED5;\" class=\"conteudo-concursos\" id=\"box-concursos\">\n        <h3 class=\"titulo-assinatura\">Concursos 2021<\/h3>\n        <p class=\"subtitulo-assinatura\">As oportunidades previstas<\/p>\n        <div class=\"box-botao\">\n          <a class=\"btn-assinatura\" target=\"_blank\" href=\"https:\/\/www.estrategiaconcursos.com.br\/blog\/concursos-2021\/\" role=\"button\" rel=\"noopener noreferrer\">Conhe\u00e7a Agora<\/a>\n        <\/div>\n      <\/div>\n    <\/div>\n\n    <div class=\"col-sm\" id=\"boxes-concursos\">\n      <div style=\"background-color: #419FF0;\" class=\"conteudo-concursos\" id=\"box-concursos\">\n        <h3 class=\"titulo-assinatura\">Concursos 2022<\/h3>\n        <p class=\"subtitulo-assinatura\">Vagas para o pr\u00f3ximo ano<\/p>\n        <div class=\"box-botao\">\n          <a class=\"btn-assinatura\" target=\"_blank\" href=\"https:\/\/www.estrategiaconcursos.com.br\/blog\/concursos-2022\/\" role=\"button\" rel=\"noopener noreferrer\">Conhe\u00e7a Agora<\/a>\n        <\/div>\n      <\/div>\n    <\/div>\n\n  <\/div>\n<\/div>\n","protected":false},"excerpt":{"rendered":"<p>Voc\u00ea j\u00e1 deve estar sabendo que foi publicado, na \u00faltima sexta-feira (20), o edital do concurso da Sefaz RR (Secretaria de Estado da Fazenda de Roraima). Com oferta de 20 vagas imediatas, bem como forma\u00e7\u00e3o de cadastro reserva para Auditor Fiscal de Tributos Estaduais, as inscri\u00e7\u00f5es para o certame come\u00e7am j\u00e1 nesta semana. Cronograma do [&hellip;]<\/p>\n","protected":false},"author":659,"featured_media":698527,"comment_status":"open","ping_status":"closed","sticky":false,"template":"","format":"standard","meta":{"post_tipo":"news","footnotes":""},"categories":[1983,220219],"tags":[],"tax_estado":[219985],"class_list":["post-843285","post","type-post","status-publish","format-standard","has-post-thumbnail","hentry","category-fiscal-estadual","category-noticias","tax_estado-rr"],"acf":[],"yoast_head":"<!-- This site is optimized with the Yoast SEO Premium plugin v27.2 (Yoast SEO v27.2) - https:\/\/yoast.com\/product\/yoast-seo-premium-wordpress\/ -->\n<title>Concurso Sefaz RR: confira as principais datas do cronograma!<\/title>\n<meta name=\"description\" content=\"Concurso Sefaz RR: com edital j\u00e1 publicado, n\u00e3o perca as principais datas desse importante certame da \u00e1rea fiscal. Anote tudo na agenda!\" \/>\n<meta name=\"robots\" content=\"index, follow, max-snippet:-1, max-image-preview:large, max-video-preview:-1\" \/>\n<link rel=\"canonical\" href=\"https:\/\/www.estrategiaconcursos.com.br\/blog\/concurso-sefaz-rr-principais-datas-cronograma\/\" \/>\n<meta property=\"og:locale\" content=\"pt_BR\" \/>\n<meta property=\"og:type\" content=\"article\" \/>\n<meta property=\"og:title\" content=\"Concurso Sefaz RR: confira as principais datas do cronograma!\" \/>\n<meta property=\"og:description\" content=\"Concurso Sefaz RR: com edital j\u00e1 publicado, n\u00e3o perca as principais datas desse importante certame da \u00e1rea fiscal. Anote tudo na agenda!\" \/>\n<meta property=\"og:url\" content=\"https:\/\/www.estrategiaconcursos.com.br\/blog\/concurso-sefaz-rr-principais-datas-cronograma\/\" \/>\n<meta property=\"og:site_name\" content=\"Estrat\u00e9gia Concursos\" \/>\n<meta property=\"article:published_time\" content=\"2021-08-23T18:46:18+00:00\" \/>\n<meta property=\"article:modified_time\" content=\"2022-10-19T19:18:34+00:00\" \/>\n<meta property=\"og:image\" content=\"https:\/\/dhg1h5j42swfq.cloudfront.net\/2021\/03\/22154929\/sefaz-rr.jpg\" \/>\n\t<meta property=\"og:image:width\" content=\"1200\" \/>\n\t<meta property=\"og:image:height\" content=\"628\" \/>\n\t<meta property=\"og:image:type\" content=\"image\/jpeg\" \/>\n<meta name=\"author\" content=\"Camila Leite\" \/>\n<meta name=\"twitter:card\" content=\"summary_large_image\" \/>\n<meta name=\"twitter:creator\" content=\"@EstratConcursos\" \/>\n<meta name=\"twitter:site\" content=\"@EstratConcursos\" \/>\n<meta name=\"twitter:label1\" content=\"Escrito por\" \/>\n\t<meta name=\"twitter:data1\" content=\"Camila Leite\" \/>\n\t<meta name=\"twitter:label2\" content=\"Est. tempo de leitura\" \/>\n\t<meta name=\"twitter:data2\" content=\"3 minutos\" \/>\n<script type=\"application\/ld+json\" class=\"yoast-schema-graph\">{\"@context\":\"https:\/\/schema.org\",\"@graph\":[{\"@type\":\"NewsArticle\",\"@id\":\"https:\/\/www.estrategiaconcursos.com.br\/blog\/concurso-sefaz-rr-principais-datas-cronograma\/#article\",\"isPartOf\":{\"@id\":\"https:\/\/www.estrategiaconcursos.com.br\/blog\/concurso-sefaz-rr-principais-datas-cronograma\/\"},\"author\":{\"name\":\"Camila Leite\",\"@id\":\"https:\/\/www.estrategiaconcursos.com.br\/blog\/#\/schema\/person\/84ecdc6eb58d3cf1689bf76c5cd8fb38\"},\"headline\":\"Concurso Sefaz RR: confira as principais datas do cronograma!\",\"datePublished\":\"2021-08-23T18:46:18+00:00\",\"dateModified\":\"2022-10-19T19:18:34+00:00\",\"mainEntityOfPage\":{\"@id\":\"https:\/\/www.estrategiaconcursos.com.br\/blog\/concurso-sefaz-rr-principais-datas-cronograma\/\"},\"wordCount\":470,\"commentCount\":0,\"publisher\":{\"@id\":\"https:\/\/www.estrategiaconcursos.com.br\/blog\/#organization\"},\"image\":{\"@id\":\"https:\/\/www.estrategiaconcursos.com.br\/blog\/concurso-sefaz-rr-principais-datas-cronograma\/#primaryimage\"},\"thumbnailUrl\":\"https:\/\/dhg1h5j42swfq.cloudfront.net\/2021\/03\/22154929\/sefaz-rr.jpg\",\"articleSection\":[\"Fiscal - Estadual (ICMS)\",\"\u00daltimas not\u00edcias\"],\"inLanguage\":\"pt-BR\",\"potentialAction\":[{\"@type\":\"CommentAction\",\"name\":\"Comment\",\"target\":[\"https:\/\/www.estrategiaconcursos.com.br\/blog\/concurso-sefaz-rr-principais-datas-cronograma\/#respond\"]}],\"copyrightYear\":\"2021\",\"copyrightHolder\":{\"@id\":\"https:\/\/www.estrategiaconcursos.com.br\/blog\/#organization\"}},{\"@type\":\"WebPage\",\"@id\":\"https:\/\/www.estrategiaconcursos.com.br\/blog\/concurso-sefaz-rr-principais-datas-cronograma\/\",\"url\":\"https:\/\/www.estrategiaconcursos.com.br\/blog\/concurso-sefaz-rr-principais-datas-cronograma\/\",\"name\":\"Concurso Sefaz RR: confira as principais datas do cronograma!\",\"isPartOf\":{\"@id\":\"https:\/\/www.estrategiaconcursos.com.br\/blog\/#website\"},\"primaryImageOfPage\":{\"@id\":\"https:\/\/www.estrategiaconcursos.com.br\/blog\/concurso-sefaz-rr-principais-datas-cronograma\/#primaryimage\"},\"image\":{\"@id\":\"https:\/\/www.estrategiaconcursos.com.br\/blog\/concurso-sefaz-rr-principais-datas-cronograma\/#primaryimage\"},\"thumbnailUrl\":\"https:\/\/dhg1h5j42swfq.cloudfront.net\/2021\/03\/22154929\/sefaz-rr.jpg\",\"datePublished\":\"2021-08-23T18:46:18+00:00\",\"dateModified\":\"2022-10-19T19:18:34+00:00\",\"description\":\"Concurso Sefaz RR: com edital j\u00e1 publicado, n\u00e3o perca as principais datas desse importante certame da \u00e1rea fiscal. Anote tudo na agenda!\",\"breadcrumb\":{\"@id\":\"https:\/\/www.estrategiaconcursos.com.br\/blog\/concurso-sefaz-rr-principais-datas-cronograma\/#breadcrumb\"},\"inLanguage\":\"pt-BR\",\"potentialAction\":[{\"@type\":\"ReadAction\",\"target\":[\"https:\/\/www.estrategiaconcursos.com.br\/blog\/concurso-sefaz-rr-principais-datas-cronograma\/\"]}]},{\"@type\":\"ImageObject\",\"inLanguage\":\"pt-BR\",\"@id\":\"https:\/\/www.estrategiaconcursos.com.br\/blog\/concurso-sefaz-rr-principais-datas-cronograma\/#primaryimage\",\"url\":\"https:\/\/dhg1h5j42swfq.cloudfront.net\/2021\/03\/22154929\/sefaz-rr.jpg\",\"contentUrl\":\"https:\/\/dhg1h5j42swfq.cloudfront.net\/2021\/03\/22154929\/sefaz-rr.jpg\",\"width\":1200,\"height\":628,\"caption\":\"Concurso Sefaz RR recursos\"},{\"@type\":\"BreadcrumbList\",\"@id\":\"https:\/\/www.estrategiaconcursos.com.br\/blog\/concurso-sefaz-rr-principais-datas-cronograma\/#breadcrumb\",\"itemListElement\":[{\"@type\":\"ListItem\",\"position\":1,\"name\":\"In\u00edcio\",\"item\":\"https:\/\/www.estrategiaconcursos.com.br\/blog\/\"},{\"@type\":\"ListItem\",\"position\":2,\"name\":\"Concurso Sefaz RR: confira as principais datas do cronograma!\"}]},{\"@type\":\"WebSite\",\"@id\":\"https:\/\/www.estrategiaconcursos.com.br\/blog\/#website\",\"url\":\"https:\/\/www.estrategiaconcursos.com.br\/blog\/\",\"name\":\"Estrat\u00e9gia Concursos\",\"description\":\"O blog da Estrat\u00e9gia Concursos traz not\u00edcias sobre concursos e artigos de professores oferecendo cursos para concursos (pdf + videaulas) no site.\",\"publisher\":{\"@id\":\"https:\/\/www.estrategiaconcursos.com.br\/blog\/#organization\"},\"potentialAction\":[{\"@type\":\"SearchAction\",\"target\":{\"@type\":\"EntryPoint\",\"urlTemplate\":\"https:\/\/www.estrategiaconcursos.com.br\/blog\/?s={search_term_string}\"},\"query-input\":{\"@type\":\"PropertyValueSpecification\",\"valueRequired\":true,\"valueName\":\"search_term_string\"}}],\"inLanguage\":\"pt-BR\"},{\"@type\":\"Organization\",\"@id\":\"https:\/\/www.estrategiaconcursos.com.br\/blog\/#organization\",\"name\":\"Estrat\u00e9gia Concursos\",\"url\":\"https:\/\/www.estrategiaconcursos.com.br\/blog\/\",\"logo\":{\"@type\":\"ImageObject\",\"inLanguage\":\"pt-BR\",\"@id\":\"https:\/\/www.estrategiaconcursos.com.br\/blog\/#\/schema\/logo\/image\/\",\"url\":\"https:\/\/dhg1h5j42swfq.cloudfront.net\/2025\/06\/03203428\/logo_concursos-1.jpg\",\"contentUrl\":\"https:\/\/dhg1h5j42swfq.cloudfront.net\/2025\/06\/03203428\/logo_concursos-1.jpg\",\"width\":230,\"height\":60,\"caption\":\"Estrat\u00e9gia Concursos\"},\"image\":{\"@id\":\"https:\/\/www.estrategiaconcursos.com.br\/blog\/#\/schema\/logo\/image\/\"},\"sameAs\":[\"https:\/\/x.com\/EstratConcursos\"]},{\"@type\":\"Person\",\"@id\":\"https:\/\/www.estrategiaconcursos.com.br\/blog\/#\/schema\/person\/84ecdc6eb58d3cf1689bf76c5cd8fb38\",\"name\":\"Camila Leite\",\"image\":{\"@type\":\"ImageObject\",\"inLanguage\":\"pt-BR\",\"@id\":\"https:\/\/secure.gravatar.com\/avatar\/f2f8faef639c8a2bfb7fb909912a56917f4c3a0aed064500168e2fb8ea55cf61?s=96&d=mm&r=g\",\"url\":\"https:\/\/secure.gravatar.com\/avatar\/f2f8faef639c8a2bfb7fb909912a56917f4c3a0aed064500168e2fb8ea55cf61?s=96&d=mm&r=g\",\"contentUrl\":\"https:\/\/secure.gravatar.com\/avatar\/f2f8faef639c8a2bfb7fb909912a56917f4c3a0aed064500168e2fb8ea55cf61?s=96&d=mm&r=g\",\"caption\":\"Camila Leite\"},\"description\":\"Formada em Design Gr\u00e1fico e em Propaganda e Marketing pela UNIP, integra a equipe de jornalismo do Estrat\u00e9gia Concursos desde 2018. Ao longo dos anos, construiu uma s\u00f3lida experi\u00eancia na produ\u00e7\u00e3o de conte\u00fado informativo e relevante para concurseiros. Desde 2020, atua na cobertura das \u00e1reas Fiscal \u2014 com \u00eanfase nas Secretarias de Fazenda (Sefaz) das regi\u00f5es Sul e Sudeste \u2014, al\u00e9m da cobertura de concursos federais, como CNU, Petrobras, CGU, Receita Federal, ag\u00eancias reguladoras (Anvisa, ANAC, entre outras) e INSS. Mant\u00e9m contato direto com os principais \u00f3rg\u00e3os p\u00fablicos, acompanhando editais, atualiza\u00e7\u00f5es e movimenta\u00e7\u00f5es importantes para os candidatos.\",\"sameAs\":[\"https:\/\/www.linkedin.com\/in\/camila-pinheiro-leite-9ba135b6\/\"],\"url\":\"https:\/\/www.estrategiaconcursos.com.br\/blog\/author\/camila-leiteestrategiaconcursos-com-br\/\"}]}<\/script>\n<!-- \/ Yoast SEO Premium plugin. -->","yoast_head_json":{"title":"Concurso Sefaz RR: confira as principais datas do cronograma!","description":"Concurso Sefaz RR: com edital j\u00e1 publicado, n\u00e3o perca as principais datas desse importante certame da \u00e1rea fiscal. Anote tudo na agenda!","robots":{"index":"index","follow":"follow","max-snippet":"max-snippet:-1","max-image-preview":"max-image-preview:large","max-video-preview":"max-video-preview:-1"},"canonical":"https:\/\/www.estrategiaconcursos.com.br\/blog\/concurso-sefaz-rr-principais-datas-cronograma\/","og_locale":"pt_BR","og_type":"article","og_title":"Concurso Sefaz RR: confira as principais datas do cronograma!","og_description":"Concurso Sefaz RR: com edital j\u00e1 publicado, n\u00e3o perca as principais datas desse importante certame da \u00e1rea fiscal. Anote tudo na agenda!","og_url":"https:\/\/www.estrategiaconcursos.com.br\/blog\/concurso-sefaz-rr-principais-datas-cronograma\/","og_site_name":"Estrat\u00e9gia Concursos","article_published_time":"2021-08-23T18:46:18+00:00","article_modified_time":"2022-10-19T19:18:34+00:00","og_image":[{"width":1200,"height":628,"url":"https:\/\/dhg1h5j42swfq.cloudfront.net\/2021\/03\/22154929\/sefaz-rr.jpg","type":"image\/jpeg"}],"author":"Camila Leite","twitter_card":"summary_large_image","twitter_creator":"@EstratConcursos","twitter_site":"@EstratConcursos","twitter_misc":{"Escrito por":"Camila Leite","Est. tempo de leitura":"3 minutos"},"schema":{"@context":"https:\/\/schema.org","@graph":[{"@type":"NewsArticle","@id":"https:\/\/www.estrategiaconcursos.com.br\/blog\/concurso-sefaz-rr-principais-datas-cronograma\/#article","isPartOf":{"@id":"https:\/\/www.estrategiaconcursos.com.br\/blog\/concurso-sefaz-rr-principais-datas-cronograma\/"},"author":{"name":"Camila Leite","@id":"https:\/\/www.estrategiaconcursos.com.br\/blog\/#\/schema\/person\/84ecdc6eb58d3cf1689bf76c5cd8fb38"},"headline":"Concurso Sefaz RR: confira as principais datas do cronograma!","datePublished":"2021-08-23T18:46:18+00:00","dateModified":"2022-10-19T19:18:34+00:00","mainEntityOfPage":{"@id":"https:\/\/www.estrategiaconcursos.com.br\/blog\/concurso-sefaz-rr-principais-datas-cronograma\/"},"wordCount":470,"commentCount":0,"publisher":{"@id":"https:\/\/www.estrategiaconcursos.com.br\/blog\/#organization"},"image":{"@id":"https:\/\/www.estrategiaconcursos.com.br\/blog\/concurso-sefaz-rr-principais-datas-cronograma\/#primaryimage"},"thumbnailUrl":"https:\/\/dhg1h5j42swfq.cloudfront.net\/2021\/03\/22154929\/sefaz-rr.jpg","articleSection":["Fiscal - Estadual (ICMS)","\u00daltimas not\u00edcias"],"inLanguage":"pt-BR","potentialAction":[{"@type":"CommentAction","name":"Comment","target":["https:\/\/www.estrategiaconcursos.com.br\/blog\/concurso-sefaz-rr-principais-datas-cronograma\/#respond"]}],"copyrightYear":"2021","copyrightHolder":{"@id":"https:\/\/www.estrategiaconcursos.com.br\/blog\/#organization"}},{"@type":"WebPage","@id":"https:\/\/www.estrategiaconcursos.com.br\/blog\/concurso-sefaz-rr-principais-datas-cronograma\/","url":"https:\/\/www.estrategiaconcursos.com.br\/blog\/concurso-sefaz-rr-principais-datas-cronograma\/","name":"Concurso Sefaz RR: confira as principais datas do cronograma!","isPartOf":{"@id":"https:\/\/www.estrategiaconcursos.com.br\/blog\/#website"},"primaryImageOfPage":{"@id":"https:\/\/www.estrategiaconcursos.com.br\/blog\/concurso-sefaz-rr-principais-datas-cronograma\/#primaryimage"},"image":{"@id":"https:\/\/www.estrategiaconcursos.com.br\/blog\/concurso-sefaz-rr-principais-datas-cronograma\/#primaryimage"},"thumbnailUrl":"https:\/\/dhg1h5j42swfq.cloudfront.net\/2021\/03\/22154929\/sefaz-rr.jpg","datePublished":"2021-08-23T18:46:18+00:00","dateModified":"2022-10-19T19:18:34+00:00","description":"Concurso Sefaz RR: com edital j\u00e1 publicado, n\u00e3o perca as principais datas desse importante certame da \u00e1rea fiscal. Anote tudo na agenda!","breadcrumb":{"@id":"https:\/\/www.estrategiaconcursos.com.br\/blog\/concurso-sefaz-rr-principais-datas-cronograma\/#breadcrumb"},"inLanguage":"pt-BR","potentialAction":[{"@type":"ReadAction","target":["https:\/\/www.estrategiaconcursos.com.br\/blog\/concurso-sefaz-rr-principais-datas-cronograma\/"]}]},{"@type":"ImageObject","inLanguage":"pt-BR","@id":"https:\/\/www.estrategiaconcursos.com.br\/blog\/concurso-sefaz-rr-principais-datas-cronograma\/#primaryimage","url":"https:\/\/dhg1h5j42swfq.cloudfront.net\/2021\/03\/22154929\/sefaz-rr.jpg","contentUrl":"https:\/\/dhg1h5j42swfq.cloudfront.net\/2021\/03\/22154929\/sefaz-rr.jpg","width":1200,"height":628,"caption":"Concurso Sefaz RR recursos"},{"@type":"BreadcrumbList","@id":"https:\/\/www.estrategiaconcursos.com.br\/blog\/concurso-sefaz-rr-principais-datas-cronograma\/#breadcrumb","itemListElement":[{"@type":"ListItem","position":1,"name":"In\u00edcio","item":"https:\/\/www.estrategiaconcursos.com.br\/blog\/"},{"@type":"ListItem","position":2,"name":"Concurso Sefaz RR: confira as principais datas do cronograma!"}]},{"@type":"WebSite","@id":"https:\/\/www.estrategiaconcursos.com.br\/blog\/#website","url":"https:\/\/www.estrategiaconcursos.com.br\/blog\/","name":"Estrat\u00e9gia Concursos","description":"O blog da Estrat\u00e9gia Concursos traz not\u00edcias sobre concursos e artigos de professores oferecendo cursos para concursos (pdf + videaulas) no site.","publisher":{"@id":"https:\/\/www.estrategiaconcursos.com.br\/blog\/#organization"},"potentialAction":[{"@type":"SearchAction","target":{"@type":"EntryPoint","urlTemplate":"https:\/\/www.estrategiaconcursos.com.br\/blog\/?s={search_term_string}"},"query-input":{"@type":"PropertyValueSpecification","valueRequired":true,"valueName":"search_term_string"}}],"inLanguage":"pt-BR"},{"@type":"Organization","@id":"https:\/\/www.estrategiaconcursos.com.br\/blog\/#organization","name":"Estrat\u00e9gia Concursos","url":"https:\/\/www.estrategiaconcursos.com.br\/blog\/","logo":{"@type":"ImageObject","inLanguage":"pt-BR","@id":"https:\/\/www.estrategiaconcursos.com.br\/blog\/#\/schema\/logo\/image\/","url":"https:\/\/dhg1h5j42swfq.cloudfront.net\/2025\/06\/03203428\/logo_concursos-1.jpg","contentUrl":"https:\/\/dhg1h5j42swfq.cloudfront.net\/2025\/06\/03203428\/logo_concursos-1.jpg","width":230,"height":60,"caption":"Estrat\u00e9gia Concursos"},"image":{"@id":"https:\/\/www.estrategiaconcursos.com.br\/blog\/#\/schema\/logo\/image\/"},"sameAs":["https:\/\/x.com\/EstratConcursos"]},{"@type":"Person","@id":"https:\/\/www.estrategiaconcursos.com.br\/blog\/#\/schema\/person\/84ecdc6eb58d3cf1689bf76c5cd8fb38","name":"Camila Leite","image":{"@type":"ImageObject","inLanguage":"pt-BR","@id":"https:\/\/secure.gravatar.com\/avatar\/f2f8faef639c8a2bfb7fb909912a56917f4c3a0aed064500168e2fb8ea55cf61?s=96&d=mm&r=g","url":"https:\/\/secure.gravatar.com\/avatar\/f2f8faef639c8a2bfb7fb909912a56917f4c3a0aed064500168e2fb8ea55cf61?s=96&d=mm&r=g","contentUrl":"https:\/\/secure.gravatar.com\/avatar\/f2f8faef639c8a2bfb7fb909912a56917f4c3a0aed064500168e2fb8ea55cf61?s=96&d=mm&r=g","caption":"Camila Leite"},"description":"Formada em Design Gr\u00e1fico e em Propaganda e Marketing pela UNIP, integra a equipe de jornalismo do Estrat\u00e9gia Concursos desde 2018. Ao longo dos anos, construiu uma s\u00f3lida experi\u00eancia na produ\u00e7\u00e3o de conte\u00fado informativo e relevante para concurseiros. Desde 2020, atua na cobertura das \u00e1reas Fiscal \u2014 com \u00eanfase nas Secretarias de Fazenda (Sefaz) das regi\u00f5es Sul e Sudeste \u2014, al\u00e9m da cobertura de concursos federais, como CNU, Petrobras, CGU, Receita Federal, ag\u00eancias reguladoras (Anvisa, ANAC, entre outras) e INSS. Mant\u00e9m contato direto com os principais \u00f3rg\u00e3os p\u00fablicos, acompanhando editais, atualiza\u00e7\u00f5es e movimenta\u00e7\u00f5es importantes para os candidatos.","sameAs":["https:\/\/www.linkedin.com\/in\/camila-pinheiro-leite-9ba135b6\/"],"url":"https:\/\/www.estrategiaconcursos.com.br\/blog\/author\/camila-leiteestrategiaconcursos-com-br\/"}]}},"_links":{"self":[{"href":"https:\/\/www.estrategiaconcursos.com.br\/blog\/wp-json\/wp\/v2\/posts\/843285","targetHints":{"allow":["GET"]}}],"collection":[{"href":"https:\/\/www.estrategiaconcursos.com.br\/blog\/wp-json\/wp\/v2\/posts"}],"about":[{"href":"https:\/\/www.estrategiaconcursos.com.br\/blog\/wp-json\/wp\/v2\/types\/post"}],"author":[{"embeddable":true,"href":"https:\/\/www.estrategiaconcursos.com.br\/blog\/wp-json\/wp\/v2\/users\/659"}],"replies":[{"embeddable":true,"href":"https:\/\/www.estrategiaconcursos.com.br\/blog\/wp-json\/wp\/v2\/comments?post=843285"}],"version-history":[{"count":8,"href":"https:\/\/www.estrategiaconcursos.com.br\/blog\/wp-json\/wp\/v2\/posts\/843285\/revisions"}],"predecessor-version":[{"id":1112816,"href":"https:\/\/www.estrategiaconcursos.com.br\/blog\/wp-json\/wp\/v2\/posts\/843285\/revisions\/1112816"}],"wp:featuredmedia":[{"embeddable":true,"href":"https:\/\/www.estrategiaconcursos.com.br\/blog\/wp-json\/wp\/v2\/media\/698527"}],"wp:attachment":[{"href":"https:\/\/www.estrategiaconcursos.com.br\/blog\/wp-json\/wp\/v2\/media?parent=843285"}],"wp:term":[{"taxonomy":"category","embeddable":true,"href":"https:\/\/www.estrategiaconcursos.com.br\/blog\/wp-json\/wp\/v2\/categories?post=843285"},{"taxonomy":"post_tag","embeddable":true,"href":"https:\/\/www.estrategiaconcursos.com.br\/blog\/wp-json\/wp\/v2\/tags?post=843285"},{"taxonomy":"tax_estado","embeddable":true,"href":"https:\/\/www.estrategiaconcursos.com.br\/blog\/wp-json\/wp\/v2\/tax_estado?post=843285"}],"curies":[{"name":"wp","href":"https:\/\/api.w.org\/{rel}","templated":true}]}}