{"id":843247,"date":"2021-08-23T17:00:00","date_gmt":"2021-08-23T20:00:00","guid":{"rendered":"https:\/\/www.estrategiaconcursos.com.br\/blog\/?p=843247"},"modified":"2021-08-23T13:40:14","modified_gmt":"2021-08-23T16:40:14","slug":"estrategia-cast-policia-penal-mg","status":"publish","type":"post","link":"https:\/\/www.estrategiaconcursos.com.br\/blog\/estrategia-cast-policia-penal-mg\/","title":{"rendered":"Estrat\u00e9gia Cast: Pol\u00edcia Penal MG &#8211; Agente Penitenci\u00e1rio &#8211; Reta Final P\u00f3s-edital"},"content":{"rendered":"\n<p>O t\u00e3o aguardado edital do <strong>concurso Pol\u00edcia Penal MG<\/strong> foi recentemente publicado. Conforme o documento, s\u00e3o ofertadas <strong>2.420 vagas<\/strong> para o cargo de <strong><a href=\"https:\/\/www.estrategiaconcursos.com.br\/cursosPorConcurso\/agepen-mg\/\" target=\"_blank\" rel=\"noreferrer noopener\">Agente de Seguran\u00e7a Penitenci\u00e1rio<\/a><\/strong>. <\/p>\n\n\n\n<p>O processo de candidatura poder\u00e1 ser realizado entre os dias 22 de outubro e 21 de novembro de 2021, no site da banca organizadora do certame, <a href=\"https:\/\/selecon.com.br\/concursos\/sejuspmg\/\" target=\"_blank\" rel=\"noreferrer noopener\">Selecon<\/a>.<\/p>\n\n\n\n<p>Do total,<strong> <\/strong>1.944 oportunidades s\u00e3o para o sexo masculino e 476 para o sexo feminino. Entre as principais exig\u00eancias est\u00e1 forma\u00e7\u00e3o de n\u00edvel m\u00e9dio, com sal\u00e1rio inicial no valor de <strong>R$ 4.631,25.<\/strong><\/p>\n\n\n\n<h2 class=\"wp-block-heading\" id=\"h-conhe-a-o-estrat-gia-cast-pol-cia-penal-mg\">Conhe\u00e7a o&nbsp;<strong>Estrat\u00e9gia Cast<\/strong>: Pol\u00edcia Penal MG<\/h2>\n\n\n\n<p>Com o Estrat\u00e9gia Cast voc\u00ea aprende em qualquer lugar, aproveitando todos os intervalos e tempos ociosos do seu dia.<\/p>\n\n\n\n<p>Baixe o aplicativo agora mesmo em seu Smartphone e ou\u00e7a os \u00e1udios em qualquer lugar e a qualquer momento. N\u00e3o deixe para depois, reforce seus estudos agora mesmo! Confira abaixo a programa\u00e7\u00e3o do evento &#8216;Estrat\u00e9gia Cast: Pol\u00edcia Penal MG &#8211; Agente Penitenci\u00e1rio &#8211; Reta Final P\u00f3s-edital&#8217;.<\/p>\n\n\n\n<figure class=\"wp-block-table is-style-stripes\"><table><tbody><tr><td class=\"has-text-align-center\" data-align=\"center\">Mat\u00e9ria<\/td><td class=\"has-text-align-center\" data-align=\"center\">Professor<\/td><td class=\"has-text-align-center\" data-align=\"center\">Carga Hor\u00e1ria (h)<\/td><\/tr><tr><td class=\"has-text-align-center\" data-align=\"center\">Portugu\u00eas<\/td><td class=\"has-text-align-center\" data-align=\"center\">JANAINA ARRUDA<\/td><td class=\"has-text-align-center\" data-align=\"center\">1,5<\/td><\/tr><tr><td class=\"has-text-align-center\" data-align=\"center\">Inform\u00e1tica<\/td><td class=\"has-text-align-center\" data-align=\"center\">EMANUELLE GOVEIA<\/td><td class=\"has-text-align-center\" data-align=\"center\">1,0<\/td><\/tr><tr><td class=\"has-text-align-center\" data-align=\"center\">Racioc\u00ednio L\u00f3gico<\/td><td class=\"has-text-align-center\" data-align=\"center\">JHONI ZINI<\/td><td class=\"has-text-align-center\" data-align=\"center\">1,0<\/td><\/tr><tr><td class=\"has-text-align-center\" data-align=\"center\">Direito Constitucional<\/td><td class=\"has-text-align-center\" data-align=\"center\">FABIO RAMOS<\/td><td class=\"has-text-align-center\" data-align=\"center\">1,5<\/td><\/tr><tr><td class=\"has-text-align-center\" data-align=\"center\">Direito Penal<\/td><td class=\"has-text-align-center\" data-align=\"center\">CRISTIANO RODRIGUES<\/td><td class=\"has-text-align-center\" data-align=\"center\">1,5<\/td><\/tr><tr><td class=\"has-text-align-center\" data-align=\"center\">Direitos Humanos e Participa\u00e7\u00e3o Social<\/td><td class=\"has-text-align-center\" data-align=\"center\">FABIO RAMOS<\/td><td class=\"has-text-align-center\" data-align=\"center\">2,0<\/td><\/tr><tr><td class=\"has-text-align-center\" data-align=\"center\">Legisla\u00e7\u00e3o Especial<\/td><td class=\"has-text-align-center\" data-align=\"center\">ANTONIO PEQUENO<\/td><td class=\"has-text-align-center\" data-align=\"center\">3,0<\/td><\/tr><tr><td class=\"has-text-align-center\" data-align=\"center\"><strong>TOTAL<\/strong>&nbsp;<\/td><td class=\"has-text-align-center\" data-align=\"center\">&nbsp;<\/td><td class=\"has-text-align-center\" data-align=\"center\"><strong>11,5<\/strong><\/td><\/tr><\/tbody><\/table><\/figure>\n\n\n\n<div class=\"wp-block-image\"><figure class=\"aligncenter is-resized\"><a href=\"https:\/\/apps.apple.com\/br\/app\/estrat%C3%A9gia-cast\/id1479591318\" target=\"_blank\" rel=\"noreferrer noopener\"><img loading=\"lazy\" decoding=\"async\" src=\"https:\/\/s3-sa-east-1.amazonaws.com\/estrategia-blogs-prod\/gratis\/wp-content\/uploads\/2019\/11\/03223609\/22-badge_appstore.png\" alt=\"\" width=\"442\" height=\"147\"\/><\/a><\/figure><\/div>\n\n\n\n<div class=\"wp-block-image\"><figure class=\"aligncenter is-resized\"><a href=\"https:\/\/play.google.com\/store\/apps\/details?id=br.com.estrategiaaudio&amp;hl=pt_BR\" target=\"_blank\" rel=\"noreferrer noopener\"><img decoding=\"async\" src=\"https:\/\/s3-sa-east-1.amazonaws.com\/estrategia-blogs-prod\/gratis\/wp-content\/uploads\/2019\/11\/03223618\/android2.png\" alt=\"\" width=\"-962\" height=\"-285\"\/><\/a><\/figure><\/div>\n\n\n\n<p class=\"has-text-align-center has-background has-medium-font-size\" style=\"background-color:#e0e3e4\"><strong>Saiba mais: <a href=\"https:\/\/www.estrategiaconcursos.com.br\/blog\/concurso-agente-penitenciario-mg\/\" target=\"_blank\" rel=\"noreferrer noopener\">concurso PP MG<\/a><\/strong><\/p>\n\n\n\n<h2 class=\"has-text-align-center wp-block-heading\" id=\"cursos-assinatura\">Quer estudar para o concurso Pol\u00edcia Penal MG?<\/h2>\n\n\n\n<div class=\"container\" id=\"boxes\">\n  <div class=\"row\">\n\n    <div class=\"col-sm\">\n      <div class=\"banner-policial\" id=\"box-assinatura\">\n        <h3 class=\"titulo-assinatura\">Concurso Pol\u00edcia Penal MG <\/h3>\n        <p class=\"subtitulo-assinatura\">Conhe\u00e7a os cursos<\/p>\n        <div class=\"box-botao\">\n          <a class=\"btn-assinatura\" target=\"_blank\" href=\"https:\/\/www.estrategiaconcursos.com.br\/cursosPorConcurso\/agepen-mg\/\" role=\"button\" rel=\"noopener noreferrer\">Conhe\u00e7a mais<\/a>\n        <\/div>\n      <\/div>\n  \n    <\/div>\n\n  <\/div>\n<\/div>\n\n\n\n<div class=\"container\" id=\"boxes\">\n  <div class=\"row\">\n\n    <div class=\"col-sm\">\n      <div class=\"estrategia\" id=\"box-assinatura\">\n        <h3 class=\"titulo-assinatura\">Assinatura Concursos<\/h3>\n        <p class=\"subtitulo-assinatura\">Assinatura de 1 ano ou 2 anos<\/p>\n        <div class=\"box-botao\">\n          <a class=\"btn-assinatura\" target=\"_blank\" href=\"https:\/\/www.estrategiaconcursos.com.br\/assinaturas\/\" role=\"button\" rel=\"noopener noreferrer\">ASSINE AGORA<\/a>\n        <\/div>\n      <\/div>\n     \n    <\/div><\/div><\/div>\n\n\n\n<div class=\"container\" id=\"boxes\">\n  <div class=\"row\">\n\n    <div class=\"col-sm\" id=\"boxes-concursos\">\n      <div style=\"background-color: #005DAD;\" class=\"conteudo-concursos\" id=\"box-concursos\">\n        <h3 class=\"titulo-assinatura\">Concursos Abertos<\/h3>\n        <p class=\"subtitulo-assinatura\">Os editais publicados<\/p>\n        <div class=\"box-botao\">\n          <a class=\"btn-assinatura\" target=\"_blank\" href=\"https:\/\/www.estrategiaconcursos.com.br\/blog\/concursos-abertos\/\" role=\"button\" rel=\"noopener noreferrer\">Conhe\u00e7a Agora<\/a>\n        <\/div>\n      <\/div>\n    <\/div>\n\n    <div class=\"col-sm\" id=\"boxes-concursos\">\n      <div style=\"background-color: #1A7ED5;\" class=\"conteudo-concursos\" id=\"box-concursos\">\n        <h3 class=\"titulo-assinatura\">Concursos 2021<\/h3>\n        <p class=\"subtitulo-assinatura\">As oportunidades previstas<\/p>\n        <div class=\"box-botao\">\n          <a class=\"btn-assinatura\" target=\"_blank\" href=\"https:\/\/www.estrategiaconcursos.com.br\/blog\/concursos-2021\/\" role=\"button\" rel=\"noopener noreferrer\">Conhe\u00e7a Agora<\/a>\n        <\/div>\n      <\/div>\n    <\/div>\n\n    <div class=\"col-sm\" id=\"boxes-concursos\">\n      <div style=\"background-color: #419FF0;\" class=\"conteudo-concursos\" id=\"box-concursos\">\n        <h3 class=\"titulo-assinatura\">Concursos 2022<\/h3>\n        <p class=\"subtitulo-assinatura\">Vagas para o pr\u00f3ximo ano<\/p>\n        <div class=\"box-botao\">\n          <a class=\"btn-assinatura\" target=\"_blank\" href=\"https:\/\/www.estrategiaconcursos.com.br\/blog\/concursos-2022\/\" role=\"button\" rel=\"noopener noreferrer\">Conhe\u00e7a Agora<\/a>\n        <\/div>\n      <\/div>\n    <\/div>\n\n  <\/div>\n<\/div>\n","protected":false},"excerpt":{"rendered":"<p>O t\u00e3o aguardado edital do concurso Pol\u00edcia Penal MG foi recentemente publicado. Conforme o documento, s\u00e3o ofertadas 2.420 vagas para o cargo de Agente de Seguran\u00e7a Penitenci\u00e1rio. O processo de candidatura poder\u00e1 ser realizado entre os dias 22 de outubro e 21 de novembro de 2021, no site da banca organizadora do certame, Selecon. Do [&hellip;]<\/p>\n","protected":false},"author":1,"featured_media":698492,"comment_status":"open","ping_status":"closed","sticky":false,"template":"","format":"standard","meta":{"post_tipo":"news","footnotes":""},"categories":[220188,220219],"tags":[],"tax_estado":[219974],"class_list":["post-843247","post","type-post","status-publish","format-standard","has-post-thumbnail","hentry","category-policial-agente-penitenciario","category-noticias","tax_estado-mg"],"acf":[],"yoast_head":"<!-- This site is optimized with the Yoast SEO Premium plugin v27.2 (Yoast SEO v27.2) - https:\/\/yoast.com\/product\/yoast-seo-premium-wordpress\/ -->\n<title>Estrat\u00e9gia Cast: Pol\u00edcia Penal MG - Agente Penitenci\u00e1rio - Reta Final P\u00f3s-edital<\/title>\n<meta name=\"description\" content=\"Estrat\u00e9gia Cast: Pol\u00edcia Penal MG - Agente Penitenci\u00e1rio - Reta Final P\u00f3s-edital!\" \/>\n<meta name=\"robots\" content=\"index, follow, max-snippet:-1, max-image-preview:large, max-video-preview:-1\" \/>\n<link rel=\"canonical\" href=\"https:\/\/www.estrategiaconcursos.com.br\/blog\/estrategia-cast-policia-penal-mg\/\" \/>\n<meta property=\"og:locale\" content=\"pt_BR\" \/>\n<meta property=\"og:type\" content=\"article\" \/>\n<meta property=\"og:title\" content=\"Estrat\u00e9gia Cast: Pol\u00edcia Penal MG - Agente Penitenci\u00e1rio - Reta Final P\u00f3s-edital\" \/>\n<meta property=\"og:description\" content=\"Estrat\u00e9gia Cast: Pol\u00edcia Penal MG - Agente Penitenci\u00e1rio - Reta Final P\u00f3s-edital!\" \/>\n<meta property=\"og:url\" content=\"https:\/\/www.estrategiaconcursos.com.br\/blog\/estrategia-cast-policia-penal-mg\/\" \/>\n<meta property=\"og:site_name\" content=\"Estrat\u00e9gia Concursos\" \/>\n<meta property=\"article:author\" content=\"https:\/\/www.facebook.com\/EstrategiaConcursos\" \/>\n<meta property=\"article:published_time\" content=\"2021-08-23T20:00:00+00:00\" \/>\n<meta property=\"og:image\" content=\"https:\/\/dhg1h5j42swfq.cloudfront.net\/2021\/03\/22153912\/concurso-policia-penal-mg.jpg\" \/>\n\t<meta property=\"og:image:width\" content=\"1200\" \/>\n\t<meta property=\"og:image:height\" content=\"628\" \/>\n\t<meta property=\"og:image:type\" content=\"image\/jpeg\" \/>\n<meta name=\"author\" content=\"Coordena\u00e7\u00e3o\" \/>\n<meta name=\"twitter:card\" content=\"summary_large_image\" \/>\n<meta name=\"twitter:creator\" content=\"@EstratConcursos\" \/>\n<meta name=\"twitter:site\" content=\"@EstratConcursos\" \/>\n<meta name=\"twitter:label1\" content=\"Escrito por\" \/>\n\t<meta name=\"twitter:data1\" content=\"Coordena\u00e7\u00e3o\" \/>\n\t<meta name=\"twitter:label2\" content=\"Est. tempo de leitura\" \/>\n\t<meta name=\"twitter:data2\" content=\"2 minutos\" \/>\n<script type=\"application\/ld+json\" class=\"yoast-schema-graph\">{\"@context\":\"https:\/\/schema.org\",\"@graph\":[{\"@type\":\"NewsArticle\",\"@id\":\"https:\/\/www.estrategiaconcursos.com.br\/blog\/estrategia-cast-policia-penal-mg\/#article\",\"isPartOf\":{\"@id\":\"https:\/\/www.estrategiaconcursos.com.br\/blog\/estrategia-cast-policia-penal-mg\/\"},\"author\":{\"name\":\"Coordena\u00e7\u00e3o\",\"@id\":\"https:\/\/www.estrategiaconcursos.com.br\/blog\/#\/schema\/person\/b4a388c97673c5f483d72185668afa1f\"},\"headline\":\"Estrat\u00e9gia Cast: Pol\u00edcia Penal MG &#8211; Agente Penitenci\u00e1rio &#8211; Reta Final P\u00f3s-edital\",\"datePublished\":\"2021-08-23T20:00:00+00:00\",\"mainEntityOfPage\":{\"@id\":\"https:\/\/www.estrategiaconcursos.com.br\/blog\/estrategia-cast-policia-penal-mg\/\"},\"wordCount\":295,\"commentCount\":0,\"publisher\":{\"@id\":\"https:\/\/www.estrategiaconcursos.com.br\/blog\/#organization\"},\"image\":{\"@id\":\"https:\/\/www.estrategiaconcursos.com.br\/blog\/estrategia-cast-policia-penal-mg\/#primaryimage\"},\"thumbnailUrl\":\"https:\/\/dhg1h5j42swfq.cloudfront.net\/2021\/03\/22153912\/concurso-policia-penal-mg.jpg\",\"articleSection\":[\"Policial (Agente Penitenci\u00e1rio)\",\"\u00daltimas not\u00edcias\"],\"inLanguage\":\"pt-BR\",\"potentialAction\":[{\"@type\":\"CommentAction\",\"name\":\"Comment\",\"target\":[\"https:\/\/www.estrategiaconcursos.com.br\/blog\/estrategia-cast-policia-penal-mg\/#respond\"]}],\"copyrightYear\":\"2021\",\"copyrightHolder\":{\"@id\":\"https:\/\/www.estrategiaconcursos.com.br\/blog\/#organization\"}},{\"@type\":\"WebPage\",\"@id\":\"https:\/\/www.estrategiaconcursos.com.br\/blog\/estrategia-cast-policia-penal-mg\/\",\"url\":\"https:\/\/www.estrategiaconcursos.com.br\/blog\/estrategia-cast-policia-penal-mg\/\",\"name\":\"Estrat\u00e9gia Cast: Pol\u00edcia Penal MG - Agente Penitenci\u00e1rio - Reta Final P\u00f3s-edital\",\"isPartOf\":{\"@id\":\"https:\/\/www.estrategiaconcursos.com.br\/blog\/#website\"},\"primaryImageOfPage\":{\"@id\":\"https:\/\/www.estrategiaconcursos.com.br\/blog\/estrategia-cast-policia-penal-mg\/#primaryimage\"},\"image\":{\"@id\":\"https:\/\/www.estrategiaconcursos.com.br\/blog\/estrategia-cast-policia-penal-mg\/#primaryimage\"},\"thumbnailUrl\":\"https:\/\/dhg1h5j42swfq.cloudfront.net\/2021\/03\/22153912\/concurso-policia-penal-mg.jpg\",\"datePublished\":\"2021-08-23T20:00:00+00:00\",\"description\":\"Estrat\u00e9gia Cast: Pol\u00edcia Penal MG - Agente Penitenci\u00e1rio - Reta Final P\u00f3s-edital!\",\"breadcrumb\":{\"@id\":\"https:\/\/www.estrategiaconcursos.com.br\/blog\/estrategia-cast-policia-penal-mg\/#breadcrumb\"},\"inLanguage\":\"pt-BR\",\"potentialAction\":[{\"@type\":\"ReadAction\",\"target\":[\"https:\/\/www.estrategiaconcursos.com.br\/blog\/estrategia-cast-policia-penal-mg\/\"]}]},{\"@type\":\"ImageObject\",\"inLanguage\":\"pt-BR\",\"@id\":\"https:\/\/www.estrategiaconcursos.com.br\/blog\/estrategia-cast-policia-penal-mg\/#primaryimage\",\"url\":\"https:\/\/dhg1h5j42swfq.cloudfront.net\/2021\/03\/22153912\/concurso-policia-penal-mg.jpg\",\"contentUrl\":\"https:\/\/dhg1h5j42swfq.cloudfront.net\/2021\/03\/22153912\/concurso-policia-penal-mg.jpg\",\"width\":1200,\"height\":628,\"caption\":\"Concurso Pol\u00edcia Penal MG\"},{\"@type\":\"BreadcrumbList\",\"@id\":\"https:\/\/www.estrategiaconcursos.com.br\/blog\/estrategia-cast-policia-penal-mg\/#breadcrumb\",\"itemListElement\":[{\"@type\":\"ListItem\",\"position\":1,\"name\":\"In\u00edcio\",\"item\":\"https:\/\/www.estrategiaconcursos.com.br\/blog\/\"},{\"@type\":\"ListItem\",\"position\":2,\"name\":\"Estrat\u00e9gia Cast: Pol\u00edcia Penal MG &#8211; Agente Penitenci\u00e1rio &#8211; Reta Final P\u00f3s-edital\"}]},{\"@type\":\"WebSite\",\"@id\":\"https:\/\/www.estrategiaconcursos.com.br\/blog\/#website\",\"url\":\"https:\/\/www.estrategiaconcursos.com.br\/blog\/\",\"name\":\"Estrat\u00e9gia Concursos\",\"description\":\"O blog da Estrat\u00e9gia Concursos traz not\u00edcias sobre concursos e artigos de professores oferecendo cursos para concursos (pdf + videaulas) no site.\",\"publisher\":{\"@id\":\"https:\/\/www.estrategiaconcursos.com.br\/blog\/#organization\"},\"potentialAction\":[{\"@type\":\"SearchAction\",\"target\":{\"@type\":\"EntryPoint\",\"urlTemplate\":\"https:\/\/www.estrategiaconcursos.com.br\/blog\/?s={search_term_string}\"},\"query-input\":{\"@type\":\"PropertyValueSpecification\",\"valueRequired\":true,\"valueName\":\"search_term_string\"}}],\"inLanguage\":\"pt-BR\"},{\"@type\":\"Organization\",\"@id\":\"https:\/\/www.estrategiaconcursos.com.br\/blog\/#organization\",\"name\":\"Estrat\u00e9gia Concursos\",\"url\":\"https:\/\/www.estrategiaconcursos.com.br\/blog\/\",\"logo\":{\"@type\":\"ImageObject\",\"inLanguage\":\"pt-BR\",\"@id\":\"https:\/\/www.estrategiaconcursos.com.br\/blog\/#\/schema\/logo\/image\/\",\"url\":\"https:\/\/dhg1h5j42swfq.cloudfront.net\/2025\/06\/03203428\/logo_concursos-1.jpg\",\"contentUrl\":\"https:\/\/dhg1h5j42swfq.cloudfront.net\/2025\/06\/03203428\/logo_concursos-1.jpg\",\"width\":230,\"height\":60,\"caption\":\"Estrat\u00e9gia Concursos\"},\"image\":{\"@id\":\"https:\/\/www.estrategiaconcursos.com.br\/blog\/#\/schema\/logo\/image\/\"},\"sameAs\":[\"https:\/\/x.com\/EstratConcursos\"]},{\"@type\":\"Person\",\"@id\":\"https:\/\/www.estrategiaconcursos.com.br\/blog\/#\/schema\/person\/b4a388c97673c5f483d72185668afa1f\",\"name\":\"Coordena\u00e7\u00e3o\",\"image\":{\"@type\":\"ImageObject\",\"inLanguage\":\"pt-BR\",\"@id\":\"https:\/\/secure.gravatar.com\/avatar\/b720319e4c9a967eb58678d110f4fe35452fc5d5f97b202bac7b8acceb18c6ad?s=96&d=mm&r=g\",\"url\":\"https:\/\/secure.gravatar.com\/avatar\/b720319e4c9a967eb58678d110f4fe35452fc5d5f97b202bac7b8acceb18c6ad?s=96&d=mm&r=g\",\"contentUrl\":\"https:\/\/secure.gravatar.com\/avatar\/b720319e4c9a967eb58678d110f4fe35452fc5d5f97b202bac7b8acceb18c6ad?s=96&d=mm&r=g\",\"caption\":\"Coordena\u00e7\u00e3o\"},\"sameAs\":[\"https:\/\/www.facebook.com\/EstrategiaConcursos\",\"https:\/\/x.com\/EstratConcursos\"],\"url\":\"https:\/\/www.estrategiaconcursos.com.br\/blog\/author\/estrategia2013\/\"}]}<\/script>\n<!-- \/ Yoast SEO Premium plugin. -->","yoast_head_json":{"title":"Estrat\u00e9gia Cast: Pol\u00edcia Penal MG - Agente Penitenci\u00e1rio - Reta Final P\u00f3s-edital","description":"Estrat\u00e9gia Cast: Pol\u00edcia Penal MG - Agente Penitenci\u00e1rio - Reta Final P\u00f3s-edital!","robots":{"index":"index","follow":"follow","max-snippet":"max-snippet:-1","max-image-preview":"max-image-preview:large","max-video-preview":"max-video-preview:-1"},"canonical":"https:\/\/www.estrategiaconcursos.com.br\/blog\/estrategia-cast-policia-penal-mg\/","og_locale":"pt_BR","og_type":"article","og_title":"Estrat\u00e9gia Cast: Pol\u00edcia Penal MG - Agente Penitenci\u00e1rio - Reta Final P\u00f3s-edital","og_description":"Estrat\u00e9gia Cast: Pol\u00edcia Penal MG - Agente Penitenci\u00e1rio - Reta Final P\u00f3s-edital!","og_url":"https:\/\/www.estrategiaconcursos.com.br\/blog\/estrategia-cast-policia-penal-mg\/","og_site_name":"Estrat\u00e9gia Concursos","article_author":"https:\/\/www.facebook.com\/EstrategiaConcursos","article_published_time":"2021-08-23T20:00:00+00:00","og_image":[{"width":1200,"height":628,"url":"https:\/\/dhg1h5j42swfq.cloudfront.net\/2021\/03\/22153912\/concurso-policia-penal-mg.jpg","type":"image\/jpeg"}],"author":"Coordena\u00e7\u00e3o","twitter_card":"summary_large_image","twitter_creator":"@EstratConcursos","twitter_site":"@EstratConcursos","twitter_misc":{"Escrito por":"Coordena\u00e7\u00e3o","Est. tempo de leitura":"2 minutos"},"schema":{"@context":"https:\/\/schema.org","@graph":[{"@type":"NewsArticle","@id":"https:\/\/www.estrategiaconcursos.com.br\/blog\/estrategia-cast-policia-penal-mg\/#article","isPartOf":{"@id":"https:\/\/www.estrategiaconcursos.com.br\/blog\/estrategia-cast-policia-penal-mg\/"},"author":{"name":"Coordena\u00e7\u00e3o","@id":"https:\/\/www.estrategiaconcursos.com.br\/blog\/#\/schema\/person\/b4a388c97673c5f483d72185668afa1f"},"headline":"Estrat\u00e9gia Cast: Pol\u00edcia Penal MG &#8211; Agente Penitenci\u00e1rio &#8211; Reta Final P\u00f3s-edital","datePublished":"2021-08-23T20:00:00+00:00","mainEntityOfPage":{"@id":"https:\/\/www.estrategiaconcursos.com.br\/blog\/estrategia-cast-policia-penal-mg\/"},"wordCount":295,"commentCount":0,"publisher":{"@id":"https:\/\/www.estrategiaconcursos.com.br\/blog\/#organization"},"image":{"@id":"https:\/\/www.estrategiaconcursos.com.br\/blog\/estrategia-cast-policia-penal-mg\/#primaryimage"},"thumbnailUrl":"https:\/\/dhg1h5j42swfq.cloudfront.net\/2021\/03\/22153912\/concurso-policia-penal-mg.jpg","articleSection":["Policial (Agente Penitenci\u00e1rio)","\u00daltimas not\u00edcias"],"inLanguage":"pt-BR","potentialAction":[{"@type":"CommentAction","name":"Comment","target":["https:\/\/www.estrategiaconcursos.com.br\/blog\/estrategia-cast-policia-penal-mg\/#respond"]}],"copyrightYear":"2021","copyrightHolder":{"@id":"https:\/\/www.estrategiaconcursos.com.br\/blog\/#organization"}},{"@type":"WebPage","@id":"https:\/\/www.estrategiaconcursos.com.br\/blog\/estrategia-cast-policia-penal-mg\/","url":"https:\/\/www.estrategiaconcursos.com.br\/blog\/estrategia-cast-policia-penal-mg\/","name":"Estrat\u00e9gia Cast: Pol\u00edcia Penal MG - Agente Penitenci\u00e1rio - Reta Final P\u00f3s-edital","isPartOf":{"@id":"https:\/\/www.estrategiaconcursos.com.br\/blog\/#website"},"primaryImageOfPage":{"@id":"https:\/\/www.estrategiaconcursos.com.br\/blog\/estrategia-cast-policia-penal-mg\/#primaryimage"},"image":{"@id":"https:\/\/www.estrategiaconcursos.com.br\/blog\/estrategia-cast-policia-penal-mg\/#primaryimage"},"thumbnailUrl":"https:\/\/dhg1h5j42swfq.cloudfront.net\/2021\/03\/22153912\/concurso-policia-penal-mg.jpg","datePublished":"2021-08-23T20:00:00+00:00","description":"Estrat\u00e9gia Cast: Pol\u00edcia Penal MG - Agente Penitenci\u00e1rio - Reta Final P\u00f3s-edital!","breadcrumb":{"@id":"https:\/\/www.estrategiaconcursos.com.br\/blog\/estrategia-cast-policia-penal-mg\/#breadcrumb"},"inLanguage":"pt-BR","potentialAction":[{"@type":"ReadAction","target":["https:\/\/www.estrategiaconcursos.com.br\/blog\/estrategia-cast-policia-penal-mg\/"]}]},{"@type":"ImageObject","inLanguage":"pt-BR","@id":"https:\/\/www.estrategiaconcursos.com.br\/blog\/estrategia-cast-policia-penal-mg\/#primaryimage","url":"https:\/\/dhg1h5j42swfq.cloudfront.net\/2021\/03\/22153912\/concurso-policia-penal-mg.jpg","contentUrl":"https:\/\/dhg1h5j42swfq.cloudfront.net\/2021\/03\/22153912\/concurso-policia-penal-mg.jpg","width":1200,"height":628,"caption":"Concurso Pol\u00edcia Penal MG"},{"@type":"BreadcrumbList","@id":"https:\/\/www.estrategiaconcursos.com.br\/blog\/estrategia-cast-policia-penal-mg\/#breadcrumb","itemListElement":[{"@type":"ListItem","position":1,"name":"In\u00edcio","item":"https:\/\/www.estrategiaconcursos.com.br\/blog\/"},{"@type":"ListItem","position":2,"name":"Estrat\u00e9gia Cast: Pol\u00edcia Penal MG &#8211; Agente Penitenci\u00e1rio &#8211; Reta Final P\u00f3s-edital"}]},{"@type":"WebSite","@id":"https:\/\/www.estrategiaconcursos.com.br\/blog\/#website","url":"https:\/\/www.estrategiaconcursos.com.br\/blog\/","name":"Estrat\u00e9gia Concursos","description":"O blog da Estrat\u00e9gia Concursos traz not\u00edcias sobre concursos e artigos de professores oferecendo cursos para concursos (pdf + videaulas) no site.","publisher":{"@id":"https:\/\/www.estrategiaconcursos.com.br\/blog\/#organization"},"potentialAction":[{"@type":"SearchAction","target":{"@type":"EntryPoint","urlTemplate":"https:\/\/www.estrategiaconcursos.com.br\/blog\/?s={search_term_string}"},"query-input":{"@type":"PropertyValueSpecification","valueRequired":true,"valueName":"search_term_string"}}],"inLanguage":"pt-BR"},{"@type":"Organization","@id":"https:\/\/www.estrategiaconcursos.com.br\/blog\/#organization","name":"Estrat\u00e9gia Concursos","url":"https:\/\/www.estrategiaconcursos.com.br\/blog\/","logo":{"@type":"ImageObject","inLanguage":"pt-BR","@id":"https:\/\/www.estrategiaconcursos.com.br\/blog\/#\/schema\/logo\/image\/","url":"https:\/\/dhg1h5j42swfq.cloudfront.net\/2025\/06\/03203428\/logo_concursos-1.jpg","contentUrl":"https:\/\/dhg1h5j42swfq.cloudfront.net\/2025\/06\/03203428\/logo_concursos-1.jpg","width":230,"height":60,"caption":"Estrat\u00e9gia Concursos"},"image":{"@id":"https:\/\/www.estrategiaconcursos.com.br\/blog\/#\/schema\/logo\/image\/"},"sameAs":["https:\/\/x.com\/EstratConcursos"]},{"@type":"Person","@id":"https:\/\/www.estrategiaconcursos.com.br\/blog\/#\/schema\/person\/b4a388c97673c5f483d72185668afa1f","name":"Coordena\u00e7\u00e3o","image":{"@type":"ImageObject","inLanguage":"pt-BR","@id":"https:\/\/secure.gravatar.com\/avatar\/b720319e4c9a967eb58678d110f4fe35452fc5d5f97b202bac7b8acceb18c6ad?s=96&d=mm&r=g","url":"https:\/\/secure.gravatar.com\/avatar\/b720319e4c9a967eb58678d110f4fe35452fc5d5f97b202bac7b8acceb18c6ad?s=96&d=mm&r=g","contentUrl":"https:\/\/secure.gravatar.com\/avatar\/b720319e4c9a967eb58678d110f4fe35452fc5d5f97b202bac7b8acceb18c6ad?s=96&d=mm&r=g","caption":"Coordena\u00e7\u00e3o"},"sameAs":["https:\/\/www.facebook.com\/EstrategiaConcursos","https:\/\/x.com\/EstratConcursos"],"url":"https:\/\/www.estrategiaconcursos.com.br\/blog\/author\/estrategia2013\/"}]}},"_links":{"self":[{"href":"https:\/\/www.estrategiaconcursos.com.br\/blog\/wp-json\/wp\/v2\/posts\/843247","targetHints":{"allow":["GET"]}}],"collection":[{"href":"https:\/\/www.estrategiaconcursos.com.br\/blog\/wp-json\/wp\/v2\/posts"}],"about":[{"href":"https:\/\/www.estrategiaconcursos.com.br\/blog\/wp-json\/wp\/v2\/types\/post"}],"author":[{"embeddable":true,"href":"https:\/\/www.estrategiaconcursos.com.br\/blog\/wp-json\/wp\/v2\/users\/1"}],"replies":[{"embeddable":true,"href":"https:\/\/www.estrategiaconcursos.com.br\/blog\/wp-json\/wp\/v2\/comments?post=843247"}],"version-history":[{"count":4,"href":"https:\/\/www.estrategiaconcursos.com.br\/blog\/wp-json\/wp\/v2\/posts\/843247\/revisions"}],"predecessor-version":[{"id":843268,"href":"https:\/\/www.estrategiaconcursos.com.br\/blog\/wp-json\/wp\/v2\/posts\/843247\/revisions\/843268"}],"wp:featuredmedia":[{"embeddable":true,"href":"https:\/\/www.estrategiaconcursos.com.br\/blog\/wp-json\/wp\/v2\/media\/698492"}],"wp:attachment":[{"href":"https:\/\/www.estrategiaconcursos.com.br\/blog\/wp-json\/wp\/v2\/media?parent=843247"}],"wp:term":[{"taxonomy":"category","embeddable":true,"href":"https:\/\/www.estrategiaconcursos.com.br\/blog\/wp-json\/wp\/v2\/categories?post=843247"},{"taxonomy":"post_tag","embeddable":true,"href":"https:\/\/www.estrategiaconcursos.com.br\/blog\/wp-json\/wp\/v2\/tags?post=843247"},{"taxonomy":"tax_estado","embeddable":true,"href":"https:\/\/www.estrategiaconcursos.com.br\/blog\/wp-json\/wp\/v2\/tax_estado?post=843247"}],"curies":[{"name":"wp","href":"https:\/\/api.w.org\/{rel}","templated":true}]}}