{"id":842940,"date":"2021-08-23T09:57:32","date_gmt":"2021-08-23T12:57:32","guid":{"rendered":"https:\/\/www.estrategiaconcursos.com.br\/blog\/?p=842940"},"modified":"2021-08-23T21:45:55","modified_gmt":"2021-08-24T00:45:55","slug":"lancamento-da-trilha-estrategica-pos-edital-para-a-sefaz-rr","status":"publish","type":"post","link":"https:\/\/www.estrategiaconcursos.com.br\/blog\/lancamento-da-trilha-estrategica-pos-edital-para-a-sefaz-rr\/","title":{"rendered":"Lan\u00e7amento da Trilha Estrat\u00e9gica P\u00f3s-Edital para a SEFAZ-RR"},"content":{"rendered":"\n<p>Ol\u00e1, <em>concurseiro<\/em>!<br \/><br \/>Para voc\u00ea que est\u00e1 focado no concurso da SEFAZ-RR, temos uma excelente not\u00edcia!<\/p>\n\n\n\n<p>Hoje, segunda-feira (23\/08\/2021), lan\u00e7amos a aguardada <strong>Trilha Estrat\u00e9gica P\u00f3s-Edital <\/strong>para o cargo de <strong>Auditor Fiscal de Tributos da SEFAZ-RR<\/strong>.<br \/><br \/>Conduziremos os alunos que se preparam para este concurso at\u00e9 o dia da prova. Ser\u00e3o <strong>11 trilhas<\/strong>, sendo a \u00faltima publicada dia 01\/11\/2021, j\u00e1 que a<strong> prova<\/strong>, provavelmente, ocorrer\u00e1 <strong>dia 07\/11\/2021<\/strong>.<br \/><br \/>Este material \u00e9 voltado aos alunos que j\u00e1 vinham estudando, mesmo que para outra \u00e1rea e querem aproveitar esta excelente oportunidade, por isso nossas tarefas ser\u00e3o voltadas \u00e0 <strong>revis\u00e3o<\/strong> e <strong>resolu\u00e7\u00e3o de quest\u00f5es<\/strong>, considerando que nossos alunos j\u00e1 tem certo conhecimento pr\u00e9vio.<br \/><br \/>E tem mais! A primeira trilha j\u00e1 est\u00e1 dispon\u00edvel na \u00e1rea do aluno e, para incentiv\u00e1-los a come\u00e7ar, vou disponibiliz\u00e1-la <a href=\"https:\/\/drive.google.com\/file\/d\/1TSJN_x-mib7Awg0x66S2JwimRjbpfSnb\/view?usp=sharing\">aqui<\/a>.<br \/><br \/><a href=\"https:\/\/www.estrategiaconcursos.com.br\/curso\/sefaz-rr-auditor-fiscal-de-tributos-pacote-completo-2021-pos-edital\/\">Pacote completo<\/a><br \/><br \/><a href=\"https:\/\/www.estrategiaconcursos.com.br\/blog\/concurso-sefaz-rr\/\">Concurso Sefaz RR<\/a><br \/><\/p>\n\n\n\n<p><br \/><strong>Sobre as Trilhas Estrat\u00e9gicas<\/strong><br \/><br \/>O objetivo principal das Trilhas Estrat\u00e9gicas, na qual se inclui a nossa da SEFAZ-RR, \u00e9 tornar o estudo o mais eficiente poss\u00edvel, almejando otimizar ao m\u00e1ximo a prepara\u00e7\u00e3o nesse per\u00edodo p\u00f3s-edital.<br \/><br \/>Elas s\u00e3o carinhosamente consideradas o &#8220;GPS&#8221; do Concurseiro!<br \/><br \/>As Trilhas t\u00eam o objetivo de utilizar, da melhor maneira, o tempo dispon\u00edvel do aluno neste per\u00edodo p\u00f3s-edital para que esteja muito bem preparado para a prova que se aproxima. Para isso, elas s\u00e3o compostas de <strong>tarefas di\u00e1rias <\/strong>elaboradas por profissionais (nossos <em>Coaches<\/em>) que j\u00e1 obtiveram \u00eaxito nos mais variados concursos do pa\u00eds.<br \/><br \/>Al\u00e9m disso, h\u00e1 um Canal do<em><strong> Telegram<\/strong><\/em> espec\u00edfico para a <strong>Trilha da SEFAZ-RR <\/strong>em que haver\u00e1 o contato dos Organizadores com os alunos assinantes, como o envio de informa\u00e7\u00f5es importantes, dicas e conte\u00fados motivacionais. E os alunos poder\u00e3o enviar suas d\u00favidas tamb\u00e9m.<\/p>\n\n\n\n<figure class=\"wp-block-image\"><img decoding=\"async\" src=\"https:\/\/dhg1h5j42swfq.cloudfront.net\/2020\/07\/29175943\/organiza%C3%A7%C3%A3o-trilha.png\" alt=\"\" class=\"wp-image-548930\"\/><\/figure>\n\n\n\n<p><strong>Como funcionam as Trilhas?<\/strong><br \/><br \/>As Trilhas funcionar\u00e3o da seguinte forma:<br \/>\u2022 Indica\u00e7\u00e3o de estudo por Ciclos de Estudo;<br \/>\u2022 Sugest\u00e3o das disciplinas a serem estudadas em cada ciclo e momento da prepara\u00e7\u00e3o;<br \/>\u2022 Apontamento da sequ\u00eancia de estudo em cada disciplina;<br \/>\u2022 Foco no custo x benef\u00edcio considerando o conte\u00fado e o tempo de prepara\u00e7\u00e3o;<br \/>\u2022 Apontamento de estudo de teoria, exerc\u00edcios, revis\u00e3o, legisla\u00e7\u00e3o e simulados.<br \/><br \/><br \/>Contem comigo para encarar mais este desafio!<br \/><em>Amanda Alves<\/em> &#8211;<em> Organizadora e monitora de Trilhas no Estrat\u00e9gia Concursos<\/em><br \/><\/p>\n","protected":false},"excerpt":{"rendered":"<p>Ol\u00e1, concurseiro! Para voc\u00ea que est\u00e1 focado no concurso da SEFAZ-RR, temos uma excelente not\u00edcia! Hoje, segunda-feira (23\/08\/2021), lan\u00e7amos a aguardada Trilha Estrat\u00e9gica P\u00f3s-Edital para o cargo de Auditor Fiscal de Tributos da SEFAZ-RR. Conduziremos os alunos que se preparam para este concurso at\u00e9 o dia da prova. Ser\u00e3o 11 trilhas, sendo a \u00faltima publicada [&hellip;]<\/p>\n","protected":false},"author":977,"featured_media":0,"comment_status":"open","ping_status":"closed","sticky":false,"template":"","format":"standard","meta":{"post_tipo":"article","footnotes":""},"categories":[1],"tags":[],"tax_estado":[],"class_list":["post-842940","post","type-post","status-publish","format-standard","hentry","category-cursos-e-concursos"],"acf":[],"yoast_head":"<!-- This site is optimized with the Yoast SEO Premium plugin v27.2 (Yoast SEO v27.2) - https:\/\/yoast.com\/product\/yoast-seo-premium-wordpress\/ -->\n<title>Lan\u00e7amento da Trilha Estrat\u00e9gica P\u00f3s-Edital para a SEFAZ-RR<\/title>\n<meta name=\"robots\" content=\"index, follow, max-snippet:-1, max-image-preview:large, max-video-preview:-1\" \/>\n<link rel=\"canonical\" href=\"https:\/\/www.estrategiaconcursos.com.br\/blog\/lancamento-da-trilha-estrategica-pos-edital-para-a-sefaz-rr\/\" \/>\n<meta property=\"og:locale\" content=\"pt_BR\" \/>\n<meta property=\"og:type\" content=\"article\" \/>\n<meta property=\"og:title\" content=\"Lan\u00e7amento da Trilha Estrat\u00e9gica P\u00f3s-Edital para a SEFAZ-RR\" \/>\n<meta property=\"og:description\" content=\"Ol\u00e1, concurseiro! Para voc\u00ea que est\u00e1 focado no concurso da SEFAZ-RR, temos uma excelente not\u00edcia! Hoje, segunda-feira (23\/08\/2021), lan\u00e7amos a aguardada Trilha Estrat\u00e9gica P\u00f3s-Edital para o cargo de Auditor Fiscal de Tributos da SEFAZ-RR. Conduziremos os alunos que se preparam para este concurso at\u00e9 o dia da prova. Ser\u00e3o 11 trilhas, sendo a \u00faltima publicada [&hellip;]\" \/>\n<meta property=\"og:url\" content=\"https:\/\/www.estrategiaconcursos.com.br\/blog\/lancamento-da-trilha-estrategica-pos-edital-para-a-sefaz-rr\/\" \/>\n<meta property=\"og:site_name\" content=\"Estrat\u00e9gia Concursos\" \/>\n<meta property=\"article:published_time\" content=\"2021-08-23T12:57:32+00:00\" \/>\n<meta property=\"article:modified_time\" content=\"2021-08-24T00:45:55+00:00\" \/>\n<meta name=\"author\" content=\"Amanda Alves\" \/>\n<meta name=\"twitter:card\" content=\"summary_large_image\" \/>\n<meta name=\"twitter:creator\" content=\"@EstratConcursos\" \/>\n<meta name=\"twitter:site\" content=\"@EstratConcursos\" \/>\n<meta name=\"twitter:label1\" content=\"Escrito por\" \/>\n\t<meta name=\"twitter:data1\" content=\"Amanda Alves\" \/>\n\t<meta name=\"twitter:label2\" content=\"Est. tempo de leitura\" \/>\n\t<meta name=\"twitter:data2\" content=\"2 minutos\" \/>\n<script type=\"application\/ld+json\" class=\"yoast-schema-graph\">{\"@context\":\"https:\/\/schema.org\",\"@graph\":[{\"@type\":\"NewsArticle\",\"@id\":\"https:\/\/www.estrategiaconcursos.com.br\/blog\/lancamento-da-trilha-estrategica-pos-edital-para-a-sefaz-rr\/#article\",\"isPartOf\":{\"@id\":\"https:\/\/www.estrategiaconcursos.com.br\/blog\/lancamento-da-trilha-estrategica-pos-edital-para-a-sefaz-rr\/\"},\"author\":{\"name\":\"Amanda Alves\",\"@id\":\"https:\/\/www.estrategiaconcursos.com.br\/blog\/#\/schema\/person\/98623b0d57f14cabf551b439946d987a\"},\"headline\":\"Lan\u00e7amento da Trilha Estrat\u00e9gica P\u00f3s-Edital para a SEFAZ-RR\",\"datePublished\":\"2021-08-23T12:57:32+00:00\",\"dateModified\":\"2021-08-24T00:45:55+00:00\",\"mainEntityOfPage\":{\"@id\":\"https:\/\/www.estrategiaconcursos.com.br\/blog\/lancamento-da-trilha-estrategica-pos-edital-para-a-sefaz-rr\/\"},\"wordCount\":402,\"commentCount\":0,\"publisher\":{\"@id\":\"https:\/\/www.estrategiaconcursos.com.br\/blog\/#organization\"},\"articleSection\":[\"Concursos P\u00fablicos\"],\"inLanguage\":\"pt-BR\",\"potentialAction\":[{\"@type\":\"CommentAction\",\"name\":\"Comment\",\"target\":[\"https:\/\/www.estrategiaconcursos.com.br\/blog\/lancamento-da-trilha-estrategica-pos-edital-para-a-sefaz-rr\/#respond\"]}],\"copyrightYear\":\"2021\",\"copyrightHolder\":{\"@id\":\"https:\/\/www.estrategiaconcursos.com.br\/blog\/#organization\"}},{\"@type\":\"WebPage\",\"@id\":\"https:\/\/www.estrategiaconcursos.com.br\/blog\/lancamento-da-trilha-estrategica-pos-edital-para-a-sefaz-rr\/\",\"url\":\"https:\/\/www.estrategiaconcursos.com.br\/blog\/lancamento-da-trilha-estrategica-pos-edital-para-a-sefaz-rr\/\",\"name\":\"Lan\u00e7amento da Trilha Estrat\u00e9gica P\u00f3s-Edital para a SEFAZ-RR\",\"isPartOf\":{\"@id\":\"https:\/\/www.estrategiaconcursos.com.br\/blog\/#website\"},\"datePublished\":\"2021-08-23T12:57:32+00:00\",\"dateModified\":\"2021-08-24T00:45:55+00:00\",\"breadcrumb\":{\"@id\":\"https:\/\/www.estrategiaconcursos.com.br\/blog\/lancamento-da-trilha-estrategica-pos-edital-para-a-sefaz-rr\/#breadcrumb\"},\"inLanguage\":\"pt-BR\",\"potentialAction\":[{\"@type\":\"ReadAction\",\"target\":[\"https:\/\/www.estrategiaconcursos.com.br\/blog\/lancamento-da-trilha-estrategica-pos-edital-para-a-sefaz-rr\/\"]}]},{\"@type\":\"BreadcrumbList\",\"@id\":\"https:\/\/www.estrategiaconcursos.com.br\/blog\/lancamento-da-trilha-estrategica-pos-edital-para-a-sefaz-rr\/#breadcrumb\",\"itemListElement\":[{\"@type\":\"ListItem\",\"position\":1,\"name\":\"In\u00edcio\",\"item\":\"https:\/\/www.estrategiaconcursos.com.br\/blog\/\"},{\"@type\":\"ListItem\",\"position\":2,\"name\":\"Lan\u00e7amento da Trilha Estrat\u00e9gica P\u00f3s-Edital para a SEFAZ-RR\"}]},{\"@type\":\"WebSite\",\"@id\":\"https:\/\/www.estrategiaconcursos.com.br\/blog\/#website\",\"url\":\"https:\/\/www.estrategiaconcursos.com.br\/blog\/\",\"name\":\"Estrat\u00e9gia Concursos\",\"description\":\"O blog da Estrat\u00e9gia Concursos traz not\u00edcias sobre concursos e artigos de professores oferecendo cursos para concursos (pdf + videaulas) no site.\",\"publisher\":{\"@id\":\"https:\/\/www.estrategiaconcursos.com.br\/blog\/#organization\"},\"potentialAction\":[{\"@type\":\"SearchAction\",\"target\":{\"@type\":\"EntryPoint\",\"urlTemplate\":\"https:\/\/www.estrategiaconcursos.com.br\/blog\/?s={search_term_string}\"},\"query-input\":{\"@type\":\"PropertyValueSpecification\",\"valueRequired\":true,\"valueName\":\"search_term_string\"}}],\"inLanguage\":\"pt-BR\"},{\"@type\":\"Organization\",\"@id\":\"https:\/\/www.estrategiaconcursos.com.br\/blog\/#organization\",\"name\":\"Estrat\u00e9gia Concursos\",\"url\":\"https:\/\/www.estrategiaconcursos.com.br\/blog\/\",\"logo\":{\"@type\":\"ImageObject\",\"inLanguage\":\"pt-BR\",\"@id\":\"https:\/\/www.estrategiaconcursos.com.br\/blog\/#\/schema\/logo\/image\/\",\"url\":\"https:\/\/dhg1h5j42swfq.cloudfront.net\/2025\/06\/03203428\/logo_concursos-1.jpg\",\"contentUrl\":\"https:\/\/dhg1h5j42swfq.cloudfront.net\/2025\/06\/03203428\/logo_concursos-1.jpg\",\"width\":230,\"height\":60,\"caption\":\"Estrat\u00e9gia Concursos\"},\"image\":{\"@id\":\"https:\/\/www.estrategiaconcursos.com.br\/blog\/#\/schema\/logo\/image\/\"},\"sameAs\":[\"https:\/\/x.com\/EstratConcursos\"]},{\"@type\":\"Person\",\"@id\":\"https:\/\/www.estrategiaconcursos.com.br\/blog\/#\/schema\/person\/98623b0d57f14cabf551b439946d987a\",\"name\":\"Amanda Alves\",\"image\":{\"@type\":\"ImageObject\",\"inLanguage\":\"pt-BR\",\"@id\":\"https:\/\/secure.gravatar.com\/avatar\/c750b5c2106ccd05d7b280e72ac7595eac17fb09ad0103202ee504e62acb0b48?s=96&d=mm&r=g\",\"url\":\"https:\/\/secure.gravatar.com\/avatar\/c750b5c2106ccd05d7b280e72ac7595eac17fb09ad0103202ee504e62acb0b48?s=96&d=mm&r=g\",\"contentUrl\":\"https:\/\/secure.gravatar.com\/avatar\/c750b5c2106ccd05d7b280e72ac7595eac17fb09ad0103202ee504e62acb0b48?s=96&d=mm&r=g\",\"caption\":\"Amanda Alves\"},\"url\":\"https:\/\/www.estrategiaconcursos.com.br\/blog\/author\/amandaperpetuoalvesgmail-com\/\"}]}<\/script>\n<!-- \/ Yoast SEO Premium plugin. -->","yoast_head_json":{"title":"Lan\u00e7amento da Trilha Estrat\u00e9gica P\u00f3s-Edital para a SEFAZ-RR","robots":{"index":"index","follow":"follow","max-snippet":"max-snippet:-1","max-image-preview":"max-image-preview:large","max-video-preview":"max-video-preview:-1"},"canonical":"https:\/\/www.estrategiaconcursos.com.br\/blog\/lancamento-da-trilha-estrategica-pos-edital-para-a-sefaz-rr\/","og_locale":"pt_BR","og_type":"article","og_title":"Lan\u00e7amento da Trilha Estrat\u00e9gica P\u00f3s-Edital para a SEFAZ-RR","og_description":"Ol\u00e1, concurseiro! Para voc\u00ea que est\u00e1 focado no concurso da SEFAZ-RR, temos uma excelente not\u00edcia! Hoje, segunda-feira (23\/08\/2021), lan\u00e7amos a aguardada Trilha Estrat\u00e9gica P\u00f3s-Edital para o cargo de Auditor Fiscal de Tributos da SEFAZ-RR. Conduziremos os alunos que se preparam para este concurso at\u00e9 o dia da prova. Ser\u00e3o 11 trilhas, sendo a \u00faltima publicada [&hellip;]","og_url":"https:\/\/www.estrategiaconcursos.com.br\/blog\/lancamento-da-trilha-estrategica-pos-edital-para-a-sefaz-rr\/","og_site_name":"Estrat\u00e9gia Concursos","article_published_time":"2021-08-23T12:57:32+00:00","article_modified_time":"2021-08-24T00:45:55+00:00","author":"Amanda Alves","twitter_card":"summary_large_image","twitter_creator":"@EstratConcursos","twitter_site":"@EstratConcursos","twitter_misc":{"Escrito por":"Amanda Alves","Est. tempo de leitura":"2 minutos"},"schema":{"@context":"https:\/\/schema.org","@graph":[{"@type":"NewsArticle","@id":"https:\/\/www.estrategiaconcursos.com.br\/blog\/lancamento-da-trilha-estrategica-pos-edital-para-a-sefaz-rr\/#article","isPartOf":{"@id":"https:\/\/www.estrategiaconcursos.com.br\/blog\/lancamento-da-trilha-estrategica-pos-edital-para-a-sefaz-rr\/"},"author":{"name":"Amanda Alves","@id":"https:\/\/www.estrategiaconcursos.com.br\/blog\/#\/schema\/person\/98623b0d57f14cabf551b439946d987a"},"headline":"Lan\u00e7amento da Trilha Estrat\u00e9gica P\u00f3s-Edital para a SEFAZ-RR","datePublished":"2021-08-23T12:57:32+00:00","dateModified":"2021-08-24T00:45:55+00:00","mainEntityOfPage":{"@id":"https:\/\/www.estrategiaconcursos.com.br\/blog\/lancamento-da-trilha-estrategica-pos-edital-para-a-sefaz-rr\/"},"wordCount":402,"commentCount":0,"publisher":{"@id":"https:\/\/www.estrategiaconcursos.com.br\/blog\/#organization"},"articleSection":["Concursos P\u00fablicos"],"inLanguage":"pt-BR","potentialAction":[{"@type":"CommentAction","name":"Comment","target":["https:\/\/www.estrategiaconcursos.com.br\/blog\/lancamento-da-trilha-estrategica-pos-edital-para-a-sefaz-rr\/#respond"]}],"copyrightYear":"2021","copyrightHolder":{"@id":"https:\/\/www.estrategiaconcursos.com.br\/blog\/#organization"}},{"@type":"WebPage","@id":"https:\/\/www.estrategiaconcursos.com.br\/blog\/lancamento-da-trilha-estrategica-pos-edital-para-a-sefaz-rr\/","url":"https:\/\/www.estrategiaconcursos.com.br\/blog\/lancamento-da-trilha-estrategica-pos-edital-para-a-sefaz-rr\/","name":"Lan\u00e7amento da Trilha Estrat\u00e9gica P\u00f3s-Edital para a SEFAZ-RR","isPartOf":{"@id":"https:\/\/www.estrategiaconcursos.com.br\/blog\/#website"},"datePublished":"2021-08-23T12:57:32+00:00","dateModified":"2021-08-24T00:45:55+00:00","breadcrumb":{"@id":"https:\/\/www.estrategiaconcursos.com.br\/blog\/lancamento-da-trilha-estrategica-pos-edital-para-a-sefaz-rr\/#breadcrumb"},"inLanguage":"pt-BR","potentialAction":[{"@type":"ReadAction","target":["https:\/\/www.estrategiaconcursos.com.br\/blog\/lancamento-da-trilha-estrategica-pos-edital-para-a-sefaz-rr\/"]}]},{"@type":"BreadcrumbList","@id":"https:\/\/www.estrategiaconcursos.com.br\/blog\/lancamento-da-trilha-estrategica-pos-edital-para-a-sefaz-rr\/#breadcrumb","itemListElement":[{"@type":"ListItem","position":1,"name":"In\u00edcio","item":"https:\/\/www.estrategiaconcursos.com.br\/blog\/"},{"@type":"ListItem","position":2,"name":"Lan\u00e7amento da Trilha Estrat\u00e9gica P\u00f3s-Edital para a SEFAZ-RR"}]},{"@type":"WebSite","@id":"https:\/\/www.estrategiaconcursos.com.br\/blog\/#website","url":"https:\/\/www.estrategiaconcursos.com.br\/blog\/","name":"Estrat\u00e9gia Concursos","description":"O blog da Estrat\u00e9gia Concursos traz not\u00edcias sobre concursos e artigos de professores oferecendo cursos para concursos (pdf + videaulas) no site.","publisher":{"@id":"https:\/\/www.estrategiaconcursos.com.br\/blog\/#organization"},"potentialAction":[{"@type":"SearchAction","target":{"@type":"EntryPoint","urlTemplate":"https:\/\/www.estrategiaconcursos.com.br\/blog\/?s={search_term_string}"},"query-input":{"@type":"PropertyValueSpecification","valueRequired":true,"valueName":"search_term_string"}}],"inLanguage":"pt-BR"},{"@type":"Organization","@id":"https:\/\/www.estrategiaconcursos.com.br\/blog\/#organization","name":"Estrat\u00e9gia Concursos","url":"https:\/\/www.estrategiaconcursos.com.br\/blog\/","logo":{"@type":"ImageObject","inLanguage":"pt-BR","@id":"https:\/\/www.estrategiaconcursos.com.br\/blog\/#\/schema\/logo\/image\/","url":"https:\/\/dhg1h5j42swfq.cloudfront.net\/2025\/06\/03203428\/logo_concursos-1.jpg","contentUrl":"https:\/\/dhg1h5j42swfq.cloudfront.net\/2025\/06\/03203428\/logo_concursos-1.jpg","width":230,"height":60,"caption":"Estrat\u00e9gia Concursos"},"image":{"@id":"https:\/\/www.estrategiaconcursos.com.br\/blog\/#\/schema\/logo\/image\/"},"sameAs":["https:\/\/x.com\/EstratConcursos"]},{"@type":"Person","@id":"https:\/\/www.estrategiaconcursos.com.br\/blog\/#\/schema\/person\/98623b0d57f14cabf551b439946d987a","name":"Amanda Alves","image":{"@type":"ImageObject","inLanguage":"pt-BR","@id":"https:\/\/secure.gravatar.com\/avatar\/c750b5c2106ccd05d7b280e72ac7595eac17fb09ad0103202ee504e62acb0b48?s=96&d=mm&r=g","url":"https:\/\/secure.gravatar.com\/avatar\/c750b5c2106ccd05d7b280e72ac7595eac17fb09ad0103202ee504e62acb0b48?s=96&d=mm&r=g","contentUrl":"https:\/\/secure.gravatar.com\/avatar\/c750b5c2106ccd05d7b280e72ac7595eac17fb09ad0103202ee504e62acb0b48?s=96&d=mm&r=g","caption":"Amanda Alves"},"url":"https:\/\/www.estrategiaconcursos.com.br\/blog\/author\/amandaperpetuoalvesgmail-com\/"}]}},"_links":{"self":[{"href":"https:\/\/www.estrategiaconcursos.com.br\/blog\/wp-json\/wp\/v2\/posts\/842940","targetHints":{"allow":["GET"]}}],"collection":[{"href":"https:\/\/www.estrategiaconcursos.com.br\/blog\/wp-json\/wp\/v2\/posts"}],"about":[{"href":"https:\/\/www.estrategiaconcursos.com.br\/blog\/wp-json\/wp\/v2\/types\/post"}],"author":[{"embeddable":true,"href":"https:\/\/www.estrategiaconcursos.com.br\/blog\/wp-json\/wp\/v2\/users\/977"}],"replies":[{"embeddable":true,"href":"https:\/\/www.estrategiaconcursos.com.br\/blog\/wp-json\/wp\/v2\/comments?post=842940"}],"version-history":[{"count":9,"href":"https:\/\/www.estrategiaconcursos.com.br\/blog\/wp-json\/wp\/v2\/posts\/842940\/revisions"}],"predecessor-version":[{"id":843757,"href":"https:\/\/www.estrategiaconcursos.com.br\/blog\/wp-json\/wp\/v2\/posts\/842940\/revisions\/843757"}],"wp:attachment":[{"href":"https:\/\/www.estrategiaconcursos.com.br\/blog\/wp-json\/wp\/v2\/media?parent=842940"}],"wp:term":[{"taxonomy":"category","embeddable":true,"href":"https:\/\/www.estrategiaconcursos.com.br\/blog\/wp-json\/wp\/v2\/categories?post=842940"},{"taxonomy":"post_tag","embeddable":true,"href":"https:\/\/www.estrategiaconcursos.com.br\/blog\/wp-json\/wp\/v2\/tags?post=842940"},{"taxonomy":"tax_estado","embeddable":true,"href":"https:\/\/www.estrategiaconcursos.com.br\/blog\/wp-json\/wp\/v2\/tax_estado?post=842940"}],"curies":[{"name":"wp","href":"https:\/\/api.w.org\/{rel}","templated":true}]}}