{"id":842727,"date":"2021-08-24T10:48:00","date_gmt":"2021-08-24T13:48:00","guid":{"rendered":"https:\/\/www.estrategiaconcursos.com.br\/blog\/?p=842727"},"modified":"2021-08-27T08:10:56","modified_gmt":"2021-08-27T11:10:56","slug":"constituicao-estadual-do-espirito-santo-p1","status":"publish","type":"post","link":"https:\/\/www.estrategiaconcursos.com.br\/blog\/constituicao-estadual-do-espirito-santo-p1\/","title":{"rendered":"Resumo da Constitui\u00e7\u00e3o Estadual do Esp\u00edrito Santo \u2013 parte 1"},"content":{"rendered":"\n<p>Ol\u00e1, pessoal. Tudo certo? No artigo de hoje veremos o Resumo da Constitui\u00e7\u00e3o Estadual do Esp\u00edrito Santo.<\/p>\n\n\n\n<p>A ideia, obviamente, n\u00e3o \u00e9 trazer toda a <a href=\"http:\/\/www3.al.es.gov.br\/Arquivo\/Documents\/legislacao\/html\/coe11989.html\">Constitui\u00e7\u00e3o Estadual<\/a>, mas apenas apontar alguns pontos que podem ser cobrados em sua prova.<\/p>\n\n\n\n<div class=\"wp-block-image\"><figure class=\"aligncenter size-large\"><img loading=\"lazy\" decoding=\"async\" width=\"620\" height=\"128\" src=\"https:\/\/dhg1h5j42swfq.cloudfront.net\/2021\/08\/22205441\/image-572.png\" alt=\"Resumo da Constitui\u00e7\u00e3o Estadual do Esp\u00edrito Santo \u2013 parte 1\" class=\"wp-image-842729\" srcset=\"https:\/\/dhg1h5j42swfq.cloudfront.net\/2021\/08\/22205441\/image-572.png 620w, https:\/\/dhg1h5j42swfq.cloudfront.net\/2021\/08\/22205441\/image-572-300x62.png 300w, https:\/\/dhg1h5j42swfq.cloudfront.net\/2021\/08\/22205441\/image-572-610x126.png 610w\" sizes=\"auto, (max-width: 620px) 100vw, 620px\" \/><figcaption>Resumo da Constitui\u00e7\u00e3o Estadual do Esp\u00edrito Santo \u2013 parte 1<\/figcaption><\/figure><\/div>\n\n\n\n<p>Vamos l\u00e1.<\/p>\n\n\n\n<h2 class=\"wp-block-heading\" id=\"h-direitos-e-garantias-individuais-e-coletivos\">Direitos e Garantias individuais e coletivos<\/h2>\n\n\n\n<p>Iniciemos o Resumo da Constitui\u00e7\u00e3o Estadual do Esp\u00edrito Santo pelos direitos e garantias individuais e coletivos.<\/p>\n\n\n\n<p>Pela import\u00e2ncia do artigo terceiro, conhe\u00e7amos sua literalidade.<\/p>\n\n\n\n<p><strong><em>Art. 3\u00ba<\/em><\/strong><em>&nbsp;&#8211; Estado assegurar\u00e1, pela lei e demais atos de seus \u00f3rg\u00e3os e agentes, a imediata e plena efetividade dos <\/em><strong><em><span class=\"has-inline-color has-vivid-cyan-blue-color\">direitos e garantias individuais e coletivos<\/span><\/em><\/strong><em> mencionados na&nbsp;<a href=\"http:\/\/www.planalto.gov.br\/ccivil_03\/constituicao\/constituicao.htm\">Constitui\u00e7\u00e3o Federal<\/a>&nbsp;e dela decorrentes, al\u00e9m dos constantes nos tratados internacionais de que a Rep\u00fablica Federativa do Brasil seja parte.&nbsp;&nbsp;&nbsp;&nbsp;&nbsp;&nbsp;&nbsp;<\/em><\/p>\n\n\n\n<p>Nesse sentido, o <strong>Estado e os Munic\u00edpios estabelecer\u00e3o<\/strong>, por lei, <strong>san\u00e7\u00f5es<\/strong> de natureza administrativa econ\u00f4mica e financeira a <strong>quem incorrer em qualquer tipo de discrimina\u00e7\u00e3o<\/strong>, independentemente das san\u00e7\u00f5es criminais<\/p>\n\n\n\n<p>Ainda, fica assegurado o <strong>car\u00e1ter democr\u00e1tico<\/strong> na <strong><span class=\"has-inline-color has-vivid-green-cyan-color\">formula\u00e7\u00e3o e execu\u00e7\u00e3o das pol\u00edticas<\/span><\/strong> e no controle das a\u00e7\u00f5es governamentais atrav\u00e9s de mecanismos que garantam a <strong>participa\u00e7\u00e3o da sociedade civil<\/strong> (Art. 5)<\/p>\n\n\n\n<p>Al\u00e9m disso, as<span class=\"has-inline-color has-vivid-purple-color\"> <strong>omiss\u00f5es dos agentes p\u00fablicos<\/strong> <\/span>que tornem invi\u00e1vel o exerc\u00edcio dos direitos constitucionais <strong>ser\u00e3o sanadas<\/strong> no prazo de <strong>30 dias<\/strong> ap\u00f3s requerimento do interessado, sem preju\u00edzo da utiliza\u00e7\u00e3o de medidas judiciais (Art. 6).<\/p>\n\n\n\n<h2 class=\"wp-block-heading\" id=\"h-organiza-o-pol-tico-administrativa\">Organiza\u00e7\u00e3o pol\u00edtico-administrativa<\/h2>\n\n\n\n<p>Dando continuidade ao Resumo da Constitui\u00e7\u00e3o Estadual do Esp\u00edrito Santo, vejamos sobre a Organiza\u00e7\u00e3o do Estado.<\/p>\n\n\n\n<p><span class=\"has-inline-color has-vivid-cyan-blue-color\"><strong>Organiza\u00e7\u00e3o pol\u00edtico-administrativa do Estado<\/strong> <\/span>(Art. 14)<strong>: constitu\u00edda pela uni\u00e3o dos Munic\u00edpios<\/strong>, todos aut\u00f4nomos, nos termos da&nbsp;<a href=\"http:\/\/www.planalto.gov.br\/ccivil_03\/constituicao\/constituicao.htm\">Constitui\u00e7\u00e3o Federal<\/a>, desta Constitui\u00e7\u00e3o e das leis que vierem a ser adotadas.&nbsp;<\/p>\n\n\n\n<p><span class=\"has-inline-color has-vivid-green-cyan-color\"><strong>Capital<\/strong> <\/span>(Art. 15): Cidade de <strong>Vit\u00f3ria, <\/strong>podendo o <strong>Governador<\/strong> <strong>decretar a sua <\/strong><span class=\"has-inline-color has-vivid-purple-color\"><strong>transfer\u00eancia<\/strong> <\/span>temporariamente para outra cidade do territ\u00f3rio estadual:&nbsp;&nbsp;&nbsp;<\/p>\n\n\n\n<ul class=\"wp-block-list\"><li><strong>I&nbsp;<\/strong>&#8211; nas&nbsp;&nbsp;situa\u00e7\u00f5es&nbsp;&nbsp;de&nbsp;&nbsp;<strong>calamidade&nbsp;&nbsp;p\u00fablica<\/strong>,&nbsp;&nbsp;para&nbsp;&nbsp;dar&nbsp;&nbsp;continuidade&nbsp;&nbsp;\u00e0 administra\u00e7\u00e3o p\u00fablica;&nbsp;<\/li><li><strong>II&nbsp;<\/strong>&#8211; <strong>simbolicamente<\/strong>, em&nbsp;&nbsp;datas&nbsp;&nbsp;festivas, como homenagem a Munic\u00edpios ou a seus cidad\u00e3os.<\/li><\/ul>\n\n\n\n<p>Al\u00e9m disso, vejamos sobre os bens pertencentes ao Esp\u00edrito Santo.<\/p>\n\n\n\n<p><strong><span class=\"has-inline-color has-vivid-green-cyan-color\">Bens do Estado<\/span> <\/strong>(Art. 18)&nbsp;&nbsp;<\/p>\n\n\n\n<ul class=\"wp-block-list\"><li><strong>I<\/strong>&nbsp;&#8211; as <strong><span class=\"has-inline-color has-vivid-purple-color\">\u00e1guas<\/span><\/strong>, <strong>exclusivamente<\/strong> em terreno de <strong>seu dom\u00ednio<\/strong>, superficiais ou subterr\u00e2neas, fluentes, emergentes, e em dep\u00f3sito, ressalvadas, neste caso, na forma da lei, as decorrentes de obras da Uni\u00e3o;&nbsp;&nbsp;&nbsp;<\/li><li><strong>II&nbsp;<\/strong>&#8211;&nbsp;&nbsp;as \u00e1reas, nas <strong><span class=\"has-inline-color has-vivid-purple-color\">ilhas <\/span><\/strong>oce\u00e2nicas e costeiras de <strong>seu dom\u00ednio<\/strong>;&nbsp;<\/li><li><strong>III&nbsp;<\/strong>&#8211; as <strong><span class=\"has-inline-color has-vivid-purple-color\">ilhas <\/span>fluviais<\/strong> e lacustres sob o seu dom\u00ednio e <strong>n\u00e3o-pertencentes \u00e0 Uni\u00e3o<\/strong>;&nbsp;&nbsp;&nbsp;<\/li><li><strong>IV<\/strong>&nbsp;&#8211; as <span class=\"has-inline-color has-vivid-purple-color\"><strong>terras devolutas<\/strong> <\/span><strong>n\u00e3o<\/strong>&#8211;<strong>compreendidas entre os do dom\u00ednio da uni\u00e3o<\/strong>;&nbsp;&nbsp;&nbsp;<\/li><li><strong>V<\/strong> &#8211;&nbsp;os bens que atualmente lhe pertencem e os que lhe vierem a ser atribu\u00eddos -&gt; <strong><span class=\"has-inline-color has-vivid-purple-color\">residual<\/span><\/strong>.&nbsp;<\/li><\/ul>\n\n\n\n<p>&nbsp;Caso tenha d\u00favida no tema, n\u00e3o deixe de conferir o seguinte artigo:<\/p>\n\n\n\n<p class=\"has-text-align-center\"><a href=\"https:\/\/www.estrategiaconcursos.com.br\/blog\/organizacao-do-estado\/\">Organiza\u00e7\u00e3o do Estado na Constitui\u00e7\u00e3o Federal<\/a><\/p>\n\n\n\n<h3 class=\"wp-block-heading\" id=\"h-estado-e-munic-pio\">Estado e Munic\u00edpio<\/h3>\n\n\n\n<p>Tamb\u00e9m vejamos algumas disposi\u00e7\u00f5es sobre o Estado e os munic\u00edpios.<\/p>\n\n\n\n<p><strong><span class=\"has-inline-color has-vivid-cyan-blue-color\">Compet\u00eancia do Estado<\/span><\/strong> (Art. 19)<\/p>\n\n\n\n<ul class=\"wp-block-list\"><li><strong>III <\/strong>&#8211; exercer todos os poderes que, expl\u00edcita ou implicitamente,<span class=\"has-inline-color has-vivid-green-cyan-color\"> <strong>n\u00e3o lhe sejam vedados<\/strong><\/span><strong> pela&nbsp;<\/strong><a href=\"http:\/\/www.planalto.gov.br\/ccivil_03\/constituicao\/constituicao.htm\"><strong>Constitui\u00e7\u00e3o Federal<\/strong><\/a>;&nbsp;<\/li><li><strong>V<\/strong>&nbsp;&#8211; <span class=\"has-inline-color has-vivid-green-cyan-color\"><strong>fixar<\/strong> <\/span><strong><span class=\"has-inline-color has-vivid-red-color\">tarifas <\/span><\/strong><span class=\"has-inline-color has-vivid-green-cyan-color\"><strong>p\u00fablicas<\/strong><\/span> dos <strong>servi\u00e7os de sua compet\u00eancia<\/strong>.&nbsp;<\/li><\/ul>\n\n\n\n<p>Quanto ao <strong><span class=\"has-inline-color has-vivid-cyan-blue-color\">Munic\u00edpio<\/span><\/strong>, temos que o <strong>territ\u00f3rio ser\u00e1 dividido<\/strong>, para fins administrativos, em <strong>distritos<\/strong>, na forma prevista em lei (art. 22)<\/p>\n\n\n\n<h2 class=\"wp-block-heading\" id=\"h-administra-o-p-blica\">Administra\u00e7\u00e3o P\u00fablica<\/h2>\n\n\n\n<p>Avan\u00e7ando no Resumo da Constitui\u00e7\u00e3o Estadual do Esp\u00edrito Santo, temos as important\u00edssimas disposi\u00e7\u00f5es sobre a Administra\u00e7\u00e3o P\u00fablica.<strong><\/strong><\/p>\n\n\n\n<h3 class=\"wp-block-heading\" id=\"h-disposi-es-gerais\">Disposi\u00e7\u00f5es Gerais<strong>&nbsp;<\/strong><\/h3>\n\n\n\n<p>Comecemos pelos princ\u00edpios expl\u00edcitos na Constitui\u00e7\u00e3o Estadual.<\/p>\n\n\n\n<p><strong><span class=\"has-inline-color has-vivid-cyan-blue-color\">Princ\u00edpios expl\u00edcitos<\/span> <\/strong>(Art. 32): legalidade, impessoalidade, moralidade, publicidade, efici\u00eancia<strong>, <span class=\"has-inline-color has-vivid-red-color\">f<\/span>inalidade, <span class=\"has-inline-color has-vivid-red-color\">i<\/span>nteresse p\u00fablico, <span class=\"has-inline-color has-vivid-red-color\">m<\/span>otiva\u00e7\u00e3o, razoabilidade e proporcionalidade<\/strong><\/p>\n\n\n\n<p><strong><span class=\"has-inline-color has-cyan-bluish-gray-color\">Mnem\u00f4nico:<\/span> LIMPE + <span class=\"has-inline-color has-vivid-red-color\">FIM <\/span>da razoabilidade e proporcionalidade<\/strong><\/p>\n\n\n\n<p>Nesse sentido as administra\u00e7\u00f5es p\u00fablicas direta e indireta de quaisquer dos Poderes do Estado e dos Munic\u00edpios obedecer\u00e3o aos princ\u00edpios e tamb\u00e9m aos seguintes:<\/p>\n\n\n\n<ul class=\"wp-block-list\"><li><strong>VI&nbsp;&#8211;&nbsp;<\/strong>\u00e9 vedado ao servidor p\u00fablico servir sob a dire\u00e7\u00e3o imediata de c\u00f4njuge ou parente at\u00e9 terceiro grau civil, n\u00e3o admitindo ainda nomea\u00e7\u00f5es que configurem reciprocidades por nomea\u00e7\u00f5es;&nbsp;<span class=\"has-inline-color has-vivid-purple-color\">&#8211;<\/span><span class=\"has-inline-color has-vivid-green-cyan-color\">&gt; <strong>Veda\u00e7\u00e3o ao Nepotismo de forma expressa<\/strong><\/span><\/li><li><strong>XII&nbsp;&#8211;<\/strong>&nbsp;<span class=\"has-inline-color has-vivid-green-cyan-color\">a <strong>remunera\u00e7\u00e3o e o subs\u00eddio<\/strong><\/span> dos ocupantes de cargos, fun\u00e7\u00f5es e empregos p\u00fablicos da administra\u00e7\u00e3o direta, aut\u00e1rquica e fundacional, dos membros de qualquer dos <strong>Poderes do Estado e dos Munic\u00edpios<\/strong>, dos detentores de mandato eletivo e dos demais agentes pol\u00edticos e os proventos, pens\u00f5es ou outra esp\u00e9cie remunerat\u00f3ria, percebidos cumulativamente ou n\u00e3o, inclu\u00eddas as vantagens pessoais ou de qualquer outra natureza, <strong>n\u00e3o poder\u00e3o exceder o subs\u00eddio mensal, em esp\u00e9cie, dos Ministros do <span class=\"has-inline-color has-vivid-red-color\">Supremo Tribunal Federal<\/span><\/strong>;&nbsp;<\/li><li><strong>XXIII&nbsp;&#8211;<\/strong>&nbsp;o diretor de \u00f3rg\u00e3o da administra\u00e7\u00e3o indireta e fundacional dever\u00e1 apresentar <span class=\"has-inline-color has-vivid-green-cyan-color\"><strong>declara\u00e7\u00e3o de bens<\/strong> <\/span>ao tomar posse e ao deixar o cargo;&nbsp;<\/li><\/ul>\n\n\n\n<h4 class=\"wp-block-heading\" id=\"h-outras-disposi-es\">Outras disposi\u00e7\u00f5es<\/h4>\n\n\n\n<p>Vejamos um direito bem interessante dado aos servidores no Esp\u00edrito Santo.<\/p>\n\n\n\n<p><strong><span class=\"has-inline-color has-vivid-cyan-blue-color\">Planos e programas \u00fanicos de previd\u00eancia e assist\u00eancia social<\/span> <\/strong>(Art. 32, \u00a711\u00ba):<strong> Estado e os Munic\u00edpios instituir\u00e3o<\/strong> para seus servidores ativos <strong>e inativos<\/strong> e respectivos, dependentes, neles inclu\u00edda a assist\u00eancia m\u00e9dica, odontol\u00f3gica, psicol\u00f3gica, hospitalar, ambulatorial e jur\u00eddica, al\u00e9m de servi\u00e7os de creches, mediante contribui\u00e7\u00e3o, obedecidos os princ\u00edpios constitucionais.&nbsp;<\/p>\n\n\n\n<p>Al\u00e9m de um conselho que busca disciplinar sobre remunera\u00e7\u00e3o dos servidores.<\/p>\n\n\n\n<p><strong><span class=\"has-inline-color has-vivid-cyan-blue-color\">Conselho de Pol\u00edtica de Administra\u00e7\u00e3o e Remunera\u00e7\u00e3o de Pessoal <\/span><\/strong>(Art. 38):<strong> Estado e os Munic\u00edpios<\/strong> instituir\u00e3o de forma integrada por <strong>servidores<\/strong> designados pelos respectivos Poderes.<\/p>\n\n\n\n<p>Entretanto tamb\u00e9m podemos destacar alguns deveres.<\/p>\n\n\n\n<p><strong><span class=\"has-inline-color has-vivid-green-cyan-color\">Fornecer certid\u00e3o\/informa\u00e7\u00e3o de interesse do cidad\u00e3o<\/span> <\/strong>(Art. 32, \u00a718\u00ba):<strong> <\/strong>no prazo m\u00e1ximo de <strong>10 dias \u00fateis,<\/strong> sob pena de responsabilidade da autoria ou de servidor que negar ou retardar a sua expedi\u00e7\u00e3o<\/p>\n\n\n\n<p>Buscando dar maior publicidade ao gastos p\u00fablicos, a CF disciplina que a <strong><span class=\"has-inline-color has-vivid-green-cyan-color\">divulga\u00e7\u00e3o dos gastos<\/span><\/strong> de todos os Poderes e \u00d3rg\u00e3os do Estado do <strong>Esp\u00edrito Santo , al\u00e9m das <\/strong>entidades que recebam recursos p\u00fablicos, dever\u00e1 ser realizada de <strong>forma objetiva, transparente <\/strong>, sendo <strong>proibida <\/strong>a <strong>exig\u00eancia de cadastro<\/strong> e\/ou a solicita\u00e7\u00e3o de <strong>dados pessoais<\/strong> <strong>como condi\u00e7\u00e3o de acesso \u00e0s informa\u00e7\u00f5es<\/strong>, e ainda (Art. 32, \u00a720\u00ba):<\/p>\n\n\n\n<ul class=\"wp-block-list\"><li><strong>I &#8211;<\/strong>&nbsp;tratando-se de <strong><span class=\"has-inline-color has-vivid-purple-color\">contrato ou de conv\u00eanio<\/span><\/strong>, dever\u00e3o ser divulgados os <strong>nomes das partes, o objeto, o prazo, o valor<\/strong>, dentre outras informa\u00e7\u00f5es;&nbsp;<\/li><li><strong>II &#8211;<\/strong>&nbsp;tratando-se de <strong><span class=\"has-inline-color has-vivid-purple-color\">gastos com pessoal<\/span><\/strong>, dever\u00e3o ser <strong>divulgados nomes, cargos\/fun\u00e7\u00f5es, valores recebidos<\/strong> de forma detalhada, dentre outras informa\u00e7\u00f5es.&nbsp;<\/li><\/ul>\n\n\n\n<p>Destacamos tamb\u00e9m a literalidade do artigo 35 sobre a veda\u00e7\u00e3o ao servidor \u201cdono\/administrador de empresa\u201d<\/p>\n\n\n\n<p><strong><em>Art. 35<\/em><\/strong><em>&nbsp;&#8211; \u00c9 vedado ao servidor p\u00fablico, sob pena de demiss\u00e3o, participar, na qualidade de propriet\u00e1rio, s\u00f3cio ou administrador, de empresa fornecedora de bens e servi\u00e7os, executora de obras ou que realize qualquer modalidade de contrato, de ajuste ou compromisso com&nbsp;o Estado.&nbsp;<\/em><\/p>\n\n\n\n<h2 class=\"wp-block-heading\" id=\"h-do-processo-legislativo\">Do Processo Legislativo<\/h2>\n\n\n\n<p>Destaquemos algumas particularidades importantes quanto ao processo legislativo do Esp\u00edrito Santo se comparado ao processo federal.<\/p>\n\n\n\n<p><strong><span class=\"has-inline-color has-vivid-cyan-blue-color\">Processo legislativo<\/span><\/strong> (Art. 61) &#8211; compreende a elabora\u00e7\u00e3o de:<\/p>\n\n\n\n<ul class=\"wp-block-list\"><li>I &#8211; <strong><span class=\"has-inline-color has-vivid-green-cyan-color\">emendas \u00e0 Constitui\u00e7\u00e3o<\/span><\/strong>;<\/li><li>II &#8211; <strong>leis complementares<\/strong>;<\/li><li>III &#8211; <strong>leis ordin\u00e1rias<\/strong>;<\/li><li>IV &#8211; <strong>decretos legislativos<\/strong>;<\/li><li>V &#8211; <strong>resolu\u00e7\u00f5es<\/strong>.<\/li><\/ul>\n\n\n\n<p><strong><span class=\"has-inline-color has-luminous-vivid-amber-color\">Obs.:<\/span><\/strong> N\u00e3o previu as leis delegadas e medidas provis\u00f3rias<\/p>\n\n\n\n<p>Al\u00e9m disso, vejamos quem poder\u00e1 propor <span class=\"has-inline-color has-vivid-green-cyan-color\"><strong>emenda \u00e0 Constitui\u00e7\u00e3o Estadual<\/strong> <\/span>(Art. 62)<\/p>\n\n\n\n<ul class=\"wp-block-list\"><li>I &#8211; de um ter\u00e7o, no m\u00ednimo, dos membros da <strong>Assembleia Legislativa<\/strong>;<\/li><li>II &#8211; do <strong>Governador<\/strong> do Estado;<\/li><li>III &#8211; de <strong>iniciativa popular<\/strong>, na forma do Art.69;<span class=\"has-inline-color has-vivid-purple-color\"> -&gt; Poss\u00edvel iniciativa popular<\/span><\/li><li>IV &#8211; de <strong>1\/3<\/strong>, no m\u00ednimo, das <strong>C\u00e2maras Municipais<\/strong>.<span class=\"has-inline-color has-vivid-purple-color\"> -&gt; 1\/3 e n\u00e3o \u00bd igual a CF<\/span><\/li><\/ul>\n\n\n\n<h2 class=\"wp-block-heading\" id=\"h-poder-executivo\">Poder executivo<\/h2>\n\n\n\n<p>\u00c9 importante conhecermos a literalidade do artigo 85-A, que versa sobre o momento da elei\u00e7\u00e3o do Governador. <strong><\/strong><\/p>\n\n\n\n<p><strong><em>Art. 85-A<\/em><\/strong><em>&nbsp;Ao <strong><span class=\"has-inline-color has-vivid-cyan-blue-color\">candidato declarado eleito<\/span><\/strong> pela Justi\u00e7a Eleitoral para o cargo de Governador, a <u>partir da proclama\u00e7\u00e3o do resultado das elei\u00e7\u00f5es<\/u>, \u00e9 <strong>assegurado o direito de obter acesso \u00e0s informa\u00e7\u00f5es<\/strong> sobre o funcionamento dos \u00f3rg\u00e3os e das entidades da <strong>administra\u00e7\u00e3o p\u00fablica estadual<\/strong>, bem como das a\u00e7\u00f5es, projetos e dos programas em andamento, dos contratos, dos conv\u00eanios e outros pactos, das contas p\u00fablicas, dos bens, da estrutura funcional, do invent\u00e1rio de d\u00edvidas e haveres e dos recursos vinculados a fundos constitu\u00eddos, <strong>por <\/strong>meio<strong> de <span class=\"has-inline-color has-vivid-green-cyan-color\">equipe de transi\u00e7\u00e3o democr\u00e1tica de governo<\/span>, institu\u00edda com este objetivo<\/strong>.&nbsp;<\/em><\/p>\n\n\n\n<p>Veja que foi disciplinado sobre uma equipe de transi\u00e7\u00e3o de governo, disposi\u00e7\u00e3o bem interessante. Vamos aprofundar um pouco.<\/p>\n\n\n\n<p><strong><span class=\"has-inline-color has-vivid-green-cyan-color\">Equipe de transi\u00e7\u00e3o<\/span> <\/strong>(Art. 85-A, 1\u00ba): A institui\u00e7\u00e3o da <strong>equipe de transi\u00e7\u00e3o democr\u00e1tica de governo<\/strong>, prevista no&nbsp;caput&nbsp;deste artigo, <strong>ser\u00e1 disciplinada por lei<\/strong> estadual espec\u00edfica, cuja <strong>inexist\u00eancia <span class=\"has-inline-color has-vivid-red-color\">n\u00e3o <\/span>constituir\u00e1 \u00f3bice<\/strong>, em qualquer hip\u00f3tese, ao <strong>acesso \u00e0s informa\u00e7\u00f5es<\/strong> por todos aqueles que sejam credenciados pelo governador rec\u00e9m-eleito.<\/p>\n\n\n\n<p>Al\u00e9m disso, temos outras informa\u00e7\u00f5es, tais como:<\/p>\n\n\n\n<ul class=\"wp-block-list\"><li><span class=\"has-inline-color has-vivid-purple-color\"><strong>Declara\u00e7\u00e3o p\u00fablica de bens<\/strong> <\/span>(Art. 89): Governador e o Vice, no <strong>ato da posse<\/strong> e no <strong>t\u00e9rmino do mandato<\/strong><\/li><li><strong><span class=\"has-inline-color has-vivid-purple-color\">Aus\u00eancia do Governador e Vice <\/span><\/strong>(Art. 86): necess\u00e1ria licen\u00e7a do poder legislativo se por per\u00edodo superior a 15 dias, ainda o Governador e o Vice t\u00eam a obriga\u00e7\u00e3o de <strong>enviar \u00e0 Assembl\u00e9ia Legislativa<\/strong> <strong><span class=\"has-inline-color has-luminous-vivid-amber-color\">relat\u00f3rio <\/span>circunstanciado<\/strong> dos resultados da viagem ao exterior (Art. 86, \u00a7\u00fa).&nbsp;<\/li><li><span class=\"has-inline-color has-vivid-purple-color\"><strong>Ren\u00fancia<\/strong> <\/span>(Art. 88): Torna-se efetiva a partir do conhecimento da respectiva mensagem pela Assembleia Legislativa.&nbsp;<\/li><\/ul>\n\n\n\n<h3 class=\"wp-block-heading\" id=\"h-das-atribui-es-do-governador-do-estado\">Das Atribui\u00e7\u00f5es do Governador do Estado<\/h3>\n\n\n\n<p>Conhe\u00e7amos agora algumas compet\u00eancias do Governador que podem confundir. &nbsp;<\/p>\n\n\n\n<p><span class=\"has-inline-color has-vivid-cyan-blue-color\"><strong>Compet\u00eancia do<\/strong> <strong>Governador<\/strong> <\/span>(Art. 91):<\/p>\n\n\n\n<ul class=\"wp-block-list\"><li><strong>VII&nbsp;&#8211;<\/strong>&nbsp;<strong>nomear<\/strong>&nbsp;o<span class=\"has-inline-color has-vivid-green-cyan-color\">&nbsp;<strong>Procurador-Geral&nbsp;de&nbsp;Justi\u00e7a<\/strong>&nbsp;<\/span>e&nbsp;o&nbsp;<strong><span class=\"has-inline-color has-vivid-green-cyan-color\">Procurador-Geral&nbsp;do Estado<\/span>;<\/strong>&nbsp;<\/li><li><strong>XVI&nbsp;&nbsp;&nbsp;&#8211;<\/strong>&nbsp;<strong>enviar<\/strong> \u00e0 Assembleia Legislativa o <strong>plano plurianual de investimentos<\/strong>, o <strong><span class=\"has-inline-color has-vivid-green-cyan-color\">plano estadual de desenvolvimento<\/span><\/strong>, o <strong>projeto de lei de diretrizes or\u00e7ament\u00e1rias<\/strong> e a <strong>proposta de or\u00e7amento anual<\/strong> previstos nesta Constitui\u00e7\u00e3o;<\/li><li><strong>XVII&nbsp;&#8211;<\/strong>&nbsp;<strong>comparecer anualmente \u00e0 Assembleia Legislativa<\/strong> para <span class=\"has-inline-color has-vivid-green-cyan-color\"><strong>apresentar relat\u00f3rio<\/strong> <\/span>sobre sua administra\u00e7\u00e3o e responder a indaga\u00e7\u00f5es dos Deputados;&nbsp;<\/li><li><strong>XVIII&nbsp;&#8211;<\/strong>&nbsp;<span class=\"has-inline-color has-vivid-green-cyan-color\"><strong>prestar<\/strong> <\/span>\u00e0 Assembleia Legislativa <strong>at\u00e9 o dia<\/strong> <strong>30 de abril de cada ano<\/strong>, as <span class=\"has-inline-color has-vivid-green-cyan-color\"><strong>contas<\/strong> <\/span>relativas ao exerc\u00edcio anterior;&nbsp;<\/li><li><strong>XXII&nbsp;&#8211;<\/strong>&nbsp;<strong><span class=\"has-inline-color has-vivid-green-cyan-color\">convocar extraordinariamente a Assembl\u00e9ia Legislativa<\/span><\/strong> na forma prevista nesta Constitui\u00e7\u00e3o;<\/li><li><strong>XXIII&nbsp;&#8211;<\/strong>&nbsp;enviar ao Poder Legislativo o <span class=\"has-inline-color has-vivid-green-cyan-color\"><strong>Programa de Metas e A\u00e7\u00f5es Estrat\u00e9gicas<\/strong> <\/span>de seu Governo <strong>at\u00e9 90 dias ap\u00f3s sua posse.<\/strong>&nbsp;<\/li><\/ul>\n\n\n\n<h2 class=\"wp-block-heading\" id=\"h-considera-es-finais\">Considera\u00e7\u00f5es Finais<\/h2>\n\n\n\n<p>Pessoal, chegamos ao final do Resumo da Constitui\u00e7\u00e3o Estadual do Esp\u00edrito Santo. Espero que tenham gostado.<\/p>\n\n\n\n<p>Como dissemos, a ideia \u00e9 tentar direcion\u00e1-los para aquilo que tem mais probabilidade de ser cobrado, entretanto, por \u00f3bvio, que n\u00e3o afasta a necessidade de conhecer as demais disposi\u00e7\u00f5es.<\/p>\n\n\n\n<p>Para isso temos nossos cursos completos, n\u00e3o deixe de conferir.<\/p>\n\n\n\n<p class=\"has-text-align-center\"><a href=\"https:\/\/www.instagram.com\/resumospassarin\/\">https:\/\/www.instagram.com\/resumospassarin\/<\/a><\/p>\n\n\n\n<h2 class=\"has-text-align-center wp-block-heading\" id=\"h-cursos-e-assinaturas\">Cursos e Assinaturas<\/h2>\n\n\n\n<div class=\"container\" id=\"boxes\">\n  <div class=\"row\">\n\n    <div class=\"col-sm\">\n      <div class=\"estrategia\" id=\"box-assinatura\">\n        <h3 class=\"titulo-assinatura\">Assinatura Concursos<\/h3>\n        <p class=\"subtitulo-assinatura\">Assinatura de 1 ano ou 2 anos<\/p>\n        <div class=\"box-botao\">\n          <a class=\"btn-assinatura\" target=\"_blank\" href=\"https:\/\/www.estrategiaconcursos.com.br\/assinaturas\/\" role=\"button\" rel=\"noopener noreferrer\">ASSINE AGORA<\/a>\n        <\/div>\n      <\/div><\/div><\/div><\/div>\n\n\n\n<div class=\"container\" id=\"boxes\">\n  <div class=\"row\">\n\n    <div class=\"col-sm\" id=\"boxes-concursos\">\n      <div style=\"background-color: #005DAD;\" class=\"conteudo-concursos\" id=\"box-concursos\">\n        <h3 class=\"titulo-assinatura\">Concursos Abertos<\/h3>\n        <p class=\"subtitulo-assinatura\">Os editais publicados<\/p>\n        <div class=\"box-botao\">\n          <a class=\"btn-assinatura\" target=\"_blank\" href=\"https:\/\/www.estrategiaconcursos.com.br\/blog\/concursos-abertos\/\" role=\"button\" rel=\"noopener noreferrer\">Conhe\u00e7a Agora<\/a>\n        <\/div>\n      <\/div>\n    <\/div>\n\n    <div class=\"col-sm\" id=\"boxes-concursos\">\n      <div style=\"background-color: #1A7ED5;\" class=\"conteudo-concursos\" id=\"box-concursos\">\n        <h3 class=\"titulo-assinatura\">Concursos 2021<\/h3>\n        <p class=\"subtitulo-assinatura\">As oportunidades previstas<\/p>\n        <div class=\"box-botao\">\n          <a class=\"btn-assinatura\" target=\"_blank\" href=\"https:\/\/www.estrategiaconcursos.com.br\/blog\/concursos-2021\/\" role=\"button\" rel=\"noopener noreferrer\">Conhe\u00e7a Agora<\/a>\n        <\/div>\n      <\/div>\n    <\/div>\n\n    <div class=\"col-sm\" id=\"boxes-concursos\">\n      <div style=\"background-color: #419FF0;\" class=\"conteudo-concursos\" id=\"box-concursos\">\n        <h3 class=\"titulo-assinatura\">Concursos 2022<\/h3>\n        <p class=\"subtitulo-assinatura\">Vagas para o pr\u00f3ximo ano<\/p>\n        <div class=\"box-botao\">\n          <a class=\"btn-assinatura\" target=\"_blank\" href=\"https:\/\/www.estrategiaconcursos.com.br\/blog\/concursos-2022\/\" role=\"button\" rel=\"noopener noreferrer\">Conhe\u00e7a Agora<\/a>\n        <\/div>\n      <\/div>\n    <\/div>\n\n  <\/div>\n<\/div>\n\n\n\n<div class=\"container\" id=\"boxes\">\n  <div class=\"row\">\n\n    <div class=\"col-sm\">\n      <div class=\"banner-tribunal\" id=\"box-assinatura\">\n        <h3 class=\"titulo-assinatura\">Cursos para Carreiras Jur\u00eddicas<\/h3>\n        <p class=\"subtitulo-assinatura\">Conhe\u00e7a os cursos<\/p>\n        <div class=\"box-botao\">\n          <a class=\"btn-assinatura\" target=\"_blank\" href=\"https:\/\/www.estrategiaconcursos.com.br\/cursosPorConcurso\/assinaturas-carreira-juridica\/\" rel=\"noopener noreferrer\">Conhe\u00e7a mais<\/a>\n        <\/div>\n      <\/div>\n      <p class=\"texto-auxiliar\">Prepare-se com o melhor material e com quem mais aprova em Concursos P\u00fablicos em todo o pa\u00eds.<\/p>\n    <\/div>\n\n  <\/div>\n<\/div>\n\n\n\n<p>At\u00e9 mais e bons estudos!<\/p>\n","protected":false},"excerpt":{"rendered":"<p>Ol\u00e1, pessoal. Tudo certo? No artigo de hoje veremos o Resumo da Constitui\u00e7\u00e3o Estadual do Esp\u00edrito Santo. A ideia, obviamente, n\u00e3o \u00e9 trazer toda a Constitui\u00e7\u00e3o Estadual, mas apenas apontar alguns pontos que podem ser cobrados em sua prova. Vamos l\u00e1. Direitos e Garantias individuais e coletivos Iniciemos o Resumo da Constitui\u00e7\u00e3o Estadual do Esp\u00edrito [&hellip;]<\/p>\n","protected":false},"author":1763,"featured_media":547560,"comment_status":"open","ping_status":"closed","sticky":false,"template":"","format":"standard","meta":{"post_tipo":"article","footnotes":""},"categories":[1,1983],"tags":[],"tax_estado":[219971],"class_list":["post-842727","post","type-post","status-publish","format-standard","has-post-thumbnail","hentry","category-cursos-e-concursos","category-fiscal-estadual","tax_estado-es"],"acf":[],"yoast_head":"<!-- This site is optimized with the Yoast SEO Premium plugin v27.2 (Yoast SEO v27.2) - https:\/\/yoast.com\/product\/yoast-seo-premium-wordpress\/ -->\n<title>Resumo da Constitui\u00e7\u00e3o Estadual do Esp\u00edrito Santo \u2013 parte 1<\/title>\n<meta name=\"description\" content=\"Veja no artigo de hoje o Resumo da Constitui\u00e7\u00e3o Estadual do ES, referente \u00e0 organiza\u00e7\u00e3o do poder p\u00fablico e da administra\u00e7\u00e3o p\u00fablica.\" \/>\n<meta name=\"robots\" content=\"index, follow, max-snippet:-1, max-image-preview:large, max-video-preview:-1\" \/>\n<link rel=\"canonical\" href=\"https:\/\/www.estrategiaconcursos.com.br\/blog\/constituicao-estadual-do-espirito-santo-p1\/\" \/>\n<meta property=\"og:locale\" content=\"pt_BR\" \/>\n<meta property=\"og:type\" content=\"article\" \/>\n<meta property=\"og:title\" content=\"Resumo da Constitui\u00e7\u00e3o Estadual do Esp\u00edrito Santo \u2013 parte 1\" \/>\n<meta property=\"og:description\" content=\"Veja no artigo de hoje o Resumo da Constitui\u00e7\u00e3o Estadual do ES, referente \u00e0 organiza\u00e7\u00e3o do poder p\u00fablico e da administra\u00e7\u00e3o p\u00fablica.\" \/>\n<meta property=\"og:url\" content=\"https:\/\/www.estrategiaconcursos.com.br\/blog\/constituicao-estadual-do-espirito-santo-p1\/\" \/>\n<meta property=\"og:site_name\" content=\"Estrat\u00e9gia Concursos\" \/>\n<meta property=\"article:published_time\" content=\"2021-08-24T13:48:00+00:00\" \/>\n<meta property=\"article:modified_time\" content=\"2021-08-27T11:10:56+00:00\" \/>\n<meta property=\"og:image\" content=\"https:\/\/dhg1h5j42swfq.cloudfront.net\/2020\/07\/27112256\/concursos.jpg\" \/>\n\t<meta property=\"og:image:width\" content=\"1024\" \/>\n\t<meta property=\"og:image:height\" content=\"536\" \/>\n\t<meta property=\"og:image:type\" content=\"image\/jpeg\" \/>\n<meta name=\"author\" content=\"Leonardo Menezes Passarin\" \/>\n<meta name=\"twitter:card\" content=\"summary_large_image\" \/>\n<meta name=\"twitter:creator\" content=\"@EstratConcursos\" \/>\n<meta name=\"twitter:site\" content=\"@EstratConcursos\" \/>\n<meta name=\"twitter:label1\" content=\"Escrito por\" \/>\n\t<meta name=\"twitter:data1\" content=\"Leonardo Menezes Passarin\" \/>\n\t<meta name=\"twitter:label2\" content=\"Est. tempo de leitura\" \/>\n\t<meta name=\"twitter:data2\" content=\"8 minutos\" \/>\n<script type=\"application\/ld+json\" class=\"yoast-schema-graph\">{\"@context\":\"https:\/\/schema.org\",\"@graph\":[{\"@type\":\"NewsArticle\",\"@id\":\"https:\/\/www.estrategiaconcursos.com.br\/blog\/constituicao-estadual-do-espirito-santo-p1\/#article\",\"isPartOf\":{\"@id\":\"https:\/\/www.estrategiaconcursos.com.br\/blog\/constituicao-estadual-do-espirito-santo-p1\/\"},\"author\":{\"name\":\"Leonardo Menezes Passarin\",\"@id\":\"https:\/\/www.estrategiaconcursos.com.br\/blog\/#\/schema\/person\/245b44e43eb13f0dbd04a7a078cd0d0d\"},\"headline\":\"Resumo da Constitui\u00e7\u00e3o Estadual do Esp\u00edrito Santo \u2013 parte 1\",\"datePublished\":\"2021-08-24T13:48:00+00:00\",\"dateModified\":\"2021-08-27T11:10:56+00:00\",\"mainEntityOfPage\":{\"@id\":\"https:\/\/www.estrategiaconcursos.com.br\/blog\/constituicao-estadual-do-espirito-santo-p1\/\"},\"wordCount\":2029,\"commentCount\":0,\"publisher\":{\"@id\":\"https:\/\/www.estrategiaconcursos.com.br\/blog\/#organization\"},\"image\":{\"@id\":\"https:\/\/www.estrategiaconcursos.com.br\/blog\/constituicao-estadual-do-espirito-santo-p1\/#primaryimage\"},\"thumbnailUrl\":\"https:\/\/dhg1h5j42swfq.cloudfront.net\/2020\/07\/27112256\/concursos.jpg\",\"articleSection\":[\"Concursos P\u00fablicos\",\"Fiscal - Estadual (ICMS)\"],\"inLanguage\":\"pt-BR\",\"potentialAction\":[{\"@type\":\"CommentAction\",\"name\":\"Comment\",\"target\":[\"https:\/\/www.estrategiaconcursos.com.br\/blog\/constituicao-estadual-do-espirito-santo-p1\/#respond\"]}],\"copyrightYear\":\"2021\",\"copyrightHolder\":{\"@id\":\"https:\/\/www.estrategiaconcursos.com.br\/blog\/#organization\"}},{\"@type\":\"WebPage\",\"@id\":\"https:\/\/www.estrategiaconcursos.com.br\/blog\/constituicao-estadual-do-espirito-santo-p1\/\",\"url\":\"https:\/\/www.estrategiaconcursos.com.br\/blog\/constituicao-estadual-do-espirito-santo-p1\/\",\"name\":\"Resumo da Constitui\u00e7\u00e3o Estadual do Esp\u00edrito Santo \u2013 parte 1\",\"isPartOf\":{\"@id\":\"https:\/\/www.estrategiaconcursos.com.br\/blog\/#website\"},\"primaryImageOfPage\":{\"@id\":\"https:\/\/www.estrategiaconcursos.com.br\/blog\/constituicao-estadual-do-espirito-santo-p1\/#primaryimage\"},\"image\":{\"@id\":\"https:\/\/www.estrategiaconcursos.com.br\/blog\/constituicao-estadual-do-espirito-santo-p1\/#primaryimage\"},\"thumbnailUrl\":\"https:\/\/dhg1h5j42swfq.cloudfront.net\/2020\/07\/27112256\/concursos.jpg\",\"datePublished\":\"2021-08-24T13:48:00+00:00\",\"dateModified\":\"2021-08-27T11:10:56+00:00\",\"description\":\"Veja no artigo de hoje o Resumo da Constitui\u00e7\u00e3o Estadual do ES, referente \u00e0 organiza\u00e7\u00e3o do poder p\u00fablico e da administra\u00e7\u00e3o p\u00fablica.\",\"breadcrumb\":{\"@id\":\"https:\/\/www.estrategiaconcursos.com.br\/blog\/constituicao-estadual-do-espirito-santo-p1\/#breadcrumb\"},\"inLanguage\":\"pt-BR\",\"potentialAction\":[{\"@type\":\"ReadAction\",\"target\":[\"https:\/\/www.estrategiaconcursos.com.br\/blog\/constituicao-estadual-do-espirito-santo-p1\/\"]}]},{\"@type\":\"ImageObject\",\"inLanguage\":\"pt-BR\",\"@id\":\"https:\/\/www.estrategiaconcursos.com.br\/blog\/constituicao-estadual-do-espirito-santo-p1\/#primaryimage\",\"url\":\"https:\/\/dhg1h5j42swfq.cloudfront.net\/2020\/07\/27112256\/concursos.jpg\",\"contentUrl\":\"https:\/\/dhg1h5j42swfq.cloudfront.net\/2020\/07\/27112256\/concursos.jpg\",\"width\":1024,\"height\":536,\"caption\":\"Concursos do Esp\u00edrito do Santo\"},{\"@type\":\"BreadcrumbList\",\"@id\":\"https:\/\/www.estrategiaconcursos.com.br\/blog\/constituicao-estadual-do-espirito-santo-p1\/#breadcrumb\",\"itemListElement\":[{\"@type\":\"ListItem\",\"position\":1,\"name\":\"In\u00edcio\",\"item\":\"https:\/\/www.estrategiaconcursos.com.br\/blog\/\"},{\"@type\":\"ListItem\",\"position\":2,\"name\":\"Resumo da Constitui\u00e7\u00e3o Estadual do Esp\u00edrito Santo \u2013 parte 1\"}]},{\"@type\":\"WebSite\",\"@id\":\"https:\/\/www.estrategiaconcursos.com.br\/blog\/#website\",\"url\":\"https:\/\/www.estrategiaconcursos.com.br\/blog\/\",\"name\":\"Estrat\u00e9gia Concursos\",\"description\":\"O blog da Estrat\u00e9gia Concursos traz not\u00edcias sobre concursos e artigos de professores oferecendo cursos para concursos (pdf + videaulas) no site.\",\"publisher\":{\"@id\":\"https:\/\/www.estrategiaconcursos.com.br\/blog\/#organization\"},\"potentialAction\":[{\"@type\":\"SearchAction\",\"target\":{\"@type\":\"EntryPoint\",\"urlTemplate\":\"https:\/\/www.estrategiaconcursos.com.br\/blog\/?s={search_term_string}\"},\"query-input\":{\"@type\":\"PropertyValueSpecification\",\"valueRequired\":true,\"valueName\":\"search_term_string\"}}],\"inLanguage\":\"pt-BR\"},{\"@type\":\"Organization\",\"@id\":\"https:\/\/www.estrategiaconcursos.com.br\/blog\/#organization\",\"name\":\"Estrat\u00e9gia Concursos\",\"url\":\"https:\/\/www.estrategiaconcursos.com.br\/blog\/\",\"logo\":{\"@type\":\"ImageObject\",\"inLanguage\":\"pt-BR\",\"@id\":\"https:\/\/www.estrategiaconcursos.com.br\/blog\/#\/schema\/logo\/image\/\",\"url\":\"https:\/\/dhg1h5j42swfq.cloudfront.net\/2025\/06\/03203428\/logo_concursos-1.jpg\",\"contentUrl\":\"https:\/\/dhg1h5j42swfq.cloudfront.net\/2025\/06\/03203428\/logo_concursos-1.jpg\",\"width\":230,\"height\":60,\"caption\":\"Estrat\u00e9gia Concursos\"},\"image\":{\"@id\":\"https:\/\/www.estrategiaconcursos.com.br\/blog\/#\/schema\/logo\/image\/\"},\"sameAs\":[\"https:\/\/x.com\/EstratConcursos\"]},{\"@type\":\"Person\",\"@id\":\"https:\/\/www.estrategiaconcursos.com.br\/blog\/#\/schema\/person\/245b44e43eb13f0dbd04a7a078cd0d0d\",\"name\":\"Leonardo Menezes Passarin\",\"image\":{\"@type\":\"ImageObject\",\"inLanguage\":\"pt-BR\",\"@id\":\"https:\/\/secure.gravatar.com\/avatar\/fc0e5714ceaa97f24e6e6a30eab74ba8a701c2b62f8cab100ffdb22c6d8f42c3?s=96&d=mm&r=g\",\"url\":\"https:\/\/secure.gravatar.com\/avatar\/fc0e5714ceaa97f24e6e6a30eab74ba8a701c2b62f8cab100ffdb22c6d8f42c3?s=96&d=mm&r=g\",\"contentUrl\":\"https:\/\/secure.gravatar.com\/avatar\/fc0e5714ceaa97f24e6e6a30eab74ba8a701c2b62f8cab100ffdb22c6d8f42c3?s=96&d=mm&r=g\",\"caption\":\"Leonardo Menezes Passarin\"},\"url\":\"https:\/\/www.estrategiaconcursos.com.br\/blog\/author\/passarin-leonardohotmail-com\/\"}]}<\/script>\n<!-- \/ Yoast SEO Premium plugin. -->","yoast_head_json":{"title":"Resumo da Constitui\u00e7\u00e3o Estadual do Esp\u00edrito Santo \u2013 parte 1","description":"Veja no artigo de hoje o Resumo da Constitui\u00e7\u00e3o Estadual do ES, referente \u00e0 organiza\u00e7\u00e3o do poder p\u00fablico e da administra\u00e7\u00e3o p\u00fablica.","robots":{"index":"index","follow":"follow","max-snippet":"max-snippet:-1","max-image-preview":"max-image-preview:large","max-video-preview":"max-video-preview:-1"},"canonical":"https:\/\/www.estrategiaconcursos.com.br\/blog\/constituicao-estadual-do-espirito-santo-p1\/","og_locale":"pt_BR","og_type":"article","og_title":"Resumo da Constitui\u00e7\u00e3o Estadual do Esp\u00edrito Santo \u2013 parte 1","og_description":"Veja no artigo de hoje o Resumo da Constitui\u00e7\u00e3o Estadual do ES, referente \u00e0 organiza\u00e7\u00e3o do poder p\u00fablico e da administra\u00e7\u00e3o p\u00fablica.","og_url":"https:\/\/www.estrategiaconcursos.com.br\/blog\/constituicao-estadual-do-espirito-santo-p1\/","og_site_name":"Estrat\u00e9gia Concursos","article_published_time":"2021-08-24T13:48:00+00:00","article_modified_time":"2021-08-27T11:10:56+00:00","og_image":[{"width":1024,"height":536,"url":"https:\/\/dhg1h5j42swfq.cloudfront.net\/2020\/07\/27112256\/concursos.jpg","type":"image\/jpeg"}],"author":"Leonardo Menezes Passarin","twitter_card":"summary_large_image","twitter_creator":"@EstratConcursos","twitter_site":"@EstratConcursos","twitter_misc":{"Escrito por":"Leonardo Menezes Passarin","Est. tempo de leitura":"8 minutos"},"schema":{"@context":"https:\/\/schema.org","@graph":[{"@type":"NewsArticle","@id":"https:\/\/www.estrategiaconcursos.com.br\/blog\/constituicao-estadual-do-espirito-santo-p1\/#article","isPartOf":{"@id":"https:\/\/www.estrategiaconcursos.com.br\/blog\/constituicao-estadual-do-espirito-santo-p1\/"},"author":{"name":"Leonardo Menezes Passarin","@id":"https:\/\/www.estrategiaconcursos.com.br\/blog\/#\/schema\/person\/245b44e43eb13f0dbd04a7a078cd0d0d"},"headline":"Resumo da Constitui\u00e7\u00e3o Estadual do Esp\u00edrito Santo \u2013 parte 1","datePublished":"2021-08-24T13:48:00+00:00","dateModified":"2021-08-27T11:10:56+00:00","mainEntityOfPage":{"@id":"https:\/\/www.estrategiaconcursos.com.br\/blog\/constituicao-estadual-do-espirito-santo-p1\/"},"wordCount":2029,"commentCount":0,"publisher":{"@id":"https:\/\/www.estrategiaconcursos.com.br\/blog\/#organization"},"image":{"@id":"https:\/\/www.estrategiaconcursos.com.br\/blog\/constituicao-estadual-do-espirito-santo-p1\/#primaryimage"},"thumbnailUrl":"https:\/\/dhg1h5j42swfq.cloudfront.net\/2020\/07\/27112256\/concursos.jpg","articleSection":["Concursos P\u00fablicos","Fiscal - Estadual (ICMS)"],"inLanguage":"pt-BR","potentialAction":[{"@type":"CommentAction","name":"Comment","target":["https:\/\/www.estrategiaconcursos.com.br\/blog\/constituicao-estadual-do-espirito-santo-p1\/#respond"]}],"copyrightYear":"2021","copyrightHolder":{"@id":"https:\/\/www.estrategiaconcursos.com.br\/blog\/#organization"}},{"@type":"WebPage","@id":"https:\/\/www.estrategiaconcursos.com.br\/blog\/constituicao-estadual-do-espirito-santo-p1\/","url":"https:\/\/www.estrategiaconcursos.com.br\/blog\/constituicao-estadual-do-espirito-santo-p1\/","name":"Resumo da Constitui\u00e7\u00e3o Estadual do Esp\u00edrito Santo \u2013 parte 1","isPartOf":{"@id":"https:\/\/www.estrategiaconcursos.com.br\/blog\/#website"},"primaryImageOfPage":{"@id":"https:\/\/www.estrategiaconcursos.com.br\/blog\/constituicao-estadual-do-espirito-santo-p1\/#primaryimage"},"image":{"@id":"https:\/\/www.estrategiaconcursos.com.br\/blog\/constituicao-estadual-do-espirito-santo-p1\/#primaryimage"},"thumbnailUrl":"https:\/\/dhg1h5j42swfq.cloudfront.net\/2020\/07\/27112256\/concursos.jpg","datePublished":"2021-08-24T13:48:00+00:00","dateModified":"2021-08-27T11:10:56+00:00","description":"Veja no artigo de hoje o Resumo da Constitui\u00e7\u00e3o Estadual do ES, referente \u00e0 organiza\u00e7\u00e3o do poder p\u00fablico e da administra\u00e7\u00e3o p\u00fablica.","breadcrumb":{"@id":"https:\/\/www.estrategiaconcursos.com.br\/blog\/constituicao-estadual-do-espirito-santo-p1\/#breadcrumb"},"inLanguage":"pt-BR","potentialAction":[{"@type":"ReadAction","target":["https:\/\/www.estrategiaconcursos.com.br\/blog\/constituicao-estadual-do-espirito-santo-p1\/"]}]},{"@type":"ImageObject","inLanguage":"pt-BR","@id":"https:\/\/www.estrategiaconcursos.com.br\/blog\/constituicao-estadual-do-espirito-santo-p1\/#primaryimage","url":"https:\/\/dhg1h5j42swfq.cloudfront.net\/2020\/07\/27112256\/concursos.jpg","contentUrl":"https:\/\/dhg1h5j42swfq.cloudfront.net\/2020\/07\/27112256\/concursos.jpg","width":1024,"height":536,"caption":"Concursos do Esp\u00edrito do Santo"},{"@type":"BreadcrumbList","@id":"https:\/\/www.estrategiaconcursos.com.br\/blog\/constituicao-estadual-do-espirito-santo-p1\/#breadcrumb","itemListElement":[{"@type":"ListItem","position":1,"name":"In\u00edcio","item":"https:\/\/www.estrategiaconcursos.com.br\/blog\/"},{"@type":"ListItem","position":2,"name":"Resumo da Constitui\u00e7\u00e3o Estadual do Esp\u00edrito Santo \u2013 parte 1"}]},{"@type":"WebSite","@id":"https:\/\/www.estrategiaconcursos.com.br\/blog\/#website","url":"https:\/\/www.estrategiaconcursos.com.br\/blog\/","name":"Estrat\u00e9gia Concursos","description":"O blog da Estrat\u00e9gia Concursos traz not\u00edcias sobre concursos e artigos de professores oferecendo cursos para concursos (pdf + videaulas) no site.","publisher":{"@id":"https:\/\/www.estrategiaconcursos.com.br\/blog\/#organization"},"potentialAction":[{"@type":"SearchAction","target":{"@type":"EntryPoint","urlTemplate":"https:\/\/www.estrategiaconcursos.com.br\/blog\/?s={search_term_string}"},"query-input":{"@type":"PropertyValueSpecification","valueRequired":true,"valueName":"search_term_string"}}],"inLanguage":"pt-BR"},{"@type":"Organization","@id":"https:\/\/www.estrategiaconcursos.com.br\/blog\/#organization","name":"Estrat\u00e9gia Concursos","url":"https:\/\/www.estrategiaconcursos.com.br\/blog\/","logo":{"@type":"ImageObject","inLanguage":"pt-BR","@id":"https:\/\/www.estrategiaconcursos.com.br\/blog\/#\/schema\/logo\/image\/","url":"https:\/\/dhg1h5j42swfq.cloudfront.net\/2025\/06\/03203428\/logo_concursos-1.jpg","contentUrl":"https:\/\/dhg1h5j42swfq.cloudfront.net\/2025\/06\/03203428\/logo_concursos-1.jpg","width":230,"height":60,"caption":"Estrat\u00e9gia Concursos"},"image":{"@id":"https:\/\/www.estrategiaconcursos.com.br\/blog\/#\/schema\/logo\/image\/"},"sameAs":["https:\/\/x.com\/EstratConcursos"]},{"@type":"Person","@id":"https:\/\/www.estrategiaconcursos.com.br\/blog\/#\/schema\/person\/245b44e43eb13f0dbd04a7a078cd0d0d","name":"Leonardo Menezes Passarin","image":{"@type":"ImageObject","inLanguage":"pt-BR","@id":"https:\/\/secure.gravatar.com\/avatar\/fc0e5714ceaa97f24e6e6a30eab74ba8a701c2b62f8cab100ffdb22c6d8f42c3?s=96&d=mm&r=g","url":"https:\/\/secure.gravatar.com\/avatar\/fc0e5714ceaa97f24e6e6a30eab74ba8a701c2b62f8cab100ffdb22c6d8f42c3?s=96&d=mm&r=g","contentUrl":"https:\/\/secure.gravatar.com\/avatar\/fc0e5714ceaa97f24e6e6a30eab74ba8a701c2b62f8cab100ffdb22c6d8f42c3?s=96&d=mm&r=g","caption":"Leonardo Menezes Passarin"},"url":"https:\/\/www.estrategiaconcursos.com.br\/blog\/author\/passarin-leonardohotmail-com\/"}]}},"_links":{"self":[{"href":"https:\/\/www.estrategiaconcursos.com.br\/blog\/wp-json\/wp\/v2\/posts\/842727","targetHints":{"allow":["GET"]}}],"collection":[{"href":"https:\/\/www.estrategiaconcursos.com.br\/blog\/wp-json\/wp\/v2\/posts"}],"about":[{"href":"https:\/\/www.estrategiaconcursos.com.br\/blog\/wp-json\/wp\/v2\/types\/post"}],"author":[{"embeddable":true,"href":"https:\/\/www.estrategiaconcursos.com.br\/blog\/wp-json\/wp\/v2\/users\/1763"}],"replies":[{"embeddable":true,"href":"https:\/\/www.estrategiaconcursos.com.br\/blog\/wp-json\/wp\/v2\/comments?post=842727"}],"version-history":[{"count":5,"href":"https:\/\/www.estrategiaconcursos.com.br\/blog\/wp-json\/wp\/v2\/posts\/842727\/revisions"}],"predecessor-version":[{"id":846871,"href":"https:\/\/www.estrategiaconcursos.com.br\/blog\/wp-json\/wp\/v2\/posts\/842727\/revisions\/846871"}],"wp:featuredmedia":[{"embeddable":true,"href":"https:\/\/www.estrategiaconcursos.com.br\/blog\/wp-json\/wp\/v2\/media\/547560"}],"wp:attachment":[{"href":"https:\/\/www.estrategiaconcursos.com.br\/blog\/wp-json\/wp\/v2\/media?parent=842727"}],"wp:term":[{"taxonomy":"category","embeddable":true,"href":"https:\/\/www.estrategiaconcursos.com.br\/blog\/wp-json\/wp\/v2\/categories?post=842727"},{"taxonomy":"post_tag","embeddable":true,"href":"https:\/\/www.estrategiaconcursos.com.br\/blog\/wp-json\/wp\/v2\/tags?post=842727"},{"taxonomy":"tax_estado","embeddable":true,"href":"https:\/\/www.estrategiaconcursos.com.br\/blog\/wp-json\/wp\/v2\/tax_estado?post=842727"}],"curies":[{"name":"wp","href":"https:\/\/api.w.org\/{rel}","templated":true}]}}