{"id":842624,"date":"2021-08-22T20:53:33","date_gmt":"2021-08-22T23:53:33","guid":{"rendered":"https:\/\/www.estrategiaconcursos.com.br\/blog\/?p=842624"},"modified":"2021-08-22T22:05:41","modified_gmt":"2021-08-23T01:05:41","slug":"gabarito-extraoficial-pcdf-direito-administrativo-agente","status":"publish","type":"post","link":"https:\/\/www.estrategiaconcursos.com.br\/blog\/gabarito-extraoficial-pcdf-direito-administrativo-agente\/","title":{"rendered":"Gabarito Extraoficial PC-DF (Agente) &#8211; Direito Administrativo"},"content":{"rendered":"\n<p id=\"block-66b79cc2-2cc6-4464-b446-211bafadbbfb\">Ol\u00e1, pessoal! Tudo joia? <\/p>\n\n\n\n<p id=\"block-704326c2-eee0-4a7d-874d-31e0c2a6a7b0\">Vamos conferir o gabarito extraoficial comentado do conte\u00fado de&nbsp;<em><strong>Direito Administrativo<\/strong><\/em>, que caiu na prova de Agente da PC-DF.<\/p>\n\n\n\n<hr class=\"wp-block-separator\"\/>\n\n\n\n<p><em><span class=\"has-inline-color has-vivid-red-color\"><strong>Com base na Lei n\u00ba 8.112\/1990, julgue os itens que se seguem.<\/strong><\/span><\/em><\/p>\n\n\n\n<p><strong><span class=\"has-inline-color has-vivid-red-color\">35) Ser\u00e1 aposentado o servidor que, avaliado em inspe\u00e7\u00e3o m\u00e9dica para fins de readapta\u00e7\u00e3o, for julgado incapaz para o servi\u00e7o p\u00fablico.<\/span><\/strong><\/p>\n\n\n\n<p><strong>GABARITO: CORRETO.<\/strong><\/p>\n\n\n\n<p><strong>COMENT\u00c1RIO<\/strong>:&nbsp; De acordo com o art. 24, \u00a7 1\u00ba da lei 8.112\/90, Se julgado incapaz para o servi\u00e7o p\u00fablico, o readaptando ser\u00e1 aposentado.<\/p>\n\n\n\n<p><em>Art. 24.&nbsp; Readapta\u00e7\u00e3o \u00e9 a investidura do servidor em cargo de atribui\u00e7\u00f5es e responsabilidades compat\u00edveis com a limita\u00e7\u00e3o que tenha sofrido em sua capacidade f\u00edsica ou mental verificada em inspe\u00e7\u00e3o m\u00e9dica.<\/em><\/p>\n\n\n\n<p><em>\u00a7 1\u00ba <strong>Se julgado incapaz<\/strong> para o servi\u00e7o p\u00fablico, o <strong>readaptando ser\u00e1 aposentado<\/strong>.<\/em><\/p>\n\n\n\n<p><strong><span class=\"has-inline-color has-vivid-red-color\">36) As atribui\u00e7\u00f5es do cargo definidas em lei n\u00e3o garantem, por si s\u00f3, a concess\u00e3o e a continuidade do pagamento dos adicionais de insalubridade e periculosidade.<\/span><\/strong><\/p>\n\n\n\n<p><strong>GABARITO: CORRETO.<\/strong><\/p>\n\n\n\n<p><strong>COMENT\u00c1RIO<\/strong>:&nbsp; N\u00e3o basta que o cargo possua as atribui\u00e7\u00f5es para que o servidor esteja apto para recebimento dos adicionais de insalubridade e periculosidade, na verdade, conforme a lei 8.112\/90, art. 68, \u00a7 2\u00ba, O direito ao adicional de insalubridade ou <strong>periculosidade <u>cessa com a elimina\u00e7\u00e3o das condi\u00e7\u00f5es ou dos riscos <\/u>que deram causa a sua concess\u00e3o<\/strong>.<\/p>\n\n\n\n<p><span class=\"has-inline-color has-vivid-red-color\"><strong>37) A nomea\u00e7\u00e3o poder\u00e1 se dar tanto em car\u00e1ter efetivo quanto em comiss\u00e3o, dependendo, ambos os casos, de pr\u00e9via habilita\u00e7\u00e3o em concurso p\u00fablico de provas ou provas e t\u00edtulos.<\/strong><\/span><\/p>\n\n\n\n<p><strong>GABARITO: ERRADO.<\/strong><\/p>\n\n\n\n<p><strong>COMENT\u00c1RIO<\/strong>:&nbsp; Os cargos em <strong>comiss\u00e3o s\u00e3o cargos de livre nomea\u00e7\u00e3o, de livre exonera\u00e7\u00e3o<\/strong> e <strong>n\u00e3o est\u00e3o sujeitos \u00e0 concurso p\u00fablico<\/strong>, conforme previsto nos art. 9\u00ba e 10\u00ba da Lei 8.112\/90:<\/p>\n\n\n\n<p><em>Art. 9\u00ba &#8211; A nomea\u00e7\u00e3o far-se-\u00e1:<\/em><\/p>\n\n\n\n<p><em>I &#8211; Em car\u00e1ter <strong>efetivo<\/strong>, quando se tratar de cargo isolado de provimento efetivo ou de carreira;<\/em><\/p>\n\n\n\n<p><em>II &#8211; Em <strong>comiss\u00e3o<\/strong>, inclusive na condi\u00e7\u00e3o de interino, para cargos de confian\u00e7a vagos.&nbsp;&nbsp;&nbsp;<\/em><\/p>\n\n\n\n<p><em>Art. 10.&nbsp; A nomea\u00e7\u00e3o para <strong>cargo de <u>carreira<\/u> ou cargo <u>isolado<\/u> de provimento <u>efetivo<\/u><\/strong> depende de <strong>pr\u00e9via habilita\u00e7\u00e3o em concurso p\u00fablico de provas<\/strong> ou <strong>de provas e t\u00edtulos<\/strong>, obedecidos a ordem de classifica\u00e7\u00e3o e o prazo de sua validade.<\/em><\/p>\n\n\n\n<p>Perceba que o art. 10\u00ba n\u00e3o menciona concurso p\u00fablico para cargos comissionados, conforme mencionado acima.<\/p>\n\n\n\n<p><em><strong><span class=\"has-inline-color has-vivid-red-color\">Jo\u00e3o, servidor p\u00fablico, aliciou um dos seus subordinados a se filiar ao sindicato da categoria a que ambos pertenciam. Em raz\u00e3o desse fato, instaurou-se o processo administrativo contra Jo\u00e3o para apurar sua conduta funcional. Conclu\u00eddo o procedimento, o chefe da reparti\u00e7\u00e3o, Ant\u00f4nio, aplicou a pena de advert\u00eancia por escrito pelo ato praticado.<\/span><\/strong><\/em><\/p>\n\n\n\n<p><strong><em><span class=\"has-inline-color has-vivid-red-color\">Considerando a situa\u00e7\u00e3o hipot\u00e9tica precedente, o disposto na Lei n\u00ba 8.112\/90, os requisitos do ato administrativo e os poderes da administra\u00e7\u00e3o p\u00fablica, julgue os itens a seguir.<\/span><\/em><\/strong><\/p>\n\n\n\n<p><strong><span class=\"has-inline-color has-vivid-red-color\">51) A puni\u00e7\u00e3o por ato infracional praticado por servidor p\u00fablico configura exerc\u00edcio do poder de pol\u00edcia administrativo.<\/span><\/strong><\/p>\n\n\n\n<p><strong>GABARITO: ERRADO.<\/strong><\/p>\n\n\n\n<p><strong>COMENT\u00c1RIO<\/strong>:&nbsp; Quando ocorre a puni\u00e7\u00e3o, de acordo com a pessoa que \u00e9 punida, poderemos ter diferentes tipos de poderes administrativos. O caso narrado retrata uma puni\u00e7\u00e3o de um servidor p\u00fablico e, portanto, nesse caso, <strong>se trata do Poder Disciplinar<\/strong> e n\u00e3o de pol\u00edcia.<\/p>\n\n\n\n<p><strong><span class=\"has-inline-color has-vivid-red-color\">52) O ato que formalizou a san\u00e7\u00e3o aplicada por Ant\u00f4nio cumpre o requisito compet\u00eancia do ato Administrativo.<\/span><\/strong><\/p>\n\n\n\n<p><strong>GABARITO: CORRETO.<\/strong><\/p>\n\n\n\n<p><strong>COMENT\u00c1RIO<\/strong>:&nbsp; A quest\u00e3o quer saber se Jo\u00e3o possui compet\u00eancia para aplica\u00e7\u00e3o do ato punitivo de advert\u00eancia escrita. Veja como o assunto \u00e9 tratado no art. 141, III, da Lei n\u00ba 8.112\/90:<\/p>\n\n\n\n<p><em>Art. 141.&nbsp; As penalidades disciplinares ser\u00e3o aplicadas:<\/em><\/p>\n\n\n\n<p><em>(&#8230;)<\/em><\/p>\n\n\n\n<p><em>III &#8211; pelo <strong>chefe da reparti\u00e7\u00e3o<\/strong> e outras autoridades na forma dos respectivos regimentos ou regulamentos, nos casos de <strong>advert\u00eancia ou de suspens\u00e3o de at\u00e9 30 (trinta) dias<\/strong>;<\/em><\/p>\n\n\n\n<p>Portanto, o chefe da reparti\u00e7\u00e3o tem sim compet\u00eancia para a aplica\u00e7\u00e3o do ato em quest\u00e3o.<\/p>\n\n\n\n<p><strong><span class=\"has-inline-color has-vivid-red-color\">53) A penalidade aplicada a Jo\u00e3o \u00e9 incab\u00edvel, uma vez que n\u00e3o h\u00e1 previs\u00e3o legal expressa para a puni\u00e7\u00e3o funcional pelo ato praticado.<\/span><\/strong><\/p>\n\n\n\n<p><strong>GABARITO: ERRADO.<\/strong><\/p>\n\n\n\n<p><strong>COMENT\u00c1RIO<\/strong>:&nbsp; Ao contr\u00e1rio do afirmado na quest\u00e3o, tal proibi\u00e7\u00e3o est\u00e1 expressamente prevista no art. 117, VII, da Lei n\u00ba 8.112\/90:<\/p>\n\n\n\n<p><em>Art. 117.&nbsp; Ao servidor \u00e9 proibido:<\/em><\/p>\n\n\n\n<p><em>VII &#8211; coagir ou aliciar subordinados no sentido de filiarem-se a associa\u00e7\u00e3o profissional ou sindical, ou a partido pol\u00edtico;<\/em><\/p>\n\n\n\n<p>Al\u00e9m disso, veja como a referida lei trata acerca da aplica\u00e7\u00e3o da penalidade de advert\u00eancia em rela\u00e7\u00e3o \u00e0s proibi\u00e7\u00f5es do art. 117:<\/p>\n\n\n\n<p><em>Art. 129.&nbsp; A <strong>advert\u00eancia ser\u00e1 aplicada por escrito<\/strong>, nos casos de <strong>viola\u00e7\u00e3o de proibi\u00e7\u00e3o<\/strong> constante do art. <strong>117<\/strong>, incisos <strong>I a VIII<\/strong> e XIX, e de inobserv\u00e2ncia de dever funcional previsto em lei, regulamenta\u00e7\u00e3o ou norma interna, que n\u00e3o justifique imposi\u00e7\u00e3o de penalidade mais grave.&nbsp;<\/em><\/p>\n\n\n\n<p><strong><em><span class=\"has-inline-color has-vivid-red-color\">Com base nas disposi\u00e7\u00f5es te\u00f3ricas e legais relativas a licita\u00e7\u00f5es e responsabilidade civil do Estado, julgue os itens subsecutivos.<\/span><\/em><\/strong><\/p>\n\n\n\n<p><strong><span class=\"has-inline-color has-vivid-red-color\">54) Se um agente p\u00fablico causar dano a um particular, a indeniza\u00e7\u00e3o devida poder\u00e1 ser reduzida nos casos em que a conduta do lesado tiver contribu\u00eddo para o resultado.<\/span><\/strong><\/p>\n\n\n\n<p><strong>GABARITO: CORRETO.<\/strong><\/p>\n\n\n\n<p><strong>COMENT\u00c1RIO<\/strong>: A quest\u00e3o trata basicamente do conceito de <strong>Culpa Concorrente do Estado<\/strong>. A culpa concorrente ocorre quando o particular <strong>tamb\u00e9m contribui para o evento danoso<\/strong>, e, portanto, \u00e9 <strong>responsabilizado proporcionalmente ao seu grau de participa\u00e7\u00e3o<\/strong> no preju\u00edzo causado.<\/p>\n\n\n\n<p><strong><span class=\"has-inline-color has-vivid-red-color\">55) Decretada a calamidade p\u00fablica, consideram-se automaticamente dispens\u00e1veis as licita\u00e7\u00f5es originadas pelos entes abrangidos pelo decreto de calamidade.<\/span><\/strong><\/p>\n\n\n\n<p><strong>GABARITO: ERRADO.<\/strong><\/p>\n\n\n\n<p><strong>COMENT\u00c1RIO<\/strong>: Perceba que a quest\u00e3o tratou de forma muito gen\u00e9rica a quest\u00e3o das dispensas licitat\u00f3rias ao afirmar que \u201cas licita\u00e7\u00f5es originadas pelos entes\u201d, o que leva o candidato a entender que seriam todas as licita\u00e7\u00f5es e, por isso, o gabarito incorreto.<\/p>\n\n\n\n<p>Ao contr\u00e1rio do que foi afirmado na quest\u00e3o, de acordo com o art. 24, IV, da Lei n\u00ba 8.666\/93, temos:<\/p>\n\n\n\n<p><em>Art. 24.&nbsp; \u00c9 <strong>dispens\u00e1vel<\/strong> a licita\u00e7\u00e3o:<\/em><\/p>\n\n\n\n<p><em>IV &#8211; nos casos de emerg\u00eancia ou de <strong>calamidade p\u00fablica<\/strong>, quando caracterizada urg\u00eancia de atendimento de situa\u00e7\u00e3o que possa ocasionar preju\u00edzo ou comprometer a seguran\u00e7a de pessoas, <strong>obras, servi\u00e7os, equipamentos e outros bens<\/strong>, p\u00fablicos ou particulares, e <strong><u>somente para os bens necess\u00e1rios ao atendimento da situa\u00e7\u00e3o emergencial ou calamitosa <\/u><\/strong>e para as parcelas de obras e servi\u00e7os que possam ser conclu\u00eddas no prazo m\u00e1ximo de 180 (cento e oitenta) dias consecutivos e ininterruptos, contados da ocorr\u00eancia da emerg\u00eancia ou calamidade, vedada a prorroga\u00e7\u00e3o dos respectivos contratos;<\/em><\/p>\n\n\n\n<p>Perceba que a Lei em quest\u00e3o trata do assunto de Dispensa de Licita\u00e7\u00f5es, em per\u00edodos calamitosos, de forma muito mais restritiva que a mencionada e, portanto, acreditamos que a banca ir\u00e1 considerar a quest\u00e3o incorreta.<\/p>\n\n\n\n<p><strong><span class=\"has-inline-color has-vivid-red-color\">56) O cadastramento pr\u00e9vio e a habilita\u00e7\u00e3o preliminar s\u00e3o fases exigidas para todas as modalidades de licita\u00e7\u00e3o previstas na Lei n\u00ba 8.666\/1993.<\/span><\/strong><\/p>\n\n\n\n<p><strong>GABARITO: ERRADO.<\/strong><\/p>\n\n\n\n<p><strong>COMENT\u00c1RIO<\/strong>: Ao contr\u00e1rio do afirmado na quest\u00e3o, <strong>n\u00e3o s\u00e3o todas as modalidades licitat\u00f3rias<\/strong> <strong>que exigem o cadastramento pr\u00e9vio e a habilita\u00e7\u00e3o preliminar<\/strong>. Veja como a Lei 8.666\/93, art. 22, \u00a73\u00ba, trata acerca da modalidade de convite, por exemplo:<\/p>\n\n\n\n<p>Art. 22.&nbsp; S\u00e3o modalidades de licita\u00e7\u00e3o:<\/p>\n\n\n\n<p>\u00a7 3\u00ba <strong>Convite<\/strong> \u00e9 a <strong>modalidade de licita\u00e7\u00e3o<\/strong> entre interessados do ramo pertinente ao seu objeto, <strong><u>cadastrados ou n\u00e3o<\/u><\/strong>, (&#8230;)<\/p>\n\n\n\n<p><strong><span class=\"has-inline-color has-vivid-red-color\">41) As a\u00e7\u00f5es de improbidade administrativa admitem a solu\u00e7\u00e3o pela via consensual, sendo legalmente prevista a possibilidade de celebra\u00e7\u00e3o de acordo de n\u00e3o persecu\u00e7\u00e3o c\u00edvel.<\/span><\/strong><\/p>\n\n\n\n<p><strong>GABARITO: CORRETO.<\/strong><\/p>\n\n\n\n<p><strong>COMENT\u00c1RIO<\/strong>:\u00a0 De acordo com o art. 17, \u00a7 1\u00ba da lei 8.429\/92, <em>As a\u00e7\u00f5es de que trata este artigo (improbidade administrativa) admitem a <strong>celebra\u00e7\u00e3o de acordo de<\/strong> <strong>n\u00e3o persecu\u00e7\u00e3o c\u00edvel<\/strong>, nos termos desta Lei.<\/em><\/p>\n\n\n\n<p>No que se refere \u00e0 seguran\u00e7a p\u00fablica, julgue os itens subsecutivos.<\/p>\n\n\n\n<p><strong><span class=\"has-inline-color has-vivid-red-color\">59) O exerc\u00edcio do direito de greve \u00e9 vedado aos policiais civis que atuem diretamente na \u00e1rea de seguran\u00e7a p\u00fablica.<\/span><\/strong><\/p>\n\n\n\n<p><strong>GABARITO: CORRETO.<\/strong><\/p>\n\n\n\n<p><strong>COMENT\u00c1RIO<\/strong>: Acerca desse assunto existe uma jurisprud\u00eancia do STF que aborda diretamente esse tema. Vejamos:<\/p>\n\n\n\n<p><strong>STF:<\/strong><\/p>\n\n\n\n<p><em>Os servidores que atuam diretamente na \u00e1rea de seguran\u00e7a p\u00fablica n\u00e3o podem entrar em greve. Isso porque <strong>desempenham atividade essencial \u00e0 manuten\u00e7\u00e3o da ordem p\u00fablica<\/strong>.<\/em><\/p>\n\n\n\n<p><em>STF. Plen\u00e1rio. ARE 654432\/GO, Rel. orig. Min. Edson Fachin, red. p\/ o ac. Min. Alexandre de Moraes, julgado em 5\/4\/2017 (repercuss\u00e3o geral) (Info 860)<\/em><\/p>\n","protected":false},"excerpt":{"rendered":"<p>Ol\u00e1, pessoal! Tudo joia? Vamos conferir o gabarito extraoficial comentado do conte\u00fado de&nbsp;Direito Administrativo, que caiu na prova de Agente da PC-DF. Com base na Lei n\u00ba 8.112\/1990, julgue os itens que se seguem. 35) Ser\u00e1 aposentado o servidor que, avaliado em inspe\u00e7\u00e3o m\u00e9dica para fins de readapta\u00e7\u00e3o, for julgado incapaz para o servi\u00e7o p\u00fablico. [&hellip;]<\/p>\n","protected":false},"author":1,"featured_media":842476,"comment_status":"open","ping_status":"closed","sticky":false,"template":"","format":"standard","meta":{"post_tipo":"article","footnotes":""},"categories":[1988],"tags":[],"tax_estado":[219970],"class_list":["post-842624","post","type-post","status-publish","format-standard","has-post-thumbnail","hentry","category-policia","tax_estado-df"],"acf":[],"yoast_head":"<!-- This site is optimized with the Yoast SEO Premium plugin v27.2 (Yoast SEO v27.2) - https:\/\/yoast.com\/product\/yoast-seo-premium-wordpress\/ -->\n<title>Gabarito Extraoficial PC-DF (Agente) - Direito Administrativo<\/title>\n<meta name=\"description\" content=\"Confira neste artigo o gabarito e a corre\u00e7\u00e3o extraoficial da prova de Direito Administrativo, cargo de Escriv\u00e3o da PC-DF.\" \/>\n<meta name=\"robots\" content=\"index, follow, max-snippet:-1, max-image-preview:large, max-video-preview:-1\" \/>\n<link rel=\"canonical\" href=\"https:\/\/www.estrategiaconcursos.com.br\/blog\/gabarito-extraoficial-pcdf-direito-administrativo-agente\/\" \/>\n<meta property=\"og:locale\" content=\"pt_BR\" \/>\n<meta property=\"og:type\" content=\"article\" \/>\n<meta property=\"og:title\" content=\"Gabarito Extraoficial PC-DF (Agente) - Direito Administrativo\" \/>\n<meta property=\"og:description\" content=\"Confira neste artigo o gabarito e a corre\u00e7\u00e3o extraoficial da prova de Direito Administrativo, cargo de Escriv\u00e3o da PC-DF.\" \/>\n<meta property=\"og:url\" content=\"https:\/\/www.estrategiaconcursos.com.br\/blog\/gabarito-extraoficial-pcdf-direito-administrativo-agente\/\" \/>\n<meta property=\"og:site_name\" content=\"Estrat\u00e9gia Concursos\" \/>\n<meta property=\"article:author\" content=\"https:\/\/www.facebook.com\/EstrategiaConcursos\" \/>\n<meta property=\"article:published_time\" content=\"2021-08-22T23:53:33+00:00\" \/>\n<meta property=\"article:modified_time\" content=\"2021-08-23T01:05:41+00:00\" \/>\n<meta property=\"og:image\" content=\"https:\/\/dhg1h5j42swfq.cloudfront.net\/2021\/08\/22162332\/pcdf-1.jpg\" \/>\n\t<meta property=\"og:image:width\" content=\"1200\" \/>\n\t<meta property=\"og:image:height\" content=\"628\" \/>\n\t<meta property=\"og:image:type\" content=\"image\/jpeg\" \/>\n<meta name=\"author\" content=\"Coordena\u00e7\u00e3o\" \/>\n<meta name=\"twitter:card\" content=\"summary_large_image\" \/>\n<meta name=\"twitter:creator\" content=\"@EstratConcursos\" \/>\n<meta name=\"twitter:site\" content=\"@EstratConcursos\" \/>\n<meta name=\"twitter:label1\" content=\"Escrito por\" \/>\n\t<meta name=\"twitter:data1\" content=\"Coordena\u00e7\u00e3o\" \/>\n\t<meta name=\"twitter:label2\" content=\"Est. tempo de leitura\" \/>\n\t<meta name=\"twitter:data2\" content=\"6 minutos\" \/>\n<script type=\"application\/ld+json\" class=\"yoast-schema-graph\">{\"@context\":\"https:\/\/schema.org\",\"@graph\":[{\"@type\":\"NewsArticle\",\"@id\":\"https:\/\/www.estrategiaconcursos.com.br\/blog\/gabarito-extraoficial-pcdf-direito-administrativo-agente\/#article\",\"isPartOf\":{\"@id\":\"https:\/\/www.estrategiaconcursos.com.br\/blog\/gabarito-extraoficial-pcdf-direito-administrativo-agente\/\"},\"author\":{\"name\":\"Coordena\u00e7\u00e3o\",\"@id\":\"https:\/\/www.estrategiaconcursos.com.br\/blog\/#\/schema\/person\/b4a388c97673c5f483d72185668afa1f\"},\"headline\":\"Gabarito Extraoficial PC-DF (Agente) &#8211; Direito Administrativo\",\"datePublished\":\"2021-08-22T23:53:33+00:00\",\"dateModified\":\"2021-08-23T01:05:41+00:00\",\"mainEntityOfPage\":{\"@id\":\"https:\/\/www.estrategiaconcursos.com.br\/blog\/gabarito-extraoficial-pcdf-direito-administrativo-agente\/\"},\"wordCount\":1441,\"commentCount\":0,\"publisher\":{\"@id\":\"https:\/\/www.estrategiaconcursos.com.br\/blog\/#organization\"},\"image\":{\"@id\":\"https:\/\/www.estrategiaconcursos.com.br\/blog\/gabarito-extraoficial-pcdf-direito-administrativo-agente\/#primaryimage\"},\"thumbnailUrl\":\"https:\/\/dhg1h5j42swfq.cloudfront.net\/2021\/08\/22162332\/pcdf-1.jpg\",\"articleSection\":[\"Policial (Agente, Escriv\u00e3o e Investigador)\"],\"inLanguage\":\"pt-BR\",\"potentialAction\":[{\"@type\":\"CommentAction\",\"name\":\"Comment\",\"target\":[\"https:\/\/www.estrategiaconcursos.com.br\/blog\/gabarito-extraoficial-pcdf-direito-administrativo-agente\/#respond\"]}],\"copyrightYear\":\"2021\",\"copyrightHolder\":{\"@id\":\"https:\/\/www.estrategiaconcursos.com.br\/blog\/#organization\"}},{\"@type\":\"WebPage\",\"@id\":\"https:\/\/www.estrategiaconcursos.com.br\/blog\/gabarito-extraoficial-pcdf-direito-administrativo-agente\/\",\"url\":\"https:\/\/www.estrategiaconcursos.com.br\/blog\/gabarito-extraoficial-pcdf-direito-administrativo-agente\/\",\"name\":\"Gabarito Extraoficial PC-DF (Agente) - Direito Administrativo\",\"isPartOf\":{\"@id\":\"https:\/\/www.estrategiaconcursos.com.br\/blog\/#website\"},\"primaryImageOfPage\":{\"@id\":\"https:\/\/www.estrategiaconcursos.com.br\/blog\/gabarito-extraoficial-pcdf-direito-administrativo-agente\/#primaryimage\"},\"image\":{\"@id\":\"https:\/\/www.estrategiaconcursos.com.br\/blog\/gabarito-extraoficial-pcdf-direito-administrativo-agente\/#primaryimage\"},\"thumbnailUrl\":\"https:\/\/dhg1h5j42swfq.cloudfront.net\/2021\/08\/22162332\/pcdf-1.jpg\",\"datePublished\":\"2021-08-22T23:53:33+00:00\",\"dateModified\":\"2021-08-23T01:05:41+00:00\",\"description\":\"Confira neste artigo o gabarito e a corre\u00e7\u00e3o extraoficial da prova de Direito Administrativo, cargo de Escriv\u00e3o da PC-DF.\",\"breadcrumb\":{\"@id\":\"https:\/\/www.estrategiaconcursos.com.br\/blog\/gabarito-extraoficial-pcdf-direito-administrativo-agente\/#breadcrumb\"},\"inLanguage\":\"pt-BR\",\"potentialAction\":[{\"@type\":\"ReadAction\",\"target\":[\"https:\/\/www.estrategiaconcursos.com.br\/blog\/gabarito-extraoficial-pcdf-direito-administrativo-agente\/\"]}]},{\"@type\":\"ImageObject\",\"inLanguage\":\"pt-BR\",\"@id\":\"https:\/\/www.estrategiaconcursos.com.br\/blog\/gabarito-extraoficial-pcdf-direito-administrativo-agente\/#primaryimage\",\"url\":\"https:\/\/dhg1h5j42swfq.cloudfront.net\/2021\/08\/22162332\/pcdf-1.jpg\",\"contentUrl\":\"https:\/\/dhg1h5j42swfq.cloudfront.net\/2021\/08\/22162332\/pcdf-1.jpg\",\"width\":1200,\"height\":628,\"caption\":\"PCDF\"},{\"@type\":\"BreadcrumbList\",\"@id\":\"https:\/\/www.estrategiaconcursos.com.br\/blog\/gabarito-extraoficial-pcdf-direito-administrativo-agente\/#breadcrumb\",\"itemListElement\":[{\"@type\":\"ListItem\",\"position\":1,\"name\":\"In\u00edcio\",\"item\":\"https:\/\/www.estrategiaconcursos.com.br\/blog\/\"},{\"@type\":\"ListItem\",\"position\":2,\"name\":\"Gabarito Extraoficial PC-DF (Agente) &#8211; Direito Administrativo\"}]},{\"@type\":\"WebSite\",\"@id\":\"https:\/\/www.estrategiaconcursos.com.br\/blog\/#website\",\"url\":\"https:\/\/www.estrategiaconcursos.com.br\/blog\/\",\"name\":\"Estrat\u00e9gia Concursos\",\"description\":\"O blog da Estrat\u00e9gia Concursos traz not\u00edcias sobre concursos e artigos de professores oferecendo cursos para concursos (pdf + videaulas) no site.\",\"publisher\":{\"@id\":\"https:\/\/www.estrategiaconcursos.com.br\/blog\/#organization\"},\"potentialAction\":[{\"@type\":\"SearchAction\",\"target\":{\"@type\":\"EntryPoint\",\"urlTemplate\":\"https:\/\/www.estrategiaconcursos.com.br\/blog\/?s={search_term_string}\"},\"query-input\":{\"@type\":\"PropertyValueSpecification\",\"valueRequired\":true,\"valueName\":\"search_term_string\"}}],\"inLanguage\":\"pt-BR\"},{\"@type\":\"Organization\",\"@id\":\"https:\/\/www.estrategiaconcursos.com.br\/blog\/#organization\",\"name\":\"Estrat\u00e9gia Concursos\",\"url\":\"https:\/\/www.estrategiaconcursos.com.br\/blog\/\",\"logo\":{\"@type\":\"ImageObject\",\"inLanguage\":\"pt-BR\",\"@id\":\"https:\/\/www.estrategiaconcursos.com.br\/blog\/#\/schema\/logo\/image\/\",\"url\":\"https:\/\/dhg1h5j42swfq.cloudfront.net\/2025\/06\/03203428\/logo_concursos-1.jpg\",\"contentUrl\":\"https:\/\/dhg1h5j42swfq.cloudfront.net\/2025\/06\/03203428\/logo_concursos-1.jpg\",\"width\":230,\"height\":60,\"caption\":\"Estrat\u00e9gia Concursos\"},\"image\":{\"@id\":\"https:\/\/www.estrategiaconcursos.com.br\/blog\/#\/schema\/logo\/image\/\"},\"sameAs\":[\"https:\/\/x.com\/EstratConcursos\"]},{\"@type\":\"Person\",\"@id\":\"https:\/\/www.estrategiaconcursos.com.br\/blog\/#\/schema\/person\/b4a388c97673c5f483d72185668afa1f\",\"name\":\"Coordena\u00e7\u00e3o\",\"image\":{\"@type\":\"ImageObject\",\"inLanguage\":\"pt-BR\",\"@id\":\"https:\/\/secure.gravatar.com\/avatar\/b720319e4c9a967eb58678d110f4fe35452fc5d5f97b202bac7b8acceb18c6ad?s=96&d=mm&r=g\",\"url\":\"https:\/\/secure.gravatar.com\/avatar\/b720319e4c9a967eb58678d110f4fe35452fc5d5f97b202bac7b8acceb18c6ad?s=96&d=mm&r=g\",\"contentUrl\":\"https:\/\/secure.gravatar.com\/avatar\/b720319e4c9a967eb58678d110f4fe35452fc5d5f97b202bac7b8acceb18c6ad?s=96&d=mm&r=g\",\"caption\":\"Coordena\u00e7\u00e3o\"},\"sameAs\":[\"https:\/\/www.facebook.com\/EstrategiaConcursos\",\"https:\/\/x.com\/EstratConcursos\"],\"url\":\"https:\/\/www.estrategiaconcursos.com.br\/blog\/author\/estrategia2013\/\"}]}<\/script>\n<!-- \/ Yoast SEO Premium plugin. -->","yoast_head_json":{"title":"Gabarito Extraoficial PC-DF (Agente) - Direito Administrativo","description":"Confira neste artigo o gabarito e a corre\u00e7\u00e3o extraoficial da prova de Direito Administrativo, cargo de Escriv\u00e3o da PC-DF.","robots":{"index":"index","follow":"follow","max-snippet":"max-snippet:-1","max-image-preview":"max-image-preview:large","max-video-preview":"max-video-preview:-1"},"canonical":"https:\/\/www.estrategiaconcursos.com.br\/blog\/gabarito-extraoficial-pcdf-direito-administrativo-agente\/","og_locale":"pt_BR","og_type":"article","og_title":"Gabarito Extraoficial PC-DF (Agente) - Direito Administrativo","og_description":"Confira neste artigo o gabarito e a corre\u00e7\u00e3o extraoficial da prova de Direito Administrativo, cargo de Escriv\u00e3o da PC-DF.","og_url":"https:\/\/www.estrategiaconcursos.com.br\/blog\/gabarito-extraoficial-pcdf-direito-administrativo-agente\/","og_site_name":"Estrat\u00e9gia Concursos","article_author":"https:\/\/www.facebook.com\/EstrategiaConcursos","article_published_time":"2021-08-22T23:53:33+00:00","article_modified_time":"2021-08-23T01:05:41+00:00","og_image":[{"width":1200,"height":628,"url":"https:\/\/dhg1h5j42swfq.cloudfront.net\/2021\/08\/22162332\/pcdf-1.jpg","type":"image\/jpeg"}],"author":"Coordena\u00e7\u00e3o","twitter_card":"summary_large_image","twitter_creator":"@EstratConcursos","twitter_site":"@EstratConcursos","twitter_misc":{"Escrito por":"Coordena\u00e7\u00e3o","Est. tempo de leitura":"6 minutos"},"schema":{"@context":"https:\/\/schema.org","@graph":[{"@type":"NewsArticle","@id":"https:\/\/www.estrategiaconcursos.com.br\/blog\/gabarito-extraoficial-pcdf-direito-administrativo-agente\/#article","isPartOf":{"@id":"https:\/\/www.estrategiaconcursos.com.br\/blog\/gabarito-extraoficial-pcdf-direito-administrativo-agente\/"},"author":{"name":"Coordena\u00e7\u00e3o","@id":"https:\/\/www.estrategiaconcursos.com.br\/blog\/#\/schema\/person\/b4a388c97673c5f483d72185668afa1f"},"headline":"Gabarito Extraoficial PC-DF (Agente) &#8211; Direito Administrativo","datePublished":"2021-08-22T23:53:33+00:00","dateModified":"2021-08-23T01:05:41+00:00","mainEntityOfPage":{"@id":"https:\/\/www.estrategiaconcursos.com.br\/blog\/gabarito-extraoficial-pcdf-direito-administrativo-agente\/"},"wordCount":1441,"commentCount":0,"publisher":{"@id":"https:\/\/www.estrategiaconcursos.com.br\/blog\/#organization"},"image":{"@id":"https:\/\/www.estrategiaconcursos.com.br\/blog\/gabarito-extraoficial-pcdf-direito-administrativo-agente\/#primaryimage"},"thumbnailUrl":"https:\/\/dhg1h5j42swfq.cloudfront.net\/2021\/08\/22162332\/pcdf-1.jpg","articleSection":["Policial (Agente, Escriv\u00e3o e Investigador)"],"inLanguage":"pt-BR","potentialAction":[{"@type":"CommentAction","name":"Comment","target":["https:\/\/www.estrategiaconcursos.com.br\/blog\/gabarito-extraoficial-pcdf-direito-administrativo-agente\/#respond"]}],"copyrightYear":"2021","copyrightHolder":{"@id":"https:\/\/www.estrategiaconcursos.com.br\/blog\/#organization"}},{"@type":"WebPage","@id":"https:\/\/www.estrategiaconcursos.com.br\/blog\/gabarito-extraoficial-pcdf-direito-administrativo-agente\/","url":"https:\/\/www.estrategiaconcursos.com.br\/blog\/gabarito-extraoficial-pcdf-direito-administrativo-agente\/","name":"Gabarito Extraoficial PC-DF (Agente) - Direito Administrativo","isPartOf":{"@id":"https:\/\/www.estrategiaconcursos.com.br\/blog\/#website"},"primaryImageOfPage":{"@id":"https:\/\/www.estrategiaconcursos.com.br\/blog\/gabarito-extraoficial-pcdf-direito-administrativo-agente\/#primaryimage"},"image":{"@id":"https:\/\/www.estrategiaconcursos.com.br\/blog\/gabarito-extraoficial-pcdf-direito-administrativo-agente\/#primaryimage"},"thumbnailUrl":"https:\/\/dhg1h5j42swfq.cloudfront.net\/2021\/08\/22162332\/pcdf-1.jpg","datePublished":"2021-08-22T23:53:33+00:00","dateModified":"2021-08-23T01:05:41+00:00","description":"Confira neste artigo o gabarito e a corre\u00e7\u00e3o extraoficial da prova de Direito Administrativo, cargo de Escriv\u00e3o da PC-DF.","breadcrumb":{"@id":"https:\/\/www.estrategiaconcursos.com.br\/blog\/gabarito-extraoficial-pcdf-direito-administrativo-agente\/#breadcrumb"},"inLanguage":"pt-BR","potentialAction":[{"@type":"ReadAction","target":["https:\/\/www.estrategiaconcursos.com.br\/blog\/gabarito-extraoficial-pcdf-direito-administrativo-agente\/"]}]},{"@type":"ImageObject","inLanguage":"pt-BR","@id":"https:\/\/www.estrategiaconcursos.com.br\/blog\/gabarito-extraoficial-pcdf-direito-administrativo-agente\/#primaryimage","url":"https:\/\/dhg1h5j42swfq.cloudfront.net\/2021\/08\/22162332\/pcdf-1.jpg","contentUrl":"https:\/\/dhg1h5j42swfq.cloudfront.net\/2021\/08\/22162332\/pcdf-1.jpg","width":1200,"height":628,"caption":"PCDF"},{"@type":"BreadcrumbList","@id":"https:\/\/www.estrategiaconcursos.com.br\/blog\/gabarito-extraoficial-pcdf-direito-administrativo-agente\/#breadcrumb","itemListElement":[{"@type":"ListItem","position":1,"name":"In\u00edcio","item":"https:\/\/www.estrategiaconcursos.com.br\/blog\/"},{"@type":"ListItem","position":2,"name":"Gabarito Extraoficial PC-DF (Agente) &#8211; Direito Administrativo"}]},{"@type":"WebSite","@id":"https:\/\/www.estrategiaconcursos.com.br\/blog\/#website","url":"https:\/\/www.estrategiaconcursos.com.br\/blog\/","name":"Estrat\u00e9gia Concursos","description":"O blog da Estrat\u00e9gia Concursos traz not\u00edcias sobre concursos e artigos de professores oferecendo cursos para concursos (pdf + videaulas) no site.","publisher":{"@id":"https:\/\/www.estrategiaconcursos.com.br\/blog\/#organization"},"potentialAction":[{"@type":"SearchAction","target":{"@type":"EntryPoint","urlTemplate":"https:\/\/www.estrategiaconcursos.com.br\/blog\/?s={search_term_string}"},"query-input":{"@type":"PropertyValueSpecification","valueRequired":true,"valueName":"search_term_string"}}],"inLanguage":"pt-BR"},{"@type":"Organization","@id":"https:\/\/www.estrategiaconcursos.com.br\/blog\/#organization","name":"Estrat\u00e9gia Concursos","url":"https:\/\/www.estrategiaconcursos.com.br\/blog\/","logo":{"@type":"ImageObject","inLanguage":"pt-BR","@id":"https:\/\/www.estrategiaconcursos.com.br\/blog\/#\/schema\/logo\/image\/","url":"https:\/\/dhg1h5j42swfq.cloudfront.net\/2025\/06\/03203428\/logo_concursos-1.jpg","contentUrl":"https:\/\/dhg1h5j42swfq.cloudfront.net\/2025\/06\/03203428\/logo_concursos-1.jpg","width":230,"height":60,"caption":"Estrat\u00e9gia Concursos"},"image":{"@id":"https:\/\/www.estrategiaconcursos.com.br\/blog\/#\/schema\/logo\/image\/"},"sameAs":["https:\/\/x.com\/EstratConcursos"]},{"@type":"Person","@id":"https:\/\/www.estrategiaconcursos.com.br\/blog\/#\/schema\/person\/b4a388c97673c5f483d72185668afa1f","name":"Coordena\u00e7\u00e3o","image":{"@type":"ImageObject","inLanguage":"pt-BR","@id":"https:\/\/secure.gravatar.com\/avatar\/b720319e4c9a967eb58678d110f4fe35452fc5d5f97b202bac7b8acceb18c6ad?s=96&d=mm&r=g","url":"https:\/\/secure.gravatar.com\/avatar\/b720319e4c9a967eb58678d110f4fe35452fc5d5f97b202bac7b8acceb18c6ad?s=96&d=mm&r=g","contentUrl":"https:\/\/secure.gravatar.com\/avatar\/b720319e4c9a967eb58678d110f4fe35452fc5d5f97b202bac7b8acceb18c6ad?s=96&d=mm&r=g","caption":"Coordena\u00e7\u00e3o"},"sameAs":["https:\/\/www.facebook.com\/EstrategiaConcursos","https:\/\/x.com\/EstratConcursos"],"url":"https:\/\/www.estrategiaconcursos.com.br\/blog\/author\/estrategia2013\/"}]}},"_links":{"self":[{"href":"https:\/\/www.estrategiaconcursos.com.br\/blog\/wp-json\/wp\/v2\/posts\/842624","targetHints":{"allow":["GET"]}}],"collection":[{"href":"https:\/\/www.estrategiaconcursos.com.br\/blog\/wp-json\/wp\/v2\/posts"}],"about":[{"href":"https:\/\/www.estrategiaconcursos.com.br\/blog\/wp-json\/wp\/v2\/types\/post"}],"author":[{"embeddable":true,"href":"https:\/\/www.estrategiaconcursos.com.br\/blog\/wp-json\/wp\/v2\/users\/1"}],"replies":[{"embeddable":true,"href":"https:\/\/www.estrategiaconcursos.com.br\/blog\/wp-json\/wp\/v2\/comments?post=842624"}],"version-history":[{"count":3,"href":"https:\/\/www.estrategiaconcursos.com.br\/blog\/wp-json\/wp\/v2\/posts\/842624\/revisions"}],"predecessor-version":[{"id":842804,"href":"https:\/\/www.estrategiaconcursos.com.br\/blog\/wp-json\/wp\/v2\/posts\/842624\/revisions\/842804"}],"wp:featuredmedia":[{"embeddable":true,"href":"https:\/\/www.estrategiaconcursos.com.br\/blog\/wp-json\/wp\/v2\/media\/842476"}],"wp:attachment":[{"href":"https:\/\/www.estrategiaconcursos.com.br\/blog\/wp-json\/wp\/v2\/media?parent=842624"}],"wp:term":[{"taxonomy":"category","embeddable":true,"href":"https:\/\/www.estrategiaconcursos.com.br\/blog\/wp-json\/wp\/v2\/categories?post=842624"},{"taxonomy":"post_tag","embeddable":true,"href":"https:\/\/www.estrategiaconcursos.com.br\/blog\/wp-json\/wp\/v2\/tags?post=842624"},{"taxonomy":"tax_estado","embeddable":true,"href":"https:\/\/www.estrategiaconcursos.com.br\/blog\/wp-json\/wp\/v2\/tax_estado?post=842624"}],"curies":[{"name":"wp","href":"https:\/\/api.w.org\/{rel}","templated":true}]}}