{"id":842604,"date":"2021-08-22T20:49:26","date_gmt":"2021-08-22T23:49:26","guid":{"rendered":"https:\/\/www.estrategiaconcursos.com.br\/blog\/?p=842604"},"modified":"2021-08-22T22:15:27","modified_gmt":"2021-08-23T01:15:27","slug":"gabarito-extraoficial-pcdf-direito-constitucional-agente","status":"publish","type":"post","link":"https:\/\/www.estrategiaconcursos.com.br\/blog\/gabarito-extraoficial-pcdf-direito-constitucional-agente\/","title":{"rendered":"Gabarito Extraoficial PC-DF (Agente) &#8211; Direito Constitucional"},"content":{"rendered":"\n<p id=\"block-66b79cc2-2cc6-4464-b446-211bafadbbfb\">Ol\u00e1, pessoal! Tudo joia? Aqui \u00e9 a Prof. Adriane Fauth.<\/p>\n\n\n\n<p id=\"block-704326c2-eee0-4a7d-874d-31e0c2a6a7b0\">Vamos conferir o gabarito extraoficial comentado do conte\u00fado de&nbsp;<em><strong>Direito Constitucional<\/strong><\/em>, que caiu na prova de Agente da PC-DF.<\/p>\n\n\n\n<hr class=\"wp-block-separator\"\/>\n\n\n\n<p><em><strong><span class=\"has-inline-color has-vivid-red-color\">Acerca dos direitos e das garantias fundamentais, julgue os itens a seguir:<\/span><\/strong><\/em><\/p>\n\n\n\n<p><em><strong><span class=\"has-inline-color has-vivid-red-color\">57. A efic\u00e1cia dos direitos fundamentais n\u00e3o se restringe \u00e0s rela\u00e7\u00f5es entre os cidad\u00e3os e o poder p\u00fablico.<\/span><\/strong><\/em><\/p>\n\n\n\n<p><strong>GABARITO: CERTO<\/strong><\/p>\n\n\n\n<p><strong>COMENT\u00c1RIO: <\/strong>Os direitos fundamentais produzem os seus efeitos nas rela\u00e7\u00f5es entre cidad\u00e3os e o poder p\u00fablico, o que chamamos de efic\u00e1cia vertical dos direitos fundamentais, contudo, eles tamb\u00e9m se aplicam nas rela\u00e7\u00f5es privadas, a chamada efic\u00e1cia horizontal e diagonal dos direitos fundamentais. Logo, a efic\u00e1cia dos direitos fundamentais n\u00e3o se restringe as rela\u00e7\u00f5es entre cidad\u00e3os e poder p\u00fablico.<\/p>\n\n\n\n<p><em><strong><span class=\"has-inline-color has-vivid-red-color\">58. Para que seja reconhecida como um direito ou uma garantia fundamental pelo ordenamento jur\u00eddico brasileiro, a norma internacional dever\u00e1 ser aprovada, em cada casa do Congresso Nacional, em dois turnos, por tr\u00eas quintos dos votos dos respectivos membros.<\/span><\/strong><\/em><\/p>\n\n\n\n<p><strong>GABARITO: ERRADO.<\/strong><\/p>\n\n\n\n<p><strong>COMENT\u00c1RIO: <\/strong>O par\u00e1grafo 2\u00ba do art. 5\u00ba da CF consagra a chamada Cl\u00e1usula de abertura material, isso significa que os direitos fundamentais n\u00e3o s\u00e3o apenas aqueles expressos na CF, mas tamb\u00e9m aqueles decorrentes dos regimes e dos princ\u00edpios por ela adotados, al\u00e9m daqueles reconhecidos em tratados internacionais.<\/p>\n\n\n\n<p>Os tratados internacionais de Direitos Humanos, os quais disp\u00f5e a respeito de direitos fundamentais, podem ter status de norma constitucional ou de norma supralegal, dessa forma \u00e9 poss\u00edvel que se reconhe\u00e7a a condi\u00e7\u00e3o de direito fundamental de um determinado direito, mesmo que formalmente ele n\u00e3o possua status constitucional.<\/p>\n\n\n\n<p>Veja que a forma de aprova\u00e7\u00e3o &#8211; nas duas casas do Congresso Nacional, em dois turnos de vota\u00e7\u00e3o e pelo qu\u00f3rum de tr\u00eas quintos dos votos dos membros &#8211; define a hierarquia do tratado e n\u00e3o o seu reconhecimento como direito fundamental.<\/p>\n\n\n\n<p>O Conceito de direitos fundamentais n\u00e3o se limita, portanto, a um conceito formal, mas tamb\u00e9m ao seu conte\u00fado, o seu aspecto material.<\/p>\n\n\n\n<p><em>Art. 5\u00ba \u00a7 2\u00ba Os direitos e garantias expressos nesta Constitui\u00e7\u00e3o n\u00e3o excluem outros decorrentes do regime e dos princ\u00edpios por ela adotados, ou dos tratados internacionais em que a Rep\u00fablica Federativa do Brasil seja parte.<\/em><strong><\/strong><\/p>\n\n\n\n<p>Ainda, para complementar, destaco que h\u00e1 <strong>direitos<\/strong> <strong>fundamentais expressos<\/strong>, aqueles previstos na CF (no t\u00edtulo II e de forma esparsa na CF) e em tratados internacionais de direitos humanos (com status de norma constitucional ou supralegal), bem como h\u00e1 <strong>direitos fundamentais impl\u00edcitos<\/strong>, decorrentes dos expressos, que podem ser deduzidos de um ou mais direitos ou princ\u00edpios expressamente previstos na CF, logo h\u00e1 direitos fundamentais previstos no \u00e2mbito infraconstitucional.<\/p>\n\n\n\n<p>Entretanto, eu acredito que o examinador poder\u00e1 reconhecer a quest\u00e3o como Correta no gabarito preliminar, considerando apenas as disposi\u00e7\u00f5es do art. <em>5\u00ba \u00a7 3\u00ba Os tratados e conven\u00e7\u00f5es internacionais sobre direitos humanos que forem aprovados, em cada Casa do Congresso Nacional, em dois turnos, por tr\u00eas quintos dos votos dos respectivos membros, ser\u00e3o equivalentes \u00e0s emendas constitucionais.<\/em>&nbsp;<\/p>\n\n\n\n<p>Caso o examinador considere a quest\u00e3o como correta, cabe recurso para alterar o gabarito para errada, conforme j\u00e1 analisado.<\/p>\n\n\n\n<p><em><strong><span class=\"has-inline-color has-vivid-red-color\">No que se refere \u00e0 seguran\u00e7a p\u00fablica, julgue os itens subsecutivos:<\/span><\/strong><\/em><\/p>\n\n\n\n<p><em><strong><span class=\"has-inline-color has-vivid-red-color\">59. O exerc\u00edcio do direito de greve \u00e9 vedado aos policiais civis que atuem diretamente na \u00e1rea de seguran\u00e7a p\u00fablica.<\/span><\/strong><\/em><\/p>\n\n\n\n<p><strong>GABARITO: CERTO.<\/strong><\/p>\n\n\n\n<p><strong>Coment\u00e1rio:<\/strong> o Supremo Tribunal Federal entendeu pela impossibilidade do exerc\u00edcio do direito de greve para todos os servidores p\u00fablicos que atuem diretamente na \u00e1rea de seguran\u00e7a p\u00fablica.<\/p>\n\n\n\n<p>Veja o que decidiu o STF:<\/p>\n\n\n\n<p>\u201c<strong>O exerc\u00edcio do direito de greve, sob qualquer forma ou modalidade, \u00e9 vedado aos policiais civis e a todos os servidores p\u00fablicos que atuem diretamente na \u00e1rea de seguran\u00e7a p\u00fablica.<\/strong> [ARE 654.432, rel. p\/ o ac. min. Alexandre de Moraes, j. 5-4-2017, P, DJE de 11-6-2018, Tema 541.]\u201d<\/p>\n\n\n\n<p><em><strong><span class=\"has-inline-color has-vivid-red-color\">60. A pol\u00edcia civil estadual deve ser dirigida por delegado de pol\u00edcia de carreira e tem como atribui\u00e7\u00f5es apurar infra\u00e7\u00f5es penais bem como prevenir e reprimir o tr\u00e1fico il\u00edcito de entorpecentes.<\/span><\/strong><\/em><\/p>\n\n\n\n<p><strong>GABARITO:<\/strong> <strong>ERRADO<\/strong><\/p>\n\n\n\n<p><strong>COMENT\u00c1RIO:<\/strong> De fato a pol\u00edcia civil \u00e9 dirigida por delegado de pol\u00edcia, contudo, na CF a compet\u00eancia para prevenir e reprimir o tr\u00e1fico il\u00edcito de entorpecentes \u00e9 da Pol\u00edcia Federal, ainda que tal atribui\u00e7\u00e3o n\u00e3o lhe seja exclusiva.<\/p>\n\n\n\n<p>Veja o texto constitucional:<\/p>\n\n\n\n<p><em>Art. 144. A seguran\u00e7a p\u00fablica, dever do Estado, direito e responsabilidade de todos, \u00e9 exercida para a preserva\u00e7\u00e3o da ordem p\u00fablica e da incolumidade das pessoas e do patrim\u00f4nio, atrav\u00e9s dos seguintes \u00f3rg\u00e3os:<\/em><\/p>\n\n\n\n<p><em>\u00a7 1\u00ba A pol\u00edcia federal, institu\u00edda por lei como \u00f3rg\u00e3o permanente, organizado e mantido pela Uni\u00e3o e estruturado em carreira, destina-se a:<\/em><\/p>\n\n\n\n<p><strong><em>II &#8211; prevenir e reprimir o tr\u00e1fico il\u00edcito de entorpecentes e drogas afins<\/em><\/strong><em>, o contrabando e o descaminho, sem preju\u00edzo da a\u00e7\u00e3o fazend\u00e1ria e de outros \u00f3rg\u00e3os p\u00fablicos nas respectivas \u00e1reas de compet\u00eancia;<\/em><\/p>\n\n\n\n<p><em>\u00a7 4\u00ba <strong>\u00e0s pol\u00edcias civis, dirigidas por delegados de pol\u00edcia de carreira<\/strong>, incumbem, ressalvada a compet\u00eancia da Uni\u00e3o, as fun\u00e7\u00f5es de pol\u00edcia judici\u00e1ria e a apura\u00e7\u00e3o de infra\u00e7\u00f5es penais, exceto as militares.<\/em><\/p>\n\n\n\n<p><strong><span class=\"has-inline-color has-vivid-red-color\"><em>Clara, praticante de uma religi\u00e3o de matriz africana, um dia, ao chegar \u00e0 escola p\u00fablica em que estuda no Distrito Federal usando um colar de contas t\u00edpico de sua pr\u00e1tica religiosa, foi impedida, pela diretora, de entrar na institui\u00e7\u00e3o. A diretora alegou que, ali, n\u00e3o era permitido entrar usando aquele tipo de colar. Na ocasi\u00e3o, a diretora exigiu que a estudante retirasse o adere\u00e7o para poder entrar no estabelecimento de ensino. Considerando essa situa\u00e7\u00e3o hipot\u00e9tica, julgue os itens a seguir.<\/em><\/span><\/strong><\/p>\n\n\n\n<p><strong><em><span class=\"has-inline-color has-vivid-red-color\">78. Embora o livre exerc\u00edcio de cultos religiosos seja assegurado pela Constitui\u00e7\u00e3o da Rep\u00fablica Federativa do Brasil, como o Estado \u00e9 laico, o ingresso de Clara com adere\u00e7os religiosos em sua escola pode ser proibido.<\/span><\/em><\/strong><\/p>\n\n\n\n<p><strong>GABARITO: <\/strong>ERRADO.<\/p>\n\n\n\n<p><strong>COMENT\u00c1RIO: <\/strong>A Constitui\u00e7\u00e3o assegura dentro da liberdade religiosa o direito de n\u00e3o ter os seus direitos restringidos em decorr\u00eancia de sua convic\u00e7\u00e3o religiosa. Assim, o ingresso de Clara com adere\u00e7os religiosos em sua escola n\u00e3o pode ser proibido.<\/p>\n\n\n\n<p>Clara, praticante de uma religi\u00e3o de matriz africana, um dia, ao chegar \u00e0 escola p\u00fablica em que estuda no Distrito Federal usando um colar de contas t\u00edpico de sua pr\u00e1tica religiosa, foi impedida, pela diretora, de entrar na institui\u00e7\u00e3o. A diretora alegou que, ali, n\u00e3o era permitido entrar usando aquele tipo de colar. Na ocasi\u00e3o, a diretora exigiu que a estudante retirasse o adere\u00e7o para poder entrar no estabelecimento de ensino. Considerando essa situa\u00e7\u00e3o hipot\u00e9tica, julgue os itens a seguir.<\/p>\n\n\n\n<p><strong><em><span class=\"has-inline-color has-vivid-red-color\">79.  O direito \u00e0 liberdade de consci\u00eancia e de cren\u00e7a \u00e9 considerado um direito fundamental de segunda gera\u00e7\u00e3o.<\/span><\/em><\/strong><\/p>\n\n\n\n<p><strong>GABARITO: <\/strong>ERRADO.<\/p>\n\n\n\n<p><strong>COMENT\u00c1RIO: <\/strong>Na verdade os direitos referentes \u00e0 liberdade s\u00e3o direitos de primeira gera\u00e7\u00e3o. Os direitos de segunda gera\u00e7\u00e3o s\u00e3o os relacionados \u00e0 igualdade (direitos culturais, direitos sociais e direitos econ\u00f4micos).<\/p>\n","protected":false},"excerpt":{"rendered":"<p>Ol\u00e1, pessoal! Tudo joia? Aqui \u00e9 a Prof. Adriane Fauth. Vamos conferir o gabarito extraoficial comentado do conte\u00fado de&nbsp;Direito Constitucional, que caiu na prova de Agente da PC-DF. Acerca dos direitos e das garantias fundamentais, julgue os itens a seguir: 57. A efic\u00e1cia dos direitos fundamentais n\u00e3o se restringe \u00e0s rela\u00e7\u00f5es entre os cidad\u00e3os e [&hellip;]<\/p>\n","protected":false},"author":1,"featured_media":842476,"comment_status":"open","ping_status":"closed","sticky":false,"template":"","format":"standard","meta":{"post_tipo":"article","footnotes":""},"categories":[1988],"tags":[],"tax_estado":[219970],"class_list":["post-842604","post","type-post","status-publish","format-standard","has-post-thumbnail","hentry","category-policia","tax_estado-df"],"acf":[],"yoast_head":"<!-- This site is optimized with the Yoast SEO Premium plugin v27.2 (Yoast SEO v27.2) - https:\/\/yoast.com\/product\/yoast-seo-premium-wordpress\/ -->\n<title>Gabarito Extraoficial PC-DF (Agente) - Direito Constitucional<\/title>\n<meta name=\"description\" content=\"Confira neste artigo o gabarito e a corre\u00e7\u00e3o extraoficial da prova de Direito Constitucional, cargo de Escriv\u00e3o da PC-DF.\" \/>\n<meta name=\"robots\" content=\"index, follow, max-snippet:-1, max-image-preview:large, max-video-preview:-1\" \/>\n<link rel=\"canonical\" href=\"https:\/\/www.estrategiaconcursos.com.br\/blog\/gabarito-extraoficial-pcdf-direito-constitucional-agente\/\" \/>\n<meta property=\"og:locale\" content=\"pt_BR\" \/>\n<meta property=\"og:type\" content=\"article\" \/>\n<meta property=\"og:title\" content=\"Gabarito Extraoficial PC-DF (Agente) - Direito Constitucional\" \/>\n<meta property=\"og:description\" content=\"Confira neste artigo o gabarito e a corre\u00e7\u00e3o extraoficial da prova de Direito Constitucional, cargo de Escriv\u00e3o da PC-DF.\" \/>\n<meta property=\"og:url\" content=\"https:\/\/www.estrategiaconcursos.com.br\/blog\/gabarito-extraoficial-pcdf-direito-constitucional-agente\/\" \/>\n<meta property=\"og:site_name\" content=\"Estrat\u00e9gia Concursos\" \/>\n<meta property=\"article:author\" content=\"https:\/\/www.facebook.com\/EstrategiaConcursos\" \/>\n<meta property=\"article:published_time\" content=\"2021-08-22T23:49:26+00:00\" \/>\n<meta property=\"article:modified_time\" content=\"2021-08-23T01:15:27+00:00\" \/>\n<meta property=\"og:image\" content=\"https:\/\/dhg1h5j42swfq.cloudfront.net\/2021\/08\/22162332\/pcdf-1.jpg\" \/>\n\t<meta property=\"og:image:width\" content=\"1200\" \/>\n\t<meta property=\"og:image:height\" content=\"628\" \/>\n\t<meta property=\"og:image:type\" content=\"image\/jpeg\" \/>\n<meta name=\"author\" content=\"Coordena\u00e7\u00e3o\" \/>\n<meta name=\"twitter:card\" content=\"summary_large_image\" \/>\n<meta name=\"twitter:creator\" content=\"@EstratConcursos\" \/>\n<meta name=\"twitter:site\" content=\"@EstratConcursos\" \/>\n<meta name=\"twitter:label1\" content=\"Escrito por\" \/>\n\t<meta name=\"twitter:data1\" content=\"Coordena\u00e7\u00e3o\" \/>\n\t<meta name=\"twitter:label2\" content=\"Est. tempo de leitura\" \/>\n\t<meta name=\"twitter:data2\" content=\"5 minutos\" \/>\n<script type=\"application\/ld+json\" class=\"yoast-schema-graph\">{\"@context\":\"https:\/\/schema.org\",\"@graph\":[{\"@type\":\"NewsArticle\",\"@id\":\"https:\/\/www.estrategiaconcursos.com.br\/blog\/gabarito-extraoficial-pcdf-direito-constitucional-agente\/#article\",\"isPartOf\":{\"@id\":\"https:\/\/www.estrategiaconcursos.com.br\/blog\/gabarito-extraoficial-pcdf-direito-constitucional-agente\/\"},\"author\":{\"name\":\"Coordena\u00e7\u00e3o\",\"@id\":\"https:\/\/www.estrategiaconcursos.com.br\/blog\/#\/schema\/person\/b4a388c97673c5f483d72185668afa1f\"},\"headline\":\"Gabarito Extraoficial PC-DF (Agente) &#8211; Direito Constitucional\",\"datePublished\":\"2021-08-22T23:49:26+00:00\",\"dateModified\":\"2021-08-23T01:15:27+00:00\",\"mainEntityOfPage\":{\"@id\":\"https:\/\/www.estrategiaconcursos.com.br\/blog\/gabarito-extraoficial-pcdf-direito-constitucional-agente\/\"},\"wordCount\":1220,\"commentCount\":0,\"publisher\":{\"@id\":\"https:\/\/www.estrategiaconcursos.com.br\/blog\/#organization\"},\"image\":{\"@id\":\"https:\/\/www.estrategiaconcursos.com.br\/blog\/gabarito-extraoficial-pcdf-direito-constitucional-agente\/#primaryimage\"},\"thumbnailUrl\":\"https:\/\/dhg1h5j42swfq.cloudfront.net\/2021\/08\/22162332\/pcdf-1.jpg\",\"articleSection\":[\"Policial (Agente, Escriv\u00e3o e Investigador)\"],\"inLanguage\":\"pt-BR\",\"potentialAction\":[{\"@type\":\"CommentAction\",\"name\":\"Comment\",\"target\":[\"https:\/\/www.estrategiaconcursos.com.br\/blog\/gabarito-extraoficial-pcdf-direito-constitucional-agente\/#respond\"]}],\"copyrightYear\":\"2021\",\"copyrightHolder\":{\"@id\":\"https:\/\/www.estrategiaconcursos.com.br\/blog\/#organization\"}},{\"@type\":\"WebPage\",\"@id\":\"https:\/\/www.estrategiaconcursos.com.br\/blog\/gabarito-extraoficial-pcdf-direito-constitucional-agente\/\",\"url\":\"https:\/\/www.estrategiaconcursos.com.br\/blog\/gabarito-extraoficial-pcdf-direito-constitucional-agente\/\",\"name\":\"Gabarito Extraoficial PC-DF (Agente) - Direito Constitucional\",\"isPartOf\":{\"@id\":\"https:\/\/www.estrategiaconcursos.com.br\/blog\/#website\"},\"primaryImageOfPage\":{\"@id\":\"https:\/\/www.estrategiaconcursos.com.br\/blog\/gabarito-extraoficial-pcdf-direito-constitucional-agente\/#primaryimage\"},\"image\":{\"@id\":\"https:\/\/www.estrategiaconcursos.com.br\/blog\/gabarito-extraoficial-pcdf-direito-constitucional-agente\/#primaryimage\"},\"thumbnailUrl\":\"https:\/\/dhg1h5j42swfq.cloudfront.net\/2021\/08\/22162332\/pcdf-1.jpg\",\"datePublished\":\"2021-08-22T23:49:26+00:00\",\"dateModified\":\"2021-08-23T01:15:27+00:00\",\"description\":\"Confira neste artigo o gabarito e a corre\u00e7\u00e3o extraoficial da prova de Direito Constitucional, cargo de Escriv\u00e3o da PC-DF.\",\"breadcrumb\":{\"@id\":\"https:\/\/www.estrategiaconcursos.com.br\/blog\/gabarito-extraoficial-pcdf-direito-constitucional-agente\/#breadcrumb\"},\"inLanguage\":\"pt-BR\",\"potentialAction\":[{\"@type\":\"ReadAction\",\"target\":[\"https:\/\/www.estrategiaconcursos.com.br\/blog\/gabarito-extraoficial-pcdf-direito-constitucional-agente\/\"]}]},{\"@type\":\"ImageObject\",\"inLanguage\":\"pt-BR\",\"@id\":\"https:\/\/www.estrategiaconcursos.com.br\/blog\/gabarito-extraoficial-pcdf-direito-constitucional-agente\/#primaryimage\",\"url\":\"https:\/\/dhg1h5j42swfq.cloudfront.net\/2021\/08\/22162332\/pcdf-1.jpg\",\"contentUrl\":\"https:\/\/dhg1h5j42swfq.cloudfront.net\/2021\/08\/22162332\/pcdf-1.jpg\",\"width\":1200,\"height\":628,\"caption\":\"PCDF\"},{\"@type\":\"BreadcrumbList\",\"@id\":\"https:\/\/www.estrategiaconcursos.com.br\/blog\/gabarito-extraoficial-pcdf-direito-constitucional-agente\/#breadcrumb\",\"itemListElement\":[{\"@type\":\"ListItem\",\"position\":1,\"name\":\"In\u00edcio\",\"item\":\"https:\/\/www.estrategiaconcursos.com.br\/blog\/\"},{\"@type\":\"ListItem\",\"position\":2,\"name\":\"Gabarito Extraoficial PC-DF (Agente) &#8211; Direito Constitucional\"}]},{\"@type\":\"WebSite\",\"@id\":\"https:\/\/www.estrategiaconcursos.com.br\/blog\/#website\",\"url\":\"https:\/\/www.estrategiaconcursos.com.br\/blog\/\",\"name\":\"Estrat\u00e9gia Concursos\",\"description\":\"O blog da Estrat\u00e9gia Concursos traz not\u00edcias sobre concursos e artigos de professores oferecendo cursos para concursos (pdf + videaulas) no site.\",\"publisher\":{\"@id\":\"https:\/\/www.estrategiaconcursos.com.br\/blog\/#organization\"},\"potentialAction\":[{\"@type\":\"SearchAction\",\"target\":{\"@type\":\"EntryPoint\",\"urlTemplate\":\"https:\/\/www.estrategiaconcursos.com.br\/blog\/?s={search_term_string}\"},\"query-input\":{\"@type\":\"PropertyValueSpecification\",\"valueRequired\":true,\"valueName\":\"search_term_string\"}}],\"inLanguage\":\"pt-BR\"},{\"@type\":\"Organization\",\"@id\":\"https:\/\/www.estrategiaconcursos.com.br\/blog\/#organization\",\"name\":\"Estrat\u00e9gia Concursos\",\"url\":\"https:\/\/www.estrategiaconcursos.com.br\/blog\/\",\"logo\":{\"@type\":\"ImageObject\",\"inLanguage\":\"pt-BR\",\"@id\":\"https:\/\/www.estrategiaconcursos.com.br\/blog\/#\/schema\/logo\/image\/\",\"url\":\"https:\/\/dhg1h5j42swfq.cloudfront.net\/2025\/06\/03203428\/logo_concursos-1.jpg\",\"contentUrl\":\"https:\/\/dhg1h5j42swfq.cloudfront.net\/2025\/06\/03203428\/logo_concursos-1.jpg\",\"width\":230,\"height\":60,\"caption\":\"Estrat\u00e9gia Concursos\"},\"image\":{\"@id\":\"https:\/\/www.estrategiaconcursos.com.br\/blog\/#\/schema\/logo\/image\/\"},\"sameAs\":[\"https:\/\/x.com\/EstratConcursos\"]},{\"@type\":\"Person\",\"@id\":\"https:\/\/www.estrategiaconcursos.com.br\/blog\/#\/schema\/person\/b4a388c97673c5f483d72185668afa1f\",\"name\":\"Coordena\u00e7\u00e3o\",\"image\":{\"@type\":\"ImageObject\",\"inLanguage\":\"pt-BR\",\"@id\":\"https:\/\/secure.gravatar.com\/avatar\/b720319e4c9a967eb58678d110f4fe35452fc5d5f97b202bac7b8acceb18c6ad?s=96&d=mm&r=g\",\"url\":\"https:\/\/secure.gravatar.com\/avatar\/b720319e4c9a967eb58678d110f4fe35452fc5d5f97b202bac7b8acceb18c6ad?s=96&d=mm&r=g\",\"contentUrl\":\"https:\/\/secure.gravatar.com\/avatar\/b720319e4c9a967eb58678d110f4fe35452fc5d5f97b202bac7b8acceb18c6ad?s=96&d=mm&r=g\",\"caption\":\"Coordena\u00e7\u00e3o\"},\"sameAs\":[\"https:\/\/www.facebook.com\/EstrategiaConcursos\",\"https:\/\/x.com\/EstratConcursos\"],\"url\":\"https:\/\/www.estrategiaconcursos.com.br\/blog\/author\/estrategia2013\/\"}]}<\/script>\n<!-- \/ Yoast SEO Premium plugin. -->","yoast_head_json":{"title":"Gabarito Extraoficial PC-DF (Agente) - Direito Constitucional","description":"Confira neste artigo o gabarito e a corre\u00e7\u00e3o extraoficial da prova de Direito Constitucional, cargo de Escriv\u00e3o da PC-DF.","robots":{"index":"index","follow":"follow","max-snippet":"max-snippet:-1","max-image-preview":"max-image-preview:large","max-video-preview":"max-video-preview:-1"},"canonical":"https:\/\/www.estrategiaconcursos.com.br\/blog\/gabarito-extraoficial-pcdf-direito-constitucional-agente\/","og_locale":"pt_BR","og_type":"article","og_title":"Gabarito Extraoficial PC-DF (Agente) - Direito Constitucional","og_description":"Confira neste artigo o gabarito e a corre\u00e7\u00e3o extraoficial da prova de Direito Constitucional, cargo de Escriv\u00e3o da PC-DF.","og_url":"https:\/\/www.estrategiaconcursos.com.br\/blog\/gabarito-extraoficial-pcdf-direito-constitucional-agente\/","og_site_name":"Estrat\u00e9gia Concursos","article_author":"https:\/\/www.facebook.com\/EstrategiaConcursos","article_published_time":"2021-08-22T23:49:26+00:00","article_modified_time":"2021-08-23T01:15:27+00:00","og_image":[{"width":1200,"height":628,"url":"https:\/\/dhg1h5j42swfq.cloudfront.net\/2021\/08\/22162332\/pcdf-1.jpg","type":"image\/jpeg"}],"author":"Coordena\u00e7\u00e3o","twitter_card":"summary_large_image","twitter_creator":"@EstratConcursos","twitter_site":"@EstratConcursos","twitter_misc":{"Escrito por":"Coordena\u00e7\u00e3o","Est. tempo de leitura":"5 minutos"},"schema":{"@context":"https:\/\/schema.org","@graph":[{"@type":"NewsArticle","@id":"https:\/\/www.estrategiaconcursos.com.br\/blog\/gabarito-extraoficial-pcdf-direito-constitucional-agente\/#article","isPartOf":{"@id":"https:\/\/www.estrategiaconcursos.com.br\/blog\/gabarito-extraoficial-pcdf-direito-constitucional-agente\/"},"author":{"name":"Coordena\u00e7\u00e3o","@id":"https:\/\/www.estrategiaconcursos.com.br\/blog\/#\/schema\/person\/b4a388c97673c5f483d72185668afa1f"},"headline":"Gabarito Extraoficial PC-DF (Agente) &#8211; Direito Constitucional","datePublished":"2021-08-22T23:49:26+00:00","dateModified":"2021-08-23T01:15:27+00:00","mainEntityOfPage":{"@id":"https:\/\/www.estrategiaconcursos.com.br\/blog\/gabarito-extraoficial-pcdf-direito-constitucional-agente\/"},"wordCount":1220,"commentCount":0,"publisher":{"@id":"https:\/\/www.estrategiaconcursos.com.br\/blog\/#organization"},"image":{"@id":"https:\/\/www.estrategiaconcursos.com.br\/blog\/gabarito-extraoficial-pcdf-direito-constitucional-agente\/#primaryimage"},"thumbnailUrl":"https:\/\/dhg1h5j42swfq.cloudfront.net\/2021\/08\/22162332\/pcdf-1.jpg","articleSection":["Policial (Agente, Escriv\u00e3o e Investigador)"],"inLanguage":"pt-BR","potentialAction":[{"@type":"CommentAction","name":"Comment","target":["https:\/\/www.estrategiaconcursos.com.br\/blog\/gabarito-extraoficial-pcdf-direito-constitucional-agente\/#respond"]}],"copyrightYear":"2021","copyrightHolder":{"@id":"https:\/\/www.estrategiaconcursos.com.br\/blog\/#organization"}},{"@type":"WebPage","@id":"https:\/\/www.estrategiaconcursos.com.br\/blog\/gabarito-extraoficial-pcdf-direito-constitucional-agente\/","url":"https:\/\/www.estrategiaconcursos.com.br\/blog\/gabarito-extraoficial-pcdf-direito-constitucional-agente\/","name":"Gabarito Extraoficial PC-DF (Agente) - Direito Constitucional","isPartOf":{"@id":"https:\/\/www.estrategiaconcursos.com.br\/blog\/#website"},"primaryImageOfPage":{"@id":"https:\/\/www.estrategiaconcursos.com.br\/blog\/gabarito-extraoficial-pcdf-direito-constitucional-agente\/#primaryimage"},"image":{"@id":"https:\/\/www.estrategiaconcursos.com.br\/blog\/gabarito-extraoficial-pcdf-direito-constitucional-agente\/#primaryimage"},"thumbnailUrl":"https:\/\/dhg1h5j42swfq.cloudfront.net\/2021\/08\/22162332\/pcdf-1.jpg","datePublished":"2021-08-22T23:49:26+00:00","dateModified":"2021-08-23T01:15:27+00:00","description":"Confira neste artigo o gabarito e a corre\u00e7\u00e3o extraoficial da prova de Direito Constitucional, cargo de Escriv\u00e3o da PC-DF.","breadcrumb":{"@id":"https:\/\/www.estrategiaconcursos.com.br\/blog\/gabarito-extraoficial-pcdf-direito-constitucional-agente\/#breadcrumb"},"inLanguage":"pt-BR","potentialAction":[{"@type":"ReadAction","target":["https:\/\/www.estrategiaconcursos.com.br\/blog\/gabarito-extraoficial-pcdf-direito-constitucional-agente\/"]}]},{"@type":"ImageObject","inLanguage":"pt-BR","@id":"https:\/\/www.estrategiaconcursos.com.br\/blog\/gabarito-extraoficial-pcdf-direito-constitucional-agente\/#primaryimage","url":"https:\/\/dhg1h5j42swfq.cloudfront.net\/2021\/08\/22162332\/pcdf-1.jpg","contentUrl":"https:\/\/dhg1h5j42swfq.cloudfront.net\/2021\/08\/22162332\/pcdf-1.jpg","width":1200,"height":628,"caption":"PCDF"},{"@type":"BreadcrumbList","@id":"https:\/\/www.estrategiaconcursos.com.br\/blog\/gabarito-extraoficial-pcdf-direito-constitucional-agente\/#breadcrumb","itemListElement":[{"@type":"ListItem","position":1,"name":"In\u00edcio","item":"https:\/\/www.estrategiaconcursos.com.br\/blog\/"},{"@type":"ListItem","position":2,"name":"Gabarito Extraoficial PC-DF (Agente) &#8211; Direito Constitucional"}]},{"@type":"WebSite","@id":"https:\/\/www.estrategiaconcursos.com.br\/blog\/#website","url":"https:\/\/www.estrategiaconcursos.com.br\/blog\/","name":"Estrat\u00e9gia Concursos","description":"O blog da Estrat\u00e9gia Concursos traz not\u00edcias sobre concursos e artigos de professores oferecendo cursos para concursos (pdf + videaulas) no site.","publisher":{"@id":"https:\/\/www.estrategiaconcursos.com.br\/blog\/#organization"},"potentialAction":[{"@type":"SearchAction","target":{"@type":"EntryPoint","urlTemplate":"https:\/\/www.estrategiaconcursos.com.br\/blog\/?s={search_term_string}"},"query-input":{"@type":"PropertyValueSpecification","valueRequired":true,"valueName":"search_term_string"}}],"inLanguage":"pt-BR"},{"@type":"Organization","@id":"https:\/\/www.estrategiaconcursos.com.br\/blog\/#organization","name":"Estrat\u00e9gia Concursos","url":"https:\/\/www.estrategiaconcursos.com.br\/blog\/","logo":{"@type":"ImageObject","inLanguage":"pt-BR","@id":"https:\/\/www.estrategiaconcursos.com.br\/blog\/#\/schema\/logo\/image\/","url":"https:\/\/dhg1h5j42swfq.cloudfront.net\/2025\/06\/03203428\/logo_concursos-1.jpg","contentUrl":"https:\/\/dhg1h5j42swfq.cloudfront.net\/2025\/06\/03203428\/logo_concursos-1.jpg","width":230,"height":60,"caption":"Estrat\u00e9gia Concursos"},"image":{"@id":"https:\/\/www.estrategiaconcursos.com.br\/blog\/#\/schema\/logo\/image\/"},"sameAs":["https:\/\/x.com\/EstratConcursos"]},{"@type":"Person","@id":"https:\/\/www.estrategiaconcursos.com.br\/blog\/#\/schema\/person\/b4a388c97673c5f483d72185668afa1f","name":"Coordena\u00e7\u00e3o","image":{"@type":"ImageObject","inLanguage":"pt-BR","@id":"https:\/\/secure.gravatar.com\/avatar\/b720319e4c9a967eb58678d110f4fe35452fc5d5f97b202bac7b8acceb18c6ad?s=96&d=mm&r=g","url":"https:\/\/secure.gravatar.com\/avatar\/b720319e4c9a967eb58678d110f4fe35452fc5d5f97b202bac7b8acceb18c6ad?s=96&d=mm&r=g","contentUrl":"https:\/\/secure.gravatar.com\/avatar\/b720319e4c9a967eb58678d110f4fe35452fc5d5f97b202bac7b8acceb18c6ad?s=96&d=mm&r=g","caption":"Coordena\u00e7\u00e3o"},"sameAs":["https:\/\/www.facebook.com\/EstrategiaConcursos","https:\/\/x.com\/EstratConcursos"],"url":"https:\/\/www.estrategiaconcursos.com.br\/blog\/author\/estrategia2013\/"}]}},"_links":{"self":[{"href":"https:\/\/www.estrategiaconcursos.com.br\/blog\/wp-json\/wp\/v2\/posts\/842604","targetHints":{"allow":["GET"]}}],"collection":[{"href":"https:\/\/www.estrategiaconcursos.com.br\/blog\/wp-json\/wp\/v2\/posts"}],"about":[{"href":"https:\/\/www.estrategiaconcursos.com.br\/blog\/wp-json\/wp\/v2\/types\/post"}],"author":[{"embeddable":true,"href":"https:\/\/www.estrategiaconcursos.com.br\/blog\/wp-json\/wp\/v2\/users\/1"}],"replies":[{"embeddable":true,"href":"https:\/\/www.estrategiaconcursos.com.br\/blog\/wp-json\/wp\/v2\/comments?post=842604"}],"version-history":[{"count":3,"href":"https:\/\/www.estrategiaconcursos.com.br\/blog\/wp-json\/wp\/v2\/posts\/842604\/revisions"}],"predecessor-version":[{"id":842811,"href":"https:\/\/www.estrategiaconcursos.com.br\/blog\/wp-json\/wp\/v2\/posts\/842604\/revisions\/842811"}],"wp:featuredmedia":[{"embeddable":true,"href":"https:\/\/www.estrategiaconcursos.com.br\/blog\/wp-json\/wp\/v2\/media\/842476"}],"wp:attachment":[{"href":"https:\/\/www.estrategiaconcursos.com.br\/blog\/wp-json\/wp\/v2\/media?parent=842604"}],"wp:term":[{"taxonomy":"category","embeddable":true,"href":"https:\/\/www.estrategiaconcursos.com.br\/blog\/wp-json\/wp\/v2\/categories?post=842604"},{"taxonomy":"post_tag","embeddable":true,"href":"https:\/\/www.estrategiaconcursos.com.br\/blog\/wp-json\/wp\/v2\/tags?post=842604"},{"taxonomy":"tax_estado","embeddable":true,"href":"https:\/\/www.estrategiaconcursos.com.br\/blog\/wp-json\/wp\/v2\/tax_estado?post=842604"}],"curies":[{"name":"wp","href":"https:\/\/api.w.org\/{rel}","templated":true}]}}