{"id":84258,"date":"2017-08-07T09:15:11","date_gmt":"2017-08-07T12:15:11","guid":{"rendered":"https:\/\/www.estrategiaconcursos.com.br\/blog\/?p=84258"},"modified":"2017-08-07T09:15:11","modified_gmt":"2017-08-07T12:15:11","slug":"impressao-do-voto-em-2018","status":"publish","type":"post","link":"https:\/\/www.estrategiaconcursos.com.br\/blog\/impressao-do-voto-em-2018\/","title":{"rendered":"Impress\u00e3o do Voto em 2018?"},"content":{"rendered":"<p style=\"text-align: justify;\">Ol\u00e1 pessoal, neste breve artigo vamos falar sobre um assunto recorrente em nosso f\u00f3rum de d\u00favidas, especialmente para os concursos eleitorais de 2017\/2018, que \u00e9 a quest\u00e3o relativa \u00e0 impress\u00e3o do voto.<\/p>\n<p style=\"text-align: justify;\">O voto secreto, direto, universal e peri\u00f3dico \u00e9 <strong>cl\u00e1usula p\u00e9trea<\/strong> em nosso sistema constitucional, por for\u00e7a do art. 60, \u00a74\u00ba, II, da CF:<\/p>\n<blockquote>\n<p style=\"text-align: justify;\"><em>\u00a7 4\u00ba &#8211; N\u00e3o ser\u00e1 objeto de delibera\u00e7\u00e3o a proposta de emenda tendente a abolir: (&#8230;)<\/em><\/p>\n<p style=\"text-align: justify;\"><em>II &#8211; o voto direto, secreto, universal e peri\u00f3dico;<\/em><\/p>\n<\/blockquote>\n<p style=\"text-align: justify;\">Vejamos as li\u00e7\u00f5es de Marcelo Novelino:<\/p>\n<p style=\"text-align: justify;\"><em>A Constitui\u00e7\u00e3o consagra como cl\u00e1usula p\u00e9trea o voto direto, a periodicidade das elei\u00e7\u00f5es, o sufr\u00e1gio universal e o escrut\u00ednio secreto (CF, art. 60, \u00a7 4.\u00b0, II). <\/em><\/p>\n<p style=\"text-align: justify;\">Portanto, o voto \u00e9, por excel\u00eancia, o <strong><em>instrumento direto de exerc\u00edcio do direito ao sufr\u00e1gio<\/em><\/strong>, de participa\u00e7\u00e3o do cidad\u00e3o na vida pol\u00edtica no Estado, exercendo a sua parcela de soberania.<\/p>\n<p style=\"text-align: justify;\">Como nossa democracia \u00e9 semidireta, existem, ao lado do instrumento representativo, instrumentos participativos, entre os quais est\u00e1 o voto, que deve ser: secreto, direto, universal e peri\u00f3dico.<\/p>\n<p style=\"text-align: justify;\"><strong>Pergunta-se: a impress\u00e3o do voto, de que tanto se fala nos meios de comunica\u00e7\u00e3o, \u00e9 poss\u00edvel? N\u00e3o viola o car\u00e1ter secreto do voto?<\/strong><\/p>\n<p style=\"text-align: justify;\">Essa \u00e9 uma discuss\u00e3o de longa data! H\u00e1 quinze anos, quando da aprova\u00e7\u00e3o da Lei n\u00ba 10.408\/2002, tivemos regra expressa para impress\u00e3o do voto nas urnas. No mesmo ano tivemos elei\u00e7\u00f5es e aproximadamente 7 milh\u00f5es de eleitores votaram com a impress\u00e3o do voto. Devido aos problemas t\u00e9cnicos e do tempo dobrado para votar, a norma foi revogada.<\/p>\n<p style=\"text-align: justify;\">Em 2015 o assunto tomou corpo novamente, com a discuss\u00e3o da reforma pol\u00edtica. Como resultado, foi aprovada a Lei n\u00ba 13.165\/2015 que alterou dispositivos da Lei n\u00ba 9.504\/1997 (Lei das Elei\u00e7\u00f5es) para, novamente, prever a impress\u00e3o do voto. O dispositivo \u00e9 o seguinte:<\/p>\n<blockquote>\n<p style=\"text-align: justify;\"><em>Art. 59-A.\u00a0 No processo de vota\u00e7\u00e3o eletr\u00f4nica, a urna imprimir\u00e1 o registro de cada voto, que ser\u00e1 depositado, de forma autom\u00e1tica e sem contato manual do eleitor, em local previamente lacrado.<\/em><\/p>\n<p style=\"text-align: justify;\"><em>Par\u00e1grafo \u00fanico.\u00a0 O processo de vota\u00e7\u00e3o n\u00e3o ser\u00e1 conclu\u00eddo at\u00e9 que o eleitor confirme a correspond\u00eancia entre o teor de seu voto e o registro impresso e exibido pela urna eletr\u00f4nica. <\/em><\/p>\n<\/blockquote>\n<p style=\"text-align: justify;\">Adicionalmente, o art. 12, da Lei n\u00ba 13.165\/2015 disciplina:<\/p>\n<blockquote>\n<p style=\"text-align: justify;\"><em>Art. 12.\u00a0 At\u00e9 a primeira elei\u00e7\u00e3o geral subsequente \u00e0 aprova\u00e7\u00e3o desta Lei, ser\u00e1 implantado o processo de vota\u00e7\u00e3o eletr\u00f4nica com impress\u00e3o do registro do voto a que se refere o art. 59-A da Lei no 9.504, de 30 de setembro de 1997.<\/em><\/p>\n<\/blockquote>\n<p style=\"text-align: justify;\">Portanto, a sistem\u00e1tica a ser adotada envolve a impress\u00e3o autom\u00e1tica pela urna do voto dado pelo eleitor, que ir\u00e1 conferi-lo. Ap\u00f3s a checagem, o voto ser\u00e1 depositado em local lacrado. O eleitor n\u00e3o ter\u00e1 contato f\u00edsico com o documento, ele ir\u00e1 visualizar o voto fisicamente impresso em dispositivo pr\u00f3prio e, ap\u00f3s a checagem, determinar\u00e1 o dep\u00f3sito, momento em que a vota\u00e7\u00e3o ser\u00e1 conclu\u00edda. Essa sistem\u00e1tica ser\u00e1 adotada nas Elei\u00e7\u00f5es de 2018.<\/p>\n<p style=\"text-align: justify;\">Isso \u00e9 o que est\u00e1 previsto em lei, n\u00e3o h\u00e1 inconstitucionalidade declarada. O empecilho apontado \u00e9 o custo elevado para a implanta\u00e7\u00e3o do sistema. O TSE informou que n\u00e3o ter\u00e1 condi\u00e7\u00f5es or\u00e7ament\u00e1rias de colocar em pr\u00e1tica a impress\u00e3o do voto para a totalidade de urnas no ano de 2018. Alguns milhares de urnas ser\u00e3o selecionados para a impress\u00e3o dos votos. Se a experi\u00eancia for positiva a impress\u00e3o ser\u00e1 adotada de forma sistem\u00e1tica.<\/p>\n<p style=\"text-align: justify;\">Respondendo \u00e0 pergunta formulada, <strong>n\u00e3o h\u00e1 viola\u00e7\u00e3o ao car\u00e1ter secreto do voto<\/strong>, pois o eleitor n\u00e3o sai do local de vota\u00e7\u00e3o com o comprovante em m\u00e3os. Assim, n\u00e3o h\u00e1 qualquer publicidade do voto e correspond\u00eancia com o eleitor, de forma que n\u00e3o h\u00e1 meios de identifica\u00e7\u00e3o de quem votou ou em quem. O eleitor, no momento de votar, far\u00e1 auditoria sobre o pr\u00f3prio voto! Caso haja impugna\u00e7\u00e3o ao resultado das elei\u00e7\u00f5es, ser\u00e1 admiss\u00edvel a recontagem desses votos impressos. Evidentemente que essa sistem\u00e1tica torna o voto mais transparente, embora implique custos elevados de implanta\u00e7\u00e3o. Confere-se mais seguran\u00e7a e legitimidade, algo imprescind\u00edvel quando se fala em processo eleitoral.<\/p>\n<p style=\"text-align: justify;\">Assim, para a sua prova, lembre-se:<\/p>\n<p style=\"text-align: justify;\"><strong>A impress\u00e3o do voto ser\u00e1 adotada para as elei\u00e7\u00f5es de 2018, por interm\u00e9dio de um processo no qual a urna automaticamente imprime o voto dado no momento da vota\u00e7\u00e3o, o eleitor audita o seu pr\u00f3prio voto, e confirma a vota\u00e7\u00e3o, momento em que o voto impresso \u00e9 depositado em urna lacrada para eventuais apura\u00e7\u00f5es e auditorias.<\/strong><\/p>\n<p style=\"text-align: justify;\">\u00c9 isso, qualquer d\u00favida, deixe seu coment\u00e1rio.<\/p>\n<p style=\"text-align: justify;\">Bons estudos<\/p>\n","protected":false},"excerpt":{"rendered":"<p>Ol\u00e1 pessoal, neste breve artigo vamos falar sobre um assunto recorrente em nosso f\u00f3rum de d\u00favidas, especialmente para os concursos eleitorais de 2017\/2018, que \u00e9 a quest\u00e3o relativa \u00e0 impress\u00e3o do voto. O voto secreto, direto, universal e peri\u00f3dico \u00e9 cl\u00e1usula p\u00e9trea em nosso sistema constitucional, por for\u00e7a do art. 60, \u00a74\u00ba, II, da CF: [&hellip;]<\/p>\n","protected":false},"author":180,"featured_media":0,"comment_status":"open","ping_status":"open","sticky":false,"template":"","format":"standard","meta":{"post_tipo":"article","footnotes":""},"categories":[1],"tags":[2829,528,2828],"tax_estado":[],"class_list":["post-84258","post","type-post","status-publish","format-standard","hentry","category-cursos-e-concursos","tag-2829","tag-direito-eleitoral","tag-impressao-do-voto"],"acf":[],"yoast_head":"<!-- This site is optimized with the Yoast SEO Premium plugin v27.2 (Yoast SEO v27.2) - https:\/\/yoast.com\/product\/yoast-seo-premium-wordpress\/ -->\n<title>Impress\u00e3o do Voto em 2018?<\/title>\n<meta name=\"robots\" content=\"index, follow, max-snippet:-1, max-image-preview:large, max-video-preview:-1\" \/>\n<link rel=\"canonical\" href=\"https:\/\/www.estrategiaconcursos.com.br\/blog\/impressao-do-voto-em-2018\/\" \/>\n<meta property=\"og:locale\" content=\"pt_BR\" \/>\n<meta property=\"og:type\" content=\"article\" \/>\n<meta property=\"og:title\" content=\"Impress\u00e3o do Voto em 2018?\" \/>\n<meta property=\"og:description\" content=\"Ol\u00e1 pessoal, neste breve artigo vamos falar sobre um assunto recorrente em nosso f\u00f3rum de d\u00favidas, especialmente para os concursos eleitorais de 2017\/2018, que \u00e9 a quest\u00e3o relativa \u00e0 impress\u00e3o do voto. O voto secreto, direto, universal e peri\u00f3dico \u00e9 cl\u00e1usula p\u00e9trea em nosso sistema constitucional, por for\u00e7a do art. 60, \u00a74\u00ba, II, da CF: [&hellip;]\" \/>\n<meta property=\"og:url\" content=\"https:\/\/www.estrategiaconcursos.com.br\/blog\/impressao-do-voto-em-2018\/\" \/>\n<meta property=\"og:site_name\" content=\"Estrat\u00e9gia Concursos\" \/>\n<meta property=\"article:author\" content=\"https:\/\/www.facebook.com\/ricardo.s.torques\" \/>\n<meta property=\"article:published_time\" content=\"2017-08-07T12:15:11+00:00\" \/>\n<meta name=\"author\" content=\"Ricardo Torques\" \/>\n<meta name=\"twitter:card\" content=\"summary_large_image\" \/>\n<meta name=\"twitter:creator\" content=\"@EstratConcursos\" \/>\n<meta name=\"twitter:site\" content=\"@EstratConcursos\" \/>\n<meta name=\"twitter:label1\" content=\"Escrito por\" \/>\n\t<meta name=\"twitter:data1\" content=\"Ricardo Torques\" \/>\n\t<meta name=\"twitter:label2\" content=\"Est. tempo de leitura\" \/>\n\t<meta name=\"twitter:data2\" content=\"4 minutos\" \/>\n<script type=\"application\/ld+json\" class=\"yoast-schema-graph\">{\"@context\":\"https:\/\/schema.org\",\"@graph\":[{\"@type\":\"NewsArticle\",\"@id\":\"https:\/\/www.estrategiaconcursos.com.br\/blog\/impressao-do-voto-em-2018\/#article\",\"isPartOf\":{\"@id\":\"https:\/\/www.estrategiaconcursos.com.br\/blog\/impressao-do-voto-em-2018\/\"},\"author\":{\"name\":\"Ricardo Torques\",\"@id\":\"https:\/\/www.estrategiaconcursos.com.br\/blog\/#\/schema\/person\/aa39cf5ddb518e5bdce27c35788405e2\"},\"headline\":\"Impress\u00e3o do Voto em 2018?\",\"datePublished\":\"2017-08-07T12:15:11+00:00\",\"mainEntityOfPage\":{\"@id\":\"https:\/\/www.estrategiaconcursos.com.br\/blog\/impressao-do-voto-em-2018\/\"},\"wordCount\":801,\"commentCount\":0,\"publisher\":{\"@id\":\"https:\/\/www.estrategiaconcursos.com.br\/blog\/#organization\"},\"keywords\":[\"2018\",\"Direito Eleitoral\",\"Impress\u00e3o do voto\"],\"articleSection\":[\"Concursos P\u00fablicos\"],\"inLanguage\":\"pt-BR\",\"potentialAction\":[{\"@type\":\"CommentAction\",\"name\":\"Comment\",\"target\":[\"https:\/\/www.estrategiaconcursos.com.br\/blog\/impressao-do-voto-em-2018\/#respond\"]}],\"copyrightYear\":\"2017\",\"copyrightHolder\":{\"@id\":\"https:\/\/www.estrategiaconcursos.com.br\/blog\/#organization\"}},{\"@type\":\"WebPage\",\"@id\":\"https:\/\/www.estrategiaconcursos.com.br\/blog\/impressao-do-voto-em-2018\/\",\"url\":\"https:\/\/www.estrategiaconcursos.com.br\/blog\/impressao-do-voto-em-2018\/\",\"name\":\"Impress\u00e3o do Voto em 2018?\",\"isPartOf\":{\"@id\":\"https:\/\/www.estrategiaconcursos.com.br\/blog\/#website\"},\"datePublished\":\"2017-08-07T12:15:11+00:00\",\"breadcrumb\":{\"@id\":\"https:\/\/www.estrategiaconcursos.com.br\/blog\/impressao-do-voto-em-2018\/#breadcrumb\"},\"inLanguage\":\"pt-BR\",\"potentialAction\":[{\"@type\":\"ReadAction\",\"target\":[\"https:\/\/www.estrategiaconcursos.com.br\/blog\/impressao-do-voto-em-2018\/\"]}]},{\"@type\":\"BreadcrumbList\",\"@id\":\"https:\/\/www.estrategiaconcursos.com.br\/blog\/impressao-do-voto-em-2018\/#breadcrumb\",\"itemListElement\":[{\"@type\":\"ListItem\",\"position\":1,\"name\":\"In\u00edcio\",\"item\":\"https:\/\/www.estrategiaconcursos.com.br\/blog\/\"},{\"@type\":\"ListItem\",\"position\":2,\"name\":\"Impress\u00e3o do Voto em 2018?\"}]},{\"@type\":\"WebSite\",\"@id\":\"https:\/\/www.estrategiaconcursos.com.br\/blog\/#website\",\"url\":\"https:\/\/www.estrategiaconcursos.com.br\/blog\/\",\"name\":\"Estrat\u00e9gia Concursos\",\"description\":\"O blog da Estrat\u00e9gia Concursos traz not\u00edcias sobre concursos e artigos de professores oferecendo cursos para concursos (pdf + videaulas) no site.\",\"publisher\":{\"@id\":\"https:\/\/www.estrategiaconcursos.com.br\/blog\/#organization\"},\"potentialAction\":[{\"@type\":\"SearchAction\",\"target\":{\"@type\":\"EntryPoint\",\"urlTemplate\":\"https:\/\/www.estrategiaconcursos.com.br\/blog\/?s={search_term_string}\"},\"query-input\":{\"@type\":\"PropertyValueSpecification\",\"valueRequired\":true,\"valueName\":\"search_term_string\"}}],\"inLanguage\":\"pt-BR\"},{\"@type\":\"Organization\",\"@id\":\"https:\/\/www.estrategiaconcursos.com.br\/blog\/#organization\",\"name\":\"Estrat\u00e9gia Concursos\",\"url\":\"https:\/\/www.estrategiaconcursos.com.br\/blog\/\",\"logo\":{\"@type\":\"ImageObject\",\"inLanguage\":\"pt-BR\",\"@id\":\"https:\/\/www.estrategiaconcursos.com.br\/blog\/#\/schema\/logo\/image\/\",\"url\":\"https:\/\/dhg1h5j42swfq.cloudfront.net\/2025\/06\/03203428\/logo_concursos-1.jpg\",\"contentUrl\":\"https:\/\/dhg1h5j42swfq.cloudfront.net\/2025\/06\/03203428\/logo_concursos-1.jpg\",\"width\":230,\"height\":60,\"caption\":\"Estrat\u00e9gia Concursos\"},\"image\":{\"@id\":\"https:\/\/www.estrategiaconcursos.com.br\/blog\/#\/schema\/logo\/image\/\"},\"sameAs\":[\"https:\/\/x.com\/EstratConcursos\"]},{\"@type\":\"Person\",\"@id\":\"https:\/\/www.estrategiaconcursos.com.br\/blog\/#\/schema\/person\/aa39cf5ddb518e5bdce27c35788405e2\",\"name\":\"Ricardo Torques\",\"image\":{\"@type\":\"ImageObject\",\"inLanguage\":\"pt-BR\",\"@id\":\"https:\/\/secure.gravatar.com\/avatar\/ce9ac6c3cff25fe86d15ed568ebc64d1724baf5c0693133bcb1f6073f712f92a?s=96&d=mm&r=g\",\"url\":\"https:\/\/secure.gravatar.com\/avatar\/ce9ac6c3cff25fe86d15ed568ebc64d1724baf5c0693133bcb1f6073f712f92a?s=96&d=mm&r=g\",\"contentUrl\":\"https:\/\/secure.gravatar.com\/avatar\/ce9ac6c3cff25fe86d15ed568ebc64d1724baf5c0693133bcb1f6073f712f92a?s=96&d=mm&r=g\",\"caption\":\"Ricardo Torques\"},\"sameAs\":[\"https:\/\/www.facebook.com\/ricardo.s.torques\"],\"url\":\"https:\/\/www.estrategiaconcursos.com.br\/blog\/author\/ricardotorquesestrategiaconcursos-com-br\/\"}]}<\/script>\n<!-- \/ Yoast SEO Premium plugin. -->","yoast_head_json":{"title":"Impress\u00e3o do Voto em 2018?","robots":{"index":"index","follow":"follow","max-snippet":"max-snippet:-1","max-image-preview":"max-image-preview:large","max-video-preview":"max-video-preview:-1"},"canonical":"https:\/\/www.estrategiaconcursos.com.br\/blog\/impressao-do-voto-em-2018\/","og_locale":"pt_BR","og_type":"article","og_title":"Impress\u00e3o do Voto em 2018?","og_description":"Ol\u00e1 pessoal, neste breve artigo vamos falar sobre um assunto recorrente em nosso f\u00f3rum de d\u00favidas, especialmente para os concursos eleitorais de 2017\/2018, que \u00e9 a quest\u00e3o relativa \u00e0 impress\u00e3o do voto. O voto secreto, direto, universal e peri\u00f3dico \u00e9 cl\u00e1usula p\u00e9trea em nosso sistema constitucional, por for\u00e7a do art. 60, \u00a74\u00ba, II, da CF: [&hellip;]","og_url":"https:\/\/www.estrategiaconcursos.com.br\/blog\/impressao-do-voto-em-2018\/","og_site_name":"Estrat\u00e9gia Concursos","article_author":"https:\/\/www.facebook.com\/ricardo.s.torques","article_published_time":"2017-08-07T12:15:11+00:00","author":"Ricardo Torques","twitter_card":"summary_large_image","twitter_creator":"@EstratConcursos","twitter_site":"@EstratConcursos","twitter_misc":{"Escrito por":"Ricardo Torques","Est. tempo de leitura":"4 minutos"},"schema":{"@context":"https:\/\/schema.org","@graph":[{"@type":"NewsArticle","@id":"https:\/\/www.estrategiaconcursos.com.br\/blog\/impressao-do-voto-em-2018\/#article","isPartOf":{"@id":"https:\/\/www.estrategiaconcursos.com.br\/blog\/impressao-do-voto-em-2018\/"},"author":{"name":"Ricardo Torques","@id":"https:\/\/www.estrategiaconcursos.com.br\/blog\/#\/schema\/person\/aa39cf5ddb518e5bdce27c35788405e2"},"headline":"Impress\u00e3o do Voto em 2018?","datePublished":"2017-08-07T12:15:11+00:00","mainEntityOfPage":{"@id":"https:\/\/www.estrategiaconcursos.com.br\/blog\/impressao-do-voto-em-2018\/"},"wordCount":801,"commentCount":0,"publisher":{"@id":"https:\/\/www.estrategiaconcursos.com.br\/blog\/#organization"},"keywords":["2018","Direito Eleitoral","Impress\u00e3o do voto"],"articleSection":["Concursos P\u00fablicos"],"inLanguage":"pt-BR","potentialAction":[{"@type":"CommentAction","name":"Comment","target":["https:\/\/www.estrategiaconcursos.com.br\/blog\/impressao-do-voto-em-2018\/#respond"]}],"copyrightYear":"2017","copyrightHolder":{"@id":"https:\/\/www.estrategiaconcursos.com.br\/blog\/#organization"}},{"@type":"WebPage","@id":"https:\/\/www.estrategiaconcursos.com.br\/blog\/impressao-do-voto-em-2018\/","url":"https:\/\/www.estrategiaconcursos.com.br\/blog\/impressao-do-voto-em-2018\/","name":"Impress\u00e3o do Voto em 2018?","isPartOf":{"@id":"https:\/\/www.estrategiaconcursos.com.br\/blog\/#website"},"datePublished":"2017-08-07T12:15:11+00:00","breadcrumb":{"@id":"https:\/\/www.estrategiaconcursos.com.br\/blog\/impressao-do-voto-em-2018\/#breadcrumb"},"inLanguage":"pt-BR","potentialAction":[{"@type":"ReadAction","target":["https:\/\/www.estrategiaconcursos.com.br\/blog\/impressao-do-voto-em-2018\/"]}]},{"@type":"BreadcrumbList","@id":"https:\/\/www.estrategiaconcursos.com.br\/blog\/impressao-do-voto-em-2018\/#breadcrumb","itemListElement":[{"@type":"ListItem","position":1,"name":"In\u00edcio","item":"https:\/\/www.estrategiaconcursos.com.br\/blog\/"},{"@type":"ListItem","position":2,"name":"Impress\u00e3o do Voto em 2018?"}]},{"@type":"WebSite","@id":"https:\/\/www.estrategiaconcursos.com.br\/blog\/#website","url":"https:\/\/www.estrategiaconcursos.com.br\/blog\/","name":"Estrat\u00e9gia Concursos","description":"O blog da Estrat\u00e9gia Concursos traz not\u00edcias sobre concursos e artigos de professores oferecendo cursos para concursos (pdf + videaulas) no site.","publisher":{"@id":"https:\/\/www.estrategiaconcursos.com.br\/blog\/#organization"},"potentialAction":[{"@type":"SearchAction","target":{"@type":"EntryPoint","urlTemplate":"https:\/\/www.estrategiaconcursos.com.br\/blog\/?s={search_term_string}"},"query-input":{"@type":"PropertyValueSpecification","valueRequired":true,"valueName":"search_term_string"}}],"inLanguage":"pt-BR"},{"@type":"Organization","@id":"https:\/\/www.estrategiaconcursos.com.br\/blog\/#organization","name":"Estrat\u00e9gia Concursos","url":"https:\/\/www.estrategiaconcursos.com.br\/blog\/","logo":{"@type":"ImageObject","inLanguage":"pt-BR","@id":"https:\/\/www.estrategiaconcursos.com.br\/blog\/#\/schema\/logo\/image\/","url":"https:\/\/dhg1h5j42swfq.cloudfront.net\/2025\/06\/03203428\/logo_concursos-1.jpg","contentUrl":"https:\/\/dhg1h5j42swfq.cloudfront.net\/2025\/06\/03203428\/logo_concursos-1.jpg","width":230,"height":60,"caption":"Estrat\u00e9gia Concursos"},"image":{"@id":"https:\/\/www.estrategiaconcursos.com.br\/blog\/#\/schema\/logo\/image\/"},"sameAs":["https:\/\/x.com\/EstratConcursos"]},{"@type":"Person","@id":"https:\/\/www.estrategiaconcursos.com.br\/blog\/#\/schema\/person\/aa39cf5ddb518e5bdce27c35788405e2","name":"Ricardo Torques","image":{"@type":"ImageObject","inLanguage":"pt-BR","@id":"https:\/\/secure.gravatar.com\/avatar\/ce9ac6c3cff25fe86d15ed568ebc64d1724baf5c0693133bcb1f6073f712f92a?s=96&d=mm&r=g","url":"https:\/\/secure.gravatar.com\/avatar\/ce9ac6c3cff25fe86d15ed568ebc64d1724baf5c0693133bcb1f6073f712f92a?s=96&d=mm&r=g","contentUrl":"https:\/\/secure.gravatar.com\/avatar\/ce9ac6c3cff25fe86d15ed568ebc64d1724baf5c0693133bcb1f6073f712f92a?s=96&d=mm&r=g","caption":"Ricardo Torques"},"sameAs":["https:\/\/www.facebook.com\/ricardo.s.torques"],"url":"https:\/\/www.estrategiaconcursos.com.br\/blog\/author\/ricardotorquesestrategiaconcursos-com-br\/"}]}},"_links":{"self":[{"href":"https:\/\/www.estrategiaconcursos.com.br\/blog\/wp-json\/wp\/v2\/posts\/84258","targetHints":{"allow":["GET"]}}],"collection":[{"href":"https:\/\/www.estrategiaconcursos.com.br\/blog\/wp-json\/wp\/v2\/posts"}],"about":[{"href":"https:\/\/www.estrategiaconcursos.com.br\/blog\/wp-json\/wp\/v2\/types\/post"}],"author":[{"embeddable":true,"href":"https:\/\/www.estrategiaconcursos.com.br\/blog\/wp-json\/wp\/v2\/users\/180"}],"replies":[{"embeddable":true,"href":"https:\/\/www.estrategiaconcursos.com.br\/blog\/wp-json\/wp\/v2\/comments?post=84258"}],"version-history":[{"count":1,"href":"https:\/\/www.estrategiaconcursos.com.br\/blog\/wp-json\/wp\/v2\/posts\/84258\/revisions"}],"predecessor-version":[{"id":84259,"href":"https:\/\/www.estrategiaconcursos.com.br\/blog\/wp-json\/wp\/v2\/posts\/84258\/revisions\/84259"}],"wp:attachment":[{"href":"https:\/\/www.estrategiaconcursos.com.br\/blog\/wp-json\/wp\/v2\/media?parent=84258"}],"wp:term":[{"taxonomy":"category","embeddable":true,"href":"https:\/\/www.estrategiaconcursos.com.br\/blog\/wp-json\/wp\/v2\/categories?post=84258"},{"taxonomy":"post_tag","embeddable":true,"href":"https:\/\/www.estrategiaconcursos.com.br\/blog\/wp-json\/wp\/v2\/tags?post=84258"},{"taxonomy":"tax_estado","embeddable":true,"href":"https:\/\/www.estrategiaconcursos.com.br\/blog\/wp-json\/wp\/v2\/tax_estado?post=84258"}],"curies":[{"name":"wp","href":"https:\/\/api.w.org\/{rel}","templated":true}]}}