{"id":842559,"date":"2021-08-22T19:11:50","date_gmt":"2021-08-22T22:11:50","guid":{"rendered":"https:\/\/www.estrategiaconcursos.com.br\/blog\/?p=842559"},"modified":"2021-08-22T19:12:12","modified_gmt":"2021-08-22T22:12:12","slug":"gabarito-extraoficial-pcdf-direitos-humanos-agente","status":"publish","type":"post","link":"https:\/\/www.estrategiaconcursos.com.br\/blog\/gabarito-extraoficial-pcdf-direitos-humanos-agente\/","title":{"rendered":"Gabarito Extraoficial PC-DF (Agente) &#8211; Direitos Humanos"},"content":{"rendered":"\n<p id=\"block-66b79cc2-2cc6-4464-b446-211bafadbbfb\">Ol\u00e1, pessoal! Tudo joia? Aqui \u00e9 o Prof. Ricardo Torques.<\/p>\n\n\n\n<p id=\"block-704326c2-eee0-4a7d-874d-31e0c2a6a7b0\">Vamos conferir o gabarito extraoficial comentado do conte\u00fado de\u00a0<em><strong>Direitos Humanos<\/strong><\/em>, que caiu na prova de Agente da PC-DF.<\/p>\n\n\n\n<hr class=\"wp-block-separator\"\/>\n\n\n\n<p><strong>80. Uma pessoa presa e encaminhada a uma unidade policial ter\u00e1 o direito de comunicar sua pris\u00e3o a um membro da fam\u00edlia ou, desde que explique sua escolha, a outra pessoa que n\u00e3o seja seu familiar.<\/strong><\/p>\n\n\n\n<p>INCORRETO<\/p>\n\n\n\n<p>O art. 5\u00ba, LXII, da CF, prev\u00ea: \u201ca pris\u00e3o de qualquer pessoa e o local onde se encontre ser\u00e3o comunicados imediatamente ao juiz competente e \u00e0 fam\u00edlia do preso ou \u00e0 pessoa por ele indicada\u201d.&nbsp;<\/p>\n\n\n\n<p><strong>81. Ap\u00f3s a Emenda Constitucional n.\u00ba 45\/2004, os tratados internacionais sobre direitos humanos que foram incorporados ao ordenamento jur\u00eddico seguindo-se o rito constitucionalmente previsto passaram a ser hierarquicamente superiores \u00e0 seus e inferiores \u00e0 CF.<\/strong><\/p>\n\n\n\n<p>CORRETO<\/p>\n\n\n\n<p>\u00c9 o que consta do art. 5\u00ba, \u00a73\u00ba, da CF, combinado com o RE 349.703-1.<\/p>\n\n\n\n<p><strong>82. Os Programas Nacionais de Direitos Humanos, que fazem parte da Pol\u00edtica Nacional de Direitos Humanos, apresentam compromissos internacionais assumidos pelo Brasil em rela\u00e7\u00e3o \u00e0 tem\u00e1tica dos direitos humanos, mas n\u00e3o preveem tipifica\u00e7\u00f5es penais ou san\u00e7\u00f5es a serem impostas aos infratores de suas diretrizes.<\/strong><\/p>\n\n\n\n<p>CERTO<\/p>\n\n\n\n<p>O Decreto 7.037\/2009 decorre da assun\u00e7\u00e3o das obriga\u00e7\u00f5es decorrentes dos \u201cPrinc\u00edpios de Paris\u201d e, por se tratar de norma executiva, n\u00e3o prev\u00ea san\u00e7\u00f5es, que dependem de norma legal em sentido estrito.<\/p>\n","protected":false},"excerpt":{"rendered":"<p>Ol\u00e1, pessoal! Tudo joia? Aqui \u00e9 o Prof. Ricardo Torques. Vamos conferir o gabarito extraoficial comentado do conte\u00fado de\u00a0Direitos Humanos, que caiu na prova de Agente da PC-DF. 80. Uma pessoa presa e encaminhada a uma unidade policial ter\u00e1 o direito de comunicar sua pris\u00e3o a um membro da fam\u00edlia ou, desde que explique sua [&hellip;]<\/p>\n","protected":false},"author":180,"featured_media":842476,"comment_status":"open","ping_status":"closed","sticky":false,"template":"","format":"standard","meta":{"post_tipo":"article","footnotes":""},"categories":[1988],"tags":[],"tax_estado":[219970],"class_list":["post-842559","post","type-post","status-publish","format-standard","has-post-thumbnail","hentry","category-policia","tax_estado-df"],"acf":[],"yoast_head":"<!-- This site is optimized with the Yoast SEO Premium plugin v27.2 (Yoast SEO v27.2) - https:\/\/yoast.com\/product\/yoast-seo-premium-wordpress\/ -->\n<title>Gabarito Extraoficial PC-DF (Agente) - Direitos Humanos<\/title>\n<meta name=\"description\" content=\"Confira neste artigo o gabarito e a corre\u00e7\u00e3o extraoficial da prova de Direitos Humanos, cargo de Escriv\u00e3o da PC-DF.\" \/>\n<meta name=\"robots\" content=\"index, follow, max-snippet:-1, max-image-preview:large, max-video-preview:-1\" \/>\n<link rel=\"canonical\" href=\"https:\/\/www.estrategiaconcursos.com.br\/blog\/gabarito-extraoficial-pcdf-direitos-humanos-agente\/\" \/>\n<meta property=\"og:locale\" content=\"pt_BR\" \/>\n<meta property=\"og:type\" content=\"article\" \/>\n<meta property=\"og:title\" content=\"Gabarito Extraoficial PC-DF (Agente) - Direitos Humanos\" \/>\n<meta property=\"og:description\" content=\"Confira neste artigo o gabarito e a corre\u00e7\u00e3o extraoficial da prova de Direitos Humanos, cargo de Escriv\u00e3o da PC-DF.\" \/>\n<meta property=\"og:url\" content=\"https:\/\/www.estrategiaconcursos.com.br\/blog\/gabarito-extraoficial-pcdf-direitos-humanos-agente\/\" \/>\n<meta property=\"og:site_name\" content=\"Estrat\u00e9gia Concursos\" \/>\n<meta property=\"article:author\" content=\"https:\/\/www.facebook.com\/ricardo.s.torques\" \/>\n<meta property=\"article:published_time\" content=\"2021-08-22T22:11:50+00:00\" \/>\n<meta property=\"article:modified_time\" content=\"2021-08-22T22:12:12+00:00\" \/>\n<meta property=\"og:image\" content=\"https:\/\/dhg1h5j42swfq.cloudfront.net\/2021\/08\/22162332\/pcdf-1.jpg\" \/>\n\t<meta property=\"og:image:width\" content=\"1200\" \/>\n\t<meta property=\"og:image:height\" content=\"628\" \/>\n\t<meta property=\"og:image:type\" content=\"image\/jpeg\" \/>\n<meta name=\"author\" content=\"Ricardo Torques\" \/>\n<meta name=\"twitter:card\" content=\"summary_large_image\" \/>\n<meta name=\"twitter:creator\" content=\"@EstratConcursos\" \/>\n<meta name=\"twitter:site\" content=\"@EstratConcursos\" \/>\n<meta name=\"twitter:label1\" content=\"Escrito por\" \/>\n\t<meta name=\"twitter:data1\" content=\"Ricardo Torques\" \/>\n\t<meta name=\"twitter:label2\" content=\"Est. tempo de leitura\" \/>\n\t<meta name=\"twitter:data2\" content=\"1 minuto\" \/>\n<script type=\"application\/ld+json\" class=\"yoast-schema-graph\">{\"@context\":\"https:\/\/schema.org\",\"@graph\":[{\"@type\":\"NewsArticle\",\"@id\":\"https:\/\/www.estrategiaconcursos.com.br\/blog\/gabarito-extraoficial-pcdf-direitos-humanos-agente\/#article\",\"isPartOf\":{\"@id\":\"https:\/\/www.estrategiaconcursos.com.br\/blog\/gabarito-extraoficial-pcdf-direitos-humanos-agente\/\"},\"author\":{\"name\":\"Ricardo Torques\",\"@id\":\"https:\/\/www.estrategiaconcursos.com.br\/blog\/#\/schema\/person\/aa39cf5ddb518e5bdce27c35788405e2\"},\"headline\":\"Gabarito Extraoficial PC-DF (Agente) &#8211; Direitos Humanos\",\"datePublished\":\"2021-08-22T22:11:50+00:00\",\"dateModified\":\"2021-08-22T22:12:12+00:00\",\"mainEntityOfPage\":{\"@id\":\"https:\/\/www.estrategiaconcursos.com.br\/blog\/gabarito-extraoficial-pcdf-direitos-humanos-agente\/\"},\"wordCount\":241,\"commentCount\":0,\"publisher\":{\"@id\":\"https:\/\/www.estrategiaconcursos.com.br\/blog\/#organization\"},\"image\":{\"@id\":\"https:\/\/www.estrategiaconcursos.com.br\/blog\/gabarito-extraoficial-pcdf-direitos-humanos-agente\/#primaryimage\"},\"thumbnailUrl\":\"https:\/\/dhg1h5j42swfq.cloudfront.net\/2021\/08\/22162332\/pcdf-1.jpg\",\"articleSection\":[\"Policial (Agente, Escriv\u00e3o e Investigador)\"],\"inLanguage\":\"pt-BR\",\"potentialAction\":[{\"@type\":\"CommentAction\",\"name\":\"Comment\",\"target\":[\"https:\/\/www.estrategiaconcursos.com.br\/blog\/gabarito-extraoficial-pcdf-direitos-humanos-agente\/#respond\"]}],\"copyrightYear\":\"2021\",\"copyrightHolder\":{\"@id\":\"https:\/\/www.estrategiaconcursos.com.br\/blog\/#organization\"}},{\"@type\":\"WebPage\",\"@id\":\"https:\/\/www.estrategiaconcursos.com.br\/blog\/gabarito-extraoficial-pcdf-direitos-humanos-agente\/\",\"url\":\"https:\/\/www.estrategiaconcursos.com.br\/blog\/gabarito-extraoficial-pcdf-direitos-humanos-agente\/\",\"name\":\"Gabarito Extraoficial PC-DF (Agente) - Direitos Humanos\",\"isPartOf\":{\"@id\":\"https:\/\/www.estrategiaconcursos.com.br\/blog\/#website\"},\"primaryImageOfPage\":{\"@id\":\"https:\/\/www.estrategiaconcursos.com.br\/blog\/gabarito-extraoficial-pcdf-direitos-humanos-agente\/#primaryimage\"},\"image\":{\"@id\":\"https:\/\/www.estrategiaconcursos.com.br\/blog\/gabarito-extraoficial-pcdf-direitos-humanos-agente\/#primaryimage\"},\"thumbnailUrl\":\"https:\/\/dhg1h5j42swfq.cloudfront.net\/2021\/08\/22162332\/pcdf-1.jpg\",\"datePublished\":\"2021-08-22T22:11:50+00:00\",\"dateModified\":\"2021-08-22T22:12:12+00:00\",\"description\":\"Confira neste artigo o gabarito e a corre\u00e7\u00e3o extraoficial da prova de Direitos Humanos, cargo de Escriv\u00e3o da PC-DF.\",\"breadcrumb\":{\"@id\":\"https:\/\/www.estrategiaconcursos.com.br\/blog\/gabarito-extraoficial-pcdf-direitos-humanos-agente\/#breadcrumb\"},\"inLanguage\":\"pt-BR\",\"potentialAction\":[{\"@type\":\"ReadAction\",\"target\":[\"https:\/\/www.estrategiaconcursos.com.br\/blog\/gabarito-extraoficial-pcdf-direitos-humanos-agente\/\"]}]},{\"@type\":\"ImageObject\",\"inLanguage\":\"pt-BR\",\"@id\":\"https:\/\/www.estrategiaconcursos.com.br\/blog\/gabarito-extraoficial-pcdf-direitos-humanos-agente\/#primaryimage\",\"url\":\"https:\/\/dhg1h5j42swfq.cloudfront.net\/2021\/08\/22162332\/pcdf-1.jpg\",\"contentUrl\":\"https:\/\/dhg1h5j42swfq.cloudfront.net\/2021\/08\/22162332\/pcdf-1.jpg\",\"width\":1200,\"height\":628,\"caption\":\"PCDF\"},{\"@type\":\"BreadcrumbList\",\"@id\":\"https:\/\/www.estrategiaconcursos.com.br\/blog\/gabarito-extraoficial-pcdf-direitos-humanos-agente\/#breadcrumb\",\"itemListElement\":[{\"@type\":\"ListItem\",\"position\":1,\"name\":\"In\u00edcio\",\"item\":\"https:\/\/www.estrategiaconcursos.com.br\/blog\/\"},{\"@type\":\"ListItem\",\"position\":2,\"name\":\"Gabarito Extraoficial PC-DF (Agente) &#8211; Direitos Humanos\"}]},{\"@type\":\"WebSite\",\"@id\":\"https:\/\/www.estrategiaconcursos.com.br\/blog\/#website\",\"url\":\"https:\/\/www.estrategiaconcursos.com.br\/blog\/\",\"name\":\"Estrat\u00e9gia Concursos\",\"description\":\"O blog da Estrat\u00e9gia Concursos traz not\u00edcias sobre concursos e artigos de professores oferecendo cursos para concursos (pdf + videaulas) no site.\",\"publisher\":{\"@id\":\"https:\/\/www.estrategiaconcursos.com.br\/blog\/#organization\"},\"potentialAction\":[{\"@type\":\"SearchAction\",\"target\":{\"@type\":\"EntryPoint\",\"urlTemplate\":\"https:\/\/www.estrategiaconcursos.com.br\/blog\/?s={search_term_string}\"},\"query-input\":{\"@type\":\"PropertyValueSpecification\",\"valueRequired\":true,\"valueName\":\"search_term_string\"}}],\"inLanguage\":\"pt-BR\"},{\"@type\":\"Organization\",\"@id\":\"https:\/\/www.estrategiaconcursos.com.br\/blog\/#organization\",\"name\":\"Estrat\u00e9gia Concursos\",\"url\":\"https:\/\/www.estrategiaconcursos.com.br\/blog\/\",\"logo\":{\"@type\":\"ImageObject\",\"inLanguage\":\"pt-BR\",\"@id\":\"https:\/\/www.estrategiaconcursos.com.br\/blog\/#\/schema\/logo\/image\/\",\"url\":\"https:\/\/dhg1h5j42swfq.cloudfront.net\/2025\/06\/03203428\/logo_concursos-1.jpg\",\"contentUrl\":\"https:\/\/dhg1h5j42swfq.cloudfront.net\/2025\/06\/03203428\/logo_concursos-1.jpg\",\"width\":230,\"height\":60,\"caption\":\"Estrat\u00e9gia Concursos\"},\"image\":{\"@id\":\"https:\/\/www.estrategiaconcursos.com.br\/blog\/#\/schema\/logo\/image\/\"},\"sameAs\":[\"https:\/\/x.com\/EstratConcursos\"]},{\"@type\":\"Person\",\"@id\":\"https:\/\/www.estrategiaconcursos.com.br\/blog\/#\/schema\/person\/aa39cf5ddb518e5bdce27c35788405e2\",\"name\":\"Ricardo Torques\",\"image\":{\"@type\":\"ImageObject\",\"inLanguage\":\"pt-BR\",\"@id\":\"https:\/\/secure.gravatar.com\/avatar\/ce9ac6c3cff25fe86d15ed568ebc64d1724baf5c0693133bcb1f6073f712f92a?s=96&d=mm&r=g\",\"url\":\"https:\/\/secure.gravatar.com\/avatar\/ce9ac6c3cff25fe86d15ed568ebc64d1724baf5c0693133bcb1f6073f712f92a?s=96&d=mm&r=g\",\"contentUrl\":\"https:\/\/secure.gravatar.com\/avatar\/ce9ac6c3cff25fe86d15ed568ebc64d1724baf5c0693133bcb1f6073f712f92a?s=96&d=mm&r=g\",\"caption\":\"Ricardo Torques\"},\"sameAs\":[\"https:\/\/www.facebook.com\/ricardo.s.torques\"],\"url\":\"https:\/\/www.estrategiaconcursos.com.br\/blog\/author\/ricardotorquesestrategiaconcursos-com-br\/\"}]}<\/script>\n<!-- \/ Yoast SEO Premium plugin. -->","yoast_head_json":{"title":"Gabarito Extraoficial PC-DF (Agente) - Direitos Humanos","description":"Confira neste artigo o gabarito e a corre\u00e7\u00e3o extraoficial da prova de Direitos Humanos, cargo de Escriv\u00e3o da PC-DF.","robots":{"index":"index","follow":"follow","max-snippet":"max-snippet:-1","max-image-preview":"max-image-preview:large","max-video-preview":"max-video-preview:-1"},"canonical":"https:\/\/www.estrategiaconcursos.com.br\/blog\/gabarito-extraoficial-pcdf-direitos-humanos-agente\/","og_locale":"pt_BR","og_type":"article","og_title":"Gabarito Extraoficial PC-DF (Agente) - Direitos Humanos","og_description":"Confira neste artigo o gabarito e a corre\u00e7\u00e3o extraoficial da prova de Direitos Humanos, cargo de Escriv\u00e3o da PC-DF.","og_url":"https:\/\/www.estrategiaconcursos.com.br\/blog\/gabarito-extraoficial-pcdf-direitos-humanos-agente\/","og_site_name":"Estrat\u00e9gia Concursos","article_author":"https:\/\/www.facebook.com\/ricardo.s.torques","article_published_time":"2021-08-22T22:11:50+00:00","article_modified_time":"2021-08-22T22:12:12+00:00","og_image":[{"width":1200,"height":628,"url":"https:\/\/dhg1h5j42swfq.cloudfront.net\/2021\/08\/22162332\/pcdf-1.jpg","type":"image\/jpeg"}],"author":"Ricardo Torques","twitter_card":"summary_large_image","twitter_creator":"@EstratConcursos","twitter_site":"@EstratConcursos","twitter_misc":{"Escrito por":"Ricardo Torques","Est. tempo de leitura":"1 minuto"},"schema":{"@context":"https:\/\/schema.org","@graph":[{"@type":"NewsArticle","@id":"https:\/\/www.estrategiaconcursos.com.br\/blog\/gabarito-extraoficial-pcdf-direitos-humanos-agente\/#article","isPartOf":{"@id":"https:\/\/www.estrategiaconcursos.com.br\/blog\/gabarito-extraoficial-pcdf-direitos-humanos-agente\/"},"author":{"name":"Ricardo Torques","@id":"https:\/\/www.estrategiaconcursos.com.br\/blog\/#\/schema\/person\/aa39cf5ddb518e5bdce27c35788405e2"},"headline":"Gabarito Extraoficial PC-DF (Agente) &#8211; Direitos Humanos","datePublished":"2021-08-22T22:11:50+00:00","dateModified":"2021-08-22T22:12:12+00:00","mainEntityOfPage":{"@id":"https:\/\/www.estrategiaconcursos.com.br\/blog\/gabarito-extraoficial-pcdf-direitos-humanos-agente\/"},"wordCount":241,"commentCount":0,"publisher":{"@id":"https:\/\/www.estrategiaconcursos.com.br\/blog\/#organization"},"image":{"@id":"https:\/\/www.estrategiaconcursos.com.br\/blog\/gabarito-extraoficial-pcdf-direitos-humanos-agente\/#primaryimage"},"thumbnailUrl":"https:\/\/dhg1h5j42swfq.cloudfront.net\/2021\/08\/22162332\/pcdf-1.jpg","articleSection":["Policial (Agente, Escriv\u00e3o e Investigador)"],"inLanguage":"pt-BR","potentialAction":[{"@type":"CommentAction","name":"Comment","target":["https:\/\/www.estrategiaconcursos.com.br\/blog\/gabarito-extraoficial-pcdf-direitos-humanos-agente\/#respond"]}],"copyrightYear":"2021","copyrightHolder":{"@id":"https:\/\/www.estrategiaconcursos.com.br\/blog\/#organization"}},{"@type":"WebPage","@id":"https:\/\/www.estrategiaconcursos.com.br\/blog\/gabarito-extraoficial-pcdf-direitos-humanos-agente\/","url":"https:\/\/www.estrategiaconcursos.com.br\/blog\/gabarito-extraoficial-pcdf-direitos-humanos-agente\/","name":"Gabarito Extraoficial PC-DF (Agente) - Direitos Humanos","isPartOf":{"@id":"https:\/\/www.estrategiaconcursos.com.br\/blog\/#website"},"primaryImageOfPage":{"@id":"https:\/\/www.estrategiaconcursos.com.br\/blog\/gabarito-extraoficial-pcdf-direitos-humanos-agente\/#primaryimage"},"image":{"@id":"https:\/\/www.estrategiaconcursos.com.br\/blog\/gabarito-extraoficial-pcdf-direitos-humanos-agente\/#primaryimage"},"thumbnailUrl":"https:\/\/dhg1h5j42swfq.cloudfront.net\/2021\/08\/22162332\/pcdf-1.jpg","datePublished":"2021-08-22T22:11:50+00:00","dateModified":"2021-08-22T22:12:12+00:00","description":"Confira neste artigo o gabarito e a corre\u00e7\u00e3o extraoficial da prova de Direitos Humanos, cargo de Escriv\u00e3o da PC-DF.","breadcrumb":{"@id":"https:\/\/www.estrategiaconcursos.com.br\/blog\/gabarito-extraoficial-pcdf-direitos-humanos-agente\/#breadcrumb"},"inLanguage":"pt-BR","potentialAction":[{"@type":"ReadAction","target":["https:\/\/www.estrategiaconcursos.com.br\/blog\/gabarito-extraoficial-pcdf-direitos-humanos-agente\/"]}]},{"@type":"ImageObject","inLanguage":"pt-BR","@id":"https:\/\/www.estrategiaconcursos.com.br\/blog\/gabarito-extraoficial-pcdf-direitos-humanos-agente\/#primaryimage","url":"https:\/\/dhg1h5j42swfq.cloudfront.net\/2021\/08\/22162332\/pcdf-1.jpg","contentUrl":"https:\/\/dhg1h5j42swfq.cloudfront.net\/2021\/08\/22162332\/pcdf-1.jpg","width":1200,"height":628,"caption":"PCDF"},{"@type":"BreadcrumbList","@id":"https:\/\/www.estrategiaconcursos.com.br\/blog\/gabarito-extraoficial-pcdf-direitos-humanos-agente\/#breadcrumb","itemListElement":[{"@type":"ListItem","position":1,"name":"In\u00edcio","item":"https:\/\/www.estrategiaconcursos.com.br\/blog\/"},{"@type":"ListItem","position":2,"name":"Gabarito Extraoficial PC-DF (Agente) &#8211; Direitos Humanos"}]},{"@type":"WebSite","@id":"https:\/\/www.estrategiaconcursos.com.br\/blog\/#website","url":"https:\/\/www.estrategiaconcursos.com.br\/blog\/","name":"Estrat\u00e9gia Concursos","description":"O blog da Estrat\u00e9gia Concursos traz not\u00edcias sobre concursos e artigos de professores oferecendo cursos para concursos (pdf + videaulas) no site.","publisher":{"@id":"https:\/\/www.estrategiaconcursos.com.br\/blog\/#organization"},"potentialAction":[{"@type":"SearchAction","target":{"@type":"EntryPoint","urlTemplate":"https:\/\/www.estrategiaconcursos.com.br\/blog\/?s={search_term_string}"},"query-input":{"@type":"PropertyValueSpecification","valueRequired":true,"valueName":"search_term_string"}}],"inLanguage":"pt-BR"},{"@type":"Organization","@id":"https:\/\/www.estrategiaconcursos.com.br\/blog\/#organization","name":"Estrat\u00e9gia Concursos","url":"https:\/\/www.estrategiaconcursos.com.br\/blog\/","logo":{"@type":"ImageObject","inLanguage":"pt-BR","@id":"https:\/\/www.estrategiaconcursos.com.br\/blog\/#\/schema\/logo\/image\/","url":"https:\/\/dhg1h5j42swfq.cloudfront.net\/2025\/06\/03203428\/logo_concursos-1.jpg","contentUrl":"https:\/\/dhg1h5j42swfq.cloudfront.net\/2025\/06\/03203428\/logo_concursos-1.jpg","width":230,"height":60,"caption":"Estrat\u00e9gia Concursos"},"image":{"@id":"https:\/\/www.estrategiaconcursos.com.br\/blog\/#\/schema\/logo\/image\/"},"sameAs":["https:\/\/x.com\/EstratConcursos"]},{"@type":"Person","@id":"https:\/\/www.estrategiaconcursos.com.br\/blog\/#\/schema\/person\/aa39cf5ddb518e5bdce27c35788405e2","name":"Ricardo Torques","image":{"@type":"ImageObject","inLanguage":"pt-BR","@id":"https:\/\/secure.gravatar.com\/avatar\/ce9ac6c3cff25fe86d15ed568ebc64d1724baf5c0693133bcb1f6073f712f92a?s=96&d=mm&r=g","url":"https:\/\/secure.gravatar.com\/avatar\/ce9ac6c3cff25fe86d15ed568ebc64d1724baf5c0693133bcb1f6073f712f92a?s=96&d=mm&r=g","contentUrl":"https:\/\/secure.gravatar.com\/avatar\/ce9ac6c3cff25fe86d15ed568ebc64d1724baf5c0693133bcb1f6073f712f92a?s=96&d=mm&r=g","caption":"Ricardo Torques"},"sameAs":["https:\/\/www.facebook.com\/ricardo.s.torques"],"url":"https:\/\/www.estrategiaconcursos.com.br\/blog\/author\/ricardotorquesestrategiaconcursos-com-br\/"}]}},"_links":{"self":[{"href":"https:\/\/www.estrategiaconcursos.com.br\/blog\/wp-json\/wp\/v2\/posts\/842559","targetHints":{"allow":["GET"]}}],"collection":[{"href":"https:\/\/www.estrategiaconcursos.com.br\/blog\/wp-json\/wp\/v2\/posts"}],"about":[{"href":"https:\/\/www.estrategiaconcursos.com.br\/blog\/wp-json\/wp\/v2\/types\/post"}],"author":[{"embeddable":true,"href":"https:\/\/www.estrategiaconcursos.com.br\/blog\/wp-json\/wp\/v2\/users\/180"}],"replies":[{"embeddable":true,"href":"https:\/\/www.estrategiaconcursos.com.br\/blog\/wp-json\/wp\/v2\/comments?post=842559"}],"version-history":[{"count":1,"href":"https:\/\/www.estrategiaconcursos.com.br\/blog\/wp-json\/wp\/v2\/posts\/842559\/revisions"}],"predecessor-version":[{"id":842582,"href":"https:\/\/www.estrategiaconcursos.com.br\/blog\/wp-json\/wp\/v2\/posts\/842559\/revisions\/842582"}],"wp:featuredmedia":[{"embeddable":true,"href":"https:\/\/www.estrategiaconcursos.com.br\/blog\/wp-json\/wp\/v2\/media\/842476"}],"wp:attachment":[{"href":"https:\/\/www.estrategiaconcursos.com.br\/blog\/wp-json\/wp\/v2\/media?parent=842559"}],"wp:term":[{"taxonomy":"category","embeddable":true,"href":"https:\/\/www.estrategiaconcursos.com.br\/blog\/wp-json\/wp\/v2\/categories?post=842559"},{"taxonomy":"post_tag","embeddable":true,"href":"https:\/\/www.estrategiaconcursos.com.br\/blog\/wp-json\/wp\/v2\/tags?post=842559"},{"taxonomy":"tax_estado","embeddable":true,"href":"https:\/\/www.estrategiaconcursos.com.br\/blog\/wp-json\/wp\/v2\/tax_estado?post=842559"}],"curies":[{"name":"wp","href":"https:\/\/api.w.org\/{rel}","templated":true}]}}