{"id":842226,"date":"2021-08-21T21:45:31","date_gmt":"2021-08-22T00:45:31","guid":{"rendered":"https:\/\/www.estrategiaconcursos.com.br\/blog\/?p=842226"},"modified":"2021-08-21T21:45:33","modified_gmt":"2021-08-22T00:45:33","slug":"gabarito-extraoficial-pcdf-conhecimentos-sobre-o-df-escrivao","status":"publish","type":"post","link":"https:\/\/www.estrategiaconcursos.com.br\/blog\/gabarito-extraoficial-pcdf-conhecimentos-sobre-o-df-escrivao\/","title":{"rendered":"Gabarito Extraoficial PC-DF (Escriv\u00e3o) &#8211; Conhecimentos sobre o DF"},"content":{"rendered":"\n<p id=\"block-66b79cc2-2cc6-4464-b446-211bafadbbfb\"><br \/>Ol\u00e1, pessoal! Tudo joia? Aqui \u00e9 o Prof. Leandro Signori<\/p>\n\n\n\n<p id=\"block-704326c2-eee0-4a7d-874d-31e0c2a6a7b0\">Vamos conferir o gabarito extraoficial comentado do conte\u00fado de <em><strong>Conhecimentos sobre o Distrito Federal<\/strong><\/em>, que caiu na prova de Escriv\u00e3o da PC-DF.<\/p>\n\n\n\n<hr class=\"wp-block-separator\" id=\"block-f60cb07f-5a25-45e6-8664-1336286c3a29\"\/>\n\n\n\n<figure class=\"wp-block-image size-large\"><img loading=\"lazy\" decoding=\"async\" width=\"651\" height=\"464\" src=\"https:\/\/dhg1h5j42swfq.cloudfront.net\/2021\/08\/21214220\/image-456.png\" alt=\"\" class=\"wp-image-842228\" srcset=\"https:\/\/dhg1h5j42swfq.cloudfront.net\/2021\/08\/21214220\/image-456.png 651w, https:\/\/dhg1h5j42swfq.cloudfront.net\/2021\/08\/21214220\/image-456-300x214.png 300w, https:\/\/dhg1h5j42swfq.cloudfront.net\/2021\/08\/21214220\/image-456-610x435.png 610w\" sizes=\"auto, (max-width: 651px) 100vw, 651px\" \/><\/figure>\n\n\n\n<p><strong>33 \u2013 CERTO<\/strong><\/p>\n\n\n\n<p>Os textos sobre a RIDE informam que ela foi criada para a redu\u00e7\u00e3o das desigualdades regionais entre o Distrito Federal e o Entorno e para o desenvolvimento econ\u00f4mico da regi\u00e3o integrada. Neste sentido, a quest\u00e3o deixa uma margem para ser considerada errada. Ocorre que o Entorno passou a crescer rapidamente a partir da d\u00e9cada de 1980 e isso gerou uma s\u00e9rie de problemas urbanos, sociais e econ\u00f4micos. O DF tamb\u00e9m cresceu rapidamente, tamb\u00e9m sofreu de crescimento desordenado. Esse crescimento r\u00e1pido e desordenado gerou uma s\u00e9rie de problemas relativos ao emprego, aos transportes, \u00e0 infraestrutura, a oferta de servi\u00e7os p\u00fablicos e privados etc. que levou a cria\u00e7\u00e3o da RIDE para atuar na quest\u00e3o regional e no desenvolvimento econ\u00f4mico.<\/p>\n\n\n\n<p><strong>34 \u2013 CERTO<\/strong><\/p>\n\n\n\n<p>Conforme a REGIC do IBGE, S\u00e3o Paulo, Rio de Janeiro e Bras\u00edlia s\u00e3o metr\u00f3poles nacionais estendendo a sua influ\u00eancia urbana direta por largas por\u00e7\u00f5es do territ\u00f3rio brasileiro. A influ\u00eancia urbana direta de Bras\u00edlia alcan\u00e7a os estados de Minas Gerais e Goi\u00e1s.<\/p>\n\n\n\n<p><strong>35 \u2013 ERRADO<\/strong><\/p>\n\n\n\n<p>Conforme a REGIC do IBGE, Bras\u00edlia \u00e9 uma metr\u00f3pole nacional. Para o estabelecimento da hierarquia e regi\u00e3o de in\ufb02u\u00eancia das cidades, o IBGE utilizou dois componentes fundamentais: a atra\u00e7\u00e3o exercida entre as cidades pr\u00f3ximas e as liga\u00e7\u00f5es de longa dist\u00e2ncia realizadas pela atua\u00e7\u00e3o de institui\u00e7\u00f5es p\u00fablicas e privadas presentes nos centros urbanos. As rela\u00e7\u00f5es de longa dist\u00e2ncia entre os centros urbanos s\u00e3o geradas por rela\u00e7\u00f5es de comando e gest\u00e3o, como a da gest\u00e3o p\u00fablica federal (supremacia da gest\u00e3o p\u00fablica federal). Os demais aspectos constantes na quest\u00e3o n\u00e3o est\u00e3o diretamente relacionados \u00e0 metr\u00f3pole de Bras\u00edlia como centro polarizador de abrang\u00eancia nacional.<\/p>\n\n\n\n<figure class=\"wp-block-image size-large\"><img loading=\"lazy\" decoding=\"async\" width=\"662\" height=\"445\" src=\"https:\/\/dhg1h5j42swfq.cloudfront.net\/2021\/08\/21214306\/image-457.png\" alt=\"\" class=\"wp-image-842229\" srcset=\"https:\/\/dhg1h5j42swfq.cloudfront.net\/2021\/08\/21214306\/image-457.png 662w, https:\/\/dhg1h5j42swfq.cloudfront.net\/2021\/08\/21214306\/image-457-300x202.png 300w, https:\/\/dhg1h5j42swfq.cloudfront.net\/2021\/08\/21214306\/image-457-610x410.png 610w\" sizes=\"auto, (max-width: 662px) 100vw, 662px\" \/><\/figure>\n\n\n\n<p><strong>36 \u2013 ERRADO<\/strong><\/p>\n\n\n\n<p>A quest\u00e3o se refere ao fen\u00f4meno das \u00e1guas emendadas, da uni\u00e3o de duas grandes bacias hidrogr\u00e1ficas do Brasil: Tocantins\/Araguaia e Paran\u00e1, em uma vereda de 6 km de extens\u00e3o. Dessa vereda nascem afluentes que drenam suas \u00e1guas para as bacias desses dois grandes rios brasileiros.<\/p>\n\n\n\n<p><strong>37 \u2013 CERTO<\/strong><\/p>\n\n\n\n<p>O PAD\/DF &#8211; PROGRAMA DE ASSENTAMENTO DIRIGIDO DO DISTRITO FEDERAL foi um programa concebido e implantado pelo Governo do Distrito Federal, com in\u00edcio em 1977, visando incorporar ao processo produtivo \u00e1reas rurais do Distrito Federal, at\u00e9 ent\u00e3o inteiramente inexploradas. O Programa abrangeu uma \u00e1rea de 61.000 hectares, contemplando diversos projetos de atividade econ\u00f4mica, de acordo com suas caracter\u00edsticas de relevo e aptid\u00e3o agr\u00edcola. Os resultados obtidos no PAD\/DF contribu\u00edram para levar a agricultura para o Entorno de Bras\u00edlia, para o Oeste da Bahia e Mato Grosso transformando os Cerrados brasileiros num grande celeiro e o Distrito federal em polo indutor de desenvolvimento agr\u00edcola.<\/p>\n\n\n\n<figure class=\"wp-block-image size-large\"><img loading=\"lazy\" decoding=\"async\" width=\"639\" height=\"469\" src=\"https:\/\/dhg1h5j42swfq.cloudfront.net\/2021\/08\/21214350\/image-458.png\" alt=\"\" class=\"wp-image-842230\" srcset=\"https:\/\/dhg1h5j42swfq.cloudfront.net\/2021\/08\/21214350\/image-458.png 639w, https:\/\/dhg1h5j42swfq.cloudfront.net\/2021\/08\/21214350\/image-458-300x220.png 300w, https:\/\/dhg1h5j42swfq.cloudfront.net\/2021\/08\/21214350\/image-458-610x448.png 610w\" sizes=\"auto, (max-width: 639px) 100vw, 639px\" \/><\/figure>\n\n\n\n<p><strong>38 \u2013 ERRADO<\/strong><\/p>\n\n\n\n<p>O Poder P\u00fablico n\u00e3o imp\u00f4s restri\u00e7\u00f5es \u00e0 urbaniza\u00e7\u00e3o, com vistas \u00e0 preserva\u00e7\u00e3o do patrim\u00f4nio hist\u00f3rico existente, dos n\u00facleos urbanos de Planaltina e Brazl\u00e2ndia. Essas restri\u00e7\u00f5es foram aplicadas ao Plano Piloto de Bras\u00edlia.<\/p>\n","protected":false},"excerpt":{"rendered":"<p>Ol\u00e1, pessoal! Tudo joia? Aqui \u00e9 o Prof. Leandro Signori Vamos conferir o gabarito extraoficial comentado do conte\u00fado de Conhecimentos sobre o Distrito Federal, que caiu na prova de Escriv\u00e3o da PC-DF. 33 \u2013 CERTO Os textos sobre a RIDE informam que ela foi criada para a redu\u00e7\u00e3o das desigualdades regionais entre o Distrito Federal [&hellip;]<\/p>\n","protected":false},"author":306,"featured_media":842194,"comment_status":"open","ping_status":"closed","sticky":false,"template":"","format":"standard","meta":{"post_tipo":"article","footnotes":""},"categories":[1988],"tags":[],"tax_estado":[219970],"class_list":["post-842226","post","type-post","status-publish","format-standard","has-post-thumbnail","hentry","category-policia","tax_estado-df"],"acf":[],"yoast_head":"<!-- This site is optimized with the Yoast SEO Premium plugin v27.2 (Yoast SEO v27.2) - https:\/\/yoast.com\/product\/yoast-seo-premium-wordpress\/ -->\n<title>Gabarito Extraoficial PC-DF (Escriv\u00e3o) - Conhecimentos sobre o DF<\/title>\n<meta name=\"description\" content=\"Confira neste artigo o gabarito e a corre\u00e7\u00e3o extraoficial da prova de Conhecimentos sobre o DF, cargo de Escriv\u00e3o da PC-DF.\" \/>\n<meta name=\"robots\" content=\"index, follow, max-snippet:-1, max-image-preview:large, max-video-preview:-1\" \/>\n<link rel=\"canonical\" href=\"https:\/\/www.estrategiaconcursos.com.br\/blog\/gabarito-extraoficial-pcdf-conhecimentos-sobre-o-df-escrivao\/\" \/>\n<meta property=\"og:locale\" content=\"pt_BR\" \/>\n<meta property=\"og:type\" content=\"article\" \/>\n<meta property=\"og:title\" content=\"Gabarito Extraoficial PC-DF (Escriv\u00e3o) - Conhecimentos sobre o DF\" \/>\n<meta property=\"og:description\" content=\"Confira neste artigo o gabarito e a corre\u00e7\u00e3o extraoficial da prova de Conhecimentos sobre o DF, cargo de Escriv\u00e3o da PC-DF.\" \/>\n<meta property=\"og:url\" content=\"https:\/\/www.estrategiaconcursos.com.br\/blog\/gabarito-extraoficial-pcdf-conhecimentos-sobre-o-df-escrivao\/\" \/>\n<meta property=\"og:site_name\" content=\"Estrat\u00e9gia Concursos\" \/>\n<meta property=\"article:author\" content=\"https:\/\/www.facebook.com\/leandrosignoriatualidades\/\" \/>\n<meta property=\"article:published_time\" content=\"2021-08-22T00:45:31+00:00\" \/>\n<meta property=\"article:modified_time\" content=\"2021-08-22T00:45:33+00:00\" \/>\n<meta property=\"og:image\" content=\"https:\/\/dhg1h5j42swfq.cloudfront.net\/2021\/08\/21200618\/pcdf.jpg\" \/>\n\t<meta property=\"og:image:width\" content=\"1200\" \/>\n\t<meta property=\"og:image:height\" content=\"628\" \/>\n\t<meta property=\"og:image:type\" content=\"image\/jpeg\" \/>\n<meta name=\"author\" content=\"Leandro Signori\" \/>\n<meta name=\"twitter:card\" content=\"summary_large_image\" \/>\n<meta name=\"twitter:creator\" content=\"@EstratConcursos\" \/>\n<meta name=\"twitter:site\" content=\"@EstratConcursos\" \/>\n<meta name=\"twitter:label1\" content=\"Escrito por\" \/>\n\t<meta name=\"twitter:data1\" content=\"Leandro Signori\" \/>\n\t<meta name=\"twitter:label2\" content=\"Est. tempo de leitura\" \/>\n\t<meta name=\"twitter:data2\" content=\"3 minutos\" \/>\n<script type=\"application\/ld+json\" class=\"yoast-schema-graph\">{\"@context\":\"https:\/\/schema.org\",\"@graph\":[{\"@type\":\"NewsArticle\",\"@id\":\"https:\/\/www.estrategiaconcursos.com.br\/blog\/gabarito-extraoficial-pcdf-conhecimentos-sobre-o-df-escrivao\/#article\",\"isPartOf\":{\"@id\":\"https:\/\/www.estrategiaconcursos.com.br\/blog\/gabarito-extraoficial-pcdf-conhecimentos-sobre-o-df-escrivao\/\"},\"author\":{\"name\":\"Leandro Signori\",\"@id\":\"https:\/\/www.estrategiaconcursos.com.br\/blog\/#\/schema\/person\/d2e7d78de4b9d6ba51cc24fd558a7f42\"},\"headline\":\"Gabarito Extraoficial PC-DF (Escriv\u00e3o) &#8211; Conhecimentos sobre o DF\",\"datePublished\":\"2021-08-22T00:45:31+00:00\",\"dateModified\":\"2021-08-22T00:45:33+00:00\",\"mainEntityOfPage\":{\"@id\":\"https:\/\/www.estrategiaconcursos.com.br\/blog\/gabarito-extraoficial-pcdf-conhecimentos-sobre-o-df-escrivao\/\"},\"wordCount\":561,\"commentCount\":0,\"publisher\":{\"@id\":\"https:\/\/www.estrategiaconcursos.com.br\/blog\/#organization\"},\"image\":{\"@id\":\"https:\/\/www.estrategiaconcursos.com.br\/blog\/gabarito-extraoficial-pcdf-conhecimentos-sobre-o-df-escrivao\/#primaryimage\"},\"thumbnailUrl\":\"https:\/\/dhg1h5j42swfq.cloudfront.net\/2021\/08\/21200618\/pcdf.jpg\",\"articleSection\":[\"Policial (Agente, Escriv\u00e3o e Investigador)\"],\"inLanguage\":\"pt-BR\",\"potentialAction\":[{\"@type\":\"CommentAction\",\"name\":\"Comment\",\"target\":[\"https:\/\/www.estrategiaconcursos.com.br\/blog\/gabarito-extraoficial-pcdf-conhecimentos-sobre-o-df-escrivao\/#respond\"]}],\"copyrightYear\":\"2021\",\"copyrightHolder\":{\"@id\":\"https:\/\/www.estrategiaconcursos.com.br\/blog\/#organization\"}},{\"@type\":\"WebPage\",\"@id\":\"https:\/\/www.estrategiaconcursos.com.br\/blog\/gabarito-extraoficial-pcdf-conhecimentos-sobre-o-df-escrivao\/\",\"url\":\"https:\/\/www.estrategiaconcursos.com.br\/blog\/gabarito-extraoficial-pcdf-conhecimentos-sobre-o-df-escrivao\/\",\"name\":\"Gabarito Extraoficial PC-DF (Escriv\u00e3o) - Conhecimentos sobre o DF\",\"isPartOf\":{\"@id\":\"https:\/\/www.estrategiaconcursos.com.br\/blog\/#website\"},\"primaryImageOfPage\":{\"@id\":\"https:\/\/www.estrategiaconcursos.com.br\/blog\/gabarito-extraoficial-pcdf-conhecimentos-sobre-o-df-escrivao\/#primaryimage\"},\"image\":{\"@id\":\"https:\/\/www.estrategiaconcursos.com.br\/blog\/gabarito-extraoficial-pcdf-conhecimentos-sobre-o-df-escrivao\/#primaryimage\"},\"thumbnailUrl\":\"https:\/\/dhg1h5j42swfq.cloudfront.net\/2021\/08\/21200618\/pcdf.jpg\",\"datePublished\":\"2021-08-22T00:45:31+00:00\",\"dateModified\":\"2021-08-22T00:45:33+00:00\",\"description\":\"Confira neste artigo o gabarito e a corre\u00e7\u00e3o extraoficial da prova de Conhecimentos sobre o DF, cargo de Escriv\u00e3o da PC-DF.\",\"breadcrumb\":{\"@id\":\"https:\/\/www.estrategiaconcursos.com.br\/blog\/gabarito-extraoficial-pcdf-conhecimentos-sobre-o-df-escrivao\/#breadcrumb\"},\"inLanguage\":\"pt-BR\",\"potentialAction\":[{\"@type\":\"ReadAction\",\"target\":[\"https:\/\/www.estrategiaconcursos.com.br\/blog\/gabarito-extraoficial-pcdf-conhecimentos-sobre-o-df-escrivao\/\"]}]},{\"@type\":\"ImageObject\",\"inLanguage\":\"pt-BR\",\"@id\":\"https:\/\/www.estrategiaconcursos.com.br\/blog\/gabarito-extraoficial-pcdf-conhecimentos-sobre-o-df-escrivao\/#primaryimage\",\"url\":\"https:\/\/dhg1h5j42swfq.cloudfront.net\/2021\/08\/21200618\/pcdf.jpg\",\"contentUrl\":\"https:\/\/dhg1h5j42swfq.cloudfront.net\/2021\/08\/21200618\/pcdf.jpg\",\"width\":1200,\"height\":628,\"caption\":\"PCDF\"},{\"@type\":\"BreadcrumbList\",\"@id\":\"https:\/\/www.estrategiaconcursos.com.br\/blog\/gabarito-extraoficial-pcdf-conhecimentos-sobre-o-df-escrivao\/#breadcrumb\",\"itemListElement\":[{\"@type\":\"ListItem\",\"position\":1,\"name\":\"In\u00edcio\",\"item\":\"https:\/\/www.estrategiaconcursos.com.br\/blog\/\"},{\"@type\":\"ListItem\",\"position\":2,\"name\":\"Gabarito Extraoficial PC-DF (Escriv\u00e3o) &#8211; Conhecimentos sobre o DF\"}]},{\"@type\":\"WebSite\",\"@id\":\"https:\/\/www.estrategiaconcursos.com.br\/blog\/#website\",\"url\":\"https:\/\/www.estrategiaconcursos.com.br\/blog\/\",\"name\":\"Estrat\u00e9gia Concursos\",\"description\":\"O blog da Estrat\u00e9gia Concursos traz not\u00edcias sobre concursos e artigos de professores oferecendo cursos para concursos (pdf + videaulas) no site.\",\"publisher\":{\"@id\":\"https:\/\/www.estrategiaconcursos.com.br\/blog\/#organization\"},\"potentialAction\":[{\"@type\":\"SearchAction\",\"target\":{\"@type\":\"EntryPoint\",\"urlTemplate\":\"https:\/\/www.estrategiaconcursos.com.br\/blog\/?s={search_term_string}\"},\"query-input\":{\"@type\":\"PropertyValueSpecification\",\"valueRequired\":true,\"valueName\":\"search_term_string\"}}],\"inLanguage\":\"pt-BR\"},{\"@type\":\"Organization\",\"@id\":\"https:\/\/www.estrategiaconcursos.com.br\/blog\/#organization\",\"name\":\"Estrat\u00e9gia Concursos\",\"url\":\"https:\/\/www.estrategiaconcursos.com.br\/blog\/\",\"logo\":{\"@type\":\"ImageObject\",\"inLanguage\":\"pt-BR\",\"@id\":\"https:\/\/www.estrategiaconcursos.com.br\/blog\/#\/schema\/logo\/image\/\",\"url\":\"https:\/\/dhg1h5j42swfq.cloudfront.net\/2025\/06\/03203428\/logo_concursos-1.jpg\",\"contentUrl\":\"https:\/\/dhg1h5j42swfq.cloudfront.net\/2025\/06\/03203428\/logo_concursos-1.jpg\",\"width\":230,\"height\":60,\"caption\":\"Estrat\u00e9gia Concursos\"},\"image\":{\"@id\":\"https:\/\/www.estrategiaconcursos.com.br\/blog\/#\/schema\/logo\/image\/\"},\"sameAs\":[\"https:\/\/x.com\/EstratConcursos\"]},{\"@type\":\"Person\",\"@id\":\"https:\/\/www.estrategiaconcursos.com.br\/blog\/#\/schema\/person\/d2e7d78de4b9d6ba51cc24fd558a7f42\",\"name\":\"Leandro Signori\",\"image\":{\"@type\":\"ImageObject\",\"inLanguage\":\"pt-BR\",\"@id\":\"https:\/\/secure.gravatar.com\/avatar\/aa2ef98e93764dcf1758f52d2792d4b3e4089ee25bc520608dde62ad802ae541?s=96&d=mm&r=g\",\"url\":\"https:\/\/secure.gravatar.com\/avatar\/aa2ef98e93764dcf1758f52d2792d4b3e4089ee25bc520608dde62ad802ae541?s=96&d=mm&r=g\",\"contentUrl\":\"https:\/\/secure.gravatar.com\/avatar\/aa2ef98e93764dcf1758f52d2792d4b3e4089ee25bc520608dde62ad802ae541?s=96&d=mm&r=g\",\"caption\":\"Leandro Signori\"},\"description\":\"Licenciado em Geografia pela Universidade Federal do Rio Grande do Sul (UFRGS) e Bacharel em Geografia pela Uniceub (Bras\u00edlia). Como servidor p\u00fablico, foi funcion\u00e1rio da Prefeitura de S\u00e3o Leopoldo (RS), Prefeitura de Porto Alegre (RS), Companhia Riograndense de Saneamento (Corsan) e Minist\u00e9rio da Integra\u00e7\u00e3o Nacional. \u00c9 professor de Geografia para o ensino m\u00e9dio na rede particular de ensino. Leciona as disciplinas de Atualidades, Conhecimentos Gerais, Geografia, Realidade Brasileira e Hist\u00f3ria, em cursos on line e presenciais preparat\u00f3rios para concursos p\u00fablicos.\",\"sameAs\":[\"https:\/\/www.facebook.com\/leandrosignoriatualidades\/\"],\"url\":\"https:\/\/www.estrategiaconcursos.com.br\/blog\/author\/leandroestrategiaconcursos-com-br\/\"}]}<\/script>\n<!-- \/ Yoast SEO Premium plugin. -->","yoast_head_json":{"title":"Gabarito Extraoficial PC-DF (Escriv\u00e3o) - Conhecimentos sobre o DF","description":"Confira neste artigo o gabarito e a corre\u00e7\u00e3o extraoficial da prova de Conhecimentos sobre o DF, cargo de Escriv\u00e3o da PC-DF.","robots":{"index":"index","follow":"follow","max-snippet":"max-snippet:-1","max-image-preview":"max-image-preview:large","max-video-preview":"max-video-preview:-1"},"canonical":"https:\/\/www.estrategiaconcursos.com.br\/blog\/gabarito-extraoficial-pcdf-conhecimentos-sobre-o-df-escrivao\/","og_locale":"pt_BR","og_type":"article","og_title":"Gabarito Extraoficial PC-DF (Escriv\u00e3o) - Conhecimentos sobre o DF","og_description":"Confira neste artigo o gabarito e a corre\u00e7\u00e3o extraoficial da prova de Conhecimentos sobre o DF, cargo de Escriv\u00e3o da PC-DF.","og_url":"https:\/\/www.estrategiaconcursos.com.br\/blog\/gabarito-extraoficial-pcdf-conhecimentos-sobre-o-df-escrivao\/","og_site_name":"Estrat\u00e9gia Concursos","article_author":"https:\/\/www.facebook.com\/leandrosignoriatualidades\/","article_published_time":"2021-08-22T00:45:31+00:00","article_modified_time":"2021-08-22T00:45:33+00:00","og_image":[{"width":1200,"height":628,"url":"https:\/\/dhg1h5j42swfq.cloudfront.net\/2021\/08\/21200618\/pcdf.jpg","type":"image\/jpeg"}],"author":"Leandro Signori","twitter_card":"summary_large_image","twitter_creator":"@EstratConcursos","twitter_site":"@EstratConcursos","twitter_misc":{"Escrito por":"Leandro Signori","Est. tempo de leitura":"3 minutos"},"schema":{"@context":"https:\/\/schema.org","@graph":[{"@type":"NewsArticle","@id":"https:\/\/www.estrategiaconcursos.com.br\/blog\/gabarito-extraoficial-pcdf-conhecimentos-sobre-o-df-escrivao\/#article","isPartOf":{"@id":"https:\/\/www.estrategiaconcursos.com.br\/blog\/gabarito-extraoficial-pcdf-conhecimentos-sobre-o-df-escrivao\/"},"author":{"name":"Leandro Signori","@id":"https:\/\/www.estrategiaconcursos.com.br\/blog\/#\/schema\/person\/d2e7d78de4b9d6ba51cc24fd558a7f42"},"headline":"Gabarito Extraoficial PC-DF (Escriv\u00e3o) &#8211; Conhecimentos sobre o DF","datePublished":"2021-08-22T00:45:31+00:00","dateModified":"2021-08-22T00:45:33+00:00","mainEntityOfPage":{"@id":"https:\/\/www.estrategiaconcursos.com.br\/blog\/gabarito-extraoficial-pcdf-conhecimentos-sobre-o-df-escrivao\/"},"wordCount":561,"commentCount":0,"publisher":{"@id":"https:\/\/www.estrategiaconcursos.com.br\/blog\/#organization"},"image":{"@id":"https:\/\/www.estrategiaconcursos.com.br\/blog\/gabarito-extraoficial-pcdf-conhecimentos-sobre-o-df-escrivao\/#primaryimage"},"thumbnailUrl":"https:\/\/dhg1h5j42swfq.cloudfront.net\/2021\/08\/21200618\/pcdf.jpg","articleSection":["Policial (Agente, Escriv\u00e3o e Investigador)"],"inLanguage":"pt-BR","potentialAction":[{"@type":"CommentAction","name":"Comment","target":["https:\/\/www.estrategiaconcursos.com.br\/blog\/gabarito-extraoficial-pcdf-conhecimentos-sobre-o-df-escrivao\/#respond"]}],"copyrightYear":"2021","copyrightHolder":{"@id":"https:\/\/www.estrategiaconcursos.com.br\/blog\/#organization"}},{"@type":"WebPage","@id":"https:\/\/www.estrategiaconcursos.com.br\/blog\/gabarito-extraoficial-pcdf-conhecimentos-sobre-o-df-escrivao\/","url":"https:\/\/www.estrategiaconcursos.com.br\/blog\/gabarito-extraoficial-pcdf-conhecimentos-sobre-o-df-escrivao\/","name":"Gabarito Extraoficial PC-DF (Escriv\u00e3o) - Conhecimentos sobre o DF","isPartOf":{"@id":"https:\/\/www.estrategiaconcursos.com.br\/blog\/#website"},"primaryImageOfPage":{"@id":"https:\/\/www.estrategiaconcursos.com.br\/blog\/gabarito-extraoficial-pcdf-conhecimentos-sobre-o-df-escrivao\/#primaryimage"},"image":{"@id":"https:\/\/www.estrategiaconcursos.com.br\/blog\/gabarito-extraoficial-pcdf-conhecimentos-sobre-o-df-escrivao\/#primaryimage"},"thumbnailUrl":"https:\/\/dhg1h5j42swfq.cloudfront.net\/2021\/08\/21200618\/pcdf.jpg","datePublished":"2021-08-22T00:45:31+00:00","dateModified":"2021-08-22T00:45:33+00:00","description":"Confira neste artigo o gabarito e a corre\u00e7\u00e3o extraoficial da prova de Conhecimentos sobre o DF, cargo de Escriv\u00e3o da PC-DF.","breadcrumb":{"@id":"https:\/\/www.estrategiaconcursos.com.br\/blog\/gabarito-extraoficial-pcdf-conhecimentos-sobre-o-df-escrivao\/#breadcrumb"},"inLanguage":"pt-BR","potentialAction":[{"@type":"ReadAction","target":["https:\/\/www.estrategiaconcursos.com.br\/blog\/gabarito-extraoficial-pcdf-conhecimentos-sobre-o-df-escrivao\/"]}]},{"@type":"ImageObject","inLanguage":"pt-BR","@id":"https:\/\/www.estrategiaconcursos.com.br\/blog\/gabarito-extraoficial-pcdf-conhecimentos-sobre-o-df-escrivao\/#primaryimage","url":"https:\/\/dhg1h5j42swfq.cloudfront.net\/2021\/08\/21200618\/pcdf.jpg","contentUrl":"https:\/\/dhg1h5j42swfq.cloudfront.net\/2021\/08\/21200618\/pcdf.jpg","width":1200,"height":628,"caption":"PCDF"},{"@type":"BreadcrumbList","@id":"https:\/\/www.estrategiaconcursos.com.br\/blog\/gabarito-extraoficial-pcdf-conhecimentos-sobre-o-df-escrivao\/#breadcrumb","itemListElement":[{"@type":"ListItem","position":1,"name":"In\u00edcio","item":"https:\/\/www.estrategiaconcursos.com.br\/blog\/"},{"@type":"ListItem","position":2,"name":"Gabarito Extraoficial PC-DF (Escriv\u00e3o) &#8211; Conhecimentos sobre o DF"}]},{"@type":"WebSite","@id":"https:\/\/www.estrategiaconcursos.com.br\/blog\/#website","url":"https:\/\/www.estrategiaconcursos.com.br\/blog\/","name":"Estrat\u00e9gia Concursos","description":"O blog da Estrat\u00e9gia Concursos traz not\u00edcias sobre concursos e artigos de professores oferecendo cursos para concursos (pdf + videaulas) no site.","publisher":{"@id":"https:\/\/www.estrategiaconcursos.com.br\/blog\/#organization"},"potentialAction":[{"@type":"SearchAction","target":{"@type":"EntryPoint","urlTemplate":"https:\/\/www.estrategiaconcursos.com.br\/blog\/?s={search_term_string}"},"query-input":{"@type":"PropertyValueSpecification","valueRequired":true,"valueName":"search_term_string"}}],"inLanguage":"pt-BR"},{"@type":"Organization","@id":"https:\/\/www.estrategiaconcursos.com.br\/blog\/#organization","name":"Estrat\u00e9gia Concursos","url":"https:\/\/www.estrategiaconcursos.com.br\/blog\/","logo":{"@type":"ImageObject","inLanguage":"pt-BR","@id":"https:\/\/www.estrategiaconcursos.com.br\/blog\/#\/schema\/logo\/image\/","url":"https:\/\/dhg1h5j42swfq.cloudfront.net\/2025\/06\/03203428\/logo_concursos-1.jpg","contentUrl":"https:\/\/dhg1h5j42swfq.cloudfront.net\/2025\/06\/03203428\/logo_concursos-1.jpg","width":230,"height":60,"caption":"Estrat\u00e9gia Concursos"},"image":{"@id":"https:\/\/www.estrategiaconcursos.com.br\/blog\/#\/schema\/logo\/image\/"},"sameAs":["https:\/\/x.com\/EstratConcursos"]},{"@type":"Person","@id":"https:\/\/www.estrategiaconcursos.com.br\/blog\/#\/schema\/person\/d2e7d78de4b9d6ba51cc24fd558a7f42","name":"Leandro Signori","image":{"@type":"ImageObject","inLanguage":"pt-BR","@id":"https:\/\/secure.gravatar.com\/avatar\/aa2ef98e93764dcf1758f52d2792d4b3e4089ee25bc520608dde62ad802ae541?s=96&d=mm&r=g","url":"https:\/\/secure.gravatar.com\/avatar\/aa2ef98e93764dcf1758f52d2792d4b3e4089ee25bc520608dde62ad802ae541?s=96&d=mm&r=g","contentUrl":"https:\/\/secure.gravatar.com\/avatar\/aa2ef98e93764dcf1758f52d2792d4b3e4089ee25bc520608dde62ad802ae541?s=96&d=mm&r=g","caption":"Leandro Signori"},"description":"Licenciado em Geografia pela Universidade Federal do Rio Grande do Sul (UFRGS) e Bacharel em Geografia pela Uniceub (Bras\u00edlia). Como servidor p\u00fablico, foi funcion\u00e1rio da Prefeitura de S\u00e3o Leopoldo (RS), Prefeitura de Porto Alegre (RS), Companhia Riograndense de Saneamento (Corsan) e Minist\u00e9rio da Integra\u00e7\u00e3o Nacional. \u00c9 professor de Geografia para o ensino m\u00e9dio na rede particular de ensino. Leciona as disciplinas de Atualidades, Conhecimentos Gerais, Geografia, Realidade Brasileira e Hist\u00f3ria, em cursos on line e presenciais preparat\u00f3rios para concursos p\u00fablicos.","sameAs":["https:\/\/www.facebook.com\/leandrosignoriatualidades\/"],"url":"https:\/\/www.estrategiaconcursos.com.br\/blog\/author\/leandroestrategiaconcursos-com-br\/"}]}},"_links":{"self":[{"href":"https:\/\/www.estrategiaconcursos.com.br\/blog\/wp-json\/wp\/v2\/posts\/842226","targetHints":{"allow":["GET"]}}],"collection":[{"href":"https:\/\/www.estrategiaconcursos.com.br\/blog\/wp-json\/wp\/v2\/posts"}],"about":[{"href":"https:\/\/www.estrategiaconcursos.com.br\/blog\/wp-json\/wp\/v2\/types\/post"}],"author":[{"embeddable":true,"href":"https:\/\/www.estrategiaconcursos.com.br\/blog\/wp-json\/wp\/v2\/users\/306"}],"replies":[{"embeddable":true,"href":"https:\/\/www.estrategiaconcursos.com.br\/blog\/wp-json\/wp\/v2\/comments?post=842226"}],"version-history":[{"count":1,"href":"https:\/\/www.estrategiaconcursos.com.br\/blog\/wp-json\/wp\/v2\/posts\/842226\/revisions"}],"predecessor-version":[{"id":842231,"href":"https:\/\/www.estrategiaconcursos.com.br\/blog\/wp-json\/wp\/v2\/posts\/842226\/revisions\/842231"}],"wp:featuredmedia":[{"embeddable":true,"href":"https:\/\/www.estrategiaconcursos.com.br\/blog\/wp-json\/wp\/v2\/media\/842194"}],"wp:attachment":[{"href":"https:\/\/www.estrategiaconcursos.com.br\/blog\/wp-json\/wp\/v2\/media?parent=842226"}],"wp:term":[{"taxonomy":"category","embeddable":true,"href":"https:\/\/www.estrategiaconcursos.com.br\/blog\/wp-json\/wp\/v2\/categories?post=842226"},{"taxonomy":"post_tag","embeddable":true,"href":"https:\/\/www.estrategiaconcursos.com.br\/blog\/wp-json\/wp\/v2\/tags?post=842226"},{"taxonomy":"tax_estado","embeddable":true,"href":"https:\/\/www.estrategiaconcursos.com.br\/blog\/wp-json\/wp\/v2\/tax_estado?post=842226"}],"curies":[{"name":"wp","href":"https:\/\/api.w.org\/{rel}","templated":true}]}}