{"id":842222,"date":"2021-08-21T21:39:46","date_gmt":"2021-08-22T00:39:46","guid":{"rendered":"https:\/\/www.estrategiaconcursos.com.br\/blog\/?p=842222"},"modified":"2021-08-21T21:39:48","modified_gmt":"2021-08-22T00:39:48","slug":"gabarito-extraoficial-pcdf-legislacao-escrivao","status":"publish","type":"post","link":"https:\/\/www.estrategiaconcursos.com.br\/blog\/gabarito-extraoficial-pcdf-legislacao-escrivao\/","title":{"rendered":"Gabarito Extraoficial PC-DF (Escriv\u00e3o) &#8211; Legisla\u00e7\u00e3o"},"content":{"rendered":"\n<p>Ol\u00e1, pessoal! Tudo joia? Aqui \u00e9 o Prof. Marcos Gir\u00e3o.<\/p>\n\n\n\n<p>Vamos conferir o gabarito extraoficial comentado da parte de Legisla\u00e7\u00e3o que caiu na prova de Escriv\u00e3o da PC-DF.<\/p>\n\n\n\n<hr class=\"wp-block-separator\"\/>\n\n\n\n<figure class=\"wp-block-image size-large\"><img loading=\"lazy\" decoding=\"async\" width=\"557\" height=\"689\" src=\"https:\/\/dhg1h5j42swfq.cloudfront.net\/2021\/08\/21213757\/image-455.png\" alt=\"\" class=\"wp-image-842223\" srcset=\"https:\/\/dhg1h5j42swfq.cloudfront.net\/2021\/08\/21213757\/image-455.png 557w, https:\/\/dhg1h5j42swfq.cloudfront.net\/2021\/08\/21213757\/image-455-243x300.png 243w\" sizes=\"auto, (max-width: 557px) 100vw, 557px\" \/><\/figure>\n\n\n\n<p><strong>Quest\u00e3o 39 \u2013 ERRADA<\/strong><\/p>\n\n\n\n<p>Segundo estabelece os art. 5\u00ba, 2.1 c\/c art. 11 do Decreto n\u00ba 30.490\/09:<\/p>\n\n\n\n<p><em>Art. 5\u00ba. A Pol\u00edcia Civil do Distrito Federal, para o cumprimento de suas atribui\u00e7\u00f5es legais e a execu\u00e7\u00e3o de suas atividades, comp\u00f5e-se da seguinte estrutura administrativa:<\/em><\/p>\n\n\n\n<p><em>(&#8230;)<\/em><\/p>\n\n\n\n<p><em>2. CORREGEDORIA GERAL DE POL\u00cdCIA CIVIL<\/em><\/p>\n\n\n\n<p><em>2.1. Ouvidoria<\/em><\/p>\n\n\n\n<p><em>(&#8230;)<\/em><\/p>\n\n\n\n<p><em>Art.11. A Ouvidoria da Pol\u00edcia Civil do Distrito Federal, subordinada \u00e0 Corregedoria-Geral de Pol\u00edcia, tem como atribui\u00e7\u00f5es (&#8230;)<\/em><\/p>\n\n\n\n<p><strong>Quest\u00e3o 40 \u2013 CERTA<\/strong><\/p>\n\n\n\n<p>De acordo com o art. 12-B, inciso III do Decreto n\u00ba 30.490\/09:<\/p>\n\n\n\n<p><em>Art. 12-B.&nbsp; A cess\u00e3o dos integrantes das carreiras de que trata esta Lei somente ser\u00e1 autorizada para:<\/em><\/p>\n\n\n\n<p><em>(&#8230;)<\/em><\/p>\n\n\n\n<p><em>III &#8211; Tribunais Superiores, \u00f3rg\u00e3os do Tribunal Regional Federal da 1\u00aa Regi\u00e3o situados no Distrito Federal, Tribunal Regional Eleitoral do Distrito Federal, \u00f3rg\u00e3os do Tribunal Regional do Trabalho da 10\u00aa Regi\u00e3o situados no Distrito Federal e Tribunal de Justi\u00e7a do Distrito Federal e dos Territ\u00f3rios, para o exerc\u00edcio de cargo em comiss\u00e3o cuja remunera\u00e7\u00e3o seja igual ou superior \u00e0 de cargo DAS-101.4 ou equivalente;<\/em><\/p>\n\n\n\n<p><strong>Quest\u00e3o 41 \u2013 CERTA<\/strong><\/p>\n\n\n\n<p>Segundo estabelece o art. 18 do Regimento Interno do DF (Decreto n\u00ba 30.490\/09):<\/p>\n\n\n\n<p><em>Art.18. A Divis\u00e3o de Registros Criminais e Controle de Procedimentos, unidade org\u00e2nica de execu\u00e7\u00e3o, diretamente subordinada \u00e0 Corregedoria-Geral de Pol\u00edcia, tem como atribui\u00e7\u00f5es:<\/em><\/p>\n\n\n\n<p><em>(&#8230;)<\/em><\/p>\n\n\n\n<p><em>II &#8211; Controlar o registro de tramita\u00e7\u00e3o de inqu\u00e9ritos policiais e termos circunstanciados no \u00e2mbito da Pol\u00edcia Civil;<\/em><\/p>\n\n\n\n<p><em>(&#8230;)<\/em><\/p>\n\n\n\n<p><em>IX &#8211; Emitir relat\u00f3rios mensais e anuais com mapas estat\u00edsticos das atividades desenvolvidas;<\/em><\/p>\n\n\n\n<p><strong>QUEST\u00c3O 42 \u2013 ERRADA<\/strong><\/p>\n\n\n\n<p>A pena para a transgress\u00e3o disciplinar citada \u00e9 a de demiss\u00e3o, e n\u00e3o de suspens\u00e3o. A quest\u00e3o foi baseada nos seguintes dispositivo da Lei n\u00ba 4.878\/65 (art. 4\u00ba, art. 43, LIII e art. 48, II). Confira:<\/p>\n\n\n\n<p><em>Art. 4\u00ba A fun\u00e7\u00e3o policial, fundada na hierarquia e na disciplina, \u00e9 incompat\u00edvel com qualquer outra atividade.&nbsp;<\/em><\/p>\n\n\n\n<p><em>(&#8230;)<\/em><\/p>\n\n\n\n<p><em>Art. 43. S\u00e3o transgress\u00f5es disciplinares:<\/em><\/p>\n\n\n\n<p><em>(&#8230;)<\/em><\/p>\n\n\n\n<p><strong><em>LIII &#8211;<\/em><\/strong><em> exercer, a qualquer t\u00edtulo, atividade p\u00fablica ou privada, profissional ou liberal, estranha \u00e0 de seu cargo;&nbsp;<\/em><\/p>\n\n\n\n<p><em>(&#8230;)<\/em><\/p>\n\n\n\n<p><em>Art. 48. A pena de <strong>demiss\u00e3o<\/strong>, al\u00e9m dos casos previstos na <\/em><a href=\"http:\/\/www.planalto.gov.br\/ccivil_03\/leis\/1950-1969\/L1711.htm\"><em>Lei n\u00ba 1.711, de 28 de outubro de 1952<\/em><\/a><em>, ser\u00e1 tamb\u00e9m aplicada quando se caracterizar:<\/em><\/p>\n\n\n\n<p><em>(&#8230;)<\/em><\/p>\n\n\n\n<p><em>Il &#8211; transgress\u00e3o dos itens IV, IX, XI, XII, XIII, XIV, XV, XVI, XXVIII, XXXVI, XXXVIII, XL, XLIII, XLIV, XLV, XLVIII, L, LI, LII, <strong>LIII<\/strong>, LV, LVIII, LXI e LXII do art. 43 desta Lei.<\/em><\/p>\n\n\n\n<p><strong>QUEST\u00c3O <\/strong><strong>43 \u2013 ERRADA<\/strong><\/p>\n\n\n\n<p>Tendo em vista o disposto no art. 6\u00ba do Decreto-lei n\u00ba 2.266\/85:<\/p>\n\n\n\n<p>Art 6\u00ba N\u00e3o haver\u00e1 transfer\u00eancia nem ascens\u00e3o funcional para a Carreira Policial Civil do Distrito Federal.<\/p>\n\n\n\n<p><strong>QUEST\u00c3O 44 \u2013 ERRADA<\/strong><\/p>\n\n\n\n<p>O policial civil n\u00e3o ficar\u00e1 em pris\u00e3o especial at\u00e9 a condena\u00e7\u00e3o transitada em julgado. De acordo com o que versa o art. 40 da Lei n\u00ba 4.878\/65 :<\/p>\n\n\n\n<p><em>Art. 40. Preso preventivamente, em flagrante ou em virtude de pron\u00fancia, o funcion\u00e1rio policial, enquanto n\u00e3o perder a condi\u00e7\u00e3o de funcion\u00e1rio, permanecer\u00e1 em pris\u00e3o especial, durante o curso da a\u00e7\u00e3o penal e at\u00e9 que a senten\u00e7a transite em julgado.<\/em><\/p>\n\n\n\n<p><em>\u00a7 1\u00ba O funcion\u00e1rio policial nas condi\u00e7\u00f5es deste artigo ficar\u00e1 recolhido a sala especial da reparti\u00e7\u00e3o em que sirva, sob a responsabilidade do seu dirigente, sendo-lhe defeso exercer qualquer atividade funcional, ou sair da reparti\u00e7\u00e3o sem expressa autoriza\u00e7\u00e3o do Ju\u00edzo a cuja disposi\u00e7\u00e3o se encontre.<\/em><\/p>\n\n\n\n<p><em>\u00a7 2\u00ba Publicado no Di\u00e1rio Oficial o decreto de demiss\u00e3o, ser\u00e1 o ex-funcion\u00e1rio encaminhado, desde logo, a estabelecimento penal, onde permanecer\u00e1 em sala especial, sem qualquer contato com os demais presos n\u00e3o sujeitos ao mesmo regime, e, uma vez condenado, cumprir\u00e1 a pena que lhe tenha sido imposta, nas condi\u00e7\u00f5es previstas no par\u00e1grafo seguinte.<\/em><\/p>\n\n\n\n<p><em>\u00a7 3\u00ba Transitada em julgado a senten\u00e7a condenat\u00f3ria, ser\u00e1 o funcion\u00e1rio encaminhado a estabelecimento penal, onde cumprir\u00e1 a pena em depend\u00eancia isolada dos demais presos n\u00e3o abrangidos por esse regime, mas sujeito, como eles, ao mesmo sistema disciplinar e penitenci\u00e1rio.<\/em><\/p>\n","protected":false},"excerpt":{"rendered":"<p>Ol\u00e1, pessoal! Tudo joia? Aqui \u00e9 o Prof. Marcos Gir\u00e3o. Vamos conferir o gabarito extraoficial comentado da parte de Legisla\u00e7\u00e3o que caiu na prova de Escriv\u00e3o da PC-DF. Quest\u00e3o 39 \u2013 ERRADA Segundo estabelece os art. 5\u00ba, 2.1 c\/c art. 11 do Decreto n\u00ba 30.490\/09: Art. 5\u00ba. A Pol\u00edcia Civil do Distrito Federal, para o [&hellip;]<\/p>\n","protected":false},"author":248,"featured_media":842194,"comment_status":"open","ping_status":"closed","sticky":false,"template":"","format":"standard","meta":{"post_tipo":"article","footnotes":""},"categories":[1988],"tags":[],"tax_estado":[219970],"class_list":["post-842222","post","type-post","status-publish","format-standard","has-post-thumbnail","hentry","category-policia","tax_estado-df"],"acf":[],"yoast_head":"<!-- This site is optimized with the Yoast SEO Premium plugin v27.2 (Yoast SEO v27.2) - https:\/\/yoast.com\/product\/yoast-seo-premium-wordpress\/ -->\n<title>Gabarito Extraoficial PC-DF (Escriv\u00e3o) - Legisla\u00e7\u00e3o<\/title>\n<meta name=\"description\" content=\"Confira neste artigo o gabarito e a corre\u00e7\u00e3o extraoficial da prova de Legisla\u00e7\u00e3o cargo de Escriv\u00e3o da PC-DF.\" \/>\n<meta name=\"robots\" content=\"index, follow, max-snippet:-1, max-image-preview:large, max-video-preview:-1\" \/>\n<link rel=\"canonical\" href=\"https:\/\/www.estrategiaconcursos.com.br\/blog\/gabarito-extraoficial-pcdf-legislacao-escrivao\/\" \/>\n<meta property=\"og:locale\" content=\"pt_BR\" \/>\n<meta property=\"og:type\" content=\"article\" \/>\n<meta property=\"og:title\" content=\"Gabarito Extraoficial PC-DF (Escriv\u00e3o) - Legisla\u00e7\u00e3o\" \/>\n<meta property=\"og:description\" content=\"Confira neste artigo o gabarito e a corre\u00e7\u00e3o extraoficial da prova de Legisla\u00e7\u00e3o cargo de Escriv\u00e3o da PC-DF.\" \/>\n<meta property=\"og:url\" content=\"https:\/\/www.estrategiaconcursos.com.br\/blog\/gabarito-extraoficial-pcdf-legislacao-escrivao\/\" \/>\n<meta property=\"og:site_name\" content=\"Estrat\u00e9gia Concursos\" \/>\n<meta property=\"article:published_time\" content=\"2021-08-22T00:39:46+00:00\" \/>\n<meta property=\"article:modified_time\" content=\"2021-08-22T00:39:48+00:00\" \/>\n<meta property=\"og:image\" content=\"https:\/\/dhg1h5j42swfq.cloudfront.net\/2021\/08\/21200618\/pcdf.jpg\" \/>\n\t<meta property=\"og:image:width\" content=\"1200\" \/>\n\t<meta property=\"og:image:height\" content=\"628\" \/>\n\t<meta property=\"og:image:type\" content=\"image\/jpeg\" \/>\n<meta name=\"author\" content=\"Marcos Gir\u00e3o\" \/>\n<meta name=\"twitter:card\" content=\"summary_large_image\" \/>\n<meta name=\"twitter:creator\" content=\"@EstratConcursos\" \/>\n<meta name=\"twitter:site\" content=\"@EstratConcursos\" \/>\n<meta name=\"twitter:label1\" content=\"Escrito por\" \/>\n\t<meta name=\"twitter:data1\" content=\"Marcos Gir\u00e3o\" \/>\n\t<meta name=\"twitter:label2\" content=\"Est. tempo de leitura\" \/>\n\t<meta name=\"twitter:data2\" content=\"3 minutos\" \/>\n<script type=\"application\/ld+json\" class=\"yoast-schema-graph\">{\"@context\":\"https:\/\/schema.org\",\"@graph\":[{\"@type\":\"NewsArticle\",\"@id\":\"https:\/\/www.estrategiaconcursos.com.br\/blog\/gabarito-extraoficial-pcdf-legislacao-escrivao\/#article\",\"isPartOf\":{\"@id\":\"https:\/\/www.estrategiaconcursos.com.br\/blog\/gabarito-extraoficial-pcdf-legislacao-escrivao\/\"},\"author\":{\"name\":\"Marcos Gir\u00e3o\",\"@id\":\"https:\/\/www.estrategiaconcursos.com.br\/blog\/#\/schema\/person\/6be195b7a02a8ca214472b848686bb37\"},\"headline\":\"Gabarito Extraoficial PC-DF (Escriv\u00e3o) &#8211; Legisla\u00e7\u00e3o\",\"datePublished\":\"2021-08-22T00:39:46+00:00\",\"dateModified\":\"2021-08-22T00:39:48+00:00\",\"mainEntityOfPage\":{\"@id\":\"https:\/\/www.estrategiaconcursos.com.br\/blog\/gabarito-extraoficial-pcdf-legislacao-escrivao\/\"},\"wordCount\":689,\"commentCount\":0,\"publisher\":{\"@id\":\"https:\/\/www.estrategiaconcursos.com.br\/blog\/#organization\"},\"image\":{\"@id\":\"https:\/\/www.estrategiaconcursos.com.br\/blog\/gabarito-extraoficial-pcdf-legislacao-escrivao\/#primaryimage\"},\"thumbnailUrl\":\"https:\/\/dhg1h5j42swfq.cloudfront.net\/2021\/08\/21200618\/pcdf.jpg\",\"articleSection\":[\"Policial (Agente, Escriv\u00e3o e Investigador)\"],\"inLanguage\":\"pt-BR\",\"potentialAction\":[{\"@type\":\"CommentAction\",\"name\":\"Comment\",\"target\":[\"https:\/\/www.estrategiaconcursos.com.br\/blog\/gabarito-extraoficial-pcdf-legislacao-escrivao\/#respond\"]}],\"copyrightYear\":\"2021\",\"copyrightHolder\":{\"@id\":\"https:\/\/www.estrategiaconcursos.com.br\/blog\/#organization\"}},{\"@type\":\"WebPage\",\"@id\":\"https:\/\/www.estrategiaconcursos.com.br\/blog\/gabarito-extraoficial-pcdf-legislacao-escrivao\/\",\"url\":\"https:\/\/www.estrategiaconcursos.com.br\/blog\/gabarito-extraoficial-pcdf-legislacao-escrivao\/\",\"name\":\"Gabarito Extraoficial PC-DF (Escriv\u00e3o) - Legisla\u00e7\u00e3o\",\"isPartOf\":{\"@id\":\"https:\/\/www.estrategiaconcursos.com.br\/blog\/#website\"},\"primaryImageOfPage\":{\"@id\":\"https:\/\/www.estrategiaconcursos.com.br\/blog\/gabarito-extraoficial-pcdf-legislacao-escrivao\/#primaryimage\"},\"image\":{\"@id\":\"https:\/\/www.estrategiaconcursos.com.br\/blog\/gabarito-extraoficial-pcdf-legislacao-escrivao\/#primaryimage\"},\"thumbnailUrl\":\"https:\/\/dhg1h5j42swfq.cloudfront.net\/2021\/08\/21200618\/pcdf.jpg\",\"datePublished\":\"2021-08-22T00:39:46+00:00\",\"dateModified\":\"2021-08-22T00:39:48+00:00\",\"description\":\"Confira neste artigo o gabarito e a corre\u00e7\u00e3o extraoficial da prova de Legisla\u00e7\u00e3o cargo de Escriv\u00e3o da PC-DF.\",\"breadcrumb\":{\"@id\":\"https:\/\/www.estrategiaconcursos.com.br\/blog\/gabarito-extraoficial-pcdf-legislacao-escrivao\/#breadcrumb\"},\"inLanguage\":\"pt-BR\",\"potentialAction\":[{\"@type\":\"ReadAction\",\"target\":[\"https:\/\/www.estrategiaconcursos.com.br\/blog\/gabarito-extraoficial-pcdf-legislacao-escrivao\/\"]}]},{\"@type\":\"ImageObject\",\"inLanguage\":\"pt-BR\",\"@id\":\"https:\/\/www.estrategiaconcursos.com.br\/blog\/gabarito-extraoficial-pcdf-legislacao-escrivao\/#primaryimage\",\"url\":\"https:\/\/dhg1h5j42swfq.cloudfront.net\/2021\/08\/21200618\/pcdf.jpg\",\"contentUrl\":\"https:\/\/dhg1h5j42swfq.cloudfront.net\/2021\/08\/21200618\/pcdf.jpg\",\"width\":1200,\"height\":628,\"caption\":\"PCDF\"},{\"@type\":\"BreadcrumbList\",\"@id\":\"https:\/\/www.estrategiaconcursos.com.br\/blog\/gabarito-extraoficial-pcdf-legislacao-escrivao\/#breadcrumb\",\"itemListElement\":[{\"@type\":\"ListItem\",\"position\":1,\"name\":\"In\u00edcio\",\"item\":\"https:\/\/www.estrategiaconcursos.com.br\/blog\/\"},{\"@type\":\"ListItem\",\"position\":2,\"name\":\"Gabarito Extraoficial PC-DF (Escriv\u00e3o) &#8211; Legisla\u00e7\u00e3o\"}]},{\"@type\":\"WebSite\",\"@id\":\"https:\/\/www.estrategiaconcursos.com.br\/blog\/#website\",\"url\":\"https:\/\/www.estrategiaconcursos.com.br\/blog\/\",\"name\":\"Estrat\u00e9gia Concursos\",\"description\":\"O blog da Estrat\u00e9gia Concursos traz not\u00edcias sobre concursos e artigos de professores oferecendo cursos para concursos (pdf + videaulas) no site.\",\"publisher\":{\"@id\":\"https:\/\/www.estrategiaconcursos.com.br\/blog\/#organization\"},\"potentialAction\":[{\"@type\":\"SearchAction\",\"target\":{\"@type\":\"EntryPoint\",\"urlTemplate\":\"https:\/\/www.estrategiaconcursos.com.br\/blog\/?s={search_term_string}\"},\"query-input\":{\"@type\":\"PropertyValueSpecification\",\"valueRequired\":true,\"valueName\":\"search_term_string\"}}],\"inLanguage\":\"pt-BR\"},{\"@type\":\"Organization\",\"@id\":\"https:\/\/www.estrategiaconcursos.com.br\/blog\/#organization\",\"name\":\"Estrat\u00e9gia Concursos\",\"url\":\"https:\/\/www.estrategiaconcursos.com.br\/blog\/\",\"logo\":{\"@type\":\"ImageObject\",\"inLanguage\":\"pt-BR\",\"@id\":\"https:\/\/www.estrategiaconcursos.com.br\/blog\/#\/schema\/logo\/image\/\",\"url\":\"https:\/\/dhg1h5j42swfq.cloudfront.net\/2025\/06\/03203428\/logo_concursos-1.jpg\",\"contentUrl\":\"https:\/\/dhg1h5j42swfq.cloudfront.net\/2025\/06\/03203428\/logo_concursos-1.jpg\",\"width\":230,\"height\":60,\"caption\":\"Estrat\u00e9gia Concursos\"},\"image\":{\"@id\":\"https:\/\/www.estrategiaconcursos.com.br\/blog\/#\/schema\/logo\/image\/\"},\"sameAs\":[\"https:\/\/x.com\/EstratConcursos\"]},{\"@type\":\"Person\",\"@id\":\"https:\/\/www.estrategiaconcursos.com.br\/blog\/#\/schema\/person\/6be195b7a02a8ca214472b848686bb37\",\"name\":\"Marcos Gir\u00e3o\",\"image\":{\"@type\":\"ImageObject\",\"inLanguage\":\"pt-BR\",\"@id\":\"https:\/\/secure.gravatar.com\/avatar\/ac5b9a36e2c99a8280e07b5763e3b764471d5b861c47521bfd2edffdfbb06fbd?s=96&d=mm&r=g\",\"url\":\"https:\/\/secure.gravatar.com\/avatar\/ac5b9a36e2c99a8280e07b5763e3b764471d5b861c47521bfd2edffdfbb06fbd?s=96&d=mm&r=g\",\"contentUrl\":\"https:\/\/secure.gravatar.com\/avatar\/ac5b9a36e2c99a8280e07b5763e3b764471d5b861c47521bfd2edffdfbb06fbd?s=96&d=mm&r=g\",\"caption\":\"Marcos Gir\u00e3o\"},\"url\":\"https:\/\/www.estrategiaconcursos.com.br\/blog\/author\/marcosgiraoestrategiaconcursos-com-br\/\"}]}<\/script>\n<!-- \/ Yoast SEO Premium plugin. -->","yoast_head_json":{"title":"Gabarito Extraoficial PC-DF (Escriv\u00e3o) - Legisla\u00e7\u00e3o","description":"Confira neste artigo o gabarito e a corre\u00e7\u00e3o extraoficial da prova de Legisla\u00e7\u00e3o cargo de Escriv\u00e3o da PC-DF.","robots":{"index":"index","follow":"follow","max-snippet":"max-snippet:-1","max-image-preview":"max-image-preview:large","max-video-preview":"max-video-preview:-1"},"canonical":"https:\/\/www.estrategiaconcursos.com.br\/blog\/gabarito-extraoficial-pcdf-legislacao-escrivao\/","og_locale":"pt_BR","og_type":"article","og_title":"Gabarito Extraoficial PC-DF (Escriv\u00e3o) - Legisla\u00e7\u00e3o","og_description":"Confira neste artigo o gabarito e a corre\u00e7\u00e3o extraoficial da prova de Legisla\u00e7\u00e3o cargo de Escriv\u00e3o da PC-DF.","og_url":"https:\/\/www.estrategiaconcursos.com.br\/blog\/gabarito-extraoficial-pcdf-legislacao-escrivao\/","og_site_name":"Estrat\u00e9gia Concursos","article_published_time":"2021-08-22T00:39:46+00:00","article_modified_time":"2021-08-22T00:39:48+00:00","og_image":[{"width":1200,"height":628,"url":"https:\/\/dhg1h5j42swfq.cloudfront.net\/2021\/08\/21200618\/pcdf.jpg","type":"image\/jpeg"}],"author":"Marcos Gir\u00e3o","twitter_card":"summary_large_image","twitter_creator":"@EstratConcursos","twitter_site":"@EstratConcursos","twitter_misc":{"Escrito por":"Marcos Gir\u00e3o","Est. tempo de leitura":"3 minutos"},"schema":{"@context":"https:\/\/schema.org","@graph":[{"@type":"NewsArticle","@id":"https:\/\/www.estrategiaconcursos.com.br\/blog\/gabarito-extraoficial-pcdf-legislacao-escrivao\/#article","isPartOf":{"@id":"https:\/\/www.estrategiaconcursos.com.br\/blog\/gabarito-extraoficial-pcdf-legislacao-escrivao\/"},"author":{"name":"Marcos Gir\u00e3o","@id":"https:\/\/www.estrategiaconcursos.com.br\/blog\/#\/schema\/person\/6be195b7a02a8ca214472b848686bb37"},"headline":"Gabarito Extraoficial PC-DF (Escriv\u00e3o) &#8211; Legisla\u00e7\u00e3o","datePublished":"2021-08-22T00:39:46+00:00","dateModified":"2021-08-22T00:39:48+00:00","mainEntityOfPage":{"@id":"https:\/\/www.estrategiaconcursos.com.br\/blog\/gabarito-extraoficial-pcdf-legislacao-escrivao\/"},"wordCount":689,"commentCount":0,"publisher":{"@id":"https:\/\/www.estrategiaconcursos.com.br\/blog\/#organization"},"image":{"@id":"https:\/\/www.estrategiaconcursos.com.br\/blog\/gabarito-extraoficial-pcdf-legislacao-escrivao\/#primaryimage"},"thumbnailUrl":"https:\/\/dhg1h5j42swfq.cloudfront.net\/2021\/08\/21200618\/pcdf.jpg","articleSection":["Policial (Agente, Escriv\u00e3o e Investigador)"],"inLanguage":"pt-BR","potentialAction":[{"@type":"CommentAction","name":"Comment","target":["https:\/\/www.estrategiaconcursos.com.br\/blog\/gabarito-extraoficial-pcdf-legislacao-escrivao\/#respond"]}],"copyrightYear":"2021","copyrightHolder":{"@id":"https:\/\/www.estrategiaconcursos.com.br\/blog\/#organization"}},{"@type":"WebPage","@id":"https:\/\/www.estrategiaconcursos.com.br\/blog\/gabarito-extraoficial-pcdf-legislacao-escrivao\/","url":"https:\/\/www.estrategiaconcursos.com.br\/blog\/gabarito-extraoficial-pcdf-legislacao-escrivao\/","name":"Gabarito Extraoficial PC-DF (Escriv\u00e3o) - Legisla\u00e7\u00e3o","isPartOf":{"@id":"https:\/\/www.estrategiaconcursos.com.br\/blog\/#website"},"primaryImageOfPage":{"@id":"https:\/\/www.estrategiaconcursos.com.br\/blog\/gabarito-extraoficial-pcdf-legislacao-escrivao\/#primaryimage"},"image":{"@id":"https:\/\/www.estrategiaconcursos.com.br\/blog\/gabarito-extraoficial-pcdf-legislacao-escrivao\/#primaryimage"},"thumbnailUrl":"https:\/\/dhg1h5j42swfq.cloudfront.net\/2021\/08\/21200618\/pcdf.jpg","datePublished":"2021-08-22T00:39:46+00:00","dateModified":"2021-08-22T00:39:48+00:00","description":"Confira neste artigo o gabarito e a corre\u00e7\u00e3o extraoficial da prova de Legisla\u00e7\u00e3o cargo de Escriv\u00e3o da PC-DF.","breadcrumb":{"@id":"https:\/\/www.estrategiaconcursos.com.br\/blog\/gabarito-extraoficial-pcdf-legislacao-escrivao\/#breadcrumb"},"inLanguage":"pt-BR","potentialAction":[{"@type":"ReadAction","target":["https:\/\/www.estrategiaconcursos.com.br\/blog\/gabarito-extraoficial-pcdf-legislacao-escrivao\/"]}]},{"@type":"ImageObject","inLanguage":"pt-BR","@id":"https:\/\/www.estrategiaconcursos.com.br\/blog\/gabarito-extraoficial-pcdf-legislacao-escrivao\/#primaryimage","url":"https:\/\/dhg1h5j42swfq.cloudfront.net\/2021\/08\/21200618\/pcdf.jpg","contentUrl":"https:\/\/dhg1h5j42swfq.cloudfront.net\/2021\/08\/21200618\/pcdf.jpg","width":1200,"height":628,"caption":"PCDF"},{"@type":"BreadcrumbList","@id":"https:\/\/www.estrategiaconcursos.com.br\/blog\/gabarito-extraoficial-pcdf-legislacao-escrivao\/#breadcrumb","itemListElement":[{"@type":"ListItem","position":1,"name":"In\u00edcio","item":"https:\/\/www.estrategiaconcursos.com.br\/blog\/"},{"@type":"ListItem","position":2,"name":"Gabarito Extraoficial PC-DF (Escriv\u00e3o) &#8211; Legisla\u00e7\u00e3o"}]},{"@type":"WebSite","@id":"https:\/\/www.estrategiaconcursos.com.br\/blog\/#website","url":"https:\/\/www.estrategiaconcursos.com.br\/blog\/","name":"Estrat\u00e9gia Concursos","description":"O blog da Estrat\u00e9gia Concursos traz not\u00edcias sobre concursos e artigos de professores oferecendo cursos para concursos (pdf + videaulas) no site.","publisher":{"@id":"https:\/\/www.estrategiaconcursos.com.br\/blog\/#organization"},"potentialAction":[{"@type":"SearchAction","target":{"@type":"EntryPoint","urlTemplate":"https:\/\/www.estrategiaconcursos.com.br\/blog\/?s={search_term_string}"},"query-input":{"@type":"PropertyValueSpecification","valueRequired":true,"valueName":"search_term_string"}}],"inLanguage":"pt-BR"},{"@type":"Organization","@id":"https:\/\/www.estrategiaconcursos.com.br\/blog\/#organization","name":"Estrat\u00e9gia Concursos","url":"https:\/\/www.estrategiaconcursos.com.br\/blog\/","logo":{"@type":"ImageObject","inLanguage":"pt-BR","@id":"https:\/\/www.estrategiaconcursos.com.br\/blog\/#\/schema\/logo\/image\/","url":"https:\/\/dhg1h5j42swfq.cloudfront.net\/2025\/06\/03203428\/logo_concursos-1.jpg","contentUrl":"https:\/\/dhg1h5j42swfq.cloudfront.net\/2025\/06\/03203428\/logo_concursos-1.jpg","width":230,"height":60,"caption":"Estrat\u00e9gia Concursos"},"image":{"@id":"https:\/\/www.estrategiaconcursos.com.br\/blog\/#\/schema\/logo\/image\/"},"sameAs":["https:\/\/x.com\/EstratConcursos"]},{"@type":"Person","@id":"https:\/\/www.estrategiaconcursos.com.br\/blog\/#\/schema\/person\/6be195b7a02a8ca214472b848686bb37","name":"Marcos Gir\u00e3o","image":{"@type":"ImageObject","inLanguage":"pt-BR","@id":"https:\/\/secure.gravatar.com\/avatar\/ac5b9a36e2c99a8280e07b5763e3b764471d5b861c47521bfd2edffdfbb06fbd?s=96&d=mm&r=g","url":"https:\/\/secure.gravatar.com\/avatar\/ac5b9a36e2c99a8280e07b5763e3b764471d5b861c47521bfd2edffdfbb06fbd?s=96&d=mm&r=g","contentUrl":"https:\/\/secure.gravatar.com\/avatar\/ac5b9a36e2c99a8280e07b5763e3b764471d5b861c47521bfd2edffdfbb06fbd?s=96&d=mm&r=g","caption":"Marcos Gir\u00e3o"},"url":"https:\/\/www.estrategiaconcursos.com.br\/blog\/author\/marcosgiraoestrategiaconcursos-com-br\/"}]}},"_links":{"self":[{"href":"https:\/\/www.estrategiaconcursos.com.br\/blog\/wp-json\/wp\/v2\/posts\/842222","targetHints":{"allow":["GET"]}}],"collection":[{"href":"https:\/\/www.estrategiaconcursos.com.br\/blog\/wp-json\/wp\/v2\/posts"}],"about":[{"href":"https:\/\/www.estrategiaconcursos.com.br\/blog\/wp-json\/wp\/v2\/types\/post"}],"author":[{"embeddable":true,"href":"https:\/\/www.estrategiaconcursos.com.br\/blog\/wp-json\/wp\/v2\/users\/248"}],"replies":[{"embeddable":true,"href":"https:\/\/www.estrategiaconcursos.com.br\/blog\/wp-json\/wp\/v2\/comments?post=842222"}],"version-history":[{"count":1,"href":"https:\/\/www.estrategiaconcursos.com.br\/blog\/wp-json\/wp\/v2\/posts\/842222\/revisions"}],"predecessor-version":[{"id":842224,"href":"https:\/\/www.estrategiaconcursos.com.br\/blog\/wp-json\/wp\/v2\/posts\/842222\/revisions\/842224"}],"wp:featuredmedia":[{"embeddable":true,"href":"https:\/\/www.estrategiaconcursos.com.br\/blog\/wp-json\/wp\/v2\/media\/842194"}],"wp:attachment":[{"href":"https:\/\/www.estrategiaconcursos.com.br\/blog\/wp-json\/wp\/v2\/media?parent=842222"}],"wp:term":[{"taxonomy":"category","embeddable":true,"href":"https:\/\/www.estrategiaconcursos.com.br\/blog\/wp-json\/wp\/v2\/categories?post=842222"},{"taxonomy":"post_tag","embeddable":true,"href":"https:\/\/www.estrategiaconcursos.com.br\/blog\/wp-json\/wp\/v2\/tags?post=842222"},{"taxonomy":"tax_estado","embeddable":true,"href":"https:\/\/www.estrategiaconcursos.com.br\/blog\/wp-json\/wp\/v2\/tax_estado?post=842222"}],"curies":[{"name":"wp","href":"https:\/\/api.w.org\/{rel}","templated":true}]}}