{"id":842209,"date":"2021-08-21T21:26:10","date_gmt":"2021-08-22T00:26:10","guid":{"rendered":"https:\/\/www.estrategiaconcursos.com.br\/blog\/?p=842209"},"modified":"2021-08-22T09:07:18","modified_gmt":"2021-08-22T12:07:18","slug":"gabarito-extraoficial-pcdf-direito-penal-e-processual-penal-escrivao","status":"publish","type":"post","link":"https:\/\/www.estrategiaconcursos.com.br\/blog\/gabarito-extraoficial-pcdf-direito-penal-e-processual-penal-escrivao\/","title":{"rendered":"Gabarito Extraoficial PC-DF (Escriv\u00e3o) &#8211; Direito Penal e Processual Penal"},"content":{"rendered":"\n<p>Ol\u00e1, pessoal! Tudo joia? Aqui \u00e9 o Prof. Renan Ara\u00fajo.<\/p>\n\n\n\n<p>Vamos conferir o gabarito extraoficial comentado da parte de Direito Penal e Processual Penal, que caiu na prova de Escriv\u00e3o da PC-DF.<\/p>\n\n\n\n<hr class=\"wp-block-separator\"\/>\n\n\n\n<figure class=\"wp-block-image size-large is-resized\"><img loading=\"lazy\" decoding=\"async\" src=\"https:\/\/dhg1h5j42swfq.cloudfront.net\/2021\/08\/21211810\/image-445.png\" alt=\"\" class=\"wp-image-842210\" width=\"768\" height=\"421\" srcset=\"https:\/\/dhg1h5j42swfq.cloudfront.net\/2021\/08\/21211810\/image-445.png 542w, https:\/\/dhg1h5j42swfq.cloudfront.net\/2021\/08\/21211810\/image-445-300x164.png 300w\" sizes=\"auto, (max-width: 768px) 100vw, 768px\" \/><\/figure>\n\n\n\n<p><strong>62.<\/strong><\/p>\n\n\n\n<p><strong>COMENT\u00c1RIOS<\/strong><\/p>\n\n\n\n<p>Item correto, pois o texto expressamente trabalha a ideia de que uma san\u00e7\u00e3o s\u00f3 \u00e9 cab\u00edvel se o fato pelo qual se imputa ao agente a san\u00e7\u00e3o era anteriormente previsto como crime, ou seja, trata da necessidade de que j\u00e1 exista lei criminalizando a conduta para que esta possa ser criminalmente reprov\u00e1vel, logo, anterioridade da lei penal, que culmina na irretroatividade da lei penal.<\/p>\n\n\n\n<p><strong>GABARITO: CORRETA<\/strong><\/p>\n\n\n\n<figure class=\"wp-block-image size-large is-resized\"><img loading=\"lazy\" decoding=\"async\" src=\"https:\/\/dhg1h5j42swfq.cloudfront.net\/2021\/08\/21211846\/image-446.png\" alt=\"\" class=\"wp-image-842211\" width=\"789\" height=\"464\" srcset=\"https:\/\/dhg1h5j42swfq.cloudfront.net\/2021\/08\/21211846\/image-446.png 711w, https:\/\/dhg1h5j42swfq.cloudfront.net\/2021\/08\/21211846\/image-446-300x176.png 300w, https:\/\/dhg1h5j42swfq.cloudfront.net\/2021\/08\/21211846\/image-446-610x359.png 610w\" sizes=\"auto, (max-width: 789px) 100vw, 789px\" \/><\/figure>\n\n\n\n<p><strong>63.<\/strong><\/p>\n\n\n\n<p><strong>COMENT\u00c1RIOS<\/strong><\/p>\n\n\n\n<p>Item errado, pois aplica-se a lei brasileira ao fato ocorrido dentro do territ\u00f3rio nacional, e o fato em quest\u00e3o foi praticado no Brasil e no Paraguai (teoria da ubiquidade), estando o agente sujeito \u00e0 lei penal brasileira.<\/p>\n\n\n\n<p><strong>GABARITO: ERRADA<\/strong><\/p>\n\n\n\n<p><strong>64.<\/strong><\/p>\n\n\n\n<p><strong>COMENT\u00c1RIOS<\/strong><\/p>\n\n\n\n<p>Item errado, pois apesar de o texto usar a express\u00e3o \u201cludibriada\u201d, a referida conduta mais se amolda ao tipo penal de extors\u00e3o, pois a v\u00edtima n\u00e3o entregou voluntariamente a vantagem indevida, tendo sido CONSTRANGIDA a isso pela grave amea\u00e7a inerente \u00e0 simula\u00e7\u00e3o do sequestro da neta, logo, art. 158 do CP.<\/p>\n\n\n\n<p><strong>GABARITO: ERRADA<\/strong><\/p>\n\n\n\n<p><strong>65.<\/strong><\/p>\n\n\n\n<p><strong>COMENT\u00c1RIOS<\/strong><\/p>\n\n\n\n<p>Item correto, pois a conduta se deu no Brasil, embora o resultado tenha ocorrido no Paraguai, sendo ambos considerados como \u201clugar do crime\u201d, na forma do art. 6\u00ba do CP.<\/p>\n\n\n\n<p><strong>GABARITO: CORRETA<\/strong><\/p>\n\n\n\n<figure class=\"wp-block-image size-large is-resized\"><img loading=\"lazy\" decoding=\"async\" src=\"https:\/\/dhg1h5j42swfq.cloudfront.net\/2021\/08\/21211921\/image-447.png\" alt=\"\" class=\"wp-image-842212\" width=\"803\" height=\"400\" srcset=\"https:\/\/dhg1h5j42swfq.cloudfront.net\/2021\/08\/21211921\/image-447.png 743w, https:\/\/dhg1h5j42swfq.cloudfront.net\/2021\/08\/21211921\/image-447-300x149.png 300w, https:\/\/dhg1h5j42swfq.cloudfront.net\/2021\/08\/21211921\/image-447-610x304.png 610w\" sizes=\"auto, (max-width: 803px) 100vw, 803px\" \/><\/figure>\n\n\n\n<p><strong>66.<\/strong><\/p>\n\n\n\n<p><strong>COMENT\u00c1RIOS<\/strong><\/p>\n\n\n\n<p>Item errado, pois n\u00e3o h\u00e1 que se falar em desacato (art. 331), j\u00e1 que o agente n\u00e3o desrespeitou funcion\u00e1rio p\u00fablico no exerc\u00edcio da fun\u00e7\u00e3o ou em raz\u00e3o dela.<\/p>\n\n\n\n<p><strong>GABARITO: ERRADA<\/strong><\/p>\n\n\n\n<p><strong>67.<\/strong><\/p>\n\n\n\n<p><strong>COMENT\u00c1RIOS<\/strong><\/p>\n\n\n\n<p>Item correto, pois essa \u00e9 a exata conduta relativa ao crime de concuss\u00e3o, nos termos do art. 316 do CP.<\/p>\n\n\n\n<p><strong>GABARITO: CORRETA<\/strong><\/p>\n\n\n\n<figure class=\"wp-block-image size-large\"><img loading=\"lazy\" decoding=\"async\" width=\"779\" height=\"496\" src=\"https:\/\/dhg1h5j42swfq.cloudfront.net\/2021\/08\/21211946\/image-448.png\" alt=\"\" class=\"wp-image-842213\" srcset=\"https:\/\/dhg1h5j42swfq.cloudfront.net\/2021\/08\/21211946\/image-448.png 779w, https:\/\/dhg1h5j42swfq.cloudfront.net\/2021\/08\/21211946\/image-448-300x191.png 300w, https:\/\/dhg1h5j42swfq.cloudfront.net\/2021\/08\/21211946\/image-448-768x489.png 768w, https:\/\/dhg1h5j42swfq.cloudfront.net\/2021\/08\/21211946\/image-448-610x388.png 610w\" sizes=\"auto, (max-width: 779px) 100vw, 779px\" \/><\/figure>\n\n\n\n<p><strong>68.<\/strong><\/p>\n\n\n\n<p><strong>COMENT\u00c1RIOS<\/strong><\/p>\n\n\n\n<p>Item errado, pois para a configura\u00e7\u00e3o do crime de condescend\u00eancia criminosa \u00e9 necess\u00e1rio que o agente deixe de penalizar o subordinado ou deixe de comunicar o fato \u00e0 autoridade competente POR INDULG\u00caNCIA, ou seja, por relevar a falta do subordinado, tolerar a falha, perdoar a falha. No caso, a quest\u00e3o evidencia o que o agente agiu por ter RECEBIDO VANTAGEM INDEVIDA, logo, n\u00e3o h\u00e1 que se falar em condescend\u00eancia criminosa, sendo conduta que mais se amolda ao crime de corrup\u00e7\u00e3o passiva.<\/p>\n\n\n\n<p><strong>GABARITO: ERRADA<\/strong><\/p>\n\n\n\n<p><strong>69.<\/strong><\/p>\n\n\n\n<p><strong>COMENT\u00c1RIOS<\/strong><\/p>\n\n\n\n<p>Item correto, pois a oposi\u00e7\u00e3o meramente negativa, ou seja, meramente passiva, n\u00e3o configura resist\u00eancia, mas pode configurar o crime de desobedi\u00eancia, nos termos do art. 330 do CP.<\/p>\n\n\n\n<p><strong>GABARITO: CORRETA<\/strong><\/p>\n\n\n\n<figure class=\"wp-block-image size-large\"><img loading=\"lazy\" decoding=\"async\" width=\"835\" height=\"512\" src=\"https:\/\/dhg1h5j42swfq.cloudfront.net\/2021\/08\/21212029\/image-449.png\" alt=\"\" class=\"wp-image-842214\" srcset=\"https:\/\/dhg1h5j42swfq.cloudfront.net\/2021\/08\/21212029\/image-449.png 835w, https:\/\/dhg1h5j42swfq.cloudfront.net\/2021\/08\/21212029\/image-449-300x184.png 300w, https:\/\/dhg1h5j42swfq.cloudfront.net\/2021\/08\/21212029\/image-449-768x471.png 768w, https:\/\/dhg1h5j42swfq.cloudfront.net\/2021\/08\/21212029\/image-449-610x374.png 610w\" sizes=\"auto, (max-width: 835px) 100vw, 835px\" \/><\/figure>\n\n\n\n<p><strong>70.<\/strong><\/p>\n\n\n\n<p><strong>COMENT\u00c1RIOS<\/strong><\/p>\n\n\n\n<p>Item errado, pois o crime de roubo impr\u00f3prio se consuma com o emprego de viol\u00eancia ou grave amea\u00e7a, ap\u00f3s a subtra\u00e7\u00e3o da coisa alheia m\u00f3vel, com o fim de assegurar a impunidade do crime ou a deten\u00e7\u00e3o da coisa, na forma do art. 157, \u00a71\u00ba do CP. Logo, o crime n\u00e3o se consuma antes do emprego da viol\u00eancia ou grave amea\u00e7a.<\/p>\n\n\n\n<p><strong>GABARITO: ERRADA<\/strong><\/p>\n\n\n\n<p><strong>71.<\/strong><\/p>\n\n\n\n<p><strong>COMENT\u00c1RIOS<\/strong><\/p>\n\n\n\n<p>Item errado, pois apesar de ter havido crime de furto, na forma do art. 155 do CP, Carlos ser\u00e1 isento de pena, por se tratar de crime patrimonial, sem viol\u00eancia ou grave amea\u00e7a \u00e0 pessoa, praticado contra o c\u00f4njuge, na const\u00e2ncia da sociedade conjugal, na forma do art. 181, I do CP.<\/p>\n\n\n\n<p><strong>GABARITO: ERRADA<\/strong><\/p>\n\n\n\n<figure class=\"wp-block-image size-large\"><img loading=\"lazy\" decoding=\"async\" width=\"788\" height=\"438\" src=\"https:\/\/dhg1h5j42swfq.cloudfront.net\/2021\/08\/21212050\/image-450.png\" alt=\"\" class=\"wp-image-842215\" srcset=\"https:\/\/dhg1h5j42swfq.cloudfront.net\/2021\/08\/21212050\/image-450.png 788w, https:\/\/dhg1h5j42swfq.cloudfront.net\/2021\/08\/21212050\/image-450-300x167.png 300w, https:\/\/dhg1h5j42swfq.cloudfront.net\/2021\/08\/21212050\/image-450-768x427.png 768w, https:\/\/dhg1h5j42swfq.cloudfront.net\/2021\/08\/21212050\/image-450-610x339.png 610w\" sizes=\"auto, (max-width: 788px) 100vw, 788px\" \/><\/figure>\n\n\n\n<p><strong>72.<\/strong><\/p>\n\n\n\n<p><strong>COMENT\u00c1RIOS<\/strong><\/p>\n\n\n\n<p>Item correto, pois essa \u00e9 a exata previs\u00e3o do art. 129, \u00a79\u00ba do CP, que trata a viol\u00eancia dom\u00e9stica como qualificadora da les\u00e3o corporal.<\/p>\n\n\n\n<p><strong>GABARITO: CORRETA<\/strong><\/p>\n\n\n\n<p><strong>73.<\/strong><\/p>\n\n\n\n<p><strong>COMENT\u00c1RIOS<\/strong><\/p>\n\n\n\n<p>Item errado, pois tal conduta configura o crime de DIFAMA\u00c7\u00c3O, na forma do art. 139 do CP, e se consuma quando terceira pessoa toma conhecimento da imputa\u00e7\u00e3o do fato ofensivo \u00e0 reputa\u00e7\u00e3o da v\u00edtima.<\/p>\n\n\n\n<p><strong>GABARITO: ERRADA<\/strong><\/p>\n\n\n\n<figure class=\"wp-block-image size-large is-resized\"><img loading=\"lazy\" decoding=\"async\" src=\"https:\/\/dhg1h5j42swfq.cloudfront.net\/2021\/08\/21212135\/image-451.png\" alt=\"\" class=\"wp-image-842216\" width=\"689\" height=\"841\" srcset=\"https:\/\/dhg1h5j42swfq.cloudfront.net\/2021\/08\/21212135\/image-451.png 563w, https:\/\/dhg1h5j42swfq.cloudfront.net\/2021\/08\/21212135\/image-451-246x300.png 246w\" sizes=\"auto, (max-width: 689px) 100vw, 689px\" \/><\/figure>\n\n\n\n<p><strong>74.<\/strong><\/p>\n\n\n\n<p><strong>COMENT\u00c1RIOS<\/strong><\/p>\n\n\n\n<p>Item errado, pois nos crimes de a\u00e7\u00e3o penal p\u00fablica incondicionada o IP pode ser instaurado de of\u00edcio pela autoridade policial, nos termos do art. 5\u00ba, I do CP.<\/p>\n\n\n\n<p><strong>GABARITO: ERRADA<\/strong><\/p>\n\n\n\n<p><strong>75.<\/strong><\/p>\n\n\n\n<p><strong>COMENT\u00c1RIOS<\/strong><\/p>\n\n\n\n<p>Item errado, pois o advogado do indiciado poder\u00e1 requerer dilig\u00eancias (n\u00e3o \u201crequisitar\u201d, de forma que essa express\u00e3o, realmente, n\u00e3o \u00e9 correta), bem como poder\u00e1 propor perguntas, formular quesitos e apresentar raz\u00f5es, na forma do art. 7\u00ba, XXI, \u201ca\u201d do EOAB.<\/p>\n\n\n\n<p><strong>GABARITO: ERRADA<\/strong><\/p>\n\n\n\n<p><strong>76.<\/strong><\/p>\n\n\n\n<p><strong>COMENT\u00c1RIOS<\/strong><\/p>\n\n\n\n<p>Errado. Embora o delegado possa, nessas circunst\u00e2ncias, representar ao Ju\u00edzo pela decreta\u00e7\u00e3o da pris\u00e3o preventiva, n\u00e3o ser\u00e1 cab\u00edvel a decreta\u00e7\u00e3o da pris\u00e3o tempor\u00e1ria, posto que o suposto crime praticado (corrup\u00e7\u00e3o ativa) n\u00e3o admite a decreta\u00e7\u00e3o da pris\u00e3o tempor\u00e1ria, por n\u00e3o estar previsto no art. 1\u00ba, III da Lei 7.960\/89 nem se tratar de crime hediondo ou equiparado.<\/p>\n\n\n\n<p><strong>GABARITO: CORRETA<\/strong><\/p>\n\n\n\n<figure class=\"wp-block-image size-large is-resized\"><img loading=\"lazy\" decoding=\"async\" src=\"https:\/\/dhg1h5j42swfq.cloudfront.net\/2021\/08\/21212228\/image-452.png\" alt=\"\" class=\"wp-image-842217\" width=\"751\" height=\"321\" srcset=\"https:\/\/dhg1h5j42swfq.cloudfront.net\/2021\/08\/21212228\/image-452.png 538w, https:\/\/dhg1h5j42swfq.cloudfront.net\/2021\/08\/21212228\/image-452-300x128.png 300w\" sizes=\"auto, (max-width: 751px) 100vw, 751px\" \/><\/figure>\n\n\n\n<p><strong>77.<\/strong><\/p>\n\n\n\n<p><strong>COMENT\u00c1RIOS<\/strong><\/p>\n\n\n\n<p>Item correto, pois o exame de corpo de delito teria por finalidade, nas circunst\u00e2ncias, atestar a incolumidade f\u00edsica do preso.<\/p>\n\n\n\n<p><strong>GABARITO: CORRETA<\/strong><\/p>\n\n\n\n<p><strong>78.<\/strong><\/p>\n\n\n\n<p><strong>COMENT\u00c1RIOS<\/strong><\/p>\n\n\n\n<p>Item errado, pois o art. 304, \u00a71\u00ba estabelece que, \u201cresultando das respostas fundada a suspeita contra o conduzido, a autoridade mandar\u00e1 recolh\u00ea-lo \u00e0 pris\u00e3o, exceto no caso de livrar-se solto ou de prestar fian\u00e7a, e prosseguir\u00e1 nos atos do inqu\u00e9rito ou processo, se para isso for competente; se n\u00e3o o for, enviar\u00e1 os autos \u00e0 autoridade que o seja\u201d.<\/p>\n\n\n\n<p>Ou seja, a contrario sensu, n\u00e3o havendo tal fundada suspeita, a autoridade N\u00c3O mandar\u00e1 recolher o conduzido \u00e0 pris\u00e3o, de forma que n\u00e3o lavrar\u00e1 o APFD e liberar\u00e1 o conduzido. Embora a express\u00e3o \u201crelaxar a pris\u00e3o\u201d n\u00e3o seja pac\u00edfica nessas circunst\u00e2ncias, h\u00e1 quem diga que, nesse caso, podemos falar em \u201crelaxamento de pris\u00e3o\u201d (NUCCI).<\/p>\n\n\n\n<p><strong>GABARITO: ERRADA<\/strong><\/p>\n\n\n\n<figure class=\"wp-block-image size-large\"><img loading=\"lazy\" decoding=\"async\" width=\"533\" height=\"401\" src=\"https:\/\/dhg1h5j42swfq.cloudfront.net\/2021\/08\/21212300\/image-453.png\" alt=\"\" class=\"wp-image-842218\" srcset=\"https:\/\/dhg1h5j42swfq.cloudfront.net\/2021\/08\/21212300\/image-453.png 533w, https:\/\/dhg1h5j42swfq.cloudfront.net\/2021\/08\/21212300\/image-453-300x226.png 300w\" sizes=\"auto, (max-width: 533px) 100vw, 533px\" \/><\/figure>\n\n\n\n<p><strong>79.<\/strong><\/p>\n\n\n\n<p><strong>COMENT\u00c1RIOS<\/strong><\/p>\n\n\n\n<p>Item correto, pois o TCO \u00e9 mera pe\u00e7a informativa, na qual dever\u00e3o constar a din\u00e2mica dos fatos, a qualifica\u00e7\u00e3o dos envolvidos, etc., se assemelhando mais a um registro de ocorr\u00eancia, n\u00e3o podendo ser considerado sequer como procedimento de investiga\u00e7\u00e3o, motivo pelo qual n\u00e3o h\u00e1 que se falar em indiciado.<\/p>\n\n\n\n<p><strong>GABARITO: CORRETA<\/strong><\/p>\n\n\n\n<p><strong>80.<\/strong><\/p>\n\n\n\n<p><strong>COMENT\u00c1RIOS<\/strong><\/p>\n\n\n\n<p>Item errado, pois a mera exist\u00eancia de inqu\u00e9rito policial em curso, ainda que relativo a fato praticado durante a suspens\u00e3o, n\u00e3o \u00e9 fundamento id\u00f4neo para a revoga\u00e7\u00e3o do benef\u00edcio da suspens\u00e3o condicional do processo, nos termos do entendimento do STJ.<\/p>\n\n\n\n<p><strong>GABARITO: ERRADA<\/strong><\/p>\n\n\n\n<p><strong>81.<\/strong><\/p>\n\n\n\n<p><strong>COMENT\u00c1RIOS<\/strong><\/p>\n\n\n\n<p>Item errado, pois a quest\u00e3o fala em crimes de M\u00c9DIO potencial ofensivo, mas a transa\u00e7\u00e3o penal \u00e9 um benef\u00edcio somente cab\u00edvel para as infra\u00e7\u00f5es de MENOR potencial ofensivo.<\/p>\n\n\n\n<p><strong>GABARITO: ERRADA<\/strong><\/p>\n\n\n\n<figure class=\"wp-block-image size-large\"><img loading=\"lazy\" decoding=\"async\" width=\"574\" height=\"503\" src=\"https:\/\/dhg1h5j42swfq.cloudfront.net\/2021\/08\/21212330\/image-454.png\" alt=\"\" class=\"wp-image-842219\" srcset=\"https:\/\/dhg1h5j42swfq.cloudfront.net\/2021\/08\/21212330\/image-454.png 574w, https:\/\/dhg1h5j42swfq.cloudfront.net\/2021\/08\/21212330\/image-454-300x263.png 300w\" sizes=\"auto, (max-width: 574px) 100vw, 574px\" \/><\/figure>\n\n\n\n<p><strong>82.<\/strong><\/p>\n\n\n\n<p><strong>COMENT\u00c1RIOS<\/strong><\/p>\n\n\n\n<p>Item correto, pois essa \u00e9 a exata previs\u00e3o do art. 304, \u00a72\u00ba do CPP:<\/p>\n\n\n\n<p><em>Art. 304 (&#8230;) \u00a7 2o&nbsp; A falta de testemunhas da infra\u00e7\u00e3o n\u00e3o impedir\u00e1 o auto de pris\u00e3o em flagrante; mas, nesse caso, com o condutor, dever\u00e3o assin\u00e1-lo pelo menos duas pessoas que hajam testemunhado a apresenta\u00e7\u00e3o do preso \u00e0 autoridade.<\/em><\/p>\n\n\n\n<p><strong>GABARITO: CORRETA<\/strong><\/p>\n\n\n\n<p><strong>83.<\/strong><\/p>\n\n\n\n<p><strong>COMENT\u00c1RIOS<\/strong><\/p>\n\n\n\n<p>Item correto, pois essa \u00e9 a exata previs\u00e3o do art. 305 do CPP:<\/p>\n\n\n\n<p><em>Art. 305.&nbsp; Na falta ou no impedimento do escriv\u00e3o, qualquer pessoa designada pela autoridade lavrar\u00e1 o auto, depois de prestado o compromisso legal.<\/em><\/p>\n\n\n\n<p><strong>GABARITO: CORRETA<\/strong><\/p>\n\n\n\n<p><strong>84.<\/strong><\/p>\n\n\n\n<p><strong>COMENT\u00c1RIOS<\/strong><\/p>\n\n\n\n<p>Item correto, pois essa \u00e9 a exata previs\u00e3o do art. 5\u00ba, LXVI da CF-88:<\/p>\n\n\n\n<p><em>Art. 5\u00ba (&#8230;) LXVI &#8211; ningu\u00e9m ser\u00e1 levado \u00e0 pris\u00e3o ou nela mantido, quando a lei admitir a liberdade provis\u00f3ria, com ou sem fian\u00e7a;<\/em><\/p>\n\n\n\n<p><strong>GABARITO: CORRETA<\/strong><\/p>\n\n\n\n<p><strong>85.<\/strong><\/p>\n\n\n\n<p><strong>COMENT\u00c1RIOS<\/strong><\/p>\n\n\n\n<p>Item correto, pois essa \u00e9 a exata previs\u00e3o do art. 5\u00ba, LXIV da CF-88:<\/p>\n\n\n\n<p><em>Art. 5\u00ba (&#8230;) LXIV &#8211; o preso tem direito \u00e0 identifica\u00e7\u00e3o dos respons\u00e1veis por sua pris\u00e3o ou por seu interrogat\u00f3rio policial;<\/em><\/p>\n\n\n\n<p><strong>GABARITO: CORRETA<\/strong><\/p>\n\n\n\n<hr class=\"wp-block-separator\"\/>\n","protected":false},"excerpt":{"rendered":"<p>Ol\u00e1, pessoal! Tudo joia? Aqui \u00e9 o Prof. Renan Ara\u00fajo. Vamos conferir o gabarito extraoficial comentado da parte de Direito Penal e Processual Penal, que caiu na prova de Escriv\u00e3o da PC-DF. 62. COMENT\u00c1RIOS Item correto, pois o texto expressamente trabalha a ideia de que uma san\u00e7\u00e3o s\u00f3 \u00e9 cab\u00edvel se o fato pelo qual [&hellip;]<\/p>\n","protected":false},"author":1,"featured_media":842194,"comment_status":"open","ping_status":"closed","sticky":false,"template":"","format":"standard","meta":{"post_tipo":"article","footnotes":""},"categories":[1988],"tags":[],"tax_estado":[219970],"class_list":["post-842209","post","type-post","status-publish","format-standard","has-post-thumbnail","hentry","category-policia","tax_estado-df"],"acf":[],"yoast_head":"<!-- This site is optimized with the Yoast SEO Premium plugin v27.2 (Yoast SEO v27.2) - https:\/\/yoast.com\/product\/yoast-seo-premium-wordpress\/ -->\n<title>Gabarito Extraoficial PC-DF (Escriv\u00e3o) - Direito Penal e Processual Penal<\/title>\n<meta name=\"description\" content=\"Confira neste artigo o gabarito e a corre\u00e7\u00e3o extraoficial da prova de Direito Penal e Processual Penal, cargo de Escriv\u00e3o da PC-DF.\" \/>\n<meta name=\"robots\" content=\"index, follow, max-snippet:-1, max-image-preview:large, max-video-preview:-1\" \/>\n<link rel=\"canonical\" href=\"https:\/\/www.estrategiaconcursos.com.br\/blog\/gabarito-extraoficial-pcdf-direito-penal-e-processual-penal-escrivao\/\" \/>\n<meta property=\"og:locale\" content=\"pt_BR\" \/>\n<meta property=\"og:type\" content=\"article\" \/>\n<meta property=\"og:title\" content=\"Gabarito Extraoficial PC-DF (Escriv\u00e3o) - Direito Penal e Processual Penal\" \/>\n<meta property=\"og:description\" content=\"Confira neste artigo o gabarito e a corre\u00e7\u00e3o extraoficial da prova de Direito Penal e Processual Penal, cargo de Escriv\u00e3o da PC-DF.\" \/>\n<meta property=\"og:url\" content=\"https:\/\/www.estrategiaconcursos.com.br\/blog\/gabarito-extraoficial-pcdf-direito-penal-e-processual-penal-escrivao\/\" \/>\n<meta property=\"og:site_name\" content=\"Estrat\u00e9gia Concursos\" \/>\n<meta property=\"article:author\" content=\"https:\/\/www.facebook.com\/EstrategiaConcursos\" \/>\n<meta property=\"article:published_time\" content=\"2021-08-22T00:26:10+00:00\" \/>\n<meta property=\"article:modified_time\" content=\"2021-08-22T12:07:18+00:00\" \/>\n<meta property=\"og:image\" content=\"https:\/\/dhg1h5j42swfq.cloudfront.net\/2021\/08\/21200618\/pcdf.jpg\" \/>\n\t<meta property=\"og:image:width\" content=\"1200\" \/>\n\t<meta property=\"og:image:height\" content=\"628\" \/>\n\t<meta property=\"og:image:type\" content=\"image\/jpeg\" \/>\n<meta name=\"author\" content=\"Coordena\u00e7\u00e3o\" \/>\n<meta name=\"twitter:card\" content=\"summary_large_image\" \/>\n<meta name=\"twitter:creator\" content=\"@EstratConcursos\" \/>\n<meta name=\"twitter:site\" content=\"@EstratConcursos\" \/>\n<meta name=\"twitter:label1\" content=\"Escrito por\" \/>\n\t<meta name=\"twitter:data1\" content=\"Coordena\u00e7\u00e3o\" \/>\n\t<meta name=\"twitter:label2\" content=\"Est. tempo de leitura\" \/>\n\t<meta name=\"twitter:data2\" content=\"8 minutos\" \/>\n<script type=\"application\/ld+json\" class=\"yoast-schema-graph\">{\"@context\":\"https:\/\/schema.org\",\"@graph\":[{\"@type\":\"NewsArticle\",\"@id\":\"https:\/\/www.estrategiaconcursos.com.br\/blog\/gabarito-extraoficial-pcdf-direito-penal-e-processual-penal-escrivao\/#article\",\"isPartOf\":{\"@id\":\"https:\/\/www.estrategiaconcursos.com.br\/blog\/gabarito-extraoficial-pcdf-direito-penal-e-processual-penal-escrivao\/\"},\"author\":{\"name\":\"Coordena\u00e7\u00e3o\",\"@id\":\"https:\/\/www.estrategiaconcursos.com.br\/blog\/#\/schema\/person\/b4a388c97673c5f483d72185668afa1f\"},\"headline\":\"Gabarito Extraoficial PC-DF (Escriv\u00e3o) &#8211; Direito Penal e Processual Penal\",\"datePublished\":\"2021-08-22T00:26:10+00:00\",\"dateModified\":\"2021-08-22T12:07:18+00:00\",\"mainEntityOfPage\":{\"@id\":\"https:\/\/www.estrategiaconcursos.com.br\/blog\/gabarito-extraoficial-pcdf-direito-penal-e-processual-penal-escrivao\/\"},\"wordCount\":1271,\"commentCount\":0,\"publisher\":{\"@id\":\"https:\/\/www.estrategiaconcursos.com.br\/blog\/#organization\"},\"image\":{\"@id\":\"https:\/\/www.estrategiaconcursos.com.br\/blog\/gabarito-extraoficial-pcdf-direito-penal-e-processual-penal-escrivao\/#primaryimage\"},\"thumbnailUrl\":\"https:\/\/dhg1h5j42swfq.cloudfront.net\/2021\/08\/21200618\/pcdf.jpg\",\"articleSection\":[\"Policial (Agente, Escriv\u00e3o e Investigador)\"],\"inLanguage\":\"pt-BR\",\"potentialAction\":[{\"@type\":\"CommentAction\",\"name\":\"Comment\",\"target\":[\"https:\/\/www.estrategiaconcursos.com.br\/blog\/gabarito-extraoficial-pcdf-direito-penal-e-processual-penal-escrivao\/#respond\"]}],\"copyrightYear\":\"2021\",\"copyrightHolder\":{\"@id\":\"https:\/\/www.estrategiaconcursos.com.br\/blog\/#organization\"}},{\"@type\":\"WebPage\",\"@id\":\"https:\/\/www.estrategiaconcursos.com.br\/blog\/gabarito-extraoficial-pcdf-direito-penal-e-processual-penal-escrivao\/\",\"url\":\"https:\/\/www.estrategiaconcursos.com.br\/blog\/gabarito-extraoficial-pcdf-direito-penal-e-processual-penal-escrivao\/\",\"name\":\"Gabarito Extraoficial PC-DF (Escriv\u00e3o) - Direito Penal e Processual Penal\",\"isPartOf\":{\"@id\":\"https:\/\/www.estrategiaconcursos.com.br\/blog\/#website\"},\"primaryImageOfPage\":{\"@id\":\"https:\/\/www.estrategiaconcursos.com.br\/blog\/gabarito-extraoficial-pcdf-direito-penal-e-processual-penal-escrivao\/#primaryimage\"},\"image\":{\"@id\":\"https:\/\/www.estrategiaconcursos.com.br\/blog\/gabarito-extraoficial-pcdf-direito-penal-e-processual-penal-escrivao\/#primaryimage\"},\"thumbnailUrl\":\"https:\/\/dhg1h5j42swfq.cloudfront.net\/2021\/08\/21200618\/pcdf.jpg\",\"datePublished\":\"2021-08-22T00:26:10+00:00\",\"dateModified\":\"2021-08-22T12:07:18+00:00\",\"description\":\"Confira neste artigo o gabarito e a corre\u00e7\u00e3o extraoficial da prova de Direito Penal e Processual Penal, cargo de Escriv\u00e3o da PC-DF.\",\"breadcrumb\":{\"@id\":\"https:\/\/www.estrategiaconcursos.com.br\/blog\/gabarito-extraoficial-pcdf-direito-penal-e-processual-penal-escrivao\/#breadcrumb\"},\"inLanguage\":\"pt-BR\",\"potentialAction\":[{\"@type\":\"ReadAction\",\"target\":[\"https:\/\/www.estrategiaconcursos.com.br\/blog\/gabarito-extraoficial-pcdf-direito-penal-e-processual-penal-escrivao\/\"]}]},{\"@type\":\"ImageObject\",\"inLanguage\":\"pt-BR\",\"@id\":\"https:\/\/www.estrategiaconcursos.com.br\/blog\/gabarito-extraoficial-pcdf-direito-penal-e-processual-penal-escrivao\/#primaryimage\",\"url\":\"https:\/\/dhg1h5j42swfq.cloudfront.net\/2021\/08\/21200618\/pcdf.jpg\",\"contentUrl\":\"https:\/\/dhg1h5j42swfq.cloudfront.net\/2021\/08\/21200618\/pcdf.jpg\",\"width\":1200,\"height\":628,\"caption\":\"PCDF\"},{\"@type\":\"BreadcrumbList\",\"@id\":\"https:\/\/www.estrategiaconcursos.com.br\/blog\/gabarito-extraoficial-pcdf-direito-penal-e-processual-penal-escrivao\/#breadcrumb\",\"itemListElement\":[{\"@type\":\"ListItem\",\"position\":1,\"name\":\"In\u00edcio\",\"item\":\"https:\/\/www.estrategiaconcursos.com.br\/blog\/\"},{\"@type\":\"ListItem\",\"position\":2,\"name\":\"Gabarito Extraoficial PC-DF (Escriv\u00e3o) &#8211; Direito Penal e Processual Penal\"}]},{\"@type\":\"WebSite\",\"@id\":\"https:\/\/www.estrategiaconcursos.com.br\/blog\/#website\",\"url\":\"https:\/\/www.estrategiaconcursos.com.br\/blog\/\",\"name\":\"Estrat\u00e9gia Concursos\",\"description\":\"O blog da Estrat\u00e9gia Concursos traz not\u00edcias sobre concursos e artigos de professores oferecendo cursos para concursos (pdf + videaulas) no site.\",\"publisher\":{\"@id\":\"https:\/\/www.estrategiaconcursos.com.br\/blog\/#organization\"},\"potentialAction\":[{\"@type\":\"SearchAction\",\"target\":{\"@type\":\"EntryPoint\",\"urlTemplate\":\"https:\/\/www.estrategiaconcursos.com.br\/blog\/?s={search_term_string}\"},\"query-input\":{\"@type\":\"PropertyValueSpecification\",\"valueRequired\":true,\"valueName\":\"search_term_string\"}}],\"inLanguage\":\"pt-BR\"},{\"@type\":\"Organization\",\"@id\":\"https:\/\/www.estrategiaconcursos.com.br\/blog\/#organization\",\"name\":\"Estrat\u00e9gia Concursos\",\"url\":\"https:\/\/www.estrategiaconcursos.com.br\/blog\/\",\"logo\":{\"@type\":\"ImageObject\",\"inLanguage\":\"pt-BR\",\"@id\":\"https:\/\/www.estrategiaconcursos.com.br\/blog\/#\/schema\/logo\/image\/\",\"url\":\"https:\/\/dhg1h5j42swfq.cloudfront.net\/2025\/06\/03203428\/logo_concursos-1.jpg\",\"contentUrl\":\"https:\/\/dhg1h5j42swfq.cloudfront.net\/2025\/06\/03203428\/logo_concursos-1.jpg\",\"width\":230,\"height\":60,\"caption\":\"Estrat\u00e9gia Concursos\"},\"image\":{\"@id\":\"https:\/\/www.estrategiaconcursos.com.br\/blog\/#\/schema\/logo\/image\/\"},\"sameAs\":[\"https:\/\/x.com\/EstratConcursos\"]},{\"@type\":\"Person\",\"@id\":\"https:\/\/www.estrategiaconcursos.com.br\/blog\/#\/schema\/person\/b4a388c97673c5f483d72185668afa1f\",\"name\":\"Coordena\u00e7\u00e3o\",\"image\":{\"@type\":\"ImageObject\",\"inLanguage\":\"pt-BR\",\"@id\":\"https:\/\/secure.gravatar.com\/avatar\/b720319e4c9a967eb58678d110f4fe35452fc5d5f97b202bac7b8acceb18c6ad?s=96&d=mm&r=g\",\"url\":\"https:\/\/secure.gravatar.com\/avatar\/b720319e4c9a967eb58678d110f4fe35452fc5d5f97b202bac7b8acceb18c6ad?s=96&d=mm&r=g\",\"contentUrl\":\"https:\/\/secure.gravatar.com\/avatar\/b720319e4c9a967eb58678d110f4fe35452fc5d5f97b202bac7b8acceb18c6ad?s=96&d=mm&r=g\",\"caption\":\"Coordena\u00e7\u00e3o\"},\"sameAs\":[\"https:\/\/www.facebook.com\/EstrategiaConcursos\",\"https:\/\/x.com\/EstratConcursos\"],\"url\":\"https:\/\/www.estrategiaconcursos.com.br\/blog\/author\/estrategia2013\/\"}]}<\/script>\n<!-- \/ Yoast SEO Premium plugin. -->","yoast_head_json":{"title":"Gabarito Extraoficial PC-DF (Escriv\u00e3o) - Direito Penal e Processual Penal","description":"Confira neste artigo o gabarito e a corre\u00e7\u00e3o extraoficial da prova de Direito Penal e Processual Penal, cargo de Escriv\u00e3o da PC-DF.","robots":{"index":"index","follow":"follow","max-snippet":"max-snippet:-1","max-image-preview":"max-image-preview:large","max-video-preview":"max-video-preview:-1"},"canonical":"https:\/\/www.estrategiaconcursos.com.br\/blog\/gabarito-extraoficial-pcdf-direito-penal-e-processual-penal-escrivao\/","og_locale":"pt_BR","og_type":"article","og_title":"Gabarito Extraoficial PC-DF (Escriv\u00e3o) - Direito Penal e Processual Penal","og_description":"Confira neste artigo o gabarito e a corre\u00e7\u00e3o extraoficial da prova de Direito Penal e Processual Penal, cargo de Escriv\u00e3o da PC-DF.","og_url":"https:\/\/www.estrategiaconcursos.com.br\/blog\/gabarito-extraoficial-pcdf-direito-penal-e-processual-penal-escrivao\/","og_site_name":"Estrat\u00e9gia Concursos","article_author":"https:\/\/www.facebook.com\/EstrategiaConcursos","article_published_time":"2021-08-22T00:26:10+00:00","article_modified_time":"2021-08-22T12:07:18+00:00","og_image":[{"width":1200,"height":628,"url":"https:\/\/dhg1h5j42swfq.cloudfront.net\/2021\/08\/21200618\/pcdf.jpg","type":"image\/jpeg"}],"author":"Coordena\u00e7\u00e3o","twitter_card":"summary_large_image","twitter_creator":"@EstratConcursos","twitter_site":"@EstratConcursos","twitter_misc":{"Escrito por":"Coordena\u00e7\u00e3o","Est. tempo de leitura":"8 minutos"},"schema":{"@context":"https:\/\/schema.org","@graph":[{"@type":"NewsArticle","@id":"https:\/\/www.estrategiaconcursos.com.br\/blog\/gabarito-extraoficial-pcdf-direito-penal-e-processual-penal-escrivao\/#article","isPartOf":{"@id":"https:\/\/www.estrategiaconcursos.com.br\/blog\/gabarito-extraoficial-pcdf-direito-penal-e-processual-penal-escrivao\/"},"author":{"name":"Coordena\u00e7\u00e3o","@id":"https:\/\/www.estrategiaconcursos.com.br\/blog\/#\/schema\/person\/b4a388c97673c5f483d72185668afa1f"},"headline":"Gabarito Extraoficial PC-DF (Escriv\u00e3o) &#8211; Direito Penal e Processual Penal","datePublished":"2021-08-22T00:26:10+00:00","dateModified":"2021-08-22T12:07:18+00:00","mainEntityOfPage":{"@id":"https:\/\/www.estrategiaconcursos.com.br\/blog\/gabarito-extraoficial-pcdf-direito-penal-e-processual-penal-escrivao\/"},"wordCount":1271,"commentCount":0,"publisher":{"@id":"https:\/\/www.estrategiaconcursos.com.br\/blog\/#organization"},"image":{"@id":"https:\/\/www.estrategiaconcursos.com.br\/blog\/gabarito-extraoficial-pcdf-direito-penal-e-processual-penal-escrivao\/#primaryimage"},"thumbnailUrl":"https:\/\/dhg1h5j42swfq.cloudfront.net\/2021\/08\/21200618\/pcdf.jpg","articleSection":["Policial (Agente, Escriv\u00e3o e Investigador)"],"inLanguage":"pt-BR","potentialAction":[{"@type":"CommentAction","name":"Comment","target":["https:\/\/www.estrategiaconcursos.com.br\/blog\/gabarito-extraoficial-pcdf-direito-penal-e-processual-penal-escrivao\/#respond"]}],"copyrightYear":"2021","copyrightHolder":{"@id":"https:\/\/www.estrategiaconcursos.com.br\/blog\/#organization"}},{"@type":"WebPage","@id":"https:\/\/www.estrategiaconcursos.com.br\/blog\/gabarito-extraoficial-pcdf-direito-penal-e-processual-penal-escrivao\/","url":"https:\/\/www.estrategiaconcursos.com.br\/blog\/gabarito-extraoficial-pcdf-direito-penal-e-processual-penal-escrivao\/","name":"Gabarito Extraoficial PC-DF (Escriv\u00e3o) - Direito Penal e Processual Penal","isPartOf":{"@id":"https:\/\/www.estrategiaconcursos.com.br\/blog\/#website"},"primaryImageOfPage":{"@id":"https:\/\/www.estrategiaconcursos.com.br\/blog\/gabarito-extraoficial-pcdf-direito-penal-e-processual-penal-escrivao\/#primaryimage"},"image":{"@id":"https:\/\/www.estrategiaconcursos.com.br\/blog\/gabarito-extraoficial-pcdf-direito-penal-e-processual-penal-escrivao\/#primaryimage"},"thumbnailUrl":"https:\/\/dhg1h5j42swfq.cloudfront.net\/2021\/08\/21200618\/pcdf.jpg","datePublished":"2021-08-22T00:26:10+00:00","dateModified":"2021-08-22T12:07:18+00:00","description":"Confira neste artigo o gabarito e a corre\u00e7\u00e3o extraoficial da prova de Direito Penal e Processual Penal, cargo de Escriv\u00e3o da PC-DF.","breadcrumb":{"@id":"https:\/\/www.estrategiaconcursos.com.br\/blog\/gabarito-extraoficial-pcdf-direito-penal-e-processual-penal-escrivao\/#breadcrumb"},"inLanguage":"pt-BR","potentialAction":[{"@type":"ReadAction","target":["https:\/\/www.estrategiaconcursos.com.br\/blog\/gabarito-extraoficial-pcdf-direito-penal-e-processual-penal-escrivao\/"]}]},{"@type":"ImageObject","inLanguage":"pt-BR","@id":"https:\/\/www.estrategiaconcursos.com.br\/blog\/gabarito-extraoficial-pcdf-direito-penal-e-processual-penal-escrivao\/#primaryimage","url":"https:\/\/dhg1h5j42swfq.cloudfront.net\/2021\/08\/21200618\/pcdf.jpg","contentUrl":"https:\/\/dhg1h5j42swfq.cloudfront.net\/2021\/08\/21200618\/pcdf.jpg","width":1200,"height":628,"caption":"PCDF"},{"@type":"BreadcrumbList","@id":"https:\/\/www.estrategiaconcursos.com.br\/blog\/gabarito-extraoficial-pcdf-direito-penal-e-processual-penal-escrivao\/#breadcrumb","itemListElement":[{"@type":"ListItem","position":1,"name":"In\u00edcio","item":"https:\/\/www.estrategiaconcursos.com.br\/blog\/"},{"@type":"ListItem","position":2,"name":"Gabarito Extraoficial PC-DF (Escriv\u00e3o) &#8211; Direito Penal e Processual Penal"}]},{"@type":"WebSite","@id":"https:\/\/www.estrategiaconcursos.com.br\/blog\/#website","url":"https:\/\/www.estrategiaconcursos.com.br\/blog\/","name":"Estrat\u00e9gia Concursos","description":"O blog da Estrat\u00e9gia Concursos traz not\u00edcias sobre concursos e artigos de professores oferecendo cursos para concursos (pdf + videaulas) no site.","publisher":{"@id":"https:\/\/www.estrategiaconcursos.com.br\/blog\/#organization"},"potentialAction":[{"@type":"SearchAction","target":{"@type":"EntryPoint","urlTemplate":"https:\/\/www.estrategiaconcursos.com.br\/blog\/?s={search_term_string}"},"query-input":{"@type":"PropertyValueSpecification","valueRequired":true,"valueName":"search_term_string"}}],"inLanguage":"pt-BR"},{"@type":"Organization","@id":"https:\/\/www.estrategiaconcursos.com.br\/blog\/#organization","name":"Estrat\u00e9gia Concursos","url":"https:\/\/www.estrategiaconcursos.com.br\/blog\/","logo":{"@type":"ImageObject","inLanguage":"pt-BR","@id":"https:\/\/www.estrategiaconcursos.com.br\/blog\/#\/schema\/logo\/image\/","url":"https:\/\/dhg1h5j42swfq.cloudfront.net\/2025\/06\/03203428\/logo_concursos-1.jpg","contentUrl":"https:\/\/dhg1h5j42swfq.cloudfront.net\/2025\/06\/03203428\/logo_concursos-1.jpg","width":230,"height":60,"caption":"Estrat\u00e9gia Concursos"},"image":{"@id":"https:\/\/www.estrategiaconcursos.com.br\/blog\/#\/schema\/logo\/image\/"},"sameAs":["https:\/\/x.com\/EstratConcursos"]},{"@type":"Person","@id":"https:\/\/www.estrategiaconcursos.com.br\/blog\/#\/schema\/person\/b4a388c97673c5f483d72185668afa1f","name":"Coordena\u00e7\u00e3o","image":{"@type":"ImageObject","inLanguage":"pt-BR","@id":"https:\/\/secure.gravatar.com\/avatar\/b720319e4c9a967eb58678d110f4fe35452fc5d5f97b202bac7b8acceb18c6ad?s=96&d=mm&r=g","url":"https:\/\/secure.gravatar.com\/avatar\/b720319e4c9a967eb58678d110f4fe35452fc5d5f97b202bac7b8acceb18c6ad?s=96&d=mm&r=g","contentUrl":"https:\/\/secure.gravatar.com\/avatar\/b720319e4c9a967eb58678d110f4fe35452fc5d5f97b202bac7b8acceb18c6ad?s=96&d=mm&r=g","caption":"Coordena\u00e7\u00e3o"},"sameAs":["https:\/\/www.facebook.com\/EstrategiaConcursos","https:\/\/x.com\/EstratConcursos"],"url":"https:\/\/www.estrategiaconcursos.com.br\/blog\/author\/estrategia2013\/"}]}},"_links":{"self":[{"href":"https:\/\/www.estrategiaconcursos.com.br\/blog\/wp-json\/wp\/v2\/posts\/842209","targetHints":{"allow":["GET"]}}],"collection":[{"href":"https:\/\/www.estrategiaconcursos.com.br\/blog\/wp-json\/wp\/v2\/posts"}],"about":[{"href":"https:\/\/www.estrategiaconcursos.com.br\/blog\/wp-json\/wp\/v2\/types\/post"}],"author":[{"embeddable":true,"href":"https:\/\/www.estrategiaconcursos.com.br\/blog\/wp-json\/wp\/v2\/users\/1"}],"replies":[{"embeddable":true,"href":"https:\/\/www.estrategiaconcursos.com.br\/blog\/wp-json\/wp\/v2\/comments?post=842209"}],"version-history":[{"count":2,"href":"https:\/\/www.estrategiaconcursos.com.br\/blog\/wp-json\/wp\/v2\/posts\/842209\/revisions"}],"predecessor-version":[{"id":842379,"href":"https:\/\/www.estrategiaconcursos.com.br\/blog\/wp-json\/wp\/v2\/posts\/842209\/revisions\/842379"}],"wp:featuredmedia":[{"embeddable":true,"href":"https:\/\/www.estrategiaconcursos.com.br\/blog\/wp-json\/wp\/v2\/media\/842194"}],"wp:attachment":[{"href":"https:\/\/www.estrategiaconcursos.com.br\/blog\/wp-json\/wp\/v2\/media?parent=842209"}],"wp:term":[{"taxonomy":"category","embeddable":true,"href":"https:\/\/www.estrategiaconcursos.com.br\/blog\/wp-json\/wp\/v2\/categories?post=842209"},{"taxonomy":"post_tag","embeddable":true,"href":"https:\/\/www.estrategiaconcursos.com.br\/blog\/wp-json\/wp\/v2\/tags?post=842209"},{"taxonomy":"tax_estado","embeddable":true,"href":"https:\/\/www.estrategiaconcursos.com.br\/blog\/wp-json\/wp\/v2\/tax_estado?post=842209"}],"curies":[{"name":"wp","href":"https:\/\/api.w.org\/{rel}","templated":true}]}}