{"id":842198,"date":"2021-08-21T20:19:07","date_gmt":"2021-08-21T23:19:07","guid":{"rendered":"https:\/\/www.estrategiaconcursos.com.br\/blog\/?p=842198"},"modified":"2021-08-21T20:19:09","modified_gmt":"2021-08-21T23:19:09","slug":"gabarito-extraoficial-pcdf-direitos-humanos-escrivao","status":"publish","type":"post","link":"https:\/\/www.estrategiaconcursos.com.br\/blog\/gabarito-extraoficial-pcdf-direitos-humanos-escrivao\/","title":{"rendered":"Gabarito Extraoficial PC-DF (Escriv\u00e3o) &#8211; Direitos Humanos"},"content":{"rendered":"\n<p>Ol\u00e1, pessoal! Tudo bem?<\/p>\n\n\n\n<p>Sou o Prof. Rodrigo Torques. Neste momento estou passando para trazer o gabarito extraoficial das quest\u00f5es de <strong>Direitos Humanos<\/strong> da prova da PC DF para o cargo de Escriv\u00e3o!<\/p>\n\n\n\n<p>Vamos l\u00e1!<\/p>\n\n\n\n<hr class=\"wp-block-separator\"\/>\n\n\n\n<p><strong>86. Foi no per\u00edodo p\u00f3s-Segunda Guerra Mundial que, pela primeira vez na hist\u00f3ria, foram positivados direitos humanos, em uma tentativa de reconstru\u00e7\u00e3o da sociedade marcada pelas atrocidades cometidas pelo regime nazista.<\/strong><\/p>\n\n\n\n<p>ERRADO<\/p>\n\n\n\n<p>Na 1\u00aa fase de internacionaliza\u00e7\u00e3o, embora n\u00e3o exitosa, tivemos documentos internacionais importantes como Ato Geral da Confer\u00eancia de Bruxelas, a cria\u00e7\u00e3o da OIT e as normas de Direito Humanit\u00e1rio.<\/p>\n\n\n\n<p><strong>87. Ainda antes de Cristo, foram lan\u00e7ados os primeiros fundamentos intelectuais da igualdade essencial entre todos os homens e, por conseguinte, da afirma\u00e7\u00e3o da exist\u00eancia de direitos universais.<\/strong><\/p>\n\n\n\n<p>CERTO<\/p>\n\n\n\n<p>Vemos manifesta\u00e7\u00f5es da igualdade e liberdade no per\u00edodo axial e no per\u00edodo seguinte que abrange o Reino de Davi, na democracia de Atenas e no per\u00edodo republicano em Roma.<\/p>\n\n\n\n<p><strong>88. A Declara\u00e7\u00e3o Universal dos Direitos Humanos, de 1948, foi o primeiro documento normativo de alcance global a respeito desse assunto.<\/strong><\/p>\n\n\n\n<p>ERRADO<\/p>\n\n\n\n<p>Al\u00e9m de existir discuss\u00f5es quanto ao seu car\u00e1ter normativo, temos documentos precedentes como o Ato Geral da Confer\u00eancia de Bruxelas, a cria\u00e7\u00e3o da OIT e as normas de Direito Humanit\u00e1rio.<\/p>\n\n\n\n<p><strong>89. O procurador-geral da Rep\u00fablica, a fim de assegurar o cumprimento de obriga\u00e7\u00f5es internacionais de direitos humanos das quais o Brasil faz parte, pode suscitar perante o STJ incidente de deslocamento de compet\u00eancia para justi\u00e7a federal.<\/strong><\/p>\n\n\n\n<p>CERTO<\/p>\n\n\n\n<p>Art. 109, \u00a75\u00ba, da CF.<\/p>\n\n\n\n<p><strong>90. Um dos objetivos fundamentais da Rep\u00fablica Federativa do Brasil \u00e9 a preval\u00eancia dos direitos humanos.<\/strong><\/p>\n\n\n\n<p>ERRADO<\/p>\n\n\n\n<p>Trata-se de um dos princ\u00edpios que regem o Brasil nas suas rela\u00e7\u00f5es internacionais (art. 4\u00ba) e n\u00e3o um objetivo da Rep\u00fablica (art. 3\u00ba).<\/p>\n\n\n\n<p><strong>91. Segundo a Constitui\u00e7\u00e3o Federal, a equipara\u00e7\u00e3o dos tratados internacionais de direitos humanos \u00e0s emendas constitucionais depende de aprova\u00e7\u00e3o da maioria simples dos membros de cada casa do Congresso Nacional, em turno \u00fanico.<\/strong><\/p>\n\n\n\n<p>ERRADO<\/p>\n\n\n\n<p>Deve-se observar o rito descrito no art. 5\u00ba, \u00a73\u00ba, da CF, a depender de vota\u00e7\u00e3o nas duas Casas do Congresso Nacional, a \u2157 dos votos.<\/p>\n\n\n\n<p><strong>92. Os temas trazidos pelo Programa Nacional de Direitos Humanos t\u00eam for\u00e7a normativa, ou seja, s\u00e3o considerados lei, j\u00e1 que foram discutidos previamente pelo Congresso Nacional.<\/strong><\/p>\n\n\n\n<p>ERRADO<\/p>\n\n\n\n<p>O PNDH-3 trata-se de Decreto Executivo, cujo objetivo \u00e9 estabelecer as principais a\u00e7\u00f5es e pol\u00edticas de defesa dos direitos humanos a n\u00edvel federal.<\/p>\n\n\n\n<hr class=\"wp-block-separator\"\/>\n\n\n\n<p>Espero que tenham ido bem!<\/p>\n\n\n\n<p>Abra\u00e7os<\/p>\n","protected":false},"excerpt":{"rendered":"<p>Ol\u00e1, pessoal! Tudo bem? Sou o Prof. Rodrigo Torques. Neste momento estou passando para trazer o gabarito extraoficial das quest\u00f5es de Direitos Humanos da prova da PC DF para o cargo de Escriv\u00e3o! Vamos l\u00e1! 86. Foi no per\u00edodo p\u00f3s-Segunda Guerra Mundial que, pela primeira vez na hist\u00f3ria, foram positivados direitos humanos, em uma tentativa [&hellip;]<\/p>\n","protected":false},"author":180,"featured_media":842194,"comment_status":"open","ping_status":"closed","sticky":false,"template":"","format":"standard","meta":{"post_tipo":"article","footnotes":""},"categories":[1988],"tags":[],"tax_estado":[219970],"class_list":["post-842198","post","type-post","status-publish","format-standard","has-post-thumbnail","hentry","category-policia","tax_estado-df"],"acf":[],"yoast_head":"<!-- This site is optimized with the Yoast SEO Premium plugin v27.2 (Yoast SEO v27.2) - https:\/\/yoast.com\/product\/yoast-seo-premium-wordpress\/ -->\n<title>Gabarito Extraoficial PC-DF (Escriv\u00e3o) - Direitos Humanos<\/title>\n<meta name=\"description\" content=\"Confira neste artigo o gabarito e a corre\u00e7\u00e3o extraoficial da prova de Direitos Humanos, cargo de Escriv\u00e3o da PC-DF.\" \/>\n<meta name=\"robots\" content=\"index, follow, max-snippet:-1, max-image-preview:large, max-video-preview:-1\" \/>\n<link rel=\"canonical\" href=\"https:\/\/www.estrategiaconcursos.com.br\/blog\/gabarito-extraoficial-pcdf-direitos-humanos-escrivao\/\" \/>\n<meta property=\"og:locale\" content=\"pt_BR\" \/>\n<meta property=\"og:type\" content=\"article\" \/>\n<meta property=\"og:title\" content=\"Gabarito Extraoficial PC-DF (Escriv\u00e3o) - Direitos Humanos\" \/>\n<meta property=\"og:description\" content=\"Confira neste artigo o gabarito e a corre\u00e7\u00e3o extraoficial da prova de Direitos Humanos, cargo de Escriv\u00e3o da PC-DF.\" \/>\n<meta property=\"og:url\" content=\"https:\/\/www.estrategiaconcursos.com.br\/blog\/gabarito-extraoficial-pcdf-direitos-humanos-escrivao\/\" \/>\n<meta property=\"og:site_name\" content=\"Estrat\u00e9gia Concursos\" \/>\n<meta property=\"article:author\" content=\"https:\/\/www.facebook.com\/ricardo.s.torques\" \/>\n<meta property=\"article:published_time\" content=\"2021-08-21T23:19:07+00:00\" \/>\n<meta property=\"article:modified_time\" content=\"2021-08-21T23:19:09+00:00\" \/>\n<meta property=\"og:image\" content=\"https:\/\/dhg1h5j42swfq.cloudfront.net\/2021\/08\/21200618\/pcdf.jpg\" \/>\n\t<meta property=\"og:image:width\" content=\"1200\" \/>\n\t<meta property=\"og:image:height\" content=\"628\" \/>\n\t<meta property=\"og:image:type\" content=\"image\/jpeg\" \/>\n<meta name=\"author\" content=\"Ricardo Torques\" \/>\n<meta name=\"twitter:card\" content=\"summary_large_image\" \/>\n<meta name=\"twitter:creator\" content=\"@EstratConcursos\" \/>\n<meta name=\"twitter:site\" content=\"@EstratConcursos\" \/>\n<meta name=\"twitter:label1\" content=\"Escrito por\" \/>\n\t<meta name=\"twitter:data1\" content=\"Ricardo Torques\" \/>\n\t<meta name=\"twitter:label2\" content=\"Est. tempo de leitura\" \/>\n\t<meta name=\"twitter:data2\" content=\"2 minutos\" \/>\n<script type=\"application\/ld+json\" class=\"yoast-schema-graph\">{\"@context\":\"https:\/\/schema.org\",\"@graph\":[{\"@type\":\"NewsArticle\",\"@id\":\"https:\/\/www.estrategiaconcursos.com.br\/blog\/gabarito-extraoficial-pcdf-direitos-humanos-escrivao\/#article\",\"isPartOf\":{\"@id\":\"https:\/\/www.estrategiaconcursos.com.br\/blog\/gabarito-extraoficial-pcdf-direitos-humanos-escrivao\/\"},\"author\":{\"name\":\"Ricardo Torques\",\"@id\":\"https:\/\/www.estrategiaconcursos.com.br\/blog\/#\/schema\/person\/aa39cf5ddb518e5bdce27c35788405e2\"},\"headline\":\"Gabarito Extraoficial PC-DF (Escriv\u00e3o) &#8211; Direitos Humanos\",\"datePublished\":\"2021-08-21T23:19:07+00:00\",\"dateModified\":\"2021-08-21T23:19:09+00:00\",\"mainEntityOfPage\":{\"@id\":\"https:\/\/www.estrategiaconcursos.com.br\/blog\/gabarito-extraoficial-pcdf-direitos-humanos-escrivao\/\"},\"wordCount\":439,\"commentCount\":0,\"publisher\":{\"@id\":\"https:\/\/www.estrategiaconcursos.com.br\/blog\/#organization\"},\"image\":{\"@id\":\"https:\/\/www.estrategiaconcursos.com.br\/blog\/gabarito-extraoficial-pcdf-direitos-humanos-escrivao\/#primaryimage\"},\"thumbnailUrl\":\"https:\/\/dhg1h5j42swfq.cloudfront.net\/2021\/08\/21200618\/pcdf.jpg\",\"articleSection\":[\"Policial (Agente, Escriv\u00e3o e Investigador)\"],\"inLanguage\":\"pt-BR\",\"potentialAction\":[{\"@type\":\"CommentAction\",\"name\":\"Comment\",\"target\":[\"https:\/\/www.estrategiaconcursos.com.br\/blog\/gabarito-extraoficial-pcdf-direitos-humanos-escrivao\/#respond\"]}],\"copyrightYear\":\"2021\",\"copyrightHolder\":{\"@id\":\"https:\/\/www.estrategiaconcursos.com.br\/blog\/#organization\"}},{\"@type\":\"WebPage\",\"@id\":\"https:\/\/www.estrategiaconcursos.com.br\/blog\/gabarito-extraoficial-pcdf-direitos-humanos-escrivao\/\",\"url\":\"https:\/\/www.estrategiaconcursos.com.br\/blog\/gabarito-extraoficial-pcdf-direitos-humanos-escrivao\/\",\"name\":\"Gabarito Extraoficial PC-DF (Escriv\u00e3o) - Direitos Humanos\",\"isPartOf\":{\"@id\":\"https:\/\/www.estrategiaconcursos.com.br\/blog\/#website\"},\"primaryImageOfPage\":{\"@id\":\"https:\/\/www.estrategiaconcursos.com.br\/blog\/gabarito-extraoficial-pcdf-direitos-humanos-escrivao\/#primaryimage\"},\"image\":{\"@id\":\"https:\/\/www.estrategiaconcursos.com.br\/blog\/gabarito-extraoficial-pcdf-direitos-humanos-escrivao\/#primaryimage\"},\"thumbnailUrl\":\"https:\/\/dhg1h5j42swfq.cloudfront.net\/2021\/08\/21200618\/pcdf.jpg\",\"datePublished\":\"2021-08-21T23:19:07+00:00\",\"dateModified\":\"2021-08-21T23:19:09+00:00\",\"description\":\"Confira neste artigo o gabarito e a corre\u00e7\u00e3o extraoficial da prova de Direitos Humanos, cargo de Escriv\u00e3o da PC-DF.\",\"breadcrumb\":{\"@id\":\"https:\/\/www.estrategiaconcursos.com.br\/blog\/gabarito-extraoficial-pcdf-direitos-humanos-escrivao\/#breadcrumb\"},\"inLanguage\":\"pt-BR\",\"potentialAction\":[{\"@type\":\"ReadAction\",\"target\":[\"https:\/\/www.estrategiaconcursos.com.br\/blog\/gabarito-extraoficial-pcdf-direitos-humanos-escrivao\/\"]}]},{\"@type\":\"ImageObject\",\"inLanguage\":\"pt-BR\",\"@id\":\"https:\/\/www.estrategiaconcursos.com.br\/blog\/gabarito-extraoficial-pcdf-direitos-humanos-escrivao\/#primaryimage\",\"url\":\"https:\/\/dhg1h5j42swfq.cloudfront.net\/2021\/08\/21200618\/pcdf.jpg\",\"contentUrl\":\"https:\/\/dhg1h5j42swfq.cloudfront.net\/2021\/08\/21200618\/pcdf.jpg\",\"width\":1200,\"height\":628,\"caption\":\"PCDF\"},{\"@type\":\"BreadcrumbList\",\"@id\":\"https:\/\/www.estrategiaconcursos.com.br\/blog\/gabarito-extraoficial-pcdf-direitos-humanos-escrivao\/#breadcrumb\",\"itemListElement\":[{\"@type\":\"ListItem\",\"position\":1,\"name\":\"In\u00edcio\",\"item\":\"https:\/\/www.estrategiaconcursos.com.br\/blog\/\"},{\"@type\":\"ListItem\",\"position\":2,\"name\":\"Gabarito Extraoficial PC-DF (Escriv\u00e3o) &#8211; Direitos Humanos\"}]},{\"@type\":\"WebSite\",\"@id\":\"https:\/\/www.estrategiaconcursos.com.br\/blog\/#website\",\"url\":\"https:\/\/www.estrategiaconcursos.com.br\/blog\/\",\"name\":\"Estrat\u00e9gia Concursos\",\"description\":\"O blog da Estrat\u00e9gia Concursos traz not\u00edcias sobre concursos e artigos de professores oferecendo cursos para concursos (pdf + videaulas) no site.\",\"publisher\":{\"@id\":\"https:\/\/www.estrategiaconcursos.com.br\/blog\/#organization\"},\"potentialAction\":[{\"@type\":\"SearchAction\",\"target\":{\"@type\":\"EntryPoint\",\"urlTemplate\":\"https:\/\/www.estrategiaconcursos.com.br\/blog\/?s={search_term_string}\"},\"query-input\":{\"@type\":\"PropertyValueSpecification\",\"valueRequired\":true,\"valueName\":\"search_term_string\"}}],\"inLanguage\":\"pt-BR\"},{\"@type\":\"Organization\",\"@id\":\"https:\/\/www.estrategiaconcursos.com.br\/blog\/#organization\",\"name\":\"Estrat\u00e9gia Concursos\",\"url\":\"https:\/\/www.estrategiaconcursos.com.br\/blog\/\",\"logo\":{\"@type\":\"ImageObject\",\"inLanguage\":\"pt-BR\",\"@id\":\"https:\/\/www.estrategiaconcursos.com.br\/blog\/#\/schema\/logo\/image\/\",\"url\":\"https:\/\/dhg1h5j42swfq.cloudfront.net\/2025\/06\/03203428\/logo_concursos-1.jpg\",\"contentUrl\":\"https:\/\/dhg1h5j42swfq.cloudfront.net\/2025\/06\/03203428\/logo_concursos-1.jpg\",\"width\":230,\"height\":60,\"caption\":\"Estrat\u00e9gia Concursos\"},\"image\":{\"@id\":\"https:\/\/www.estrategiaconcursos.com.br\/blog\/#\/schema\/logo\/image\/\"},\"sameAs\":[\"https:\/\/x.com\/EstratConcursos\"]},{\"@type\":\"Person\",\"@id\":\"https:\/\/www.estrategiaconcursos.com.br\/blog\/#\/schema\/person\/aa39cf5ddb518e5bdce27c35788405e2\",\"name\":\"Ricardo Torques\",\"image\":{\"@type\":\"ImageObject\",\"inLanguage\":\"pt-BR\",\"@id\":\"https:\/\/secure.gravatar.com\/avatar\/ce9ac6c3cff25fe86d15ed568ebc64d1724baf5c0693133bcb1f6073f712f92a?s=96&d=mm&r=g\",\"url\":\"https:\/\/secure.gravatar.com\/avatar\/ce9ac6c3cff25fe86d15ed568ebc64d1724baf5c0693133bcb1f6073f712f92a?s=96&d=mm&r=g\",\"contentUrl\":\"https:\/\/secure.gravatar.com\/avatar\/ce9ac6c3cff25fe86d15ed568ebc64d1724baf5c0693133bcb1f6073f712f92a?s=96&d=mm&r=g\",\"caption\":\"Ricardo Torques\"},\"sameAs\":[\"https:\/\/www.facebook.com\/ricardo.s.torques\"],\"url\":\"https:\/\/www.estrategiaconcursos.com.br\/blog\/author\/ricardotorquesestrategiaconcursos-com-br\/\"}]}<\/script>\n<!-- \/ Yoast SEO Premium plugin. -->","yoast_head_json":{"title":"Gabarito Extraoficial PC-DF (Escriv\u00e3o) - Direitos Humanos","description":"Confira neste artigo o gabarito e a corre\u00e7\u00e3o extraoficial da prova de Direitos Humanos, cargo de Escriv\u00e3o da PC-DF.","robots":{"index":"index","follow":"follow","max-snippet":"max-snippet:-1","max-image-preview":"max-image-preview:large","max-video-preview":"max-video-preview:-1"},"canonical":"https:\/\/www.estrategiaconcursos.com.br\/blog\/gabarito-extraoficial-pcdf-direitos-humanos-escrivao\/","og_locale":"pt_BR","og_type":"article","og_title":"Gabarito Extraoficial PC-DF (Escriv\u00e3o) - Direitos Humanos","og_description":"Confira neste artigo o gabarito e a corre\u00e7\u00e3o extraoficial da prova de Direitos Humanos, cargo de Escriv\u00e3o da PC-DF.","og_url":"https:\/\/www.estrategiaconcursos.com.br\/blog\/gabarito-extraoficial-pcdf-direitos-humanos-escrivao\/","og_site_name":"Estrat\u00e9gia Concursos","article_author":"https:\/\/www.facebook.com\/ricardo.s.torques","article_published_time":"2021-08-21T23:19:07+00:00","article_modified_time":"2021-08-21T23:19:09+00:00","og_image":[{"width":1200,"height":628,"url":"https:\/\/dhg1h5j42swfq.cloudfront.net\/2021\/08\/21200618\/pcdf.jpg","type":"image\/jpeg"}],"author":"Ricardo Torques","twitter_card":"summary_large_image","twitter_creator":"@EstratConcursos","twitter_site":"@EstratConcursos","twitter_misc":{"Escrito por":"Ricardo Torques","Est. tempo de leitura":"2 minutos"},"schema":{"@context":"https:\/\/schema.org","@graph":[{"@type":"NewsArticle","@id":"https:\/\/www.estrategiaconcursos.com.br\/blog\/gabarito-extraoficial-pcdf-direitos-humanos-escrivao\/#article","isPartOf":{"@id":"https:\/\/www.estrategiaconcursos.com.br\/blog\/gabarito-extraoficial-pcdf-direitos-humanos-escrivao\/"},"author":{"name":"Ricardo Torques","@id":"https:\/\/www.estrategiaconcursos.com.br\/blog\/#\/schema\/person\/aa39cf5ddb518e5bdce27c35788405e2"},"headline":"Gabarito Extraoficial PC-DF (Escriv\u00e3o) &#8211; Direitos Humanos","datePublished":"2021-08-21T23:19:07+00:00","dateModified":"2021-08-21T23:19:09+00:00","mainEntityOfPage":{"@id":"https:\/\/www.estrategiaconcursos.com.br\/blog\/gabarito-extraoficial-pcdf-direitos-humanos-escrivao\/"},"wordCount":439,"commentCount":0,"publisher":{"@id":"https:\/\/www.estrategiaconcursos.com.br\/blog\/#organization"},"image":{"@id":"https:\/\/www.estrategiaconcursos.com.br\/blog\/gabarito-extraoficial-pcdf-direitos-humanos-escrivao\/#primaryimage"},"thumbnailUrl":"https:\/\/dhg1h5j42swfq.cloudfront.net\/2021\/08\/21200618\/pcdf.jpg","articleSection":["Policial (Agente, Escriv\u00e3o e Investigador)"],"inLanguage":"pt-BR","potentialAction":[{"@type":"CommentAction","name":"Comment","target":["https:\/\/www.estrategiaconcursos.com.br\/blog\/gabarito-extraoficial-pcdf-direitos-humanos-escrivao\/#respond"]}],"copyrightYear":"2021","copyrightHolder":{"@id":"https:\/\/www.estrategiaconcursos.com.br\/blog\/#organization"}},{"@type":"WebPage","@id":"https:\/\/www.estrategiaconcursos.com.br\/blog\/gabarito-extraoficial-pcdf-direitos-humanos-escrivao\/","url":"https:\/\/www.estrategiaconcursos.com.br\/blog\/gabarito-extraoficial-pcdf-direitos-humanos-escrivao\/","name":"Gabarito Extraoficial PC-DF (Escriv\u00e3o) - Direitos Humanos","isPartOf":{"@id":"https:\/\/www.estrategiaconcursos.com.br\/blog\/#website"},"primaryImageOfPage":{"@id":"https:\/\/www.estrategiaconcursos.com.br\/blog\/gabarito-extraoficial-pcdf-direitos-humanos-escrivao\/#primaryimage"},"image":{"@id":"https:\/\/www.estrategiaconcursos.com.br\/blog\/gabarito-extraoficial-pcdf-direitos-humanos-escrivao\/#primaryimage"},"thumbnailUrl":"https:\/\/dhg1h5j42swfq.cloudfront.net\/2021\/08\/21200618\/pcdf.jpg","datePublished":"2021-08-21T23:19:07+00:00","dateModified":"2021-08-21T23:19:09+00:00","description":"Confira neste artigo o gabarito e a corre\u00e7\u00e3o extraoficial da prova de Direitos Humanos, cargo de Escriv\u00e3o da PC-DF.","breadcrumb":{"@id":"https:\/\/www.estrategiaconcursos.com.br\/blog\/gabarito-extraoficial-pcdf-direitos-humanos-escrivao\/#breadcrumb"},"inLanguage":"pt-BR","potentialAction":[{"@type":"ReadAction","target":["https:\/\/www.estrategiaconcursos.com.br\/blog\/gabarito-extraoficial-pcdf-direitos-humanos-escrivao\/"]}]},{"@type":"ImageObject","inLanguage":"pt-BR","@id":"https:\/\/www.estrategiaconcursos.com.br\/blog\/gabarito-extraoficial-pcdf-direitos-humanos-escrivao\/#primaryimage","url":"https:\/\/dhg1h5j42swfq.cloudfront.net\/2021\/08\/21200618\/pcdf.jpg","contentUrl":"https:\/\/dhg1h5j42swfq.cloudfront.net\/2021\/08\/21200618\/pcdf.jpg","width":1200,"height":628,"caption":"PCDF"},{"@type":"BreadcrumbList","@id":"https:\/\/www.estrategiaconcursos.com.br\/blog\/gabarito-extraoficial-pcdf-direitos-humanos-escrivao\/#breadcrumb","itemListElement":[{"@type":"ListItem","position":1,"name":"In\u00edcio","item":"https:\/\/www.estrategiaconcursos.com.br\/blog\/"},{"@type":"ListItem","position":2,"name":"Gabarito Extraoficial PC-DF (Escriv\u00e3o) &#8211; Direitos Humanos"}]},{"@type":"WebSite","@id":"https:\/\/www.estrategiaconcursos.com.br\/blog\/#website","url":"https:\/\/www.estrategiaconcursos.com.br\/blog\/","name":"Estrat\u00e9gia Concursos","description":"O blog da Estrat\u00e9gia Concursos traz not\u00edcias sobre concursos e artigos de professores oferecendo cursos para concursos (pdf + videaulas) no site.","publisher":{"@id":"https:\/\/www.estrategiaconcursos.com.br\/blog\/#organization"},"potentialAction":[{"@type":"SearchAction","target":{"@type":"EntryPoint","urlTemplate":"https:\/\/www.estrategiaconcursos.com.br\/blog\/?s={search_term_string}"},"query-input":{"@type":"PropertyValueSpecification","valueRequired":true,"valueName":"search_term_string"}}],"inLanguage":"pt-BR"},{"@type":"Organization","@id":"https:\/\/www.estrategiaconcursos.com.br\/blog\/#organization","name":"Estrat\u00e9gia Concursos","url":"https:\/\/www.estrategiaconcursos.com.br\/blog\/","logo":{"@type":"ImageObject","inLanguage":"pt-BR","@id":"https:\/\/www.estrategiaconcursos.com.br\/blog\/#\/schema\/logo\/image\/","url":"https:\/\/dhg1h5j42swfq.cloudfront.net\/2025\/06\/03203428\/logo_concursos-1.jpg","contentUrl":"https:\/\/dhg1h5j42swfq.cloudfront.net\/2025\/06\/03203428\/logo_concursos-1.jpg","width":230,"height":60,"caption":"Estrat\u00e9gia Concursos"},"image":{"@id":"https:\/\/www.estrategiaconcursos.com.br\/blog\/#\/schema\/logo\/image\/"},"sameAs":["https:\/\/x.com\/EstratConcursos"]},{"@type":"Person","@id":"https:\/\/www.estrategiaconcursos.com.br\/blog\/#\/schema\/person\/aa39cf5ddb518e5bdce27c35788405e2","name":"Ricardo Torques","image":{"@type":"ImageObject","inLanguage":"pt-BR","@id":"https:\/\/secure.gravatar.com\/avatar\/ce9ac6c3cff25fe86d15ed568ebc64d1724baf5c0693133bcb1f6073f712f92a?s=96&d=mm&r=g","url":"https:\/\/secure.gravatar.com\/avatar\/ce9ac6c3cff25fe86d15ed568ebc64d1724baf5c0693133bcb1f6073f712f92a?s=96&d=mm&r=g","contentUrl":"https:\/\/secure.gravatar.com\/avatar\/ce9ac6c3cff25fe86d15ed568ebc64d1724baf5c0693133bcb1f6073f712f92a?s=96&d=mm&r=g","caption":"Ricardo Torques"},"sameAs":["https:\/\/www.facebook.com\/ricardo.s.torques"],"url":"https:\/\/www.estrategiaconcursos.com.br\/blog\/author\/ricardotorquesestrategiaconcursos-com-br\/"}]}},"_links":{"self":[{"href":"https:\/\/www.estrategiaconcursos.com.br\/blog\/wp-json\/wp\/v2\/posts\/842198","targetHints":{"allow":["GET"]}}],"collection":[{"href":"https:\/\/www.estrategiaconcursos.com.br\/blog\/wp-json\/wp\/v2\/posts"}],"about":[{"href":"https:\/\/www.estrategiaconcursos.com.br\/blog\/wp-json\/wp\/v2\/types\/post"}],"author":[{"embeddable":true,"href":"https:\/\/www.estrategiaconcursos.com.br\/blog\/wp-json\/wp\/v2\/users\/180"}],"replies":[{"embeddable":true,"href":"https:\/\/www.estrategiaconcursos.com.br\/blog\/wp-json\/wp\/v2\/comments?post=842198"}],"version-history":[{"count":1,"href":"https:\/\/www.estrategiaconcursos.com.br\/blog\/wp-json\/wp\/v2\/posts\/842198\/revisions"}],"predecessor-version":[{"id":842199,"href":"https:\/\/www.estrategiaconcursos.com.br\/blog\/wp-json\/wp\/v2\/posts\/842198\/revisions\/842199"}],"wp:featuredmedia":[{"embeddable":true,"href":"https:\/\/www.estrategiaconcursos.com.br\/blog\/wp-json\/wp\/v2\/media\/842194"}],"wp:attachment":[{"href":"https:\/\/www.estrategiaconcursos.com.br\/blog\/wp-json\/wp\/v2\/media?parent=842198"}],"wp:term":[{"taxonomy":"category","embeddable":true,"href":"https:\/\/www.estrategiaconcursos.com.br\/blog\/wp-json\/wp\/v2\/categories?post=842198"},{"taxonomy":"post_tag","embeddable":true,"href":"https:\/\/www.estrategiaconcursos.com.br\/blog\/wp-json\/wp\/v2\/tags?post=842198"},{"taxonomy":"tax_estado","embeddable":true,"href":"https:\/\/www.estrategiaconcursos.com.br\/blog\/wp-json\/wp\/v2\/tax_estado?post=842198"}],"curies":[{"name":"wp","href":"https:\/\/api.w.org\/{rel}","templated":true}]}}