{"id":842193,"date":"2021-08-21T20:06:50","date_gmt":"2021-08-21T23:06:50","guid":{"rendered":"https:\/\/www.estrategiaconcursos.com.br\/blog\/?p=842193"},"modified":"2021-08-21T20:06:52","modified_gmt":"2021-08-21T23:06:52","slug":"gabarito-extraoficial-pcdf-direito-constitucional-escrivao","status":"publish","type":"post","link":"https:\/\/www.estrategiaconcursos.com.br\/blog\/gabarito-extraoficial-pcdf-direito-constitucional-escrivao\/","title":{"rendered":"Gabarito Extraoficial PC-DF (Escriv\u00e3o) &#8211; Direito Constitucional"},"content":{"rendered":"\n<p>Ol\u00e1, pessoal! Tudo bem?<\/p>\n\n\n\n<p>Sou a Prof. Adriane Fauth. Neste momento estou passando para trazer o gabarito extraoficial de Direito Constitucional da prova da PC DF para o cargo de Escriv\u00e3o!<\/p>\n\n\n\n<p>Vamos l\u00e1!<\/p>\n\n\n\n<hr class=\"wp-block-separator\"\/>\n\n\n\n<p>Determinado cidad\u00e3o norte-americano em f\u00e9rias em Bras\u00edlia cometeu o crime de homic\u00eddio ao fugir da cena de crime de tr\u00e1fico il\u00edcito de entorpecentes, supostamente por ele praticado. Ap\u00f3s o crime, ele fugiu para o hotel onde se encontrava hospedado desde que chegou ao Brasil. Cinco minutos ap\u00f3s ter adentrado em seu quarto, a pol\u00edcia invadiu o local e conseguiu prend\u00ea-lo.<\/p>\n\n\n\n<p>Considerando a jurisprud\u00eancia do STF, julgue os itens a seguir, a partir da situa\u00e7\u00e3o hipot\u00e9tica precedente.<\/p>\n\n\n\n<p><strong>51- (CEBRASPE\/2021 &#8211; PC DF) <\/strong>O crime de tr\u00e1fico il\u00edcito de entorpecentes \u00e9 considerado imprescrit\u00edvel, inafian\u00e7\u00e1vel e insuscet\u00edvel de gra\u00e7a ou anistia.<\/p>\n\n\n\n<p><strong>GABARITO: <\/strong>ERRADO.<\/p>\n\n\n\n<p><strong>COMENT\u00c1RIO: <\/strong>O crime de tr\u00e1fico n\u00e3o \u00e9 imprescrit\u00edvel.Art. 5\u00ba, XLIII &#8211; a lei considerar\u00e1 <strong>crimes inafian\u00e7\u00e1veis<\/strong> <strong>e insuscet\u00edveis de gra\u00e7a ou anistia<\/strong> a pr\u00e1tica da tortura, <strong>o tr\u00e1fico il\u00edcito de entorpecentes<\/strong> e drogas afins, o terrorismo e os definidos como crimes hediondos, por eles respondendo os mandantes, os executores e os que, podendo evit\u00e1-los, se omitirem.<em><\/em><\/p>\n\n\n\n<p>Determinado cidad\u00e3o norte-americano em f\u00e9rias em Bras\u00edlia cometeu o crime de homic\u00eddio ao fugir da cena de crime de tr\u00e1fico il\u00edcito de entorpecentes, supostamente por ele praticado. Ap\u00f3s o crime, ele fugiu para o hotel onde se encontrava hospedado desde que chegou ao Brasil. Cinco minutos ap\u00f3s ter adentrado em seu quarto, a pol\u00edcia invadiu o local e conseguiu prend\u00ea-lo.<\/p>\n\n\n\n<p>Considerando a jurisprud\u00eancia do STF, julgue os itens a seguir, a partir da situa\u00e7\u00e3o hipot\u00e9tica precedente.<\/p>\n\n\n\n<p><strong>52- (CEBRASPE\/2021 &#8211; PC DF) <\/strong>Por n\u00e3o ser residente no Brasil, o referido cidad\u00e3o norte-americano n\u00e3o poder\u00e1 suscitar a nulidade de julgamento por ofensa ao devido processo legal, direito fundamento previsto no art. 5\u00ba da Constitui\u00e7\u00e3o Federal de 1988.<\/p>\n\n\n\n<p><strong>GABARITO: <\/strong>ERRADO.<\/p>\n\n\n\n<p><strong>COMENT\u00c1RIO: <\/strong>Pessoal, a doutrina e a jurisprud\u00eancia do STF entendem que qualquer pessoa que se encontre no territ\u00f3rio nacional \u00e9 possuidora de direitos fundamentais, seja ela estrangeira ou n\u00e3o, residente ou n\u00e3o.<em><\/em><\/p>\n\n\n\n<p>Determinado cidad\u00e3o norte-americano em f\u00e9rias em Bras\u00edlia cometeu o crime de homic\u00eddio ao fugir da cena de crime de tr\u00e1fico il\u00edcito de entorpecentes, supostamente por ele praticado. Ap\u00f3s o crime, ele fugiu para o hotel onde se encontrava hospedado desde que chegou ao Brasil. Cinco minutos ap\u00f3s ter adentrado em seu quarto, a pol\u00edcia invadiu o local e conseguiu prend\u00ea-lo.<\/p>\n\n\n\n<p>Considerando a jurisprud\u00eancia do STF, julgue os itens a seguir, a partir da situa\u00e7\u00e3o hipot\u00e9tica precedente.<\/p>\n\n\n\n<p><strong>53 &#8211; (CEBRASPE\/2021 &#8211; PC DF) <\/strong>Nessa situa\u00e7\u00e3o, o autor dos crimes n\u00e3o poderia alegar que a pol\u00edcia violou o seu domic\u00edlio, uma vez que a garantia constitucional da inviolabilidade domiciliar pode ser estendida a quartos de hotel.<\/p>\n\n\n\n<p><strong>GABARITO: <\/strong>CORRETO.<\/p>\n\n\n\n<p><strong>COMENT\u00c1RIO: <\/strong>Enunciado um pouco confuso. Mas, \u00e9 correto afirmar que o autor dos crimes n\u00e3o poderia alegar que a pol\u00edcia violou o seu domic\u00edlio, visto que estamos diante de um flagrante delito.<\/p>\n\n\n\n<p>Art. 5\u00ba, XI da CF: <strong><em>a casa \u00e9 asilo inviol\u00e1vel do indiv\u00edduo<\/em><\/strong>, ningu\u00e9m nela podendo penetrar sem consentimento do morador, <strong><em>salvo em caso de flagrante<\/em><\/strong> delito ou desastre, ou para prestar socorro, ou, durante o dia, por determina\u00e7\u00e3o judicial.<\/p>\n\n\n\n<p>Tamb\u00e9m \u00e9 poss\u00edvel afirmar que a garantia constitucional da inviolabilidade domiciliar pode ser estendida a quartos de hotel.<\/p>\n\n\n\n<p>Determinado cidad\u00e3o norte-americano em f\u00e9rias em Bras\u00edlia cometeu o crime de homic\u00eddio ao fugir da cena de crime de tr\u00e1fico il\u00edcito de entorpecentes, supostamente por ele praticado. Ap\u00f3s o crime, ele fugiu para o hotel onde se encontrava hospedado desde que chegou ao Brasil. Cinco minutos ap\u00f3s ter adentrado em seu quarto, a pol\u00edcia invadiu o local e conseguiu prend\u00ea-lo.<\/p>\n\n\n\n<p>Considerando a jurisprud\u00eancia do STF, julgue os itens a seguir, a partir da situa\u00e7\u00e3o hipot\u00e9tica precedente.<\/p>\n\n\n\n<p><strong>54 &#8211; (CEBRASPE\/2021 &#8211; PC DF) <\/strong>Caso o referido cidad\u00e3o norte-americano considere ilegal a sua pris\u00e3o, ele pr\u00f3prio, mesmo sendo estrangeiro, poder\u00e1 impetrar habeas corpus em face da autoridade coatora, sendo prescind\u00edvel o patroc\u00ednio judicial por advogado nesse caso.<\/p>\n\n\n\n<p><strong>GABARITO: <\/strong>CERTO.<\/p>\n\n\n\n<p><strong>COMENT\u00c1RIO:<\/strong> O Habeas Corpus pode ser impetrado pelo estrangeiro (cidad\u00e3o norte-americano) e n\u00e3o h\u00e1 necessidade de advogado.<\/p>\n\n\n\n<p>Determinado cidad\u00e3o norte-americano em f\u00e9rias em Bras\u00edlia cometeu o crime de homic\u00eddio ao fugir da cena de crime de tr\u00e1fico il\u00edcito de entorpecentes, supostamente por ele praticado. Ap\u00f3s o crime, ele fugiu para o hotel onde se encontrava hospedado desde que chegou ao Brasil. Cinco minutos ap\u00f3s ter adentrado em seu quarto, a pol\u00edcia invadiu o local e conseguiu prend\u00ea-lo.<\/p>\n\n\n\n<p>Considerando a jurisprud\u00eancia do STF, julgue os itens a seguir, a partir da situa\u00e7\u00e3o hipot\u00e9tica precedente.<\/p>\n\n\n\n<p><strong>55- (CEBRASPE\/2021 &#8211; PC DF) <\/strong>Se ficar constatado que o assassinato cometido pelo referido cidad\u00e3o norte-americano configura o crime de latroc\u00ednio, a compet\u00eancia para seu julgamento ser\u00e1 do juiz singular.<\/p>\n\n\n\n<p><strong>GABARITO: <\/strong>CERTO.<\/p>\n\n\n\n<p><strong>COMENT\u00c1RIO: <\/strong>N\u00e3o h\u00e1 compet\u00eancia do tribunal de j\u00fari, visto que o latroc\u00ednio n\u00e3o \u00e9 crime doloso contra a vida.<\/p>\n\n\n\n<p>Determinado cidad\u00e3o norte-americano em f\u00e9rias em Bras\u00edlia cometeu o crime de homic\u00eddio ao fugir da cena de crime de tr\u00e1fico il\u00edcito de entorpecentes, supostamente por ele praticado. Ap\u00f3s o crime, ele fugiu para o hotel onde se encontrava hospedado desde que chegou ao Brasil. Cinco minutos ap\u00f3s ter adentrado em seu quarto, a pol\u00edcia invadiu o local e conseguiu prend\u00ea-lo.<\/p>\n\n\n\n<p>Considerando a jurisprud\u00eancia do STF, julgue os itens a seguir, a partir da situa\u00e7\u00e3o hipot\u00e9tica precedente.<\/p>\n\n\n\n<p><strong>56 &#8211; (CEBRASPE\/2021 &#8211; PC DF) <\/strong>Se for comprovado que o referido cidad\u00e3o norte-americano praticou o crime de tr\u00e1fico il\u00edcito de entorpecentes, ele poder\u00e1 ser extraditado para o seu pa\u00eds de origem.<\/p>\n\n\n\n<p><strong>GABARITO: <\/strong>CERTO.<\/p>\n\n\n\n<p><strong>COMENT\u00c1RIO: <\/strong>O examinador tentou fazer uma confus\u00e3o relacionada aos direitos de nacionalidade. Mas, ressalto que o autor \u00e9 estrangeiro. Assim, poderia ser extraditado qualquer que fosse o crime. Exceto no caso de crime pol\u00edtico, por expressa veda\u00e7\u00e3o da Constitui\u00e7\u00e3o.<\/p>\n\n\n\n<p>Determinado cidad\u00e3o norte-americano em f\u00e9rias em Bras\u00edlia cometeu o crime de homic\u00eddio ao fugir da cena de crime de tr\u00e1fico il\u00edcito de entorpecentes, supostamente por ele praticado. Ap\u00f3s o crime, ele fugiu para o hotel onde se encontrava hospedado desde que chegou ao Brasil. Cinco minutos ap\u00f3s ter adentrado em seu quarto, a pol\u00edcia invadiu o local e conseguiu prend\u00ea-lo.<\/p>\n\n\n\n<p>Considerando a jurisprud\u00eancia do STF, julgue os itens a seguir, a partir da situa\u00e7\u00e3o hipot\u00e9tica precedente.<\/p>\n\n\n\n<p><strong>57 &#8211; (CEBRASPE\/2021 &#8211; PC DF) <\/strong>Considerando-se as compet\u00eancias das for\u00e7as policiais constantes da Constitui\u00e7\u00e3o Federal de 1988, \u00e9 correto afirmar que a a\u00e7\u00e3o policial narrada foi realizada pela Pol\u00edcia Civil do Distrito Federal, uma vez que ela \u00e9 a respons\u00e1vel pelo policiamento ostensivo e pela preserva\u00e7\u00e3o da ordem p\u00fablica. Entretanto, a pris\u00e3o poderia ter sido realizada pela pol\u00edcia federal, que det\u00e9m compet\u00eancia para prevenir e reprimir o tr\u00e1fico il\u00edcito de entorpecentes e drogas afins.<\/p>\n\n\n\n<p><strong>GABARITO: <\/strong>ERRADO.<\/p>\n\n\n\n<p><strong>COMENT\u00c1RIO:<\/strong> A Pol\u00edcia Civil \u00e9 pol\u00edcia judici\u00e1ria. N\u00e3o \u00e9 uma pol\u00edcia ostensiva. Art. 144, \u00a7 4\u00ba da CF: \u00c0s pol\u00edcias civis, dirigidas por delegados de pol\u00edcia de carreira, incumbem, ressalvada a compet\u00eancia da Uni\u00e3o, as fun\u00e7\u00f5es de pol\u00edcia judici\u00e1ria e a apura\u00e7\u00e3o de infra\u00e7\u00f5es penais, exceto as militares.<\/p>\n\n\n\n<p>Com base no disposto na Constitui\u00e7\u00e3o federal de 1988, julgue os itens seguintes.<\/p>\n\n\n\n<p><strong>58 &#8211; (CEBRASPE\/2021 &#8211; PC DF) <\/strong>A pena de morte \u00e9 vedada em qualquer hip\u00f3tese pela Constitui\u00e7\u00e3o Federal.<\/p>\n\n\n\n<p><strong>GABARITO: <\/strong>ERRADO.<\/p>\n\n\n\n<p><strong>COMENT\u00c1RIO:<\/strong> \u00c9 permitida nos casos de guerra declarada. Art. 5\u00ba, XLVII &#8211; n\u00e3o haver\u00e1 penas: a) de morte, salvo em caso de guerra declarada, nos termos do art. 84, XIX.<\/p>\n\n\n\n<p>Com base no disposto na Constitui\u00e7\u00e3o federal de 1988, julgue os itens seguintes.<\/p>\n\n\n\n<p><strong>59 &#8211; &nbsp;(CEBRASPE\/2021 &#8211; PC DF) <\/strong>Em processo administrativo disciplinar, a falta de defesa t\u00e9cnica, por advogado, configura desrespeito aos princ\u00edpios do contradit\u00f3rio e da ampla defesa.<\/p>\n\n\n\n<p><strong>GABARITO: <\/strong>ERRADO.<\/p>\n\n\n\n<p><strong>COMENT\u00c1RIO: <\/strong>Na verdade a falta de defesa t\u00e9cnica, por advogado, n\u00e3o configura desrespeito aos princ\u00edpios do contradit\u00f3rio e da ampla defesa. \u00c9 a previs\u00e3o da s\u00famula vinculante 05 do STF.<\/p>\n\n\n\n<p>Com base no disposto na Constitui\u00e7\u00e3o federal de 1988, julgue os itens seguintes.<\/p>\n\n\n\n<p><strong>60 &#8211; (CEBRASPE\/2021 &#8211; PC DF) <\/strong>Os fundamentos que regem o Brasil em suas rela\u00e7\u00f5es internacionais inclui o rep\u00fadio ao racismo.<\/p>\n\n\n\n<p><strong>GABARITO: <\/strong>ERRADO.<\/p>\n\n\n\n<p><strong>COMENT\u00c1RIO: <\/strong>Pessoal, essa quest\u00e3o est\u00e1 fora do edital. O t\u00f3pico \u201cprinc\u00edpios fundamentais\u201d n\u00e3o se encontra no edital. Mas, saliento que o rep\u00fadio ao racismo \u00e9 um princ\u00edpio, n\u00e3o um fundamento.<\/p>\n\n\n\n<p>Art. 4\u00ba da CF: A Rep\u00fablica Federativa do Brasil rege-se nas suas rela\u00e7\u00f5es internacionais pelos seguintes <strong><em>princ\u00edpios:<\/em><\/strong><\/p>\n\n\n\n<p><strong><em>VIII &#8211; rep\u00fadio ao terrorismo e ao racismo.<\/em><\/strong><\/p>\n\n\n\n<p>Com base no disposto na Constitui\u00e7\u00e3o federal de 1988, julgue os itens seguintes.<\/p>\n\n\n\n<p><strong>61 &#8211; (CEBRASPE\/2021 &#8211; PC DF) <\/strong>A obriga\u00e7\u00e3o de identifica\u00e7\u00e3o do respons\u00e1vel por conduzir o interrogat\u00f3rio do preso est\u00e1 expressamente prevista na Constitui\u00e7\u00e3o Federal.<\/p>\n\n\n\n<p><strong>GABARITO: <\/strong>CERTO.<\/p>\n\n\n\n<p><strong>COMENT\u00c1RIO: <\/strong>A resposta est\u00e1 prevista no art. 5\u00ba, LXIV da CF: o preso tem direito \u00e0 identifica\u00e7\u00e3o dos respons\u00e1veis por sua pris\u00e3o ou por seu interrogat\u00f3rio policial.<\/p>\n\n\n\n<p>No mais, devemos aguardar o posicionamento da banca com o gabarito oficial.<\/p>\n\n\n\n<p>Qualquer d\u00favida estou \u00e0 disposi\u00e7\u00e3o.<\/p>\n\n\n\n<p>Abs,<\/p>\n\n\n\n<p>Prof. Adriane Fauth.<\/p>\n","protected":false},"excerpt":{"rendered":"<p>Ol\u00e1, pessoal! Tudo bem? Sou a Prof. Adriane Fauth. Neste momento estou passando para trazer o gabarito extraoficial de Direito Constitucional da prova da PC DF para o cargo de Escriv\u00e3o! Vamos l\u00e1! Determinado cidad\u00e3o norte-americano em f\u00e9rias em Bras\u00edlia cometeu o crime de homic\u00eddio ao fugir da cena de crime de tr\u00e1fico il\u00edcito de [&hellip;]<\/p>\n","protected":false},"author":1,"featured_media":842194,"comment_status":"open","ping_status":"closed","sticky":false,"template":"","format":"standard","meta":{"post_tipo":"article","footnotes":""},"categories":[1988],"tags":[],"tax_estado":[219970],"class_list":["post-842193","post","type-post","status-publish","format-standard","has-post-thumbnail","hentry","category-policia","tax_estado-df"],"acf":[],"yoast_head":"<!-- This site is optimized with the Yoast SEO Premium plugin v27.2 (Yoast SEO v27.2) - https:\/\/yoast.com\/product\/yoast-seo-premium-wordpress\/ -->\n<title>Gabarito Extraoficial PC-DF (Escriv\u00e3o) - Direito Constitucional<\/title>\n<meta name=\"description\" content=\"Confira neste artigo o gabarito e a corre\u00e7\u00e3o extraoficial da prova de Direito Constitucional, cargo de Escriv\u00e3o da PC-DF.\" \/>\n<meta name=\"robots\" content=\"index, follow, max-snippet:-1, max-image-preview:large, max-video-preview:-1\" \/>\n<link rel=\"canonical\" href=\"https:\/\/www.estrategiaconcursos.com.br\/blog\/gabarito-extraoficial-pcdf-direito-constitucional-escrivao\/\" \/>\n<meta property=\"og:locale\" content=\"pt_BR\" \/>\n<meta property=\"og:type\" content=\"article\" \/>\n<meta property=\"og:title\" content=\"Gabarito Extraoficial PC-DF (Escriv\u00e3o) - Direito Constitucional\" \/>\n<meta property=\"og:description\" content=\"Confira neste artigo o gabarito e a corre\u00e7\u00e3o extraoficial da prova de Direito Constitucional, cargo de Escriv\u00e3o da PC-DF.\" \/>\n<meta property=\"og:url\" content=\"https:\/\/www.estrategiaconcursos.com.br\/blog\/gabarito-extraoficial-pcdf-direito-constitucional-escrivao\/\" \/>\n<meta property=\"og:site_name\" content=\"Estrat\u00e9gia Concursos\" \/>\n<meta property=\"article:author\" content=\"https:\/\/www.facebook.com\/EstrategiaConcursos\" \/>\n<meta property=\"article:published_time\" content=\"2021-08-21T23:06:50+00:00\" \/>\n<meta property=\"article:modified_time\" content=\"2021-08-21T23:06:52+00:00\" \/>\n<meta property=\"og:image\" content=\"https:\/\/dhg1h5j42swfq.cloudfront.net\/2021\/08\/21200618\/pcdf.jpg\" \/>\n\t<meta property=\"og:image:width\" content=\"1200\" \/>\n\t<meta property=\"og:image:height\" content=\"628\" \/>\n\t<meta property=\"og:image:type\" content=\"image\/jpeg\" \/>\n<meta name=\"author\" content=\"Coordena\u00e7\u00e3o\" \/>\n<meta name=\"twitter:card\" content=\"summary_large_image\" \/>\n<meta name=\"twitter:creator\" content=\"@EstratConcursos\" \/>\n<meta name=\"twitter:site\" content=\"@EstratConcursos\" \/>\n<meta name=\"twitter:label1\" content=\"Escrito por\" \/>\n\t<meta name=\"twitter:data1\" content=\"Coordena\u00e7\u00e3o\" \/>\n\t<meta name=\"twitter:label2\" content=\"Est. tempo de leitura\" \/>\n\t<meta name=\"twitter:data2\" content=\"7 minutos\" \/>\n<script type=\"application\/ld+json\" class=\"yoast-schema-graph\">{\"@context\":\"https:\/\/schema.org\",\"@graph\":[{\"@type\":\"NewsArticle\",\"@id\":\"https:\/\/www.estrategiaconcursos.com.br\/blog\/gabarito-extraoficial-pcdf-direito-constitucional-escrivao\/#article\",\"isPartOf\":{\"@id\":\"https:\/\/www.estrategiaconcursos.com.br\/blog\/gabarito-extraoficial-pcdf-direito-constitucional-escrivao\/\"},\"author\":{\"name\":\"Coordena\u00e7\u00e3o\",\"@id\":\"https:\/\/www.estrategiaconcursos.com.br\/blog\/#\/schema\/person\/b4a388c97673c5f483d72185668afa1f\"},\"headline\":\"Gabarito Extraoficial PC-DF (Escriv\u00e3o) &#8211; Direito Constitucional\",\"datePublished\":\"2021-08-21T23:06:50+00:00\",\"dateModified\":\"2021-08-21T23:06:52+00:00\",\"mainEntityOfPage\":{\"@id\":\"https:\/\/www.estrategiaconcursos.com.br\/blog\/gabarito-extraoficial-pcdf-direito-constitucional-escrivao\/\"},\"wordCount\":1665,\"commentCount\":0,\"publisher\":{\"@id\":\"https:\/\/www.estrategiaconcursos.com.br\/blog\/#organization\"},\"image\":{\"@id\":\"https:\/\/www.estrategiaconcursos.com.br\/blog\/gabarito-extraoficial-pcdf-direito-constitucional-escrivao\/#primaryimage\"},\"thumbnailUrl\":\"https:\/\/dhg1h5j42swfq.cloudfront.net\/2021\/08\/21200618\/pcdf.jpg\",\"articleSection\":[\"Policial (Agente, Escriv\u00e3o e Investigador)\"],\"inLanguage\":\"pt-BR\",\"potentialAction\":[{\"@type\":\"CommentAction\",\"name\":\"Comment\",\"target\":[\"https:\/\/www.estrategiaconcursos.com.br\/blog\/gabarito-extraoficial-pcdf-direito-constitucional-escrivao\/#respond\"]}],\"copyrightYear\":\"2021\",\"copyrightHolder\":{\"@id\":\"https:\/\/www.estrategiaconcursos.com.br\/blog\/#organization\"}},{\"@type\":\"WebPage\",\"@id\":\"https:\/\/www.estrategiaconcursos.com.br\/blog\/gabarito-extraoficial-pcdf-direito-constitucional-escrivao\/\",\"url\":\"https:\/\/www.estrategiaconcursos.com.br\/blog\/gabarito-extraoficial-pcdf-direito-constitucional-escrivao\/\",\"name\":\"Gabarito Extraoficial PC-DF (Escriv\u00e3o) - Direito Constitucional\",\"isPartOf\":{\"@id\":\"https:\/\/www.estrategiaconcursos.com.br\/blog\/#website\"},\"primaryImageOfPage\":{\"@id\":\"https:\/\/www.estrategiaconcursos.com.br\/blog\/gabarito-extraoficial-pcdf-direito-constitucional-escrivao\/#primaryimage\"},\"image\":{\"@id\":\"https:\/\/www.estrategiaconcursos.com.br\/blog\/gabarito-extraoficial-pcdf-direito-constitucional-escrivao\/#primaryimage\"},\"thumbnailUrl\":\"https:\/\/dhg1h5j42swfq.cloudfront.net\/2021\/08\/21200618\/pcdf.jpg\",\"datePublished\":\"2021-08-21T23:06:50+00:00\",\"dateModified\":\"2021-08-21T23:06:52+00:00\",\"description\":\"Confira neste artigo o gabarito e a corre\u00e7\u00e3o extraoficial da prova de Direito Constitucional, cargo de Escriv\u00e3o da PC-DF.\",\"breadcrumb\":{\"@id\":\"https:\/\/www.estrategiaconcursos.com.br\/blog\/gabarito-extraoficial-pcdf-direito-constitucional-escrivao\/#breadcrumb\"},\"inLanguage\":\"pt-BR\",\"potentialAction\":[{\"@type\":\"ReadAction\",\"target\":[\"https:\/\/www.estrategiaconcursos.com.br\/blog\/gabarito-extraoficial-pcdf-direito-constitucional-escrivao\/\"]}]},{\"@type\":\"ImageObject\",\"inLanguage\":\"pt-BR\",\"@id\":\"https:\/\/www.estrategiaconcursos.com.br\/blog\/gabarito-extraoficial-pcdf-direito-constitucional-escrivao\/#primaryimage\",\"url\":\"https:\/\/dhg1h5j42swfq.cloudfront.net\/2021\/08\/21200618\/pcdf.jpg\",\"contentUrl\":\"https:\/\/dhg1h5j42swfq.cloudfront.net\/2021\/08\/21200618\/pcdf.jpg\",\"width\":1200,\"height\":628,\"caption\":\"PCDF\"},{\"@type\":\"BreadcrumbList\",\"@id\":\"https:\/\/www.estrategiaconcursos.com.br\/blog\/gabarito-extraoficial-pcdf-direito-constitucional-escrivao\/#breadcrumb\",\"itemListElement\":[{\"@type\":\"ListItem\",\"position\":1,\"name\":\"In\u00edcio\",\"item\":\"https:\/\/www.estrategiaconcursos.com.br\/blog\/\"},{\"@type\":\"ListItem\",\"position\":2,\"name\":\"Gabarito Extraoficial PC-DF (Escriv\u00e3o) &#8211; Direito Constitucional\"}]},{\"@type\":\"WebSite\",\"@id\":\"https:\/\/www.estrategiaconcursos.com.br\/blog\/#website\",\"url\":\"https:\/\/www.estrategiaconcursos.com.br\/blog\/\",\"name\":\"Estrat\u00e9gia Concursos\",\"description\":\"O blog da Estrat\u00e9gia Concursos traz not\u00edcias sobre concursos e artigos de professores oferecendo cursos para concursos (pdf + videaulas) no site.\",\"publisher\":{\"@id\":\"https:\/\/www.estrategiaconcursos.com.br\/blog\/#organization\"},\"potentialAction\":[{\"@type\":\"SearchAction\",\"target\":{\"@type\":\"EntryPoint\",\"urlTemplate\":\"https:\/\/www.estrategiaconcursos.com.br\/blog\/?s={search_term_string}\"},\"query-input\":{\"@type\":\"PropertyValueSpecification\",\"valueRequired\":true,\"valueName\":\"search_term_string\"}}],\"inLanguage\":\"pt-BR\"},{\"@type\":\"Organization\",\"@id\":\"https:\/\/www.estrategiaconcursos.com.br\/blog\/#organization\",\"name\":\"Estrat\u00e9gia Concursos\",\"url\":\"https:\/\/www.estrategiaconcursos.com.br\/blog\/\",\"logo\":{\"@type\":\"ImageObject\",\"inLanguage\":\"pt-BR\",\"@id\":\"https:\/\/www.estrategiaconcursos.com.br\/blog\/#\/schema\/logo\/image\/\",\"url\":\"https:\/\/dhg1h5j42swfq.cloudfront.net\/2025\/06\/03203428\/logo_concursos-1.jpg\",\"contentUrl\":\"https:\/\/dhg1h5j42swfq.cloudfront.net\/2025\/06\/03203428\/logo_concursos-1.jpg\",\"width\":230,\"height\":60,\"caption\":\"Estrat\u00e9gia Concursos\"},\"image\":{\"@id\":\"https:\/\/www.estrategiaconcursos.com.br\/blog\/#\/schema\/logo\/image\/\"},\"sameAs\":[\"https:\/\/x.com\/EstratConcursos\"]},{\"@type\":\"Person\",\"@id\":\"https:\/\/www.estrategiaconcursos.com.br\/blog\/#\/schema\/person\/b4a388c97673c5f483d72185668afa1f\",\"name\":\"Coordena\u00e7\u00e3o\",\"image\":{\"@type\":\"ImageObject\",\"inLanguage\":\"pt-BR\",\"@id\":\"https:\/\/secure.gravatar.com\/avatar\/b720319e4c9a967eb58678d110f4fe35452fc5d5f97b202bac7b8acceb18c6ad?s=96&d=mm&r=g\",\"url\":\"https:\/\/secure.gravatar.com\/avatar\/b720319e4c9a967eb58678d110f4fe35452fc5d5f97b202bac7b8acceb18c6ad?s=96&d=mm&r=g\",\"contentUrl\":\"https:\/\/secure.gravatar.com\/avatar\/b720319e4c9a967eb58678d110f4fe35452fc5d5f97b202bac7b8acceb18c6ad?s=96&d=mm&r=g\",\"caption\":\"Coordena\u00e7\u00e3o\"},\"sameAs\":[\"https:\/\/www.facebook.com\/EstrategiaConcursos\",\"https:\/\/x.com\/EstratConcursos\"],\"url\":\"https:\/\/www.estrategiaconcursos.com.br\/blog\/author\/estrategia2013\/\"}]}<\/script>\n<!-- \/ Yoast SEO Premium plugin. -->","yoast_head_json":{"title":"Gabarito Extraoficial PC-DF (Escriv\u00e3o) - Direito Constitucional","description":"Confira neste artigo o gabarito e a corre\u00e7\u00e3o extraoficial da prova de Direito Constitucional, cargo de Escriv\u00e3o da PC-DF.","robots":{"index":"index","follow":"follow","max-snippet":"max-snippet:-1","max-image-preview":"max-image-preview:large","max-video-preview":"max-video-preview:-1"},"canonical":"https:\/\/www.estrategiaconcursos.com.br\/blog\/gabarito-extraoficial-pcdf-direito-constitucional-escrivao\/","og_locale":"pt_BR","og_type":"article","og_title":"Gabarito Extraoficial PC-DF (Escriv\u00e3o) - Direito Constitucional","og_description":"Confira neste artigo o gabarito e a corre\u00e7\u00e3o extraoficial da prova de Direito Constitucional, cargo de Escriv\u00e3o da PC-DF.","og_url":"https:\/\/www.estrategiaconcursos.com.br\/blog\/gabarito-extraoficial-pcdf-direito-constitucional-escrivao\/","og_site_name":"Estrat\u00e9gia Concursos","article_author":"https:\/\/www.facebook.com\/EstrategiaConcursos","article_published_time":"2021-08-21T23:06:50+00:00","article_modified_time":"2021-08-21T23:06:52+00:00","og_image":[{"width":1200,"height":628,"url":"https:\/\/dhg1h5j42swfq.cloudfront.net\/2021\/08\/21200618\/pcdf.jpg","type":"image\/jpeg"}],"author":"Coordena\u00e7\u00e3o","twitter_card":"summary_large_image","twitter_creator":"@EstratConcursos","twitter_site":"@EstratConcursos","twitter_misc":{"Escrito por":"Coordena\u00e7\u00e3o","Est. tempo de leitura":"7 minutos"},"schema":{"@context":"https:\/\/schema.org","@graph":[{"@type":"NewsArticle","@id":"https:\/\/www.estrategiaconcursos.com.br\/blog\/gabarito-extraoficial-pcdf-direito-constitucional-escrivao\/#article","isPartOf":{"@id":"https:\/\/www.estrategiaconcursos.com.br\/blog\/gabarito-extraoficial-pcdf-direito-constitucional-escrivao\/"},"author":{"name":"Coordena\u00e7\u00e3o","@id":"https:\/\/www.estrategiaconcursos.com.br\/blog\/#\/schema\/person\/b4a388c97673c5f483d72185668afa1f"},"headline":"Gabarito Extraoficial PC-DF (Escriv\u00e3o) &#8211; Direito Constitucional","datePublished":"2021-08-21T23:06:50+00:00","dateModified":"2021-08-21T23:06:52+00:00","mainEntityOfPage":{"@id":"https:\/\/www.estrategiaconcursos.com.br\/blog\/gabarito-extraoficial-pcdf-direito-constitucional-escrivao\/"},"wordCount":1665,"commentCount":0,"publisher":{"@id":"https:\/\/www.estrategiaconcursos.com.br\/blog\/#organization"},"image":{"@id":"https:\/\/www.estrategiaconcursos.com.br\/blog\/gabarito-extraoficial-pcdf-direito-constitucional-escrivao\/#primaryimage"},"thumbnailUrl":"https:\/\/dhg1h5j42swfq.cloudfront.net\/2021\/08\/21200618\/pcdf.jpg","articleSection":["Policial (Agente, Escriv\u00e3o e Investigador)"],"inLanguage":"pt-BR","potentialAction":[{"@type":"CommentAction","name":"Comment","target":["https:\/\/www.estrategiaconcursos.com.br\/blog\/gabarito-extraoficial-pcdf-direito-constitucional-escrivao\/#respond"]}],"copyrightYear":"2021","copyrightHolder":{"@id":"https:\/\/www.estrategiaconcursos.com.br\/blog\/#organization"}},{"@type":"WebPage","@id":"https:\/\/www.estrategiaconcursos.com.br\/blog\/gabarito-extraoficial-pcdf-direito-constitucional-escrivao\/","url":"https:\/\/www.estrategiaconcursos.com.br\/blog\/gabarito-extraoficial-pcdf-direito-constitucional-escrivao\/","name":"Gabarito Extraoficial PC-DF (Escriv\u00e3o) - Direito Constitucional","isPartOf":{"@id":"https:\/\/www.estrategiaconcursos.com.br\/blog\/#website"},"primaryImageOfPage":{"@id":"https:\/\/www.estrategiaconcursos.com.br\/blog\/gabarito-extraoficial-pcdf-direito-constitucional-escrivao\/#primaryimage"},"image":{"@id":"https:\/\/www.estrategiaconcursos.com.br\/blog\/gabarito-extraoficial-pcdf-direito-constitucional-escrivao\/#primaryimage"},"thumbnailUrl":"https:\/\/dhg1h5j42swfq.cloudfront.net\/2021\/08\/21200618\/pcdf.jpg","datePublished":"2021-08-21T23:06:50+00:00","dateModified":"2021-08-21T23:06:52+00:00","description":"Confira neste artigo o gabarito e a corre\u00e7\u00e3o extraoficial da prova de Direito Constitucional, cargo de Escriv\u00e3o da PC-DF.","breadcrumb":{"@id":"https:\/\/www.estrategiaconcursos.com.br\/blog\/gabarito-extraoficial-pcdf-direito-constitucional-escrivao\/#breadcrumb"},"inLanguage":"pt-BR","potentialAction":[{"@type":"ReadAction","target":["https:\/\/www.estrategiaconcursos.com.br\/blog\/gabarito-extraoficial-pcdf-direito-constitucional-escrivao\/"]}]},{"@type":"ImageObject","inLanguage":"pt-BR","@id":"https:\/\/www.estrategiaconcursos.com.br\/blog\/gabarito-extraoficial-pcdf-direito-constitucional-escrivao\/#primaryimage","url":"https:\/\/dhg1h5j42swfq.cloudfront.net\/2021\/08\/21200618\/pcdf.jpg","contentUrl":"https:\/\/dhg1h5j42swfq.cloudfront.net\/2021\/08\/21200618\/pcdf.jpg","width":1200,"height":628,"caption":"PCDF"},{"@type":"BreadcrumbList","@id":"https:\/\/www.estrategiaconcursos.com.br\/blog\/gabarito-extraoficial-pcdf-direito-constitucional-escrivao\/#breadcrumb","itemListElement":[{"@type":"ListItem","position":1,"name":"In\u00edcio","item":"https:\/\/www.estrategiaconcursos.com.br\/blog\/"},{"@type":"ListItem","position":2,"name":"Gabarito Extraoficial PC-DF (Escriv\u00e3o) &#8211; Direito Constitucional"}]},{"@type":"WebSite","@id":"https:\/\/www.estrategiaconcursos.com.br\/blog\/#website","url":"https:\/\/www.estrategiaconcursos.com.br\/blog\/","name":"Estrat\u00e9gia Concursos","description":"O blog da Estrat\u00e9gia Concursos traz not\u00edcias sobre concursos e artigos de professores oferecendo cursos para concursos (pdf + videaulas) no site.","publisher":{"@id":"https:\/\/www.estrategiaconcursos.com.br\/blog\/#organization"},"potentialAction":[{"@type":"SearchAction","target":{"@type":"EntryPoint","urlTemplate":"https:\/\/www.estrategiaconcursos.com.br\/blog\/?s={search_term_string}"},"query-input":{"@type":"PropertyValueSpecification","valueRequired":true,"valueName":"search_term_string"}}],"inLanguage":"pt-BR"},{"@type":"Organization","@id":"https:\/\/www.estrategiaconcursos.com.br\/blog\/#organization","name":"Estrat\u00e9gia Concursos","url":"https:\/\/www.estrategiaconcursos.com.br\/blog\/","logo":{"@type":"ImageObject","inLanguage":"pt-BR","@id":"https:\/\/www.estrategiaconcursos.com.br\/blog\/#\/schema\/logo\/image\/","url":"https:\/\/dhg1h5j42swfq.cloudfront.net\/2025\/06\/03203428\/logo_concursos-1.jpg","contentUrl":"https:\/\/dhg1h5j42swfq.cloudfront.net\/2025\/06\/03203428\/logo_concursos-1.jpg","width":230,"height":60,"caption":"Estrat\u00e9gia Concursos"},"image":{"@id":"https:\/\/www.estrategiaconcursos.com.br\/blog\/#\/schema\/logo\/image\/"},"sameAs":["https:\/\/x.com\/EstratConcursos"]},{"@type":"Person","@id":"https:\/\/www.estrategiaconcursos.com.br\/blog\/#\/schema\/person\/b4a388c97673c5f483d72185668afa1f","name":"Coordena\u00e7\u00e3o","image":{"@type":"ImageObject","inLanguage":"pt-BR","@id":"https:\/\/secure.gravatar.com\/avatar\/b720319e4c9a967eb58678d110f4fe35452fc5d5f97b202bac7b8acceb18c6ad?s=96&d=mm&r=g","url":"https:\/\/secure.gravatar.com\/avatar\/b720319e4c9a967eb58678d110f4fe35452fc5d5f97b202bac7b8acceb18c6ad?s=96&d=mm&r=g","contentUrl":"https:\/\/secure.gravatar.com\/avatar\/b720319e4c9a967eb58678d110f4fe35452fc5d5f97b202bac7b8acceb18c6ad?s=96&d=mm&r=g","caption":"Coordena\u00e7\u00e3o"},"sameAs":["https:\/\/www.facebook.com\/EstrategiaConcursos","https:\/\/x.com\/EstratConcursos"],"url":"https:\/\/www.estrategiaconcursos.com.br\/blog\/author\/estrategia2013\/"}]}},"_links":{"self":[{"href":"https:\/\/www.estrategiaconcursos.com.br\/blog\/wp-json\/wp\/v2\/posts\/842193","targetHints":{"allow":["GET"]}}],"collection":[{"href":"https:\/\/www.estrategiaconcursos.com.br\/blog\/wp-json\/wp\/v2\/posts"}],"about":[{"href":"https:\/\/www.estrategiaconcursos.com.br\/blog\/wp-json\/wp\/v2\/types\/post"}],"author":[{"embeddable":true,"href":"https:\/\/www.estrategiaconcursos.com.br\/blog\/wp-json\/wp\/v2\/users\/1"}],"replies":[{"embeddable":true,"href":"https:\/\/www.estrategiaconcursos.com.br\/blog\/wp-json\/wp\/v2\/comments?post=842193"}],"version-history":[{"count":1,"href":"https:\/\/www.estrategiaconcursos.com.br\/blog\/wp-json\/wp\/v2\/posts\/842193\/revisions"}],"predecessor-version":[{"id":842195,"href":"https:\/\/www.estrategiaconcursos.com.br\/blog\/wp-json\/wp\/v2\/posts\/842193\/revisions\/842195"}],"wp:featuredmedia":[{"embeddable":true,"href":"https:\/\/www.estrategiaconcursos.com.br\/blog\/wp-json\/wp\/v2\/media\/842194"}],"wp:attachment":[{"href":"https:\/\/www.estrategiaconcursos.com.br\/blog\/wp-json\/wp\/v2\/media?parent=842193"}],"wp:term":[{"taxonomy":"category","embeddable":true,"href":"https:\/\/www.estrategiaconcursos.com.br\/blog\/wp-json\/wp\/v2\/categories?post=842193"},{"taxonomy":"post_tag","embeddable":true,"href":"https:\/\/www.estrategiaconcursos.com.br\/blog\/wp-json\/wp\/v2\/tags?post=842193"},{"taxonomy":"tax_estado","embeddable":true,"href":"https:\/\/www.estrategiaconcursos.com.br\/blog\/wp-json\/wp\/v2\/tax_estado?post=842193"}],"curies":[{"name":"wp","href":"https:\/\/api.w.org\/{rel}","templated":true}]}}