{"id":8420,"date":"2012-07-09T01:28:05","date_gmt":"2012-07-09T01:28:05","guid":{"rendered":"https:\/\/www.estrategiaconcursos.com.br\/blog\/recurso-do-mdic-direito-administrativo-4\/"},"modified":"2019-11-08T15:49:31","modified_gmt":"2019-11-08T18:49:31","slug":"recurso-do-mdic-direito-administrativo-4","status":"publish","type":"post","link":"https:\/\/www.estrategiaconcursos.com.br\/blog\/recurso-do-mdic-direito-administrativo-4\/","title":{"rendered":"Recurso do MDIC &#8211; Direito Administrativo"},"content":{"rendered":"<div style=\"text-align: justify;\">Fala Galerinha,<\/p>\n<p>Amanh\u00e3, teremos, v\u00e1rias disciplinas j\u00e1 comentadas, como, por exemplo, contabilidade (com Gabriel e Kazuo), Economia (com a Amanda), Direito Constitucional e Administrativo (comigo, rsrs&#8230;), Estat\u00edstica (com o Vit\u00e3o Menezes). A galera do estrat\u00e9gia concursos t\u00e1 dominando geral! O nosso curso veio pra ficar. Galerinha, divulguem nossos cursos em pdf., nossos trabalhos, viu!<\/p>\n<p>A quest\u00e3o, a seguir, do MDIC, \u00e9 anul\u00e1vel.\n<\/p><\/div>\n<div style=\"text-align: justify;\"><b>36- As alternativas abaixo trazem caracter\u00edsticas t\u00edpicas dos delegat\u00e1rios de servi\u00e7os p\u00fablicos. Assinale a op\u00e7\u00e3o que contemple caracter\u00edstica aplic\u00e1vel apenas \u00e0s permiss\u00f5es.<br \/>\na) Descentraliza\u00e7\u00e3o por colabora\u00e7\u00e3o.<br \/>\nb) Celebra\u00e7\u00e3o com pessoa f\u00edsica ou jur\u00eddica.<br \/>\nc) Natureza contratual.<br \/>\nd) Possibilidade de extin\u00e7\u00e3o por caducidade.<br \/>\ne) Obriga\u00e7\u00e3o de prestar servi\u00e7o adequado.<\/b><\/div>\n<div style=\"text-align: justify;\"><b>Coment\u00e1rios<\/b>:<\/p>\n<p>Vamos fazer um quadro-resumo sobre as principais diferen\u00e7as entre a concess\u00e3o, a permiss\u00e3o, e a autoriza\u00e7\u00e3o.<\/p>\n<p>Do quadro acima, conseguimos eliminar a alternativa C.<\/p>\n<p>A descentraliza\u00e7\u00e3o por colabora\u00e7\u00e3o \u00e9 a transfer\u00eancia da execu\u00e7\u00e3o dos servi\u00e7os p\u00fablicos, pelo Estado, a pessoas f\u00edsicas ou jur\u00eddicas ou cons\u00f3rcios de empresas, por meio de ato (autoriza\u00e7\u00e3o de servi\u00e7os p\u00fablicos) ou contrato (concess\u00f5es e permiss\u00f5es de servi\u00e7os p\u00fablicos), conforme o caso. Da\u00ed a incorre\u00e7\u00e3o da letra A.<\/p>\n<p>Segundo a Lei 8.987, de 1995, os contratos de servi\u00e7os p\u00fablicos (permiss\u00f5es ou concess\u00f5es), no caso de inexecu\u00e7\u00e3o por parte das empresas, poder\u00e3o ser caducados pela Administra\u00e7\u00e3o-contratante, da\u00ed a incorre\u00e7\u00e3o da letra D.<\/p>\n<p>A letra E est\u00e1, igualmente, incorreta, isso porque, nos termos do art. 175 da CF, de 1988, \u00e9 dever das prestadoras de servi\u00e7os p\u00fablicos a manuten\u00e7\u00e3o de servi\u00e7os adequados, entendidos como aqueles que atendem, por exemplo, o princ\u00edpio da continuidade, da atualidade e da efici\u00eancia.<\/p>\n<p>Voil\u00e0. O gabarito da ilustre organizadora foi a alternativa \u201cB\u201d (celebra\u00e7\u00e3o com pessoa f\u00edsica ou jur\u00eddica). Por\u00e9m est\u00e1 igualmente incorreto. Explico.<\/p>\n<p>De fato, nos termos da Lei 8.987, de 1995, a concess\u00e3o de servi\u00e7os p\u00fablicos n\u00e3o pode ser formalizada com pessoas naturais (f\u00edsicas), logo, nos termos da referida lei, \u00e9 uma caracter\u00edstica apenas das permiss\u00f5es de servi\u00e7os p\u00fablicos.<br \/>\nAcontece que a ilustre organizadora n\u00e3o mencionou, no comando da quest\u00e3o, a Lei 8.987, de 1995. Ao contr\u00e1rio disso, citou: \u201ccaracter\u00edsticas t\u00edpicas dos delegat\u00e1rios de servi\u00e7os p\u00fablicos\u201d.<\/p>\n<p>Apesar da diverg\u00eancia doutrin\u00e1ria quanto \u00e0 possibilidade de delega\u00e7\u00e3o de presta\u00e7\u00e3o de servi\u00e7os p\u00fablicos mediante autoriza\u00e7\u00e3o, o entendimento corrente da melhor doutrina \u00e9 por inserir a autoriza\u00e7\u00e3o como uma das formas de presta\u00e7\u00e3o de servi\u00e7os p\u00fablicos. Esse \u00e9, inclusive, o entendimento da Maria Sylvia Zanella Di Pietro. Vejamos:<\/p>\n<p><i>Na terceira acep\u00e7\u00e3o autoriza\u00e7\u00e3o \u00e9 o ato administrativo unilateral e discricion\u00e1rio pelo qual o Poder P\u00fablico delega ao particular a explora\u00e7\u00e3o de servi\u00e7o p\u00fablico, a t\u00edtulo prec\u00e1rio. Trata-se da autoriza\u00e7\u00e3o de servi\u00e7o p\u00fablico. Esta hip\u00f3tese est\u00e1 referida, ao lado da concess\u00e3o e da permiss\u00e3o, como modalidade de delega\u00e7\u00e3o de servi\u00e7o p\u00fablico de compet\u00eancia da Uni\u00e3o. At\u00e9 a 17\u00aa edi\u00e7\u00e3o, v\u00ednhamos entendendo que a autoriza\u00e7\u00e3o n\u00e3o existe como forma de delega\u00e7\u00e3o de servi\u00e7o prestado ao p\u00fablico, porque o servi\u00e7o \u00e9 prestado no interesse exclusivo do autorizat\u00e1rio. <u>A partir da 18\u00aa edi\u00e7\u00e3o, esse entendimento foi reformulado<\/u>. Os chamados servi\u00e7os p\u00fablicos autorizados, previstos no artigo 21, XI e XII, da Constitui\u00e7\u00e3o Federal, s\u00e3o de titularidade da Uni\u00e3o, podendo ou n\u00e3o ser delegados ao particular, por decis\u00e3o discricion\u00e1ria do poder p\u00fablico; e essa delega\u00e7\u00e3o pode ser para atendimento de necessidades coletivas, com presta\u00e7\u00e3o a terceiros (casos da concess\u00e3o e da permiss\u00e3o), ou para execu\u00e7\u00e3o no pr\u00f3prio benef\u00edcio do autorizat\u00e1rio, o que n\u00e3o deixa de ser tamb\u00e9m de interesse p\u00fablico.<br \/>\nA essa conclus\u00e3o chega-se facilmente pela compara\u00e7\u00e3o entre os servi\u00e7os de telecomunica\u00e7\u00f5es, energia el\u00e9trica, navega\u00e7\u00e3o a\u00e9rea e outros referidos no artigo 21, XI e XII, com os servi\u00e7os n\u00e3o exclusivos do Estado, como educa\u00e7\u00e3o e sa\u00fade. (o grifo n\u00e3o consta do original)<\/i><\/p>\n<\/div>\n<div style=\"text-align: justify;\"><b>A autoriza\u00e7\u00e3o de servi\u00e7os p\u00fablicos (uma das formas de delega\u00e7\u00e3o de servi\u00e7os p\u00fablicos) \u00e9 viabilizada entre o Estado e pessoas f\u00edsicas ou jur\u00eddicas. Por isso, n\u00e3o \u00e9 poss\u00edvel afirmar ser uma caracter\u00edstica apenas das permiss\u00f5es de servi\u00e7os p\u00fablicos, cabendo, a priori, a anula\u00e7\u00e3o da quest\u00e3o.<\/b><\/div>\n","protected":false},"excerpt":{"rendered":"<p>Fala Galerinha, Amanh\u00e3, teremos, v\u00e1rias disciplinas j\u00e1 comentadas, como, por exemplo, contabilidade (com Gabriel e Kazuo), Economia (com a Amanda), Direito Constitucional e Administrativo (comigo, rsrs&#8230;), Estat\u00edstica (com o Vit\u00e3o Menezes). A galera do estrat\u00e9gia concursos t\u00e1 dominando geral! O nosso curso veio pra ficar. Galerinha, divulguem nossos cursos em pdf., nossos trabalhos, viu! A [&hellip;]<\/p>\n","protected":false},"author":7,"featured_media":0,"comment_status":"open","ping_status":"open","sticky":false,"template":"","format":"standard","meta":{"post_tipo":"article","footnotes":""},"categories":[1],"tags":[],"tax_estado":[],"class_list":["post-8420","post","type-post","status-publish","format-standard","hentry","category-cursos-e-concursos"],"acf":[],"yoast_head":"<!-- This site is optimized with the Yoast SEO Premium plugin v27.2 (Yoast SEO v27.2) - https:\/\/yoast.com\/product\/yoast-seo-premium-wordpress\/ -->\n<title>Recurso do MDIC - Direito Administrativo<\/title>\n<meta name=\"robots\" content=\"index, follow, max-snippet:-1, max-image-preview:large, max-video-preview:-1\" \/>\n<link rel=\"canonical\" href=\"https:\/\/www.estrategiaconcursos.com.br\/blog\/recurso-do-mdic-direito-administrativo-4\/\" \/>\n<meta property=\"og:locale\" content=\"pt_BR\" \/>\n<meta property=\"og:type\" content=\"article\" \/>\n<meta property=\"og:title\" content=\"Recurso do MDIC - Direito Administrativo\" \/>\n<meta property=\"og:description\" content=\"Fala Galerinha, Amanh\u00e3, teremos, v\u00e1rias disciplinas j\u00e1 comentadas, como, por exemplo, contabilidade (com Gabriel e Kazuo), Economia (com a Amanda), Direito Constitucional e Administrativo (comigo, rsrs&#8230;), Estat\u00edstica (com o Vit\u00e3o Menezes). A galera do estrat\u00e9gia concursos t\u00e1 dominando geral! O nosso curso veio pra ficar. Galerinha, divulguem nossos cursos em pdf., nossos trabalhos, viu! A [&hellip;]\" \/>\n<meta property=\"og:url\" content=\"https:\/\/www.estrategiaconcursos.com.br\/blog\/recurso-do-mdic-direito-administrativo-4\/\" \/>\n<meta property=\"og:site_name\" content=\"Estrat\u00e9gia Concursos\" \/>\n<meta property=\"article:published_time\" content=\"2012-07-09T01:28:05+00:00\" \/>\n<meta property=\"article:modified_time\" content=\"2019-11-08T18:49:31+00:00\" \/>\n<meta name=\"author\" content=\"Cyonil Borges\" \/>\n<meta name=\"twitter:card\" content=\"summary_large_image\" \/>\n<meta name=\"twitter:creator\" content=\"@EstratConcursos\" \/>\n<meta name=\"twitter:site\" content=\"@EstratConcursos\" \/>\n<meta name=\"twitter:label1\" content=\"Escrito por\" \/>\n\t<meta name=\"twitter:data1\" content=\"Cyonil Borges\" \/>\n\t<meta name=\"twitter:label2\" content=\"Est. tempo de leitura\" \/>\n\t<meta name=\"twitter:data2\" content=\"4 minutos\" \/>\n<script type=\"application\/ld+json\" class=\"yoast-schema-graph\">{\"@context\":\"https:\/\/schema.org\",\"@graph\":[{\"@type\":\"NewsArticle\",\"@id\":\"https:\/\/www.estrategiaconcursos.com.br\/blog\/recurso-do-mdic-direito-administrativo-4\/#article\",\"isPartOf\":{\"@id\":\"https:\/\/www.estrategiaconcursos.com.br\/blog\/recurso-do-mdic-direito-administrativo-4\/\"},\"author\":{\"name\":\"Cyonil Borges\",\"@id\":\"https:\/\/www.estrategiaconcursos.com.br\/blog\/#\/schema\/person\/4c53a2597f1322ea2310e358e73830fe\"},\"headline\":\"Recurso do MDIC &#8211; Direito Administrativo\",\"datePublished\":\"2012-07-09T01:28:05+00:00\",\"dateModified\":\"2019-11-08T18:49:31+00:00\",\"mainEntityOfPage\":{\"@id\":\"https:\/\/www.estrategiaconcursos.com.br\/blog\/recurso-do-mdic-direito-administrativo-4\/\"},\"wordCount\":798,\"commentCount\":0,\"publisher\":{\"@id\":\"https:\/\/www.estrategiaconcursos.com.br\/blog\/#organization\"},\"articleSection\":[\"Concursos P\u00fablicos\"],\"inLanguage\":\"pt-BR\",\"potentialAction\":[{\"@type\":\"CommentAction\",\"name\":\"Comment\",\"target\":[\"https:\/\/www.estrategiaconcursos.com.br\/blog\/recurso-do-mdic-direito-administrativo-4\/#respond\"]}],\"copyrightYear\":\"2012\",\"copyrightHolder\":{\"@id\":\"https:\/\/www.estrategiaconcursos.com.br\/blog\/#organization\"}},{\"@type\":\"WebPage\",\"@id\":\"https:\/\/www.estrategiaconcursos.com.br\/blog\/recurso-do-mdic-direito-administrativo-4\/\",\"url\":\"https:\/\/www.estrategiaconcursos.com.br\/blog\/recurso-do-mdic-direito-administrativo-4\/\",\"name\":\"Recurso do MDIC - Direito Administrativo\",\"isPartOf\":{\"@id\":\"https:\/\/www.estrategiaconcursos.com.br\/blog\/#website\"},\"datePublished\":\"2012-07-09T01:28:05+00:00\",\"dateModified\":\"2019-11-08T18:49:31+00:00\",\"breadcrumb\":{\"@id\":\"https:\/\/www.estrategiaconcursos.com.br\/blog\/recurso-do-mdic-direito-administrativo-4\/#breadcrumb\"},\"inLanguage\":\"pt-BR\",\"potentialAction\":[{\"@type\":\"ReadAction\",\"target\":[\"https:\/\/www.estrategiaconcursos.com.br\/blog\/recurso-do-mdic-direito-administrativo-4\/\"]}]},{\"@type\":\"BreadcrumbList\",\"@id\":\"https:\/\/www.estrategiaconcursos.com.br\/blog\/recurso-do-mdic-direito-administrativo-4\/#breadcrumb\",\"itemListElement\":[{\"@type\":\"ListItem\",\"position\":1,\"name\":\"In\u00edcio\",\"item\":\"https:\/\/www.estrategiaconcursos.com.br\/blog\/\"},{\"@type\":\"ListItem\",\"position\":2,\"name\":\"Recurso do MDIC &#8211; Direito Administrativo\"}]},{\"@type\":\"WebSite\",\"@id\":\"https:\/\/www.estrategiaconcursos.com.br\/blog\/#website\",\"url\":\"https:\/\/www.estrategiaconcursos.com.br\/blog\/\",\"name\":\"Estrat\u00e9gia Concursos\",\"description\":\"O blog da Estrat\u00e9gia Concursos traz not\u00edcias sobre concursos e artigos de professores oferecendo cursos para concursos (pdf + videaulas) no site.\",\"publisher\":{\"@id\":\"https:\/\/www.estrategiaconcursos.com.br\/blog\/#organization\"},\"potentialAction\":[{\"@type\":\"SearchAction\",\"target\":{\"@type\":\"EntryPoint\",\"urlTemplate\":\"https:\/\/www.estrategiaconcursos.com.br\/blog\/?s={search_term_string}\"},\"query-input\":{\"@type\":\"PropertyValueSpecification\",\"valueRequired\":true,\"valueName\":\"search_term_string\"}}],\"inLanguage\":\"pt-BR\"},{\"@type\":\"Organization\",\"@id\":\"https:\/\/www.estrategiaconcursos.com.br\/blog\/#organization\",\"name\":\"Estrat\u00e9gia Concursos\",\"url\":\"https:\/\/www.estrategiaconcursos.com.br\/blog\/\",\"logo\":{\"@type\":\"ImageObject\",\"inLanguage\":\"pt-BR\",\"@id\":\"https:\/\/www.estrategiaconcursos.com.br\/blog\/#\/schema\/logo\/image\/\",\"url\":\"https:\/\/dhg1h5j42swfq.cloudfront.net\/2025\/06\/03203428\/logo_concursos-1.jpg\",\"contentUrl\":\"https:\/\/dhg1h5j42swfq.cloudfront.net\/2025\/06\/03203428\/logo_concursos-1.jpg\",\"width\":230,\"height\":60,\"caption\":\"Estrat\u00e9gia Concursos\"},\"image\":{\"@id\":\"https:\/\/www.estrategiaconcursos.com.br\/blog\/#\/schema\/logo\/image\/\"},\"sameAs\":[\"https:\/\/x.com\/EstratConcursos\"]},{\"@type\":\"Person\",\"@id\":\"https:\/\/www.estrategiaconcursos.com.br\/blog\/#\/schema\/person\/4c53a2597f1322ea2310e358e73830fe\",\"name\":\"Cyonil Borges\",\"image\":{\"@type\":\"ImageObject\",\"inLanguage\":\"pt-BR\",\"@id\":\"https:\/\/secure.gravatar.com\/avatar\/c2c7886a1b5c1e2b09a8f6619c7d9dc842157f1aae77fcfd4999672deeb26a7c?s=96&d=mm&r=g\",\"url\":\"https:\/\/secure.gravatar.com\/avatar\/c2c7886a1b5c1e2b09a8f6619c7d9dc842157f1aae77fcfd4999672deeb26a7c?s=96&d=mm&r=g\",\"contentUrl\":\"https:\/\/secure.gravatar.com\/avatar\/c2c7886a1b5c1e2b09a8f6619c7d9dc842157f1aae77fcfd4999672deeb26a7c?s=96&d=mm&r=g\",\"caption\":\"Cyonil Borges\"},\"url\":\"https:\/\/www.estrategiaconcursos.com.br\/blog\/author\/cyonilestrategiaconcursos-com-br\/\"}]}<\/script>\n<!-- \/ Yoast SEO Premium plugin. -->","yoast_head_json":{"title":"Recurso do MDIC - Direito Administrativo","robots":{"index":"index","follow":"follow","max-snippet":"max-snippet:-1","max-image-preview":"max-image-preview:large","max-video-preview":"max-video-preview:-1"},"canonical":"https:\/\/www.estrategiaconcursos.com.br\/blog\/recurso-do-mdic-direito-administrativo-4\/","og_locale":"pt_BR","og_type":"article","og_title":"Recurso do MDIC - Direito Administrativo","og_description":"Fala Galerinha, Amanh\u00e3, teremos, v\u00e1rias disciplinas j\u00e1 comentadas, como, por exemplo, contabilidade (com Gabriel e Kazuo), Economia (com a Amanda), Direito Constitucional e Administrativo (comigo, rsrs&#8230;), Estat\u00edstica (com o Vit\u00e3o Menezes). A galera do estrat\u00e9gia concursos t\u00e1 dominando geral! O nosso curso veio pra ficar. Galerinha, divulguem nossos cursos em pdf., nossos trabalhos, viu! A [&hellip;]","og_url":"https:\/\/www.estrategiaconcursos.com.br\/blog\/recurso-do-mdic-direito-administrativo-4\/","og_site_name":"Estrat\u00e9gia Concursos","article_published_time":"2012-07-09T01:28:05+00:00","article_modified_time":"2019-11-08T18:49:31+00:00","author":"Cyonil Borges","twitter_card":"summary_large_image","twitter_creator":"@EstratConcursos","twitter_site":"@EstratConcursos","twitter_misc":{"Escrito por":"Cyonil Borges","Est. tempo de leitura":"4 minutos"},"schema":{"@context":"https:\/\/schema.org","@graph":[{"@type":"NewsArticle","@id":"https:\/\/www.estrategiaconcursos.com.br\/blog\/recurso-do-mdic-direito-administrativo-4\/#article","isPartOf":{"@id":"https:\/\/www.estrategiaconcursos.com.br\/blog\/recurso-do-mdic-direito-administrativo-4\/"},"author":{"name":"Cyonil Borges","@id":"https:\/\/www.estrategiaconcursos.com.br\/blog\/#\/schema\/person\/4c53a2597f1322ea2310e358e73830fe"},"headline":"Recurso do MDIC &#8211; Direito Administrativo","datePublished":"2012-07-09T01:28:05+00:00","dateModified":"2019-11-08T18:49:31+00:00","mainEntityOfPage":{"@id":"https:\/\/www.estrategiaconcursos.com.br\/blog\/recurso-do-mdic-direito-administrativo-4\/"},"wordCount":798,"commentCount":0,"publisher":{"@id":"https:\/\/www.estrategiaconcursos.com.br\/blog\/#organization"},"articleSection":["Concursos P\u00fablicos"],"inLanguage":"pt-BR","potentialAction":[{"@type":"CommentAction","name":"Comment","target":["https:\/\/www.estrategiaconcursos.com.br\/blog\/recurso-do-mdic-direito-administrativo-4\/#respond"]}],"copyrightYear":"2012","copyrightHolder":{"@id":"https:\/\/www.estrategiaconcursos.com.br\/blog\/#organization"}},{"@type":"WebPage","@id":"https:\/\/www.estrategiaconcursos.com.br\/blog\/recurso-do-mdic-direito-administrativo-4\/","url":"https:\/\/www.estrategiaconcursos.com.br\/blog\/recurso-do-mdic-direito-administrativo-4\/","name":"Recurso do MDIC - Direito Administrativo","isPartOf":{"@id":"https:\/\/www.estrategiaconcursos.com.br\/blog\/#website"},"datePublished":"2012-07-09T01:28:05+00:00","dateModified":"2019-11-08T18:49:31+00:00","breadcrumb":{"@id":"https:\/\/www.estrategiaconcursos.com.br\/blog\/recurso-do-mdic-direito-administrativo-4\/#breadcrumb"},"inLanguage":"pt-BR","potentialAction":[{"@type":"ReadAction","target":["https:\/\/www.estrategiaconcursos.com.br\/blog\/recurso-do-mdic-direito-administrativo-4\/"]}]},{"@type":"BreadcrumbList","@id":"https:\/\/www.estrategiaconcursos.com.br\/blog\/recurso-do-mdic-direito-administrativo-4\/#breadcrumb","itemListElement":[{"@type":"ListItem","position":1,"name":"In\u00edcio","item":"https:\/\/www.estrategiaconcursos.com.br\/blog\/"},{"@type":"ListItem","position":2,"name":"Recurso do MDIC &#8211; Direito Administrativo"}]},{"@type":"WebSite","@id":"https:\/\/www.estrategiaconcursos.com.br\/blog\/#website","url":"https:\/\/www.estrategiaconcursos.com.br\/blog\/","name":"Estrat\u00e9gia Concursos","description":"O blog da Estrat\u00e9gia Concursos traz not\u00edcias sobre concursos e artigos de professores oferecendo cursos para concursos (pdf + videaulas) no site.","publisher":{"@id":"https:\/\/www.estrategiaconcursos.com.br\/blog\/#organization"},"potentialAction":[{"@type":"SearchAction","target":{"@type":"EntryPoint","urlTemplate":"https:\/\/www.estrategiaconcursos.com.br\/blog\/?s={search_term_string}"},"query-input":{"@type":"PropertyValueSpecification","valueRequired":true,"valueName":"search_term_string"}}],"inLanguage":"pt-BR"},{"@type":"Organization","@id":"https:\/\/www.estrategiaconcursos.com.br\/blog\/#organization","name":"Estrat\u00e9gia Concursos","url":"https:\/\/www.estrategiaconcursos.com.br\/blog\/","logo":{"@type":"ImageObject","inLanguage":"pt-BR","@id":"https:\/\/www.estrategiaconcursos.com.br\/blog\/#\/schema\/logo\/image\/","url":"https:\/\/dhg1h5j42swfq.cloudfront.net\/2025\/06\/03203428\/logo_concursos-1.jpg","contentUrl":"https:\/\/dhg1h5j42swfq.cloudfront.net\/2025\/06\/03203428\/logo_concursos-1.jpg","width":230,"height":60,"caption":"Estrat\u00e9gia Concursos"},"image":{"@id":"https:\/\/www.estrategiaconcursos.com.br\/blog\/#\/schema\/logo\/image\/"},"sameAs":["https:\/\/x.com\/EstratConcursos"]},{"@type":"Person","@id":"https:\/\/www.estrategiaconcursos.com.br\/blog\/#\/schema\/person\/4c53a2597f1322ea2310e358e73830fe","name":"Cyonil Borges","image":{"@type":"ImageObject","inLanguage":"pt-BR","@id":"https:\/\/secure.gravatar.com\/avatar\/c2c7886a1b5c1e2b09a8f6619c7d9dc842157f1aae77fcfd4999672deeb26a7c?s=96&d=mm&r=g","url":"https:\/\/secure.gravatar.com\/avatar\/c2c7886a1b5c1e2b09a8f6619c7d9dc842157f1aae77fcfd4999672deeb26a7c?s=96&d=mm&r=g","contentUrl":"https:\/\/secure.gravatar.com\/avatar\/c2c7886a1b5c1e2b09a8f6619c7d9dc842157f1aae77fcfd4999672deeb26a7c?s=96&d=mm&r=g","caption":"Cyonil Borges"},"url":"https:\/\/www.estrategiaconcursos.com.br\/blog\/author\/cyonilestrategiaconcursos-com-br\/"}]}},"_links":{"self":[{"href":"https:\/\/www.estrategiaconcursos.com.br\/blog\/wp-json\/wp\/v2\/posts\/8420","targetHints":{"allow":["GET"]}}],"collection":[{"href":"https:\/\/www.estrategiaconcursos.com.br\/blog\/wp-json\/wp\/v2\/posts"}],"about":[{"href":"https:\/\/www.estrategiaconcursos.com.br\/blog\/wp-json\/wp\/v2\/types\/post"}],"author":[{"embeddable":true,"href":"https:\/\/www.estrategiaconcursos.com.br\/blog\/wp-json\/wp\/v2\/users\/7"}],"replies":[{"embeddable":true,"href":"https:\/\/www.estrategiaconcursos.com.br\/blog\/wp-json\/wp\/v2\/comments?post=8420"}],"version-history":[{"count":1,"href":"https:\/\/www.estrategiaconcursos.com.br\/blog\/wp-json\/wp\/v2\/posts\/8420\/revisions"}],"predecessor-version":[{"id":445933,"href":"https:\/\/www.estrategiaconcursos.com.br\/blog\/wp-json\/wp\/v2\/posts\/8420\/revisions\/445933"}],"wp:attachment":[{"href":"https:\/\/www.estrategiaconcursos.com.br\/blog\/wp-json\/wp\/v2\/media?parent=8420"}],"wp:term":[{"taxonomy":"category","embeddable":true,"href":"https:\/\/www.estrategiaconcursos.com.br\/blog\/wp-json\/wp\/v2\/categories?post=8420"},{"taxonomy":"post_tag","embeddable":true,"href":"https:\/\/www.estrategiaconcursos.com.br\/blog\/wp-json\/wp\/v2\/tags?post=8420"},{"taxonomy":"tax_estado","embeddable":true,"href":"https:\/\/www.estrategiaconcursos.com.br\/blog\/wp-json\/wp\/v2\/tax_estado?post=8420"}],"curies":[{"name":"wp","href":"https:\/\/api.w.org\/{rel}","templated":true}]}}