{"id":841659,"date":"2021-08-20T18:43:03","date_gmt":"2021-08-20T21:43:03","guid":{"rendered":"https:\/\/www.estrategiaconcursos.com.br\/blog\/?p=841659"},"modified":"2021-08-21T11:12:18","modified_gmt":"2021-08-21T14:12:18","slug":"nomeacao-concurso-prefeitura-de-porto-seguro-2019","status":"publish","type":"post","link":"https:\/\/www.estrategiaconcursos.com.br\/blog\/nomeacao-concurso-prefeitura-de-porto-seguro-2019\/","title":{"rendered":"Nova nomea\u00e7\u00e3o do concurso da Prefeitura de Porto Seguro (2019)"},"content":{"rendered":"\n<p>Mesmo sem se deter da decis\u00e3o de forma aut\u00f4noma, a Prefeitura de Porto Seguro, ao extremo sul do estado da Bahia, precisou realizar nomea\u00e7\u00e3o de candidatos aprovados em cadastro de reserva no concurso realizado em 2019.<\/p>\n\n\n\n<p>Isso porque, o Minist\u00e9rio P\u00fablico sentenciou a suspens\u00e3o de tr\u00eas sele\u00e7\u00f5es at\u00e9 a nomea\u00e7\u00e3o dos cadastros de reserva. A determina\u00e7\u00e3o compreendeu solicita\u00e7\u00f5es apresentadas em a\u00e7\u00e3o civil movida pela promotora Lair Faria Azevedo.<\/p>\n\n\n\n<div class=\"wp-block-image\"><figure class=\"aligncenter is-resized\"><img loading=\"lazy\" decoding=\"async\" src=\"https:\/\/blog-static.infra.grancursosonline.com.br\/wp-content\/uploads\/2020\/06\/10094511\/Porto-Seguro.jpg\" alt=\"nomea\u00e7\u00e3o Prefeitura Porto Seguro \" width=\"548\" height=\"365\"\/><figcaption>Acontece nova nomea\u00e7\u00e3o do concurso da <a href=\"https:\/\/portoseguro.ba.gov.br\/\" target=\"_blank\" rel=\"noreferrer noopener\">Prefeitura de Porto Seguro<\/a> (2019) | Fonte: Imagem de divulga\u00e7\u00e3o<\/figcaption><\/figure><\/div>\n\n\n\n<p>Segundo a promotora de Justi\u00e7a, o concurso j\u00e1 se encontrava encerrado e homologado, contudo os candidatos ao cadastro de reserva n\u00e3o receberam aten\u00e7\u00e3o. <\/p>\n\n\n\n<p>Muito pelo contr\u00e1rio, a prefeitura decidiu por renovar contratos tempor\u00e1rios que coincidiam com a maioria dos cadastros de reserva do concurso.<\/p>\n\n\n\n<p>Dessa forma, o \u00f3rg\u00e3o vai ter que se abdicar de prorroga\u00e7\u00e3o de contratos tempor\u00e1rios ou contratar temporariamente indiv\u00edduos para fun\u00e7\u00e3o que tenha candidato aprovado no concurso.<\/p>\n\n\n\n<h3 class=\"has-background wp-block-heading\" id=\"h-concurso-prefeitura-de-porto-seguro-2019\" style=\"background-color:#f8ecca\">Concurso Prefeitura de Porto Seguro (2019)<\/h3>\n\n\n\n<p>Sob organiza\u00e7\u00e3o do IBRAE, o \u00faltimo concurso Prefeitura Porto Seguro aconteceu em 2019. Foram ofertadas, no total,&nbsp;<strong>2.065 vagas<\/strong>, sendo 578 para provimento imediato e 1.487 destinadas \u00e0 forma\u00e7\u00e3o de cadastro reserva. <\/p>\n\n\n\n<p>As oportunidades abrangeram os n\u00edveis<em>&nbsp;m\u00e9dio, t\u00e9cnico e superior<\/em>.<\/p>\n\n\n\n<h3 class=\"has-background wp-block-heading\" id=\"h-novo-concurso-prefeitura-de-porto-seguro\" style=\"background-color:#f8ecca\">Novo Concurso Prefeitura de Porto Seguro <\/h3>\n\n\n\n<p>A nova sele\u00e7\u00e3o para a Prefeitura de Porto Seguro visa atender vagas reminiscentes, isto \u00e9, vagas para cujos cargos n\u00e3o constaram no edital do \u00faltimo concurso. <\/p>\n\n\n\n<p>Vale ressaltar que tanto o quantitativo de vagas quanto as fun\u00e7\u00f5es ainda n\u00e3o foram definidos. Fator que preocupa os concurseiros, uma vez que o novo edital deveria ter sido publicado ainda em abril. <\/p>\n\n\n\n<p>Entretanto, como est\u00e1 autorizado e n\u00e3o entra nas determina\u00e7\u00f5es do Minist\u00e9rio P\u00fablico quanto a nova nomea\u00e7\u00e3o, existe certa seguran\u00e7a de que ir\u00e1 de fato acontecer.<\/p>\n\n\n\n<p class=\"has-text-align-center\"><em>Para ficar por dentro de todos os detalhes acerca dos certames da Prefeitura de Porto Seguro (edital, nomea\u00e7\u00e3o e atualiza\u00e7\u00f5es fresquinhas), leia um artigo completo, de f\u00e1cil compreens\u00e3o, que elaboramos EXCLUSIVAMENTE para voc\u00ea!<\/em><\/p>\n\n\n\n<p class=\"has-text-align-center has-luminous-vivid-amber-background-color has-background\" style=\"font-size:clamp(14.642px, 0.915rem + ((1vw - 3.2px) * 0.721), 22px);px\"><strong>Mais informa\u00e7\u00f5es: <a href=\"https:\/\/www.estrategiaconcursos.com.br\/blog\/concurso-prefeitura-de-porto-seguro\/\" target=\"_blank\" rel=\"noreferrer noopener\">Prefeitura de Porto Seguro<\/a><\/strong><\/p>\n\n\n\n<hr class=\"wp-block-separator\"\/>\n\n\n\n<p class=\"has-text-align-center\"><em><br \/>No \u00faltimo concurso para a <strong>Prefeitura de Teresina<\/strong>, dos <strong>79 aprovados<\/strong>,&nbsp;<strong>48 foram nossos alunos<\/strong>. Est\u00e1 esperando o que para come\u00e7ar a estudar com o <strong>material que mais aprova<\/strong>?<\/em><\/p>\n\n\n\n<div class=\"wp-block-image\"><figure class=\"aligncenter size-large is-resized\"><img loading=\"lazy\" decoding=\"async\" src=\"https:\/\/dhg1h5j42swfq.cloudfront.net\/2020\/12\/11172928\/logo_estrategia_concursos.png\" alt=\"\" class=\"wp-image-629128\" width=\"50\" height=\"99\" srcset=\"https:\/\/dhg1h5j42swfq.cloudfront.net\/2020\/12\/11172928\/logo_estrategia_concursos.png 200w, https:\/\/dhg1h5j42swfq.cloudfront.net\/2020\/12\/11172928\/logo_estrategia_concursos-151x300.png 151w\" sizes=\"auto, (max-width: 50px) 100vw, 50px\" \/><\/figure><\/div>\n\n\n\n<h2 class=\"has-text-align-center wp-block-heading\" id=\"h-cursos-e-assinaturas-para-o-novo-concurso-da-prefeitura-de-porto-seguro\">Cursos e assinaturas para o novo concurso da Prefeitura de Porto Seguro:<\/h2>\n\n\n\n<div class=\"container\" id=\"boxes\">\n  <div class=\"row\">\n\n    <div class=\"col-sm\">\n      <div class=\"banner-estrategia\" id=\"box-assinatura\">\n        <h3 class=\"titulo-assinatura\">Cursos para concursos<\/h3>\n        <p class=\"subtitulo-assinatura\">Estude conosco<\/p>\n        <div class=\"box-botao\">\n          <a class=\"btn-assinatura\" target=\"_blank\" href=\"https:\/\/www.estrategiaconcursos.com.br\/cursos\/\" role=\"button\" rel=\"noopener noreferrer\">Conhe\u00e7a os cursos<\/a>\n        <\/div>\n      <\/div>\n     \n    <\/div>\n\n  <\/div>\n<\/div>\n\n\n\n<div class=\"container\" id=\"boxes\">\n  <div class=\"row\">\n\n    <div class=\"col-sm\">\n      <div class=\"estrategia\" id=\"box-assinatura\">\n        <h3 class=\"titulo-assinatura\">Assinatura Concursos<\/h3>\n        <p class=\"subtitulo-assinatura\">Assinatura de 1 ano ou 2 anos<\/p>\n        <div class=\"box-botao\">\n          <a class=\"btn-assinatura\" target=\"_blank\" href=\"https:\/\/www.estrategiaconcursos.com.br\/assinaturas\/\" role=\"button\" rel=\"noopener noreferrer\">ASSINE AGORA<\/a>\n        <\/div>\n      <\/div><\/div><\/div><\/div>\n\n\n\n<div class=\"container\" id=\"boxes\">\n  <div class=\"row\">\n\n    <div class=\"col-sm\" id=\"boxes-concursos\">\n      <div style=\"background-color: #005DAD;\" class=\"conteudo-concursos\" id=\"box-concursos\">\n        <h3 class=\"titulo-assinatura\">Concursos Abertos<\/h3>\n        <p class=\"subtitulo-assinatura\">Confira os editais publicados<\/p>\n        <div class=\"box-botao\">\n          <a class=\"btn-assinatura\" target=\"_blank\" href=\"https:\/\/www.estrategiaconcursos.com.br\/blog\/concursos-abertos\/\" role=\"button\" rel=\"noopener noreferrer\">Conhe\u00e7a Agora<\/a>\n        <\/div>\n      <\/div>\n    <\/div>\n\n    <div class=\"col-sm\" id=\"boxes-concursos\">\n      <div style=\"background-color: #1A7ED5;\" class=\"conteudo-concursos\" id=\"box-concursos\">\n        <h3 class=\"titulo-assinatura\">Concursos 2021<\/h3>\n        <p class=\"subtitulo-assinatura\">As oportunidades previstas<\/p>\n        <div class=\"box-botao\">\n          <a class=\"btn-assinatura\" target=\"_blank\" href=\"https:\/\/www.estrategiaconcursos.com.br\/blog\/concursos-2021\/\" role=\"button\" rel=\"noopener noreferrer\">Conhe\u00e7a Agora<\/a>\n        <\/div>\n      <\/div>\n    <\/div>\n\n    <div class=\"col-sm\" id=\"boxes-concursos\">\n      <div style=\"background-color: #419FF0;\" class=\"conteudo-concursos\" id=\"box-concursos\">\n        <h3 class=\"titulo-assinatura\">Concursos 2022<\/h3>\n        <p class=\"subtitulo-assinatura\">Vagas para o pr\u00f3ximo ano<\/p>\n        <div class=\"box-botao\">\n          <a class=\"btn-assinatura\" target=\"_blank\" href=\"https:\/\/www.estrategiaconcursos.com.br\/blog\/concursos-2022\/\" role=\"button\" rel=\"noopener noreferrer\">Conhe\u00e7a Agora<\/a>\n        <\/div>\n      <\/div>\n    <\/div>\n\n  <\/div>\n<\/div>\n","protected":false},"excerpt":{"rendered":"<p>Mesmo sem se deter da decis\u00e3o de forma aut\u00f4noma, a Prefeitura de Porto Seguro, ao extremo sul do estado da Bahia, precisou realizar nomea\u00e7\u00e3o de candidatos aprovados em cadastro de reserva no concurso realizado em 2019. Isso porque, o Minist\u00e9rio P\u00fablico sentenciou a suspens\u00e3o de tr\u00eas sele\u00e7\u00f5es at\u00e9 a nomea\u00e7\u00e3o dos cadastros de reserva. A [&hellip;]<\/p>\n","protected":false},"author":2099,"featured_media":440805,"comment_status":"open","ping_status":"closed","sticky":false,"template":"","format":"standard","meta":{"post_tipo":"news","footnotes":""},"categories":[214992,220219],"tags":[],"tax_estado":[219968],"class_list":["post-841659","post","type-post","status-publish","format-standard","has-post-thumbnail","hentry","category-concursos-administrativos","category-noticias","tax_estado-ba"],"acf":[],"yoast_head":"<!-- This site is optimized with the Yoast SEO Premium plugin v27.2 (Yoast SEO v27.2) - https:\/\/yoast.com\/product\/yoast-seo-premium-wordpress\/ -->\n<title>Nova nomea\u00e7\u00e3o do concurso da Prefeitura de Porto Seguro (2019)<\/title>\n<meta name=\"description\" content=\"A Prefeitura de Porto Seguro precisou realizar nomea\u00e7\u00e3o e efetivar candidatos aprovados por cadastro de reserva em concurso realizado em 2019\" \/>\n<meta name=\"robots\" content=\"index, follow, max-snippet:-1, max-image-preview:large, max-video-preview:-1\" \/>\n<link rel=\"canonical\" href=\"https:\/\/www.estrategiaconcursos.com.br\/blog\/nomeacao-concurso-prefeitura-de-porto-seguro-2019\/\" \/>\n<meta property=\"og:locale\" content=\"pt_BR\" \/>\n<meta property=\"og:type\" content=\"article\" \/>\n<meta property=\"og:title\" content=\"Nova nomea\u00e7\u00e3o do concurso da Prefeitura de Porto Seguro (2019)\" \/>\n<meta property=\"og:description\" content=\"A Prefeitura de Porto Seguro precisou realizar nomea\u00e7\u00e3o e efetivar candidatos aprovados por cadastro de reserva em concurso realizado em 2019\" \/>\n<meta property=\"og:url\" content=\"https:\/\/www.estrategiaconcursos.com.br\/blog\/nomeacao-concurso-prefeitura-de-porto-seguro-2019\/\" \/>\n<meta property=\"og:site_name\" content=\"Estrat\u00e9gia Concursos\" \/>\n<meta property=\"article:published_time\" content=\"2021-08-20T21:43:03+00:00\" \/>\n<meta property=\"article:modified_time\" content=\"2021-08-21T14:12:18+00:00\" \/>\n<meta property=\"og:image\" content=\"https:\/\/dhg1h5j42swfq.cloudfront.net\/2019\/10\/28100829\/Prefeitura-Porto-Seguro-BA.jpg\" \/>\n\t<meta property=\"og:image:width\" content=\"1200\" \/>\n\t<meta property=\"og:image:height\" content=\"628\" \/>\n\t<meta property=\"og:image:type\" content=\"image\/jpeg\" \/>\n<meta name=\"author\" content=\"Elo\u00edsa da Rosa Ferro\" \/>\n<meta name=\"twitter:card\" content=\"summary_large_image\" \/>\n<meta name=\"twitter:creator\" content=\"@EstratConcursos\" \/>\n<meta name=\"twitter:site\" content=\"@EstratConcursos\" \/>\n<meta name=\"twitter:label1\" content=\"Escrito por\" \/>\n\t<meta name=\"twitter:data1\" content=\"Elo\u00edsa da Rosa Ferro\" \/>\n\t<meta name=\"twitter:label2\" content=\"Est. tempo de leitura\" \/>\n\t<meta name=\"twitter:data2\" content=\"3 minutos\" \/>\n<script type=\"application\/ld+json\" class=\"yoast-schema-graph\">{\"@context\":\"https:\/\/schema.org\",\"@graph\":[{\"@type\":\"NewsArticle\",\"@id\":\"https:\/\/www.estrategiaconcursos.com.br\/blog\/nomeacao-concurso-prefeitura-de-porto-seguro-2019\/#article\",\"isPartOf\":{\"@id\":\"https:\/\/www.estrategiaconcursos.com.br\/blog\/nomeacao-concurso-prefeitura-de-porto-seguro-2019\/\"},\"author\":{\"name\":\"Elo\u00edsa da Rosa Ferro\",\"@id\":\"https:\/\/www.estrategiaconcursos.com.br\/blog\/#\/schema\/person\/57d9394bb68400dbec62ff8a943ab201\"},\"headline\":\"Nova nomea\u00e7\u00e3o do concurso da Prefeitura de Porto Seguro (2019)\",\"datePublished\":\"2021-08-20T21:43:03+00:00\",\"dateModified\":\"2021-08-21T14:12:18+00:00\",\"mainEntityOfPage\":{\"@id\":\"https:\/\/www.estrategiaconcursos.com.br\/blog\/nomeacao-concurso-prefeitura-de-porto-seguro-2019\/\"},\"wordCount\":461,\"commentCount\":0,\"publisher\":{\"@id\":\"https:\/\/www.estrategiaconcursos.com.br\/blog\/#organization\"},\"image\":{\"@id\":\"https:\/\/www.estrategiaconcursos.com.br\/blog\/nomeacao-concurso-prefeitura-de-porto-seguro-2019\/#primaryimage\"},\"thumbnailUrl\":\"https:\/\/dhg1h5j42swfq.cloudfront.net\/2019\/10\/28100829\/Prefeitura-Porto-Seguro-BA.jpg\",\"articleSection\":[\"Executivo (Administrativa)\",\"\u00daltimas not\u00edcias\"],\"inLanguage\":\"pt-BR\",\"potentialAction\":[{\"@type\":\"CommentAction\",\"name\":\"Comment\",\"target\":[\"https:\/\/www.estrategiaconcursos.com.br\/blog\/nomeacao-concurso-prefeitura-de-porto-seguro-2019\/#respond\"]}],\"copyrightYear\":\"2021\",\"copyrightHolder\":{\"@id\":\"https:\/\/www.estrategiaconcursos.com.br\/blog\/#organization\"}},{\"@type\":\"WebPage\",\"@id\":\"https:\/\/www.estrategiaconcursos.com.br\/blog\/nomeacao-concurso-prefeitura-de-porto-seguro-2019\/\",\"url\":\"https:\/\/www.estrategiaconcursos.com.br\/blog\/nomeacao-concurso-prefeitura-de-porto-seguro-2019\/\",\"name\":\"Nova nomea\u00e7\u00e3o do concurso da Prefeitura de Porto Seguro (2019)\",\"isPartOf\":{\"@id\":\"https:\/\/www.estrategiaconcursos.com.br\/blog\/#website\"},\"primaryImageOfPage\":{\"@id\":\"https:\/\/www.estrategiaconcursos.com.br\/blog\/nomeacao-concurso-prefeitura-de-porto-seguro-2019\/#primaryimage\"},\"image\":{\"@id\":\"https:\/\/www.estrategiaconcursos.com.br\/blog\/nomeacao-concurso-prefeitura-de-porto-seguro-2019\/#primaryimage\"},\"thumbnailUrl\":\"https:\/\/dhg1h5j42swfq.cloudfront.net\/2019\/10\/28100829\/Prefeitura-Porto-Seguro-BA.jpg\",\"datePublished\":\"2021-08-20T21:43:03+00:00\",\"dateModified\":\"2021-08-21T14:12:18+00:00\",\"description\":\"A Prefeitura de Porto Seguro precisou realizar nomea\u00e7\u00e3o e efetivar candidatos aprovados por cadastro de reserva em concurso realizado em 2019\",\"breadcrumb\":{\"@id\":\"https:\/\/www.estrategiaconcursos.com.br\/blog\/nomeacao-concurso-prefeitura-de-porto-seguro-2019\/#breadcrumb\"},\"inLanguage\":\"pt-BR\",\"potentialAction\":[{\"@type\":\"ReadAction\",\"target\":[\"https:\/\/www.estrategiaconcursos.com.br\/blog\/nomeacao-concurso-prefeitura-de-porto-seguro-2019\/\"]}]},{\"@type\":\"ImageObject\",\"inLanguage\":\"pt-BR\",\"@id\":\"https:\/\/www.estrategiaconcursos.com.br\/blog\/nomeacao-concurso-prefeitura-de-porto-seguro-2019\/#primaryimage\",\"url\":\"https:\/\/dhg1h5j42swfq.cloudfront.net\/2019\/10\/28100829\/Prefeitura-Porto-Seguro-BA.jpg\",\"contentUrl\":\"https:\/\/dhg1h5j42swfq.cloudfront.net\/2019\/10\/28100829\/Prefeitura-Porto-Seguro-BA.jpg\",\"width\":1200,\"height\":628,\"caption\":\"nomea\u00e7\u00e3o prefeitura porto seguro\"},{\"@type\":\"BreadcrumbList\",\"@id\":\"https:\/\/www.estrategiaconcursos.com.br\/blog\/nomeacao-concurso-prefeitura-de-porto-seguro-2019\/#breadcrumb\",\"itemListElement\":[{\"@type\":\"ListItem\",\"position\":1,\"name\":\"In\u00edcio\",\"item\":\"https:\/\/www.estrategiaconcursos.com.br\/blog\/\"},{\"@type\":\"ListItem\",\"position\":2,\"name\":\"Nova nomea\u00e7\u00e3o do concurso da Prefeitura de Porto Seguro (2019)\"}]},{\"@type\":\"WebSite\",\"@id\":\"https:\/\/www.estrategiaconcursos.com.br\/blog\/#website\",\"url\":\"https:\/\/www.estrategiaconcursos.com.br\/blog\/\",\"name\":\"Estrat\u00e9gia Concursos\",\"description\":\"O blog da Estrat\u00e9gia Concursos traz not\u00edcias sobre concursos e artigos de professores oferecendo cursos para concursos (pdf + videaulas) no site.\",\"publisher\":{\"@id\":\"https:\/\/www.estrategiaconcursos.com.br\/blog\/#organization\"},\"potentialAction\":[{\"@type\":\"SearchAction\",\"target\":{\"@type\":\"EntryPoint\",\"urlTemplate\":\"https:\/\/www.estrategiaconcursos.com.br\/blog\/?s={search_term_string}\"},\"query-input\":{\"@type\":\"PropertyValueSpecification\",\"valueRequired\":true,\"valueName\":\"search_term_string\"}}],\"inLanguage\":\"pt-BR\"},{\"@type\":\"Organization\",\"@id\":\"https:\/\/www.estrategiaconcursos.com.br\/blog\/#organization\",\"name\":\"Estrat\u00e9gia Concursos\",\"url\":\"https:\/\/www.estrategiaconcursos.com.br\/blog\/\",\"logo\":{\"@type\":\"ImageObject\",\"inLanguage\":\"pt-BR\",\"@id\":\"https:\/\/www.estrategiaconcursos.com.br\/blog\/#\/schema\/logo\/image\/\",\"url\":\"https:\/\/dhg1h5j42swfq.cloudfront.net\/2025\/06\/03203428\/logo_concursos-1.jpg\",\"contentUrl\":\"https:\/\/dhg1h5j42swfq.cloudfront.net\/2025\/06\/03203428\/logo_concursos-1.jpg\",\"width\":230,\"height\":60,\"caption\":\"Estrat\u00e9gia Concursos\"},\"image\":{\"@id\":\"https:\/\/www.estrategiaconcursos.com.br\/blog\/#\/schema\/logo\/image\/\"},\"sameAs\":[\"https:\/\/x.com\/EstratConcursos\"]},{\"@type\":\"Person\",\"@id\":\"https:\/\/www.estrategiaconcursos.com.br\/blog\/#\/schema\/person\/57d9394bb68400dbec62ff8a943ab201\",\"name\":\"Elo\u00edsa da Rosa Ferro\",\"image\":{\"@type\":\"ImageObject\",\"inLanguage\":\"pt-BR\",\"@id\":\"https:\/\/secure.gravatar.com\/avatar\/?s=96&d=mm&r=g\",\"url\":\"https:\/\/secure.gravatar.com\/avatar\/?s=96&d=mm&r=g\",\"contentUrl\":\"https:\/\/secure.gravatar.com\/avatar\/?s=96&d=mm&r=g\",\"caption\":\"Elo\u00edsa da Rosa Ferro\"},\"url\":\"https:\/\/www.estrategiaconcursos.com.br\/blog\/author\/eloisa-ferro\/\"}]}<\/script>\n<!-- \/ Yoast SEO Premium plugin. -->","yoast_head_json":{"title":"Nova nomea\u00e7\u00e3o do concurso da Prefeitura de Porto Seguro (2019)","description":"A Prefeitura de Porto Seguro precisou realizar nomea\u00e7\u00e3o e efetivar candidatos aprovados por cadastro de reserva em concurso realizado em 2019","robots":{"index":"index","follow":"follow","max-snippet":"max-snippet:-1","max-image-preview":"max-image-preview:large","max-video-preview":"max-video-preview:-1"},"canonical":"https:\/\/www.estrategiaconcursos.com.br\/blog\/nomeacao-concurso-prefeitura-de-porto-seguro-2019\/","og_locale":"pt_BR","og_type":"article","og_title":"Nova nomea\u00e7\u00e3o do concurso da Prefeitura de Porto Seguro (2019)","og_description":"A Prefeitura de Porto Seguro precisou realizar nomea\u00e7\u00e3o e efetivar candidatos aprovados por cadastro de reserva em concurso realizado em 2019","og_url":"https:\/\/www.estrategiaconcursos.com.br\/blog\/nomeacao-concurso-prefeitura-de-porto-seguro-2019\/","og_site_name":"Estrat\u00e9gia Concursos","article_published_time":"2021-08-20T21:43:03+00:00","article_modified_time":"2021-08-21T14:12:18+00:00","og_image":[{"width":1200,"height":628,"url":"https:\/\/dhg1h5j42swfq.cloudfront.net\/2019\/10\/28100829\/Prefeitura-Porto-Seguro-BA.jpg","type":"image\/jpeg"}],"author":"Elo\u00edsa da Rosa Ferro","twitter_card":"summary_large_image","twitter_creator":"@EstratConcursos","twitter_site":"@EstratConcursos","twitter_misc":{"Escrito por":"Elo\u00edsa da Rosa Ferro","Est. tempo de leitura":"3 minutos"},"schema":{"@context":"https:\/\/schema.org","@graph":[{"@type":"NewsArticle","@id":"https:\/\/www.estrategiaconcursos.com.br\/blog\/nomeacao-concurso-prefeitura-de-porto-seguro-2019\/#article","isPartOf":{"@id":"https:\/\/www.estrategiaconcursos.com.br\/blog\/nomeacao-concurso-prefeitura-de-porto-seguro-2019\/"},"author":{"name":"Elo\u00edsa da Rosa Ferro","@id":"https:\/\/www.estrategiaconcursos.com.br\/blog\/#\/schema\/person\/57d9394bb68400dbec62ff8a943ab201"},"headline":"Nova nomea\u00e7\u00e3o do concurso da Prefeitura de Porto Seguro (2019)","datePublished":"2021-08-20T21:43:03+00:00","dateModified":"2021-08-21T14:12:18+00:00","mainEntityOfPage":{"@id":"https:\/\/www.estrategiaconcursos.com.br\/blog\/nomeacao-concurso-prefeitura-de-porto-seguro-2019\/"},"wordCount":461,"commentCount":0,"publisher":{"@id":"https:\/\/www.estrategiaconcursos.com.br\/blog\/#organization"},"image":{"@id":"https:\/\/www.estrategiaconcursos.com.br\/blog\/nomeacao-concurso-prefeitura-de-porto-seguro-2019\/#primaryimage"},"thumbnailUrl":"https:\/\/dhg1h5j42swfq.cloudfront.net\/2019\/10\/28100829\/Prefeitura-Porto-Seguro-BA.jpg","articleSection":["Executivo (Administrativa)","\u00daltimas not\u00edcias"],"inLanguage":"pt-BR","potentialAction":[{"@type":"CommentAction","name":"Comment","target":["https:\/\/www.estrategiaconcursos.com.br\/blog\/nomeacao-concurso-prefeitura-de-porto-seguro-2019\/#respond"]}],"copyrightYear":"2021","copyrightHolder":{"@id":"https:\/\/www.estrategiaconcursos.com.br\/blog\/#organization"}},{"@type":"WebPage","@id":"https:\/\/www.estrategiaconcursos.com.br\/blog\/nomeacao-concurso-prefeitura-de-porto-seguro-2019\/","url":"https:\/\/www.estrategiaconcursos.com.br\/blog\/nomeacao-concurso-prefeitura-de-porto-seguro-2019\/","name":"Nova nomea\u00e7\u00e3o do concurso da Prefeitura de Porto Seguro (2019)","isPartOf":{"@id":"https:\/\/www.estrategiaconcursos.com.br\/blog\/#website"},"primaryImageOfPage":{"@id":"https:\/\/www.estrategiaconcursos.com.br\/blog\/nomeacao-concurso-prefeitura-de-porto-seguro-2019\/#primaryimage"},"image":{"@id":"https:\/\/www.estrategiaconcursos.com.br\/blog\/nomeacao-concurso-prefeitura-de-porto-seguro-2019\/#primaryimage"},"thumbnailUrl":"https:\/\/dhg1h5j42swfq.cloudfront.net\/2019\/10\/28100829\/Prefeitura-Porto-Seguro-BA.jpg","datePublished":"2021-08-20T21:43:03+00:00","dateModified":"2021-08-21T14:12:18+00:00","description":"A Prefeitura de Porto Seguro precisou realizar nomea\u00e7\u00e3o e efetivar candidatos aprovados por cadastro de reserva em concurso realizado em 2019","breadcrumb":{"@id":"https:\/\/www.estrategiaconcursos.com.br\/blog\/nomeacao-concurso-prefeitura-de-porto-seguro-2019\/#breadcrumb"},"inLanguage":"pt-BR","potentialAction":[{"@type":"ReadAction","target":["https:\/\/www.estrategiaconcursos.com.br\/blog\/nomeacao-concurso-prefeitura-de-porto-seguro-2019\/"]}]},{"@type":"ImageObject","inLanguage":"pt-BR","@id":"https:\/\/www.estrategiaconcursos.com.br\/blog\/nomeacao-concurso-prefeitura-de-porto-seguro-2019\/#primaryimage","url":"https:\/\/dhg1h5j42swfq.cloudfront.net\/2019\/10\/28100829\/Prefeitura-Porto-Seguro-BA.jpg","contentUrl":"https:\/\/dhg1h5j42swfq.cloudfront.net\/2019\/10\/28100829\/Prefeitura-Porto-Seguro-BA.jpg","width":1200,"height":628,"caption":"nomea\u00e7\u00e3o prefeitura porto seguro"},{"@type":"BreadcrumbList","@id":"https:\/\/www.estrategiaconcursos.com.br\/blog\/nomeacao-concurso-prefeitura-de-porto-seguro-2019\/#breadcrumb","itemListElement":[{"@type":"ListItem","position":1,"name":"In\u00edcio","item":"https:\/\/www.estrategiaconcursos.com.br\/blog\/"},{"@type":"ListItem","position":2,"name":"Nova nomea\u00e7\u00e3o do concurso da Prefeitura de Porto Seguro (2019)"}]},{"@type":"WebSite","@id":"https:\/\/www.estrategiaconcursos.com.br\/blog\/#website","url":"https:\/\/www.estrategiaconcursos.com.br\/blog\/","name":"Estrat\u00e9gia Concursos","description":"O blog da Estrat\u00e9gia Concursos traz not\u00edcias sobre concursos e artigos de professores oferecendo cursos para concursos (pdf + videaulas) no site.","publisher":{"@id":"https:\/\/www.estrategiaconcursos.com.br\/blog\/#organization"},"potentialAction":[{"@type":"SearchAction","target":{"@type":"EntryPoint","urlTemplate":"https:\/\/www.estrategiaconcursos.com.br\/blog\/?s={search_term_string}"},"query-input":{"@type":"PropertyValueSpecification","valueRequired":true,"valueName":"search_term_string"}}],"inLanguage":"pt-BR"},{"@type":"Organization","@id":"https:\/\/www.estrategiaconcursos.com.br\/blog\/#organization","name":"Estrat\u00e9gia Concursos","url":"https:\/\/www.estrategiaconcursos.com.br\/blog\/","logo":{"@type":"ImageObject","inLanguage":"pt-BR","@id":"https:\/\/www.estrategiaconcursos.com.br\/blog\/#\/schema\/logo\/image\/","url":"https:\/\/dhg1h5j42swfq.cloudfront.net\/2025\/06\/03203428\/logo_concursos-1.jpg","contentUrl":"https:\/\/dhg1h5j42swfq.cloudfront.net\/2025\/06\/03203428\/logo_concursos-1.jpg","width":230,"height":60,"caption":"Estrat\u00e9gia Concursos"},"image":{"@id":"https:\/\/www.estrategiaconcursos.com.br\/blog\/#\/schema\/logo\/image\/"},"sameAs":["https:\/\/x.com\/EstratConcursos"]},{"@type":"Person","@id":"https:\/\/www.estrategiaconcursos.com.br\/blog\/#\/schema\/person\/57d9394bb68400dbec62ff8a943ab201","name":"Elo\u00edsa da Rosa Ferro","image":{"@type":"ImageObject","inLanguage":"pt-BR","@id":"https:\/\/secure.gravatar.com\/avatar\/?s=96&d=mm&r=g","url":"https:\/\/secure.gravatar.com\/avatar\/?s=96&d=mm&r=g","contentUrl":"https:\/\/secure.gravatar.com\/avatar\/?s=96&d=mm&r=g","caption":"Elo\u00edsa da Rosa Ferro"},"url":"https:\/\/www.estrategiaconcursos.com.br\/blog\/author\/eloisa-ferro\/"}]}},"_links":{"self":[{"href":"https:\/\/www.estrategiaconcursos.com.br\/blog\/wp-json\/wp\/v2\/posts\/841659","targetHints":{"allow":["GET"]}}],"collection":[{"href":"https:\/\/www.estrategiaconcursos.com.br\/blog\/wp-json\/wp\/v2\/posts"}],"about":[{"href":"https:\/\/www.estrategiaconcursos.com.br\/blog\/wp-json\/wp\/v2\/types\/post"}],"author":[{"embeddable":true,"href":"https:\/\/www.estrategiaconcursos.com.br\/blog\/wp-json\/wp\/v2\/users\/2099"}],"replies":[{"embeddable":true,"href":"https:\/\/www.estrategiaconcursos.com.br\/blog\/wp-json\/wp\/v2\/comments?post=841659"}],"version-history":[{"count":9,"href":"https:\/\/www.estrategiaconcursos.com.br\/blog\/wp-json\/wp\/v2\/posts\/841659\/revisions"}],"predecessor-version":[{"id":841987,"href":"https:\/\/www.estrategiaconcursos.com.br\/blog\/wp-json\/wp\/v2\/posts\/841659\/revisions\/841987"}],"wp:featuredmedia":[{"embeddable":true,"href":"https:\/\/www.estrategiaconcursos.com.br\/blog\/wp-json\/wp\/v2\/media\/440805"}],"wp:attachment":[{"href":"https:\/\/www.estrategiaconcursos.com.br\/blog\/wp-json\/wp\/v2\/media?parent=841659"}],"wp:term":[{"taxonomy":"category","embeddable":true,"href":"https:\/\/www.estrategiaconcursos.com.br\/blog\/wp-json\/wp\/v2\/categories?post=841659"},{"taxonomy":"post_tag","embeddable":true,"href":"https:\/\/www.estrategiaconcursos.com.br\/blog\/wp-json\/wp\/v2\/tags?post=841659"},{"taxonomy":"tax_estado","embeddable":true,"href":"https:\/\/www.estrategiaconcursos.com.br\/blog\/wp-json\/wp\/v2\/tax_estado?post=841659"}],"curies":[{"name":"wp","href":"https:\/\/api.w.org\/{rel}","templated":true}]}}