{"id":841358,"date":"2021-08-21T19:00:00","date_gmt":"2021-08-21T22:00:00","guid":{"rendered":"https:\/\/www.estrategiaconcursos.com.br\/blog\/?p=841358"},"modified":"2021-08-24T09:09:00","modified_gmt":"2021-08-24T12:09:00","slug":"gabarito-extraoficial-pcdf-escrivao","status":"publish","type":"post","link":"https:\/\/www.estrategiaconcursos.com.br\/blog\/gabarito-extraoficial-pcdf-escrivao\/","title":{"rendered":"Gabarito Extraoficial PCDF Escriv\u00e3o: confira a corre\u00e7\u00e3o da prova"},"content":{"rendered":"\n<p>Aconteceu neste s\u00e1bado, 21 de agosto de 2021, a aplica\u00e7\u00e3o da prova objetiva do<strong><em>&nbsp;concurso PCDF&nbsp;<\/em><\/strong>(Pol\u00edcia Civil do Distrito Federal) para a especialidade de Escriv\u00e3o.<\/p>\n\n\n\n<p>Sob organiza\u00e7\u00e3o do Cebraspe, os candidatos enfrentar\u00e3o&nbsp;<strong>120 quest\u00f5es<\/strong>. <em><strong>Para aqueles mais ansiosos, estamos realizando a corre\u00e7\u00e3o da prova, al\u00e9m do gabarito extraoficial.&nbsp;N\u00e3o deixe de nos acompanhar em tempo real e conferir seu desempenho.&nbsp;<\/strong><\/em><\/p>\n\n\n\n<h2 class=\"wp-block-heading\" id=\"h-corre-o-de-prova-do-concurso-pcdf\">Corre\u00e7\u00e3o de prova do concurso PCDF<\/h2>\n\n\n<figure class=\"wp-block-embed-youtube wp-block-embed is-type-video is-provider-youtube wp-embed-aspect-16-9 wp-has-aspect-ratio\"><div class=\"lyte-wrapper\" style=\"width:853px;max-width:100%;margin:5px;\"><div class=\"lyMe\" id=\"WYL_GSjSmptFEpA\"><div id=\"lyte_GSjSmptFEpA\" data-src=\"\/\/i.ytimg.com\/vi\/GSjSmptFEpA\/hqdefault.jpg\" class=\"pL\"><div class=\"tC\"><div class=\"tT\"><\/div><\/div><div class=\"play\"><\/div><div class=\"ctrl\"><div class=\"Lctrl\"><\/div><div class=\"Rctrl\"><\/div><\/div><\/div><noscript><a href=\"https:\/\/youtu.be\/GSjSmptFEpA\" rel=\"nofollow\"><img loading=\"lazy\" decoding=\"async\" src=\"https:\/\/i.ytimg.com\/vi\/GSjSmptFEpA\/0.jpg\" alt=\"YouTube video thumbnail\" width=\"853\" height=\"460\" \/><br \/>Assista a este v\u00eddeo no YouTube<\/a><\/noscript><\/div><\/div><div class=\"lL\" style=\"max-width:100%;width:853px;margin:5px;\"><\/div><figcaption><\/figcaption><\/figure>\n\n\n<h2 class=\"wp-block-heading\" id=\"h-gabarito-extraoficial-pcdf-escriv-o\">Gabarito Extraoficial PCDF Escriv\u00e3o<\/h2>\n\n\n\n<p><strong>Quest\u00e3o 1:&nbsp;<\/strong>A corre\u00e7\u00e3o gramatical&#8230;<br \/><strong><em>Resposta:&nbsp;<\/em><\/strong>Certo<\/p>\n\n\n\n<p><strong>Quest\u00e3o 2:&nbsp;<\/strong>As formas verbais &#8220;dizem&#8221; e &#8220;afirma&#8221;&#8230;<br \/><strong><em>Resposta:&nbsp;<\/em><\/strong>Errado <\/p>\n\n\n\n<p><strong>Quest\u00e3o 3:&nbsp;<\/strong>Seria mantida a corre\u00e7\u00e3o&#8230;<br \/><strong><em>Resposta:&nbsp;<\/em><\/strong>Certo<\/p>\n\n\n\n<p><strong>Quest\u00e3o 4:&nbsp;<\/strong>No trecho &#8220;e previa o combate&#8230;&#8221;<br \/><strong><em>Resposta:&nbsp;<\/em><\/strong>Errado<\/p>\n\n\n\n<p><strong>Quest\u00e3o 5:&nbsp;<\/strong>Sem preju\u00edzo da corre\u00e7\u00e3o&#8230;<br \/><strong><em>Resposta:&nbsp;<\/em><\/strong>Errado<\/p>\n\n\n\n<p><strong>Quest\u00e3o 6:&nbsp;<\/strong>O principal objetivo&#8230;<br \/><strong><em>Resposta:&nbsp;<\/em><\/strong>Errado<\/p>\n\n\n\n<p><strong>Quest\u00e3o 7:&nbsp;<\/strong>No texto, a autora&#8230;<br \/><strong><em>Resposta:&nbsp;<\/em><\/strong>Errado<\/p>\n\n\n\n<p><strong>Quest\u00e3o 8:&nbsp;<\/strong>No trecho &#8220;muitas delas&#8230;&#8221;<br \/><strong><em>Resposta:&nbsp;<\/em><\/strong>Errado<\/p>\n\n\n\n<p><strong>Quest\u00e3o 9:&nbsp;<\/strong>O texto \u00e9 predominantemente&#8230;<br \/><strong><em>Resposta:&nbsp;<\/em><\/strong>Certo<\/p>\n\n\n\n<p><strong>Quest\u00e3o 10:&nbsp;<\/strong>Seria mantida a corre\u00e7\u00e3o&#8230;<br \/><strong><em>Resposta:&nbsp;<\/em><\/strong>Certo<\/p>\n\n\n\n<p><strong>Quest\u00e3o 11:&nbsp;<\/strong>Conclui-se do texto&#8230;<br \/><strong><em>Resposta:&nbsp;<\/em><\/strong>Errado<\/p>\n\n\n\n<p><strong>Quest\u00e3o 12:&nbsp;<\/strong>Sem preju\u00edzo do sentido&#8230;<br \/><strong><em>Resposta:&nbsp;<\/em><\/strong>Certo<\/p>\n\n\n\n<p><strong>Quest\u00e3o 13:&nbsp;<\/strong>O termo &#8220;pelo g\u00eanero&#8221;&#8230;<br \/><strong><em>Resposta:&nbsp;<\/em><\/strong>Errado<\/p>\n\n\n\n<p><strong>Quest\u00e3o 14:&nbsp;<\/strong>A autora defende que&#8230;<br \/><strong><em>Resposta:&nbsp;<\/em><\/strong>Certo<\/p>\n\n\n\n<p><strong>Quest\u00e3o 15:&nbsp;<\/strong>No \u00faltimo per\u00edodo&#8230;<br \/><strong><em>Resposta:&nbsp;<\/em><\/strong>Certo<\/p>\n\n\n\n<p><strong>Quest\u00e3o 16:&nbsp;<\/strong>Nessa narra\u00e7\u00e3o, a personagem&#8230;<br \/><strong><em>Resposta:&nbsp;<\/em><\/strong>Certo<\/p>\n\n\n\n<p><strong>Quest\u00e3o 17:&nbsp;<\/strong>Os sentidos e a corre\u00e7\u00e3o&#8230;<br \/><strong><em>Resposta:&nbsp;<\/em><\/strong>Certo<\/p>\n\n\n\n<p><strong>Quest\u00e3o 18:&nbsp;<\/strong>Os sentidos originais&#8230;<br \/><strong><em>Resposta:&nbsp;<\/em><\/strong>Certo<\/p>\n\n\n\n<p><strong>Quest\u00e3o 19:&nbsp;<\/strong>O fio dental enredado&#8230;<br \/><strong><em>Resposta:<\/em><\/strong> Certo<\/p>\n\n\n\n<p><strong>Quest\u00e3o 20:&nbsp;<\/strong>No trecho&#8230;<br \/><strong><em>Resposta:&nbsp;<\/em><\/strong>Certo<\/p>\n\n\n\n<p><strong>Quest\u00e3o 21:&nbsp;<\/strong>No trecho &#8220;quando me lembro dessa noite&#8221;&#8230;<br \/><strong><em>Resposta:&nbsp;<\/em><\/strong>Errado<\/p>\n\n\n\n<p><strong>Quest\u00e3o 22:&nbsp;<\/strong>O emprego de &#8220;princesa&#8221;&#8230;<br \/><strong><em>Resposta:&nbsp;<\/em><\/strong>Errado<\/p>\n\n\n\n<p><strong>Quest\u00e3o 23:\u00a0<\/strong>In the first paragraph&#8230;<br \/><strong><em>Resposta:\u00a0<\/em><\/strong>Errado<\/p>\n\n\n\n<p><strong>Quest\u00e3o 24:&nbsp;<\/strong>The expression&#8230;<br \/><strong><em>Resposta:&nbsp;<\/em><\/strong>Certo<\/p>\n\n\n\n<p><strong>Quest\u00e3o 25:&nbsp;<\/strong>The expression &#8220;Cops mentoring Kids&#8221;&#8230;<br \/><strong><em>Resposta:&nbsp;<\/em><\/strong>Errado<\/p>\n\n\n\n<p><strong>Quest\u00e3o 26:&nbsp;<\/strong>In line 5&#8230;<br \/><strong><em>Resposta:&nbsp;<\/em><\/strong>Certo<\/p>\n\n\n\n<p><strong>Quest\u00e3o 27:&nbsp;<\/strong>It can be&#8230;<br \/><strong><em>Resposta:&nbsp;<\/em><\/strong>Certo<\/p>\n\n\n\n<p><strong>Quest\u00e3o 28:&nbsp;<\/strong>The effects&#8230;<br \/><strong><em>Resposta:&nbsp;<\/em><\/strong>Errado<\/p>\n\n\n\n<p><strong>Quest\u00e3o 29:&nbsp;<\/strong>The common-sense&#8230;<br \/><strong><em>Resposta:&nbsp;<\/em><\/strong>Errado<\/p>\n\n\n\n<p><strong>Quest\u00e3o 30:&nbsp;<\/strong>Before the study&#8230;<br \/><strong><em>Resposta:&nbsp;<\/em><\/strong>Certo<\/p>\n\n\n\n<p><strong>Quest\u00e3o 31:\u00a0<\/strong>Melanocytes are hair&#8230;<br \/><strong><em>Resposta:\u00a0<\/em><\/strong>Errado<\/p>\n\n\n\n<p><strong>Quest\u00e3o 32:&nbsp;<\/strong>The word&#8230;<br \/><strong><em>Resposta:&nbsp;<\/em><\/strong>Certo<\/p>\n\n\n\n<p><strong>Quest\u00e3o 33:&nbsp;<\/strong>A RIDE foi criada&#8230;<br \/><strong><em>Resposta:&nbsp;<\/em><\/strong> Certo<\/p>\n\n\n\n<p><strong>Quest\u00e3o 34:&nbsp;<\/strong>Bras\u00edlia \u00e9 apontada&#8230;<br \/><strong><em>Resposta:&nbsp;<\/em><\/strong>Certo<\/p>\n\n\n\n<p><strong>Quest\u00e3o 35:&nbsp;<\/strong>\u00c9 correto afirmar que&#8230;<br \/><strong><em>Resposta:&nbsp;<\/em><\/strong>Errado<\/p>\n\n\n\n<p><strong>Quest\u00e3o 36:&nbsp;<\/strong>No Distrito Federal&#8230;<br \/><strong><em>Resposta:<\/em><\/strong> Errado<\/p>\n\n\n\n<p><strong>Quest\u00e3o 37:&nbsp;<\/strong>O Programa de Assentamento&#8230;<br \/><strong><em>Resposta:&nbsp;<\/em><\/strong>Certo<\/p>\n\n\n\n<p><strong>Quest\u00e3o 38:&nbsp;<\/strong>Os n\u00facleos urbanos&#8230;<br \/><strong><em>Resposta:<\/em><\/strong> Errado<\/p>\n\n\n\n<p><strong>Quest\u00e3o 39:&nbsp;<\/strong>A ouvidoria \u00e9 o \u00f3rg\u00e3o&#8230;<br \/><strong><em>Resposta:&nbsp;<\/em><\/strong>Errado<\/p>\n\n\n\n<p><strong>Quest\u00e3o 40:&nbsp;<\/strong>A cess\u00e3o de escriv\u00e3o&#8230;<br \/><strong><em>Resposta:&nbsp;<\/em><\/strong>Certo<\/p>\n\n\n\n<p><strong>Quest\u00e3o 41:&nbsp;<\/strong>As atribui\u00e7\u00f5es da divis\u00e3o&#8230;<br \/><strong><em>Resposta:&nbsp;<\/em><\/strong>Certo<\/p>\n\n\n\n<p><strong>Quest\u00e3o 42:&nbsp;<\/strong>A fun\u00e7\u00e3o de Escriv\u00e3o&#8230;<br \/><strong><em>Resposta:&nbsp;<\/em><\/strong>Certo<\/p>\n\n\n\n<p><strong>Quest\u00e3o 43:&nbsp;<\/strong>Ato pr\u00f3prio do&#8230;<br \/><strong><em>Resposta:&nbsp;<\/em><\/strong>Errado<\/p>\n\n\n\n<p><strong>Quest\u00e3o 44:&nbsp;<\/strong>Policial Civil preso&#8230;<br \/><strong><em>Resposta:&nbsp;<\/em><\/strong>Errado<\/p>\n\n\n\n<p><strong>Quest\u00e3o 45:&nbsp;<\/strong>A perda da fun\u00e7\u00e3o&#8230;<br \/><strong><em>Resposta:&nbsp;<\/em><\/strong>Certo<\/p>\n\n\n\n<p><strong>Quest\u00e3o 46:&nbsp;<\/strong>Dada a penalidade imposta&#8230;<br \/><strong><em>Resposta:&nbsp;<\/em><\/strong>Errado<\/p>\n\n\n\n<p><strong>Quest\u00e3o 47:&nbsp;<\/strong>\u00c9 correto afirmar&#8230;<br \/><strong><em>Resposta:&nbsp;<\/em><\/strong>Certo<\/p>\n\n\n\n<p><strong>Quest\u00e3o 48:&nbsp;<\/strong>S\u00e3o princ\u00edpios institucionais&#8230;<br \/><strong><em>Resposta:&nbsp;<\/em><\/strong>Certo<\/p>\n\n\n\n<p><strong>Quest\u00e3o 49:&nbsp;<\/strong>As atividades dos Institutos&#8230;<br \/><strong><em>Resposta:&nbsp;<\/em><\/strong>Errado<\/p>\n\n\n\n<p><strong>Quest\u00e3o 50:\u00a0<\/strong>A independ\u00eancia funcional&#8230;<br \/><strong><em>Resposta:<\/em><\/strong>\u00a0Errado<\/p>\n\n\n\n<p><strong>Quest\u00e3o 51:&nbsp;<\/strong>O crime de tr\u00e1fico&#8230;<br \/><strong><em>Resposta:&nbsp;<\/em><\/strong>Errado<\/p>\n\n\n\n<p><strong>Quest\u00e3o 52:&nbsp;<\/strong>Por n\u00e3o ser&#8230;<br \/><strong><em>Resposta:&nbsp;<\/em><\/strong>Errado<\/p>\n\n\n\n<p><strong>Quest\u00e3o 53:&nbsp;<\/strong>Nessa situa\u00e7\u00e3o, o autor&#8230;<br \/><strong><em>Resposta:&nbsp;<\/em><\/strong>Certo<\/p>\n\n\n\n<p><strong>Quest\u00e3o 54:&nbsp;<\/strong>Caso o referido cidad\u00e3o&#8230;<br \/><strong><em>Resposta:&nbsp;<\/em><\/strong>Certo<\/p>\n\n\n\n<p><strong>Quest\u00e3o 55:&nbsp;<\/strong>Se ficar constatado que&#8230;<br \/><strong><em>Resposta:&nbsp;<\/em><\/strong>Certo<\/p>\n\n\n\n<p><strong>Quest\u00e3o 56:&nbsp;<\/strong>Se for comprovado que&#8230;<br \/><strong><em>Resposta:<\/em><\/strong>&nbsp;Certo<\/p>\n\n\n\n<p><strong>Quest\u00e3o 57:&nbsp;<\/strong>Considerando-se as&#8230;<br \/><strong><em>Resposta:&nbsp;<\/em><\/strong>Errado<\/p>\n\n\n\n<p><strong>Quest\u00e3o 58:&nbsp;<\/strong>A pena de morte \u00e9&#8230;<br \/><strong><em>Resposta:&nbsp;<\/em><\/strong>Errado<\/p>\n\n\n\n<p><strong>Quest\u00e3o 59:&nbsp;<\/strong>Em processo administrativo&#8230;<br \/><strong><em>Resposta:&nbsp;<\/em><\/strong>Errado<\/p>\n\n\n\n<p><strong>Quest\u00e3o 60:&nbsp;<\/strong>Os fundamentos que regem&#8230;<br \/><strong><em>Resposta:&nbsp;<\/em><\/strong>Errado<\/p>\n\n\n\n<p><strong>Quest\u00e3o 61:<\/strong> A obriga\u00e7\u00e3o de identifica\u00e7\u00e3o&#8230;<br \/><strong><em>Resposta:&nbsp;<\/em><\/strong>Certo<\/p>\n\n\n\n<p><strong>Quest\u00e3o 62:&nbsp;<\/strong>O texto apresentado&#8230;<br \/><strong><em>Resposta:&nbsp;<\/em><\/strong>Certo<\/p>\n\n\n\n<p><strong>Quest\u00e3o 63:<\/strong> Jorge n\u00e3o poder\u00e1&#8230;<br \/><strong><em>Resposta:&nbsp;<\/em><\/strong>Errado<\/p>\n\n\n\n<p><strong>Quest\u00e3o 64:&nbsp;<\/strong>Jamil praticou o&#8230;<br \/><strong><em>Resposta:&nbsp;<\/em><\/strong>Errado<\/p>\n\n\n\n<p><strong>Quest\u00e3o 65:&nbsp;<\/strong>\u00c9 correto afirmar que&#8230;<br \/><strong><em>Resposta:&nbsp;<\/em><\/strong>Certo<\/p>\n\n\n\n<p><strong>Quest\u00e3o 66:&nbsp;<\/strong>Denilson, artista de rua&#8230;<br \/><strong><em>Resposta:&nbsp;<\/em><\/strong>Errado<\/p>\n\n\n\n<p><strong>Quest\u00e3o 67:&nbsp;<\/strong>Ap\u00f3s ter sido roubada&#8230;<br \/><strong><em>Resposta:&nbsp;<\/em><\/strong>Certo<\/p>\n\n\n\n<p><strong>Quest\u00e3o 68:&nbsp;<\/strong>Situa\u00e7\u00e3o hipot\u00e9tica&#8230;<br \/><strong><em>Resposta:&nbsp;<\/em><\/strong>Errado<\/p>\n\n\n\n<p><strong>Quest\u00e3o 69:&nbsp;<\/strong>Configura crime de&#8230;<br \/><strong><em>Resposta:&nbsp;<\/em><\/strong>Certo<\/p>\n\n\n\n<p><strong>Quest\u00e3o 70:&nbsp;<\/strong>Em se tratando do&#8230;<br \/><strong><em>Resposta:&nbsp;<\/em><\/strong>Errado<\/p>\n\n\n\n<p><strong>Quest\u00e3o 71:&nbsp;Situa\u00e7\u00e3o hipot\u00e9tica:<\/strong> Carlos subtraiu&#8230;<br \/><strong><em>Resposta:&nbsp;<\/em><\/strong>Errado<\/p>\n\n\n\n<p><strong>Quest\u00e3o 72:&nbsp;<\/strong>O crime de les\u00e3o corporal&#8230;<br \/><strong><em>Resposta:&nbsp;<\/em><\/strong>Certo<\/p>\n\n\n\n<p><strong>Quest\u00e3o 73:&nbsp;<\/strong>Constitui crime&#8230;<br \/><strong><em>Resposta:&nbsp;<\/em><\/strong>Errado<\/p>\n\n\n\n<p><strong>Quest\u00e3o 74:&nbsp;<\/strong>Ainda que o eventual&#8230;<br \/><strong><em>Resposta:&nbsp;<\/em><\/strong>Errado<\/p>\n\n\n\n<p><strong>Quest\u00e3o 75:&nbsp;<\/strong>Durante o inqu\u00e9rito&#8230;<br \/><strong><em>Resposta:&nbsp;<\/em><\/strong>Errado<\/p>\n\n\n\n<p><strong>Quest\u00e3o 76:\u00a0<\/strong>O delegado n\u00e3o poder\u00e1&#8230;<br \/><strong><em>Resposta:\u00a0<\/em><\/strong>Errado<\/p>\n\n\n\n<p><strong>Quest\u00e3o 77:&nbsp;<\/strong>O conduzido n\u00e3o poder\u00e1&#8230;<br \/><strong><em>Resposta:&nbsp;<\/em><\/strong>Certo<\/p>\n\n\n\n<p><strong>Quest\u00e3o 78:&nbsp;<\/strong>Em raz\u00e3o da&#8230;<br \/><strong><em>Resposta:&nbsp;<\/em><\/strong>Errado<\/p>\n\n\n\n<p><strong>Quest\u00e3o 79:&nbsp;<\/strong>A lavratura de termo&#8230;<br \/><strong><em>Resposta:&nbsp;<\/em><\/strong>Certo<\/p>\n\n\n\n<p><strong>Quest\u00e3o 80:&nbsp;<\/strong>O indiciamento de&#8230;<br \/><strong><em>Resposta:&nbsp;<\/em><\/strong>Errado<\/p>\n\n\n\n<p><strong>Quest\u00e3o 81: <\/strong>Em se tratando de&#8230;<strong><br \/><em>Resposta:<\/em><\/strong> Errado<\/p>\n\n\n\n<p><strong>Quest\u00e3o 82: <\/strong>Ainda que n\u00e3o haja&#8230;<br \/><strong><em>Resposta: <\/em><\/strong>Certo<\/p>\n\n\n\n<p><strong>Quest\u00e3o 83:  <\/strong>Em caso de falta ou impedimento&#8230;<strong><br \/><em>Resposta: <\/em><\/strong>Certo<\/p>\n\n\n\n<p><strong>Quest\u00e3o 84: <\/strong>O preso, apesar&#8230;<strong><br \/><em>Resposta:<\/em><\/strong> Certo<\/p>\n\n\n\n<p><strong>Quest\u00e3o 85: <\/strong>Segundo a Constitui\u00e7\u00e3o Federal&#8230;<strong><br \/><em>Resposta:<\/em><\/strong> Certo<\/p>\n\n\n\n<p><strong>Quest\u00e3o 86:  <\/strong>Foi no per\u00edodo&#8230;<strong><br \/><em>Resposta:<\/em><\/strong> Errado<\/p>\n\n\n\n<p><strong>Quest\u00e3o 87: <\/strong>Ainda antes de cristo&#8230;<strong><br \/><em>Resposta:<\/em><\/strong> Certo<\/p>\n\n\n\n<p><strong>Quest\u00e3o 88: <\/strong>A declara\u00e7\u00e3o universal&#8230;<strong><br \/><em>Resposta:<\/em><\/strong> Errado<\/p>\n\n\n\n<p><strong>Quest\u00e3o 89: <\/strong>O procurador-geral da Rep\u00fablica&#8230;<strong><br \/><em>Resposta:<\/em><\/strong> Certo<\/p>\n\n\n\n<p><strong>Quest\u00e3o 90: <\/strong>Um dos objetivos&#8230;<strong><br \/><em>Resposta:<\/em><\/strong> Errado<\/p>\n\n\n\n<p><strong>Quest\u00e3o 91: <\/strong>Segundo a constitui\u00e7\u00e3o federal&#8230;<strong><br \/><em>Resposta:<\/em><\/strong> Errado<\/p>\n\n\n\n<p><strong>Quest\u00e3o 92: <\/strong>Os temas trazidos&#8230;<strong><br \/><em>Resposta:<\/em><\/strong> Errado<\/p>\n\n\n\n<p><strong>Quest\u00e3o 93: <\/strong>Caso se deseje&#8230;<strong><br \/><em>Resposta:<\/em><\/strong> Certo <\/p>\n\n\n\n<p><strong>Quest\u00e3o 94: <\/strong>Considere que a&#8230;<strong><br \/><em>Resposta:<\/em><\/strong> Certo <\/p>\n\n\n\n<p><strong>Quest\u00e3o 95: <\/strong>Sendo o HTTPS&#8230;<strong><br \/><em>Resposta:<\/em><\/strong> Errado <\/p>\n\n\n\n<p><strong>Quest\u00e3o 96: <\/strong>No Word&#8230;<strong><br \/><em>Resposta:<\/em><\/strong> Errado<\/p>\n\n\n\n<p><strong>Quest\u00e3o 97: <\/strong>No PowerPoint&#8230;<strong><br \/><em>Resposta:<\/em><\/strong> Certo<\/p>\n\n\n\n<p><strong>Quest\u00e3o 98: <\/strong>Sempre que uma&#8230;<strong><br \/><em>Resposta:<\/em><\/strong> Certo<\/p>\n\n\n\n<p><strong>Quest\u00e3o 99: <\/strong>Por meio de&#8230;<strong><br \/><em>Resposta:<\/em><\/strong> Certo<\/p>\n\n\n\n<p><strong>Quest\u00e3o 100: <\/strong>No Office 365, tanto no Word como no Powerpoint\u2026<strong><br \/><em>Resposta:<\/em><\/strong> Certo<\/p>\n\n\n\n<p><strong>Quest\u00e3o 101: <\/strong>Considerando-se que a c\u00e9lula D2 contenha a f\u00f3rmula\u2026<strong><br \/><em>Resposta:<\/em><\/strong> Errado<\/p>\n\n\n\n<p><strong>Quest\u00e3o 102: <\/strong>Considerando-se que a c\u00e9lula D5 contenha a f\u00f3rmula&#8230;<strong><br \/><em>Resposta:<\/em><\/strong> Errado<\/p>\n\n\n\n<p><strong>Quest\u00e3o 103: <\/strong>No modelo OSI (open systems interconnection), os dados trafegam\u2026<strong><br \/><em>Resposta:<\/em><\/strong> Errado<\/p>\n\n\n\n<p><strong>Quest\u00e3o 104: <\/strong>PPP (point to point protocol) \u00e9 um protocolo de comunica\u00e7\u00e3o que\u2026<strong><br \/><em>Resposta:<\/em><\/strong> Certo<\/p>\n\n\n\n<p><strong>Quest\u00e3o 105: <\/strong>O modelo OSI (open systems interconnection) possibilita a conex\u00e3o\u2026<strong><br \/><em>Resposta:<\/em><\/strong> Errado<\/p>\n\n\n\n<p><strong>Quest\u00e3o 106: <\/strong>O ODT (document type definition) define regras que\u2026<strong><br \/><em>Resposta:<\/em><\/strong> Certo<\/p>\n\n\n\n<p><strong>Quest\u00e3o 107: <\/strong>Para que as pragas virtuais denominadas worms ataquem\u2026<strong><br \/><em>Resposta:<\/em><\/strong> Errado<\/p>\n\n\n\n<p><strong>Quest\u00e3o 108: <\/strong>Firewall de proxy \u00e9 um aplicativo de seguran\u00e7a que\u2026<strong><br \/><em>Resposta:<\/em><\/strong> Errado<\/p>\n\n\n\n<p><strong>Quest\u00e3o 109: <\/strong>O n\u00famero m\u00e1ximo de possibilidades de senhas que\u2026<strong><br \/><em>Resposta:<\/em><\/strong> Errado<\/p>\n\n\n\n<p><strong>Quest\u00e3o 110: <\/strong>Sem a informa\u00e7\u00e3o de que o dia, o m\u00eas e o ano da cria\u00e7\u00e3o\u2026<strong><br \/><em>Resposta:<\/em><\/strong> Certo<\/p>\n\n\n\n<p><strong>Quest\u00e3o 111: <\/strong>De acordo com o modelo estabelecido, a quantidade de\u2026<strong><br \/><em>Resposta:<\/em><\/strong> Certo<\/p>\n\n\n\n<p><strong>Quest\u00e3o 112: <\/strong>Considerando-se apenas os candidatos que comparecem \u00e0\u2026<strong><br \/><em>Resposta:<\/em><\/strong> Errado<\/p>\n\n\n\n<p><strong>Quest\u00e3o 113: <\/strong>Se o jogador n\u00e3o tiver acertado nenhuma aposta..<strong><br \/><em>Resposta:<\/em><\/strong> Certo<\/p>\n\n\n\n<p><strong>Quest\u00e3o 114: <\/strong>Se o jogador vinha sempre errando suas apostas\u2026<strong><br \/><em>Resposta:<\/em><\/strong> Errado<\/p>\n\n\n\n<p><strong>Quest\u00e3o 115: <\/strong>A nega\u00e7\u00e3o da proposi\u00e7\u00e3o &#8220;Todos s\u00e3o iguais perante a lei&#8221;\u2026<strong><br \/><em>Resposta:<\/em><\/strong> Errado<\/p>\n\n\n\n<p><strong>Quest\u00e3o 116: <\/strong>A proposi\u00e7\u00e3o\u2026 e a proposi\u00e7\u00e3o q for falsa.<strong><br \/><em>Resposta:<\/em><\/strong> Errado<\/p>\n\n\n\n<p><strong>Quest\u00e3o 117: <\/strong>A proposi\u00e7\u00e3o &#8220;Se Paulo est\u00e1 mentindo, ent\u00e3o Maria n\u00e3o est\u00e1 mentindo&#8221;\u2026<strong><br \/><em>Resposta:<\/em><\/strong> Certo<\/p>\n\n\n\n<p><strong>Quest\u00e3o 118: <\/strong>Seis pessoas devem se reunir em uma mesa redonda, mas duas delas\u2026<strong><br \/><em>Resposta:<\/em><\/strong> Errado<\/p>\n\n\n\n<p><strong>Quest\u00e3o 119: <\/strong>No processo de investiga\u00e7\u00e3o de um crime, os suspeitos\u2026<strong><br \/><em>Resposta:<\/em><\/strong> Certo <\/p>\n\n\n\n<p><strong>Quest\u00e3o 120: <\/strong>Um foragido da justi\u00e7a, que gostava de se exibir perante seus comparsas e conhecia\u2026<strong><br \/><em>Resposta:<\/em><\/strong> Certo<\/p>\n\n\n\n<p>______________________________________________________________________________________________________________________________<\/p>\n\n\n\n<ul class=\"wp-block-list\"><li><a href=\"https:\/\/www.estrategiaconcursos.com.br\/blog\/gabarito-extraoficial-pcdf-direito-constitucional-escrivao\/\" target=\"_blank\" rel=\"noreferrer noopener\">Direito Constitucional<\/a><\/li><li><a href=\"https:\/\/www.estrategiaconcursos.com.br\/blog\/gabarito-extraoficial-pcdf-lodf-escrivao\/\" target=\"_blank\" rel=\"noreferrer noopener\">Lei Org\u00e2nica do DF<\/a><\/li><li><a href=\"https:\/\/www.estrategiaconcursos.com.br\/blog\/gabarito-extraoficial-pcdf-direitos-humanos-escrivao\/\" target=\"_blank\" rel=\"noreferrer noopener\">Direitos Humanos<\/a><\/li><li><a href=\"https:\/\/www.estrategiaconcursos.com.br\/blog\/gabarito-extraoficial-pcdf-improbidade-administrativa-escrivao\/\" target=\"_blank\" rel=\"noreferrer noopener\">Lei de Improbidade Administrativa<\/a><\/li><li><a href=\"https:\/\/www.estrategiaconcursos.com.br\/blog\/gabarito-extraoficial-pcdf-direito-penal-e-processual-penal-escrivao\/\" target=\"_blank\" rel=\"noreferrer noopener\">Direito Penal e Processual Penal<\/a><\/li><li><a href=\"https:\/\/www.estrategiaconcursos.com.br\/blog\/gabarito-extraoficial-pcdf-legislacao-escrivao\/\" target=\"_blank\" rel=\"noreferrer noopener\">Legisla\u00e7\u00e3o<\/a><\/li><li><a href=\"https:\/\/www.estrategiaconcursos.com.br\/blog\/gabarito-extraoficial-pcdf-conhecimentos-sobre-o-df-escrivao\/\" target=\"_blank\" rel=\"noreferrer noopener\">Conhecimentos sobre o DF<\/a><\/li><li><a href=\"https:\/\/www.estrategiaconcursos.com.br\/blog\/gabarito-extraoficial-pcdf-informatica-escrivao\/\" target=\"_blank\" rel=\"noreferrer noopener\">Inform\u00e1tica<\/a><\/li><\/ul>\n\n\n\n<p class=\"has-text-align-center has-black-color has-cyan-bluish-gray-background-color has-text-color has-background\" style=\"font-size:clamp(14px, 0.875rem + ((1vw - 3.2px) * 0.392), 18px);px\"><strong><a href=\"https:\/\/www.estrategiaconcursos.com.br\/blog\/concurso-pcdf\/\" target=\"_blank\" rel=\"noreferrer noopener\">Concurso PCDF<\/a><\/strong><\/p>\n\n\n\n<h2 class=\"has-text-align-center wp-block-heading\" id=\"curso\">Quer estudar para o concurso PCDF?<\/h2>\n\n\n\n<div class=\"container\" id=\"boxes\">\n  <div class=\"row\">\n\n    <div class=\"col-sm\">\n      <div class=\"banner-policial\" id=\"box-assinatura\">\n        <h3 class=\"titulo-assinatura\">Curso PCDF<\/h3>\n        <p class=\"subtitulo-assinatura\">Conhe\u00e7a os cursos<\/p>\n        <div class=\"box-botao\">\n          <a class=\"btn-assinatura\" target=\"_blank\" href=\"https:\/\/www.estrategiaconcursos.com.br\/cursosPorConcurso\/policia-civil-do-distrito-federal-pc-df\/\/\" role=\"button\" rel=\"noopener noreferrer\">Conhe\u00e7a mais<\/a>\n        <\/div>\n      <\/div>\n      <p class=\"texto-auxiliar\"><\/p>\n    <\/div>\n\n  <\/div>\n<\/div>\n\n\n\n<div class=\"container\" id=\"boxes\">\n  <div class=\"row\">\n\n    <div class=\"col-sm\">\n      <div class=\"estrategia\" id=\"box-assinatura\">\n        <h3 class=\"titulo-assinatura\">Assinatura de Concursos<\/h3>\n        <p class=\"subtitulo-assinatura\">Assinatura de 1 ano ou 2 anos<\/p>\n        <div class=\"box-botao\">\n          <a class=\"btn-assinatura\" target=\"_blank\" href=\"https:\/\/www.estrategiaconcursos.com.br\/assinaturas\/\" role=\"button\" rel=\"noopener noreferrer\">ASSINE AGORA<\/a>\n        <\/div>\n      <\/div>\n     \n    <\/div><\/div><\/div>\n\n\n\n<div class=\"container\" id=\"boxes\">\n  <div class=\"row\">\n\n    <div class=\"col-sm\" id=\"boxes-concursos\">\n      <div style=\"background-color: #005DAD;\" class=\"conteudo-concursos\" id=\"box-concursos\">\n        <h3 class=\"titulo-assinatura\">Concursos Abertos<\/h3>\n        <p class=\"subtitulo-assinatura\">Os editais publicados<\/p>\n        <div class=\"box-botao\">\n          <a class=\"btn-assinatura\" target=\"_blank\" href=\"https:\/\/www.estrategiaconcursos.com.br\/blog\/concursos-abertos\/\" role=\"button\" rel=\"noopener noreferrer\">Conhe\u00e7a Agora<\/a>\n        <\/div>\n      <\/div>\n    <\/div>\n\n    <div class=\"col-sm\" id=\"boxes-concursos\">\n      <div style=\"background-color: #1A7ED5;\" class=\"conteudo-concursos\" id=\"box-concursos\">\n        <h3 class=\"titulo-assinatura\">Concursos 2021<\/h3>\n        <p class=\"subtitulo-assinatura\">As oportunidades previstas<\/p>\n        <div class=\"box-botao\">\n          <a class=\"btn-assinatura\" target=\"_blank\" href=\"https:\/\/www.estrategiaconcursos.com.br\/blog\/concursos-2021\/\" role=\"button\" rel=\"noopener noreferrer\">Conhe\u00e7a Agora<\/a>\n        <\/div>\n      <\/div>\n    <\/div>\n\n    <div class=\"col-sm\" id=\"boxes-concursos\">\n      <div style=\"background-color: #419FF0;\" class=\"conteudo-concursos\" id=\"box-concursos\">\n        <h3 class=\"titulo-assinatura\">Concursos 2022<\/h3>\n        <p class=\"subtitulo-assinatura\">Vagas para o pr\u00f3ximo ano<\/p>\n        <div class=\"box-botao\">\n          <a class=\"btn-assinatura\" target=\"_blank\" href=\"https:\/\/www.estrategiaconcursos.com.br\/blog\/concursos-2022\/\" role=\"button\" rel=\"noopener noreferrer\">Conhe\u00e7a Agora<\/a>\n        <\/div>\n      <\/div>\n    <\/div>\n\n  <\/div>\n<\/div>\n\n\n\n<p><\/p>\n","protected":false},"excerpt":{"rendered":"<p>Aconteceu neste s\u00e1bado, 21 de agosto de 2021, a aplica\u00e7\u00e3o da prova objetiva do&nbsp;concurso PCDF&nbsp;(Pol\u00edcia Civil do Distrito Federal) para a especialidade de Escriv\u00e3o. Sob organiza\u00e7\u00e3o do Cebraspe, os candidatos enfrentar\u00e3o&nbsp;120 quest\u00f5es. Para aqueles mais ansiosos, estamos realizando a corre\u00e7\u00e3o da prova, al\u00e9m do gabarito extraoficial.&nbsp;N\u00e3o deixe de nos acompanhar em tempo real e conferir [&hellip;]<\/p>\n","protected":false},"author":1,"featured_media":756189,"comment_status":"open","ping_status":"closed","sticky":false,"template":"","format":"standard","meta":{"post_tipo":"news_page","footnotes":""},"categories":[1988],"tags":[],"tax_estado":[219970],"class_list":["post-841358","post","type-post","status-publish","format-standard","has-post-thumbnail","hentry","category-policia","tax_estado-df"],"acf":[],"yoast_head":"<!-- This site is optimized with the Yoast SEO Premium plugin v27.2 (Yoast SEO v27.2) - https:\/\/yoast.com\/product\/yoast-seo-premium-wordpress\/ -->\n<title>Gabarito Extraoficial PCDF Escriv\u00e3o: confira a corre\u00e7\u00e3o da prova<\/title>\n<meta name=\"description\" content=\"Ansiosos pelo resultado? Acesse e confira neste artigo o Gabarito Extraoficial do concurso PCDF para o cargo de Escriv\u00e3o.\" \/>\n<meta name=\"robots\" content=\"index, follow, max-snippet:-1, max-image-preview:large, max-video-preview:-1\" \/>\n<link rel=\"canonical\" href=\"https:\/\/www.estrategiaconcursos.com.br\/blog\/gabarito-extraoficial-pcdf-escrivao\/\" \/>\n<meta property=\"og:locale\" content=\"pt_BR\" \/>\n<meta property=\"og:type\" content=\"article\" \/>\n<meta property=\"og:title\" content=\"Gabarito Extraoficial PCDF Escriv\u00e3o: confira a corre\u00e7\u00e3o da prova\" \/>\n<meta property=\"og:description\" content=\"Ansiosos pelo resultado? Acesse e confira neste artigo o Gabarito Extraoficial do concurso PCDF para o cargo de Escriv\u00e3o.\" \/>\n<meta property=\"og:url\" content=\"https:\/\/www.estrategiaconcursos.com.br\/blog\/gabarito-extraoficial-pcdf-escrivao\/\" \/>\n<meta property=\"og:site_name\" content=\"Estrat\u00e9gia Concursos\" \/>\n<meta property=\"article:author\" content=\"https:\/\/www.facebook.com\/EstrategiaConcursos\" \/>\n<meta property=\"article:published_time\" content=\"2021-08-21T22:00:00+00:00\" \/>\n<meta property=\"article:modified_time\" content=\"2021-08-24T12:09:00+00:00\" \/>\n<meta property=\"og:image\" content=\"https:\/\/dhg1h5j42swfq.cloudfront.net\/2021\/05\/31162924\/pc-df.jpg\" \/>\n\t<meta property=\"og:image:width\" content=\"768\" \/>\n\t<meta property=\"og:image:height\" content=\"432\" \/>\n\t<meta property=\"og:image:type\" content=\"image\/jpeg\" \/>\n<meta name=\"author\" content=\"Coordena\u00e7\u00e3o\" \/>\n<meta name=\"twitter:card\" content=\"summary_large_image\" \/>\n<meta name=\"twitter:creator\" content=\"@EstratConcursos\" \/>\n<meta name=\"twitter:site\" content=\"@EstratConcursos\" \/>\n<meta name=\"twitter:label1\" content=\"Escrito por\" \/>\n\t<meta name=\"twitter:data1\" content=\"Coordena\u00e7\u00e3o\" \/>\n\t<meta name=\"twitter:label2\" content=\"Est. tempo de leitura\" \/>\n\t<meta name=\"twitter:data2\" content=\"6 minutos\" \/>\n<script type=\"application\/ld+json\" class=\"yoast-schema-graph\">{\"@context\":\"https:\/\/schema.org\",\"@graph\":[{\"@type\":\"NewsArticle\",\"@id\":\"https:\/\/www.estrategiaconcursos.com.br\/blog\/gabarito-extraoficial-pcdf-escrivao\/#article\",\"isPartOf\":{\"@id\":\"https:\/\/www.estrategiaconcursos.com.br\/blog\/gabarito-extraoficial-pcdf-escrivao\/\"},\"author\":{\"name\":\"Coordena\u00e7\u00e3o\",\"@id\":\"https:\/\/www.estrategiaconcursos.com.br\/blog\/#\/schema\/person\/b4a388c97673c5f483d72185668afa1f\"},\"headline\":\"Gabarito Extraoficial PCDF Escriv\u00e3o: confira a corre\u00e7\u00e3o da prova\",\"datePublished\":\"2021-08-21T22:00:00+00:00\",\"dateModified\":\"2021-08-24T12:09:00+00:00\",\"mainEntityOfPage\":{\"@id\":\"https:\/\/www.estrategiaconcursos.com.br\/blog\/gabarito-extraoficial-pcdf-escrivao\/\"},\"wordCount\":1417,\"commentCount\":0,\"publisher\":{\"@id\":\"https:\/\/www.estrategiaconcursos.com.br\/blog\/#organization\"},\"image\":{\"@id\":\"https:\/\/www.estrategiaconcursos.com.br\/blog\/gabarito-extraoficial-pcdf-escrivao\/#primaryimage\"},\"thumbnailUrl\":\"https:\/\/dhg1h5j42swfq.cloudfront.net\/2021\/05\/31162924\/pc-df.jpg\",\"articleSection\":[\"Policial (Agente, Escriv\u00e3o e Investigador)\"],\"inLanguage\":\"pt-BR\",\"potentialAction\":[{\"@type\":\"CommentAction\",\"name\":\"Comment\",\"target\":[\"https:\/\/www.estrategiaconcursos.com.br\/blog\/gabarito-extraoficial-pcdf-escrivao\/#respond\"]}],\"copyrightYear\":\"2021\",\"copyrightHolder\":{\"@id\":\"https:\/\/www.estrategiaconcursos.com.br\/blog\/#organization\"}},{\"@type\":\"WebPage\",\"@id\":\"https:\/\/www.estrategiaconcursos.com.br\/blog\/gabarito-extraoficial-pcdf-escrivao\/\",\"url\":\"https:\/\/www.estrategiaconcursos.com.br\/blog\/gabarito-extraoficial-pcdf-escrivao\/\",\"name\":\"Gabarito Extraoficial PCDF Escriv\u00e3o: confira a corre\u00e7\u00e3o da prova\",\"isPartOf\":{\"@id\":\"https:\/\/www.estrategiaconcursos.com.br\/blog\/#website\"},\"primaryImageOfPage\":{\"@id\":\"https:\/\/www.estrategiaconcursos.com.br\/blog\/gabarito-extraoficial-pcdf-escrivao\/#primaryimage\"},\"image\":{\"@id\":\"https:\/\/www.estrategiaconcursos.com.br\/blog\/gabarito-extraoficial-pcdf-escrivao\/#primaryimage\"},\"thumbnailUrl\":\"https:\/\/dhg1h5j42swfq.cloudfront.net\/2021\/05\/31162924\/pc-df.jpg\",\"datePublished\":\"2021-08-21T22:00:00+00:00\",\"dateModified\":\"2021-08-24T12:09:00+00:00\",\"description\":\"Ansiosos pelo resultado? Acesse e confira neste artigo o Gabarito Extraoficial do concurso PCDF para o cargo de Escriv\u00e3o.\",\"breadcrumb\":{\"@id\":\"https:\/\/www.estrategiaconcursos.com.br\/blog\/gabarito-extraoficial-pcdf-escrivao\/#breadcrumb\"},\"inLanguage\":\"pt-BR\",\"potentialAction\":[{\"@type\":\"ReadAction\",\"target\":[\"https:\/\/www.estrategiaconcursos.com.br\/blog\/gabarito-extraoficial-pcdf-escrivao\/\"]}]},{\"@type\":\"ImageObject\",\"inLanguage\":\"pt-BR\",\"@id\":\"https:\/\/www.estrategiaconcursos.com.br\/blog\/gabarito-extraoficial-pcdf-escrivao\/#primaryimage\",\"url\":\"https:\/\/dhg1h5j42swfq.cloudfront.net\/2021\/05\/31162924\/pc-df.jpg\",\"contentUrl\":\"https:\/\/dhg1h5j42swfq.cloudfront.net\/2021\/05\/31162924\/pc-df.jpg\",\"width\":768,\"height\":432,\"caption\":\"concurso pcdf\"},{\"@type\":\"BreadcrumbList\",\"@id\":\"https:\/\/www.estrategiaconcursos.com.br\/blog\/gabarito-extraoficial-pcdf-escrivao\/#breadcrumb\",\"itemListElement\":[{\"@type\":\"ListItem\",\"position\":1,\"name\":\"In\u00edcio\",\"item\":\"https:\/\/www.estrategiaconcursos.com.br\/blog\/\"},{\"@type\":\"ListItem\",\"position\":2,\"name\":\"Gabarito Extraoficial PCDF Escriv\u00e3o: confira a corre\u00e7\u00e3o da prova\"}]},{\"@type\":\"WebSite\",\"@id\":\"https:\/\/www.estrategiaconcursos.com.br\/blog\/#website\",\"url\":\"https:\/\/www.estrategiaconcursos.com.br\/blog\/\",\"name\":\"Estrat\u00e9gia Concursos\",\"description\":\"O blog da Estrat\u00e9gia Concursos traz not\u00edcias sobre concursos e artigos de professores oferecendo cursos para concursos (pdf + videaulas) no site.\",\"publisher\":{\"@id\":\"https:\/\/www.estrategiaconcursos.com.br\/blog\/#organization\"},\"potentialAction\":[{\"@type\":\"SearchAction\",\"target\":{\"@type\":\"EntryPoint\",\"urlTemplate\":\"https:\/\/www.estrategiaconcursos.com.br\/blog\/?s={search_term_string}\"},\"query-input\":{\"@type\":\"PropertyValueSpecification\",\"valueRequired\":true,\"valueName\":\"search_term_string\"}}],\"inLanguage\":\"pt-BR\"},{\"@type\":\"Organization\",\"@id\":\"https:\/\/www.estrategiaconcursos.com.br\/blog\/#organization\",\"name\":\"Estrat\u00e9gia Concursos\",\"url\":\"https:\/\/www.estrategiaconcursos.com.br\/blog\/\",\"logo\":{\"@type\":\"ImageObject\",\"inLanguage\":\"pt-BR\",\"@id\":\"https:\/\/www.estrategiaconcursos.com.br\/blog\/#\/schema\/logo\/image\/\",\"url\":\"https:\/\/dhg1h5j42swfq.cloudfront.net\/2025\/06\/03203428\/logo_concursos-1.jpg\",\"contentUrl\":\"https:\/\/dhg1h5j42swfq.cloudfront.net\/2025\/06\/03203428\/logo_concursos-1.jpg\",\"width\":230,\"height\":60,\"caption\":\"Estrat\u00e9gia Concursos\"},\"image\":{\"@id\":\"https:\/\/www.estrategiaconcursos.com.br\/blog\/#\/schema\/logo\/image\/\"},\"sameAs\":[\"https:\/\/x.com\/EstratConcursos\"]},{\"@type\":\"Person\",\"@id\":\"https:\/\/www.estrategiaconcursos.com.br\/blog\/#\/schema\/person\/b4a388c97673c5f483d72185668afa1f\",\"name\":\"Coordena\u00e7\u00e3o\",\"image\":{\"@type\":\"ImageObject\",\"inLanguage\":\"pt-BR\",\"@id\":\"https:\/\/secure.gravatar.com\/avatar\/b720319e4c9a967eb58678d110f4fe35452fc5d5f97b202bac7b8acceb18c6ad?s=96&d=mm&r=g\",\"url\":\"https:\/\/secure.gravatar.com\/avatar\/b720319e4c9a967eb58678d110f4fe35452fc5d5f97b202bac7b8acceb18c6ad?s=96&d=mm&r=g\",\"contentUrl\":\"https:\/\/secure.gravatar.com\/avatar\/b720319e4c9a967eb58678d110f4fe35452fc5d5f97b202bac7b8acceb18c6ad?s=96&d=mm&r=g\",\"caption\":\"Coordena\u00e7\u00e3o\"},\"sameAs\":[\"https:\/\/www.facebook.com\/EstrategiaConcursos\",\"https:\/\/x.com\/EstratConcursos\"],\"url\":\"https:\/\/www.estrategiaconcursos.com.br\/blog\/author\/estrategia2013\/\"}]}<\/script>\n<!-- \/ Yoast SEO Premium plugin. -->","yoast_head_json":{"title":"Gabarito Extraoficial PCDF Escriv\u00e3o: confira a corre\u00e7\u00e3o da prova","description":"Ansiosos pelo resultado? Acesse e confira neste artigo o Gabarito Extraoficial do concurso PCDF para o cargo de Escriv\u00e3o.","robots":{"index":"index","follow":"follow","max-snippet":"max-snippet:-1","max-image-preview":"max-image-preview:large","max-video-preview":"max-video-preview:-1"},"canonical":"https:\/\/www.estrategiaconcursos.com.br\/blog\/gabarito-extraoficial-pcdf-escrivao\/","og_locale":"pt_BR","og_type":"article","og_title":"Gabarito Extraoficial PCDF Escriv\u00e3o: confira a corre\u00e7\u00e3o da prova","og_description":"Ansiosos pelo resultado? Acesse e confira neste artigo o Gabarito Extraoficial do concurso PCDF para o cargo de Escriv\u00e3o.","og_url":"https:\/\/www.estrategiaconcursos.com.br\/blog\/gabarito-extraoficial-pcdf-escrivao\/","og_site_name":"Estrat\u00e9gia Concursos","article_author":"https:\/\/www.facebook.com\/EstrategiaConcursos","article_published_time":"2021-08-21T22:00:00+00:00","article_modified_time":"2021-08-24T12:09:00+00:00","og_image":[{"width":768,"height":432,"url":"https:\/\/dhg1h5j42swfq.cloudfront.net\/2021\/05\/31162924\/pc-df.jpg","type":"image\/jpeg"}],"author":"Coordena\u00e7\u00e3o","twitter_card":"summary_large_image","twitter_creator":"@EstratConcursos","twitter_site":"@EstratConcursos","twitter_misc":{"Escrito por":"Coordena\u00e7\u00e3o","Est. tempo de leitura":"6 minutos"},"schema":{"@context":"https:\/\/schema.org","@graph":[{"@type":"NewsArticle","@id":"https:\/\/www.estrategiaconcursos.com.br\/blog\/gabarito-extraoficial-pcdf-escrivao\/#article","isPartOf":{"@id":"https:\/\/www.estrategiaconcursos.com.br\/blog\/gabarito-extraoficial-pcdf-escrivao\/"},"author":{"name":"Coordena\u00e7\u00e3o","@id":"https:\/\/www.estrategiaconcursos.com.br\/blog\/#\/schema\/person\/b4a388c97673c5f483d72185668afa1f"},"headline":"Gabarito Extraoficial PCDF Escriv\u00e3o: confira a corre\u00e7\u00e3o da prova","datePublished":"2021-08-21T22:00:00+00:00","dateModified":"2021-08-24T12:09:00+00:00","mainEntityOfPage":{"@id":"https:\/\/www.estrategiaconcursos.com.br\/blog\/gabarito-extraoficial-pcdf-escrivao\/"},"wordCount":1417,"commentCount":0,"publisher":{"@id":"https:\/\/www.estrategiaconcursos.com.br\/blog\/#organization"},"image":{"@id":"https:\/\/www.estrategiaconcursos.com.br\/blog\/gabarito-extraoficial-pcdf-escrivao\/#primaryimage"},"thumbnailUrl":"https:\/\/dhg1h5j42swfq.cloudfront.net\/2021\/05\/31162924\/pc-df.jpg","articleSection":["Policial (Agente, Escriv\u00e3o e Investigador)"],"inLanguage":"pt-BR","potentialAction":[{"@type":"CommentAction","name":"Comment","target":["https:\/\/www.estrategiaconcursos.com.br\/blog\/gabarito-extraoficial-pcdf-escrivao\/#respond"]}],"copyrightYear":"2021","copyrightHolder":{"@id":"https:\/\/www.estrategiaconcursos.com.br\/blog\/#organization"}},{"@type":"WebPage","@id":"https:\/\/www.estrategiaconcursos.com.br\/blog\/gabarito-extraoficial-pcdf-escrivao\/","url":"https:\/\/www.estrategiaconcursos.com.br\/blog\/gabarito-extraoficial-pcdf-escrivao\/","name":"Gabarito Extraoficial PCDF Escriv\u00e3o: confira a corre\u00e7\u00e3o da prova","isPartOf":{"@id":"https:\/\/www.estrategiaconcursos.com.br\/blog\/#website"},"primaryImageOfPage":{"@id":"https:\/\/www.estrategiaconcursos.com.br\/blog\/gabarito-extraoficial-pcdf-escrivao\/#primaryimage"},"image":{"@id":"https:\/\/www.estrategiaconcursos.com.br\/blog\/gabarito-extraoficial-pcdf-escrivao\/#primaryimage"},"thumbnailUrl":"https:\/\/dhg1h5j42swfq.cloudfront.net\/2021\/05\/31162924\/pc-df.jpg","datePublished":"2021-08-21T22:00:00+00:00","dateModified":"2021-08-24T12:09:00+00:00","description":"Ansiosos pelo resultado? Acesse e confira neste artigo o Gabarito Extraoficial do concurso PCDF para o cargo de Escriv\u00e3o.","breadcrumb":{"@id":"https:\/\/www.estrategiaconcursos.com.br\/blog\/gabarito-extraoficial-pcdf-escrivao\/#breadcrumb"},"inLanguage":"pt-BR","potentialAction":[{"@type":"ReadAction","target":["https:\/\/www.estrategiaconcursos.com.br\/blog\/gabarito-extraoficial-pcdf-escrivao\/"]}]},{"@type":"ImageObject","inLanguage":"pt-BR","@id":"https:\/\/www.estrategiaconcursos.com.br\/blog\/gabarito-extraoficial-pcdf-escrivao\/#primaryimage","url":"https:\/\/dhg1h5j42swfq.cloudfront.net\/2021\/05\/31162924\/pc-df.jpg","contentUrl":"https:\/\/dhg1h5j42swfq.cloudfront.net\/2021\/05\/31162924\/pc-df.jpg","width":768,"height":432,"caption":"concurso pcdf"},{"@type":"BreadcrumbList","@id":"https:\/\/www.estrategiaconcursos.com.br\/blog\/gabarito-extraoficial-pcdf-escrivao\/#breadcrumb","itemListElement":[{"@type":"ListItem","position":1,"name":"In\u00edcio","item":"https:\/\/www.estrategiaconcursos.com.br\/blog\/"},{"@type":"ListItem","position":2,"name":"Gabarito Extraoficial PCDF Escriv\u00e3o: confira a corre\u00e7\u00e3o da prova"}]},{"@type":"WebSite","@id":"https:\/\/www.estrategiaconcursos.com.br\/blog\/#website","url":"https:\/\/www.estrategiaconcursos.com.br\/blog\/","name":"Estrat\u00e9gia Concursos","description":"O blog da Estrat\u00e9gia Concursos traz not\u00edcias sobre concursos e artigos de professores oferecendo cursos para concursos (pdf + videaulas) no site.","publisher":{"@id":"https:\/\/www.estrategiaconcursos.com.br\/blog\/#organization"},"potentialAction":[{"@type":"SearchAction","target":{"@type":"EntryPoint","urlTemplate":"https:\/\/www.estrategiaconcursos.com.br\/blog\/?s={search_term_string}"},"query-input":{"@type":"PropertyValueSpecification","valueRequired":true,"valueName":"search_term_string"}}],"inLanguage":"pt-BR"},{"@type":"Organization","@id":"https:\/\/www.estrategiaconcursos.com.br\/blog\/#organization","name":"Estrat\u00e9gia Concursos","url":"https:\/\/www.estrategiaconcursos.com.br\/blog\/","logo":{"@type":"ImageObject","inLanguage":"pt-BR","@id":"https:\/\/www.estrategiaconcursos.com.br\/blog\/#\/schema\/logo\/image\/","url":"https:\/\/dhg1h5j42swfq.cloudfront.net\/2025\/06\/03203428\/logo_concursos-1.jpg","contentUrl":"https:\/\/dhg1h5j42swfq.cloudfront.net\/2025\/06\/03203428\/logo_concursos-1.jpg","width":230,"height":60,"caption":"Estrat\u00e9gia Concursos"},"image":{"@id":"https:\/\/www.estrategiaconcursos.com.br\/blog\/#\/schema\/logo\/image\/"},"sameAs":["https:\/\/x.com\/EstratConcursos"]},{"@type":"Person","@id":"https:\/\/www.estrategiaconcursos.com.br\/blog\/#\/schema\/person\/b4a388c97673c5f483d72185668afa1f","name":"Coordena\u00e7\u00e3o","image":{"@type":"ImageObject","inLanguage":"pt-BR","@id":"https:\/\/secure.gravatar.com\/avatar\/b720319e4c9a967eb58678d110f4fe35452fc5d5f97b202bac7b8acceb18c6ad?s=96&d=mm&r=g","url":"https:\/\/secure.gravatar.com\/avatar\/b720319e4c9a967eb58678d110f4fe35452fc5d5f97b202bac7b8acceb18c6ad?s=96&d=mm&r=g","contentUrl":"https:\/\/secure.gravatar.com\/avatar\/b720319e4c9a967eb58678d110f4fe35452fc5d5f97b202bac7b8acceb18c6ad?s=96&d=mm&r=g","caption":"Coordena\u00e7\u00e3o"},"sameAs":["https:\/\/www.facebook.com\/EstrategiaConcursos","https:\/\/x.com\/EstratConcursos"],"url":"https:\/\/www.estrategiaconcursos.com.br\/blog\/author\/estrategia2013\/"}]}},"_links":{"self":[{"href":"https:\/\/www.estrategiaconcursos.com.br\/blog\/wp-json\/wp\/v2\/posts\/841358","targetHints":{"allow":["GET"]}}],"collection":[{"href":"https:\/\/www.estrategiaconcursos.com.br\/blog\/wp-json\/wp\/v2\/posts"}],"about":[{"href":"https:\/\/www.estrategiaconcursos.com.br\/blog\/wp-json\/wp\/v2\/types\/post"}],"author":[{"embeddable":true,"href":"https:\/\/www.estrategiaconcursos.com.br\/blog\/wp-json\/wp\/v2\/users\/1"}],"replies":[{"embeddable":true,"href":"https:\/\/www.estrategiaconcursos.com.br\/blog\/wp-json\/wp\/v2\/comments?post=841358"}],"version-history":[{"count":91,"href":"https:\/\/www.estrategiaconcursos.com.br\/blog\/wp-json\/wp\/v2\/posts\/841358\/revisions"}],"predecessor-version":[{"id":842465,"href":"https:\/\/www.estrategiaconcursos.com.br\/blog\/wp-json\/wp\/v2\/posts\/841358\/revisions\/842465"}],"wp:featuredmedia":[{"embeddable":true,"href":"https:\/\/www.estrategiaconcursos.com.br\/blog\/wp-json\/wp\/v2\/media\/756189"}],"wp:attachment":[{"href":"https:\/\/www.estrategiaconcursos.com.br\/blog\/wp-json\/wp\/v2\/media?parent=841358"}],"wp:term":[{"taxonomy":"category","embeddable":true,"href":"https:\/\/www.estrategiaconcursos.com.br\/blog\/wp-json\/wp\/v2\/categories?post=841358"},{"taxonomy":"post_tag","embeddable":true,"href":"https:\/\/www.estrategiaconcursos.com.br\/blog\/wp-json\/wp\/v2\/tags?post=841358"},{"taxonomy":"tax_estado","embeddable":true,"href":"https:\/\/www.estrategiaconcursos.com.br\/blog\/wp-json\/wp\/v2\/tax_estado?post=841358"}],"curies":[{"name":"wp","href":"https:\/\/api.w.org\/{rel}","templated":true}]}}