{"id":8412,"date":"2012-07-09T01:28:05","date_gmt":"2012-07-09T01:28:05","guid":{"rendered":"https:\/\/www.estrategiaconcursos.com.br\/blog\/825-vagas-e-mais-de-5-mil-reais-analista-de-politicas-sociais-4\/"},"modified":"2016-09-27T11:54:11","modified_gmt":"2016-09-27T14:54:11","slug":"825-vagas-e-mais-de-5-mil-reais-analista-de-politicas-sociais-4","status":"publish","type":"post","link":"https:\/\/www.estrategiaconcursos.com.br\/blog\/825-vagas-e-mais-de-5-mil-reais-analista-de-politicas-sociais-4\/","title":{"rendered":"825 vagas e mais de 5 mil reais &#8211; Analista de Pol\u00edticas Sociais"},"content":{"rendered":"<div style=\"text-align: justify;\">\n<p><span style=\"font-size: 12px;\"><span style=\"font-family: Arial;\">Ol\u00e1 amigos! Como \u00e9 bom estar aqui!<\/span><\/span><\/p>\n<p>Muito se falou sobre a autoriza\u00e7\u00e3o para o concurso da Receita Federal na sexta-feira, dia 25\/05\/2012. Sem d\u00favida \u00e9 uma das melhores e mais procuradas carreiras do pa\u00eds.<\/p>\n<p>Mas voc\u00ea sabia que saiu a autoriza\u00e7\u00e3o de outro cargo para <b>825 <\/b>vagas, com vencimentos iniciais de mais de <b>R$<\/b> <b>5.000,00<\/b>?<\/p>\n<p>Pois \u00e9, foi autorizado o quantitativo de 825 vagas para Analista de Pol\u00edticas Sociais, um novo cargo do Poder Executivo Federal, chamado em Bras\u00edlia de \u201cGestor Light\u201d, em refer\u00eancia a concorrida carreira de Especialista de Pol\u00edticas P\u00fablicas e Gest\u00e3o Governamental (a qual tem remunera\u00e7\u00e3o inicial de R$ 13 mil).<\/p>\n<p>\u00c9 uma carreira nova e ser\u00e1 o primeiro concurso. Ser\u00e3o 5 \u00e1reas:<br \/>\nI &#8211; Gest\u00e3o Social;<br \/>\nII &#8211; Previd\u00eancia;<br \/>\nIII &#8211; Assist\u00eancia Social;<br \/>\nIV &#8211; Educa\u00e7\u00e3o; e<br \/>\nV &#8211; Sa\u00fade.<\/p>\n<p>A lota\u00e7\u00e3o \u00e9 a seguinte:<\/p>\n<p>\u00d3rg\u00e3o\/Quantidade de vagas<\/p>\n<p>Minist\u00e9rio da Sa\u00fade 500<br \/>\nMinist\u00e9rio do Desenvolvimento Social e Combate \u00e0 Fome 116<br \/>\nSecretaria de Direitos Humanos 10<br \/>\nSecretaria de Pol\u00edticas de Promo\u00e7\u00e3o da Igualdade Racial 15<br \/>\nSecretaria de Pol\u00edticas para as Mulheres 15<br \/>\nMinist\u00e9rio da Educa\u00e7\u00e3o 30<br \/>\nMinist\u00e9rio da Previd\u00eancia Social 20<br \/>\nMinist\u00e9rio da Justi\u00e7a 5<br \/>\nMinist\u00e9rio das Cidades 10<br \/>\nMinist\u00e9rio do Desenvolvimento Agr\u00e1rio 10<br \/>\nMinist\u00e9rio do Desenvolvimento Social e Combate \u00e0 Fome 84<br \/>\nMinist\u00e9rio do Trabalho e Emprego 10<\/p>\n<p>Na lei do cargo o concurso \u00e9 de provas e t\u00edtulos e pode exigir forma\u00e7\u00e3o espec\u00edfica. Assim, possivelmente ser\u00e1 exigida forma\u00e7\u00e3o relacionada a cada uma dessas \u00e1reas acima. Por exemplo, forma\u00e7\u00e3o na \u00e1rea de sa\u00fade (ex: enfermagem, farm\u00e1cia, etc) para concorrer \u00e0s respectivas vagas; forma\u00e7\u00e3o na \u00e1rea social (ex: ci\u00eancias sociais) para Assist\u00eancia Social. Isso tudo \u00e9 palpite.<\/p>\n<p>A banca favorita para o concurso \u00e9 a ESAF. Ningu\u00e9m sabe ao certo quais ser\u00e3o as mat\u00e9rias, mas possivelmente as b\u00e1sicas englobar\u00e3o Portugu\u00eas, Direito Constitucional, Direito Administrativo, Administra\u00e7\u00e3o P\u00fablica e Pol\u00edticas P\u00fablicas.<\/p>\n<p>Algumas informa\u00e7\u00f5es adicionais:<\/p>\n<p>_ A denomina\u00e7\u00e3o \u00e9 Carreira de Desenvolvimento de Pol\u00edticas Sociais, composta pelos cargos de Analista T\u00e9cnico de Pol\u00edticas Sociais, de n\u00edvel superior.<br \/>\n_ J\u00e1 foram criados, portanto j\u00e1 est\u00e3o vagos, 2.400 (dois mil e quatrocentos) cargos efetivos de Analista T\u00e9cnico de Pol\u00edticas Sociais.<br \/>\n_ O ingresso nos cargos dar-se-\u00e1 por meio de concurso p\u00fablico de provas e t\u00edtulos, respeitada a legisla\u00e7\u00e3o espec\u00edfica.<br \/>\n_ O concurso p\u00fablico poder\u00e1, quando couber, ser realizado por \u00e1reas de especializa\u00e7\u00e3o e organizado em uma ou mais fases, incluindo, se for o caso, curso de forma\u00e7\u00e3o, conforme dispuser o edital de convoca\u00e7\u00e3o do certame, observada a legisla\u00e7\u00e3o pertinente.<br \/>\n_ O edital definir\u00e1 as caracter\u00edsticas de cada etapa do concurso p\u00fablico e a forma\u00e7\u00e3o especializada, bem como os crit\u00e9rios eliminat\u00f3rios e classificat\u00f3rios. O ingresso nos cargos exige diploma de gradua\u00e7\u00e3o em n\u00edvel superior e habilita\u00e7\u00e3o espec\u00edfica, conforme as atribui\u00e7\u00f5es do cargo em cada \u00e1rea de especializa\u00e7\u00e3o.<br \/>\n_ Ato do Ministro de Estado do respectivo \u00f3rg\u00e3o de lota\u00e7\u00e3o definir\u00e1 a habilita\u00e7\u00e3o espec\u00edfica exigida para o ingresso nos cargos da Carreira de Desenvolvimento de Pol\u00edticas Sociais.<\/p>\n<p>Em resumo, aconselho a se preparar para a prova, o concurseiro:<\/p>\n<p>1) que n\u00e3o se importar de residir em Bras\u00edlia;<\/p>\n<p>2) formado nas \u00e1reas relacionadas \u00e0 Gest\u00e3o Social, Previd\u00eancia, Assist\u00eancia Social, Educa\u00e7\u00e3o ou Sa\u00fade.<\/p>\n<p>3) que n\u00e3o ir\u00e1 fazer a prova da Receita Federal, pois a parte espec\u00edfica da prova tende a ser \u201crealmente espec\u00edfica\u201d, bem voltada para as \u00e1reas citadas acima.<\/p>\n<p>Mais novidades posto aqui!<\/p>\n<p>O Estrat\u00e9gia lan\u00e7ar\u00e1 cursos\u00a0para as mat\u00e9rias b\u00e1sicas.<\/p>\n<p>Forte abra\u00e7o!<\/p>\n<p>S\u00e9rgio Mendes<br \/>\ne-mail: sergiomendes@estrategiaconcursos.com.br<br \/>\nTwitter: @sergiomendesafo<\/p>\n<\/div>\n","protected":false},"excerpt":{"rendered":"<p>Ol\u00e1 amigos! Como \u00e9 bom estar aqui! Muito se falou sobre a autoriza\u00e7\u00e3o para o concurso da Receita Federal na sexta-feira, dia 25\/05\/2012. Sem d\u00favida \u00e9 uma das melhores e mais procuradas carreiras do pa\u00eds. Mas voc\u00ea sabia que saiu a autoriza\u00e7\u00e3o de outro cargo para 825 vagas, com vencimentos iniciais de mais de R$ [&hellip;]<\/p>\n","protected":false},"author":29,"featured_media":0,"comment_status":"open","ping_status":"open","sticky":false,"template":"","format":"standard","meta":{"post_tipo":"article","footnotes":""},"categories":[1],"tags":[],"tax_estado":[],"class_list":["post-8412","post","type-post","status-publish","format-standard","hentry","category-cursos-e-concursos"],"acf":[],"yoast_head":"<!-- This site is optimized with the Yoast SEO Premium plugin v27.2 (Yoast SEO v27.2) - https:\/\/yoast.com\/product\/yoast-seo-premium-wordpress\/ -->\n<title>825 vagas e mais de 5 mil reais - Analista de Pol\u00edticas Sociais<\/title>\n<meta name=\"robots\" content=\"index, follow, max-snippet:-1, max-image-preview:large, max-video-preview:-1\" \/>\n<link rel=\"canonical\" href=\"https:\/\/www.estrategiaconcursos.com.br\/blog\/825-vagas-e-mais-de-5-mil-reais-analista-de-politicas-sociais-4\/\" \/>\n<meta property=\"og:locale\" content=\"pt_BR\" \/>\n<meta property=\"og:type\" content=\"article\" \/>\n<meta property=\"og:title\" content=\"825 vagas e mais de 5 mil reais - Analista de Pol\u00edticas Sociais\" \/>\n<meta property=\"og:description\" content=\"Ol\u00e1 amigos! Como \u00e9 bom estar aqui! Muito se falou sobre a autoriza\u00e7\u00e3o para o concurso da Receita Federal na sexta-feira, dia 25\/05\/2012. Sem d\u00favida \u00e9 uma das melhores e mais procuradas carreiras do pa\u00eds. Mas voc\u00ea sabia que saiu a autoriza\u00e7\u00e3o de outro cargo para 825 vagas, com vencimentos iniciais de mais de R$ [&hellip;]\" \/>\n<meta property=\"og:url\" content=\"https:\/\/www.estrategiaconcursos.com.br\/blog\/825-vagas-e-mais-de-5-mil-reais-analista-de-politicas-sociais-4\/\" \/>\n<meta property=\"og:site_name\" content=\"Estrat\u00e9gia Concursos\" \/>\n<meta property=\"article:author\" content=\"https:\/\/www.facebook.com\/profsergiomendes\" \/>\n<meta property=\"article:published_time\" content=\"2012-07-09T01:28:05+00:00\" \/>\n<meta property=\"article:modified_time\" content=\"2016-09-27T14:54:11+00:00\" \/>\n<meta name=\"author\" content=\"S\u00e9rgio Mendes\" \/>\n<meta name=\"twitter:card\" content=\"summary_large_image\" \/>\n<meta name=\"twitter:creator\" content=\"@EstratConcursos\" \/>\n<meta name=\"twitter:site\" content=\"@EstratConcursos\" \/>\n<meta name=\"twitter:label1\" content=\"Escrito por\" \/>\n\t<meta name=\"twitter:data1\" content=\"S\u00e9rgio Mendes\" \/>\n\t<meta name=\"twitter:label2\" content=\"Est. tempo de leitura\" \/>\n\t<meta name=\"twitter:data2\" content=\"3 minutos\" \/>\n<script type=\"application\/ld+json\" class=\"yoast-schema-graph\">{\"@context\":\"https:\/\/schema.org\",\"@graph\":[{\"@type\":\"NewsArticle\",\"@id\":\"https:\/\/www.estrategiaconcursos.com.br\/blog\/825-vagas-e-mais-de-5-mil-reais-analista-de-politicas-sociais-4\/#article\",\"isPartOf\":{\"@id\":\"https:\/\/www.estrategiaconcursos.com.br\/blog\/825-vagas-e-mais-de-5-mil-reais-analista-de-politicas-sociais-4\/\"},\"author\":{\"name\":\"S\u00e9rgio Mendes\",\"@id\":\"https:\/\/www.estrategiaconcursos.com.br\/blog\/#\/schema\/person\/4ddc4a162b4fdffa2ea9956dbf62f583\"},\"headline\":\"825 vagas e mais de 5 mil reais &#8211; Analista de Pol\u00edticas Sociais\",\"datePublished\":\"2012-07-09T01:28:05+00:00\",\"dateModified\":\"2016-09-27T14:54:11+00:00\",\"mainEntityOfPage\":{\"@id\":\"https:\/\/www.estrategiaconcursos.com.br\/blog\/825-vagas-e-mais-de-5-mil-reais-analista-de-politicas-sociais-4\/\"},\"wordCount\":649,\"commentCount\":0,\"publisher\":{\"@id\":\"https:\/\/www.estrategiaconcursos.com.br\/blog\/#organization\"},\"articleSection\":[\"Concursos P\u00fablicos\"],\"inLanguage\":\"pt-BR\",\"potentialAction\":[{\"@type\":\"CommentAction\",\"name\":\"Comment\",\"target\":[\"https:\/\/www.estrategiaconcursos.com.br\/blog\/825-vagas-e-mais-de-5-mil-reais-analista-de-politicas-sociais-4\/#respond\"]}],\"copyrightYear\":\"2012\",\"copyrightHolder\":{\"@id\":\"https:\/\/www.estrategiaconcursos.com.br\/blog\/#organization\"}},{\"@type\":\"WebPage\",\"@id\":\"https:\/\/www.estrategiaconcursos.com.br\/blog\/825-vagas-e-mais-de-5-mil-reais-analista-de-politicas-sociais-4\/\",\"url\":\"https:\/\/www.estrategiaconcursos.com.br\/blog\/825-vagas-e-mais-de-5-mil-reais-analista-de-politicas-sociais-4\/\",\"name\":\"825 vagas e mais de 5 mil reais - Analista de Pol\u00edticas Sociais\",\"isPartOf\":{\"@id\":\"https:\/\/www.estrategiaconcursos.com.br\/blog\/#website\"},\"datePublished\":\"2012-07-09T01:28:05+00:00\",\"dateModified\":\"2016-09-27T14:54:11+00:00\",\"breadcrumb\":{\"@id\":\"https:\/\/www.estrategiaconcursos.com.br\/blog\/825-vagas-e-mais-de-5-mil-reais-analista-de-politicas-sociais-4\/#breadcrumb\"},\"inLanguage\":\"pt-BR\",\"potentialAction\":[{\"@type\":\"ReadAction\",\"target\":[\"https:\/\/www.estrategiaconcursos.com.br\/blog\/825-vagas-e-mais-de-5-mil-reais-analista-de-politicas-sociais-4\/\"]}]},{\"@type\":\"BreadcrumbList\",\"@id\":\"https:\/\/www.estrategiaconcursos.com.br\/blog\/825-vagas-e-mais-de-5-mil-reais-analista-de-politicas-sociais-4\/#breadcrumb\",\"itemListElement\":[{\"@type\":\"ListItem\",\"position\":1,\"name\":\"In\u00edcio\",\"item\":\"https:\/\/www.estrategiaconcursos.com.br\/blog\/\"},{\"@type\":\"ListItem\",\"position\":2,\"name\":\"825 vagas e mais de 5 mil reais &#8211; Analista de Pol\u00edticas Sociais\"}]},{\"@type\":\"WebSite\",\"@id\":\"https:\/\/www.estrategiaconcursos.com.br\/blog\/#website\",\"url\":\"https:\/\/www.estrategiaconcursos.com.br\/blog\/\",\"name\":\"Estrat\u00e9gia Concursos\",\"description\":\"O blog da Estrat\u00e9gia Concursos traz not\u00edcias sobre concursos e artigos de professores oferecendo cursos para concursos (pdf + videaulas) no site.\",\"publisher\":{\"@id\":\"https:\/\/www.estrategiaconcursos.com.br\/blog\/#organization\"},\"potentialAction\":[{\"@type\":\"SearchAction\",\"target\":{\"@type\":\"EntryPoint\",\"urlTemplate\":\"https:\/\/www.estrategiaconcursos.com.br\/blog\/?s={search_term_string}\"},\"query-input\":{\"@type\":\"PropertyValueSpecification\",\"valueRequired\":true,\"valueName\":\"search_term_string\"}}],\"inLanguage\":\"pt-BR\"},{\"@type\":\"Organization\",\"@id\":\"https:\/\/www.estrategiaconcursos.com.br\/blog\/#organization\",\"name\":\"Estrat\u00e9gia Concursos\",\"url\":\"https:\/\/www.estrategiaconcursos.com.br\/blog\/\",\"logo\":{\"@type\":\"ImageObject\",\"inLanguage\":\"pt-BR\",\"@id\":\"https:\/\/www.estrategiaconcursos.com.br\/blog\/#\/schema\/logo\/image\/\",\"url\":\"https:\/\/dhg1h5j42swfq.cloudfront.net\/2025\/06\/03203428\/logo_concursos-1.jpg\",\"contentUrl\":\"https:\/\/dhg1h5j42swfq.cloudfront.net\/2025\/06\/03203428\/logo_concursos-1.jpg\",\"width\":230,\"height\":60,\"caption\":\"Estrat\u00e9gia Concursos\"},\"image\":{\"@id\":\"https:\/\/www.estrategiaconcursos.com.br\/blog\/#\/schema\/logo\/image\/\"},\"sameAs\":[\"https:\/\/x.com\/EstratConcursos\"]},{\"@type\":\"Person\",\"@id\":\"https:\/\/www.estrategiaconcursos.com.br\/blog\/#\/schema\/person\/4ddc4a162b4fdffa2ea9956dbf62f583\",\"name\":\"S\u00e9rgio Mendes\",\"image\":{\"@type\":\"ImageObject\",\"inLanguage\":\"pt-BR\",\"@id\":\"https:\/\/secure.gravatar.com\/avatar\/4eb4b562c33f40d6f7f76579da7e07350c69579df7db305d32a69ed32ecfd5ce?s=96&d=mm&r=g\",\"url\":\"https:\/\/secure.gravatar.com\/avatar\/4eb4b562c33f40d6f7f76579da7e07350c69579df7db305d32a69ed32ecfd5ce?s=96&d=mm&r=g\",\"contentUrl\":\"https:\/\/secure.gravatar.com\/avatar\/4eb4b562c33f40d6f7f76579da7e07350c69579df7db305d32a69ed32ecfd5ce?s=96&d=mm&r=g\",\"caption\":\"S\u00e9rgio Mendes\"},\"sameAs\":[\"https:\/\/www.facebook.com\/profsergiomendes\"],\"url\":\"https:\/\/www.estrategiaconcursos.com.br\/blog\/author\/sergiomendesestrategiaconcursos-com-br\/\"}]}<\/script>\n<!-- \/ Yoast SEO Premium plugin. -->","yoast_head_json":{"title":"825 vagas e mais de 5 mil reais - Analista de Pol\u00edticas Sociais","robots":{"index":"index","follow":"follow","max-snippet":"max-snippet:-1","max-image-preview":"max-image-preview:large","max-video-preview":"max-video-preview:-1"},"canonical":"https:\/\/www.estrategiaconcursos.com.br\/blog\/825-vagas-e-mais-de-5-mil-reais-analista-de-politicas-sociais-4\/","og_locale":"pt_BR","og_type":"article","og_title":"825 vagas e mais de 5 mil reais - Analista de Pol\u00edticas Sociais","og_description":"Ol\u00e1 amigos! Como \u00e9 bom estar aqui! Muito se falou sobre a autoriza\u00e7\u00e3o para o concurso da Receita Federal na sexta-feira, dia 25\/05\/2012. Sem d\u00favida \u00e9 uma das melhores e mais procuradas carreiras do pa\u00eds. Mas voc\u00ea sabia que saiu a autoriza\u00e7\u00e3o de outro cargo para 825 vagas, com vencimentos iniciais de mais de R$ [&hellip;]","og_url":"https:\/\/www.estrategiaconcursos.com.br\/blog\/825-vagas-e-mais-de-5-mil-reais-analista-de-politicas-sociais-4\/","og_site_name":"Estrat\u00e9gia Concursos","article_author":"https:\/\/www.facebook.com\/profsergiomendes","article_published_time":"2012-07-09T01:28:05+00:00","article_modified_time":"2016-09-27T14:54:11+00:00","author":"S\u00e9rgio Mendes","twitter_card":"summary_large_image","twitter_creator":"@EstratConcursos","twitter_site":"@EstratConcursos","twitter_misc":{"Escrito por":"S\u00e9rgio Mendes","Est. tempo de leitura":"3 minutos"},"schema":{"@context":"https:\/\/schema.org","@graph":[{"@type":"NewsArticle","@id":"https:\/\/www.estrategiaconcursos.com.br\/blog\/825-vagas-e-mais-de-5-mil-reais-analista-de-politicas-sociais-4\/#article","isPartOf":{"@id":"https:\/\/www.estrategiaconcursos.com.br\/blog\/825-vagas-e-mais-de-5-mil-reais-analista-de-politicas-sociais-4\/"},"author":{"name":"S\u00e9rgio Mendes","@id":"https:\/\/www.estrategiaconcursos.com.br\/blog\/#\/schema\/person\/4ddc4a162b4fdffa2ea9956dbf62f583"},"headline":"825 vagas e mais de 5 mil reais &#8211; Analista de Pol\u00edticas Sociais","datePublished":"2012-07-09T01:28:05+00:00","dateModified":"2016-09-27T14:54:11+00:00","mainEntityOfPage":{"@id":"https:\/\/www.estrategiaconcursos.com.br\/blog\/825-vagas-e-mais-de-5-mil-reais-analista-de-politicas-sociais-4\/"},"wordCount":649,"commentCount":0,"publisher":{"@id":"https:\/\/www.estrategiaconcursos.com.br\/blog\/#organization"},"articleSection":["Concursos P\u00fablicos"],"inLanguage":"pt-BR","potentialAction":[{"@type":"CommentAction","name":"Comment","target":["https:\/\/www.estrategiaconcursos.com.br\/blog\/825-vagas-e-mais-de-5-mil-reais-analista-de-politicas-sociais-4\/#respond"]}],"copyrightYear":"2012","copyrightHolder":{"@id":"https:\/\/www.estrategiaconcursos.com.br\/blog\/#organization"}},{"@type":"WebPage","@id":"https:\/\/www.estrategiaconcursos.com.br\/blog\/825-vagas-e-mais-de-5-mil-reais-analista-de-politicas-sociais-4\/","url":"https:\/\/www.estrategiaconcursos.com.br\/blog\/825-vagas-e-mais-de-5-mil-reais-analista-de-politicas-sociais-4\/","name":"825 vagas e mais de 5 mil reais - Analista de Pol\u00edticas Sociais","isPartOf":{"@id":"https:\/\/www.estrategiaconcursos.com.br\/blog\/#website"},"datePublished":"2012-07-09T01:28:05+00:00","dateModified":"2016-09-27T14:54:11+00:00","breadcrumb":{"@id":"https:\/\/www.estrategiaconcursos.com.br\/blog\/825-vagas-e-mais-de-5-mil-reais-analista-de-politicas-sociais-4\/#breadcrumb"},"inLanguage":"pt-BR","potentialAction":[{"@type":"ReadAction","target":["https:\/\/www.estrategiaconcursos.com.br\/blog\/825-vagas-e-mais-de-5-mil-reais-analista-de-politicas-sociais-4\/"]}]},{"@type":"BreadcrumbList","@id":"https:\/\/www.estrategiaconcursos.com.br\/blog\/825-vagas-e-mais-de-5-mil-reais-analista-de-politicas-sociais-4\/#breadcrumb","itemListElement":[{"@type":"ListItem","position":1,"name":"In\u00edcio","item":"https:\/\/www.estrategiaconcursos.com.br\/blog\/"},{"@type":"ListItem","position":2,"name":"825 vagas e mais de 5 mil reais &#8211; Analista de Pol\u00edticas Sociais"}]},{"@type":"WebSite","@id":"https:\/\/www.estrategiaconcursos.com.br\/blog\/#website","url":"https:\/\/www.estrategiaconcursos.com.br\/blog\/","name":"Estrat\u00e9gia Concursos","description":"O blog da Estrat\u00e9gia Concursos traz not\u00edcias sobre concursos e artigos de professores oferecendo cursos para concursos (pdf + videaulas) no site.","publisher":{"@id":"https:\/\/www.estrategiaconcursos.com.br\/blog\/#organization"},"potentialAction":[{"@type":"SearchAction","target":{"@type":"EntryPoint","urlTemplate":"https:\/\/www.estrategiaconcursos.com.br\/blog\/?s={search_term_string}"},"query-input":{"@type":"PropertyValueSpecification","valueRequired":true,"valueName":"search_term_string"}}],"inLanguage":"pt-BR"},{"@type":"Organization","@id":"https:\/\/www.estrategiaconcursos.com.br\/blog\/#organization","name":"Estrat\u00e9gia Concursos","url":"https:\/\/www.estrategiaconcursos.com.br\/blog\/","logo":{"@type":"ImageObject","inLanguage":"pt-BR","@id":"https:\/\/www.estrategiaconcursos.com.br\/blog\/#\/schema\/logo\/image\/","url":"https:\/\/dhg1h5j42swfq.cloudfront.net\/2025\/06\/03203428\/logo_concursos-1.jpg","contentUrl":"https:\/\/dhg1h5j42swfq.cloudfront.net\/2025\/06\/03203428\/logo_concursos-1.jpg","width":230,"height":60,"caption":"Estrat\u00e9gia Concursos"},"image":{"@id":"https:\/\/www.estrategiaconcursos.com.br\/blog\/#\/schema\/logo\/image\/"},"sameAs":["https:\/\/x.com\/EstratConcursos"]},{"@type":"Person","@id":"https:\/\/www.estrategiaconcursos.com.br\/blog\/#\/schema\/person\/4ddc4a162b4fdffa2ea9956dbf62f583","name":"S\u00e9rgio Mendes","image":{"@type":"ImageObject","inLanguage":"pt-BR","@id":"https:\/\/secure.gravatar.com\/avatar\/4eb4b562c33f40d6f7f76579da7e07350c69579df7db305d32a69ed32ecfd5ce?s=96&d=mm&r=g","url":"https:\/\/secure.gravatar.com\/avatar\/4eb4b562c33f40d6f7f76579da7e07350c69579df7db305d32a69ed32ecfd5ce?s=96&d=mm&r=g","contentUrl":"https:\/\/secure.gravatar.com\/avatar\/4eb4b562c33f40d6f7f76579da7e07350c69579df7db305d32a69ed32ecfd5ce?s=96&d=mm&r=g","caption":"S\u00e9rgio Mendes"},"sameAs":["https:\/\/www.facebook.com\/profsergiomendes"],"url":"https:\/\/www.estrategiaconcursos.com.br\/blog\/author\/sergiomendesestrategiaconcursos-com-br\/"}]}},"_links":{"self":[{"href":"https:\/\/www.estrategiaconcursos.com.br\/blog\/wp-json\/wp\/v2\/posts\/8412","targetHints":{"allow":["GET"]}}],"collection":[{"href":"https:\/\/www.estrategiaconcursos.com.br\/blog\/wp-json\/wp\/v2\/posts"}],"about":[{"href":"https:\/\/www.estrategiaconcursos.com.br\/blog\/wp-json\/wp\/v2\/types\/post"}],"author":[{"embeddable":true,"href":"https:\/\/www.estrategiaconcursos.com.br\/blog\/wp-json\/wp\/v2\/users\/29"}],"replies":[{"embeddable":true,"href":"https:\/\/www.estrategiaconcursos.com.br\/blog\/wp-json\/wp\/v2\/comments?post=8412"}],"version-history":[{"count":1,"href":"https:\/\/www.estrategiaconcursos.com.br\/blog\/wp-json\/wp\/v2\/posts\/8412\/revisions"}],"predecessor-version":[{"id":50826,"href":"https:\/\/www.estrategiaconcursos.com.br\/blog\/wp-json\/wp\/v2\/posts\/8412\/revisions\/50826"}],"wp:attachment":[{"href":"https:\/\/www.estrategiaconcursos.com.br\/blog\/wp-json\/wp\/v2\/media?parent=8412"}],"wp:term":[{"taxonomy":"category","embeddable":true,"href":"https:\/\/www.estrategiaconcursos.com.br\/blog\/wp-json\/wp\/v2\/categories?post=8412"},{"taxonomy":"post_tag","embeddable":true,"href":"https:\/\/www.estrategiaconcursos.com.br\/blog\/wp-json\/wp\/v2\/tags?post=8412"},{"taxonomy":"tax_estado","embeddable":true,"href":"https:\/\/www.estrategiaconcursos.com.br\/blog\/wp-json\/wp\/v2\/tax_estado?post=8412"}],"curies":[{"name":"wp","href":"https:\/\/api.w.org\/{rel}","templated":true}]}}