{"id":840727,"date":"2021-08-19T16:03:11","date_gmt":"2021-08-19T19:03:11","guid":{"rendered":"https:\/\/www.estrategiaconcursos.com.br\/blog\/?p=840727"},"modified":"2021-08-19T17:53:53","modified_gmt":"2021-08-19T20:53:53","slug":"concurso-sefaz-ce-cadernos-da-prova-discursiva-divulgados","status":"publish","type":"post","link":"https:\/\/www.estrategiaconcursos.com.br\/blog\/concurso-sefaz-ce-cadernos-da-prova-discursiva-divulgados\/","title":{"rendered":"Concurso SEFAZ CE: Cadernos da prova discursiva divulgados!"},"content":{"rendered":"\n<p>Nessa ter\u00e7a-feira, atrav\u00e9s do endere\u00e7o eletr\u00f4nico da banca, o <a href=\"https:\/\/www.cebraspe.org.br\/concursos\/sefaz_ce_21\" target=\"_blank\" rel=\"noreferrer noopener\">Cebraspe<\/a>, foram divulgados os cadernos da prova discursiva do concurso SEFAZ CE, realizado no dia 15\/08. <\/p>\n\n\n\n<p>Dessa forma, foram publicados tamb\u00e9m os padr\u00f5es preliminares de resposta. Confira abaixo os cadernos da prova discursiva da SEFAZ CE e seus modelos de resposta, divididos conforme os cargos ofertados:<\/p>\n\n\n\n<ul class=\"has-very-light-gray-to-cyan-bluish-gray-gradient-background has-background wp-block-list\"><li><strong><a href=\"https:\/\/dhg1h5j42swfq.cloudfront.net\/2021\/08\/18083622\/discursiva-auditor-fiscal.pdf\" target=\"_blank\" rel=\"noreferrer noopener nofollow\">Discursiva Auditor Fiscal<\/a>&nbsp;|&nbsp;<a href=\"https:\/\/dhg1h5j42swfq.cloudfront.net\/2021\/08\/18083610\/padrao-preliminar-fiscal.pdf\" target=\"_blank\" rel=\"noreferrer noopener nofollow\">Padr\u00e3o preliminar de resposta<\/a><\/strong><\/li><li><strong><a href=\"https:\/\/dhg1h5j42swfq.cloudfront.net\/2021\/08\/18083619\/discursiva-contabil.pdf\" target=\"_blank\" rel=\"noreferrer noopener nofollow\">Discursiva Auditor Cont\u00e1bil<\/a>&nbsp;|&nbsp;<a href=\"https:\/\/dhg1h5j42swfq.cloudfront.net\/2021\/08\/18083606\/padrao-preliminar-contabil.pdf\" target=\"_blank\" rel=\"noreferrer noopener nofollow\">Padr\u00e3o preliminar de resposta<\/a><\/strong><\/li><li><strong><a href=\"https:\/\/dhg1h5j42swfq.cloudfront.net\/2021\/08\/18083616\/discursiva-juridico.pdf\" target=\"_blank\" rel=\"noreferrer noopener nofollow\">Discursiva Auditor Jur\u00eddico<\/a>&nbsp;|&nbsp;<a href=\"https:\/\/dhg1h5j42swfq.cloudfront.net\/2021\/08\/18083601\/padrao-preliminar-juridico.pdf\" target=\"_blank\" rel=\"noreferrer noopener nofollow\">Padr\u00e3o preliminar de resposta<\/a><\/strong><\/li><li><strong><a href=\"https:\/\/dhg1h5j42swfq.cloudfront.net\/2021\/08\/18083613\/discursiva-ti.pdf\" target=\"_blank\" rel=\"noreferrer noopener nofollow\">Discursiva Auditor de TI<\/a>&nbsp;|&nbsp;<a href=\"https:\/\/dhg1h5j42swfq.cloudfront.net\/2021\/08\/18083557\/padrao-preliminar-ti.pdf\" target=\"_blank\" rel=\"noreferrer noopener nofollow\">Padr\u00e3o preliminar de resposta<\/a><\/strong><\/li><\/ul>\n\n\n\n<h2 class=\"wp-block-heading\" id=\"h-prova-discursiva-concurso-sefaz-ce\">Prova discursiva &#8211; Concurso SEFAZ CE<\/h2>\n\n\n\n<p>A Prova Discursiva\u00a0de conhecimentos espec\u00edficos (eliminat\u00f3rio e classificat\u00f3rio) valeu 10 pontos e foi composta por<strong>\u00a02 quest\u00f5es\u00a0<\/strong>com at\u00e9 20 linhas cada e<strong>\u00a01 estudo de caso<\/strong>\u00a0com at\u00e9 45 linhas. A dura\u00e7\u00e3o total foi de\u00a0<strong>4 horas<\/strong>, no per\u00edodo da tarde.<\/p>\n\n\n\n<div class=\"wp-block-columns is-layout-flex wp-container-core-columns-is-layout-28f84493 wp-block-columns-is-layout-flex\">\n<div class=\"wp-block-column is-layout-flow wp-block-column-is-layout-flow\">\n<p><strong>Quest\u00f5es discursivas:<\/strong>&nbsp;duas quest\u00f5es, valendo 2,50 pontos cada, a serem respondidas em at\u00e9 20 linhas cada.<\/p>\n<\/div>\n\n\n\n<div class=\"wp-block-column is-layout-flow wp-block-column-is-layout-flow\">\n<p><strong>Estudo de Caso:<\/strong>&nbsp;estudo de caso, valendo 5,00 pontos, com at\u00e9 45 linhas, acerca dos objetos de avalia\u00e7\u00e3o constantes dos conhecimentos espec\u00edficos para cada cargo.<\/p>\n<\/div>\n<\/div>\n\n\n\n<div class=\"wp-block-image\"><figure class=\"aligncenter size-large is-resized\"><img loading=\"lazy\" decoding=\"async\" src=\"https:\/\/dhg1h5j42swfq.cloudfront.net\/2021\/08\/19154910\/image-3.jpeg\" alt=\"Concurso Sefaz CE pode acontecer ainda este ano! Veja\" class=\"wp-image-840754\" width=\"400\" height=\"280\"\/><figcaption>Edif\u00edcio SEFAZ CE<em> <\/em>| Fonte: Imagem de divulga\u00e7\u00e3o<\/figcaption><\/figure><\/div>\n\n\n\n<h2 class=\"wp-block-heading\" id=\"h-concurso-sefaz-ce\">Concurso SEFAZ CE<\/h2>\n\n\n\n<p>Com provas j\u00e1 aplicadas, o&nbsp;<strong>concurso da Sefaz CE<\/strong>&nbsp;oferta&nbsp;<strong>94 vagas<\/strong>&nbsp;imediatas e em cadastro reserva aos cargos de Auditor Fiscal, Auditor Fiscal Cont\u00e1bil-Financeiro, Auditor Fiscal Jur\u00eddico e Auditor Fiscal de Tecnologia da Informa\u00e7\u00e3o.<\/p>\n\n\n\n<p>Todos os cargos ofertados no concurso exigem forma\u00e7\u00e3o em\u00a0<strong>n\u00edvel superior\u00a0<\/strong>em \u00e1rea espec\u00edfica, exceto o cargo de Auditor Fiscal, que pode ter qualquer \u00e1rea de forma\u00e7\u00e3o. O sal\u00e1rio inicial \u00e9 bem atraente:\u00a0<strong>R$ 16.045,30<\/strong>.<\/p>\n\n\n\n<p class=\"has-text-align-center\"><em>Para ficar por dentro de todos os detalhes acerca do certame SEFAZ CE (cadernos de prova, discursiva e objetiva, e atualiza\u00e7\u00f5es fresquinhas), veja um artigo completo, de f\u00e1cil compreens\u00e3o, que elaboramos EXCLUSIVAMENTE para voc\u00ea!<\/em><\/p>\n\n\n\n<p class=\"has-text-align-center has-background\" style=\"background-color:#b4f4db;font-size:clamp(14.642px, 0.915rem + ((1vw - 3.2px) * 0.721), 22px);px\"><strong>Mais informa\u00e7\u00f5es: <a href=\"https:\/\/www.estrategiaconcursos.com.br\/blog\/concurso-sefaz-ce\/#discursiva\" target=\"_blank\" rel=\"noreferrer noopener\">Concurso SEFAZ CE<\/a><\/strong><\/p>\n\n\n\n<p class=\"has-text-align-center has-background\" style=\"background-color:#86ddd3;font-size:clamp(14.642px, 0.915rem + ((1vw - 3.2px) * 0.721), 22px);px\"><strong>Leia tamb\u00e9m: <a href=\"https:\/\/www.estrategiaconcursos.com.br\/blog\/concursos-fiscais-2021\/\" target=\"_blank\" rel=\"noreferrer noopener\">Concursos fiscais 2021<\/a><\/strong><\/p>\n\n\n\n<div class=\"wp-block-image\"><figure class=\"aligncenter size-large is-resized\"><img loading=\"lazy\" decoding=\"async\" src=\"https:\/\/dhg1h5j42swfq.cloudfront.net\/2020\/12\/11172928\/logo_estrategia_concursos.png\" alt=\"\" class=\"wp-image-629128\" width=\"38\" height=\"76\" srcset=\"https:\/\/dhg1h5j42swfq.cloudfront.net\/2020\/12\/11172928\/logo_estrategia_concursos.png 200w, https:\/\/dhg1h5j42swfq.cloudfront.net\/2020\/12\/11172928\/logo_estrategia_concursos-151x300.png 151w\" sizes=\"auto, (max-width: 38px) 100vw, 38px\" \/><\/figure><\/div>\n\n\n\n<h2 class=\"has-text-align-center wp-block-heading\" id=\"h-quer-estudar-para-um-fisco-n-o-perca-tempo-e-estude-com-a-coruja-cursos-e-assinaturas\">Quer estudar para um fisco? <em>N\u00e3o perca tempo e estude com a Coruja! <\/em>Cursos e Assinaturas:<\/h2>\n\n\n\n<div class=\"container\" id=\"boxes\">\n  <div class=\"row\">\n\n    <div class=\"col-sm\">\n      <div class=\"banner-fiscal-01\" id=\"box-assinatura\">\n        <h3 class=\"titulo-assinatura\">Carreiras Fiscais<\/h3>\n        <p class=\"subtitulo-assinatura\">Estude conosco<\/p>\n        <div class=\"box-botao\">\n          <a class=\"btn-assinatura\" target=\"_blank\" href=\"https:\/\/www.estrategiaconcursos.com.br\/cursosPorConcurso\/area-fiscal-fiscos-estaduais-e-municipais-410\/\" role=\"button\" rel=\"noopener noreferrer\">Conhe\u00e7a os cursos<\/a>\n        <\/div>\n      <\/div>\n      \n    <\/div>\n\n  <\/div>\n<\/div>\n\n\n\n<div class=\"container\" id=\"boxes\">\n  <div class=\"row\">\n\n    <div class=\"col-sm\">\n      <div class=\"estrategia\" id=\"box-assinatura\">\n        <h3 class=\"titulo-assinatura\">Assinatura Concursos<\/h3>\n        <p class=\"subtitulo-assinatura\">Assinatura de 1 ano ou 2 anos<\/p>\n        <div class=\"box-botao\">\n          <a class=\"btn-assinatura\" target=\"_blank\" href=\"https:\/\/www.estrategiaconcursos.com.br\/assinaturas\/\" role=\"button\" rel=\"noopener noreferrer\">ASSINE AGORA<\/a>\n        <\/div>\n      <\/div><\/div><\/div><\/div>\n\n\n\n<div class=\"container\" id=\"boxes\">\n  <div class=\"row\">\n\n    <div class=\"col-sm\" id=\"boxes-concursos\">\n      <div style=\"background-color: #005DAD;\" class=\"conteudo-concursos\" id=\"box-concursos\">\n        <h3 class=\"titulo-assinatura\">Concursos Abertos<\/h3>\n        <p class=\"subtitulo-assinatura\">Confira os editais publicados<\/p>\n        <div class=\"box-botao\">\n          <a class=\"btn-assinatura\" target=\"_blank\" href=\"https:\/\/www.estrategiaconcursos.com.br\/blog\/concursos-abertos\/\" role=\"button\" rel=\"noopener noreferrer\">Conhe\u00e7a Agora<\/a>\n        <\/div>\n      <\/div>\n    <\/div>\n\n    <div class=\"col-sm\" id=\"boxes-concursos\">\n      <div style=\"background-color: #1A7ED5;\" class=\"conteudo-concursos\" id=\"box-concursos\">\n        <h3 class=\"titulo-assinatura\">Concursos 2021<\/h3>\n        <p class=\"subtitulo-assinatura\">As oportunidades previstas<\/p>\n        <div class=\"box-botao\">\n          <a class=\"btn-assinatura\" target=\"_blank\" href=\"https:\/\/www.estrategiaconcursos.com.br\/blog\/concursos-2021\/\" role=\"button\" rel=\"noopener noreferrer\">Conhe\u00e7a Agora<\/a>\n        <\/div>\n      <\/div>\n    <\/div>\n\n    <div class=\"col-sm\" id=\"boxes-concursos\">\n      <div style=\"background-color: #419FF0;\" class=\"conteudo-concursos\" id=\"box-concursos\">\n        <h3 class=\"titulo-assinatura\">Concursos 2022<\/h3>\n        <p class=\"subtitulo-assinatura\">Vagas para o pr\u00f3ximo ano<\/p>\n        <div class=\"box-botao\">\n          <a class=\"btn-assinatura\" target=\"_blank\" href=\"https:\/\/www.estrategiaconcursos.com.br\/blog\/concursos-2022\/\" role=\"button\" rel=\"noopener noreferrer\">Conhe\u00e7a Agora<\/a>\n        <\/div>\n      <\/div>\n    <\/div>\n\n  <\/div>\n<\/div>\n","protected":false},"excerpt":{"rendered":"<p>Nessa ter\u00e7a-feira, atrav\u00e9s do endere\u00e7o eletr\u00f4nico da banca, o Cebraspe, foram divulgados os cadernos da prova discursiva do concurso SEFAZ CE, realizado no dia 15\/08. Dessa forma, foram publicados tamb\u00e9m os padr\u00f5es preliminares de resposta. Confira abaixo os cadernos da prova discursiva da SEFAZ CE e seus modelos de resposta, divididos conforme os cargos ofertados: [&hellip;]<\/p>\n","protected":false},"author":2099,"featured_media":836921,"comment_status":"open","ping_status":"closed","sticky":false,"template":"","format":"standard","meta":{"post_tipo":"news","footnotes":""},"categories":[1983,220219],"tags":[],"tax_estado":[219969],"class_list":["post-840727","post","type-post","status-publish","format-standard","has-post-thumbnail","hentry","category-fiscal-estadual","category-noticias","tax_estado-ce"],"acf":[],"yoast_head":"<!-- This site is optimized with the Yoast SEO Premium plugin v27.2 (Yoast SEO v27.2) - https:\/\/yoast.com\/product\/yoast-seo-premium-wordpress\/ -->\n<title>Concurso SEFAZ CE: Cadernos da prova discursiva divulgados!<\/title>\n<meta name=\"description\" content=\"Nessa ter\u00e7a-feira, o Cebraspe divulgou os cadernos da prova discursiva do concurso SEFAZ CE, realizado no dia 15\/08. Acesse j\u00e1 esse artigo!\" \/>\n<meta name=\"robots\" content=\"index, follow, max-snippet:-1, max-image-preview:large, max-video-preview:-1\" \/>\n<link rel=\"canonical\" href=\"https:\/\/www.estrategiaconcursos.com.br\/blog\/concurso-sefaz-ce-cadernos-da-prova-discursiva-divulgados\/\" \/>\n<meta property=\"og:locale\" content=\"pt_BR\" \/>\n<meta property=\"og:type\" content=\"article\" \/>\n<meta property=\"og:title\" content=\"Concurso SEFAZ CE: Cadernos da prova discursiva divulgados!\" \/>\n<meta property=\"og:description\" content=\"Nessa ter\u00e7a-feira, o Cebraspe divulgou os cadernos da prova discursiva do concurso SEFAZ CE, realizado no dia 15\/08. Acesse j\u00e1 esse artigo!\" \/>\n<meta property=\"og:url\" content=\"https:\/\/www.estrategiaconcursos.com.br\/blog\/concurso-sefaz-ce-cadernos-da-prova-discursiva-divulgados\/\" \/>\n<meta property=\"og:site_name\" content=\"Estrat\u00e9gia Concursos\" \/>\n<meta property=\"article:published_time\" content=\"2021-08-19T19:03:11+00:00\" \/>\n<meta property=\"article:modified_time\" content=\"2021-08-19T20:53:53+00:00\" \/>\n<meta property=\"og:image\" content=\"https:\/\/dhg1h5j42swfq.cloudfront.net\/2021\/08\/15193547\/sefaz-ce_2-1024x536-1-2.jpg\" \/>\n\t<meta property=\"og:image:width\" content=\"1024\" \/>\n\t<meta property=\"og:image:height\" content=\"536\" \/>\n\t<meta property=\"og:image:type\" content=\"image\/jpeg\" \/>\n<meta name=\"author\" content=\"Elo\u00edsa da Rosa Ferro\" \/>\n<meta name=\"twitter:card\" content=\"summary_large_image\" \/>\n<meta name=\"twitter:creator\" content=\"@EstratConcursos\" \/>\n<meta name=\"twitter:site\" content=\"@EstratConcursos\" \/>\n<meta name=\"twitter:label1\" content=\"Escrito por\" \/>\n\t<meta name=\"twitter:data1\" content=\"Elo\u00edsa da Rosa Ferro\" \/>\n\t<meta name=\"twitter:label2\" content=\"Est. tempo de leitura\" \/>\n\t<meta name=\"twitter:data2\" content=\"2 minutos\" \/>\n<script type=\"application\/ld+json\" class=\"yoast-schema-graph\">{\"@context\":\"https:\/\/schema.org\",\"@graph\":[{\"@type\":\"NewsArticle\",\"@id\":\"https:\/\/www.estrategiaconcursos.com.br\/blog\/concurso-sefaz-ce-cadernos-da-prova-discursiva-divulgados\/#article\",\"isPartOf\":{\"@id\":\"https:\/\/www.estrategiaconcursos.com.br\/blog\/concurso-sefaz-ce-cadernos-da-prova-discursiva-divulgados\/\"},\"author\":{\"name\":\"Elo\u00edsa da Rosa Ferro\",\"@id\":\"https:\/\/www.estrategiaconcursos.com.br\/blog\/#\/schema\/person\/57d9394bb68400dbec62ff8a943ab201\"},\"headline\":\"Concurso SEFAZ CE: Cadernos da prova discursiva divulgados!\",\"datePublished\":\"2021-08-19T19:03:11+00:00\",\"dateModified\":\"2021-08-19T20:53:53+00:00\",\"mainEntityOfPage\":{\"@id\":\"https:\/\/www.estrategiaconcursos.com.br\/blog\/concurso-sefaz-ce-cadernos-da-prova-discursiva-divulgados\/\"},\"wordCount\":402,\"commentCount\":0,\"publisher\":{\"@id\":\"https:\/\/www.estrategiaconcursos.com.br\/blog\/#organization\"},\"image\":{\"@id\":\"https:\/\/www.estrategiaconcursos.com.br\/blog\/concurso-sefaz-ce-cadernos-da-prova-discursiva-divulgados\/#primaryimage\"},\"thumbnailUrl\":\"https:\/\/dhg1h5j42swfq.cloudfront.net\/2021\/08\/15193547\/sefaz-ce_2-1024x536-1-2.jpg\",\"articleSection\":[\"Fiscal - Estadual (ICMS)\",\"\u00daltimas not\u00edcias\"],\"inLanguage\":\"pt-BR\",\"potentialAction\":[{\"@type\":\"CommentAction\",\"name\":\"Comment\",\"target\":[\"https:\/\/www.estrategiaconcursos.com.br\/blog\/concurso-sefaz-ce-cadernos-da-prova-discursiva-divulgados\/#respond\"]}],\"copyrightYear\":\"2021\",\"copyrightHolder\":{\"@id\":\"https:\/\/www.estrategiaconcursos.com.br\/blog\/#organization\"}},{\"@type\":\"WebPage\",\"@id\":\"https:\/\/www.estrategiaconcursos.com.br\/blog\/concurso-sefaz-ce-cadernos-da-prova-discursiva-divulgados\/\",\"url\":\"https:\/\/www.estrategiaconcursos.com.br\/blog\/concurso-sefaz-ce-cadernos-da-prova-discursiva-divulgados\/\",\"name\":\"Concurso SEFAZ CE: Cadernos da prova discursiva divulgados!\",\"isPartOf\":{\"@id\":\"https:\/\/www.estrategiaconcursos.com.br\/blog\/#website\"},\"primaryImageOfPage\":{\"@id\":\"https:\/\/www.estrategiaconcursos.com.br\/blog\/concurso-sefaz-ce-cadernos-da-prova-discursiva-divulgados\/#primaryimage\"},\"image\":{\"@id\":\"https:\/\/www.estrategiaconcursos.com.br\/blog\/concurso-sefaz-ce-cadernos-da-prova-discursiva-divulgados\/#primaryimage\"},\"thumbnailUrl\":\"https:\/\/dhg1h5j42swfq.cloudfront.net\/2021\/08\/15193547\/sefaz-ce_2-1024x536-1-2.jpg\",\"datePublished\":\"2021-08-19T19:03:11+00:00\",\"dateModified\":\"2021-08-19T20:53:53+00:00\",\"description\":\"Nessa ter\u00e7a-feira, o Cebraspe divulgou os cadernos da prova discursiva do concurso SEFAZ CE, realizado no dia 15\/08. Acesse j\u00e1 esse artigo!\",\"breadcrumb\":{\"@id\":\"https:\/\/www.estrategiaconcursos.com.br\/blog\/concurso-sefaz-ce-cadernos-da-prova-discursiva-divulgados\/#breadcrumb\"},\"inLanguage\":\"pt-BR\",\"potentialAction\":[{\"@type\":\"ReadAction\",\"target\":[\"https:\/\/www.estrategiaconcursos.com.br\/blog\/concurso-sefaz-ce-cadernos-da-prova-discursiva-divulgados\/\"]}]},{\"@type\":\"ImageObject\",\"inLanguage\":\"pt-BR\",\"@id\":\"https:\/\/www.estrategiaconcursos.com.br\/blog\/concurso-sefaz-ce-cadernos-da-prova-discursiva-divulgados\/#primaryimage\",\"url\":\"https:\/\/dhg1h5j42swfq.cloudfront.net\/2021\/08\/15193547\/sefaz-ce_2-1024x536-1-2.jpg\",\"contentUrl\":\"https:\/\/dhg1h5j42swfq.cloudfront.net\/2021\/08\/15193547\/sefaz-ce_2-1024x536-1-2.jpg\",\"width\":1024,\"height\":536,\"caption\":\"Concurso Sefaz CE\"},{\"@type\":\"BreadcrumbList\",\"@id\":\"https:\/\/www.estrategiaconcursos.com.br\/blog\/concurso-sefaz-ce-cadernos-da-prova-discursiva-divulgados\/#breadcrumb\",\"itemListElement\":[{\"@type\":\"ListItem\",\"position\":1,\"name\":\"In\u00edcio\",\"item\":\"https:\/\/www.estrategiaconcursos.com.br\/blog\/\"},{\"@type\":\"ListItem\",\"position\":2,\"name\":\"Concurso SEFAZ CE: Cadernos da prova discursiva divulgados!\"}]},{\"@type\":\"WebSite\",\"@id\":\"https:\/\/www.estrategiaconcursos.com.br\/blog\/#website\",\"url\":\"https:\/\/www.estrategiaconcursos.com.br\/blog\/\",\"name\":\"Estrat\u00e9gia Concursos\",\"description\":\"O blog da Estrat\u00e9gia Concursos traz not\u00edcias sobre concursos e artigos de professores oferecendo cursos para concursos (pdf + videaulas) no site.\",\"publisher\":{\"@id\":\"https:\/\/www.estrategiaconcursos.com.br\/blog\/#organization\"},\"potentialAction\":[{\"@type\":\"SearchAction\",\"target\":{\"@type\":\"EntryPoint\",\"urlTemplate\":\"https:\/\/www.estrategiaconcursos.com.br\/blog\/?s={search_term_string}\"},\"query-input\":{\"@type\":\"PropertyValueSpecification\",\"valueRequired\":true,\"valueName\":\"search_term_string\"}}],\"inLanguage\":\"pt-BR\"},{\"@type\":\"Organization\",\"@id\":\"https:\/\/www.estrategiaconcursos.com.br\/blog\/#organization\",\"name\":\"Estrat\u00e9gia Concursos\",\"url\":\"https:\/\/www.estrategiaconcursos.com.br\/blog\/\",\"logo\":{\"@type\":\"ImageObject\",\"inLanguage\":\"pt-BR\",\"@id\":\"https:\/\/www.estrategiaconcursos.com.br\/blog\/#\/schema\/logo\/image\/\",\"url\":\"https:\/\/dhg1h5j42swfq.cloudfront.net\/2025\/06\/03203428\/logo_concursos-1.jpg\",\"contentUrl\":\"https:\/\/dhg1h5j42swfq.cloudfront.net\/2025\/06\/03203428\/logo_concursos-1.jpg\",\"width\":230,\"height\":60,\"caption\":\"Estrat\u00e9gia Concursos\"},\"image\":{\"@id\":\"https:\/\/www.estrategiaconcursos.com.br\/blog\/#\/schema\/logo\/image\/\"},\"sameAs\":[\"https:\/\/x.com\/EstratConcursos\"]},{\"@type\":\"Person\",\"@id\":\"https:\/\/www.estrategiaconcursos.com.br\/blog\/#\/schema\/person\/57d9394bb68400dbec62ff8a943ab201\",\"name\":\"Elo\u00edsa da Rosa Ferro\",\"image\":{\"@type\":\"ImageObject\",\"inLanguage\":\"pt-BR\",\"@id\":\"https:\/\/secure.gravatar.com\/avatar\/?s=96&d=mm&r=g\",\"url\":\"https:\/\/secure.gravatar.com\/avatar\/?s=96&d=mm&r=g\",\"contentUrl\":\"https:\/\/secure.gravatar.com\/avatar\/?s=96&d=mm&r=g\",\"caption\":\"Elo\u00edsa da Rosa Ferro\"},\"url\":\"https:\/\/www.estrategiaconcursos.com.br\/blog\/author\/eloisa-ferro\/\"}]}<\/script>\n<!-- \/ Yoast SEO Premium plugin. -->","yoast_head_json":{"title":"Concurso SEFAZ CE: Cadernos da prova discursiva divulgados!","description":"Nessa ter\u00e7a-feira, o Cebraspe divulgou os cadernos da prova discursiva do concurso SEFAZ CE, realizado no dia 15\/08. Acesse j\u00e1 esse artigo!","robots":{"index":"index","follow":"follow","max-snippet":"max-snippet:-1","max-image-preview":"max-image-preview:large","max-video-preview":"max-video-preview:-1"},"canonical":"https:\/\/www.estrategiaconcursos.com.br\/blog\/concurso-sefaz-ce-cadernos-da-prova-discursiva-divulgados\/","og_locale":"pt_BR","og_type":"article","og_title":"Concurso SEFAZ CE: Cadernos da prova discursiva divulgados!","og_description":"Nessa ter\u00e7a-feira, o Cebraspe divulgou os cadernos da prova discursiva do concurso SEFAZ CE, realizado no dia 15\/08. Acesse j\u00e1 esse artigo!","og_url":"https:\/\/www.estrategiaconcursos.com.br\/blog\/concurso-sefaz-ce-cadernos-da-prova-discursiva-divulgados\/","og_site_name":"Estrat\u00e9gia Concursos","article_published_time":"2021-08-19T19:03:11+00:00","article_modified_time":"2021-08-19T20:53:53+00:00","og_image":[{"width":1024,"height":536,"url":"https:\/\/dhg1h5j42swfq.cloudfront.net\/2021\/08\/15193547\/sefaz-ce_2-1024x536-1-2.jpg","type":"image\/jpeg"}],"author":"Elo\u00edsa da Rosa Ferro","twitter_card":"summary_large_image","twitter_creator":"@EstratConcursos","twitter_site":"@EstratConcursos","twitter_misc":{"Escrito por":"Elo\u00edsa da Rosa Ferro","Est. tempo de leitura":"2 minutos"},"schema":{"@context":"https:\/\/schema.org","@graph":[{"@type":"NewsArticle","@id":"https:\/\/www.estrategiaconcursos.com.br\/blog\/concurso-sefaz-ce-cadernos-da-prova-discursiva-divulgados\/#article","isPartOf":{"@id":"https:\/\/www.estrategiaconcursos.com.br\/blog\/concurso-sefaz-ce-cadernos-da-prova-discursiva-divulgados\/"},"author":{"name":"Elo\u00edsa da Rosa Ferro","@id":"https:\/\/www.estrategiaconcursos.com.br\/blog\/#\/schema\/person\/57d9394bb68400dbec62ff8a943ab201"},"headline":"Concurso SEFAZ CE: Cadernos da prova discursiva divulgados!","datePublished":"2021-08-19T19:03:11+00:00","dateModified":"2021-08-19T20:53:53+00:00","mainEntityOfPage":{"@id":"https:\/\/www.estrategiaconcursos.com.br\/blog\/concurso-sefaz-ce-cadernos-da-prova-discursiva-divulgados\/"},"wordCount":402,"commentCount":0,"publisher":{"@id":"https:\/\/www.estrategiaconcursos.com.br\/blog\/#organization"},"image":{"@id":"https:\/\/www.estrategiaconcursos.com.br\/blog\/concurso-sefaz-ce-cadernos-da-prova-discursiva-divulgados\/#primaryimage"},"thumbnailUrl":"https:\/\/dhg1h5j42swfq.cloudfront.net\/2021\/08\/15193547\/sefaz-ce_2-1024x536-1-2.jpg","articleSection":["Fiscal - Estadual (ICMS)","\u00daltimas not\u00edcias"],"inLanguage":"pt-BR","potentialAction":[{"@type":"CommentAction","name":"Comment","target":["https:\/\/www.estrategiaconcursos.com.br\/blog\/concurso-sefaz-ce-cadernos-da-prova-discursiva-divulgados\/#respond"]}],"copyrightYear":"2021","copyrightHolder":{"@id":"https:\/\/www.estrategiaconcursos.com.br\/blog\/#organization"}},{"@type":"WebPage","@id":"https:\/\/www.estrategiaconcursos.com.br\/blog\/concurso-sefaz-ce-cadernos-da-prova-discursiva-divulgados\/","url":"https:\/\/www.estrategiaconcursos.com.br\/blog\/concurso-sefaz-ce-cadernos-da-prova-discursiva-divulgados\/","name":"Concurso SEFAZ CE: Cadernos da prova discursiva divulgados!","isPartOf":{"@id":"https:\/\/www.estrategiaconcursos.com.br\/blog\/#website"},"primaryImageOfPage":{"@id":"https:\/\/www.estrategiaconcursos.com.br\/blog\/concurso-sefaz-ce-cadernos-da-prova-discursiva-divulgados\/#primaryimage"},"image":{"@id":"https:\/\/www.estrategiaconcursos.com.br\/blog\/concurso-sefaz-ce-cadernos-da-prova-discursiva-divulgados\/#primaryimage"},"thumbnailUrl":"https:\/\/dhg1h5j42swfq.cloudfront.net\/2021\/08\/15193547\/sefaz-ce_2-1024x536-1-2.jpg","datePublished":"2021-08-19T19:03:11+00:00","dateModified":"2021-08-19T20:53:53+00:00","description":"Nessa ter\u00e7a-feira, o Cebraspe divulgou os cadernos da prova discursiva do concurso SEFAZ CE, realizado no dia 15\/08. Acesse j\u00e1 esse artigo!","breadcrumb":{"@id":"https:\/\/www.estrategiaconcursos.com.br\/blog\/concurso-sefaz-ce-cadernos-da-prova-discursiva-divulgados\/#breadcrumb"},"inLanguage":"pt-BR","potentialAction":[{"@type":"ReadAction","target":["https:\/\/www.estrategiaconcursos.com.br\/blog\/concurso-sefaz-ce-cadernos-da-prova-discursiva-divulgados\/"]}]},{"@type":"ImageObject","inLanguage":"pt-BR","@id":"https:\/\/www.estrategiaconcursos.com.br\/blog\/concurso-sefaz-ce-cadernos-da-prova-discursiva-divulgados\/#primaryimage","url":"https:\/\/dhg1h5j42swfq.cloudfront.net\/2021\/08\/15193547\/sefaz-ce_2-1024x536-1-2.jpg","contentUrl":"https:\/\/dhg1h5j42swfq.cloudfront.net\/2021\/08\/15193547\/sefaz-ce_2-1024x536-1-2.jpg","width":1024,"height":536,"caption":"Concurso Sefaz CE"},{"@type":"BreadcrumbList","@id":"https:\/\/www.estrategiaconcursos.com.br\/blog\/concurso-sefaz-ce-cadernos-da-prova-discursiva-divulgados\/#breadcrumb","itemListElement":[{"@type":"ListItem","position":1,"name":"In\u00edcio","item":"https:\/\/www.estrategiaconcursos.com.br\/blog\/"},{"@type":"ListItem","position":2,"name":"Concurso SEFAZ CE: Cadernos da prova discursiva divulgados!"}]},{"@type":"WebSite","@id":"https:\/\/www.estrategiaconcursos.com.br\/blog\/#website","url":"https:\/\/www.estrategiaconcursos.com.br\/blog\/","name":"Estrat\u00e9gia Concursos","description":"O blog da Estrat\u00e9gia Concursos traz not\u00edcias sobre concursos e artigos de professores oferecendo cursos para concursos (pdf + videaulas) no site.","publisher":{"@id":"https:\/\/www.estrategiaconcursos.com.br\/blog\/#organization"},"potentialAction":[{"@type":"SearchAction","target":{"@type":"EntryPoint","urlTemplate":"https:\/\/www.estrategiaconcursos.com.br\/blog\/?s={search_term_string}"},"query-input":{"@type":"PropertyValueSpecification","valueRequired":true,"valueName":"search_term_string"}}],"inLanguage":"pt-BR"},{"@type":"Organization","@id":"https:\/\/www.estrategiaconcursos.com.br\/blog\/#organization","name":"Estrat\u00e9gia Concursos","url":"https:\/\/www.estrategiaconcursos.com.br\/blog\/","logo":{"@type":"ImageObject","inLanguage":"pt-BR","@id":"https:\/\/www.estrategiaconcursos.com.br\/blog\/#\/schema\/logo\/image\/","url":"https:\/\/dhg1h5j42swfq.cloudfront.net\/2025\/06\/03203428\/logo_concursos-1.jpg","contentUrl":"https:\/\/dhg1h5j42swfq.cloudfront.net\/2025\/06\/03203428\/logo_concursos-1.jpg","width":230,"height":60,"caption":"Estrat\u00e9gia Concursos"},"image":{"@id":"https:\/\/www.estrategiaconcursos.com.br\/blog\/#\/schema\/logo\/image\/"},"sameAs":["https:\/\/x.com\/EstratConcursos"]},{"@type":"Person","@id":"https:\/\/www.estrategiaconcursos.com.br\/blog\/#\/schema\/person\/57d9394bb68400dbec62ff8a943ab201","name":"Elo\u00edsa da Rosa Ferro","image":{"@type":"ImageObject","inLanguage":"pt-BR","@id":"https:\/\/secure.gravatar.com\/avatar\/?s=96&d=mm&r=g","url":"https:\/\/secure.gravatar.com\/avatar\/?s=96&d=mm&r=g","contentUrl":"https:\/\/secure.gravatar.com\/avatar\/?s=96&d=mm&r=g","caption":"Elo\u00edsa da Rosa Ferro"},"url":"https:\/\/www.estrategiaconcursos.com.br\/blog\/author\/eloisa-ferro\/"}]}},"_links":{"self":[{"href":"https:\/\/www.estrategiaconcursos.com.br\/blog\/wp-json\/wp\/v2\/posts\/840727","targetHints":{"allow":["GET"]}}],"collection":[{"href":"https:\/\/www.estrategiaconcursos.com.br\/blog\/wp-json\/wp\/v2\/posts"}],"about":[{"href":"https:\/\/www.estrategiaconcursos.com.br\/blog\/wp-json\/wp\/v2\/types\/post"}],"author":[{"embeddable":true,"href":"https:\/\/www.estrategiaconcursos.com.br\/blog\/wp-json\/wp\/v2\/users\/2099"}],"replies":[{"embeddable":true,"href":"https:\/\/www.estrategiaconcursos.com.br\/blog\/wp-json\/wp\/v2\/comments?post=840727"}],"version-history":[{"count":18,"href":"https:\/\/www.estrategiaconcursos.com.br\/blog\/wp-json\/wp\/v2\/posts\/840727\/revisions"}],"predecessor-version":[{"id":840888,"href":"https:\/\/www.estrategiaconcursos.com.br\/blog\/wp-json\/wp\/v2\/posts\/840727\/revisions\/840888"}],"wp:featuredmedia":[{"embeddable":true,"href":"https:\/\/www.estrategiaconcursos.com.br\/blog\/wp-json\/wp\/v2\/media\/836921"}],"wp:attachment":[{"href":"https:\/\/www.estrategiaconcursos.com.br\/blog\/wp-json\/wp\/v2\/media?parent=840727"}],"wp:term":[{"taxonomy":"category","embeddable":true,"href":"https:\/\/www.estrategiaconcursos.com.br\/blog\/wp-json\/wp\/v2\/categories?post=840727"},{"taxonomy":"post_tag","embeddable":true,"href":"https:\/\/www.estrategiaconcursos.com.br\/blog\/wp-json\/wp\/v2\/tags?post=840727"},{"taxonomy":"tax_estado","embeddable":true,"href":"https:\/\/www.estrategiaconcursos.com.br\/blog\/wp-json\/wp\/v2\/tax_estado?post=840727"}],"curies":[{"name":"wp","href":"https:\/\/api.w.org\/{rel}","templated":true}]}}