{"id":840018,"date":"2021-08-21T19:40:15","date_gmt":"2021-08-21T22:40:15","guid":{"rendered":"https:\/\/www.estrategiaconcursos.com.br\/blog\/?p=840018"},"modified":"2021-08-21T19:40:17","modified_gmt":"2021-08-21T22:40:17","slug":"lancamento-da-trilha-estrategica-de-adaptacao-sefaz-ce-x-sefaz-al","status":"publish","type":"post","link":"https:\/\/www.estrategiaconcursos.com.br\/blog\/lancamento-da-trilha-estrategica-de-adaptacao-sefaz-ce-x-sefaz-al\/","title":{"rendered":"Lan\u00e7amento da Trilha Estrat\u00e9gica de Adapta\u00e7\u00e3o SEFAZ-CE x SEFAZ-AL"},"content":{"rendered":"\n<p><em>Ol\u00e1, concurseiro (a)!<\/em><\/p>\n\n\n\n<p id=\"block-bf22f7db-a3a1-499c-b6d2-09d5c43f7b9e\">Para voc\u00ea que fez o concurso da SEFAZ-CE est\u00e1 se preparando para o concurso da <strong>SEFAZ\/AL (Auditor Fiscal da Receita Estadual)<\/strong>, temos uma \u00f3tima (<em>e muito esperada<\/em>) not\u00edcia!<\/p>\n\n\n\n<p id=\"block-b19b0249-67bc-42af-ad16-d06d9e37b64c\">Na pr\u00f3xima segunda-feira, dia 23\/08\/2021, lan\u00e7aremos a Trilha Estrat\u00e9gica de Adapta\u00e7\u00e3o SEFAZ-CE x SEFAZ-AL, j\u00e1 que muitos concurseiros (as), desde a publica\u00e7\u00e3o dos dois editais, tinham em mente fazer uma prepara\u00e7\u00e3o para esses dois excelentes certames da \u00e1rea fiscal.<\/p>\n\n\n\n<p>A prepara\u00e7\u00e3o para o cargo de auditor fiscal da receita estadual desses dois fiscos nordestinos \u00e9 perfeitamente poss\u00edvel, porque est\u00e3o sob responsabilidade da mesma banca organizadora (CESBRASPE) e que existem muitas mat\u00e9rias que s\u00e3o comuns a ambos os cargos.<\/p>\n\n\n\n<p>Na\u00a0<strong>Trilha de Adapta\u00e7\u00e3o SEFAZ-CE x SEFAZ-AL,<\/strong> levaremos em conta que existe uma bagagem pr\u00e9via em decorr\u00eancia dos estudos para o rec\u00e9m-ocorrido concurso da SEFAZ-CE. <\/p>\n\n\n\n<p>Nesse contexto, as trilhas abordar\u00e3o as mat\u00e9rias j\u00e1 estudadas para o cargo de Auditor Fiscal da SEFAZ-CE dentro de uma estrat\u00e9gia voltada a revis\u00f5es e resolu\u00e7\u00e3o de muitos exerc\u00edcios (muitas das vezes as tarefas ser\u00e3o direcionadas exclusivamente \u00e0 resolu\u00e7\u00e3o de quest\u00f5es). <\/p>\n\n\n\n<p>Para os assuntos que n\u00e3o foram vistos para a SEFAZ-CE e est\u00e3o presentes no edital da SEFAZ-AL, ser\u00e1 feito um estudo mais moderado, em que teremos tarefas de estudos que incluir\u00e3o um direcionamento pr\u00e9vio ao estudo da teoria\/revis\u00e3o e, posterior, resolu\u00e7\u00e3o de exerc\u00edcios.<\/p>\n\n\n\n<p>Um aspecto muito importante \u00e9 que teremos 9 semanas de prepara\u00e7\u00e3o, que ser\u00e3o divididas em 9 trilhas estrat\u00e9gicas, contendo cada uma delas cerca de 27 tarefas de estudos, perfazendo um total de cerca de 36 a 40 horas l\u00edquidas semanais. Nessas trilhas, daremos um enfoque nas mat\u00e9rias com maior relev\u00e2ncia no contexto do edital, legisla\u00e7\u00e3o tribut\u00e1ria estadual e auditoria, que representam 64% do total de pontos da prova objetiva.<\/p>\n\n\n\n<p>Portanto, neste trabalho, a proposta ser\u00e1 a de organizar e maximizar sua prepara\u00e7\u00e3o em busca da vaga tamb\u00e9m no certame da SEFAZ-AL (Auditor Fiscal da Receita Estadual).<\/p>\n\n\n\n<p id=\"block-c0ab1dee-3ad8-4cd5-9a5b-35b1e7a95542\">E tem mais! Abaixo disponibilizamos a Aula Demonstrativa da Trilha de Adapta\u00e7\u00e3o SEFAZ-CE x SEFAZ-AL para voc\u00ea:<\/p>\n\n\n\n<p class=\"has-text-align-center has-vivid-green-cyan-background-color has-text-color has-background\" style=\"color:#060ee5\"><strong><a href=\"https:\/\/drive.google.com\/file\/d\/1OAEE40L7ZykkAiY4elCgFQZUq1RialAk\/view?usp=sharing\" target=\"_blank\" rel=\"noreferrer noopener\"><strong>Trilha de Adapta\u00e7\u00e3o SEFAZ-CE x SEFAZ-AL<\/strong> \u2013 Aula 00<\/a><\/strong><\/p>\n\n\n\n<p id=\"block-4115176b-6e1e-4cee-a3b5-3f730ceb0285\">Para acesso \u00e0s Trilhas seguintes, basta se tornar assinante Premium ou Platinum e seguir com elas pela sua \u00e1rea do aluno.<\/p>\n\n\n\n<p class=\"has-text-align-center has-pale-cyan-blue-background-color has-text-color has-background\" id=\"block-f1f59148-b95a-44ba-acb6-3c70d92bb2a8\" style=\"color:#0300a3\"><a rel=\"noreferrer noopener\" href=\"https:\/\/www.estrategiaconcursos.com.br\/assinaturas\" target=\"_blank\"><strong>Assinatura Ilimitada<\/strong><\/a><\/p>\n\n\n\n<h2 class=\"wp-block-heading\" id=\"block-2a414aa2-f287-4c22-9aa0-c15210eed8a2\"><strong>Sobre as Trilhas Estrat\u00e9gicas<\/strong><\/h2>\n\n\n\n<p id=\"block-1db9cd57-93c5-46e4-9d6b-a8a62c7f9b9f\">O objetivo principal das Trilhas Estrat\u00e9gicas \u00e9 tornar o estudo o mais eficiente poss\u00edvel, almejando otimizar ao m\u00e1ximo a prepara\u00e7\u00e3o nesse per\u00edodo pr\u00e9-edital.<\/p>\n\n\n\n<p id=\"block-b798c598-2582-4d66-844f-c61e08a00c2f\">Elas s\u00e3o carinhosamente consideradas o \u201c<em>GPS\u201d do Concurseiro<\/em>!<\/p>\n\n\n\n<p>As Trilhas t\u00eam o objetivo de utilizar da melhor maneira o tempo dispon\u00edvel do aluno neste per\u00edodo pr\u00e9-edital para que, o mais breve poss\u00edvel, esteja ainda mais preparado para as provas.<\/p>\n\n\n\n<p id=\"block-5400a93a-f84c-4cba-9327-1796dac6f1e1\">Para isso, elas s\u00e3o compostas de tarefas di\u00e1rias elaboradas por profissionais (nossos&nbsp;<em>Coaches<\/em>) que j\u00e1 obtiveram \u00eaxito nos mais variados concursos do pa\u00eds.<\/p>\n\n\n\n<p id=\"block-5400a93a-f84c-4cba-9327-1796dac6f1e1\">Al\u00e9m disso, h\u00e1 um Canal do&nbsp;<strong><em>Telegram<\/em><\/strong>&nbsp;espec\u00edfico para a Trilha das&nbsp;<strong>\u00c1reas Fiscal e Controle<\/strong>&nbsp;em que haver\u00e1 o contato do Organizador com os alunos assinantes, assim como o envio de informa\u00e7\u00f5es importantes, dicas e conte\u00fados motivacionais. E os alunos poder\u00e3o enviar suas d\u00favidas tamb\u00e9m.<\/p>\n\n\n\n<figure class=\"wp-block-image\" id=\"block-10a8b429-6fe0-4ffd-842d-98a911c1aa8d\"><img decoding=\"async\" src=\"https:\/\/dhg1h5j42swfq.cloudfront.net\/2020\/04\/09213522\/organiza%C3%A7%C3%A3o-trilha.png\" alt=\"Trilha Estrat\u00e9gica \u00c1reas Fiscal e Contole\" \/><\/figure>\n\n\n\n<h4 class=\"wp-block-heading\" id=\"h-como-funcionam-as-trilhas\"><strong>Como funcionam as Trilhas?<\/strong><\/h4>\n\n\n\n<p>As&nbsp;<em>Trilhas<\/em>&nbsp;funcionar\u00e3o da seguinte forma:<\/p>\n\n\n\n<ul class=\"wp-block-list\"><li>Indica\u00e7\u00e3o de estudo por&nbsp;<em>Ciclos de Estudo;<\/em><\/li><li><em>Sugest\u00e3o das disciplinas<\/em>&nbsp;a serem estudadas em cada ciclo e momento da prepara\u00e7\u00e3o;<\/li><li>Apontamento da&nbsp;<em>sequ\u00eancia de estudo<\/em>&nbsp;em cada disciplina;<\/li><li>F<em>oco no custo x benef\u00edcio<\/em>&nbsp;considerando o conte\u00fado e o tempo de prepara\u00e7\u00e3o;<\/li><li>Apontamento de estudo de teoria, exerc\u00edcios, revis\u00e3o, legisla\u00e7\u00e3o e simulados.<\/li><\/ul>\n\n\n\n<p id=\"block-4115176b-6e1e-4cee-a3b5-3f730ceb0285\">Para mais informa\u00e7\u00f5es e atualiza\u00e7\u00f5es sobre as <strong>Trilhas Estrat\u00e9gicas<\/strong>, clique no link abaixo:<\/p>\n\n\n\n<p class=\"has-text-align-center has-pale-cyan-blue-background-color has-text-color has-background\" id=\"block-f1f59148-b95a-44ba-acb6-3c70d92bb2a8\" style=\"color:#0300a3\"><strong><a href=\"https:\/\/www.estrategiaconcursos.com.br\/blog\/trilhas-estrategicas-informacoes-e-trilhas-liberadas-hoje\/\" target=\"_blank\" rel=\"noreferrer noopener\">Trilhas Estrat\u00e9gica<\/a><\/strong><a href=\"https:\/\/www.estrategiaconcursos.com.br\/blog\/trilhas-estrategicas-informacoes-e-trilhas-liberadas-hoje\/\" target=\"_blank\" rel=\"noreferrer noopener\"><strong>s<\/strong><\/a><\/p>\n\n\n\n<p>Contem comigo! Nos vemos na Trilha!<\/p>\n\n\n\n<p><\/p>\n","protected":false},"excerpt":{"rendered":"<p>Ol\u00e1, concurseiro (a)! Para voc\u00ea que fez o concurso da SEFAZ-CE est\u00e1 se preparando para o concurso da SEFAZ\/AL (Auditor Fiscal da Receita Estadual), temos uma \u00f3tima (e muito esperada) not\u00edcia! Na pr\u00f3xima segunda-feira, dia 23\/08\/2021, lan\u00e7aremos a Trilha Estrat\u00e9gica de Adapta\u00e7\u00e3o SEFAZ-CE x SEFAZ-AL, j\u00e1 que muitos concurseiros (as), desde a publica\u00e7\u00e3o dos dois [&hellip;]<\/p>\n","protected":false},"author":1962,"featured_media":0,"comment_status":"open","ping_status":"closed","sticky":false,"template":"","format":"standard","meta":{"post_tipo":"article","footnotes":""},"categories":[1],"tags":[],"tax_estado":[],"class_list":["post-840018","post","type-post","status-publish","format-standard","hentry","category-cursos-e-concursos"],"acf":[],"yoast_head":"<!-- This site is optimized with the Yoast SEO Premium plugin v27.2 (Yoast SEO v27.2) - https:\/\/yoast.com\/product\/yoast-seo-premium-wordpress\/ -->\n<title>Lan\u00e7amento da Trilha Estrat\u00e9gica de Adapta\u00e7\u00e3o SEFAZ-CE x SEFAZ-AL<\/title>\n<meta name=\"robots\" content=\"index, follow, max-snippet:-1, max-image-preview:large, max-video-preview:-1\" \/>\n<link rel=\"canonical\" href=\"https:\/\/www.estrategiaconcursos.com.br\/blog\/lancamento-da-trilha-estrategica-de-adaptacao-sefaz-ce-x-sefaz-al\/\" \/>\n<meta property=\"og:locale\" content=\"pt_BR\" \/>\n<meta property=\"og:type\" content=\"article\" \/>\n<meta property=\"og:title\" content=\"Lan\u00e7amento da Trilha Estrat\u00e9gica de Adapta\u00e7\u00e3o SEFAZ-CE x SEFAZ-AL\" \/>\n<meta property=\"og:description\" content=\"Ol\u00e1, concurseiro (a)! Para voc\u00ea que fez o concurso da SEFAZ-CE est\u00e1 se preparando para o concurso da SEFAZ\/AL (Auditor Fiscal da Receita Estadual), temos uma \u00f3tima (e muito esperada) not\u00edcia! Na pr\u00f3xima segunda-feira, dia 23\/08\/2021, lan\u00e7aremos a Trilha Estrat\u00e9gica de Adapta\u00e7\u00e3o SEFAZ-CE x SEFAZ-AL, j\u00e1 que muitos concurseiros (as), desde a publica\u00e7\u00e3o dos dois [&hellip;]\" \/>\n<meta property=\"og:url\" content=\"https:\/\/www.estrategiaconcursos.com.br\/blog\/lancamento-da-trilha-estrategica-de-adaptacao-sefaz-ce-x-sefaz-al\/\" \/>\n<meta property=\"og:site_name\" content=\"Estrat\u00e9gia Concursos\" \/>\n<meta property=\"article:published_time\" content=\"2021-08-21T22:40:15+00:00\" \/>\n<meta property=\"article:modified_time\" content=\"2021-08-21T22:40:17+00:00\" \/>\n<meta name=\"author\" content=\"Douglas Nunes Dantas\" \/>\n<meta name=\"twitter:card\" content=\"summary_large_image\" \/>\n<meta name=\"twitter:creator\" content=\"@EstratConcursos\" \/>\n<meta name=\"twitter:site\" content=\"@EstratConcursos\" \/>\n<meta name=\"twitter:label1\" content=\"Escrito por\" \/>\n\t<meta name=\"twitter:data1\" content=\"Douglas Nunes Dantas\" \/>\n\t<meta name=\"twitter:label2\" content=\"Est. tempo de leitura\" \/>\n\t<meta name=\"twitter:data2\" content=\"3 minutos\" \/>\n<script type=\"application\/ld+json\" class=\"yoast-schema-graph\">{\"@context\":\"https:\/\/schema.org\",\"@graph\":[{\"@type\":\"NewsArticle\",\"@id\":\"https:\/\/www.estrategiaconcursos.com.br\/blog\/lancamento-da-trilha-estrategica-de-adaptacao-sefaz-ce-x-sefaz-al\/#article\",\"isPartOf\":{\"@id\":\"https:\/\/www.estrategiaconcursos.com.br\/blog\/lancamento-da-trilha-estrategica-de-adaptacao-sefaz-ce-x-sefaz-al\/\"},\"author\":{\"name\":\"Douglas Nunes Dantas\",\"@id\":\"https:\/\/www.estrategiaconcursos.com.br\/blog\/#\/schema\/person\/b3eaee72e5a0aa24e00f1b0c326a7e19\"},\"headline\":\"Lan\u00e7amento da Trilha Estrat\u00e9gica de Adapta\u00e7\u00e3o SEFAZ-CE x SEFAZ-AL\",\"datePublished\":\"2021-08-21T22:40:15+00:00\",\"dateModified\":\"2021-08-21T22:40:17+00:00\",\"mainEntityOfPage\":{\"@id\":\"https:\/\/www.estrategiaconcursos.com.br\/blog\/lancamento-da-trilha-estrategica-de-adaptacao-sefaz-ce-x-sefaz-al\/\"},\"wordCount\":676,\"commentCount\":0,\"publisher\":{\"@id\":\"https:\/\/www.estrategiaconcursos.com.br\/blog\/#organization\"},\"articleSection\":[\"Concursos P\u00fablicos\"],\"inLanguage\":\"pt-BR\",\"potentialAction\":[{\"@type\":\"CommentAction\",\"name\":\"Comment\",\"target\":[\"https:\/\/www.estrategiaconcursos.com.br\/blog\/lancamento-da-trilha-estrategica-de-adaptacao-sefaz-ce-x-sefaz-al\/#respond\"]}],\"copyrightYear\":\"2021\",\"copyrightHolder\":{\"@id\":\"https:\/\/www.estrategiaconcursos.com.br\/blog\/#organization\"}},{\"@type\":\"WebPage\",\"@id\":\"https:\/\/www.estrategiaconcursos.com.br\/blog\/lancamento-da-trilha-estrategica-de-adaptacao-sefaz-ce-x-sefaz-al\/\",\"url\":\"https:\/\/www.estrategiaconcursos.com.br\/blog\/lancamento-da-trilha-estrategica-de-adaptacao-sefaz-ce-x-sefaz-al\/\",\"name\":\"Lan\u00e7amento da Trilha Estrat\u00e9gica de Adapta\u00e7\u00e3o SEFAZ-CE x SEFAZ-AL\",\"isPartOf\":{\"@id\":\"https:\/\/www.estrategiaconcursos.com.br\/blog\/#website\"},\"datePublished\":\"2021-08-21T22:40:15+00:00\",\"dateModified\":\"2021-08-21T22:40:17+00:00\",\"breadcrumb\":{\"@id\":\"https:\/\/www.estrategiaconcursos.com.br\/blog\/lancamento-da-trilha-estrategica-de-adaptacao-sefaz-ce-x-sefaz-al\/#breadcrumb\"},\"inLanguage\":\"pt-BR\",\"potentialAction\":[{\"@type\":\"ReadAction\",\"target\":[\"https:\/\/www.estrategiaconcursos.com.br\/blog\/lancamento-da-trilha-estrategica-de-adaptacao-sefaz-ce-x-sefaz-al\/\"]}]},{\"@type\":\"BreadcrumbList\",\"@id\":\"https:\/\/www.estrategiaconcursos.com.br\/blog\/lancamento-da-trilha-estrategica-de-adaptacao-sefaz-ce-x-sefaz-al\/#breadcrumb\",\"itemListElement\":[{\"@type\":\"ListItem\",\"position\":1,\"name\":\"In\u00edcio\",\"item\":\"https:\/\/www.estrategiaconcursos.com.br\/blog\/\"},{\"@type\":\"ListItem\",\"position\":2,\"name\":\"Lan\u00e7amento da Trilha Estrat\u00e9gica de Adapta\u00e7\u00e3o SEFAZ-CE x SEFAZ-AL\"}]},{\"@type\":\"WebSite\",\"@id\":\"https:\/\/www.estrategiaconcursos.com.br\/blog\/#website\",\"url\":\"https:\/\/www.estrategiaconcursos.com.br\/blog\/\",\"name\":\"Estrat\u00e9gia Concursos\",\"description\":\"O blog da Estrat\u00e9gia Concursos traz not\u00edcias sobre concursos e artigos de professores oferecendo cursos para concursos (pdf + videaulas) no site.\",\"publisher\":{\"@id\":\"https:\/\/www.estrategiaconcursos.com.br\/blog\/#organization\"},\"potentialAction\":[{\"@type\":\"SearchAction\",\"target\":{\"@type\":\"EntryPoint\",\"urlTemplate\":\"https:\/\/www.estrategiaconcursos.com.br\/blog\/?s={search_term_string}\"},\"query-input\":{\"@type\":\"PropertyValueSpecification\",\"valueRequired\":true,\"valueName\":\"search_term_string\"}}],\"inLanguage\":\"pt-BR\"},{\"@type\":\"Organization\",\"@id\":\"https:\/\/www.estrategiaconcursos.com.br\/blog\/#organization\",\"name\":\"Estrat\u00e9gia Concursos\",\"url\":\"https:\/\/www.estrategiaconcursos.com.br\/blog\/\",\"logo\":{\"@type\":\"ImageObject\",\"inLanguage\":\"pt-BR\",\"@id\":\"https:\/\/www.estrategiaconcursos.com.br\/blog\/#\/schema\/logo\/image\/\",\"url\":\"https:\/\/dhg1h5j42swfq.cloudfront.net\/2025\/06\/03203428\/logo_concursos-1.jpg\",\"contentUrl\":\"https:\/\/dhg1h5j42swfq.cloudfront.net\/2025\/06\/03203428\/logo_concursos-1.jpg\",\"width\":230,\"height\":60,\"caption\":\"Estrat\u00e9gia Concursos\"},\"image\":{\"@id\":\"https:\/\/www.estrategiaconcursos.com.br\/blog\/#\/schema\/logo\/image\/\"},\"sameAs\":[\"https:\/\/x.com\/EstratConcursos\"]},{\"@type\":\"Person\",\"@id\":\"https:\/\/www.estrategiaconcursos.com.br\/blog\/#\/schema\/person\/b3eaee72e5a0aa24e00f1b0c326a7e19\",\"name\":\"Douglas Nunes Dantas\",\"image\":{\"@type\":\"ImageObject\",\"inLanguage\":\"pt-BR\",\"@id\":\"https:\/\/secure.gravatar.com\/avatar\/9b9ea86959920727def7e19d0c6a78bfc9484f7dd07e5a7b6fb4665ffc45b603?s=96&d=mm&r=g\",\"url\":\"https:\/\/secure.gravatar.com\/avatar\/9b9ea86959920727def7e19d0c6a78bfc9484f7dd07e5a7b6fb4665ffc45b603?s=96&d=mm&r=g\",\"contentUrl\":\"https:\/\/secure.gravatar.com\/avatar\/9b9ea86959920727def7e19d0c6a78bfc9484f7dd07e5a7b6fb4665ffc45b603?s=96&d=mm&r=g\",\"caption\":\"Douglas Nunes Dantas\"},\"url\":\"https:\/\/www.estrategiaconcursos.com.br\/blog\/author\/douglas-2478gmail-com\/\"}]}<\/script>\n<!-- \/ Yoast SEO Premium plugin. -->","yoast_head_json":{"title":"Lan\u00e7amento da Trilha Estrat\u00e9gica de Adapta\u00e7\u00e3o SEFAZ-CE x SEFAZ-AL","robots":{"index":"index","follow":"follow","max-snippet":"max-snippet:-1","max-image-preview":"max-image-preview:large","max-video-preview":"max-video-preview:-1"},"canonical":"https:\/\/www.estrategiaconcursos.com.br\/blog\/lancamento-da-trilha-estrategica-de-adaptacao-sefaz-ce-x-sefaz-al\/","og_locale":"pt_BR","og_type":"article","og_title":"Lan\u00e7amento da Trilha Estrat\u00e9gica de Adapta\u00e7\u00e3o SEFAZ-CE x SEFAZ-AL","og_description":"Ol\u00e1, concurseiro (a)! Para voc\u00ea que fez o concurso da SEFAZ-CE est\u00e1 se preparando para o concurso da SEFAZ\/AL (Auditor Fiscal da Receita Estadual), temos uma \u00f3tima (e muito esperada) not\u00edcia! Na pr\u00f3xima segunda-feira, dia 23\/08\/2021, lan\u00e7aremos a Trilha Estrat\u00e9gica de Adapta\u00e7\u00e3o SEFAZ-CE x SEFAZ-AL, j\u00e1 que muitos concurseiros (as), desde a publica\u00e7\u00e3o dos dois [&hellip;]","og_url":"https:\/\/www.estrategiaconcursos.com.br\/blog\/lancamento-da-trilha-estrategica-de-adaptacao-sefaz-ce-x-sefaz-al\/","og_site_name":"Estrat\u00e9gia Concursos","article_published_time":"2021-08-21T22:40:15+00:00","article_modified_time":"2021-08-21T22:40:17+00:00","author":"Douglas Nunes Dantas","twitter_card":"summary_large_image","twitter_creator":"@EstratConcursos","twitter_site":"@EstratConcursos","twitter_misc":{"Escrito por":"Douglas Nunes Dantas","Est. tempo de leitura":"3 minutos"},"schema":{"@context":"https:\/\/schema.org","@graph":[{"@type":"NewsArticle","@id":"https:\/\/www.estrategiaconcursos.com.br\/blog\/lancamento-da-trilha-estrategica-de-adaptacao-sefaz-ce-x-sefaz-al\/#article","isPartOf":{"@id":"https:\/\/www.estrategiaconcursos.com.br\/blog\/lancamento-da-trilha-estrategica-de-adaptacao-sefaz-ce-x-sefaz-al\/"},"author":{"name":"Douglas Nunes Dantas","@id":"https:\/\/www.estrategiaconcursos.com.br\/blog\/#\/schema\/person\/b3eaee72e5a0aa24e00f1b0c326a7e19"},"headline":"Lan\u00e7amento da Trilha Estrat\u00e9gica de Adapta\u00e7\u00e3o SEFAZ-CE x SEFAZ-AL","datePublished":"2021-08-21T22:40:15+00:00","dateModified":"2021-08-21T22:40:17+00:00","mainEntityOfPage":{"@id":"https:\/\/www.estrategiaconcursos.com.br\/blog\/lancamento-da-trilha-estrategica-de-adaptacao-sefaz-ce-x-sefaz-al\/"},"wordCount":676,"commentCount":0,"publisher":{"@id":"https:\/\/www.estrategiaconcursos.com.br\/blog\/#organization"},"articleSection":["Concursos P\u00fablicos"],"inLanguage":"pt-BR","potentialAction":[{"@type":"CommentAction","name":"Comment","target":["https:\/\/www.estrategiaconcursos.com.br\/blog\/lancamento-da-trilha-estrategica-de-adaptacao-sefaz-ce-x-sefaz-al\/#respond"]}],"copyrightYear":"2021","copyrightHolder":{"@id":"https:\/\/www.estrategiaconcursos.com.br\/blog\/#organization"}},{"@type":"WebPage","@id":"https:\/\/www.estrategiaconcursos.com.br\/blog\/lancamento-da-trilha-estrategica-de-adaptacao-sefaz-ce-x-sefaz-al\/","url":"https:\/\/www.estrategiaconcursos.com.br\/blog\/lancamento-da-trilha-estrategica-de-adaptacao-sefaz-ce-x-sefaz-al\/","name":"Lan\u00e7amento da Trilha Estrat\u00e9gica de Adapta\u00e7\u00e3o SEFAZ-CE x SEFAZ-AL","isPartOf":{"@id":"https:\/\/www.estrategiaconcursos.com.br\/blog\/#website"},"datePublished":"2021-08-21T22:40:15+00:00","dateModified":"2021-08-21T22:40:17+00:00","breadcrumb":{"@id":"https:\/\/www.estrategiaconcursos.com.br\/blog\/lancamento-da-trilha-estrategica-de-adaptacao-sefaz-ce-x-sefaz-al\/#breadcrumb"},"inLanguage":"pt-BR","potentialAction":[{"@type":"ReadAction","target":["https:\/\/www.estrategiaconcursos.com.br\/blog\/lancamento-da-trilha-estrategica-de-adaptacao-sefaz-ce-x-sefaz-al\/"]}]},{"@type":"BreadcrumbList","@id":"https:\/\/www.estrategiaconcursos.com.br\/blog\/lancamento-da-trilha-estrategica-de-adaptacao-sefaz-ce-x-sefaz-al\/#breadcrumb","itemListElement":[{"@type":"ListItem","position":1,"name":"In\u00edcio","item":"https:\/\/www.estrategiaconcursos.com.br\/blog\/"},{"@type":"ListItem","position":2,"name":"Lan\u00e7amento da Trilha Estrat\u00e9gica de Adapta\u00e7\u00e3o SEFAZ-CE x SEFAZ-AL"}]},{"@type":"WebSite","@id":"https:\/\/www.estrategiaconcursos.com.br\/blog\/#website","url":"https:\/\/www.estrategiaconcursos.com.br\/blog\/","name":"Estrat\u00e9gia Concursos","description":"O blog da Estrat\u00e9gia Concursos traz not\u00edcias sobre concursos e artigos de professores oferecendo cursos para concursos (pdf + videaulas) no site.","publisher":{"@id":"https:\/\/www.estrategiaconcursos.com.br\/blog\/#organization"},"potentialAction":[{"@type":"SearchAction","target":{"@type":"EntryPoint","urlTemplate":"https:\/\/www.estrategiaconcursos.com.br\/blog\/?s={search_term_string}"},"query-input":{"@type":"PropertyValueSpecification","valueRequired":true,"valueName":"search_term_string"}}],"inLanguage":"pt-BR"},{"@type":"Organization","@id":"https:\/\/www.estrategiaconcursos.com.br\/blog\/#organization","name":"Estrat\u00e9gia Concursos","url":"https:\/\/www.estrategiaconcursos.com.br\/blog\/","logo":{"@type":"ImageObject","inLanguage":"pt-BR","@id":"https:\/\/www.estrategiaconcursos.com.br\/blog\/#\/schema\/logo\/image\/","url":"https:\/\/dhg1h5j42swfq.cloudfront.net\/2025\/06\/03203428\/logo_concursos-1.jpg","contentUrl":"https:\/\/dhg1h5j42swfq.cloudfront.net\/2025\/06\/03203428\/logo_concursos-1.jpg","width":230,"height":60,"caption":"Estrat\u00e9gia Concursos"},"image":{"@id":"https:\/\/www.estrategiaconcursos.com.br\/blog\/#\/schema\/logo\/image\/"},"sameAs":["https:\/\/x.com\/EstratConcursos"]},{"@type":"Person","@id":"https:\/\/www.estrategiaconcursos.com.br\/blog\/#\/schema\/person\/b3eaee72e5a0aa24e00f1b0c326a7e19","name":"Douglas Nunes Dantas","image":{"@type":"ImageObject","inLanguage":"pt-BR","@id":"https:\/\/secure.gravatar.com\/avatar\/9b9ea86959920727def7e19d0c6a78bfc9484f7dd07e5a7b6fb4665ffc45b603?s=96&d=mm&r=g","url":"https:\/\/secure.gravatar.com\/avatar\/9b9ea86959920727def7e19d0c6a78bfc9484f7dd07e5a7b6fb4665ffc45b603?s=96&d=mm&r=g","contentUrl":"https:\/\/secure.gravatar.com\/avatar\/9b9ea86959920727def7e19d0c6a78bfc9484f7dd07e5a7b6fb4665ffc45b603?s=96&d=mm&r=g","caption":"Douglas Nunes Dantas"},"url":"https:\/\/www.estrategiaconcursos.com.br\/blog\/author\/douglas-2478gmail-com\/"}]}},"_links":{"self":[{"href":"https:\/\/www.estrategiaconcursos.com.br\/blog\/wp-json\/wp\/v2\/posts\/840018","targetHints":{"allow":["GET"]}}],"collection":[{"href":"https:\/\/www.estrategiaconcursos.com.br\/blog\/wp-json\/wp\/v2\/posts"}],"about":[{"href":"https:\/\/www.estrategiaconcursos.com.br\/blog\/wp-json\/wp\/v2\/types\/post"}],"author":[{"embeddable":true,"href":"https:\/\/www.estrategiaconcursos.com.br\/blog\/wp-json\/wp\/v2\/users\/1962"}],"replies":[{"embeddable":true,"href":"https:\/\/www.estrategiaconcursos.com.br\/blog\/wp-json\/wp\/v2\/comments?post=840018"}],"version-history":[{"count":11,"href":"https:\/\/www.estrategiaconcursos.com.br\/blog\/wp-json\/wp\/v2\/posts\/840018\/revisions"}],"predecessor-version":[{"id":842180,"href":"https:\/\/www.estrategiaconcursos.com.br\/blog\/wp-json\/wp\/v2\/posts\/840018\/revisions\/842180"}],"wp:attachment":[{"href":"https:\/\/www.estrategiaconcursos.com.br\/blog\/wp-json\/wp\/v2\/media?parent=840018"}],"wp:term":[{"taxonomy":"category","embeddable":true,"href":"https:\/\/www.estrategiaconcursos.com.br\/blog\/wp-json\/wp\/v2\/categories?post=840018"},{"taxonomy":"post_tag","embeddable":true,"href":"https:\/\/www.estrategiaconcursos.com.br\/blog\/wp-json\/wp\/v2\/tags?post=840018"},{"taxonomy":"tax_estado","embeddable":true,"href":"https:\/\/www.estrategiaconcursos.com.br\/blog\/wp-json\/wp\/v2\/tax_estado?post=840018"}],"curies":[{"name":"wp","href":"https:\/\/api.w.org\/{rel}","templated":true}]}}