{"id":839952,"date":"2021-08-24T15:20:00","date_gmt":"2021-08-24T18:20:00","guid":{"rendered":"https:\/\/www.estrategiaconcursos.com.br\/blog\/?p=839952"},"modified":"2021-08-27T16:12:51","modified_gmt":"2021-08-27T19:12:51","slug":"processo-seletivo-porto-alegre","status":"publish","type":"post","link":"https:\/\/www.estrategiaconcursos.com.br\/blog\/processo-seletivo-porto-alegre\/","title":{"rendered":"Processo Seletivo de Porto Alegre: Edital para Resid\u00eancia!"},"content":{"rendered":"\n<p>Foi publicado o edital de processo seletivo da <strong><em>prefeitura de Porto Alegre<\/em><\/strong>, que se destina ao provimento de <strong>06 bolsistas<\/strong> para o <strong>Programa de Resid\u00eancia T\u00e9cnico-Superior<\/strong>.<\/p>\n\n\n\n<p>A avalia\u00e7\u00e3o dos candidatos ser\u00e1 realizada atrav\u00e9s de <strong>Prova Objetiva<\/strong> de m\u00faltipla escolha, de car\u00e1ter classificat\u00f3rio e eliminat\u00f3rio, a ser realizada no dia 10 de outubro.<\/p>\n\n\n\n<ul id=\"block-ee678516-e9d1-48bd-b327-7b9acd55f0fd\" class=\"has-background wp-block-list\" style=\"background:linear-gradient(135deg,rgb(252,185,0) 32%,rgb(255,105,0) 100%)\"><li><strong>Prefeitura de Porto Alegre RS<\/strong><span style=\"background-color: initial;\">&nbsp;<\/span><\/li><li><span style=\"background-color: initial;\"><strong>Status: <\/strong>Edital publicado<\/span><\/li><li><strong>Banca:&nbsp;<\/strong>Instituto Consulplan<\/li><li><strong>Vagas:&nbsp;<\/strong>06 + CR<\/li><li><strong>Bolsa-aux\u00edlio: <\/strong>R$ 2.500,00<\/li><\/ul>\n\n\n\n<p>As vagas dispon\u00edveis s\u00e3o para as habilita\u00e7\u00f5es de Administra\u00e7\u00e3o, Arquitetura, Biologia, Ci\u00eancias Cont\u00e1beis, Economia e Engenharia Civil.<\/p>\n\n\n\n<p>Aos residentes ser\u00e1 destinada bolsa no valor de <strong>R$ 2.500,00<\/strong>, al\u00e9m de aux\u00edlio-transporte. A vincula\u00e7\u00e3o ao Programa ser\u00e1 pelo per\u00edodo de <strong>12 meses<\/strong>.<\/p>\n\n\n\n<p>Se voc\u00ea interesse nessa sele\u00e7\u00e3o, chegou ao lugar certo! Ao longo deste artigo reunimos as principais informa\u00e7\u00f5es sobre o processo seletivo da prefeitura de Porto Alegre:<\/p>\n\n\n\n<ul class=\"wp-block-list\"><li><a href=\"#atual\">Situa\u00e7\u00e3o atual<\/a><ul><li><a href=\"#datas\">Principais datas<\/a><\/li><\/ul><\/li><li><a href=\"#vagas\">Distribui\u00e7\u00e3o das vagas<\/a><\/li><li><a href=\"#bolsa\">Atribui\u00e7\u00f5es e Bolsa-Aux\u00edlio<\/a><\/li><li><a href=\"#objetiva\">Prova Objetiva<\/a><\/li><li><a href=\"#cursos\">Assinatura e cursos<\/a><\/li><li><a href=\"#ficha\">Ficha t\u00e9cnica<\/a><\/li><\/ul>\n\n\n\n<div id=\"boxes\" class=\"container\">\n<div class=\"row\">\n<div class=\"col-sm\">\n<div id=\"box-assinatura\" class=\"banner-estrategia\">\n<h3 class=\"titulo-assinatura\">Concurso Porto Alegre<\/h3>\n<p class=\"subtitulo-assinatura\">Estude conosco<\/p>\n<div class=\"box-botao\"><a class=\"btn-assinatura\" role=\"button\" href=\"https:\/\/www.estrategiaconcursos.com.br\/cursosPorConcurso\/prefeitura-municipal-de-porto-alegre-rs\/\" target=\"_blank\" rel=\"noopener noreferrer\">Conhe\u00e7a os cursos<\/a><\/div>\n<\/div>\n<\/div>\n<\/div>\n<\/div>\n\n\n\n<h2 class=\"wp-block-heading\" id=\"atual\">Situa\u00e7\u00e3o atual do processo seletivo de Porto Alegre<\/h2>\n\n\n\n<h3 class=\"wp-block-heading\" id=\"h-principais-datas\">Principais datas<\/h3>\n\n\n\n<p>Para garantir a candidatura, \u00e9 necess\u00e1rio acessar o site da banca organizadora, o&nbsp;<a href=\"https:\/\/www.institutoconsulplan.org.br\/getConc.aspx?key=CGYy75kKGrY=\" target=\"_blank\" rel=\"noreferrer noopener\">Instituto Consulpan<\/a>, entre os dias 25 de agosto e 17 de setembro, al\u00e9m de pagar uma taxa que foi fixada em&nbsp;<strong>R$ 75,00<\/strong>.<\/p>\n\n\n\n<ul class=\"has-background wp-block-list\" style=\"background-color:#e3e8ec\"><li><strong>Inscri\u00e7\u00f5es: <\/strong>25\/08 a 17\/09\/2021<\/li><li><strong>Isen\u00e7\u00e3o da taxa: <\/strong>25 a 26\/08\/2021<\/li><li><strong>Data da prova:<\/strong> 10\/10\/2021<\/li><\/ul>\n\n\n\n<h2 class=\"wp-block-heading\" id=\"vagas\">Distribui\u00e7\u00e3o das vagas do PSS<\/h2>\n\n\n\n<p>Para todas as forma\u00e7\u00f5es \u00e9 exigido Curso superior completo na \u00e1rea de habilita\u00e7\u00e3o, conclu\u00eddo em prazo n\u00e3o superior a 5 anos, contados da data da admiss\u00e3o.<\/p>\n\n\n\n<figure class=\"wp-block-table is-style-stripes\"><table class=\"has-subtle-pale-blue-background-color has-fixed-layout has-background\"><thead><tr><th class=\"has-text-align-center\" data-align=\"center\">Forma\u00e7\u00e3o\/Habilita\u00e7\u00e3o<\/th><th class=\"has-text-align-center\" data-align=\"center\">Vagas<\/th><\/tr><\/thead><tbody><tr><td class=\"has-text-align-center\" data-align=\"center\">Administra\u00e7\u00e3o<\/td><td class=\"has-text-align-center\" data-align=\"center\">01<\/td><\/tr><tr><td class=\"has-text-align-center\" data-align=\"center\">Arquitetura<\/td><td class=\"has-text-align-center\" data-align=\"center\">01<\/td><\/tr><tr><td class=\"has-text-align-center\" data-align=\"center\">Biologia<\/td><td class=\"has-text-align-center\" data-align=\"center\">01<\/td><\/tr><tr><td class=\"has-text-align-center\" data-align=\"center\">Ci\u00eancias Cont\u00e1beis<\/td><td class=\"has-text-align-center\" data-align=\"center\">01<\/td><\/tr><tr><td class=\"has-text-align-center\" data-align=\"center\">Economia<\/td><td class=\"has-text-align-center\" data-align=\"center\">01<\/td><\/tr><tr><td class=\"has-text-align-center\" data-align=\"center\">Engenharia Civil<\/td><td class=\"has-text-align-center\" data-align=\"center\">01<\/td><\/tr><\/tbody><\/table><\/figure>\n\n\n\n<h2 class=\"wp-block-heading\" id=\"bolsa\">Atribui\u00e7\u00f5es e Bolsa-Aux\u00edlio<\/h2>\n\n\n\n<p>A Resid\u00eancia T\u00e9cnico-superior envolve atividades te\u00f3ricas e pr\u00e1ticas, compreendendo ensino, pesquisa e extens\u00e3o, e o aux\u00edlio aos servidores com forma\u00e7\u00e3o t\u00e9cnico-superior no desempenho de suas atribui\u00e7\u00f5es institucionais, com acompanhamento realizado pela Escola de Gest\u00e3o P\u00fablica (EGP), em conjunto com a Secretaria \u00e0 qual o residente esteja vinculado.<\/p>\n\n\n\n<p>Aos residentes ser\u00e1 destinada bolsa no valor de <strong>R$ 2.500,00<\/strong>, al\u00e9m de aux\u00edlio-transporte conforme legisla\u00e7\u00e3o vigente.<\/p>\n\n\n\n<p>A vincula\u00e7\u00e3o ao Programa de Resid\u00eancia T\u00e9cnico-Superior dar-se-\u00e1 por <strong>12 meses<\/strong>, facultando-se ao Munic\u00edpio de Porto Alegre prorrog\u00e1-lo 1 (uma) vez por igual per\u00edodo.<\/p>\n\n\n\n<p>\u00c9 assegurado ao residente per\u00edodo de <strong>repouso de 30 dias por ano de atividade<\/strong>, sem preju\u00edzo da bolsa-aux\u00edlio recebida.<\/p>\n\n\n\n<h2 class=\"wp-block-heading\" id=\"objetiva\">Prova Objetiva do processo seletivo de Porto Alegre<\/h2>\n\n\n\n<p>Com <strong>dura\u00e7\u00e3o de 4 horas (13h \u00e0s 17h)<\/strong>, a prova ser\u00e1 aplicada na modalidade<strong> on-line<\/strong>, mediante acesso a um ambiente virtual espec\u00edfico, no mesmo dia e hor\u00e1rio em todo o territ\u00f3rio nacional, observado o hor\u00e1rio oficial de Bras\u00edlia\/DF.<\/p>\n\n\n\n<p>As quest\u00f5es ser\u00e3o do tipo m\u00faltipla escolha, com cinco op\u00e7\u00f5es (A, B, C, D e E) e uma \u00fanica resposta correta:<\/p>\n\n\n\n<div class=\"wp-block-image\"><figure class=\"aligncenter size-large\"><img loading=\"lazy\" decoding=\"async\" width=\"686\" height=\"197\" src=\"https:\/\/dhg1h5j42swfq.cloudfront.net\/2021\/08\/24150337\/image-729.png\" alt=\"Prova Objetiva do Processo Seletivo da Prefeitura de Porto Alegre\" class=\"wp-image-844483\" srcset=\"https:\/\/dhg1h5j42swfq.cloudfront.net\/2021\/08\/24150337\/image-729.png 686w, https:\/\/dhg1h5j42swfq.cloudfront.net\/2021\/08\/24150337\/image-729-300x86.png 300w, https:\/\/dhg1h5j42swfq.cloudfront.net\/2021\/08\/24150337\/image-729-610x175.png 610w\" sizes=\"auto, (max-width: 686px) 100vw, 686px\" \/><\/figure><\/div>\n\n\n\n<hr class=\"wp-block-separator\"\/>\n\n\n\n<h2 class=\"has-text-align-center wp-block-heading\" id=\"cursos\">Quer estudar para o Processo Seletivo de Porto Alegre?<\/h2>\n\n\n\n<div id=\"boxes\" class=\"container\">\n<div class=\"row\">\n<div class=\"col-sm\">\n<div id=\"box-assinatura\" class=\"banner-estrategia\">\n<h3 class=\"titulo-assinatura\">Concurso Porto Alegre<\/h3>\n<p class=\"subtitulo-assinatura\">Estude conosco<\/p>\n<div class=\"box-botao\"><a class=\"btn-assinatura\" role=\"button\" href=\"https:\/\/www.estrategiaconcursos.com.br\/cursosPorConcurso\/prefeitura-municipal-de-porto-alegre-rs\/\" target=\"_blank\" rel=\"noopener noreferrer\">Conhe\u00e7a os cursos<\/a><\/div>\n<\/div>\n<\/div>\n<\/div>\n<\/div>\n\n\n\n<div class=\"container\" id=\"boxes\">\n  <div class=\"row\">\n\n    <div class=\"col-sm\">\n      <div class=\"estrategia\" id=\"box-assinatura\">\n        <h3 class=\"titulo-assinatura\">Assinatura Concursos<\/h3>\n        <p class=\"subtitulo-assinatura\">Assinatura de 1 ano ou 2 anos<\/p>\n        <div class=\"box-botao\">\n          <a class=\"btn-assinatura\" target=\"_blank\" href=\"https:\/\/www.estrategiaconcursos.com.br\/assinaturas\/\" role=\"button\" rel=\"noopener noreferrer\">ASSINE AGORA<\/a>\n        <\/div>\n      <\/div><\/div><\/div><\/div>\n\n\n\n<div class=\"container\" id=\"boxes\">\n  <div class=\"row\">\n\n    <div class=\"col-sm\" id=\"boxes-concursos\">\n      <div style=\"background-color: #005DAD;\" class=\"conteudo-concursos\" id=\"box-concursos\">\n        <h3 class=\"titulo-assinatura\">Concursos Abertos<\/h3>\n        <p class=\"subtitulo-assinatura\">Confira os editais publicados<\/p>\n        <div class=\"box-botao\">\n          <a class=\"btn-assinatura\" target=\"_blank\" href=\"https:\/\/www.estrategiaconcursos.com.br\/blog\/concursos-abertos\/\" role=\"button\" rel=\"noopener noreferrer\">Conhe\u00e7a Agora<\/a>\n        <\/div>\n      <\/div>\n    <\/div>\n\n    <div class=\"col-sm\" id=\"boxes-concursos\">\n      <div style=\"background-color: #1A7ED5;\" class=\"conteudo-concursos\" id=\"box-concursos\">\n        <h3 class=\"titulo-assinatura\">Concursos 2021<\/h3>\n        <p class=\"subtitulo-assinatura\">As oportunidades previstas<\/p>\n        <div class=\"box-botao\">\n          <a class=\"btn-assinatura\" target=\"_blank\" href=\"https:\/\/www.estrategiaconcursos.com.br\/blog\/concursos-2021\/\" role=\"button\" rel=\"noopener noreferrer\">Conhe\u00e7a Agora<\/a>\n        <\/div>\n      <\/div>\n    <\/div>\n\n    <div class=\"col-sm\" id=\"boxes-concursos\">\n      <div style=\"background-color: #419FF0;\" class=\"conteudo-concursos\" id=\"box-concursos\">\n        <h3 class=\"titulo-assinatura\">Concursos 2022<\/h3>\n        <p class=\"subtitulo-assinatura\">Vagas para o pr\u00f3ximo ano<\/p>\n        <div class=\"box-botao\">\n          <a class=\"btn-assinatura\" target=\"_blank\" href=\"https:\/\/www.estrategiaconcursos.com.br\/blog\/concursos-2022\/\" role=\"button\" rel=\"noopener noreferrer\">Conhe\u00e7a Agora<\/a>\n        <\/div>\n      <\/div>\n    <\/div>\n\n  <\/div>\n<\/div>\n\n\n\n<figure class=\"wp-block-image is-resized\"><img loading=\"lazy\" decoding=\"async\" src=\"https:\/\/dhg1h5j42swfq.cloudfront.net\/2021\/04\/21085406\/ficha-tecnica-156-1024x632.png\" alt=\"Ficha T\u00e9cnica do processo seletivo de Porto Alegre\" class=\"wp-image-720158\" width=\"246\" height=\"152\" srcset=\"https:\/\/dhg1h5j42swfq.cloudfront.net\/2021\/04\/21085406\/ficha-tecnica-156-1024x632.png 1024w, https:\/\/dhg1h5j42swfq.cloudfront.net\/2021\/04\/21085406\/ficha-tecnica-156-300x185.png 300w, https:\/\/dhg1h5j42swfq.cloudfront.net\/2021\/04\/21085406\/ficha-tecnica-156-768x474.png 768w, https:\/\/dhg1h5j42swfq.cloudfront.net\/2021\/04\/21085406\/ficha-tecnica-156-1536x948.png 1536w, https:\/\/dhg1h5j42swfq.cloudfront.net\/2021\/04\/21085406\/ficha-tecnica-156-610x377.png 610w, https:\/\/dhg1h5j42swfq.cloudfront.net\/2021\/04\/21085406\/ficha-tecnica-156.png 1571w\" sizes=\"auto, (max-width: 246px) 100vw, 246px\" \/><\/figure>\n\n\n\n<h3 class=\"wp-block-heading\" id=\"ficha\"><strong>Informa\u00e7\u00f5es do processo seletivo de Porto Alegre<\/strong><\/h3>\n\n\n\n<ul class=\"wp-block-list\"><li><strong>Data<\/strong>&nbsp;<strong>da prova:&nbsp;<\/strong>10\/10\/2021<\/li><li><strong>Vagas<\/strong>: 06 + CR<\/li><li><strong>Cargos<\/strong>: V\u00e1rios<\/li><li><strong>Banca<\/strong>: Instituto Consulplan<\/li><li><strong>Escolaridade<\/strong>: N\u00edvel superior<\/li><li><strong>Edital: <\/strong><a href=\"https:\/\/dhg1h5j42swfq.cloudfront.net\/2021\/08\/24145851\/1_522999.pdf\" target=\"_blank\" rel=\"noreferrer noopener nofollow\">PSS Porto Alegre 2021<\/a><\/li><\/ul>\n\n\n\n<p><\/p>\n","protected":false},"excerpt":{"rendered":"<p>Foi publicado o edital de processo seletivo da prefeitura de Porto Alegre, que se destina ao provimento de 06 bolsistas para o Programa de Resid\u00eancia T\u00e9cnico-Superior. A avalia\u00e7\u00e3o dos candidatos ser\u00e1 realizada atrav\u00e9s de Prova Objetiva de m\u00faltipla escolha, de car\u00e1ter classificat\u00f3rio e eliminat\u00f3rio, a ser realizada no dia 10 de outubro. Prefeitura de Porto [&hellip;]<\/p>\n","protected":false},"author":1,"featured_media":834654,"comment_status":"open","ping_status":"closed","sticky":false,"template":"","format":"standard","meta":{"post_tipo":"news","footnotes":""},"categories":[214992],"tags":[],"tax_estado":[219986],"class_list":["post-839952","post","type-post","status-publish","format-standard","has-post-thumbnail","hentry","category-concursos-administrativos","tax_estado-rs"],"acf":[],"yoast_head":"<!-- This site is optimized with the Yoast SEO Premium plugin v27.2 (Yoast SEO v27.2) - https:\/\/yoast.com\/product\/yoast-seo-premium-wordpress\/ -->\n<title>Processo Seletivo de Porto Alegre: Edital para Resid\u00eancia!<\/title>\n<meta name=\"description\" content=\"Porto Alegre RS: publicado edital de Processo Seletivo para o Programa de Resid\u00eancia T\u00e9cnico-Superior; Provas em outubro!\" \/>\n<meta name=\"robots\" content=\"index, follow, max-snippet:-1, max-image-preview:large, max-video-preview:-1\" \/>\n<link rel=\"canonical\" href=\"https:\/\/www.estrategiaconcursos.com.br\/blog\/processo-seletivo-porto-alegre\/\" \/>\n<meta property=\"og:locale\" content=\"pt_BR\" \/>\n<meta property=\"og:type\" content=\"article\" \/>\n<meta property=\"og:title\" content=\"Processo Seletivo de Porto Alegre: Edital para Resid\u00eancia!\" \/>\n<meta property=\"og:description\" content=\"Porto Alegre RS: publicado edital de Processo Seletivo para o Programa de Resid\u00eancia T\u00e9cnico-Superior; Provas em outubro!\" \/>\n<meta property=\"og:url\" content=\"https:\/\/www.estrategiaconcursos.com.br\/blog\/processo-seletivo-porto-alegre\/\" \/>\n<meta property=\"og:site_name\" content=\"Estrat\u00e9gia Concursos\" \/>\n<meta property=\"article:author\" content=\"https:\/\/www.facebook.com\/EstrategiaConcursos\" \/>\n<meta property=\"article:published_time\" content=\"2021-08-24T18:20:00+00:00\" \/>\n<meta property=\"article:modified_time\" content=\"2021-08-27T19:12:51+00:00\" \/>\n<meta property=\"og:image\" content=\"https:\/\/dhg1h5j42swfq.cloudfront.net\/2021\/08\/12152451\/prefeitura-de-porto-alegre.jpg\" \/>\n\t<meta property=\"og:image:width\" content=\"766\" \/>\n\t<meta property=\"og:image:height\" content=\"430\" \/>\n\t<meta property=\"og:image:type\" content=\"image\/jpeg\" \/>\n<meta name=\"author\" content=\"Coordena\u00e7\u00e3o\" \/>\n<meta name=\"twitter:card\" content=\"summary_large_image\" \/>\n<meta name=\"twitter:creator\" content=\"@EstratConcursos\" \/>\n<meta name=\"twitter:site\" content=\"@EstratConcursos\" \/>\n<meta name=\"twitter:label1\" content=\"Escrito por\" \/>\n\t<meta name=\"twitter:data1\" content=\"Coordena\u00e7\u00e3o\" \/>\n\t<meta name=\"twitter:label2\" content=\"Est. tempo de leitura\" \/>\n\t<meta name=\"twitter:data2\" content=\"3 minutos\" \/>\n<script type=\"application\/ld+json\" class=\"yoast-schema-graph\">{\"@context\":\"https:\/\/schema.org\",\"@graph\":[{\"@type\":\"NewsArticle\",\"@id\":\"https:\/\/www.estrategiaconcursos.com.br\/blog\/processo-seletivo-porto-alegre\/#article\",\"isPartOf\":{\"@id\":\"https:\/\/www.estrategiaconcursos.com.br\/blog\/processo-seletivo-porto-alegre\/\"},\"author\":{\"name\":\"Coordena\u00e7\u00e3o\",\"@id\":\"https:\/\/www.estrategiaconcursos.com.br\/blog\/#\/schema\/person\/b4a388c97673c5f483d72185668afa1f\"},\"headline\":\"Processo Seletivo de Porto Alegre: Edital para Resid\u00eancia!\",\"datePublished\":\"2021-08-24T18:20:00+00:00\",\"dateModified\":\"2021-08-27T19:12:51+00:00\",\"mainEntityOfPage\":{\"@id\":\"https:\/\/www.estrategiaconcursos.com.br\/blog\/processo-seletivo-porto-alegre\/\"},\"wordCount\":589,\"commentCount\":0,\"publisher\":{\"@id\":\"https:\/\/www.estrategiaconcursos.com.br\/blog\/#organization\"},\"image\":{\"@id\":\"https:\/\/www.estrategiaconcursos.com.br\/blog\/processo-seletivo-porto-alegre\/#primaryimage\"},\"thumbnailUrl\":\"https:\/\/dhg1h5j42swfq.cloudfront.net\/2021\/08\/12152451\/prefeitura-de-porto-alegre.jpg\",\"articleSection\":[\"Executivo (Administrativa)\"],\"inLanguage\":\"pt-BR\",\"potentialAction\":[{\"@type\":\"CommentAction\",\"name\":\"Comment\",\"target\":[\"https:\/\/www.estrategiaconcursos.com.br\/blog\/processo-seletivo-porto-alegre\/#respond\"]}],\"copyrightYear\":\"2021\",\"copyrightHolder\":{\"@id\":\"https:\/\/www.estrategiaconcursos.com.br\/blog\/#organization\"}},{\"@type\":\"WebPage\",\"@id\":\"https:\/\/www.estrategiaconcursos.com.br\/blog\/processo-seletivo-porto-alegre\/\",\"url\":\"https:\/\/www.estrategiaconcursos.com.br\/blog\/processo-seletivo-porto-alegre\/\",\"name\":\"Processo Seletivo de Porto Alegre: Edital para Resid\u00eancia!\",\"isPartOf\":{\"@id\":\"https:\/\/www.estrategiaconcursos.com.br\/blog\/#website\"},\"primaryImageOfPage\":{\"@id\":\"https:\/\/www.estrategiaconcursos.com.br\/blog\/processo-seletivo-porto-alegre\/#primaryimage\"},\"image\":{\"@id\":\"https:\/\/www.estrategiaconcursos.com.br\/blog\/processo-seletivo-porto-alegre\/#primaryimage\"},\"thumbnailUrl\":\"https:\/\/dhg1h5j42swfq.cloudfront.net\/2021\/08\/12152451\/prefeitura-de-porto-alegre.jpg\",\"datePublished\":\"2021-08-24T18:20:00+00:00\",\"dateModified\":\"2021-08-27T19:12:51+00:00\",\"description\":\"Porto Alegre RS: publicado edital de Processo Seletivo para o Programa de Resid\u00eancia T\u00e9cnico-Superior; Provas em outubro!\",\"breadcrumb\":{\"@id\":\"https:\/\/www.estrategiaconcursos.com.br\/blog\/processo-seletivo-porto-alegre\/#breadcrumb\"},\"inLanguage\":\"pt-BR\",\"potentialAction\":[{\"@type\":\"ReadAction\",\"target\":[\"https:\/\/www.estrategiaconcursos.com.br\/blog\/processo-seletivo-porto-alegre\/\"]}]},{\"@type\":\"ImageObject\",\"inLanguage\":\"pt-BR\",\"@id\":\"https:\/\/www.estrategiaconcursos.com.br\/blog\/processo-seletivo-porto-alegre\/#primaryimage\",\"url\":\"https:\/\/dhg1h5j42swfq.cloudfront.net\/2021\/08\/12152451\/prefeitura-de-porto-alegre.jpg\",\"contentUrl\":\"https:\/\/dhg1h5j42swfq.cloudfront.net\/2021\/08\/12152451\/prefeitura-de-porto-alegre.jpg\",\"width\":766,\"height\":430,\"caption\":\"Concurso Porto Alegre 2026\"},{\"@type\":\"BreadcrumbList\",\"@id\":\"https:\/\/www.estrategiaconcursos.com.br\/blog\/processo-seletivo-porto-alegre\/#breadcrumb\",\"itemListElement\":[{\"@type\":\"ListItem\",\"position\":1,\"name\":\"In\u00edcio\",\"item\":\"https:\/\/www.estrategiaconcursos.com.br\/blog\/\"},{\"@type\":\"ListItem\",\"position\":2,\"name\":\"Processo Seletivo de Porto Alegre: Edital para Resid\u00eancia!\"}]},{\"@type\":\"WebSite\",\"@id\":\"https:\/\/www.estrategiaconcursos.com.br\/blog\/#website\",\"url\":\"https:\/\/www.estrategiaconcursos.com.br\/blog\/\",\"name\":\"Estrat\u00e9gia Concursos\",\"description\":\"O blog da Estrat\u00e9gia Concursos traz not\u00edcias sobre concursos e artigos de professores oferecendo cursos para concursos (pdf + videaulas) no site.\",\"publisher\":{\"@id\":\"https:\/\/www.estrategiaconcursos.com.br\/blog\/#organization\"},\"potentialAction\":[{\"@type\":\"SearchAction\",\"target\":{\"@type\":\"EntryPoint\",\"urlTemplate\":\"https:\/\/www.estrategiaconcursos.com.br\/blog\/?s={search_term_string}\"},\"query-input\":{\"@type\":\"PropertyValueSpecification\",\"valueRequired\":true,\"valueName\":\"search_term_string\"}}],\"inLanguage\":\"pt-BR\"},{\"@type\":\"Organization\",\"@id\":\"https:\/\/www.estrategiaconcursos.com.br\/blog\/#organization\",\"name\":\"Estrat\u00e9gia Concursos\",\"url\":\"https:\/\/www.estrategiaconcursos.com.br\/blog\/\",\"logo\":{\"@type\":\"ImageObject\",\"inLanguage\":\"pt-BR\",\"@id\":\"https:\/\/www.estrategiaconcursos.com.br\/blog\/#\/schema\/logo\/image\/\",\"url\":\"https:\/\/dhg1h5j42swfq.cloudfront.net\/2025\/06\/03203428\/logo_concursos-1.jpg\",\"contentUrl\":\"https:\/\/dhg1h5j42swfq.cloudfront.net\/2025\/06\/03203428\/logo_concursos-1.jpg\",\"width\":230,\"height\":60,\"caption\":\"Estrat\u00e9gia Concursos\"},\"image\":{\"@id\":\"https:\/\/www.estrategiaconcursos.com.br\/blog\/#\/schema\/logo\/image\/\"},\"sameAs\":[\"https:\/\/x.com\/EstratConcursos\"]},{\"@type\":\"Person\",\"@id\":\"https:\/\/www.estrategiaconcursos.com.br\/blog\/#\/schema\/person\/b4a388c97673c5f483d72185668afa1f\",\"name\":\"Coordena\u00e7\u00e3o\",\"image\":{\"@type\":\"ImageObject\",\"inLanguage\":\"pt-BR\",\"@id\":\"https:\/\/secure.gravatar.com\/avatar\/b720319e4c9a967eb58678d110f4fe35452fc5d5f97b202bac7b8acceb18c6ad?s=96&d=mm&r=g\",\"url\":\"https:\/\/secure.gravatar.com\/avatar\/b720319e4c9a967eb58678d110f4fe35452fc5d5f97b202bac7b8acceb18c6ad?s=96&d=mm&r=g\",\"contentUrl\":\"https:\/\/secure.gravatar.com\/avatar\/b720319e4c9a967eb58678d110f4fe35452fc5d5f97b202bac7b8acceb18c6ad?s=96&d=mm&r=g\",\"caption\":\"Coordena\u00e7\u00e3o\"},\"sameAs\":[\"https:\/\/www.facebook.com\/EstrategiaConcursos\",\"https:\/\/x.com\/EstratConcursos\"],\"url\":\"https:\/\/www.estrategiaconcursos.com.br\/blog\/author\/estrategia2013\/\"}]}<\/script>\n<!-- \/ Yoast SEO Premium plugin. -->","yoast_head_json":{"title":"Processo Seletivo de Porto Alegre: Edital para Resid\u00eancia!","description":"Porto Alegre RS: publicado edital de Processo Seletivo para o Programa de Resid\u00eancia T\u00e9cnico-Superior; Provas em outubro!","robots":{"index":"index","follow":"follow","max-snippet":"max-snippet:-1","max-image-preview":"max-image-preview:large","max-video-preview":"max-video-preview:-1"},"canonical":"https:\/\/www.estrategiaconcursos.com.br\/blog\/processo-seletivo-porto-alegre\/","og_locale":"pt_BR","og_type":"article","og_title":"Processo Seletivo de Porto Alegre: Edital para Resid\u00eancia!","og_description":"Porto Alegre RS: publicado edital de Processo Seletivo para o Programa de Resid\u00eancia T\u00e9cnico-Superior; Provas em outubro!","og_url":"https:\/\/www.estrategiaconcursos.com.br\/blog\/processo-seletivo-porto-alegre\/","og_site_name":"Estrat\u00e9gia Concursos","article_author":"https:\/\/www.facebook.com\/EstrategiaConcursos","article_published_time":"2021-08-24T18:20:00+00:00","article_modified_time":"2021-08-27T19:12:51+00:00","og_image":[{"width":766,"height":430,"url":"https:\/\/dhg1h5j42swfq.cloudfront.net\/2021\/08\/12152451\/prefeitura-de-porto-alegre.jpg","type":"image\/jpeg"}],"author":"Coordena\u00e7\u00e3o","twitter_card":"summary_large_image","twitter_creator":"@EstratConcursos","twitter_site":"@EstratConcursos","twitter_misc":{"Escrito por":"Coordena\u00e7\u00e3o","Est. tempo de leitura":"3 minutos"},"schema":{"@context":"https:\/\/schema.org","@graph":[{"@type":"NewsArticle","@id":"https:\/\/www.estrategiaconcursos.com.br\/blog\/processo-seletivo-porto-alegre\/#article","isPartOf":{"@id":"https:\/\/www.estrategiaconcursos.com.br\/blog\/processo-seletivo-porto-alegre\/"},"author":{"name":"Coordena\u00e7\u00e3o","@id":"https:\/\/www.estrategiaconcursos.com.br\/blog\/#\/schema\/person\/b4a388c97673c5f483d72185668afa1f"},"headline":"Processo Seletivo de Porto Alegre: Edital para Resid\u00eancia!","datePublished":"2021-08-24T18:20:00+00:00","dateModified":"2021-08-27T19:12:51+00:00","mainEntityOfPage":{"@id":"https:\/\/www.estrategiaconcursos.com.br\/blog\/processo-seletivo-porto-alegre\/"},"wordCount":589,"commentCount":0,"publisher":{"@id":"https:\/\/www.estrategiaconcursos.com.br\/blog\/#organization"},"image":{"@id":"https:\/\/www.estrategiaconcursos.com.br\/blog\/processo-seletivo-porto-alegre\/#primaryimage"},"thumbnailUrl":"https:\/\/dhg1h5j42swfq.cloudfront.net\/2021\/08\/12152451\/prefeitura-de-porto-alegre.jpg","articleSection":["Executivo (Administrativa)"],"inLanguage":"pt-BR","potentialAction":[{"@type":"CommentAction","name":"Comment","target":["https:\/\/www.estrategiaconcursos.com.br\/blog\/processo-seletivo-porto-alegre\/#respond"]}],"copyrightYear":"2021","copyrightHolder":{"@id":"https:\/\/www.estrategiaconcursos.com.br\/blog\/#organization"}},{"@type":"WebPage","@id":"https:\/\/www.estrategiaconcursos.com.br\/blog\/processo-seletivo-porto-alegre\/","url":"https:\/\/www.estrategiaconcursos.com.br\/blog\/processo-seletivo-porto-alegre\/","name":"Processo Seletivo de Porto Alegre: Edital para Resid\u00eancia!","isPartOf":{"@id":"https:\/\/www.estrategiaconcursos.com.br\/blog\/#website"},"primaryImageOfPage":{"@id":"https:\/\/www.estrategiaconcursos.com.br\/blog\/processo-seletivo-porto-alegre\/#primaryimage"},"image":{"@id":"https:\/\/www.estrategiaconcursos.com.br\/blog\/processo-seletivo-porto-alegre\/#primaryimage"},"thumbnailUrl":"https:\/\/dhg1h5j42swfq.cloudfront.net\/2021\/08\/12152451\/prefeitura-de-porto-alegre.jpg","datePublished":"2021-08-24T18:20:00+00:00","dateModified":"2021-08-27T19:12:51+00:00","description":"Porto Alegre RS: publicado edital de Processo Seletivo para o Programa de Resid\u00eancia T\u00e9cnico-Superior; Provas em outubro!","breadcrumb":{"@id":"https:\/\/www.estrategiaconcursos.com.br\/blog\/processo-seletivo-porto-alegre\/#breadcrumb"},"inLanguage":"pt-BR","potentialAction":[{"@type":"ReadAction","target":["https:\/\/www.estrategiaconcursos.com.br\/blog\/processo-seletivo-porto-alegre\/"]}]},{"@type":"ImageObject","inLanguage":"pt-BR","@id":"https:\/\/www.estrategiaconcursos.com.br\/blog\/processo-seletivo-porto-alegre\/#primaryimage","url":"https:\/\/dhg1h5j42swfq.cloudfront.net\/2021\/08\/12152451\/prefeitura-de-porto-alegre.jpg","contentUrl":"https:\/\/dhg1h5j42swfq.cloudfront.net\/2021\/08\/12152451\/prefeitura-de-porto-alegre.jpg","width":766,"height":430,"caption":"Concurso Porto Alegre 2026"},{"@type":"BreadcrumbList","@id":"https:\/\/www.estrategiaconcursos.com.br\/blog\/processo-seletivo-porto-alegre\/#breadcrumb","itemListElement":[{"@type":"ListItem","position":1,"name":"In\u00edcio","item":"https:\/\/www.estrategiaconcursos.com.br\/blog\/"},{"@type":"ListItem","position":2,"name":"Processo Seletivo de Porto Alegre: Edital para Resid\u00eancia!"}]},{"@type":"WebSite","@id":"https:\/\/www.estrategiaconcursos.com.br\/blog\/#website","url":"https:\/\/www.estrategiaconcursos.com.br\/blog\/","name":"Estrat\u00e9gia Concursos","description":"O blog da Estrat\u00e9gia Concursos traz not\u00edcias sobre concursos e artigos de professores oferecendo cursos para concursos (pdf + videaulas) no site.","publisher":{"@id":"https:\/\/www.estrategiaconcursos.com.br\/blog\/#organization"},"potentialAction":[{"@type":"SearchAction","target":{"@type":"EntryPoint","urlTemplate":"https:\/\/www.estrategiaconcursos.com.br\/blog\/?s={search_term_string}"},"query-input":{"@type":"PropertyValueSpecification","valueRequired":true,"valueName":"search_term_string"}}],"inLanguage":"pt-BR"},{"@type":"Organization","@id":"https:\/\/www.estrategiaconcursos.com.br\/blog\/#organization","name":"Estrat\u00e9gia Concursos","url":"https:\/\/www.estrategiaconcursos.com.br\/blog\/","logo":{"@type":"ImageObject","inLanguage":"pt-BR","@id":"https:\/\/www.estrategiaconcursos.com.br\/blog\/#\/schema\/logo\/image\/","url":"https:\/\/dhg1h5j42swfq.cloudfront.net\/2025\/06\/03203428\/logo_concursos-1.jpg","contentUrl":"https:\/\/dhg1h5j42swfq.cloudfront.net\/2025\/06\/03203428\/logo_concursos-1.jpg","width":230,"height":60,"caption":"Estrat\u00e9gia Concursos"},"image":{"@id":"https:\/\/www.estrategiaconcursos.com.br\/blog\/#\/schema\/logo\/image\/"},"sameAs":["https:\/\/x.com\/EstratConcursos"]},{"@type":"Person","@id":"https:\/\/www.estrategiaconcursos.com.br\/blog\/#\/schema\/person\/b4a388c97673c5f483d72185668afa1f","name":"Coordena\u00e7\u00e3o","image":{"@type":"ImageObject","inLanguage":"pt-BR","@id":"https:\/\/secure.gravatar.com\/avatar\/b720319e4c9a967eb58678d110f4fe35452fc5d5f97b202bac7b8acceb18c6ad?s=96&d=mm&r=g","url":"https:\/\/secure.gravatar.com\/avatar\/b720319e4c9a967eb58678d110f4fe35452fc5d5f97b202bac7b8acceb18c6ad?s=96&d=mm&r=g","contentUrl":"https:\/\/secure.gravatar.com\/avatar\/b720319e4c9a967eb58678d110f4fe35452fc5d5f97b202bac7b8acceb18c6ad?s=96&d=mm&r=g","caption":"Coordena\u00e7\u00e3o"},"sameAs":["https:\/\/www.facebook.com\/EstrategiaConcursos","https:\/\/x.com\/EstratConcursos"],"url":"https:\/\/www.estrategiaconcursos.com.br\/blog\/author\/estrategia2013\/"}]}},"_links":{"self":[{"href":"https:\/\/www.estrategiaconcursos.com.br\/blog\/wp-json\/wp\/v2\/posts\/839952","targetHints":{"allow":["GET"]}}],"collection":[{"href":"https:\/\/www.estrategiaconcursos.com.br\/blog\/wp-json\/wp\/v2\/posts"}],"about":[{"href":"https:\/\/www.estrategiaconcursos.com.br\/blog\/wp-json\/wp\/v2\/types\/post"}],"author":[{"embeddable":true,"href":"https:\/\/www.estrategiaconcursos.com.br\/blog\/wp-json\/wp\/v2\/users\/1"}],"replies":[{"embeddable":true,"href":"https:\/\/www.estrategiaconcursos.com.br\/blog\/wp-json\/wp\/v2\/comments?post=839952"}],"version-history":[{"count":13,"href":"https:\/\/www.estrategiaconcursos.com.br\/blog\/wp-json\/wp\/v2\/posts\/839952\/revisions"}],"predecessor-version":[{"id":847525,"href":"https:\/\/www.estrategiaconcursos.com.br\/blog\/wp-json\/wp\/v2\/posts\/839952\/revisions\/847525"}],"wp:featuredmedia":[{"embeddable":true,"href":"https:\/\/www.estrategiaconcursos.com.br\/blog\/wp-json\/wp\/v2\/media\/834654"}],"wp:attachment":[{"href":"https:\/\/www.estrategiaconcursos.com.br\/blog\/wp-json\/wp\/v2\/media?parent=839952"}],"wp:term":[{"taxonomy":"category","embeddable":true,"href":"https:\/\/www.estrategiaconcursos.com.br\/blog\/wp-json\/wp\/v2\/categories?post=839952"},{"taxonomy":"post_tag","embeddable":true,"href":"https:\/\/www.estrategiaconcursos.com.br\/blog\/wp-json\/wp\/v2\/tags?post=839952"},{"taxonomy":"tax_estado","embeddable":true,"href":"https:\/\/www.estrategiaconcursos.com.br\/blog\/wp-json\/wp\/v2\/tax_estado?post=839952"}],"curies":[{"name":"wp","href":"https:\/\/api.w.org\/{rel}","templated":true}]}}