{"id":839904,"date":"2021-08-25T09:22:00","date_gmt":"2021-08-25T12:22:00","guid":{"rendered":"https:\/\/www.estrategiaconcursos.com.br\/blog\/?p=839904"},"modified":"2021-08-24T14:20:19","modified_gmt":"2021-08-24T17:20:19","slug":"direito-constitucional-tecnico-tj-rj","status":"publish","type":"post","link":"https:\/\/www.estrategiaconcursos.com.br\/blog\/direito-constitucional-tecnico-tj-rj\/","title":{"rendered":"Direito Constitucional para T\u00e9cnico do TJ-RJ &#8211; an\u00e1lise da disciplina"},"content":{"rendered":"\n<p>Ol\u00e1, pessoal! Tudo bem? Com a recente retomada dos tr\u00e2mites administrativos para o concurso do TJ-RJ, chegou o momento de intensificar os estudos! Para auxili\u00e1-lo nesta tarefa, apresentamos hoje esta an\u00e1lise de <strong>Direito Constitucional para T\u00e9cnico do TJ-RJ<\/strong>!<\/p>\n\n\n\n<p>Como sabemos, o concurso do TJ-RJ teve seu cronograma suspenso devido \u00e0 pandemia do novo Coronav\u00edrus. No entanto, conforme noticiado em nosso <a href=\"https:\/\/www.estrategiaconcursos.com.br\/blog\/concurso-tj-rj\/\" target=\"_blank\" rel=\"noreferrer noopener\">blog<\/a>, h\u00e1 fortes ind\u00edcios de que est\u00e3o acontecendo movimenta\u00e7\u00f5es internas no \u00f3rg\u00e3o para a retomada do cronograma.<\/p>\n\n\n\n<p>Ainda n\u00e3o temos um novo cronograma, nem mesmo uma nova data de prova. Entretanto, isto deve ocorrer em breve, inclusive com poss\u00edvel reabertura das inscri\u00e7\u00f5es. Alguns fatos nos levam a acreditar que, muito em breve, os tr\u00e2mites dever\u00e3o ser retomados:<\/p>\n\n\n\n<ul class=\"wp-block-list\"><li>Avan\u00e7o da <strong>vacina\u00e7\u00e3o<\/strong> no estado, e, principalmente, na capital do RJ, a qual possui expectativas de, em breve, vacinar toda a sua popula\u00e7\u00e3o adulta.<\/li><li>Outras <strong>provas<\/strong> sendo aplicadas ou com aplica\u00e7\u00e3o agendada, tais como: Universidade Federal Fluminense, Universidade do Estado do Rio de Janeiro, diversas prefeituras, e, talvez o principal balizador nesse sentido, a prova para <strong>juiz do TJ-RJ<\/strong> (ocorrida em 11 de julho).<\/li><li><strong>Car\u00eancia<\/strong> do \u00f3rg\u00e3o, que, a despeito da suspens\u00e3o do cronograma, continua sofrendo alto n\u00famero de <strong>vac\u00e2ncias<\/strong> em seu quadro de servidores.<\/li><\/ul>\n\n\n\n<p>Diante do exposto, \u00e9 hora de intensificar os estudos. Para isso, continue neste artigo para valiosas dicas de <strong>Direito Constitucional para T\u00e9cnico do TJ-RJ!<\/strong><\/p>\n\n\n\n<h2 class=\"wp-block-heading\" id=\"h-direito-constitucional-estat-stica-de-cobran-a-para-o-tj-rj\">Direito Constitucional \u2013 estat\u00edstica de cobran\u00e7a para o TJ-RJ<\/h2>\n\n\n\n<p>Entrando na an\u00e1lise propriamente dita da disciplina de Direito Constitucional para T\u00e9cnico do TJ-RJ, apresentamos o <strong>percentual de cobran\u00e7a<\/strong> de cada tema do <a href=\"https:\/\/cdn.cebraspe.org.br\/concursos\/tj_rj_20_tecnico\/arquivos\/ED_1_TJRJ_SERVIDOR_TECNICO_ABT.PDF\" target=\"_blank\" rel=\"noreferrer noopener\">edital<\/a> em rela\u00e7\u00e3o a concursos similares realizados pela Cebraspe. Veja, tamb\u00e9m, a qual aula do curso de Direito Constitucional para T\u00e9cnico do TJ-RJ cada assunto corresponde:<\/p>\n\n\n\n<figure class=\"wp-block-table is-style-stripes\"><table><tbody><tr><td class=\"has-text-align-center\" data-align=\"center\">Assunto<\/td><td class=\"has-text-align-center\" data-align=\"center\">Percentual de cobran\u00e7a<\/td><td class=\"has-text-align-center\" data-align=\"center\">Aula do curso<\/td><\/tr><tr><td class=\"has-text-align-center\" data-align=\"center\">Poder Judici\u00e1rio (arts. 92 a 126 da CF)<\/td><td class=\"has-text-align-center\" data-align=\"center\">23,53%<\/td><td class=\"has-text-align-center\" data-align=\"center\">Aula 09<\/td><\/tr><tr><td class=\"has-text-align-center\" data-align=\"center\">Administra\u00e7\u00e3o P\u00fablica (arts. 37 a 41 da CF)<\/td><td class=\"has-text-align-center\" data-align=\"center\">16,81%<\/td><td class=\"has-text-align-center\" data-align=\"center\">Aula 07<\/td><\/tr><tr><td class=\"has-text-align-center\" data-align=\"center\">Direitos e deveres individuais e coletivos (art. 5\u00ba da CF)<\/td><td class=\"has-text-align-center\" data-align=\"center\">15,13%<\/td><td class=\"has-text-align-center\" data-align=\"center\">Aulas 01 e 02<\/td><\/tr><tr><td class=\"has-text-align-center\" data-align=\"center\">Organiza\u00e7\u00e3o do Estado (arts. 18 a 36 da CF)<\/td><td class=\"has-text-align-center\" data-align=\"center\">14,29%<\/td><td class=\"has-text-align-center\" data-align=\"center\">Aula 05<\/td><\/tr><tr><td class=\"has-text-align-center\" data-align=\"center\">Fun\u00e7\u00f5es Essenciais \u00e0 Justi\u00e7a (arts. 127 a 135 da CF)<\/td><td class=\"has-text-align-center\" data-align=\"center\">10,08%<\/td><td class=\"has-text-align-center\" data-align=\"center\">Aula 10<\/td><\/tr><tr><td class=\"has-text-align-center\" data-align=\"center\">Direitos pol\u00edticos (arts. 14 a 16 da CF)<\/td><td class=\"has-text-align-center\" data-align=\"center\">5,88%<\/td><td class=\"has-text-align-center\" data-align=\"center\">Aula 04<\/td><\/tr><tr><td class=\"has-text-align-center\" data-align=\"center\">Do Poder Legislativo (arts. 44 a 58)<\/td><td class=\"has-text-align-center\" data-align=\"center\">5,04%<\/td><td class=\"has-text-align-center\" data-align=\"center\">Aula 07<\/td><\/tr><tr><td class=\"has-text-align-center\" data-align=\"center\">Princ\u00edpios Fundamentais da Rep\u00fablica Federativa do Brasil (arts. 1\u00ba a 4\u00ba da CF)<\/td><td class=\"has-text-align-center\" data-align=\"center\">2,52%<\/td><td class=\"has-text-align-center\" data-align=\"center\">Aula 00<\/td><\/tr><tr><td class=\"has-text-align-center\" data-align=\"center\">Poder Executivo (arts. 76 a 91 da CF)<\/td><td class=\"has-text-align-center\" data-align=\"center\">2,52%<\/td><td class=\"has-text-align-center\" data-align=\"center\">Aula 08<\/td><\/tr><tr><td class=\"has-text-align-center\" data-align=\"center\">Nacionalidade (arts. 12 e 13 da CF)<\/td><td class=\"has-text-align-center\" data-align=\"center\">1,68%<\/td><td class=\"has-text-align-center\" data-align=\"center\">Aula 03<\/td><\/tr><tr><td class=\"has-text-align-center\" data-align=\"center\">Partidos pol\u00edticos (art. 17 da CF)<\/td><td class=\"has-text-align-center\" data-align=\"center\">1,68%<\/td><td class=\"has-text-align-center\" data-align=\"center\">Aula 04<\/td><\/tr><tr><td class=\"has-text-align-center\" data-align=\"center\">Direitos Sociais (arts. 6\u00ba a 11 da CF)<\/td><td class=\"has-text-align-center\" data-align=\"center\">&lt;1,00%<\/td><td class=\"has-text-align-center\" data-align=\"center\">Aula 03<\/td><\/tr><\/tbody><\/table><figcaption>Percentual de cobran\u00e7a Direito Constitucional &#8211; Cebraspe<\/figcaption><\/figure>\n\n\n\n<p>Veja, tamb\u00e9m, o percentual de cobran\u00e7a em forma de gr\u00e1fico:<\/p>\n\n\n\n<figure class=\"wp-block-image size-large\"><img loading=\"lazy\" decoding=\"async\" width=\"1024\" height=\"857\" src=\"https:\/\/dhg1h5j42swfq.cloudfront.net\/2021\/08\/18171157\/constitucional-para-tjrj-1024x857.png\" alt=\"Direito Constitucional para T\u00e9cnico do TJ-RJ - percentual de cobran\u00e7a\" class=\"wp-image-839921\" srcset=\"https:\/\/dhg1h5j42swfq.cloudfront.net\/2021\/08\/18171157\/constitucional-para-tjrj-1024x857.png 1024w, https:\/\/dhg1h5j42swfq.cloudfront.net\/2021\/08\/18171157\/constitucional-para-tjrj-300x251.png 300w, https:\/\/dhg1h5j42swfq.cloudfront.net\/2021\/08\/18171157\/constitucional-para-tjrj-768x643.png 768w, https:\/\/dhg1h5j42swfq.cloudfront.net\/2021\/08\/18171157\/constitucional-para-tjrj-1536x1286.png 1536w, https:\/\/dhg1h5j42swfq.cloudfront.net\/2021\/08\/18171157\/constitucional-para-tjrj-2048x1715.png 2048w, https:\/\/dhg1h5j42swfq.cloudfront.net\/2021\/08\/18171157\/constitucional-para-tjrj-610x511.png 610w\" sizes=\"auto, (max-width: 1024px) 100vw, 1024px\" \/><figcaption>Direito Constitucional para T\u00e9cnico do TJ-RJ &#8211; percentual de cobran\u00e7a<\/figcaption><\/figure>\n\n\n\n<p>Perceba que alguns assuntos se destacam em rela\u00e7\u00e3o a outros. Por \u00f3bvio, como estamos falando de um concurso de tribunal, o t\u00f3pico \u201c<strong>Poder Judici\u00e1rio<\/strong>\u201d \u00e9 o de maior proemin\u00eancia. Por\u00e9m, obviamente, esta an\u00e1lise estat\u00edstica n\u00e3o quer dizer que apenas os assuntos com maior grau de cobran\u00e7a devem receber aten\u00e7\u00e3o. O candidato que realmente deseja estar entre os primeiros deve estar preparado para a cobran\u00e7a de qualquer um dos assuntos do edital.<\/p>\n\n\n\n<p>Nos pr\u00f3ximos t\u00f3picos, atacaremos assuntos importantes para a sua prova, abordando quest\u00f5es da Cebraspe sobre cada tema.<\/p>\n\n\n\n<h2 class=\"wp-block-heading\" id=\"h-poder-judici-rio\">Poder Judici\u00e1rio<\/h2>\n\n\n\n<p>Avan\u00e7ando com a nossa an\u00e1lise de Direito Constitucional para T\u00e9cnico do TJ-RJ, falaremos sobre o <strong>Poder Judici\u00e1rio<\/strong>. Como vimos na an\u00e1lise estat\u00edstica do t\u00f3pico anterior, trata-se do assunto com maior grau de cobran\u00e7a em provas do g\u00eanero aplicadas pela Cebraspe.<\/p>\n\n\n\n<p>Nos seus estudos sobre o Poder Judici\u00e1rio, d\u00ea especial aten\u00e7\u00e3o \u00e0s <strong>compet\u00eancias<\/strong> do STF e \u00e0s compet\u00eancias do STJ. S\u00e3o compet\u00eancias bastante semelhantes, e que o candidato deve ser capaz de diferenciar na hora da prova.<\/p>\n\n\n\n<p>Chamamos aten\u00e7\u00e3o \u00e0s <strong>autoridades<\/strong> julgadas pelo STF e pelo STJ. Cuidado para n\u00e3o fazer confus\u00e3o entre elas na prova. Atente-se, tamb\u00e9m, para o seguinte dispositivo da Art. 105 (compet\u00eancia do STJ):<\/p>\n\n\n\n<p>\u201c<em>i) a homologa\u00e7\u00e3o de senten\u00e7as estrangeiras e a concess\u00e3o de exequatur \u00e0s cartas rogat\u00f3rias<\/em>;\u201d<\/p>\n\n\n\n<p>Trata-se de compet\u00eancia que era do STF. Contudo, com a reforma do judici\u00e1rio, de 2004, passou a ser do STJ.<\/p>\n\n\n\n<p>Estude, tamb\u00e9m, as garantias do judici\u00e1rio, bem como a composi\u00e7\u00e3o e compet\u00eancias do CNJ. Sugerimos, tamb\u00e9m, redobrada aten\u00e7\u00e3o no estudo da Justi\u00e7a Eleitoral, pelo fato de o TRE-RJ possuir membros advindos do TJ-RJ.<\/p>\n\n\n\n<p>Vejamos algumas quest\u00f5es sobre o assunto:<\/p>\n\n\n\n<p><strong>TCE-RJ (2021)<\/strong><\/p>\n\n\n\n<p><strong><em>\u201cCompete ao STJ julgar os membros dos tribunais de contas estaduais que tenham cometido crime de responsabilidade.\u201d<\/em><\/strong><\/p>\n\n\n\n<p>Afirmativa <strong>correta<\/strong>. Conforme falamos, \u00e9 importante diferenciar quem \u00e9 julgado pelo STF e quem \u00e9 julgado pelo STJ. No caso dos membros dos <strong>tribunais de contas dos <u>estados<\/u><\/strong>, tanto em crimes comuns, quanto em crimes de responsabilidade, eles ser\u00e3o julgados pelo <strong><u>STJ<\/u><\/strong>.<\/p>\n\n\n\n<p>Diferente caso seria se a quest\u00e3o apresentasse um membro do <strong>Tribunal de Contas da <u>Uni\u00e3o<\/u><\/strong>. Nesse caso, nos crimes comuns e nos de responsabilidade, a compet\u00eancia seria do <strong><u>STF<\/u><\/strong>.<\/p>\n\n\n\n<p><strong>MPE-CE (2020)<\/strong><\/p>\n\n\n\n<p><strong><em>\u201cCompete ao STF processar e julgar o presidente da Rep\u00fablica por infra\u00e7\u00f5es penais comuns.\u201d<\/em><\/strong><\/p>\n\n\n\n<p>Afirmativa <strong>correta<\/strong>. Caso fosse crime de responsabilidade, a compet\u00eancia seria do Senado Federal.<\/p>\n\n\n\n<h2 class=\"wp-block-heading\" id=\"h-administra-o-p-blica-para-tj-rj\">Administra\u00e7\u00e3o P\u00fablica para TJ-RJ<\/h2>\n\n\n\n<p>Neste t\u00f3pico de Direito Constitucional para T\u00e9cnico do TJ-RJ, falaremos sobre a parte constitucional de <strong>Administra\u00e7\u00e3o P\u00fablica<\/strong>, contida nos artigos 37 a 41 da Constitui\u00e7\u00e3o Federal.<\/p>\n\n\n\n<p>Nesta parte, busque familiaridade com as regras constitucionais que balizam a Administra\u00e7\u00e3o P\u00fablica e os servidores p\u00fablicos, especialmente <strong>remunera\u00e7\u00e3o<\/strong> e <strong>previd\u00eancia<\/strong> dos servidores, al\u00e9m dos requisitos para aquisi\u00e7\u00e3o de <strong>estabilidade<\/strong>.<\/p>\n\n\n\n<p>Esteja atento \u00e0s explica\u00e7\u00f5es apresentadas no material te\u00f3rico em PDF, bem como as s\u00famulas e jurisprud\u00eancias relacionadas. Al\u00e9m disso, compreenda os requisitos para o exerc\u00edcio de diferentes esp\u00e9cies de <strong>mandatos eletivos<\/strong> por parte do servidor p\u00fablico.<\/p>\n\n\n\n<p>Vejamos exemplos de quest\u00f5es recentes da banca sobre o tema:<\/p>\n\n\n\n<p><strong>MPE-CE (2020)<\/strong><\/p>\n\n\n\n<p><strong><em>\u201cCargos, empregos e fun\u00e7\u00f5es p\u00fablicas devem ser exercidos por brasileiros que preencham as condi\u00e7\u00f5es estabelecidas em lei, contudo, na forma da lei, h\u00e1 possibilidade de acesso para os estrangeiros.\u201d<\/em><\/strong><\/p>\n\n\n\n<p>Afirmativa correta. Quase literalidade do inciso I, do Art. 37 da Constitui\u00e7\u00e3o Federal: \u201c<em>os cargos, empregos e fun\u00e7\u00f5es p\u00fablicas s\u00e3o acess\u00edveis aos brasileiros que preencham os requisitos estabelecidos em lei, assim como aos estrangeiros, na forma da lei\u201d.<\/em><\/p>\n\n\n\n<p><strong>ANM (2021)<\/strong><\/p>\n\n\n\n<p><strong><em>\u201cA avalia\u00e7\u00e3o especial de desempenho n\u00e3o constitui requisito para que o servidor p\u00fablico alcance a estabilidade, uma vez que ela se aplica unicamente aos servidores em est\u00e1gio probat\u00f3rio.\u201d<\/em><\/strong><\/p>\n\n\n\n<p>Afirmativa<strong> errada. <\/strong>Conforme o par\u00e1grafo 4\u00ba do Art. 41 da Constitui\u00e7\u00e3o Federal: \u201c<em>como condi\u00e7\u00e3o para a aquisi\u00e7\u00e3o da estabilidade, \u00e9 obrigat\u00f3ria a avalia\u00e7\u00e3o especial de desempenho por comiss\u00e3o institu\u00edda para essa finalidade<\/em>.\u201d. Assim, a avalia\u00e7\u00e3o especial de desempenho \u00e9 sim um requisito para a aquisi\u00e7\u00e3o de estabilidade no servi\u00e7o p\u00fablico.<\/p>\n\n\n\n<h2 class=\"wp-block-heading\" id=\"h-dicas-de-estudo-para-os-demais-t-picos-para-o-tj-rj\">Dicas de estudo para os demais t\u00f3picos para o TJ-RJ<\/h2>\n\n\n\n<p>Seguindo com a nossa an\u00e1lise de Direito Constitucional para T\u00e9cnico do TJ-RJ, este t\u00f3pico ser\u00e1 dedicado a dicas mais gerais sobre os outros temas da disciplina.<\/p>\n\n\n\n<p>Um ponto que se aplica a todos os t\u00f3picos \u00e9 a necessidade de fazer a leitura da lei seca para todos eles, sem exce\u00e7\u00e3o. Al\u00e9m disso, sempre que voc\u00ea se deparar com assuntos que envolvam compet\u00eancias de \u00f3rg\u00e3os ou entes, vale a pena redobrar a aten\u00e7\u00e3o, especialmente na parte do Poder Judici\u00e1rio (como j\u00e1 falamos), Poder Legislativo e a reparti\u00e7\u00e3o das compet\u00eancias entre os entes federativos, na parte de Organiza\u00e7\u00e3o do Estado.<\/p>\n\n\n\n<p>Na parte de Fun\u00e7\u00f5es Essenciais \u00e0 Justi\u00e7a, destaca-se o Minist\u00e9rio P\u00fablico. Atente-se para as fun\u00e7\u00f5es institucionais do Minist\u00e9rio P\u00fablico, \u00e0 diferen\u00e7a na quantidade de recondu\u00e7\u00f5es do PGR (ilimitada) e do PGJ (uma recondu\u00e7\u00e3o), al\u00e9m da composi\u00e7\u00e3o do CNMP.<\/p>\n\n\n\n<p>Sobre o Poder Legislativo, al\u00e9m da diferencia\u00e7\u00e3o das compet\u00eancias do Congresso, C\u00e2mara e Senado, redobre a aten\u00e7\u00e3o sobre os requisitos e poderes de uma CPI, assunto muito em alta atualmente.<\/p>\n\n\n\n<p>Por fim, sobre o Poder Executivo, o direcionamento dos estudos deve ser para compreender as atribui\u00e7\u00f5es do Presidente da Rep\u00fablica. Al\u00e9m disso, memorize a ordem sucess\u00f3ria nos casos de impedimento ou vac\u00e2ncia do Presidente e Vice-Presidente da Rep\u00fablica, al\u00e9m do rol dos crimes de responsabilidade.<\/p>\n\n\n\n<h2 class=\"wp-block-heading\" id=\"h-conclus-o\">Conclus\u00e3o<\/h2>\n\n\n\n<p>Finalizamos a presente an\u00e1lise de Direito Constitucional para T\u00e9cnico do TJ-RJ. Utilize a presente an\u00e1lise em conjunto com os materiais em PDF do Estrat\u00e9gia Concursos, que s\u00e3o essenciais para a compreens\u00e3o de cada tema da mat\u00e9ria.<\/p>\n\n\n\n<p>Lembre-se, tamb\u00e9m, de que \u00e9 fundamental resolver muitas quest\u00f5es sobre todos os temas presentes no edital, para gabaritar Direito Constitucional para T\u00e9cnico do TJ-RJ! E, claro, utilize nosso material do Passo Estrat\u00e9gico para suas revis\u00f5es!<\/p>\n\n\n\n<p>\u00c9 imprescind\u00edvel, tamb\u00e9m, a leitura e releitura da literalidade dos dispositivos constitucionais. Muito da cobran\u00e7a na prova se dar\u00e1 em cima da literalidade da Constitui\u00e7\u00e3o, de forma que o candidato deve ser capaz de identificar poss\u00edveis \u201cpegadinhas\u201d nas quest\u00f5es. Isso ser\u00e1 poss\u00edvel mediante a intensa familiariza\u00e7\u00e3o com os dispositivos constitucionais, o que se dar\u00e1 com a constante leitura.<\/p>\n\n\n\n<p>Aproveite este tempo em que n\u00e3o h\u00e1 data de prova definida para massificar os estudos e o tempo dedicado a este concurso! N\u00e3o tenha d\u00favidas de que o esfor\u00e7o e o investimento valer\u00e3o a pena! O nosso desejo \u00e9 que esta an\u00e1lise seja pe\u00e7a importante no planejamento dos seus estudos e das suas revis\u00f5es, e que o ajude a conseguir a sonhada t\u00e3o aprova\u00e7\u00e3o no concurso!<\/p>\n\n\n\n<p>Abra\u00e7os e bons estudos!<\/p>\n\n\n\n<p>Paulo Alvarenga<\/p>\n\n\n\n<p><a href=\"https:\/\/www.instagram.com\/profpauloalvarenga\/\">https:\/\/www.instagram.com\/profpauloalvarenga\/<\/a><\/p>\n\n\n\n<h2 class=\"has-text-align-center wp-block-heading\" id=\"h-cursos-e-assinaturas\">Cursos e Assinaturas<\/h2>\n\n\n\n<p><\/p>\n\n\n\n<p>Prepare-se com o melhor material e com quem mais aprova em Concursos P\u00fablicos em todo o pa\u00eds!<\/p>\n\n\n\n<div class=\"container\" id=\"boxes\">\n  <div class=\"row\">\n    <div class=\"col-sm\">\n      <div class=\"estrategia\" id=\"box-assinatura\">\n        <h3 class=\"titulo-assinatura\">Assinatura de Concursos<\/h3>\n        <p class=\"subtitulo-assinatura\">Assinatura de 1 ano ou 2 anos<\/p>\n        <div class=\"box-botao\">\n          <a class=\"btn-assinatura\" target=\"_blank\" href=\"https:\/\/www.estrategiaconcursos.com.br\/assinaturas\/\" role=\"button\" rel=\"noopener noreferrer\">ASSINE AGORA<\/a>\n        <\/div>\n      <\/div>\n      <p class=\"texto-auxiliar\"><\/p>\n    <\/div>\n    <div class=\"col-sm\">\n      <div class=\"questoes\" id=\"box-assinatura\">\n        <h3 class=\"titulo-assinatura\">Sistema de Quest\u00f5es<\/h3>\n        <p class=\"subtitulo-assinatura\">Assinatura de 1 ano ou 2 anos\n<\/p>\n        <div class=\"box-botao\">\n          <a class=\"btn-assinatura\" target=\"_blank\" href=\"https:\/\/www.estrategiaconcursos.com.br\/cursosPorConcurso\/sistema-de-questoes\/#\/\" role=\"button\" rel=\"noopener noreferrer\">ASSINE AGORA<\/a>\n        <\/div>\n      <\/div>\n      <p class=\"texto-auxiliar\"><\/p>\n    <\/div>\n  <\/div>\n<\/div>\n\n\n\n<div class=\"container\" id=\"boxes\">\n  <div class=\"row\">\n\n    <div class=\"col-sm\" id=\"boxes-concursos\">\n      <div style=\"background-color: #005DAD;\" class=\"conteudo-concursos\" id=\"box-concursos\">\n        <h3 class=\"titulo-assinatura\">Concursos Abertos<\/h3>\n        <p class=\"subtitulo-assinatura\">mais de 15 mil vagas<\/p>\n        <div class=\"box-botao\">\n          <a class=\"btn-assinatura\" target=\"_blank\" href=\"https:\/\/www.estrategiaconcursos.com.br\/blog\/concursos-abertos\/\" role=\"button\" rel=\"noopener noreferrer\">Conhe\u00e7a Agora<\/a>\n        <\/div>\n      <\/div>\n    <\/div>\n\n    \n\n    <div class=\"col-sm\" id=\"boxes-concursos\">\n      <div style=\"background-color: #419FF0;\" class=\"conteudo-concursos\" id=\"box-concursos\">\n        <h3 class=\"titulo-assinatura\">Concursos 2021<\/h3>\n        <p class=\"subtitulo-assinatura\">mais de 17 mil vagas<\/p>\n        <div class=\"box-botao\">\n          <a class=\"btn-assinatura\" target=\"_blank\" href=\"https:\/\/www.estrategiaconcursos.com.br\/blog\/concursos-2021\/\" role=\"button\" rel=\"noopener noreferrer\">Conhe\u00e7a Agora<\/a>\n        <\/div>\n      <\/div>\n    <\/div>\n\n  <\/div>\n<\/div>\n\n\n\n<p>.<\/p>\n","protected":false},"excerpt":{"rendered":"<p>Ol\u00e1, pessoal! Tudo bem? Com a recente retomada dos tr\u00e2mites administrativos para o concurso do TJ-RJ, chegou o momento de intensificar os estudos! Para auxili\u00e1-lo nesta tarefa, apresentamos hoje esta an\u00e1lise de Direito Constitucional para T\u00e9cnico do TJ-RJ! Como sabemos, o concurso do TJ-RJ teve seu cronograma suspenso devido \u00e0 pandemia do novo Coronav\u00edrus. No [&hellip;]<\/p>\n","protected":false},"author":1822,"featured_media":839921,"comment_status":"open","ping_status":"closed","sticky":false,"template":"","format":"standard","meta":{"post_tipo":"article","footnotes":""},"categories":[1,1984],"tags":[],"tax_estado":[219982],"class_list":["post-839904","post","type-post","status-publish","format-standard","has-post-thumbnail","hentry","category-cursos-e-concursos","category-tribunais","tax_estado-rj"],"acf":[],"yoast_head":"<!-- This site is optimized with the Yoast SEO Premium plugin v27.2 (Yoast SEO v27.2) - https:\/\/yoast.com\/product\/yoast-seo-premium-wordpress\/ -->\n<title>Direito Constitucional para T\u00e9cnico do TJ-RJ - an\u00e1lise da disciplina<\/title>\n<meta name=\"description\" content=\"Confira conosco nossa an\u00e1lise de Direito Constitucional para T\u00e9cnico do TJ-RJ, intensifique seus estudos e gabarite a disciplina!\" \/>\n<meta name=\"robots\" content=\"index, follow, max-snippet:-1, max-image-preview:large, max-video-preview:-1\" \/>\n<link rel=\"canonical\" href=\"https:\/\/www.estrategiaconcursos.com.br\/blog\/direito-constitucional-tecnico-tj-rj\/\" \/>\n<meta property=\"og:locale\" content=\"pt_BR\" \/>\n<meta property=\"og:type\" content=\"article\" \/>\n<meta property=\"og:title\" content=\"Direito Constitucional para T\u00e9cnico do TJ-RJ - an\u00e1lise da disciplina\" \/>\n<meta property=\"og:description\" content=\"Confira conosco nossa an\u00e1lise de Direito Constitucional para T\u00e9cnico do TJ-RJ, intensifique seus estudos e gabarite a disciplina!\" \/>\n<meta property=\"og:url\" content=\"https:\/\/www.estrategiaconcursos.com.br\/blog\/direito-constitucional-tecnico-tj-rj\/\" \/>\n<meta property=\"og:site_name\" content=\"Estrat\u00e9gia Concursos\" \/>\n<meta property=\"article:published_time\" content=\"2021-08-25T12:22:00+00:00\" \/>\n<meta property=\"og:image\" content=\"https:\/\/dhg1h5j42swfq.cloudfront.net\/2021\/08\/18171157\/constitucional-para-tjrj.png\" \/>\n\t<meta property=\"og:image:width\" content=\"2292\" \/>\n\t<meta property=\"og:image:height\" content=\"1919\" \/>\n\t<meta property=\"og:image:type\" content=\"image\/png\" \/>\n<meta name=\"author\" content=\"Paulo Alvarenga Pires Cavalcanti\" \/>\n<meta name=\"twitter:card\" content=\"summary_large_image\" \/>\n<meta name=\"twitter:creator\" content=\"@EstratConcursos\" \/>\n<meta name=\"twitter:site\" content=\"@EstratConcursos\" \/>\n<meta name=\"twitter:label1\" content=\"Escrito por\" \/>\n\t<meta name=\"twitter:data1\" content=\"Paulo Alvarenga Pires Cavalcanti\" \/>\n\t<meta name=\"twitter:label2\" content=\"Est. tempo de leitura\" \/>\n\t<meta name=\"twitter:data2\" content=\"8 minutos\" \/>\n<script type=\"application\/ld+json\" class=\"yoast-schema-graph\">{\"@context\":\"https:\/\/schema.org\",\"@graph\":[{\"@type\":\"NewsArticle\",\"@id\":\"https:\/\/www.estrategiaconcursos.com.br\/blog\/direito-constitucional-tecnico-tj-rj\/#article\",\"isPartOf\":{\"@id\":\"https:\/\/www.estrategiaconcursos.com.br\/blog\/direito-constitucional-tecnico-tj-rj\/\"},\"author\":{\"name\":\"Paulo Alvarenga Pires Cavalcanti\",\"@id\":\"https:\/\/www.estrategiaconcursos.com.br\/blog\/#\/schema\/person\/030ec00ff66706ab6b93e6857a66d51e\"},\"headline\":\"Direito Constitucional para T\u00e9cnico do TJ-RJ &#8211; an\u00e1lise da disciplina\",\"datePublished\":\"2021-08-25T12:22:00+00:00\",\"mainEntityOfPage\":{\"@id\":\"https:\/\/www.estrategiaconcursos.com.br\/blog\/direito-constitucional-tecnico-tj-rj\/\"},\"wordCount\":1751,\"commentCount\":0,\"publisher\":{\"@id\":\"https:\/\/www.estrategiaconcursos.com.br\/blog\/#organization\"},\"image\":{\"@id\":\"https:\/\/www.estrategiaconcursos.com.br\/blog\/direito-constitucional-tecnico-tj-rj\/#primaryimage\"},\"thumbnailUrl\":\"https:\/\/dhg1h5j42swfq.cloudfront.net\/2021\/08\/18171157\/constitucional-para-tjrj.png\",\"articleSection\":[\"Concursos P\u00fablicos\",\"Tribunais\"],\"inLanguage\":\"pt-BR\",\"potentialAction\":[{\"@type\":\"CommentAction\",\"name\":\"Comment\",\"target\":[\"https:\/\/www.estrategiaconcursos.com.br\/blog\/direito-constitucional-tecnico-tj-rj\/#respond\"]}],\"copyrightYear\":\"2021\",\"copyrightHolder\":{\"@id\":\"https:\/\/www.estrategiaconcursos.com.br\/blog\/#organization\"}},{\"@type\":\"WebPage\",\"@id\":\"https:\/\/www.estrategiaconcursos.com.br\/blog\/direito-constitucional-tecnico-tj-rj\/\",\"url\":\"https:\/\/www.estrategiaconcursos.com.br\/blog\/direito-constitucional-tecnico-tj-rj\/\",\"name\":\"Direito Constitucional para T\u00e9cnico do TJ-RJ - an\u00e1lise da disciplina\",\"isPartOf\":{\"@id\":\"https:\/\/www.estrategiaconcursos.com.br\/blog\/#website\"},\"primaryImageOfPage\":{\"@id\":\"https:\/\/www.estrategiaconcursos.com.br\/blog\/direito-constitucional-tecnico-tj-rj\/#primaryimage\"},\"image\":{\"@id\":\"https:\/\/www.estrategiaconcursos.com.br\/blog\/direito-constitucional-tecnico-tj-rj\/#primaryimage\"},\"thumbnailUrl\":\"https:\/\/dhg1h5j42swfq.cloudfront.net\/2021\/08\/18171157\/constitucional-para-tjrj.png\",\"datePublished\":\"2021-08-25T12:22:00+00:00\",\"description\":\"Confira conosco nossa an\u00e1lise de Direito Constitucional para T\u00e9cnico do TJ-RJ, intensifique seus estudos e gabarite a disciplina!\",\"breadcrumb\":{\"@id\":\"https:\/\/www.estrategiaconcursos.com.br\/blog\/direito-constitucional-tecnico-tj-rj\/#breadcrumb\"},\"inLanguage\":\"pt-BR\",\"potentialAction\":[{\"@type\":\"ReadAction\",\"target\":[\"https:\/\/www.estrategiaconcursos.com.br\/blog\/direito-constitucional-tecnico-tj-rj\/\"]}]},{\"@type\":\"ImageObject\",\"inLanguage\":\"pt-BR\",\"@id\":\"https:\/\/www.estrategiaconcursos.com.br\/blog\/direito-constitucional-tecnico-tj-rj\/#primaryimage\",\"url\":\"https:\/\/dhg1h5j42swfq.cloudfront.net\/2021\/08\/18171157\/constitucional-para-tjrj.png\",\"contentUrl\":\"https:\/\/dhg1h5j42swfq.cloudfront.net\/2021\/08\/18171157\/constitucional-para-tjrj.png\",\"width\":2292,\"height\":1919,\"caption\":\"Direito Constitucional para T\u00e9cnico do TJ-RJ - percentual de cobran\u00e7a\"},{\"@type\":\"BreadcrumbList\",\"@id\":\"https:\/\/www.estrategiaconcursos.com.br\/blog\/direito-constitucional-tecnico-tj-rj\/#breadcrumb\",\"itemListElement\":[{\"@type\":\"ListItem\",\"position\":1,\"name\":\"In\u00edcio\",\"item\":\"https:\/\/www.estrategiaconcursos.com.br\/blog\/\"},{\"@type\":\"ListItem\",\"position\":2,\"name\":\"Direito Constitucional para T\u00e9cnico do TJ-RJ &#8211; an\u00e1lise da disciplina\"}]},{\"@type\":\"WebSite\",\"@id\":\"https:\/\/www.estrategiaconcursos.com.br\/blog\/#website\",\"url\":\"https:\/\/www.estrategiaconcursos.com.br\/blog\/\",\"name\":\"Estrat\u00e9gia Concursos\",\"description\":\"O blog da Estrat\u00e9gia Concursos traz not\u00edcias sobre concursos e artigos de professores oferecendo cursos para concursos (pdf + videaulas) no site.\",\"publisher\":{\"@id\":\"https:\/\/www.estrategiaconcursos.com.br\/blog\/#organization\"},\"potentialAction\":[{\"@type\":\"SearchAction\",\"target\":{\"@type\":\"EntryPoint\",\"urlTemplate\":\"https:\/\/www.estrategiaconcursos.com.br\/blog\/?s={search_term_string}\"},\"query-input\":{\"@type\":\"PropertyValueSpecification\",\"valueRequired\":true,\"valueName\":\"search_term_string\"}}],\"inLanguage\":\"pt-BR\"},{\"@type\":\"Organization\",\"@id\":\"https:\/\/www.estrategiaconcursos.com.br\/blog\/#organization\",\"name\":\"Estrat\u00e9gia Concursos\",\"url\":\"https:\/\/www.estrategiaconcursos.com.br\/blog\/\",\"logo\":{\"@type\":\"ImageObject\",\"inLanguage\":\"pt-BR\",\"@id\":\"https:\/\/www.estrategiaconcursos.com.br\/blog\/#\/schema\/logo\/image\/\",\"url\":\"https:\/\/dhg1h5j42swfq.cloudfront.net\/2025\/06\/03203428\/logo_concursos-1.jpg\",\"contentUrl\":\"https:\/\/dhg1h5j42swfq.cloudfront.net\/2025\/06\/03203428\/logo_concursos-1.jpg\",\"width\":230,\"height\":60,\"caption\":\"Estrat\u00e9gia Concursos\"},\"image\":{\"@id\":\"https:\/\/www.estrategiaconcursos.com.br\/blog\/#\/schema\/logo\/image\/\"},\"sameAs\":[\"https:\/\/x.com\/EstratConcursos\"]},{\"@type\":\"Person\",\"@id\":\"https:\/\/www.estrategiaconcursos.com.br\/blog\/#\/schema\/person\/030ec00ff66706ab6b93e6857a66d51e\",\"name\":\"Paulo Alvarenga Pires Cavalcanti\",\"image\":{\"@type\":\"ImageObject\",\"inLanguage\":\"pt-BR\",\"@id\":\"https:\/\/secure.gravatar.com\/avatar\/6f9b01123d20ef71338ec5147532218e1af3162a2303dfcafaa699e63fbb5805?s=96&d=mm&r=g\",\"url\":\"https:\/\/secure.gravatar.com\/avatar\/6f9b01123d20ef71338ec5147532218e1af3162a2303dfcafaa699e63fbb5805?s=96&d=mm&r=g\",\"contentUrl\":\"https:\/\/secure.gravatar.com\/avatar\/6f9b01123d20ef71338ec5147532218e1af3162a2303dfcafaa699e63fbb5805?s=96&d=mm&r=g\",\"caption\":\"Paulo Alvarenga Pires Cavalcanti\"},\"url\":\"https:\/\/www.estrategiaconcursos.com.br\/blog\/author\/palvarenga88gmail-com\/\"}]}<\/script>\n<!-- \/ Yoast SEO Premium plugin. -->","yoast_head_json":{"title":"Direito Constitucional para T\u00e9cnico do TJ-RJ - an\u00e1lise da disciplina","description":"Confira conosco nossa an\u00e1lise de Direito Constitucional para T\u00e9cnico do TJ-RJ, intensifique seus estudos e gabarite a disciplina!","robots":{"index":"index","follow":"follow","max-snippet":"max-snippet:-1","max-image-preview":"max-image-preview:large","max-video-preview":"max-video-preview:-1"},"canonical":"https:\/\/www.estrategiaconcursos.com.br\/blog\/direito-constitucional-tecnico-tj-rj\/","og_locale":"pt_BR","og_type":"article","og_title":"Direito Constitucional para T\u00e9cnico do TJ-RJ - an\u00e1lise da disciplina","og_description":"Confira conosco nossa an\u00e1lise de Direito Constitucional para T\u00e9cnico do TJ-RJ, intensifique seus estudos e gabarite a disciplina!","og_url":"https:\/\/www.estrategiaconcursos.com.br\/blog\/direito-constitucional-tecnico-tj-rj\/","og_site_name":"Estrat\u00e9gia Concursos","article_published_time":"2021-08-25T12:22:00+00:00","og_image":[{"width":2292,"height":1919,"url":"https:\/\/dhg1h5j42swfq.cloudfront.net\/2021\/08\/18171157\/constitucional-para-tjrj.png","type":"image\/png"}],"author":"Paulo Alvarenga Pires Cavalcanti","twitter_card":"summary_large_image","twitter_creator":"@EstratConcursos","twitter_site":"@EstratConcursos","twitter_misc":{"Escrito por":"Paulo Alvarenga Pires Cavalcanti","Est. tempo de leitura":"8 minutos"},"schema":{"@context":"https:\/\/schema.org","@graph":[{"@type":"NewsArticle","@id":"https:\/\/www.estrategiaconcursos.com.br\/blog\/direito-constitucional-tecnico-tj-rj\/#article","isPartOf":{"@id":"https:\/\/www.estrategiaconcursos.com.br\/blog\/direito-constitucional-tecnico-tj-rj\/"},"author":{"name":"Paulo Alvarenga Pires Cavalcanti","@id":"https:\/\/www.estrategiaconcursos.com.br\/blog\/#\/schema\/person\/030ec00ff66706ab6b93e6857a66d51e"},"headline":"Direito Constitucional para T\u00e9cnico do TJ-RJ &#8211; an\u00e1lise da disciplina","datePublished":"2021-08-25T12:22:00+00:00","mainEntityOfPage":{"@id":"https:\/\/www.estrategiaconcursos.com.br\/blog\/direito-constitucional-tecnico-tj-rj\/"},"wordCount":1751,"commentCount":0,"publisher":{"@id":"https:\/\/www.estrategiaconcursos.com.br\/blog\/#organization"},"image":{"@id":"https:\/\/www.estrategiaconcursos.com.br\/blog\/direito-constitucional-tecnico-tj-rj\/#primaryimage"},"thumbnailUrl":"https:\/\/dhg1h5j42swfq.cloudfront.net\/2021\/08\/18171157\/constitucional-para-tjrj.png","articleSection":["Concursos P\u00fablicos","Tribunais"],"inLanguage":"pt-BR","potentialAction":[{"@type":"CommentAction","name":"Comment","target":["https:\/\/www.estrategiaconcursos.com.br\/blog\/direito-constitucional-tecnico-tj-rj\/#respond"]}],"copyrightYear":"2021","copyrightHolder":{"@id":"https:\/\/www.estrategiaconcursos.com.br\/blog\/#organization"}},{"@type":"WebPage","@id":"https:\/\/www.estrategiaconcursos.com.br\/blog\/direito-constitucional-tecnico-tj-rj\/","url":"https:\/\/www.estrategiaconcursos.com.br\/blog\/direito-constitucional-tecnico-tj-rj\/","name":"Direito Constitucional para T\u00e9cnico do TJ-RJ - an\u00e1lise da disciplina","isPartOf":{"@id":"https:\/\/www.estrategiaconcursos.com.br\/blog\/#website"},"primaryImageOfPage":{"@id":"https:\/\/www.estrategiaconcursos.com.br\/blog\/direito-constitucional-tecnico-tj-rj\/#primaryimage"},"image":{"@id":"https:\/\/www.estrategiaconcursos.com.br\/blog\/direito-constitucional-tecnico-tj-rj\/#primaryimage"},"thumbnailUrl":"https:\/\/dhg1h5j42swfq.cloudfront.net\/2021\/08\/18171157\/constitucional-para-tjrj.png","datePublished":"2021-08-25T12:22:00+00:00","description":"Confira conosco nossa an\u00e1lise de Direito Constitucional para T\u00e9cnico do TJ-RJ, intensifique seus estudos e gabarite a disciplina!","breadcrumb":{"@id":"https:\/\/www.estrategiaconcursos.com.br\/blog\/direito-constitucional-tecnico-tj-rj\/#breadcrumb"},"inLanguage":"pt-BR","potentialAction":[{"@type":"ReadAction","target":["https:\/\/www.estrategiaconcursos.com.br\/blog\/direito-constitucional-tecnico-tj-rj\/"]}]},{"@type":"ImageObject","inLanguage":"pt-BR","@id":"https:\/\/www.estrategiaconcursos.com.br\/blog\/direito-constitucional-tecnico-tj-rj\/#primaryimage","url":"https:\/\/dhg1h5j42swfq.cloudfront.net\/2021\/08\/18171157\/constitucional-para-tjrj.png","contentUrl":"https:\/\/dhg1h5j42swfq.cloudfront.net\/2021\/08\/18171157\/constitucional-para-tjrj.png","width":2292,"height":1919,"caption":"Direito Constitucional para T\u00e9cnico do TJ-RJ - percentual de cobran\u00e7a"},{"@type":"BreadcrumbList","@id":"https:\/\/www.estrategiaconcursos.com.br\/blog\/direito-constitucional-tecnico-tj-rj\/#breadcrumb","itemListElement":[{"@type":"ListItem","position":1,"name":"In\u00edcio","item":"https:\/\/www.estrategiaconcursos.com.br\/blog\/"},{"@type":"ListItem","position":2,"name":"Direito Constitucional para T\u00e9cnico do TJ-RJ &#8211; an\u00e1lise da disciplina"}]},{"@type":"WebSite","@id":"https:\/\/www.estrategiaconcursos.com.br\/blog\/#website","url":"https:\/\/www.estrategiaconcursos.com.br\/blog\/","name":"Estrat\u00e9gia Concursos","description":"O blog da Estrat\u00e9gia Concursos traz not\u00edcias sobre concursos e artigos de professores oferecendo cursos para concursos (pdf + videaulas) no site.","publisher":{"@id":"https:\/\/www.estrategiaconcursos.com.br\/blog\/#organization"},"potentialAction":[{"@type":"SearchAction","target":{"@type":"EntryPoint","urlTemplate":"https:\/\/www.estrategiaconcursos.com.br\/blog\/?s={search_term_string}"},"query-input":{"@type":"PropertyValueSpecification","valueRequired":true,"valueName":"search_term_string"}}],"inLanguage":"pt-BR"},{"@type":"Organization","@id":"https:\/\/www.estrategiaconcursos.com.br\/blog\/#organization","name":"Estrat\u00e9gia Concursos","url":"https:\/\/www.estrategiaconcursos.com.br\/blog\/","logo":{"@type":"ImageObject","inLanguage":"pt-BR","@id":"https:\/\/www.estrategiaconcursos.com.br\/blog\/#\/schema\/logo\/image\/","url":"https:\/\/dhg1h5j42swfq.cloudfront.net\/2025\/06\/03203428\/logo_concursos-1.jpg","contentUrl":"https:\/\/dhg1h5j42swfq.cloudfront.net\/2025\/06\/03203428\/logo_concursos-1.jpg","width":230,"height":60,"caption":"Estrat\u00e9gia Concursos"},"image":{"@id":"https:\/\/www.estrategiaconcursos.com.br\/blog\/#\/schema\/logo\/image\/"},"sameAs":["https:\/\/x.com\/EstratConcursos"]},{"@type":"Person","@id":"https:\/\/www.estrategiaconcursos.com.br\/blog\/#\/schema\/person\/030ec00ff66706ab6b93e6857a66d51e","name":"Paulo Alvarenga Pires Cavalcanti","image":{"@type":"ImageObject","inLanguage":"pt-BR","@id":"https:\/\/secure.gravatar.com\/avatar\/6f9b01123d20ef71338ec5147532218e1af3162a2303dfcafaa699e63fbb5805?s=96&d=mm&r=g","url":"https:\/\/secure.gravatar.com\/avatar\/6f9b01123d20ef71338ec5147532218e1af3162a2303dfcafaa699e63fbb5805?s=96&d=mm&r=g","contentUrl":"https:\/\/secure.gravatar.com\/avatar\/6f9b01123d20ef71338ec5147532218e1af3162a2303dfcafaa699e63fbb5805?s=96&d=mm&r=g","caption":"Paulo Alvarenga Pires Cavalcanti"},"url":"https:\/\/www.estrategiaconcursos.com.br\/blog\/author\/palvarenga88gmail-com\/"}]}},"_links":{"self":[{"href":"https:\/\/www.estrategiaconcursos.com.br\/blog\/wp-json\/wp\/v2\/posts\/839904","targetHints":{"allow":["GET"]}}],"collection":[{"href":"https:\/\/www.estrategiaconcursos.com.br\/blog\/wp-json\/wp\/v2\/posts"}],"about":[{"href":"https:\/\/www.estrategiaconcursos.com.br\/blog\/wp-json\/wp\/v2\/types\/post"}],"author":[{"embeddable":true,"href":"https:\/\/www.estrategiaconcursos.com.br\/blog\/wp-json\/wp\/v2\/users\/1822"}],"replies":[{"embeddable":true,"href":"https:\/\/www.estrategiaconcursos.com.br\/blog\/wp-json\/wp\/v2\/comments?post=839904"}],"version-history":[{"count":2,"href":"https:\/\/www.estrategiaconcursos.com.br\/blog\/wp-json\/wp\/v2\/posts\/839904\/revisions"}],"predecessor-version":[{"id":839936,"href":"https:\/\/www.estrategiaconcursos.com.br\/blog\/wp-json\/wp\/v2\/posts\/839904\/revisions\/839936"}],"wp:featuredmedia":[{"embeddable":true,"href":"https:\/\/www.estrategiaconcursos.com.br\/blog\/wp-json\/wp\/v2\/media\/839921"}],"wp:attachment":[{"href":"https:\/\/www.estrategiaconcursos.com.br\/blog\/wp-json\/wp\/v2\/media?parent=839904"}],"wp:term":[{"taxonomy":"category","embeddable":true,"href":"https:\/\/www.estrategiaconcursos.com.br\/blog\/wp-json\/wp\/v2\/categories?post=839904"},{"taxonomy":"post_tag","embeddable":true,"href":"https:\/\/www.estrategiaconcursos.com.br\/blog\/wp-json\/wp\/v2\/tags?post=839904"},{"taxonomy":"tax_estado","embeddable":true,"href":"https:\/\/www.estrategiaconcursos.com.br\/blog\/wp-json\/wp\/v2\/tax_estado?post=839904"}],"curies":[{"name":"wp","href":"https:\/\/api.w.org\/{rel}","templated":true}]}}