{"id":839768,"date":"2021-10-20T23:59:00","date_gmt":"2021-10-21T02:59:00","guid":{"rendered":"https:\/\/www.estrategiaconcursos.com.br\/blog\/?p=839768"},"modified":"2023-06-19T14:50:01","modified_gmt":"2023-06-19T17:50:01","slug":"edital-jucepa","status":"publish","type":"post","link":"https:\/\/www.estrategiaconcursos.com.br\/blog\/edital-jucepa\/","title":{"rendered":"Edital JUCEPA: inscri\u00e7\u00f5es encerradas; provas em dezembro!"},"content":{"rendered":"\n<p>Est\u00e3o encerradas as inscri\u00e7\u00f5es para participar do&nbsp;<strong>concurso JUCEPA<\/strong>&nbsp;(<strong>Junta Comercial do Estado do Par\u00e1<\/strong>). Os interessados tiveram at\u00e9 o dia 20 de outubro para garantir a participa\u00e7\u00e3o, diretamente pelo site da banca,&nbsp;<strong>Funda\u00e7\u00e3o CETAP<\/strong>.<\/p>\n\n\n\n<p>Vale refor\u00e7ar que, recentemente, o edital da sele\u00e7\u00e3o passou por suas&nbsp;<strong>primeiras retifica\u00e7\u00f5es<\/strong>. O documento aponta altera\u00e7\u00f5es como: condi\u00e7\u00f5es para isen\u00e7\u00e3o da taxa de inscri\u00e7\u00e3o, cronograma e detalhes no conte\u00fado program\u00e1tico. Confira:<\/p>\n\n\n\n<p class=\"has-text-align-center has-background\" style=\"background-color:#c7d8e6\"><strong><a href=\"https:\/\/dhg1h5j42swfq.cloudfront.net\/2021\/08\/26072116\/2021-08-26-doe-paginas-11-12-1.pdf\" target=\"_blank\" rel=\"noreferrer noopener nofollow\">Retifica\u00e7\u00f5es<\/a><\/strong><\/p>\n\n\n\n<p>A aplica\u00e7\u00e3o da primeira etapa, composta por provas objetiva e discursiva est\u00e1 prevista para o dia <strong>12 de dezembro de 2021<\/strong>.<\/p>\n\n\n\n<p>As 15 vagas&nbsp;distribu\u00eddas entre cargos de<strong> n\u00edvel m\u00e9dio e superior<\/strong>, em diferentes especialidade. A remunera\u00e7\u00e3o varia de <strong>R$ 1.145,00 a R$ 2.809,35<\/strong>.<\/p>\n\n\n\n<p>A avalia\u00e7\u00e3o dos candidatos ser\u00e1 realizada por meio de <strong>Prova Objetiva<\/strong>,&nbsp;<strong>Prova Discursiva<\/strong> e uma&nbsp;<strong>Avalia\u00e7\u00e3o de T\u00edtulos<\/strong>, essa \u00faltima somente para os cargos de n\u00edvel superior.<\/p>\n\n\n\n<div class=\"container\" id=\"boxes\">\n  <div class=\"row\">\n\n    <div class=\"col-sm\">\n      <div class=\"banner-estrategia\" id=\"box-assinatura\">\n        <h3 class=\"titulo-assinatura\">Concurso JUCEPA<\/h3>\n        <p class=\"subtitulo-assinatura\">Cursos para concursos<\/p>\n        <div class=\"box-botao\">\n          <a class=\"btn-assinatura\" target=\"_blank\" href=\"https:\/\/www.estrategiaconcursos.com.br\/cursosPorConcurso\/junta-comercial-do-estado-do-para-jucepa\/\" role=\"button\" rel=\"noopener noreferrer\">Conhe\u00e7a mais<\/a>\n        <\/div>\n      <\/div>\n     \n    <\/div>\n\n  <\/div>\n<\/div>\n\n\n\n<h2 class=\"wp-block-heading\" id=\"analise\">An\u00e1lise de edital<\/h2>\n\n\n\n<h2 class=\"wp-block-heading\" id=\"situacao\">Edital JUCEPA: situa\u00e7\u00e3o atual do concurso<\/h2>\n\n\n\n<h3 class=\"wp-block-heading\" id=\"datas\">Principais datas<\/h3>\n\n\n\n<p>Para garantir a candidatura, foi necess\u00e1rio acessar o site da banca organizadora, a <a href=\"https:\/\/www.fundacaocetap.com.br\/\" target=\"_blank\" rel=\"noreferrer noopener\">Funda\u00e7\u00e3o CETAP<\/a>, entre os dias 26 de agosto e 20 de outubro, al\u00e9m de pagar uma taxa que foi fixada em&nbsp;<strong>R$ 45,00 <\/strong>para n\u00edvel m\u00e9dio e<strong> R$ 59,99 <\/strong>para n\u00edvel superior.<\/p>\n\n\n\n<ul class=\"has-background wp-block-list\" style=\"background-color:#e4e7e9\">\n<li><strong>Inscri\u00e7\u00f5es: <\/strong><s>26\/08 a 20\/10\/2021<\/s><\/li>\n\n\n\n<li><strong>Isen\u00e7\u00e3o da taxa: <\/strong><s>26 a 27\/08\/2021<\/s><\/li>\n\n\n\n<li><strong>Pagamento da taxa:<\/strong> at\u00e9 21\/10\/2021<\/li>\n\n\n\n<li><strong>Data da prova:<\/strong> 12\/12\/2021<\/li>\n<\/ul>\n\n\n\n<h2 class=\"wp-block-heading\" id=\"vagas\">Distribui\u00e7\u00e3o das vagas do edital Jucepa<\/h2>\n\n\n\n<p>O concurso oferta 15 vagas imediatas, sendo 10 para cargos de n\u00edvel superior e 05 para m\u00e9dio, distribu\u00eddas da seguinte forma:<\/p>\n\n\n\n<figure class=\"wp-block-table is-style-stripes\"><table class=\"has-background has-fixed-layout\" style=\"background-color:#e7f5fe\"><thead><tr><th class=\"has-text-align-center\" data-align=\"center\">Cargos<\/th><th class=\"has-text-align-center\" data-align=\"center\">Vagas<\/th><th class=\"has-text-align-center\" data-align=\"center\">Escolaridade<\/th><th class=\"has-text-align-center\" data-align=\"center\">Remunera\u00e7\u00e3o<\/th><\/tr><\/thead><tbody><tr><td class=\"has-text-align-center\" data-align=\"center\">T\u00e9cnico de Administra\u00e7\u00e3o e Finan\u00e7as<\/td><td class=\"has-text-align-center\" data-align=\"center\">03<\/td><td class=\"has-text-align-center\" data-align=\"center\">N\u00edvel superior<\/td><td class=\"has-text-align-center\" data-align=\"center\">R$ 2.809,35<\/td><\/tr><tr><td class=\"has-text-align-center\" data-align=\"center\">T\u00e9cnico do Registro Mercantil<\/td><td class=\"has-text-align-center\" data-align=\"center\">07<\/td><td class=\"has-text-align-center\" data-align=\"center\">N\u00edvel superior<\/td><td class=\"has-text-align-center\" data-align=\"center\">R$ 2.809,35<\/td><\/tr><tr><td class=\"has-text-align-center\" data-align=\"center\">Assistente do Registro Mercantil<\/td><td class=\"has-text-align-center\" data-align=\"center\">05<\/td><td class=\"has-text-align-center\" data-align=\"center\">N\u00edvel m\u00e9dio<\/td><td class=\"has-text-align-center\" data-align=\"center\">R$ 1.145,00<\/td><\/tr><\/tbody><\/table><\/figure>\n\n\n\n<ul class=\"wp-block-list\">\n<li><strong>T\u00e9cnico de Administra\u00e7\u00e3o e Finan\u00e7as<\/strong>\n<ul class=\"wp-block-list\">\n<li>2 vagas &#8211; Administra\u00e7\u00e3o<\/li>\n\n\n\n<li>1 vaga &#8211; Ci\u00eancias Cont\u00e1beis<\/li>\n<\/ul>\n<\/li>\n<\/ul>\n\n\n\n<ul class=\"wp-block-list\">\n<li><strong>T\u00e9cnico do Registro Mercantil<\/strong>\n<ul class=\"wp-block-list\">\n<li>5 vagas &#8211; Direito<\/li>\n\n\n\n<li>2 vagas &#8211; T\u00e9cnico de Inform\u00e1tica do Registro Mercantil<\/li>\n<\/ul>\n<\/li>\n<\/ul>\n\n\n\n<h2 class=\"wp-block-heading\" id=\"etapas\">Etapas do edital JUCEPA<\/h2>\n\n\n\n<p>Conforme j\u00e1 havia sido previsto no Projeto B\u00e1sico, a avalia\u00e7\u00e3o dos candidatos ser\u00e1 realizada por meio de duas etapas, conforme a escolaridade do cargo.<\/p>\n\n\n\n<ul class=\"wp-block-list\">\n<li><strong>1\u00aa Etapa \u2013&nbsp;<\/strong>Exame de Avalia\u00e7\u00e3o de Conhecimentos, com Prova Objetiva e Discursiva, de car\u00e1ter eliminat\u00f3rio e classificat\u00f3rio;<\/li>\n\n\n\n<li><strong>2\u00aa Etapa \u2013&nbsp;<\/strong>Avalia\u00e7\u00e3o de T\u00edtulos, de car\u00e1ter classificat\u00f3rio, a ser realizada apenas para os cargos de N\u00edvel Superior.<\/li>\n<\/ul>\n\n\n\n<h3 class=\"wp-block-heading\" id=\"objetiva\">Prova Objetiva<\/h3>\n\n\n\n<p>A Prova Objetiva e a Prova Discursiva ter\u00e3o a dura\u00e7\u00e3o de 5 horas e ser\u00e3o aplicadas na data prov\u00e1vel de 12 de dezembro de 2021, no turno da manh\u00e3 para os cargos de n\u00edvel m\u00e9dio e no turno da tarde para os cargos de n\u00edvel superior.<\/p>\n\n\n\n<p>Esta etapa ser\u00e1 composta de 60 quest\u00f5es de m\u00faltipla escolha, contendo disciplinas como portugu\u00eas, RLM, inform\u00e1tica, \u00c9tica, Legisla\u00e7\u00e3o, No\u00e7\u00f5es de Direito e conhecimentos espec\u00edficos. Veja nas imagens:<\/p>\n\n\n\n<h4 class=\"wp-block-heading\" id=\"h-cargos-de-nivel-medio\"><strong>Cargos de n\u00edvel m\u00e9dio<\/strong><\/h4>\n\n\n\n<figure class=\"wp-block-image aligncenter size-large\"><img loading=\"lazy\" decoding=\"async\" width=\"529\" height=\"183\" src=\"https:\/\/dhg1h5j42swfq.cloudfront.net\/2021\/08\/19064815\/image-391.png\" alt=\"Cargos de n\u00edvel m\u00e9dio provas edital jucepa\" class=\"wp-image-840217\" srcset=\"https:\/\/dhg1h5j42swfq.cloudfront.net\/2021\/08\/19064815\/image-391.png 529w, https:\/\/dhg1h5j42swfq.cloudfront.net\/2021\/08\/19064815\/image-391-300x104.png 300w\" sizes=\"auto, (max-width: 529px) 100vw, 529px\" \/><\/figure>\n\n\n\n<h4 class=\"wp-block-heading\" id=\"h-tecnico-do-registro-mercantil-classe-a-nivel-i-direito\">T\u00e9cnico do Registro Mercantil Classe A N\u00edvel I \u2013 Direito<\/h4>\n\n\n\n<figure class=\"wp-block-image aligncenter size-large\"><img loading=\"lazy\" decoding=\"async\" width=\"532\" height=\"141\" src=\"https:\/\/dhg1h5j42swfq.cloudfront.net\/2021\/08\/19064906\/image-392.png\" alt=\"provas para T\u00e9cnico do Registro Mercantil Classe A N\u00edvel I \u2013 Direito edital jucepa\" class=\"wp-image-840218\" srcset=\"https:\/\/dhg1h5j42swfq.cloudfront.net\/2021\/08\/19064906\/image-392.png 532w, https:\/\/dhg1h5j42swfq.cloudfront.net\/2021\/08\/19064906\/image-392-300x80.png 300w\" sizes=\"auto, (max-width: 532px) 100vw, 532px\" \/><\/figure>\n\n\n\n<h4 class=\"wp-block-heading\" id=\"h-tecnico-de-informatica-do-registro-mercantil\">T\u00e9cnico de Inform\u00e1tica do Registro Mercantil<\/h4>\n\n\n\n<figure class=\"wp-block-image aligncenter size-large\"><img loading=\"lazy\" decoding=\"async\" width=\"532\" height=\"137\" src=\"https:\/\/dhg1h5j42swfq.cloudfront.net\/2021\/08\/19064941\/image-393.png\" alt=\"T\u00e9cnico de Inform\u00e1tica do Registro Mercantil provas edital jucepa \" class=\"wp-image-840219\" srcset=\"https:\/\/dhg1h5j42swfq.cloudfront.net\/2021\/08\/19064941\/image-393.png 532w, https:\/\/dhg1h5j42swfq.cloudfront.net\/2021\/08\/19064941\/image-393-300x77.png 300w\" sizes=\"auto, (max-width: 532px) 100vw, 532px\" \/><\/figure>\n\n\n\n<p>Para cada quest\u00e3o, existir\u00e3o 04 (quatro) alternativas de resposta (A,B, C e D), da qual apenas uma ser\u00e1 correta, de acordo com o comando da quest\u00e3o.<\/p>\n\n\n\n<h3 class=\"wp-block-heading\" id=\"discursiva\">Prova Discursiva<\/h3>\n\n\n\n<p>A Prova Discursiva ser\u00e1 aplicada no mesmo dia, turno e dentro dos prazos de dura\u00e7\u00e3o previstos para a realiza\u00e7\u00e3o da Prova Objetiva.<\/p>\n\n\n\n<p>Somente ser\u00e3o corrigidas as Provas Discursivas dos candidatos aprovados na Prova Objetiva e que estejam classificados at\u00e9 5 vezes o n\u00famero de vagas ofertado para cada cargo, respeitados os empates na \u00faltima coloca\u00e7\u00e3o.<\/p>\n\n\n\n<p>Esta etapa consistir\u00e1 na elabora\u00e7\u00e3o de texto dissertativo e (ou) argumentativo, com extens\u00e3o m\u00ednima de 20 linhas e m\u00e1xima de 30 linhas, com base em tema formulado pela banca examinadora, primando pela clareza, precis\u00e3o, consist\u00eancia e concis\u00e3o. <\/p>\n\n\n\n<figure class=\"wp-block-image aligncenter size-large\"><img loading=\"lazy\" decoding=\"async\" width=\"531\" height=\"408\" src=\"https:\/\/dhg1h5j42swfq.cloudfront.net\/2021\/08\/19065222\/image-394.png\" alt=\"prova discursiva\" class=\"wp-image-840220\" srcset=\"https:\/\/dhg1h5j42swfq.cloudfront.net\/2021\/08\/19065222\/image-394.png 531w, https:\/\/dhg1h5j42swfq.cloudfront.net\/2021\/08\/19065222\/image-394-300x231.png 300w\" sizes=\"auto, (max-width: 531px) 100vw, 531px\" \/><\/figure>\n\n\n\n<h3 class=\"wp-block-heading\" id=\"titulos\">Avalia\u00e7\u00e3o de T\u00edtulos<\/h3>\n\n\n\n<p>A documenta\u00e7\u00e3o comprobat\u00f3ria para obten\u00e7\u00e3o de pontos na Prova de T\u00edtulos seguir\u00e1 os seguintes crit\u00e9rios:<\/p>\n\n\n\n<p>Para os t\u00edtulos referentes \u00e0s al\u00edneas \u201cA\u201d e \u201cB\u201d ser\u00e3o aceitos: Diploma, devidamente registrado, expedido por institui\u00e7\u00e3o<br \/>reconhecida pelo MEC. <\/p>\n\n\n\n<p>Tamb\u00e9m ser\u00e1 aceito certificado e (ou) declara\u00e7\u00e3o de conclus\u00e3o de curso de doutorado ou mestrado, expedido por institui\u00e7\u00e3o reconhecida pelo MEC, desde que acompanhado do hist\u00f3rico escolar do candidato, no qual conste o n\u00famero de cr\u00e9ditos obtidos, as \u00e1reas em que foi aprovado e as respectivas men\u00e7\u00f5es, o resultado dos exames e do julgamento da tese ou da disserta\u00e7\u00e3o. <\/p>\n\n\n\n<p>Caso o hist\u00f3rico ateste a exist\u00eancia de alguma pend\u00eancia ou falta de requisito de conclus\u00e3o do curso, o certificado<br \/>e (ou) declara\u00e7\u00e3o n\u00e3o ser\u00e1 aceito. Inclusive, outros comprovantes de conclus\u00e3o de curso ou disciplina n\u00e3o<br \/>ser\u00e3o aceitos como t\u00edtulos referentes ao mestrado e ao doutorado.<\/p>\n\n\n\n<h2 class=\"wp-block-heading\" id=\"estrategico\">Edital Estrat\u00e9gico JUCEPA: baixe gratuitamente<\/h2>\n\n\n\n<p><strong>O que \u00e9 o Edital Estrat\u00e9gico?<\/strong>&nbsp;Trata-se de uma planilha com recursos para ajud\u00e1-los no registro das diferentes tarefas de estudo: teoria, revis\u00e3o e exerc\u00edcios. O registro de cada tarefa ser\u00e1 feito para cada assunto exigido no conte\u00fado program\u00e1tico do edital.<\/p>\n\n\n\n<ul class=\"wp-block-list\">\n<li><a href=\"https:\/\/docs.google.com\/spreadsheets\/d\/1Otn-bhHvMRBwpKBc7fb5ZivpYSW2K4AE\/edit?usp=sharing&amp;ouid=117192946593289605908&amp;rtpof=true&amp;sd=true\" target=\"_blank\" rel=\"noreferrer noopener\"><strong>Assiste do Registro Mercantil<\/strong><\/a><\/li>\n\n\n\n<li><a href=\"https:\/\/docs.google.com\/spreadsheets\/d\/1xyjKLVvYR7M0kS_9ZsC-2Pc-jXrdREMy\/edit?usp=sharing&amp;ouid=117192946593289605908&amp;rtpof=true&amp;sd=true\" target=\"_blank\" rel=\"noreferrer noopener\"><strong>T\u00e9cnico de Administra\u00e7\u00e3o e Finan\u00e7as \u2013 Ci\u00eancias Cont\u00e1beis<\/strong><\/a><\/li>\n\n\n\n<li><a href=\"https:\/\/docs.google.com\/spreadsheets\/d\/1xkItJi7JxfJX4UakQXiVMUtR8WNxpE6X\/edit?usp=sharing&amp;ouid=117192946593289605908&amp;rtpof=true&amp;sd=true\" target=\"_blank\" rel=\"noreferrer noopener\"><strong>T\u00e9cnico de Administra\u00e7\u00e3o e Finan\u00e7as \u2013 Administra\u00e7\u00e3o<\/strong><\/a><\/li>\n\n\n\n<li><a href=\"https:\/\/docs.google.com\/spreadsheets\/d\/1KdKK1XN2GVak9a9kSPMsXUgN8fl_oNns\/edit?usp=sharing&amp;rtpof=true&amp;sd=true\" target=\"_blank\" rel=\"noreferrer noopener\"><strong>T\u00e9cnico do Registro Mercantil \u2013 Direito<\/strong><\/a><\/li>\n\n\n\n<li><a href=\"https:\/\/docs.google.com\/spreadsheets\/d\/1fky9gA_8F1dkO5M42fPa-NC0XC511hXt\/edit?usp=sharing&amp;ouid=117192946593289605908&amp;rtpof=true&amp;sd=true\" target=\"_blank\" rel=\"noreferrer noopener\"><strong>T\u00e9cnico do Registro Mercantil \u2013 Inform\u00e1tica<\/strong><\/a><\/li>\n<\/ul>\n\n\n\n<hr class=\"wp-block-separator has-css-opacity\"\/>\n\n\n\n<h2 class=\"wp-block-heading has-text-align-center\" id=\"cursos\">Quer estudar para o concurso JUCEPA?<\/h2>\n\n\n\n<div class=\"container\" id=\"boxes\">\n  <div class=\"row\">\n\n    <div class=\"col-sm\">\n      <div class=\"banner-estrategia\" id=\"box-assinatura\">\n        <h3 class=\"titulo-assinatura\">Concurso JUCEPA<\/h3>\n        <p class=\"subtitulo-assinatura\">Cursos para concursos<\/p>\n        <div class=\"box-botao\">\n          <a class=\"btn-assinatura\" target=\"_blank\" href=\"https:\/\/www.estrategiaconcursos.com.br\/cursosPorConcurso\/junta-comercial-do-estado-do-para-jucepa\/\" role=\"button\" rel=\"noopener noreferrer\">Conhe\u00e7a mais<\/a>\n        <\/div>\n      <\/div>\n     \n    <\/div>\n\n  <\/div>\n<\/div>\n\n\n\n<div class=\"container\" id=\"boxes\">\n  <div class=\"row\">\n\n    <div class=\"col-sm\">\n      <div class=\"estrategia\" id=\"box-assinatura\">\n        <h3 class=\"titulo-assinatura\">Assinatura Concursos<\/h3>\n        <p class=\"subtitulo-assinatura\">Assinatura de 1 ano ou 2 anos<\/p>\n        <div class=\"box-botao\">\n          <a class=\"btn-assinatura\" target=\"_blank\" href=\"https:\/\/www.estrategiaconcursos.com.br\/assinaturas\/\" role=\"button\" rel=\"noopener noreferrer\">ASSINE AGORA<\/a>\n        <\/div>\n      <\/div><\/div><\/div><\/div>\n\n\n\n<h2 class=\"wp-block-heading has-text-align-center\">Quer saber tudo sobre concursos previstos?<br \/>Confira nossos artigos!<\/h2>\n\n\n\n<ul class=\"wp-block-list\">\n<li><a target=\"_blank\" href=\"https:\/\/www.estrategiaconcursos.com.br\/blog\/concursos-abertos\/\" rel=\"noreferrer noopener\">Concursos abertos<\/a><\/li>\n\n\n\n<li><a target=\"_blank\" href=\"https:\/\/www.estrategiaconcursos.com.br\/blog\/concursos-2021\/\" rel=\"noreferrer noopener\">Concursos 2021<\/a><\/li>\n\n\n\n<li><a target=\"_blank\" href=\"https:\/\/www.estrategiaconcursos.com.br\/blog\/concursos-2022\/\" rel=\"noreferrer noopener\">Concursos 2022<\/a><\/li>\n<\/ul>\n\n\n\n<figure class=\"wp-block-image is-resized\"><img loading=\"lazy\" decoding=\"async\" src=\"https:\/\/dhg1h5j42swfq.cloudfront.net\/2021\/03\/29085852\/ficha-tecnica-2-1024x632.png\" alt=\"Ficha t\u00e9cnica \" width=\"265\" height=\"163\"\/><\/figure>\n\n\n\n<h3 class=\"wp-block-heading\" id=\"ficha-tecnica\"><strong>Informa\u00e7\u00f5es do pr\u00f3ximo concurso JUCEPA <\/strong><\/h3>\n\n\n\n<ul class=\"wp-block-list\">\n<li><strong>Data da prova: <\/strong>12\/12\/2021<\/li>\n\n\n\n<li><strong>Vagas<\/strong>: 15 + CR<\/li>\n\n\n\n<li><strong>Cargos<\/strong>: T\u00e9cnico de Administra\u00e7\u00e3o e Finan\u00e7as; T\u00e9cnico do Registro Mercantil; Assistente do Registro Mercantil<\/li>\n\n\n\n<li><strong>Escolaridade<\/strong>: N\u00edveis m\u00e9dio e superior<\/li>\n\n\n\n<li><strong>Banca<\/strong>: Funda\u00e7\u00e3o CETAP<\/li>\n\n\n\n<li><strong>Edital<\/strong>:&nbsp;<a href=\"https:\/\/dhg1h5j42swfq.cloudfront.net\/2021\/08\/19065510\/2021-08-19-doe-11-25.pdf\" target=\"_blank\" rel=\"noreferrer noopener nofollow\">Edital JUCEPA 2021<\/a><\/li>\n<\/ul>\n","protected":false},"excerpt":{"rendered":"<p>Est\u00e3o encerradas as inscri\u00e7\u00f5es para participar do&nbsp;concurso JUCEPA&nbsp;(Junta Comercial do Estado do Par\u00e1). Os interessados tiveram at\u00e9 o dia 20 de outubro para garantir a participa\u00e7\u00e3o, diretamente pelo site da banca,&nbsp;Funda\u00e7\u00e3o CETAP. Vale refor\u00e7ar que, recentemente, o edital da sele\u00e7\u00e3o passou por suas&nbsp;primeiras retifica\u00e7\u00f5es. O documento aponta altera\u00e7\u00f5es como: condi\u00e7\u00f5es para isen\u00e7\u00e3o da taxa de [&hellip;]<\/p>\n","protected":false},"author":1,"featured_media":704509,"comment_status":"open","ping_status":"closed","sticky":false,"template":"","format":"standard","meta":{"post_tipo":"news","footnotes":""},"categories":[214992],"tags":[],"tax_estado":[219977],"class_list":["post-839768","post","type-post","status-publish","format-standard","has-post-thumbnail","hentry","category-concursos-administrativos","tax_estado-pa"],"acf":[],"yoast_head":"<!-- This site is optimized with the Yoast SEO Premium plugin v27.2 (Yoast SEO v27.2) - https:\/\/yoast.com\/product\/yoast-seo-premium-wordpress\/ -->\n<title>Edital JUCEPA: inscri\u00e7\u00f5es encerradas; provas em dezembro!<\/title>\n<meta name=\"description\" content=\"Edital do concurso JUCEPA: ao todo, 15 vagas s\u00e3o ofertadas + CR. Provas ser\u00e3o aplicadas no dia 12 de dezembro. Saiba mais!\" \/>\n<meta name=\"robots\" content=\"index, follow, max-snippet:-1, max-image-preview:large, max-video-preview:-1\" \/>\n<link rel=\"canonical\" href=\"https:\/\/www.estrategiaconcursos.com.br\/blog\/edital-jucepa\/\" \/>\n<meta property=\"og:locale\" content=\"pt_BR\" \/>\n<meta property=\"og:type\" content=\"article\" \/>\n<meta property=\"og:title\" content=\"Edital JUCEPA: inscri\u00e7\u00f5es encerradas; provas em dezembro!\" \/>\n<meta property=\"og:description\" content=\"Edital do concurso JUCEPA: ao todo, 15 vagas s\u00e3o ofertadas + CR. Provas ser\u00e3o aplicadas no dia 12 de dezembro. Saiba mais!\" \/>\n<meta property=\"og:url\" content=\"https:\/\/www.estrategiaconcursos.com.br\/blog\/edital-jucepa\/\" \/>\n<meta property=\"og:site_name\" content=\"Estrat\u00e9gia Concursos\" \/>\n<meta property=\"article:author\" content=\"https:\/\/www.facebook.com\/EstrategiaConcursos\" \/>\n<meta property=\"article:published_time\" content=\"2021-10-21T02:59:00+00:00\" \/>\n<meta property=\"article:modified_time\" content=\"2023-06-19T17:50:01+00:00\" \/>\n<meta property=\"og:image\" content=\"https:\/\/dhg1h5j42swfq.cloudfront.net\/2021\/03\/30113547\/jucepa.jpg\" \/>\n\t<meta property=\"og:image:width\" content=\"1200\" \/>\n\t<meta property=\"og:image:height\" content=\"628\" \/>\n\t<meta property=\"og:image:type\" content=\"image\/jpeg\" \/>\n<meta name=\"author\" content=\"Coordena\u00e7\u00e3o\" \/>\n<meta name=\"twitter:card\" content=\"summary_large_image\" \/>\n<meta name=\"twitter:creator\" content=\"@EstratConcursos\" \/>\n<meta name=\"twitter:site\" content=\"@EstratConcursos\" \/>\n<meta name=\"twitter:label1\" content=\"Escrito por\" \/>\n\t<meta name=\"twitter:data1\" content=\"Coordena\u00e7\u00e3o\" \/>\n\t<meta name=\"twitter:label2\" content=\"Est. tempo de leitura\" \/>\n\t<meta name=\"twitter:data2\" content=\"5 minutos\" \/>\n<script type=\"application\/ld+json\" class=\"yoast-schema-graph\">{\"@context\":\"https:\/\/schema.org\",\"@graph\":[{\"@type\":\"NewsArticle\",\"@id\":\"https:\/\/www.estrategiaconcursos.com.br\/blog\/edital-jucepa\/#article\",\"isPartOf\":{\"@id\":\"https:\/\/www.estrategiaconcursos.com.br\/blog\/edital-jucepa\/\"},\"author\":{\"name\":\"Coordena\u00e7\u00e3o\",\"@id\":\"https:\/\/www.estrategiaconcursos.com.br\/blog\/#\/schema\/person\/b4a388c97673c5f483d72185668afa1f\"},\"headline\":\"Edital JUCEPA: inscri\u00e7\u00f5es encerradas; provas em dezembro!\",\"datePublished\":\"2021-10-21T02:59:00+00:00\",\"dateModified\":\"2023-06-19T17:50:01+00:00\",\"mainEntityOfPage\":{\"@id\":\"https:\/\/www.estrategiaconcursos.com.br\/blog\/edital-jucepa\/\"},\"wordCount\":1012,\"commentCount\":0,\"publisher\":{\"@id\":\"https:\/\/www.estrategiaconcursos.com.br\/blog\/#organization\"},\"image\":{\"@id\":\"https:\/\/www.estrategiaconcursos.com.br\/blog\/edital-jucepa\/#primaryimage\"},\"thumbnailUrl\":\"https:\/\/dhg1h5j42swfq.cloudfront.net\/2021\/03\/30113547\/jucepa.jpg\",\"articleSection\":[\"Executivo (Administrativa)\"],\"inLanguage\":\"pt-BR\",\"potentialAction\":[{\"@type\":\"CommentAction\",\"name\":\"Comment\",\"target\":[\"https:\/\/www.estrategiaconcursos.com.br\/blog\/edital-jucepa\/#respond\"]}],\"copyrightYear\":\"2021\",\"copyrightHolder\":{\"@id\":\"https:\/\/www.estrategiaconcursos.com.br\/blog\/#organization\"}},{\"@type\":\"WebPage\",\"@id\":\"https:\/\/www.estrategiaconcursos.com.br\/blog\/edital-jucepa\/\",\"url\":\"https:\/\/www.estrategiaconcursos.com.br\/blog\/edital-jucepa\/\",\"name\":\"Edital JUCEPA: inscri\u00e7\u00f5es encerradas; provas em dezembro!\",\"isPartOf\":{\"@id\":\"https:\/\/www.estrategiaconcursos.com.br\/blog\/#website\"},\"primaryImageOfPage\":{\"@id\":\"https:\/\/www.estrategiaconcursos.com.br\/blog\/edital-jucepa\/#primaryimage\"},\"image\":{\"@id\":\"https:\/\/www.estrategiaconcursos.com.br\/blog\/edital-jucepa\/#primaryimage\"},\"thumbnailUrl\":\"https:\/\/dhg1h5j42swfq.cloudfront.net\/2021\/03\/30113547\/jucepa.jpg\",\"datePublished\":\"2021-10-21T02:59:00+00:00\",\"dateModified\":\"2023-06-19T17:50:01+00:00\",\"description\":\"Edital do concurso JUCEPA: ao todo, 15 vagas s\u00e3o ofertadas + CR. Provas ser\u00e3o aplicadas no dia 12 de dezembro. Saiba mais!\",\"breadcrumb\":{\"@id\":\"https:\/\/www.estrategiaconcursos.com.br\/blog\/edital-jucepa\/#breadcrumb\"},\"inLanguage\":\"pt-BR\",\"potentialAction\":[{\"@type\":\"ReadAction\",\"target\":[\"https:\/\/www.estrategiaconcursos.com.br\/blog\/edital-jucepa\/\"]}]},{\"@type\":\"ImageObject\",\"inLanguage\":\"pt-BR\",\"@id\":\"https:\/\/www.estrategiaconcursos.com.br\/blog\/edital-jucepa\/#primaryimage\",\"url\":\"https:\/\/dhg1h5j42swfq.cloudfront.net\/2021\/03\/30113547\/jucepa.jpg\",\"contentUrl\":\"https:\/\/dhg1h5j42swfq.cloudfront.net\/2021\/03\/30113547\/jucepa.jpg\",\"width\":1200,\"height\":628,\"caption\":\"Concurso JUCEPA t\u00edtulos\"},{\"@type\":\"BreadcrumbList\",\"@id\":\"https:\/\/www.estrategiaconcursos.com.br\/blog\/edital-jucepa\/#breadcrumb\",\"itemListElement\":[{\"@type\":\"ListItem\",\"position\":1,\"name\":\"In\u00edcio\",\"item\":\"https:\/\/www.estrategiaconcursos.com.br\/blog\/\"},{\"@type\":\"ListItem\",\"position\":2,\"name\":\"Edital JUCEPA: inscri\u00e7\u00f5es encerradas; provas em dezembro!\"}]},{\"@type\":\"WebSite\",\"@id\":\"https:\/\/www.estrategiaconcursos.com.br\/blog\/#website\",\"url\":\"https:\/\/www.estrategiaconcursos.com.br\/blog\/\",\"name\":\"Estrat\u00e9gia Concursos\",\"description\":\"O blog da Estrat\u00e9gia Concursos traz not\u00edcias sobre concursos e artigos de professores oferecendo cursos para concursos (pdf + videaulas) no site.\",\"publisher\":{\"@id\":\"https:\/\/www.estrategiaconcursos.com.br\/blog\/#organization\"},\"potentialAction\":[{\"@type\":\"SearchAction\",\"target\":{\"@type\":\"EntryPoint\",\"urlTemplate\":\"https:\/\/www.estrategiaconcursos.com.br\/blog\/?s={search_term_string}\"},\"query-input\":{\"@type\":\"PropertyValueSpecification\",\"valueRequired\":true,\"valueName\":\"search_term_string\"}}],\"inLanguage\":\"pt-BR\"},{\"@type\":\"Organization\",\"@id\":\"https:\/\/www.estrategiaconcursos.com.br\/blog\/#organization\",\"name\":\"Estrat\u00e9gia Concursos\",\"url\":\"https:\/\/www.estrategiaconcursos.com.br\/blog\/\",\"logo\":{\"@type\":\"ImageObject\",\"inLanguage\":\"pt-BR\",\"@id\":\"https:\/\/www.estrategiaconcursos.com.br\/blog\/#\/schema\/logo\/image\/\",\"url\":\"https:\/\/dhg1h5j42swfq.cloudfront.net\/2025\/06\/03203428\/logo_concursos-1.jpg\",\"contentUrl\":\"https:\/\/dhg1h5j42swfq.cloudfront.net\/2025\/06\/03203428\/logo_concursos-1.jpg\",\"width\":230,\"height\":60,\"caption\":\"Estrat\u00e9gia Concursos\"},\"image\":{\"@id\":\"https:\/\/www.estrategiaconcursos.com.br\/blog\/#\/schema\/logo\/image\/\"},\"sameAs\":[\"https:\/\/x.com\/EstratConcursos\"]},{\"@type\":\"Person\",\"@id\":\"https:\/\/www.estrategiaconcursos.com.br\/blog\/#\/schema\/person\/b4a388c97673c5f483d72185668afa1f\",\"name\":\"Coordena\u00e7\u00e3o\",\"image\":{\"@type\":\"ImageObject\",\"inLanguage\":\"pt-BR\",\"@id\":\"https:\/\/secure.gravatar.com\/avatar\/b720319e4c9a967eb58678d110f4fe35452fc5d5f97b202bac7b8acceb18c6ad?s=96&d=mm&r=g\",\"url\":\"https:\/\/secure.gravatar.com\/avatar\/b720319e4c9a967eb58678d110f4fe35452fc5d5f97b202bac7b8acceb18c6ad?s=96&d=mm&r=g\",\"contentUrl\":\"https:\/\/secure.gravatar.com\/avatar\/b720319e4c9a967eb58678d110f4fe35452fc5d5f97b202bac7b8acceb18c6ad?s=96&d=mm&r=g\",\"caption\":\"Coordena\u00e7\u00e3o\"},\"sameAs\":[\"https:\/\/www.facebook.com\/EstrategiaConcursos\",\"https:\/\/x.com\/EstratConcursos\"],\"url\":\"https:\/\/www.estrategiaconcursos.com.br\/blog\/author\/estrategia2013\/\"}]}<\/script>\n<!-- \/ Yoast SEO Premium plugin. -->","yoast_head_json":{"title":"Edital JUCEPA: inscri\u00e7\u00f5es encerradas; provas em dezembro!","description":"Edital do concurso JUCEPA: ao todo, 15 vagas s\u00e3o ofertadas + CR. Provas ser\u00e3o aplicadas no dia 12 de dezembro. Saiba mais!","robots":{"index":"index","follow":"follow","max-snippet":"max-snippet:-1","max-image-preview":"max-image-preview:large","max-video-preview":"max-video-preview:-1"},"canonical":"https:\/\/www.estrategiaconcursos.com.br\/blog\/edital-jucepa\/","og_locale":"pt_BR","og_type":"article","og_title":"Edital JUCEPA: inscri\u00e7\u00f5es encerradas; provas em dezembro!","og_description":"Edital do concurso JUCEPA: ao todo, 15 vagas s\u00e3o ofertadas + CR. Provas ser\u00e3o aplicadas no dia 12 de dezembro. Saiba mais!","og_url":"https:\/\/www.estrategiaconcursos.com.br\/blog\/edital-jucepa\/","og_site_name":"Estrat\u00e9gia Concursos","article_author":"https:\/\/www.facebook.com\/EstrategiaConcursos","article_published_time":"2021-10-21T02:59:00+00:00","article_modified_time":"2023-06-19T17:50:01+00:00","og_image":[{"width":1200,"height":628,"url":"https:\/\/dhg1h5j42swfq.cloudfront.net\/2021\/03\/30113547\/jucepa.jpg","type":"image\/jpeg"}],"author":"Coordena\u00e7\u00e3o","twitter_card":"summary_large_image","twitter_creator":"@EstratConcursos","twitter_site":"@EstratConcursos","twitter_misc":{"Escrito por":"Coordena\u00e7\u00e3o","Est. tempo de leitura":"5 minutos"},"schema":{"@context":"https:\/\/schema.org","@graph":[{"@type":"NewsArticle","@id":"https:\/\/www.estrategiaconcursos.com.br\/blog\/edital-jucepa\/#article","isPartOf":{"@id":"https:\/\/www.estrategiaconcursos.com.br\/blog\/edital-jucepa\/"},"author":{"name":"Coordena\u00e7\u00e3o","@id":"https:\/\/www.estrategiaconcursos.com.br\/blog\/#\/schema\/person\/b4a388c97673c5f483d72185668afa1f"},"headline":"Edital JUCEPA: inscri\u00e7\u00f5es encerradas; provas em dezembro!","datePublished":"2021-10-21T02:59:00+00:00","dateModified":"2023-06-19T17:50:01+00:00","mainEntityOfPage":{"@id":"https:\/\/www.estrategiaconcursos.com.br\/blog\/edital-jucepa\/"},"wordCount":1012,"commentCount":0,"publisher":{"@id":"https:\/\/www.estrategiaconcursos.com.br\/blog\/#organization"},"image":{"@id":"https:\/\/www.estrategiaconcursos.com.br\/blog\/edital-jucepa\/#primaryimage"},"thumbnailUrl":"https:\/\/dhg1h5j42swfq.cloudfront.net\/2021\/03\/30113547\/jucepa.jpg","articleSection":["Executivo (Administrativa)"],"inLanguage":"pt-BR","potentialAction":[{"@type":"CommentAction","name":"Comment","target":["https:\/\/www.estrategiaconcursos.com.br\/blog\/edital-jucepa\/#respond"]}],"copyrightYear":"2021","copyrightHolder":{"@id":"https:\/\/www.estrategiaconcursos.com.br\/blog\/#organization"}},{"@type":"WebPage","@id":"https:\/\/www.estrategiaconcursos.com.br\/blog\/edital-jucepa\/","url":"https:\/\/www.estrategiaconcursos.com.br\/blog\/edital-jucepa\/","name":"Edital JUCEPA: inscri\u00e7\u00f5es encerradas; provas em dezembro!","isPartOf":{"@id":"https:\/\/www.estrategiaconcursos.com.br\/blog\/#website"},"primaryImageOfPage":{"@id":"https:\/\/www.estrategiaconcursos.com.br\/blog\/edital-jucepa\/#primaryimage"},"image":{"@id":"https:\/\/www.estrategiaconcursos.com.br\/blog\/edital-jucepa\/#primaryimage"},"thumbnailUrl":"https:\/\/dhg1h5j42swfq.cloudfront.net\/2021\/03\/30113547\/jucepa.jpg","datePublished":"2021-10-21T02:59:00+00:00","dateModified":"2023-06-19T17:50:01+00:00","description":"Edital do concurso JUCEPA: ao todo, 15 vagas s\u00e3o ofertadas + CR. Provas ser\u00e3o aplicadas no dia 12 de dezembro. Saiba mais!","breadcrumb":{"@id":"https:\/\/www.estrategiaconcursos.com.br\/blog\/edital-jucepa\/#breadcrumb"},"inLanguage":"pt-BR","potentialAction":[{"@type":"ReadAction","target":["https:\/\/www.estrategiaconcursos.com.br\/blog\/edital-jucepa\/"]}]},{"@type":"ImageObject","inLanguage":"pt-BR","@id":"https:\/\/www.estrategiaconcursos.com.br\/blog\/edital-jucepa\/#primaryimage","url":"https:\/\/dhg1h5j42swfq.cloudfront.net\/2021\/03\/30113547\/jucepa.jpg","contentUrl":"https:\/\/dhg1h5j42swfq.cloudfront.net\/2021\/03\/30113547\/jucepa.jpg","width":1200,"height":628,"caption":"Concurso JUCEPA t\u00edtulos"},{"@type":"BreadcrumbList","@id":"https:\/\/www.estrategiaconcursos.com.br\/blog\/edital-jucepa\/#breadcrumb","itemListElement":[{"@type":"ListItem","position":1,"name":"In\u00edcio","item":"https:\/\/www.estrategiaconcursos.com.br\/blog\/"},{"@type":"ListItem","position":2,"name":"Edital JUCEPA: inscri\u00e7\u00f5es encerradas; provas em dezembro!"}]},{"@type":"WebSite","@id":"https:\/\/www.estrategiaconcursos.com.br\/blog\/#website","url":"https:\/\/www.estrategiaconcursos.com.br\/blog\/","name":"Estrat\u00e9gia Concursos","description":"O blog da Estrat\u00e9gia Concursos traz not\u00edcias sobre concursos e artigos de professores oferecendo cursos para concursos (pdf + videaulas) no site.","publisher":{"@id":"https:\/\/www.estrategiaconcursos.com.br\/blog\/#organization"},"potentialAction":[{"@type":"SearchAction","target":{"@type":"EntryPoint","urlTemplate":"https:\/\/www.estrategiaconcursos.com.br\/blog\/?s={search_term_string}"},"query-input":{"@type":"PropertyValueSpecification","valueRequired":true,"valueName":"search_term_string"}}],"inLanguage":"pt-BR"},{"@type":"Organization","@id":"https:\/\/www.estrategiaconcursos.com.br\/blog\/#organization","name":"Estrat\u00e9gia Concursos","url":"https:\/\/www.estrategiaconcursos.com.br\/blog\/","logo":{"@type":"ImageObject","inLanguage":"pt-BR","@id":"https:\/\/www.estrategiaconcursos.com.br\/blog\/#\/schema\/logo\/image\/","url":"https:\/\/dhg1h5j42swfq.cloudfront.net\/2025\/06\/03203428\/logo_concursos-1.jpg","contentUrl":"https:\/\/dhg1h5j42swfq.cloudfront.net\/2025\/06\/03203428\/logo_concursos-1.jpg","width":230,"height":60,"caption":"Estrat\u00e9gia Concursos"},"image":{"@id":"https:\/\/www.estrategiaconcursos.com.br\/blog\/#\/schema\/logo\/image\/"},"sameAs":["https:\/\/x.com\/EstratConcursos"]},{"@type":"Person","@id":"https:\/\/www.estrategiaconcursos.com.br\/blog\/#\/schema\/person\/b4a388c97673c5f483d72185668afa1f","name":"Coordena\u00e7\u00e3o","image":{"@type":"ImageObject","inLanguage":"pt-BR","@id":"https:\/\/secure.gravatar.com\/avatar\/b720319e4c9a967eb58678d110f4fe35452fc5d5f97b202bac7b8acceb18c6ad?s=96&d=mm&r=g","url":"https:\/\/secure.gravatar.com\/avatar\/b720319e4c9a967eb58678d110f4fe35452fc5d5f97b202bac7b8acceb18c6ad?s=96&d=mm&r=g","contentUrl":"https:\/\/secure.gravatar.com\/avatar\/b720319e4c9a967eb58678d110f4fe35452fc5d5f97b202bac7b8acceb18c6ad?s=96&d=mm&r=g","caption":"Coordena\u00e7\u00e3o"},"sameAs":["https:\/\/www.facebook.com\/EstrategiaConcursos","https:\/\/x.com\/EstratConcursos"],"url":"https:\/\/www.estrategiaconcursos.com.br\/blog\/author\/estrategia2013\/"}]}},"_links":{"self":[{"href":"https:\/\/www.estrategiaconcursos.com.br\/blog\/wp-json\/wp\/v2\/posts\/839768","targetHints":{"allow":["GET"]}}],"collection":[{"href":"https:\/\/www.estrategiaconcursos.com.br\/blog\/wp-json\/wp\/v2\/posts"}],"about":[{"href":"https:\/\/www.estrategiaconcursos.com.br\/blog\/wp-json\/wp\/v2\/types\/post"}],"author":[{"embeddable":true,"href":"https:\/\/www.estrategiaconcursos.com.br\/blog\/wp-json\/wp\/v2\/users\/1"}],"replies":[{"embeddable":true,"href":"https:\/\/www.estrategiaconcursos.com.br\/blog\/wp-json\/wp\/v2\/comments?post=839768"}],"version-history":[{"count":16,"href":"https:\/\/www.estrategiaconcursos.com.br\/blog\/wp-json\/wp\/v2\/posts\/839768\/revisions"}],"predecessor-version":[{"id":1234776,"href":"https:\/\/www.estrategiaconcursos.com.br\/blog\/wp-json\/wp\/v2\/posts\/839768\/revisions\/1234776"}],"wp:featuredmedia":[{"embeddable":true,"href":"https:\/\/www.estrategiaconcursos.com.br\/blog\/wp-json\/wp\/v2\/media\/704509"}],"wp:attachment":[{"href":"https:\/\/www.estrategiaconcursos.com.br\/blog\/wp-json\/wp\/v2\/media?parent=839768"}],"wp:term":[{"taxonomy":"category","embeddable":true,"href":"https:\/\/www.estrategiaconcursos.com.br\/blog\/wp-json\/wp\/v2\/categories?post=839768"},{"taxonomy":"post_tag","embeddable":true,"href":"https:\/\/www.estrategiaconcursos.com.br\/blog\/wp-json\/wp\/v2\/tags?post=839768"},{"taxonomy":"tax_estado","embeddable":true,"href":"https:\/\/www.estrategiaconcursos.com.br\/blog\/wp-json\/wp\/v2\/tax_estado?post=839768"}],"curies":[{"name":"wp","href":"https:\/\/api.w.org\/{rel}","templated":true}]}}