{"id":839083,"date":"2021-08-21T07:00:00","date_gmt":"2021-08-21T10:00:00","guid":{"rendered":"https:\/\/www.estrategiaconcursos.com.br\/blog\/?p=839083"},"modified":"2022-11-21T10:31:25","modified_gmt":"2022-11-21T13:31:25","slug":"cartorio-ms-revisao-de-vespera","status":"publish","type":"post","link":"https:\/\/www.estrategiaconcursos.com.br\/blog\/cartorio-ms-revisao-de-vespera\/","title":{"rendered":"Cart\u00f3rio-MS: reforce sua prepara\u00e7\u00e3o com a revis\u00e3o de v\u00e9spera!"},"content":{"rendered":"\n<p>Acontece neste s\u00e1bado, 21 de agosto de 2021, a partir das 08:00, a revis\u00e3o de v\u00e9spera do concurso Cart\u00f3rio-MS. Confira abaixo: <\/p>\n\n\n\n<h3 class=\"wp-block-heading\" id=\"h-cartorio-ms-cronograma\">Cart\u00f3rio-MS: cronograma<\/h3>\n\n\n\n<figure class=\"wp-block-table is-style-stripes\"><table><tbody><tr><td class=\"has-text-align-center\" data-align=\"center\"><strong>Disciplina<\/strong><\/td><td class=\"has-text-align-center\" data-align=\"center\"><strong>Hor\u00e1rio<\/strong><\/td><td class=\"has-text-align-center\" data-align=\"center\"><strong>Professor<\/strong><\/td><\/tr><tr><td class=\"has-text-align-center\" data-align=\"center\">Direito Constitucional<\/td><td class=\"has-text-align-center\" data-align=\"center\">8h \u00e0s 8h45<\/td><td class=\"has-text-align-center\" data-align=\"center\">Nelma Fontana<\/td><\/tr><tr><td class=\"has-text-align-center\" data-align=\"center\">Direito Administrativo<\/td><td class=\"has-text-align-center\" data-align=\"center\">8h45 \u00e0s 9h30<\/td><td class=\"has-text-align-center\" data-align=\"center\">Rodolfo Penna<\/td><\/tr><tr><td class=\"has-text-align-center\" data-align=\"center\">Direito Penal<\/td><td class=\"has-text-align-center\" data-align=\"center\">9h30 \u00e0s 10h<\/td><td class=\"has-text-align-center\" data-align=\"center\">Michael Proc\u00f3pio<\/td><\/tr><tr><td class=\"has-text-align-center\" data-align=\"center\">Direito Processual Penal<\/td><td class=\"has-text-align-center\" data-align=\"center\">10h \u00e0s 10h30<\/td><td class=\"has-text-align-center\" data-align=\"center\">Michael Proc\u00f3pio<\/td><\/tr><tr><td class=\"has-text-align-center\" data-align=\"center\">Direito Civil<\/td><td class=\"has-text-align-center\" data-align=\"center\">10h30 \u00e0s 11h30<\/td><td class=\"has-text-align-center\" data-align=\"center\">Paulo Sousa<\/td><\/tr><tr><td class=\"has-text-align-center\" data-align=\"center\">Direito Processual Civil<\/td><td class=\"has-text-align-center\" data-align=\"center\">11h30 \u00e0s 12h15<\/td><td class=\"has-text-align-center\" data-align=\"center\">Rodrigo Vaslin<\/td><\/tr><tr><td class=\"has-text-align-center\" data-align=\"center\">Direito Tribut\u00e1rio<\/td><td class=\"has-text-align-center\" data-align=\"center\">12h15 \u00e0s 13h<\/td><td class=\"has-text-align-center\" data-align=\"center\">Mateus Pontalli<\/td><\/tr><tr><td class=\"has-text-align-center\" data-align=\"center\">Direito Empresarial<\/td><td class=\"has-text-align-center\" data-align=\"center\">13h \u00e0s 13h45<\/td><td class=\"has-text-align-center\" data-align=\"center\">Alessandro Sanchez<\/td><\/tr><tr><td class=\"has-text-align-center\" data-align=\"center\">Teoria Geral dos Atos Notariais e Registrais<\/td><td class=\"has-text-align-center\" data-align=\"center\">13h45 \u00e0s 14h30<\/td><td class=\"has-text-align-center\" data-align=\"center\">Juliana Chev\u00f4nica<\/td><\/tr><tr><td class=\"has-text-align-center\" data-align=\"center\">Registro Civil das Pessoas Naturais<\/td><td class=\"has-text-align-center\" data-align=\"center\">14h30 \u00e0s 15h15<\/td><td class=\"has-text-align-center\" data-align=\"center\">Paloma Schwab<\/td><\/tr><tr><td class=\"has-text-align-center\" data-align=\"center\">Tabelionato de Notas<\/td><td class=\"has-text-align-center\" data-align=\"center\">15h15 \u00e0s 16h<\/td><td class=\"has-text-align-center\" data-align=\"center\">Maria Fernanda Dalmaz<\/td><\/tr><tr><td class=\"has-text-align-center\" data-align=\"center\">Tabelionato de Protestos<\/td><td class=\"has-text-align-center\" data-align=\"center\">16h \u00e0s 16h45<\/td><td class=\"has-text-align-center\" data-align=\"center\">Adriano \u00c1lvares<\/td><\/tr><tr><td class=\"has-text-align-center\" data-align=\"center\">Registro de Im\u00f3veis<\/td><td class=\"has-text-align-center\" data-align=\"center\">16h45 \u00e0s 17h30<\/td><td class=\"has-text-align-center\" data-align=\"center\">Gustavo Arruda<\/td><\/tr><tr><td class=\"has-text-align-center\" data-align=\"center\">Registro Civil de Pessoas Jur\u00eddicas, T\u00edtulos e Documentos<\/td><td class=\"has-text-align-center\" data-align=\"center\">17h30 \u00e0s 18h15<\/td><td class=\"has-text-align-center\" data-align=\"center\">Adriano \u00c1lvares<\/td><\/tr><tr><td class=\"has-text-align-center\" data-align=\"center\">Conhecimentos Gerais<\/td><td class=\"has-text-align-center\" data-align=\"center\">18h15 \u00e0s 18h45<\/td><td class=\"has-text-align-center\" data-align=\"center\">Raphael de Oliveira Reis<\/td><\/tr><\/tbody><\/table><\/figure>\n\n\n\n<h3 class=\"wp-block-heading\" id=\"h-cartorio-ms-curiosidades\">Cart\u00f3rio-MS: curiosidades<\/h3>\n\n\n\n<h4 class=\"wp-block-heading\" id=\"PROVA-PRATICA-CARTORIO-MS\">Prova Escrita e Pr\u00e1tica<\/h4>\n\n\n\n<p>A prova discursiva \u2013 Escrita e Pr\u00e1tica \u2013 constar\u00e1 de 4 quest\u00f5es te\u00f3ricas, 1 quest\u00e3o pr\u00e1tica e 1 disserta\u00e7\u00e3o.<\/p>\n\n\n\n<p>Esta prova ter\u00e1 dura\u00e7\u00e3o de&nbsp;<strong>5 horas<\/strong>&nbsp;e foi aplicada em Campo Grande (MS).<\/p>\n\n\n\n<p><strong>Distribui\u00e7\u00e3o das quest\u00f5es por disciplina<\/strong>:<\/p>\n\n\n\n<ul class=\"wp-block-list\"><li><strong>QUEST\u00d5ES TE\u00d3RICAS \u2013 4 quest\u00f5es&nbsp;<\/strong>(10 a 15 linhas) sobre um e\/ou mais pontos dos programas de Direito Civil, de Direito Empresarial \/ Comercial e\/ou Direito Tribut\u00e1rio.<\/li><li><strong>QUEST\u00c3O PR\u00c1TICA \u2013 1 quest\u00e3o&nbsp;<\/strong>(30 a 90 linhas)<ul><li>Elabora\u00e7\u00e3o de escritura, ata, ata notarial, edital, registro, instrumento, certid\u00e3o ou quaisquer outros documentos relativos a atos pr\u00f3prios da atividade notarial e\/ou de registro e\/ou solu\u00e7\u00e3o de caso\/problema a respeito de tais atividades;<\/li><\/ul><\/li><li><strong>QUEST\u00c3O DISSERTATIVA \u2013 1 quest\u00e3o<\/strong>&nbsp;(30 a 90 linhas)<ul><li>1 disserta\u00e7\u00e3o sobre Direito Notarial e Registral, podendo conter, de forma complementar, assuntos dos demais ramos do Direito .<\/li><\/ul><\/li><\/ul>\n\n\n\n<p class=\"has-text-align-center has-light-green-cyan-background-color has-background\"><strong>Saiba mais: <a href=\"https:\/\/www.estrategiaconcursos.com.br\/blog\/concurso-cartorio-ms\/\" target=\"_blank\" rel=\"noreferrer noopener\">Concurso Cart\u00f3rio MS<\/a><\/strong><\/p>\n\n\n\n<p class=\"has-text-align-center has-luminous-vivid-amber-background-color has-background\"><strong><a href=\"https:\/\/www.youtube.com\/channel\/UChvwkhC3eHxJsVxW_ItDjdA\" target=\"_blank\" rel=\"noreferrer noopener\">Youtube &#8211; Estrat\u00e9gia Concursos <\/a><\/strong><\/p>\n\n\n\n<h2 class=\"has-text-align-center wp-block-heading\" id=\"CURSOS-CARTORIO-MS\">Cursos para o concurso Cart\u00f3rio MS<\/h2>\n\n\n\n<div id=\"boxes\" class=\"container\">\n<div class=\"row\">\n<div class=\"col-sm\">\n<div id=\"box-assinatura\" class=\"banner-ecj\">\n<h3 class=\"titulo-assinatura\">Curso para Cart\u00f3rio MS<\/h3>\n<p class=\"subtitulo-assinatura\">Cursos focados no edital do concurso<\/p>\n<div class=\"box-botao\"><a class=\"btn-assinatura\" role=\"button\" href=\"https:\/\/www.estrategiaconcursos.com.br\/cursosPorConcurso\/cursos-para-cartorios-do-tj-ms\/\" target=\"_blank\" rel=\"noopener noreferrer\">Conhe\u00e7a mais<\/a><\/div>\n<\/div>\n<p class=\"texto-auxiliar\">Prepare-se com o melhor material e com quem mais aprova em concursos de Procuradorias em todo o pa\u00eds.<\/p>\n<\/div>\n<\/div>\n<\/div>\n\n\n\n<div id=\"boxes\" class=\"container\">\n<div class=\"row\">\n<div class=\"col-sm\">\n<div id=\"box-assinatura\" class=\"banner-ecj\">\n<h3 class=\"titulo-assinatura\">Assinatura Jur\u00eddica<\/h3>\n<p class=\"subtitulo-assinatura\">Conhe\u00e7a os planos<\/p>\n<div class=\"box-botao\"><a class=\"btn-assinatura\" role=\"button\" href=\"https:\/\/www.estrategiaconcursos.com.br\/assinaturas-ecj\/\" target=\"_blank\" rel=\"noopener noreferrer\">Conhe\u00e7a mais<\/a><\/div>\n<\/div>\n<p class=\"texto-auxiliar\">Prepare-se com o melhor material e com quem mais aprova em Concursos P\u00fablicos em todo o pa\u00eds.<\/p>\n<\/div>\n<\/div>\n<\/div>\n\n\n\n<div class=\"container\" id=\"boxes\">\n  <div class=\"row\">\n\n    <div class=\"col-sm\" id=\"boxes-concursos\">\n      <div style=\"background-color: #005DAD;\" class=\"conteudo-concursos\" id=\"box-concursos\">\n        <h3 class=\"titulo-assinatura\">Concursos Abertos<\/h3>\n        <p class=\"subtitulo-assinatura\">Os editais publicados<\/p>\n        <div class=\"box-botao\">\n          <a class=\"btn-assinatura\" target=\"_blank\" href=\"https:\/\/www.estrategiaconcursos.com.br\/blog\/concursos-abertos\/\" role=\"button\" rel=\"noopener noreferrer\">Conhe\u00e7a Agora<\/a>\n        <\/div>\n      <\/div>\n    <\/div>\n\n    <div class=\"col-sm\" id=\"boxes-concursos\">\n      <div style=\"background-color: #1A7ED5;\" class=\"conteudo-concursos\" id=\"box-concursos\">\n        <h3 class=\"titulo-assinatura\">Concursos 2021<\/h3>\n        <p class=\"subtitulo-assinatura\">As oportunidades previstas<\/p>\n        <div class=\"box-botao\">\n          <a class=\"btn-assinatura\" target=\"_blank\" href=\"https:\/\/www.estrategiaconcursos.com.br\/blog\/concursos-2021\/\" role=\"button\" rel=\"noopener noreferrer\">Conhe\u00e7a Agora<\/a>\n        <\/div>\n      <\/div>\n    <\/div>\n\n    <div class=\"col-sm\" id=\"boxes-concursos\">\n      <div style=\"background-color: #419FF0;\" class=\"conteudo-concursos\" id=\"box-concursos\">\n        <h3 class=\"titulo-assinatura\">Concursos 2022<\/h3>\n        <p class=\"subtitulo-assinatura\">Vagas para o pr\u00f3ximo ano<\/p>\n        <div class=\"box-botao\">\n          <a class=\"btn-assinatura\" target=\"_blank\" href=\"https:\/\/www.estrategiaconcursos.com.br\/blog\/concursos-2022\/\" role=\"button\" rel=\"noopener noreferrer\">Conhe\u00e7a Agora<\/a>\n        <\/div>\n      <\/div>\n    <\/div>\n\n  <\/div>\n<\/div>\n","protected":false},"excerpt":{"rendered":"<p>Acontece neste s\u00e1bado, 21 de agosto de 2021, a partir das 08:00, a revis\u00e3o de v\u00e9spera do concurso Cart\u00f3rio-MS. Confira abaixo: Cart\u00f3rio-MS: cronograma Disciplina Hor\u00e1rio Professor Direito Constitucional 8h \u00e0s 8h45 Nelma Fontana Direito Administrativo 8h45 \u00e0s 9h30 Rodolfo Penna Direito Penal 9h30 \u00e0s 10h Michael Proc\u00f3pio Direito Processual Penal 10h \u00e0s 10h30 Michael Proc\u00f3pio [&hellip;]<\/p>\n","protected":false},"author":1,"featured_media":579735,"comment_status":"open","ping_status":"closed","sticky":false,"template":"","format":"standard","meta":{"post_tipo":"news","footnotes":""},"categories":[220016],"tags":[],"tax_estado":[219975],"class_list":["post-839083","post","type-post","status-publish","format-standard","has-post-thumbnail","hentry","category-cartorios","tax_estado-ms"],"acf":[],"yoast_head":"<!-- This site is optimized with the Yoast SEO Premium plugin v27.2 (Yoast SEO v27.2) - https:\/\/yoast.com\/product\/yoast-seo-premium-wordpress\/ -->\n<title>Cart\u00f3rio-MS: reforce sua prepara\u00e7\u00e3o com a revis\u00e3o de v\u00e9spera!<\/title>\n<meta name=\"description\" content=\"A prova do concurso Cart\u00f3rio-MS acontece no dia 22\/08\/2021, por isso acompanhe a revis\u00e3o de v\u00e9spera do certame, ao vivo e gratuitamente.\" \/>\n<meta name=\"robots\" content=\"index, follow, max-snippet:-1, max-image-preview:large, max-video-preview:-1\" \/>\n<link rel=\"canonical\" href=\"https:\/\/www.estrategiaconcursos.com.br\/blog\/cartorio-ms-revisao-de-vespera\/\" \/>\n<meta property=\"og:locale\" content=\"pt_BR\" \/>\n<meta property=\"og:type\" content=\"article\" \/>\n<meta property=\"og:title\" content=\"Cart\u00f3rio-MS: reforce sua prepara\u00e7\u00e3o com a revis\u00e3o de v\u00e9spera!\" \/>\n<meta property=\"og:description\" content=\"A prova do concurso Cart\u00f3rio-MS acontece no dia 22\/08\/2021, por isso acompanhe a revis\u00e3o de v\u00e9spera do certame, ao vivo e gratuitamente.\" \/>\n<meta property=\"og:url\" content=\"https:\/\/www.estrategiaconcursos.com.br\/blog\/cartorio-ms-revisao-de-vespera\/\" \/>\n<meta property=\"og:site_name\" content=\"Estrat\u00e9gia Concursos\" \/>\n<meta property=\"article:author\" content=\"https:\/\/www.facebook.com\/EstrategiaConcursos\" \/>\n<meta property=\"article:published_time\" content=\"2021-08-21T10:00:00+00:00\" \/>\n<meta property=\"article:modified_time\" content=\"2022-11-21T13:31:25+00:00\" \/>\n<meta property=\"og:image\" content=\"https:\/\/dhg1h5j42swfq.cloudfront.net\/2020\/09\/29110247\/CARTORIO-MS-150x150-1.jpg\" \/>\n\t<meta property=\"og:image:width\" content=\"150\" \/>\n\t<meta property=\"og:image:height\" content=\"150\" \/>\n\t<meta property=\"og:image:type\" content=\"image\/jpeg\" \/>\n<meta name=\"author\" content=\"Coordena\u00e7\u00e3o\" \/>\n<meta name=\"twitter:card\" content=\"summary_large_image\" \/>\n<meta name=\"twitter:creator\" content=\"@EstratConcursos\" \/>\n<meta name=\"twitter:site\" content=\"@EstratConcursos\" \/>\n<meta name=\"twitter:label1\" content=\"Escrito por\" \/>\n\t<meta name=\"twitter:data1\" content=\"Coordena\u00e7\u00e3o\" \/>\n\t<meta name=\"twitter:label2\" content=\"Est. tempo de leitura\" \/>\n\t<meta name=\"twitter:data2\" content=\"2 minutos\" \/>\n<script type=\"application\/ld+json\" class=\"yoast-schema-graph\">{\"@context\":\"https:\/\/schema.org\",\"@graph\":[{\"@type\":\"NewsArticle\",\"@id\":\"https:\/\/www.estrategiaconcursos.com.br\/blog\/cartorio-ms-revisao-de-vespera\/#article\",\"isPartOf\":{\"@id\":\"https:\/\/www.estrategiaconcursos.com.br\/blog\/cartorio-ms-revisao-de-vespera\/\"},\"author\":{\"name\":\"Coordena\u00e7\u00e3o\",\"@id\":\"https:\/\/www.estrategiaconcursos.com.br\/blog\/#\/schema\/person\/b4a388c97673c5f483d72185668afa1f\"},\"headline\":\"Cart\u00f3rio-MS: reforce sua prepara\u00e7\u00e3o com a revis\u00e3o de v\u00e9spera!\",\"datePublished\":\"2021-08-21T10:00:00+00:00\",\"dateModified\":\"2022-11-21T13:31:25+00:00\",\"mainEntityOfPage\":{\"@id\":\"https:\/\/www.estrategiaconcursos.com.br\/blog\/cartorio-ms-revisao-de-vespera\/\"},\"wordCount\":436,\"commentCount\":0,\"publisher\":{\"@id\":\"https:\/\/www.estrategiaconcursos.com.br\/blog\/#organization\"},\"image\":{\"@id\":\"https:\/\/www.estrategiaconcursos.com.br\/blog\/cartorio-ms-revisao-de-vespera\/#primaryimage\"},\"thumbnailUrl\":\"https:\/\/dhg1h5j42swfq.cloudfront.net\/2020\/09\/29110247\/CARTORIO-MS-150x150-1.jpg\",\"articleSection\":[\"Jur\u00eddico - Cart\u00f3rios\"],\"inLanguage\":\"pt-BR\",\"potentialAction\":[{\"@type\":\"CommentAction\",\"name\":\"Comment\",\"target\":[\"https:\/\/www.estrategiaconcursos.com.br\/blog\/cartorio-ms-revisao-de-vespera\/#respond\"]}],\"copyrightYear\":\"2021\",\"copyrightHolder\":{\"@id\":\"https:\/\/www.estrategiaconcursos.com.br\/blog\/#organization\"}},{\"@type\":\"WebPage\",\"@id\":\"https:\/\/www.estrategiaconcursos.com.br\/blog\/cartorio-ms-revisao-de-vespera\/\",\"url\":\"https:\/\/www.estrategiaconcursos.com.br\/blog\/cartorio-ms-revisao-de-vespera\/\",\"name\":\"Cart\u00f3rio-MS: reforce sua prepara\u00e7\u00e3o com a revis\u00e3o de v\u00e9spera!\",\"isPartOf\":{\"@id\":\"https:\/\/www.estrategiaconcursos.com.br\/blog\/#website\"},\"primaryImageOfPage\":{\"@id\":\"https:\/\/www.estrategiaconcursos.com.br\/blog\/cartorio-ms-revisao-de-vespera\/#primaryimage\"},\"image\":{\"@id\":\"https:\/\/www.estrategiaconcursos.com.br\/blog\/cartorio-ms-revisao-de-vespera\/#primaryimage\"},\"thumbnailUrl\":\"https:\/\/dhg1h5j42swfq.cloudfront.net\/2020\/09\/29110247\/CARTORIO-MS-150x150-1.jpg\",\"datePublished\":\"2021-08-21T10:00:00+00:00\",\"dateModified\":\"2022-11-21T13:31:25+00:00\",\"description\":\"A prova do concurso Cart\u00f3rio-MS acontece no dia 22\/08\/2021, por isso acompanhe a revis\u00e3o de v\u00e9spera do certame, ao vivo e gratuitamente.\",\"breadcrumb\":{\"@id\":\"https:\/\/www.estrategiaconcursos.com.br\/blog\/cartorio-ms-revisao-de-vespera\/#breadcrumb\"},\"inLanguage\":\"pt-BR\",\"potentialAction\":[{\"@type\":\"ReadAction\",\"target\":[\"https:\/\/www.estrategiaconcursos.com.br\/blog\/cartorio-ms-revisao-de-vespera\/\"]}]},{\"@type\":\"ImageObject\",\"inLanguage\":\"pt-BR\",\"@id\":\"https:\/\/www.estrategiaconcursos.com.br\/blog\/cartorio-ms-revisao-de-vespera\/#primaryimage\",\"url\":\"https:\/\/dhg1h5j42swfq.cloudfront.net\/2020\/09\/29110247\/CARTORIO-MS-150x150-1.jpg\",\"contentUrl\":\"https:\/\/dhg1h5j42swfq.cloudfront.net\/2020\/09\/29110247\/CARTORIO-MS-150x150-1.jpg\",\"width\":150,\"height\":150,\"caption\":\"Sele\u00e7\u00e3o Cart\u00f3rios MS\"},{\"@type\":\"BreadcrumbList\",\"@id\":\"https:\/\/www.estrategiaconcursos.com.br\/blog\/cartorio-ms-revisao-de-vespera\/#breadcrumb\",\"itemListElement\":[{\"@type\":\"ListItem\",\"position\":1,\"name\":\"In\u00edcio\",\"item\":\"https:\/\/www.estrategiaconcursos.com.br\/blog\/\"},{\"@type\":\"ListItem\",\"position\":2,\"name\":\"Cart\u00f3rio-MS: reforce sua prepara\u00e7\u00e3o com a revis\u00e3o de v\u00e9spera!\"}]},{\"@type\":\"WebSite\",\"@id\":\"https:\/\/www.estrategiaconcursos.com.br\/blog\/#website\",\"url\":\"https:\/\/www.estrategiaconcursos.com.br\/blog\/\",\"name\":\"Estrat\u00e9gia Concursos\",\"description\":\"O blog da Estrat\u00e9gia Concursos traz not\u00edcias sobre concursos e artigos de professores oferecendo cursos para concursos (pdf + videaulas) no site.\",\"publisher\":{\"@id\":\"https:\/\/www.estrategiaconcursos.com.br\/blog\/#organization\"},\"potentialAction\":[{\"@type\":\"SearchAction\",\"target\":{\"@type\":\"EntryPoint\",\"urlTemplate\":\"https:\/\/www.estrategiaconcursos.com.br\/blog\/?s={search_term_string}\"},\"query-input\":{\"@type\":\"PropertyValueSpecification\",\"valueRequired\":true,\"valueName\":\"search_term_string\"}}],\"inLanguage\":\"pt-BR\"},{\"@type\":\"Organization\",\"@id\":\"https:\/\/www.estrategiaconcursos.com.br\/blog\/#organization\",\"name\":\"Estrat\u00e9gia Concursos\",\"url\":\"https:\/\/www.estrategiaconcursos.com.br\/blog\/\",\"logo\":{\"@type\":\"ImageObject\",\"inLanguage\":\"pt-BR\",\"@id\":\"https:\/\/www.estrategiaconcursos.com.br\/blog\/#\/schema\/logo\/image\/\",\"url\":\"https:\/\/dhg1h5j42swfq.cloudfront.net\/2025\/06\/03203428\/logo_concursos-1.jpg\",\"contentUrl\":\"https:\/\/dhg1h5j42swfq.cloudfront.net\/2025\/06\/03203428\/logo_concursos-1.jpg\",\"width\":230,\"height\":60,\"caption\":\"Estrat\u00e9gia Concursos\"},\"image\":{\"@id\":\"https:\/\/www.estrategiaconcursos.com.br\/blog\/#\/schema\/logo\/image\/\"},\"sameAs\":[\"https:\/\/x.com\/EstratConcursos\"]},{\"@type\":\"Person\",\"@id\":\"https:\/\/www.estrategiaconcursos.com.br\/blog\/#\/schema\/person\/b4a388c97673c5f483d72185668afa1f\",\"name\":\"Coordena\u00e7\u00e3o\",\"image\":{\"@type\":\"ImageObject\",\"inLanguage\":\"pt-BR\",\"@id\":\"https:\/\/secure.gravatar.com\/avatar\/b720319e4c9a967eb58678d110f4fe35452fc5d5f97b202bac7b8acceb18c6ad?s=96&d=mm&r=g\",\"url\":\"https:\/\/secure.gravatar.com\/avatar\/b720319e4c9a967eb58678d110f4fe35452fc5d5f97b202bac7b8acceb18c6ad?s=96&d=mm&r=g\",\"contentUrl\":\"https:\/\/secure.gravatar.com\/avatar\/b720319e4c9a967eb58678d110f4fe35452fc5d5f97b202bac7b8acceb18c6ad?s=96&d=mm&r=g\",\"caption\":\"Coordena\u00e7\u00e3o\"},\"sameAs\":[\"https:\/\/www.facebook.com\/EstrategiaConcursos\",\"https:\/\/x.com\/EstratConcursos\"],\"url\":\"https:\/\/www.estrategiaconcursos.com.br\/blog\/author\/estrategia2013\/\"}]}<\/script>\n<!-- \/ Yoast SEO Premium plugin. -->","yoast_head_json":{"title":"Cart\u00f3rio-MS: reforce sua prepara\u00e7\u00e3o com a revis\u00e3o de v\u00e9spera!","description":"A prova do concurso Cart\u00f3rio-MS acontece no dia 22\/08\/2021, por isso acompanhe a revis\u00e3o de v\u00e9spera do certame, ao vivo e gratuitamente.","robots":{"index":"index","follow":"follow","max-snippet":"max-snippet:-1","max-image-preview":"max-image-preview:large","max-video-preview":"max-video-preview:-1"},"canonical":"https:\/\/www.estrategiaconcursos.com.br\/blog\/cartorio-ms-revisao-de-vespera\/","og_locale":"pt_BR","og_type":"article","og_title":"Cart\u00f3rio-MS: reforce sua prepara\u00e7\u00e3o com a revis\u00e3o de v\u00e9spera!","og_description":"A prova do concurso Cart\u00f3rio-MS acontece no dia 22\/08\/2021, por isso acompanhe a revis\u00e3o de v\u00e9spera do certame, ao vivo e gratuitamente.","og_url":"https:\/\/www.estrategiaconcursos.com.br\/blog\/cartorio-ms-revisao-de-vespera\/","og_site_name":"Estrat\u00e9gia Concursos","article_author":"https:\/\/www.facebook.com\/EstrategiaConcursos","article_published_time":"2021-08-21T10:00:00+00:00","article_modified_time":"2022-11-21T13:31:25+00:00","og_image":[{"width":150,"height":150,"url":"https:\/\/dhg1h5j42swfq.cloudfront.net\/2020\/09\/29110247\/CARTORIO-MS-150x150-1.jpg","type":"image\/jpeg"}],"author":"Coordena\u00e7\u00e3o","twitter_card":"summary_large_image","twitter_creator":"@EstratConcursos","twitter_site":"@EstratConcursos","twitter_misc":{"Escrito por":"Coordena\u00e7\u00e3o","Est. tempo de leitura":"2 minutos"},"schema":{"@context":"https:\/\/schema.org","@graph":[{"@type":"NewsArticle","@id":"https:\/\/www.estrategiaconcursos.com.br\/blog\/cartorio-ms-revisao-de-vespera\/#article","isPartOf":{"@id":"https:\/\/www.estrategiaconcursos.com.br\/blog\/cartorio-ms-revisao-de-vespera\/"},"author":{"name":"Coordena\u00e7\u00e3o","@id":"https:\/\/www.estrategiaconcursos.com.br\/blog\/#\/schema\/person\/b4a388c97673c5f483d72185668afa1f"},"headline":"Cart\u00f3rio-MS: reforce sua prepara\u00e7\u00e3o com a revis\u00e3o de v\u00e9spera!","datePublished":"2021-08-21T10:00:00+00:00","dateModified":"2022-11-21T13:31:25+00:00","mainEntityOfPage":{"@id":"https:\/\/www.estrategiaconcursos.com.br\/blog\/cartorio-ms-revisao-de-vespera\/"},"wordCount":436,"commentCount":0,"publisher":{"@id":"https:\/\/www.estrategiaconcursos.com.br\/blog\/#organization"},"image":{"@id":"https:\/\/www.estrategiaconcursos.com.br\/blog\/cartorio-ms-revisao-de-vespera\/#primaryimage"},"thumbnailUrl":"https:\/\/dhg1h5j42swfq.cloudfront.net\/2020\/09\/29110247\/CARTORIO-MS-150x150-1.jpg","articleSection":["Jur\u00eddico - Cart\u00f3rios"],"inLanguage":"pt-BR","potentialAction":[{"@type":"CommentAction","name":"Comment","target":["https:\/\/www.estrategiaconcursos.com.br\/blog\/cartorio-ms-revisao-de-vespera\/#respond"]}],"copyrightYear":"2021","copyrightHolder":{"@id":"https:\/\/www.estrategiaconcursos.com.br\/blog\/#organization"}},{"@type":"WebPage","@id":"https:\/\/www.estrategiaconcursos.com.br\/blog\/cartorio-ms-revisao-de-vespera\/","url":"https:\/\/www.estrategiaconcursos.com.br\/blog\/cartorio-ms-revisao-de-vespera\/","name":"Cart\u00f3rio-MS: reforce sua prepara\u00e7\u00e3o com a revis\u00e3o de v\u00e9spera!","isPartOf":{"@id":"https:\/\/www.estrategiaconcursos.com.br\/blog\/#website"},"primaryImageOfPage":{"@id":"https:\/\/www.estrategiaconcursos.com.br\/blog\/cartorio-ms-revisao-de-vespera\/#primaryimage"},"image":{"@id":"https:\/\/www.estrategiaconcursos.com.br\/blog\/cartorio-ms-revisao-de-vespera\/#primaryimage"},"thumbnailUrl":"https:\/\/dhg1h5j42swfq.cloudfront.net\/2020\/09\/29110247\/CARTORIO-MS-150x150-1.jpg","datePublished":"2021-08-21T10:00:00+00:00","dateModified":"2022-11-21T13:31:25+00:00","description":"A prova do concurso Cart\u00f3rio-MS acontece no dia 22\/08\/2021, por isso acompanhe a revis\u00e3o de v\u00e9spera do certame, ao vivo e gratuitamente.","breadcrumb":{"@id":"https:\/\/www.estrategiaconcursos.com.br\/blog\/cartorio-ms-revisao-de-vespera\/#breadcrumb"},"inLanguage":"pt-BR","potentialAction":[{"@type":"ReadAction","target":["https:\/\/www.estrategiaconcursos.com.br\/blog\/cartorio-ms-revisao-de-vespera\/"]}]},{"@type":"ImageObject","inLanguage":"pt-BR","@id":"https:\/\/www.estrategiaconcursos.com.br\/blog\/cartorio-ms-revisao-de-vespera\/#primaryimage","url":"https:\/\/dhg1h5j42swfq.cloudfront.net\/2020\/09\/29110247\/CARTORIO-MS-150x150-1.jpg","contentUrl":"https:\/\/dhg1h5j42swfq.cloudfront.net\/2020\/09\/29110247\/CARTORIO-MS-150x150-1.jpg","width":150,"height":150,"caption":"Sele\u00e7\u00e3o Cart\u00f3rios MS"},{"@type":"BreadcrumbList","@id":"https:\/\/www.estrategiaconcursos.com.br\/blog\/cartorio-ms-revisao-de-vespera\/#breadcrumb","itemListElement":[{"@type":"ListItem","position":1,"name":"In\u00edcio","item":"https:\/\/www.estrategiaconcursos.com.br\/blog\/"},{"@type":"ListItem","position":2,"name":"Cart\u00f3rio-MS: reforce sua prepara\u00e7\u00e3o com a revis\u00e3o de v\u00e9spera!"}]},{"@type":"WebSite","@id":"https:\/\/www.estrategiaconcursos.com.br\/blog\/#website","url":"https:\/\/www.estrategiaconcursos.com.br\/blog\/","name":"Estrat\u00e9gia Concursos","description":"O blog da Estrat\u00e9gia Concursos traz not\u00edcias sobre concursos e artigos de professores oferecendo cursos para concursos (pdf + videaulas) no site.","publisher":{"@id":"https:\/\/www.estrategiaconcursos.com.br\/blog\/#organization"},"potentialAction":[{"@type":"SearchAction","target":{"@type":"EntryPoint","urlTemplate":"https:\/\/www.estrategiaconcursos.com.br\/blog\/?s={search_term_string}"},"query-input":{"@type":"PropertyValueSpecification","valueRequired":true,"valueName":"search_term_string"}}],"inLanguage":"pt-BR"},{"@type":"Organization","@id":"https:\/\/www.estrategiaconcursos.com.br\/blog\/#organization","name":"Estrat\u00e9gia Concursos","url":"https:\/\/www.estrategiaconcursos.com.br\/blog\/","logo":{"@type":"ImageObject","inLanguage":"pt-BR","@id":"https:\/\/www.estrategiaconcursos.com.br\/blog\/#\/schema\/logo\/image\/","url":"https:\/\/dhg1h5j42swfq.cloudfront.net\/2025\/06\/03203428\/logo_concursos-1.jpg","contentUrl":"https:\/\/dhg1h5j42swfq.cloudfront.net\/2025\/06\/03203428\/logo_concursos-1.jpg","width":230,"height":60,"caption":"Estrat\u00e9gia Concursos"},"image":{"@id":"https:\/\/www.estrategiaconcursos.com.br\/blog\/#\/schema\/logo\/image\/"},"sameAs":["https:\/\/x.com\/EstratConcursos"]},{"@type":"Person","@id":"https:\/\/www.estrategiaconcursos.com.br\/blog\/#\/schema\/person\/b4a388c97673c5f483d72185668afa1f","name":"Coordena\u00e7\u00e3o","image":{"@type":"ImageObject","inLanguage":"pt-BR","@id":"https:\/\/secure.gravatar.com\/avatar\/b720319e4c9a967eb58678d110f4fe35452fc5d5f97b202bac7b8acceb18c6ad?s=96&d=mm&r=g","url":"https:\/\/secure.gravatar.com\/avatar\/b720319e4c9a967eb58678d110f4fe35452fc5d5f97b202bac7b8acceb18c6ad?s=96&d=mm&r=g","contentUrl":"https:\/\/secure.gravatar.com\/avatar\/b720319e4c9a967eb58678d110f4fe35452fc5d5f97b202bac7b8acceb18c6ad?s=96&d=mm&r=g","caption":"Coordena\u00e7\u00e3o"},"sameAs":["https:\/\/www.facebook.com\/EstrategiaConcursos","https:\/\/x.com\/EstratConcursos"],"url":"https:\/\/www.estrategiaconcursos.com.br\/blog\/author\/estrategia2013\/"}]}},"_links":{"self":[{"href":"https:\/\/www.estrategiaconcursos.com.br\/blog\/wp-json\/wp\/v2\/posts\/839083","targetHints":{"allow":["GET"]}}],"collection":[{"href":"https:\/\/www.estrategiaconcursos.com.br\/blog\/wp-json\/wp\/v2\/posts"}],"about":[{"href":"https:\/\/www.estrategiaconcursos.com.br\/blog\/wp-json\/wp\/v2\/types\/post"}],"author":[{"embeddable":true,"href":"https:\/\/www.estrategiaconcursos.com.br\/blog\/wp-json\/wp\/v2\/users\/1"}],"replies":[{"embeddable":true,"href":"https:\/\/www.estrategiaconcursos.com.br\/blog\/wp-json\/wp\/v2\/comments?post=839083"}],"version-history":[{"count":6,"href":"https:\/\/www.estrategiaconcursos.com.br\/blog\/wp-json\/wp\/v2\/posts\/839083\/revisions"}],"predecessor-version":[{"id":1126844,"href":"https:\/\/www.estrategiaconcursos.com.br\/blog\/wp-json\/wp\/v2\/posts\/839083\/revisions\/1126844"}],"wp:featuredmedia":[{"embeddable":true,"href":"https:\/\/www.estrategiaconcursos.com.br\/blog\/wp-json\/wp\/v2\/media\/579735"}],"wp:attachment":[{"href":"https:\/\/www.estrategiaconcursos.com.br\/blog\/wp-json\/wp\/v2\/media?parent=839083"}],"wp:term":[{"taxonomy":"category","embeddable":true,"href":"https:\/\/www.estrategiaconcursos.com.br\/blog\/wp-json\/wp\/v2\/categories?post=839083"},{"taxonomy":"post_tag","embeddable":true,"href":"https:\/\/www.estrategiaconcursos.com.br\/blog\/wp-json\/wp\/v2\/tags?post=839083"},{"taxonomy":"tax_estado","embeddable":true,"href":"https:\/\/www.estrategiaconcursos.com.br\/blog\/wp-json\/wp\/v2\/tax_estado?post=839083"}],"curies":[{"name":"wp","href":"https:\/\/api.w.org\/{rel}","templated":true}]}}