{"id":838630,"date":"2021-08-17T16:09:15","date_gmt":"2021-08-17T19:09:15","guid":{"rendered":"https:\/\/www.estrategiaconcursos.com.br\/blog\/?p=838630"},"modified":"2021-08-19T16:10:26","modified_gmt":"2021-08-19T19:10:26","slug":"concurso-sefaz-mt-cargos-vagos","status":"publish","type":"post","link":"https:\/\/www.estrategiaconcursos.com.br\/blog\/concurso-sefaz-mt-cargos-vagos\/","title":{"rendered":"Concurso Sefaz MT: confira a situa\u00e7\u00e3o atual de cargos vagos"},"content":{"rendered":"\n<p>Recentemente, o secret\u00e1rio da<strong><em> Sefaz MT<\/em><\/strong>, Rog\u00e9rio Gallo, anunciou a poss\u00edvel realiza\u00e7\u00e3o de um<strong> novo concurso p\u00fablico<\/strong> no fisco Mato-grossense.<\/p>\n\n\n\n<p>Segundo Rog\u00e9rio, a sele\u00e7\u00e3o, prevista at\u00e9 2022, deve comtemplar vagas para <strong>Fiscais de Tributos Estaduais<\/strong>, cargo de n\u00edvel superior. <\/p>\n\n\n\n<p>Essa \u00e9 uma excelente not\u00edcia, visto que o<strong> \u00faltimo certame<\/strong> para efetivos aconteceu<strong> h\u00e1 12 anos, em 2008<\/strong>. Desde ent\u00e3o, o \u00f3rg\u00e3o sofre com as vac\u00e2ncias geradas por aposentadorias.<\/p>\n\n\n\n<p>Segundo dados recentes, relativos ao <strong>terceiro trimestre de 2021 <\/strong>(maio, junho e julho), a Sefaz MT possui<strong> 583 cargos vagos <\/strong>na carreira de Tributa\u00e7\u00e3o, Arrecada\u00e7\u00e3o e Fiscaliza\u00e7\u00e3o.<\/p>\n\n\n\n<p>A informa\u00e7\u00e3o foi disponibilizada no <a href=\"https:\/\/www.iomat.mt.gov.br\/\" target=\"_blank\" rel=\"noreferrer noopener\">Di\u00e1rio Oficial do Mato Grosso<\/a>, em julho. Confira a rela\u00e7\u00e3o completa no quadro abaixo:<\/p>\n\n\n\n<h3 class=\"wp-block-heading\" id=\"h-concurso-sefaz-mt-cargos-vagos-no-rg-o\">Concurso Sefaz MT: cargos vagos no \u00f3rg\u00e3o:<\/h3>\n\n\n\n<div class=\"wp-block-image\"><figure class=\"aligncenter size-large\"><img loading=\"lazy\" decoding=\"async\" width=\"918\" height=\"260\" src=\"https:\/\/dhg1h5j42swfq.cloudfront.net\/2021\/08\/17155134\/image-337.png\" alt=\"Concurso Sefaz MT: confira a situa\u00e7\u00e3o atual de cargos vagos\" class=\"wp-image-838651\" srcset=\"https:\/\/dhg1h5j42swfq.cloudfront.net\/2021\/08\/17155134\/image-337.png 918w, https:\/\/dhg1h5j42swfq.cloudfront.net\/2021\/08\/17155134\/image-337-300x85.png 300w, https:\/\/dhg1h5j42swfq.cloudfront.net\/2021\/08\/17155134\/image-337-768x218.png 768w, https:\/\/dhg1h5j42swfq.cloudfront.net\/2021\/08\/17155134\/image-337-610x173.png 610w\" sizes=\"auto, (max-width: 918px) 100vw, 918px\" \/><figcaption><strong>Cargos vagos na Sefaz MT no 3\u00ba trimestre de 2021<\/strong><\/figcaption><\/figure><\/div>\n\n\n\n<p>Apesar do anuncio do secret\u00e1rio mencionar o cargo de Fiscal de Tributos Estaduais (FTE), esse n\u00e3o \u00e9 o que possui o maior d\u00e9ficit no momento. <\/p>\n\n\n\n<p>Conforme o quadro acima, o cargo de Agente de Fiscaliza\u00e7\u00e3o e Arrecada\u00e7\u00e3o de Tributos Estaduais (AFATE), tem <strong>mais de 570 vagas livres<\/strong>.<\/p>\n\n\n\n<p>Al\u00e9m disso, segundo esse mesmo relat\u00f3rio,<strong> 92 servidores <\/strong>de outras pastas est\u00e3o <strong>cedidos <\/strong>para a Sefaz MT. S\u00e3o eles:<\/p>\n\n\n\n<div class=\"wp-block-image\"><figure class=\"aligncenter size-large is-resized\"><img loading=\"lazy\" decoding=\"async\" src=\"https:\/\/dhg1h5j42swfq.cloudfront.net\/2021\/08\/17160401\/image-339.png\" alt=\"Servidores cedidos \u00e0 Sefaz MT no 3\u00ba trimestre de 2021.\" class=\"wp-image-838662\" width=\"776\" height=\"481\" srcset=\"https:\/\/dhg1h5j42swfq.cloudfront.net\/2021\/08\/17160401\/image-339.png 921w, https:\/\/dhg1h5j42swfq.cloudfront.net\/2021\/08\/17160401\/image-339-300x186.png 300w, https:\/\/dhg1h5j42swfq.cloudfront.net\/2021\/08\/17160401\/image-339-768x477.png 768w, https:\/\/dhg1h5j42swfq.cloudfront.net\/2021\/08\/17160401\/image-339-610x379.png 610w\" sizes=\"auto, (max-width: 776px) 100vw, 776px\" \/><figcaption><strong>Servidores cedidos \u00e0 Sefaz MT<\/strong><\/figcaption><\/figure><\/div>\n\n\n\n<h3 class=\"wp-block-heading\" id=\"h-cargo-em-extin-o\">Cargo em extin\u00e7\u00e3o<\/h3>\n\n\n\n<p>Conforme informado pela Ouvidoria estadual, o cargo de Agente de Tributos Estaduais foi declarado extinto por decis\u00e3o do Supremo Tribunal Federal na <a href=\"https:\/\/stf.jusbrasil.com.br\/jurisprudencia\/865386554\/acao-direta-de-inconstitucionalidade-adi-3199-mt-mato-grosso-0001519-8220041000000\/inteiro-teor-865386564?ref=serp\" target=\"_blank\" rel=\"noreferrer noopener\">ADI n\u00ba 3199<\/a>.&nbsp;<\/p>\n\n\n\n<p class=\"has-text-align-center\"><em>Quer ficar por dentro de todas as informa\u00e7\u00f5es sobre o concurso da Sefaz MT (cargos vagos, \u00faltimo concurso, sal\u00e1rio&#8230;)? Ent\u00e3o n\u00e3o deixe de conferir nosso artigo completo:<\/em><\/p>\n\n\n\n<p class=\"has-text-align-center has-luminous-vivid-amber-background-color has-background has-medium-font-size\"><strong>Mais informa\u00e7\u00f5es: <a href=\"https:\/\/www.estrategiaconcursos.com.br\/blog\/concurso-sefaz-mt\/\" target=\"_blank\" rel=\"noreferrer noopener\">Concurso Secretaria da Fazenda MT<\/a><\/strong><\/p>\n\n\n\n<hr class=\"wp-block-separator\"\/>\n\n\n\n<h2 class=\"has-text-align-center wp-block-heading\" id=\"assinatura-e-cursos\"><em>Quer estudar para o concurso Sefaz MT?<\/em><\/h2>\n\n\n\n<div class=\"container\" id=\"boxes\">\n  <div class=\"row\">\n\n    <div class=\"col-sm\">\n      <div class=\"banner-fiscal-01\" id=\"box-assinatura\">\n        <h3 class=\"titulo-assinatura\">Carreiras Fiscais<\/h3>\n        <p class=\"subtitulo-assinatura\">Conhe\u00e7a os cursos para Sefaz MT<\/p>\n        <div class=\"box-botao\">\n          <a class=\"btn-assinatura\" target=\"_blank\" href=\"https:\/\/www.estrategiaconcursos.com.br\/cursosPorConcurso\/secretaria-da-fazenda-do-mato-grosso-sefaz-mt\/\" role=\"button\" rel=\"noopener noreferrer\">Conhe\u00e7a mais<\/a>\n        <\/div>\n      <\/div>\n     \n    <\/div>\n\n  <\/div>\n<\/div>\n\n\n\n<div class=\"container\" id=\"boxes\">\n  <div class=\"row\">\n\n    <div class=\"col-sm\">\n      <div class=\"estrategia\" id=\"box-assinatura\">\n        <h3 class=\"titulo-assinatura\">Assinatura Concursos<\/h3>\n        <p class=\"subtitulo-assinatura\">Assinatura de 1 ano ou 2 anos<\/p>\n        <div class=\"box-botao\">\n          <a class=\"btn-assinatura\" target=\"_blank\" href=\"https:\/\/www.estrategiaconcursos.com.br\/assinaturas\/\" role=\"button\" rel=\"noopener noreferrer\">ASSINE AGORA<\/a>\n        <\/div>\n      <\/div><\/div><\/div><\/div>\n\n\n\n<div class=\"container\" id=\"boxes\">\n  <div class=\"row\">\n\n    <div class=\"col-sm\" id=\"boxes-concursos\">\n      <div style=\"background-color: #005DAD;\" class=\"conteudo-concursos\" id=\"box-concursos\">\n        <h3 class=\"titulo-assinatura\">Concursos Abertos<\/h3>\n        <p class=\"subtitulo-assinatura\">Confira os editais publicados<\/p>\n        <div class=\"box-botao\">\n          <a class=\"btn-assinatura\" target=\"_blank\" href=\"https:\/\/www.estrategiaconcursos.com.br\/blog\/concursos-abertos\/\" role=\"button\" rel=\"noopener noreferrer\">Conhe\u00e7a Agora<\/a>\n        <\/div>\n      <\/div>\n    <\/div>\n\n    <div class=\"col-sm\" id=\"boxes-concursos\">\n      <div style=\"background-color: #1A7ED5;\" class=\"conteudo-concursos\" id=\"box-concursos\">\n        <h3 class=\"titulo-assinatura\">Concursos 2021<\/h3>\n        <p class=\"subtitulo-assinatura\">As oportunidades previstas<\/p>\n        <div class=\"box-botao\">\n          <a class=\"btn-assinatura\" target=\"_blank\" href=\"https:\/\/www.estrategiaconcursos.com.br\/blog\/concursos-2021\/\" role=\"button\" rel=\"noopener noreferrer\">Conhe\u00e7a Agora<\/a>\n        <\/div>\n      <\/div>\n    <\/div>\n\n    <div class=\"col-sm\" id=\"boxes-concursos\">\n      <div style=\"background-color: #419FF0;\" class=\"conteudo-concursos\" id=\"box-concursos\">\n        <h3 class=\"titulo-assinatura\">Concursos 2022<\/h3>\n        <p class=\"subtitulo-assinatura\">Vagas para o pr\u00f3ximo ano<\/p>\n        <div class=\"box-botao\">\n          <a class=\"btn-assinatura\" target=\"_blank\" href=\"https:\/\/www.estrategiaconcursos.com.br\/blog\/concursos-2022\/\" role=\"button\" rel=\"noopener noreferrer\">Conhe\u00e7a Agora<\/a>\n        <\/div>\n      <\/div>\n    <\/div>\n\n  <\/div>\n<\/div>\n","protected":false},"excerpt":{"rendered":"<p>Recentemente, o secret\u00e1rio da Sefaz MT, Rog\u00e9rio Gallo, anunciou a poss\u00edvel realiza\u00e7\u00e3o de um novo concurso p\u00fablico no fisco Mato-grossense. Segundo Rog\u00e9rio, a sele\u00e7\u00e3o, prevista at\u00e9 2022, deve comtemplar vagas para Fiscais de Tributos Estaduais, cargo de n\u00edvel superior. Essa \u00e9 uma excelente not\u00edcia, visto que o \u00faltimo certame para efetivos aconteceu h\u00e1 12 anos, [&hellip;]<\/p>\n","protected":false},"author":659,"featured_media":834647,"comment_status":"open","ping_status":"closed","sticky":false,"template":"","format":"standard","meta":{"post_tipo":"news","footnotes":""},"categories":[1983,220219],"tags":[],"tax_estado":[219976],"class_list":["post-838630","post","type-post","status-publish","format-standard","has-post-thumbnail","hentry","category-fiscal-estadual","category-noticias","tax_estado-mt"],"acf":[],"yoast_head":"<!-- This site is optimized with the Yoast SEO Premium plugin v27.2 (Yoast SEO v27.2) - https:\/\/yoast.com\/product\/yoast-seo-premium-wordpress\/ -->\n<title>Concurso Sefaz MT: confira a situa\u00e7\u00e3o atual de cargos vagos<\/title>\n<meta name=\"description\" content=\"Concurso Sefaz MT: sem realizar concurso h\u00e1 12 anos, desde 2008, confira como est\u00e1 a situa\u00e7\u00e3o de cargos vagos e ocupados no \u00f3rg\u00e3o.\" \/>\n<meta name=\"robots\" content=\"index, follow, max-snippet:-1, max-image-preview:large, max-video-preview:-1\" \/>\n<link rel=\"canonical\" href=\"https:\/\/www.estrategiaconcursos.com.br\/blog\/concurso-sefaz-mt-cargos-vagos\/\" \/>\n<meta property=\"og:locale\" content=\"pt_BR\" \/>\n<meta property=\"og:type\" content=\"article\" \/>\n<meta property=\"og:title\" content=\"Concurso Sefaz MT: confira a situa\u00e7\u00e3o atual de cargos vagos\" \/>\n<meta property=\"og:description\" content=\"Concurso Sefaz MT: sem realizar concurso h\u00e1 12 anos, desde 2008, confira como est\u00e1 a situa\u00e7\u00e3o de cargos vagos e ocupados no \u00f3rg\u00e3o.\" \/>\n<meta property=\"og:url\" content=\"https:\/\/www.estrategiaconcursos.com.br\/blog\/concurso-sefaz-mt-cargos-vagos\/\" \/>\n<meta property=\"og:site_name\" content=\"Estrat\u00e9gia Concursos\" \/>\n<meta property=\"article:published_time\" content=\"2021-08-17T19:09:15+00:00\" \/>\n<meta property=\"article:modified_time\" content=\"2021-08-19T19:10:26+00:00\" \/>\n<meta property=\"og:image\" content=\"https:\/\/dhg1h5j42swfq.cloudfront.net\/2021\/08\/12152153\/sefaz-mt-1.jpg\" \/>\n\t<meta property=\"og:image:width\" content=\"769\" \/>\n\t<meta property=\"og:image:height\" content=\"434\" \/>\n\t<meta property=\"og:image:type\" content=\"image\/jpeg\" \/>\n<meta name=\"author\" content=\"Camila Leite\" \/>\n<meta name=\"twitter:card\" content=\"summary_large_image\" \/>\n<meta name=\"twitter:creator\" content=\"@EstratConcursos\" \/>\n<meta name=\"twitter:site\" content=\"@EstratConcursos\" \/>\n<meta name=\"twitter:label1\" content=\"Escrito por\" \/>\n\t<meta name=\"twitter:data1\" content=\"Camila Leite\" \/>\n\t<meta name=\"twitter:label2\" content=\"Est. tempo de leitura\" \/>\n\t<meta name=\"twitter:data2\" content=\"2 minutos\" \/>\n<script type=\"application\/ld+json\" class=\"yoast-schema-graph\">{\"@context\":\"https:\/\/schema.org\",\"@graph\":[{\"@type\":\"NewsArticle\",\"@id\":\"https:\/\/www.estrategiaconcursos.com.br\/blog\/concurso-sefaz-mt-cargos-vagos\/#article\",\"isPartOf\":{\"@id\":\"https:\/\/www.estrategiaconcursos.com.br\/blog\/concurso-sefaz-mt-cargos-vagos\/\"},\"author\":{\"name\":\"Camila Leite\",\"@id\":\"https:\/\/www.estrategiaconcursos.com.br\/blog\/#\/schema\/person\/84ecdc6eb58d3cf1689bf76c5cd8fb38\"},\"headline\":\"Concurso Sefaz MT: confira a situa\u00e7\u00e3o atual de cargos vagos\",\"datePublished\":\"2021-08-17T19:09:15+00:00\",\"dateModified\":\"2021-08-19T19:10:26+00:00\",\"mainEntityOfPage\":{\"@id\":\"https:\/\/www.estrategiaconcursos.com.br\/blog\/concurso-sefaz-mt-cargos-vagos\/\"},\"wordCount\":352,\"commentCount\":0,\"publisher\":{\"@id\":\"https:\/\/www.estrategiaconcursos.com.br\/blog\/#organization\"},\"image\":{\"@id\":\"https:\/\/www.estrategiaconcursos.com.br\/blog\/concurso-sefaz-mt-cargos-vagos\/#primaryimage\"},\"thumbnailUrl\":\"https:\/\/dhg1h5j42swfq.cloudfront.net\/2021\/08\/12152153\/sefaz-mt-1.jpg\",\"articleSection\":[\"Fiscal - Estadual (ICMS)\",\"\u00daltimas not\u00edcias\"],\"inLanguage\":\"pt-BR\",\"potentialAction\":[{\"@type\":\"CommentAction\",\"name\":\"Comment\",\"target\":[\"https:\/\/www.estrategiaconcursos.com.br\/blog\/concurso-sefaz-mt-cargos-vagos\/#respond\"]}],\"copyrightYear\":\"2021\",\"copyrightHolder\":{\"@id\":\"https:\/\/www.estrategiaconcursos.com.br\/blog\/#organization\"}},{\"@type\":\"WebPage\",\"@id\":\"https:\/\/www.estrategiaconcursos.com.br\/blog\/concurso-sefaz-mt-cargos-vagos\/\",\"url\":\"https:\/\/www.estrategiaconcursos.com.br\/blog\/concurso-sefaz-mt-cargos-vagos\/\",\"name\":\"Concurso Sefaz MT: confira a situa\u00e7\u00e3o atual de cargos vagos\",\"isPartOf\":{\"@id\":\"https:\/\/www.estrategiaconcursos.com.br\/blog\/#website\"},\"primaryImageOfPage\":{\"@id\":\"https:\/\/www.estrategiaconcursos.com.br\/blog\/concurso-sefaz-mt-cargos-vagos\/#primaryimage\"},\"image\":{\"@id\":\"https:\/\/www.estrategiaconcursos.com.br\/blog\/concurso-sefaz-mt-cargos-vagos\/#primaryimage\"},\"thumbnailUrl\":\"https:\/\/dhg1h5j42swfq.cloudfront.net\/2021\/08\/12152153\/sefaz-mt-1.jpg\",\"datePublished\":\"2021-08-17T19:09:15+00:00\",\"dateModified\":\"2021-08-19T19:10:26+00:00\",\"description\":\"Concurso Sefaz MT: sem realizar concurso h\u00e1 12 anos, desde 2008, confira como est\u00e1 a situa\u00e7\u00e3o de cargos vagos e ocupados no \u00f3rg\u00e3o.\",\"breadcrumb\":{\"@id\":\"https:\/\/www.estrategiaconcursos.com.br\/blog\/concurso-sefaz-mt-cargos-vagos\/#breadcrumb\"},\"inLanguage\":\"pt-BR\",\"potentialAction\":[{\"@type\":\"ReadAction\",\"target\":[\"https:\/\/www.estrategiaconcursos.com.br\/blog\/concurso-sefaz-mt-cargos-vagos\/\"]}]},{\"@type\":\"ImageObject\",\"inLanguage\":\"pt-BR\",\"@id\":\"https:\/\/www.estrategiaconcursos.com.br\/blog\/concurso-sefaz-mt-cargos-vagos\/#primaryimage\",\"url\":\"https:\/\/dhg1h5j42swfq.cloudfront.net\/2021\/08\/12152153\/sefaz-mt-1.jpg\",\"contentUrl\":\"https:\/\/dhg1h5j42swfq.cloudfront.net\/2021\/08\/12152153\/sefaz-mt-1.jpg\",\"width\":769,\"height\":434,\"caption\":\"Inscri\u00e7\u00f5es concurso sefaz mt\"},{\"@type\":\"BreadcrumbList\",\"@id\":\"https:\/\/www.estrategiaconcursos.com.br\/blog\/concurso-sefaz-mt-cargos-vagos\/#breadcrumb\",\"itemListElement\":[{\"@type\":\"ListItem\",\"position\":1,\"name\":\"In\u00edcio\",\"item\":\"https:\/\/www.estrategiaconcursos.com.br\/blog\/\"},{\"@type\":\"ListItem\",\"position\":2,\"name\":\"Concurso Sefaz MT: confira a situa\u00e7\u00e3o atual de cargos vagos\"}]},{\"@type\":\"WebSite\",\"@id\":\"https:\/\/www.estrategiaconcursos.com.br\/blog\/#website\",\"url\":\"https:\/\/www.estrategiaconcursos.com.br\/blog\/\",\"name\":\"Estrat\u00e9gia Concursos\",\"description\":\"O blog da Estrat\u00e9gia Concursos traz not\u00edcias sobre concursos e artigos de professores oferecendo cursos para concursos (pdf + videaulas) no site.\",\"publisher\":{\"@id\":\"https:\/\/www.estrategiaconcursos.com.br\/blog\/#organization\"},\"potentialAction\":[{\"@type\":\"SearchAction\",\"target\":{\"@type\":\"EntryPoint\",\"urlTemplate\":\"https:\/\/www.estrategiaconcursos.com.br\/blog\/?s={search_term_string}\"},\"query-input\":{\"@type\":\"PropertyValueSpecification\",\"valueRequired\":true,\"valueName\":\"search_term_string\"}}],\"inLanguage\":\"pt-BR\"},{\"@type\":\"Organization\",\"@id\":\"https:\/\/www.estrategiaconcursos.com.br\/blog\/#organization\",\"name\":\"Estrat\u00e9gia Concursos\",\"url\":\"https:\/\/www.estrategiaconcursos.com.br\/blog\/\",\"logo\":{\"@type\":\"ImageObject\",\"inLanguage\":\"pt-BR\",\"@id\":\"https:\/\/www.estrategiaconcursos.com.br\/blog\/#\/schema\/logo\/image\/\",\"url\":\"https:\/\/dhg1h5j42swfq.cloudfront.net\/2025\/06\/03203428\/logo_concursos-1.jpg\",\"contentUrl\":\"https:\/\/dhg1h5j42swfq.cloudfront.net\/2025\/06\/03203428\/logo_concursos-1.jpg\",\"width\":230,\"height\":60,\"caption\":\"Estrat\u00e9gia Concursos\"},\"image\":{\"@id\":\"https:\/\/www.estrategiaconcursos.com.br\/blog\/#\/schema\/logo\/image\/\"},\"sameAs\":[\"https:\/\/x.com\/EstratConcursos\"]},{\"@type\":\"Person\",\"@id\":\"https:\/\/www.estrategiaconcursos.com.br\/blog\/#\/schema\/person\/84ecdc6eb58d3cf1689bf76c5cd8fb38\",\"name\":\"Camila Leite\",\"image\":{\"@type\":\"ImageObject\",\"inLanguage\":\"pt-BR\",\"@id\":\"https:\/\/secure.gravatar.com\/avatar\/f2f8faef639c8a2bfb7fb909912a56917f4c3a0aed064500168e2fb8ea55cf61?s=96&d=mm&r=g\",\"url\":\"https:\/\/secure.gravatar.com\/avatar\/f2f8faef639c8a2bfb7fb909912a56917f4c3a0aed064500168e2fb8ea55cf61?s=96&d=mm&r=g\",\"contentUrl\":\"https:\/\/secure.gravatar.com\/avatar\/f2f8faef639c8a2bfb7fb909912a56917f4c3a0aed064500168e2fb8ea55cf61?s=96&d=mm&r=g\",\"caption\":\"Camila Leite\"},\"description\":\"Formada em Design Gr\u00e1fico e em Propaganda e Marketing pela UNIP, integra a equipe de jornalismo do Estrat\u00e9gia Concursos desde 2018. Ao longo dos anos, construiu uma s\u00f3lida experi\u00eancia na produ\u00e7\u00e3o de conte\u00fado informativo e relevante para concurseiros. Desde 2020, atua na cobertura das \u00e1reas Fiscal \u2014 com \u00eanfase nas Secretarias de Fazenda (Sefaz) das regi\u00f5es Sul e Sudeste \u2014, al\u00e9m da cobertura de concursos federais, como CNU, Petrobras, CGU, Receita Federal, ag\u00eancias reguladoras (Anvisa, ANAC, entre outras) e INSS. Mant\u00e9m contato direto com os principais \u00f3rg\u00e3os p\u00fablicos, acompanhando editais, atualiza\u00e7\u00f5es e movimenta\u00e7\u00f5es importantes para os candidatos.\",\"sameAs\":[\"https:\/\/www.linkedin.com\/in\/camila-pinheiro-leite-9ba135b6\/\"],\"url\":\"https:\/\/www.estrategiaconcursos.com.br\/blog\/author\/camila-leiteestrategiaconcursos-com-br\/\"}]}<\/script>\n<!-- \/ Yoast SEO Premium plugin. -->","yoast_head_json":{"title":"Concurso Sefaz MT: confira a situa\u00e7\u00e3o atual de cargos vagos","description":"Concurso Sefaz MT: sem realizar concurso h\u00e1 12 anos, desde 2008, confira como est\u00e1 a situa\u00e7\u00e3o de cargos vagos e ocupados no \u00f3rg\u00e3o.","robots":{"index":"index","follow":"follow","max-snippet":"max-snippet:-1","max-image-preview":"max-image-preview:large","max-video-preview":"max-video-preview:-1"},"canonical":"https:\/\/www.estrategiaconcursos.com.br\/blog\/concurso-sefaz-mt-cargos-vagos\/","og_locale":"pt_BR","og_type":"article","og_title":"Concurso Sefaz MT: confira a situa\u00e7\u00e3o atual de cargos vagos","og_description":"Concurso Sefaz MT: sem realizar concurso h\u00e1 12 anos, desde 2008, confira como est\u00e1 a situa\u00e7\u00e3o de cargos vagos e ocupados no \u00f3rg\u00e3o.","og_url":"https:\/\/www.estrategiaconcursos.com.br\/blog\/concurso-sefaz-mt-cargos-vagos\/","og_site_name":"Estrat\u00e9gia Concursos","article_published_time":"2021-08-17T19:09:15+00:00","article_modified_time":"2021-08-19T19:10:26+00:00","og_image":[{"width":769,"height":434,"url":"https:\/\/dhg1h5j42swfq.cloudfront.net\/2021\/08\/12152153\/sefaz-mt-1.jpg","type":"image\/jpeg"}],"author":"Camila Leite","twitter_card":"summary_large_image","twitter_creator":"@EstratConcursos","twitter_site":"@EstratConcursos","twitter_misc":{"Escrito por":"Camila Leite","Est. tempo de leitura":"2 minutos"},"schema":{"@context":"https:\/\/schema.org","@graph":[{"@type":"NewsArticle","@id":"https:\/\/www.estrategiaconcursos.com.br\/blog\/concurso-sefaz-mt-cargos-vagos\/#article","isPartOf":{"@id":"https:\/\/www.estrategiaconcursos.com.br\/blog\/concurso-sefaz-mt-cargos-vagos\/"},"author":{"name":"Camila Leite","@id":"https:\/\/www.estrategiaconcursos.com.br\/blog\/#\/schema\/person\/84ecdc6eb58d3cf1689bf76c5cd8fb38"},"headline":"Concurso Sefaz MT: confira a situa\u00e7\u00e3o atual de cargos vagos","datePublished":"2021-08-17T19:09:15+00:00","dateModified":"2021-08-19T19:10:26+00:00","mainEntityOfPage":{"@id":"https:\/\/www.estrategiaconcursos.com.br\/blog\/concurso-sefaz-mt-cargos-vagos\/"},"wordCount":352,"commentCount":0,"publisher":{"@id":"https:\/\/www.estrategiaconcursos.com.br\/blog\/#organization"},"image":{"@id":"https:\/\/www.estrategiaconcursos.com.br\/blog\/concurso-sefaz-mt-cargos-vagos\/#primaryimage"},"thumbnailUrl":"https:\/\/dhg1h5j42swfq.cloudfront.net\/2021\/08\/12152153\/sefaz-mt-1.jpg","articleSection":["Fiscal - Estadual (ICMS)","\u00daltimas not\u00edcias"],"inLanguage":"pt-BR","potentialAction":[{"@type":"CommentAction","name":"Comment","target":["https:\/\/www.estrategiaconcursos.com.br\/blog\/concurso-sefaz-mt-cargos-vagos\/#respond"]}],"copyrightYear":"2021","copyrightHolder":{"@id":"https:\/\/www.estrategiaconcursos.com.br\/blog\/#organization"}},{"@type":"WebPage","@id":"https:\/\/www.estrategiaconcursos.com.br\/blog\/concurso-sefaz-mt-cargos-vagos\/","url":"https:\/\/www.estrategiaconcursos.com.br\/blog\/concurso-sefaz-mt-cargos-vagos\/","name":"Concurso Sefaz MT: confira a situa\u00e7\u00e3o atual de cargos vagos","isPartOf":{"@id":"https:\/\/www.estrategiaconcursos.com.br\/blog\/#website"},"primaryImageOfPage":{"@id":"https:\/\/www.estrategiaconcursos.com.br\/blog\/concurso-sefaz-mt-cargos-vagos\/#primaryimage"},"image":{"@id":"https:\/\/www.estrategiaconcursos.com.br\/blog\/concurso-sefaz-mt-cargos-vagos\/#primaryimage"},"thumbnailUrl":"https:\/\/dhg1h5j42swfq.cloudfront.net\/2021\/08\/12152153\/sefaz-mt-1.jpg","datePublished":"2021-08-17T19:09:15+00:00","dateModified":"2021-08-19T19:10:26+00:00","description":"Concurso Sefaz MT: sem realizar concurso h\u00e1 12 anos, desde 2008, confira como est\u00e1 a situa\u00e7\u00e3o de cargos vagos e ocupados no \u00f3rg\u00e3o.","breadcrumb":{"@id":"https:\/\/www.estrategiaconcursos.com.br\/blog\/concurso-sefaz-mt-cargos-vagos\/#breadcrumb"},"inLanguage":"pt-BR","potentialAction":[{"@type":"ReadAction","target":["https:\/\/www.estrategiaconcursos.com.br\/blog\/concurso-sefaz-mt-cargos-vagos\/"]}]},{"@type":"ImageObject","inLanguage":"pt-BR","@id":"https:\/\/www.estrategiaconcursos.com.br\/blog\/concurso-sefaz-mt-cargos-vagos\/#primaryimage","url":"https:\/\/dhg1h5j42swfq.cloudfront.net\/2021\/08\/12152153\/sefaz-mt-1.jpg","contentUrl":"https:\/\/dhg1h5j42swfq.cloudfront.net\/2021\/08\/12152153\/sefaz-mt-1.jpg","width":769,"height":434,"caption":"Inscri\u00e7\u00f5es concurso sefaz mt"},{"@type":"BreadcrumbList","@id":"https:\/\/www.estrategiaconcursos.com.br\/blog\/concurso-sefaz-mt-cargos-vagos\/#breadcrumb","itemListElement":[{"@type":"ListItem","position":1,"name":"In\u00edcio","item":"https:\/\/www.estrategiaconcursos.com.br\/blog\/"},{"@type":"ListItem","position":2,"name":"Concurso Sefaz MT: confira a situa\u00e7\u00e3o atual de cargos vagos"}]},{"@type":"WebSite","@id":"https:\/\/www.estrategiaconcursos.com.br\/blog\/#website","url":"https:\/\/www.estrategiaconcursos.com.br\/blog\/","name":"Estrat\u00e9gia Concursos","description":"O blog da Estrat\u00e9gia Concursos traz not\u00edcias sobre concursos e artigos de professores oferecendo cursos para concursos (pdf + videaulas) no site.","publisher":{"@id":"https:\/\/www.estrategiaconcursos.com.br\/blog\/#organization"},"potentialAction":[{"@type":"SearchAction","target":{"@type":"EntryPoint","urlTemplate":"https:\/\/www.estrategiaconcursos.com.br\/blog\/?s={search_term_string}"},"query-input":{"@type":"PropertyValueSpecification","valueRequired":true,"valueName":"search_term_string"}}],"inLanguage":"pt-BR"},{"@type":"Organization","@id":"https:\/\/www.estrategiaconcursos.com.br\/blog\/#organization","name":"Estrat\u00e9gia Concursos","url":"https:\/\/www.estrategiaconcursos.com.br\/blog\/","logo":{"@type":"ImageObject","inLanguage":"pt-BR","@id":"https:\/\/www.estrategiaconcursos.com.br\/blog\/#\/schema\/logo\/image\/","url":"https:\/\/dhg1h5j42swfq.cloudfront.net\/2025\/06\/03203428\/logo_concursos-1.jpg","contentUrl":"https:\/\/dhg1h5j42swfq.cloudfront.net\/2025\/06\/03203428\/logo_concursos-1.jpg","width":230,"height":60,"caption":"Estrat\u00e9gia Concursos"},"image":{"@id":"https:\/\/www.estrategiaconcursos.com.br\/blog\/#\/schema\/logo\/image\/"},"sameAs":["https:\/\/x.com\/EstratConcursos"]},{"@type":"Person","@id":"https:\/\/www.estrategiaconcursos.com.br\/blog\/#\/schema\/person\/84ecdc6eb58d3cf1689bf76c5cd8fb38","name":"Camila Leite","image":{"@type":"ImageObject","inLanguage":"pt-BR","@id":"https:\/\/secure.gravatar.com\/avatar\/f2f8faef639c8a2bfb7fb909912a56917f4c3a0aed064500168e2fb8ea55cf61?s=96&d=mm&r=g","url":"https:\/\/secure.gravatar.com\/avatar\/f2f8faef639c8a2bfb7fb909912a56917f4c3a0aed064500168e2fb8ea55cf61?s=96&d=mm&r=g","contentUrl":"https:\/\/secure.gravatar.com\/avatar\/f2f8faef639c8a2bfb7fb909912a56917f4c3a0aed064500168e2fb8ea55cf61?s=96&d=mm&r=g","caption":"Camila Leite"},"description":"Formada em Design Gr\u00e1fico e em Propaganda e Marketing pela UNIP, integra a equipe de jornalismo do Estrat\u00e9gia Concursos desde 2018. Ao longo dos anos, construiu uma s\u00f3lida experi\u00eancia na produ\u00e7\u00e3o de conte\u00fado informativo e relevante para concurseiros. Desde 2020, atua na cobertura das \u00e1reas Fiscal \u2014 com \u00eanfase nas Secretarias de Fazenda (Sefaz) das regi\u00f5es Sul e Sudeste \u2014, al\u00e9m da cobertura de concursos federais, como CNU, Petrobras, CGU, Receita Federal, ag\u00eancias reguladoras (Anvisa, ANAC, entre outras) e INSS. Mant\u00e9m contato direto com os principais \u00f3rg\u00e3os p\u00fablicos, acompanhando editais, atualiza\u00e7\u00f5es e movimenta\u00e7\u00f5es importantes para os candidatos.","sameAs":["https:\/\/www.linkedin.com\/in\/camila-pinheiro-leite-9ba135b6\/"],"url":"https:\/\/www.estrategiaconcursos.com.br\/blog\/author\/camila-leiteestrategiaconcursos-com-br\/"}]}},"_links":{"self":[{"href":"https:\/\/www.estrategiaconcursos.com.br\/blog\/wp-json\/wp\/v2\/posts\/838630","targetHints":{"allow":["GET"]}}],"collection":[{"href":"https:\/\/www.estrategiaconcursos.com.br\/blog\/wp-json\/wp\/v2\/posts"}],"about":[{"href":"https:\/\/www.estrategiaconcursos.com.br\/blog\/wp-json\/wp\/v2\/types\/post"}],"author":[{"embeddable":true,"href":"https:\/\/www.estrategiaconcursos.com.br\/blog\/wp-json\/wp\/v2\/users\/659"}],"replies":[{"embeddable":true,"href":"https:\/\/www.estrategiaconcursos.com.br\/blog\/wp-json\/wp\/v2\/comments?post=838630"}],"version-history":[{"count":12,"href":"https:\/\/www.estrategiaconcursos.com.br\/blog\/wp-json\/wp\/v2\/posts\/838630\/revisions"}],"predecessor-version":[{"id":840798,"href":"https:\/\/www.estrategiaconcursos.com.br\/blog\/wp-json\/wp\/v2\/posts\/838630\/revisions\/840798"}],"wp:featuredmedia":[{"embeddable":true,"href":"https:\/\/www.estrategiaconcursos.com.br\/blog\/wp-json\/wp\/v2\/media\/834647"}],"wp:attachment":[{"href":"https:\/\/www.estrategiaconcursos.com.br\/blog\/wp-json\/wp\/v2\/media?parent=838630"}],"wp:term":[{"taxonomy":"category","embeddable":true,"href":"https:\/\/www.estrategiaconcursos.com.br\/blog\/wp-json\/wp\/v2\/categories?post=838630"},{"taxonomy":"post_tag","embeddable":true,"href":"https:\/\/www.estrategiaconcursos.com.br\/blog\/wp-json\/wp\/v2\/tags?post=838630"},{"taxonomy":"tax_estado","embeddable":true,"href":"https:\/\/www.estrategiaconcursos.com.br\/blog\/wp-json\/wp\/v2\/tax_estado?post=838630"}],"curies":[{"name":"wp","href":"https:\/\/api.w.org\/{rel}","templated":true}]}}