{"id":838482,"date":"2021-08-18T12:30:00","date_gmt":"2021-08-18T15:30:00","guid":{"rendered":"https:\/\/www.estrategiaconcursos.com.br\/blog\/?p=838482"},"modified":"2022-10-26T16:56:57","modified_gmt":"2022-10-26T19:56:57","slug":"concurso-tce-am-gabarito-extraoficial-correcao-de-prova","status":"publish","type":"post","link":"https:\/\/www.estrategiaconcursos.com.br\/blog\/concurso-tce-am-gabarito-extraoficial-correcao-de-prova\/","title":{"rendered":"Gabarito Extraoficial TCE AM: confira a corre\u00e7\u00e3o de prova"},"content":{"rendered":"\n<p class=\"has-medium-font-size\"><em><span><b>Gabarito extraoficial para o cargo de <\/b><\/span><strong>Auditoria Governamental do concurso TCE AM<\/strong><\/em><\/p>\n\n\n\n<p>Aconteceu na manh\u00e3 desta quarta-feira, 18 de agosto de 2021, a aplica\u00e7\u00e3o da provas objetivas do<strong><em> concurso TCE AM <\/em><\/strong>(Tribunal de Contas do Amazonas) para a especialidade de Auditoria Governamental.<\/p>\n\n\n\n<p>Sob organiza\u00e7\u00e3o da FGV, os candidatos enfrentaram <strong>80 quest\u00f5es<\/strong> do tipo m\u00faltipla escolha, distribu\u00eddas entre conhecimentos b\u00e1sicos (30 quest\u00f5es) e espec\u00edficos (50 quest\u00f5es).<\/p>\n\n\n\n<p>Para aqueles mais ansiosos, estamos realizando a corre\u00e7\u00e3o da prova, al\u00e9m do gabarito extraoficial. <em>N\u00e3o deixe de nos acompanhar em tempo real e conferir seu desempenho. Acompanhe pelos t\u00f3picos abaixo:<\/em><\/p>\n\n\n\n<ul class=\"wp-block-list\"><li><a href=\"#correcao\">Corre\u00e7\u00e3o ao vivo<\/a><\/li><li><a href=\"#gabarito\">Gabarito Extraoficial<\/a><\/li><li><a href=\"#ranking\">Ranking Estrat\u00e9gico<\/a><\/li><\/ul>\n\n\n\n<h2 class=\"wp-block-heading\" id=\"gabarito\">Gabarito extraoficial TCE AM &#8211; Auditoria Governamental<\/h2>\n\n\n\n<p><strong>Nossos professores est\u00e3o realizando, em tempo real, a corre\u00e7\u00e3o da prova<\/strong>. Confira ao vivo no v\u00eddeo acima! Para facilitar sua busca, independente da vers\u00e3o\/tipo\/cor de prova, vamos transcrever o in\u00edcio do enunciado e da resposta:<\/p>\n\n\n\n<p class=\"has-text-align-center has-luminous-vivid-amber-background-color has-background\" style=\"font-size:clamp(14px, 0.875rem + ((1vw - 3.2px) * 0.392), 18px);px\"><strong>Vers\u00e3o corrigida: Tipo 1 &#8211; Cor Branca<\/strong><\/p>\n\n\n\n<figure class=\"wp-block-image aligncenter size-large\"><img loading=\"lazy\" decoding=\"async\" width=\"495\" height=\"426\" src=\"https:\/\/dhg1h5j42swfq.cloudfront.net\/2021\/08\/19080449\/g-2.png\" alt=\"Gabarito Extraoficial TCE AM: Corre\u00e7\u00e3o de prova AO VIVO!\" class=\"wp-image-840257\" srcset=\"https:\/\/dhg1h5j42swfq.cloudfront.net\/2021\/08\/19080449\/g-2.png 495w, https:\/\/dhg1h5j42swfq.cloudfront.net\/2021\/08\/19080449\/g-2-300x258.png 300w\" sizes=\"auto, (max-width: 495px) 100vw, 495px\" \/><\/figure>\n\n\n\n<p class=\"has-vivid-purple-color has-text-color\"><strong>L\u00cdNGUA PORTUGUESA<\/strong><\/p>\n\n\n\n<p><strong>Quest\u00e3o 1:&nbsp;<\/strong>No livro <em>Contos Fluminenses<\/em>, Machado de Assis faz a seguinte\u2026<br \/><strong><em>Resposta:&nbsp;<\/em><\/strong>A &#8211; a briga de galos servia de divers\u00e3o e de local de apostas;<\/p>\n\n\n\n<p><strong>Quest\u00e3o 2:&nbsp;<\/strong>Esse trecho do texto 1 pode ser dividido em dois seguimentos,\u2026<br \/><strong><em>Resposta:&nbsp;<\/em><\/strong>B &#8211; da linguagem l\u00f3gica para a figurada;<\/p>\n\n\n\n<p><strong>Quest\u00e3o 3:&nbsp;<\/strong>A\u00ed vem o carro das ideias\u2026 felizes ideias que durante tr\u00eas dias andais de carro!\u2026<br \/><strong><em>Resposta:&nbsp;<\/em><\/strong>A &#8211; as ideias s\u00f3 ganham vida atrav\u00e9s dos textos;<\/p>\n\n\n\n<p><strong>Quest\u00e3o 4:&nbsp;<\/strong>O conto-do-vig\u00e1rio \u00e9 o mais antigo g\u00eanero de fic\u00e7\u00e3o que se\u2026<br \/><strong><em>Resposta:&nbsp;<\/em><\/strong>B &#8211; a fonte primeira de todos os contos-do-vig\u00e1rio;<\/p>\n\n\n\n<p><strong>Quest\u00e3o 5:&nbsp;<\/strong>As cantigas de roda tamb\u00e9m conhecidas como cirandas s\u00e3o\u2026<br \/><strong><em>Resposta:&nbsp;<\/em><\/strong>E &#8211; informa\u00e7\u00f5es de car\u00e1ter hist\u00f3rico sobre o voc\u00e1bulo definido.<\/p>\n\n\n\n<p><strong>Quest\u00e3o 6:&nbsp;<\/strong>A principal finalidade do texto 2 \u00e9:\u2026<br \/><strong><em>Resposta:&nbsp;<\/em><\/strong>E &#8211; explicar, de forma mais adequada, o porqu\u00ea de na express\u00e3o citada haver&#8230;<\/p>\n\n\n\n<p><strong>Quest\u00e3o 7:&nbsp;<\/strong>Para a adequada leitura de um texto, o leitor deve colaborar com\u2026<br \/><strong><em>Resposta:&nbsp;<\/em><\/strong>A &#8211; &#8220;Hermes, o Merc\u00fario de Roma&#8221; &#8211; refer\u00eancia a dois nomes do mesmo deus mitol\u00f3gico&#8230;<\/p>\n\n\n\n<p><strong>Quest\u00e3o 8:&nbsp;<\/strong>Observemos a seguinte frase do texto 2, com o emprego adequado de ger\u00fandio:<br \/><strong><em>Resposta:&nbsp;<\/em><\/strong>C &#8211; Os sacerdotes discutiam a senten\u00e7a, comento no \u00e1trio;<\/p>\n\n\n\n<p><strong>Quest\u00e3o 9:&nbsp;<\/strong>Purificando o consulente, dizia em sussurro ao ouvido do \u00eddolo o seu\u2026<br \/><strong><em>Resposta:&nbsp;<\/em><\/strong>A &#8211; ger\u00fandio temporal;<\/p>\n\n\n\n<p><strong>Quest\u00e3o 10:&nbsp;<\/strong>V\u00e1rios segmentos do texto 3 foram reescritos; a op\u00e7\u00e3o em que a reescritura\u2026<br \/><strong><em>Resposta:&nbsp;<\/em><\/strong>D &#8211; &#8220;Com o passar dos anos, quando o catolicismo foi se tornando religi\u00e3o predominante na regi\u00e3o, foram incorporados&#8230;<\/p>\n\n\n\n<p><strong>Quest\u00e3o 11:&nbsp;<\/strong>Com o passar dos anos, quando o catolicismo foi se tornando religi\u00e3o\u2026<br \/><strong><em>Resposta:&nbsp;<\/em><\/strong>C &#8211; alguns temas pag\u00e3os foram aproveitados pelo catolicismo porque&#8230;<\/p>\n\n\n\n<p><strong>Quest\u00e3o 12:&nbsp;<\/strong>Numa das cr\u00f4nicas de Machado de Assis, ele mostra os seguintes\u2026<br \/><strong><em>Resposta:&nbsp;<\/em><\/strong>A &#8211; &#8220;&#8230;respondeu Firmo, frente a frente agora avan\u00e7ando e recuando, sempre&#8230;<\/p>\n\n\n\n<p><strong>Quest\u00e3o 13:&nbsp;<\/strong>No primeiro par\u00e1grafo do texto 4 h\u00e1 uma s\u00e9rie de incorre\u00e7\u00f5es\u2026<br \/><strong><em>Resposta:&nbsp;<\/em><\/strong>C &#8211; &#8220;&#8230;\u00e9 um estilo de dan\u00e7a folcl\u00f3rica coletiva t\u00edpica das festa juninas brasileiras. Que acontece, geralmente, nos meses de Junho e julho em todas as regi\u00f5es do Brasil&#8230;&#8221; \/ a forma verbal&#8230;<\/p>\n\n\n\n<p><strong>Quest\u00e3o 14:&nbsp;<\/strong>No texto 4, o conector sublinhado que est\u00e1 adequadamente empregado \u00e9:<br \/><strong><em>Resposta:&nbsp;<\/em><\/strong>A &#8211; &#8220;<span style=\"text-decoration: underline;\">No entanto<\/span>, a quadrilha \u00e9 de origem francesa.&#8221;<\/p>\n\n\n\n<p><strong>Quest\u00e3o 15:&nbsp;<\/strong>O texto 5, em termos de predomin\u00e2ncia quase absoluta, deve ser classificado como:<br \/><strong><em>Resposta:&nbsp;<\/em><\/strong>B &#8211; narrativo;<\/p>\n\n\n\n<p><strong>Quest\u00e3o 16:&nbsp;<\/strong>O primeiro par\u00e1grafo do texto 5 est\u00e1 na voz passiva com auxiliar:\u2026<br \/><strong><em>Resposta:&nbsp;<\/em><\/strong>D &#8211; No nordeste, a hist\u00f3ria do bumba meu boi inspirou-se na lenda&#8230;<\/p>\n\n\n\n<p><strong>Quest\u00e3o 17:&nbsp;<\/strong>Emprenhado em satisfazer a vontade de Catirina, Chico mata um\u2026<br \/><strong><em>Resposta:&nbsp;<\/em><\/strong>E &#8211; um dos porcos do chiqueiro<\/p>\n\n\n\n<p><strong>Quest\u00e3o 18:&nbsp;<\/strong>Todo o texto 5 empresa o presente do indicativo, em lugar do pret\u00e9rito\u2026<br \/><strong><em>Resposta:&nbsp;<\/em><\/strong>D &#8211; tornar a hist\u00f3ria mais moderna;<\/p>\n\n\n\n<p><strong>Quest\u00e3o 19:&nbsp;<\/strong>A hist\u00f3ria do texto 5 se encerra com o fato de o boi ressuscitar;\u2026<br \/><strong><em>Resposta:&nbsp;<\/em><\/strong>E &#8211; terminam os acontecimentos veross\u00edmeis.<\/p>\n\n\n\n<p><strong>Quest\u00e3o 20:&nbsp;<\/strong>Numa das cr\u00f4nicas de <em>A Semana<\/em>, Machado de Assis declara:\u2026<br \/><strong><em>Resposta:&nbsp;<\/em><\/strong>C &#8211; &#8220;O louvor, a censura fazem-se em poucas palavras&#8221;;<\/p>\n\n\n\n<p class=\"has-vivid-purple-color has-text-color\"><strong>CONTROLE EXTERNO<\/strong><\/p>\n\n\n\n<p><strong>Quest\u00e3o 21:&nbsp;<\/strong>Maria, servidora do Tribunal de Contas do Estado do Amazonas, questionou Joana\u2026<br \/><strong><em>Resposta:&nbsp;<\/em><\/strong>D &#8211; apenas a informa\u00e7\u00e3o II est\u00e1 certa;<\/p>\n\n\n\n<p><strong>Quest\u00e3o 22:&nbsp;<\/strong>O Tribunal de Contas do Estado Alfa recebeu, poucos meses ap\u00f3s a sua\u2026<br \/><strong><em>Resposta:&nbsp;<\/em><\/strong>B &#8211; pode registrar a decis\u00e3o, ou n\u00e3o, mas n\u00e3o alterar o t\u00edtulo de aposentadoria;<\/p>\n\n\n\n<p><strong>Quest\u00e3o 23:&nbsp;<\/strong>Ana, ordenadora de despesas no munic\u00edpio Alfa, situado no\u2026<br \/><strong><em>Resposta:&nbsp;<\/em><\/strong>E &#8211; pode ocorrer no in\u00edcio do processo administrativo, em car\u00e1ter cautelar, de of\u00edcio ou a requerimento do Minist\u00e9rio P\u00fablico.<\/p>\n\n\n\n<p><strong>Quest\u00e3o 24:&nbsp;<\/strong>O Tribunal Pleno do Tribunal de Contas do Estado do Amazonas concluiu a aprecia\u00e7\u00e3o de\u2026<br \/><strong><em>Resposta:&nbsp;<\/em><\/strong>D &#8211; ao Corregedor-Geral, sem preju\u00edzo das atribui\u00e7\u00f5es do relator do processo;<\/p>\n\n\n\n<p><strong>Quest\u00e3o 25:&nbsp;<\/strong>Ant\u00f4nio, Auditor do Tribunal de Contas do Estado do Amazonas, recebeu um processo, se contornos\u2026<br \/><strong><em>Resposta:&nbsp;<\/em><\/strong>B &#8211; a emiss\u00e3o do parecer \u00e9 de atribui\u00e7\u00e3o de Ant\u00f4nio, podendo ser coletivo ou individual;<\/p>\n\n\n\n<p><strong>Quest\u00e3o 26:&nbsp;<\/strong>O Tribunal de Contas do Estado do Amazonas julgou regulares, com ressalva, as contas\u2026<br \/><strong><em>Resposta:&nbsp;<\/em><\/strong>E &#8211; definitiva.<\/p>\n\n\n\n<p><strong>Quest\u00e3o 27:&nbsp;<\/strong>O Presidente do Tribunal de Contas do Estado do Amazonas foi informado, por um assessor\u2026<br \/><strong><em>Resposta:&nbsp;<\/em><\/strong>A &#8211; correta, j\u00e1 que o Presidente deve encaminhar, \u00e0 Assembleia Legislativa, os referidos relat\u00f3rios;<\/p>\n\n\n\n<p><strong>Quest\u00e3o 28:&nbsp;<\/strong>Maria, servidora do Tribunal de Contas do Estado do Amazonas, recebeu processos administrativos que tinham\u2026<br \/><strong><em>Resposta:&nbsp;<\/em><\/strong>C &#8211; ao Tribunal Pleno nos processos I e II, devendo o processo III ser direcionado a uma C\u00e2mara;<\/p>\n\n\n\n<p><strong>Quest\u00e3o 29:&nbsp;<\/strong>Por circunst\u00e2ncias comprovadamente alheias \u00e0 vontade de Pedro, que atuou\u2026<br \/><strong><em>Resposta:&nbsp;<\/em><\/strong>C &#8211; considerar as contas iliquid\u00e1veis e determinar o seu trancamento, com o arquivamento do processo;<\/p>\n\n\n\n<p><strong>Quest\u00e3o 30:&nbsp;<\/strong>Joana, servidora do Tribunal de Contas do Estado do Amazonas, foi designada para atuar na Secretaria\u2026<br \/><strong><em>Resposta:&nbsp;<\/em><\/strong>D &#8211; condicionado ao credenciamento pelo Presidente do Tribunal ou por agente delegado;<\/p>\n\n\n\n<p class=\"has-vivid-purple-color has-text-color\"><strong>ADMINISTRA\u00c7\u00c3O FINANCEIRA E OR\u00c7AMENT\u00c1RIA<\/strong><\/p>\n\n\n\n<p><strong>Quest\u00e3o 31:&nbsp;<\/strong>Estabelecidos e disciplinados por normas constitucionais, infraconstitucionais e pela doutrina\u2026<br \/><strong><em>Resposta:&nbsp;<\/em><\/strong>C &#8211; n\u00e3o afeta\u00e7\u00e3o de receitas;<\/p>\n\n\n\n<p><strong>Quest\u00e3o 32:&nbsp;<\/strong>Os valores expressos no quadro a seguir foram extra\u00eddos dos registros de\u2026<br \/><strong><em>Resposta:&nbsp;<\/em><\/strong>A &#8211; R$ 34.750,00;<\/p>\n\n\n\n<p><strong>Quest\u00e3o 33:&nbsp;<\/strong>Ao final de um dado exerc\u00edcio, as receitas correntes de um estado de federa\u00e7\u00e3o\u2026<br \/><strong><em>Resposta:&nbsp;<\/em><\/strong>D &#8211; R$ 11.390.000.000,00;<\/p>\n\n\n\n<p><strong>Quest\u00e3o 34:&nbsp;<\/strong>Sob a perspectiva do or\u00e7amento, as receitas s\u00e3o disponibilidades de recursos financeiros que ingressam\u2026<br \/><strong><em>Resposta:&nbsp;<\/em><\/strong>E &#8211; receitas de aliena\u00e7\u00e3o de bens im\u00f3veis.<\/p>\n\n\n\n<p><strong>Quest\u00e3o 35:&nbsp;<\/strong>A despesa p\u00fablica \u00e9 apresentada no or\u00e7amento sob diferentes\u2026<br \/><strong><em>Resposta:&nbsp;<\/em><\/strong>C &#8211; permite a consolida\u00e7\u00e3o nacional dos gastos do setor p\u00fablico, pois tem aplica\u00e7\u00e3o comum e obrigat\u00f3ria;<\/p>\n\n\n\n<p><strong>Quest\u00e3o 36:&nbsp;<\/strong>A despensa p\u00fablica \u00e9 processa em est\u00e1gios legalmente definidos\u2026<br \/><strong><em>Resposta: <\/em><\/strong>E &#8211; compreende a ado\u00e7\u00e3o de medidas em dire\u00e7\u00e3o a uma situa\u00e7\u00e3o idealizada, considerando os&#8230;<\/p>\n\n\n\n<p><strong>Quest\u00e3o 37:&nbsp;<\/strong>O processo or\u00e7ament\u00e1rio no brasil \u00e9 revestido de formato legal, principalmente\u2026<br \/><strong><em>Resposta:&nbsp;<\/em><\/strong>D &#8211; contribuir com par\u00e2metros para o acompanhamento da gest\u00e3o fiscal;<\/p>\n\n\n\n<p><strong>Quest\u00e3o 38:&nbsp;<\/strong>Altera\u00e7\u00f5es recentes na Constitui\u00e7\u00e3o da Rep\u00fablica de 1988 em mat\u00e9ria\u2026<br \/><strong><em>Resposta:&nbsp;<\/em><\/strong>B &#8211; da RCL realizada no exerc\u00edcio anterior;<\/p>\n\n\n\n<p><strong>Quest\u00e3o 39:&nbsp;<\/strong>Considere as informa\u00e7\u00f5es a seguir relativas aos sete primeiros meses\u2026<br \/><strong><em>Resposta:&nbsp;<\/em><\/strong>D &#8211; R$ 8.840;<\/p>\n\n\n\n<p><strong>Quest\u00e3o 40:&nbsp;<\/strong>No caso de o Estado do Amazonas receber uma descentraliza\u00e7\u00e3o de cr\u00e9ditos or\u00e7ament\u00e1rios\u2026<br \/><strong><em>Resposta:&nbsp;<\/em><\/strong>E &#8211; ser\u00e1 processada de acordo com os mesmos&#8230;<\/p>\n\n\n\n<p class=\"has-vivid-purple-color has-text-color\"><strong>CONTABILIDADE GERAL<\/strong><\/p>\n\n\n\n<p><strong>Quest\u00e3o 41:&nbsp;<\/strong>Na estrutura de apresenta\u00e7\u00e3o da Demonstra\u00e7\u00e3o do resultado do Exerc\u00edcio (DRE)\u2026<br \/><strong><em>Resposta:&nbsp;<\/em><\/strong>D &#8211; pesquisa e publicidade<\/p>\n\n\n\n<p><strong>Quest\u00e3o 42:&nbsp;<\/strong>Em um processo licitat\u00f3rio com cinco participantes, a empresa Alfa foi a vencedora\u2026<br \/><strong><em>Resposta:&nbsp;<\/em><\/strong>B &#8211; deve divulgar a situa\u00e7\u00e3o em nota explicativa, pois se trata de uma obriga\u00e7\u00e3o poss\u00edvel;<\/p>\n\n\n\n<p><strong>Quest\u00e3o 43:&nbsp;<\/strong>A Cia. Gama \u00e9 uma empresa que opera equipamentos pesados em suas atividades\u2026<br \/><strong><em>Resposta:&nbsp;<\/em><\/strong>B &#8211; R$ 1.147.500;<\/p>\n\n\n\n<p><strong>Quest\u00e3o 44:&nbsp;<\/strong>De acordo com o Pronunciamento CPC 24, eventos subsequentes ao per\u00edodo cont\u00e1bil\u2026<br \/><strong><em>Resposta:&nbsp;<\/em><\/strong>B &#8211; decl\u00ednio do valor justo de investimentos;<\/p>\n\n\n\n<p><strong>Quest\u00e3o 45:&nbsp;<\/strong>Em mat\u00e9ria de an\u00e1lise das demonstra\u00e7\u00f5es cont\u00e1beis, os \u00edndices de liquidez refletem\u2026<br \/><strong><em>Resposta: <\/em><\/strong>D &#8211; exclui do c\u00e1lculo o valor dos estoques; <\/p>\n\n\n\n<p class=\"has-vivid-purple-color has-text-color\"><strong>CONTABILIDADE APLICADA AO SETOR P\u00daBLICO<\/strong><\/p>\n\n\n\n<p><strong>Quest\u00e3o 46:&nbsp;<\/strong>Com a converg\u00eancia aos padr\u00f5es internacionais de Contabilidade Aplicada ao Setor P\u00fablico\u2026<br \/><strong><em>Resposta:&nbsp;<\/em><\/strong>C &#8211; a propriedade legal do recurso n\u00e3o \u00e9 uma caracter\u00edstica essencial de um ativo;<\/p>\n\n\n\n<p><strong>Quest\u00e3o 47:&nbsp;<\/strong>O registro patrimonial da contrata\u00e7\u00e3o de uma opera\u00e7\u00e3o de cr\u00e9dito\u2026<br \/><strong><em>Resposta:&nbsp;<\/em><\/strong>E &#8211; a d\u00e9bito na conta Caixa e Equivalentes de Caixa;<\/p>\n\n\n\n<p><strong>Quest\u00e3o 48:&nbsp;<\/strong>Um dos crit\u00e9rios de mensura\u00e7\u00e3o de estoques abordados no Manual de Contabilidade Aplicada\u2026<br \/><strong><em>Resposta:&nbsp;<\/em><\/strong>D &#8211; implica a dedu\u00e7\u00e3o dos custos estimados de venda, troca ou distribui\u00e7\u00e3o;<\/p>\n\n\n\n<p><strong>Quest\u00e3o 49:&nbsp;<\/strong>No final do exerc\u00edcio financeiro de 2019, o governo de um Estado da Federa\u00e7\u00e3o\u2026<br \/><strong><em>Resposta:&nbsp;<\/em><\/strong>E &#8211; reclassifica\u00e7\u00e3o para propriedade para investimento, sem altera\u00e7\u00e3o em seu valor.<\/p>\n\n\n\n<p><strong>Quest\u00e3o 50:&nbsp;<\/strong>Para fins de elabora\u00e7\u00e3o do Demonstrativo da Receita Corrente L\u00edquida (RCL)\u2026<br \/><strong><em>Resposta:<\/em><\/strong> A &#8211; exclu\u00eddos do c\u00e1lculo da RCL para fins de limites da despesa com pessoal;<\/p>\n\n\n\n<p class=\"has-vivid-purple-color has-text-color\"><strong>AUDITORIA E CONTROLE DA AMINISTRA\u00c7\u00c3O P\u00daBLICA<\/strong><\/p>\n\n\n\n<p><strong>Quest\u00e3o 51:&nbsp;<\/strong>A atividade de auditoria interna compreende exames e an\u00e1lises que objetivam\u2026<br \/><strong><em>Resposta:&nbsp;<\/em><\/strong>D &#8211; quaisquer ind\u00edcios de irregularidade devem ser informados \u00e0 administra\u00e7\u00e3o da entidade de maneira reservada;<\/p>\n\n\n\n<p><strong>Quest\u00e3o 52:&nbsp;<\/strong>Ao apresentar um relat\u00f3rio com os resultados de um trabalho de auditoria\u2026<br \/><strong><em>Resposta:&nbsp;<\/em><\/strong>E &#8211; precis\u00e3o e tempestividade.<\/p>\n\n\n\n<p><strong>Quest\u00e3o 53:&nbsp;<\/strong>Os procedimentos adotados em um ente p\u00fablico estadual para garantir\u2026<br \/><strong><em>Resposta:&nbsp;<\/em><\/strong>B &#8211; obedi\u00eancia \u00e0s pol\u00edticas tra\u00e7adas;<\/p>\n\n\n\n<p><strong>Quest\u00e3o 54:&nbsp;<\/strong>Os atos de improbidade administrativa est\u00e3o associados a condutas inadequadas\u2026<br \/><strong><em>Resposta:&nbsp;<\/em><\/strong>E &#8211; revelar a terceiros, antes da divulga\u00e7\u00e3o oficial, informa\u00e7\u00e3o de medida econ\u00f4mica capaz de afetar o pre\u00e7o de um bem.<\/p>\n\n\n\n<p><strong>Quest\u00e3o 55:&nbsp;<\/strong>A Secretaria de Fazenda de um Estado da Federa\u00e7\u00e3o mant\u00e9m um volume significativo\u2026<br \/><strong><em>Resposta:&nbsp;<\/em><\/strong>D &#8211; atividades de monitoramento;<\/p>\n\n\n\n<p><strong>Quest\u00e3o 56: <\/strong>Um relat\u00f3rio de auditoria em que o auditor pode expressar uma opini\u00e3o\u2026<br \/><strong><em>Resposta:<\/em><\/strong> B &#8211; certifica\u00e7\u00e3o;<\/p>\n\n\n\n<p><strong>Quest\u00e3o 57:&nbsp;<\/strong>Ao determinar a extens\u00e3o de um teste de auditoria&#8230;<br \/><strong><em>Resposta:&nbsp;<\/em><\/strong>A &#8211; aumento do tamanho da amostra para testes de controles;<\/p>\n\n\n\n<p><strong>Quest\u00e3o 58:&nbsp;<\/strong>Em um trabalho de auditoria, quando um auditor&#8230;<br \/><strong><em>Resposta:&nbsp;<\/em><\/strong>D &#8211; testes de observ\u00e2ncia;<\/p>\n\n\n\n<p class=\"has-vivid-purple-color has-text-color\"><strong>DIREITO CONSTITUCIONAL<\/strong><\/p>\n\n\n\n<p><strong>Quest\u00e3o 59:&nbsp;<\/strong>A Lei n\u00ba XX \/1987, do Estado Beta&#8230;<br \/><strong><em>Resposta:&nbsp;<\/em><\/strong>A &#8211; da argui\u00e7\u00e3o de descumprimento de preceito fundamental;<\/p>\n\n\n\n<p><strong>Quest\u00e3o 60:&nbsp;<\/strong>Ant\u00f4nio, Presidente do Tribunal de Justi\u00e7a do Estado Alfa&#8230;<br \/><strong><em>Resposta:&nbsp;<\/em><\/strong>C &#8211; Julgar as contas, e reprovando-as, realizar a imputa\u00e7\u00e3o de d\u00e9bito e aplicar multa ou outras san\u00e7\u00f5es de multa;<\/p>\n\n\n\n<p><strong>Quest\u00e3o 61:&nbsp;<\/strong>Em raz\u00e3o do aumento da al\u00edquota do imposto sobre&#8230;<br \/><strong><em>Resposta:&nbsp;<\/em><\/strong>E &#8211; tem legitimidade para o ato, devendo faz\u00ea-lo, de modo incidental, no curso de processo em que seja parte, o qual n\u00e3o ser\u00e1 suspenso<\/p>\n\n\n\n<p><strong>Quest\u00e3o 62:&nbsp;<\/strong>O Munic\u00edpio Beta, apesar de ter sido regularmente&#8230;<br \/><strong><em>Resposta:&nbsp;<\/em><\/strong>C &#8211; provimento de representa\u00e7\u00e3o pelo Tribunal de Justi\u00e7a e edi\u00e7\u00e3o do decreto de interven\u00e7\u00e3o;<\/p>\n\n\n\n<p><strong>Quest\u00e3o 63:&nbsp;<\/strong>Jo\u00e3o, ao assumir o Minist\u00e9rio ZZ, questionou sua assessoria&#8230;<br \/><strong><em>Resposta:&nbsp;<\/em><\/strong>C &#8211; I, II e III;<\/p>\n\n\n\n<p><strong>Quest\u00e3o 64:&nbsp;<\/strong>Maria, importante l\u00edder popular do Estado do Amazonas&#8230;<br \/><strong><em>Resposta:&nbsp;<\/em><\/strong>D &#8211; emendas constitucionais, leis complementares e leis ordin\u00e1rias;<\/p>\n\n\n\n<p><strong>Quest\u00e3o 65:&nbsp;<\/strong>O Governador do Estado Alfa, buscando encontrar&#8230;<br \/><strong><em>Resposta:&nbsp;<\/em><\/strong>A &#8211; n\u00e3o pode criar o imposto, j\u00e1 que n\u00e3o disp\u00f5e de compet\u00eancia tribut\u00e1ria residual;<\/p>\n\n\n\n<p><strong>Quest\u00e3o 66:&nbsp;<\/strong>O Presidente da Rep\u00fablica encaminhou ao Congresso Nacional&#8230;<br \/><strong><em>Resposta:&nbsp;<\/em><\/strong>D &#8211; \u00e9 obrigat\u00f3ria, observado o percentual constitucional, incidente sobre a receita&#8230;<\/p>\n\n\n\n<p><strong>Quest\u00e3o 67:&nbsp;<\/strong>Joana, vereadora do Munic\u00edpio Alfa, situado na regi\u00e3o sul do pa\u00eds&#8230;<br \/><strong><em>Resposta:&nbsp;<\/em><\/strong>E &#8211; pode ser responsabilizada por suas palavras e opini\u00f5es, nas circunst\u00e2ncias indicadas na narrativa.<\/p>\n\n\n\n<p><strong>Quest\u00e3o 68:&nbsp;<\/strong>Lucas, estudioso do direito constitucional, chegou \u00e0 conclus\u00e3o&#8230;<br \/><strong><em>Resposta:&nbsp;<\/em><\/strong>B &#8211; correta, j\u00e1 que o texto e a norma constitucional n\u00e3o apresentam uma rela\u00e7\u00e3o de sobreposi\u00e7\u00e3o&#8230;<\/p>\n\n\n\n<p class=\"has-vivid-purple-color has-text-color\"><strong>DIREITO ADMINISTRATIVO E TRANSPAR\u00caNCIA NA ADMINISTRA\u00c7\u00c3O P\u00daBLICA<\/strong><\/p>\n\n\n\n<p><strong>Quest\u00e3o 69:&nbsp;<\/strong>A Lei Complementar Estadual do Amazonas n\u00ba 06\/1991..<br \/><strong><em>Resposta:&nbsp;<\/em><\/strong>D &#8211; ser\u00e1 elaborado sob forma de Or\u00e7amento por programa e evidenciar\u00e1 o programa de trabalho do Governo municipal&#8230;<\/p>\n\n\n\n<p><strong>Quest\u00e3o 70:&nbsp;<\/strong>De acordo com o Regimento Interno do Tribunal de Contas do Estado do Amazonas&#8230;<br \/><strong><em>Resposta:&nbsp;<\/em><\/strong>em breve&#8230;<\/p>\n\n\n\n<p><strong>Quest\u00e3o 71:&nbsp;<\/strong>A Lei n\u00ba 11.079\/2004 prev\u00ea que parceria p\u00fablico-privada&#8230;<br \/><strong><em>Resposta:&nbsp;<\/em><\/strong>E &#8211; que tenha como objetivo \u00fanico o fornecimento de m\u00e3o de obra, o fornecimento e instala\u00e7\u00e3o de equipamentos ou a execu\u00e7\u00e3o de obra p\u00fablica.<\/p>\n\n\n\n<p><strong>Quest\u00e3o 72:&nbsp;<\/strong>No ano de 2020, o Munic\u00edpio Alfa no Estado do Amazonas contratou, sem pr\u00e9via&#8230;<br \/><strong><em>Resposta:&nbsp;<\/em><\/strong>B &#8211; legal, caso tenha sido realizada com inexigibilidade de licita\u00e7\u00e3o, por expressa previs\u00e3o legal;<\/p>\n\n\n\n<p><strong>Quest\u00e3o 73:&nbsp;<\/strong>Os procedimentos licitat\u00f3rios devem observar os princ\u00edpios expressos&#8230;<br \/><strong><em>Resposta:&nbsp;<\/em><\/strong>A &#8211; da segrega\u00e7\u00e3o de fun\u00e7\u00f5es, com a separa\u00e7\u00e3o das compet\u00eancias e das atividades de cada servidor ao longo do procedimento&#8230;<\/p>\n\n\n\n<p><strong>Quest\u00e3o 74:&nbsp;<\/strong>O Estado do Amazonas foi condenado a indenizar a contribuinte Maria&#8230;<br \/><strong><em>Resposta:&nbsp;<\/em><\/strong>E &#8211; objetiva do ente p\u00fablico, em que n\u00e3o h\u00e1 necessidade de se demonstrar o dolo ou a culpa do Auditor Ant\u00f4nio, mas a a\u00e7\u00e3o de regresso&#8230;<\/p>\n\n\n\n<p><strong>Quest\u00e3o 75:&nbsp;<\/strong>Jo\u00e3o, Auditor T\u00e9cnico de Controle Externo do Tribunal de Contas do Amazonas&#8230;<br \/><strong><em>Resposta:&nbsp;<\/em><\/strong>D &#8211; praticou ato de improbidade administrativa, raz\u00e3o pela qual est\u00e1 sujeito a san\u00e7\u00f5es, como perda da fun\u00e7\u00e3o p\u00fablica e suspens\u00e3o&#8230;<\/p>\n\n\n\n<p><strong>Quest\u00e3o 76:&nbsp;<\/strong>A Secretaria de Seguran\u00e7a P\u00fablica do Amazonas considerou imprescind\u00edveis&#8230;<br \/><strong><em>Resposta:&nbsp;<\/em><\/strong>C &#8211; cinco anos e, transcorrido esse prazo ou consumado o evento que definiu o seu termo final, a informa\u00e7\u00e3o tornar-se-\u00e1, automaticamente, de acesso p\u00fablico;<\/p>\n\n\n\n<p><strong>Quest\u00e3o 77:&nbsp;<\/strong>O Estado Alfa foi instado pelo Tribunal de Contas estadual a incrementar a\u00e7\u00f5es&#8230;<br \/><strong><em>Resposta:&nbsp;<\/em><\/strong>B &#8211; libera\u00e7\u00e3o ao pleno conhecimento e acompanhamento da sociedade, em tempo real, de informa\u00e7\u00f5es pormenorizadas sobre&#8230;<\/p>\n\n\n\n<p><strong>Quest\u00e3o 78:&nbsp;<\/strong>A Lei n\u00ba 13.709\/2018 (Lei Geral de Prote\u00e7\u00e3o de Dados Pessoais &#8211; LGPD)&#8230;<br \/><strong><em>Resposta:&nbsp;<\/em><\/strong>D &#8211; tratamento compartilhado de dados necess\u00e1rios \u00e0 execu\u00e7\u00e3o, pela administra\u00e7\u00e3o p\u00fablica&#8230;<\/p>\n\n\n\n<p class=\"has-background\" style=\"background-color:#eeeff1\">[<strong>Obs.: <em>O professor n\u00e3o p\u00f4de realizar a corre\u00e7\u00e3o em v\u00eddeo, mas deixou para voc\u00eas os coment\u00e1rios acerca da quest\u00e3o:<\/em><\/strong><br \/>Vamos agora comentar uma quest\u00e3o bem tranquila de LGPD<br \/>78. A Lei n\u00ba 13.709\/2018 (Lei Geral de Prote\u00e7\u00e3o de Dados Pessoais &#8211; LGPD) disp\u00f5e sobre o tratamento de dados pessoais, inclusive nos meios digitais\u2026<br \/>A resposta correta \u00e9 a alternativa D) tratamento compartilhado de dados necess\u00e1rios \u00e0 execu\u00e7\u00e3o, pela administra\u00e7\u00e3o p\u00fablica, de pol\u00edticas previstas em leis ou regulamentos.<br \/>Art. 11. O tratamento de dados pessoais sens\u00edveis somente poder\u00e1 ocorrer nas seguintes hip\u00f3teses:<br \/>\u2026<br \/>II &#8211; sem fornecimento de consentimento do titular, nas hip\u00f3teses em que for indispens\u00e1vel para:<br \/>\u2026<br \/>b) tratamento compartilhado de dados necess\u00e1rios \u00e0 execu\u00e7\u00e3o, pela administra\u00e7\u00e3o p\u00fablica, de pol\u00edticas p\u00fablicas previstas em leis ou regulamentos;<br \/>Os demais itens possuem erros, a saber:<br \/>A) cumprimento de obriga\u00e7\u00e3o contratual referente a neg\u00f3cio jur\u00eddico \u2026.<br \/>N\u00e3o h\u00e1 esse tipo de informa\u00e7\u00e3o na Lei.<br \/>B) realiza\u00e7\u00e3o de estudos cient\u00edficos\u2026.<br \/>A anonimiza\u00e7\u00e3o \u00e9 garantida, sempre que poss\u00edvel.<br \/>C) comunica\u00e7\u00e3o ou uso compartilhado entre controladores\u2026.<br \/>O compartilhamento dever\u00e1 ter consentimento espec\u00edfico.<br \/>E) prote\u00e7\u00e3o da vida ou da incolumidade\u2026<br \/>Essa situa\u00e7\u00e3o depende de consentimento.]<\/p>\n\n\n\n<p><strong>Quest\u00e3o 79:&nbsp;<\/strong>Entre os instrumentos de transpar\u00eancia&nbsp;fiscal&nbsp;previstos na Lei&#8230;<br \/><strong><em>Resposta:&nbsp;<\/em><\/strong>D &#8211; ao Relat\u00f3rio Resumido da Execu\u00e7\u00e3o or\u00e7ament\u00e1ria;<\/p>\n\n\n\n<p><strong>Quest\u00e3o 80:&nbsp;<\/strong>Assegurar o direito fundamental de acesso \u00e0 informa\u00e7\u00e3o&#8230;<br \/><strong><em>Resposta:&nbsp;<\/em><\/strong>C &#8211; identifica\u00e7\u00e3o adequada dos solicitantes de informa\u00e7\u00f5es, mediante justificativa;<\/p>\n\n\n\n<h2 class=\"wp-block-heading\" id=\"h-ranking-estrategico\">Ranking Estrat\u00e9gico<\/h2>\n\n\n\n<p>Quer saber como fois eu desempenho frente a concorr\u00eancia? Ent\u00e3o preecnah seu gabarito e veja sua posi\u00e7\u00e3o no nosso Ranking Estrat\u00e9gico:<\/p>\n\n\n\n<p class=\"has-text-align-center has-vivid-cyan-blue-color has-text-color has-medium-font-size\"><strong><a href=\"https:\/\/docs.google.com\/forms\/d\/e\/1FAIpQLScYZL7khkORpn8gbJtTSWh8NrEhQOnVVvt3AvAxBenRidlHsA\/viewform\" target=\"_blank\" rel=\"noreferrer noopener\">Preencha seu gabarito<\/a><\/strong>  |  <strong><a href=\"https:\/\/docs.google.com\/spreadsheets\/d\/1B387dMv3QavPW0tRKbSvkYUh2eWj3cJwmVD84SKRkAA\/edit#gid=569530903~\" target=\"_blank\" rel=\"noreferrer noopener\">Ranking Estrat\u00e9gico<\/a><\/strong><\/p>\n\n\n\n<hr class=\"wp-block-separator has-css-opacity\"\/>\n\n\n\n<p class=\"has-background\" style=\"background-color:#daeaf4\"><strong>Confira tamb\u00e9m as quest\u00f5es comentadas pelos nossos professores. Basta acessar os links abaixo, separados por disciplinas:<\/strong><\/p>\n\n\n\n<ul class=\"wp-block-list\"><li><strong><em><a href=\"https:\/\/www.estrategiaconcursos.com.br\/blog\/gabarito-extraoficial-tce-am\/\" target=\"_blank\" rel=\"noreferrer noopener\">Quest\u00f5es comentadas TCE AM &#8211; AFO<\/a><\/em><\/strong><\/li><\/ul>\n\n\n\n<hr class=\"wp-block-separator has-css-opacity\"\/>\n\n\n\n<p class=\"has-text-align-center\"><em>Os gabaritos e cadernos de prova devem ser liberados no <a href=\"https:\/\/conhecimento.fgv.br\/concursos\/tceam21\" target=\"_blank\" rel=\"noreferrer noopener\">site da FGV<\/a> nos pr\u00f3ximos dias. Para mais informa\u00e7\u00f5es sobre o concurso TCE AM, acesse nosso artigo completo:<\/em><\/p>\n\n\n\n<p class=\"has-text-align-center has-luminous-vivid-amber-background-color has-background has-medium-font-size\"><strong>Mais informa\u00e7\u00f5es: <a href=\"https:\/\/www.estrategiaconcursos.com.br\/blog\/concurso-tce-am\/\" target=\"_blank\" rel=\"noreferrer noopener\">Concurso Tribunal de Contas AM<\/a><\/strong><\/p>\n\n\n\n<div id=\"boxes\" class=\"container\">\n<div class=\"row\">\n<div class=\"col-sm\">\n<div id=\"box-assinatura\" class=\"banner-tcg\">\n<h3 class=\"titulo-assinatura\">Concurso TCE AM<\/h3>\n<p class=\"subtitulo-assinatura\">Conhe\u00e7a os cursos<\/p>\n<div class=\"box-botao\"><a class=\"btn-assinatura\" role=\"button\" href=\"https:\/\/www.estrategiaconcursos.com.br\/cursosPorConcurso\/tribunal-de-contas-do-estado-do-amazonas-tce-am\/\" target=\"_blank\" rel=\"noopener noreferrer\">Conhe\u00e7a mais<\/a><\/div>\n<\/div>\n<\/div>\n<\/div>\n<\/div>\n\n\n\n<div class=\"container\" id=\"boxes\">\n  <div class=\"row\">\n\n    <div class=\"col-sm\">\n      <div class=\"estrategia\" id=\"box-assinatura\">\n        <h3 class=\"titulo-assinatura\">Assinatura Concursos<\/h3>\n        <p class=\"subtitulo-assinatura\">Assinatura de 1 ano ou 2 anos<\/p>\n        <div class=\"box-botao\">\n          <a class=\"btn-assinatura\" target=\"_blank\" href=\"https:\/\/www.estrategiaconcursos.com.br\/assinaturas\/\" role=\"button\" rel=\"noopener noreferrer\">ASSINE AGORA<\/a>\n        <\/div>\n      <\/div><\/div><\/div><\/div>\n\n\n\n<div class=\"container\" id=\"boxes\">\n  <div class=\"row\">\n\n    <div class=\"col-sm\" id=\"boxes-concursos\">\n      <div style=\"background-color: #005DAD;\" class=\"conteudo-concursos\" id=\"box-concursos\">\n        <h3 class=\"titulo-assinatura\">Concursos Abertos<\/h3>\n        <p class=\"subtitulo-assinatura\">Os editais publicados<\/p>\n        <div class=\"box-botao\">\n          <a class=\"btn-assinatura\" target=\"_blank\" href=\"https:\/\/www.estrategiaconcursos.com.br\/blog\/concursos-abertos\/\" role=\"button\" rel=\"noopener noreferrer\">Conhe\u00e7a Agora<\/a>\n        <\/div>\n      <\/div>\n    <\/div>\n\n    <div class=\"col-sm\" id=\"boxes-concursos\">\n      <div style=\"background-color: #1A7ED5;\" class=\"conteudo-concursos\" id=\"box-concursos\">\n        <h3 class=\"titulo-assinatura\">Concursos 2021<\/h3>\n        <p class=\"subtitulo-assinatura\">As oportunidades previstas<\/p>\n        <div class=\"box-botao\">\n          <a class=\"btn-assinatura\" target=\"_blank\" href=\"https:\/\/www.estrategiaconcursos.com.br\/blog\/concursos-2021\/\" role=\"button\" rel=\"noopener noreferrer\">Conhe\u00e7a Agora<\/a>\n        <\/div>\n      <\/div>\n    <\/div>\n\n    <div class=\"col-sm\" id=\"boxes-concursos\">\n      <div style=\"background-color: #419FF0;\" class=\"conteudo-concursos\" id=\"box-concursos\">\n        <h3 class=\"titulo-assinatura\">Concursos 2022<\/h3>\n        <p class=\"subtitulo-assinatura\">Vagas para o pr\u00f3ximo ano<\/p>\n        <div class=\"box-botao\">\n          <a class=\"btn-assinatura\" target=\"_blank\" href=\"https:\/\/www.estrategiaconcursos.com.br\/blog\/concursos-2022\/\" role=\"button\" rel=\"noopener noreferrer\">Conhe\u00e7a Agora<\/a>\n        <\/div>\n      <\/div>\n    <\/div>\n\n  <\/div>\n<\/div>\n\n\n\n<p><\/p>\n","protected":false},"excerpt":{"rendered":"<p>Gabarito extraoficial para o cargo de Auditoria Governamental do concurso TCE AM Aconteceu na manh\u00e3 desta quarta-feira, 18 de agosto de 2021, a aplica\u00e7\u00e3o da provas objetivas do concurso TCE AM (Tribunal de Contas do Amazonas) para a especialidade de Auditoria Governamental. Sob organiza\u00e7\u00e3o da FGV, os candidatos enfrentaram 80 quest\u00f5es do tipo m\u00faltipla escolha, [&hellip;]<\/p>\n","protected":false},"author":1,"featured_media":838495,"comment_status":"open","ping_status":"closed","sticky":false,"template":"","format":"standard","meta":{"post_tipo":"news","footnotes":""},"categories":[214710,220219],"tags":[],"tax_estado":[219966],"class_list":["post-838482","post","type-post","status-publish","format-standard","has-post-thumbnail","hentry","category-tribunais-de-contas","category-noticias","tax_estado-am"],"acf":[],"yoast_head":"<!-- This site is optimized with the Yoast SEO Premium plugin v27.2 (Yoast SEO v27.2) - https:\/\/yoast.com\/product\/yoast-seo-premium-wordpress\/ -->\n<title>Gabarito Extraoficial TCE AM: confira a corre\u00e7\u00e3o de prova<\/title>\n<meta name=\"description\" content=\"Concurso TCE AM 2021: confira a corre\u00e7\u00e3o da prova e o gabarito extraoficial para a especialidade de Auditoria Governamental.\" \/>\n<meta name=\"robots\" content=\"index, follow, max-snippet:-1, max-image-preview:large, max-video-preview:-1\" \/>\n<link rel=\"canonical\" href=\"https:\/\/www.estrategiaconcursos.com.br\/blog\/concurso-tce-am-gabarito-extraoficial-correcao-de-prova\/\" \/>\n<meta property=\"og:locale\" content=\"pt_BR\" \/>\n<meta property=\"og:type\" content=\"article\" \/>\n<meta property=\"og:title\" content=\"Gabarito Extraoficial TCE AM: confira a corre\u00e7\u00e3o de prova\" \/>\n<meta property=\"og:description\" content=\"Concurso TCE AM 2021: confira a corre\u00e7\u00e3o da prova e o gabarito extraoficial para a especialidade de Auditoria Governamental.\" \/>\n<meta property=\"og:url\" content=\"https:\/\/www.estrategiaconcursos.com.br\/blog\/concurso-tce-am-gabarito-extraoficial-correcao-de-prova\/\" \/>\n<meta property=\"og:site_name\" content=\"Estrat\u00e9gia Concursos\" \/>\n<meta property=\"article:author\" content=\"https:\/\/www.facebook.com\/EstrategiaConcursos\" \/>\n<meta property=\"article:published_time\" content=\"2021-08-18T15:30:00+00:00\" \/>\n<meta property=\"article:modified_time\" content=\"2022-10-26T19:56:57+00:00\" \/>\n<meta property=\"og:image\" content=\"https:\/\/dhg1h5j42swfq.cloudfront.net\/2021\/08\/17140620\/am.jpg\" \/>\n\t<meta property=\"og:image:width\" content=\"1282\" \/>\n\t<meta property=\"og:image:height\" content=\"651\" \/>\n\t<meta property=\"og:image:type\" content=\"image\/jpeg\" \/>\n<meta name=\"author\" content=\"Coordena\u00e7\u00e3o\" \/>\n<meta name=\"twitter:card\" content=\"summary_large_image\" \/>\n<meta name=\"twitter:creator\" content=\"@EstratConcursos\" \/>\n<meta name=\"twitter:site\" content=\"@EstratConcursos\" \/>\n<meta name=\"twitter:label1\" content=\"Escrito por\" \/>\n\t<meta name=\"twitter:data1\" content=\"Coordena\u00e7\u00e3o\" \/>\n\t<meta name=\"twitter:label2\" content=\"Est. tempo de leitura\" \/>\n\t<meta name=\"twitter:data2\" content=\"12 minutos\" \/>\n<script type=\"application\/ld+json\" class=\"yoast-schema-graph\">{\"@context\":\"https:\/\/schema.org\",\"@graph\":[{\"@type\":\"NewsArticle\",\"@id\":\"https:\/\/www.estrategiaconcursos.com.br\/blog\/concurso-tce-am-gabarito-extraoficial-correcao-de-prova\/#article\",\"isPartOf\":{\"@id\":\"https:\/\/www.estrategiaconcursos.com.br\/blog\/concurso-tce-am-gabarito-extraoficial-correcao-de-prova\/\"},\"author\":{\"name\":\"Coordena\u00e7\u00e3o\",\"@id\":\"https:\/\/www.estrategiaconcursos.com.br\/blog\/#\/schema\/person\/b4a388c97673c5f483d72185668afa1f\"},\"headline\":\"Gabarito Extraoficial TCE AM: confira a corre\u00e7\u00e3o de prova\",\"datePublished\":\"2021-08-18T15:30:00+00:00\",\"dateModified\":\"2022-10-26T19:56:57+00:00\",\"mainEntityOfPage\":{\"@id\":\"https:\/\/www.estrategiaconcursos.com.br\/blog\/concurso-tce-am-gabarito-extraoficial-correcao-de-prova\/\"},\"wordCount\":3040,\"commentCount\":0,\"publisher\":{\"@id\":\"https:\/\/www.estrategiaconcursos.com.br\/blog\/#organization\"},\"image\":{\"@id\":\"https:\/\/www.estrategiaconcursos.com.br\/blog\/concurso-tce-am-gabarito-extraoficial-correcao-de-prova\/#primaryimage\"},\"thumbnailUrl\":\"https:\/\/dhg1h5j42swfq.cloudfront.net\/2021\/08\/17140620\/am.jpg\",\"articleSection\":[\"Tribunais de Contas (TCU, TCE, TCM)\",\"\u00daltimas not\u00edcias\"],\"inLanguage\":\"pt-BR\",\"potentialAction\":[{\"@type\":\"CommentAction\",\"name\":\"Comment\",\"target\":[\"https:\/\/www.estrategiaconcursos.com.br\/blog\/concurso-tce-am-gabarito-extraoficial-correcao-de-prova\/#respond\"]}],\"copyrightYear\":\"2021\",\"copyrightHolder\":{\"@id\":\"https:\/\/www.estrategiaconcursos.com.br\/blog\/#organization\"}},{\"@type\":\"WebPage\",\"@id\":\"https:\/\/www.estrategiaconcursos.com.br\/blog\/concurso-tce-am-gabarito-extraoficial-correcao-de-prova\/\",\"url\":\"https:\/\/www.estrategiaconcursos.com.br\/blog\/concurso-tce-am-gabarito-extraoficial-correcao-de-prova\/\",\"name\":\"Gabarito Extraoficial TCE AM: confira a corre\u00e7\u00e3o de prova\",\"isPartOf\":{\"@id\":\"https:\/\/www.estrategiaconcursos.com.br\/blog\/#website\"},\"primaryImageOfPage\":{\"@id\":\"https:\/\/www.estrategiaconcursos.com.br\/blog\/concurso-tce-am-gabarito-extraoficial-correcao-de-prova\/#primaryimage\"},\"image\":{\"@id\":\"https:\/\/www.estrategiaconcursos.com.br\/blog\/concurso-tce-am-gabarito-extraoficial-correcao-de-prova\/#primaryimage\"},\"thumbnailUrl\":\"https:\/\/dhg1h5j42swfq.cloudfront.net\/2021\/08\/17140620\/am.jpg\",\"datePublished\":\"2021-08-18T15:30:00+00:00\",\"dateModified\":\"2022-10-26T19:56:57+00:00\",\"description\":\"Concurso TCE AM 2021: confira a corre\u00e7\u00e3o da prova e o gabarito extraoficial para a especialidade de Auditoria Governamental.\",\"breadcrumb\":{\"@id\":\"https:\/\/www.estrategiaconcursos.com.br\/blog\/concurso-tce-am-gabarito-extraoficial-correcao-de-prova\/#breadcrumb\"},\"inLanguage\":\"pt-BR\",\"potentialAction\":[{\"@type\":\"ReadAction\",\"target\":[\"https:\/\/www.estrategiaconcursos.com.br\/blog\/concurso-tce-am-gabarito-extraoficial-correcao-de-prova\/\"]}]},{\"@type\":\"ImageObject\",\"inLanguage\":\"pt-BR\",\"@id\":\"https:\/\/www.estrategiaconcursos.com.br\/blog\/concurso-tce-am-gabarito-extraoficial-correcao-de-prova\/#primaryimage\",\"url\":\"https:\/\/dhg1h5j42swfq.cloudfront.net\/2021\/08\/17140620\/am.jpg\",\"contentUrl\":\"https:\/\/dhg1h5j42swfq.cloudfront.net\/2021\/08\/17140620\/am.jpg\",\"width\":1282,\"height\":651},{\"@type\":\"BreadcrumbList\",\"@id\":\"https:\/\/www.estrategiaconcursos.com.br\/blog\/concurso-tce-am-gabarito-extraoficial-correcao-de-prova\/#breadcrumb\",\"itemListElement\":[{\"@type\":\"ListItem\",\"position\":1,\"name\":\"In\u00edcio\",\"item\":\"https:\/\/www.estrategiaconcursos.com.br\/blog\/\"},{\"@type\":\"ListItem\",\"position\":2,\"name\":\"Gabarito Extraoficial TCE AM: confira a corre\u00e7\u00e3o de prova\"}]},{\"@type\":\"WebSite\",\"@id\":\"https:\/\/www.estrategiaconcursos.com.br\/blog\/#website\",\"url\":\"https:\/\/www.estrategiaconcursos.com.br\/blog\/\",\"name\":\"Estrat\u00e9gia Concursos\",\"description\":\"O blog da Estrat\u00e9gia Concursos traz not\u00edcias sobre concursos e artigos de professores oferecendo cursos para concursos (pdf + videaulas) no site.\",\"publisher\":{\"@id\":\"https:\/\/www.estrategiaconcursos.com.br\/blog\/#organization\"},\"potentialAction\":[{\"@type\":\"SearchAction\",\"target\":{\"@type\":\"EntryPoint\",\"urlTemplate\":\"https:\/\/www.estrategiaconcursos.com.br\/blog\/?s={search_term_string}\"},\"query-input\":{\"@type\":\"PropertyValueSpecification\",\"valueRequired\":true,\"valueName\":\"search_term_string\"}}],\"inLanguage\":\"pt-BR\"},{\"@type\":\"Organization\",\"@id\":\"https:\/\/www.estrategiaconcursos.com.br\/blog\/#organization\",\"name\":\"Estrat\u00e9gia Concursos\",\"url\":\"https:\/\/www.estrategiaconcursos.com.br\/blog\/\",\"logo\":{\"@type\":\"ImageObject\",\"inLanguage\":\"pt-BR\",\"@id\":\"https:\/\/www.estrategiaconcursos.com.br\/blog\/#\/schema\/logo\/image\/\",\"url\":\"https:\/\/dhg1h5j42swfq.cloudfront.net\/2025\/06\/03203428\/logo_concursos-1.jpg\",\"contentUrl\":\"https:\/\/dhg1h5j42swfq.cloudfront.net\/2025\/06\/03203428\/logo_concursos-1.jpg\",\"width\":230,\"height\":60,\"caption\":\"Estrat\u00e9gia Concursos\"},\"image\":{\"@id\":\"https:\/\/www.estrategiaconcursos.com.br\/blog\/#\/schema\/logo\/image\/\"},\"sameAs\":[\"https:\/\/x.com\/EstratConcursos\"]},{\"@type\":\"Person\",\"@id\":\"https:\/\/www.estrategiaconcursos.com.br\/blog\/#\/schema\/person\/b4a388c97673c5f483d72185668afa1f\",\"name\":\"Coordena\u00e7\u00e3o\",\"image\":{\"@type\":\"ImageObject\",\"inLanguage\":\"pt-BR\",\"@id\":\"https:\/\/secure.gravatar.com\/avatar\/b720319e4c9a967eb58678d110f4fe35452fc5d5f97b202bac7b8acceb18c6ad?s=96&d=mm&r=g\",\"url\":\"https:\/\/secure.gravatar.com\/avatar\/b720319e4c9a967eb58678d110f4fe35452fc5d5f97b202bac7b8acceb18c6ad?s=96&d=mm&r=g\",\"contentUrl\":\"https:\/\/secure.gravatar.com\/avatar\/b720319e4c9a967eb58678d110f4fe35452fc5d5f97b202bac7b8acceb18c6ad?s=96&d=mm&r=g\",\"caption\":\"Coordena\u00e7\u00e3o\"},\"sameAs\":[\"https:\/\/www.facebook.com\/EstrategiaConcursos\",\"https:\/\/x.com\/EstratConcursos\"],\"url\":\"https:\/\/www.estrategiaconcursos.com.br\/blog\/author\/estrategia2013\/\"}]}<\/script>\n<!-- \/ Yoast SEO Premium plugin. -->","yoast_head_json":{"title":"Gabarito Extraoficial TCE AM: confira a corre\u00e7\u00e3o de prova","description":"Concurso TCE AM 2021: confira a corre\u00e7\u00e3o da prova e o gabarito extraoficial para a especialidade de Auditoria Governamental.","robots":{"index":"index","follow":"follow","max-snippet":"max-snippet:-1","max-image-preview":"max-image-preview:large","max-video-preview":"max-video-preview:-1"},"canonical":"https:\/\/www.estrategiaconcursos.com.br\/blog\/concurso-tce-am-gabarito-extraoficial-correcao-de-prova\/","og_locale":"pt_BR","og_type":"article","og_title":"Gabarito Extraoficial TCE AM: confira a corre\u00e7\u00e3o de prova","og_description":"Concurso TCE AM 2021: confira a corre\u00e7\u00e3o da prova e o gabarito extraoficial para a especialidade de Auditoria Governamental.","og_url":"https:\/\/www.estrategiaconcursos.com.br\/blog\/concurso-tce-am-gabarito-extraoficial-correcao-de-prova\/","og_site_name":"Estrat\u00e9gia Concursos","article_author":"https:\/\/www.facebook.com\/EstrategiaConcursos","article_published_time":"2021-08-18T15:30:00+00:00","article_modified_time":"2022-10-26T19:56:57+00:00","og_image":[{"width":1282,"height":651,"url":"https:\/\/dhg1h5j42swfq.cloudfront.net\/2021\/08\/17140620\/am.jpg","type":"image\/jpeg"}],"author":"Coordena\u00e7\u00e3o","twitter_card":"summary_large_image","twitter_creator":"@EstratConcursos","twitter_site":"@EstratConcursos","twitter_misc":{"Escrito por":"Coordena\u00e7\u00e3o","Est. tempo de leitura":"12 minutos"},"schema":{"@context":"https:\/\/schema.org","@graph":[{"@type":"NewsArticle","@id":"https:\/\/www.estrategiaconcursos.com.br\/blog\/concurso-tce-am-gabarito-extraoficial-correcao-de-prova\/#article","isPartOf":{"@id":"https:\/\/www.estrategiaconcursos.com.br\/blog\/concurso-tce-am-gabarito-extraoficial-correcao-de-prova\/"},"author":{"name":"Coordena\u00e7\u00e3o","@id":"https:\/\/www.estrategiaconcursos.com.br\/blog\/#\/schema\/person\/b4a388c97673c5f483d72185668afa1f"},"headline":"Gabarito Extraoficial TCE AM: confira a corre\u00e7\u00e3o de prova","datePublished":"2021-08-18T15:30:00+00:00","dateModified":"2022-10-26T19:56:57+00:00","mainEntityOfPage":{"@id":"https:\/\/www.estrategiaconcursos.com.br\/blog\/concurso-tce-am-gabarito-extraoficial-correcao-de-prova\/"},"wordCount":3040,"commentCount":0,"publisher":{"@id":"https:\/\/www.estrategiaconcursos.com.br\/blog\/#organization"},"image":{"@id":"https:\/\/www.estrategiaconcursos.com.br\/blog\/concurso-tce-am-gabarito-extraoficial-correcao-de-prova\/#primaryimage"},"thumbnailUrl":"https:\/\/dhg1h5j42swfq.cloudfront.net\/2021\/08\/17140620\/am.jpg","articleSection":["Tribunais de Contas (TCU, TCE, TCM)","\u00daltimas not\u00edcias"],"inLanguage":"pt-BR","potentialAction":[{"@type":"CommentAction","name":"Comment","target":["https:\/\/www.estrategiaconcursos.com.br\/blog\/concurso-tce-am-gabarito-extraoficial-correcao-de-prova\/#respond"]}],"copyrightYear":"2021","copyrightHolder":{"@id":"https:\/\/www.estrategiaconcursos.com.br\/blog\/#organization"}},{"@type":"WebPage","@id":"https:\/\/www.estrategiaconcursos.com.br\/blog\/concurso-tce-am-gabarito-extraoficial-correcao-de-prova\/","url":"https:\/\/www.estrategiaconcursos.com.br\/blog\/concurso-tce-am-gabarito-extraoficial-correcao-de-prova\/","name":"Gabarito Extraoficial TCE AM: confira a corre\u00e7\u00e3o de prova","isPartOf":{"@id":"https:\/\/www.estrategiaconcursos.com.br\/blog\/#website"},"primaryImageOfPage":{"@id":"https:\/\/www.estrategiaconcursos.com.br\/blog\/concurso-tce-am-gabarito-extraoficial-correcao-de-prova\/#primaryimage"},"image":{"@id":"https:\/\/www.estrategiaconcursos.com.br\/blog\/concurso-tce-am-gabarito-extraoficial-correcao-de-prova\/#primaryimage"},"thumbnailUrl":"https:\/\/dhg1h5j42swfq.cloudfront.net\/2021\/08\/17140620\/am.jpg","datePublished":"2021-08-18T15:30:00+00:00","dateModified":"2022-10-26T19:56:57+00:00","description":"Concurso TCE AM 2021: confira a corre\u00e7\u00e3o da prova e o gabarito extraoficial para a especialidade de Auditoria Governamental.","breadcrumb":{"@id":"https:\/\/www.estrategiaconcursos.com.br\/blog\/concurso-tce-am-gabarito-extraoficial-correcao-de-prova\/#breadcrumb"},"inLanguage":"pt-BR","potentialAction":[{"@type":"ReadAction","target":["https:\/\/www.estrategiaconcursos.com.br\/blog\/concurso-tce-am-gabarito-extraoficial-correcao-de-prova\/"]}]},{"@type":"ImageObject","inLanguage":"pt-BR","@id":"https:\/\/www.estrategiaconcursos.com.br\/blog\/concurso-tce-am-gabarito-extraoficial-correcao-de-prova\/#primaryimage","url":"https:\/\/dhg1h5j42swfq.cloudfront.net\/2021\/08\/17140620\/am.jpg","contentUrl":"https:\/\/dhg1h5j42swfq.cloudfront.net\/2021\/08\/17140620\/am.jpg","width":1282,"height":651},{"@type":"BreadcrumbList","@id":"https:\/\/www.estrategiaconcursos.com.br\/blog\/concurso-tce-am-gabarito-extraoficial-correcao-de-prova\/#breadcrumb","itemListElement":[{"@type":"ListItem","position":1,"name":"In\u00edcio","item":"https:\/\/www.estrategiaconcursos.com.br\/blog\/"},{"@type":"ListItem","position":2,"name":"Gabarito Extraoficial TCE AM: confira a corre\u00e7\u00e3o de prova"}]},{"@type":"WebSite","@id":"https:\/\/www.estrategiaconcursos.com.br\/blog\/#website","url":"https:\/\/www.estrategiaconcursos.com.br\/blog\/","name":"Estrat\u00e9gia Concursos","description":"O blog da Estrat\u00e9gia Concursos traz not\u00edcias sobre concursos e artigos de professores oferecendo cursos para concursos (pdf + videaulas) no site.","publisher":{"@id":"https:\/\/www.estrategiaconcursos.com.br\/blog\/#organization"},"potentialAction":[{"@type":"SearchAction","target":{"@type":"EntryPoint","urlTemplate":"https:\/\/www.estrategiaconcursos.com.br\/blog\/?s={search_term_string}"},"query-input":{"@type":"PropertyValueSpecification","valueRequired":true,"valueName":"search_term_string"}}],"inLanguage":"pt-BR"},{"@type":"Organization","@id":"https:\/\/www.estrategiaconcursos.com.br\/blog\/#organization","name":"Estrat\u00e9gia Concursos","url":"https:\/\/www.estrategiaconcursos.com.br\/blog\/","logo":{"@type":"ImageObject","inLanguage":"pt-BR","@id":"https:\/\/www.estrategiaconcursos.com.br\/blog\/#\/schema\/logo\/image\/","url":"https:\/\/dhg1h5j42swfq.cloudfront.net\/2025\/06\/03203428\/logo_concursos-1.jpg","contentUrl":"https:\/\/dhg1h5j42swfq.cloudfront.net\/2025\/06\/03203428\/logo_concursos-1.jpg","width":230,"height":60,"caption":"Estrat\u00e9gia Concursos"},"image":{"@id":"https:\/\/www.estrategiaconcursos.com.br\/blog\/#\/schema\/logo\/image\/"},"sameAs":["https:\/\/x.com\/EstratConcursos"]},{"@type":"Person","@id":"https:\/\/www.estrategiaconcursos.com.br\/blog\/#\/schema\/person\/b4a388c97673c5f483d72185668afa1f","name":"Coordena\u00e7\u00e3o","image":{"@type":"ImageObject","inLanguage":"pt-BR","@id":"https:\/\/secure.gravatar.com\/avatar\/b720319e4c9a967eb58678d110f4fe35452fc5d5f97b202bac7b8acceb18c6ad?s=96&d=mm&r=g","url":"https:\/\/secure.gravatar.com\/avatar\/b720319e4c9a967eb58678d110f4fe35452fc5d5f97b202bac7b8acceb18c6ad?s=96&d=mm&r=g","contentUrl":"https:\/\/secure.gravatar.com\/avatar\/b720319e4c9a967eb58678d110f4fe35452fc5d5f97b202bac7b8acceb18c6ad?s=96&d=mm&r=g","caption":"Coordena\u00e7\u00e3o"},"sameAs":["https:\/\/www.facebook.com\/EstrategiaConcursos","https:\/\/x.com\/EstratConcursos"],"url":"https:\/\/www.estrategiaconcursos.com.br\/blog\/author\/estrategia2013\/"}]}},"_links":{"self":[{"href":"https:\/\/www.estrategiaconcursos.com.br\/blog\/wp-json\/wp\/v2\/posts\/838482","targetHints":{"allow":["GET"]}}],"collection":[{"href":"https:\/\/www.estrategiaconcursos.com.br\/blog\/wp-json\/wp\/v2\/posts"}],"about":[{"href":"https:\/\/www.estrategiaconcursos.com.br\/blog\/wp-json\/wp\/v2\/types\/post"}],"author":[{"embeddable":true,"href":"https:\/\/www.estrategiaconcursos.com.br\/blog\/wp-json\/wp\/v2\/users\/1"}],"replies":[{"embeddable":true,"href":"https:\/\/www.estrategiaconcursos.com.br\/blog\/wp-json\/wp\/v2\/comments?post=838482"}],"version-history":[{"count":153,"href":"https:\/\/www.estrategiaconcursos.com.br\/blog\/wp-json\/wp\/v2\/posts\/838482\/revisions"}],"predecessor-version":[{"id":1116173,"href":"https:\/\/www.estrategiaconcursos.com.br\/blog\/wp-json\/wp\/v2\/posts\/838482\/revisions\/1116173"}],"wp:featuredmedia":[{"embeddable":true,"href":"https:\/\/www.estrategiaconcursos.com.br\/blog\/wp-json\/wp\/v2\/media\/838495"}],"wp:attachment":[{"href":"https:\/\/www.estrategiaconcursos.com.br\/blog\/wp-json\/wp\/v2\/media?parent=838482"}],"wp:term":[{"taxonomy":"category","embeddable":true,"href":"https:\/\/www.estrategiaconcursos.com.br\/blog\/wp-json\/wp\/v2\/categories?post=838482"},{"taxonomy":"post_tag","embeddable":true,"href":"https:\/\/www.estrategiaconcursos.com.br\/blog\/wp-json\/wp\/v2\/tags?post=838482"},{"taxonomy":"tax_estado","embeddable":true,"href":"https:\/\/www.estrategiaconcursos.com.br\/blog\/wp-json\/wp\/v2\/tax_estado?post=838482"}],"curies":[{"name":"wp","href":"https:\/\/api.w.org\/{rel}","templated":true}]}}