{"id":838450,"date":"2026-03-19T10:00:00","date_gmt":"2026-03-19T13:00:00","guid":{"rendered":"https:\/\/www.estrategiaconcursos.com.br\/blog\/?p=838450"},"modified":"2026-04-13T15:28:21","modified_gmt":"2026-04-13T18:28:21","slug":"concurso-seduc-go","status":"publish","type":"post","link":"https:\/\/www.estrategiaconcursos.com.br\/blog\/concurso-seduc-go\/","title":{"rendered":"Concurso SEDUC GO: novo edital anunciado para 2026!"},"content":{"rendered":"<p><center><a id=\"cta-icon\" href=\"https:\/\/sndflw.com\/i\/seduc-go-grupo\" target=\"_blank\" style=\"background:#29a61a; display:inline-flex; align-items:center; padding:10px 15px; border-radius:6px; color:#fff; text-decoration:none; font-weight:500; font-size:15px;\"><img decoding=\"async\" src=\"https:\/\/dhg1h5j42swfq.cloudfront.net\/2023\/12\/07154107\/whatsapp_13851.png\" alt=\"\" style=\"width:20px; height:20px; margin-right:8px;\"><span>Acesse agora o Grupo de Estudos para o Concurso SEDUC GO<\/span><\/a><\/center><\/p>\n\n\n\n<p>A <a href=\"https:\/\/www.estrategiaconcursos.com.br\/cursosPorConcurso\/secretaria-de-estado-da-educacao-de-goias-seduc-go\/\" target=\"_blank\" rel=\"noreferrer noopener\">Secretaria de Educa\u00e7\u00e3o de Goi\u00e1s<\/a> <strong>(SEDUC GO)<\/strong> prepara um novo concurso para 2026! <\/p>\n\n\n\n<p>A informa\u00e7\u00e3o foi confirmada pelo superintendente de Gest\u00e3o e Desenvolvimento de Pessoas da Secretaria de Estado da Educa\u00e7\u00e3o (Seduc), Hudson Amaral, em entrevista ao Di\u00e1rio de Goi\u00e1s.<\/p>\n\n\n\n<p>Segundo Hudson, o certame ser\u00e1 estruturado com base nas&nbsp;<strong>necessidades de cada cidade e disciplina<\/strong>. Assim, ainda n\u00e3o h\u00e1 uma previs\u00e3o de quantas vagas e quais \u00e1reas ser\u00e3o contempladas, o que dever\u00e1 ser analisado.<\/p>\n\n\n\n<p><em>\u201cNosso concurso \u00e9 por disciplina, por cidade, por regi\u00e3o. N\u00e3o adianta ter um professor de matem\u00e1tica onde n\u00e3o h\u00e1 vaga\u201d<\/em>, afirmou durante a entrevista.<\/p>\n\n\n\n<p>Vale lembrar que o \u00faltimo concurso, realizado em 2022, segue vigente at\u00e9 julho de 2027 e recentemente foram <a href=\"https:\/\/www.estrategiaconcursos.com.br\/blog\/concurso-seduc-go-2022-convocacoes-autorizadas\/\">autorizados 1.391 novos educadores<\/a>.<\/p>\n\n\n\n<p>Confira mais informa\u00e7\u00f5es no decorrer do artigo!<\/p>\n\n\n\n<ul class=\"wp-block-list has-pale-ocean-gradient-background has-background\">\n<li><strong>Concurso Seduc GO<\/strong><\/li>\n\n\n\n<li><strong>Status:<\/strong> anunciado para 2026<\/li>\n\n\n\n<li><strong>Vagas:<\/strong> a definir<\/li>\n\n\n\n<li><strong>Cargos: <\/strong>a definir<\/li>\n\n\n\n<li><strong>Sal\u00e1rios:<\/strong> de R$ 1.971,69 a R$ 3.943,37 [\u00faltimo edital]<\/li>\n\n\n\n<li>\u00daltimo edital: <a href=\"https:\/\/www.iades.com.br\/inscricao\/upload\/308\/202207158341948.pdf\">Seduc GO 2022<\/a><\/li>\n<\/ul>\n\n\n\n<div class=\"col-sm\">\n      <div class=\"banner-estrategia\" id=\"box-assinatura\">\n        <h3 class=\"titulo-assinatura\">Cursos para SEDUC GO<\/h3>\n        <p class=\"subtitulo-assinatura\">Conhe\u00e7a os cursos<\/p>\n        <div class=\"box-botao\">\n          <a class=\"btn-assinatura\" target=\"_blank\" href=\"https:\/\/www.estrategiaconcursos.com.br\/cursosPorConcurso\/secretaria-de-estado-da-educacao-de-goias-seduc-go\/\" role=\"button\" rel=\"noopener noreferrer\">Conhe\u00e7a mais<\/a>\n        <\/div>\n      <\/div>\n      <p class=\"texto-auxiliar\">Prepare-se com o melhor material e com quem mais aprova em Concursos P\u00fablicos em todo o pa\u00eds.<\/p>\n    <\/div>\n\n\n\n<ul class=\"wp-block-list\">\n<li><a href=\"#situacao-atual\"><strong>Situa\u00e7\u00e3o atual <\/strong><\/a>\n<ul class=\"wp-block-list\">\n<li><a href=\"#h-nova-selecao-prevista\"><strong>Nova sele\u00e7\u00e3o prevista<\/strong><\/a><\/li>\n\n\n\n<li><a href=\"#resultado-final\"><strong>Resultado final<\/strong><\/a><\/li>\n<\/ul>\n<\/li>\n\n\n\n<li><a href=\"#cargos-e-requisitos\"><strong>Cargos e requisitos<\/strong><\/a><\/li>\n\n\n\n<li><a href=\"#carreira\"><strong>Carreira<\/strong><\/a>\n<ul class=\"wp-block-list\">\n<li><strong><a href=\"#salarios\">Sal\u00e1rios e Benef\u00edcios<\/a><\/strong><\/li>\n\n\n\n<li><a href=\"#atribuicoes\"><strong>Atribui\u00e7\u00f5es <\/strong><\/a><\/li>\n<\/ul>\n<\/li>\n\n\n\n<li><a href=\"#concurso-seduc-go-provas-e-etapas\"><strong>Provas e etapas<\/strong><\/a>\n<ul class=\"wp-block-list\">\n<li><a href=\"#prova-objetiva\"><strong>Prova objetiva<\/strong><\/a><\/li>\n\n\n\n<li><a href=\"#prova-de-titulos\"><strong>Prova de t\u00edtulos<\/strong><\/a><\/li>\n<\/ul>\n<\/li>\n\n\n\n<li><a href=\"#analise\"><strong>An\u00e1lise do edital<\/strong><\/a><\/li>\n\n\n\n<li><strong><a href=\"#ultimo\">\u00daltimo concurso SEDUC GO<\/a><\/strong><\/li>\n\n\n\n<li><strong><a href=\"#etapas\">Etapas de  provas<\/a><\/strong>\n<ul class=\"wp-block-list\">\n<li><strong><a href=\"#objetiva\">Prova Objetiva<\/a><\/strong><\/li>\n\n\n\n<li><strong><a href=\"#titulos\">Avalia\u00e7\u00e3o de T\u00edtulos<\/a><\/strong><\/li>\n<\/ul>\n<\/li>\n\n\n\n<li><strong><a href=\"#cursos\">Cursos<\/a><\/strong><\/li>\n\n\n\n<li><strong><a href=\"#ficha\">Ficha T\u00e9cnica<\/a><\/strong><\/li>\n<\/ul>\n\n\n\n<h2 class=\"wp-block-heading\">Concurso SEDUC GO: situa\u00e7\u00e3o atual<\/h2>\n\n\n\n<h3 class=\"wp-block-heading\" id=\"h-nova-selecao-prevista\">Nova sele\u00e7\u00e3o prevista<\/h3>\n\n\n\n<p>Um novo concurso p\u00fablico para a&nbsp;<strong><a href=\"https:\/\/www.estrategiaconcursos.com.br\/cursosPorConcurso\/secretaria-de-estado-da-educacao-de-goias-seduc-go\/\" target=\"_blank\" rel=\"noreferrer noopener\">Secretaria de Educa\u00e7\u00e3o do Estado de Goi\u00e1s<\/a>&nbsp;(Seduc GO)<\/strong>&nbsp;foi anunciado para&nbsp;<strong>2026<\/strong>!<\/p>\n\n\n\n<p>A informa\u00e7\u00e3o foi confirmada pelo superintendente de Gest\u00e3o e Desenvolvimento de Pessoas da Secretaria de Estado da Educa\u00e7\u00e3o (Seduc), Hudson Amaral, em entrevista ao Di\u00e1rio de Goi\u00e1s.<\/p>\n\n\n\n<p>Segundo Hudson, o certame ser\u00e1 estruturado com base nas&nbsp;<strong>necessidades de cada cidade e disciplina<\/strong>. Assim, ainda n\u00e3o h\u00e1 uma previs\u00e3o de quantas vagas e quais \u00e1reas ser\u00e3o contempladas, o que dever\u00e1 ser analisado.<\/p>\n\n\n\n<p><em>\u201cNosso concurso \u00e9 por disciplina, por cidade, por regi\u00e3o. N\u00e3o adianta ter um professor de matem\u00e1tica onde n\u00e3o h\u00e1 vaga\u201d<\/em>, afirmou durante a entrevista.<\/p>\n\n\n\n<p>O <a href=\"https:\/\/www.estrategiaconcursos.com.br\/blog\/concurso-seduc-go-anunciado-para-2026\/\">modelo regionalizado<\/a> j\u00e1 vinha sendo utilizado em concursos anteriores, mas agora dever\u00e1 ser aprimorado, atendendo de forma ainda mais eficiente cada unidade. <\/p>\n\n\n\n<h2 class=\"wp-block-heading\" id=\"ultimo\">\u00daltimo concurso SEDUC GO<\/h2>\n\n\n\n<p>O \u00faltimo concurso ofertou, em 2022, <strong>5.050 vagas<\/strong> na carreira de professor de n\u00edvel III, e as nomea\u00e7\u00f5es seguem acontecendo em 2025.<\/p>\n\n\n\n<p>O certame foi <a href=\"https:\/\/dhg1h5j42swfq.cloudfront.net\/2023\/08\/05175147\/seduc-go.pdf\">prorrogado<\/a> e segue vigente at\u00e9 julho de 2027. <\/p>\n\n\n\n<p>Foram 3.160 convocados para posse at\u00e9 dezembro de 2024 e mais 1.391 ser\u00e3o convocados em 2026.<\/p>\n\n\n\n<p>O cargo exige <strong>n\u00edvel superior<\/strong> na especialidade pretendida e conta com sal\u00e1rios iniciais de <strong>R$ 1.971,69<\/strong> a <strong>R$ 3.943,37<\/strong>, a depender da carga hor\u00e1ria.<\/p>\n\n\n\n<h3 class=\"wp-block-heading\" id=\"h-resultado-final\"><span style=\"font-size: revert; font-weight: revert;\">Resultado final<\/span><\/h3>\n\n\n\n<p>O resultado final foi divulgado no dia 23 de janeiro de 2023. Confira abaixo o resultado publicado pela banca Iades, organizadora do certame:<\/p>\n\n\n\n<ul style=\"background-color:#7cdb7b4a\" class=\"wp-block-list has-background\">\n<li><strong><a href=\"https:\/\/dhg1h5j42swfq.cloudfront.net\/2023\/01\/23144659\/concurso-seduc-go-resultado-final.pdf\" target=\"_blank\" rel=\"noreferrer noopener nofollow\">Resultado final<\/a><\/strong>.<\/li>\n<\/ul>\n\n\n\n<h2 class=\"wp-block-heading\" id=\"cargos-e-requisitos\">\u00daltimo concurso Seduc GO: cargos e requisitos<\/h2>\n\n\n\n<p>As vagas para a carreira de <strong>professor de<\/strong> <strong>n\u00edvel III do edital Seduc GO <\/strong>se dividiram entre as seguintes especialidades:<\/p>\n\n\n\n<figure class=\"wp-block-table is-style-stripes\"><table class=\"has-fixed-layout\"><thead><tr><th class=\"has-text-align-center\" data-align=\"center\">Especialidade<\/th><th>Requisitos<\/th><\/tr><\/thead><tbody><tr><td class=\"has-text-align-center\" data-align=\"center\"><strong>ARTES&nbsp;\u2013&nbsp;ARTES VISUAIS<\/strong><\/td><td>Diploma de gradua\u00e7\u00e3o, de conclus\u00e3o de curso de n\u00edvel superior de Licenciatura Plena em Artes Visuais ou Educa\u00e7\u00e3o Art\u00edstica (Artes Pl\u00e1sticas) ou Licenciatura em Desenho e Pl\u00e1stica ou Licenciatura Plena em Artes, devidamente registrado, fornecido por institui\u00e7\u00e3o reconhecida pelo Minist\u00e9rio da Educa\u00e7\u00e3o (MEC); ou Gradua\u00e7\u00e3o Bacharel em Artes Visuais com complementa\u00e7\u00e3o pedag\u00f3gica\/forma\u00e7\u00e3o pedag\u00f3gica ou Programa especial de licenciatura em Artes Visuais, desde que em conformidade com a Resolu\u00e7\u00e3o n.\u00ba 2, de 26 de junho de 1997 e Resolu\u00e7\u00e3o n\u00ba 2, de 1\u00ba de julho de 2015 do Conselho Nacional de Educa\u00e7\u00e3o. O Curso superior tamb\u00e9m dever\u00e1 ser reconhecido pelo Minist\u00e9rio da Educa\u00e7\u00e3o (MEC).<\/td><\/tr><tr><td class=\"has-text-align-center\" data-align=\"center\"><strong>ARTES&nbsp;\u2013&nbsp;DAN\u00c7A<\/strong><\/td><td>Diploma de gradua\u00e7\u00e3o, de conclus\u00e3o de curso de n\u00edvel superior de Licenciatura Plena em M\u00fasica com habilita\u00e7\u00e3o em Educa\u00e7\u00e3o Musical; ou Licenciatura em Educa\u00e7\u00e3o Musical Escolar; ou Licenciatura em Educa\u00e7\u00e3o Musical; ou Educa\u00e7\u00e3o Art\u00edstica (M\u00fasica), ou em Licenciatura Plena em Artes, devidamente registrado, fornecido por institui\u00e7\u00e3o reconhecida pelo Minist\u00e9rio da Educa\u00e7\u00e3o (MEC); ou Gradua\u00e7\u00e3o Bacharel em M\u00fasica com complementa\u00e7\u00e3o pedag\u00f3gica\/forma\u00e7\u00e3o pedag\u00f3gica ou Programa especial de licenciatura em M\u00fasica, desde que em conformidade com a Resolu\u00e7\u00e3o n.\u00ba 2, de 26 de junho de 1997 e Resolu\u00e7\u00e3o n\u00ba 2, de 1\u00ba de julho de 2015 do Conselho Nacional de Educa\u00e7\u00e3o. O Curso superior tamb\u00e9m dever\u00e1 ser reconhecido pelo Minist\u00e9rio da Educa\u00e7\u00e3o (MEC).<\/td><\/tr><tr><td class=\"has-text-align-center\" data-align=\"center\"><strong>ARTES&nbsp;\u2013&nbsp;M\u00daSICA<\/strong><\/td><td>Diploma de gradua\u00e7\u00e3o, de conclus\u00e3o de curso de n\u00edvel superior de Licenciatura Plena em M\u00fasica com habilita\u00e7\u00e3o em Educa\u00e7\u00e3o Musical; ou Licenciatura em Educa\u00e7\u00e3o Musical Escolar; ou Licenciatura em Educa\u00e7\u00e3o Musical; ou Educa\u00e7\u00e3o Art\u00edstica (M\u00fasica), devidamente registrado, fornecido por institui\u00e7\u00e3o reconhecida pelo Minist\u00e9rio da Educa\u00e7\u00e3o (MEC). O Curso superior tamb\u00e9m dever\u00e1 ser reconhecido pelo Minist\u00e9rio da Educa\u00e7\u00e3o (MEC).<\/td><\/tr><tr><td class=\"has-text-align-center\" data-align=\"center\"><strong>ARTES&nbsp;\u2013&nbsp;TEATRO<\/strong><\/td><td>Diploma de gradua\u00e7\u00e3o, de conclus\u00e3o de curso de n\u00edvel superior de Licenciatura Plena em Teatro com habilita\u00e7\u00e3o em Educa\u00e7\u00e3o Teatral; ou Licenciatura em Educa\u00e7\u00e3o Teatro l Escolar; ou Licenciatura em Educa\u00e7\u00e3o Teatral; ou Educa\u00e7\u00e3o Art\u00edstica (Teatro), devidamente registrado, fornecido por institui\u00e7\u00e3o reconhecida pelo Minist\u00e9rio da Educa\u00e7\u00e3o (MEC). O Curso superior tamb\u00e9m dever\u00e1 ser reconhecido pelo Minist\u00e9rio da Educa\u00e7\u00e3o (MEC)<\/td><\/tr><tr><td class=\"has-text-align-center\" data-align=\"center\"><strong>CI\u00caNCIA\/BIOLOGIA<\/strong><\/td><td>Diploma de gradua\u00e7\u00e3o, de conclus\u00e3o de curso de n\u00edvel superior de Licenciatura Plena em Biologia ou Ci\u00eancias Biol\u00f3gicas, devidamente registrado, fornecido por institui\u00e7\u00e3o reconhecida pelo Minist\u00e9rio da Educa\u00e7\u00e3o (MEC). O Curso superior tamb\u00e9m dever\u00e1 ser reconhecido pelo Minist\u00e9rio da Educa\u00e7\u00e3o (MEC).<\/td><\/tr><tr><td class=\"has-text-align-center\" data-align=\"center\"><strong>EDUCA\u00c7\u00c3O F\u00cdSICA<\/strong><\/td><td>Diploma de gradua\u00e7\u00e3o, de conclus\u00e3o de curso de n\u00edvel superior de Licenciatura Plena em Educa\u00e7\u00e3o F\u00edsica, devidamente registrado, fornecido por institui\u00e7\u00e3o reconhecida pelo Minist\u00e9rio da Educa\u00e7\u00e3o (MEC). O Curso superior tamb\u00e9m dever\u00e1 ser reconhecido pelo Minist\u00e9rio da Educa\u00e7\u00e3o (MEC).<\/td><\/tr><tr><td class=\"has-text-align-center\" data-align=\"center\"><strong>FILOSOFIA<\/strong><\/td><td>Diploma de gradua\u00e7\u00e3o, de conclus\u00e3o de curso de n\u00edvel superior de Licenciatura Plena em Filosofia, devidamente registrado, fornecido por institui\u00e7\u00e3o reconhecida pelo Minist\u00e9rio da Educa\u00e7\u00e3o (MEC). O Curso superior tamb\u00e9m dever\u00e1 ser reconhecido pelo Minist\u00e9rio da Educa\u00e7\u00e3o (MEC).<\/td><\/tr><tr><td class=\"has-text-align-center\" data-align=\"center\"><strong>F\u00cdSICA<\/strong><\/td><td>Diploma de gradua\u00e7\u00e3o, de conclus\u00e3o de curso de n\u00edvel superior de Licenciatura Plena em F\u00edsica, devidamente registrado, fornecido por institui\u00e7\u00e3o reconhecida pelo Minist\u00e9rio da Educa\u00e7\u00e3o (MEC). O Curso superior tamb\u00e9m dever\u00e1 ser reconhecido pelo Minist\u00e9rio da Educa\u00e7\u00e3o (MEC).<\/td><\/tr><tr><td class=\"has-text-align-center\" data-align=\"center\"><strong>GEOGRAFIA<\/strong><\/td><td>Diploma de gradua\u00e7\u00e3o, de conclus\u00e3o de curso de n\u00edvel superior de Licenciatura Plena em Geografia, devidamente registrado, fornecido por institui\u00e7\u00e3o reconhecida pelo Minist\u00e9rio da Educa\u00e7\u00e3o (MEC). O Curso superior tamb\u00e9m dever\u00e1 ser reconhecido pelo Minist\u00e9rio da Educa\u00e7\u00e3o (MEC).<\/td><\/tr><tr><td class=\"has-text-align-center\" data-align=\"center\"><strong>HIST\u00d3RIA<\/strong><\/td><td>Diploma de gradua\u00e7\u00e3o, de conclus\u00e3o de curso de n\u00edvel superior de Licenciatura Plena em Hist\u00f3ria, devidamente registrado, fornecido por institui\u00e7\u00e3o reconhecida pelo Minist\u00e9rio da Educa\u00e7\u00e3o (MEC). O Curso superior tamb\u00e9m dever\u00e1 ser reconhecido pelo Minist\u00e9rio da Educa\u00e7\u00e3o (MEC).<\/td><\/tr><tr><td class=\"has-text-align-center\" data-align=\"center\"><strong>INT\u00c9RPRETE DE LIBRAS<\/strong><\/td><td>Diploma de Gradua\u00e7\u00e3o em Licenciatura Plena, com Cursos Espec\u00edficos na \u00e1rea,&nbsp;ministrados por Institui\u00e7\u00f5es Reconhecidas pelo MEC, assim como Aprova\u00e7\u00e3o no Exame de Profici\u00eancia para o Ensino em LIBRAS do MEC (PROLIBRAS) ou avalia\u00e7\u00e3o do CAS\/Goi\u00e2nia, ou credenciadas por uma Secretaria de Educa\u00e7\u00e3o.<\/td><\/tr><tr><td class=\"has-text-align-center\" data-align=\"center\"><strong>INSTRUTOR DE BRAILE<\/strong><\/td><td>Licenciatura Plena em quaisquer \u00e1reas da Educa\u00e7\u00e3o, com Certificado de Especializa\u00e7\u00e3o em Educa\u00e7\u00e3o Especial com \u00eanfase em Braille ou Especializa\u00e7\u00e3o em Braille; ou Licenciatura Plena em quaisquer \u00e1reas da Educa\u00e7\u00e3o, com certificado de curso de forma\u00e7\u00e3o continuada em Braille, com carga hor\u00e1ria m\u00ednima de 80h, promovido por:&nbsp;Institui\u00e7\u00f5es de Ensino Superior credenciadas ao MEC ou promovido por Secretarias de&nbsp;Educa\u00e7\u00e3o; ou por organiza\u00e7\u00f5es da sociedade civil representativa da comunidade do deficiente visual, desde que o certificado seja convalidado por uma Institui\u00e7\u00e3o de Ensino Superior ou uma Secretaria de Educa\u00e7\u00e3o.<\/td><\/tr><tr><td class=\"has-text-align-center\" data-align=\"center\"><strong>INSTRUTOR DE LIBRAS<\/strong><\/td><td>Diploma de gradua\u00e7\u00e3o, devidamente registrado, de conclus\u00e3o de curso de n\u00edvel superior de Licenciatura Plena em Libras, ou Pedagogia Bil\u00edngue, fornecido por institui\u00e7\u00e3o de ensino superior reconhecida pelo Minist\u00e9rio da Educa\u00e7\u00e3o (MEC), ou Diploma de gradua\u00e7\u00e3o, devidamente registrado, de conclus\u00e3o de curso de n\u00edvel superior de Licenciatura Plena em qualquer \u00e1rea com certifica\u00e7\u00e3o de profici\u00eancia em Libras emitido pelo Centro de Atendimento aos Surdos&nbsp;\u2013&nbsp;CAS ou pelo Minist\u00e9rio da Educa\u00e7\u00e3o&nbsp;\u2013&nbsp;MEC. O Curso superior tamb\u00e9m dever\u00e1 ser reconhecido pelo Minist\u00e9rio da Educa\u00e7\u00e3o (MEC).<\/td><\/tr><tr><td class=\"has-text-align-center\" data-align=\"center\"><strong>L\u00cdNGUA MATERNA IND\u00cdGENA INY\/KARAJ\u00c1<\/strong><\/td><td>Ser ind\u00edgena da etnia Iny\/Karaj\u00e1, comprovado com Registro Administrativo de Nascimento Ind\u00edgena &#8211; RANI\/FUNAI, com diploma de Gradua\u00e7\u00e3o, devidamente comprovado, em Pedagogia, ou na \u00e1rea da Educa\u00e7\u00e3o, ou em Licenciatura Intercultural Ind\u00edgena em Ci\u00eancias da Linguagem (L\u00edngua Portuguesa, Reda\u00e7\u00e3o: Leitura de Produ\u00e7\u00e3o de Texto, L\u00edngua Inglesa, Arte e Cultura Ind\u00edgena, Educa\u00e7\u00e3o F\u00edsica) ou em Licenciatura Intercultural Ind\u00edgena em Ci\u00eancias da Cultura (Hist\u00f3ria, Geografia, Sociologia, Filosofia e Ensino Religioso) ou em Licenciatura Intercultural Ind\u00edgena em Ci\u00eancias da Natureza (Qu\u00edmica, F\u00edsica, Biologia e Matem\u00e1tica), fornecido por institui\u00e7\u00e3o reconhecida pelo Minist\u00e9rio da Educa\u00e7\u00e3o (MEC). ). O Curso superior tamb\u00e9m dever\u00e1 ser reconhecido pelo Minist\u00e9rio da Educa\u00e7\u00e3o (MEC).<\/td><\/tr><tr><td class=\"has-text-align-center\" data-align=\"center\"><strong>L\u00cdNGUA MATERNA IND\u00cdGENA TAPUIA<\/strong><\/td><td>Ser ind\u00edgena da etnia Tapuia, comprovado com Registro Administrativo de Nascimento Ind\u00edgena &#8211; RANI\/FUNAI, com diploma de Gradua\u00e7\u00e3o, devidamente comprovado, em qualquer \u00e1rea da Educa\u00e7\u00e3o ou em Licenciatura Intercultural Ind\u00edgena em Ci\u00eancias da Linguagem (L\u00edngua Portuguesa, Reda\u00e7\u00e3o: Leitura de Produ\u00e7\u00e3o de Texto, L\u00edngua Inglesa, Arte e Cultura Quilombola, Educa\u00e7\u00e3o F\u00edsica) ou em Licenciatura Intercultural Ind\u00edgena em Ci\u00eancias da Cultura (Hist\u00f3ria, Geografia, Sociologia, Filosofia e Ensino Religioso) ou em Licenciatura Intercultural Ind\u00edgena em Ci\u00eancias da Natureza (Qu\u00edmica, F\u00edsica, Biologia e Matem\u00e1tica), fornecido por institui\u00e7\u00e3o reconhecida pelo Minist\u00e9rio da Educa\u00e7\u00e3o (MEC). O Curso superior tamb\u00e9m dever\u00e1 ser reconhecido pelo Minist\u00e9rio da Educa\u00e7\u00e3o (MEC).<\/td><\/tr><tr><td class=\"has-text-align-center\" data-align=\"center\"><strong>L\u00cdNGUA MATERNA IND\u00cdGENA XAVANTE<\/strong><\/td><td>Ser ind\u00edgena da etnia Xavante, comprovado com Registro Administrativo de Nascimento Ind\u00edgena &#8211; RANI\/FUNAI, ser bil\u00edngue &#8211; falante fluente da L\u00edngua Materna e da L\u00edngua Portuguesa, comprovado por meio de entrevista, com diploma de Gradua\u00e7\u00e3o, devidamente comprovado, em qualquer \u00e1rea da Educa\u00e7\u00e3o ou em Licenciatura Intercultural Ind\u00edgena em Ci\u00eancias da Linguagem (L\u00edngua Portuguesa, Reda\u00e7\u00e3o: Leitura de Produ\u00e7\u00e3o de Texto, L\u00edngua Inglesa, Arte e Cultura Quilombola, Educa\u00e7\u00e3o F\u00edsica) ou em Licenciatura Intercultural Ind\u00edgena em Ci\u00eancias da Cultura (Hist\u00f3ria, Geografia, Sociologia, Filosofia e Ensino Religioso) ou em Licenciatura Intercultural Ind\u00edgena em Ci\u00eancias da Natureza (Qu\u00edmica, F\u00edsica, Biologia e Matem\u00e1tica), fornecido por institui\u00e7\u00e3o reconhecida pelo Minist\u00e9rio da Educa\u00e7\u00e3o (MEC). O Curso superior tamb\u00e9m dever\u00e1 ser reconhecido pelo Minist\u00e9rio da Educa\u00e7\u00e3o (MEC).<\/td><\/tr><tr><td class=\"has-text-align-center\" data-align=\"center\"><strong>QUILOMBOLA<\/strong><\/td><td>Ser quilombola, comprovado com documento de declara\u00e7\u00e3o expedida por associa\u00e7\u00e3o quilombola legalmente Reconhecida e situada em Territ\u00f3rio Quilombola do Estado de Goi\u00e1s para onde ser\u00e3o destinadas as vagas do concurso, ter diploma de Gradua\u00e7\u00e3o em qualquer \u00e1rea da Educa\u00e7\u00e3o ou em Licenciatura em Educa\u00e7\u00e3o do Campo\/LEdoC&nbsp;\u2013&nbsp;Artes Visuais e M\u00fasica, em Licenciatura em Educa\u00e7\u00e3o do Campo&nbsp;\u2013&nbsp;LEdoC &#8211; Ci\u00eancias da Linguagem (L\u00edngua Portuguesa, Reda\u00e7\u00e3o: Leitura de Produ\u00e7\u00e3o de Texto, L\u00edngua Inglesa, Arte e Cultura Quilombola, Educa\u00e7\u00e3o F\u00edsica), em Licenciatura em Educa\u00e7\u00e3o do Campo\/LEdoC &#8211; Ci\u00eancias da Natureza (Qu\u00edmica, F\u00edsica, Biologia), em Licenciatura em Educa\u00e7\u00e3o do Campo\/LEdoC &#8211; Ci\u00eancias Humanas (Hist\u00f3ria, Geografia, Sociologia, Filosofia e Ensino Religioso) e em Licenciatura em Educa\u00e7\u00e3o do Campo\/LEdoC&nbsp;\u2013&nbsp;Matem\u00e1tica. O Curso superior tamb\u00e9m dever\u00e1 ser reconhecido pelo Minist\u00e9rio da Educa\u00e7\u00e3o (MEC).<\/td><\/tr><tr><td class=\"has-text-align-center\" data-align=\"center\"><strong>L\u00cdNGUA INGLESA<\/strong><\/td><td>Diploma de gradua\u00e7\u00e3o, de conclus\u00e3o de curso de n\u00edvel superior de Licenciatura Plena em Letras Portugu\u00eas-Ingl\u00eas ou, Licenciatura Plena em Letras Ingl\u00eas, ou em L\u00edngua Estrangeira Moderna (Ingl\u00eas), devidamente registrado, fornecido por institui\u00e7\u00e3o reconhecida pelo Minist\u00e9rio da Educa\u00e7\u00e3o (MEC). O Curso superior tamb\u00e9m dever\u00e1 ser reconhecido pelo Minist\u00e9rio da Educa\u00e7\u00e3o (MEC).<\/td><\/tr><tr><td class=\"has-text-align-center\" data-align=\"center\"><strong>L\u00cdNGUA PORTUGUESA<\/strong><\/td><td>Diploma de gradua\u00e7\u00e3o, de conclus\u00e3o de curso de n\u00edvel superior de Licenciatura Plena em Letras (L\u00edngua Portuguesa), devidamente registrado, fornecido por institui\u00e7\u00e3o de ensino superior reconhecida pelo Minist\u00e9rio da Educa\u00e7\u00e3o (MEC). O Curso superior tamb\u00e9m dever\u00e1 ser reconhecido pelo Minist\u00e9rio da Educa\u00e7\u00e3o (MEC).<\/td><\/tr><tr><td class=\"has-text-align-center\" data-align=\"center\"><strong>MATEM\u00c1TICA<\/strong><\/td><td>Diploma de gradua\u00e7\u00e3o, de conclus\u00e3o de curso de n\u00edvel superior de Licenciatura Plena em Matem\u00e1tica, devidamente registrado, fornecido por institui\u00e7\u00e3o de ensino superior reconhecida pelo Minist\u00e9rio da Educa\u00e7\u00e3o (MEC). O Curso superior tamb\u00e9m dever\u00e1 ser reconhecido pelo Minist\u00e9rio da Educa\u00e7\u00e3o (MEC).<\/td><\/tr><tr><td class=\"has-text-align-center\" data-align=\"center\"><strong>PEDAGOGIA<\/strong><\/td><td>Ensino Superior Completo em Pedagogia &#8211; Licenciatura Plena ou Curso Normal Superior fornecido por institui\u00e7\u00e3o reconhecida pelo Minist\u00e9rio da Educa\u00e7\u00e3o (MEC). O Curso superior tamb\u00e9m dever\u00e1 ser reconhecido pelo Minist\u00e9rio da Educa\u00e7\u00e3o (MEC). O Curso superior tamb\u00e9m dever\u00e1 ser reconhecido pelo Minist\u00e9rio da Educa\u00e7\u00e3o (MEC).<\/td><\/tr><tr><td class=\"has-text-align-center\" data-align=\"center\"><strong>QU\u00cdMICA<\/strong><\/td><td>Diploma de gradua\u00e7\u00e3o, de conclus\u00e3o de curso de n\u00edvel superior de Licenciatura Plena em Qu\u00edmica, devidamente registrado, fornecido por institui\u00e7\u00e3o reconhecida pelo Minist\u00e9rio da Educa\u00e7\u00e3o (MEC). O Curso superior tamb\u00e9m dever\u00e1 ser reconhecido pelo Minist\u00e9rio da Educa\u00e7\u00e3o (MEC).<\/td><\/tr><tr><td class=\"has-text-align-center\" data-align=\"center\"><strong>SOCIOLOGIA<\/strong><\/td><td>Diploma de gradua\u00e7\u00e3o, de conclus\u00e3o de curso de n\u00edvel superior de Licenciatura Plena em Sociologia ou Ci\u00eancias Sociais, devidamente registrado, fornecido por institui\u00e7\u00e3o reconhecida pelo Minist\u00e9rio da Educa\u00e7\u00e3o (MEC). O Curso superior tamb\u00e9m dever\u00e1 ser reconhecido pelo Minist\u00e9rio da Educa\u00e7\u00e3o (MEC).<\/td><\/tr><\/tbody><\/table><\/figure>\n\n\n\n<h2 class=\"wp-block-heading\" id=\"carreira\">Sal\u00e1rios e benef\u00edcios do \u00faltimo concurso SEDUC GO<\/h2>\n\n\n\n<p>As remunera\u00e7\u00f5es ofertadas foram as seguintes:<\/p>\n\n\n\n<ul class=\"wp-block-list\">\n<li><strong>R$ 1.971,69<\/strong> \u2013 20 horas<\/li>\n\n\n\n<li><strong>R$ 2.957,53<\/strong> \u2013 30 horas<\/li>\n\n\n\n<li><strong>R$ 3.943,37<\/strong> \u2013 40 horas<\/li>\n<\/ul>\n\n\n\n<p>De acordo com a Lei n\u00b0 21.249 de 18 de mar\u00e7o de 2022, que reestruturou as carreiras do estado, a progress\u00e3o na carreira de professor III se dar\u00e1 da seguinte forma:<\/p>\n\n\n\n<p><strong>Professor \u2013 III<\/strong><\/p>\n\n\n\n<figure class=\"wp-block-table is-style-regular\"><table class=\"has-fixed-layout\"><tbody><tr><td class=\"has-text-align-center\" data-align=\"center\"><strong>Carga hor\u00e1ria<\/strong><\/td><td><strong>A<\/strong><\/td><td><strong>B<\/strong><\/td><td><strong>C<\/strong><\/td><td><strong>D<\/strong><\/td><td><strong>E<\/strong><\/td><td><strong>F<\/strong><\/td><td><strong>G<\/strong><\/td><\/tr><tr><td class=\"has-text-align-center\" data-align=\"center\">20h<\/td><td>1.971,69<\/td><td>2.011,12<\/td><td>2.051,34<\/td><td>2.092,37<\/td><td>2.134,22<\/td><td>2.176,90<\/td><td>2.220,44<\/td><\/tr><tr><td class=\"has-text-align-center\" data-align=\"center\">30h<\/td><td>2.957,53<\/td><td>3.016,68<\/td><td>3.077,01<\/td><td>3.138,56<\/td><td>3.201,32<\/td><td>3.265,35<\/td><td>3.330,66<\/td><\/tr><tr><td class=\"has-text-align-center\" data-align=\"center\">40h<\/td><td>3.943,37<\/td><td>4.022,24<\/td><td>4.102,68<\/td><td>4.184,74<\/td><td>4.268,43<\/td><td>4.353,80<\/td><td>4.440,88<\/td><\/tr><\/tbody><\/table><\/figure>\n\n\n\n<p>Conforme o edital, al\u00e9m do vencimento b\u00e1sico os candidatos aprovados ter\u00e3o direito ao <strong>aux\u00edlio alimenta\u00e7\u00e3o no valor de R$ 500,00.<\/strong><\/p>\n\n\n\n<p>O cargo tamb\u00e9m conta com demais gratifica\u00e7\u00f5es e benef\u00edcios previstos na <a href=\"http:\/\/www.gabinetecivil.goias.gov.br\/leis_ordinarias\/2001\/lei_13909.htm\" target=\"_blank\" rel=\"noreferrer noopener\">Lei&nbsp;N\u00ba 13.909\/2001<\/a>, sendo:<\/p>\n\n\n\n<ul class=\"wp-block-list\">\n<li>Gratifica\u00e7\u00e3o de desempenho;<\/li>\n\n\n\n<li>Gratifica\u00e7\u00e3o de forma\u00e7\u00e3o avan\u00e7ada;<\/li>\n\n\n\n<li>Gratifica\u00e7\u00e3o de est\u00edmulo \u00e0 forma\u00e7\u00e3o continuada;<\/li>\n\n\n\n<li>Adicional por tempo de servi\u00e7o;<\/li>\n\n\n\n<li>Adicional de trabalho noturno;<\/li>\n\n\n\n<li>Sal\u00e1rio fam\u00edlia;<\/li>\n\n\n\n<li>Aux\u00edlio sa\u00fade;<\/li>\n\n\n\n<li>Aux\u00edlio funeral;<\/li>\n\n\n\n<li>13\u00ba sal\u00e1rio;<\/li>\n\n\n\n<li>Licen\u00e7a pr\u00eamio.<\/li>\n<\/ul>\n\n\n\n<h3 class=\"wp-block-heading\" id=\"atribuicoes\">Atribui\u00e7\u00f5es<\/h3>\n\n\n\n<ul class=\"wp-block-list\">\n<li>Participar de todo o processo ensino-aprendizagem, em a\u00e7\u00e3o integrada escola-comunidade;<\/li>\n\n\n\n<li>Elaborar planos curriculares e de ensino;<\/li>\n\n\n\n<li>Ministrar aulas na educa\u00e7\u00e3o b\u00e1sica;<\/li>\n\n\n\n<li>Elaborar, acompanhar e avaliar planos, programas e projetos de que necessite a unidade escolar ou sistema de ensino estadual;<\/li>\n\n\n\n<li>Inteirar-se da proposta pol\u00edtico-pedag\u00f3gica do sistema estadual de ensino e interagir-se com as suas pol\u00edticas educacionais;<\/li>\n\n\n\n<li>Participar da elabora\u00e7\u00e3o da proposta pedag\u00f3gica do estabelecimento de ensino;<\/li>\n\n\n\n<li>Elaborar e cumprir plano de trabalho, segundo a proposta pedag\u00f3gica do estabelecimento de ensino;<\/li>\n\n\n\n<li>Zelar pela aprendizagem dos alunos;<\/li>\n\n\n\n<li>Estabelecer estrat\u00e9gias de recupera\u00e7\u00e3o para os alunos de menor rendimento;<\/li>\n\n\n\n<li>Ministrar os dias letivos e horas-aula estabelecidos, al\u00e9m de participar integralmente dos per\u00edodos dedicados ao planejamento, \u00e0 avalia\u00e7\u00e3o e ao desenvolvimento profissional;<\/li>\n\n\n\n<li>Colaborar com as atividades de articula\u00e7\u00e3o da escola com as fam\u00edlias e a comunidade.<\/li>\n\n\n\n<li>Participar de capacita\u00e7\u00f5es obrigat\u00f3rias.<\/li>\n<\/ul>\n\n\n\n<h2 class=\"wp-block-heading\" id=\"concurso-seduc-go-provas-e-etapas\">Concurso Seduc GO: provas e etapas<\/h2>\n\n\n\n<p>Os candidatos foram avaliados por meio de prova objetiva e discursiva no dia <strong>25 de setembro de 2022. <\/strong><\/p>\n\n\n\n<h3 class=\"wp-block-heading\" id=\"prova-objetiva\">Prova objetiva<\/h3>\n\n\n\n<p>A prova objetiva foi composta pelas seguintes disciplinas:<\/p>\n\n\n\n<ul class=\"wp-block-list\">\n<li>L\u00edngua Portuguesa;<\/li>\n\n\n\n<li>Realidade \u00e9tnica, social, hist\u00f3rica, geogr\u00e1fica, cultural, econ\u00f4mica e pol\u00edtica do estado de Goi\u00e1s;<\/li>\n\n\n\n<li>Bases legais da Educa\u00e7\u00e3o Nacional e Estadual;<\/li>\n\n\n\n<li>Temas educacionais e pedag\u00f3gicos;<\/li>\n\n\n\n<li>Conhecimentos espec\u00edficos por disciplina.<\/li>\n<\/ul>\n\n\n\n<h3 class=\"wp-block-heading\" id=\"prova-de-titulos\">Prova de t\u00edtulos<\/h3>\n\n\n\n<p>Os candidatos tamb\u00e9m tiveram avalia\u00e7\u00e3o de t\u00edtulos, de car\u00e1ter unicamente classificat\u00f3rio, valendo no m\u00e1ximo 10 pontos, ainda que a soma dos valores dos t\u00edtulos e comprovantes seja superior a este valor.<\/p>\n\n\n\n<p>Para a avalia\u00e7\u00e3o foram aceitos os seguintes t\u00edtulos:<\/p>\n\n\n\n<figure class=\"wp-block-image aligncenter size-large\"><img loading=\"lazy\" decoding=\"async\" width=\"1024\" height=\"1021\" src=\"https:\/\/dhg1h5j42swfq.cloudfront.net\/2022\/07\/15103856\/captura-de-tela-2022-07-15-as-10-38-16-1024x1021.png\" alt=\"Tabela de atribui\u00e7\u00e3o de pontos na avalia\u00e7\u00e3o de t\u00edtulos\" class=\"wp-image-1061674\" srcset=\"https:\/\/dhg1h5j42swfq.cloudfront.net\/2022\/07\/15103856\/captura-de-tela-2022-07-15-as-10-38-16-1024x1021.png 1024w, https:\/\/dhg1h5j42swfq.cloudfront.net\/2022\/07\/15103856\/captura-de-tela-2022-07-15-as-10-38-16-300x300.png 300w, https:\/\/dhg1h5j42swfq.cloudfront.net\/2022\/07\/15103856\/captura-de-tela-2022-07-15-as-10-38-16-150x150.png 150w, https:\/\/dhg1h5j42swfq.cloudfront.net\/2022\/07\/15103856\/captura-de-tela-2022-07-15-as-10-38-16-768x766.png 768w, https:\/\/dhg1h5j42swfq.cloudfront.net\/2022\/07\/15103856\/captura-de-tela-2022-07-15-as-10-38-16-610x608.png 610w, https:\/\/dhg1h5j42swfq.cloudfront.net\/2022\/07\/15103856\/captura-de-tela-2022-07-15-as-10-38-16-96x96.png 96w, https:\/\/dhg1h5j42swfq.cloudfront.net\/2022\/07\/15103856\/captura-de-tela-2022-07-15-as-10-38-16.png 1306w\" sizes=\"auto, (max-width: 1024px) 100vw, 1024px\" \/><figcaption class=\"wp-element-caption\">Concurso Seduc GO: avalia\u00e7\u00e3o de t\u00edtulos<\/figcaption><\/figure>\n\n\n\n<h3 class=\"wp-block-heading\" id=\"vade-mecum-concurso-sedf-1\">VADE-M\u00c9CUM concurso SEDUC GO<\/h3>\n\n\n\n<p>O Estrat\u00e9gia Concursos organizou um material de consulta que servir\u00e1 como guia durante a sua jornada de estudos.<\/p>\n\n\n\n<p>Em nome de nossos professores, gostaria de lhe apresentar o&nbsp;<strong>Vade-M\u00e9cum&nbsp;Estrat\u00e9gico<\/strong>&nbsp;para a Secretaria de Educa\u00e7\u00e3o de Goi\u00e1s (SEDUC GO),&nbsp;que foi preparado com muito cuidado para auxili\u00e1-lo nesse&nbsp;<strong>caminho rumo \u00e0 aprova\u00e7\u00e3o<\/strong>.<\/p>\n\n\n\n<p>Vale lembrar que o&nbsp;<strong><em>Vade-M\u00e9cum<\/em><\/strong>&nbsp;<strong><em>Estrat\u00e9gico<\/em><\/strong>&nbsp;\u00e9 uma compila\u00e7\u00e3o das principais normas e leis do seu concurso. Queremos que ele seja um material de consulta, a ser utilizado em toda a sua prepara\u00e7\u00e3o.<\/p>\n\n\n\n<p>Pretendemos que ele seja o seu companheiro sempre que voc\u00ea estiver assistindo nossas videoaulas ou lendo os nossos livros digitais (PDFs). <\/p>\n\n\n\n<p><em><strong>Acesse o conte\u00fado de forma gratuita clicando no link abaixo!<\/strong><\/em><\/p>\n\n\n\n<ul class=\"wp-block-list\">\n<li><a href=\"https:\/\/dhg1h5j42swfq.cloudfront.net\/2022\/07\/26155355\/vm-seduc-go.pdf\" target=\"_blank\" rel=\"noreferrer noopener nofollow\"><strong>Vade-M\u00e9cum concurso SEDUC GO<\/strong><\/a><\/li>\n<\/ul>\n\n\n\n<h2 class=\"wp-block-heading has-text-align-center\" id=\"h-quer-saber-tudo-sobre-concursos-previstos-confira-nossos-artigos\">Quer saber tudo sobre concursos previstos?<br \/>Confira nossos artigos!<\/h2>\n\n\n\n<ul class=\"wp-block-list\">\n<li><a href=\"https:\/\/www.estrategiaconcursos.com.br\/blog\/concursos-abertos\/\" target=\"_blank\" rel=\"noreferrer noopener\">Concursos abertos<\/a><\/li>\n\n\n\n<li><a href=\"https:\/\/www.estrategiaconcursos.com.br\/blog\/concursos-educacao\/\">Concursos educa\u00e7\u00e3o<\/a><\/li>\n\n\n\n<li><a href=\"https:\/\/www.estrategiaconcursos.com.br\/blog\/concursos-2026\/\">Concursos 2026<\/a><\/li>\n<\/ul>\n\n\n\n<h2 class=\"wp-block-heading has-text-align-center\" id=\"cursos\"><strong><em>Cursos e assinaturas<\/em><\/strong><\/h2>\n\n\n\n<p class=\"has-text-align-center\"><em>Gostou desta oportunidade e deseja come\u00e7ar se preparar agora mesmo? <\/em><br \/><em>Ent\u00e3o, confira os nossos cursos e comece a estudar:<\/em><\/p>\n\n\n\n<div class=\"col-sm\">\n      <div class=\"banner-estrategia\" id=\"box-assinatura\">\n        <h3 class=\"titulo-assinatura\">Cursos para SEDUC GO<\/h3>\n        <p class=\"subtitulo-assinatura\">Conhe\u00e7a os cursos<\/p>\n        <div class=\"box-botao\">\n          <a class=\"btn-assinatura\" target=\"_blank\" href=\"https:\/\/www.estrategiaconcursos.com.br\/cursosPorConcurso\/secretaria-de-estado-da-educacao-de-goias-seduc-go\/\" role=\"button\" rel=\"noopener noreferrer\">Conhe\u00e7a mais<\/a>\n        <\/div>\n      <\/div>\n      <p class=\"texto-auxiliar\">Prepare-se com o melhor material e com quem mais aprova em Concursos P\u00fablicos em todo o pa\u00eds.<\/p>\n    <\/div>\n\n\n\n<div class=\"container\" id=\"boxes\">\n  <div class=\"row\">\n\n    <div class=\"col-sm\">\n      <div class=\"estrategia\" id=\"box-assinatura\">\n        <h3 class=\"titulo-assinatura\">Assinatura<\/h3>\n        <p class=\"subtitulo-assinatura\">Assinatura de 1 ano ou 2 anos<\/p>\n        <div class=\"box-botao\">\n          <a class=\"btn-assinatura\" target=\"_blank\" href=\"https:\/\/www.estrategiaconcursos.com.br\/assinaturas\/\" role=\"button\" rel=\"noopener noreferrer\">ASSINE AGORA<\/a>\n        <\/div>\n      <\/div>\n     \n    <\/div><\/div><\/div>\n\n\n\n<figure class=\"wp-block-image size-large is-resized\"><img loading=\"lazy\" decoding=\"async\" width=\"1024\" height=\"632\" src=\"https:\/\/dhg1h5j42swfq.cloudfront.net\/2021\/04\/05171352\/ficha-tecnica-33-1024x632.png\" alt=\"\" class=\"wp-image-707823\" style=\"width:140px;height:86px\" srcset=\"https:\/\/dhg1h5j42swfq.cloudfront.net\/2021\/04\/05171352\/ficha-tecnica-33-1024x632.png 1024w, https:\/\/dhg1h5j42swfq.cloudfront.net\/2021\/04\/05171352\/ficha-tecnica-33-300x185.png 300w, https:\/\/dhg1h5j42swfq.cloudfront.net\/2021\/04\/05171352\/ficha-tecnica-33-768x474.png 768w, https:\/\/dhg1h5j42swfq.cloudfront.net\/2021\/04\/05171352\/ficha-tecnica-33-1536x948.png 1536w, https:\/\/dhg1h5j42swfq.cloudfront.net\/2021\/04\/05171352\/ficha-tecnica-33-610x377.png 610w, https:\/\/dhg1h5j42swfq.cloudfront.net\/2021\/04\/05171352\/ficha-tecnica-33.png 1571w\" sizes=\"auto, (max-width: 1024px) 100vw, 1024px\" \/><\/figure>\n\n\n\n<h4 class=\"wp-block-heading\" id=\"ficha\"><strong>Informa\u00e7\u00f5es sobre o \u00faltimo concurso Seduc GO <\/strong><\/h4>\n\n\n\n<p>\u25ba<strong>Data da prova:<\/strong> <s>25\/09\/2022<\/s><br \/>\u25ba<strong>Vagas:<\/strong> 5.050 <br \/>\u25ba<strong>Cargos:<\/strong>&nbsp;Professor N\u00edvel III<br \/>\u25ba<strong>Lota\u00e7\u00f5es:<\/strong> Goi\u00e1s &#8211; GO<br \/>\u25ba<strong>Banca:<\/strong> Iades<br \/>\u25ba<strong>Escolaridade:<\/strong> N\u00edvel Superior<br \/>\u25ba <strong>Edital: <\/strong><a href=\"https:\/\/www.iades.com.br\/inscricao\/upload\/308\/202207158341948.pdf\">Seduc GO 2022<\/a><\/p>\n","protected":false},"excerpt":{"rendered":"<p>A Secretaria de Educa\u00e7\u00e3o de Goi\u00e1s (SEDUC GO) prepara um novo concurso para 2026! A informa\u00e7\u00e3o foi confirmada pelo superintendente de Gest\u00e3o e Desenvolvimento de Pessoas da Secretaria de Estado da Educa\u00e7\u00e3o (Seduc), Hudson Amaral, em entrevista ao Di\u00e1rio de Goi\u00e1s. Segundo Hudson, o certame ser\u00e1 estruturado com base nas&nbsp;necessidades de cada cidade e disciplina. [&hellip;]<\/p>\n","protected":false},"author":1,"featured_media":841219,"comment_status":"open","ping_status":"closed","sticky":false,"template":"","format":"standard","meta":{"post_tipo":"news_page","footnotes":""},"categories":[3766],"tags":[],"tax_estado":[219972],"class_list":["post-838450","post","type-post","status-publish","format-standard","has-post-thumbnail","hentry","category-educacional","tax_estado-go"],"acf":[],"yoast_head":"<!-- This site is optimized with the Yoast SEO Premium plugin v27.2 (Yoast SEO v27.2) - https:\/\/yoast.com\/product\/yoast-seo-premium-wordpress\/ -->\n<title>Concurso SEDUC GO: novo edital anunciado para 2026!<\/title>\n<meta name=\"description\" content=\"Concurso SEDUC GO: mais nomea\u00e7\u00f5es autorizadas e novo certame previsto para 2026. Confira os detalhes neste artigo!\" \/>\n<meta name=\"robots\" content=\"index, follow, max-snippet:-1, max-image-preview:large, max-video-preview:-1\" \/>\n<link rel=\"canonical\" href=\"https:\/\/www.estrategiaconcursos.com.br\/blog\/concurso-seduc-go\/\" \/>\n<meta property=\"og:locale\" content=\"pt_BR\" \/>\n<meta property=\"og:type\" content=\"article\" \/>\n<meta property=\"og:title\" content=\"Concurso SEDUC GO: novo edital anunciado para 2026!\" \/>\n<meta property=\"og:description\" content=\"Concurso SEDUC GO: mais nomea\u00e7\u00f5es autorizadas e novo certame previsto para 2026. Confira os detalhes neste artigo!\" \/>\n<meta property=\"og:url\" content=\"https:\/\/www.estrategiaconcursos.com.br\/blog\/concurso-seduc-go\/\" \/>\n<meta property=\"og:site_name\" content=\"Estrat\u00e9gia Concursos\" \/>\n<meta property=\"article:author\" content=\"https:\/\/www.facebook.com\/EstrategiaConcursos\" \/>\n<meta property=\"article:published_time\" content=\"2026-03-19T13:00:00+00:00\" \/>\n<meta property=\"article:modified_time\" content=\"2026-04-13T18:28:21+00:00\" \/>\n<meta property=\"og:image\" content=\"https:\/\/dhg1h5j42swfq.cloudfront.net\/2021\/08\/20102517\/seduc-go.jpeg\" \/>\n\t<meta property=\"og:image:width\" content=\"768\" \/>\n\t<meta property=\"og:image:height\" content=\"432\" \/>\n\t<meta property=\"og:image:type\" content=\"image\/jpeg\" \/>\n<meta name=\"author\" content=\"Coordena\u00e7\u00e3o\" \/>\n<meta name=\"twitter:card\" content=\"summary_large_image\" \/>\n<meta name=\"twitter:creator\" content=\"@EstratConcursos\" \/>\n<meta name=\"twitter:site\" content=\"@EstratConcursos\" \/>\n<meta name=\"twitter:label1\" content=\"Escrito por\" \/>\n\t<meta name=\"twitter:data1\" content=\"Coordena\u00e7\u00e3o\" \/>\n\t<meta name=\"twitter:label2\" content=\"Est. tempo de leitura\" \/>\n\t<meta name=\"twitter:data2\" content=\"17 minutos\" \/>\n<script type=\"application\/ld+json\" class=\"yoast-schema-graph\">{\"@context\":\"https:\/\/schema.org\",\"@graph\":[{\"@type\":\"NewsArticle\",\"@id\":\"https:\/\/www.estrategiaconcursos.com.br\/blog\/concurso-seduc-go\/#article\",\"isPartOf\":{\"@id\":\"https:\/\/www.estrategiaconcursos.com.br\/blog\/concurso-seduc-go\/\"},\"author\":{\"name\":\"Coordena\u00e7\u00e3o\",\"@id\":\"https:\/\/www.estrategiaconcursos.com.br\/blog\/#\/schema\/person\/b4a388c97673c5f483d72185668afa1f\"},\"headline\":\"Concurso SEDUC GO: novo edital anunciado para 2026!\",\"datePublished\":\"2026-03-19T13:00:00+00:00\",\"dateModified\":\"2026-04-13T18:28:21+00:00\",\"mainEntityOfPage\":{\"@id\":\"https:\/\/www.estrategiaconcursos.com.br\/blog\/concurso-seduc-go\/\"},\"wordCount\":3183,\"commentCount\":0,\"publisher\":{\"@id\":\"https:\/\/www.estrategiaconcursos.com.br\/blog\/#organization\"},\"image\":{\"@id\":\"https:\/\/www.estrategiaconcursos.com.br\/blog\/concurso-seduc-go\/#primaryimage\"},\"thumbnailUrl\":\"https:\/\/dhg1h5j42swfq.cloudfront.net\/2021\/08\/20102517\/seduc-go.jpeg\",\"articleSection\":[\"Educa\u00e7\u00e3o\"],\"inLanguage\":\"pt-BR\",\"potentialAction\":[{\"@type\":\"CommentAction\",\"name\":\"Comment\",\"target\":[\"https:\/\/www.estrategiaconcursos.com.br\/blog\/concurso-seduc-go\/#respond\"]}],\"copyrightYear\":\"2026\",\"copyrightHolder\":{\"@id\":\"https:\/\/www.estrategiaconcursos.com.br\/blog\/#organization\"}},{\"@type\":\"WebPage\",\"@id\":\"https:\/\/www.estrategiaconcursos.com.br\/blog\/concurso-seduc-go\/\",\"url\":\"https:\/\/www.estrategiaconcursos.com.br\/blog\/concurso-seduc-go\/\",\"name\":\"Concurso SEDUC GO: novo edital anunciado para 2026!\",\"isPartOf\":{\"@id\":\"https:\/\/www.estrategiaconcursos.com.br\/blog\/#website\"},\"primaryImageOfPage\":{\"@id\":\"https:\/\/www.estrategiaconcursos.com.br\/blog\/concurso-seduc-go\/#primaryimage\"},\"image\":{\"@id\":\"https:\/\/www.estrategiaconcursos.com.br\/blog\/concurso-seduc-go\/#primaryimage\"},\"thumbnailUrl\":\"https:\/\/dhg1h5j42swfq.cloudfront.net\/2021\/08\/20102517\/seduc-go.jpeg\",\"datePublished\":\"2026-03-19T13:00:00+00:00\",\"dateModified\":\"2026-04-13T18:28:21+00:00\",\"description\":\"Concurso SEDUC GO: mais nomea\u00e7\u00f5es autorizadas e novo certame previsto para 2026. Confira os detalhes neste artigo!\",\"breadcrumb\":{\"@id\":\"https:\/\/www.estrategiaconcursos.com.br\/blog\/concurso-seduc-go\/#breadcrumb\"},\"inLanguage\":\"pt-BR\",\"potentialAction\":[{\"@type\":\"ReadAction\",\"target\":[\"https:\/\/www.estrategiaconcursos.com.br\/blog\/concurso-seduc-go\/\"]}]},{\"@type\":\"ImageObject\",\"inLanguage\":\"pt-BR\",\"@id\":\"https:\/\/www.estrategiaconcursos.com.br\/blog\/concurso-seduc-go\/#primaryimage\",\"url\":\"https:\/\/dhg1h5j42swfq.cloudfront.net\/2021\/08\/20102517\/seduc-go.jpeg\",\"contentUrl\":\"https:\/\/dhg1h5j42swfq.cloudfront.net\/2021\/08\/20102517\/seduc-go.jpeg\",\"width\":768,\"height\":432,\"caption\":\"concurso seduc go convoca\u00e7\u00f5es autorizadas\"},{\"@type\":\"BreadcrumbList\",\"@id\":\"https:\/\/www.estrategiaconcursos.com.br\/blog\/concurso-seduc-go\/#breadcrumb\",\"itemListElement\":[{\"@type\":\"ListItem\",\"position\":1,\"name\":\"In\u00edcio\",\"item\":\"https:\/\/www.estrategiaconcursos.com.br\/blog\/\"},{\"@type\":\"ListItem\",\"position\":2,\"name\":\"Concurso SEDUC GO: novo edital anunciado para 2026!\"}]},{\"@type\":\"WebSite\",\"@id\":\"https:\/\/www.estrategiaconcursos.com.br\/blog\/#website\",\"url\":\"https:\/\/www.estrategiaconcursos.com.br\/blog\/\",\"name\":\"Estrat\u00e9gia Concursos\",\"description\":\"O blog da Estrat\u00e9gia Concursos traz not\u00edcias sobre concursos e artigos de professores oferecendo cursos para concursos (pdf + videaulas) no site.\",\"publisher\":{\"@id\":\"https:\/\/www.estrategiaconcursos.com.br\/blog\/#organization\"},\"potentialAction\":[{\"@type\":\"SearchAction\",\"target\":{\"@type\":\"EntryPoint\",\"urlTemplate\":\"https:\/\/www.estrategiaconcursos.com.br\/blog\/?s={search_term_string}\"},\"query-input\":{\"@type\":\"PropertyValueSpecification\",\"valueRequired\":true,\"valueName\":\"search_term_string\"}}],\"inLanguage\":\"pt-BR\"},{\"@type\":\"Organization\",\"@id\":\"https:\/\/www.estrategiaconcursos.com.br\/blog\/#organization\",\"name\":\"Estrat\u00e9gia Concursos\",\"url\":\"https:\/\/www.estrategiaconcursos.com.br\/blog\/\",\"logo\":{\"@type\":\"ImageObject\",\"inLanguage\":\"pt-BR\",\"@id\":\"https:\/\/www.estrategiaconcursos.com.br\/blog\/#\/schema\/logo\/image\/\",\"url\":\"https:\/\/dhg1h5j42swfq.cloudfront.net\/2025\/06\/03203428\/logo_concursos-1.jpg\",\"contentUrl\":\"https:\/\/dhg1h5j42swfq.cloudfront.net\/2025\/06\/03203428\/logo_concursos-1.jpg\",\"width\":230,\"height\":60,\"caption\":\"Estrat\u00e9gia Concursos\"},\"image\":{\"@id\":\"https:\/\/www.estrategiaconcursos.com.br\/blog\/#\/schema\/logo\/image\/\"},\"sameAs\":[\"https:\/\/x.com\/EstratConcursos\"]},{\"@type\":\"Person\",\"@id\":\"https:\/\/www.estrategiaconcursos.com.br\/blog\/#\/schema\/person\/b4a388c97673c5f483d72185668afa1f\",\"name\":\"Coordena\u00e7\u00e3o\",\"image\":{\"@type\":\"ImageObject\",\"inLanguage\":\"pt-BR\",\"@id\":\"https:\/\/secure.gravatar.com\/avatar\/b720319e4c9a967eb58678d110f4fe35452fc5d5f97b202bac7b8acceb18c6ad?s=96&d=mm&r=g\",\"url\":\"https:\/\/secure.gravatar.com\/avatar\/b720319e4c9a967eb58678d110f4fe35452fc5d5f97b202bac7b8acceb18c6ad?s=96&d=mm&r=g\",\"contentUrl\":\"https:\/\/secure.gravatar.com\/avatar\/b720319e4c9a967eb58678d110f4fe35452fc5d5f97b202bac7b8acceb18c6ad?s=96&d=mm&r=g\",\"caption\":\"Coordena\u00e7\u00e3o\"},\"sameAs\":[\"https:\/\/www.facebook.com\/EstrategiaConcursos\",\"https:\/\/x.com\/EstratConcursos\"],\"url\":\"https:\/\/www.estrategiaconcursos.com.br\/blog\/author\/estrategia2013\/\"}]}<\/script>\n<!-- \/ Yoast SEO Premium plugin. -->","yoast_head_json":{"title":"Concurso SEDUC GO: novo edital anunciado para 2026!","description":"Concurso SEDUC GO: mais nomea\u00e7\u00f5es autorizadas e novo certame previsto para 2026. Confira os detalhes neste artigo!","robots":{"index":"index","follow":"follow","max-snippet":"max-snippet:-1","max-image-preview":"max-image-preview:large","max-video-preview":"max-video-preview:-1"},"canonical":"https:\/\/www.estrategiaconcursos.com.br\/blog\/concurso-seduc-go\/","og_locale":"pt_BR","og_type":"article","og_title":"Concurso SEDUC GO: novo edital anunciado para 2026!","og_description":"Concurso SEDUC GO: mais nomea\u00e7\u00f5es autorizadas e novo certame previsto para 2026. Confira os detalhes neste artigo!","og_url":"https:\/\/www.estrategiaconcursos.com.br\/blog\/concurso-seduc-go\/","og_site_name":"Estrat\u00e9gia Concursos","article_author":"https:\/\/www.facebook.com\/EstrategiaConcursos","article_published_time":"2026-03-19T13:00:00+00:00","article_modified_time":"2026-04-13T18:28:21+00:00","og_image":[{"width":768,"height":432,"url":"https:\/\/dhg1h5j42swfq.cloudfront.net\/2021\/08\/20102517\/seduc-go.jpeg","type":"image\/jpeg"}],"author":"Coordena\u00e7\u00e3o","twitter_card":"summary_large_image","twitter_creator":"@EstratConcursos","twitter_site":"@EstratConcursos","twitter_misc":{"Escrito por":"Coordena\u00e7\u00e3o","Est. tempo de leitura":"17 minutos"},"schema":{"@context":"https:\/\/schema.org","@graph":[{"@type":"NewsArticle","@id":"https:\/\/www.estrategiaconcursos.com.br\/blog\/concurso-seduc-go\/#article","isPartOf":{"@id":"https:\/\/www.estrategiaconcursos.com.br\/blog\/concurso-seduc-go\/"},"author":{"name":"Coordena\u00e7\u00e3o","@id":"https:\/\/www.estrategiaconcursos.com.br\/blog\/#\/schema\/person\/b4a388c97673c5f483d72185668afa1f"},"headline":"Concurso SEDUC GO: novo edital anunciado para 2026!","datePublished":"2026-03-19T13:00:00+00:00","dateModified":"2026-04-13T18:28:21+00:00","mainEntityOfPage":{"@id":"https:\/\/www.estrategiaconcursos.com.br\/blog\/concurso-seduc-go\/"},"wordCount":3183,"commentCount":0,"publisher":{"@id":"https:\/\/www.estrategiaconcursos.com.br\/blog\/#organization"},"image":{"@id":"https:\/\/www.estrategiaconcursos.com.br\/blog\/concurso-seduc-go\/#primaryimage"},"thumbnailUrl":"https:\/\/dhg1h5j42swfq.cloudfront.net\/2021\/08\/20102517\/seduc-go.jpeg","articleSection":["Educa\u00e7\u00e3o"],"inLanguage":"pt-BR","potentialAction":[{"@type":"CommentAction","name":"Comment","target":["https:\/\/www.estrategiaconcursos.com.br\/blog\/concurso-seduc-go\/#respond"]}],"copyrightYear":"2026","copyrightHolder":{"@id":"https:\/\/www.estrategiaconcursos.com.br\/blog\/#organization"}},{"@type":"WebPage","@id":"https:\/\/www.estrategiaconcursos.com.br\/blog\/concurso-seduc-go\/","url":"https:\/\/www.estrategiaconcursos.com.br\/blog\/concurso-seduc-go\/","name":"Concurso SEDUC GO: novo edital anunciado para 2026!","isPartOf":{"@id":"https:\/\/www.estrategiaconcursos.com.br\/blog\/#website"},"primaryImageOfPage":{"@id":"https:\/\/www.estrategiaconcursos.com.br\/blog\/concurso-seduc-go\/#primaryimage"},"image":{"@id":"https:\/\/www.estrategiaconcursos.com.br\/blog\/concurso-seduc-go\/#primaryimage"},"thumbnailUrl":"https:\/\/dhg1h5j42swfq.cloudfront.net\/2021\/08\/20102517\/seduc-go.jpeg","datePublished":"2026-03-19T13:00:00+00:00","dateModified":"2026-04-13T18:28:21+00:00","description":"Concurso SEDUC GO: mais nomea\u00e7\u00f5es autorizadas e novo certame previsto para 2026. Confira os detalhes neste artigo!","breadcrumb":{"@id":"https:\/\/www.estrategiaconcursos.com.br\/blog\/concurso-seduc-go\/#breadcrumb"},"inLanguage":"pt-BR","potentialAction":[{"@type":"ReadAction","target":["https:\/\/www.estrategiaconcursos.com.br\/blog\/concurso-seduc-go\/"]}]},{"@type":"ImageObject","inLanguage":"pt-BR","@id":"https:\/\/www.estrategiaconcursos.com.br\/blog\/concurso-seduc-go\/#primaryimage","url":"https:\/\/dhg1h5j42swfq.cloudfront.net\/2021\/08\/20102517\/seduc-go.jpeg","contentUrl":"https:\/\/dhg1h5j42swfq.cloudfront.net\/2021\/08\/20102517\/seduc-go.jpeg","width":768,"height":432,"caption":"concurso seduc go convoca\u00e7\u00f5es autorizadas"},{"@type":"BreadcrumbList","@id":"https:\/\/www.estrategiaconcursos.com.br\/blog\/concurso-seduc-go\/#breadcrumb","itemListElement":[{"@type":"ListItem","position":1,"name":"In\u00edcio","item":"https:\/\/www.estrategiaconcursos.com.br\/blog\/"},{"@type":"ListItem","position":2,"name":"Concurso SEDUC GO: novo edital anunciado para 2026!"}]},{"@type":"WebSite","@id":"https:\/\/www.estrategiaconcursos.com.br\/blog\/#website","url":"https:\/\/www.estrategiaconcursos.com.br\/blog\/","name":"Estrat\u00e9gia Concursos","description":"O blog da Estrat\u00e9gia Concursos traz not\u00edcias sobre concursos e artigos de professores oferecendo cursos para concursos (pdf + videaulas) no site.","publisher":{"@id":"https:\/\/www.estrategiaconcursos.com.br\/blog\/#organization"},"potentialAction":[{"@type":"SearchAction","target":{"@type":"EntryPoint","urlTemplate":"https:\/\/www.estrategiaconcursos.com.br\/blog\/?s={search_term_string}"},"query-input":{"@type":"PropertyValueSpecification","valueRequired":true,"valueName":"search_term_string"}}],"inLanguage":"pt-BR"},{"@type":"Organization","@id":"https:\/\/www.estrategiaconcursos.com.br\/blog\/#organization","name":"Estrat\u00e9gia Concursos","url":"https:\/\/www.estrategiaconcursos.com.br\/blog\/","logo":{"@type":"ImageObject","inLanguage":"pt-BR","@id":"https:\/\/www.estrategiaconcursos.com.br\/blog\/#\/schema\/logo\/image\/","url":"https:\/\/dhg1h5j42swfq.cloudfront.net\/2025\/06\/03203428\/logo_concursos-1.jpg","contentUrl":"https:\/\/dhg1h5j42swfq.cloudfront.net\/2025\/06\/03203428\/logo_concursos-1.jpg","width":230,"height":60,"caption":"Estrat\u00e9gia Concursos"},"image":{"@id":"https:\/\/www.estrategiaconcursos.com.br\/blog\/#\/schema\/logo\/image\/"},"sameAs":["https:\/\/x.com\/EstratConcursos"]},{"@type":"Person","@id":"https:\/\/www.estrategiaconcursos.com.br\/blog\/#\/schema\/person\/b4a388c97673c5f483d72185668afa1f","name":"Coordena\u00e7\u00e3o","image":{"@type":"ImageObject","inLanguage":"pt-BR","@id":"https:\/\/secure.gravatar.com\/avatar\/b720319e4c9a967eb58678d110f4fe35452fc5d5f97b202bac7b8acceb18c6ad?s=96&d=mm&r=g","url":"https:\/\/secure.gravatar.com\/avatar\/b720319e4c9a967eb58678d110f4fe35452fc5d5f97b202bac7b8acceb18c6ad?s=96&d=mm&r=g","contentUrl":"https:\/\/secure.gravatar.com\/avatar\/b720319e4c9a967eb58678d110f4fe35452fc5d5f97b202bac7b8acceb18c6ad?s=96&d=mm&r=g","caption":"Coordena\u00e7\u00e3o"},"sameAs":["https:\/\/www.facebook.com\/EstrategiaConcursos","https:\/\/x.com\/EstratConcursos"],"url":"https:\/\/www.estrategiaconcursos.com.br\/blog\/author\/estrategia2013\/"}]}},"_links":{"self":[{"href":"https:\/\/www.estrategiaconcursos.com.br\/blog\/wp-json\/wp\/v2\/posts\/838450","targetHints":{"allow":["GET"]}}],"collection":[{"href":"https:\/\/www.estrategiaconcursos.com.br\/blog\/wp-json\/wp\/v2\/posts"}],"about":[{"href":"https:\/\/www.estrategiaconcursos.com.br\/blog\/wp-json\/wp\/v2\/types\/post"}],"author":[{"embeddable":true,"href":"https:\/\/www.estrategiaconcursos.com.br\/blog\/wp-json\/wp\/v2\/users\/1"}],"replies":[{"embeddable":true,"href":"https:\/\/www.estrategiaconcursos.com.br\/blog\/wp-json\/wp\/v2\/comments?post=838450"}],"version-history":[{"count":83,"href":"https:\/\/www.estrategiaconcursos.com.br\/blog\/wp-json\/wp\/v2\/posts\/838450\/revisions"}],"predecessor-version":[{"id":1752639,"href":"https:\/\/www.estrategiaconcursos.com.br\/blog\/wp-json\/wp\/v2\/posts\/838450\/revisions\/1752639"}],"wp:featuredmedia":[{"embeddable":true,"href":"https:\/\/www.estrategiaconcursos.com.br\/blog\/wp-json\/wp\/v2\/media\/841219"}],"wp:attachment":[{"href":"https:\/\/www.estrategiaconcursos.com.br\/blog\/wp-json\/wp\/v2\/media?parent=838450"}],"wp:term":[{"taxonomy":"category","embeddable":true,"href":"https:\/\/www.estrategiaconcursos.com.br\/blog\/wp-json\/wp\/v2\/categories?post=838450"},{"taxonomy":"post_tag","embeddable":true,"href":"https:\/\/www.estrategiaconcursos.com.br\/blog\/wp-json\/wp\/v2\/tags?post=838450"},{"taxonomy":"tax_estado","embeddable":true,"href":"https:\/\/www.estrategiaconcursos.com.br\/blog\/wp-json\/wp\/v2\/tax_estado?post=838450"}],"curies":[{"name":"wp","href":"https:\/\/api.w.org\/{rel}","templated":true}]}}