{"id":837955,"date":"2021-08-16T19:14:00","date_gmt":"2021-08-16T22:14:00","guid":{"rendered":"https:\/\/www.estrategiaconcursos.com.br\/blog\/?p=837955"},"modified":"2023-07-13T09:34:31","modified_gmt":"2023-07-13T12:34:31","slug":"concurso-emgepron-resultado-final","status":"publish","type":"post","link":"https:\/\/www.estrategiaconcursos.com.br\/blog\/concurso-emgepron-resultado-final\/","title":{"rendered":"Concurso Emgepron tem seu resultado final DIVULGADO!"},"content":{"rendered":"\n<p>Aten\u00e7\u00e3o, candidatos do\u00a0<strong>concurso Emgepron (Empresa Gerencial de Projetos Navais<\/strong>), munic\u00edpio do Rio de Janeiro\/RJ <strong>(Edital n\u00ba 1)<\/strong>: foi divulgado o <strong>resultado final<\/strong>. As provas foram realizadas em junho de 2021. <\/p>\n\n\n\n<p>A sele\u00e7\u00e3o do <strong>edital n\u00ba 01\/2021<\/strong> ofertou <strong>25 vagas imediatas<\/strong>. As oportunidades foram distribu\u00eddas entre todos os n\u00edveis de escolaridade, al\u00e9m de forma\u00e7\u00e3o de cadastro reserva. As <strong>remunera\u00e7\u00f5es <\/strong>variaram de cargo e n\u00edvel, entre <strong>R$ 1.115,00 e R$ 9.900,00.<\/strong><\/p>\n\n\n\n<p>Veja abaixo a distribui\u00e7\u00e3o das <strong>vagas <\/strong>que foram ofertadas para o <strong>Edital n\u00ba 1 do concurso Emgepron<\/strong>:<\/p>\n\n\n\n<p><strong>N\u00edvel Fundamental: <\/strong><\/p>\n\n\n\n<p>Auxiliar de Projetos Navais &#8211; Auxiliar de Escrit\u00f3rio, Auxiliar de Fabrica\u00e7\u00e3o, Bombeiro, Fabrica\u00e7\u00e3o e Montagem, Fresador, Gar\u00e7om, Motorista, Oficial Industrial Eletricista, Oficial Industrial Mec\u00e2nico, Oficial Industrial Retificador, Oficial Industrial Torneiro Ferramenteiro, Operador de Equipamento M\u00f3vel, Operador de Manobra de Peso (pontes rolantes), Operador de Manobra de Peso (guindaste m\u00f3vel e fixo), Operador de M\u00e1quinas CNC Centro de Usinagem, Operador de M\u00e1quinas CNC Torneiro, Pintor Naval e Seguran\u00e7a;<\/p>\n\n\n\n<p class=\"has-background\" style=\"background-color:#d4e0ea\"><strong><a href=\"https:\/\/dhg1h5j42swfq.cloudfront.net\/2021\/03\/09101149\/cargos-e-vagas.pdf\" target=\"_blank\" rel=\"noreferrer noopener nofollow\">Confira a distribui\u00e7\u00e3o<\/a><\/strong><\/p>\n\n\n\n<p><strong>N\u00edvel M\u00e9dio\/M\u00e9dio T\u00e9cnico: <\/strong><\/p>\n\n\n\n<p>T\u00e9cnico de Projetos Navais &#8211; Almoxarife, Assistente Administrativo (Administra\u00e7\u00e3o), Assistente Administrativo (Licita\u00e7\u00f5es), Metrologista, T\u00e9cnico de Inform\u00e1tica (Rede de Computadores), T\u00e9cnico de Inform\u00e1tica (Suporte T\u00e9cnico), T\u00e9cnico de Seguran\u00e7a do Trabalho, T\u00e9cnico Eletr\u00f4nica, T\u00e9cnico Eletrot\u00e9cnica, T\u00e9cnico Eletrot\u00e9cnica (Naval), T\u00e9cnico Farm\u00e1cia, T\u00e9cnico Gamagrafia, T\u00e9cnico Industrial Estruturas, T\u00e9cnico Laborat\u00f3rio, T\u00e9cnico Mec\u00e2nica, T\u00e9cnico Mec\u00e2nica (Naval), T\u00e9cnico Mec\u00e2nica (Fabrica\u00e7\u00e3o e Montagem), T\u00e9cnico Qu\u00edmica (Laborat\u00f3rio Farmac\u00eautico) e T\u00e9cnico Qu\u00edmica (F\u00e1brica de Muni\u00e7\u00f5es).<\/p>\n\n\n\n<p class=\"has-background\" style=\"background-color:#d4e0ea\"><strong><a href=\"https:\/\/dhg1h5j42swfq.cloudfront.net\/2021\/03\/09101149\/cargos-e-vagas.pdf\" target=\"_blank\" rel=\"noreferrer noopener nofollow\">Confira a distribui\u00e7\u00e3o<\/a><\/strong><\/p>\n\n\n\n<p><strong>N\u00edvel Superior: <\/strong><\/p>\n\n\n\n<p>Analista de Projetos Navais &#8211; Advogado (Administrativo e Mar\u00edtimo), Advogado (Tribut\u00e1rio), Analista de Administra\u00e7\u00e3o, Analista de Recursos Humanos, Analista T\u00e9cnico (Folha de Pagamento), Analista de Sistemas (Auditoria), Analista de Sistemas (Desenvolvimento de Sistemas), Engenheiro (Engenharia de Sistemas 1), Engenheiro (Engenharia de Sistemas 2), Analista T\u00e9cnico (Contratos), Analista T\u00e9cnico (Design Gr\u00e1fico), Engenheiro (Constru\u00e7\u00e3o Naval 1), Engenheiro (Constru\u00e7\u00e3o Naval 2), Analista T\u00e9cnico (Promo\u00e7\u00e3o Comercial), Analista T\u00e9cnico (Licita\u00e7\u00f5es), Analista T\u00e9cnico (Comunica\u00e7\u00e3o Social), Analista T\u00e9cnico (Rela\u00e7\u00f5es Internacionais), Analista T\u00e9cnico (Rede de Computadores\/Suporte T\u00e9cnico), Analista T\u00e9cnico (seguran\u00e7a da Informa\u00e7\u00e3o), Cirurgi\u00e3o- Dentista, Contador (Tributos), Contador (Auditoria), Engenheiro de Produ\u00e7\u00e3o (Constru\u00e7\u00e3o Naval), Engenheiro de Produ\u00e7\u00e3o (Gerenciamento de Projetos), Engenheiro de Seguran\u00e7a do Trabalho, Engenheiro Eletricista (Efici\u00eancia Energ\u00e9tica), Engenheiro Eletricista (Gerenciamento de Projetos), Engenheiro Mec\u00e2nico (Usinagem), Engenheiro Mec\u00e2nico (Gerenciamento de Projetos), Engenheiro Mec\u00e2nico (Constru\u00e7\u00e3o Naval), Engenheiro Naval, Engenheiro Qu\u00edmico, Farmac\u00eautico, Fisioterapeuta, M\u00e9dico do Trabalho, Qu\u00edmico (Industrial) e Qu\u00edmico (Fabril Farmac\u00eautico).<\/p>\n\n\n\n<p class=\"has-background\" style=\"background-color:#d4e0ea\"><strong><a href=\"https:\/\/dhg1h5j42swfq.cloudfront.net\/2021\/03\/09101149\/cargos-e-vagas.pdf\" target=\"_blank\" rel=\"noreferrer noopener nofollow\">Confira a distribui\u00e7\u00e3o<\/a><\/strong><\/p>\n\n\n\n<p>Para saber mais informa\u00e7\u00f5es sobre o <strong>concurso Emgepron<\/strong>, bem como da divulga\u00e7\u00e3o do <strong>resultado final <\/strong>do certame, acesse o link abaixo:<\/p>\n\n\n\n<p class=\"has-text-align-center has-cyan-bluish-gray-background-color has-background has-medium-font-size\"><strong>Saiba mais: <a href=\"https:\/\/www.estrategiaconcursos.com.br\/blog\/concurso-emgepron\/\" target=\"_blank\" rel=\"noreferrer noopener\">Concurso Emgepron<\/a><\/strong><\/p>\n\n\n\n<h2 class=\"wp-block-heading has-text-align-center\" id=\"cursos-assinatura\">Quer estudar para o concurso Emgepron?<\/h2>\n\n\n\n<div class=\"container\" id=\"boxes\">\n  <div class=\"row\">\n\n    <div class=\"col-sm\">\n      <div class=\"banner-estrategia\" id=\"box-assinatura\">\n        <h3 class=\"titulo-assinatura\">Concurso Emgepron<\/h3>\n        <p class=\"subtitulo-assinatura\">Estude conosco<\/p>\n        <div class=\"box-botao\">\n          <a class=\"btn-assinatura\" target=\"_blank\" href=\"https:\/\/www.estrategiaconcursos.com.br\/cursosPorConcurso\/empresa-gerencial-de-projetos-navais-emgepron\/\" role=\"button\" rel=\"noopener noreferrer\">Conhe\u00e7a os cursos<\/a>\n        <\/div>\n      <\/div>\n     \n    <\/div>\n\n  <\/div>\n<\/div>\n\n\n\n<div class=\"container\" id=\"boxes\">\n  <div class=\"row\">\n\n    <div class=\"col-sm\">\n      <div class=\"estrategia\" id=\"box-assinatura\">\n        <h3 class=\"titulo-assinatura\">Assinatura de Concursos<\/h3>\n        <p class=\"subtitulo-assinatura\">Assinatura de 1 ou 2 anos<\/p>\n        <div class=\"box-botao\">\n          <a class=\"btn-assinatura\" target=\"_blank\" href=\"https:\/\/www.estrategiaconcursos.com.br\/assinaturas\/\" role=\"button\" rel=\"noopener noreferrer\">ASSINE AGORA<\/a>\n        <\/div>\n      <\/div>\n      <p class=\"texto-auxiliar\"><\/p>\n    <\/div><\/div><\/div>\n\n\n\n<div class=\"container\" id=\"boxes\">\n  <div class=\"row\">\n\n    <div class=\"col-sm\" id=\"boxes-concursos\">\n      <div style=\"background-color: #005DAD;\" class=\"conteudo-concursos\" id=\"box-concursos\">\n        <h3 class=\"titulo-assinatura\">Concursos Abertos<\/h3>\n        <p class=\"subtitulo-assinatura\">Os editais publicados<\/p>\n        <div class=\"box-botao\">\n          <a class=\"btn-assinatura\" target=\"_blank\" href=\"https:\/\/www.estrategiaconcursos.com.br\/blog\/concursos-abertos\/\" role=\"button\" rel=\"noopener noreferrer\">Conhe\u00e7a Agora<\/a>\n        <\/div>\n      <\/div>\n    <\/div>\n\n    <div class=\"col-sm\" id=\"boxes-concursos\">\n      <div style=\"background-color: #1A7ED5;\" class=\"conteudo-concursos\" id=\"box-concursos\">\n        <h3 class=\"titulo-assinatura\">Concursos 2021<\/h3>\n        <p class=\"subtitulo-assinatura\">As oportunidades previstas<\/p>\n        <div class=\"box-botao\">\n          <a class=\"btn-assinatura\" target=\"_blank\" href=\"https:\/\/www.estrategiaconcursos.com.br\/blog\/concursos-2021\/\" role=\"button\" rel=\"noopener noreferrer\">Conhe\u00e7a Agora<\/a>\n        <\/div>\n      <\/div>\n    <\/div>\n\n    <div class=\"col-sm\" id=\"boxes-concursos\">\n      <div style=\"background-color: #419FF0;\" class=\"conteudo-concursos\" id=\"box-concursos\">\n        <h3 class=\"titulo-assinatura\">Concursos 2022<\/h3>\n        <p class=\"subtitulo-assinatura\">Vagas para o pr\u00f3ximo ano<\/p>\n        <div class=\"box-botao\">\n          <a class=\"btn-assinatura\" target=\"_blank\" href=\"https:\/\/www.estrategiaconcursos.com.br\/blog\/concursos-2022\/\" role=\"button\" rel=\"noopener noreferrer\">Conhe\u00e7a Agora<\/a>\n        <\/div>\n      <\/div>\n    <\/div>\n\n  <\/div>\n<\/div>\n","protected":false},"excerpt":{"rendered":"<p>Aten\u00e7\u00e3o, candidatos do\u00a0concurso Emgepron (Empresa Gerencial de Projetos Navais), munic\u00edpio do Rio de Janeiro\/RJ (Edital n\u00ba 1): foi divulgado o resultado final. As provas foram realizadas em junho de 2021. A sele\u00e7\u00e3o do edital n\u00ba 01\/2021 ofertou 25 vagas imediatas. As oportunidades foram distribu\u00eddas entre todos os n\u00edveis de escolaridade, al\u00e9m de forma\u00e7\u00e3o de cadastro [&hellip;]<\/p>\n","protected":false},"author":2134,"featured_media":841379,"comment_status":"open","ping_status":"closed","sticky":false,"template":"","format":"standard","meta":{"post_tipo":"news","footnotes":""},"categories":[6741,220185,220219],"tags":[],"tax_estado":[219982],"class_list":["post-837955","post","type-post","status-publish","format-standard","has-post-thumbnail","hentry","category-forcas-armadas-oficiais","category-forcas-armadas-pracas","category-noticias","tax_estado-rj"],"acf":[],"yoast_head":"<!-- This site is optimized with the Yoast SEO Premium plugin v27.2 (Yoast SEO v27.2) - https:\/\/yoast.com\/product\/yoast-seo-premium-wordpress\/ -->\n<title>Concurso Emgepron tem seu resultado final DIVULGADO!<\/title>\n<meta name=\"description\" content=\"O resultado final do concurso Emgepron (Edital n\u00ba 01) foi divulgado. Saiba todas as informa\u00e7\u00f5es acerca desse certame neste artigo.\" \/>\n<meta name=\"robots\" content=\"index, follow, max-snippet:-1, max-image-preview:large, max-video-preview:-1\" \/>\n<link rel=\"canonical\" href=\"https:\/\/www.estrategiaconcursos.com.br\/blog\/concurso-emgepron-resultado-final\/\" \/>\n<meta property=\"og:locale\" content=\"pt_BR\" \/>\n<meta property=\"og:type\" content=\"article\" \/>\n<meta property=\"og:title\" content=\"Concurso Emgepron tem seu resultado final DIVULGADO!\" \/>\n<meta property=\"og:description\" content=\"O resultado final do concurso Emgepron (Edital n\u00ba 01) foi divulgado. Saiba todas as informa\u00e7\u00f5es acerca desse certame neste artigo.\" \/>\n<meta property=\"og:url\" content=\"https:\/\/www.estrategiaconcursos.com.br\/blog\/concurso-emgepron-resultado-final\/\" \/>\n<meta property=\"og:site_name\" content=\"Estrat\u00e9gia Concursos\" \/>\n<meta property=\"article:published_time\" content=\"2021-08-16T22:14:00+00:00\" \/>\n<meta property=\"article:modified_time\" content=\"2023-07-13T12:34:31+00:00\" \/>\n<meta property=\"og:image\" content=\"https:\/\/dhg1h5j42swfq.cloudfront.net\/2021\/08\/20142700\/emgepron.jpeg\" \/>\n\t<meta property=\"og:image:width\" content=\"768\" \/>\n\t<meta property=\"og:image:height\" content=\"432\" \/>\n\t<meta property=\"og:image:type\" content=\"image\/jpeg\" \/>\n<meta name=\"author\" content=\"Rafaela Teixeira\" \/>\n<meta name=\"twitter:card\" content=\"summary_large_image\" \/>\n<meta name=\"twitter:creator\" content=\"@EstratConcursos\" \/>\n<meta name=\"twitter:site\" content=\"@EstratConcursos\" \/>\n<meta name=\"twitter:label1\" content=\"Escrito por\" \/>\n\t<meta name=\"twitter:data1\" content=\"Rafaela Teixeira\" \/>\n\t<meta name=\"twitter:label2\" content=\"Est. tempo de leitura\" \/>\n\t<meta name=\"twitter:data2\" content=\"3 minutos\" \/>\n<script type=\"application\/ld+json\" class=\"yoast-schema-graph\">{\"@context\":\"https:\/\/schema.org\",\"@graph\":[{\"@type\":\"NewsArticle\",\"@id\":\"https:\/\/www.estrategiaconcursos.com.br\/blog\/concurso-emgepron-resultado-final\/#article\",\"isPartOf\":{\"@id\":\"https:\/\/www.estrategiaconcursos.com.br\/blog\/concurso-emgepron-resultado-final\/\"},\"author\":{\"name\":\"Rafaela Teixeira\",\"@id\":\"https:\/\/www.estrategiaconcursos.com.br\/blog\/#\/schema\/person\/e75352021ea7f60781c599934f916eb1\"},\"headline\":\"Concurso Emgepron tem seu resultado final DIVULGADO!\",\"datePublished\":\"2021-08-16T22:14:00+00:00\",\"dateModified\":\"2023-07-13T12:34:31+00:00\",\"mainEntityOfPage\":{\"@id\":\"https:\/\/www.estrategiaconcursos.com.br\/blog\/concurso-emgepron-resultado-final\/\"},\"wordCount\":556,\"commentCount\":0,\"publisher\":{\"@id\":\"https:\/\/www.estrategiaconcursos.com.br\/blog\/#organization\"},\"image\":{\"@id\":\"https:\/\/www.estrategiaconcursos.com.br\/blog\/concurso-emgepron-resultado-final\/#primaryimage\"},\"thumbnailUrl\":\"https:\/\/dhg1h5j42swfq.cloudfront.net\/2021\/08\/20142700\/emgepron.jpeg\",\"articleSection\":[\"For\u00e7as Armadas (Oficiais)\",\"For\u00e7as Armadas (Pra\u00e7as)\",\"\u00daltimas not\u00edcias\"],\"inLanguage\":\"pt-BR\",\"potentialAction\":[{\"@type\":\"CommentAction\",\"name\":\"Comment\",\"target\":[\"https:\/\/www.estrategiaconcursos.com.br\/blog\/concurso-emgepron-resultado-final\/#respond\"]}],\"copyrightYear\":\"2021\",\"copyrightHolder\":{\"@id\":\"https:\/\/www.estrategiaconcursos.com.br\/blog\/#organization\"}},{\"@type\":\"WebPage\",\"@id\":\"https:\/\/www.estrategiaconcursos.com.br\/blog\/concurso-emgepron-resultado-final\/\",\"url\":\"https:\/\/www.estrategiaconcursos.com.br\/blog\/concurso-emgepron-resultado-final\/\",\"name\":\"Concurso Emgepron tem seu resultado final DIVULGADO!\",\"isPartOf\":{\"@id\":\"https:\/\/www.estrategiaconcursos.com.br\/blog\/#website\"},\"primaryImageOfPage\":{\"@id\":\"https:\/\/www.estrategiaconcursos.com.br\/blog\/concurso-emgepron-resultado-final\/#primaryimage\"},\"image\":{\"@id\":\"https:\/\/www.estrategiaconcursos.com.br\/blog\/concurso-emgepron-resultado-final\/#primaryimage\"},\"thumbnailUrl\":\"https:\/\/dhg1h5j42swfq.cloudfront.net\/2021\/08\/20142700\/emgepron.jpeg\",\"datePublished\":\"2021-08-16T22:14:00+00:00\",\"dateModified\":\"2023-07-13T12:34:31+00:00\",\"description\":\"O resultado final do concurso Emgepron (Edital n\u00ba 01) foi divulgado. Saiba todas as informa\u00e7\u00f5es acerca desse certame neste artigo.\",\"breadcrumb\":{\"@id\":\"https:\/\/www.estrategiaconcursos.com.br\/blog\/concurso-emgepron-resultado-final\/#breadcrumb\"},\"inLanguage\":\"pt-BR\",\"potentialAction\":[{\"@type\":\"ReadAction\",\"target\":[\"https:\/\/www.estrategiaconcursos.com.br\/blog\/concurso-emgepron-resultado-final\/\"]}]},{\"@type\":\"ImageObject\",\"inLanguage\":\"pt-BR\",\"@id\":\"https:\/\/www.estrategiaconcursos.com.br\/blog\/concurso-emgepron-resultado-final\/#primaryimage\",\"url\":\"https:\/\/dhg1h5j42swfq.cloudfront.net\/2021\/08\/20142700\/emgepron.jpeg\",\"contentUrl\":\"https:\/\/dhg1h5j42swfq.cloudfront.net\/2021\/08\/20142700\/emgepron.jpeg\",\"width\":768,\"height\":432,\"caption\":\"concurso emgepron\"},{\"@type\":\"BreadcrumbList\",\"@id\":\"https:\/\/www.estrategiaconcursos.com.br\/blog\/concurso-emgepron-resultado-final\/#breadcrumb\",\"itemListElement\":[{\"@type\":\"ListItem\",\"position\":1,\"name\":\"In\u00edcio\",\"item\":\"https:\/\/www.estrategiaconcursos.com.br\/blog\/\"},{\"@type\":\"ListItem\",\"position\":2,\"name\":\"Concurso Emgepron tem seu resultado final DIVULGADO!\"}]},{\"@type\":\"WebSite\",\"@id\":\"https:\/\/www.estrategiaconcursos.com.br\/blog\/#website\",\"url\":\"https:\/\/www.estrategiaconcursos.com.br\/blog\/\",\"name\":\"Estrat\u00e9gia Concursos\",\"description\":\"O blog da Estrat\u00e9gia Concursos traz not\u00edcias sobre concursos e artigos de professores oferecendo cursos para concursos (pdf + videaulas) no site.\",\"publisher\":{\"@id\":\"https:\/\/www.estrategiaconcursos.com.br\/blog\/#organization\"},\"potentialAction\":[{\"@type\":\"SearchAction\",\"target\":{\"@type\":\"EntryPoint\",\"urlTemplate\":\"https:\/\/www.estrategiaconcursos.com.br\/blog\/?s={search_term_string}\"},\"query-input\":{\"@type\":\"PropertyValueSpecification\",\"valueRequired\":true,\"valueName\":\"search_term_string\"}}],\"inLanguage\":\"pt-BR\"},{\"@type\":\"Organization\",\"@id\":\"https:\/\/www.estrategiaconcursos.com.br\/blog\/#organization\",\"name\":\"Estrat\u00e9gia Concursos\",\"url\":\"https:\/\/www.estrategiaconcursos.com.br\/blog\/\",\"logo\":{\"@type\":\"ImageObject\",\"inLanguage\":\"pt-BR\",\"@id\":\"https:\/\/www.estrategiaconcursos.com.br\/blog\/#\/schema\/logo\/image\/\",\"url\":\"https:\/\/dhg1h5j42swfq.cloudfront.net\/2025\/06\/03203428\/logo_concursos-1.jpg\",\"contentUrl\":\"https:\/\/dhg1h5j42swfq.cloudfront.net\/2025\/06\/03203428\/logo_concursos-1.jpg\",\"width\":230,\"height\":60,\"caption\":\"Estrat\u00e9gia Concursos\"},\"image\":{\"@id\":\"https:\/\/www.estrategiaconcursos.com.br\/blog\/#\/schema\/logo\/image\/\"},\"sameAs\":[\"https:\/\/x.com\/EstratConcursos\"]},{\"@type\":\"Person\",\"@id\":\"https:\/\/www.estrategiaconcursos.com.br\/blog\/#\/schema\/person\/e75352021ea7f60781c599934f916eb1\",\"name\":\"Rafaela Teixeira\",\"image\":{\"@type\":\"ImageObject\",\"inLanguage\":\"pt-BR\",\"@id\":\"https:\/\/secure.gravatar.com\/avatar\/8a349a2b22039b1ee88fc06461487c950fd6aa411ea8af8633314b43334ae793?s=96&d=mm&r=g\",\"url\":\"https:\/\/secure.gravatar.com\/avatar\/8a349a2b22039b1ee88fc06461487c950fd6aa411ea8af8633314b43334ae793?s=96&d=mm&r=g\",\"contentUrl\":\"https:\/\/secure.gravatar.com\/avatar\/8a349a2b22039b1ee88fc06461487c950fd6aa411ea8af8633314b43334ae793?s=96&d=mm&r=g\",\"caption\":\"Rafaela Teixeira\"},\"description\":\"Rafaela Teixeira \u00e9 advogada conveniada \u00e0 Defensoria P\u00fablica de S\u00e3o Paulo pela OAB, com experi\u00eancia em reda\u00e7\u00e3o jur\u00eddica e atua\u00e7\u00e3o em institui\u00e7\u00f5es p\u00fablicas, incluindo est\u00e1gio no TRE-SP. Possui mais de 7 anos de experi\u00eancia na produ\u00e7\u00e3o de conte\u00fados voltados ao nicho de concursos p\u00fablicos, com foco em apura\u00e7\u00e3o jornal\u00edstica cont\u00ednua, an\u00e1lise de editais e obten\u00e7\u00e3o de informa\u00e7\u00f5es diretamente junto a \u00f3rg\u00e3os e fontes oficiais. No Blog do Estrat\u00e9gia Concursos, atua como Analista de Conte\u00fado S\u00eanior, respons\u00e1vel pelo jornalismo do per\u00edodo noturno e da madrugada, com atua\u00e7\u00e3o transversal na cobertura de concursos p\u00fablicos, garantindo a continuidade, fluidez e confiabilidade das publica\u00e7\u00f5es e dos bastidores dos certames.\",\"url\":\"https:\/\/www.estrategiaconcursos.com.br\/blog\/author\/rafaela-teixeira\/\"}]}<\/script>\n<!-- \/ Yoast SEO Premium plugin. -->","yoast_head_json":{"title":"Concurso Emgepron tem seu resultado final DIVULGADO!","description":"O resultado final do concurso Emgepron (Edital n\u00ba 01) foi divulgado. Saiba todas as informa\u00e7\u00f5es acerca desse certame neste artigo.","robots":{"index":"index","follow":"follow","max-snippet":"max-snippet:-1","max-image-preview":"max-image-preview:large","max-video-preview":"max-video-preview:-1"},"canonical":"https:\/\/www.estrategiaconcursos.com.br\/blog\/concurso-emgepron-resultado-final\/","og_locale":"pt_BR","og_type":"article","og_title":"Concurso Emgepron tem seu resultado final DIVULGADO!","og_description":"O resultado final do concurso Emgepron (Edital n\u00ba 01) foi divulgado. Saiba todas as informa\u00e7\u00f5es acerca desse certame neste artigo.","og_url":"https:\/\/www.estrategiaconcursos.com.br\/blog\/concurso-emgepron-resultado-final\/","og_site_name":"Estrat\u00e9gia Concursos","article_published_time":"2021-08-16T22:14:00+00:00","article_modified_time":"2023-07-13T12:34:31+00:00","og_image":[{"width":768,"height":432,"url":"https:\/\/dhg1h5j42swfq.cloudfront.net\/2021\/08\/20142700\/emgepron.jpeg","type":"image\/jpeg"}],"author":"Rafaela Teixeira","twitter_card":"summary_large_image","twitter_creator":"@EstratConcursos","twitter_site":"@EstratConcursos","twitter_misc":{"Escrito por":"Rafaela Teixeira","Est. tempo de leitura":"3 minutos"},"schema":{"@context":"https:\/\/schema.org","@graph":[{"@type":"NewsArticle","@id":"https:\/\/www.estrategiaconcursos.com.br\/blog\/concurso-emgepron-resultado-final\/#article","isPartOf":{"@id":"https:\/\/www.estrategiaconcursos.com.br\/blog\/concurso-emgepron-resultado-final\/"},"author":{"name":"Rafaela Teixeira","@id":"https:\/\/www.estrategiaconcursos.com.br\/blog\/#\/schema\/person\/e75352021ea7f60781c599934f916eb1"},"headline":"Concurso Emgepron tem seu resultado final DIVULGADO!","datePublished":"2021-08-16T22:14:00+00:00","dateModified":"2023-07-13T12:34:31+00:00","mainEntityOfPage":{"@id":"https:\/\/www.estrategiaconcursos.com.br\/blog\/concurso-emgepron-resultado-final\/"},"wordCount":556,"commentCount":0,"publisher":{"@id":"https:\/\/www.estrategiaconcursos.com.br\/blog\/#organization"},"image":{"@id":"https:\/\/www.estrategiaconcursos.com.br\/blog\/concurso-emgepron-resultado-final\/#primaryimage"},"thumbnailUrl":"https:\/\/dhg1h5j42swfq.cloudfront.net\/2021\/08\/20142700\/emgepron.jpeg","articleSection":["For\u00e7as Armadas (Oficiais)","For\u00e7as Armadas (Pra\u00e7as)","\u00daltimas not\u00edcias"],"inLanguage":"pt-BR","potentialAction":[{"@type":"CommentAction","name":"Comment","target":["https:\/\/www.estrategiaconcursos.com.br\/blog\/concurso-emgepron-resultado-final\/#respond"]}],"copyrightYear":"2021","copyrightHolder":{"@id":"https:\/\/www.estrategiaconcursos.com.br\/blog\/#organization"}},{"@type":"WebPage","@id":"https:\/\/www.estrategiaconcursos.com.br\/blog\/concurso-emgepron-resultado-final\/","url":"https:\/\/www.estrategiaconcursos.com.br\/blog\/concurso-emgepron-resultado-final\/","name":"Concurso Emgepron tem seu resultado final DIVULGADO!","isPartOf":{"@id":"https:\/\/www.estrategiaconcursos.com.br\/blog\/#website"},"primaryImageOfPage":{"@id":"https:\/\/www.estrategiaconcursos.com.br\/blog\/concurso-emgepron-resultado-final\/#primaryimage"},"image":{"@id":"https:\/\/www.estrategiaconcursos.com.br\/blog\/concurso-emgepron-resultado-final\/#primaryimage"},"thumbnailUrl":"https:\/\/dhg1h5j42swfq.cloudfront.net\/2021\/08\/20142700\/emgepron.jpeg","datePublished":"2021-08-16T22:14:00+00:00","dateModified":"2023-07-13T12:34:31+00:00","description":"O resultado final do concurso Emgepron (Edital n\u00ba 01) foi divulgado. Saiba todas as informa\u00e7\u00f5es acerca desse certame neste artigo.","breadcrumb":{"@id":"https:\/\/www.estrategiaconcursos.com.br\/blog\/concurso-emgepron-resultado-final\/#breadcrumb"},"inLanguage":"pt-BR","potentialAction":[{"@type":"ReadAction","target":["https:\/\/www.estrategiaconcursos.com.br\/blog\/concurso-emgepron-resultado-final\/"]}]},{"@type":"ImageObject","inLanguage":"pt-BR","@id":"https:\/\/www.estrategiaconcursos.com.br\/blog\/concurso-emgepron-resultado-final\/#primaryimage","url":"https:\/\/dhg1h5j42swfq.cloudfront.net\/2021\/08\/20142700\/emgepron.jpeg","contentUrl":"https:\/\/dhg1h5j42swfq.cloudfront.net\/2021\/08\/20142700\/emgepron.jpeg","width":768,"height":432,"caption":"concurso emgepron"},{"@type":"BreadcrumbList","@id":"https:\/\/www.estrategiaconcursos.com.br\/blog\/concurso-emgepron-resultado-final\/#breadcrumb","itemListElement":[{"@type":"ListItem","position":1,"name":"In\u00edcio","item":"https:\/\/www.estrategiaconcursos.com.br\/blog\/"},{"@type":"ListItem","position":2,"name":"Concurso Emgepron tem seu resultado final DIVULGADO!"}]},{"@type":"WebSite","@id":"https:\/\/www.estrategiaconcursos.com.br\/blog\/#website","url":"https:\/\/www.estrategiaconcursos.com.br\/blog\/","name":"Estrat\u00e9gia Concursos","description":"O blog da Estrat\u00e9gia Concursos traz not\u00edcias sobre concursos e artigos de professores oferecendo cursos para concursos (pdf + videaulas) no site.","publisher":{"@id":"https:\/\/www.estrategiaconcursos.com.br\/blog\/#organization"},"potentialAction":[{"@type":"SearchAction","target":{"@type":"EntryPoint","urlTemplate":"https:\/\/www.estrategiaconcursos.com.br\/blog\/?s={search_term_string}"},"query-input":{"@type":"PropertyValueSpecification","valueRequired":true,"valueName":"search_term_string"}}],"inLanguage":"pt-BR"},{"@type":"Organization","@id":"https:\/\/www.estrategiaconcursos.com.br\/blog\/#organization","name":"Estrat\u00e9gia Concursos","url":"https:\/\/www.estrategiaconcursos.com.br\/blog\/","logo":{"@type":"ImageObject","inLanguage":"pt-BR","@id":"https:\/\/www.estrategiaconcursos.com.br\/blog\/#\/schema\/logo\/image\/","url":"https:\/\/dhg1h5j42swfq.cloudfront.net\/2025\/06\/03203428\/logo_concursos-1.jpg","contentUrl":"https:\/\/dhg1h5j42swfq.cloudfront.net\/2025\/06\/03203428\/logo_concursos-1.jpg","width":230,"height":60,"caption":"Estrat\u00e9gia Concursos"},"image":{"@id":"https:\/\/www.estrategiaconcursos.com.br\/blog\/#\/schema\/logo\/image\/"},"sameAs":["https:\/\/x.com\/EstratConcursos"]},{"@type":"Person","@id":"https:\/\/www.estrategiaconcursos.com.br\/blog\/#\/schema\/person\/e75352021ea7f60781c599934f916eb1","name":"Rafaela Teixeira","image":{"@type":"ImageObject","inLanguage":"pt-BR","@id":"https:\/\/secure.gravatar.com\/avatar\/8a349a2b22039b1ee88fc06461487c950fd6aa411ea8af8633314b43334ae793?s=96&d=mm&r=g","url":"https:\/\/secure.gravatar.com\/avatar\/8a349a2b22039b1ee88fc06461487c950fd6aa411ea8af8633314b43334ae793?s=96&d=mm&r=g","contentUrl":"https:\/\/secure.gravatar.com\/avatar\/8a349a2b22039b1ee88fc06461487c950fd6aa411ea8af8633314b43334ae793?s=96&d=mm&r=g","caption":"Rafaela Teixeira"},"description":"Rafaela Teixeira \u00e9 advogada conveniada \u00e0 Defensoria P\u00fablica de S\u00e3o Paulo pela OAB, com experi\u00eancia em reda\u00e7\u00e3o jur\u00eddica e atua\u00e7\u00e3o em institui\u00e7\u00f5es p\u00fablicas, incluindo est\u00e1gio no TRE-SP. Possui mais de 7 anos de experi\u00eancia na produ\u00e7\u00e3o de conte\u00fados voltados ao nicho de concursos p\u00fablicos, com foco em apura\u00e7\u00e3o jornal\u00edstica cont\u00ednua, an\u00e1lise de editais e obten\u00e7\u00e3o de informa\u00e7\u00f5es diretamente junto a \u00f3rg\u00e3os e fontes oficiais. No Blog do Estrat\u00e9gia Concursos, atua como Analista de Conte\u00fado S\u00eanior, respons\u00e1vel pelo jornalismo do per\u00edodo noturno e da madrugada, com atua\u00e7\u00e3o transversal na cobertura de concursos p\u00fablicos, garantindo a continuidade, fluidez e confiabilidade das publica\u00e7\u00f5es e dos bastidores dos certames.","url":"https:\/\/www.estrategiaconcursos.com.br\/blog\/author\/rafaela-teixeira\/"}]}},"_links":{"self":[{"href":"https:\/\/www.estrategiaconcursos.com.br\/blog\/wp-json\/wp\/v2\/posts\/837955","targetHints":{"allow":["GET"]}}],"collection":[{"href":"https:\/\/www.estrategiaconcursos.com.br\/blog\/wp-json\/wp\/v2\/posts"}],"about":[{"href":"https:\/\/www.estrategiaconcursos.com.br\/blog\/wp-json\/wp\/v2\/types\/post"}],"author":[{"embeddable":true,"href":"https:\/\/www.estrategiaconcursos.com.br\/blog\/wp-json\/wp\/v2\/users\/2134"}],"replies":[{"embeddable":true,"href":"https:\/\/www.estrategiaconcursos.com.br\/blog\/wp-json\/wp\/v2\/comments?post=837955"}],"version-history":[{"count":12,"href":"https:\/\/www.estrategiaconcursos.com.br\/blog\/wp-json\/wp\/v2\/posts\/837955\/revisions"}],"predecessor-version":[{"id":1247769,"href":"https:\/\/www.estrategiaconcursos.com.br\/blog\/wp-json\/wp\/v2\/posts\/837955\/revisions\/1247769"}],"wp:featuredmedia":[{"embeddable":true,"href":"https:\/\/www.estrategiaconcursos.com.br\/blog\/wp-json\/wp\/v2\/media\/841379"}],"wp:attachment":[{"href":"https:\/\/www.estrategiaconcursos.com.br\/blog\/wp-json\/wp\/v2\/media?parent=837955"}],"wp:term":[{"taxonomy":"category","embeddable":true,"href":"https:\/\/www.estrategiaconcursos.com.br\/blog\/wp-json\/wp\/v2\/categories?post=837955"},{"taxonomy":"post_tag","embeddable":true,"href":"https:\/\/www.estrategiaconcursos.com.br\/blog\/wp-json\/wp\/v2\/tags?post=837955"},{"taxonomy":"tax_estado","embeddable":true,"href":"https:\/\/www.estrategiaconcursos.com.br\/blog\/wp-json\/wp\/v2\/tax_estado?post=837955"}],"curies":[{"name":"wp","href":"https:\/\/api.w.org\/{rel}","templated":true}]}}