{"id":837654,"date":"2021-08-16T17:04:24","date_gmt":"2021-08-16T20:04:24","guid":{"rendered":"https:\/\/www.estrategiaconcursos.com.br\/blog\/?p=837654"},"modified":"2021-08-16T17:33:00","modified_gmt":"2021-08-16T20:33:00","slug":"concurso-sao-goncalo-do-amarante-tem-retomada","status":"publish","type":"post","link":"https:\/\/www.estrategiaconcursos.com.br\/blog\/concurso-sao-goncalo-do-amarante-tem-retomada\/","title":{"rendered":"IBFC anuncia retomada do concurso de S\u00e3o Gon\u00e7alo do Amarante"},"content":{"rendered":"\n<p>Duas vezes suspenso em raz\u00e3o da atual crise pand\u00eamica a qual o pa\u00eds est\u00e1 acometido, em congelamento de mais de um ano, o concurso para a Prefeitura de S\u00e3o Gon\u00e7alo, estado do Rio Grande do Norte, <strong>foi retomado!<\/strong><\/p>\n\n\n\n<p class=\"has-text-align-center has-pale-cyan-blue-color has-black-background-color has-text-color has-background\" id=\"h-comunicado-oficial-de-retomada-do-concurso-de-s-o-gon-alo-do-amarante\" style=\"font-size:clamp(14px, 0.875rem + ((1vw - 3.2px) * 0.392), 18px);px\"><strong><a href=\"https:\/\/dhg1h5j42swfq.cloudfront.net\/2021\/08\/16163029\/cd6d6fbdfc459cfbf8292e9937ebf5b8.pdf\" target=\"_blank\" rel=\"noreferrer noopener nofollow\">Comunicado oficial de retomada do Concurso de S\u00e3o Gon\u00e7alo do Amarante<\/a><\/strong><\/p>\n\n\n\n<p>Isso porque, foi observada pela secretaria do mun\u00edcipio a flexibiliza\u00e7\u00e3o das medidas de isolamento social e retorno gradual das atividades presenciais. O que n\u00e3o exclui, <em>em caso de piora do quadro da Covid-19<\/em>, novo adiamento.<\/p>\n\n\n\n<p>Vale ressaltar idem que tal decis\u00e3o foi feita com base no parecer favor\u00e1vel do Comit\u00ea Municipal de Enfrentamento \u00e0 Covid-19 do Munic\u00edpio de S\u00e3o Gon\u00e7alo do Amarante pela realiza\u00e7\u00e3o do concurso p\u00fablico. <\/p>\n\n\n\n<div class=\"wp-block-image\"><figure class=\"aligncenter is-resized\"><img loading=\"lazy\" decoding=\"async\" src=\"https:\/\/saogoncalo.rn.gov.br\/wp-content\/uploads\/2020\/08\/D1068C3E-A283-4DFB-834B-F4A15ACC2D23.jpeg\" alt=\"retomada concurso s\u00e3o gon\u00e7alo\" width=\"576\" height=\"381\"\/><figcaption>Fonte: Imagem de Divulga\u00e7\u00e3o do edif\u00edcio | Concurso de S\u00e3o Gon\u00e7alo do Amarante tem retomada<\/figcaption><\/figure><\/div>\n\n\n\n<p>No comunicado oficial, houve tamb\u00e9m a redefini\u00e7\u00e3o das datas da aplica\u00e7\u00e3o da <strong>Prova Objetiva<\/strong>. Portanto, as avalia\u00e7\u00f5es est\u00e3o publicamente marcadas para os dias <strong>12\/09 e 19\/09 de 2021<\/strong>, dois domingos consecutivos.<\/p>\n\n\n\n<p>As informa\u00e7\u00f5es para realiza\u00e7\u00e3o das provas, a distribui\u00e7\u00e3o dos cargos em cada dia de realiza\u00e7\u00e3o e as orienta\u00e7\u00f5es de preven\u00e7\u00e3o ao coronav\u00edrus ser\u00e3o divulgadas atrav\u00e9s do edital de convoca\u00e7\u00e3o no site do <a href=\"http:\/\/www.ibfc.org.br\" target=\"_blank\" rel=\"noreferrer noopener\">IBFC<\/a>, na data prevista de 30 de agosto.<\/p>\n\n\n\n<p>Ademais, considerando a quantidade de inscritos, o distanciamento social e os locais dispon\u00edveis para a realiza\u00e7\u00e3o do concurso p\u00fablico, a Prova Objetiva ser\u00e1 realizada nas cidades de <strong>S\u00e3o Gon\u00e7alo do Amarante e Natal<\/strong>, ambas em RN.<\/p>\n\n\n\n<p class=\"has-text-align-center\"><em>Para ficar por dentro de todos os detalhes acerca da retomada do concurso de S\u00e3o Gon\u00e7alo do Amarante, leia um artigo completo, de f\u00e1cil compreens\u00e3o, que elaboramos <strong>EXCLUSIVAMENTE <\/strong>para voc\u00ea!<\/em><\/p>\n\n\n\n<p class=\"has-text-align-center has-black-color has-pale-cyan-blue-background-color has-text-color has-background\" style=\"font-size:clamp(14.642px, 0.915rem + ((1vw - 3.2px) * 0.721), 22px);px\"><strong>Mais informa\u00e7\u00f5es: <a href=\"https:\/\/www.estrategiaconcursos.com.br\/blog\/concurso-prefeitura-de-sao-goncalo-do-amarante\/\" target=\"_blank\" rel=\"noreferrer noopener\">Concurso S\u00e3o Gon\u00e7alo do Amarante<\/a><\/strong><\/p>\n\n\n\n<hr class=\"wp-block-separator\"\/>\n\n\n\n<div class=\"wp-block-image\"><figure class=\"aligncenter size-large is-resized\"><img loading=\"lazy\" decoding=\"async\" src=\"https:\/\/dhg1h5j42swfq.cloudfront.net\/2020\/12\/11172928\/logo_estrategia_concursos.png\" alt=\"\" class=\"wp-image-629128\" width=\"50\" height=\"99\" srcset=\"https:\/\/dhg1h5j42swfq.cloudfront.net\/2020\/12\/11172928\/logo_estrategia_concursos.png 200w, https:\/\/dhg1h5j42swfq.cloudfront.net\/2020\/12\/11172928\/logo_estrategia_concursos-151x300.png 151w\" sizes=\"auto, (max-width: 50px) 100vw, 50px\" \/><\/figure><\/div>\n\n\n\n<h2 class=\"has-text-align-center wp-block-heading\" id=\"h-cursos-e-assinaturas-para-a-retomada-do-concurso-s-o-gon-alo-do-amarante\">Cursos e assinaturas para a retomada do concurso S\u00e3o Gon\u00e7alo do Amarante:<\/h2>\n\n\n\n<div class=\"container\" id=\"boxes\">\n  <div class=\"row\">\n\n    <div class=\"col-sm\">\n      <div class=\"banner-adm\" id=\"box-assinatura\">\n        <h3 class=\"titulo-assinatura\">Carreiras Administrativas<\/h3>\n        <p class=\"subtitulo-assinatura\">Estude conosco<\/p>\n        <div class=\"box-botao\">\n          <a class=\"btn-assinatura\" target=\"_blank\" href=\"https:\/\/www.estrategiaconcursos.com.br\/cursosPorConcurso\/prefeitura-municipal-de-sao-goncalo-do-amaranto-rn\/\" role=\"button\" rel=\"noopener noreferrer\">Concurso S\u00e3o Gon\u00e7alo<\/a>\n        <\/div>\n      <\/div>\n      \n    <\/div>\n\n  <\/div>\n<\/div>\n\n\n\n<div class=\"container\" id=\"boxes\">\n  <div class=\"row\">\n\n    <div class=\"col-sm\">\n      <div class=\"estrategia\" id=\"box-assinatura\">\n        <h3 class=\"titulo-assinatura\">Assinatura Concursos<\/h3>\n        <p class=\"subtitulo-assinatura\">Assinatura de 1 ano ou 2 anos<\/p>\n        <div class=\"box-botao\">\n          <a class=\"btn-assinatura\" target=\"_blank\" href=\"https:\/\/www.estrategiaconcursos.com.br\/assinaturas\/\" role=\"button\" rel=\"noopener noreferrer\">ASSINE AGORA<\/a>\n        <\/div>\n      <\/div><\/div><\/div><\/div>\n\n\n\n<div class=\"container\" id=\"boxes\">\n  <div class=\"row\">\n\n    <div class=\"col-sm\" id=\"boxes-concursos\">\n      <div style=\"background-color: #005DAD;\" class=\"conteudo-concursos\" id=\"box-concursos\">\n        <h3 class=\"titulo-assinatura\">Concursos Abertos<\/h3>\n        <p class=\"subtitulo-assinatura\">Confira os editais publicados<\/p>\n        <div class=\"box-botao\">\n          <a class=\"btn-assinatura\" target=\"_blank\" href=\"https:\/\/www.estrategiaconcursos.com.br\/blog\/concursos-abertos\/\" role=\"button\" rel=\"noopener noreferrer\">Conhe\u00e7a Agora<\/a>\n        <\/div>\n      <\/div>\n    <\/div>\n\n    <div class=\"col-sm\" id=\"boxes-concursos\">\n      <div style=\"background-color: #1A7ED5;\" class=\"conteudo-concursos\" id=\"box-concursos\">\n        <h3 class=\"titulo-assinatura\">Concursos 2021<\/h3>\n        <p class=\"subtitulo-assinatura\">As oportunidades previstas<\/p>\n        <div class=\"box-botao\">\n          <a class=\"btn-assinatura\" target=\"_blank\" href=\"https:\/\/www.estrategiaconcursos.com.br\/blog\/concursos-2021\/\" role=\"button\" rel=\"noopener noreferrer\">Conhe\u00e7a Agora<\/a>\n        <\/div>\n      <\/div>\n    <\/div>\n\n    <div class=\"col-sm\" id=\"boxes-concursos\">\n      <div style=\"background-color: #419FF0;\" class=\"conteudo-concursos\" id=\"box-concursos\">\n        <h3 class=\"titulo-assinatura\">Concursos 2022<\/h3>\n        <p class=\"subtitulo-assinatura\">Vagas para o pr\u00f3ximo ano<\/p>\n        <div class=\"box-botao\">\n          <a class=\"btn-assinatura\" target=\"_blank\" href=\"https:\/\/www.estrategiaconcursos.com.br\/blog\/concursos-2022\/\" role=\"button\" rel=\"noopener noreferrer\">Conhe\u00e7a Agora<\/a>\n        <\/div>\n      <\/div>\n    <\/div>\n\n  <\/div>\n<\/div>\n","protected":false},"excerpt":{"rendered":"<p>Duas vezes suspenso em raz\u00e3o da atual crise pand\u00eamica a qual o pa\u00eds est\u00e1 acometido, em congelamento de mais de um ano, o concurso para a Prefeitura de S\u00e3o Gon\u00e7alo, estado do Rio Grande do Norte, foi retomado! Comunicado oficial de retomada do Concurso de S\u00e3o Gon\u00e7alo do Amarante Isso porque, foi observada pela secretaria [&hellip;]<\/p>\n","protected":false},"author":2099,"featured_media":559409,"comment_status":"open","ping_status":"closed","sticky":false,"template":"","format":"standard","meta":{"post_tipo":"news","footnotes":""},"categories":[214992,220219],"tags":[],"tax_estado":[219983],"class_list":["post-837654","post","type-post","status-publish","format-standard","has-post-thumbnail","hentry","category-concursos-administrativos","category-noticias","tax_estado-rn"],"acf":[],"yoast_head":"<!-- This site is optimized with the Yoast SEO Premium plugin v27.2 (Yoast SEO v27.2) - https:\/\/yoast.com\/product\/yoast-seo-premium-wordpress\/ -->\n<title>IBFC anuncia retomada do concurso de S\u00e3o Gon\u00e7alo do Amarante<\/title>\n<meta name=\"description\" content=\"Duas vezes suspenso em raz\u00e3o da atual crise pand\u00eamica a qual o pa\u00eds est\u00e1 acometido, o concurso para a Prefeitura de S\u00e3o Gon\u00e7alo tem retomada.\" \/>\n<meta name=\"robots\" content=\"index, follow, max-snippet:-1, max-image-preview:large, max-video-preview:-1\" \/>\n<link rel=\"canonical\" href=\"https:\/\/www.estrategiaconcursos.com.br\/blog\/concurso-sao-goncalo-do-amarante-tem-retomada\/\" \/>\n<meta property=\"og:locale\" content=\"pt_BR\" \/>\n<meta property=\"og:type\" content=\"article\" \/>\n<meta property=\"og:title\" content=\"IBFC anuncia retomada do concurso de S\u00e3o Gon\u00e7alo do Amarante\" \/>\n<meta property=\"og:description\" content=\"Duas vezes suspenso em raz\u00e3o da atual crise pand\u00eamica a qual o pa\u00eds est\u00e1 acometido, o concurso para a Prefeitura de S\u00e3o Gon\u00e7alo tem retomada.\" \/>\n<meta property=\"og:url\" content=\"https:\/\/www.estrategiaconcursos.com.br\/blog\/concurso-sao-goncalo-do-amarante-tem-retomada\/\" \/>\n<meta property=\"og:site_name\" content=\"Estrat\u00e9gia Concursos\" \/>\n<meta property=\"article:published_time\" content=\"2021-08-16T20:04:24+00:00\" \/>\n<meta property=\"article:modified_time\" content=\"2021-08-16T20:33:00+00:00\" \/>\n<meta property=\"og:image\" content=\"https:\/\/dhg1h5j42swfq.cloudfront.net\/2020\/08\/22120145\/Prefeitura-S%C3%A3o-Gon%C3%A7alo-RJ-150x150-1.png\" \/>\n\t<meta property=\"og:image:width\" content=\"150\" \/>\n\t<meta property=\"og:image:height\" content=\"150\" \/>\n\t<meta property=\"og:image:type\" content=\"image\/png\" \/>\n<meta name=\"author\" content=\"Elo\u00edsa da Rosa Ferro\" \/>\n<meta name=\"twitter:card\" content=\"summary_large_image\" \/>\n<meta name=\"twitter:creator\" content=\"@EstratConcursos\" \/>\n<meta name=\"twitter:site\" content=\"@EstratConcursos\" \/>\n<meta name=\"twitter:label1\" content=\"Escrito por\" \/>\n\t<meta name=\"twitter:data1\" content=\"Elo\u00edsa da Rosa Ferro\" \/>\n\t<meta name=\"twitter:label2\" content=\"Est. tempo de leitura\" \/>\n\t<meta name=\"twitter:data2\" content=\"2 minutos\" \/>\n<script type=\"application\/ld+json\" class=\"yoast-schema-graph\">{\"@context\":\"https:\/\/schema.org\",\"@graph\":[{\"@type\":\"NewsArticle\",\"@id\":\"https:\/\/www.estrategiaconcursos.com.br\/blog\/concurso-sao-goncalo-do-amarante-tem-retomada\/#article\",\"isPartOf\":{\"@id\":\"https:\/\/www.estrategiaconcursos.com.br\/blog\/concurso-sao-goncalo-do-amarante-tem-retomada\/\"},\"author\":{\"name\":\"Elo\u00edsa da Rosa Ferro\",\"@id\":\"https:\/\/www.estrategiaconcursos.com.br\/blog\/#\/schema\/person\/57d9394bb68400dbec62ff8a943ab201\"},\"headline\":\"IBFC anuncia retomada do concurso de S\u00e3o Gon\u00e7alo do Amarante\",\"datePublished\":\"2021-08-16T20:04:24+00:00\",\"dateModified\":\"2021-08-16T20:33:00+00:00\",\"mainEntityOfPage\":{\"@id\":\"https:\/\/www.estrategiaconcursos.com.br\/blog\/concurso-sao-goncalo-do-amarante-tem-retomada\/\"},\"wordCount\":387,\"commentCount\":0,\"publisher\":{\"@id\":\"https:\/\/www.estrategiaconcursos.com.br\/blog\/#organization\"},\"image\":{\"@id\":\"https:\/\/www.estrategiaconcursos.com.br\/blog\/concurso-sao-goncalo-do-amarante-tem-retomada\/#primaryimage\"},\"thumbnailUrl\":\"https:\/\/dhg1h5j42swfq.cloudfront.net\/2020\/08\/22120145\/Prefeitura-S%C3%A3o-Gon%C3%A7alo-RJ-150x150-1.png\",\"articleSection\":[\"Executivo (Administrativa)\",\"\u00daltimas not\u00edcias\"],\"inLanguage\":\"pt-BR\",\"potentialAction\":[{\"@type\":\"CommentAction\",\"name\":\"Comment\",\"target\":[\"https:\/\/www.estrategiaconcursos.com.br\/blog\/concurso-sao-goncalo-do-amarante-tem-retomada\/#respond\"]}],\"copyrightYear\":\"2021\",\"copyrightHolder\":{\"@id\":\"https:\/\/www.estrategiaconcursos.com.br\/blog\/#organization\"}},{\"@type\":\"WebPage\",\"@id\":\"https:\/\/www.estrategiaconcursos.com.br\/blog\/concurso-sao-goncalo-do-amarante-tem-retomada\/\",\"url\":\"https:\/\/www.estrategiaconcursos.com.br\/blog\/concurso-sao-goncalo-do-amarante-tem-retomada\/\",\"name\":\"IBFC anuncia retomada do concurso de S\u00e3o Gon\u00e7alo do Amarante\",\"isPartOf\":{\"@id\":\"https:\/\/www.estrategiaconcursos.com.br\/blog\/#website\"},\"primaryImageOfPage\":{\"@id\":\"https:\/\/www.estrategiaconcursos.com.br\/blog\/concurso-sao-goncalo-do-amarante-tem-retomada\/#primaryimage\"},\"image\":{\"@id\":\"https:\/\/www.estrategiaconcursos.com.br\/blog\/concurso-sao-goncalo-do-amarante-tem-retomada\/#primaryimage\"},\"thumbnailUrl\":\"https:\/\/dhg1h5j42swfq.cloudfront.net\/2020\/08\/22120145\/Prefeitura-S%C3%A3o-Gon%C3%A7alo-RJ-150x150-1.png\",\"datePublished\":\"2021-08-16T20:04:24+00:00\",\"dateModified\":\"2021-08-16T20:33:00+00:00\",\"description\":\"Duas vezes suspenso em raz\u00e3o da atual crise pand\u00eamica a qual o pa\u00eds est\u00e1 acometido, o concurso para a Prefeitura de S\u00e3o Gon\u00e7alo tem retomada.\",\"breadcrumb\":{\"@id\":\"https:\/\/www.estrategiaconcursos.com.br\/blog\/concurso-sao-goncalo-do-amarante-tem-retomada\/#breadcrumb\"},\"inLanguage\":\"pt-BR\",\"potentialAction\":[{\"@type\":\"ReadAction\",\"target\":[\"https:\/\/www.estrategiaconcursos.com.br\/blog\/concurso-sao-goncalo-do-amarante-tem-retomada\/\"]}]},{\"@type\":\"ImageObject\",\"inLanguage\":\"pt-BR\",\"@id\":\"https:\/\/www.estrategiaconcursos.com.br\/blog\/concurso-sao-goncalo-do-amarante-tem-retomada\/#primaryimage\",\"url\":\"https:\/\/dhg1h5j42swfq.cloudfront.net\/2020\/08\/22120145\/Prefeitura-S%C3%A3o-Gon%C3%A7alo-RJ-150x150-1.png\",\"contentUrl\":\"https:\/\/dhg1h5j42swfq.cloudfront.net\/2020\/08\/22120145\/Prefeitura-S%C3%A3o-Gon%C3%A7alo-RJ-150x150-1.png\",\"width\":150,\"height\":150,\"caption\":\"retomada concurso s\u00e3o gon\u00e7alo\"},{\"@type\":\"BreadcrumbList\",\"@id\":\"https:\/\/www.estrategiaconcursos.com.br\/blog\/concurso-sao-goncalo-do-amarante-tem-retomada\/#breadcrumb\",\"itemListElement\":[{\"@type\":\"ListItem\",\"position\":1,\"name\":\"In\u00edcio\",\"item\":\"https:\/\/www.estrategiaconcursos.com.br\/blog\/\"},{\"@type\":\"ListItem\",\"position\":2,\"name\":\"IBFC anuncia retomada do concurso de S\u00e3o Gon\u00e7alo do Amarante\"}]},{\"@type\":\"WebSite\",\"@id\":\"https:\/\/www.estrategiaconcursos.com.br\/blog\/#website\",\"url\":\"https:\/\/www.estrategiaconcursos.com.br\/blog\/\",\"name\":\"Estrat\u00e9gia Concursos\",\"description\":\"O blog da Estrat\u00e9gia Concursos traz not\u00edcias sobre concursos e artigos de professores oferecendo cursos para concursos (pdf + videaulas) no site.\",\"publisher\":{\"@id\":\"https:\/\/www.estrategiaconcursos.com.br\/blog\/#organization\"},\"potentialAction\":[{\"@type\":\"SearchAction\",\"target\":{\"@type\":\"EntryPoint\",\"urlTemplate\":\"https:\/\/www.estrategiaconcursos.com.br\/blog\/?s={search_term_string}\"},\"query-input\":{\"@type\":\"PropertyValueSpecification\",\"valueRequired\":true,\"valueName\":\"search_term_string\"}}],\"inLanguage\":\"pt-BR\"},{\"@type\":\"Organization\",\"@id\":\"https:\/\/www.estrategiaconcursos.com.br\/blog\/#organization\",\"name\":\"Estrat\u00e9gia Concursos\",\"url\":\"https:\/\/www.estrategiaconcursos.com.br\/blog\/\",\"logo\":{\"@type\":\"ImageObject\",\"inLanguage\":\"pt-BR\",\"@id\":\"https:\/\/www.estrategiaconcursos.com.br\/blog\/#\/schema\/logo\/image\/\",\"url\":\"https:\/\/dhg1h5j42swfq.cloudfront.net\/2025\/06\/03203428\/logo_concursos-1.jpg\",\"contentUrl\":\"https:\/\/dhg1h5j42swfq.cloudfront.net\/2025\/06\/03203428\/logo_concursos-1.jpg\",\"width\":230,\"height\":60,\"caption\":\"Estrat\u00e9gia Concursos\"},\"image\":{\"@id\":\"https:\/\/www.estrategiaconcursos.com.br\/blog\/#\/schema\/logo\/image\/\"},\"sameAs\":[\"https:\/\/x.com\/EstratConcursos\"]},{\"@type\":\"Person\",\"@id\":\"https:\/\/www.estrategiaconcursos.com.br\/blog\/#\/schema\/person\/57d9394bb68400dbec62ff8a943ab201\",\"name\":\"Elo\u00edsa da Rosa Ferro\",\"image\":{\"@type\":\"ImageObject\",\"inLanguage\":\"pt-BR\",\"@id\":\"https:\/\/secure.gravatar.com\/avatar\/?s=96&d=mm&r=g\",\"url\":\"https:\/\/secure.gravatar.com\/avatar\/?s=96&d=mm&r=g\",\"contentUrl\":\"https:\/\/secure.gravatar.com\/avatar\/?s=96&d=mm&r=g\",\"caption\":\"Elo\u00edsa da Rosa Ferro\"},\"url\":\"https:\/\/www.estrategiaconcursos.com.br\/blog\/author\/eloisa-ferro\/\"}]}<\/script>\n<!-- \/ Yoast SEO Premium plugin. -->","yoast_head_json":{"title":"IBFC anuncia retomada do concurso de S\u00e3o Gon\u00e7alo do Amarante","description":"Duas vezes suspenso em raz\u00e3o da atual crise pand\u00eamica a qual o pa\u00eds est\u00e1 acometido, o concurso para a Prefeitura de S\u00e3o Gon\u00e7alo tem retomada.","robots":{"index":"index","follow":"follow","max-snippet":"max-snippet:-1","max-image-preview":"max-image-preview:large","max-video-preview":"max-video-preview:-1"},"canonical":"https:\/\/www.estrategiaconcursos.com.br\/blog\/concurso-sao-goncalo-do-amarante-tem-retomada\/","og_locale":"pt_BR","og_type":"article","og_title":"IBFC anuncia retomada do concurso de S\u00e3o Gon\u00e7alo do Amarante","og_description":"Duas vezes suspenso em raz\u00e3o da atual crise pand\u00eamica a qual o pa\u00eds est\u00e1 acometido, o concurso para a Prefeitura de S\u00e3o Gon\u00e7alo tem retomada.","og_url":"https:\/\/www.estrategiaconcursos.com.br\/blog\/concurso-sao-goncalo-do-amarante-tem-retomada\/","og_site_name":"Estrat\u00e9gia Concursos","article_published_time":"2021-08-16T20:04:24+00:00","article_modified_time":"2021-08-16T20:33:00+00:00","og_image":[{"width":150,"height":150,"url":"https:\/\/dhg1h5j42swfq.cloudfront.net\/2020\/08\/22120145\/Prefeitura-S%C3%A3o-Gon%C3%A7alo-RJ-150x150-1.png","type":"image\/png"}],"author":"Elo\u00edsa da Rosa Ferro","twitter_card":"summary_large_image","twitter_creator":"@EstratConcursos","twitter_site":"@EstratConcursos","twitter_misc":{"Escrito por":"Elo\u00edsa da Rosa Ferro","Est. tempo de leitura":"2 minutos"},"schema":{"@context":"https:\/\/schema.org","@graph":[{"@type":"NewsArticle","@id":"https:\/\/www.estrategiaconcursos.com.br\/blog\/concurso-sao-goncalo-do-amarante-tem-retomada\/#article","isPartOf":{"@id":"https:\/\/www.estrategiaconcursos.com.br\/blog\/concurso-sao-goncalo-do-amarante-tem-retomada\/"},"author":{"name":"Elo\u00edsa da Rosa Ferro","@id":"https:\/\/www.estrategiaconcursos.com.br\/blog\/#\/schema\/person\/57d9394bb68400dbec62ff8a943ab201"},"headline":"IBFC anuncia retomada do concurso de S\u00e3o Gon\u00e7alo do Amarante","datePublished":"2021-08-16T20:04:24+00:00","dateModified":"2021-08-16T20:33:00+00:00","mainEntityOfPage":{"@id":"https:\/\/www.estrategiaconcursos.com.br\/blog\/concurso-sao-goncalo-do-amarante-tem-retomada\/"},"wordCount":387,"commentCount":0,"publisher":{"@id":"https:\/\/www.estrategiaconcursos.com.br\/blog\/#organization"},"image":{"@id":"https:\/\/www.estrategiaconcursos.com.br\/blog\/concurso-sao-goncalo-do-amarante-tem-retomada\/#primaryimage"},"thumbnailUrl":"https:\/\/dhg1h5j42swfq.cloudfront.net\/2020\/08\/22120145\/Prefeitura-S%C3%A3o-Gon%C3%A7alo-RJ-150x150-1.png","articleSection":["Executivo (Administrativa)","\u00daltimas not\u00edcias"],"inLanguage":"pt-BR","potentialAction":[{"@type":"CommentAction","name":"Comment","target":["https:\/\/www.estrategiaconcursos.com.br\/blog\/concurso-sao-goncalo-do-amarante-tem-retomada\/#respond"]}],"copyrightYear":"2021","copyrightHolder":{"@id":"https:\/\/www.estrategiaconcursos.com.br\/blog\/#organization"}},{"@type":"WebPage","@id":"https:\/\/www.estrategiaconcursos.com.br\/blog\/concurso-sao-goncalo-do-amarante-tem-retomada\/","url":"https:\/\/www.estrategiaconcursos.com.br\/blog\/concurso-sao-goncalo-do-amarante-tem-retomada\/","name":"IBFC anuncia retomada do concurso de S\u00e3o Gon\u00e7alo do Amarante","isPartOf":{"@id":"https:\/\/www.estrategiaconcursos.com.br\/blog\/#website"},"primaryImageOfPage":{"@id":"https:\/\/www.estrategiaconcursos.com.br\/blog\/concurso-sao-goncalo-do-amarante-tem-retomada\/#primaryimage"},"image":{"@id":"https:\/\/www.estrategiaconcursos.com.br\/blog\/concurso-sao-goncalo-do-amarante-tem-retomada\/#primaryimage"},"thumbnailUrl":"https:\/\/dhg1h5j42swfq.cloudfront.net\/2020\/08\/22120145\/Prefeitura-S%C3%A3o-Gon%C3%A7alo-RJ-150x150-1.png","datePublished":"2021-08-16T20:04:24+00:00","dateModified":"2021-08-16T20:33:00+00:00","description":"Duas vezes suspenso em raz\u00e3o da atual crise pand\u00eamica a qual o pa\u00eds est\u00e1 acometido, o concurso para a Prefeitura de S\u00e3o Gon\u00e7alo tem retomada.","breadcrumb":{"@id":"https:\/\/www.estrategiaconcursos.com.br\/blog\/concurso-sao-goncalo-do-amarante-tem-retomada\/#breadcrumb"},"inLanguage":"pt-BR","potentialAction":[{"@type":"ReadAction","target":["https:\/\/www.estrategiaconcursos.com.br\/blog\/concurso-sao-goncalo-do-amarante-tem-retomada\/"]}]},{"@type":"ImageObject","inLanguage":"pt-BR","@id":"https:\/\/www.estrategiaconcursos.com.br\/blog\/concurso-sao-goncalo-do-amarante-tem-retomada\/#primaryimage","url":"https:\/\/dhg1h5j42swfq.cloudfront.net\/2020\/08\/22120145\/Prefeitura-S%C3%A3o-Gon%C3%A7alo-RJ-150x150-1.png","contentUrl":"https:\/\/dhg1h5j42swfq.cloudfront.net\/2020\/08\/22120145\/Prefeitura-S%C3%A3o-Gon%C3%A7alo-RJ-150x150-1.png","width":150,"height":150,"caption":"retomada concurso s\u00e3o gon\u00e7alo"},{"@type":"BreadcrumbList","@id":"https:\/\/www.estrategiaconcursos.com.br\/blog\/concurso-sao-goncalo-do-amarante-tem-retomada\/#breadcrumb","itemListElement":[{"@type":"ListItem","position":1,"name":"In\u00edcio","item":"https:\/\/www.estrategiaconcursos.com.br\/blog\/"},{"@type":"ListItem","position":2,"name":"IBFC anuncia retomada do concurso de S\u00e3o Gon\u00e7alo do Amarante"}]},{"@type":"WebSite","@id":"https:\/\/www.estrategiaconcursos.com.br\/blog\/#website","url":"https:\/\/www.estrategiaconcursos.com.br\/blog\/","name":"Estrat\u00e9gia Concursos","description":"O blog da Estrat\u00e9gia Concursos traz not\u00edcias sobre concursos e artigos de professores oferecendo cursos para concursos (pdf + videaulas) no site.","publisher":{"@id":"https:\/\/www.estrategiaconcursos.com.br\/blog\/#organization"},"potentialAction":[{"@type":"SearchAction","target":{"@type":"EntryPoint","urlTemplate":"https:\/\/www.estrategiaconcursos.com.br\/blog\/?s={search_term_string}"},"query-input":{"@type":"PropertyValueSpecification","valueRequired":true,"valueName":"search_term_string"}}],"inLanguage":"pt-BR"},{"@type":"Organization","@id":"https:\/\/www.estrategiaconcursos.com.br\/blog\/#organization","name":"Estrat\u00e9gia Concursos","url":"https:\/\/www.estrategiaconcursos.com.br\/blog\/","logo":{"@type":"ImageObject","inLanguage":"pt-BR","@id":"https:\/\/www.estrategiaconcursos.com.br\/blog\/#\/schema\/logo\/image\/","url":"https:\/\/dhg1h5j42swfq.cloudfront.net\/2025\/06\/03203428\/logo_concursos-1.jpg","contentUrl":"https:\/\/dhg1h5j42swfq.cloudfront.net\/2025\/06\/03203428\/logo_concursos-1.jpg","width":230,"height":60,"caption":"Estrat\u00e9gia Concursos"},"image":{"@id":"https:\/\/www.estrategiaconcursos.com.br\/blog\/#\/schema\/logo\/image\/"},"sameAs":["https:\/\/x.com\/EstratConcursos"]},{"@type":"Person","@id":"https:\/\/www.estrategiaconcursos.com.br\/blog\/#\/schema\/person\/57d9394bb68400dbec62ff8a943ab201","name":"Elo\u00edsa da Rosa Ferro","image":{"@type":"ImageObject","inLanguage":"pt-BR","@id":"https:\/\/secure.gravatar.com\/avatar\/?s=96&d=mm&r=g","url":"https:\/\/secure.gravatar.com\/avatar\/?s=96&d=mm&r=g","contentUrl":"https:\/\/secure.gravatar.com\/avatar\/?s=96&d=mm&r=g","caption":"Elo\u00edsa da Rosa Ferro"},"url":"https:\/\/www.estrategiaconcursos.com.br\/blog\/author\/eloisa-ferro\/"}]}},"_links":{"self":[{"href":"https:\/\/www.estrategiaconcursos.com.br\/blog\/wp-json\/wp\/v2\/posts\/837654","targetHints":{"allow":["GET"]}}],"collection":[{"href":"https:\/\/www.estrategiaconcursos.com.br\/blog\/wp-json\/wp\/v2\/posts"}],"about":[{"href":"https:\/\/www.estrategiaconcursos.com.br\/blog\/wp-json\/wp\/v2\/types\/post"}],"author":[{"embeddable":true,"href":"https:\/\/www.estrategiaconcursos.com.br\/blog\/wp-json\/wp\/v2\/users\/2099"}],"replies":[{"embeddable":true,"href":"https:\/\/www.estrategiaconcursos.com.br\/blog\/wp-json\/wp\/v2\/comments?post=837654"}],"version-history":[{"count":19,"href":"https:\/\/www.estrategiaconcursos.com.br\/blog\/wp-json\/wp\/v2\/posts\/837654\/revisions"}],"predecessor-version":[{"id":837824,"href":"https:\/\/www.estrategiaconcursos.com.br\/blog\/wp-json\/wp\/v2\/posts\/837654\/revisions\/837824"}],"wp:featuredmedia":[{"embeddable":true,"href":"https:\/\/www.estrategiaconcursos.com.br\/blog\/wp-json\/wp\/v2\/media\/559409"}],"wp:attachment":[{"href":"https:\/\/www.estrategiaconcursos.com.br\/blog\/wp-json\/wp\/v2\/media?parent=837654"}],"wp:term":[{"taxonomy":"category","embeddable":true,"href":"https:\/\/www.estrategiaconcursos.com.br\/blog\/wp-json\/wp\/v2\/categories?post=837654"},{"taxonomy":"post_tag","embeddable":true,"href":"https:\/\/www.estrategiaconcursos.com.br\/blog\/wp-json\/wp\/v2\/tags?post=837654"},{"taxonomy":"tax_estado","embeddable":true,"href":"https:\/\/www.estrategiaconcursos.com.br\/blog\/wp-json\/wp\/v2\/tax_estado?post=837654"}],"curies":[{"name":"wp","href":"https:\/\/api.w.org\/{rel}","templated":true}]}}