{"id":837243,"date":"2021-10-08T07:00:00","date_gmt":"2021-10-08T10:00:00","guid":{"rendered":"https:\/\/www.estrategiaconcursos.com.br\/blog\/?p=837243"},"modified":"2023-01-02T14:20:47","modified_gmt":"2023-01-02T17:20:47","slug":"edital-crefono-3","status":"publish","type":"post","link":"https:\/\/www.estrategiaconcursos.com.br\/blog\/edital-crefono-3\/","title":{"rendered":"Edital CREFONO 3: resultado definitivo da objetiva"},"content":{"rendered":"\n<h3 class=\"wp-block-heading\">5 vagas diretas + 125 CR!<\/h3>\n\n\n\n<p><strong>O Conselho Regional de Fonoaudiologia 3\u00ba Regi\u00e3o divulgou o <a href=\"https:\/\/dhg1h5j42swfq.cloudfront.net\/2021\/12\/13143218\/1_crefono-3_concurso_publico_2021_resultado_definitivo_prova_objetiva.pdf\" target=\"_blank\" rel=\"noreferrer noopener\">resultado definitivo da prova objetiva<\/a>. Al\u00e9m disso os candidatos j\u00e1 entregaram os t\u00edtulos solicitados. <\/strong><\/p>\n\n\n\n<ul id=\"block-ee678516-e9d1-48bd-b327-7b9acd55f0fd\" class=\"has-very-light-gray-to-cyan-bluish-gray-gradient-background has-background wp-block-list\"><li><strong>Concurso CREFONO 3<\/strong><\/li><li><strong>Status:<\/strong>&nbsp;resultado definitivo da objetiva<\/li><li><strong>Banca:&nbsp;<\/strong>Quadrix<\/li><li><strong>Vagas:&nbsp;<\/strong>5 + 125 CR<\/li><li><strong>Sal\u00e1rio inicial:<\/strong>&nbsp;R$ 1.486,92 e R$ 3.377,00<\/li><li><strong>Edital<\/strong>:&nbsp;<a href=\"https:\/\/dhg1h5j42swfq.cloudfront.net\/2021\/08\/16124016\/1_crefono-3_concurso_publico_2021_edital_1.pdf\" target=\"_blank\" rel=\"noreferrer noopener nofollow\">edital 2021<\/a><\/li><\/ul>\n\n\n\n<p>S\u00e3o ofertadas <strong>130 vagas para cargos de n\u00edvel m\u00e9dio e superior, sendo 5 vagas diretas e 125 vagas para forma\u00e7\u00e3o de cadastro de reserva<\/strong>, com sal\u00e1rios que variam entre <strong>R$ 1.486,92 e R$ 3.377,00 <\/strong>para cargas hor\u00e1rias de 40 horas para n\u00edvel m\u00e9dio e 30 horas para n\u00edvel superior.   <\/p>\n\n\n\n<h2 class=\"wp-block-heading\" id=\"ATUAL\">Edital CREFONO 3: Situa\u00e7\u00e3o atual <\/h2>\n\n\n\n<h3 class=\"wp-block-heading\" id=\"data\">Principais datas <\/h3>\n\n\n\n<p class=\"has-cyan-bluish-gray-background-color has-background\"><strong>Inscri\u00e7\u00f5es<\/strong>: <s>at\u00e9 07\/10\/2021<\/s><br \/><strong>Taxa: <\/strong>R$ 48,00 &#8211; R$ 55,00<br \/><strong>Prova:<\/strong><s> 07 de novembro de 2021<\/s><\/p>\n\n\n\n<h3 class=\"wp-block-heading\" id=\"remunera\u00e7\u00e3o\">Cargos e vagas <\/h3>\n\n\n\n<h4 class=\"wp-block-heading\">N\u00edvel M\u00e9dio<\/h4>\n\n\n\n<ul class=\"wp-block-list\"><li>Cargo &#8211; Assistente Administrativo J\u00fanior- Curitiba\/PR &#8211; 2 + 28 CR<\/li><\/ul>\n\n\n\n<ul class=\"wp-block-list\"><li>Cargo &#8211; Assistente Administrativo J\u00fanior &#8211; Florian\u00f3polis\/SC &#8211; 1 + 19 CR<\/li><\/ul>\n\n\n\n<ul class=\"wp-block-list\"><li>Cargo &#8211; Assistente Administrativo J\u00fanior &#8211; Londrina\/PR &#8211; 20 CR<\/li><\/ul>\n\n\n\n<h4 class=\"wp-block-heading\">N\u00edvel Superior<\/h4>\n\n\n\n<ul class=\"wp-block-list\"><li>Cargo &#8211; Fiscal J\u00fanior &#8211; Curitiba\/PR &#8211; 1 + 19 CR<\/li><\/ul>\n\n\n\n<ul class=\"wp-block-list\"><li>Cargo &#8211; Fiscal J\u00fanior &#8211; Florian\u00f3polis\/SC &#8211; 1 + 19 CR<\/li><\/ul>\n\n\n\n<ul class=\"wp-block-list\"><li>Cargo &#8211; Fiscal J\u00fanior &#8211; Londrina\/PR &#8211; 20 CR<\/li><\/ul>\n\n\n\n<h2 class=\"wp-block-heading\" id=\"CARREIRA\">Carreira no edital CREFONO 3<\/h2>\n\n\n\n<h3 class=\"wp-block-heading\" id=\"remunera\u00e7\u00e3o\">Sal\u00e1rios e Benef\u00edcios  <\/h3>\n\n\n\n<h4 class=\"wp-block-heading\">N\u00edvel M\u00e9dio<\/h4>\n\n\n\n<ul class=\"wp-block-list\"><li>Cargo &#8211; Assistente Administrativo J\u00fanior- Curitiba\/PR &#8211; R$ 1.486,92 + benef\u00edcios<\/li><\/ul>\n\n\n\n<ul class=\"wp-block-list\"><li>Cargo &#8211; Assistente Administrativo J\u00fanior &#8211; Florian\u00f3polis\/SC &#8211; R$ 1.486,92 + benef\u00edcios<\/li><\/ul>\n\n\n\n<ul class=\"wp-block-list\"><li>Cargo &#8211; Assistente Administrativo J\u00fanior &#8211; Londrina\/PR &#8211; R$ 1.486,92 + benef\u00edcios<\/li><\/ul>\n\n\n\n<h4 class=\"wp-block-heading\">N\u00edvel Superior<\/h4>\n\n\n\n<ul class=\"wp-block-list\"><li>Cargo &#8211; Fiscal J\u00fanior &#8211; Curitiba\/PR &#8211; R$ 3.377,00 +benef\u00edcios<\/li><\/ul>\n\n\n\n<ul class=\"wp-block-list\"><li>Cargo &#8211; Fiscal J\u00fanior &#8211; Florian\u00f3polis\/SC &#8211; R$ 3.377,00 + benef\u00edcios<\/li><\/ul>\n\n\n\n<ul class=\"wp-block-list\"><li>Cargo &#8211; Fiscal J\u00fanior &#8211; Londrina\/PR &#8211; R$ 3.377,00 + benef\u00edcios<\/li><\/ul>\n\n\n\n<p>O edital CREFONO-3 oferece aos candidatos admitidos por meio deste Concurso P\u00fablico, desde que preenchidos os requisitos legais, os seguintes benef\u00edcios:<\/p>\n\n\n\n<p>a) Vale Alimenta\u00e7\u00e3o ou Refei\u00e7\u00e3o, no valor de R$ 38,00 por dia trabalhado;<br \/>b) Plano de Sa\u00fade com cobertura 100% (caso o benefici\u00e1rio seja apenas o empregado) ou somente 60% (caso o benefici\u00e1rio seja o empregado e seus dependentes);<br \/>b) Plano de Cargos e Sal\u00e1rios;<br \/>d) Vale transporte, custeado integralmente pelo Conselho.<\/p>\n\n\n\n<h2 class=\"wp-block-heading\" id=\"ETAPA\">Etapas do edital CREFONO 3<\/h2>\n\n\n\n<p>O edital Crefono 3 aponta que certame ser\u00e1 composto de:<\/p>\n\n\n\n<ul class=\"wp-block-list\"><li><strong>Prova Objetiva<\/strong> (de car\u00e1ter eliminat\u00f3rio e classificat\u00f3rio) &#8211; para todos os cargos;<\/li><li><strong>Avalia\u00e7\u00e3o de t\u00edtulos<\/strong> (de car\u00e1ter classificat\u00f3rio) &#8211; para cargos de n\u00edvel superior. <\/li><\/ul>\n\n\n\n<h3 class=\"wp-block-heading\" id=\"objetiva\">Prova Objetiva<\/h3>\n\n\n\n<p>O exame ter\u00e1 car\u00e1ter eliminat\u00f3rio e classificat\u00f3rio, ser\u00e1 composta de 120 itens, valer\u00e1 120,00 pontos e avaliar\u00e1 as habilidades e os conhecimentos do candidato.<\/p>\n\n\n\n<p>Cada \u00e1rea de conhecimento ser\u00e1 constitu\u00edda de itens para julgamento, agrupados por comandos que dever\u00e3o ser respeitados. O julgamento de cada item ser\u00e1 CERTO ou ERRADO, de acordo com o comando a que se refere o item. Haver\u00e1, no cart\u00e3o-resposta, para cada item, duas \u00e1reas de marca\u00e7\u00e3o: a \u00e1rea designada com a letra C, que dever\u00e1 ser preenchida pelo candidato caso julgue o item CERTO, e a \u00e1rea designada com a letra E, que dever\u00e1 ser preenchida pelo candidato caso julgue o item ERRADO.<\/p>\n\n\n\n<ul class=\"wp-block-list\"><li><strong>Conhecimentos b\u00e1sicos<\/strong> &#8211; 40 quest\u00f5es <ul><li>L\u00edngua Portuguesa, <\/li><li>Racioc\u00ednio L\u00f3gico e Matem\u00e1tico, <\/li><li>Atualidades<\/li><\/ul><\/li><li><strong>Conhecimentos complementares<\/strong> &#8211; 30 quest\u00f5es <ul><li>Legisla\u00e7\u00e3o e \u00c9tica na Adm. P\u00fablica<\/li><li>No\u00e7\u00f5es de Direito Constitucional<\/li><\/ul><\/li><li><strong>Conhecimentos espec\u00edficos<\/strong> &#8211; 50 quest\u00f5es<\/li><\/ul>\n\n\n\n<p>A nota em cada item da prova objetiva ser\u00e1 igual a: 1,00 ponto, caso a resposta do candidato esteja em concord\u00e2ncia com o gabarito oficial definitivo da prova; 0,50 ponto negativo, caso a resposta do candidato esteja em discord\u00e2ncia com o gabarito oficial definitivo da prova; 0,00, caso n\u00e3o haja marca\u00e7\u00e3o ou haja marca\u00e7\u00e3o dupla (C e E).<\/p>\n\n\n\n<p>Para os candidatos inscritos no cargo de <strong>n\u00edvel m\u00e9dio<\/strong>, ser\u00e1 aprovado na prova objetiva o candidato que, <em>cumulativamente<\/em>:<br \/>a) obtiver nota igual ou superior a 16,00 pontos na \u00e1rea de Conhecimentos B\u00e1sicos;<br \/>b) obtiver nota igual ou superior a 12,00 pontos na \u00e1rea de Conhecimentos Complementares; e<br \/>c) obtiver nota igual ou superior a 20,00 pontos na \u00e1rea de Conhecimentos Espec\u00edficos.<\/p>\n\n\n\n<p>Para os candidatos inscritos no cargo de <strong>n\u00edvel superior<\/strong>, ser\u00e1 aprovado na prova objetiva o candidato que, <em>cumulativamente<\/em>:<br \/>a) obtiver nota igual ou superior a 16,00 pontos na \u00e1rea de Conhecimentos B\u00e1sicos;<br \/>b) obtiver nota igual ou superior a 12,00 pontos na \u00e1rea de Conhecimentos Complementares;<br \/>c) obtiver nota igual ou superior a 20,00 pontos na \u00e1rea de Conhecimentos Espec\u00edficos; e<br \/>d) estiver classificado para a entrega de documentos para a avalia\u00e7\u00e3o de t\u00edtulos, de acordo com o quantitativo estabelecido no edital.<\/p>\n\n\n\n<h3 class=\"wp-block-heading\" id=\"h-prova-de-titulos\">Prova de T\u00edtulos<\/h3>\n\n\n\n<p>Para os candidatos inscritos nos cargos de n\u00edvel superior, somente ser\u00e3o convocados para entrega de documentos da avalia\u00e7\u00e3o de t\u00edtulos os candidatos aprovados na prova objetiva e classificados, por cargo, at\u00e9 o limite de duas vezes a quantidade total de vagas, ou no m\u00ednimo 20, respeitados os empates na \u00faltima coloca\u00e7\u00e3o.<\/p>\n\n\n\n<figure class=\"wp-block-table is-style-stripes\"><table class=\"has-background has-fixed-layout\" style=\"background-color:#fcf0ef\"><tbody><tr><td class=\"has-text-align-center\" data-align=\"center\"><strong>T\u00edtulo<\/strong><\/td><td class=\"has-text-align-center\" data-align=\"center\"><strong>Pontua\u00e7\u00e3o por item<\/strong><\/td><td class=\"has-text-align-center\" data-align=\"center\"><strong>Pontua\u00e7\u00e3o m\u00e1xima<\/strong><\/td><\/tr><tr><td class=\"has-text-align-center\" data-align=\"center\">Diploma, devidamente registrado, de conclus\u00e3o do curso de p\u00f3s-gradua\u00e7\u00e3o (n\u00edvel de Doutorado)<\/td><td class=\"has-text-align-center\" data-align=\"center\">4,00<\/td><td class=\"has-text-align-center\" data-align=\"center\">4,00<\/td><\/tr><tr><td class=\"has-text-align-center\" data-align=\"center\">Diploma, devidamente registrado, de conclus\u00e3o do curso de p\u00f3s-gradua\u00e7\u00e3o em n\u00edvel de Mestrado (T\u00edtulo de Mestre),<\/td><td class=\"has-text-align-center\" data-align=\"center\">3,00<\/td><td class=\"has-text-align-center\" data-align=\"center\">3,00<\/td><\/tr><tr><td class=\"has-text-align-center\" data-align=\"center\">Certificado\/declara\u00e7\u00e3o de conclus\u00e3o de curso de p\u00f3s-gradua\u00e7\u00e3o em n\u00edvel de<br \/>especializa\u00e7\u00e3o lato sensu acompanhado de hist\u00f3rico escolar, com carga hor\u00e1ria m\u00ednima de 360 horas\/aula.<\/td><td class=\"has-text-align-center\" data-align=\"center\">1,50<\/td><td class=\"has-text-align-center\" data-align=\"center\">3,00<\/td><\/tr><\/tbody><\/table><\/figure>\n\n\n\n<h2 class=\"wp-block-heading\" id=\"analise\">An\u00e1lise Completa de edital<\/h2>\n\n\n\n<p>Confira a an\u00e1lise completo do edital que o professor Tiago Zanolla realizar\u00e1 ao vivo e gratuitamente no canal do Estrat\u00e9gia Concursos no Youtube nesta segunda-feira, 16 de agosto, a partir das 13 horas.<\/p>\n\n\n\n<p class=\"has-text-align-center has-light-green-cyan-background-color has-background has-medium-font-size\"><strong>Para saber mais, acesse: <br \/><\/strong><a href=\"https:\/\/www.estrategiaconcursos.com.br\/blog\/concurso-crefono-3-pr\/\" target=\"_blank\" rel=\"noreferrer noopener\">Concurso CREFONO 3<\/a><\/p>\n\n\n\n<h2 class=\"has-text-align-center wp-block-heading\" id=\"cursos\">Quer saber tudo sobre concursos previstos?<br \/><strong>Confira nossos artigos!<\/strong><\/h2>\n\n\n\n<ul class=\"wp-block-list\"><li><a href=\"https:\/\/www.estrategiaconcursos.com.br\/blog\/concursos-abertos\/\" target=\"_blank\" rel=\"noreferrer noopener\">Concursos abertos<\/a><\/li><li><a href=\"https:\/\/www.estrategiaconcursos.com.br\/blog\/concursos-2021\/\" target=\"_blank\" rel=\"noreferrer noopener\">Concursos 2021<\/a><\/li><li><a href=\"https:\/\/www.estrategiaconcursos.com.br\/blog\/concursos-2022\/\" target=\"_blank\" rel=\"noreferrer noopener\">Concursos 2022<\/a><\/li><\/ul>\n\n\n\n<h2 class=\"has-text-align-center wp-block-heading\" id=\"CURSOS\">Quer estudar para o edital Crefono 3?<\/h2>\n\n\n\n<div class=\"col-sm\">\n      <div class=\"banner-estrategia\" id=\"box-assinatura\">\n        <h3 class=\"titulo-assinatura\">Cursos para o concurso CREFONO 3<\/h3>\n        <p class=\"subtitulo-assinatura\">Conhe\u00e7a os cursos<\/p>\n        <div class=\"box-botao\">\n          <a class=\"btn-assinatura\" target=\"_blank\" href=\"https:\/\/www.estrategiaconcursos.com.br\/cursosPorConcurso\/conselho-regional-de-fonoaudiologia-da-3-regiao-crefono-3-regiao\/\" role=\"button\" rel=\"noopener noreferrer\">Conhe\u00e7a mais<\/a>\n        <\/div>\n      <\/div>\n      <p class=\"texto-auxiliar\">Prepare-se com o melhor material e com quem mais aprova em Concursos P\u00fablicos em todo o pa\u00eds.<\/p>\n    <\/div>\n\n\n\n<div class=\"container\" id=\"boxes\">\n  <div class=\"row\">\n\n    <div class=\"col-sm\">\n      <div class=\"estrategia\" id=\"box-assinatura\">\n        <h3 class=\"titulo-assinatura\">Assinatura Concursos<\/h3>\n        <p class=\"subtitulo-assinatura\">Assinatura de 1 ano ou 2 anos<\/p>\n        <div class=\"box-botao\">\n          <a class=\"btn-assinatura\" target=\"_blank\" href=\"https:\/\/www.estrategiaconcursos.com.br\/assinaturas\/\" role=\"button\" rel=\"noopener noreferrer\">ASSINE AGORA<\/a>\n        <\/div>\n      <\/div>\n     \n    <\/div><\/div><\/div>\n\n\n\n<figure class=\"wp-block-image size-large is-resized\"><img loading=\"lazy\" decoding=\"async\" src=\"https:\/\/dhg1h5j42swfq.cloudfront.net\/2021\/04\/05171352\/ficha-tecnica-33-1024x632.png\" alt=\"\" class=\"wp-image-707823\" width=\"189\" height=\"116\" srcset=\"https:\/\/dhg1h5j42swfq.cloudfront.net\/2021\/04\/05171352\/ficha-tecnica-33-1024x632.png 1024w, https:\/\/dhg1h5j42swfq.cloudfront.net\/2021\/04\/05171352\/ficha-tecnica-33-300x185.png 300w, https:\/\/dhg1h5j42swfq.cloudfront.net\/2021\/04\/05171352\/ficha-tecnica-33-768x474.png 768w, https:\/\/dhg1h5j42swfq.cloudfront.net\/2021\/04\/05171352\/ficha-tecnica-33-1536x948.png 1536w, https:\/\/dhg1h5j42swfq.cloudfront.net\/2021\/04\/05171352\/ficha-tecnica-33-610x377.png 610w, https:\/\/dhg1h5j42swfq.cloudfront.net\/2021\/04\/05171352\/ficha-tecnica-33.png 1571w\" sizes=\"auto, (max-width: 189px) 100vw, 189px\" \/><\/figure>\n\n\n\n<h4 class=\"wp-block-heading\" id=\"FICHA\"><strong>Informa\u00e7\u00f5es sobre o <\/strong>C<strong>onselho <\/strong>R<strong>egional de <\/strong>F<strong>onoaudiologia 3\u00aaregi\u00e3o<\/strong> <\/h4>\n\n\n\n<p>\u25ba<strong>Data prevista para prova<\/strong>: <s>07\/11\/2021<\/s><br \/>\u25ba<strong>Vagas<\/strong>: 5 + 125 CR<br \/>\u25ba<strong>Cargos<\/strong>: Assistente Administrativo J\u00fanior e Fiscal J\u00fanior<br \/>\u25ba<strong>Banca<\/strong>: <a href=\"http:\/\/www.quadrix.org.br\/\" target=\"_blank\" rel=\"noreferrer noopener\">Quadrix<\/a><br \/>\u25ba<strong>Escolaridade<\/strong>: N\u00edvel Superior e m\u00e9dio  <br \/><strong>\u25baEdital<\/strong>: <a href=\"https:\/\/dhg1h5j42swfq.cloudfront.net\/2021\/08\/16124016\/1_crefono-3_concurso_publico_2021_edital_1.pdf\" target=\"_blank\" rel=\"noreferrer noopener nofollow\">edital 2021<\/a><\/p>\n\n\n\n<p><br \/><br \/><\/p>\n","protected":false},"excerpt":{"rendered":"<p>5 vagas diretas + 125 CR! O Conselho Regional de Fonoaudiologia 3\u00ba Regi\u00e3o divulgou o resultado definitivo da prova objetiva. Al\u00e9m disso os candidatos j\u00e1 entregaram os t\u00edtulos solicitados. Concurso CREFONO 3 Status:&nbsp;resultado definitivo da objetiva Banca:&nbsp;Quadrix Vagas:&nbsp;5 + 125 CR Sal\u00e1rio inicial:&nbsp;R$ 1.486,92 e R$ 3.377,00 Edital:&nbsp;edital 2021 S\u00e3o ofertadas 130 vagas para cargos [&hellip;]<\/p>\n","protected":false},"author":741,"featured_media":839751,"comment_status":"open","ping_status":"closed","sticky":false,"template":"","format":"standard","meta":{"post_tipo":"news","footnotes":""},"categories":[214992],"tags":[],"tax_estado":[219981],"class_list":["post-837243","post","type-post","status-publish","format-standard","has-post-thumbnail","hentry","category-concursos-administrativos","tax_estado-pr"],"acf":[],"yoast_head":"<!-- This site is optimized with the Yoast SEO Premium plugin v27.2 (Yoast SEO v27.2) - https:\/\/yoast.com\/product\/yoast-seo-premium-wordpress\/ -->\n<title>Edital CREFONO 3: resultado definitivo da objetiva<\/title>\n<meta name=\"description\" content=\"Edital CREFONO 3: Publicado com 5 + 125 CR vagas para n\u00edvel m\u00e9dio e superior no Conselho Regional de Fonoaudiologia da 3\u00aa Regi\u00e3o.\" \/>\n<meta name=\"robots\" content=\"index, follow, max-snippet:-1, max-image-preview:large, max-video-preview:-1\" \/>\n<link rel=\"canonical\" href=\"https:\/\/www.estrategiaconcursos.com.br\/blog\/edital-crefono-3\/\" \/>\n<meta property=\"og:locale\" content=\"pt_BR\" \/>\n<meta property=\"og:type\" content=\"article\" \/>\n<meta property=\"og:title\" content=\"Edital CREFONO 3: resultado definitivo da objetiva\" \/>\n<meta property=\"og:description\" content=\"Edital CREFONO 3: Publicado com 5 + 125 CR vagas para n\u00edvel m\u00e9dio e superior no Conselho Regional de Fonoaudiologia da 3\u00aa Regi\u00e3o.\" \/>\n<meta property=\"og:url\" content=\"https:\/\/www.estrategiaconcursos.com.br\/blog\/edital-crefono-3\/\" \/>\n<meta property=\"og:site_name\" content=\"Estrat\u00e9gia Concursos\" \/>\n<meta property=\"article:published_time\" content=\"2021-10-08T10:00:00+00:00\" \/>\n<meta property=\"article:modified_time\" content=\"2023-01-02T17:20:47+00:00\" \/>\n<meta property=\"og:image\" content=\"https:\/\/dhg1h5j42swfq.cloudfront.net\/2021\/08\/18151850\/crefono-pr.jpeg\" \/>\n\t<meta property=\"og:image:width\" content=\"768\" \/>\n\t<meta property=\"og:image:height\" content=\"432\" \/>\n\t<meta property=\"og:image:type\" content=\"image\/jpeg\" \/>\n<meta name=\"author\" content=\"Brunno Lima\" \/>\n<meta name=\"twitter:card\" content=\"summary_large_image\" \/>\n<meta name=\"twitter:creator\" content=\"@EstratConcursos\" \/>\n<meta name=\"twitter:site\" content=\"@EstratConcursos\" \/>\n<meta name=\"twitter:label1\" content=\"Escrito por\" \/>\n\t<meta name=\"twitter:data1\" content=\"Brunno Lima\" \/>\n\t<meta name=\"twitter:label2\" content=\"Est. tempo de leitura\" \/>\n\t<meta name=\"twitter:data2\" content=\"5 minutos\" \/>\n<script type=\"application\/ld+json\" class=\"yoast-schema-graph\">{\"@context\":\"https:\/\/schema.org\",\"@graph\":[{\"@type\":\"NewsArticle\",\"@id\":\"https:\/\/www.estrategiaconcursos.com.br\/blog\/edital-crefono-3\/#article\",\"isPartOf\":{\"@id\":\"https:\/\/www.estrategiaconcursos.com.br\/blog\/edital-crefono-3\/\"},\"author\":{\"name\":\"Brunno Lima\",\"@id\":\"https:\/\/www.estrategiaconcursos.com.br\/blog\/#\/schema\/person\/2865ec132c3404c9912015dd7a24eb1e\"},\"headline\":\"Edital CREFONO 3: resultado definitivo da objetiva\",\"datePublished\":\"2021-10-08T10:00:00+00:00\",\"dateModified\":\"2023-01-02T17:20:47+00:00\",\"mainEntityOfPage\":{\"@id\":\"https:\/\/www.estrategiaconcursos.com.br\/blog\/edital-crefono-3\/\"},\"wordCount\":1055,\"commentCount\":0,\"publisher\":{\"@id\":\"https:\/\/www.estrategiaconcursos.com.br\/blog\/#organization\"},\"image\":{\"@id\":\"https:\/\/www.estrategiaconcursos.com.br\/blog\/edital-crefono-3\/#primaryimage\"},\"thumbnailUrl\":\"https:\/\/dhg1h5j42swfq.cloudfront.net\/2021\/08\/18151850\/crefono-pr.jpeg\",\"articleSection\":[\"Executivo (Administrativa)\"],\"inLanguage\":\"pt-BR\",\"potentialAction\":[{\"@type\":\"CommentAction\",\"name\":\"Comment\",\"target\":[\"https:\/\/www.estrategiaconcursos.com.br\/blog\/edital-crefono-3\/#respond\"]}],\"copyrightYear\":\"2021\",\"copyrightHolder\":{\"@id\":\"https:\/\/www.estrategiaconcursos.com.br\/blog\/#organization\"}},{\"@type\":\"WebPage\",\"@id\":\"https:\/\/www.estrategiaconcursos.com.br\/blog\/edital-crefono-3\/\",\"url\":\"https:\/\/www.estrategiaconcursos.com.br\/blog\/edital-crefono-3\/\",\"name\":\"Edital CREFONO 3: resultado definitivo da objetiva\",\"isPartOf\":{\"@id\":\"https:\/\/www.estrategiaconcursos.com.br\/blog\/#website\"},\"primaryImageOfPage\":{\"@id\":\"https:\/\/www.estrategiaconcursos.com.br\/blog\/edital-crefono-3\/#primaryimage\"},\"image\":{\"@id\":\"https:\/\/www.estrategiaconcursos.com.br\/blog\/edital-crefono-3\/#primaryimage\"},\"thumbnailUrl\":\"https:\/\/dhg1h5j42swfq.cloudfront.net\/2021\/08\/18151850\/crefono-pr.jpeg\",\"datePublished\":\"2021-10-08T10:00:00+00:00\",\"dateModified\":\"2023-01-02T17:20:47+00:00\",\"description\":\"Edital CREFONO 3: Publicado com 5 + 125 CR vagas para n\u00edvel m\u00e9dio e superior no Conselho Regional de Fonoaudiologia da 3\u00aa Regi\u00e3o.\",\"breadcrumb\":{\"@id\":\"https:\/\/www.estrategiaconcursos.com.br\/blog\/edital-crefono-3\/#breadcrumb\"},\"inLanguage\":\"pt-BR\",\"potentialAction\":[{\"@type\":\"ReadAction\",\"target\":[\"https:\/\/www.estrategiaconcursos.com.br\/blog\/edital-crefono-3\/\"]}]},{\"@type\":\"ImageObject\",\"inLanguage\":\"pt-BR\",\"@id\":\"https:\/\/www.estrategiaconcursos.com.br\/blog\/edital-crefono-3\/#primaryimage\",\"url\":\"https:\/\/dhg1h5j42swfq.cloudfront.net\/2021\/08\/18151850\/crefono-pr.jpeg\",\"contentUrl\":\"https:\/\/dhg1h5j42swfq.cloudfront.net\/2021\/08\/18151850\/crefono-pr.jpeg\",\"width\":768,\"height\":432},{\"@type\":\"BreadcrumbList\",\"@id\":\"https:\/\/www.estrategiaconcursos.com.br\/blog\/edital-crefono-3\/#breadcrumb\",\"itemListElement\":[{\"@type\":\"ListItem\",\"position\":1,\"name\":\"In\u00edcio\",\"item\":\"https:\/\/www.estrategiaconcursos.com.br\/blog\/\"},{\"@type\":\"ListItem\",\"position\":2,\"name\":\"Edital CREFONO 3: resultado definitivo da objetiva\"}]},{\"@type\":\"WebSite\",\"@id\":\"https:\/\/www.estrategiaconcursos.com.br\/blog\/#website\",\"url\":\"https:\/\/www.estrategiaconcursos.com.br\/blog\/\",\"name\":\"Estrat\u00e9gia Concursos\",\"description\":\"O blog da Estrat\u00e9gia Concursos traz not\u00edcias sobre concursos e artigos de professores oferecendo cursos para concursos (pdf + videaulas) no site.\",\"publisher\":{\"@id\":\"https:\/\/www.estrategiaconcursos.com.br\/blog\/#organization\"},\"potentialAction\":[{\"@type\":\"SearchAction\",\"target\":{\"@type\":\"EntryPoint\",\"urlTemplate\":\"https:\/\/www.estrategiaconcursos.com.br\/blog\/?s={search_term_string}\"},\"query-input\":{\"@type\":\"PropertyValueSpecification\",\"valueRequired\":true,\"valueName\":\"search_term_string\"}}],\"inLanguage\":\"pt-BR\"},{\"@type\":\"Organization\",\"@id\":\"https:\/\/www.estrategiaconcursos.com.br\/blog\/#organization\",\"name\":\"Estrat\u00e9gia Concursos\",\"url\":\"https:\/\/www.estrategiaconcursos.com.br\/blog\/\",\"logo\":{\"@type\":\"ImageObject\",\"inLanguage\":\"pt-BR\",\"@id\":\"https:\/\/www.estrategiaconcursos.com.br\/blog\/#\/schema\/logo\/image\/\",\"url\":\"https:\/\/dhg1h5j42swfq.cloudfront.net\/2025\/06\/03203428\/logo_concursos-1.jpg\",\"contentUrl\":\"https:\/\/dhg1h5j42swfq.cloudfront.net\/2025\/06\/03203428\/logo_concursos-1.jpg\",\"width\":230,\"height\":60,\"caption\":\"Estrat\u00e9gia Concursos\"},\"image\":{\"@id\":\"https:\/\/www.estrategiaconcursos.com.br\/blog\/#\/schema\/logo\/image\/\"},\"sameAs\":[\"https:\/\/x.com\/EstratConcursos\"]},{\"@type\":\"Person\",\"@id\":\"https:\/\/www.estrategiaconcursos.com.br\/blog\/#\/schema\/person\/2865ec132c3404c9912015dd7a24eb1e\",\"name\":\"Brunno Lima\",\"image\":{\"@type\":\"ImageObject\",\"inLanguage\":\"pt-BR\",\"@id\":\"https:\/\/secure.gravatar.com\/avatar\/d40b472e5e2856222d4a4a1c3ee2189ed7d7a9f67dc3343b880cc1889a7bd6af?s=96&d=mm&r=g\",\"url\":\"https:\/\/secure.gravatar.com\/avatar\/d40b472e5e2856222d4a4a1c3ee2189ed7d7a9f67dc3343b880cc1889a7bd6af?s=96&d=mm&r=g\",\"contentUrl\":\"https:\/\/secure.gravatar.com\/avatar\/d40b472e5e2856222d4a4a1c3ee2189ed7d7a9f67dc3343b880cc1889a7bd6af?s=96&d=mm&r=g\",\"caption\":\"Brunno Lima\"},\"url\":\"https:\/\/www.estrategiaconcursos.com.br\/blog\/author\/brunnoestrategiaconcursos-com-br\/\"}]}<\/script>\n<!-- \/ Yoast SEO Premium plugin. -->","yoast_head_json":{"title":"Edital CREFONO 3: resultado definitivo da objetiva","description":"Edital CREFONO 3: Publicado com 5 + 125 CR vagas para n\u00edvel m\u00e9dio e superior no Conselho Regional de Fonoaudiologia da 3\u00aa Regi\u00e3o.","robots":{"index":"index","follow":"follow","max-snippet":"max-snippet:-1","max-image-preview":"max-image-preview:large","max-video-preview":"max-video-preview:-1"},"canonical":"https:\/\/www.estrategiaconcursos.com.br\/blog\/edital-crefono-3\/","og_locale":"pt_BR","og_type":"article","og_title":"Edital CREFONO 3: resultado definitivo da objetiva","og_description":"Edital CREFONO 3: Publicado com 5 + 125 CR vagas para n\u00edvel m\u00e9dio e superior no Conselho Regional de Fonoaudiologia da 3\u00aa Regi\u00e3o.","og_url":"https:\/\/www.estrategiaconcursos.com.br\/blog\/edital-crefono-3\/","og_site_name":"Estrat\u00e9gia Concursos","article_published_time":"2021-10-08T10:00:00+00:00","article_modified_time":"2023-01-02T17:20:47+00:00","og_image":[{"width":768,"height":432,"url":"https:\/\/dhg1h5j42swfq.cloudfront.net\/2021\/08\/18151850\/crefono-pr.jpeg","type":"image\/jpeg"}],"author":"Brunno Lima","twitter_card":"summary_large_image","twitter_creator":"@EstratConcursos","twitter_site":"@EstratConcursos","twitter_misc":{"Escrito por":"Brunno Lima","Est. tempo de leitura":"5 minutos"},"schema":{"@context":"https:\/\/schema.org","@graph":[{"@type":"NewsArticle","@id":"https:\/\/www.estrategiaconcursos.com.br\/blog\/edital-crefono-3\/#article","isPartOf":{"@id":"https:\/\/www.estrategiaconcursos.com.br\/blog\/edital-crefono-3\/"},"author":{"name":"Brunno Lima","@id":"https:\/\/www.estrategiaconcursos.com.br\/blog\/#\/schema\/person\/2865ec132c3404c9912015dd7a24eb1e"},"headline":"Edital CREFONO 3: resultado definitivo da objetiva","datePublished":"2021-10-08T10:00:00+00:00","dateModified":"2023-01-02T17:20:47+00:00","mainEntityOfPage":{"@id":"https:\/\/www.estrategiaconcursos.com.br\/blog\/edital-crefono-3\/"},"wordCount":1055,"commentCount":0,"publisher":{"@id":"https:\/\/www.estrategiaconcursos.com.br\/blog\/#organization"},"image":{"@id":"https:\/\/www.estrategiaconcursos.com.br\/blog\/edital-crefono-3\/#primaryimage"},"thumbnailUrl":"https:\/\/dhg1h5j42swfq.cloudfront.net\/2021\/08\/18151850\/crefono-pr.jpeg","articleSection":["Executivo (Administrativa)"],"inLanguage":"pt-BR","potentialAction":[{"@type":"CommentAction","name":"Comment","target":["https:\/\/www.estrategiaconcursos.com.br\/blog\/edital-crefono-3\/#respond"]}],"copyrightYear":"2021","copyrightHolder":{"@id":"https:\/\/www.estrategiaconcursos.com.br\/blog\/#organization"}},{"@type":"WebPage","@id":"https:\/\/www.estrategiaconcursos.com.br\/blog\/edital-crefono-3\/","url":"https:\/\/www.estrategiaconcursos.com.br\/blog\/edital-crefono-3\/","name":"Edital CREFONO 3: resultado definitivo da objetiva","isPartOf":{"@id":"https:\/\/www.estrategiaconcursos.com.br\/blog\/#website"},"primaryImageOfPage":{"@id":"https:\/\/www.estrategiaconcursos.com.br\/blog\/edital-crefono-3\/#primaryimage"},"image":{"@id":"https:\/\/www.estrategiaconcursos.com.br\/blog\/edital-crefono-3\/#primaryimage"},"thumbnailUrl":"https:\/\/dhg1h5j42swfq.cloudfront.net\/2021\/08\/18151850\/crefono-pr.jpeg","datePublished":"2021-10-08T10:00:00+00:00","dateModified":"2023-01-02T17:20:47+00:00","description":"Edital CREFONO 3: Publicado com 5 + 125 CR vagas para n\u00edvel m\u00e9dio e superior no Conselho Regional de Fonoaudiologia da 3\u00aa Regi\u00e3o.","breadcrumb":{"@id":"https:\/\/www.estrategiaconcursos.com.br\/blog\/edital-crefono-3\/#breadcrumb"},"inLanguage":"pt-BR","potentialAction":[{"@type":"ReadAction","target":["https:\/\/www.estrategiaconcursos.com.br\/blog\/edital-crefono-3\/"]}]},{"@type":"ImageObject","inLanguage":"pt-BR","@id":"https:\/\/www.estrategiaconcursos.com.br\/blog\/edital-crefono-3\/#primaryimage","url":"https:\/\/dhg1h5j42swfq.cloudfront.net\/2021\/08\/18151850\/crefono-pr.jpeg","contentUrl":"https:\/\/dhg1h5j42swfq.cloudfront.net\/2021\/08\/18151850\/crefono-pr.jpeg","width":768,"height":432},{"@type":"BreadcrumbList","@id":"https:\/\/www.estrategiaconcursos.com.br\/blog\/edital-crefono-3\/#breadcrumb","itemListElement":[{"@type":"ListItem","position":1,"name":"In\u00edcio","item":"https:\/\/www.estrategiaconcursos.com.br\/blog\/"},{"@type":"ListItem","position":2,"name":"Edital CREFONO 3: resultado definitivo da objetiva"}]},{"@type":"WebSite","@id":"https:\/\/www.estrategiaconcursos.com.br\/blog\/#website","url":"https:\/\/www.estrategiaconcursos.com.br\/blog\/","name":"Estrat\u00e9gia Concursos","description":"O blog da Estrat\u00e9gia Concursos traz not\u00edcias sobre concursos e artigos de professores oferecendo cursos para concursos (pdf + videaulas) no site.","publisher":{"@id":"https:\/\/www.estrategiaconcursos.com.br\/blog\/#organization"},"potentialAction":[{"@type":"SearchAction","target":{"@type":"EntryPoint","urlTemplate":"https:\/\/www.estrategiaconcursos.com.br\/blog\/?s={search_term_string}"},"query-input":{"@type":"PropertyValueSpecification","valueRequired":true,"valueName":"search_term_string"}}],"inLanguage":"pt-BR"},{"@type":"Organization","@id":"https:\/\/www.estrategiaconcursos.com.br\/blog\/#organization","name":"Estrat\u00e9gia Concursos","url":"https:\/\/www.estrategiaconcursos.com.br\/blog\/","logo":{"@type":"ImageObject","inLanguage":"pt-BR","@id":"https:\/\/www.estrategiaconcursos.com.br\/blog\/#\/schema\/logo\/image\/","url":"https:\/\/dhg1h5j42swfq.cloudfront.net\/2025\/06\/03203428\/logo_concursos-1.jpg","contentUrl":"https:\/\/dhg1h5j42swfq.cloudfront.net\/2025\/06\/03203428\/logo_concursos-1.jpg","width":230,"height":60,"caption":"Estrat\u00e9gia Concursos"},"image":{"@id":"https:\/\/www.estrategiaconcursos.com.br\/blog\/#\/schema\/logo\/image\/"},"sameAs":["https:\/\/x.com\/EstratConcursos"]},{"@type":"Person","@id":"https:\/\/www.estrategiaconcursos.com.br\/blog\/#\/schema\/person\/2865ec132c3404c9912015dd7a24eb1e","name":"Brunno Lima","image":{"@type":"ImageObject","inLanguage":"pt-BR","@id":"https:\/\/secure.gravatar.com\/avatar\/d40b472e5e2856222d4a4a1c3ee2189ed7d7a9f67dc3343b880cc1889a7bd6af?s=96&d=mm&r=g","url":"https:\/\/secure.gravatar.com\/avatar\/d40b472e5e2856222d4a4a1c3ee2189ed7d7a9f67dc3343b880cc1889a7bd6af?s=96&d=mm&r=g","contentUrl":"https:\/\/secure.gravatar.com\/avatar\/d40b472e5e2856222d4a4a1c3ee2189ed7d7a9f67dc3343b880cc1889a7bd6af?s=96&d=mm&r=g","caption":"Brunno Lima"},"url":"https:\/\/www.estrategiaconcursos.com.br\/blog\/author\/brunnoestrategiaconcursos-com-br\/"}]}},"_links":{"self":[{"href":"https:\/\/www.estrategiaconcursos.com.br\/blog\/wp-json\/wp\/v2\/posts\/837243","targetHints":{"allow":["GET"]}}],"collection":[{"href":"https:\/\/www.estrategiaconcursos.com.br\/blog\/wp-json\/wp\/v2\/posts"}],"about":[{"href":"https:\/\/www.estrategiaconcursos.com.br\/blog\/wp-json\/wp\/v2\/types\/post"}],"author":[{"embeddable":true,"href":"https:\/\/www.estrategiaconcursos.com.br\/blog\/wp-json\/wp\/v2\/users\/741"}],"replies":[{"embeddable":true,"href":"https:\/\/www.estrategiaconcursos.com.br\/blog\/wp-json\/wp\/v2\/comments?post=837243"}],"version-history":[{"count":71,"href":"https:\/\/www.estrategiaconcursos.com.br\/blog\/wp-json\/wp\/v2\/posts\/837243\/revisions"}],"predecessor-version":[{"id":1145867,"href":"https:\/\/www.estrategiaconcursos.com.br\/blog\/wp-json\/wp\/v2\/posts\/837243\/revisions\/1145867"}],"wp:featuredmedia":[{"embeddable":true,"href":"https:\/\/www.estrategiaconcursos.com.br\/blog\/wp-json\/wp\/v2\/media\/839751"}],"wp:attachment":[{"href":"https:\/\/www.estrategiaconcursos.com.br\/blog\/wp-json\/wp\/v2\/media?parent=837243"}],"wp:term":[{"taxonomy":"category","embeddable":true,"href":"https:\/\/www.estrategiaconcursos.com.br\/blog\/wp-json\/wp\/v2\/categories?post=837243"},{"taxonomy":"post_tag","embeddable":true,"href":"https:\/\/www.estrategiaconcursos.com.br\/blog\/wp-json\/wp\/v2\/tags?post=837243"},{"taxonomy":"tax_estado","embeddable":true,"href":"https:\/\/www.estrategiaconcursos.com.br\/blog\/wp-json\/wp\/v2\/tax_estado?post=837243"}],"curies":[{"name":"wp","href":"https:\/\/api.w.org\/{rel}","templated":true}]}}