{"id":837221,"date":"2021-08-16T12:35:39","date_gmt":"2021-08-16T15:35:39","guid":{"rendered":"https:\/\/www.estrategiaconcursos.com.br\/blog\/?p=837221"},"modified":"2021-08-16T12:41:16","modified_gmt":"2021-08-16T15:41:16","slug":"concurso-pm-ce-como-solicitar-isencao","status":"publish","type":"post","link":"https:\/\/www.estrategiaconcursos.com.br\/blog\/concurso-pm-ce-como-solicitar-isencao\/","title":{"rendered":"Concurso PM CE: com prazo aberto, como solicitar isen\u00e7\u00e3o?"},"content":{"rendered":"\n<p>Aten\u00e7\u00e3o, concurseiros da \u00e1rea policial! J\u00e1 est\u00e3o abertas as inscri\u00e7\u00f5es para participar do <strong>concurso p\u00fablico da Pol\u00edcia Militar do Estado do Cear\u00e1<\/strong>. Al\u00e9m disso, nesta segunda-feira, 16, tamb\u00e9m foi aberto o <strong>prazo para solicitar a isen\u00e7\u00e3o<\/strong> <strong>da taxa <\/strong>do edital da PM CE.<\/p>\n\n\n\n<p>Mas, afinal, voc\u00ea sabe qual o procedimento? Est\u00e1 por dentro das regras para solicita\u00e7\u00e3o? Se ainda existem d\u00favidas em rela\u00e7\u00e3o a isso, n\u00e3o se preocupe, voc\u00ea chegou no lugar certo! Neste artigo traremos as principais informa\u00e7\u00f5es e detalhes sobre a isen\u00e7\u00e3o da taxa. Confira!<\/p>\n\n\n\n<h3 class=\"wp-block-heading\" id=\"h-quando-e-como-solicitar-a-isen-o-da-taxa-do-concurso-pm-ce\">Quando e como solicitar a isen\u00e7\u00e3o da taxa do concurso PM CE?<\/h3>\n\n\n\n<p>De acordo com o cronograma inicial do concurso PM CE, a isen\u00e7\u00e3o da taxa de inscri\u00e7\u00e3o poder\u00e1 ser solicitada entre os <strong>dias 16 e 18 de agosto<\/strong>. Ou seja, a partir de hoje e encerrando na pr\u00f3xima quarta-feira. Todo o processo deve ser feito atrav\u00e9s do site da banca organizadora, a <a href=\"https:\/\/conhecimento.fgv.br\/concursos\/pmce21\" target=\"_blank\" rel=\"noreferrer noopener\">Funda\u00e7\u00e3o Get\u00falio Vargas<\/a> (FGV).<\/p>\n\n\n\n<h3 class=\"wp-block-heading\" id=\"h-quem-pode-entrar-com-o-pedido-de-isen-o\">Quem pode entrar com o pedido de isen\u00e7\u00e3o?<\/h3>\n\n\n\n<p>Aqueles que desejam se tornar isentos ao pagamento da taxa de inscri\u00e7\u00e3o do concurso PM CE, al\u00e9m de realizar o pedido no per\u00edodo determinado, devem cumprir alguns requisitos, tais como:<\/p>\n\n\n\n<ul class=\"wp-block-list\"><li>Ser servidor p\u00fablico, amparado pela Lei Estadual 11.551\/89;<\/li><li>Ser doador de sangue, amparado pela Lei n\u00ba 12.559\/95;<\/li><li>Alunos que estudam ou conclu\u00edram seus estudos em entidades de ensino p\u00fablico;<\/li><li>Alunos cujas fam\u00edlias percebam renda de at\u00e9 2 sal\u00e1rios m\u00ednimos;<\/li><li>Candidatos de hipossufici\u00eancia econ\u00f4mica, amparado pela Lei n\u00ba 14.859\/10, desde que atendam as exig\u00eancias:<ul><li>fatura de energia el\u00e9trica que demonstre o consumo de at\u00e9 80 kwh mensais;<\/li><li>fatura de \u00e1gua que demonstre o consumo de at\u00e9 10 (dez) metros c\u00fabicos mensais;<\/li><li>comprovante de inscri\u00e7\u00e3o em benef\u00edcios assistenciais do Governo Federal;<\/li><li>comprovante de obten\u00e7\u00e3o de rendimento mensal inferior a meio sal\u00e1rio m\u00ednimo por membro do n\u00facleo familiar.<\/li><\/ul><\/li><\/ul>\n\n\n\n<p class=\"has-text-align-center has-pale-cyan-blue-background-color has-background\"><strong>IMPORTANTE<\/strong>: O fato de o candidato estar participando de algum programa social do Governo Federal (ProUni, Fies, Bolsa Fam\u00edlia etc.), assim como o fato de ter obtido a isen\u00e7\u00e3o em outros certames, n\u00e3o garante, por si s\u00f3, a isen\u00e7\u00e3o da taxa de inscri\u00e7\u00e3o na PM CE.<\/p>\n\n\n\n<h3 class=\"wp-block-heading\" id=\"h-resultados-e-outras-datas-da-isen-o-do-edital-pm-ce\">Resultados e outras datas da isen\u00e7\u00e3o do edital PM CE<\/h3>\n\n\n\n<p>O resultado preliminar da an\u00e1lise dos pedidos de isen\u00e7\u00e3o de taxa de inscri\u00e7\u00e3o do concurso PM CE ser\u00e1 divulgado no dia 02 de setembro, no site da FGV, sendo de responsabilidade do candidato acompanhar a publica\u00e7\u00e3o e tomar ci\u00eancia do seu conte\u00fado.<\/p>\n\n\n\n<p>Aqueles que tiverem o requerimento de isen\u00e7\u00e3o de pagamento da taxa de inscri\u00e7\u00e3o indeferido poder\u00e1 interpor recurso no prazo de 2 dias \u00fateis, a serem contados do primeiro dia \u00fatil subsequente ao da divulga\u00e7\u00e3o do resultado da an\u00e1lise dos pedidos.<\/p>\n\n\n\n<p>A rela\u00e7\u00e3o dos pedidos de isen\u00e7\u00e3o deferidos, ap\u00f3s recurso, ser\u00e1 divulgada at\u00e9 o dia 15 de setembro.<\/p>\n\n\n\n<h3 class=\"wp-block-heading\" id=\"h-sobre-o-concurso-pm-ce\">Sobre o concurso PM CE<\/h3>\n\n\n\n<p>O concurso da Pol\u00edcia Militar do Cear\u00e1 oferece aos candidatos <strong>2.000 vagas imediatas para o cargo de Soldado<\/strong>, de n\u00edvel m\u00e9dio, distribu\u00eddas entre o sexo feminino e masculino, em ampla concorr\u00eancia e cota racial. O sal\u00e1rio inicial \u00e9 de R$ 4.192, 72, ap\u00f3s a conclus\u00e3o do curso de forma\u00e7\u00e3o.<\/p>\n\n\n\n<p>Com inscri\u00e7\u00f5es abertas, os interessados devem se candidatar at\u00e9 o dia\u00a0<strong>15 de setembro<\/strong>, ao custo de\u00a0<strong>R$ 120,00<\/strong>. Todo o processo de candidatura deve ser realizado no site da Funda\u00e7\u00e3o Get\u00falio Vargas (FGV). A aplica\u00e7\u00e3o da prova objetiva \u00e9 prevista para o dia\u00a0<strong>07 de novembro<\/strong>.<\/p>\n\n\n\n<p class=\"has-text-align-center\"><strong>Para mais informa\u00e7\u00f5es sobre o concurso PM CE, acesse nosso artigo completo e exclusivo:<\/strong><\/p>\n\n\n\n<h2 class=\"has-text-align-center has-pale-cyan-blue-background-color has-background has-medium-font-size wp-block-heading\" id=\"h-saiba-mais-concurso-pm-ce\"><span class=\"has-inline-color has-black-color\">Saiba mais:<\/span> <a href=\"https:\/\/www.estrategiaconcursos.com.br\/blog\/concurso-pm-ce\/\" target=\"_blank\" rel=\"noreferrer noopener\">Concurso PM CE<\/a><\/h2>\n\n\n\n<hr class=\"wp-block-separator\"\/>\n\n\n\n<div class=\"container\" id=\"boxes\">\n  <div class=\"row\"> \n\n    <div class=\"col-sm\">\n      <div class=\"banner-policial\" id=\"box-assinatura\">\n        <h3 class=\"titulo-assinatura\">Concurso PM CE<\/h3>\n        <p class=\"subtitulo-assinatura\">Conhe\u00e7a os cursos<\/p>\n        <div class=\"box-botao\">\n          <a class=\"btn-assinatura\" target=\"_blank\" href=\"https:\/\/www.estrategiaconcursos.com.br\/curso\/pm-ce-soldado-pacote-completo-2021-pos-edital\/\" role=\"button\" rel=\"noopener noreferrer\">Conhe\u00e7a mais<\/a>\n        <\/div>\n      <\/div>\n     \n\n  <\/div>\n<\/div><\/div>\n\n\n\n<div class=\"container\" id=\"boxes\">\n  <div class=\"row\">\n\n    <div class=\"col-sm\">\n      <div class=\"estrategia\" id=\"box-assinatura\">\n        <h3 class=\"titulo-assinatura\">Assinatura de Concursos<\/h3>\n        <p class=\"subtitulo-assinatura\">Assinatura de 1 ano ou 2 anos<\/p>\n        <div class=\"box-botao\">\n          <a class=\"btn-assinatura\" target=\"_blank\" href=\"https:\/\/www.estrategiaconcursos.com.br\/assinaturas\/\" role=\"button\" rel=\"noopener noreferrer\">ASSINE AGORA<\/a>\n        <\/div>\n      <\/div>\n     \n    <\/div><\/div><\/div>\n\n\n\n<div class=\"container\" id=\"boxes\">\n  <div class=\"row\">\n\n    <div class=\"col-sm\" id=\"boxes-concursos\">\n      <div style=\"background-color: #005DAD;\" class=\"conteudo-concursos\" id=\"box-concursos\">\n        <h3 class=\"titulo-assinatura\">Concursos Abertos<\/h3>\n        <p class=\"subtitulo-assinatura\">Os editais publicados<\/p>\n        <div class=\"box-botao\">\n          <a class=\"btn-assinatura\" target=\"_blank\" href=\"https:\/\/www.estrategiaconcursos.com.br\/blog\/concursos-abertos\/\" role=\"button\" rel=\"noopener noreferrer\">Conhe\u00e7a Agora<\/a>\n        <\/div>\n      <\/div>\n    <\/div>\n\n    <div class=\"col-sm\" id=\"boxes-concursos\">\n      <div style=\"background-color: #1A7ED5;\" class=\"conteudo-concursos\" id=\"box-concursos\">\n        <h3 class=\"titulo-assinatura\">Concursos 2021<\/h3>\n        <p class=\"subtitulo-assinatura\">As oportunidades previstas<\/p>\n        <div class=\"box-botao\">\n          <a class=\"btn-assinatura\" target=\"_blank\" href=\"https:\/\/www.estrategiaconcursos.com.br\/blog\/concursos-2021\/\" role=\"button\" rel=\"noopener noreferrer\">Conhe\u00e7a Agora<\/a>\n        <\/div>\n      <\/div>\n    <\/div>\n\n    <div class=\"col-sm\" id=\"boxes-concursos\">\n      <div style=\"background-color: #419FF0;\" class=\"conteudo-concursos\" id=\"box-concursos\">\n        <h3 class=\"titulo-assinatura\">Concursos 2022<\/h3>\n        <p class=\"subtitulo-assinatura\">Vagas para o pr\u00f3ximo ano<\/p>\n        <div class=\"box-botao\">\n          <a class=\"btn-assinatura\" target=\"_blank\" href=\"https:\/\/www.estrategiaconcursos.com.br\/blog\/concursos-2022\/\" role=\"button\" rel=\"noopener noreferrer\">Conhe\u00e7a Agora<\/a>\n        <\/div>\n      <\/div>\n    <\/div>\n\n  <\/div>\n<\/div>\n","protected":false},"excerpt":{"rendered":"<p>Aten\u00e7\u00e3o, concurseiros da \u00e1rea policial! J\u00e1 est\u00e3o abertas as inscri\u00e7\u00f5es para participar do concurso p\u00fablico da Pol\u00edcia Militar do Estado do Cear\u00e1. Al\u00e9m disso, nesta segunda-feira, 16, tamb\u00e9m foi aberto o prazo para solicitar a isen\u00e7\u00e3o da taxa do edital da PM CE. Mas, afinal, voc\u00ea sabe qual o procedimento? Est\u00e1 por dentro das regras [&hellip;]<\/p>\n","protected":false},"author":1206,"featured_media":741188,"comment_status":"open","ping_status":"closed","sticky":false,"template":"","format":"standard","meta":{"post_tipo":"news","footnotes":""},"categories":[220187],"tags":[],"tax_estado":[219969],"class_list":["post-837221","post","type-post","status-publish","format-standard","has-post-thumbnail","hentry","category-policial-pracas","tax_estado-ce"],"acf":[],"yoast_head":"<!-- This site is optimized with the Yoast SEO Premium plugin v27.2 (Yoast SEO v27.2) - https:\/\/yoast.com\/product\/yoast-seo-premium-wordpress\/ -->\n<title>Concurso PM CE: com prazo aberto, como solicitar isen\u00e7\u00e3o?<\/title>\n<meta name=\"description\" content=\"J\u00e1 est\u00e3o abertas as inscri\u00e7\u00f5es do concurso PM CE, bem como o prazo para requerer a isen\u00e7\u00e3o da taxa. Acesse e saiba como solicitar!\" \/>\n<meta name=\"robots\" content=\"index, follow, max-snippet:-1, max-image-preview:large, max-video-preview:-1\" \/>\n<link rel=\"canonical\" href=\"https:\/\/www.estrategiaconcursos.com.br\/blog\/concurso-pm-ce-como-solicitar-isencao\/\" \/>\n<meta property=\"og:locale\" content=\"pt_BR\" \/>\n<meta property=\"og:type\" content=\"article\" \/>\n<meta property=\"og:title\" content=\"Concurso PM CE: com prazo aberto, como solicitar isen\u00e7\u00e3o?\" \/>\n<meta property=\"og:description\" content=\"J\u00e1 est\u00e3o abertas as inscri\u00e7\u00f5es do concurso PM CE, bem como o prazo para requerer a isen\u00e7\u00e3o da taxa. Acesse e saiba como solicitar!\" \/>\n<meta property=\"og:url\" content=\"https:\/\/www.estrategiaconcursos.com.br\/blog\/concurso-pm-ce-como-solicitar-isencao\/\" \/>\n<meta property=\"og:site_name\" content=\"Estrat\u00e9gia Concursos\" \/>\n<meta property=\"article:published_time\" content=\"2021-08-16T15:35:39+00:00\" \/>\n<meta property=\"article:modified_time\" content=\"2021-08-16T15:41:16+00:00\" \/>\n<meta property=\"og:image\" content=\"https:\/\/dhg1h5j42swfq.cloudfront.net\/2021\/05\/14151016\/pm-ce.jpg\" \/>\n\t<meta property=\"og:image:width\" content=\"768\" \/>\n\t<meta property=\"og:image:height\" content=\"432\" \/>\n\t<meta property=\"og:image:type\" content=\"image\/jpeg\" \/>\n<meta name=\"author\" content=\"Bruna de Andrade Fran\u00e7a\" \/>\n<meta name=\"twitter:card\" content=\"summary_large_image\" \/>\n<meta name=\"twitter:creator\" content=\"@EstratConcursos\" \/>\n<meta name=\"twitter:site\" content=\"@EstratConcursos\" \/>\n<meta name=\"twitter:label1\" content=\"Escrito por\" \/>\n\t<meta name=\"twitter:data1\" content=\"Bruna de Andrade Fran\u00e7a\" \/>\n\t<meta name=\"twitter:label2\" content=\"Est. tempo de leitura\" \/>\n\t<meta name=\"twitter:data2\" content=\"3 minutos\" \/>\n<script type=\"application\/ld+json\" class=\"yoast-schema-graph\">{\"@context\":\"https:\/\/schema.org\",\"@graph\":[{\"@type\":\"NewsArticle\",\"@id\":\"https:\/\/www.estrategiaconcursos.com.br\/blog\/concurso-pm-ce-como-solicitar-isencao\/#article\",\"isPartOf\":{\"@id\":\"https:\/\/www.estrategiaconcursos.com.br\/blog\/concurso-pm-ce-como-solicitar-isencao\/\"},\"author\":{\"name\":\"Bruna de Andrade Fran\u00e7a\",\"@id\":\"https:\/\/www.estrategiaconcursos.com.br\/blog\/#\/schema\/person\/6630f91134abc08115cca62ce6372855\"},\"headline\":\"Concurso PM CE: com prazo aberto, como solicitar isen\u00e7\u00e3o?\",\"datePublished\":\"2021-08-16T15:35:39+00:00\",\"dateModified\":\"2021-08-16T15:41:16+00:00\",\"mainEntityOfPage\":{\"@id\":\"https:\/\/www.estrategiaconcursos.com.br\/blog\/concurso-pm-ce-como-solicitar-isencao\/\"},\"wordCount\":682,\"commentCount\":0,\"publisher\":{\"@id\":\"https:\/\/www.estrategiaconcursos.com.br\/blog\/#organization\"},\"image\":{\"@id\":\"https:\/\/www.estrategiaconcursos.com.br\/blog\/concurso-pm-ce-como-solicitar-isencao\/#primaryimage\"},\"thumbnailUrl\":\"https:\/\/dhg1h5j42swfq.cloudfront.net\/2021\/05\/14151016\/pm-ce.jpg\",\"articleSection\":[\"Policial (PM\/BM - Pra\u00e7as)\"],\"inLanguage\":\"pt-BR\",\"potentialAction\":[{\"@type\":\"CommentAction\",\"name\":\"Comment\",\"target\":[\"https:\/\/www.estrategiaconcursos.com.br\/blog\/concurso-pm-ce-como-solicitar-isencao\/#respond\"]}],\"copyrightYear\":\"2021\",\"copyrightHolder\":{\"@id\":\"https:\/\/www.estrategiaconcursos.com.br\/blog\/#organization\"}},{\"@type\":\"WebPage\",\"@id\":\"https:\/\/www.estrategiaconcursos.com.br\/blog\/concurso-pm-ce-como-solicitar-isencao\/\",\"url\":\"https:\/\/www.estrategiaconcursos.com.br\/blog\/concurso-pm-ce-como-solicitar-isencao\/\",\"name\":\"Concurso PM CE: com prazo aberto, como solicitar isen\u00e7\u00e3o?\",\"isPartOf\":{\"@id\":\"https:\/\/www.estrategiaconcursos.com.br\/blog\/#website\"},\"primaryImageOfPage\":{\"@id\":\"https:\/\/www.estrategiaconcursos.com.br\/blog\/concurso-pm-ce-como-solicitar-isencao\/#primaryimage\"},\"image\":{\"@id\":\"https:\/\/www.estrategiaconcursos.com.br\/blog\/concurso-pm-ce-como-solicitar-isencao\/#primaryimage\"},\"thumbnailUrl\":\"https:\/\/dhg1h5j42swfq.cloudfront.net\/2021\/05\/14151016\/pm-ce.jpg\",\"datePublished\":\"2021-08-16T15:35:39+00:00\",\"dateModified\":\"2021-08-16T15:41:16+00:00\",\"description\":\"J\u00e1 est\u00e3o abertas as inscri\u00e7\u00f5es do concurso PM CE, bem como o prazo para requerer a isen\u00e7\u00e3o da taxa. Acesse e saiba como solicitar!\",\"breadcrumb\":{\"@id\":\"https:\/\/www.estrategiaconcursos.com.br\/blog\/concurso-pm-ce-como-solicitar-isencao\/#breadcrumb\"},\"inLanguage\":\"pt-BR\",\"potentialAction\":[{\"@type\":\"ReadAction\",\"target\":[\"https:\/\/www.estrategiaconcursos.com.br\/blog\/concurso-pm-ce-como-solicitar-isencao\/\"]}]},{\"@type\":\"ImageObject\",\"inLanguage\":\"pt-BR\",\"@id\":\"https:\/\/www.estrategiaconcursos.com.br\/blog\/concurso-pm-ce-como-solicitar-isencao\/#primaryimage\",\"url\":\"https:\/\/dhg1h5j42swfq.cloudfront.net\/2021\/05\/14151016\/pm-ce.jpg\",\"contentUrl\":\"https:\/\/dhg1h5j42swfq.cloudfront.net\/2021\/05\/14151016\/pm-ce.jpg\",\"width\":768,\"height\":432,\"caption\":\"concurso pm ce\"},{\"@type\":\"BreadcrumbList\",\"@id\":\"https:\/\/www.estrategiaconcursos.com.br\/blog\/concurso-pm-ce-como-solicitar-isencao\/#breadcrumb\",\"itemListElement\":[{\"@type\":\"ListItem\",\"position\":1,\"name\":\"In\u00edcio\",\"item\":\"https:\/\/www.estrategiaconcursos.com.br\/blog\/\"},{\"@type\":\"ListItem\",\"position\":2,\"name\":\"Concurso PM CE: com prazo aberto, como solicitar isen\u00e7\u00e3o?\"}]},{\"@type\":\"WebSite\",\"@id\":\"https:\/\/www.estrategiaconcursos.com.br\/blog\/#website\",\"url\":\"https:\/\/www.estrategiaconcursos.com.br\/blog\/\",\"name\":\"Estrat\u00e9gia Concursos\",\"description\":\"O blog da Estrat\u00e9gia Concursos traz not\u00edcias sobre concursos e artigos de professores oferecendo cursos para concursos (pdf + videaulas) no site.\",\"publisher\":{\"@id\":\"https:\/\/www.estrategiaconcursos.com.br\/blog\/#organization\"},\"potentialAction\":[{\"@type\":\"SearchAction\",\"target\":{\"@type\":\"EntryPoint\",\"urlTemplate\":\"https:\/\/www.estrategiaconcursos.com.br\/blog\/?s={search_term_string}\"},\"query-input\":{\"@type\":\"PropertyValueSpecification\",\"valueRequired\":true,\"valueName\":\"search_term_string\"}}],\"inLanguage\":\"pt-BR\"},{\"@type\":\"Organization\",\"@id\":\"https:\/\/www.estrategiaconcursos.com.br\/blog\/#organization\",\"name\":\"Estrat\u00e9gia Concursos\",\"url\":\"https:\/\/www.estrategiaconcursos.com.br\/blog\/\",\"logo\":{\"@type\":\"ImageObject\",\"inLanguage\":\"pt-BR\",\"@id\":\"https:\/\/www.estrategiaconcursos.com.br\/blog\/#\/schema\/logo\/image\/\",\"url\":\"https:\/\/dhg1h5j42swfq.cloudfront.net\/2025\/06\/03203428\/logo_concursos-1.jpg\",\"contentUrl\":\"https:\/\/dhg1h5j42swfq.cloudfront.net\/2025\/06\/03203428\/logo_concursos-1.jpg\",\"width\":230,\"height\":60,\"caption\":\"Estrat\u00e9gia Concursos\"},\"image\":{\"@id\":\"https:\/\/www.estrategiaconcursos.com.br\/blog\/#\/schema\/logo\/image\/\"},\"sameAs\":[\"https:\/\/x.com\/EstratConcursos\"]},{\"@type\":\"Person\",\"@id\":\"https:\/\/www.estrategiaconcursos.com.br\/blog\/#\/schema\/person\/6630f91134abc08115cca62ce6372855\",\"name\":\"Bruna de Andrade Fran\u00e7a\",\"image\":{\"@type\":\"ImageObject\",\"inLanguage\":\"pt-BR\",\"@id\":\"https:\/\/secure.gravatar.com\/avatar\/d6316d36d50cea0fadae28ed3015b8870cc90a2d3d8a95c37b44006af36a00e3?s=96&d=mm&r=g\",\"url\":\"https:\/\/secure.gravatar.com\/avatar\/d6316d36d50cea0fadae28ed3015b8870cc90a2d3d8a95c37b44006af36a00e3?s=96&d=mm&r=g\",\"contentUrl\":\"https:\/\/secure.gravatar.com\/avatar\/d6316d36d50cea0fadae28ed3015b8870cc90a2d3d8a95c37b44006af36a00e3?s=96&d=mm&r=g\",\"caption\":\"Bruna de Andrade Fran\u00e7a\"},\"description\":\"Bruna de Andrade Fran\u00e7a \u00e9 publicit\u00e1ria com p\u00f3s-gradua\u00e7\u00e3o em Marketing &amp; Growth, atuando h\u00e1 mais de 6 anos no universo dos concursos p\u00fablicos. Desde 2021, lidera no Blog do Estrat\u00e9gia Concursos a cobertura editorial especializada em Concursos Policiais (PF, PRF, PM, PC, etc.), al\u00e9m das frentes de concursos banc\u00e1rios, de sa\u00fade e da \u00e1rea legislativa. Especialista em reda\u00e7\u00e3o, com pr\u00e1ticas de SEO e Copywriting, possui tamb\u00e9m atua\u00e7\u00e3o pr\u00e1tica de contato direto com \u00f3rg\u00e3os p\u00fablicos respons\u00e1veis por editais, permitindo acesso antecipado a informa\u00e7\u00f5es, desdobramentos importantes e atualiza\u00e7\u00e3o eficiente dos concursos p\u00fablicos.\",\"url\":\"https:\/\/www.estrategiaconcursos.com.br\/blog\/author\/bruna-andrade\/\"}]}<\/script>\n<!-- \/ Yoast SEO Premium plugin. -->","yoast_head_json":{"title":"Concurso PM CE: com prazo aberto, como solicitar isen\u00e7\u00e3o?","description":"J\u00e1 est\u00e3o abertas as inscri\u00e7\u00f5es do concurso PM CE, bem como o prazo para requerer a isen\u00e7\u00e3o da taxa. Acesse e saiba como solicitar!","robots":{"index":"index","follow":"follow","max-snippet":"max-snippet:-1","max-image-preview":"max-image-preview:large","max-video-preview":"max-video-preview:-1"},"canonical":"https:\/\/www.estrategiaconcursos.com.br\/blog\/concurso-pm-ce-como-solicitar-isencao\/","og_locale":"pt_BR","og_type":"article","og_title":"Concurso PM CE: com prazo aberto, como solicitar isen\u00e7\u00e3o?","og_description":"J\u00e1 est\u00e3o abertas as inscri\u00e7\u00f5es do concurso PM CE, bem como o prazo para requerer a isen\u00e7\u00e3o da taxa. Acesse e saiba como solicitar!","og_url":"https:\/\/www.estrategiaconcursos.com.br\/blog\/concurso-pm-ce-como-solicitar-isencao\/","og_site_name":"Estrat\u00e9gia Concursos","article_published_time":"2021-08-16T15:35:39+00:00","article_modified_time":"2021-08-16T15:41:16+00:00","og_image":[{"width":768,"height":432,"url":"https:\/\/dhg1h5j42swfq.cloudfront.net\/2021\/05\/14151016\/pm-ce.jpg","type":"image\/jpeg"}],"author":"Bruna de Andrade Fran\u00e7a","twitter_card":"summary_large_image","twitter_creator":"@EstratConcursos","twitter_site":"@EstratConcursos","twitter_misc":{"Escrito por":"Bruna de Andrade Fran\u00e7a","Est. tempo de leitura":"3 minutos"},"schema":{"@context":"https:\/\/schema.org","@graph":[{"@type":"NewsArticle","@id":"https:\/\/www.estrategiaconcursos.com.br\/blog\/concurso-pm-ce-como-solicitar-isencao\/#article","isPartOf":{"@id":"https:\/\/www.estrategiaconcursos.com.br\/blog\/concurso-pm-ce-como-solicitar-isencao\/"},"author":{"name":"Bruna de Andrade Fran\u00e7a","@id":"https:\/\/www.estrategiaconcursos.com.br\/blog\/#\/schema\/person\/6630f91134abc08115cca62ce6372855"},"headline":"Concurso PM CE: com prazo aberto, como solicitar isen\u00e7\u00e3o?","datePublished":"2021-08-16T15:35:39+00:00","dateModified":"2021-08-16T15:41:16+00:00","mainEntityOfPage":{"@id":"https:\/\/www.estrategiaconcursos.com.br\/blog\/concurso-pm-ce-como-solicitar-isencao\/"},"wordCount":682,"commentCount":0,"publisher":{"@id":"https:\/\/www.estrategiaconcursos.com.br\/blog\/#organization"},"image":{"@id":"https:\/\/www.estrategiaconcursos.com.br\/blog\/concurso-pm-ce-como-solicitar-isencao\/#primaryimage"},"thumbnailUrl":"https:\/\/dhg1h5j42swfq.cloudfront.net\/2021\/05\/14151016\/pm-ce.jpg","articleSection":["Policial (PM\/BM - Pra\u00e7as)"],"inLanguage":"pt-BR","potentialAction":[{"@type":"CommentAction","name":"Comment","target":["https:\/\/www.estrategiaconcursos.com.br\/blog\/concurso-pm-ce-como-solicitar-isencao\/#respond"]}],"copyrightYear":"2021","copyrightHolder":{"@id":"https:\/\/www.estrategiaconcursos.com.br\/blog\/#organization"}},{"@type":"WebPage","@id":"https:\/\/www.estrategiaconcursos.com.br\/blog\/concurso-pm-ce-como-solicitar-isencao\/","url":"https:\/\/www.estrategiaconcursos.com.br\/blog\/concurso-pm-ce-como-solicitar-isencao\/","name":"Concurso PM CE: com prazo aberto, como solicitar isen\u00e7\u00e3o?","isPartOf":{"@id":"https:\/\/www.estrategiaconcursos.com.br\/blog\/#website"},"primaryImageOfPage":{"@id":"https:\/\/www.estrategiaconcursos.com.br\/blog\/concurso-pm-ce-como-solicitar-isencao\/#primaryimage"},"image":{"@id":"https:\/\/www.estrategiaconcursos.com.br\/blog\/concurso-pm-ce-como-solicitar-isencao\/#primaryimage"},"thumbnailUrl":"https:\/\/dhg1h5j42swfq.cloudfront.net\/2021\/05\/14151016\/pm-ce.jpg","datePublished":"2021-08-16T15:35:39+00:00","dateModified":"2021-08-16T15:41:16+00:00","description":"J\u00e1 est\u00e3o abertas as inscri\u00e7\u00f5es do concurso PM CE, bem como o prazo para requerer a isen\u00e7\u00e3o da taxa. Acesse e saiba como solicitar!","breadcrumb":{"@id":"https:\/\/www.estrategiaconcursos.com.br\/blog\/concurso-pm-ce-como-solicitar-isencao\/#breadcrumb"},"inLanguage":"pt-BR","potentialAction":[{"@type":"ReadAction","target":["https:\/\/www.estrategiaconcursos.com.br\/blog\/concurso-pm-ce-como-solicitar-isencao\/"]}]},{"@type":"ImageObject","inLanguage":"pt-BR","@id":"https:\/\/www.estrategiaconcursos.com.br\/blog\/concurso-pm-ce-como-solicitar-isencao\/#primaryimage","url":"https:\/\/dhg1h5j42swfq.cloudfront.net\/2021\/05\/14151016\/pm-ce.jpg","contentUrl":"https:\/\/dhg1h5j42swfq.cloudfront.net\/2021\/05\/14151016\/pm-ce.jpg","width":768,"height":432,"caption":"concurso pm ce"},{"@type":"BreadcrumbList","@id":"https:\/\/www.estrategiaconcursos.com.br\/blog\/concurso-pm-ce-como-solicitar-isencao\/#breadcrumb","itemListElement":[{"@type":"ListItem","position":1,"name":"In\u00edcio","item":"https:\/\/www.estrategiaconcursos.com.br\/blog\/"},{"@type":"ListItem","position":2,"name":"Concurso PM CE: com prazo aberto, como solicitar isen\u00e7\u00e3o?"}]},{"@type":"WebSite","@id":"https:\/\/www.estrategiaconcursos.com.br\/blog\/#website","url":"https:\/\/www.estrategiaconcursos.com.br\/blog\/","name":"Estrat\u00e9gia Concursos","description":"O blog da Estrat\u00e9gia Concursos traz not\u00edcias sobre concursos e artigos de professores oferecendo cursos para concursos (pdf + videaulas) no site.","publisher":{"@id":"https:\/\/www.estrategiaconcursos.com.br\/blog\/#organization"},"potentialAction":[{"@type":"SearchAction","target":{"@type":"EntryPoint","urlTemplate":"https:\/\/www.estrategiaconcursos.com.br\/blog\/?s={search_term_string}"},"query-input":{"@type":"PropertyValueSpecification","valueRequired":true,"valueName":"search_term_string"}}],"inLanguage":"pt-BR"},{"@type":"Organization","@id":"https:\/\/www.estrategiaconcursos.com.br\/blog\/#organization","name":"Estrat\u00e9gia Concursos","url":"https:\/\/www.estrategiaconcursos.com.br\/blog\/","logo":{"@type":"ImageObject","inLanguage":"pt-BR","@id":"https:\/\/www.estrategiaconcursos.com.br\/blog\/#\/schema\/logo\/image\/","url":"https:\/\/dhg1h5j42swfq.cloudfront.net\/2025\/06\/03203428\/logo_concursos-1.jpg","contentUrl":"https:\/\/dhg1h5j42swfq.cloudfront.net\/2025\/06\/03203428\/logo_concursos-1.jpg","width":230,"height":60,"caption":"Estrat\u00e9gia Concursos"},"image":{"@id":"https:\/\/www.estrategiaconcursos.com.br\/blog\/#\/schema\/logo\/image\/"},"sameAs":["https:\/\/x.com\/EstratConcursos"]},{"@type":"Person","@id":"https:\/\/www.estrategiaconcursos.com.br\/blog\/#\/schema\/person\/6630f91134abc08115cca62ce6372855","name":"Bruna de Andrade Fran\u00e7a","image":{"@type":"ImageObject","inLanguage":"pt-BR","@id":"https:\/\/secure.gravatar.com\/avatar\/d6316d36d50cea0fadae28ed3015b8870cc90a2d3d8a95c37b44006af36a00e3?s=96&d=mm&r=g","url":"https:\/\/secure.gravatar.com\/avatar\/d6316d36d50cea0fadae28ed3015b8870cc90a2d3d8a95c37b44006af36a00e3?s=96&d=mm&r=g","contentUrl":"https:\/\/secure.gravatar.com\/avatar\/d6316d36d50cea0fadae28ed3015b8870cc90a2d3d8a95c37b44006af36a00e3?s=96&d=mm&r=g","caption":"Bruna de Andrade Fran\u00e7a"},"description":"Bruna de Andrade Fran\u00e7a \u00e9 publicit\u00e1ria com p\u00f3s-gradua\u00e7\u00e3o em Marketing &amp; Growth, atuando h\u00e1 mais de 6 anos no universo dos concursos p\u00fablicos. Desde 2021, lidera no Blog do Estrat\u00e9gia Concursos a cobertura editorial especializada em Concursos Policiais (PF, PRF, PM, PC, etc.), al\u00e9m das frentes de concursos banc\u00e1rios, de sa\u00fade e da \u00e1rea legislativa. Especialista em reda\u00e7\u00e3o, com pr\u00e1ticas de SEO e Copywriting, possui tamb\u00e9m atua\u00e7\u00e3o pr\u00e1tica de contato direto com \u00f3rg\u00e3os p\u00fablicos respons\u00e1veis por editais, permitindo acesso antecipado a informa\u00e7\u00f5es, desdobramentos importantes e atualiza\u00e7\u00e3o eficiente dos concursos p\u00fablicos.","url":"https:\/\/www.estrategiaconcursos.com.br\/blog\/author\/bruna-andrade\/"}]}},"_links":{"self":[{"href":"https:\/\/www.estrategiaconcursos.com.br\/blog\/wp-json\/wp\/v2\/posts\/837221","targetHints":{"allow":["GET"]}}],"collection":[{"href":"https:\/\/www.estrategiaconcursos.com.br\/blog\/wp-json\/wp\/v2\/posts"}],"about":[{"href":"https:\/\/www.estrategiaconcursos.com.br\/blog\/wp-json\/wp\/v2\/types\/post"}],"author":[{"embeddable":true,"href":"https:\/\/www.estrategiaconcursos.com.br\/blog\/wp-json\/wp\/v2\/users\/1206"}],"replies":[{"embeddable":true,"href":"https:\/\/www.estrategiaconcursos.com.br\/blog\/wp-json\/wp\/v2\/comments?post=837221"}],"version-history":[{"count":6,"href":"https:\/\/www.estrategiaconcursos.com.br\/blog\/wp-json\/wp\/v2\/posts\/837221\/revisions"}],"predecessor-version":[{"id":837291,"href":"https:\/\/www.estrategiaconcursos.com.br\/blog\/wp-json\/wp\/v2\/posts\/837221\/revisions\/837291"}],"wp:featuredmedia":[{"embeddable":true,"href":"https:\/\/www.estrategiaconcursos.com.br\/blog\/wp-json\/wp\/v2\/media\/741188"}],"wp:attachment":[{"href":"https:\/\/www.estrategiaconcursos.com.br\/blog\/wp-json\/wp\/v2\/media?parent=837221"}],"wp:term":[{"taxonomy":"category","embeddable":true,"href":"https:\/\/www.estrategiaconcursos.com.br\/blog\/wp-json\/wp\/v2\/categories?post=837221"},{"taxonomy":"post_tag","embeddable":true,"href":"https:\/\/www.estrategiaconcursos.com.br\/blog\/wp-json\/wp\/v2\/tags?post=837221"},{"taxonomy":"tax_estado","embeddable":true,"href":"https:\/\/www.estrategiaconcursos.com.br\/blog\/wp-json\/wp\/v2\/tax_estado?post=837221"}],"curies":[{"name":"wp","href":"https:\/\/api.w.org\/{rel}","templated":true}]}}