{"id":83694,"date":"2017-08-02T14:13:15","date_gmt":"2017-08-02T17:13:15","guid":{"rendered":"https:\/\/www.estrategiaconcursos.com.br\/blog\/?p=83694"},"modified":"2017-08-02T14:13:15","modified_gmt":"2017-08-02T17:13:15","slug":"criterios-para-definicao-do-foco-em-tempos-de-surra-de-editais","status":"publish","type":"post","link":"https:\/\/www.estrategiaconcursos.com.br\/blog\/criterios-para-definicao-do-foco-em-tempos-de-surra-de-editais\/","title":{"rendered":"Crit\u00e9rios para defini\u00e7\u00e3o do FOCO (em tempos de &#8220;surra&#8221; de editais)"},"content":{"rendered":"<p class=\"font_8\" style=\"text-align: justify\">\n<h5 class=\"font_5\" style=\"text-align: justify\"><span style=\"font-size: 12pt\"><span style=\"font-family: verdana, geneva, sans-serif\">\u00a0<span style=\"font-size: 12pt\">Oi, genteeee! Com 1 dia de atraso das minhas habituais postagens&#8230; mas cheguei! :)<\/span><\/span><\/span><\/h5>\n<p style=\"text-align: justify\"><span style=\"font-family: verdana, geneva, sans-serif;font-size: 12pt\">Se n\u00e3o tem edital, p\u00e2nico! Se tem um monte&#8230; bom, p\u00e2nico tamb\u00e9m, n\u00e9 colega? Definir bem o foco \u00e9 CRUCIAL para obter resultados expressivos. Dessa forma, segue uma listinha de crit\u00e9rios para ajudar com a sua indecis\u00e3o! :)<\/span><\/p>\n<p>&nbsp;<\/p>\n<p><span style=\"font-family: verdana, geneva, sans-serif;font-size: 12pt;color: #ff0000\"><strong><u>QUANTO \u00c0 PROVA:<\/u><\/strong><\/span><\/p>\n<p style=\"text-align: justify\">\n<p style=\"text-align: justify\"><span style=\"font-family: verdana, geneva, sans-serif;font-size: 12pt\"><strong><span style=\"color: #0000ff\">a) \u00a0Periodicidade:<\/span> <\/strong>Caso\u00a0seu sonho seja um certame espec\u00edfico, \u00e9 importante que voc\u00ea tenha uma no\u00e7\u00e3o da frequ\u00eancia m\u00e9dia de provas do cargo que almeja. H\u00e1 provas anuais (ex: Diplomacia), provas que ocorrem \u2013 em m\u00e9dia &#8211; a cada 02 anos ou 03 anos (Ex: Receita Federal) e provas que demoram mais tempo para acontecer. Pesquise antes de decidir.<\/span><\/p>\n<p style=\"text-align: justify\"><span style=\"font-family: verdana, geneva, sans-serif;font-size: 12pt\"><span style=\"color: #0000ff\"><strong>b) Disciplinas cobradas:\u00a0<\/strong><\/span>Se voc\u00ea pretende prestar provas para a \u00e1rea fiscal, n\u00e3o deve ter muitas restri\u00e7\u00f5es \u00e0s disciplinas de c\u00e1lculo como racioc\u00ednio l\u00f3gico, estat\u00edstica, matem\u00e1tica financeira e contabilidade. Se vai tentar prova para a Diplomacia, deve ter afinidade com l\u00ednguas, j\u00e1 que far\u00e1 provas de Portugu\u00eas, Ingl\u00eas, Espanhol e Franc\u00eas. Caso queira fazer prova com foco em disciplinas afetas \u00e0 \u00e1rea de sua gradua\u00e7\u00e3o, \u00e9 importante escolher um certame que ofere\u00e7a vagas para \u00e1reas espec\u00edficas (fique atento: concursos assim tendem a oferecer poucas vagas e a ser mais espor\u00e1dicos). As disciplinas tamb\u00e9m t\u00eam liga\u00e7\u00e3o com o cargo. Se n\u00e3o gostar da maior parte das disciplinas do seu certame, \u00e9 prov\u00e1vel que n\u00e3o v\u00e1 se apaixonar pela fun\u00e7\u00e3o que exercer\u00e1 caso seja aprovado.<\/span><\/p>\n<p style=\"text-align: justify\"><span style=\"font-family: verdana, geneva, sans-serif;font-size: 12pt\"><span style=\"color: #0000ff\"><strong>c) Grau de dificuldade:\u00a0<\/strong><\/span>Em regra, quanto mais alta a remunera\u00e7\u00e3o, mais complexa \u00e9 a prova. O grau de dificuldade diz muito sobre o n\u00edvel de prepara\u00e7\u00e3o dos concorrentes e a forma de cobran\u00e7a nas quest\u00f5es. Al\u00e9m disso, a quantidade de disciplinas cobradas \u00e9 um fator a ser pensado (apesar de que estou vendo muuuitas disciplinas at\u00e9 nas provas ditas &#8220;mais simples&#8221;).<\/span><\/p>\n<p style=\"text-align: justify\">\n<p style=\"text-align: justify\"><span style=\"color: #ff0000;font-family: verdana, geneva, sans-serif;font-size: 12pt\"><strong><u>QUANTO AO CARGO:<\/u><\/strong><\/span><\/p>\n<p style=\"text-align: justify\">\n<p style=\"text-align: justify\"><span style=\"font-family: verdana, geneva, sans-serif;font-size: 12pt\"><strong><span style=\"color: #0000ff\">a) Fun\u00e7\u00e3o exercida:<\/span>\u00a0<\/strong>De nada adianta ser aprovado em um excelente concurso, com \u00f3tima remunera\u00e7\u00e3o, se voc\u00ea detestar sua fun\u00e7\u00e3o. Tenha certeza de que ir\u00e1 gostar do seu dia a dia no \u00f3rg\u00e3o escolhido. Que tal visit\u00e1-lo e conversar com quem trabalha l\u00e1?<\/span><\/p>\n<p style=\"text-align: justify\"><span style=\"font-family: verdana, geneva, sans-serif;font-size: 12pt\"><strong><span style=\"color: #0000ff\">b) Carga hor\u00e1ria:<\/span>\u00a0<\/strong>H\u00e1 \u00f3rg\u00e3os com carga hor\u00e1ria de 8 horas, 7 horas corridas e de 6 horas. Compare as remunera\u00e7\u00f5es dos cargos que despertam seu interesse com base na remunera\u00e7\u00e3o por hora! H\u00e1 quem prefira trabalhar menos horas e ter mais tempo livre. H\u00e1 quem preze uma remunera\u00e7\u00e3o mais elevada. Pese bem o que \u00e9 mais importante para voc\u00ea.<\/span><\/p>\n<p style=\"text-align: justify\"><span style=\"font-family: verdana, geneva, sans-serif;font-size: 12pt\"><strong><span style=\"color: #0000ff\">c) Lota\u00e7\u00e3o<\/span>:\u00a0<\/strong>Voc\u00ea se importa de mudar de Estado ou de cidade? E se for para uma cidade muito maior do que a que est\u00e1 acostumado? E se for para uma muito menor? E se for distante de onde sua fam\u00edlia vive? \u00c9 crucial que voc\u00ea leve isso em conta. A lota\u00e7\u00e3o pode determinar a que recursos ter\u00e1 acesso em seu cotidiano e se viver\u00e1 pr\u00f3ximo de quem ama. Cheque a facilidade de deslocamento de sua fam\u00edlia e o custo de constantes viagens de avi\u00e3o at\u00e9 a terra natal.<\/span><\/p>\n<p style=\"text-align: justify\"><span style=\"font-family: verdana, geneva, sans-serif;font-size: 12pt\"><span style=\"color: #0000ff\"><strong>d) Possibilidade de transfer\u00eancia:\u00a0<\/strong><\/span>H\u00e1 concursos que admitem transfer\u00eancia. Outros, n\u00e3o. A Receita Federal costuma lotar os aprovados nas fronteiras do pa\u00eds, mas &#8211; por ter \u00f3rg\u00e3os espalhados por todo o territ\u00f3rio nacional &#8211; admite a transfer\u00eancia. O processo pode ser mais ou menos demorado a depender do n\u00famero de certames que sair\u00e3o. Vale destacar que nada garante que voc\u00ea conseguir\u00e1 vaga em uma determinada cidade no curto prazo. J\u00e1 se voc\u00ea fizer prova para o Senado ou para C\u00e2mara, ter\u00e1 que se acostumar a viver em Bras\u00edlia.<\/span><\/p>\n<p style=\"text-align: justify\"><span style=\"font-family: verdana, geneva, sans-serif;font-size: 12pt\"><span style=\"color: #0000ff\"><strong>e) Vencimentos, vantagens, benef\u00edcios e plano de carreira:\u00a0<\/strong><\/span>\u00c9 nesse item que muitos concurseiros se baseiam (por vezes, unicamente nele!) para definir qual concurso prestar. Quanto aos vencimentos, fique de olho no que \u00e9 sal\u00e1rio-base e em quais vantagens ou benef\u00edcios o cargo oferece (ex: aux\u00edlio-creche, aux\u00edlio-alimenta\u00e7\u00e3o, incentivo educacional, gratifica\u00e7\u00f5es por produtividade&#8230;), se tem plano de carreira, o qu\u00e3o r\u00e1pido conseguir\u00e1 avan\u00e7ar nesse plano e qual \u00e9 o sal\u00e1rio em final de carreira.<\/span><\/p>\n<p style=\"text-align: justify\"><span style=\"font-family: verdana, geneva, sans-serif;font-size: 12pt\"><strong><span style=\"color: #0000ff\">f) Custo de vida no local de lota\u00e7\u00e3o:<\/span>\u00a0<\/strong>Comprar um apartamento no Rio de Janeiro ou \u00e9 Bras\u00edlia \u00e9, em regra, muito mais caro do que comprar em Vit\u00f3ria. Pesquise o custo de vida e dos im\u00f3veis nas poss\u00edveis lota\u00e7\u00f5es dos concursos desejados. Ganhar 7 mil \u00e9 uma cidade pode te oferecer um padr\u00e3o de vida mais elevado do que receber 12 mil em outra.<\/span><\/p>\n<p>&nbsp;<\/p>\n<p style=\"text-align: center\"><span style=\"font-family: 'arial black', sans-serif;color: #333399\"><strong>PS:<\/strong> Acima dos fatores citados, h\u00e1 o SONHO! Se voc\u00ea tem o sonho de assumir determinado cargo, mesmo que os crit\u00e9rios acima n\u00e3o se encaixem bem na an\u00e1lise, v\u00e1 com tudo. Nada \u00e9 mais poderoso do que o sonho!\u00a0<\/span><\/p>\n<p><span style=\"font-family: verdana, geneva, sans-serif;font-size: 12pt\">Beijo!<\/span><\/p>\n<p><span style=\"font-family: verdana, geneva, sans-serif;font-size: 12pt\">Gabi<\/span><\/p>\n","protected":false},"excerpt":{"rendered":"<p>\u00a0Oi, genteeee! Com 1 dia de atraso das minhas habituais postagens&#8230; mas cheguei! :) Se n\u00e3o tem edital, p\u00e2nico! Se tem um monte&#8230; bom, p\u00e2nico tamb\u00e9m, n\u00e9 colega? Definir bem o foco \u00e9 CRUCIAL para obter resultados expressivos. Dessa forma, segue uma listinha de crit\u00e9rios para ajudar com a sua indecis\u00e3o! :) &nbsp; QUANTO \u00c0 [&hellip;]<\/p>\n","protected":false},"author":423,"featured_media":0,"comment_status":"open","ping_status":"open","sticky":false,"template":"","format":"standard","meta":{"post_tipo":"article","footnotes":""},"categories":[1],"tags":[],"tax_estado":[],"class_list":["post-83694","post","type-post","status-publish","format-standard","hentry","category-cursos-e-concursos"],"acf":[],"yoast_head":"<!-- This site is optimized with the Yoast SEO Premium plugin v27.2 (Yoast SEO v27.2) - https:\/\/yoast.com\/product\/yoast-seo-premium-wordpress\/ -->\n<title>Crit\u00e9rios para defini\u00e7\u00e3o do FOCO (em tempos de &quot;surra&quot; de editais)<\/title>\n<meta name=\"robots\" content=\"index, follow, max-snippet:-1, max-image-preview:large, max-video-preview:-1\" \/>\n<link rel=\"canonical\" href=\"https:\/\/www.estrategiaconcursos.com.br\/blog\/criterios-para-definicao-do-foco-em-tempos-de-surra-de-editais\/\" \/>\n<meta property=\"og:locale\" content=\"pt_BR\" \/>\n<meta property=\"og:type\" content=\"article\" \/>\n<meta property=\"og:title\" content=\"Crit\u00e9rios para defini\u00e7\u00e3o do FOCO (em tempos de &quot;surra&quot; de editais)\" \/>\n<meta property=\"og:description\" content=\"\u00a0Oi, genteeee! Com 1 dia de atraso das minhas habituais postagens&#8230; mas cheguei! :) Se n\u00e3o tem edital, p\u00e2nico! Se tem um monte&#8230; bom, p\u00e2nico tamb\u00e9m, n\u00e9 colega? Definir bem o foco \u00e9 CRUCIAL para obter resultados expressivos. Dessa forma, segue uma listinha de crit\u00e9rios para ajudar com a sua indecis\u00e3o! :) &nbsp; QUANTO \u00c0 [&hellip;]\" \/>\n<meta property=\"og:url\" content=\"https:\/\/www.estrategiaconcursos.com.br\/blog\/criterios-para-definicao-do-foco-em-tempos-de-surra-de-editais\/\" \/>\n<meta property=\"og:site_name\" content=\"Estrat\u00e9gia Concursos\" \/>\n<meta property=\"article:published_time\" content=\"2017-08-02T17:13:15+00:00\" \/>\n<meta name=\"author\" content=\"Gabriela Knoblauch\" \/>\n<meta name=\"twitter:card\" content=\"summary_large_image\" \/>\n<meta name=\"twitter:creator\" content=\"@EstratConcursos\" \/>\n<meta name=\"twitter:site\" content=\"@EstratConcursos\" \/>\n<meta name=\"twitter:label1\" content=\"Escrito por\" \/>\n\t<meta name=\"twitter:data1\" content=\"Gabriela Knoblauch\" \/>\n\t<meta name=\"twitter:label2\" content=\"Est. tempo de leitura\" \/>\n\t<meta name=\"twitter:data2\" content=\"4 minutos\" \/>\n<script type=\"application\/ld+json\" class=\"yoast-schema-graph\">{\"@context\":\"https:\/\/schema.org\",\"@graph\":[{\"@type\":\"NewsArticle\",\"@id\":\"https:\/\/www.estrategiaconcursos.com.br\/blog\/criterios-para-definicao-do-foco-em-tempos-de-surra-de-editais\/#article\",\"isPartOf\":{\"@id\":\"https:\/\/www.estrategiaconcursos.com.br\/blog\/criterios-para-definicao-do-foco-em-tempos-de-surra-de-editais\/\"},\"author\":{\"name\":\"Gabriela Knoblauch\",\"@id\":\"https:\/\/www.estrategiaconcursos.com.br\/blog\/#\/schema\/person\/622d93253cb9ef3af014a0ce658d184a\"},\"headline\":\"Crit\u00e9rios para defini\u00e7\u00e3o do FOCO (em tempos de &#8220;surra&#8221; de editais)\",\"datePublished\":\"2017-08-02T17:13:15+00:00\",\"mainEntityOfPage\":{\"@id\":\"https:\/\/www.estrategiaconcursos.com.br\/blog\/criterios-para-definicao-do-foco-em-tempos-de-surra-de-editais\/\"},\"wordCount\":836,\"commentCount\":4,\"publisher\":{\"@id\":\"https:\/\/www.estrategiaconcursos.com.br\/blog\/#organization\"},\"articleSection\":[\"Concursos P\u00fablicos\"],\"inLanguage\":\"pt-BR\",\"potentialAction\":[{\"@type\":\"CommentAction\",\"name\":\"Comment\",\"target\":[\"https:\/\/www.estrategiaconcursos.com.br\/blog\/criterios-para-definicao-do-foco-em-tempos-de-surra-de-editais\/#respond\"]}],\"copyrightYear\":\"2017\",\"copyrightHolder\":{\"@id\":\"https:\/\/www.estrategiaconcursos.com.br\/blog\/#organization\"}},{\"@type\":\"WebPage\",\"@id\":\"https:\/\/www.estrategiaconcursos.com.br\/blog\/criterios-para-definicao-do-foco-em-tempos-de-surra-de-editais\/\",\"url\":\"https:\/\/www.estrategiaconcursos.com.br\/blog\/criterios-para-definicao-do-foco-em-tempos-de-surra-de-editais\/\",\"name\":\"Crit\u00e9rios para defini\u00e7\u00e3o do FOCO (em tempos de \\\"surra\\\" de editais)\",\"isPartOf\":{\"@id\":\"https:\/\/www.estrategiaconcursos.com.br\/blog\/#website\"},\"datePublished\":\"2017-08-02T17:13:15+00:00\",\"breadcrumb\":{\"@id\":\"https:\/\/www.estrategiaconcursos.com.br\/blog\/criterios-para-definicao-do-foco-em-tempos-de-surra-de-editais\/#breadcrumb\"},\"inLanguage\":\"pt-BR\",\"potentialAction\":[{\"@type\":\"ReadAction\",\"target\":[\"https:\/\/www.estrategiaconcursos.com.br\/blog\/criterios-para-definicao-do-foco-em-tempos-de-surra-de-editais\/\"]}]},{\"@type\":\"BreadcrumbList\",\"@id\":\"https:\/\/www.estrategiaconcursos.com.br\/blog\/criterios-para-definicao-do-foco-em-tempos-de-surra-de-editais\/#breadcrumb\",\"itemListElement\":[{\"@type\":\"ListItem\",\"position\":1,\"name\":\"In\u00edcio\",\"item\":\"https:\/\/www.estrategiaconcursos.com.br\/blog\/\"},{\"@type\":\"ListItem\",\"position\":2,\"name\":\"Crit\u00e9rios para defini\u00e7\u00e3o do FOCO (em tempos de &#8220;surra&#8221; de editais)\"}]},{\"@type\":\"WebSite\",\"@id\":\"https:\/\/www.estrategiaconcursos.com.br\/blog\/#website\",\"url\":\"https:\/\/www.estrategiaconcursos.com.br\/blog\/\",\"name\":\"Estrat\u00e9gia Concursos\",\"description\":\"O blog da Estrat\u00e9gia Concursos traz not\u00edcias sobre concursos e artigos de professores oferecendo cursos para concursos (pdf + videaulas) no site.\",\"publisher\":{\"@id\":\"https:\/\/www.estrategiaconcursos.com.br\/blog\/#organization\"},\"potentialAction\":[{\"@type\":\"SearchAction\",\"target\":{\"@type\":\"EntryPoint\",\"urlTemplate\":\"https:\/\/www.estrategiaconcursos.com.br\/blog\/?s={search_term_string}\"},\"query-input\":{\"@type\":\"PropertyValueSpecification\",\"valueRequired\":true,\"valueName\":\"search_term_string\"}}],\"inLanguage\":\"pt-BR\"},{\"@type\":\"Organization\",\"@id\":\"https:\/\/www.estrategiaconcursos.com.br\/blog\/#organization\",\"name\":\"Estrat\u00e9gia Concursos\",\"url\":\"https:\/\/www.estrategiaconcursos.com.br\/blog\/\",\"logo\":{\"@type\":\"ImageObject\",\"inLanguage\":\"pt-BR\",\"@id\":\"https:\/\/www.estrategiaconcursos.com.br\/blog\/#\/schema\/logo\/image\/\",\"url\":\"https:\/\/dhg1h5j42swfq.cloudfront.net\/2025\/06\/03203428\/logo_concursos-1.jpg\",\"contentUrl\":\"https:\/\/dhg1h5j42swfq.cloudfront.net\/2025\/06\/03203428\/logo_concursos-1.jpg\",\"width\":230,\"height\":60,\"caption\":\"Estrat\u00e9gia Concursos\"},\"image\":{\"@id\":\"https:\/\/www.estrategiaconcursos.com.br\/blog\/#\/schema\/logo\/image\/\"},\"sameAs\":[\"https:\/\/x.com\/EstratConcursos\"]},{\"@type\":\"Person\",\"@id\":\"https:\/\/www.estrategiaconcursos.com.br\/blog\/#\/schema\/person\/622d93253cb9ef3af014a0ce658d184a\",\"name\":\"Gabriela Knoblauch\",\"image\":{\"@type\":\"ImageObject\",\"inLanguage\":\"pt-BR\",\"@id\":\"https:\/\/secure.gravatar.com\/avatar\/d26c5a121c8db2de08ffbc428752dadaae2055eefb797f261688ca1ac09b241f?s=96&d=mm&r=g\",\"url\":\"https:\/\/secure.gravatar.com\/avatar\/d26c5a121c8db2de08ffbc428752dadaae2055eefb797f261688ca1ac09b241f?s=96&d=mm&r=g\",\"contentUrl\":\"https:\/\/secure.gravatar.com\/avatar\/d26c5a121c8db2de08ffbc428752dadaae2055eefb797f261688ca1ac09b241f?s=96&d=mm&r=g\",\"caption\":\"Gabriela Knoblauch\"},\"description\":\"Acredito no poder da persist\u00eancia e na import\u00e2ncia da estrat\u00e9gia nos estudos para acelerar a aprova\u00e7\u00e3o. No meu curso de Coaching trabalho em 2 frentes: 1 - T\u00e9cnicas de estudo 2 - Intelig\u00eancia emocional para concursos Entendo que ambas s\u00e3o fundamentais para obter um resultado excelente em qualquer certame. Toda ter\u00e7a posto artigo no site sobre os temas citados. N\u00e3o perca! :)\",\"url\":\"https:\/\/www.estrategiaconcursos.com.br\/blog\/author\/gabrielaknobluachestrategiaconcursos-com-br\/\"}]}<\/script>\n<!-- \/ Yoast SEO Premium plugin. -->","yoast_head_json":{"title":"Crit\u00e9rios para defini\u00e7\u00e3o do FOCO (em tempos de \"surra\" de editais)","robots":{"index":"index","follow":"follow","max-snippet":"max-snippet:-1","max-image-preview":"max-image-preview:large","max-video-preview":"max-video-preview:-1"},"canonical":"https:\/\/www.estrategiaconcursos.com.br\/blog\/criterios-para-definicao-do-foco-em-tempos-de-surra-de-editais\/","og_locale":"pt_BR","og_type":"article","og_title":"Crit\u00e9rios para defini\u00e7\u00e3o do FOCO (em tempos de \"surra\" de editais)","og_description":"\u00a0Oi, genteeee! Com 1 dia de atraso das minhas habituais postagens&#8230; mas cheguei! :) Se n\u00e3o tem edital, p\u00e2nico! Se tem um monte&#8230; bom, p\u00e2nico tamb\u00e9m, n\u00e9 colega? Definir bem o foco \u00e9 CRUCIAL para obter resultados expressivos. Dessa forma, segue uma listinha de crit\u00e9rios para ajudar com a sua indecis\u00e3o! :) &nbsp; QUANTO \u00c0 [&hellip;]","og_url":"https:\/\/www.estrategiaconcursos.com.br\/blog\/criterios-para-definicao-do-foco-em-tempos-de-surra-de-editais\/","og_site_name":"Estrat\u00e9gia Concursos","article_published_time":"2017-08-02T17:13:15+00:00","author":"Gabriela Knoblauch","twitter_card":"summary_large_image","twitter_creator":"@EstratConcursos","twitter_site":"@EstratConcursos","twitter_misc":{"Escrito por":"Gabriela Knoblauch","Est. tempo de leitura":"4 minutos"},"schema":{"@context":"https:\/\/schema.org","@graph":[{"@type":"NewsArticle","@id":"https:\/\/www.estrategiaconcursos.com.br\/blog\/criterios-para-definicao-do-foco-em-tempos-de-surra-de-editais\/#article","isPartOf":{"@id":"https:\/\/www.estrategiaconcursos.com.br\/blog\/criterios-para-definicao-do-foco-em-tempos-de-surra-de-editais\/"},"author":{"name":"Gabriela Knoblauch","@id":"https:\/\/www.estrategiaconcursos.com.br\/blog\/#\/schema\/person\/622d93253cb9ef3af014a0ce658d184a"},"headline":"Crit\u00e9rios para defini\u00e7\u00e3o do FOCO (em tempos de &#8220;surra&#8221; de editais)","datePublished":"2017-08-02T17:13:15+00:00","mainEntityOfPage":{"@id":"https:\/\/www.estrategiaconcursos.com.br\/blog\/criterios-para-definicao-do-foco-em-tempos-de-surra-de-editais\/"},"wordCount":836,"commentCount":4,"publisher":{"@id":"https:\/\/www.estrategiaconcursos.com.br\/blog\/#organization"},"articleSection":["Concursos P\u00fablicos"],"inLanguage":"pt-BR","potentialAction":[{"@type":"CommentAction","name":"Comment","target":["https:\/\/www.estrategiaconcursos.com.br\/blog\/criterios-para-definicao-do-foco-em-tempos-de-surra-de-editais\/#respond"]}],"copyrightYear":"2017","copyrightHolder":{"@id":"https:\/\/www.estrategiaconcursos.com.br\/blog\/#organization"}},{"@type":"WebPage","@id":"https:\/\/www.estrategiaconcursos.com.br\/blog\/criterios-para-definicao-do-foco-em-tempos-de-surra-de-editais\/","url":"https:\/\/www.estrategiaconcursos.com.br\/blog\/criterios-para-definicao-do-foco-em-tempos-de-surra-de-editais\/","name":"Crit\u00e9rios para defini\u00e7\u00e3o do FOCO (em tempos de \"surra\" de editais)","isPartOf":{"@id":"https:\/\/www.estrategiaconcursos.com.br\/blog\/#website"},"datePublished":"2017-08-02T17:13:15+00:00","breadcrumb":{"@id":"https:\/\/www.estrategiaconcursos.com.br\/blog\/criterios-para-definicao-do-foco-em-tempos-de-surra-de-editais\/#breadcrumb"},"inLanguage":"pt-BR","potentialAction":[{"@type":"ReadAction","target":["https:\/\/www.estrategiaconcursos.com.br\/blog\/criterios-para-definicao-do-foco-em-tempos-de-surra-de-editais\/"]}]},{"@type":"BreadcrumbList","@id":"https:\/\/www.estrategiaconcursos.com.br\/blog\/criterios-para-definicao-do-foco-em-tempos-de-surra-de-editais\/#breadcrumb","itemListElement":[{"@type":"ListItem","position":1,"name":"In\u00edcio","item":"https:\/\/www.estrategiaconcursos.com.br\/blog\/"},{"@type":"ListItem","position":2,"name":"Crit\u00e9rios para defini\u00e7\u00e3o do FOCO (em tempos de &#8220;surra&#8221; de editais)"}]},{"@type":"WebSite","@id":"https:\/\/www.estrategiaconcursos.com.br\/blog\/#website","url":"https:\/\/www.estrategiaconcursos.com.br\/blog\/","name":"Estrat\u00e9gia Concursos","description":"O blog da Estrat\u00e9gia Concursos traz not\u00edcias sobre concursos e artigos de professores oferecendo cursos para concursos (pdf + videaulas) no site.","publisher":{"@id":"https:\/\/www.estrategiaconcursos.com.br\/blog\/#organization"},"potentialAction":[{"@type":"SearchAction","target":{"@type":"EntryPoint","urlTemplate":"https:\/\/www.estrategiaconcursos.com.br\/blog\/?s={search_term_string}"},"query-input":{"@type":"PropertyValueSpecification","valueRequired":true,"valueName":"search_term_string"}}],"inLanguage":"pt-BR"},{"@type":"Organization","@id":"https:\/\/www.estrategiaconcursos.com.br\/blog\/#organization","name":"Estrat\u00e9gia Concursos","url":"https:\/\/www.estrategiaconcursos.com.br\/blog\/","logo":{"@type":"ImageObject","inLanguage":"pt-BR","@id":"https:\/\/www.estrategiaconcursos.com.br\/blog\/#\/schema\/logo\/image\/","url":"https:\/\/dhg1h5j42swfq.cloudfront.net\/2025\/06\/03203428\/logo_concursos-1.jpg","contentUrl":"https:\/\/dhg1h5j42swfq.cloudfront.net\/2025\/06\/03203428\/logo_concursos-1.jpg","width":230,"height":60,"caption":"Estrat\u00e9gia Concursos"},"image":{"@id":"https:\/\/www.estrategiaconcursos.com.br\/blog\/#\/schema\/logo\/image\/"},"sameAs":["https:\/\/x.com\/EstratConcursos"]},{"@type":"Person","@id":"https:\/\/www.estrategiaconcursos.com.br\/blog\/#\/schema\/person\/622d93253cb9ef3af014a0ce658d184a","name":"Gabriela Knoblauch","image":{"@type":"ImageObject","inLanguage":"pt-BR","@id":"https:\/\/secure.gravatar.com\/avatar\/d26c5a121c8db2de08ffbc428752dadaae2055eefb797f261688ca1ac09b241f?s=96&d=mm&r=g","url":"https:\/\/secure.gravatar.com\/avatar\/d26c5a121c8db2de08ffbc428752dadaae2055eefb797f261688ca1ac09b241f?s=96&d=mm&r=g","contentUrl":"https:\/\/secure.gravatar.com\/avatar\/d26c5a121c8db2de08ffbc428752dadaae2055eefb797f261688ca1ac09b241f?s=96&d=mm&r=g","caption":"Gabriela Knoblauch"},"description":"Acredito no poder da persist\u00eancia e na import\u00e2ncia da estrat\u00e9gia nos estudos para acelerar a aprova\u00e7\u00e3o. No meu curso de Coaching trabalho em 2 frentes: 1 - T\u00e9cnicas de estudo 2 - Intelig\u00eancia emocional para concursos Entendo que ambas s\u00e3o fundamentais para obter um resultado excelente em qualquer certame. Toda ter\u00e7a posto artigo no site sobre os temas citados. N\u00e3o perca! :)","url":"https:\/\/www.estrategiaconcursos.com.br\/blog\/author\/gabrielaknobluachestrategiaconcursos-com-br\/"}]}},"_links":{"self":[{"href":"https:\/\/www.estrategiaconcursos.com.br\/blog\/wp-json\/wp\/v2\/posts\/83694","targetHints":{"allow":["GET"]}}],"collection":[{"href":"https:\/\/www.estrategiaconcursos.com.br\/blog\/wp-json\/wp\/v2\/posts"}],"about":[{"href":"https:\/\/www.estrategiaconcursos.com.br\/blog\/wp-json\/wp\/v2\/types\/post"}],"author":[{"embeddable":true,"href":"https:\/\/www.estrategiaconcursos.com.br\/blog\/wp-json\/wp\/v2\/users\/423"}],"replies":[{"embeddable":true,"href":"https:\/\/www.estrategiaconcursos.com.br\/blog\/wp-json\/wp\/v2\/comments?post=83694"}],"version-history":[{"count":1,"href":"https:\/\/www.estrategiaconcursos.com.br\/blog\/wp-json\/wp\/v2\/posts\/83694\/revisions"}],"predecessor-version":[{"id":83709,"href":"https:\/\/www.estrategiaconcursos.com.br\/blog\/wp-json\/wp\/v2\/posts\/83694\/revisions\/83709"}],"wp:attachment":[{"href":"https:\/\/www.estrategiaconcursos.com.br\/blog\/wp-json\/wp\/v2\/media?parent=83694"}],"wp:term":[{"taxonomy":"category","embeddable":true,"href":"https:\/\/www.estrategiaconcursos.com.br\/blog\/wp-json\/wp\/v2\/categories?post=83694"},{"taxonomy":"post_tag","embeddable":true,"href":"https:\/\/www.estrategiaconcursos.com.br\/blog\/wp-json\/wp\/v2\/tags?post=83694"},{"taxonomy":"tax_estado","embeddable":true,"href":"https:\/\/www.estrategiaconcursos.com.br\/blog\/wp-json\/wp\/v2\/tax_estado?post=83694"}],"curies":[{"name":"wp","href":"https:\/\/api.w.org\/{rel}","templated":true}]}}