{"id":836820,"date":"2021-08-15T18:36:28","date_gmt":"2021-08-15T21:36:28","guid":{"rendered":"https:\/\/www.estrategiaconcursos.com.br\/blog\/?p=836820"},"modified":"2021-08-18T12:36:19","modified_gmt":"2021-08-18T15:36:19","slug":"gabarito-extraoficial-sefaz-ce-administracao-geral-e-publica","status":"publish","type":"post","link":"https:\/\/www.estrategiaconcursos.com.br\/blog\/gabarito-extraoficial-sefaz-ce-administracao-geral-e-publica\/","title":{"rendered":"Gabarito Extraoficial SEFAZ-CE \u2013 Administra\u00e7\u00e3o Geral e P\u00fablica (+ Recurso)"},"content":{"rendered":"\n<p>Fala, meus amigos! Tudo joia? =)<\/p>\n\n\n\n<p>Aqui \u00e9 o prof. Stefan Fantini! Espero que voc\u00eas tenham ido muito bem na prova! =)<\/p>\n\n\n\n<p>Neste artigo, trarei o gabarito extraoficial e os coment\u00e1rios das quest\u00f5es de Administra\u00e7\u00e3o Geral e P\u00fablica da prova de Auditor Fiscal da SEFAZ\/CE.<\/p>\n\n\n\n<p>O gabarito preliminar da banca j\u00e1 foi divulgado.<\/p>\n\n\n\n<p><strong>Temos uma possibilidade de <span class=\"has-inline-color has-vivid-red-color\">RECURSO <\/span>bastante evidente na quest\u00e3o 64<\/strong>. <\/p>\n\n\n\n<p>N\u00e3o esque\u00e7a de me acompanhar nas redes sociais:<\/p>\n\n\n\n<p>Instagram: <a href=\"https:\/\/www.instagram.com\/prof.stefan.fantini\">https:\/\/www.instagram.com\/prof.stefan.fantini<\/a><\/p>\n\n\n\n<p>Telegram: <a href=\"https:\/\/t.me\/admconcursos\"><em><u>t.me\/admconcursos<\/u><\/em><\/a> <\/p>\n\n\n\n<p>Vamos l\u00e1:<\/p>\n\n\n\n<p><strong><u><span class=\"has-inline-color has-vivid-purple-color\">Administra\u00e7\u00e3o P\u00fablica<\/span><\/u><\/strong><\/p>\n\n\n\n<p><strong>1.<\/strong> <strong>A institui\u00e7\u00e3o da Rede Nacional de Governo Digital, de natureza colaborativa e ades\u00e3o volunt\u00e1ria, \u00e9 uma das estrat\u00e9gias do governo eletr\u00f4nico para o per\u00edodo de 2020 a 2022<\/strong>.<\/p>\n\n\n\n<p><strong>Gabarito extraoficial<\/strong>: correta.<\/p>\n\n\n\n<p><strong>Coment\u00e1rios<\/strong>: &nbsp;A assertiva trouxe conceito relacionado ao DECRETO N\u00ba 10.332, DE 28 DE ABRIL DE 2020, que institui a <strong>Estrat\u00e9gia de Governo Digital para o per\u00edodo de 2020 a 2022<\/strong>, no \u00e2mbito dos \u00f3rg\u00e3os e das entidades da administra\u00e7\u00e3o p\u00fablica federal direta, aut\u00e1rquica e fundacional e d\u00e1 outras provid\u00eancias.<\/p>\n\n\n\n<p>O art. 7\u00ba do mencionado Decreto disp\u00f5e que \u201c<strong>Fica institu\u00edda a Rede Nacional de Governo Digital &#8211; Rede Gov.br<\/strong>, de <strong>natureza colaborativa<\/strong> e <strong>ades\u00e3o volunt\u00e1ria<\/strong>, no \u00e2mbito da Uni\u00e3o, dos Estados, do Distrito Federal e dos Munic\u00edpios, com a finalidade de promover o interc\u00e2mbio de informa\u00e7\u00f5es e a articula\u00e7\u00e3o de medidas conjuntas relacionadas \u00e0 expans\u00e3o da Estrat\u00e9gia de Governo Digital.\u201d<\/p>\n\n\n\n<p>Portanto, de fato, a institui\u00e7\u00e3o da Rede Nacional de Governo Digital (Rede Gov.br), de natureza colaborativa e ades\u00e3o volunt\u00e1ria, \u00e9 uma das estrat\u00e9gias do governo eletr\u00f4nico para o per\u00edodo de 2020 a 2022.<\/p>\n\n\n\n<p><strong>2.<\/strong> <strong>A ado\u00e7\u00e3o da gest\u00e3o por compet\u00eancias no setor p\u00fablico visa \u00e0 obten\u00e7\u00e3o de mais efici\u00eancia nas a\u00e7\u00f5es institucionais e mais transpar\u00eancia na rela\u00e7\u00e3o trabalhista e interpessoal<\/strong>.<\/p>\n\n\n\n<p><strong>Gabarito extraoficial<\/strong>: correta.<\/p>\n\n\n\n<p><strong>Coment\u00e1rios<\/strong>: &nbsp;A banca, nessa quest\u00e3o, se baseou nas ideias de Rog\u00e9rio Leme (2019). Segundo o autor, a&nbsp;Gest\u00e3o por Compet\u00eancias, no setor p\u00fablico, tem 6 objetivos:&nbsp;<\/p>\n\n\n\n<p>&#8211;<strong>Mais transpar\u00eancia na rela\u00e7\u00e3o laboral e interpessoal<\/strong>;<\/p>\n\n\n\n<p>&#8211;<strong>Maior efici\u00eancia nas a\u00e7\u00f5es institucionais<\/strong>;<\/p>\n\n\n\n<p>-Justi\u00e7a interna;<\/p>\n\n\n\n<p>-Meritocracia nas pol\u00edticas de consequ\u00eancia;<\/p>\n\n\n\n<p>-Redu\u00e7\u00e3o do absente\u00edsmo; e<\/p>\n\n\n\n<p>-Manuten\u00e7\u00e3o dos talentos.&nbsp;<\/p>\n\n\n\n<p>Portanto, a assertiva trouxe, praticamente, a literalidade da obra do referido autor.<\/p>\n\n\n\n<p><strong>4.<\/strong> <strong>O planejamento estrat\u00e9gico na administra\u00e7\u00e3o p\u00fablica possibilita a an\u00e1lise das condi\u00e7\u00f5es presentes, mas inviabiliza prospec\u00e7\u00f5es futuras<\/strong>.<\/p>\n\n\n\n<p><strong>Gabarito extraoficial<\/strong>: errada.<\/p>\n\n\n\n<p><strong>Coment\u00e1rios<\/strong>: &nbsp;Primeiramente, devemos lembrar que um dos princ\u00edpios do planejamento \u00e9 o \u201cprinc\u00edpio da previs\u00e3o\u201d. De acordo com esse princ\u00edpio, o planejamento \u201c\u00e9 voltado para o futuro. Consiste em <strong>elaborar previs\u00f5es<\/strong>, para verificar <strong>quais eventos poder\u00e3o ocorrer no curto<\/strong>, <strong>m\u00e9dio e longo prazo<\/strong>.\u201d<\/p>\n\n\n\n<p>Ademais, vale mencionar que o <strong>planejamento estrat\u00e9gico<\/strong> \u00e9 voltado para o longo prazo; \u00e9 orientado para o <strong>futuro<\/strong>. Portanto, o planejamento estrat\u00e9gico na administra\u00e7\u00e3o p\u00fablica possibilita a an\u00e1lise das condi\u00e7\u00f5es presentes e, tamb\u00e9m <strong>viabiliza prospec\u00e7\u00f5es<\/strong> futuras.<\/p>\n\n\n\n<p><strong><u><span class=\"has-inline-color has-vivid-purple-color\">Administra\u00e7\u00e3o Geral<\/span><\/u><\/strong><\/p>\n\n\n\n<p><strong>61.<\/strong> <strong>O conceito de efic\u00e1cia possui \u00eanfase nos m\u00e9todos e procedimentos, enquanto o de efici\u00eancia d\u00e1 enfoque ao alcance de resultados<\/strong>.<\/p>\n\n\n\n<p><strong>Gabarito extraoficial<\/strong>: errada.<\/p>\n\n\n\n<p><strong>Coment\u00e1rios<\/strong>: &nbsp;\u00c9 exatamente o contr\u00e1rio. A assertiva inverteu os conceitos.<\/p>\n\n\n\n<p>O conceito de efic\u00e1cia possui \u00eanfase no alcance de resultados, enquanto o de efici\u00eancia d\u00e1 enfoque nos m\u00e9todos e procedimentos (nos meios).<\/p>\n\n\n\n<p><strong>62.<\/strong> <strong>A administra\u00e7\u00e3o cient\u00edfica foi um movimento marcado pela \u00eanfase no n\u00edvel de execu\u00e7\u00e3o, com foco em tarefas e atividades.<\/strong><\/p>\n\n\n\n<p><strong>Gabarito extraoficial<\/strong>: correta.<\/p>\n\n\n\n<p><strong>Coment\u00e1rios<\/strong>: &nbsp;Isso mesmo!<\/p>\n\n\n\n<p>Taylor, no \u201cch\u00e3o de f\u00e1brica\u201d (ou seja, no <strong>n\u00edvel de execu\u00e7\u00e3o<\/strong>), analisou o trabalho de cada oper\u00e1rio e observou que estes oper\u00e1rios aprendiam como executar as tarefas observando os outros oper\u00e1rios (colegas de trabalho). Assim, percebeu a falta de uniformidade das t\u00e9cnicas e dos m\u00e9todos de trabalho, tendo em vista que havia diferentes m\u00e9todos de execu\u00e7\u00e3o para a mesma tarefa.<\/p>\n\n\n\n<p>Taylor concluiu, ent\u00e3o, que se devia buscar a \u201cmelhor maneira\u201d de fazer cada tarefa e aprimor\u00e1-la, por meio de um estudo capaz de racionalizar o trabalho desses oper\u00e1rios, chamado \u201cestudo <strong>dos tempos e movimentos<\/strong>\u201d<\/p>\n\n\n\n<p>A Administra\u00e7\u00e3o Cient\u00edfica elege uma \u00fanica forma (a melhor maneira) de se executar uma tarefa (<strong>the best way to do<\/strong>), com o objetivo de maximizar a efici\u00eancia.<\/p>\n\n\n\n<p>A \u00eanfase da Administra\u00e7\u00e3o Cient\u00edfica est\u00e1 nas <strong>tarefas<\/strong>.<\/p>\n\n\n\n<p><strong>63.<\/strong> <strong>No processo administrativo, a tarefa de motivar colaboradores se insere no escopo da fun\u00e7\u00e3o de organiza\u00e7\u00e3o.<\/strong><\/p>\n\n\n\n<p><strong>Gabarito extraoficial<\/strong>: errada.<\/p>\n\n\n\n<p>Coment\u00e1rios: &nbsp;Nada disso. A tarefa de motivar colaboradores se insere no escopo da fun\u00e7\u00e3o de <strong>dire\u00e7\u00e3o<\/strong>. A fun\u00e7\u00e3o dire\u00e7\u00e3o est\u00e1 relacionada \u00e0 lideran\u00e7a, coordena\u00e7\u00e3o, comunica\u00e7\u00e3o, <strong>motiva\u00e7\u00e3o<\/strong>, relacionamento e intera\u00e7\u00e3o, para que as pessoas desempenhem as atividades necess\u00e1rias \u00e0 concretiza\u00e7\u00e3o dos objetivos propostos<\/p>\n\n\n\n<p><span class=\"has-inline-color has-vivid-red-color\"><strong>64.<\/strong> <strong>Desenho de cargos e tarefas e supervis\u00e3o s\u00e3o atividades t\u00edpicas do n\u00edvel operacional das fun\u00e7\u00f5es de organiza\u00e7\u00e3o e planejamento<\/strong>.<\/span><\/p>\n\n\n\n<p><strong>Gabarito preliminar da banca<\/strong>: correta.<\/p>\n\n\n\n<p><strong>Gabarito proposto<\/strong>: <strong><span class=\"has-inline-color has-vivid-red-color\">errada<\/span><\/strong>.<\/p>\n\n\n\n<p><strong>Coment\u00e1rios para proposta de <span class=\"has-inline-color has-vivid-red-color\">RECURSO<\/span><\/strong>: &nbsp;<\/p>\n\n\n\n<p>De fato, o desenho de cargos e tarefas est\u00e1 relacionada \u00e0 fun\u00e7\u00e3o organiza\u00e7\u00e3o. A fun\u00e7\u00e3o organiza\u00e7\u00e3o est\u00e1 relacionada \u00e0 atribui\u00e7\u00e3o de tarefas. No n\u00edvel estrat\u00e9gico, a fun\u00e7\u00e3o organiza\u00e7\u00e3o est\u00e1 relacionada ao desenho organizacional. No n\u00edvel t\u00e1tico, a fun\u00e7\u00e3o organiza\u00e7\u00e3o est\u00e1 relacionada ao desenho departamental. E no n\u00edvel operacional, a fun\u00e7\u00e3o organiza\u00e7\u00e3o est\u00e1 relacionada ao desenho de cargos e tarefas.<\/p>\n\n\n\n<p>Contudo, supervis\u00e3o \u00e9 uma atividade relacionada \u00e0 fun\u00e7\u00e3o <strong>dire\u00e7\u00e3o<\/strong>. \u00c9 a fun\u00e7\u00e3o dire\u00e7\u00e3o que est\u00e1 relacionada \u00e0 condu\u00e7\u00e3o dos trabalhos para que seja colocado em pr\u00e1tica tudo aquilo que foi organizado e planejado. Est\u00e1 relacionada \u00e0 lideran\u00e7a, coordena\u00e7\u00e3o, comunica\u00e7\u00e3o, motiva\u00e7\u00e3o, relacionamento e intera\u00e7\u00e3o, para que as pessoas desempenhem as atividades necess\u00e1rias \u00e0 concretiza\u00e7\u00e3o dos objetivos propostos.<\/p>\n\n\n\n<p>Portanto, no n\u00edvel estrat\u00e9gico, a fun\u00e7\u00e3o dire\u00e7\u00e3o est\u00e1 relacionada \u00e0 Dire\u00e7\u00e3o. No n\u00edvel t\u00e1tico, a fun\u00e7\u00e3o organiza\u00e7\u00e3o est\u00e1 relacionada \u00e0 Ger\u00eancia. E, por fim, no <strong><span class=\"has-inline-color has-vivid-red-color\">n\u00edvel operacional<\/span><\/strong>, a <span class=\"has-inline-color has-vivid-red-color\"><strong>fun\u00e7\u00e3o<\/strong> <strong>dire\u00e7\u00e3o<\/strong> <\/span>est\u00e1 relacionada \u00e0 <strong><span class=\"has-inline-color has-vivid-red-color\">Supervis\u00e3o<\/span><\/strong>.<\/p>\n\n\n\n<p>Nesse sentido, Chiavenato destaca que a \u201cA dire\u00e7\u00e3o pode se dar em tr\u00eas n\u00edveis distintos: (&#8230;) \u201c<span class=\"has-inline-color has-vivid-red-color\"><strong>Dire\u00e7\u00e3o<\/strong> <\/span>no <strong>n\u00edvel<\/strong> <strong>operacional<\/strong>. \u00c9 a dire\u00e7\u00e3o que abrange cada grupo de pessoas ou de tarefas. \u00c9 a chamada <strong><span class=\"has-inline-color has-vivid-red-color\">supervis\u00e3o<\/span><\/strong>. Envolve o pessoal da base do organograma. Corresponde ao n\u00edvel operacional da organiza\u00e7\u00e3o.\u201d (Chiavenato, Idalberto, Introdu\u00e7\u00e3o \u00e0 teoria geral da administra\u00e7\u00e3o: uma vis\u00e3o abrangente da moderna administra\u00e7\u00e3o das organiza\u00e7\u00f5es \/ Idalberto Chiavenato &#8211; 7. ed. rev. e atual. &#8211; Rio de Janeiro: Elsevier, 2003 &#8211; pp. 175-176).<\/p>\n\n\n\n<p>Vejamos, adicionalmente, esse esquema extra\u00eddo de outra obra de Chiavenato (CHIAVENATO, Idalberto. Teoria Geral da Administra\u00e7\u00e3o: abordagens descritivas e explicativas, volume II. 7\u00aa Edi\u00e7\u00e3o. Barueri &#8211; SP: Manole, 2014. p. 510):<\/p>\n\n\n\n<figure class=\"wp-block-image size-large\"><img loading=\"lazy\" decoding=\"async\" width=\"1024\" height=\"822\" src=\"https:\/\/dhg1h5j42swfq.cloudfront.net\/2021\/08\/18101213\/chiavenato-1-1-1024x822.png\" alt=\"\" class=\"wp-image-839198\" srcset=\"https:\/\/dhg1h5j42swfq.cloudfront.net\/2021\/08\/18101213\/chiavenato-1-1-1024x822.png 1024w, https:\/\/dhg1h5j42swfq.cloudfront.net\/2021\/08\/18101213\/chiavenato-1-1-300x241.png 300w, https:\/\/dhg1h5j42swfq.cloudfront.net\/2021\/08\/18101213\/chiavenato-1-1-768x617.png 768w, https:\/\/dhg1h5j42swfq.cloudfront.net\/2021\/08\/18101213\/chiavenato-1-1-610x490.png 610w, https:\/\/dhg1h5j42swfq.cloudfront.net\/2021\/08\/18101213\/chiavenato-1-1.png 1166w\" sizes=\"auto, (max-width: 1024px) 100vw, 1024px\" \/><\/figure>\n\n\n\n<p>Desta forma, fica claro que houve um equ\u00edvoco no gabarito preliminar informado pela Banca.<\/p>\n\n\n\n<p>Vejamos o texto da assertiva mais uma vez: \u201cDesenho de cargos e tarefas e <strong>supervis\u00e3o<\/strong> s\u00e3o atividades t\u00edpicas do n\u00edvel operacional das fun\u00e7\u00f5es de organiza\u00e7\u00e3o e <strong>planejamento<\/strong>.\u201d<\/p>\n\n\n\n<p>Vamos dividir a assertiva e analis\u00e1-la por partes:<\/p>\n\n\n\n<p><strong>01<\/strong> &#8211; De fato, \u201cdesenho de cargos e tarefas\u201d e \u201csupervis\u00e3o\u201d s\u00e3o atividades t\u00edpicas do n\u00edvel operacional.<\/p>\n\n\n\n<p><strong>02 <\/strong>&#8211; De igual sorte, \u201cdesenho de cargos e tarefas\u201d \u00e9 atividade relacionada \u00e0 fun\u00e7\u00e3o organiza\u00e7\u00e3o.<\/p>\n\n\n\n<p><strong><span class=\"has-inline-color has-vivid-red-color\">03<\/span><\/strong> &#8211; Contudo, a assertiva ERRA ao afirmar que \u201c<strong>supervis\u00e3o<\/strong>\u201d est\u00e1 relacionada \u00e0 fun\u00e7\u00e3o <strong>planejamento<\/strong>.<\/p>\n\n\n\n<p>Isso, pois, conforme se extrai da obra acima mencionada, no n\u00edvel operacional, a fun\u00e7\u00e3o <strong>planejamento<\/strong> est\u00e1 relacionada a atividades de planejamento \u201c<strong>operacional e cotidiano<\/strong>\u201d, bem como a \u201c<strong>programas e metas<\/strong>\u201d.<\/p>\n\n\n\n<p>\u00c9 a fun\u00e7\u00e3o <span class=\"has-inline-color has-vivid-red-color\"><strong>dire\u00e7\u00e3o<\/strong> <\/span>que, no n\u00edvel operacional, est\u00e1 relacionada \u00e0 <strong><span class=\"has-inline-color has-vivid-red-color\">supervis\u00e3o<\/span><\/strong>.<\/p>\n\n\n\n<p>Para refor\u00e7o desse posicionamento, vejamos mais tr\u00eas esquemas extra\u00eddos de outras duas obras de Chiavenato que caminham exatamente nesse mesmo sentido.<\/p>\n\n\n\n<figure class=\"wp-block-image size-large is-resized\"><img loading=\"lazy\" decoding=\"async\" src=\"https:\/\/dhg1h5j42swfq.cloudfront.net\/2021\/08\/18101231\/chiavenato-2-1-1024x216.png\" alt=\"\" class=\"wp-image-839199\" width=\"840\" height=\"177\" srcset=\"https:\/\/dhg1h5j42swfq.cloudfront.net\/2021\/08\/18101231\/chiavenato-2-1-1024x216.png 1024w, https:\/\/dhg1h5j42swfq.cloudfront.net\/2021\/08\/18101231\/chiavenato-2-1-300x63.png 300w, https:\/\/dhg1h5j42swfq.cloudfront.net\/2021\/08\/18101231\/chiavenato-2-1-768x162.png 768w, https:\/\/dhg1h5j42swfq.cloudfront.net\/2021\/08\/18101231\/chiavenato-2-1-1536x323.png 1536w, https:\/\/dhg1h5j42swfq.cloudfront.net\/2021\/08\/18101231\/chiavenato-2-1-2048x431.png 2048w, https:\/\/dhg1h5j42swfq.cloudfront.net\/2021\/08\/18101231\/chiavenato-2-1-610x128.png 610w\" sizes=\"auto, (max-width: 840px) 100vw, 840px\" \/><\/figure>\n\n\n\n<figure class=\"wp-block-image size-large\"><img loading=\"lazy\" decoding=\"async\" width=\"1024\" height=\"756\" src=\"https:\/\/dhg1h5j42swfq.cloudfront.net\/2021\/08\/18101239\/chiavenato-3-1-1024x756.png\" alt=\"\" class=\"wp-image-839200\" srcset=\"https:\/\/dhg1h5j42swfq.cloudfront.net\/2021\/08\/18101239\/chiavenato-3-1-1024x756.png 1024w, https:\/\/dhg1h5j42swfq.cloudfront.net\/2021\/08\/18101239\/chiavenato-3-1-300x222.png 300w, https:\/\/dhg1h5j42swfq.cloudfront.net\/2021\/08\/18101239\/chiavenato-3-1-768x567.png 768w, https:\/\/dhg1h5j42swfq.cloudfront.net\/2021\/08\/18101239\/chiavenato-3-1-1536x1135.png 1536w, https:\/\/dhg1h5j42swfq.cloudfront.net\/2021\/08\/18101239\/chiavenato-3-1-2048x1513.png 2048w, https:\/\/dhg1h5j42swfq.cloudfront.net\/2021\/08\/18101239\/chiavenato-3-1-610x451.png 610w\" sizes=\"auto, (max-width: 1024px) 100vw, 1024px\" \/><\/figure>\n\n\n\n<figure class=\"wp-block-image size-large\"><img loading=\"lazy\" decoding=\"async\" width=\"1024\" height=\"876\" src=\"https:\/\/dhg1h5j42swfq.cloudfront.net\/2021\/08\/18101246\/chiavenato-4-1024x876.png\" alt=\"\" class=\"wp-image-839201\" srcset=\"https:\/\/dhg1h5j42swfq.cloudfront.net\/2021\/08\/18101246\/chiavenato-4-1024x876.png 1024w, https:\/\/dhg1h5j42swfq.cloudfront.net\/2021\/08\/18101246\/chiavenato-4-300x257.png 300w, https:\/\/dhg1h5j42swfq.cloudfront.net\/2021\/08\/18101246\/chiavenato-4-768x657.png 768w, https:\/\/dhg1h5j42swfq.cloudfront.net\/2021\/08\/18101246\/chiavenato-4-610x522.png 610w, https:\/\/dhg1h5j42swfq.cloudfront.net\/2021\/08\/18101246\/chiavenato-4.png 1218w\" sizes=\"auto, (max-width: 1024px) 100vw, 1024px\" \/><\/figure>\n\n\n\n<p>Portanto, ao reescrevermos a assertiva da forma correta, ter\u00edamos o seguinte texto: \u201cDesenho de cargos e tarefas e supervis\u00e3o s\u00e3o atividades t\u00edpicas do n\u00edvel operacional das fun\u00e7\u00f5es de organiza\u00e7\u00e3o e <strong><span class=\"has-inline-color has-vivid-red-color\">DIRE\u00c7\u00c3O<\/span><\/strong>.\u201d<\/p>\n\n\n\n<p>Diante de todo o exposto, fica claro que o gabarito da quest\u00e3o deve ser alterado de \u201ccorreta\u201d para \u201c<strong><span class=\"has-inline-color has-vivid-red-color\">errada<\/span><\/strong>\u201d.<\/p>\n\n\n\n<p><\/p>\n\n\n\n<p><strong>65.<\/strong> <strong>Na an\u00e1lise SWOT, pontos fortes se referem \u00e0s quest\u00f5es ambientais favor\u00e1veis ao desempenho organizacional.<\/strong><\/p>\n\n\n\n<p><strong>Gabarito extraoficial<\/strong>: errada.<\/p>\n\n\n\n<p><strong>Coment\u00e1rios<\/strong>: &nbsp;Nada disso.<\/p>\n\n\n\n<p>Os pontos fortes (for\u00e7as) se referem \u00e0s <strong>quest\u00f5es internas<\/strong> favor\u00e1veis ao desempenho organizacional. As for\u00e7as e as fraquezas s\u00e3o vari\u00e1veis do <strong>ambiente interno<\/strong>.<\/p>\n\n\n\n<p>S\u00e3o as amea\u00e7as e as oportunidades que s\u00e3o quest\u00f5es ambientais (ou seja, vari\u00e1veis do ambiente externo).<\/p>\n\n\n\n<p><strong>66.<\/strong> <strong>Valores organizacionais se inserem no contexto da estrat\u00e9gia, enquanto a defini\u00e7\u00e3o dos objetivos se insere no escopo da cultura da organiza\u00e7\u00e3o.<\/strong><\/p>\n\n\n\n<p><strong>Gabarito extraoficial<\/strong>: errada.<\/p>\n\n\n\n<p><strong>Coment\u00e1rios<\/strong>:&nbsp; Nada disso.<\/p>\n\n\n\n<p>A primeira parte da assertiva pode ser considerada correta. Isso, pois, \u00e9 o <strong>planejamento<\/strong> <strong>estrat\u00e9gico<\/strong> que define a miss\u00e3o, a vis\u00e3o, os <strong>valores<\/strong> e o neg\u00f3cio da organiza\u00e7\u00e3o.<\/p>\n\n\n\n<p>Contudo, a segunda parte da assertiva est\u00e1 errada. Isso, pois, a defini\u00e7\u00e3o dos objetivos est\u00e1 relacionada ao escopo do <strong>planejamento<\/strong> da organiza\u00e7\u00e3o (ent\u00e3o, podemos dizer que est\u00e1 relacionada \u00e0 estrat\u00e9gia).<\/p>\n\n\n\n<p>Contudo, penso que o intuito do examinador, nessa quest\u00e3o, foi o de \u201cinverter\u201d os conceitos.<\/p>\n\n\n\n<p>A <strong>cultura organizacional<\/strong> pode ser definida como um conjunto de <strong>valores<\/strong>, cren\u00e7as, costumes, h\u00e1bitos, normas, s\u00edmbolos, entre outros fatores, que s\u00e3o compartilhados pelos membros de uma organiza\u00e7\u00e3o e geram determinados \u201cpadr\u00f5es de comportamento coletivos\u201d.<\/p>\n\n\n\n<p>Portanto, nesse caso, o correto seria: \u201c<strong>defini\u00e7\u00e3o dos objetivos<\/strong> se insere no contexto da estrat\u00e9gia, enquanto os <strong>valores organizacionais<\/strong> se inserem no escopo da cultura da organiza\u00e7\u00e3o.<\/p>\n\n\n\n<p><strong>67.<\/strong> <strong>A partir do planejamento operacional, geram-se planos operacionais, que, por sua vez, se desdobram em programa\u00e7\u00f5es de tarefas.<\/strong><\/p>\n\n\n\n<p><strong>Gabarito extraoficial<\/strong>: correta.<\/p>\n\n\n\n<p><strong>Coment\u00e1rios<\/strong>:&nbsp; De fato, o planejamento operacional gera diversos planos operacionais. Esses planos, por sua vez, geram programa\u00e7\u00f5es de tarefas (ou seja, programas relacionados com cronograma das atividades, com o tempo).<\/p>\n\n\n\n<p><strong>68.<\/strong> <strong>O controle estat\u00edstico da qualidade (CEQ) \u00e9 uma ferramenta de gest\u00e3o da qualidade destinada a identificar desvios, erros e discrep\u00e2ncias no processo produtivo.<\/strong><\/p>\n\n\n\n<p><strong>Gabarito extraoficial<\/strong>: correta.<\/p>\n\n\n\n<p><strong>Coment\u00e1rios<\/strong>:&nbsp; De fato, o controle estat\u00edstico da qualidade est\u00e1 relacionado \u00e0 utiliza\u00e7\u00e3o de t\u00e9cnicas estat\u00edsticas de amostragem para analisar a qualidade dos produtos. Ou seja, a inspe\u00e7\u00e3o dos produtos era feita com base em amostras.<\/p>\n\n\n\n<p>Em vez de inspecionar todos os produtos (como era feito na era da inspe\u00e7\u00e3o), passou-se a selecionar (por amostragem) apenas alguns produtos para a inspe\u00e7\u00e3o. Assim, caso fosse descoberto algum \u201cproblema\u201d com determinado produto, seria feita uma an\u00e1lise mais aprofundada naquele \u201clote\u201d do qual o produto foi retirado, com o objetivo de <strong>corrigir o processo de produ\u00e7\u00e3o<\/strong>.<\/p>\n\n\n\n<p><strong>69.<\/strong> <strong>Um conjunto de processos gerenciado de forma coordenada \u00e9 conhecido como um programa.<\/strong><\/p>\n\n\n\n<p><strong>Gabarito extraoficial<\/strong>: errada.<\/p>\n\n\n\n<p><strong>Coment\u00e1rios<\/strong>:&nbsp; De acordo com o Guia PMBOK, programa \u00e9 um \u201cgrupo de <strong>projetos<\/strong>, programas subsidi\u00e1rios e atividades de programa relacionados, gerenciados de modo coordenado visando a obten\u00e7\u00e3o de benef\u00edcios que n\u00e3o estariam dispon\u00edveis se eles fossem gerenciados individualmente.\u201d<\/p>\n\n\n\n<p>Portanto, um conjunto de <strong>projetos<\/strong> gerenciado de forma coordenada \u00e9 conhecido como um programa.<\/p>\n\n\n\n<p>Um grande abra\u00e7o, e at\u00e9 a pr\u00f3xima! Valeu! =)<\/p>\n","protected":false},"excerpt":{"rendered":"<p>Fala, meus amigos! Tudo joia? =) Aqui \u00e9 o prof. Stefan Fantini! Espero que voc\u00eas tenham ido muito bem na prova! =) Neste artigo, trarei o gabarito extraoficial e os coment\u00e1rios das quest\u00f5es de Administra\u00e7\u00e3o Geral e P\u00fablica da prova de Auditor Fiscal da SEFAZ\/CE. O gabarito preliminar da banca j\u00e1 foi divulgado. Temos uma [&hellip;]<\/p>\n","protected":false},"author":1288,"featured_media":698518,"comment_status":"open","ping_status":"closed","sticky":false,"template":"","format":"standard","meta":{"post_tipo":"article","footnotes":""},"categories":[1983],"tags":[8,661],"tax_estado":[219969],"class_list":["post-836820","post","type-post","status-publish","format-standard","has-post-thumbnail","hentry","category-fiscal-estadual","tag-recurso","tag-recursos","tax_estado-ce"],"acf":[],"yoast_head":"<!-- This site is optimized with the Yoast SEO Premium plugin v27.2 (Yoast SEO v27.2) - https:\/\/yoast.com\/product\/yoast-seo-premium-wordpress\/ -->\n<title>Gabarito Extraoficial SEFAZ-CE \u2013 Administra\u00e7\u00e3o Geral e P\u00fablica (+ Recurso)<\/title>\n<meta name=\"robots\" content=\"index, follow, max-snippet:-1, max-image-preview:large, max-video-preview:-1\" \/>\n<link rel=\"canonical\" href=\"https:\/\/www.estrategiaconcursos.com.br\/blog\/gabarito-extraoficial-sefaz-ce-administracao-geral-e-publica\/\" \/>\n<meta property=\"og:locale\" content=\"pt_BR\" \/>\n<meta property=\"og:type\" content=\"article\" \/>\n<meta property=\"og:title\" content=\"Gabarito Extraoficial SEFAZ-CE \u2013 Administra\u00e7\u00e3o Geral e P\u00fablica (+ Recurso)\" \/>\n<meta property=\"og:description\" content=\"Fala, meus amigos! Tudo joia? =) Aqui \u00e9 o prof. Stefan Fantini! Espero que voc\u00eas tenham ido muito bem na prova! =) Neste artigo, trarei o gabarito extraoficial e os coment\u00e1rios das quest\u00f5es de Administra\u00e7\u00e3o Geral e P\u00fablica da prova de Auditor Fiscal da SEFAZ\/CE. O gabarito preliminar da banca j\u00e1 foi divulgado. Temos uma [&hellip;]\" \/>\n<meta property=\"og:url\" content=\"https:\/\/www.estrategiaconcursos.com.br\/blog\/gabarito-extraoficial-sefaz-ce-administracao-geral-e-publica\/\" \/>\n<meta property=\"og:site_name\" content=\"Estrat\u00e9gia Concursos\" \/>\n<meta property=\"article:published_time\" content=\"2021-08-15T21:36:28+00:00\" \/>\n<meta property=\"article:modified_time\" content=\"2021-08-18T15:36:19+00:00\" \/>\n<meta property=\"og:image\" content=\"https:\/\/dhg1h5j42swfq.cloudfront.net\/2021\/03\/22154714\/sefaz-ce_2.jpg\" \/>\n\t<meta property=\"og:image:width\" content=\"1200\" \/>\n\t<meta property=\"og:image:height\" content=\"628\" \/>\n\t<meta property=\"og:image:type\" content=\"image\/jpeg\" \/>\n<meta name=\"author\" content=\"Stefan Fantini\" \/>\n<meta name=\"twitter:card\" content=\"summary_large_image\" \/>\n<meta name=\"twitter:creator\" content=\"@EstratConcursos\" \/>\n<meta name=\"twitter:site\" content=\"@EstratConcursos\" \/>\n<meta name=\"twitter:label1\" content=\"Escrito por\" \/>\n\t<meta name=\"twitter:data1\" content=\"Stefan Fantini\" \/>\n\t<meta name=\"twitter:label2\" content=\"Est. tempo de leitura\" \/>\n\t<meta name=\"twitter:data2\" content=\"9 minutos\" \/>\n<script type=\"application\/ld+json\" class=\"yoast-schema-graph\">{\"@context\":\"https:\/\/schema.org\",\"@graph\":[{\"@type\":\"NewsArticle\",\"@id\":\"https:\/\/www.estrategiaconcursos.com.br\/blog\/gabarito-extraoficial-sefaz-ce-administracao-geral-e-publica\/#article\",\"isPartOf\":{\"@id\":\"https:\/\/www.estrategiaconcursos.com.br\/blog\/gabarito-extraoficial-sefaz-ce-administracao-geral-e-publica\/\"},\"author\":{\"name\":\"Stefan Fantini\",\"@id\":\"https:\/\/www.estrategiaconcursos.com.br\/blog\/#\/schema\/person\/6948f8bbdfaf51dbc396410ad1a133e5\"},\"headline\":\"Gabarito Extraoficial SEFAZ-CE \u2013 Administra\u00e7\u00e3o Geral e P\u00fablica (+ Recurso)\",\"datePublished\":\"2021-08-15T21:36:28+00:00\",\"dateModified\":\"2021-08-18T15:36:19+00:00\",\"mainEntityOfPage\":{\"@id\":\"https:\/\/www.estrategiaconcursos.com.br\/blog\/gabarito-extraoficial-sefaz-ce-administracao-geral-e-publica\/\"},\"wordCount\":1957,\"commentCount\":0,\"publisher\":{\"@id\":\"https:\/\/www.estrategiaconcursos.com.br\/blog\/#organization\"},\"image\":{\"@id\":\"https:\/\/www.estrategiaconcursos.com.br\/blog\/gabarito-extraoficial-sefaz-ce-administracao-geral-e-publica\/#primaryimage\"},\"thumbnailUrl\":\"https:\/\/dhg1h5j42swfq.cloudfront.net\/2021\/03\/22154714\/sefaz-ce_2.jpg\",\"keywords\":[\"Recurso\",\"Recursos\"],\"articleSection\":[\"Fiscal - Estadual (ICMS)\"],\"inLanguage\":\"pt-BR\",\"potentialAction\":[{\"@type\":\"CommentAction\",\"name\":\"Comment\",\"target\":[\"https:\/\/www.estrategiaconcursos.com.br\/blog\/gabarito-extraoficial-sefaz-ce-administracao-geral-e-publica\/#respond\"]}],\"copyrightYear\":\"2021\",\"copyrightHolder\":{\"@id\":\"https:\/\/www.estrategiaconcursos.com.br\/blog\/#organization\"}},{\"@type\":\"WebPage\",\"@id\":\"https:\/\/www.estrategiaconcursos.com.br\/blog\/gabarito-extraoficial-sefaz-ce-administracao-geral-e-publica\/\",\"url\":\"https:\/\/www.estrategiaconcursos.com.br\/blog\/gabarito-extraoficial-sefaz-ce-administracao-geral-e-publica\/\",\"name\":\"Gabarito Extraoficial SEFAZ-CE \u2013 Administra\u00e7\u00e3o Geral e P\u00fablica (+ Recurso)\",\"isPartOf\":{\"@id\":\"https:\/\/www.estrategiaconcursos.com.br\/blog\/#website\"},\"primaryImageOfPage\":{\"@id\":\"https:\/\/www.estrategiaconcursos.com.br\/blog\/gabarito-extraoficial-sefaz-ce-administracao-geral-e-publica\/#primaryimage\"},\"image\":{\"@id\":\"https:\/\/www.estrategiaconcursos.com.br\/blog\/gabarito-extraoficial-sefaz-ce-administracao-geral-e-publica\/#primaryimage\"},\"thumbnailUrl\":\"https:\/\/dhg1h5j42swfq.cloudfront.net\/2021\/03\/22154714\/sefaz-ce_2.jpg\",\"datePublished\":\"2021-08-15T21:36:28+00:00\",\"dateModified\":\"2021-08-18T15:36:19+00:00\",\"breadcrumb\":{\"@id\":\"https:\/\/www.estrategiaconcursos.com.br\/blog\/gabarito-extraoficial-sefaz-ce-administracao-geral-e-publica\/#breadcrumb\"},\"inLanguage\":\"pt-BR\",\"potentialAction\":[{\"@type\":\"ReadAction\",\"target\":[\"https:\/\/www.estrategiaconcursos.com.br\/blog\/gabarito-extraoficial-sefaz-ce-administracao-geral-e-publica\/\"]}]},{\"@type\":\"ImageObject\",\"inLanguage\":\"pt-BR\",\"@id\":\"https:\/\/www.estrategiaconcursos.com.br\/blog\/gabarito-extraoficial-sefaz-ce-administracao-geral-e-publica\/#primaryimage\",\"url\":\"https:\/\/dhg1h5j42swfq.cloudfront.net\/2021\/03\/22154714\/sefaz-ce_2.jpg\",\"contentUrl\":\"https:\/\/dhg1h5j42swfq.cloudfront.net\/2021\/03\/22154714\/sefaz-ce_2.jpg\",\"width\":1200,\"height\":628,\"caption\":\"Inscri\u00e7\u00f5es Sefaz CE\"},{\"@type\":\"BreadcrumbList\",\"@id\":\"https:\/\/www.estrategiaconcursos.com.br\/blog\/gabarito-extraoficial-sefaz-ce-administracao-geral-e-publica\/#breadcrumb\",\"itemListElement\":[{\"@type\":\"ListItem\",\"position\":1,\"name\":\"In\u00edcio\",\"item\":\"https:\/\/www.estrategiaconcursos.com.br\/blog\/\"},{\"@type\":\"ListItem\",\"position\":2,\"name\":\"Gabarito Extraoficial SEFAZ-CE \u2013 Administra\u00e7\u00e3o Geral e P\u00fablica (+ Recurso)\"}]},{\"@type\":\"WebSite\",\"@id\":\"https:\/\/www.estrategiaconcursos.com.br\/blog\/#website\",\"url\":\"https:\/\/www.estrategiaconcursos.com.br\/blog\/\",\"name\":\"Estrat\u00e9gia Concursos\",\"description\":\"O blog da Estrat\u00e9gia Concursos traz not\u00edcias sobre concursos e artigos de professores oferecendo cursos para concursos (pdf + videaulas) no site.\",\"publisher\":{\"@id\":\"https:\/\/www.estrategiaconcursos.com.br\/blog\/#organization\"},\"potentialAction\":[{\"@type\":\"SearchAction\",\"target\":{\"@type\":\"EntryPoint\",\"urlTemplate\":\"https:\/\/www.estrategiaconcursos.com.br\/blog\/?s={search_term_string}\"},\"query-input\":{\"@type\":\"PropertyValueSpecification\",\"valueRequired\":true,\"valueName\":\"search_term_string\"}}],\"inLanguage\":\"pt-BR\"},{\"@type\":\"Organization\",\"@id\":\"https:\/\/www.estrategiaconcursos.com.br\/blog\/#organization\",\"name\":\"Estrat\u00e9gia Concursos\",\"url\":\"https:\/\/www.estrategiaconcursos.com.br\/blog\/\",\"logo\":{\"@type\":\"ImageObject\",\"inLanguage\":\"pt-BR\",\"@id\":\"https:\/\/www.estrategiaconcursos.com.br\/blog\/#\/schema\/logo\/image\/\",\"url\":\"https:\/\/dhg1h5j42swfq.cloudfront.net\/2025\/06\/03203428\/logo_concursos-1.jpg\",\"contentUrl\":\"https:\/\/dhg1h5j42swfq.cloudfront.net\/2025\/06\/03203428\/logo_concursos-1.jpg\",\"width\":230,\"height\":60,\"caption\":\"Estrat\u00e9gia Concursos\"},\"image\":{\"@id\":\"https:\/\/www.estrategiaconcursos.com.br\/blog\/#\/schema\/logo\/image\/\"},\"sameAs\":[\"https:\/\/x.com\/EstratConcursos\"]},{\"@type\":\"Person\",\"@id\":\"https:\/\/www.estrategiaconcursos.com.br\/blog\/#\/schema\/person\/6948f8bbdfaf51dbc396410ad1a133e5\",\"name\":\"Stefan Fantini\",\"image\":{\"@type\":\"ImageObject\",\"inLanguage\":\"pt-BR\",\"@id\":\"https:\/\/secure.gravatar.com\/avatar\/5d56f4a35b851c9552f67d671bbc8774cb6bb7f9c88d4aec6b8f6f6684380ca9?s=96&d=mm&r=g\",\"url\":\"https:\/\/secure.gravatar.com\/avatar\/5d56f4a35b851c9552f67d671bbc8774cb6bb7f9c88d4aec6b8f6f6684380ca9?s=96&d=mm&r=g\",\"contentUrl\":\"https:\/\/secure.gravatar.com\/avatar\/5d56f4a35b851c9552f67d671bbc8774cb6bb7f9c88d4aec6b8f6f6684380ca9?s=96&d=mm&r=g\",\"caption\":\"Stefan Fantini\"},\"url\":\"https:\/\/www.estrategiaconcursos.com.br\/blog\/author\/sgkf2000gmail-com\/\"}]}<\/script>\n<!-- \/ Yoast SEO Premium plugin. -->","yoast_head_json":{"title":"Gabarito Extraoficial SEFAZ-CE \u2013 Administra\u00e7\u00e3o Geral e P\u00fablica (+ Recurso)","robots":{"index":"index","follow":"follow","max-snippet":"max-snippet:-1","max-image-preview":"max-image-preview:large","max-video-preview":"max-video-preview:-1"},"canonical":"https:\/\/www.estrategiaconcursos.com.br\/blog\/gabarito-extraoficial-sefaz-ce-administracao-geral-e-publica\/","og_locale":"pt_BR","og_type":"article","og_title":"Gabarito Extraoficial SEFAZ-CE \u2013 Administra\u00e7\u00e3o Geral e P\u00fablica (+ Recurso)","og_description":"Fala, meus amigos! Tudo joia? =) Aqui \u00e9 o prof. Stefan Fantini! Espero que voc\u00eas tenham ido muito bem na prova! =) Neste artigo, trarei o gabarito extraoficial e os coment\u00e1rios das quest\u00f5es de Administra\u00e7\u00e3o Geral e P\u00fablica da prova de Auditor Fiscal da SEFAZ\/CE. O gabarito preliminar da banca j\u00e1 foi divulgado. Temos uma [&hellip;]","og_url":"https:\/\/www.estrategiaconcursos.com.br\/blog\/gabarito-extraoficial-sefaz-ce-administracao-geral-e-publica\/","og_site_name":"Estrat\u00e9gia Concursos","article_published_time":"2021-08-15T21:36:28+00:00","article_modified_time":"2021-08-18T15:36:19+00:00","og_image":[{"width":1200,"height":628,"url":"https:\/\/dhg1h5j42swfq.cloudfront.net\/2021\/03\/22154714\/sefaz-ce_2.jpg","type":"image\/jpeg"}],"author":"Stefan Fantini","twitter_card":"summary_large_image","twitter_creator":"@EstratConcursos","twitter_site":"@EstratConcursos","twitter_misc":{"Escrito por":"Stefan Fantini","Est. tempo de leitura":"9 minutos"},"schema":{"@context":"https:\/\/schema.org","@graph":[{"@type":"NewsArticle","@id":"https:\/\/www.estrategiaconcursos.com.br\/blog\/gabarito-extraoficial-sefaz-ce-administracao-geral-e-publica\/#article","isPartOf":{"@id":"https:\/\/www.estrategiaconcursos.com.br\/blog\/gabarito-extraoficial-sefaz-ce-administracao-geral-e-publica\/"},"author":{"name":"Stefan Fantini","@id":"https:\/\/www.estrategiaconcursos.com.br\/blog\/#\/schema\/person\/6948f8bbdfaf51dbc396410ad1a133e5"},"headline":"Gabarito Extraoficial SEFAZ-CE \u2013 Administra\u00e7\u00e3o Geral e P\u00fablica (+ Recurso)","datePublished":"2021-08-15T21:36:28+00:00","dateModified":"2021-08-18T15:36:19+00:00","mainEntityOfPage":{"@id":"https:\/\/www.estrategiaconcursos.com.br\/blog\/gabarito-extraoficial-sefaz-ce-administracao-geral-e-publica\/"},"wordCount":1957,"commentCount":0,"publisher":{"@id":"https:\/\/www.estrategiaconcursos.com.br\/blog\/#organization"},"image":{"@id":"https:\/\/www.estrategiaconcursos.com.br\/blog\/gabarito-extraoficial-sefaz-ce-administracao-geral-e-publica\/#primaryimage"},"thumbnailUrl":"https:\/\/dhg1h5j42swfq.cloudfront.net\/2021\/03\/22154714\/sefaz-ce_2.jpg","keywords":["Recurso","Recursos"],"articleSection":["Fiscal - Estadual (ICMS)"],"inLanguage":"pt-BR","potentialAction":[{"@type":"CommentAction","name":"Comment","target":["https:\/\/www.estrategiaconcursos.com.br\/blog\/gabarito-extraoficial-sefaz-ce-administracao-geral-e-publica\/#respond"]}],"copyrightYear":"2021","copyrightHolder":{"@id":"https:\/\/www.estrategiaconcursos.com.br\/blog\/#organization"}},{"@type":"WebPage","@id":"https:\/\/www.estrategiaconcursos.com.br\/blog\/gabarito-extraoficial-sefaz-ce-administracao-geral-e-publica\/","url":"https:\/\/www.estrategiaconcursos.com.br\/blog\/gabarito-extraoficial-sefaz-ce-administracao-geral-e-publica\/","name":"Gabarito Extraoficial SEFAZ-CE \u2013 Administra\u00e7\u00e3o Geral e P\u00fablica (+ Recurso)","isPartOf":{"@id":"https:\/\/www.estrategiaconcursos.com.br\/blog\/#website"},"primaryImageOfPage":{"@id":"https:\/\/www.estrategiaconcursos.com.br\/blog\/gabarito-extraoficial-sefaz-ce-administracao-geral-e-publica\/#primaryimage"},"image":{"@id":"https:\/\/www.estrategiaconcursos.com.br\/blog\/gabarito-extraoficial-sefaz-ce-administracao-geral-e-publica\/#primaryimage"},"thumbnailUrl":"https:\/\/dhg1h5j42swfq.cloudfront.net\/2021\/03\/22154714\/sefaz-ce_2.jpg","datePublished":"2021-08-15T21:36:28+00:00","dateModified":"2021-08-18T15:36:19+00:00","breadcrumb":{"@id":"https:\/\/www.estrategiaconcursos.com.br\/blog\/gabarito-extraoficial-sefaz-ce-administracao-geral-e-publica\/#breadcrumb"},"inLanguage":"pt-BR","potentialAction":[{"@type":"ReadAction","target":["https:\/\/www.estrategiaconcursos.com.br\/blog\/gabarito-extraoficial-sefaz-ce-administracao-geral-e-publica\/"]}]},{"@type":"ImageObject","inLanguage":"pt-BR","@id":"https:\/\/www.estrategiaconcursos.com.br\/blog\/gabarito-extraoficial-sefaz-ce-administracao-geral-e-publica\/#primaryimage","url":"https:\/\/dhg1h5j42swfq.cloudfront.net\/2021\/03\/22154714\/sefaz-ce_2.jpg","contentUrl":"https:\/\/dhg1h5j42swfq.cloudfront.net\/2021\/03\/22154714\/sefaz-ce_2.jpg","width":1200,"height":628,"caption":"Inscri\u00e7\u00f5es Sefaz CE"},{"@type":"BreadcrumbList","@id":"https:\/\/www.estrategiaconcursos.com.br\/blog\/gabarito-extraoficial-sefaz-ce-administracao-geral-e-publica\/#breadcrumb","itemListElement":[{"@type":"ListItem","position":1,"name":"In\u00edcio","item":"https:\/\/www.estrategiaconcursos.com.br\/blog\/"},{"@type":"ListItem","position":2,"name":"Gabarito Extraoficial SEFAZ-CE \u2013 Administra\u00e7\u00e3o Geral e P\u00fablica (+ Recurso)"}]},{"@type":"WebSite","@id":"https:\/\/www.estrategiaconcursos.com.br\/blog\/#website","url":"https:\/\/www.estrategiaconcursos.com.br\/blog\/","name":"Estrat\u00e9gia Concursos","description":"O blog da Estrat\u00e9gia Concursos traz not\u00edcias sobre concursos e artigos de professores oferecendo cursos para concursos (pdf + videaulas) no site.","publisher":{"@id":"https:\/\/www.estrategiaconcursos.com.br\/blog\/#organization"},"potentialAction":[{"@type":"SearchAction","target":{"@type":"EntryPoint","urlTemplate":"https:\/\/www.estrategiaconcursos.com.br\/blog\/?s={search_term_string}"},"query-input":{"@type":"PropertyValueSpecification","valueRequired":true,"valueName":"search_term_string"}}],"inLanguage":"pt-BR"},{"@type":"Organization","@id":"https:\/\/www.estrategiaconcursos.com.br\/blog\/#organization","name":"Estrat\u00e9gia Concursos","url":"https:\/\/www.estrategiaconcursos.com.br\/blog\/","logo":{"@type":"ImageObject","inLanguage":"pt-BR","@id":"https:\/\/www.estrategiaconcursos.com.br\/blog\/#\/schema\/logo\/image\/","url":"https:\/\/dhg1h5j42swfq.cloudfront.net\/2025\/06\/03203428\/logo_concursos-1.jpg","contentUrl":"https:\/\/dhg1h5j42swfq.cloudfront.net\/2025\/06\/03203428\/logo_concursos-1.jpg","width":230,"height":60,"caption":"Estrat\u00e9gia Concursos"},"image":{"@id":"https:\/\/www.estrategiaconcursos.com.br\/blog\/#\/schema\/logo\/image\/"},"sameAs":["https:\/\/x.com\/EstratConcursos"]},{"@type":"Person","@id":"https:\/\/www.estrategiaconcursos.com.br\/blog\/#\/schema\/person\/6948f8bbdfaf51dbc396410ad1a133e5","name":"Stefan Fantini","image":{"@type":"ImageObject","inLanguage":"pt-BR","@id":"https:\/\/secure.gravatar.com\/avatar\/5d56f4a35b851c9552f67d671bbc8774cb6bb7f9c88d4aec6b8f6f6684380ca9?s=96&d=mm&r=g","url":"https:\/\/secure.gravatar.com\/avatar\/5d56f4a35b851c9552f67d671bbc8774cb6bb7f9c88d4aec6b8f6f6684380ca9?s=96&d=mm&r=g","contentUrl":"https:\/\/secure.gravatar.com\/avatar\/5d56f4a35b851c9552f67d671bbc8774cb6bb7f9c88d4aec6b8f6f6684380ca9?s=96&d=mm&r=g","caption":"Stefan Fantini"},"url":"https:\/\/www.estrategiaconcursos.com.br\/blog\/author\/sgkf2000gmail-com\/"}]}},"_links":{"self":[{"href":"https:\/\/www.estrategiaconcursos.com.br\/blog\/wp-json\/wp\/v2\/posts\/836820","targetHints":{"allow":["GET"]}}],"collection":[{"href":"https:\/\/www.estrategiaconcursos.com.br\/blog\/wp-json\/wp\/v2\/posts"}],"about":[{"href":"https:\/\/www.estrategiaconcursos.com.br\/blog\/wp-json\/wp\/v2\/types\/post"}],"author":[{"embeddable":true,"href":"https:\/\/www.estrategiaconcursos.com.br\/blog\/wp-json\/wp\/v2\/users\/1288"}],"replies":[{"embeddable":true,"href":"https:\/\/www.estrategiaconcursos.com.br\/blog\/wp-json\/wp\/v2\/comments?post=836820"}],"version-history":[{"count":5,"href":"https:\/\/www.estrategiaconcursos.com.br\/blog\/wp-json\/wp\/v2\/posts\/836820\/revisions"}],"predecessor-version":[{"id":839355,"href":"https:\/\/www.estrategiaconcursos.com.br\/blog\/wp-json\/wp\/v2\/posts\/836820\/revisions\/839355"}],"wp:featuredmedia":[{"embeddable":true,"href":"https:\/\/www.estrategiaconcursos.com.br\/blog\/wp-json\/wp\/v2\/media\/698518"}],"wp:attachment":[{"href":"https:\/\/www.estrategiaconcursos.com.br\/blog\/wp-json\/wp\/v2\/media?parent=836820"}],"wp:term":[{"taxonomy":"category","embeddable":true,"href":"https:\/\/www.estrategiaconcursos.com.br\/blog\/wp-json\/wp\/v2\/categories?post=836820"},{"taxonomy":"post_tag","embeddable":true,"href":"https:\/\/www.estrategiaconcursos.com.br\/blog\/wp-json\/wp\/v2\/tags?post=836820"},{"taxonomy":"tax_estado","embeddable":true,"href":"https:\/\/www.estrategiaconcursos.com.br\/blog\/wp-json\/wp\/v2\/tax_estado?post=836820"}],"curies":[{"name":"wp","href":"https:\/\/api.w.org\/{rel}","templated":true}]}}