{"id":836796,"date":"2021-08-15T18:19:01","date_gmt":"2021-08-15T21:19:01","guid":{"rendered":"https:\/\/www.estrategiaconcursos.com.br\/blog\/?p=836796"},"modified":"2021-08-19T16:58:00","modified_gmt":"2021-08-19T19:58:00","slug":"gabarito-extraoficial-sefaz-ce-direito-empresarial","status":"publish","type":"post","link":"https:\/\/www.estrategiaconcursos.com.br\/blog\/gabarito-extraoficial-sefaz-ce-direito-empresarial\/","title":{"rendered":"Gabarito Extraoficial SEFAZ CE &#8211; Direito Empresarial (Com Recurso!)"},"content":{"rendered":"\n<p>Fala pessoal. Sou Professor Cadu Carrilho, ministro aulas de Direito Empresarial e quero compartilhar com voc\u00eas meus palpites para o gabarito extraoficial das quest\u00f5es de Direito Empresarial que v\u00e3o da 109 a 116.<\/p>\n\n\n\n<p>Alerta! Vamos ficar atentos em rela\u00e7\u00e3o a essa mat\u00e9ria, muita gente abre m\u00e3o de estudar por n\u00e3o a considerar t\u00e3o importante. N\u00e3o fa\u00e7am isso. Essa \u00e9 a tend\u00eancia. Veja que foram 9 quest\u00f5es de tribut\u00e1rio e 8 de empresarial.<\/p>\n\n\n\n<p>Vamos aos coment\u00e1rios:<\/p>\n\n\n\n<p><strong>Q \u2013 109 \u2013 O sistema objetivo, que inspirou<\/strong><\/p>\n\n\n\n<p>Coment\u00e1rio:<\/p>\n\n\n\n<p>C\u00f3digo Civil de 2002 adotou a Teoria da Empresa, centrada na defini\u00e7\u00e3o de empres\u00e1rio como par\u00e2metro para a aplica\u00e7\u00e3o do sistema empresarial.<\/p>\n\n\n\n<p>Gabarito: Correta<\/p>\n\n\n\n<p><strong>Q \u2013 110 \u2013 Pode-se conceituar empresa como&#8230;<\/strong><\/p>\n\n\n\n<p>Coment\u00e1rio:<\/p>\n\n\n\n<p><em>Art. 966. Considera-se empres\u00e1rio quem exerce profissionalmente atividade econ\u00f4mica organizada para a produ\u00e7\u00e3o ou a circula\u00e7\u00e3o de bens ou de servi\u00e7os.<\/em><\/p>\n\n\n\n<p>Empresa \u00e9 a atividade, sujeito de direito \u00e9 chamado de Empres\u00e1rio.<\/p>\n\n\n\n<p>Gabarito: Errada<\/p>\n\n\n\n<p><strong>Q \u2013 111 \u2013 N\u00e3o poder\u00e1 se beneficiar do tratamento&#8230;<\/strong><\/p>\n\n\n\n<p>Coment\u00e1rio:<\/p>\n\n\n\n<p><em>LC 123 \u2013 Art. 3\u00ba &#8211; \u00a7 4\u00ba N\u00e3o poder\u00e1 se beneficiar do tratamento jur\u00eddico diferenciado previsto nesta Lei Complementar, inclu\u00eddo o regime de que trata o art. 12 desta Lei Complementar, para nenhum efeito legal, a pessoa jur\u00eddica:<\/em><\/p>\n\n\n\n<p><em>VI &#8211; constitu\u00edda sob a forma de cooperativas, salvo as de consumo;<\/em><\/p>\n\n\n\n<p>Cooperativa de consumo \u00e9 exce\u00e7\u00e3o \u00e0 proibi\u00e7\u00e3o, ent\u00e3o, pode sim se beneficiar.<\/p>\n\n\n\n<p>Gabarito: Errada<\/p>\n\n\n\n<p><strong>Q \u2013 112 \u2013 Situa\u00e7\u00e3o hipot\u00e9tica: Carlos, preposto da sociedade B, &#8230;<\/strong><\/p>\n\n\n\n<p>Coment\u00e1rio:<\/p>\n\n\n\n<p><em>Art. 1.169. O preposto n\u00e3o pode, sem autoriza\u00e7\u00e3o escrita, fazer-se substituir no desempenho da preposi\u00e7\u00e3o, sob pena de responder pessoalmente pelos atos do substituto e pelas obriga\u00e7\u00f5es por ele contra\u00eddas.<\/em><\/p>\n\n\n\n<p>O preposto, nesse caso, responde sim pessoalmente pelos atos praticados por ele, pois fez-se substituir na preposi\u00e7\u00e3o sem a devida autoriza\u00e7\u00e3o.<\/p>\n\n\n\n<p>Gabarito: Correta<\/p>\n\n\n\n<p><strong>Q \u2013 113 \u2013 O fato de uma pessoa natural ter contribu\u00eddo&#8230;<\/strong><\/p>\n\n\n\n<p>Coment\u00e1rio:<\/p>\n\n\n\n<p><em>Art. 1.160. A sociedade an\u00f4nima opera sob denomina\u00e7\u00e3o designativa do objeto social, integrada pelas express\u00f5es &#8220;sociedade an\u00f4nima&#8221; ou &#8220;companhia&#8221;, por extenso ou abreviadamente.<\/em><\/p>\n\n\n\n<p><em>Par\u00e1grafo \u00fanico. Pode constar da denomina\u00e7\u00e3o o nome do fundador, acionista, ou pessoa que haja concorrido para o bom \u00eaxito da forma\u00e7\u00e3o da empresa.<\/em><\/p>\n\n\n\n<p>Essa situa\u00e7\u00e3o em que o fundador contribuiu com o bom \u00eaxito da sociedade serve sim como justificativa para constar no nome empresarial do tipo denomina\u00e7\u00e3o.<\/p>\n\n\n\n<p>Gabarito: Errada<\/p>\n\n\n\n<p><strong>Q \u2013 114 \u2013 Situa\u00e7\u00e3o hipot\u00e9tica: Determinado grupo econ\u00f4mico&#8230;<\/strong><\/p>\n\n\n\n<p>Coment\u00e1rio:<\/p>\n\n\n\n<p>A primeira situa\u00e7\u00e3o configura a transforma\u00e7\u00e3o, art. 1.113 do CC<\/p>\n\n\n\n<p>A segunda situa\u00e7\u00e3o descreve uma fus\u00e3o de acordo com o previsto no art. 1.119 do CC e 228 da Lei das S.A<\/p>\n\n\n\n<p>Terceira situa\u00e7\u00e3o est\u00e1 prevista na Lei das Sociedades An\u00f4nimas como cis\u00e3o 229 da Lei das S.A. A cis\u00e3o \u00e9 total, pois divide toda a sociedade e \u00e9 pura, pois a doutrina assim atribui \u00e0s cis\u00f5es que acarretam surgimento de novas sociedades.<\/p>\n\n\n\n<p>Gabarito: Correta<\/p>\n\n\n\n<p><strong>Q \u2013 115 \u2013 Consoante orienta\u00e7\u00e3o do Superior Tribunal de Justi\u00e7a&#8230;.<\/strong><\/p>\n\n\n\n<p>Coment\u00e1rio:<\/p>\n\n\n\n<p><em>PROCESSO REsp 1.839.078-SP, Rel. Min. Paulo de Tarso Sanseverino, Terceira Turma, por unanimidade, julgado em 09\/03\/2021, DJe 26\/03\/2021. RAMO DO DIREITO DIREITO EMPRESARIAL<\/em><\/p>\n\n\n\n<p><em>DESTAQUE &#8211; \u00c9 direito do s\u00f3cio retirar-se imotivadamente de sociedade limitada regida de forma supletiva pelas normas da sociedade an\u00f4nima.<\/em><\/p>\n\n\n\n<p><em>4. Caso concreto em que, ainda que o contrato social tenha optado pela reg\u00eancia supletiva da Lei n. 6.404\/76, h\u00e1 direito potestativo de retirada imotivada do s\u00f3cio na sociedade limitada em quest\u00e3o.<\/em><\/p>\n\n\n\n<p>Isso mesmo, o s\u00f3cio pode se retirar ainda que imotivadamente desse tipo de sociedade limitada regida supletivamente pela lei das S.A.<\/p>\n\n\n\n<p>Gabarito: Correta<\/p>\n\n\n\n<p><strong>Q \u2013 116 \u2013 Pessoa natural que integre cargo de conselheiro fiscal&#8230;<\/strong><\/p>\n\n\n\n<p>Coment\u00e1rio:<\/p>\n\n\n\n<p><em>Lei 6.404 &#8211; Art. 146.&nbsp; Poder\u00e3o ser eleitas para membros dos \u00f3rg\u00e3os de administra\u00e7\u00e3o pessoas naturais, devendo os diretores ser residentes no Pa\u00eds.<\/em><\/p>\n\n\n\n<p><em>\u00a7 3o O conselheiro deve ter reputa\u00e7\u00e3o ilibada, n\u00e3o podendo ser eleito, salvo dispensa da assembl\u00e9ia-geral, aquele que:<\/em><\/p>\n\n\n\n<p><em>I &#8211; ocupar cargos em sociedades que possam ser consideradas concorrentes no mercado, em especial, em conselhos consultivos, de administra\u00e7\u00e3o ou fiscal; e<\/em><\/p>\n\n\n\n<p><em>II &#8211; tiver interesse conflitante com a sociedade.&nbsp;&nbsp;&nbsp;&nbsp;&nbsp;&nbsp;&nbsp;&nbsp;&nbsp;&nbsp;&nbsp;&nbsp;&nbsp;&nbsp;&nbsp;&nbsp;&nbsp;&nbsp;&nbsp;&nbsp;&nbsp;<\/em><\/p>\n\n\n\n<p>Se conselheiro ocupa posi\u00e7\u00e3o em conselho fiscal de sociedade concorrente, n\u00e3o poder\u00e1 exercer cargo no conselho da outra.<\/p>\n\n\n\n<p>Gabarito: Correta<\/p>\n\n\n\n<p><strong><span class=\"has-inline-color has-vivid-red-color\">RECURSO:<\/span><\/strong><\/p>\n\n\n\n<p>Na quest\u00e3o 116 foi divulgado o gabarito como sendo ERRADA.<\/p>\n\n\n\n<p>Por\u00e9m, esse gabarito n\u00e3o deve prevalecer. A quest\u00e3o n\u00e3o tem nenhum erro e o gabarito deveria ser alterado para CERTA ou anulada caso haja alguma diverg\u00eancia insuper\u00e1vel.<\/p>\n\n\n\n<p>A quest\u00e3o diz que uma pessoa que j\u00e1 exer\u00e7a cargo de conselheiro fiscal em uma sociedade an\u00f4nima <strong>N\u00c3O poder\u00e1<\/strong> ser eleita como conselheira de \u00f3rg\u00e3o de administra\u00e7\u00e3o de uma outra sociedade an\u00f4nima aberta que possa ser <strong>considerada concorrente<\/strong>.<\/p>\n\n\n\n<p>At\u00e9 essa parte do enunciado pode-se afirmar que a quest\u00e3o est\u00e1 totalmente de acordo com a previs\u00e3o legal da Lei 6.404 de 1976 em seu inciso I do par\u00e1grafo 3\u00ba do artigo 147 dispondo que n\u00e3o poder\u00e1 ser eleito como conselheiro de uma sociedade an\u00f4nima aquela pessoa que j\u00e1 ocupe cargo em conselho fiscal de uma sociedade considerada concorrente.<\/p>\n\n\n\n<p><em>Lei 6.404 &#8211; Art. 147 &#8211; \u00a7 3o O conselheiro deve ter reputa\u00e7\u00e3o ilibada, n\u00e3o podendo ser eleito, salvo dispensa da assembl\u00e9ia-geral, aquele que: (Inclu\u00eddo pela Lei n\u00ba 10.303, de 2001)<\/em><\/p>\n\n\n\n<p><em>I &#8211; ocupar cargos em sociedades que possam ser consideradas concorrentes no mercado, em especial, em conselhos consultivos, de administra\u00e7\u00e3o ou fiscal; e (Inclu\u00eddo pela Lei n\u00ba 10.303, de 2001)<\/em><\/p>\n\n\n\n<p>Conclus\u00e3o, realmente, pela lei e pelo que est\u00e1 corretamente descrito no enunciado da quest\u00e3o, a pessoa natural que seja conselheira fiscal de uma sociedade concorrente n\u00e3o pode ser eleita como conselheira de administra\u00e7\u00e3o dessa outra sociedade.<\/p>\n\n\n\n<p>Al\u00e9m disso, ao final da quest\u00e3o \u00e9 dito que ser\u00e1 sim poss\u00edvel essa elei\u00e7\u00e3o se a sociedade dispensar essa inelegibilidade por meio de assembleia geral e \u00e9 exatamente a mesma exce\u00e7\u00e3o que consta na lei, pois o caput do par\u00e1grafo 3\u00ba do artigo 147 da lei 6.404 diz que n\u00e3o poder\u00e1 ser eleito, <strong>SALVO dispensa da assembleia-geral<\/strong>. Ent\u00e3o, h\u00e1 uma conformidade entre a previs\u00e3o da lei e o que est\u00e1 dito na quest\u00e3o em todos os aspectos. Portanto, o gabarito deve ser alterado para CERTA ou pelo menos que se anule a quest\u00e3o.<\/p>\n\n\n\n<hr class=\"wp-block-separator\"\/>\n","protected":false},"excerpt":{"rendered":"<p>Fala pessoal. Sou Professor Cadu Carrilho, ministro aulas de Direito Empresarial e quero compartilhar com voc\u00eas meus palpites para o gabarito extraoficial das quest\u00f5es de Direito Empresarial que v\u00e3o da 109 a 116. Alerta! Vamos ficar atentos em rela\u00e7\u00e3o a essa mat\u00e9ria, muita gente abre m\u00e3o de estudar por n\u00e3o a considerar t\u00e3o importante. N\u00e3o [&hellip;]<\/p>\n","protected":false},"author":1498,"featured_media":836804,"comment_status":"open","ping_status":"closed","sticky":false,"template":"","format":"standard","meta":{"post_tipo":"article","footnotes":""},"categories":[1983],"tags":[8,661],"tax_estado":[219969],"class_list":["post-836796","post","type-post","status-publish","format-standard","has-post-thumbnail","hentry","category-fiscal-estadual","tag-recurso","tag-recursos","tax_estado-ce"],"acf":[],"yoast_head":"<!-- This site is optimized with the Yoast SEO Premium plugin v27.2 (Yoast SEO v27.2) - https:\/\/yoast.com\/product\/yoast-seo-premium-wordpress\/ -->\n<title>Gabarito Extraoficial SEFAZ CE - Direito Empresarial (Com Recurso!)<\/title>\n<meta name=\"description\" content=\"Confira neste artigo o gabarito extraoficial e a corre\u00e7\u00e3o da prova de Direito Empresarial do concurso SEFAZ CE,\" \/>\n<meta name=\"robots\" content=\"index, follow, max-snippet:-1, max-image-preview:large, max-video-preview:-1\" \/>\n<link rel=\"canonical\" href=\"https:\/\/www.estrategiaconcursos.com.br\/blog\/gabarito-extraoficial-sefaz-ce-direito-empresarial\/\" \/>\n<meta property=\"og:locale\" content=\"pt_BR\" \/>\n<meta property=\"og:type\" content=\"article\" \/>\n<meta property=\"og:title\" content=\"Gabarito Extraoficial SEFAZ CE - Direito Empresarial (Com Recurso!)\" \/>\n<meta property=\"og:description\" content=\"Confira neste artigo o gabarito extraoficial e a corre\u00e7\u00e3o da prova de Direito Empresarial do concurso SEFAZ CE,\" \/>\n<meta property=\"og:url\" content=\"https:\/\/www.estrategiaconcursos.com.br\/blog\/gabarito-extraoficial-sefaz-ce-direito-empresarial\/\" \/>\n<meta property=\"og:site_name\" content=\"Estrat\u00e9gia Concursos\" \/>\n<meta property=\"article:published_time\" content=\"2021-08-15T21:19:01+00:00\" \/>\n<meta property=\"article:modified_time\" content=\"2021-08-19T19:58:00+00:00\" \/>\n<meta property=\"og:image\" content=\"https:\/\/dhg1h5j42swfq.cloudfront.net\/2021\/08\/15181814\/sefaz-ce_2-1024x536-1-1.jpg\" \/>\n\t<meta property=\"og:image:width\" content=\"1024\" \/>\n\t<meta property=\"og:image:height\" content=\"536\" \/>\n\t<meta property=\"og:image:type\" content=\"image\/jpeg\" \/>\n<meta name=\"author\" content=\"Cadu Carrilho\" \/>\n<meta name=\"twitter:card\" content=\"summary_large_image\" \/>\n<meta name=\"twitter:creator\" content=\"@EstratConcursos\" \/>\n<meta name=\"twitter:site\" content=\"@EstratConcursos\" \/>\n<meta name=\"twitter:label1\" content=\"Escrito por\" \/>\n\t<meta name=\"twitter:data1\" content=\"Cadu Carrilho\" \/>\n\t<meta name=\"twitter:label2\" content=\"Est. tempo de leitura\" \/>\n\t<meta name=\"twitter:data2\" content=\"5 minutos\" \/>\n<script type=\"application\/ld+json\" class=\"yoast-schema-graph\">{\"@context\":\"https:\/\/schema.org\",\"@graph\":[{\"@type\":\"NewsArticle\",\"@id\":\"https:\/\/www.estrategiaconcursos.com.br\/blog\/gabarito-extraoficial-sefaz-ce-direito-empresarial\/#article\",\"isPartOf\":{\"@id\":\"https:\/\/www.estrategiaconcursos.com.br\/blog\/gabarito-extraoficial-sefaz-ce-direito-empresarial\/\"},\"author\":{\"name\":\"Cadu Carrilho\",\"@id\":\"https:\/\/www.estrategiaconcursos.com.br\/blog\/#\/schema\/person\/44bf67d2b23741c4e62be18bd5c80d21\"},\"headline\":\"Gabarito Extraoficial SEFAZ CE &#8211; Direito Empresarial (Com Recurso!)\",\"datePublished\":\"2021-08-15T21:19:01+00:00\",\"dateModified\":\"2021-08-19T19:58:00+00:00\",\"mainEntityOfPage\":{\"@id\":\"https:\/\/www.estrategiaconcursos.com.br\/blog\/gabarito-extraoficial-sefaz-ce-direito-empresarial\/\"},\"wordCount\":1096,\"commentCount\":0,\"publisher\":{\"@id\":\"https:\/\/www.estrategiaconcursos.com.br\/blog\/#organization\"},\"image\":{\"@id\":\"https:\/\/www.estrategiaconcursos.com.br\/blog\/gabarito-extraoficial-sefaz-ce-direito-empresarial\/#primaryimage\"},\"thumbnailUrl\":\"https:\/\/dhg1h5j42swfq.cloudfront.net\/2021\/08\/15181814\/sefaz-ce_2-1024x536-1-1.jpg\",\"keywords\":[\"Recurso\",\"Recursos\"],\"articleSection\":[\"Fiscal - Estadual (ICMS)\"],\"inLanguage\":\"pt-BR\",\"potentialAction\":[{\"@type\":\"CommentAction\",\"name\":\"Comment\",\"target\":[\"https:\/\/www.estrategiaconcursos.com.br\/blog\/gabarito-extraoficial-sefaz-ce-direito-empresarial\/#respond\"]}],\"copyrightYear\":\"2021\",\"copyrightHolder\":{\"@id\":\"https:\/\/www.estrategiaconcursos.com.br\/blog\/#organization\"}},{\"@type\":\"WebPage\",\"@id\":\"https:\/\/www.estrategiaconcursos.com.br\/blog\/gabarito-extraoficial-sefaz-ce-direito-empresarial\/\",\"url\":\"https:\/\/www.estrategiaconcursos.com.br\/blog\/gabarito-extraoficial-sefaz-ce-direito-empresarial\/\",\"name\":\"Gabarito Extraoficial SEFAZ CE - Direito Empresarial (Com Recurso!)\",\"isPartOf\":{\"@id\":\"https:\/\/www.estrategiaconcursos.com.br\/blog\/#website\"},\"primaryImageOfPage\":{\"@id\":\"https:\/\/www.estrategiaconcursos.com.br\/blog\/gabarito-extraoficial-sefaz-ce-direito-empresarial\/#primaryimage\"},\"image\":{\"@id\":\"https:\/\/www.estrategiaconcursos.com.br\/blog\/gabarito-extraoficial-sefaz-ce-direito-empresarial\/#primaryimage\"},\"thumbnailUrl\":\"https:\/\/dhg1h5j42swfq.cloudfront.net\/2021\/08\/15181814\/sefaz-ce_2-1024x536-1-1.jpg\",\"datePublished\":\"2021-08-15T21:19:01+00:00\",\"dateModified\":\"2021-08-19T19:58:00+00:00\",\"description\":\"Confira neste artigo o gabarito extraoficial e a corre\u00e7\u00e3o da prova de Direito Empresarial do concurso SEFAZ CE,\",\"breadcrumb\":{\"@id\":\"https:\/\/www.estrategiaconcursos.com.br\/blog\/gabarito-extraoficial-sefaz-ce-direito-empresarial\/#breadcrumb\"},\"inLanguage\":\"pt-BR\",\"potentialAction\":[{\"@type\":\"ReadAction\",\"target\":[\"https:\/\/www.estrategiaconcursos.com.br\/blog\/gabarito-extraoficial-sefaz-ce-direito-empresarial\/\"]}]},{\"@type\":\"ImageObject\",\"inLanguage\":\"pt-BR\",\"@id\":\"https:\/\/www.estrategiaconcursos.com.br\/blog\/gabarito-extraoficial-sefaz-ce-direito-empresarial\/#primaryimage\",\"url\":\"https:\/\/dhg1h5j42swfq.cloudfront.net\/2021\/08\/15181814\/sefaz-ce_2-1024x536-1-1.jpg\",\"contentUrl\":\"https:\/\/dhg1h5j42swfq.cloudfront.net\/2021\/08\/15181814\/sefaz-ce_2-1024x536-1-1.jpg\",\"width\":1024,\"height\":536,\"caption\":\"Concurso Sefaz CE LOAF\"},{\"@type\":\"BreadcrumbList\",\"@id\":\"https:\/\/www.estrategiaconcursos.com.br\/blog\/gabarito-extraoficial-sefaz-ce-direito-empresarial\/#breadcrumb\",\"itemListElement\":[{\"@type\":\"ListItem\",\"position\":1,\"name\":\"In\u00edcio\",\"item\":\"https:\/\/www.estrategiaconcursos.com.br\/blog\/\"},{\"@type\":\"ListItem\",\"position\":2,\"name\":\"Gabarito Extraoficial SEFAZ CE &#8211; Direito Empresarial (Com Recurso!)\"}]},{\"@type\":\"WebSite\",\"@id\":\"https:\/\/www.estrategiaconcursos.com.br\/blog\/#website\",\"url\":\"https:\/\/www.estrategiaconcursos.com.br\/blog\/\",\"name\":\"Estrat\u00e9gia Concursos\",\"description\":\"O blog da Estrat\u00e9gia Concursos traz not\u00edcias sobre concursos e artigos de professores oferecendo cursos para concursos (pdf + videaulas) no site.\",\"publisher\":{\"@id\":\"https:\/\/www.estrategiaconcursos.com.br\/blog\/#organization\"},\"potentialAction\":[{\"@type\":\"SearchAction\",\"target\":{\"@type\":\"EntryPoint\",\"urlTemplate\":\"https:\/\/www.estrategiaconcursos.com.br\/blog\/?s={search_term_string}\"},\"query-input\":{\"@type\":\"PropertyValueSpecification\",\"valueRequired\":true,\"valueName\":\"search_term_string\"}}],\"inLanguage\":\"pt-BR\"},{\"@type\":\"Organization\",\"@id\":\"https:\/\/www.estrategiaconcursos.com.br\/blog\/#organization\",\"name\":\"Estrat\u00e9gia Concursos\",\"url\":\"https:\/\/www.estrategiaconcursos.com.br\/blog\/\",\"logo\":{\"@type\":\"ImageObject\",\"inLanguage\":\"pt-BR\",\"@id\":\"https:\/\/www.estrategiaconcursos.com.br\/blog\/#\/schema\/logo\/image\/\",\"url\":\"https:\/\/dhg1h5j42swfq.cloudfront.net\/2025\/06\/03203428\/logo_concursos-1.jpg\",\"contentUrl\":\"https:\/\/dhg1h5j42swfq.cloudfront.net\/2025\/06\/03203428\/logo_concursos-1.jpg\",\"width\":230,\"height\":60,\"caption\":\"Estrat\u00e9gia Concursos\"},\"image\":{\"@id\":\"https:\/\/www.estrategiaconcursos.com.br\/blog\/#\/schema\/logo\/image\/\"},\"sameAs\":[\"https:\/\/x.com\/EstratConcursos\"]},{\"@type\":\"Person\",\"@id\":\"https:\/\/www.estrategiaconcursos.com.br\/blog\/#\/schema\/person\/44bf67d2b23741c4e62be18bd5c80d21\",\"name\":\"Cadu Carrilho\",\"image\":{\"@type\":\"ImageObject\",\"inLanguage\":\"pt-BR\",\"@id\":\"https:\/\/secure.gravatar.com\/avatar\/a676c976d42c7909b81d88fe75596227b0d98ad3f4b879321175984fad7ad76e?s=96&d=mm&r=g\",\"url\":\"https:\/\/secure.gravatar.com\/avatar\/a676c976d42c7909b81d88fe75596227b0d98ad3f4b879321175984fad7ad76e?s=96&d=mm&r=g\",\"contentUrl\":\"https:\/\/secure.gravatar.com\/avatar\/a676c976d42c7909b81d88fe75596227b0d98ad3f4b879321175984fad7ad76e?s=96&d=mm&r=g\",\"caption\":\"Cadu Carrilho\"},\"url\":\"https:\/\/www.estrategiaconcursos.com.br\/blog\/author\/caducarrilhohotmail-com\/\"}]}<\/script>\n<!-- \/ Yoast SEO Premium plugin. -->","yoast_head_json":{"title":"Gabarito Extraoficial SEFAZ CE - Direito Empresarial (Com Recurso!)","description":"Confira neste artigo o gabarito extraoficial e a corre\u00e7\u00e3o da prova de Direito Empresarial do concurso SEFAZ CE,","robots":{"index":"index","follow":"follow","max-snippet":"max-snippet:-1","max-image-preview":"max-image-preview:large","max-video-preview":"max-video-preview:-1"},"canonical":"https:\/\/www.estrategiaconcursos.com.br\/blog\/gabarito-extraoficial-sefaz-ce-direito-empresarial\/","og_locale":"pt_BR","og_type":"article","og_title":"Gabarito Extraoficial SEFAZ CE - Direito Empresarial (Com Recurso!)","og_description":"Confira neste artigo o gabarito extraoficial e a corre\u00e7\u00e3o da prova de Direito Empresarial do concurso SEFAZ CE,","og_url":"https:\/\/www.estrategiaconcursos.com.br\/blog\/gabarito-extraoficial-sefaz-ce-direito-empresarial\/","og_site_name":"Estrat\u00e9gia Concursos","article_published_time":"2021-08-15T21:19:01+00:00","article_modified_time":"2021-08-19T19:58:00+00:00","og_image":[{"width":1024,"height":536,"url":"https:\/\/dhg1h5j42swfq.cloudfront.net\/2021\/08\/15181814\/sefaz-ce_2-1024x536-1-1.jpg","type":"image\/jpeg"}],"author":"Cadu Carrilho","twitter_card":"summary_large_image","twitter_creator":"@EstratConcursos","twitter_site":"@EstratConcursos","twitter_misc":{"Escrito por":"Cadu Carrilho","Est. tempo de leitura":"5 minutos"},"schema":{"@context":"https:\/\/schema.org","@graph":[{"@type":"NewsArticle","@id":"https:\/\/www.estrategiaconcursos.com.br\/blog\/gabarito-extraoficial-sefaz-ce-direito-empresarial\/#article","isPartOf":{"@id":"https:\/\/www.estrategiaconcursos.com.br\/blog\/gabarito-extraoficial-sefaz-ce-direito-empresarial\/"},"author":{"name":"Cadu Carrilho","@id":"https:\/\/www.estrategiaconcursos.com.br\/blog\/#\/schema\/person\/44bf67d2b23741c4e62be18bd5c80d21"},"headline":"Gabarito Extraoficial SEFAZ CE &#8211; Direito Empresarial (Com Recurso!)","datePublished":"2021-08-15T21:19:01+00:00","dateModified":"2021-08-19T19:58:00+00:00","mainEntityOfPage":{"@id":"https:\/\/www.estrategiaconcursos.com.br\/blog\/gabarito-extraoficial-sefaz-ce-direito-empresarial\/"},"wordCount":1096,"commentCount":0,"publisher":{"@id":"https:\/\/www.estrategiaconcursos.com.br\/blog\/#organization"},"image":{"@id":"https:\/\/www.estrategiaconcursos.com.br\/blog\/gabarito-extraoficial-sefaz-ce-direito-empresarial\/#primaryimage"},"thumbnailUrl":"https:\/\/dhg1h5j42swfq.cloudfront.net\/2021\/08\/15181814\/sefaz-ce_2-1024x536-1-1.jpg","keywords":["Recurso","Recursos"],"articleSection":["Fiscal - Estadual (ICMS)"],"inLanguage":"pt-BR","potentialAction":[{"@type":"CommentAction","name":"Comment","target":["https:\/\/www.estrategiaconcursos.com.br\/blog\/gabarito-extraoficial-sefaz-ce-direito-empresarial\/#respond"]}],"copyrightYear":"2021","copyrightHolder":{"@id":"https:\/\/www.estrategiaconcursos.com.br\/blog\/#organization"}},{"@type":"WebPage","@id":"https:\/\/www.estrategiaconcursos.com.br\/blog\/gabarito-extraoficial-sefaz-ce-direito-empresarial\/","url":"https:\/\/www.estrategiaconcursos.com.br\/blog\/gabarito-extraoficial-sefaz-ce-direito-empresarial\/","name":"Gabarito Extraoficial SEFAZ CE - Direito Empresarial (Com Recurso!)","isPartOf":{"@id":"https:\/\/www.estrategiaconcursos.com.br\/blog\/#website"},"primaryImageOfPage":{"@id":"https:\/\/www.estrategiaconcursos.com.br\/blog\/gabarito-extraoficial-sefaz-ce-direito-empresarial\/#primaryimage"},"image":{"@id":"https:\/\/www.estrategiaconcursos.com.br\/blog\/gabarito-extraoficial-sefaz-ce-direito-empresarial\/#primaryimage"},"thumbnailUrl":"https:\/\/dhg1h5j42swfq.cloudfront.net\/2021\/08\/15181814\/sefaz-ce_2-1024x536-1-1.jpg","datePublished":"2021-08-15T21:19:01+00:00","dateModified":"2021-08-19T19:58:00+00:00","description":"Confira neste artigo o gabarito extraoficial e a corre\u00e7\u00e3o da prova de Direito Empresarial do concurso SEFAZ CE,","breadcrumb":{"@id":"https:\/\/www.estrategiaconcursos.com.br\/blog\/gabarito-extraoficial-sefaz-ce-direito-empresarial\/#breadcrumb"},"inLanguage":"pt-BR","potentialAction":[{"@type":"ReadAction","target":["https:\/\/www.estrategiaconcursos.com.br\/blog\/gabarito-extraoficial-sefaz-ce-direito-empresarial\/"]}]},{"@type":"ImageObject","inLanguage":"pt-BR","@id":"https:\/\/www.estrategiaconcursos.com.br\/blog\/gabarito-extraoficial-sefaz-ce-direito-empresarial\/#primaryimage","url":"https:\/\/dhg1h5j42swfq.cloudfront.net\/2021\/08\/15181814\/sefaz-ce_2-1024x536-1-1.jpg","contentUrl":"https:\/\/dhg1h5j42swfq.cloudfront.net\/2021\/08\/15181814\/sefaz-ce_2-1024x536-1-1.jpg","width":1024,"height":536,"caption":"Concurso Sefaz CE LOAF"},{"@type":"BreadcrumbList","@id":"https:\/\/www.estrategiaconcursos.com.br\/blog\/gabarito-extraoficial-sefaz-ce-direito-empresarial\/#breadcrumb","itemListElement":[{"@type":"ListItem","position":1,"name":"In\u00edcio","item":"https:\/\/www.estrategiaconcursos.com.br\/blog\/"},{"@type":"ListItem","position":2,"name":"Gabarito Extraoficial SEFAZ CE &#8211; Direito Empresarial (Com Recurso!)"}]},{"@type":"WebSite","@id":"https:\/\/www.estrategiaconcursos.com.br\/blog\/#website","url":"https:\/\/www.estrategiaconcursos.com.br\/blog\/","name":"Estrat\u00e9gia Concursos","description":"O blog da Estrat\u00e9gia Concursos traz not\u00edcias sobre concursos e artigos de professores oferecendo cursos para concursos (pdf + videaulas) no site.","publisher":{"@id":"https:\/\/www.estrategiaconcursos.com.br\/blog\/#organization"},"potentialAction":[{"@type":"SearchAction","target":{"@type":"EntryPoint","urlTemplate":"https:\/\/www.estrategiaconcursos.com.br\/blog\/?s={search_term_string}"},"query-input":{"@type":"PropertyValueSpecification","valueRequired":true,"valueName":"search_term_string"}}],"inLanguage":"pt-BR"},{"@type":"Organization","@id":"https:\/\/www.estrategiaconcursos.com.br\/blog\/#organization","name":"Estrat\u00e9gia Concursos","url":"https:\/\/www.estrategiaconcursos.com.br\/blog\/","logo":{"@type":"ImageObject","inLanguage":"pt-BR","@id":"https:\/\/www.estrategiaconcursos.com.br\/blog\/#\/schema\/logo\/image\/","url":"https:\/\/dhg1h5j42swfq.cloudfront.net\/2025\/06\/03203428\/logo_concursos-1.jpg","contentUrl":"https:\/\/dhg1h5j42swfq.cloudfront.net\/2025\/06\/03203428\/logo_concursos-1.jpg","width":230,"height":60,"caption":"Estrat\u00e9gia Concursos"},"image":{"@id":"https:\/\/www.estrategiaconcursos.com.br\/blog\/#\/schema\/logo\/image\/"},"sameAs":["https:\/\/x.com\/EstratConcursos"]},{"@type":"Person","@id":"https:\/\/www.estrategiaconcursos.com.br\/blog\/#\/schema\/person\/44bf67d2b23741c4e62be18bd5c80d21","name":"Cadu Carrilho","image":{"@type":"ImageObject","inLanguage":"pt-BR","@id":"https:\/\/secure.gravatar.com\/avatar\/a676c976d42c7909b81d88fe75596227b0d98ad3f4b879321175984fad7ad76e?s=96&d=mm&r=g","url":"https:\/\/secure.gravatar.com\/avatar\/a676c976d42c7909b81d88fe75596227b0d98ad3f4b879321175984fad7ad76e?s=96&d=mm&r=g","contentUrl":"https:\/\/secure.gravatar.com\/avatar\/a676c976d42c7909b81d88fe75596227b0d98ad3f4b879321175984fad7ad76e?s=96&d=mm&r=g","caption":"Cadu Carrilho"},"url":"https:\/\/www.estrategiaconcursos.com.br\/blog\/author\/caducarrilhohotmail-com\/"}]}},"_links":{"self":[{"href":"https:\/\/www.estrategiaconcursos.com.br\/blog\/wp-json\/wp\/v2\/posts\/836796","targetHints":{"allow":["GET"]}}],"collection":[{"href":"https:\/\/www.estrategiaconcursos.com.br\/blog\/wp-json\/wp\/v2\/posts"}],"about":[{"href":"https:\/\/www.estrategiaconcursos.com.br\/blog\/wp-json\/wp\/v2\/types\/post"}],"author":[{"embeddable":true,"href":"https:\/\/www.estrategiaconcursos.com.br\/blog\/wp-json\/wp\/v2\/users\/1498"}],"replies":[{"embeddable":true,"href":"https:\/\/www.estrategiaconcursos.com.br\/blog\/wp-json\/wp\/v2\/comments?post=836796"}],"version-history":[{"count":3,"href":"https:\/\/www.estrategiaconcursos.com.br\/blog\/wp-json\/wp\/v2\/posts\/836796\/revisions"}],"predecessor-version":[{"id":840836,"href":"https:\/\/www.estrategiaconcursos.com.br\/blog\/wp-json\/wp\/v2\/posts\/836796\/revisions\/840836"}],"wp:featuredmedia":[{"embeddable":true,"href":"https:\/\/www.estrategiaconcursos.com.br\/blog\/wp-json\/wp\/v2\/media\/836804"}],"wp:attachment":[{"href":"https:\/\/www.estrategiaconcursos.com.br\/blog\/wp-json\/wp\/v2\/media?parent=836796"}],"wp:term":[{"taxonomy":"category","embeddable":true,"href":"https:\/\/www.estrategiaconcursos.com.br\/blog\/wp-json\/wp\/v2\/categories?post=836796"},{"taxonomy":"post_tag","embeddable":true,"href":"https:\/\/www.estrategiaconcursos.com.br\/blog\/wp-json\/wp\/v2\/tags?post=836796"},{"taxonomy":"tax_estado","embeddable":true,"href":"https:\/\/www.estrategiaconcursos.com.br\/blog\/wp-json\/wp\/v2\/tax_estado?post=836796"}],"curies":[{"name":"wp","href":"https:\/\/api.w.org\/{rel}","templated":true}]}}